{"id":59479,"date":"2025-05-26T15:27:01","date_gmt":"2025-05-26T18:27:01","guid":{"rendered":"https:\/\/jornalfatosenoticias.com.br\/?p=59479"},"modified":"2025-05-26T15:27:02","modified_gmt":"2025-05-26T18:27:02","slug":"bafo-de-onca-de-onde-vem-esse-termo-curioso","status":"publish","type":"post","link":"https:\/\/jornalfatosenoticias.com.br\/index.php\/2025\/05\/26\/bafo-de-onca-de-onde-vem-esse-termo-curioso\/","title":{"rendered":"\u201cBafo de on\u00e7a\u201d: de onde vem esse termo curioso?"},"content":{"rendered":"\n<p><em><span class=\"has-inline-color has-black-color\">Segundo especialista, as express\u00f5es &#8216;bafo de on\u00e7a&#8217; ou &#8216;catinga de on\u00e7a&#8217; n\u00e3o se referem literalmente ao h\u00e1lito do animal<\/span><\/em><\/p>\n\n\n\n<p><span class=\"has-inline-color has-black-color\">Por <strong>Portal Amaz\u00f4nia\/Segredos do Mundo<\/strong><\/span><\/p>\n\n\n\n<div class=\"wp-block-image\"><figure class=\"aligncenter size-large\"><a href=\"http:\/\/www.ferrarimaquinas.com.br\/\"><img loading=\"lazy\" decoding=\"async\" width=\"1024\" height=\"100\" src=\"https:\/\/jornalfatosenoticias.com.br\/wp-content\/uploads\/2020\/02\/banner_ferramentas-1024x100.jpg\" alt=\"\" class=\"wp-image-1258\" srcset=\"https:\/\/jornalfatosenoticias.com.br\/wp-content\/uploads\/2020\/02\/banner_ferramentas-1024x100.jpg 1024w, https:\/\/jornalfatosenoticias.com.br\/wp-content\/uploads\/2020\/02\/banner_ferramentas-300x29.jpg 300w, https:\/\/jornalfatosenoticias.com.br\/wp-content\/uploads\/2020\/02\/banner_ferramentas-768x75.jpg 768w, https:\/\/jornalfatosenoticias.com.br\/wp-content\/uploads\/2020\/02\/banner_ferramentas.jpg 1227w\" sizes=\"auto, (max-width: 1024px) 100vw, 1024px\" \/><\/a><\/figure><\/div>\n\n\n\n<p>Voc\u00ea provavelmente j\u00e1 ouviu algu\u00e9m usar a express\u00e3o \u201cbafo de on\u00e7a\u201d para se referir a um cheiro forte e desagrad\u00e1vel. Mas voc\u00ea sabia que essa express\u00e3o tem ra\u00edzes reais na biologia da on\u00e7a-pintada (<em>Panthera onca<\/em>), um dos maiores predadores da fauna brasileira?<br>Para entender a origem desse termo, o bi\u00f3logo Rog\u00e9rio Fonseca, doutor em Ecologia, Conserva\u00e7\u00e3o e Manejo de Vida Silvestre explica que as express\u00f5es \u2018bafo de on\u00e7a\u2019 ou \u2018catinga de on\u00e7a\u2019 n\u00e3o se referem literalmente ao h\u00e1lito do animal, mas sim ao forte odor que ele exala \u2014 resultado de comportamentos ligados \u00e0 marca\u00e7\u00e3o territorial. \u201cA on\u00e7a \u00e9 um animal extremamente territorial. Ela marca os locais por onde passa n\u00e3o apenas com urina, mas tamb\u00e9m esfregando os \u00f3rg\u00e3os reprodutivos, as costas e at\u00e9 mesmo as patas, que tamb\u00e9m exalam odores\u201d, explica o bi\u00f3logo.<\/p>\n\n\n\n<div class=\"wp-block-image\"><figure class=\"aligncenter size-large is-resized\"><a href=\"https:\/\/www.facebook.com\/profile.php?id=100069289606145\"><img loading=\"lazy\" decoding=\"async\" src=\"https:\/\/jornalfatosenoticias.com.br\/wp-content\/uploads\/2024\/11\/Guaitolini-Contabilidade-1024x714.jpeg\" alt=\"\" class=\"wp-image-55808\" width=\"373\" height=\"260\" srcset=\"https:\/\/jornalfatosenoticias.com.br\/wp-content\/uploads\/2024\/11\/Guaitolini-Contabilidade-1024x714.jpeg 1024w, https:\/\/jornalfatosenoticias.com.br\/wp-content\/uploads\/2024\/11\/Guaitolini-Contabilidade-300x209.jpeg 300w, https:\/\/jornalfatosenoticias.com.br\/wp-content\/uploads\/2024\/11\/Guaitolini-Contabilidade-768x535.jpeg 768w, https:\/\/jornalfatosenoticias.com.br\/wp-content\/uploads\/2024\/11\/Guaitolini-Contabilidade.jpeg 1280w\" sizes=\"auto, (max-width: 373px) 100vw, 373px\" \/><\/a><\/figure><\/div>\n\n\n\n<p>E os comportamentos curiosos n\u00e3o param por a\u00ed. O pesquisador ainda revelou que h\u00e1 registros de on\u00e7as interagindo com leguminosas fermentadas, como uma esp\u00e9cie de \u2018marula amaz\u00f4nica\u2019 \u2014 fazendo uma compara\u00e7\u00e3o com a fruta africana que provoca efeitos de embriaguez em alguns animais.<\/p>\n\n\n\n<div class=\"wp-block-image\"><figure class=\"aligncenter size-large is-resized\"><a href=\"https:\/\/www.facebook.com\/postobkr\/?locale=pt_BR\"><img loading=\"lazy\" decoding=\"async\" src=\"https:\/\/jornalfatosenoticias.com.br\/wp-content\/uploads\/2023\/08\/BKR-1024x1021.jpg\" alt=\"\" class=\"wp-image-44494\" width=\"324\" height=\"323\" srcset=\"https:\/\/jornalfatosenoticias.com.br\/wp-content\/uploads\/2023\/08\/BKR-1024x1021.jpg 1024w, https:\/\/jornalfatosenoticias.com.br\/wp-content\/uploads\/2023\/08\/BKR-300x300.jpg 300w, https:\/\/jornalfatosenoticias.com.br\/wp-content\/uploads\/2023\/08\/BKR-150x150.jpg 150w, https:\/\/jornalfatosenoticias.com.br\/wp-content\/uploads\/2023\/08\/BKR-768x766.jpg 768w, https:\/\/jornalfatosenoticias.com.br\/wp-content\/uploads\/2023\/08\/BKR.jpg 1080w\" sizes=\"auto, (max-width: 324px) 100vw, 324px\" \/><\/a><\/figure><\/div>\n\n\n\n<p>\u201cInd\u00edgenas, ribeirinhos e at\u00e9 pesquisadores j\u00e1 observaram on\u00e7as visitando \u00e1rvores com leguminosas grandes. A fermenta\u00e7\u00e3o desses frutos pode produzir algo parecido com \u00e1lcool, e h\u00e1 relatos de que os felinos parecem gostar\u201d, contou Fonseca, destacando que estudos est\u00e3o sendo realizados para comprovar cientificamente esse comportamento.<\/p>\n\n\n\n<div class=\"wp-block-image\"><figure class=\"aligncenter size-large is-resized\"><a href=\"https:\/\/www.instagram.com\/restaurantepegoretti\/\"><img loading=\"lazy\" decoding=\"async\" src=\"https:\/\/jornalfatosenoticias.com.br\/wp-content\/uploads\/2023\/12\/pegoretti-logo-pdf-1024x389.jpg\" alt=\"\" class=\"wp-image-47536\" width=\"509\" height=\"193\" srcset=\"https:\/\/jornalfatosenoticias.com.br\/wp-content\/uploads\/2023\/12\/pegoretti-logo-pdf-1024x389.jpg 1024w, https:\/\/jornalfatosenoticias.com.br\/wp-content\/uploads\/2023\/12\/pegoretti-logo-pdf-300x114.jpg 300w, https:\/\/jornalfatosenoticias.com.br\/wp-content\/uploads\/2023\/12\/pegoretti-logo-pdf-768x291.jpg 768w, https:\/\/jornalfatosenoticias.com.br\/wp-content\/uploads\/2023\/12\/pegoretti-logo-pdf.jpg 1120w\" sizes=\"auto, (max-width: 509px) 100vw, 509px\" \/><\/a><\/figure><\/div>\n\n\n\n<p>Em suma, a express\u00e3o bafo de on\u00e7a \u00e9 proveniente do pr\u00f3prio animal. Pois, a on\u00e7a costuma se sujar bastante ao devorar as suas presas. Assim sendo, ela acaba desenvolvendo um cheiro marcante, forte e ruim, podendo ser percebido de longe. Por isso, esse termo \u00e9 usado para se referir a algu\u00e9m que possui um mau h\u00e1lito.<\/p>\n\n\n\n<div class=\"wp-block-image\"><figure class=\"aligncenter size-large is-resized\"><a href=\"https:\/\/www.instagram.com\/rcradiadores\/\"><img loading=\"lazy\" decoding=\"async\" src=\"https:\/\/jornalfatosenoticias.com.br\/wp-content\/uploads\/2022\/10\/RC_800x750_page-0001.jpg\" alt=\"\" class=\"wp-image-35338\" width=\"278\" height=\"261\" srcset=\"https:\/\/jornalfatosenoticias.com.br\/wp-content\/uploads\/2022\/10\/RC_800x750_page-0001.jpg 400w, https:\/\/jornalfatosenoticias.com.br\/wp-content\/uploads\/2022\/10\/RC_800x750_page-0001-300x281.jpg 300w\" sizes=\"auto, (max-width: 278px) 100vw, 278px\" \/><\/a><\/figure><\/div>\n\n\n\n<p>Em teoria, a express\u00e3o popular bafo de on\u00e7a \u00e9 proveniente apenas do felino. Pois, a on\u00e7a \u00e9 um animal carn\u00edvoro que se suja muito ao devorar a sua presa. Desse modo, a on\u00e7a possui um cheiro forte que pode ser percebido \u00e0 dist\u00e2ncia. Ademais, a express\u00e3o surgiu da\u00ed, onde pessoas com mau h\u00e1lito s\u00e3o comparadas com o bafo de on\u00e7a.<\/p>\n\n\n\n<div class=\"wp-block-image\"><figure class=\"aligncenter size-large is-resized\"><a href=\"https:\/\/www.facebook.com\/vetor.vix\/\"><img loading=\"lazy\" decoding=\"async\" src=\"https:\/\/jornalfatosenoticias.com.br\/wp-content\/uploads\/2023\/09\/vetorvix1024_1.jpg\" alt=\"\" class=\"wp-image-44868\" width=\"561\" height=\"149\" srcset=\"https:\/\/jornalfatosenoticias.com.br\/wp-content\/uploads\/2023\/09\/vetorvix1024_1.jpg 1024w, https:\/\/jornalfatosenoticias.com.br\/wp-content\/uploads\/2023\/09\/vetorvix1024_1-300x80.jpg 300w, https:\/\/jornalfatosenoticias.com.br\/wp-content\/uploads\/2023\/09\/vetorvix1024_1-768x205.jpg 768w\" sizes=\"auto, (max-width: 561px) 100vw, 561px\" \/><\/a><\/figure><\/div>\n","protected":false},"excerpt":{"rendered":"<p>Segundo especialista, as express\u00f5es &#8216;bafo de on\u00e7a&#8217; ou &#8216;catinga de on\u00e7a&#8217; n\u00e3o se referem literalmente ao h\u00e1lito do animal Por Portal Amaz\u00f4nia\/Segredos do Mundo Voc\u00ea provavelmente j\u00e1 ouviu algu\u00e9m usar a express\u00e3o \u201cbafo de on\u00e7a\u201d para se referir a um cheiro forte e desagrad\u00e1vel. Mas voc\u00ea sabia que essa express\u00e3o tem ra\u00edzes reais na biologia [&hellip;]<\/p>\n","protected":false},"author":2,"featured_media":59480,"comment_status":"open","ping_status":"open","sticky":false,"template":"","format":"standard","meta":{"footnotes":""},"categories":[5],"tags":[123,27165,27164,6284,1896,945,970,2535],"class_list":["post-59479","post","type-post","status-publish","format-standard","has-post-thumbnail","hentry","category-geral","tag-amazonia","tag-bafo","tag-bafo-de-onca","tag-curiosidade","tag-floresta-amazonica","tag-meio-ambiente","tag-onca-pintada","tag-vida-silvestre"],"yoast_head":"<!-- This site is optimized with the Yoast SEO plugin v26.5 - https:\/\/yoast.com\/wordpress\/plugins\/seo\/ -->\n<title>\u201cBafo de on\u00e7a\u201d: de onde vem esse termo curioso? - Jornal Fatos e Not\u00edcias<\/title>\n<meta name=\"robots\" content=\"index, follow, max-snippet:-1, max-image-preview:large, max-video-preview:-1\" \/>\n<link rel=\"canonical\" href=\"https:\/\/jornalfatosenoticias.com.br\/index.php\/2025\/05\/26\/bafo-de-onca-de-onde-vem-esse-termo-curioso\/\" \/>\n<meta property=\"og:locale\" content=\"pt_BR\" \/>\n<meta property=\"og:type\" content=\"article\" \/>\n<meta property=\"og:title\" content=\"\u201cBafo de on\u00e7a\u201d: de onde vem esse termo curioso? - Jornal Fatos e Not\u00edcias\" \/>\n<meta property=\"og:description\" content=\"Segundo especialista, as express\u00f5es &#8216;bafo de on\u00e7a&#8217; ou &#8216;catinga de on\u00e7a&#8217; n\u00e3o se referem literalmente ao h\u00e1lito do animal Por Portal Amaz\u00f4nia\/Segredos do Mundo Voc\u00ea provavelmente j\u00e1 ouviu algu\u00e9m usar a express\u00e3o \u201cbafo de on\u00e7a\u201d para se referir a um cheiro forte e desagrad\u00e1vel. Mas voc\u00ea sabia que essa express\u00e3o tem ra\u00edzes reais na biologia [&hellip;]\" \/>\n<meta property=\"og:url\" content=\"https:\/\/jornalfatosenoticias.com.br\/index.php\/2025\/05\/26\/bafo-de-onca-de-onde-vem-esse-termo-curioso\/\" \/>\n<meta property=\"og:site_name\" content=\"Jornal Fatos e Not\u00edcias\" \/>\n<meta property=\"article:published_time\" content=\"2025-05-26T18:27:01+00:00\" \/>\n<meta property=\"article:modified_time\" content=\"2025-05-26T18:27:02+00:00\" \/>\n<meta property=\"og:image\" content=\"https:\/\/jornalfatosenoticias.com.br\/wp-content\/uploads\/2025\/05\/bafo-de-onca-curiosidade_istock.jpg\" \/>\n\t<meta property=\"og:image:width\" content=\"1000\" \/>\n\t<meta property=\"og:image:height\" content=\"571\" \/>\n\t<meta property=\"og:image:type\" content=\"image\/jpeg\" \/>\n<meta name=\"author\" content=\"Luzimara Fernandes\" \/>\n<meta name=\"twitter:card\" content=\"summary_large_image\" \/>\n<meta name=\"twitter:label1\" content=\"Escrito por\" \/>\n\t<meta name=\"twitter:data1\" content=\"Luzimara Fernandes\" \/>\n\t<meta name=\"twitter:label2\" content=\"Est. tempo de leitura\" \/>\n\t<meta name=\"twitter:data2\" content=\"2 minutos\" \/>\n<script type=\"application\/ld+json\" class=\"yoast-schema-graph\">{\"@context\":\"https:\/\/schema.org\",\"@graph\":[{\"@type\":\"Article\",\"@id\":\"https:\/\/jornalfatosenoticias.com.br\/index.php\/2025\/05\/26\/bafo-de-onca-de-onde-vem-esse-termo-curioso\/#article\",\"isPartOf\":{\"@id\":\"https:\/\/jornalfatosenoticias.com.br\/index.php\/2025\/05\/26\/bafo-de-onca-de-onde-vem-esse-termo-curioso\/\"},\"author\":{\"name\":\"Luzimara Fernandes\",\"@id\":\"https:\/\/jornalfatosenoticias.com.br\/#\/schema\/person\/d63837fa13ac8666eb9e74e0985d6f81\"},\"headline\":\"\u201cBafo de on\u00e7a\u201d: de onde vem esse termo curioso?\",\"datePublished\":\"2025-05-26T18:27:01+00:00\",\"dateModified\":\"2025-05-26T18:27:02+00:00\",\"mainEntityOfPage\":{\"@id\":\"https:\/\/jornalfatosenoticias.com.br\/index.php\/2025\/05\/26\/bafo-de-onca-de-onde-vem-esse-termo-curioso\/\"},\"wordCount\":417,\"commentCount\":0,\"publisher\":{\"@id\":\"https:\/\/jornalfatosenoticias.com.br\/#organization\"},\"image\":{\"@id\":\"https:\/\/jornalfatosenoticias.com.br\/index.php\/2025\/05\/26\/bafo-de-onca-de-onde-vem-esse-termo-curioso\/#primaryimage\"},\"thumbnailUrl\":\"https:\/\/jornalfatosenoticias.com.br\/wp-content\/uploads\/2025\/05\/bafo-de-onca-curiosidade_istock.jpg\",\"keywords\":[\"amaz\u00f4nia\",\"bafo\",\"bafo de on\u00e7a\",\"curiosidade\",\"floresta amaz\u00f4nica\",\"meio ambiente\",\"on\u00e7a-pintada\",\"vida silvestre\"],\"articleSection\":[\"Geral\"],\"inLanguage\":\"pt-BR\",\"potentialAction\":[{\"@type\":\"CommentAction\",\"name\":\"Comment\",\"target\":[\"https:\/\/jornalfatosenoticias.com.br\/index.php\/2025\/05\/26\/bafo-de-onca-de-onde-vem-esse-termo-curioso\/#respond\"]}]},{\"@type\":\"WebPage\",\"@id\":\"https:\/\/jornalfatosenoticias.com.br\/index.php\/2025\/05\/26\/bafo-de-onca-de-onde-vem-esse-termo-curioso\/\",\"url\":\"https:\/\/jornalfatosenoticias.com.br\/index.php\/2025\/05\/26\/bafo-de-onca-de-onde-vem-esse-termo-curioso\/\",\"name\":\"\u201cBafo de on\u00e7a\u201d: de onde vem esse termo curioso? - Jornal Fatos e Not\u00edcias\",\"isPartOf\":{\"@id\":\"https:\/\/jornalfatosenoticias.com.br\/#website\"},\"primaryImageOfPage\":{\"@id\":\"https:\/\/jornalfatosenoticias.com.br\/index.php\/2025\/05\/26\/bafo-de-onca-de-onde-vem-esse-termo-curioso\/#primaryimage\"},\"image\":{\"@id\":\"https:\/\/jornalfatosenoticias.com.br\/index.php\/2025\/05\/26\/bafo-de-onca-de-onde-vem-esse-termo-curioso\/#primaryimage\"},\"thumbnailUrl\":\"https:\/\/jornalfatosenoticias.com.br\/wp-content\/uploads\/2025\/05\/bafo-de-onca-curiosidade_istock.jpg\",\"datePublished\":\"2025-05-26T18:27:01+00:00\",\"dateModified\":\"2025-05-26T18:27:02+00:00\",\"breadcrumb\":{\"@id\":\"https:\/\/jornalfatosenoticias.com.br\/index.php\/2025\/05\/26\/bafo-de-onca-de-onde-vem-esse-termo-curioso\/#breadcrumb\"},\"inLanguage\":\"pt-BR\",\"potentialAction\":[{\"@type\":\"ReadAction\",\"target\":[\"https:\/\/jornalfatosenoticias.com.br\/index.php\/2025\/05\/26\/bafo-de-onca-de-onde-vem-esse-termo-curioso\/\"]}]},{\"@type\":\"ImageObject\",\"inLanguage\":\"pt-BR\",\"@id\":\"https:\/\/jornalfatosenoticias.com.br\/index.php\/2025\/05\/26\/bafo-de-onca-de-onde-vem-esse-termo-curioso\/#primaryimage\",\"url\":\"https:\/\/jornalfatosenoticias.com.br\/wp-content\/uploads\/2025\/05\/bafo-de-onca-curiosidade_istock.jpg\",\"contentUrl\":\"https:\/\/jornalfatosenoticias.com.br\/wp-content\/uploads\/2025\/05\/bafo-de-onca-curiosidade_istock.jpg\",\"width\":1000,\"height\":571},{\"@type\":\"BreadcrumbList\",\"@id\":\"https:\/\/jornalfatosenoticias.com.br\/index.php\/2025\/05\/26\/bafo-de-onca-de-onde-vem-esse-termo-curioso\/#breadcrumb\",\"itemListElement\":[{\"@type\":\"ListItem\",\"position\":1,\"name\":\"In\u00edcio\",\"item\":\"https:\/\/jornalfatosenoticias.com.br\/\"},{\"@type\":\"ListItem\",\"position\":2,\"name\":\"\u201cBafo de on\u00e7a\u201d: de onde vem esse termo curioso?\"}]},{\"@type\":\"WebSite\",\"@id\":\"https:\/\/jornalfatosenoticias.com.br\/#website\",\"url\":\"https:\/\/jornalfatosenoticias.com.br\/\",\"name\":\"Jornal Fatos e Not\u00edcias\",\"description\":\"Not\u00edcias em geral\",\"publisher\":{\"@id\":\"https:\/\/jornalfatosenoticias.com.br\/#organization\"},\"potentialAction\":[{\"@type\":\"SearchAction\",\"target\":{\"@type\":\"EntryPoint\",\"urlTemplate\":\"https:\/\/jornalfatosenoticias.com.br\/?s={search_term_string}\"},\"query-input\":{\"@type\":\"PropertyValueSpecification\",\"valueRequired\":true,\"valueName\":\"search_term_string\"}}],\"inLanguage\":\"pt-BR\"},{\"@type\":\"Organization\",\"@id\":\"https:\/\/jornalfatosenoticias.com.br\/#organization\",\"name\":\"Jornal Fatos e Not\u00edcias\",\"url\":\"https:\/\/jornalfatosenoticias.com.br\/\",\"logo\":{\"@type\":\"ImageObject\",\"inLanguage\":\"pt-BR\",\"@id\":\"https:\/\/jornalfatosenoticias.com.br\/#\/schema\/logo\/image\/\",\"url\":\"https:\/\/jornalfatosenoticias.com.br\/wp-content\/uploads\/2020\/02\/logo120.png\",\"contentUrl\":\"https:\/\/jornalfatosenoticias.com.br\/wp-content\/uploads\/2020\/02\/logo120.png\",\"width\":1227,\"height\":120,\"caption\":\"Jornal Fatos e Not\u00edcias\"},\"image\":{\"@id\":\"https:\/\/jornalfatosenoticias.com.br\/#\/schema\/logo\/image\/\"}},{\"@type\":\"Person\",\"@id\":\"https:\/\/jornalfatosenoticias.com.br\/#\/schema\/person\/d63837fa13ac8666eb9e74e0985d6f81\",\"name\":\"Luzimara Fernandes\",\"image\":{\"@type\":\"ImageObject\",\"inLanguage\":\"pt-BR\",\"@id\":\"https:\/\/jornalfatosenoticias.com.br\/#\/schema\/person\/image\/\",\"url\":\"https:\/\/jornalfatosenoticias.com.br\/wp-content\/uploads\/2025\/05\/EU_portal.jpg\",\"contentUrl\":\"https:\/\/jornalfatosenoticias.com.br\/wp-content\/uploads\/2025\/05\/EU_portal.jpg\",\"caption\":\"Luzimara Fernandes\"},\"description\":\"Jornalista MTB 2358-ES\",\"sameAs\":[\"https:\/\/jornalfatosenoticias.com.br\"],\"url\":\"https:\/\/jornalfatosenoticias.com.br\/index.php\/author\/luzimara\/\"}]}<\/script>\n<!-- \/ Yoast SEO plugin. -->","yoast_head_json":{"title":"\u201cBafo de on\u00e7a\u201d: de onde vem esse termo curioso? - Jornal Fatos e Not\u00edcias","robots":{"index":"index","follow":"follow","max-snippet":"max-snippet:-1","max-image-preview":"max-image-preview:large","max-video-preview":"max-video-preview:-1"},"canonical":"https:\/\/jornalfatosenoticias.com.br\/index.php\/2025\/05\/26\/bafo-de-onca-de-onde-vem-esse-termo-curioso\/","og_locale":"pt_BR","og_type":"article","og_title":"\u201cBafo de on\u00e7a\u201d: de onde vem esse termo curioso? - Jornal Fatos e Not\u00edcias","og_description":"Segundo especialista, as express\u00f5es &#8216;bafo de on\u00e7a&#8217; ou &#8216;catinga de on\u00e7a&#8217; n\u00e3o se referem literalmente ao h\u00e1lito do animal Por Portal Amaz\u00f4nia\/Segredos do Mundo Voc\u00ea provavelmente j\u00e1 ouviu algu\u00e9m usar a express\u00e3o \u201cbafo de on\u00e7a\u201d para se referir a um cheiro forte e desagrad\u00e1vel. Mas voc\u00ea sabia que essa express\u00e3o tem ra\u00edzes reais na biologia [&hellip;]","og_url":"https:\/\/jornalfatosenoticias.com.br\/index.php\/2025\/05\/26\/bafo-de-onca-de-onde-vem-esse-termo-curioso\/","og_site_name":"Jornal Fatos e Not\u00edcias","article_published_time":"2025-05-26T18:27:01+00:00","article_modified_time":"2025-05-26T18:27:02+00:00","og_image":[{"width":1000,"height":571,"url":"https:\/\/jornalfatosenoticias.com.br\/wp-content\/uploads\/2025\/05\/bafo-de-onca-curiosidade_istock.jpg","type":"image\/jpeg"}],"author":"Luzimara Fernandes","twitter_card":"summary_large_image","twitter_misc":{"Escrito por":"Luzimara Fernandes","Est. tempo de leitura":"2 minutos"},"schema":{"@context":"https:\/\/schema.org","@graph":[{"@type":"Article","@id":"https:\/\/jornalfatosenoticias.com.br\/index.php\/2025\/05\/26\/bafo-de-onca-de-onde-vem-esse-termo-curioso\/#article","isPartOf":{"@id":"https:\/\/jornalfatosenoticias.com.br\/index.php\/2025\/05\/26\/bafo-de-onca-de-onde-vem-esse-termo-curioso\/"},"author":{"name":"Luzimara Fernandes","@id":"https:\/\/jornalfatosenoticias.com.br\/#\/schema\/person\/d63837fa13ac8666eb9e74e0985d6f81"},"headline":"\u201cBafo de on\u00e7a\u201d: de onde vem esse termo curioso?","datePublished":"2025-05-26T18:27:01+00:00","dateModified":"2025-05-26T18:27:02+00:00","mainEntityOfPage":{"@id":"https:\/\/jornalfatosenoticias.com.br\/index.php\/2025\/05\/26\/bafo-de-onca-de-onde-vem-esse-termo-curioso\/"},"wordCount":417,"commentCount":0,"publisher":{"@id":"https:\/\/jornalfatosenoticias.com.br\/#organization"},"image":{"@id":"https:\/\/jornalfatosenoticias.com.br\/index.php\/2025\/05\/26\/bafo-de-onca-de-onde-vem-esse-termo-curioso\/#primaryimage"},"thumbnailUrl":"https:\/\/jornalfatosenoticias.com.br\/wp-content\/uploads\/2025\/05\/bafo-de-onca-curiosidade_istock.jpg","keywords":["amaz\u00f4nia","bafo","bafo de on\u00e7a","curiosidade","floresta amaz\u00f4nica","meio ambiente","on\u00e7a-pintada","vida silvestre"],"articleSection":["Geral"],"inLanguage":"pt-BR","potentialAction":[{"@type":"CommentAction","name":"Comment","target":["https:\/\/jornalfatosenoticias.com.br\/index.php\/2025\/05\/26\/bafo-de-onca-de-onde-vem-esse-termo-curioso\/#respond"]}]},{"@type":"WebPage","@id":"https:\/\/jornalfatosenoticias.com.br\/index.php\/2025\/05\/26\/bafo-de-onca-de-onde-vem-esse-termo-curioso\/","url":"https:\/\/jornalfatosenoticias.com.br\/index.php\/2025\/05\/26\/bafo-de-onca-de-onde-vem-esse-termo-curioso\/","name":"\u201cBafo de on\u00e7a\u201d: de onde vem esse termo curioso? - Jornal Fatos e Not\u00edcias","isPartOf":{"@id":"https:\/\/jornalfatosenoticias.com.br\/#website"},"primaryImageOfPage":{"@id":"https:\/\/jornalfatosenoticias.com.br\/index.php\/2025\/05\/26\/bafo-de-onca-de-onde-vem-esse-termo-curioso\/#primaryimage"},"image":{"@id":"https:\/\/jornalfatosenoticias.com.br\/index.php\/2025\/05\/26\/bafo-de-onca-de-onde-vem-esse-termo-curioso\/#primaryimage"},"thumbnailUrl":"https:\/\/jornalfatosenoticias.com.br\/wp-content\/uploads\/2025\/05\/bafo-de-onca-curiosidade_istock.jpg","datePublished":"2025-05-26T18:27:01+00:00","dateModified":"2025-05-26T18:27:02+00:00","breadcrumb":{"@id":"https:\/\/jornalfatosenoticias.com.br\/index.php\/2025\/05\/26\/bafo-de-onca-de-onde-vem-esse-termo-curioso\/#breadcrumb"},"inLanguage":"pt-BR","potentialAction":[{"@type":"ReadAction","target":["https:\/\/jornalfatosenoticias.com.br\/index.php\/2025\/05\/26\/bafo-de-onca-de-onde-vem-esse-termo-curioso\/"]}]},{"@type":"ImageObject","inLanguage":"pt-BR","@id":"https:\/\/jornalfatosenoticias.com.br\/index.php\/2025\/05\/26\/bafo-de-onca-de-onde-vem-esse-termo-curioso\/#primaryimage","url":"https:\/\/jornalfatosenoticias.com.br\/wp-content\/uploads\/2025\/05\/bafo-de-onca-curiosidade_istock.jpg","contentUrl":"https:\/\/jornalfatosenoticias.com.br\/wp-content\/uploads\/2025\/05\/bafo-de-onca-curiosidade_istock.jpg","width":1000,"height":571},{"@type":"BreadcrumbList","@id":"https:\/\/jornalfatosenoticias.com.br\/index.php\/2025\/05\/26\/bafo-de-onca-de-onde-vem-esse-termo-curioso\/#breadcrumb","itemListElement":[{"@type":"ListItem","position":1,"name":"In\u00edcio","item":"https:\/\/jornalfatosenoticias.com.br\/"},{"@type":"ListItem","position":2,"name":"\u201cBafo de on\u00e7a\u201d: de onde vem esse termo curioso?"}]},{"@type":"WebSite","@id":"https:\/\/jornalfatosenoticias.com.br\/#website","url":"https:\/\/jornalfatosenoticias.com.br\/","name":"Jornal Fatos e Not\u00edcias","description":"Not\u00edcias em geral","publisher":{"@id":"https:\/\/jornalfatosenoticias.com.br\/#organization"},"potentialAction":[{"@type":"SearchAction","target":{"@type":"EntryPoint","urlTemplate":"https:\/\/jornalfatosenoticias.com.br\/?s={search_term_string}"},"query-input":{"@type":"PropertyValueSpecification","valueRequired":true,"valueName":"search_term_string"}}],"inLanguage":"pt-BR"},{"@type":"Organization","@id":"https:\/\/jornalfatosenoticias.com.br\/#organization","name":"Jornal Fatos e Not\u00edcias","url":"https:\/\/jornalfatosenoticias.com.br\/","logo":{"@type":"ImageObject","inLanguage":"pt-BR","@id":"https:\/\/jornalfatosenoticias.com.br\/#\/schema\/logo\/image\/","url":"https:\/\/jornalfatosenoticias.com.br\/wp-content\/uploads\/2020\/02\/logo120.png","contentUrl":"https:\/\/jornalfatosenoticias.com.br\/wp-content\/uploads\/2020\/02\/logo120.png","width":1227,"height":120,"caption":"Jornal Fatos e Not\u00edcias"},"image":{"@id":"https:\/\/jornalfatosenoticias.com.br\/#\/schema\/logo\/image\/"}},{"@type":"Person","@id":"https:\/\/jornalfatosenoticias.com.br\/#\/schema\/person\/d63837fa13ac8666eb9e74e0985d6f81","name":"Luzimara Fernandes","image":{"@type":"ImageObject","inLanguage":"pt-BR","@id":"https:\/\/jornalfatosenoticias.com.br\/#\/schema\/person\/image\/","url":"https:\/\/jornalfatosenoticias.com.br\/wp-content\/uploads\/2025\/05\/EU_portal.jpg","contentUrl":"https:\/\/jornalfatosenoticias.com.br\/wp-content\/uploads\/2025\/05\/EU_portal.jpg","caption":"Luzimara Fernandes"},"description":"Jornalista MTB 2358-ES","sameAs":["https:\/\/jornalfatosenoticias.com.br"],"url":"https:\/\/jornalfatosenoticias.com.br\/index.php\/author\/luzimara\/"}]}},"cc_featured_image_caption":{"caption_text":"(Foto: iStock)","source_text":"","source_url":""},"jetpack_featured_media_url":"https:\/\/jornalfatosenoticias.com.br\/wp-content\/uploads\/2025\/05\/bafo-de-onca-curiosidade_istock.jpg","_links":{"self":[{"href":"https:\/\/jornalfatosenoticias.com.br\/index.php\/wp-json\/wp\/v2\/posts\/59479","targetHints":{"allow":["GET"]}}],"collection":[{"href":"https:\/\/jornalfatosenoticias.com.br\/index.php\/wp-json\/wp\/v2\/posts"}],"about":[{"href":"https:\/\/jornalfatosenoticias.com.br\/index.php\/wp-json\/wp\/v2\/types\/post"}],"author":[{"embeddable":true,"href":"https:\/\/jornalfatosenoticias.com.br\/index.php\/wp-json\/wp\/v2\/users\/2"}],"replies":[{"embeddable":true,"href":"https:\/\/jornalfatosenoticias.com.br\/index.php\/wp-json\/wp\/v2\/comments?post=59479"}],"version-history":[{"count":0,"href":"https:\/\/jornalfatosenoticias.com.br\/index.php\/wp-json\/wp\/v2\/posts\/59479\/revisions"}],"wp:featuredmedia":[{"embeddable":true,"href":"https:\/\/jornalfatosenoticias.com.br\/index.php\/wp-json\/wp\/v2\/media\/59480"}],"wp:attachment":[{"href":"https:\/\/jornalfatosenoticias.com.br\/index.php\/wp-json\/wp\/v2\/media?parent=59479"}],"wp:term":[{"taxonomy":"category","embeddable":true,"href":"https:\/\/jornalfatosenoticias.com.br\/index.php\/wp-json\/wp\/v2\/categories?post=59479"},{"taxonomy":"post_tag","embeddable":true,"href":"https:\/\/jornalfatosenoticias.com.br\/index.php\/wp-json\/wp\/v2\/tags?post=59479"}],"curies":[{"name":"wp","href":"https:\/\/api.w.org\/{rel}","templated":true}]}}