{"id":59494,"date":"2025-05-26T16:40:49","date_gmt":"2025-05-26T19:40:49","guid":{"rendered":"https:\/\/jornalfatosenoticias.com.br\/?p=59494"},"modified":"2025-05-26T16:40:50","modified_gmt":"2025-05-26T19:40:50","slug":"pacote-de-r-51-bilhoes-escancara-faz-de-conta-das-financas-do-governo-lula","status":"publish","type":"post","link":"https:\/\/jornalfatosenoticias.com.br\/index.php\/2025\/05\/26\/pacote-de-r-51-bilhoes-escancara-faz-de-conta-das-financas-do-governo-lula\/","title":{"rendered":"Pacote de R$ 51 bilh\u00f5es escancara \u201cfaz de conta\u201d das finan\u00e7as do governo Lula"},"content":{"rendered":"\n<p><em><span class=\"has-inline-color has-black-color\">Ministro da Fazenda, Fernando Haddad, e Lula  (PT): pacote de R$ 51 bilh\u00f5es para fechar Or\u00e7amento<\/span><\/em><\/p>\n\n\n\n<p><span class=\"has-inline-color has-black-color\">Por <strong><a href=\"https:\/\/www.gazetadopovo.com.br\/autor\/rose-amantea\/\">Rose Amant\u00e9a<\/a><\/strong><\/span><\/p>\n\n\n\n<div class=\"wp-block-image\"><figure class=\"aligncenter size-large\"><a href=\"https:\/\/mizu.com.br\/\"><img loading=\"lazy\" decoding=\"async\" width=\"729\" height=\"90\" src=\"https:\/\/jornalfatosenoticias.com.br\/wp-content\/uploads\/2020\/02\/Logo_Mizu.png\" alt=\"\" class=\"wp-image-1441\" srcset=\"https:\/\/jornalfatosenoticias.com.br\/wp-content\/uploads\/2020\/02\/Logo_Mizu.png 729w, https:\/\/jornalfatosenoticias.com.br\/wp-content\/uploads\/2020\/02\/Logo_Mizu-300x37.png 300w\" sizes=\"auto, (max-width: 729px) 100vw, 729px\" \/><\/a><\/figure><\/div>\n\n\n\n<p>A necessidade de um pacote de R$ 51 bilh\u00f5es, anunciado pelo governo de Luiz In\u00e1cio Lula da Silva (PT) para fechar o rombo das contas p\u00fablicas, demonstra que o Or\u00e7amento da Uni\u00e3o de 2025, aprovado em abril pelo Congresso, est\u00e1 distante da realidade da gest\u00e3o or\u00e7ament\u00e1ria.<br>O valor corresponde ao total de bloqueios e contingenciamentos necess\u00e1rios para o cumprimento da meta fiscal, de R$ 31,3 bilh\u00f5es \u2014 discriminados no Relat\u00f3rio de Avalia\u00e7\u00e3o de Receitas e Despesas Prim\u00e1rias (RARDP) \u2014 somado \u00e0 receita adicional de R$ 20,5 bilh\u00f5es proveniente do aumento do Imposto sobre Opera\u00e7\u00f5es Financeiras (IOF).<\/p>\n\n\n\n<div class=\"wp-block-image\"><figure class=\"aligncenter size-large is-resized\"><a href=\"https:\/\/www.instagram.com\/restaurantepegoretti\/\"><img loading=\"lazy\" decoding=\"async\" src=\"https:\/\/jornalfatosenoticias.com.br\/wp-content\/uploads\/2023\/12\/pegoretti-logo-pdf-1024x389.jpg\" alt=\"\" class=\"wp-image-47536\" width=\"525\" height=\"199\" srcset=\"https:\/\/jornalfatosenoticias.com.br\/wp-content\/uploads\/2023\/12\/pegoretti-logo-pdf-1024x389.jpg 1024w, https:\/\/jornalfatosenoticias.com.br\/wp-content\/uploads\/2023\/12\/pegoretti-logo-pdf-300x114.jpg 300w, https:\/\/jornalfatosenoticias.com.br\/wp-content\/uploads\/2023\/12\/pegoretti-logo-pdf-768x291.jpg 768w, https:\/\/jornalfatosenoticias.com.br\/wp-content\/uploads\/2023\/12\/pegoretti-logo-pdf.jpg 1120w\" sizes=\"auto, (max-width: 525px) 100vw, 525px\" \/><\/a><\/figure><\/div>\n\n\n\n<p>As duas medidas foram anunciadas quase simultaneamente na \u00faltima quinta-feira (22), numa estrat\u00e9gia de comunica\u00e7\u00e3o considerada \u201catrapalhada\u201d, que afetou o humor do mercado financeiro. Parte dos agentes econ\u00f4micos avaliou que o congelamento de recursos foi robusto. Na outra ponta, o aumento do IOF por meio de decreto presidencial deixou claro que a trajet\u00f3ria do gasto p\u00fablico \u00e9 crescente e que a estrat\u00e9gia \u00e9 buscar equil\u00edbrio fiscal priorizando o aumento da arrecada\u00e7\u00e3o.<\/p>\n\n\n\n<div class=\"wp-block-image\"><figure class=\"aligncenter size-large is-resized\"><a href=\"https:\/\/www.ithbrasil.com.br\/\"><img loading=\"lazy\" decoding=\"async\" src=\"https:\/\/jornalfatosenoticias.com.br\/wp-content\/uploads\/2023\/08\/ITH.jpeg\" alt=\"\" class=\"wp-image-44638\" width=\"296\" height=\"241\" srcset=\"https:\/\/jornalfatosenoticias.com.br\/wp-content\/uploads\/2023\/08\/ITH.jpeg 800w, https:\/\/jornalfatosenoticias.com.br\/wp-content\/uploads\/2023\/08\/ITH-300x244.jpeg 300w, https:\/\/jornalfatosenoticias.com.br\/wp-content\/uploads\/2023\/08\/ITH-768x624.jpeg 768w\" sizes=\"auto, (max-width: 296px) 100vw, 296px\" \/><\/a><\/figure><\/div>\n\n\n\n<blockquote class=\"wp-block-quote is-layout-flow wp-block-quote-is-layout-flow\"><p><span class=\"has-inline-color has-luminous-vivid-orange-color\">O problema \u00e9 que o or\u00e7amento j\u00e1 havia sido muito irreal no momento da aprova\u00e7\u00e3o\u201d, afirma Rafael Prado, economista da GO Associados. \u201cComo sempre, superestimando receitas e subestimando despesas. Da\u00ed precisaram lan\u00e7ar m\u00e3o do aumento do IOF\u201d.<\/span><\/p><\/blockquote>\n\n\n\n<div class=\"wp-block-image\"><figure class=\"aligncenter size-large is-resized\"><a href=\"https:\/\/www.instagram.com\/gruposei\/\"><img loading=\"lazy\" decoding=\"async\" src=\"https:\/\/jornalfatosenoticias.com.br\/wp-content\/uploads\/2022\/07\/Logo-Grupo-SEI.jpg\" alt=\"\" class=\"wp-image-31973\" width=\"425\" height=\"223\" srcset=\"https:\/\/jornalfatosenoticias.com.br\/wp-content\/uploads\/2022\/07\/Logo-Grupo-SEI.jpg 713w, https:\/\/jornalfatosenoticias.com.br\/wp-content\/uploads\/2022\/07\/Logo-Grupo-SEI-300x158.jpg 300w\" sizes=\"auto, (max-width: 425px) 100vw, 425px\" \/><\/a><\/figure><\/div>\n\n\n\n<p>Para Izak Carlos da Silva, especialista do Instituto Millenium e economista-chefe do BDMG, o Or\u00e7amento \u00e9 uma \u201cpe\u00e7a de fic\u00e7\u00e3o, que em alguns momentos tem contornos de uma \u00f3pera, com altos e baixos\u201d. <em><strong>\u201cFoi feito &#8216;para ingl\u00eas ver&#8217;, e todos n\u00f3s sabemos que n\u00e3o ser\u00e1 cumprido, como n\u00e3o foi nos anos anteriores\u201d, diz. \u201cO governo est\u00e1 administrando m\u00eas a m\u00eas, lan\u00e7ando m\u00e3o de instrumentos para aumentar a arrecada\u00e7\u00e3o\u201d.<\/strong><\/em><\/p>\n\n\n\n<div class=\"wp-block-image\"><figure class=\"aligncenter size-large is-resized\"><a href=\"https:\/\/www.instagram.com\/serra4x4cambioautomatico\/\"><img loading=\"lazy\" decoding=\"async\" src=\"https:\/\/jornalfatosenoticias.com.br\/wp-content\/uploads\/2024\/08\/Serra-4x4-1-886x1024.jpg\" alt=\"\" class=\"wp-image-53632\" width=\"319\" height=\"369\" srcset=\"https:\/\/jornalfatosenoticias.com.br\/wp-content\/uploads\/2024\/08\/Serra-4x4-1-886x1024.jpg 886w, https:\/\/jornalfatosenoticias.com.br\/wp-content\/uploads\/2024\/08\/Serra-4x4-1-260x300.jpg 260w, https:\/\/jornalfatosenoticias.com.br\/wp-content\/uploads\/2024\/08\/Serra-4x4-1-768x888.jpg 768w, https:\/\/jornalfatosenoticias.com.br\/wp-content\/uploads\/2024\/08\/Serra-4x4-1.jpg 1181w\" sizes=\"auto, (max-width: 319px) 100vw, 319px\" \/><\/a><\/figure><\/div>\n\n\n\n<p>Ele acredita que o governo precisou fazer um contingenciamento para impedir um \u201cciclo espiral negativo sobre as vari\u00e1veis macroecon\u00f4micas\u201d, como aconteceu em novembro, com a divulga\u00e7\u00e3o conjunta de um pacote de corte de gastos e da isen\u00e7\u00e3o do Imposto de Renda para quem ganha at\u00e9 R$ 5 mil.<br><em><strong>\u201cPor outro lado, fez isso justamente para que possa continuar gastando. Foi necess\u00e1rio contingenciar para viabilizar outro &#8216;jabuti na \u00e1rvore&#8217;, que foi o aumento do IOF, sinalizando que n\u00e3o h\u00e1 nenhuma inten\u00e7\u00e3o de ajustar as contas pelo lado da despesa\u201d, diz.<\/strong><\/em><\/p>\n\n\n\n<div class=\"wp-block-image\"><figure class=\"aligncenter size-large\"><a href=\"http:\/\/www.ferrarimaquinas.com.br\/\"><img loading=\"lazy\" decoding=\"async\" width=\"300\" height=\"250\" src=\"https:\/\/jornalfatosenoticias.com.br\/wp-content\/uploads\/2022\/02\/FERRARI_MAQUINAS-E-FERRAMENTAS2.jpg\" alt=\"\" class=\"wp-image-27860\"\/><\/a><\/figure><\/div>\n\n\n\n<p><strong><span class=\"has-inline-color has-black-color\">Governo recuou apenas de parte do IOF<br><\/span><\/strong>A rea\u00e7\u00e3o negativa dos agentes econ\u00f4micos for\u00e7ou o governo a rever dois pontos sobre o aumento do IOF na mesma noite. Na sexta (23) pela manh\u00e3, o ministro da Fazenda, Fernando Haddad, deu coletiva para informar que seria mantida a al\u00edquota zero de IOF sobre aplica\u00e7\u00f5es de fundos nacionais no exterior \u2014 estrat\u00e9gia comum em produtos multimercado. O decreto previa a cobran\u00e7a de 3,5%.<\/p>\n\n\n\n<div class=\"wp-block-image\"><figure class=\"aligncenter size-large is-resized\"><a href=\"https:\/\/www.controlsystems.com.br\/\"><img loading=\"lazy\" decoding=\"async\" src=\"https:\/\/jornalfatosenoticias.com.br\/wp-content\/uploads\/2020\/02\/CONTROL-CS.jpg\" alt=\"\" class=\"wp-image-44991\" width=\"284\" height=\"340\" srcset=\"https:\/\/jornalfatosenoticias.com.br\/wp-content\/uploads\/2020\/02\/CONTROL-CS.jpg 834w, https:\/\/jornalfatosenoticias.com.br\/wp-content\/uploads\/2020\/02\/CONTROL-CS-250x300.jpg 250w, https:\/\/jornalfatosenoticias.com.br\/wp-content\/uploads\/2020\/02\/CONTROL-CS-768x921.jpg 768w\" sizes=\"auto, (max-width: 284px) 100vw, 284px\" \/><\/a><\/figure><\/div>\n\n\n\n<p>A equipe econ\u00f4mica tamb\u00e9m voltou atr\u00e1s no mesmo aumento da tributa\u00e7\u00e3o de remessas enviadas por contribuintes brasileiros para contas pr\u00f3prias no exterior. Com a mudan\u00e7a, volta a valer a al\u00edquota de 1,1%. O recuo, no entanto, deve reduzir em apenas R$ 2 bilh\u00f5es o montante a ser arrecadado em IOF neste ano. Para 2026, a proje\u00e7\u00e3o de R$ 41 bilh\u00f5es de receita adicional anunciada ser\u00e1 diminu\u00edda em cerca de R$ 4 bilh\u00f5es.<\/p>\n\n\n\n<div class=\"wp-block-image\"><figure class=\"aligncenter size-large is-resized\"><a href=\"https:\/\/www.facebook.com\/profile.php?id=100069289606145\"><img loading=\"lazy\" decoding=\"async\" src=\"https:\/\/jornalfatosenoticias.com.br\/wp-content\/uploads\/2024\/11\/Guaitolini-Contabilidade-1024x714.jpeg\" alt=\"\" class=\"wp-image-55808\" width=\"380\" height=\"265\" srcset=\"https:\/\/jornalfatosenoticias.com.br\/wp-content\/uploads\/2024\/11\/Guaitolini-Contabilidade-1024x714.jpeg 1024w, https:\/\/jornalfatosenoticias.com.br\/wp-content\/uploads\/2024\/11\/Guaitolini-Contabilidade-300x209.jpeg 300w, https:\/\/jornalfatosenoticias.com.br\/wp-content\/uploads\/2024\/11\/Guaitolini-Contabilidade-768x535.jpeg 768w, https:\/\/jornalfatosenoticias.com.br\/wp-content\/uploads\/2024\/11\/Guaitolini-Contabilidade.jpeg 1280w\" sizes=\"auto, (max-width: 380px) 100vw, 380px\" \/><\/a><\/figure><\/div>\n\n\n\n<p>Haddad havia classificado a medida como um ajuste \u201cpontual\u201d. Para o especialista do Millenium, no entanto, o tamanho do pacote surpreendeu. Na forma original, a medida elevaria as receitas anuais com o IOF para quase R$ 110 bilh\u00f5es no pr\u00f3ximo ano, o equivalente a uma alta de 60% sobre o valor arrecadado em 2024, de R$ 68,8 bilh\u00f5es aos cofres federais, em valores corrigidos pela infla\u00e7\u00e3o at\u00e9 dezembro.<\/p>\n\n\n\n<div class=\"wp-block-image\"><figure class=\"aligncenter size-large is-resized\"><a href=\"https:\/\/www.instagram.com\/esteio.churrascaria\/\"><img loading=\"lazy\" decoding=\"async\" src=\"https:\/\/jornalfatosenoticias.com.br\/wp-content\/uploads\/2022\/02\/LOGO-ESTEIO-1024x730.png\" alt=\"\" class=\"wp-image-27942\" width=\"338\" height=\"241\" srcset=\"https:\/\/jornalfatosenoticias.com.br\/wp-content\/uploads\/2022\/02\/LOGO-ESTEIO-1024x730.png 1024w, https:\/\/jornalfatosenoticias.com.br\/wp-content\/uploads\/2022\/02\/LOGO-ESTEIO-300x214.png 300w, https:\/\/jornalfatosenoticias.com.br\/wp-content\/uploads\/2022\/02\/LOGO-ESTEIO-768x548.png 768w, https:\/\/jornalfatosenoticias.com.br\/wp-content\/uploads\/2022\/02\/LOGO-ESTEIO.png 1123w\" sizes=\"auto, (max-width: 338px) 100vw, 338px\" \/><\/a><\/figure><\/div>\n\n\n\n<blockquote class=\"wp-block-quote is-layout-flow wp-block-quote-is-layout-flow\"><p><span class=\"has-inline-color has-luminous-vivid-orange-color\">O governo continua gastando como se n\u00e3o houvesse amanh\u00e3, s\u00f3 que o amanh\u00e3 sempre existe\u201d, constata. \u201cMas antes de chegar o dia de amanh\u00e3, ele vai l\u00e1 e pede para a sociedade dar uma contribui\u00e7\u00e3o maior por meio de impostos para que as contas fechem\u201d.<\/span><\/p><\/blockquote>\n\n\n\n<div class=\"wp-block-image\"><figure class=\"aligncenter size-large is-resized\"><a href=\"https:\/\/www.legisjuris.com.br\/\"><img loading=\"lazy\" decoding=\"async\" src=\"https:\/\/jornalfatosenoticias.com.br\/wp-content\/uploads\/2024\/09\/Legis-Juris-Consultoria_logo.jpg\" alt=\"\" class=\"wp-image-53915\" width=\"525\" height=\"220\" srcset=\"https:\/\/jornalfatosenoticias.com.br\/wp-content\/uploads\/2024\/09\/Legis-Juris-Consultoria_logo.jpg 969w, https:\/\/jornalfatosenoticias.com.br\/wp-content\/uploads\/2024\/09\/Legis-Juris-Consultoria_logo-300x126.jpg 300w, https:\/\/jornalfatosenoticias.com.br\/wp-content\/uploads\/2024\/09\/Legis-Juris-Consultoria_logo-768x322.jpg 768w\" sizes=\"auto, (max-width: 525px) 100vw, 525px\" \/><\/a><\/figure><\/div>\n\n\n\n<p>Apesar do recuo, ele acredita que a medida n\u00e3o est\u00e1 descartada. \u201cO governo n\u00e3o deixa de sinalizar que pretende fazer isso, apenas n\u00e3o conseguiu agora\u201d, diz. \u201cEst\u00e1 avisando ao mercado para se proteger, pois em algum momento pode tentar novamente\u201d.<\/p>\n\n\n\n<div class=\"wp-block-image\"><figure class=\"aligncenter size-large\"><a href=\"https:\/\/www.cesconetto.com.br\/\"><img loading=\"lazy\" decoding=\"async\" width=\"300\" height=\"250\" src=\"https:\/\/jornalfatosenoticias.com.br\/wp-content\/uploads\/2022\/02\/Banner-2.png\" alt=\"\" class=\"wp-image-27877\"\/><\/a><\/figure><\/div>\n\n\n\n<p><strong><span class=\"has-inline-color has-black-color\">Receitas acima, despesas abaixo<br><\/span><\/strong>Na pr\u00e1tica, os n\u00fameros apresentados no primeiro Relat\u00f3rio de Avalia\u00e7\u00e3o de Receitas e Despesas Prim\u00e1rias (RARDP) do ano revelam como as proje\u00e7\u00f5es de arrecada\u00e7\u00e3o se mostraram otimistas, enquanto despesas obrigat\u00f3rias, como previd\u00eancia, benef\u00edcios sociais e folha de pagamento, foram subestimadas.<\/p>\n\n\n\n<div class=\"wp-block-image\"><figure class=\"aligncenter size-large is-resized\"><a href=\"https:\/\/panper.com.br\/\"><img loading=\"lazy\" decoding=\"async\" src=\"https:\/\/jornalfatosenoticias.com.br\/wp-content\/uploads\/2023\/03\/logo-Panper_portal.jpg\" alt=\"\" class=\"wp-image-40208\" width=\"336\" height=\"233\" srcset=\"https:\/\/jornalfatosenoticias.com.br\/wp-content\/uploads\/2023\/03\/logo-Panper_portal.jpg 400w, https:\/\/jornalfatosenoticias.com.br\/wp-content\/uploads\/2023\/03\/logo-Panper_portal-300x208.jpg 300w\" sizes=\"auto, (max-width: 336px) 100vw, 336px\" \/><\/a><\/figure><\/div>\n\n\n\n<p>Em rela\u00e7\u00e3o \u00e0s receitas, a proje\u00e7\u00e3o na Lei Or\u00e7ament\u00e1ria Anual (PLOA 2025) era de R$ 2.930,3 bilh\u00f5es, ou 23,2% do PIB projetado. No entanto, a avalia\u00e7\u00e3o do 2\u00ba bimestre de 2025 indicou que as receitas esperadas s\u00e3o de R$ 2.899,0 bilh\u00f5es, equivalente a 22,8% do PIB. Isso representa uma frustra\u00e7\u00e3o de R$ 31,3 bilh\u00f5es em arrecada\u00e7\u00e3o.<\/p>\n\n\n\n<div class=\"wp-block-image\"><figure class=\"aligncenter size-large is-resized\"><a href=\"https:\/\/hotelmarquetti.com.br\/\"><img loading=\"lazy\" decoding=\"async\" src=\"https:\/\/jornalfatosenoticias.com.br\/wp-content\/uploads\/2020\/02\/LOGO-MQ-1024x680.jpg\" alt=\"\" class=\"wp-image-58299\" width=\"369\" height=\"245\" srcset=\"https:\/\/jornalfatosenoticias.com.br\/wp-content\/uploads\/2020\/02\/LOGO-MQ-1024x680.jpg 1024w, https:\/\/jornalfatosenoticias.com.br\/wp-content\/uploads\/2020\/02\/LOGO-MQ-300x199.jpg 300w, https:\/\/jornalfatosenoticias.com.br\/wp-content\/uploads\/2020\/02\/LOGO-MQ-768x510.jpg 768w, https:\/\/jornalfatosenoticias.com.br\/wp-content\/uploads\/2020\/02\/LOGO-MQ-1536x1020.jpg 1536w, https:\/\/jornalfatosenoticias.com.br\/wp-content\/uploads\/2020\/02\/LOGO-MQ-2048x1360.jpg 2048w\" sizes=\"auto, (max-width: 369px) 100vw, 369px\" \/><\/a><\/figure><\/div>\n\n\n\n<p>J\u00e1 nas despesas, a proje\u00e7\u00e3o do or\u00e7amento era de R$ 2.389,6 bilh\u00f5es, contra um gasto efetivo de R$ 2.415,4 bilh\u00f5es. Ou seja, um acr\u00e9scimo de R$ 25,8 bilh\u00f5es. A principal respons\u00e1vel pela varia\u00e7\u00e3o s\u00e3o as despesas obrigat\u00f3rias do governo, que cresceram R$ 36,4 bilh\u00f5es, passando de R$ 2.168,5 bilh\u00f5es para R$ 2.204,8 bilh\u00f5es. Entre elas, se destacam os gastos com a Previd\u00eancia, que subiram R$ 16,7 bilh\u00f5es, e com Benef\u00edcios de Presta\u00e7\u00e3o Continuada (BPC), que aumentaram em R$ 2,8 bilh\u00f5es.<\/p>\n\n\n\n<div class=\"wp-block-image\"><figure class=\"aligncenter size-large is-resized\"><a href=\"https:\/\/www.facebook.com\/postobkr\/?locale=pt_BR\"><img loading=\"lazy\" decoding=\"async\" src=\"https:\/\/jornalfatosenoticias.com.br\/wp-content\/uploads\/2023\/08\/BKR-1024x1021.jpg\" alt=\"\" class=\"wp-image-44494\" width=\"316\" height=\"315\" srcset=\"https:\/\/jornalfatosenoticias.com.br\/wp-content\/uploads\/2023\/08\/BKR-1024x1021.jpg 1024w, https:\/\/jornalfatosenoticias.com.br\/wp-content\/uploads\/2023\/08\/BKR-300x300.jpg 300w, https:\/\/jornalfatosenoticias.com.br\/wp-content\/uploads\/2023\/08\/BKR-150x150.jpg 150w, https:\/\/jornalfatosenoticias.com.br\/wp-content\/uploads\/2023\/08\/BKR-768x766.jpg 768w, https:\/\/jornalfatosenoticias.com.br\/wp-content\/uploads\/2023\/08\/BKR.jpg 1080w\" sizes=\"auto, (max-width: 316px) 100vw, 316px\" \/><\/a><\/figure><\/div>\n\n\n\n<blockquote class=\"wp-block-quote is-layout-flow wp-block-quote-is-layout-flow\"><p><span class=\"has-inline-color has-luminous-vivid-orange-color\">Temos um crescimento do BPC que est\u00e1 preocupando bastante, ampliado pelas fraudes\u201d, afirma Prado, da GO Associados. \u201cH\u00e1 um or\u00e7amento de R$ 112 bilh\u00f5es para o BPC, que est\u00e1 quase batendo o or\u00e7amento do Bolsa Fam\u00edlia\u201d. Ele lembra que as despesas obrigat\u00f3rias, que crescem acima da infla\u00e7\u00e3o por causa da pol\u00edtica de valoriza\u00e7\u00e3o do sal\u00e1rio m\u00ednimo, comprimem as despesas discricion\u00e1rias e inviabilizam investimentos.<\/span><\/p><\/blockquote>\n\n\n\n<div class=\"wp-block-image\"><figure class=\"aligncenter size-large is-resized\"><a href=\"https:\/\/www.instagram.com\/rcradiadores\/\"><img loading=\"lazy\" decoding=\"async\" src=\"https:\/\/jornalfatosenoticias.com.br\/wp-content\/uploads\/2022\/10\/RC_800x750_page-0001.jpg\" alt=\"\" class=\"wp-image-35338\" width=\"286\" height=\"268\" srcset=\"https:\/\/jornalfatosenoticias.com.br\/wp-content\/uploads\/2022\/10\/RC_800x750_page-0001.jpg 400w, https:\/\/jornalfatosenoticias.com.br\/wp-content\/uploads\/2022\/10\/RC_800x750_page-0001-300x281.jpg 300w\" sizes=\"auto, (max-width: 286px) 100vw, 286px\" \/><\/a><\/figure><\/div>\n\n\n\n<p><strong><span class=\"has-inline-color has-black-color\">Governo contrata crise fiscal<br><\/span><\/strong>Para Izak Carlos, os problemas or\u00e7ament\u00e1rios e fiscais s\u00e3o bem conhecidos, mas n\u00e3o existe predisposi\u00e7\u00e3o do atual governo para enfrent\u00e1-los, sobretudo num &#8220;momento de queda na popularidade&#8221; de Lula. Para reverter o quadro, o governo tem investido em uma s\u00e9rie de &#8220;bondades&#8221; que devem pressionar ainda mais as contas p\u00fablicas nos pr\u00f3ximos anos. Al\u00e9m do projeto para amplia\u00e7\u00e3o da faixa de isen\u00e7\u00e3o do IR para quem ganha at\u00e9 R$ 5 mil mensais, em tramita\u00e7\u00e3o no Congresso, tamb\u00e9m lan\u00e7ou uma linha de cr\u00e9dito consignado para trabalhadores do setor privado, incluindo dom\u00e9sticos e rurais, com juros mais baixos garantidos pelo FGTS.<\/p>\n\n\n\n<div class=\"wp-block-image\"><figure class=\"aligncenter size-large is-resized\"><a href=\"https:\/\/www.instagram.com\/serra4x4cambioautomatico\/\"><img loading=\"lazy\" decoding=\"async\" src=\"https:\/\/jornalfatosenoticias.com.br\/wp-content\/uploads\/2024\/08\/Serra-4x4-1-886x1024.jpg\" alt=\"\" class=\"wp-image-53632\" width=\"265\" height=\"307\" srcset=\"https:\/\/jornalfatosenoticias.com.br\/wp-content\/uploads\/2024\/08\/Serra-4x4-1-886x1024.jpg 886w, https:\/\/jornalfatosenoticias.com.br\/wp-content\/uploads\/2024\/08\/Serra-4x4-1-260x300.jpg 260w, https:\/\/jornalfatosenoticias.com.br\/wp-content\/uploads\/2024\/08\/Serra-4x4-1-768x888.jpg 768w, https:\/\/jornalfatosenoticias.com.br\/wp-content\/uploads\/2024\/08\/Serra-4x4-1.jpg 1181w\" sizes=\"auto, (max-width: 265px) 100vw, 265px\" \/><\/a><\/figure><\/div>\n\n\n\n<p>Outras iniciativas s\u00e3o a distribui\u00e7\u00e3o gratuita de g\u00e1s de cozinha para cerca de 22 milh\u00f5es de fam\u00edlias de baixa renda e a recente a amplia\u00e7\u00e3o da tarifa social de energia el\u00e9trica, via Medida Provis\u00f3ria. As medidas, al\u00e9m do impacto fiscal, podem afetar a classe m\u00e9dia, que pagar\u00e1 pelos subs\u00eddios da isen\u00e7\u00e3o das tarifas.<\/p>\n\n\n\n<blockquote class=\"wp-block-quote is-layout-flow wp-block-quote-is-layout-flow\"><p><span class=\"has-inline-color has-luminous-vivid-orange-color\">Precisamos rever benef\u00edcios fiscais e sociais\u201d, diz o economista-chefe do BDMG. \u201cEstamos h\u00e1 mais de duas d\u00e9cadas com o Bolsa Fam\u00edlia, e o n\u00famero de benefici\u00e1rios s\u00f3 aumenta. N\u00e3o encontramos uma porta de sa\u00edda, n\u00e3o h\u00e1 incentivos para que eles ingressem no mercado de trabalho formal. Precisamos redesenhar o programa social e aliviar esse peso das contas p\u00fablicas e das costas do Estado\u201d.<\/span><\/p><\/blockquote>\n\n\n\n<div class=\"wp-block-image\"><figure class=\"aligncenter size-large is-resized\"><a href=\"https:\/\/www.instagram.com\/restaurantepegoretti\/\"><img loading=\"lazy\" decoding=\"async\" src=\"https:\/\/jornalfatosenoticias.com.br\/wp-content\/uploads\/2023\/12\/pegoretti-logo-pdf-1024x389.jpg\" alt=\"\" class=\"wp-image-47536\" width=\"490\" height=\"186\" srcset=\"https:\/\/jornalfatosenoticias.com.br\/wp-content\/uploads\/2023\/12\/pegoretti-logo-pdf-1024x389.jpg 1024w, https:\/\/jornalfatosenoticias.com.br\/wp-content\/uploads\/2023\/12\/pegoretti-logo-pdf-300x114.jpg 300w, https:\/\/jornalfatosenoticias.com.br\/wp-content\/uploads\/2023\/12\/pegoretti-logo-pdf-768x291.jpg 768w, https:\/\/jornalfatosenoticias.com.br\/wp-content\/uploads\/2023\/12\/pegoretti-logo-pdf.jpg 1120w\" sizes=\"auto, (max-width: 490px) 100vw, 490px\" \/><\/a><\/figure><\/div>\n\n\n\n<p>Outro ponto cr\u00edtico \u00e9 a quest\u00e3o dos m\u00ednimos constitucionais de Sa\u00fade e Educa\u00e7\u00e3o, que crescem acima do permitido pela regra fiscal. \u201c\u00c9 uma conta que n\u00e3o fecha\u201d, alerta. \u201cN\u00f3s colocamos um m\u00ednimo constitucional e mesmo assim, desde 1989, n\u00e3o conseguimos atingir indicadores satisfat\u00f3rios de sa\u00fade educa\u00e7\u00e3o. Precisamos discutir a efici\u00eancia do gasto p\u00fablico\u201d. Para o economista, a falta de realismo na gest\u00e3o do Or\u00e7amento \u201cvai nos conduzir inevitavelmente para uma crise fiscal em 2027\u201d.<\/p>\n\n\n\n<div class=\"wp-block-image\"><figure class=\"aligncenter size-large is-resized\"><a href=\"https:\/\/hotelmarquetti.com.br\/\"><img loading=\"lazy\" decoding=\"async\" src=\"https:\/\/jornalfatosenoticias.com.br\/wp-content\/uploads\/2020\/02\/LOGO-MQ-1024x680.jpg\" alt=\"\" class=\"wp-image-58299\" width=\"379\" height=\"252\" srcset=\"https:\/\/jornalfatosenoticias.com.br\/wp-content\/uploads\/2020\/02\/LOGO-MQ-1024x680.jpg 1024w, https:\/\/jornalfatosenoticias.com.br\/wp-content\/uploads\/2020\/02\/LOGO-MQ-300x199.jpg 300w, https:\/\/jornalfatosenoticias.com.br\/wp-content\/uploads\/2020\/02\/LOGO-MQ-768x510.jpg 768w, https:\/\/jornalfatosenoticias.com.br\/wp-content\/uploads\/2020\/02\/LOGO-MQ-1536x1020.jpg 1536w, https:\/\/jornalfatosenoticias.com.br\/wp-content\/uploads\/2020\/02\/LOGO-MQ-2048x1360.jpg 2048w\" sizes=\"auto, (max-width: 379px) 100vw, 379px\" \/><\/a><\/figure><\/div>\n\n\n\n<blockquote class=\"wp-block-quote is-layout-flow wp-block-quote-is-layout-flow\"><p><span class=\"has-inline-color has-luminous-vivid-orange-color\">O governo est\u00e1 conseguindo administrar, mas economia n\u00e3o \u00e9 alquimia \u2014 a conta vai chegar\u201d, afirma. \u201cDepois do ano eleitoral, vai ser muito dif\u00edcil conseguirmos segurar esse problema. J\u00e1 vimos esse filme antes, especialmente entre 2013 e 2014. E sabemos bem como terminou. Pode ser a mesma hist\u00f3ria\u201d.<\/span><\/p><\/blockquote>\n\n\n\n<div class=\"wp-block-image\"><figure class=\"aligncenter size-large is-resized\"><a href=\"https:\/\/www.facebook.com\/vetor.vix\/\"><img loading=\"lazy\" decoding=\"async\" src=\"https:\/\/jornalfatosenoticias.com.br\/wp-content\/uploads\/2023\/09\/vetorvix1024_1.jpg\" alt=\"\" class=\"wp-image-44868\" width=\"543\" height=\"144\" srcset=\"https:\/\/jornalfatosenoticias.com.br\/wp-content\/uploads\/2023\/09\/vetorvix1024_1.jpg 1024w, https:\/\/jornalfatosenoticias.com.br\/wp-content\/uploads\/2023\/09\/vetorvix1024_1-300x80.jpg 300w, https:\/\/jornalfatosenoticias.com.br\/wp-content\/uploads\/2023\/09\/vetorvix1024_1-768x205.jpg 768w\" sizes=\"auto, (max-width: 543px) 100vw, 543px\" \/><\/a><\/figure><\/div>\n\n\n\n<p><strong>Fonte: <a href=\"https:\/\/www.gazetadopovo.com.br\/economia\/pacote-de-r-51-bilhoes-escancara-faz-de-conta-das-financas-do-governo-lula\/?ref=foi-manchete\">Gazeta do Povo<\/a><\/strong><\/p>\n","protected":false},"excerpt":{"rendered":"<p>Ministro da Fazenda, Fernando Haddad, e Lula (PT): pacote de R$ 51 bilh\u00f5es para fechar Or\u00e7amento Por Rose Amant\u00e9a A necessidade de um pacote de R$ 51 bilh\u00f5es, anunciado pelo governo de Luiz In\u00e1cio Lula da Silva (PT) para fechar o rombo das contas p\u00fablicas, demonstra que o Or\u00e7amento da Uni\u00e3o de 2025, aprovado em [&hellip;]<\/p>\n","protected":false},"author":2,"featured_media":59495,"comment_status":"open","ping_status":"open","sticky":false,"template":"","format":"standard","meta":{"footnotes":""},"categories":[9],"tags":[1006,8163,18155,860,8257,7580,17304],"class_list":["post-59494","post","type-post","status-publish","format-standard","has-post-thumbnail","hentry","category-economia","tag-bolsa-familia","tag-contas-publicas","tag-fernando-haddad","tag-governo-federal","tag-impostos","tag-lula","tag-salario-minimo"],"yoast_head":"<!-- This site is optimized with the Yoast SEO plugin v26.5 - https:\/\/yoast.com\/wordpress\/plugins\/seo\/ -->\n<title>Pacote de R$ 51 bilh\u00f5es escancara \u201cfaz de conta\u201d das finan\u00e7as do governo Lula - Jornal Fatos e Not\u00edcias<\/title>\n<meta name=\"robots\" content=\"index, follow, max-snippet:-1, max-image-preview:large, max-video-preview:-1\" \/>\n<link rel=\"canonical\" href=\"https:\/\/jornalfatosenoticias.com.br\/index.php\/2025\/05\/26\/pacote-de-r-51-bilhoes-escancara-faz-de-conta-das-financas-do-governo-lula\/\" \/>\n<meta property=\"og:locale\" content=\"pt_BR\" \/>\n<meta property=\"og:type\" content=\"article\" \/>\n<meta property=\"og:title\" content=\"Pacote de R$ 51 bilh\u00f5es escancara \u201cfaz de conta\u201d das finan\u00e7as do governo Lula - Jornal Fatos e Not\u00edcias\" \/>\n<meta property=\"og:description\" content=\"Ministro da Fazenda, Fernando Haddad, e Lula (PT): pacote de R$ 51 bilh\u00f5es para fechar Or\u00e7amento Por Rose Amant\u00e9a A necessidade de um pacote de R$ 51 bilh\u00f5es, anunciado pelo governo de Luiz In\u00e1cio Lula da Silva (PT) para fechar o rombo das contas p\u00fablicas, demonstra que o Or\u00e7amento da Uni\u00e3o de 2025, aprovado em [&hellip;]\" \/>\n<meta property=\"og:url\" content=\"https:\/\/jornalfatosenoticias.com.br\/index.php\/2025\/05\/26\/pacote-de-r-51-bilhoes-escancara-faz-de-conta-das-financas-do-governo-lula\/\" \/>\n<meta property=\"og:site_name\" content=\"Jornal Fatos e Not\u00edcias\" \/>\n<meta property=\"article:published_time\" content=\"2025-05-26T19:40:49+00:00\" \/>\n<meta property=\"article:modified_time\" content=\"2025-05-26T19:40:50+00:00\" \/>\n<meta property=\"og:image\" content=\"https:\/\/jornalfatosenoticias.com.br\/wp-content\/uploads\/2025\/05\/poste-e-nine_gettyimages.jpg\" \/>\n\t<meta property=\"og:image:width\" content=\"612\" \/>\n\t<meta property=\"og:image:height\" content=\"408\" \/>\n\t<meta property=\"og:image:type\" content=\"image\/jpeg\" \/>\n<meta name=\"author\" content=\"Luzimara Fernandes\" \/>\n<meta name=\"twitter:card\" content=\"summary_large_image\" \/>\n<meta name=\"twitter:label1\" content=\"Escrito por\" \/>\n\t<meta name=\"twitter:data1\" content=\"Luzimara Fernandes\" \/>\n\t<meta name=\"twitter:label2\" content=\"Est. tempo de leitura\" \/>\n\t<meta name=\"twitter:data2\" content=\"7 minutos\" \/>\n<script type=\"application\/ld+json\" class=\"yoast-schema-graph\">{\"@context\":\"https:\/\/schema.org\",\"@graph\":[{\"@type\":\"Article\",\"@id\":\"https:\/\/jornalfatosenoticias.com.br\/index.php\/2025\/05\/26\/pacote-de-r-51-bilhoes-escancara-faz-de-conta-das-financas-do-governo-lula\/#article\",\"isPartOf\":{\"@id\":\"https:\/\/jornalfatosenoticias.com.br\/index.php\/2025\/05\/26\/pacote-de-r-51-bilhoes-escancara-faz-de-conta-das-financas-do-governo-lula\/\"},\"author\":{\"name\":\"Luzimara Fernandes\",\"@id\":\"https:\/\/jornalfatosenoticias.com.br\/#\/schema\/person\/d63837fa13ac8666eb9e74e0985d6f81\"},\"headline\":\"Pacote de R$ 51 bilh\u00f5es escancara \u201cfaz de conta\u201d das finan\u00e7as do governo Lula\",\"datePublished\":\"2025-05-26T19:40:49+00:00\",\"dateModified\":\"2025-05-26T19:40:50+00:00\",\"mainEntityOfPage\":{\"@id\":\"https:\/\/jornalfatosenoticias.com.br\/index.php\/2025\/05\/26\/pacote-de-r-51-bilhoes-escancara-faz-de-conta-das-financas-do-governo-lula\/\"},\"wordCount\":1410,\"commentCount\":0,\"publisher\":{\"@id\":\"https:\/\/jornalfatosenoticias.com.br\/#organization\"},\"image\":{\"@id\":\"https:\/\/jornalfatosenoticias.com.br\/index.php\/2025\/05\/26\/pacote-de-r-51-bilhoes-escancara-faz-de-conta-das-financas-do-governo-lula\/#primaryimage\"},\"thumbnailUrl\":\"https:\/\/jornalfatosenoticias.com.br\/wp-content\/uploads\/2025\/05\/poste-e-nine_gettyimages.jpg\",\"keywords\":[\"Bolsa Fam\u00edlia\",\"contas p\u00fablicas\",\"Fernando Haddad\",\"governo federal\",\"impostos\",\"Lula\",\"sal\u00e1rio m\u00ednimo\"],\"articleSection\":[\"Economia\"],\"inLanguage\":\"pt-BR\",\"potentialAction\":[{\"@type\":\"CommentAction\",\"name\":\"Comment\",\"target\":[\"https:\/\/jornalfatosenoticias.com.br\/index.php\/2025\/05\/26\/pacote-de-r-51-bilhoes-escancara-faz-de-conta-das-financas-do-governo-lula\/#respond\"]}]},{\"@type\":\"WebPage\",\"@id\":\"https:\/\/jornalfatosenoticias.com.br\/index.php\/2025\/05\/26\/pacote-de-r-51-bilhoes-escancara-faz-de-conta-das-financas-do-governo-lula\/\",\"url\":\"https:\/\/jornalfatosenoticias.com.br\/index.php\/2025\/05\/26\/pacote-de-r-51-bilhoes-escancara-faz-de-conta-das-financas-do-governo-lula\/\",\"name\":\"Pacote de R$ 51 bilh\u00f5es escancara \u201cfaz de conta\u201d das finan\u00e7as do governo Lula - Jornal Fatos e Not\u00edcias\",\"isPartOf\":{\"@id\":\"https:\/\/jornalfatosenoticias.com.br\/#website\"},\"primaryImageOfPage\":{\"@id\":\"https:\/\/jornalfatosenoticias.com.br\/index.php\/2025\/05\/26\/pacote-de-r-51-bilhoes-escancara-faz-de-conta-das-financas-do-governo-lula\/#primaryimage\"},\"image\":{\"@id\":\"https:\/\/jornalfatosenoticias.com.br\/index.php\/2025\/05\/26\/pacote-de-r-51-bilhoes-escancara-faz-de-conta-das-financas-do-governo-lula\/#primaryimage\"},\"thumbnailUrl\":\"https:\/\/jornalfatosenoticias.com.br\/wp-content\/uploads\/2025\/05\/poste-e-nine_gettyimages.jpg\",\"datePublished\":\"2025-05-26T19:40:49+00:00\",\"dateModified\":\"2025-05-26T19:40:50+00:00\",\"breadcrumb\":{\"@id\":\"https:\/\/jornalfatosenoticias.com.br\/index.php\/2025\/05\/26\/pacote-de-r-51-bilhoes-escancara-faz-de-conta-das-financas-do-governo-lula\/#breadcrumb\"},\"inLanguage\":\"pt-BR\",\"potentialAction\":[{\"@type\":\"ReadAction\",\"target\":[\"https:\/\/jornalfatosenoticias.com.br\/index.php\/2025\/05\/26\/pacote-de-r-51-bilhoes-escancara-faz-de-conta-das-financas-do-governo-lula\/\"]}]},{\"@type\":\"ImageObject\",\"inLanguage\":\"pt-BR\",\"@id\":\"https:\/\/jornalfatosenoticias.com.br\/index.php\/2025\/05\/26\/pacote-de-r-51-bilhoes-escancara-faz-de-conta-das-financas-do-governo-lula\/#primaryimage\",\"url\":\"https:\/\/jornalfatosenoticias.com.br\/wp-content\/uploads\/2025\/05\/poste-e-nine_gettyimages.jpg\",\"contentUrl\":\"https:\/\/jornalfatosenoticias.com.br\/wp-content\/uploads\/2025\/05\/poste-e-nine_gettyimages.jpg\",\"width\":612,\"height\":408,\"caption\":\"Luiz Inacio Lula da Silva, Brazil's former president, right, and Fernando Haddad, former mayor of Sao Paulo and gubernatorial candidate, raise their hands during a campaign event at Vale do Anhangabau in Sao Paulo, Brazil, on Saturday, Aug. 20, 2022. Datafolha election poll released on Thursday showed incumbent President Jair Bolsonaro narrowing the gap to front-runner Lula\u00a0to 15 percentage points from 18 points in July and 21 points in May. Photographer: Victor Moriyama\/Bloomberg via Getty Images\"},{\"@type\":\"BreadcrumbList\",\"@id\":\"https:\/\/jornalfatosenoticias.com.br\/index.php\/2025\/05\/26\/pacote-de-r-51-bilhoes-escancara-faz-de-conta-das-financas-do-governo-lula\/#breadcrumb\",\"itemListElement\":[{\"@type\":\"ListItem\",\"position\":1,\"name\":\"In\u00edcio\",\"item\":\"https:\/\/jornalfatosenoticias.com.br\/\"},{\"@type\":\"ListItem\",\"position\":2,\"name\":\"Pacote de R$ 51 bilh\u00f5es escancara \u201cfaz de conta\u201d das finan\u00e7as do governo Lula\"}]},{\"@type\":\"WebSite\",\"@id\":\"https:\/\/jornalfatosenoticias.com.br\/#website\",\"url\":\"https:\/\/jornalfatosenoticias.com.br\/\",\"name\":\"Jornal Fatos e Not\u00edcias\",\"description\":\"Not\u00edcias em geral\",\"publisher\":{\"@id\":\"https:\/\/jornalfatosenoticias.com.br\/#organization\"},\"potentialAction\":[{\"@type\":\"SearchAction\",\"target\":{\"@type\":\"EntryPoint\",\"urlTemplate\":\"https:\/\/jornalfatosenoticias.com.br\/?s={search_term_string}\"},\"query-input\":{\"@type\":\"PropertyValueSpecification\",\"valueRequired\":true,\"valueName\":\"search_term_string\"}}],\"inLanguage\":\"pt-BR\"},{\"@type\":\"Organization\",\"@id\":\"https:\/\/jornalfatosenoticias.com.br\/#organization\",\"name\":\"Jornal Fatos e Not\u00edcias\",\"url\":\"https:\/\/jornalfatosenoticias.com.br\/\",\"logo\":{\"@type\":\"ImageObject\",\"inLanguage\":\"pt-BR\",\"@id\":\"https:\/\/jornalfatosenoticias.com.br\/#\/schema\/logo\/image\/\",\"url\":\"https:\/\/jornalfatosenoticias.com.br\/wp-content\/uploads\/2020\/02\/logo120.png\",\"contentUrl\":\"https:\/\/jornalfatosenoticias.com.br\/wp-content\/uploads\/2020\/02\/logo120.png\",\"width\":1227,\"height\":120,\"caption\":\"Jornal Fatos e Not\u00edcias\"},\"image\":{\"@id\":\"https:\/\/jornalfatosenoticias.com.br\/#\/schema\/logo\/image\/\"}},{\"@type\":\"Person\",\"@id\":\"https:\/\/jornalfatosenoticias.com.br\/#\/schema\/person\/d63837fa13ac8666eb9e74e0985d6f81\",\"name\":\"Luzimara Fernandes\",\"image\":{\"@type\":\"ImageObject\",\"inLanguage\":\"pt-BR\",\"@id\":\"https:\/\/jornalfatosenoticias.com.br\/#\/schema\/person\/image\/\",\"url\":\"https:\/\/jornalfatosenoticias.com.br\/wp-content\/uploads\/2025\/05\/EU_portal.jpg\",\"contentUrl\":\"https:\/\/jornalfatosenoticias.com.br\/wp-content\/uploads\/2025\/05\/EU_portal.jpg\",\"caption\":\"Luzimara Fernandes\"},\"description\":\"Jornalista MTB 2358-ES\",\"sameAs\":[\"https:\/\/jornalfatosenoticias.com.br\"],\"url\":\"https:\/\/jornalfatosenoticias.com.br\/index.php\/author\/luzimara\/\"}]}<\/script>\n<!-- \/ Yoast SEO plugin. -->","yoast_head_json":{"title":"Pacote de R$ 51 bilh\u00f5es escancara \u201cfaz de conta\u201d das finan\u00e7as do governo Lula - Jornal Fatos e Not\u00edcias","robots":{"index":"index","follow":"follow","max-snippet":"max-snippet:-1","max-image-preview":"max-image-preview:large","max-video-preview":"max-video-preview:-1"},"canonical":"https:\/\/jornalfatosenoticias.com.br\/index.php\/2025\/05\/26\/pacote-de-r-51-bilhoes-escancara-faz-de-conta-das-financas-do-governo-lula\/","og_locale":"pt_BR","og_type":"article","og_title":"Pacote de R$ 51 bilh\u00f5es escancara \u201cfaz de conta\u201d das finan\u00e7as do governo Lula - Jornal Fatos e Not\u00edcias","og_description":"Ministro da Fazenda, Fernando Haddad, e Lula (PT): pacote de R$ 51 bilh\u00f5es para fechar Or\u00e7amento Por Rose Amant\u00e9a A necessidade de um pacote de R$ 51 bilh\u00f5es, anunciado pelo governo de Luiz In\u00e1cio Lula da Silva (PT) para fechar o rombo das contas p\u00fablicas, demonstra que o Or\u00e7amento da Uni\u00e3o de 2025, aprovado em [&hellip;]","og_url":"https:\/\/jornalfatosenoticias.com.br\/index.php\/2025\/05\/26\/pacote-de-r-51-bilhoes-escancara-faz-de-conta-das-financas-do-governo-lula\/","og_site_name":"Jornal Fatos e Not\u00edcias","article_published_time":"2025-05-26T19:40:49+00:00","article_modified_time":"2025-05-26T19:40:50+00:00","og_image":[{"width":612,"height":408,"url":"https:\/\/jornalfatosenoticias.com.br\/wp-content\/uploads\/2025\/05\/poste-e-nine_gettyimages.jpg","type":"image\/jpeg"}],"author":"Luzimara Fernandes","twitter_card":"summary_large_image","twitter_misc":{"Escrito por":"Luzimara Fernandes","Est. tempo de leitura":"7 minutos"},"schema":{"@context":"https:\/\/schema.org","@graph":[{"@type":"Article","@id":"https:\/\/jornalfatosenoticias.com.br\/index.php\/2025\/05\/26\/pacote-de-r-51-bilhoes-escancara-faz-de-conta-das-financas-do-governo-lula\/#article","isPartOf":{"@id":"https:\/\/jornalfatosenoticias.com.br\/index.php\/2025\/05\/26\/pacote-de-r-51-bilhoes-escancara-faz-de-conta-das-financas-do-governo-lula\/"},"author":{"name":"Luzimara Fernandes","@id":"https:\/\/jornalfatosenoticias.com.br\/#\/schema\/person\/d63837fa13ac8666eb9e74e0985d6f81"},"headline":"Pacote de R$ 51 bilh\u00f5es escancara \u201cfaz de conta\u201d das finan\u00e7as do governo Lula","datePublished":"2025-05-26T19:40:49+00:00","dateModified":"2025-05-26T19:40:50+00:00","mainEntityOfPage":{"@id":"https:\/\/jornalfatosenoticias.com.br\/index.php\/2025\/05\/26\/pacote-de-r-51-bilhoes-escancara-faz-de-conta-das-financas-do-governo-lula\/"},"wordCount":1410,"commentCount":0,"publisher":{"@id":"https:\/\/jornalfatosenoticias.com.br\/#organization"},"image":{"@id":"https:\/\/jornalfatosenoticias.com.br\/index.php\/2025\/05\/26\/pacote-de-r-51-bilhoes-escancara-faz-de-conta-das-financas-do-governo-lula\/#primaryimage"},"thumbnailUrl":"https:\/\/jornalfatosenoticias.com.br\/wp-content\/uploads\/2025\/05\/poste-e-nine_gettyimages.jpg","keywords":["Bolsa Fam\u00edlia","contas p\u00fablicas","Fernando Haddad","governo federal","impostos","Lula","sal\u00e1rio m\u00ednimo"],"articleSection":["Economia"],"inLanguage":"pt-BR","potentialAction":[{"@type":"CommentAction","name":"Comment","target":["https:\/\/jornalfatosenoticias.com.br\/index.php\/2025\/05\/26\/pacote-de-r-51-bilhoes-escancara-faz-de-conta-das-financas-do-governo-lula\/#respond"]}]},{"@type":"WebPage","@id":"https:\/\/jornalfatosenoticias.com.br\/index.php\/2025\/05\/26\/pacote-de-r-51-bilhoes-escancara-faz-de-conta-das-financas-do-governo-lula\/","url":"https:\/\/jornalfatosenoticias.com.br\/index.php\/2025\/05\/26\/pacote-de-r-51-bilhoes-escancara-faz-de-conta-das-financas-do-governo-lula\/","name":"Pacote de R$ 51 bilh\u00f5es escancara \u201cfaz de conta\u201d das finan\u00e7as do governo Lula - Jornal Fatos e Not\u00edcias","isPartOf":{"@id":"https:\/\/jornalfatosenoticias.com.br\/#website"},"primaryImageOfPage":{"@id":"https:\/\/jornalfatosenoticias.com.br\/index.php\/2025\/05\/26\/pacote-de-r-51-bilhoes-escancara-faz-de-conta-das-financas-do-governo-lula\/#primaryimage"},"image":{"@id":"https:\/\/jornalfatosenoticias.com.br\/index.php\/2025\/05\/26\/pacote-de-r-51-bilhoes-escancara-faz-de-conta-das-financas-do-governo-lula\/#primaryimage"},"thumbnailUrl":"https:\/\/jornalfatosenoticias.com.br\/wp-content\/uploads\/2025\/05\/poste-e-nine_gettyimages.jpg","datePublished":"2025-05-26T19:40:49+00:00","dateModified":"2025-05-26T19:40:50+00:00","breadcrumb":{"@id":"https:\/\/jornalfatosenoticias.com.br\/index.php\/2025\/05\/26\/pacote-de-r-51-bilhoes-escancara-faz-de-conta-das-financas-do-governo-lula\/#breadcrumb"},"inLanguage":"pt-BR","potentialAction":[{"@type":"ReadAction","target":["https:\/\/jornalfatosenoticias.com.br\/index.php\/2025\/05\/26\/pacote-de-r-51-bilhoes-escancara-faz-de-conta-das-financas-do-governo-lula\/"]}]},{"@type":"ImageObject","inLanguage":"pt-BR","@id":"https:\/\/jornalfatosenoticias.com.br\/index.php\/2025\/05\/26\/pacote-de-r-51-bilhoes-escancara-faz-de-conta-das-financas-do-governo-lula\/#primaryimage","url":"https:\/\/jornalfatosenoticias.com.br\/wp-content\/uploads\/2025\/05\/poste-e-nine_gettyimages.jpg","contentUrl":"https:\/\/jornalfatosenoticias.com.br\/wp-content\/uploads\/2025\/05\/poste-e-nine_gettyimages.jpg","width":612,"height":408,"caption":"Luiz Inacio Lula da Silva, Brazil's former president, right, and Fernando Haddad, former mayor of Sao Paulo and gubernatorial candidate, raise their hands during a campaign event at Vale do Anhangabau in Sao Paulo, Brazil, on Saturday, Aug. 20, 2022. Datafolha election poll released on Thursday showed incumbent President Jair Bolsonaro narrowing the gap to front-runner Lula\u00a0to 15 percentage points from 18 points in July and 21 points in May. Photographer: Victor Moriyama\/Bloomberg via Getty Images"},{"@type":"BreadcrumbList","@id":"https:\/\/jornalfatosenoticias.com.br\/index.php\/2025\/05\/26\/pacote-de-r-51-bilhoes-escancara-faz-de-conta-das-financas-do-governo-lula\/#breadcrumb","itemListElement":[{"@type":"ListItem","position":1,"name":"In\u00edcio","item":"https:\/\/jornalfatosenoticias.com.br\/"},{"@type":"ListItem","position":2,"name":"Pacote de R$ 51 bilh\u00f5es escancara \u201cfaz de conta\u201d das finan\u00e7as do governo Lula"}]},{"@type":"WebSite","@id":"https:\/\/jornalfatosenoticias.com.br\/#website","url":"https:\/\/jornalfatosenoticias.com.br\/","name":"Jornal Fatos e Not\u00edcias","description":"Not\u00edcias em geral","publisher":{"@id":"https:\/\/jornalfatosenoticias.com.br\/#organization"},"potentialAction":[{"@type":"SearchAction","target":{"@type":"EntryPoint","urlTemplate":"https:\/\/jornalfatosenoticias.com.br\/?s={search_term_string}"},"query-input":{"@type":"PropertyValueSpecification","valueRequired":true,"valueName":"search_term_string"}}],"inLanguage":"pt-BR"},{"@type":"Organization","@id":"https:\/\/jornalfatosenoticias.com.br\/#organization","name":"Jornal Fatos e Not\u00edcias","url":"https:\/\/jornalfatosenoticias.com.br\/","logo":{"@type":"ImageObject","inLanguage":"pt-BR","@id":"https:\/\/jornalfatosenoticias.com.br\/#\/schema\/logo\/image\/","url":"https:\/\/jornalfatosenoticias.com.br\/wp-content\/uploads\/2020\/02\/logo120.png","contentUrl":"https:\/\/jornalfatosenoticias.com.br\/wp-content\/uploads\/2020\/02\/logo120.png","width":1227,"height":120,"caption":"Jornal Fatos e Not\u00edcias"},"image":{"@id":"https:\/\/jornalfatosenoticias.com.br\/#\/schema\/logo\/image\/"}},{"@type":"Person","@id":"https:\/\/jornalfatosenoticias.com.br\/#\/schema\/person\/d63837fa13ac8666eb9e74e0985d6f81","name":"Luzimara Fernandes","image":{"@type":"ImageObject","inLanguage":"pt-BR","@id":"https:\/\/jornalfatosenoticias.com.br\/#\/schema\/person\/image\/","url":"https:\/\/jornalfatosenoticias.com.br\/wp-content\/uploads\/2025\/05\/EU_portal.jpg","contentUrl":"https:\/\/jornalfatosenoticias.com.br\/wp-content\/uploads\/2025\/05\/EU_portal.jpg","caption":"Luzimara Fernandes"},"description":"Jornalista MTB 2358-ES","sameAs":["https:\/\/jornalfatosenoticias.com.br"],"url":"https:\/\/jornalfatosenoticias.com.br\/index.php\/author\/luzimara\/"}]}},"cc_featured_image_caption":{"caption_text":"(Foto: Getty Images) ","source_text":"","source_url":""},"jetpack_featured_media_url":"https:\/\/jornalfatosenoticias.com.br\/wp-content\/uploads\/2025\/05\/poste-e-nine_gettyimages.jpg","_links":{"self":[{"href":"https:\/\/jornalfatosenoticias.com.br\/index.php\/wp-json\/wp\/v2\/posts\/59494","targetHints":{"allow":["GET"]}}],"collection":[{"href":"https:\/\/jornalfatosenoticias.com.br\/index.php\/wp-json\/wp\/v2\/posts"}],"about":[{"href":"https:\/\/jornalfatosenoticias.com.br\/index.php\/wp-json\/wp\/v2\/types\/post"}],"author":[{"embeddable":true,"href":"https:\/\/jornalfatosenoticias.com.br\/index.php\/wp-json\/wp\/v2\/users\/2"}],"replies":[{"embeddable":true,"href":"https:\/\/jornalfatosenoticias.com.br\/index.php\/wp-json\/wp\/v2\/comments?post=59494"}],"version-history":[{"count":0,"href":"https:\/\/jornalfatosenoticias.com.br\/index.php\/wp-json\/wp\/v2\/posts\/59494\/revisions"}],"wp:featuredmedia":[{"embeddable":true,"href":"https:\/\/jornalfatosenoticias.com.br\/index.php\/wp-json\/wp\/v2\/media\/59495"}],"wp:attachment":[{"href":"https:\/\/jornalfatosenoticias.com.br\/index.php\/wp-json\/wp\/v2\/media?parent=59494"}],"wp:term":[{"taxonomy":"category","embeddable":true,"href":"https:\/\/jornalfatosenoticias.com.br\/index.php\/wp-json\/wp\/v2\/categories?post=59494"},{"taxonomy":"post_tag","embeddable":true,"href":"https:\/\/jornalfatosenoticias.com.br\/index.php\/wp-json\/wp\/v2\/tags?post=59494"}],"curies":[{"name":"wp","href":"https:\/\/api.w.org\/{rel}","templated":true}]}}