{"id":59517,"date":"2025-05-27T11:10:59","date_gmt":"2025-05-27T14:10:59","guid":{"rendered":"https:\/\/jornalfatosenoticias.com.br\/?p=59517"},"modified":"2025-05-27T11:11:01","modified_gmt":"2025-05-27T14:11:01","slug":"mostra-ecofalante-exibe-125-filmes-gratuitos-em-sp","status":"publish","type":"post","link":"https:\/\/jornalfatosenoticias.com.br\/index.php\/2025\/05\/27\/mostra-ecofalante-exibe-125-filmes-gratuitos-em-sp\/","title":{"rendered":"Mostra Ecofalante exibe 125 filmes gratuitos em SP"},"content":{"rendered":"\n<p><em><span class=\"has-inline-color has-black-color\">Evento acontece de 28 de maio a 11 de junho, com sess\u00f5es em 49 salas da capital e destaque para produ\u00e7\u00f5es premiadas, debates e homenagens<\/span><\/em><\/p>\n\n\n\n<div class=\"wp-block-image\"><figure class=\"aligncenter size-large\"><a href=\"https:\/\/panper.com.br\/\"><img loading=\"lazy\" decoding=\"async\" width=\"1024\" height=\"111\" src=\"https:\/\/jornalfatosenoticias.com.br\/wp-content\/uploads\/2020\/02\/WhatsApp-Image-2022-09-23-at-12.09.18-1024x111.jpeg\" alt=\"\" class=\"wp-image-34527\" srcset=\"https:\/\/jornalfatosenoticias.com.br\/wp-content\/uploads\/2020\/02\/WhatsApp-Image-2022-09-23-at-12.09.18-1024x111.jpeg 1024w, https:\/\/jornalfatosenoticias.com.br\/wp-content\/uploads\/2020\/02\/WhatsApp-Image-2022-09-23-at-12.09.18-300x32.jpeg 300w, https:\/\/jornalfatosenoticias.com.br\/wp-content\/uploads\/2020\/02\/WhatsApp-Image-2022-09-23-at-12.09.18-768x83.jpeg 768w, https:\/\/jornalfatosenoticias.com.br\/wp-content\/uploads\/2020\/02\/WhatsApp-Image-2022-09-23-at-12.09.18.jpeg 1121w\" sizes=\"auto, (max-width: 1024px) 100vw, 1024px\" \/><\/a><\/figure><\/div>\n\n\n\n<p>A <a href=\"https:\/\/ecofalante.org.br\/programacao\" target=\"_blank\" rel=\"noreferrer noopener\">14.\u00aa Mostra Ecofalante de Cinema<\/a>, maior evento audiovisual dedicado a tem\u00e1ticas socioambientais da Am\u00e9rica Latina, acontece de\u00a0<strong>28 de maio a 11 de junho<\/strong>, com entrada gratuita, em\u00a0<strong>49 salas de\u00a0<a href=\"https:\/\/ciclovivo.com.br\/fique-ligado\/eventos\/brasil-sedia-encontro-de-cinemas-movidos-a-energia-solar\/\" target=\"_blank\" rel=\"noreferrer noopener\">cinema<\/a><\/strong> e espa\u00e7os culturais e educacionais de S\u00e3o Paulo. Com <strong>125\u00a0<a href=\"https:\/\/ciclovivo.com.br\/fique-ligado\/35-filmes-para-uma-vida-mais-sustentavel\/\" target=\"_blank\" rel=\"noreferrer noopener\">filmes<\/a>\u00a0de 33 pa\u00edses<\/strong>, a programa\u00e7\u00e3o destaca produ\u00e7\u00f5es premiadas e reconhecidas em importantes festivais internacionais, como Cannes, Berlim, Veneza, Sundance, Tribeca, Locarno, IDFA, DOC NYC, Visions du R\u00e9el e CPH:DOX.<br>A abertura da mostra ser\u00e1 no dia 28 de maio, com a exibi\u00e7\u00e3o de \u201cO Efeito Casa Branca\u201d, document\u00e1rio norte-americano in\u00e9dito em S\u00e3o Paulo, dirigido por Bonni Cohen, Jon Shenk e o brasileiro Pedro Kos. A Mostra Ecofalante tamb\u00e9m presta homenagem ao cineasta brasileiro Hermano Penna, diretor do cl\u00e1ssico \u201cSargento Get\u00falio\u201d, que completa 80 anos em 2025. Al\u00e9m disso, promove a mostra competitiva \u201cTerrit\u00f3rios e Mem\u00f3ria\u201d, dedicada a premiar produ\u00e7\u00f5es brasileiras recentes.<\/p>\n\n\n\n<div class=\"wp-block-image\"><figure class=\"aligncenter size-large is-resized\"><a href=\"https:\/\/www.instagram.com\/rcradiadores\/\"><img loading=\"lazy\" decoding=\"async\" src=\"https:\/\/jornalfatosenoticias.com.br\/wp-content\/uploads\/2022\/10\/RC_800x750_page-0001.jpg\" alt=\"\" class=\"wp-image-35338\" width=\"315\" height=\"295\" srcset=\"https:\/\/jornalfatosenoticias.com.br\/wp-content\/uploads\/2022\/10\/RC_800x750_page-0001.jpg 400w, https:\/\/jornalfatosenoticias.com.br\/wp-content\/uploads\/2022\/10\/RC_800x750_page-0001-300x281.jpg 300w\" sizes=\"auto, (max-width: 315px) 100vw, 315px\" \/><\/a><\/figure><\/div>\n\n\n\n<p>Os filmes e debates abordam quest\u00f5es fundamentais como mudan\u00e7as clim\u00e1ticas, <strong><a href=\"https:\/\/ciclovivo.com.br\/planeta\/meio-ambiente\/unisa-pesquisa-contaminacao-por-microplastico-no-guarapiranga\/\" target=\"_blank\" rel=\"noreferrer noopener\">contamina\u00e7\u00e3o<\/a>,<\/strong> migra\u00e7\u00e3o, tecnologia, ativismo, quest\u00f5es urbanas e direitos dos povos origin\u00e1rios. Um dos programas especiais inclui a exibi\u00e7\u00e3o de curtas da rede Katahirine, composta por mulheres ind\u00edgenas. A programa\u00e7\u00e3o tamb\u00e9m conta com a presen\u00e7a do cineasta franc\u00eas Cyril Dion, autor dos longas \u201cAnimal\u201d e \u201cAmanh\u00e3\u201d, que participar\u00e1 de exibi\u00e7\u00f5es e debates com o p\u00fablico.<\/p>\n\n\n\n<div class=\"wp-block-image\"><figure class=\"aligncenter size-large is-resized\"><a href=\"https:\/\/www.instagram.com\/gruposei\/\"><img loading=\"lazy\" decoding=\"async\" src=\"https:\/\/jornalfatosenoticias.com.br\/wp-content\/uploads\/2022\/07\/Logo-Grupo-SEI.jpg\" alt=\"\" class=\"wp-image-31973\" width=\"383\" height=\"201\" srcset=\"https:\/\/jornalfatosenoticias.com.br\/wp-content\/uploads\/2022\/07\/Logo-Grupo-SEI.jpg 713w, https:\/\/jornalfatosenoticias.com.br\/wp-content\/uploads\/2022\/07\/Logo-Grupo-SEI-300x158.jpg 300w\" sizes=\"auto, (max-width: 383px) 100vw, 383px\" \/><\/a><\/figure><\/div>\n\n\n\n<p>Entre os nomes nacionais confirmados est\u00e3o importantes realizadores e realizadoras como Jorge Bodansky, Ana Maria Magalh\u00e3es, Lucas Bambozzi, Helena Solberg, Renato Barbieri, Ta\u00eds Fujinaga, Eryk Rocha, Eunice Gutman e Andr\u00e9 Novais Oliveira.<\/p>\n\n\n\n<div class=\"wp-block-image\"><figure class=\"aligncenter size-large is-resized\"><a href=\"https:\/\/www.facebook.com\/postobkr\/?locale=pt_BR\"><img loading=\"lazy\" decoding=\"async\" src=\"https:\/\/jornalfatosenoticias.com.br\/wp-content\/uploads\/2023\/08\/BKR-1024x1021.jpg\" alt=\"\" class=\"wp-image-44494\" width=\"318\" height=\"317\" srcset=\"https:\/\/jornalfatosenoticias.com.br\/wp-content\/uploads\/2023\/08\/BKR-1024x1021.jpg 1024w, https:\/\/jornalfatosenoticias.com.br\/wp-content\/uploads\/2023\/08\/BKR-300x300.jpg 300w, https:\/\/jornalfatosenoticias.com.br\/wp-content\/uploads\/2023\/08\/BKR-150x150.jpg 150w, https:\/\/jornalfatosenoticias.com.br\/wp-content\/uploads\/2023\/08\/BKR-768x766.jpg 768w, https:\/\/jornalfatosenoticias.com.br\/wp-content\/uploads\/2023\/08\/BKR.jpg 1080w\" sizes=\"auto, (max-width: 318px) 100vw, 318px\" \/><\/a><\/figure><\/div>\n\n\n\n<p>A Mostra ainda inclui pr\u00e9-estreias de longas brasileiros in\u00e9ditos, sess\u00f5es infantis, experi\u00eancias em realidade <strong><a href=\"https:\/\/ciclovivo.com.br\/fique-ligado\/oportunidades\/patrimonio-da-humanidade-serra-da-capivara-lanca-passeio-virtual\/\" target=\"_blank\" rel=\"noreferrer noopener\">virtual<\/a><\/strong>, e uma parceria in\u00e9dita com o FIFE, festival franc\u00eas de cinema e educa\u00e7\u00e3o. Essa colabora\u00e7\u00e3o resultar\u00e1 em uma sess\u00e3o infantil no Circuito Spcine e um encontro com um convidado franc\u00eas. <a href=\"https:\/\/ecofalante.org.br\/programacao\"><strong>Programa\u00e7\u00e3o completa: https:\/\/ecofalante.org.br\/programacao.<\/strong><\/a><\/p>\n\n\n\n<div class=\"wp-block-image\"><figure class=\"aligncenter size-large is-resized\"><a href=\"https:\/\/www.facebook.com\/vetor.vix\/\"><img loading=\"lazy\" decoding=\"async\" src=\"https:\/\/jornalfatosenoticias.com.br\/wp-content\/uploads\/2023\/09\/vetorvix1024_1.jpg\" alt=\"\" class=\"wp-image-44868\" width=\"524\" height=\"139\" srcset=\"https:\/\/jornalfatosenoticias.com.br\/wp-content\/uploads\/2023\/09\/vetorvix1024_1.jpg 1024w, https:\/\/jornalfatosenoticias.com.br\/wp-content\/uploads\/2023\/09\/vetorvix1024_1-300x80.jpg 300w, https:\/\/jornalfatosenoticias.com.br\/wp-content\/uploads\/2023\/09\/vetorvix1024_1-768x205.jpg 768w\" sizes=\"auto, (max-width: 524px) 100vw, 524px\" \/><\/a><\/figure><\/div>\n\n\n\n<p><strong>Fonte: <a href=\"https:\/\/ciclovivo.com.br\/fique-ligado\/eventos\/mostra-ecofalante-exibe-125-filmes-gratuitos-em-sp\/\">CicloVivo<\/a><\/strong><\/p>\n","protected":false},"excerpt":{"rendered":"<p>Evento acontece de 28 de maio a 11 de junho, com sess\u00f5es em 49 salas da capital e destaque para produ\u00e7\u00f5es premiadas, debates e homenagens A 14.\u00aa Mostra Ecofalante de Cinema, maior evento audiovisual dedicado a tem\u00e1ticas socioambientais da Am\u00e9rica Latina, acontece de\u00a028 de maio a 11 de junho, com entrada gratuita, em\u00a049 salas de\u00a0cinema [&hellip;]<\/p>\n","protected":false},"author":2,"featured_media":59518,"comment_status":"open","ping_status":"open","sticky":false,"template":"","format":"standard","meta":{"footnotes":""},"categories":[4],"tags":[913,428,2507,27175,15409],"class_list":["post-59517","post","type-post","status-publish","format-standard","has-post-thumbnail","hentry","category-cultura","tag-audiovisual","tag-cinema","tag-filmes","tag-filmes-indigenas","tag-mostra-ecofalante"],"yoast_head":"<!-- This site is optimized with the Yoast SEO plugin v26.5 - https:\/\/yoast.com\/wordpress\/plugins\/seo\/ -->\n<title>Mostra Ecofalante exibe 125 filmes gratuitos em SP - Jornal Fatos e Not\u00edcias<\/title>\n<meta name=\"robots\" content=\"index, follow, max-snippet:-1, max-image-preview:large, max-video-preview:-1\" \/>\n<link rel=\"canonical\" href=\"https:\/\/jornalfatosenoticias.com.br\/index.php\/2025\/05\/27\/mostra-ecofalante-exibe-125-filmes-gratuitos-em-sp\/\" \/>\n<meta property=\"og:locale\" content=\"pt_BR\" \/>\n<meta property=\"og:type\" content=\"article\" \/>\n<meta property=\"og:title\" content=\"Mostra Ecofalante exibe 125 filmes gratuitos em SP - Jornal Fatos e Not\u00edcias\" \/>\n<meta property=\"og:description\" content=\"Evento acontece de 28 de maio a 11 de junho, com sess\u00f5es em 49 salas da capital e destaque para produ\u00e7\u00f5es premiadas, debates e homenagens A 14.\u00aa Mostra Ecofalante de Cinema, maior evento audiovisual dedicado a tem\u00e1ticas socioambientais da Am\u00e9rica Latina, acontece de\u00a028 de maio a 11 de junho, com entrada gratuita, em\u00a049 salas de\u00a0cinema [&hellip;]\" \/>\n<meta property=\"og:url\" content=\"https:\/\/jornalfatosenoticias.com.br\/index.php\/2025\/05\/27\/mostra-ecofalante-exibe-125-filmes-gratuitos-em-sp\/\" \/>\n<meta property=\"og:site_name\" content=\"Jornal Fatos e Not\u00edcias\" \/>\n<meta property=\"article:published_time\" content=\"2025-05-27T14:10:59+00:00\" \/>\n<meta property=\"article:modified_time\" content=\"2025-05-27T14:11:01+00:00\" \/>\n<meta property=\"og:image\" content=\"https:\/\/jornalfatosenoticias.com.br\/wp-content\/uploads\/2025\/05\/filme-karuara_foto_divulgacao.jpg\" \/>\n\t<meta property=\"og:image:width\" content=\"1000\" \/>\n\t<meta property=\"og:image:height\" content=\"597\" \/>\n\t<meta property=\"og:image:type\" content=\"image\/jpeg\" \/>\n<meta name=\"author\" content=\"Luzimara Fernandes\" \/>\n<meta name=\"twitter:card\" content=\"summary_large_image\" \/>\n<meta name=\"twitter:label1\" content=\"Escrito por\" \/>\n\t<meta name=\"twitter:data1\" content=\"Luzimara Fernandes\" \/>\n\t<meta name=\"twitter:label2\" content=\"Est. tempo de leitura\" \/>\n\t<meta name=\"twitter:data2\" content=\"2 minutos\" \/>\n<script type=\"application\/ld+json\" class=\"yoast-schema-graph\">{\"@context\":\"https:\/\/schema.org\",\"@graph\":[{\"@type\":\"Article\",\"@id\":\"https:\/\/jornalfatosenoticias.com.br\/index.php\/2025\/05\/27\/mostra-ecofalante-exibe-125-filmes-gratuitos-em-sp\/#article\",\"isPartOf\":{\"@id\":\"https:\/\/jornalfatosenoticias.com.br\/index.php\/2025\/05\/27\/mostra-ecofalante-exibe-125-filmes-gratuitos-em-sp\/\"},\"author\":{\"name\":\"Luzimara Fernandes\",\"@id\":\"https:\/\/jornalfatosenoticias.com.br\/#\/schema\/person\/d63837fa13ac8666eb9e74e0985d6f81\"},\"headline\":\"Mostra Ecofalante exibe 125 filmes gratuitos em SP\",\"datePublished\":\"2025-05-27T14:10:59+00:00\",\"dateModified\":\"2025-05-27T14:11:01+00:00\",\"mainEntityOfPage\":{\"@id\":\"https:\/\/jornalfatosenoticias.com.br\/index.php\/2025\/05\/27\/mostra-ecofalante-exibe-125-filmes-gratuitos-em-sp\/\"},\"wordCount\":366,\"commentCount\":0,\"publisher\":{\"@id\":\"https:\/\/jornalfatosenoticias.com.br\/#organization\"},\"image\":{\"@id\":\"https:\/\/jornalfatosenoticias.com.br\/index.php\/2025\/05\/27\/mostra-ecofalante-exibe-125-filmes-gratuitos-em-sp\/#primaryimage\"},\"thumbnailUrl\":\"https:\/\/jornalfatosenoticias.com.br\/wp-content\/uploads\/2025\/05\/filme-karuara_foto_divulgacao.jpg\",\"keywords\":[\"audiovisual\",\"cinema\",\"filmes\",\"filmes ind\u00edgenas\",\"Mostra Ecofalante\"],\"articleSection\":[\"Cultura\"],\"inLanguage\":\"pt-BR\",\"potentialAction\":[{\"@type\":\"CommentAction\",\"name\":\"Comment\",\"target\":[\"https:\/\/jornalfatosenoticias.com.br\/index.php\/2025\/05\/27\/mostra-ecofalante-exibe-125-filmes-gratuitos-em-sp\/#respond\"]}]},{\"@type\":\"WebPage\",\"@id\":\"https:\/\/jornalfatosenoticias.com.br\/index.php\/2025\/05\/27\/mostra-ecofalante-exibe-125-filmes-gratuitos-em-sp\/\",\"url\":\"https:\/\/jornalfatosenoticias.com.br\/index.php\/2025\/05\/27\/mostra-ecofalante-exibe-125-filmes-gratuitos-em-sp\/\",\"name\":\"Mostra Ecofalante exibe 125 filmes gratuitos em SP - Jornal Fatos e Not\u00edcias\",\"isPartOf\":{\"@id\":\"https:\/\/jornalfatosenoticias.com.br\/#website\"},\"primaryImageOfPage\":{\"@id\":\"https:\/\/jornalfatosenoticias.com.br\/index.php\/2025\/05\/27\/mostra-ecofalante-exibe-125-filmes-gratuitos-em-sp\/#primaryimage\"},\"image\":{\"@id\":\"https:\/\/jornalfatosenoticias.com.br\/index.php\/2025\/05\/27\/mostra-ecofalante-exibe-125-filmes-gratuitos-em-sp\/#primaryimage\"},\"thumbnailUrl\":\"https:\/\/jornalfatosenoticias.com.br\/wp-content\/uploads\/2025\/05\/filme-karuara_foto_divulgacao.jpg\",\"datePublished\":\"2025-05-27T14:10:59+00:00\",\"dateModified\":\"2025-05-27T14:11:01+00:00\",\"breadcrumb\":{\"@id\":\"https:\/\/jornalfatosenoticias.com.br\/index.php\/2025\/05\/27\/mostra-ecofalante-exibe-125-filmes-gratuitos-em-sp\/#breadcrumb\"},\"inLanguage\":\"pt-BR\",\"potentialAction\":[{\"@type\":\"ReadAction\",\"target\":[\"https:\/\/jornalfatosenoticias.com.br\/index.php\/2025\/05\/27\/mostra-ecofalante-exibe-125-filmes-gratuitos-em-sp\/\"]}]},{\"@type\":\"ImageObject\",\"inLanguage\":\"pt-BR\",\"@id\":\"https:\/\/jornalfatosenoticias.com.br\/index.php\/2025\/05\/27\/mostra-ecofalante-exibe-125-filmes-gratuitos-em-sp\/#primaryimage\",\"url\":\"https:\/\/jornalfatosenoticias.com.br\/wp-content\/uploads\/2025\/05\/filme-karuara_foto_divulgacao.jpg\",\"contentUrl\":\"https:\/\/jornalfatosenoticias.com.br\/wp-content\/uploads\/2025\/05\/filme-karuara_foto_divulgacao.jpg\",\"width\":1000,\"height\":597},{\"@type\":\"BreadcrumbList\",\"@id\":\"https:\/\/jornalfatosenoticias.com.br\/index.php\/2025\/05\/27\/mostra-ecofalante-exibe-125-filmes-gratuitos-em-sp\/#breadcrumb\",\"itemListElement\":[{\"@type\":\"ListItem\",\"position\":1,\"name\":\"In\u00edcio\",\"item\":\"https:\/\/jornalfatosenoticias.com.br\/\"},{\"@type\":\"ListItem\",\"position\":2,\"name\":\"Mostra Ecofalante exibe 125 filmes gratuitos em SP\"}]},{\"@type\":\"WebSite\",\"@id\":\"https:\/\/jornalfatosenoticias.com.br\/#website\",\"url\":\"https:\/\/jornalfatosenoticias.com.br\/\",\"name\":\"Jornal Fatos e Not\u00edcias\",\"description\":\"Not\u00edcias em geral\",\"publisher\":{\"@id\":\"https:\/\/jornalfatosenoticias.com.br\/#organization\"},\"potentialAction\":[{\"@type\":\"SearchAction\",\"target\":{\"@type\":\"EntryPoint\",\"urlTemplate\":\"https:\/\/jornalfatosenoticias.com.br\/?s={search_term_string}\"},\"query-input\":{\"@type\":\"PropertyValueSpecification\",\"valueRequired\":true,\"valueName\":\"search_term_string\"}}],\"inLanguage\":\"pt-BR\"},{\"@type\":\"Organization\",\"@id\":\"https:\/\/jornalfatosenoticias.com.br\/#organization\",\"name\":\"Jornal Fatos e Not\u00edcias\",\"url\":\"https:\/\/jornalfatosenoticias.com.br\/\",\"logo\":{\"@type\":\"ImageObject\",\"inLanguage\":\"pt-BR\",\"@id\":\"https:\/\/jornalfatosenoticias.com.br\/#\/schema\/logo\/image\/\",\"url\":\"https:\/\/jornalfatosenoticias.com.br\/wp-content\/uploads\/2020\/02\/logo120.png\",\"contentUrl\":\"https:\/\/jornalfatosenoticias.com.br\/wp-content\/uploads\/2020\/02\/logo120.png\",\"width\":1227,\"height\":120,\"caption\":\"Jornal Fatos e Not\u00edcias\"},\"image\":{\"@id\":\"https:\/\/jornalfatosenoticias.com.br\/#\/schema\/logo\/image\/\"}},{\"@type\":\"Person\",\"@id\":\"https:\/\/jornalfatosenoticias.com.br\/#\/schema\/person\/d63837fa13ac8666eb9e74e0985d6f81\",\"name\":\"Luzimara Fernandes\",\"image\":{\"@type\":\"ImageObject\",\"inLanguage\":\"pt-BR\",\"@id\":\"https:\/\/jornalfatosenoticias.com.br\/#\/schema\/person\/image\/\",\"url\":\"https:\/\/jornalfatosenoticias.com.br\/wp-content\/uploads\/2025\/05\/EU_portal.jpg\",\"contentUrl\":\"https:\/\/jornalfatosenoticias.com.br\/wp-content\/uploads\/2025\/05\/EU_portal.jpg\",\"caption\":\"Luzimara Fernandes\"},\"description\":\"Jornalista MTB 2358-ES\",\"sameAs\":[\"https:\/\/jornalfatosenoticias.com.br\"],\"url\":\"https:\/\/jornalfatosenoticias.com.br\/index.php\/author\/luzimara\/\"}]}<\/script>\n<!-- \/ Yoast SEO plugin. -->","yoast_head_json":{"title":"Mostra Ecofalante exibe 125 filmes gratuitos em SP - Jornal Fatos e Not\u00edcias","robots":{"index":"index","follow":"follow","max-snippet":"max-snippet:-1","max-image-preview":"max-image-preview:large","max-video-preview":"max-video-preview:-1"},"canonical":"https:\/\/jornalfatosenoticias.com.br\/index.php\/2025\/05\/27\/mostra-ecofalante-exibe-125-filmes-gratuitos-em-sp\/","og_locale":"pt_BR","og_type":"article","og_title":"Mostra Ecofalante exibe 125 filmes gratuitos em SP - Jornal Fatos e Not\u00edcias","og_description":"Evento acontece de 28 de maio a 11 de junho, com sess\u00f5es em 49 salas da capital e destaque para produ\u00e7\u00f5es premiadas, debates e homenagens A 14.\u00aa Mostra Ecofalante de Cinema, maior evento audiovisual dedicado a tem\u00e1ticas socioambientais da Am\u00e9rica Latina, acontece de\u00a028 de maio a 11 de junho, com entrada gratuita, em\u00a049 salas de\u00a0cinema [&hellip;]","og_url":"https:\/\/jornalfatosenoticias.com.br\/index.php\/2025\/05\/27\/mostra-ecofalante-exibe-125-filmes-gratuitos-em-sp\/","og_site_name":"Jornal Fatos e Not\u00edcias","article_published_time":"2025-05-27T14:10:59+00:00","article_modified_time":"2025-05-27T14:11:01+00:00","og_image":[{"width":1000,"height":597,"url":"https:\/\/jornalfatosenoticias.com.br\/wp-content\/uploads\/2025\/05\/filme-karuara_foto_divulgacao.jpg","type":"image\/jpeg"}],"author":"Luzimara Fernandes","twitter_card":"summary_large_image","twitter_misc":{"Escrito por":"Luzimara Fernandes","Est. tempo de leitura":"2 minutos"},"schema":{"@context":"https:\/\/schema.org","@graph":[{"@type":"Article","@id":"https:\/\/jornalfatosenoticias.com.br\/index.php\/2025\/05\/27\/mostra-ecofalante-exibe-125-filmes-gratuitos-em-sp\/#article","isPartOf":{"@id":"https:\/\/jornalfatosenoticias.com.br\/index.php\/2025\/05\/27\/mostra-ecofalante-exibe-125-filmes-gratuitos-em-sp\/"},"author":{"name":"Luzimara Fernandes","@id":"https:\/\/jornalfatosenoticias.com.br\/#\/schema\/person\/d63837fa13ac8666eb9e74e0985d6f81"},"headline":"Mostra Ecofalante exibe 125 filmes gratuitos em SP","datePublished":"2025-05-27T14:10:59+00:00","dateModified":"2025-05-27T14:11:01+00:00","mainEntityOfPage":{"@id":"https:\/\/jornalfatosenoticias.com.br\/index.php\/2025\/05\/27\/mostra-ecofalante-exibe-125-filmes-gratuitos-em-sp\/"},"wordCount":366,"commentCount":0,"publisher":{"@id":"https:\/\/jornalfatosenoticias.com.br\/#organization"},"image":{"@id":"https:\/\/jornalfatosenoticias.com.br\/index.php\/2025\/05\/27\/mostra-ecofalante-exibe-125-filmes-gratuitos-em-sp\/#primaryimage"},"thumbnailUrl":"https:\/\/jornalfatosenoticias.com.br\/wp-content\/uploads\/2025\/05\/filme-karuara_foto_divulgacao.jpg","keywords":["audiovisual","cinema","filmes","filmes ind\u00edgenas","Mostra Ecofalante"],"articleSection":["Cultura"],"inLanguage":"pt-BR","potentialAction":[{"@type":"CommentAction","name":"Comment","target":["https:\/\/jornalfatosenoticias.com.br\/index.php\/2025\/05\/27\/mostra-ecofalante-exibe-125-filmes-gratuitos-em-sp\/#respond"]}]},{"@type":"WebPage","@id":"https:\/\/jornalfatosenoticias.com.br\/index.php\/2025\/05\/27\/mostra-ecofalante-exibe-125-filmes-gratuitos-em-sp\/","url":"https:\/\/jornalfatosenoticias.com.br\/index.php\/2025\/05\/27\/mostra-ecofalante-exibe-125-filmes-gratuitos-em-sp\/","name":"Mostra Ecofalante exibe 125 filmes gratuitos em SP - Jornal Fatos e Not\u00edcias","isPartOf":{"@id":"https:\/\/jornalfatosenoticias.com.br\/#website"},"primaryImageOfPage":{"@id":"https:\/\/jornalfatosenoticias.com.br\/index.php\/2025\/05\/27\/mostra-ecofalante-exibe-125-filmes-gratuitos-em-sp\/#primaryimage"},"image":{"@id":"https:\/\/jornalfatosenoticias.com.br\/index.php\/2025\/05\/27\/mostra-ecofalante-exibe-125-filmes-gratuitos-em-sp\/#primaryimage"},"thumbnailUrl":"https:\/\/jornalfatosenoticias.com.br\/wp-content\/uploads\/2025\/05\/filme-karuara_foto_divulgacao.jpg","datePublished":"2025-05-27T14:10:59+00:00","dateModified":"2025-05-27T14:11:01+00:00","breadcrumb":{"@id":"https:\/\/jornalfatosenoticias.com.br\/index.php\/2025\/05\/27\/mostra-ecofalante-exibe-125-filmes-gratuitos-em-sp\/#breadcrumb"},"inLanguage":"pt-BR","potentialAction":[{"@type":"ReadAction","target":["https:\/\/jornalfatosenoticias.com.br\/index.php\/2025\/05\/27\/mostra-ecofalante-exibe-125-filmes-gratuitos-em-sp\/"]}]},{"@type":"ImageObject","inLanguage":"pt-BR","@id":"https:\/\/jornalfatosenoticias.com.br\/index.php\/2025\/05\/27\/mostra-ecofalante-exibe-125-filmes-gratuitos-em-sp\/#primaryimage","url":"https:\/\/jornalfatosenoticias.com.br\/wp-content\/uploads\/2025\/05\/filme-karuara_foto_divulgacao.jpg","contentUrl":"https:\/\/jornalfatosenoticias.com.br\/wp-content\/uploads\/2025\/05\/filme-karuara_foto_divulgacao.jpg","width":1000,"height":597},{"@type":"BreadcrumbList","@id":"https:\/\/jornalfatosenoticias.com.br\/index.php\/2025\/05\/27\/mostra-ecofalante-exibe-125-filmes-gratuitos-em-sp\/#breadcrumb","itemListElement":[{"@type":"ListItem","position":1,"name":"In\u00edcio","item":"https:\/\/jornalfatosenoticias.com.br\/"},{"@type":"ListItem","position":2,"name":"Mostra Ecofalante exibe 125 filmes gratuitos em SP"}]},{"@type":"WebSite","@id":"https:\/\/jornalfatosenoticias.com.br\/#website","url":"https:\/\/jornalfatosenoticias.com.br\/","name":"Jornal Fatos e Not\u00edcias","description":"Not\u00edcias em geral","publisher":{"@id":"https:\/\/jornalfatosenoticias.com.br\/#organization"},"potentialAction":[{"@type":"SearchAction","target":{"@type":"EntryPoint","urlTemplate":"https:\/\/jornalfatosenoticias.com.br\/?s={search_term_string}"},"query-input":{"@type":"PropertyValueSpecification","valueRequired":true,"valueName":"search_term_string"}}],"inLanguage":"pt-BR"},{"@type":"Organization","@id":"https:\/\/jornalfatosenoticias.com.br\/#organization","name":"Jornal Fatos e Not\u00edcias","url":"https:\/\/jornalfatosenoticias.com.br\/","logo":{"@type":"ImageObject","inLanguage":"pt-BR","@id":"https:\/\/jornalfatosenoticias.com.br\/#\/schema\/logo\/image\/","url":"https:\/\/jornalfatosenoticias.com.br\/wp-content\/uploads\/2020\/02\/logo120.png","contentUrl":"https:\/\/jornalfatosenoticias.com.br\/wp-content\/uploads\/2020\/02\/logo120.png","width":1227,"height":120,"caption":"Jornal Fatos e Not\u00edcias"},"image":{"@id":"https:\/\/jornalfatosenoticias.com.br\/#\/schema\/logo\/image\/"}},{"@type":"Person","@id":"https:\/\/jornalfatosenoticias.com.br\/#\/schema\/person\/d63837fa13ac8666eb9e74e0985d6f81","name":"Luzimara Fernandes","image":{"@type":"ImageObject","inLanguage":"pt-BR","@id":"https:\/\/jornalfatosenoticias.com.br\/#\/schema\/person\/image\/","url":"https:\/\/jornalfatosenoticias.com.br\/wp-content\/uploads\/2025\/05\/EU_portal.jpg","contentUrl":"https:\/\/jornalfatosenoticias.com.br\/wp-content\/uploads\/2025\/05\/EU_portal.jpg","caption":"Luzimara Fernandes"},"description":"Jornalista MTB 2358-ES","sameAs":["https:\/\/jornalfatosenoticias.com.br"],"url":"https:\/\/jornalfatosenoticias.com.br\/index.php\/author\/luzimara\/"}]}},"cc_featured_image_caption":{"caption_text":"Filme \u201cKaruara, o Povo do Rio\u201d (Foto: Divulga\u00e7\u00e3o)","source_text":"","source_url":""},"jetpack_featured_media_url":"https:\/\/jornalfatosenoticias.com.br\/wp-content\/uploads\/2025\/05\/filme-karuara_foto_divulgacao.jpg","_links":{"self":[{"href":"https:\/\/jornalfatosenoticias.com.br\/index.php\/wp-json\/wp\/v2\/posts\/59517","targetHints":{"allow":["GET"]}}],"collection":[{"href":"https:\/\/jornalfatosenoticias.com.br\/index.php\/wp-json\/wp\/v2\/posts"}],"about":[{"href":"https:\/\/jornalfatosenoticias.com.br\/index.php\/wp-json\/wp\/v2\/types\/post"}],"author":[{"embeddable":true,"href":"https:\/\/jornalfatosenoticias.com.br\/index.php\/wp-json\/wp\/v2\/users\/2"}],"replies":[{"embeddable":true,"href":"https:\/\/jornalfatosenoticias.com.br\/index.php\/wp-json\/wp\/v2\/comments?post=59517"}],"version-history":[{"count":0,"href":"https:\/\/jornalfatosenoticias.com.br\/index.php\/wp-json\/wp\/v2\/posts\/59517\/revisions"}],"wp:featuredmedia":[{"embeddable":true,"href":"https:\/\/jornalfatosenoticias.com.br\/index.php\/wp-json\/wp\/v2\/media\/59518"}],"wp:attachment":[{"href":"https:\/\/jornalfatosenoticias.com.br\/index.php\/wp-json\/wp\/v2\/media?parent=59517"}],"wp:term":[{"taxonomy":"category","embeddable":true,"href":"https:\/\/jornalfatosenoticias.com.br\/index.php\/wp-json\/wp\/v2\/categories?post=59517"},{"taxonomy":"post_tag","embeddable":true,"href":"https:\/\/jornalfatosenoticias.com.br\/index.php\/wp-json\/wp\/v2\/tags?post=59517"}],"curies":[{"name":"wp","href":"https:\/\/api.w.org\/{rel}","templated":true}]}}