{"id":59526,"date":"2025-05-27T14:15:31","date_gmt":"2025-05-27T17:15:31","guid":{"rendered":"https:\/\/jornalfatosenoticias.com.br\/?p=59526"},"modified":"2025-05-27T14:15:32","modified_gmt":"2025-05-27T17:15:32","slug":"governo-lula-quer-arrecadar-mais-subindo-imposto-que-deveria-ser-regulatorio","status":"publish","type":"post","link":"https:\/\/jornalfatosenoticias.com.br\/index.php\/2025\/05\/27\/governo-lula-quer-arrecadar-mais-subindo-imposto-que-deveria-ser-regulatorio\/","title":{"rendered":"Governo Lula quer arrecadar mais subindo imposto que deveria ser regulat\u00f3rio"},"content":{"rendered":"\n<p><em><span class=\"has-inline-color has-black-color\">O ministro da Fazenda, Fernando Haddad, recorreu ao IOF, um tributo regulat\u00f3rio, para aumentar a arrecada\u00e7\u00e3o<\/span><\/em><\/p>\n\n\n\n<p><span class=\"has-inline-color has-black-color\">Por <strong><a href=\"https:\/\/www.gazetadopovo.com.br\/autor\/rose-amantea\/\" rel=\"sponsored nofollow\">Rose Amant\u00e9a<\/a><\/strong><\/span><\/p>\n\n\n\n<div class=\"wp-block-image\"><figure class=\"aligncenter size-large\"><a href=\"https:\/\/mizu.com.br\/\"><img loading=\"lazy\" decoding=\"async\" width=\"729\" height=\"90\" src=\"https:\/\/jornalfatosenoticias.com.br\/wp-content\/uploads\/2020\/02\/Logo_Mizu.png\" alt=\"\" class=\"wp-image-1441\" srcset=\"https:\/\/jornalfatosenoticias.com.br\/wp-content\/uploads\/2020\/02\/Logo_Mizu.png 729w, https:\/\/jornalfatosenoticias.com.br\/wp-content\/uploads\/2020\/02\/Logo_Mizu-300x37.png 300w\" sizes=\"auto, (max-width: 729px) 100vw, 729px\" \/><\/a><\/figure><\/div>\n\n\n\n<p>O recente aumento do Imposto sobre Opera\u00e7\u00f5es Financeiras (IOF) para equilibrar as contas do governo Lula (PT) representa um desvio da finalidade original do tributo, que tem car\u00e1ter regulat\u00f3rio. Isso significa dizer que ele deve servir como instrumento de pol\u00edtica econ\u00f4mica para corrigir distor\u00e7\u00f5es cambiais ou monet\u00e1rias, e n\u00e3o como ferramenta para abastecer os cofres da Uni\u00e3o.<br>No an\u00fancio do decreto que elevou para 3,50% as al\u00edquotas de IOF para transa\u00e7\u00f5es no exterior, empr\u00e9stimos para empresas e seguros, o ministro da Fazenda, Fernando Haddad, deixou clara a inten\u00e7\u00e3o de aumentar a arrecada\u00e7\u00e3o para alcan\u00e7ar a meta fiscal prevista no Or\u00e7amento deste ano.<br>O impacto esperado \u00e9 de R$ 18 bilh\u00f5es na arrecada\u00e7\u00e3o de 2025, j\u00e1 contabilizado o recuo de parte das medidas pelo governo ap\u00f3s a rea\u00e7\u00e3o negativa do mercado financeiro \u2014 a Fazenda desistiu de elevar a taxa\u00e7\u00e3o de aplica\u00e7\u00f5es de fundos nacionais no exterior e remessas de pessoas f\u00edsicas para investimentos fora do pa\u00eds.<\/p>\n\n\n\n<div class=\"wp-block-image\"><figure class=\"aligncenter size-large is-resized\"><a href=\"https:\/\/www.instagram.com\/serra4x4cambioautomatico\/\"><img loading=\"lazy\" decoding=\"async\" src=\"https:\/\/jornalfatosenoticias.com.br\/wp-content\/uploads\/2024\/08\/Serra-4x4-1-886x1024.jpg\" alt=\"\" class=\"wp-image-53632\" width=\"273\" height=\"315\" srcset=\"https:\/\/jornalfatosenoticias.com.br\/wp-content\/uploads\/2024\/08\/Serra-4x4-1-886x1024.jpg 886w, https:\/\/jornalfatosenoticias.com.br\/wp-content\/uploads\/2024\/08\/Serra-4x4-1-260x300.jpg 260w, https:\/\/jornalfatosenoticias.com.br\/wp-content\/uploads\/2024\/08\/Serra-4x4-1-768x888.jpg 768w, https:\/\/jornalfatosenoticias.com.br\/wp-content\/uploads\/2024\/08\/Serra-4x4-1.jpg 1181w\" sizes=\"auto, (max-width: 273px) 100vw, 273px\" \/><\/a><\/figure><\/div>\n\n\n\n<p><strong><span class=\"has-inline-color has-black-color\">Desvio \u00e9 uma anomalia do sistema brasileiro<br><\/span><\/strong>Especialistas ouvidos pela Gazeta do Povo classificam essa utiliza\u00e7\u00e3o fiscal do IOF como uma distor\u00e7\u00e3o. Marco Ant\u00f4nio Ruzene, da Ruzene Sociedade de Advogados, diz que o uso arrecadat\u00f3rio do IOF \u00e9 uma \u201canomalia no sistema tribut\u00e1rio brasileiro\u201d.<\/p>\n\n\n\n<blockquote class=\"wp-block-quote is-layout-flow wp-block-quote-is-layout-flow\"><p><span class=\"has-inline-color has-luminous-vivid-orange-color\">O problema \u00e9 que o governo age de acordo com a casualidade\u201d, afirma. \u201cPrecisa de dinheiro hoje, ent\u00e3o procura onde pode arrecadar de forma mais r\u00e1pida. Aumentar o IOF vira uma solu\u00e7\u00e3o f\u00e1cil, embora distorcida, j\u00e1 que o aumento n\u00e3o precisa passar pelo Congresso\u201d.<\/span><\/p><\/blockquote>\n\n\n\n<div class=\"wp-block-image\"><figure class=\"aligncenter size-large is-resized\"><a href=\"https:\/\/www.instagram.com\/restaurantepegoretti\/\"><img loading=\"lazy\" decoding=\"async\" src=\"https:\/\/jornalfatosenoticias.com.br\/wp-content\/uploads\/2023\/12\/pegoretti-logo-pdf-1024x389.jpg\" alt=\"\" class=\"wp-image-47536\" width=\"496\" height=\"188\" srcset=\"https:\/\/jornalfatosenoticias.com.br\/wp-content\/uploads\/2023\/12\/pegoretti-logo-pdf-1024x389.jpg 1024w, https:\/\/jornalfatosenoticias.com.br\/wp-content\/uploads\/2023\/12\/pegoretti-logo-pdf-300x114.jpg 300w, https:\/\/jornalfatosenoticias.com.br\/wp-content\/uploads\/2023\/12\/pegoretti-logo-pdf-768x291.jpg 768w, https:\/\/jornalfatosenoticias.com.br\/wp-content\/uploads\/2023\/12\/pegoretti-logo-pdf.jpg 1120w\" sizes=\"auto, (max-width: 496px) 100vw, 496px\" \/><\/a><\/figure><\/div>\n\n\n\n<p>O IOF foi criado ainda no governo militar e incorporado \u00e0 Constitui\u00e7\u00e3o de 1988 com fun\u00e7\u00e3o parafiscal \u2014 ou seja \u2014 sem objetivo predominantemente arrecadat\u00f3rio. Sua fun\u00e7\u00e3o principal \u00e9 regular o mercado financeiro, incidindo sobre opera\u00e7\u00f5es de cr\u00e9dito, c\u00e2mbio, seguros e valores mobili\u00e1rios. Foi desenhado para permitir que o governo aja rapidamente diante de choques econ\u00f4micos, como fuga de capitais, flutua\u00e7\u00f5es cambiais ou eventos no mercado de cr\u00e9dito. \u201cO IOF serve para induzir comportamentos\u201d, explica o tributarista Fl\u00e1vio Molinari, do Collavini Borges Molinari Advogados.<\/p>\n\n\n\n<div class=\"wp-block-image\"><figure class=\"aligncenter size-large is-resized\"><a href=\"https:\/\/www.instagram.com\/esteio.churrascaria\/\"><img loading=\"lazy\" decoding=\"async\" src=\"https:\/\/jornalfatosenoticias.com.br\/wp-content\/uploads\/2022\/02\/LOGO-ESTEIO-1024x730.png\" alt=\"\" class=\"wp-image-27942\" width=\"347\" height=\"247\" srcset=\"https:\/\/jornalfatosenoticias.com.br\/wp-content\/uploads\/2022\/02\/LOGO-ESTEIO-1024x730.png 1024w, https:\/\/jornalfatosenoticias.com.br\/wp-content\/uploads\/2022\/02\/LOGO-ESTEIO-300x214.png 300w, https:\/\/jornalfatosenoticias.com.br\/wp-content\/uploads\/2022\/02\/LOGO-ESTEIO-768x548.png 768w, https:\/\/jornalfatosenoticias.com.br\/wp-content\/uploads\/2022\/02\/LOGO-ESTEIO.png 1123w\" sizes=\"auto, (max-width: 347px) 100vw, 347px\" \/><\/a><\/figure><\/div>\n\n\n\n<blockquote class=\"wp-block-quote is-layout-flow wp-block-quote-is-layout-flow\"><p><span class=\"has-inline-color has-luminous-vivid-orange-color\">Se h\u00e1 uma fuga de d\u00f3lares, por exemplo, o governo pode aumentar o imposto sobre opera\u00e7\u00f5es de c\u00e2mbio para encarecer essa movimenta\u00e7\u00e3o e desincentivar a sa\u00edda de recursos. Mas quando ele usa o IOF para tampar buracos no or\u00e7amento, desvirtua completamente sua fun\u00e7\u00e3o constitucional\u201d.<\/span><\/p><\/blockquote>\n\n\n\n<div class=\"wp-block-image\"><figure class=\"aligncenter size-large is-resized\"><a href=\"https:\/\/www.legisjuris.com.br\/\"><img loading=\"lazy\" decoding=\"async\" src=\"https:\/\/jornalfatosenoticias.com.br\/wp-content\/uploads\/2024\/09\/Legis-Juris-Consultoria_logo.jpg\" alt=\"\" class=\"wp-image-53915\" width=\"523\" height=\"219\" srcset=\"https:\/\/jornalfatosenoticias.com.br\/wp-content\/uploads\/2024\/09\/Legis-Juris-Consultoria_logo.jpg 969w, https:\/\/jornalfatosenoticias.com.br\/wp-content\/uploads\/2024\/09\/Legis-Juris-Consultoria_logo-300x126.jpg 300w, https:\/\/jornalfatosenoticias.com.br\/wp-content\/uploads\/2024\/09\/Legis-Juris-Consultoria_logo-768x322.jpg 768w\" sizes=\"auto, (max-width: 523px) 100vw, 523px\" \/><\/a><\/figure><\/div>\n\n\n\n<p>Ruzene destaca tamb\u00e9m que a medida contraria compromissos internacionais assumidos no governo anterior. \u201cO Brasil se comprometeu a zerar gradualmente o IOF no processo de ades\u00e3o \u00e0 OCDE [Organiza\u00e7\u00e3o para a Coopera\u00e7\u00e3o e Desenvolvimento Econ\u00f4mico, o &#8216;clube dos pa\u00edses ricos&#8217;], porque \u00e9 um imposto que praticamente n\u00e3o existe nas economias desenvolvidas. Quando o governo vai na contram\u00e3o disso e aumenta a al\u00edquota, est\u00e1 n\u00e3o apenas desvirtuando a fun\u00e7\u00e3o do imposto, mas tamb\u00e9m retrocedendo em termos de liberdade econ\u00f4mica\u201d, afirma.<\/p>\n\n\n\n<div class=\"wp-block-image\"><figure class=\"aligncenter size-large is-resized\"><a href=\"https:\/\/www.facebook.com\/profile.php?id=100069289606145\"><img loading=\"lazy\" decoding=\"async\" src=\"https:\/\/jornalfatosenoticias.com.br\/wp-content\/uploads\/2024\/11\/Guaitolini-Contabilidade-1024x714.jpeg\" alt=\"\" class=\"wp-image-55808\" width=\"326\" height=\"227\" srcset=\"https:\/\/jornalfatosenoticias.com.br\/wp-content\/uploads\/2024\/11\/Guaitolini-Contabilidade-1024x714.jpeg 1024w, https:\/\/jornalfatosenoticias.com.br\/wp-content\/uploads\/2024\/11\/Guaitolini-Contabilidade-300x209.jpeg 300w, https:\/\/jornalfatosenoticias.com.br\/wp-content\/uploads\/2024\/11\/Guaitolini-Contabilidade-768x535.jpeg 768w, https:\/\/jornalfatosenoticias.com.br\/wp-content\/uploads\/2024\/11\/Guaitolini-Contabilidade.jpeg 1280w\" sizes=\"auto, (max-width: 326px) 100vw, 326px\" \/><\/a><\/figure><\/div>\n\n\n\n<p><strong><span class=\"has-inline-color has-black-color\">Judicializa\u00e7\u00e3o \u00e9 poss\u00edvel, mas incerta<br><\/span><\/strong>Apesar do consenso sobre o desvirtuamento, os tributaristas divergem quanto \u00e0s chances de sucesso na judicializa\u00e7\u00e3o. Para Molinari, o car\u00e1ter arrecadat\u00f3rio viola a regra constitucional, e o decreto poder\u00e1 ser questionado por entidades ou associa\u00e7\u00f5es da ind\u00fastria, do agroneg\u00f3cio e de investidores.<\/p>\n\n\n\n<div class=\"wp-block-image\"><figure class=\"aligncenter size-large\"><a href=\"http:\/\/www.ferrarimaquinas.com.br\/\"><img loading=\"lazy\" decoding=\"async\" width=\"300\" height=\"250\" src=\"https:\/\/jornalfatosenoticias.com.br\/wp-content\/uploads\/2022\/02\/FERRARI_MAQUINAS-E-FERRAMENTAS2.jpg\" alt=\"\" class=\"wp-image-27860\"\/><\/a><\/figure><\/div>\n\n\n\n<blockquote class=\"wp-block-quote is-layout-flow wp-block-quote-is-layout-flow\"><p><span class=\"has-inline-color has-luminous-vivid-orange-color\">Nesse caso, poderia ser arguida a inconstitucionalidade da medida\u201d, admite. \u201cAlinho-me a v\u00e1rios tributaristas que veem essa possibilidade, apesar de a jurisprud\u00eancia n\u00e3o ser favor\u00e1vel\u201d.<\/span><\/p><\/blockquote>\n\n\n\n<div class=\"wp-block-image\"><figure class=\"aligncenter size-large is-resized\"><a href=\"https:\/\/www.instagram.com\/gruposei\/\"><img loading=\"lazy\" decoding=\"async\" src=\"https:\/\/jornalfatosenoticias.com.br\/wp-content\/uploads\/2022\/07\/Logo-Grupo-SEI.jpg\" alt=\"\" class=\"wp-image-31973\" width=\"332\" height=\"174\" srcset=\"https:\/\/jornalfatosenoticias.com.br\/wp-content\/uploads\/2022\/07\/Logo-Grupo-SEI.jpg 713w, https:\/\/jornalfatosenoticias.com.br\/wp-content\/uploads\/2022\/07\/Logo-Grupo-SEI-300x158.jpg 300w\" sizes=\"auto, (max-width: 332px) 100vw, 332px\" \/><\/a><\/figure><\/div>\n\n\n\n<p>Um caso parecido ocorreu em meados de 2008, ap\u00f3s a extin\u00e7\u00e3o da CPMF em dezembro de 2007. O governo editou o Decreto n.\u00ba 6.339\/2008, elevando de forma repentina as al\u00edquotas do IOF para compensar a perda de arrecada\u00e7\u00e3o. Uma A\u00e7\u00e3o Direta de Inconstitucionalidade chegou ao STF, mas, em julho daquele ano, o plen\u00e1rio negou liminar e manteve o aumento ao entender que n\u00e3o havia prova de que a finalidade do reajuste fora exclusivamente arrecadat\u00f3ria ou parafiscal.<\/p>\n\n\n\n<div class=\"wp-block-image\"><figure class=\"aligncenter size-large is-resized\"><a href=\"https:\/\/www.controlsystems.com.br\/\"><img loading=\"lazy\" decoding=\"async\" src=\"https:\/\/jornalfatosenoticias.com.br\/wp-content\/uploads\/2020\/02\/CONTROL-CS.jpg\" alt=\"\" class=\"wp-image-44991\" width=\"261\" height=\"313\" srcset=\"https:\/\/jornalfatosenoticias.com.br\/wp-content\/uploads\/2020\/02\/CONTROL-CS.jpg 834w, https:\/\/jornalfatosenoticias.com.br\/wp-content\/uploads\/2020\/02\/CONTROL-CS-250x300.jpg 250w, https:\/\/jornalfatosenoticias.com.br\/wp-content\/uploads\/2020\/02\/CONTROL-CS-768x921.jpg 768w\" sizes=\"auto, (max-width: 261px) 100vw, 261px\" \/><\/a><\/figure><\/div>\n\n\n\n<p>Para Molinari, a situa\u00e7\u00e3o atual \u00e9 diferente. Uma das evid\u00eancias do desvirtuamento \u00e9 a incid\u00eancia sobre opera\u00e7\u00f5es de \u201crisco sacado\u201d \u2014 cess\u00e3o de direitos credit\u00f3rios, como nos Fundos de Investimento em Direitos Credit\u00f3rios (FIDCs) \u2014 agora tributadas como opera\u00e7\u00f5es de cr\u00e9dito.<\/p>\n\n\n\n<div class=\"wp-block-image\"><figure class=\"aligncenter size-large is-resized\"><a href=\"https:\/\/www.facebook.com\/postobkr\/?locale=pt_BR\"><img loading=\"lazy\" decoding=\"async\" src=\"https:\/\/jornalfatosenoticias.com.br\/wp-content\/uploads\/2023\/08\/BKR-1024x1021.jpg\" alt=\"\" class=\"wp-image-44494\" width=\"303\" height=\"302\" srcset=\"https:\/\/jornalfatosenoticias.com.br\/wp-content\/uploads\/2023\/08\/BKR-1024x1021.jpg 1024w, https:\/\/jornalfatosenoticias.com.br\/wp-content\/uploads\/2023\/08\/BKR-300x300.jpg 300w, https:\/\/jornalfatosenoticias.com.br\/wp-content\/uploads\/2023\/08\/BKR-150x150.jpg 150w, https:\/\/jornalfatosenoticias.com.br\/wp-content\/uploads\/2023\/08\/BKR-768x766.jpg 768w, https:\/\/jornalfatosenoticias.com.br\/wp-content\/uploads\/2023\/08\/BKR.jpg 1080w\" sizes=\"auto, (max-width: 303px) 100vw, 303px\" \/><\/a><\/figure><\/div>\n\n\n\n<blockquote class=\"wp-block-quote is-layout-flow wp-block-quote-is-layout-flow\"><p><span class=\"has-inline-color has-luminous-vivid-orange-color\">N\u00e3o se trata de regula\u00e7\u00e3o de mercado, porque essa opera\u00e7\u00e3o n\u00e3o gera volatilidade; \u00e9 est\u00e1tica e sem impacto no mercado financeiro&#8221;, argumenta. &#8220;Isso demonstra que o governo est\u00e1 buscando nova base de arrecada\u00e7\u00e3o\u201d.<\/span><\/p><\/blockquote>\n\n\n\n<div class=\"wp-block-image\"><figure class=\"aligncenter size-large is-resized\"><a href=\"https:\/\/www.facebook.com\/vetor.vix\/\"><img loading=\"lazy\" decoding=\"async\" src=\"https:\/\/jornalfatosenoticias.com.br\/wp-content\/uploads\/2023\/09\/vetorvix1024_1.jpg\" alt=\"\" class=\"wp-image-44868\" width=\"550\" height=\"146\" srcset=\"https:\/\/jornalfatosenoticias.com.br\/wp-content\/uploads\/2023\/09\/vetorvix1024_1.jpg 1024w, https:\/\/jornalfatosenoticias.com.br\/wp-content\/uploads\/2023\/09\/vetorvix1024_1-300x80.jpg 300w, https:\/\/jornalfatosenoticias.com.br\/wp-content\/uploads\/2023\/09\/vetorvix1024_1-768x205.jpg 768w\" sizes=\"auto, (max-width: 550px) 100vw, 550px\" \/><\/a><\/figure><\/div>\n\n\n\n<p>Para Ruzene, contudo, mesmo admitindo que o aumento visou \u201ctampar buracos\u201d or\u00e7ament\u00e1rios, o questionamento jur\u00eddico enfrenta barreiras. \u201cTodo tributo gera alguma arrecada\u00e7\u00e3o, ainda que secund\u00e1ria. S\u00f3 isso n\u00e3o basta para declarar ilegalidade ou inconstitucionalidade&#8221;, afirma. &#8220;Para isso, o aumento precisaria ter sido feito por instrumento n\u00e3o previsto em lei\u201d. Ele observa que o STF tem mantido o car\u00e1ter secund\u00e1rio do IOF e n\u00e3o considera tais atos administrativos irregulares.<\/p>\n\n\n\n<div class=\"wp-block-image\"><figure class=\"aligncenter size-large\"><a href=\"https:\/\/www.cesconetto.com.br\/\"><img loading=\"lazy\" decoding=\"async\" width=\"300\" height=\"250\" src=\"https:\/\/jornalfatosenoticias.com.br\/wp-content\/uploads\/2022\/02\/Banner-2.png\" alt=\"\" class=\"wp-image-27877\"\/><\/a><\/figure><\/div>\n\n\n\n<p><strong><span class=\"has-inline-color has-black-color\">Crise pol\u00edtica j\u00e1 est\u00e1 instalada<br><\/span><\/strong>Apesar das incertezas jur\u00eddicas, a crise deflagrada pelo decreto da Fazenda mobilizou o Congresso e o empresariado e est\u00e1 longe do seu fim. C\u00e2mara e Senado j\u00e1 receberam Projetos de Decreto Legislativo de autoria do deputado federal Zucco (PL-RS) e do senador Rog\u00e9rio Marinho (PL-RN) para sustar o aumento das al\u00edquotas do IOF.<\/p>\n\n\n\n<div class=\"wp-block-image\"><figure class=\"aligncenter size-large is-resized\"><a href=\"https:\/\/www.instagram.com\/rcradiadores\/\"><img loading=\"lazy\" decoding=\"async\" src=\"https:\/\/jornalfatosenoticias.com.br\/wp-content\/uploads\/2022\/10\/RC_800x750_page-0001.jpg\" alt=\"\" class=\"wp-image-35338\" width=\"294\" height=\"276\" srcset=\"https:\/\/jornalfatosenoticias.com.br\/wp-content\/uploads\/2022\/10\/RC_800x750_page-0001.jpg 400w, https:\/\/jornalfatosenoticias.com.br\/wp-content\/uploads\/2022\/10\/RC_800x750_page-0001-300x281.jpg 300w\" sizes=\"auto, (max-width: 294px) 100vw, 294px\" \/><\/a><\/figure><\/div>\n\n\n\n<p>Nesta segunda-feira (26), sete entidades do setor produtivo publicaram manifesto pedindo que o Congresso anule os decretos do Minist\u00e9rio da Fazenda. \u201cEsperamos que o Congresso se debruce sobre o tema e avalie com responsabilidade a anula\u00e7\u00e3o do decreto do governo federal. O Brasil ostenta uma das maiores cargas tribut\u00e1rias do mundo. Precisamos de um ambiente melhor para crescer \u2014 e isso se faz com aumento de arrecada\u00e7\u00e3o baseado no crescimento da economia, n\u00e3o com mais impostos\u201d, diz o documento.<\/p>\n\n\n\n<div class=\"wp-block-image\"><figure class=\"aligncenter size-large is-resized\"><a href=\"https:\/\/panper.com.br\/\"><img loading=\"lazy\" decoding=\"async\" src=\"https:\/\/jornalfatosenoticias.com.br\/wp-content\/uploads\/2023\/03\/logo-Panper_portal.jpg\" alt=\"\" class=\"wp-image-40208\" width=\"331\" height=\"229\" srcset=\"https:\/\/jornalfatosenoticias.com.br\/wp-content\/uploads\/2023\/03\/logo-Panper_portal.jpg 400w, https:\/\/jornalfatosenoticias.com.br\/wp-content\/uploads\/2023\/03\/logo-Panper_portal-300x208.jpg 300w\" sizes=\"auto, (max-width: 331px) 100vw, 331px\" \/><\/a><\/figure><\/div>\n\n\n\n<p>O documento \u00e9 assinado pelas confedera\u00e7\u00f5es nacionais da Ind\u00fastria (CNI), do agroneg\u00f3cio (CNA), do com\u00e9rcio e servi\u00e7os (CNC), das institui\u00e7\u00f5es financeiras (CNF), das seguradoras (CNseg), al\u00e9m da Associa\u00e7\u00e3o Brasileira das Companhias Abertas (Abrasca) e da Organiza\u00e7\u00e3o das Cooperativas Brasileiras (OCB).<\/p>\n\n\n\n<div class=\"wp-block-image\"><figure class=\"aligncenter size-large is-resized\"><a href=\"https:\/\/hotelmarquetti.com.br\/\"><img loading=\"lazy\" decoding=\"async\" src=\"https:\/\/jornalfatosenoticias.com.br\/wp-content\/uploads\/2020\/02\/LOGO-MQ-1024x680.jpg\" alt=\"\" class=\"wp-image-58299\" width=\"345\" height=\"229\" srcset=\"https:\/\/jornalfatosenoticias.com.br\/wp-content\/uploads\/2020\/02\/LOGO-MQ-1024x680.jpg 1024w, https:\/\/jornalfatosenoticias.com.br\/wp-content\/uploads\/2020\/02\/LOGO-MQ-300x199.jpg 300w, https:\/\/jornalfatosenoticias.com.br\/wp-content\/uploads\/2020\/02\/LOGO-MQ-768x510.jpg 768w, https:\/\/jornalfatosenoticias.com.br\/wp-content\/uploads\/2020\/02\/LOGO-MQ-1536x1020.jpg 1536w, https:\/\/jornalfatosenoticias.com.br\/wp-content\/uploads\/2020\/02\/LOGO-MQ-2048x1360.jpg 2048w\" sizes=\"auto, (max-width: 345px) 100vw, 345px\" \/><\/a><\/figure><\/div>\n\n\n\n<p>Na mesma data, o presidente da C\u00e2mara, Hugo Motta (Republicanos-PB), afirmou que levar\u00e1 o PDL \u00e0 pr\u00f3xima reuni\u00e3o de l\u00edderes, na quarta-feira (28). \u201cO projeto foi protocolado na sexta-feira [23]&#8221;, disse ao jornal O Globo. &#8220;Ainda n\u00e3o tive tempo de tratar com os l\u00edderes. Vamos debater na pr\u00f3xima reuni\u00e3o\u201d.<\/p>\n\n\n\n<p><strong>Fonte: <a href=\"https:\/\/www.gazetadopovo.com.br\/economia\/governo-lula-quer-arrecadar-mais-subindo-imposto-que-deveria-ser-regulatorio\/\">Gazeta do Povo<\/a><\/strong><\/p>\n","protected":false},"excerpt":{"rendered":"<p>O ministro da Fazenda, Fernando Haddad, recorreu ao IOF, um tributo regulat\u00f3rio, para aumentar a arrecada\u00e7\u00e3o Por Rose Amant\u00e9a O recente aumento do Imposto sobre Opera\u00e7\u00f5es Financeiras (IOF) para equilibrar as contas do governo Lula (PT) representa um desvio da finalidade original do tributo, que tem car\u00e1ter regulat\u00f3rio. Isso significa dizer que ele deve servir [&hellip;]<\/p>\n","protected":false},"author":2,"featured_media":48679,"comment_status":"open","ping_status":"open","sticky":false,"template":"","format":"standard","meta":{"footnotes":""},"categories":[9],"tags":[24447,27184,18343,8257,27183,17828],"class_list":["post-59526","post","type-post","status-publish","format-standard","has-post-thumbnail","hentry","category-economia","tag-desvio-de-finalidade","tag-fernando-haddah","tag-governo-lula","tag-impostos","tag-iof","tag-tributo"],"yoast_head":"<!-- This site is optimized with the Yoast SEO plugin v26.5 - https:\/\/yoast.com\/wordpress\/plugins\/seo\/ -->\n<title>Governo Lula quer arrecadar mais subindo imposto que deveria ser regulat\u00f3rio - Jornal Fatos e Not\u00edcias<\/title>\n<meta name=\"robots\" content=\"index, follow, max-snippet:-1, max-image-preview:large, max-video-preview:-1\" \/>\n<link rel=\"canonical\" href=\"https:\/\/jornalfatosenoticias.com.br\/index.php\/2025\/05\/27\/governo-lula-quer-arrecadar-mais-subindo-imposto-que-deveria-ser-regulatorio\/\" \/>\n<meta property=\"og:locale\" content=\"pt_BR\" \/>\n<meta property=\"og:type\" content=\"article\" \/>\n<meta property=\"og:title\" content=\"Governo Lula quer arrecadar mais subindo imposto que deveria ser regulat\u00f3rio - Jornal Fatos e Not\u00edcias\" \/>\n<meta property=\"og:description\" content=\"O ministro da Fazenda, Fernando Haddad, recorreu ao IOF, um tributo regulat\u00f3rio, para aumentar a arrecada\u00e7\u00e3o Por Rose Amant\u00e9a O recente aumento do Imposto sobre Opera\u00e7\u00f5es Financeiras (IOF) para equilibrar as contas do governo Lula (PT) representa um desvio da finalidade original do tributo, que tem car\u00e1ter regulat\u00f3rio. Isso significa dizer que ele deve servir [&hellip;]\" \/>\n<meta property=\"og:url\" content=\"https:\/\/jornalfatosenoticias.com.br\/index.php\/2025\/05\/27\/governo-lula-quer-arrecadar-mais-subindo-imposto-que-deveria-ser-regulatorio\/\" \/>\n<meta property=\"og:site_name\" content=\"Jornal Fatos e Not\u00edcias\" \/>\n<meta property=\"article:published_time\" content=\"2025-05-27T17:15:31+00:00\" \/>\n<meta property=\"article:modified_time\" content=\"2025-05-27T17:15:32+00:00\" \/>\n<meta property=\"og:image\" content=\"https:\/\/jornalfatosenoticias.com.br\/wp-content\/uploads\/2024\/01\/poste-e-molusco.jpg\" \/>\n\t<meta property=\"og:image:width\" content=\"960\" \/>\n\t<meta property=\"og:image:height\" content=\"540\" \/>\n\t<meta property=\"og:image:type\" content=\"image\/jpeg\" \/>\n<meta name=\"author\" content=\"Luzimara Fernandes\" \/>\n<meta name=\"twitter:card\" content=\"summary_large_image\" \/>\n<meta name=\"twitter:label1\" content=\"Escrito por\" \/>\n\t<meta name=\"twitter:data1\" content=\"Luzimara Fernandes\" \/>\n\t<meta name=\"twitter:label2\" content=\"Est. tempo de leitura\" \/>\n\t<meta name=\"twitter:data2\" content=\"5 minutos\" \/>\n<script type=\"application\/ld+json\" class=\"yoast-schema-graph\">{\"@context\":\"https:\/\/schema.org\",\"@graph\":[{\"@type\":\"Article\",\"@id\":\"https:\/\/jornalfatosenoticias.com.br\/index.php\/2025\/05\/27\/governo-lula-quer-arrecadar-mais-subindo-imposto-que-deveria-ser-regulatorio\/#article\",\"isPartOf\":{\"@id\":\"https:\/\/jornalfatosenoticias.com.br\/index.php\/2025\/05\/27\/governo-lula-quer-arrecadar-mais-subindo-imposto-que-deveria-ser-regulatorio\/\"},\"author\":{\"name\":\"Luzimara Fernandes\",\"@id\":\"https:\/\/jornalfatosenoticias.com.br\/#\/schema\/person\/d63837fa13ac8666eb9e74e0985d6f81\"},\"headline\":\"Governo Lula quer arrecadar mais subindo imposto que deveria ser regulat\u00f3rio\",\"datePublished\":\"2025-05-27T17:15:31+00:00\",\"dateModified\":\"2025-05-27T17:15:32+00:00\",\"mainEntityOfPage\":{\"@id\":\"https:\/\/jornalfatosenoticias.com.br\/index.php\/2025\/05\/27\/governo-lula-quer-arrecadar-mais-subindo-imposto-que-deveria-ser-regulatorio\/\"},\"wordCount\":1114,\"commentCount\":0,\"publisher\":{\"@id\":\"https:\/\/jornalfatosenoticias.com.br\/#organization\"},\"image\":{\"@id\":\"https:\/\/jornalfatosenoticias.com.br\/index.php\/2025\/05\/27\/governo-lula-quer-arrecadar-mais-subindo-imposto-que-deveria-ser-regulatorio\/#primaryimage\"},\"thumbnailUrl\":\"https:\/\/jornalfatosenoticias.com.br\/wp-content\/uploads\/2024\/01\/poste-e-molusco.jpg\",\"keywords\":[\"desvio de finalidade\",\"Fernando Haddah\",\"governo Lula\",\"impostos\",\"IOF\",\"tributo\"],\"articleSection\":[\"Economia\"],\"inLanguage\":\"pt-BR\",\"potentialAction\":[{\"@type\":\"CommentAction\",\"name\":\"Comment\",\"target\":[\"https:\/\/jornalfatosenoticias.com.br\/index.php\/2025\/05\/27\/governo-lula-quer-arrecadar-mais-subindo-imposto-que-deveria-ser-regulatorio\/#respond\"]}]},{\"@type\":\"WebPage\",\"@id\":\"https:\/\/jornalfatosenoticias.com.br\/index.php\/2025\/05\/27\/governo-lula-quer-arrecadar-mais-subindo-imposto-que-deveria-ser-regulatorio\/\",\"url\":\"https:\/\/jornalfatosenoticias.com.br\/index.php\/2025\/05\/27\/governo-lula-quer-arrecadar-mais-subindo-imposto-que-deveria-ser-regulatorio\/\",\"name\":\"Governo Lula quer arrecadar mais subindo imposto que deveria ser regulat\u00f3rio - Jornal Fatos e Not\u00edcias\",\"isPartOf\":{\"@id\":\"https:\/\/jornalfatosenoticias.com.br\/#website\"},\"primaryImageOfPage\":{\"@id\":\"https:\/\/jornalfatosenoticias.com.br\/index.php\/2025\/05\/27\/governo-lula-quer-arrecadar-mais-subindo-imposto-que-deveria-ser-regulatorio\/#primaryimage\"},\"image\":{\"@id\":\"https:\/\/jornalfatosenoticias.com.br\/index.php\/2025\/05\/27\/governo-lula-quer-arrecadar-mais-subindo-imposto-que-deveria-ser-regulatorio\/#primaryimage\"},\"thumbnailUrl\":\"https:\/\/jornalfatosenoticias.com.br\/wp-content\/uploads\/2024\/01\/poste-e-molusco.jpg\",\"datePublished\":\"2025-05-27T17:15:31+00:00\",\"dateModified\":\"2025-05-27T17:15:32+00:00\",\"breadcrumb\":{\"@id\":\"https:\/\/jornalfatosenoticias.com.br\/index.php\/2025\/05\/27\/governo-lula-quer-arrecadar-mais-subindo-imposto-que-deveria-ser-regulatorio\/#breadcrumb\"},\"inLanguage\":\"pt-BR\",\"potentialAction\":[{\"@type\":\"ReadAction\",\"target\":[\"https:\/\/jornalfatosenoticias.com.br\/index.php\/2025\/05\/27\/governo-lula-quer-arrecadar-mais-subindo-imposto-que-deveria-ser-regulatorio\/\"]}]},{\"@type\":\"ImageObject\",\"inLanguage\":\"pt-BR\",\"@id\":\"https:\/\/jornalfatosenoticias.com.br\/index.php\/2025\/05\/27\/governo-lula-quer-arrecadar-mais-subindo-imposto-que-deveria-ser-regulatorio\/#primaryimage\",\"url\":\"https:\/\/jornalfatosenoticias.com.br\/wp-content\/uploads\/2024\/01\/poste-e-molusco.jpg\",\"contentUrl\":\"https:\/\/jornalfatosenoticias.com.br\/wp-content\/uploads\/2024\/01\/poste-e-molusco.jpg\",\"width\":960,\"height\":540},{\"@type\":\"BreadcrumbList\",\"@id\":\"https:\/\/jornalfatosenoticias.com.br\/index.php\/2025\/05\/27\/governo-lula-quer-arrecadar-mais-subindo-imposto-que-deveria-ser-regulatorio\/#breadcrumb\",\"itemListElement\":[{\"@type\":\"ListItem\",\"position\":1,\"name\":\"In\u00edcio\",\"item\":\"https:\/\/jornalfatosenoticias.com.br\/\"},{\"@type\":\"ListItem\",\"position\":2,\"name\":\"Governo Lula quer arrecadar mais subindo imposto que deveria ser regulat\u00f3rio\"}]},{\"@type\":\"WebSite\",\"@id\":\"https:\/\/jornalfatosenoticias.com.br\/#website\",\"url\":\"https:\/\/jornalfatosenoticias.com.br\/\",\"name\":\"Jornal Fatos e Not\u00edcias\",\"description\":\"Not\u00edcias em geral\",\"publisher\":{\"@id\":\"https:\/\/jornalfatosenoticias.com.br\/#organization\"},\"potentialAction\":[{\"@type\":\"SearchAction\",\"target\":{\"@type\":\"EntryPoint\",\"urlTemplate\":\"https:\/\/jornalfatosenoticias.com.br\/?s={search_term_string}\"},\"query-input\":{\"@type\":\"PropertyValueSpecification\",\"valueRequired\":true,\"valueName\":\"search_term_string\"}}],\"inLanguage\":\"pt-BR\"},{\"@type\":\"Organization\",\"@id\":\"https:\/\/jornalfatosenoticias.com.br\/#organization\",\"name\":\"Jornal Fatos e Not\u00edcias\",\"url\":\"https:\/\/jornalfatosenoticias.com.br\/\",\"logo\":{\"@type\":\"ImageObject\",\"inLanguage\":\"pt-BR\",\"@id\":\"https:\/\/jornalfatosenoticias.com.br\/#\/schema\/logo\/image\/\",\"url\":\"https:\/\/jornalfatosenoticias.com.br\/wp-content\/uploads\/2020\/02\/logo120.png\",\"contentUrl\":\"https:\/\/jornalfatosenoticias.com.br\/wp-content\/uploads\/2020\/02\/logo120.png\",\"width\":1227,\"height\":120,\"caption\":\"Jornal Fatos e Not\u00edcias\"},\"image\":{\"@id\":\"https:\/\/jornalfatosenoticias.com.br\/#\/schema\/logo\/image\/\"}},{\"@type\":\"Person\",\"@id\":\"https:\/\/jornalfatosenoticias.com.br\/#\/schema\/person\/d63837fa13ac8666eb9e74e0985d6f81\",\"name\":\"Luzimara Fernandes\",\"image\":{\"@type\":\"ImageObject\",\"inLanguage\":\"pt-BR\",\"@id\":\"https:\/\/jornalfatosenoticias.com.br\/#\/schema\/person\/image\/\",\"url\":\"https:\/\/jornalfatosenoticias.com.br\/wp-content\/uploads\/2025\/05\/EU_portal.jpg\",\"contentUrl\":\"https:\/\/jornalfatosenoticias.com.br\/wp-content\/uploads\/2025\/05\/EU_portal.jpg\",\"caption\":\"Luzimara Fernandes\"},\"description\":\"Jornalista MTB 2358-ES\",\"sameAs\":[\"https:\/\/jornalfatosenoticias.com.br\"],\"url\":\"https:\/\/jornalfatosenoticias.com.br\/index.php\/author\/luzimara\/\"}]}<\/script>\n<!-- \/ Yoast SEO plugin. -->","yoast_head_json":{"title":"Governo Lula quer arrecadar mais subindo imposto que deveria ser regulat\u00f3rio - Jornal Fatos e Not\u00edcias","robots":{"index":"index","follow":"follow","max-snippet":"max-snippet:-1","max-image-preview":"max-image-preview:large","max-video-preview":"max-video-preview:-1"},"canonical":"https:\/\/jornalfatosenoticias.com.br\/index.php\/2025\/05\/27\/governo-lula-quer-arrecadar-mais-subindo-imposto-que-deveria-ser-regulatorio\/","og_locale":"pt_BR","og_type":"article","og_title":"Governo Lula quer arrecadar mais subindo imposto que deveria ser regulat\u00f3rio - Jornal Fatos e Not\u00edcias","og_description":"O ministro da Fazenda, Fernando Haddad, recorreu ao IOF, um tributo regulat\u00f3rio, para aumentar a arrecada\u00e7\u00e3o Por Rose Amant\u00e9a O recente aumento do Imposto sobre Opera\u00e7\u00f5es Financeiras (IOF) para equilibrar as contas do governo Lula (PT) representa um desvio da finalidade original do tributo, que tem car\u00e1ter regulat\u00f3rio. Isso significa dizer que ele deve servir [&hellip;]","og_url":"https:\/\/jornalfatosenoticias.com.br\/index.php\/2025\/05\/27\/governo-lula-quer-arrecadar-mais-subindo-imposto-que-deveria-ser-regulatorio\/","og_site_name":"Jornal Fatos e Not\u00edcias","article_published_time":"2025-05-27T17:15:31+00:00","article_modified_time":"2025-05-27T17:15:32+00:00","og_image":[{"width":960,"height":540,"url":"https:\/\/jornalfatosenoticias.com.br\/wp-content\/uploads\/2024\/01\/poste-e-molusco.jpg","type":"image\/jpeg"}],"author":"Luzimara Fernandes","twitter_card":"summary_large_image","twitter_misc":{"Escrito por":"Luzimara Fernandes","Est. tempo de leitura":"5 minutos"},"schema":{"@context":"https:\/\/schema.org","@graph":[{"@type":"Article","@id":"https:\/\/jornalfatosenoticias.com.br\/index.php\/2025\/05\/27\/governo-lula-quer-arrecadar-mais-subindo-imposto-que-deveria-ser-regulatorio\/#article","isPartOf":{"@id":"https:\/\/jornalfatosenoticias.com.br\/index.php\/2025\/05\/27\/governo-lula-quer-arrecadar-mais-subindo-imposto-que-deveria-ser-regulatorio\/"},"author":{"name":"Luzimara Fernandes","@id":"https:\/\/jornalfatosenoticias.com.br\/#\/schema\/person\/d63837fa13ac8666eb9e74e0985d6f81"},"headline":"Governo Lula quer arrecadar mais subindo imposto que deveria ser regulat\u00f3rio","datePublished":"2025-05-27T17:15:31+00:00","dateModified":"2025-05-27T17:15:32+00:00","mainEntityOfPage":{"@id":"https:\/\/jornalfatosenoticias.com.br\/index.php\/2025\/05\/27\/governo-lula-quer-arrecadar-mais-subindo-imposto-que-deveria-ser-regulatorio\/"},"wordCount":1114,"commentCount":0,"publisher":{"@id":"https:\/\/jornalfatosenoticias.com.br\/#organization"},"image":{"@id":"https:\/\/jornalfatosenoticias.com.br\/index.php\/2025\/05\/27\/governo-lula-quer-arrecadar-mais-subindo-imposto-que-deveria-ser-regulatorio\/#primaryimage"},"thumbnailUrl":"https:\/\/jornalfatosenoticias.com.br\/wp-content\/uploads\/2024\/01\/poste-e-molusco.jpg","keywords":["desvio de finalidade","Fernando Haddah","governo Lula","impostos","IOF","tributo"],"articleSection":["Economia"],"inLanguage":"pt-BR","potentialAction":[{"@type":"CommentAction","name":"Comment","target":["https:\/\/jornalfatosenoticias.com.br\/index.php\/2025\/05\/27\/governo-lula-quer-arrecadar-mais-subindo-imposto-que-deveria-ser-regulatorio\/#respond"]}]},{"@type":"WebPage","@id":"https:\/\/jornalfatosenoticias.com.br\/index.php\/2025\/05\/27\/governo-lula-quer-arrecadar-mais-subindo-imposto-que-deveria-ser-regulatorio\/","url":"https:\/\/jornalfatosenoticias.com.br\/index.php\/2025\/05\/27\/governo-lula-quer-arrecadar-mais-subindo-imposto-que-deveria-ser-regulatorio\/","name":"Governo Lula quer arrecadar mais subindo imposto que deveria ser regulat\u00f3rio - Jornal Fatos e Not\u00edcias","isPartOf":{"@id":"https:\/\/jornalfatosenoticias.com.br\/#website"},"primaryImageOfPage":{"@id":"https:\/\/jornalfatosenoticias.com.br\/index.php\/2025\/05\/27\/governo-lula-quer-arrecadar-mais-subindo-imposto-que-deveria-ser-regulatorio\/#primaryimage"},"image":{"@id":"https:\/\/jornalfatosenoticias.com.br\/index.php\/2025\/05\/27\/governo-lula-quer-arrecadar-mais-subindo-imposto-que-deveria-ser-regulatorio\/#primaryimage"},"thumbnailUrl":"https:\/\/jornalfatosenoticias.com.br\/wp-content\/uploads\/2024\/01\/poste-e-molusco.jpg","datePublished":"2025-05-27T17:15:31+00:00","dateModified":"2025-05-27T17:15:32+00:00","breadcrumb":{"@id":"https:\/\/jornalfatosenoticias.com.br\/index.php\/2025\/05\/27\/governo-lula-quer-arrecadar-mais-subindo-imposto-que-deveria-ser-regulatorio\/#breadcrumb"},"inLanguage":"pt-BR","potentialAction":[{"@type":"ReadAction","target":["https:\/\/jornalfatosenoticias.com.br\/index.php\/2025\/05\/27\/governo-lula-quer-arrecadar-mais-subindo-imposto-que-deveria-ser-regulatorio\/"]}]},{"@type":"ImageObject","inLanguage":"pt-BR","@id":"https:\/\/jornalfatosenoticias.com.br\/index.php\/2025\/05\/27\/governo-lula-quer-arrecadar-mais-subindo-imposto-que-deveria-ser-regulatorio\/#primaryimage","url":"https:\/\/jornalfatosenoticias.com.br\/wp-content\/uploads\/2024\/01\/poste-e-molusco.jpg","contentUrl":"https:\/\/jornalfatosenoticias.com.br\/wp-content\/uploads\/2024\/01\/poste-e-molusco.jpg","width":960,"height":540},{"@type":"BreadcrumbList","@id":"https:\/\/jornalfatosenoticias.com.br\/index.php\/2025\/05\/27\/governo-lula-quer-arrecadar-mais-subindo-imposto-que-deveria-ser-regulatorio\/#breadcrumb","itemListElement":[{"@type":"ListItem","position":1,"name":"In\u00edcio","item":"https:\/\/jornalfatosenoticias.com.br\/"},{"@type":"ListItem","position":2,"name":"Governo Lula quer arrecadar mais subindo imposto que deveria ser regulat\u00f3rio"}]},{"@type":"WebSite","@id":"https:\/\/jornalfatosenoticias.com.br\/#website","url":"https:\/\/jornalfatosenoticias.com.br\/","name":"Jornal Fatos e Not\u00edcias","description":"Not\u00edcias em geral","publisher":{"@id":"https:\/\/jornalfatosenoticias.com.br\/#organization"},"potentialAction":[{"@type":"SearchAction","target":{"@type":"EntryPoint","urlTemplate":"https:\/\/jornalfatosenoticias.com.br\/?s={search_term_string}"},"query-input":{"@type":"PropertyValueSpecification","valueRequired":true,"valueName":"search_term_string"}}],"inLanguage":"pt-BR"},{"@type":"Organization","@id":"https:\/\/jornalfatosenoticias.com.br\/#organization","name":"Jornal Fatos e Not\u00edcias","url":"https:\/\/jornalfatosenoticias.com.br\/","logo":{"@type":"ImageObject","inLanguage":"pt-BR","@id":"https:\/\/jornalfatosenoticias.com.br\/#\/schema\/logo\/image\/","url":"https:\/\/jornalfatosenoticias.com.br\/wp-content\/uploads\/2020\/02\/logo120.png","contentUrl":"https:\/\/jornalfatosenoticias.com.br\/wp-content\/uploads\/2020\/02\/logo120.png","width":1227,"height":120,"caption":"Jornal Fatos e Not\u00edcias"},"image":{"@id":"https:\/\/jornalfatosenoticias.com.br\/#\/schema\/logo\/image\/"}},{"@type":"Person","@id":"https:\/\/jornalfatosenoticias.com.br\/#\/schema\/person\/d63837fa13ac8666eb9e74e0985d6f81","name":"Luzimara Fernandes","image":{"@type":"ImageObject","inLanguage":"pt-BR","@id":"https:\/\/jornalfatosenoticias.com.br\/#\/schema\/person\/image\/","url":"https:\/\/jornalfatosenoticias.com.br\/wp-content\/uploads\/2025\/05\/EU_portal.jpg","contentUrl":"https:\/\/jornalfatosenoticias.com.br\/wp-content\/uploads\/2025\/05\/EU_portal.jpg","caption":"Luzimara Fernandes"},"description":"Jornalista MTB 2358-ES","sameAs":["https:\/\/jornalfatosenoticias.com.br"],"url":"https:\/\/jornalfatosenoticias.com.br\/index.php\/author\/luzimara\/"}]}},"cc_featured_image_caption":{"caption_text":"(Foto: Getty Images) ","source_text":"","source_url":""},"jetpack_featured_media_url":"https:\/\/jornalfatosenoticias.com.br\/wp-content\/uploads\/2024\/01\/poste-e-molusco.jpg","_links":{"self":[{"href":"https:\/\/jornalfatosenoticias.com.br\/index.php\/wp-json\/wp\/v2\/posts\/59526","targetHints":{"allow":["GET"]}}],"collection":[{"href":"https:\/\/jornalfatosenoticias.com.br\/index.php\/wp-json\/wp\/v2\/posts"}],"about":[{"href":"https:\/\/jornalfatosenoticias.com.br\/index.php\/wp-json\/wp\/v2\/types\/post"}],"author":[{"embeddable":true,"href":"https:\/\/jornalfatosenoticias.com.br\/index.php\/wp-json\/wp\/v2\/users\/2"}],"replies":[{"embeddable":true,"href":"https:\/\/jornalfatosenoticias.com.br\/index.php\/wp-json\/wp\/v2\/comments?post=59526"}],"version-history":[{"count":0,"href":"https:\/\/jornalfatosenoticias.com.br\/index.php\/wp-json\/wp\/v2\/posts\/59526\/revisions"}],"wp:featuredmedia":[{"embeddable":true,"href":"https:\/\/jornalfatosenoticias.com.br\/index.php\/wp-json\/wp\/v2\/media\/48679"}],"wp:attachment":[{"href":"https:\/\/jornalfatosenoticias.com.br\/index.php\/wp-json\/wp\/v2\/media?parent=59526"}],"wp:term":[{"taxonomy":"category","embeddable":true,"href":"https:\/\/jornalfatosenoticias.com.br\/index.php\/wp-json\/wp\/v2\/categories?post=59526"},{"taxonomy":"post_tag","embeddable":true,"href":"https:\/\/jornalfatosenoticias.com.br\/index.php\/wp-json\/wp\/v2\/tags?post=59526"}],"curies":[{"name":"wp","href":"https:\/\/api.w.org\/{rel}","templated":true}]}}