{"id":59528,"date":"2025-05-27T14:28:00","date_gmt":"2025-05-27T17:28:00","guid":{"rendered":"https:\/\/jornalfatosenoticias.com.br\/?p=59528"},"modified":"2025-05-27T14:28:01","modified_gmt":"2025-05-27T17:28:01","slug":"eua-reforcam-presenca-militar-na-europa-em-meio-a-temores-de-guerra-com-a-russia","status":"publish","type":"post","link":"https:\/\/jornalfatosenoticias.com.br\/index.php\/2025\/05\/27\/eua-reforcam-presenca-militar-na-europa-em-meio-a-temores-de-guerra-com-a-russia\/","title":{"rendered":"EUA refor\u00e7am presen\u00e7a militar na Europa em meio a temores de guerra com a R\u00fassia"},"content":{"rendered":"\n<p><em><span class=\"has-inline-color has-black-color\">Soldados suecos do Regimento de Gotland patrulham em ve\u00edculos blindados as estradas perto de Visby, norte da ilha localizada a 300 quil\u00f4metros da R\u00fassia<\/span><\/em><\/p>\n\n\n\n<p><span class=\"has-inline-color has-black-color\">Por <strong><a href=\"https:\/\/www.gazetadopovo.com.br\/autor\/isabella-de-paula\/\" rel=\"sponsored nofollow\">Isabella de Paula<\/a><\/strong><\/span><\/p>\n\n\n\n<div class=\"wp-block-image\"><figure class=\"aligncenter size-large\"><a href=\"https:\/\/mizu.com.br\/\"><img loading=\"lazy\" decoding=\"async\" width=\"729\" height=\"90\" src=\"https:\/\/jornalfatosenoticias.com.br\/wp-content\/uploads\/2020\/02\/Logo_Mizu.png\" alt=\"\" class=\"wp-image-1441\" srcset=\"https:\/\/jornalfatosenoticias.com.br\/wp-content\/uploads\/2020\/02\/Logo_Mizu.png 729w, https:\/\/jornalfatosenoticias.com.br\/wp-content\/uploads\/2020\/02\/Logo_Mizu-300x37.png 300w\" sizes=\"auto, (max-width: 729px) 100vw, 729px\" \/><\/a><\/figure><\/div>\n\n\n\n<p>O governo dos EUA est\u00e1 ampliando sua presen\u00e7a militar na Europa diante da crescente amea\u00e7a russa no continente. Isso pode ser percebido principalmente em uma ilha pacata da Su\u00e9cia chamada Gotland, localizada a aproximadamente 300 quil\u00f4metros do territ\u00f3rio russo, onde membros das For\u00e7as Armadas americanas passaram a integrar mais ativamente os exerc\u00edcios militares da Otan.<br>Recentemente, militares dos EUA e do Reino Unido se juntaram a tropas n\u00f3rdicas e b\u00e1lticas para exerc\u00edcios com fogo real e saltos a\u00e9reos sobre o c\u00edrculo polar \u00e1rtico na Noruega, indicando poss\u00edveis cen\u00e1rios de guerra. Al\u00e9m dos EUA, outros pa\u00edses localizados no continente tamb\u00e9m est\u00e3o ampliando sua presen\u00e7a militar. Na semana passada,\u00a0um pelot\u00e3o brit\u00e2nico realizou um reconhecimento na \u00e1rea.<\/p>\n\n\n\n<div class=\"wp-block-image\"><figure class=\"aligncenter size-large is-resized\"><a href=\"https:\/\/www.instagram.com\/serra4x4cambioautomatico\/\"><img loading=\"lazy\" decoding=\"async\" src=\"https:\/\/jornalfatosenoticias.com.br\/wp-content\/uploads\/2024\/08\/Serra-4x4-1-886x1024.jpg\" alt=\"\" class=\"wp-image-53632\" width=\"265\" height=\"306\" srcset=\"https:\/\/jornalfatosenoticias.com.br\/wp-content\/uploads\/2024\/08\/Serra-4x4-1-886x1024.jpg 886w, https:\/\/jornalfatosenoticias.com.br\/wp-content\/uploads\/2024\/08\/Serra-4x4-1-260x300.jpg 260w, https:\/\/jornalfatosenoticias.com.br\/wp-content\/uploads\/2024\/08\/Serra-4x4-1-768x888.jpg 768w, https:\/\/jornalfatosenoticias.com.br\/wp-content\/uploads\/2024\/08\/Serra-4x4-1.jpg 1181w\" sizes=\"auto, (max-width: 265px) 100vw, 265px\" \/><\/a><\/figure><\/div>\n\n\n\n<p>Dias depois, cerca de 100 paraquedistas do Reino Unido saltaram a 300 metros de duas aeronaves de transporte militar em um campo aberto, antes de realizarem uma nova a\u00e7\u00e3o de reconhecimento em uma floresta com o objetivo de proteger uma zona de pouso para aeronaves na ilha.\u00a0<\/p>\n\n\n\n<div class=\"wp-block-image\"><figure class=\"aligncenter size-large is-resized\"><a href=\"https:\/\/www.instagram.com\/restaurantepegoretti\/\"><img loading=\"lazy\" decoding=\"async\" src=\"https:\/\/jornalfatosenoticias.com.br\/wp-content\/uploads\/2023\/12\/pegoretti-logo-pdf-1024x389.jpg\" alt=\"\" class=\"wp-image-47536\" width=\"507\" height=\"192\" srcset=\"https:\/\/jornalfatosenoticias.com.br\/wp-content\/uploads\/2023\/12\/pegoretti-logo-pdf-1024x389.jpg 1024w, https:\/\/jornalfatosenoticias.com.br\/wp-content\/uploads\/2023\/12\/pegoretti-logo-pdf-300x114.jpg 300w, https:\/\/jornalfatosenoticias.com.br\/wp-content\/uploads\/2023\/12\/pegoretti-logo-pdf-768x291.jpg 768w, https:\/\/jornalfatosenoticias.com.br\/wp-content\/uploads\/2023\/12\/pegoretti-logo-pdf.jpg 1120w\" sizes=\"auto, (max-width: 507px) 100vw, 507px\" \/><\/a><\/figure><\/div>\n\n\n\n<p>No mesmo per\u00edodo, uma unidade de fuzileiros navais americanos treinava com um sistema de foguetes m\u00f3veis, com capacidade de acionamento r\u00e1pido em caso de guerra. No mesmo dia, esses mesmos fuzileiros navais j\u00e1 haviam passado pela Noruega e pela Finl\u00e2ndia com outros exerc\u00edcios militares da Otan.<\/p>\n\n\n\n<div class=\"wp-block-image\"><figure class=\"aligncenter size-large\"><a href=\"http:\/\/www.ferrarimaquinas.com.br\/\"><img loading=\"lazy\" decoding=\"async\" width=\"300\" height=\"250\" src=\"https:\/\/jornalfatosenoticias.com.br\/wp-content\/uploads\/2022\/02\/FERRARI_MAQUINAS-E-FERRAMENTAS2.jpg\" alt=\"\" class=\"wp-image-27860\"\/><\/a><\/figure><\/div>\n\n\n\n<p>De acordo com uma reportagem do The Wall Street Journal (WSJ), Gotland \u00e9 um dos locais mais estrat\u00e9gicos da Europa quando se pensa em um conflito direto com a R\u00fassia. A ilha sueca \u00e9 vista como um poss\u00edvel centro log\u00edstico e de controle das comunica\u00e7\u00f5es mar\u00edtimas da Otan. Tamb\u00e9m \u00e9 estrat\u00e9gica para ataques de longo alcance em solo inimigo.<\/p>\n\n\n\n<div class=\"wp-block-image\"><figure class=\"aligncenter size-large is-resized\"><a href=\"https:\/\/www.legisjuris.com.br\/\"><img loading=\"lazy\" decoding=\"async\" src=\"https:\/\/jornalfatosenoticias.com.br\/wp-content\/uploads\/2024\/09\/Legis-Juris-Consultoria_logo.jpg\" alt=\"\" class=\"wp-image-53915\" width=\"537\" height=\"225\" srcset=\"https:\/\/jornalfatosenoticias.com.br\/wp-content\/uploads\/2024\/09\/Legis-Juris-Consultoria_logo.jpg 969w, https:\/\/jornalfatosenoticias.com.br\/wp-content\/uploads\/2024\/09\/Legis-Juris-Consultoria_logo-300x126.jpg 300w, https:\/\/jornalfatosenoticias.com.br\/wp-content\/uploads\/2024\/09\/Legis-Juris-Consultoria_logo-768x322.jpg 768w\" sizes=\"auto, (max-width: 537px) 100vw, 537px\" \/><\/a><\/figure><\/div>\n\n\n\n<p>No ano passado, o ex-chefe de Defesa sueco, Micael Byd\u00e9n, afirmou que o ditador Vladimir Putin\u00a0tem &#8220;os dois olhos&#8221; direcionados para a ilha. O subchefe de opera\u00e7\u00f5es do Ex\u00e9rcito dos EUA na Europa e \u00c1frica, o Brigadeiro-General Andrew Saslav, afirmou ao WSJ que, apesar da mudan\u00e7a na Casa Branca, com a chagada de Donald Trump em janeiro, \u201cda perspectiva do Ex\u00e9rcito dos EUA&#8221;, suas ordens &#8220;n\u00e3o mudaram\u201d.<\/p>\n\n\n\n<div class=\"wp-block-image\"><figure class=\"aligncenter size-large is-resized\"><a href=\"https:\/\/www.controlsystems.com.br\/\"><img loading=\"lazy\" decoding=\"async\" src=\"https:\/\/jornalfatosenoticias.com.br\/wp-content\/uploads\/2020\/02\/CONTROL-CS.jpg\" alt=\"\" class=\"wp-image-44991\" width=\"273\" height=\"327\" srcset=\"https:\/\/jornalfatosenoticias.com.br\/wp-content\/uploads\/2020\/02\/CONTROL-CS.jpg 834w, https:\/\/jornalfatosenoticias.com.br\/wp-content\/uploads\/2020\/02\/CONTROL-CS-250x300.jpg 250w, https:\/\/jornalfatosenoticias.com.br\/wp-content\/uploads\/2020\/02\/CONTROL-CS-768x921.jpg 768w\" sizes=\"auto, (max-width: 273px) 100vw, 273px\" \/><\/a><\/figure><\/div>\n\n\n\n<p>&#8220;Embora a quest\u00e3o do futuro envolvimento dos EUA esteja em minha mente, j\u00e1 estou nisso h\u00e1 muito tempo para me concentrar demais em ventos pol\u00edticos e mensagens que n\u00e3o sejam ordens\u201d, afirmou, se referindo a poss\u00edvel mudan\u00e7as nas a\u00e7\u00f5es miliares americanas no exterior.<\/p>\n\n\n\n<p><strong>Fonte: <a href=\"https:\/\/www.gazetadopovo.com.br\/mundo\/eua-reforcam-presenca-militar-europa-temores-guerra-com-russia\/\">Gazeta do Povo<\/a><\/strong><\/p>\n","protected":false},"excerpt":{"rendered":"<p>Soldados suecos do Regimento de Gotland patrulham em ve\u00edculos blindados as estradas perto de Visby, norte da ilha localizada a 300 quil\u00f4metros da R\u00fassia Por Isabella de Paula O governo dos EUA est\u00e1 ampliando sua presen\u00e7a militar na Europa diante da crescente amea\u00e7a russa no continente. Isso pode ser percebido principalmente em uma ilha pacata [&hellip;]<\/p>\n","protected":false},"author":2,"featured_media":59529,"comment_status":"open","ping_status":"open","sticky":false,"template":"","format":"standard","meta":{"footnotes":""},"categories":[41],"tags":[159,125,27185,4491,13462,991,2330],"class_list":["post-59528","post","type-post","status-publish","format-standard","has-post-thumbnail","hentry","category-internacional","tag-eua","tag-europa","tag-gotland","tag-guerra","tag-otan","tag-russia","tag-suecia"],"yoast_head":"<!-- This site is optimized with the Yoast SEO plugin v26.5 - https:\/\/yoast.com\/wordpress\/plugins\/seo\/ -->\n<title>EUA refor\u00e7am presen\u00e7a militar na Europa em meio a temores de guerra com a R\u00fassia - Jornal Fatos e Not\u00edcias<\/title>\n<meta name=\"robots\" content=\"index, follow, max-snippet:-1, max-image-preview:large, max-video-preview:-1\" \/>\n<link rel=\"canonical\" href=\"https:\/\/jornalfatosenoticias.com.br\/index.php\/2025\/05\/27\/eua-reforcam-presenca-militar-na-europa-em-meio-a-temores-de-guerra-com-a-russia\/\" \/>\n<meta property=\"og:locale\" content=\"pt_BR\" \/>\n<meta property=\"og:type\" content=\"article\" \/>\n<meta property=\"og:title\" content=\"EUA refor\u00e7am presen\u00e7a militar na Europa em meio a temores de guerra com a R\u00fassia - Jornal Fatos e Not\u00edcias\" \/>\n<meta property=\"og:description\" content=\"Soldados suecos do Regimento de Gotland patrulham em ve\u00edculos blindados as estradas perto de Visby, norte da ilha localizada a 300 quil\u00f4metros da R\u00fassia Por Isabella de Paula O governo dos EUA est\u00e1 ampliando sua presen\u00e7a militar na Europa diante da crescente amea\u00e7a russa no continente. Isso pode ser percebido principalmente em uma ilha pacata [&hellip;]\" \/>\n<meta property=\"og:url\" content=\"https:\/\/jornalfatosenoticias.com.br\/index.php\/2025\/05\/27\/eua-reforcam-presenca-militar-na-europa-em-meio-a-temores-de-guerra-com-a-russia\/\" \/>\n<meta property=\"og:site_name\" content=\"Jornal Fatos e Not\u00edcias\" \/>\n<meta property=\"article:published_time\" content=\"2025-05-27T17:28:00+00:00\" \/>\n<meta property=\"article:modified_time\" content=\"2025-05-27T17:28:01+00:00\" \/>\n<meta property=\"og:image\" content=\"https:\/\/jornalfatosenoticias.com.br\/wp-content\/uploads\/2025\/05\/guerra-Russia_gettyimages.jpg\" \/>\n\t<meta property=\"og:image:width\" content=\"612\" \/>\n\t<meta property=\"og:image:height\" content=\"408\" \/>\n\t<meta property=\"og:image:type\" content=\"image\/jpeg\" \/>\n<meta name=\"author\" content=\"Luzimara Fernandes\" \/>\n<meta name=\"twitter:card\" content=\"summary_large_image\" \/>\n<meta name=\"twitter:label1\" content=\"Escrito por\" \/>\n\t<meta name=\"twitter:data1\" content=\"Luzimara Fernandes\" \/>\n\t<meta name=\"twitter:label2\" content=\"Est. tempo de leitura\" \/>\n\t<meta name=\"twitter:data2\" content=\"2 minutos\" \/>\n<script type=\"application\/ld+json\" class=\"yoast-schema-graph\">{\"@context\":\"https:\/\/schema.org\",\"@graph\":[{\"@type\":\"Article\",\"@id\":\"https:\/\/jornalfatosenoticias.com.br\/index.php\/2025\/05\/27\/eua-reforcam-presenca-militar-na-europa-em-meio-a-temores-de-guerra-com-a-russia\/#article\",\"isPartOf\":{\"@id\":\"https:\/\/jornalfatosenoticias.com.br\/index.php\/2025\/05\/27\/eua-reforcam-presenca-militar-na-europa-em-meio-a-temores-de-guerra-com-a-russia\/\"},\"author\":{\"name\":\"Luzimara Fernandes\",\"@id\":\"https:\/\/jornalfatosenoticias.com.br\/#\/schema\/person\/d63837fa13ac8666eb9e74e0985d6f81\"},\"headline\":\"EUA refor\u00e7am presen\u00e7a militar na Europa em meio a temores de guerra com a R\u00fassia\",\"datePublished\":\"2025-05-27T17:28:00+00:00\",\"dateModified\":\"2025-05-27T17:28:01+00:00\",\"mainEntityOfPage\":{\"@id\":\"https:\/\/jornalfatosenoticias.com.br\/index.php\/2025\/05\/27\/eua-reforcam-presenca-militar-na-europa-em-meio-a-temores-de-guerra-com-a-russia\/\"},\"wordCount\":471,\"commentCount\":0,\"publisher\":{\"@id\":\"https:\/\/jornalfatosenoticias.com.br\/#organization\"},\"image\":{\"@id\":\"https:\/\/jornalfatosenoticias.com.br\/index.php\/2025\/05\/27\/eua-reforcam-presenca-militar-na-europa-em-meio-a-temores-de-guerra-com-a-russia\/#primaryimage\"},\"thumbnailUrl\":\"https:\/\/jornalfatosenoticias.com.br\/wp-content\/uploads\/2025\/05\/guerra-Russia_gettyimages.jpg\",\"keywords\":[\"EUA\",\"Europa\",\"Gotland\",\"guerra\",\"Otan\",\"R\u00fassia\",\"Su\u00e9cia\"],\"articleSection\":[\"Internacional\"],\"inLanguage\":\"pt-BR\",\"potentialAction\":[{\"@type\":\"CommentAction\",\"name\":\"Comment\",\"target\":[\"https:\/\/jornalfatosenoticias.com.br\/index.php\/2025\/05\/27\/eua-reforcam-presenca-militar-na-europa-em-meio-a-temores-de-guerra-com-a-russia\/#respond\"]}]},{\"@type\":\"WebPage\",\"@id\":\"https:\/\/jornalfatosenoticias.com.br\/index.php\/2025\/05\/27\/eua-reforcam-presenca-militar-na-europa-em-meio-a-temores-de-guerra-com-a-russia\/\",\"url\":\"https:\/\/jornalfatosenoticias.com.br\/index.php\/2025\/05\/27\/eua-reforcam-presenca-militar-na-europa-em-meio-a-temores-de-guerra-com-a-russia\/\",\"name\":\"EUA refor\u00e7am presen\u00e7a militar na Europa em meio a temores de guerra com a R\u00fassia - Jornal Fatos e Not\u00edcias\",\"isPartOf\":{\"@id\":\"https:\/\/jornalfatosenoticias.com.br\/#website\"},\"primaryImageOfPage\":{\"@id\":\"https:\/\/jornalfatosenoticias.com.br\/index.php\/2025\/05\/27\/eua-reforcam-presenca-militar-na-europa-em-meio-a-temores-de-guerra-com-a-russia\/#primaryimage\"},\"image\":{\"@id\":\"https:\/\/jornalfatosenoticias.com.br\/index.php\/2025\/05\/27\/eua-reforcam-presenca-militar-na-europa-em-meio-a-temores-de-guerra-com-a-russia\/#primaryimage\"},\"thumbnailUrl\":\"https:\/\/jornalfatosenoticias.com.br\/wp-content\/uploads\/2025\/05\/guerra-Russia_gettyimages.jpg\",\"datePublished\":\"2025-05-27T17:28:00+00:00\",\"dateModified\":\"2025-05-27T17:28:01+00:00\",\"breadcrumb\":{\"@id\":\"https:\/\/jornalfatosenoticias.com.br\/index.php\/2025\/05\/27\/eua-reforcam-presenca-militar-na-europa-em-meio-a-temores-de-guerra-com-a-russia\/#breadcrumb\"},\"inLanguage\":\"pt-BR\",\"potentialAction\":[{\"@type\":\"ReadAction\",\"target\":[\"https:\/\/jornalfatosenoticias.com.br\/index.php\/2025\/05\/27\/eua-reforcam-presenca-militar-na-europa-em-meio-a-temores-de-guerra-com-a-russia\/\"]}]},{\"@type\":\"ImageObject\",\"inLanguage\":\"pt-BR\",\"@id\":\"https:\/\/jornalfatosenoticias.com.br\/index.php\/2025\/05\/27\/eua-reforcam-presenca-militar-na-europa-em-meio-a-temores-de-guerra-com-a-russia\/#primaryimage\",\"url\":\"https:\/\/jornalfatosenoticias.com.br\/wp-content\/uploads\/2025\/05\/guerra-Russia_gettyimages.jpg\",\"contentUrl\":\"https:\/\/jornalfatosenoticias.com.br\/wp-content\/uploads\/2025\/05\/guerra-Russia_gettyimages.jpg\",\"width\":612,\"height\":408,\"caption\":\"Soldiers of the 3rd Independent Tank Iron Brigade are on the tank while on combat duty in the Kharkiv region, Ukraine, on February 10, 2025. (Photo by Viacheslav Madiievskyi\/Ukrinform\/NurPhoto via Getty Images)\"},{\"@type\":\"BreadcrumbList\",\"@id\":\"https:\/\/jornalfatosenoticias.com.br\/index.php\/2025\/05\/27\/eua-reforcam-presenca-militar-na-europa-em-meio-a-temores-de-guerra-com-a-russia\/#breadcrumb\",\"itemListElement\":[{\"@type\":\"ListItem\",\"position\":1,\"name\":\"In\u00edcio\",\"item\":\"https:\/\/jornalfatosenoticias.com.br\/\"},{\"@type\":\"ListItem\",\"position\":2,\"name\":\"EUA refor\u00e7am presen\u00e7a militar na Europa em meio a temores de guerra com a R\u00fassia\"}]},{\"@type\":\"WebSite\",\"@id\":\"https:\/\/jornalfatosenoticias.com.br\/#website\",\"url\":\"https:\/\/jornalfatosenoticias.com.br\/\",\"name\":\"Jornal Fatos e Not\u00edcias\",\"description\":\"Not\u00edcias em geral\",\"publisher\":{\"@id\":\"https:\/\/jornalfatosenoticias.com.br\/#organization\"},\"potentialAction\":[{\"@type\":\"SearchAction\",\"target\":{\"@type\":\"EntryPoint\",\"urlTemplate\":\"https:\/\/jornalfatosenoticias.com.br\/?s={search_term_string}\"},\"query-input\":{\"@type\":\"PropertyValueSpecification\",\"valueRequired\":true,\"valueName\":\"search_term_string\"}}],\"inLanguage\":\"pt-BR\"},{\"@type\":\"Organization\",\"@id\":\"https:\/\/jornalfatosenoticias.com.br\/#organization\",\"name\":\"Jornal Fatos e Not\u00edcias\",\"url\":\"https:\/\/jornalfatosenoticias.com.br\/\",\"logo\":{\"@type\":\"ImageObject\",\"inLanguage\":\"pt-BR\",\"@id\":\"https:\/\/jornalfatosenoticias.com.br\/#\/schema\/logo\/image\/\",\"url\":\"https:\/\/jornalfatosenoticias.com.br\/wp-content\/uploads\/2020\/02\/logo120.png\",\"contentUrl\":\"https:\/\/jornalfatosenoticias.com.br\/wp-content\/uploads\/2020\/02\/logo120.png\",\"width\":1227,\"height\":120,\"caption\":\"Jornal Fatos e Not\u00edcias\"},\"image\":{\"@id\":\"https:\/\/jornalfatosenoticias.com.br\/#\/schema\/logo\/image\/\"}},{\"@type\":\"Person\",\"@id\":\"https:\/\/jornalfatosenoticias.com.br\/#\/schema\/person\/d63837fa13ac8666eb9e74e0985d6f81\",\"name\":\"Luzimara Fernandes\",\"image\":{\"@type\":\"ImageObject\",\"inLanguage\":\"pt-BR\",\"@id\":\"https:\/\/jornalfatosenoticias.com.br\/#\/schema\/person\/image\/\",\"url\":\"https:\/\/jornalfatosenoticias.com.br\/wp-content\/uploads\/2025\/05\/EU_portal.jpg\",\"contentUrl\":\"https:\/\/jornalfatosenoticias.com.br\/wp-content\/uploads\/2025\/05\/EU_portal.jpg\",\"caption\":\"Luzimara Fernandes\"},\"description\":\"Jornalista MTB 2358-ES\",\"sameAs\":[\"https:\/\/jornalfatosenoticias.com.br\"],\"url\":\"https:\/\/jornalfatosenoticias.com.br\/index.php\/author\/luzimara\/\"}]}<\/script>\n<!-- \/ Yoast SEO plugin. -->","yoast_head_json":{"title":"EUA refor\u00e7am presen\u00e7a militar na Europa em meio a temores de guerra com a R\u00fassia - Jornal Fatos e Not\u00edcias","robots":{"index":"index","follow":"follow","max-snippet":"max-snippet:-1","max-image-preview":"max-image-preview:large","max-video-preview":"max-video-preview:-1"},"canonical":"https:\/\/jornalfatosenoticias.com.br\/index.php\/2025\/05\/27\/eua-reforcam-presenca-militar-na-europa-em-meio-a-temores-de-guerra-com-a-russia\/","og_locale":"pt_BR","og_type":"article","og_title":"EUA refor\u00e7am presen\u00e7a militar na Europa em meio a temores de guerra com a R\u00fassia - Jornal Fatos e Not\u00edcias","og_description":"Soldados suecos do Regimento de Gotland patrulham em ve\u00edculos blindados as estradas perto de Visby, norte da ilha localizada a 300 quil\u00f4metros da R\u00fassia Por Isabella de Paula O governo dos EUA est\u00e1 ampliando sua presen\u00e7a militar na Europa diante da crescente amea\u00e7a russa no continente. Isso pode ser percebido principalmente em uma ilha pacata [&hellip;]","og_url":"https:\/\/jornalfatosenoticias.com.br\/index.php\/2025\/05\/27\/eua-reforcam-presenca-militar-na-europa-em-meio-a-temores-de-guerra-com-a-russia\/","og_site_name":"Jornal Fatos e Not\u00edcias","article_published_time":"2025-05-27T17:28:00+00:00","article_modified_time":"2025-05-27T17:28:01+00:00","og_image":[{"width":612,"height":408,"url":"https:\/\/jornalfatosenoticias.com.br\/wp-content\/uploads\/2025\/05\/guerra-Russia_gettyimages.jpg","type":"image\/jpeg"}],"author":"Luzimara Fernandes","twitter_card":"summary_large_image","twitter_misc":{"Escrito por":"Luzimara Fernandes","Est. tempo de leitura":"2 minutos"},"schema":{"@context":"https:\/\/schema.org","@graph":[{"@type":"Article","@id":"https:\/\/jornalfatosenoticias.com.br\/index.php\/2025\/05\/27\/eua-reforcam-presenca-militar-na-europa-em-meio-a-temores-de-guerra-com-a-russia\/#article","isPartOf":{"@id":"https:\/\/jornalfatosenoticias.com.br\/index.php\/2025\/05\/27\/eua-reforcam-presenca-militar-na-europa-em-meio-a-temores-de-guerra-com-a-russia\/"},"author":{"name":"Luzimara Fernandes","@id":"https:\/\/jornalfatosenoticias.com.br\/#\/schema\/person\/d63837fa13ac8666eb9e74e0985d6f81"},"headline":"EUA refor\u00e7am presen\u00e7a militar na Europa em meio a temores de guerra com a R\u00fassia","datePublished":"2025-05-27T17:28:00+00:00","dateModified":"2025-05-27T17:28:01+00:00","mainEntityOfPage":{"@id":"https:\/\/jornalfatosenoticias.com.br\/index.php\/2025\/05\/27\/eua-reforcam-presenca-militar-na-europa-em-meio-a-temores-de-guerra-com-a-russia\/"},"wordCount":471,"commentCount":0,"publisher":{"@id":"https:\/\/jornalfatosenoticias.com.br\/#organization"},"image":{"@id":"https:\/\/jornalfatosenoticias.com.br\/index.php\/2025\/05\/27\/eua-reforcam-presenca-militar-na-europa-em-meio-a-temores-de-guerra-com-a-russia\/#primaryimage"},"thumbnailUrl":"https:\/\/jornalfatosenoticias.com.br\/wp-content\/uploads\/2025\/05\/guerra-Russia_gettyimages.jpg","keywords":["EUA","Europa","Gotland","guerra","Otan","R\u00fassia","Su\u00e9cia"],"articleSection":["Internacional"],"inLanguage":"pt-BR","potentialAction":[{"@type":"CommentAction","name":"Comment","target":["https:\/\/jornalfatosenoticias.com.br\/index.php\/2025\/05\/27\/eua-reforcam-presenca-militar-na-europa-em-meio-a-temores-de-guerra-com-a-russia\/#respond"]}]},{"@type":"WebPage","@id":"https:\/\/jornalfatosenoticias.com.br\/index.php\/2025\/05\/27\/eua-reforcam-presenca-militar-na-europa-em-meio-a-temores-de-guerra-com-a-russia\/","url":"https:\/\/jornalfatosenoticias.com.br\/index.php\/2025\/05\/27\/eua-reforcam-presenca-militar-na-europa-em-meio-a-temores-de-guerra-com-a-russia\/","name":"EUA refor\u00e7am presen\u00e7a militar na Europa em meio a temores de guerra com a R\u00fassia - Jornal Fatos e Not\u00edcias","isPartOf":{"@id":"https:\/\/jornalfatosenoticias.com.br\/#website"},"primaryImageOfPage":{"@id":"https:\/\/jornalfatosenoticias.com.br\/index.php\/2025\/05\/27\/eua-reforcam-presenca-militar-na-europa-em-meio-a-temores-de-guerra-com-a-russia\/#primaryimage"},"image":{"@id":"https:\/\/jornalfatosenoticias.com.br\/index.php\/2025\/05\/27\/eua-reforcam-presenca-militar-na-europa-em-meio-a-temores-de-guerra-com-a-russia\/#primaryimage"},"thumbnailUrl":"https:\/\/jornalfatosenoticias.com.br\/wp-content\/uploads\/2025\/05\/guerra-Russia_gettyimages.jpg","datePublished":"2025-05-27T17:28:00+00:00","dateModified":"2025-05-27T17:28:01+00:00","breadcrumb":{"@id":"https:\/\/jornalfatosenoticias.com.br\/index.php\/2025\/05\/27\/eua-reforcam-presenca-militar-na-europa-em-meio-a-temores-de-guerra-com-a-russia\/#breadcrumb"},"inLanguage":"pt-BR","potentialAction":[{"@type":"ReadAction","target":["https:\/\/jornalfatosenoticias.com.br\/index.php\/2025\/05\/27\/eua-reforcam-presenca-militar-na-europa-em-meio-a-temores-de-guerra-com-a-russia\/"]}]},{"@type":"ImageObject","inLanguage":"pt-BR","@id":"https:\/\/jornalfatosenoticias.com.br\/index.php\/2025\/05\/27\/eua-reforcam-presenca-militar-na-europa-em-meio-a-temores-de-guerra-com-a-russia\/#primaryimage","url":"https:\/\/jornalfatosenoticias.com.br\/wp-content\/uploads\/2025\/05\/guerra-Russia_gettyimages.jpg","contentUrl":"https:\/\/jornalfatosenoticias.com.br\/wp-content\/uploads\/2025\/05\/guerra-Russia_gettyimages.jpg","width":612,"height":408,"caption":"Soldiers of the 3rd Independent Tank Iron Brigade are on the tank while on combat duty in the Kharkiv region, Ukraine, on February 10, 2025. (Photo by Viacheslav Madiievskyi\/Ukrinform\/NurPhoto via Getty Images)"},{"@type":"BreadcrumbList","@id":"https:\/\/jornalfatosenoticias.com.br\/index.php\/2025\/05\/27\/eua-reforcam-presenca-militar-na-europa-em-meio-a-temores-de-guerra-com-a-russia\/#breadcrumb","itemListElement":[{"@type":"ListItem","position":1,"name":"In\u00edcio","item":"https:\/\/jornalfatosenoticias.com.br\/"},{"@type":"ListItem","position":2,"name":"EUA refor\u00e7am presen\u00e7a militar na Europa em meio a temores de guerra com a R\u00fassia"}]},{"@type":"WebSite","@id":"https:\/\/jornalfatosenoticias.com.br\/#website","url":"https:\/\/jornalfatosenoticias.com.br\/","name":"Jornal Fatos e Not\u00edcias","description":"Not\u00edcias em geral","publisher":{"@id":"https:\/\/jornalfatosenoticias.com.br\/#organization"},"potentialAction":[{"@type":"SearchAction","target":{"@type":"EntryPoint","urlTemplate":"https:\/\/jornalfatosenoticias.com.br\/?s={search_term_string}"},"query-input":{"@type":"PropertyValueSpecification","valueRequired":true,"valueName":"search_term_string"}}],"inLanguage":"pt-BR"},{"@type":"Organization","@id":"https:\/\/jornalfatosenoticias.com.br\/#organization","name":"Jornal Fatos e Not\u00edcias","url":"https:\/\/jornalfatosenoticias.com.br\/","logo":{"@type":"ImageObject","inLanguage":"pt-BR","@id":"https:\/\/jornalfatosenoticias.com.br\/#\/schema\/logo\/image\/","url":"https:\/\/jornalfatosenoticias.com.br\/wp-content\/uploads\/2020\/02\/logo120.png","contentUrl":"https:\/\/jornalfatosenoticias.com.br\/wp-content\/uploads\/2020\/02\/logo120.png","width":1227,"height":120,"caption":"Jornal Fatos e Not\u00edcias"},"image":{"@id":"https:\/\/jornalfatosenoticias.com.br\/#\/schema\/logo\/image\/"}},{"@type":"Person","@id":"https:\/\/jornalfatosenoticias.com.br\/#\/schema\/person\/d63837fa13ac8666eb9e74e0985d6f81","name":"Luzimara Fernandes","image":{"@type":"ImageObject","inLanguage":"pt-BR","@id":"https:\/\/jornalfatosenoticias.com.br\/#\/schema\/person\/image\/","url":"https:\/\/jornalfatosenoticias.com.br\/wp-content\/uploads\/2025\/05\/EU_portal.jpg","contentUrl":"https:\/\/jornalfatosenoticias.com.br\/wp-content\/uploads\/2025\/05\/EU_portal.jpg","caption":"Luzimara Fernandes"},"description":"Jornalista MTB 2358-ES","sameAs":["https:\/\/jornalfatosenoticias.com.br"],"url":"https:\/\/jornalfatosenoticias.com.br\/index.php\/author\/luzimara\/"}]}},"cc_featured_image_caption":{"caption_text":"(Foto: Getty Images) ","source_text":"","source_url":""},"jetpack_featured_media_url":"https:\/\/jornalfatosenoticias.com.br\/wp-content\/uploads\/2025\/05\/guerra-Russia_gettyimages.jpg","_links":{"self":[{"href":"https:\/\/jornalfatosenoticias.com.br\/index.php\/wp-json\/wp\/v2\/posts\/59528","targetHints":{"allow":["GET"]}}],"collection":[{"href":"https:\/\/jornalfatosenoticias.com.br\/index.php\/wp-json\/wp\/v2\/posts"}],"about":[{"href":"https:\/\/jornalfatosenoticias.com.br\/index.php\/wp-json\/wp\/v2\/types\/post"}],"author":[{"embeddable":true,"href":"https:\/\/jornalfatosenoticias.com.br\/index.php\/wp-json\/wp\/v2\/users\/2"}],"replies":[{"embeddable":true,"href":"https:\/\/jornalfatosenoticias.com.br\/index.php\/wp-json\/wp\/v2\/comments?post=59528"}],"version-history":[{"count":0,"href":"https:\/\/jornalfatosenoticias.com.br\/index.php\/wp-json\/wp\/v2\/posts\/59528\/revisions"}],"wp:featuredmedia":[{"embeddable":true,"href":"https:\/\/jornalfatosenoticias.com.br\/index.php\/wp-json\/wp\/v2\/media\/59529"}],"wp:attachment":[{"href":"https:\/\/jornalfatosenoticias.com.br\/index.php\/wp-json\/wp\/v2\/media?parent=59528"}],"wp:term":[{"taxonomy":"category","embeddable":true,"href":"https:\/\/jornalfatosenoticias.com.br\/index.php\/wp-json\/wp\/v2\/categories?post=59528"},{"taxonomy":"post_tag","embeddable":true,"href":"https:\/\/jornalfatosenoticias.com.br\/index.php\/wp-json\/wp\/v2\/tags?post=59528"}],"curies":[{"name":"wp","href":"https:\/\/api.w.org\/{rel}","templated":true}]}}