{"id":59531,"date":"2025-05-27T14:44:19","date_gmt":"2025-05-27T17:44:19","guid":{"rendered":"https:\/\/jornalfatosenoticias.com.br\/?p=59531"},"modified":"2025-05-27T14:44:20","modified_gmt":"2025-05-27T17:44:20","slug":"logistica-reversa-de-entrega-de-cestas-para-indigenas-yanomami-custara-mais-de-r-15-milhoes","status":"publish","type":"post","link":"https:\/\/jornalfatosenoticias.com.br\/index.php\/2025\/05\/27\/logistica-reversa-de-entrega-de-cestas-para-indigenas-yanomami-custara-mais-de-r-15-milhoes\/","title":{"rendered":"Log\u00edstica reversa de entrega de cestas para ind\u00edgenas yanomami custar\u00e1 mais de R$ 15 milh\u00f5es"},"content":{"rendered":"\n<p><em><span class=\"has-inline-color has-black-color\">Lixo em territ\u00f3rio ind\u00edgena foi gerado por entrega de cestas b\u00e1sicas<\/span><\/em><\/p>\n\n\n\n<p><span class=\"has-inline-color has-black-color\">Por <strong><a href=\"https:\/\/www.gazetadopovo.com.br\/autor\/aline-rechmann\/\">Aline Rechmann<\/a><\/strong><\/span><\/p>\n\n\n\n<div class=\"wp-block-image\"><figure class=\"aligncenter size-large is-resized\"><a href=\"https:\/\/www.facebook.com\/vetor.vix\/\"><img loading=\"lazy\" decoding=\"async\" src=\"https:\/\/jornalfatosenoticias.com.br\/wp-content\/uploads\/2023\/09\/vetorvix1024_1.jpg\" alt=\"\" class=\"wp-image-44868\" width=\"550\" height=\"146\" srcset=\"https:\/\/jornalfatosenoticias.com.br\/wp-content\/uploads\/2023\/09\/vetorvix1024_1.jpg 1024w, https:\/\/jornalfatosenoticias.com.br\/wp-content\/uploads\/2023\/09\/vetorvix1024_1-300x80.jpg 300w, https:\/\/jornalfatosenoticias.com.br\/wp-content\/uploads\/2023\/09\/vetorvix1024_1-768x205.jpg 768w\" sizes=\"auto, (max-width: 550px) 100vw, 550px\" \/><\/a><\/figure><\/div>\n\n\n\n<p>A entrega de cestas b\u00e1sicas para ind\u00edgenas yanomami gerou ac\u00famulo de lixo nas aldeias. Para resolver o problema, o governo de Luiz In\u00e1cio Lula da Silva (PT), por meio do Minist\u00e9rio do Trabalho, desembolsou R$ 15,8 milh\u00f5es em um\u00a0contrato com uma cooperativa que vai retirar o lixo do territ\u00f3rio localizado em Roraima.<br>A verba para a entidade contratada, a Central de Cooperativas e Empreendimentos Solid\u00e1rios do Brasil (Unisol Brasil), foi integralmente depositada no dia 31 de dezembro de 2024, tr\u00eas dias ap\u00f3s a assinatura do conv\u00eanio. O acordo foi firmado por meio da Secretaria de Economia Popular e Solid\u00e1ria, chefiada por Gilberto Carvalho (PT), ex-ministro e conselheiro pr\u00f3ximo de Luiz In\u00e1cio Lula da Silva.\u00a0<\/p>\n\n\n\n<div class=\"wp-block-image\"><figure class=\"aligncenter size-large\"><a href=\"https:\/\/www.cesconetto.com.br\/\"><img loading=\"lazy\" decoding=\"async\" width=\"300\" height=\"250\" src=\"https:\/\/jornalfatosenoticias.com.br\/wp-content\/uploads\/2020\/02\/Banner-2.png\" alt=\"\" class=\"wp-image-43787\"\/><\/a><\/figure><\/div>\n\n\n\n<p>A Gazeta do Povo tentou contato com o governo federal e com a cooperativa para saber se o trabalho j\u00e1 come\u00e7ou, mas n\u00e3o teve retorno at\u00e9 o fechamento da mat\u00e9ria. A reportagem tamb\u00e9m buscou contato com o Minist\u00e9rio dos Povos Ind\u00edgenas para entender qual o motivo de o contrato n\u00e3o ter sido firmado diretamente com a pasta respons\u00e1vel pela gest\u00e3o das terras e dos territ\u00f3rios ind\u00edgenas.<\/p>\n\n\n\n<div class=\"wp-block-image\"><figure class=\"aligncenter size-large is-resized\"><a href=\"https:\/\/www.instagram.com\/esteio.churrascaria\/\"><img loading=\"lazy\" decoding=\"async\" src=\"https:\/\/jornalfatosenoticias.com.br\/wp-content\/uploads\/2022\/02\/LOGO-ESTEIO-1024x730.png\" alt=\"\" class=\"wp-image-27942\" width=\"350\" height=\"249\" srcset=\"https:\/\/jornalfatosenoticias.com.br\/wp-content\/uploads\/2022\/02\/LOGO-ESTEIO-1024x730.png 1024w, https:\/\/jornalfatosenoticias.com.br\/wp-content\/uploads\/2022\/02\/LOGO-ESTEIO-300x214.png 300w, https:\/\/jornalfatosenoticias.com.br\/wp-content\/uploads\/2022\/02\/LOGO-ESTEIO-768x548.png 768w, https:\/\/jornalfatosenoticias.com.br\/wp-content\/uploads\/2022\/02\/LOGO-ESTEIO.png 1123w\" sizes=\"auto, (max-width: 350px) 100vw, 350px\" \/><\/a><\/figure><\/div>\n\n\n\n<blockquote class=\"wp-block-quote is-layout-flow wp-block-quote-is-layout-flow\"><p>A divulga\u00e7\u00e3o das a\u00e7\u00f5es tamb\u00e9m est\u00e1 prevista no plano. Somente a comunica\u00e7\u00e3o dos resultados deve custar R$ 305 mil.<\/p><\/blockquote>\n\n\n\n<div class=\"wp-block-image\"><figure class=\"aligncenter size-large is-resized\"><a href=\"https:\/\/www.instagram.com\/gruposei\/\"><img loading=\"lazy\" decoding=\"async\" src=\"https:\/\/jornalfatosenoticias.com.br\/wp-content\/uploads\/2022\/07\/Logo-Grupo-SEI.jpg\" alt=\"\" class=\"wp-image-31973\" width=\"361\" height=\"189\" srcset=\"https:\/\/jornalfatosenoticias.com.br\/wp-content\/uploads\/2022\/07\/Logo-Grupo-SEI.jpg 713w, https:\/\/jornalfatosenoticias.com.br\/wp-content\/uploads\/2022\/07\/Logo-Grupo-SEI-300x158.jpg 300w\" sizes=\"auto, (max-width: 361px) 100vw, 361px\" \/><\/a><\/figure><\/div>\n\n\n\n<p><strong><span class=\"has-inline-color has-black-color\">Contrato de recolha de lixo gerado pela entrega de alimentos prev\u00ea contrata\u00e7\u00e3o de ind\u00edgenas<br><\/span><\/strong>As cestas b\u00e1sicas passaram a ser entregues aos ind\u00edgenas ap\u00f3s o governo decretar uma crise humanit\u00e1ria na Terra Yanomami no come\u00e7o de 2023. Os dados sobre mortes e desnutri\u00e7\u00e3o dos ind\u00edgenas fizeram com que o governo destinasse mais de R$ 1,2 bilh\u00e3o em a\u00e7\u00f5es no territ\u00f3rio somente em 2024.<\/p>\n\n\n\n<div class=\"wp-block-image\"><figure class=\"aligncenter size-large is-resized\"><a href=\"https:\/\/www.facebook.com\/postobkr\/?locale=pt_BR\"><img loading=\"lazy\" decoding=\"async\" src=\"https:\/\/jornalfatosenoticias.com.br\/wp-content\/uploads\/2023\/08\/BKR-1024x1021.jpg\" alt=\"\" class=\"wp-image-44494\" width=\"314\" height=\"313\" srcset=\"https:\/\/jornalfatosenoticias.com.br\/wp-content\/uploads\/2023\/08\/BKR-1024x1021.jpg 1024w, https:\/\/jornalfatosenoticias.com.br\/wp-content\/uploads\/2023\/08\/BKR-300x300.jpg 300w, https:\/\/jornalfatosenoticias.com.br\/wp-content\/uploads\/2023\/08\/BKR-150x150.jpg 150w, https:\/\/jornalfatosenoticias.com.br\/wp-content\/uploads\/2023\/08\/BKR-768x766.jpg 768w, https:\/\/jornalfatosenoticias.com.br\/wp-content\/uploads\/2023\/08\/BKR.jpg 1080w\" sizes=\"auto, (max-width: 314px) 100vw, 314px\" \/><\/a><\/figure><\/div>\n\n\n\n<p>A alegada solu\u00e7\u00e3o para a desnutri\u00e7\u00e3o gerou o novo problema a ser resolvido que consta no plano de trabalho apresentado pela entidade contratada. \u201cO governo federal realizou a entrega de cerca de 97 mil cestas de alimentos aos yanomami e Ye&#8217;kwana, estes alimentos que chegam \u00e0s comunidades geram res\u00edduos, que se n\u00e3o forem retirados, ter\u00e3o impacto ambiental e na pr\u00f3pria sa\u00fade dos ind\u00edgenas\u201d, aponta o documento.<\/p>\n\n\n\n<div class=\"wp-block-image\"><figure class=\"aligncenter size-large is-resized\"><a href=\"https:\/\/hotelmarquetti.com.br\/\"><img loading=\"lazy\" decoding=\"async\" src=\"https:\/\/jornalfatosenoticias.com.br\/wp-content\/uploads\/2020\/02\/LOGO-MQ-1024x680.jpg\" alt=\"\" class=\"wp-image-58299\" width=\"339\" height=\"225\" srcset=\"https:\/\/jornalfatosenoticias.com.br\/wp-content\/uploads\/2020\/02\/LOGO-MQ-1024x680.jpg 1024w, https:\/\/jornalfatosenoticias.com.br\/wp-content\/uploads\/2020\/02\/LOGO-MQ-300x199.jpg 300w, https:\/\/jornalfatosenoticias.com.br\/wp-content\/uploads\/2020\/02\/LOGO-MQ-768x510.jpg 768w, https:\/\/jornalfatosenoticias.com.br\/wp-content\/uploads\/2020\/02\/LOGO-MQ-1536x1020.jpg 1536w, https:\/\/jornalfatosenoticias.com.br\/wp-content\/uploads\/2020\/02\/LOGO-MQ-2048x1360.jpg 2048w\" sizes=\"auto, (max-width: 339px) 100vw, 339px\" \/><\/a><\/figure><\/div>\n\n\n\n<p>Al\u00e9m da \u201clog\u00edstica reversa\u201d, o plano prev\u00ea a mobiliza\u00e7\u00e3o e capacita\u00e7\u00e3o de ind\u00edgenas acerca dos benef\u00edcios relacionados a destina\u00e7\u00e3o adequada dos res\u00edduos. Para isso, tr\u00eas organiza\u00e7\u00f5es de catadores de materiais recicl\u00e1veis, formadas por cerca de 80 pessoas, devem atuar no local. H\u00e1 ainda a previs\u00e3o de que 20 \u201cagentes ind\u00edgenas\u00a0recicladores\u201d atuem no projeto ao custo de R$ 880 mil.<\/p>\n\n\n\n<div class=\"wp-block-image\"><figure class=\"aligncenter size-large is-resized\"><a href=\"https:\/\/panper.com.br\/\"><img loading=\"lazy\" decoding=\"async\" src=\"https:\/\/jornalfatosenoticias.com.br\/wp-content\/uploads\/2023\/03\/logo-Panper_portal.jpg\" alt=\"\" class=\"wp-image-40208\" width=\"296\" height=\"205\" srcset=\"https:\/\/jornalfatosenoticias.com.br\/wp-content\/uploads\/2023\/03\/logo-Panper_portal.jpg 400w, https:\/\/jornalfatosenoticias.com.br\/wp-content\/uploads\/2023\/03\/logo-Panper_portal-300x208.jpg 300w\" sizes=\"auto, (max-width: 296px) 100vw, 296px\" \/><\/a><\/figure><\/div>\n\n\n\n<p>Ainda de acordo com o plano de trabalho, o lixo deve ser retirado de 10 bases que ficam dentro do territ\u00f3rio yanomami. O territ\u00f3rio\u00a0tem uma \u00e1rea de cerca de 9,6 milh\u00f5es de hectares. Essa \u00e1rea \u00e9 maior que a \u00e1rea dos estados do Rio de Janeiro e Esp\u00edrito Santo juntos.\u00a0A divulga\u00e7\u00e3o das a\u00e7\u00f5es tamb\u00e9m est\u00e1 prevista no plano. Somente a comunica\u00e7\u00e3o dos resultados deve custar R$ 305 mil.<\/p>\n\n\n\n<div class=\"wp-block-image\"><figure class=\"aligncenter size-large is-resized\"><a href=\"https:\/\/www.instagram.com\/rcradiadores\/\"><img loading=\"lazy\" decoding=\"async\" src=\"https:\/\/jornalfatosenoticias.com.br\/wp-content\/uploads\/2022\/10\/RC_800x750_page-0001.jpg\" alt=\"\" class=\"wp-image-35338\" width=\"293\" height=\"275\" srcset=\"https:\/\/jornalfatosenoticias.com.br\/wp-content\/uploads\/2022\/10\/RC_800x750_page-0001.jpg 400w, https:\/\/jornalfatosenoticias.com.br\/wp-content\/uploads\/2022\/10\/RC_800x750_page-0001-300x281.jpg 300w\" sizes=\"auto, (max-width: 293px) 100vw, 293px\" \/><\/a><\/figure><\/div>\n\n\n\n<p><strong>Fonte: <a href=\"https:\/\/www.gazetadopovo.com.br\/republica\/logistica-reversa-de-entrega-de-cestas-para-indigenas-yanomami-custara-mais-de-r-15-milhoes\/\">Gazeta do Povo<\/a><\/strong><\/p>\n","protected":false},"excerpt":{"rendered":"<p>Lixo em territ\u00f3rio ind\u00edgena foi gerado por entrega de cestas b\u00e1sicas Por Aline Rechmann A entrega de cestas b\u00e1sicas para ind\u00edgenas yanomami gerou ac\u00famulo de lixo nas aldeias. Para resolver o problema, o governo de Luiz In\u00e1cio Lula da Silva (PT), por meio do Minist\u00e9rio do Trabalho, desembolsou R$ 15,8 milh\u00f5es em um\u00a0contrato com uma [&hellip;]<\/p>\n","protected":false},"author":2,"featured_media":59532,"comment_status":"open","ping_status":"open","sticky":false,"template":"","format":"standard","meta":{"footnotes":""},"categories":[10],"tags":[8251,860,1816,27186,7580,13186,22624],"class_list":["post-59531","post","type-post","status-publish","format-standard","has-post-thumbnail","hentry","category-politica","tag-cestas-basicas","tag-governo-federal","tag-indigenas","tag-lixo-nas-aldeias","tag-lula","tag-pt","tag-questoes-indigenas"],"yoast_head":"<!-- This site is optimized with the Yoast SEO plugin v26.5 - https:\/\/yoast.com\/wordpress\/plugins\/seo\/ -->\n<title>Log\u00edstica reversa de entrega de cestas para ind\u00edgenas yanomami custar\u00e1 mais de R$ 15 milh\u00f5es - Jornal Fatos e Not\u00edcias<\/title>\n<meta name=\"robots\" content=\"index, follow, max-snippet:-1, max-image-preview:large, max-video-preview:-1\" \/>\n<link rel=\"canonical\" href=\"https:\/\/jornalfatosenoticias.com.br\/index.php\/2025\/05\/27\/logistica-reversa-de-entrega-de-cestas-para-indigenas-yanomami-custara-mais-de-r-15-milhoes\/\" \/>\n<meta property=\"og:locale\" content=\"pt_BR\" \/>\n<meta property=\"og:type\" content=\"article\" \/>\n<meta property=\"og:title\" content=\"Log\u00edstica reversa de entrega de cestas para ind\u00edgenas yanomami custar\u00e1 mais de R$ 15 milh\u00f5es - Jornal Fatos e Not\u00edcias\" \/>\n<meta property=\"og:description\" content=\"Lixo em territ\u00f3rio ind\u00edgena foi gerado por entrega de cestas b\u00e1sicas Por Aline Rechmann A entrega de cestas b\u00e1sicas para ind\u00edgenas yanomami gerou ac\u00famulo de lixo nas aldeias. Para resolver o problema, o governo de Luiz In\u00e1cio Lula da Silva (PT), por meio do Minist\u00e9rio do Trabalho, desembolsou R$ 15,8 milh\u00f5es em um\u00a0contrato com uma [&hellip;]\" \/>\n<meta property=\"og:url\" content=\"https:\/\/jornalfatosenoticias.com.br\/index.php\/2025\/05\/27\/logistica-reversa-de-entrega-de-cestas-para-indigenas-yanomami-custara-mais-de-r-15-milhoes\/\" \/>\n<meta property=\"og:site_name\" content=\"Jornal Fatos e Not\u00edcias\" \/>\n<meta property=\"article:published_time\" content=\"2025-05-27T17:44:19+00:00\" \/>\n<meta property=\"article:modified_time\" content=\"2025-05-27T17:44:20+00:00\" \/>\n<meta property=\"og:image\" content=\"https:\/\/jornalfatosenoticias.com.br\/wp-content\/uploads\/2025\/05\/indigenas-lixo.jpg\" \/>\n\t<meta property=\"og:image:width\" content=\"1000\" \/>\n\t<meta property=\"og:image:height\" content=\"666\" \/>\n\t<meta property=\"og:image:type\" content=\"image\/jpeg\" \/>\n<meta name=\"author\" content=\"Luzimara Fernandes\" \/>\n<meta name=\"twitter:card\" content=\"summary_large_image\" \/>\n<meta name=\"twitter:label1\" content=\"Escrito por\" \/>\n\t<meta name=\"twitter:data1\" content=\"Luzimara Fernandes\" \/>\n\t<meta name=\"twitter:label2\" content=\"Est. tempo de leitura\" \/>\n\t<meta name=\"twitter:data2\" content=\"3 minutos\" \/>\n<script type=\"application\/ld+json\" class=\"yoast-schema-graph\">{\"@context\":\"https:\/\/schema.org\",\"@graph\":[{\"@type\":\"Article\",\"@id\":\"https:\/\/jornalfatosenoticias.com.br\/index.php\/2025\/05\/27\/logistica-reversa-de-entrega-de-cestas-para-indigenas-yanomami-custara-mais-de-r-15-milhoes\/#article\",\"isPartOf\":{\"@id\":\"https:\/\/jornalfatosenoticias.com.br\/index.php\/2025\/05\/27\/logistica-reversa-de-entrega-de-cestas-para-indigenas-yanomami-custara-mais-de-r-15-milhoes\/\"},\"author\":{\"name\":\"Luzimara Fernandes\",\"@id\":\"https:\/\/jornalfatosenoticias.com.br\/#\/schema\/person\/d63837fa13ac8666eb9e74e0985d6f81\"},\"headline\":\"Log\u00edstica reversa de entrega de cestas para ind\u00edgenas yanomami custar\u00e1 mais de R$ 15 milh\u00f5es\",\"datePublished\":\"2025-05-27T17:44:19+00:00\",\"dateModified\":\"2025-05-27T17:44:20+00:00\",\"mainEntityOfPage\":{\"@id\":\"https:\/\/jornalfatosenoticias.com.br\/index.php\/2025\/05\/27\/logistica-reversa-de-entrega-de-cestas-para-indigenas-yanomami-custara-mais-de-r-15-milhoes\/\"},\"wordCount\":552,\"commentCount\":0,\"publisher\":{\"@id\":\"https:\/\/jornalfatosenoticias.com.br\/#organization\"},\"image\":{\"@id\":\"https:\/\/jornalfatosenoticias.com.br\/index.php\/2025\/05\/27\/logistica-reversa-de-entrega-de-cestas-para-indigenas-yanomami-custara-mais-de-r-15-milhoes\/#primaryimage\"},\"thumbnailUrl\":\"https:\/\/jornalfatosenoticias.com.br\/wp-content\/uploads\/2025\/05\/indigenas-lixo.jpg\",\"keywords\":[\"cestas b\u00e1sicas\",\"governo federal\",\"ind\u00edgenas\",\"lixo nas aldeias\",\"Lula\",\"PT\",\"quest\u00f5es ind\u00edgenas\"],\"articleSection\":[\"Pol\u00edtica\"],\"inLanguage\":\"pt-BR\",\"potentialAction\":[{\"@type\":\"CommentAction\",\"name\":\"Comment\",\"target\":[\"https:\/\/jornalfatosenoticias.com.br\/index.php\/2025\/05\/27\/logistica-reversa-de-entrega-de-cestas-para-indigenas-yanomami-custara-mais-de-r-15-milhoes\/#respond\"]}]},{\"@type\":\"WebPage\",\"@id\":\"https:\/\/jornalfatosenoticias.com.br\/index.php\/2025\/05\/27\/logistica-reversa-de-entrega-de-cestas-para-indigenas-yanomami-custara-mais-de-r-15-milhoes\/\",\"url\":\"https:\/\/jornalfatosenoticias.com.br\/index.php\/2025\/05\/27\/logistica-reversa-de-entrega-de-cestas-para-indigenas-yanomami-custara-mais-de-r-15-milhoes\/\",\"name\":\"Log\u00edstica reversa de entrega de cestas para ind\u00edgenas yanomami custar\u00e1 mais de R$ 15 milh\u00f5es - Jornal Fatos e Not\u00edcias\",\"isPartOf\":{\"@id\":\"https:\/\/jornalfatosenoticias.com.br\/#website\"},\"primaryImageOfPage\":{\"@id\":\"https:\/\/jornalfatosenoticias.com.br\/index.php\/2025\/05\/27\/logistica-reversa-de-entrega-de-cestas-para-indigenas-yanomami-custara-mais-de-r-15-milhoes\/#primaryimage\"},\"image\":{\"@id\":\"https:\/\/jornalfatosenoticias.com.br\/index.php\/2025\/05\/27\/logistica-reversa-de-entrega-de-cestas-para-indigenas-yanomami-custara-mais-de-r-15-milhoes\/#primaryimage\"},\"thumbnailUrl\":\"https:\/\/jornalfatosenoticias.com.br\/wp-content\/uploads\/2025\/05\/indigenas-lixo.jpg\",\"datePublished\":\"2025-05-27T17:44:19+00:00\",\"dateModified\":\"2025-05-27T17:44:20+00:00\",\"breadcrumb\":{\"@id\":\"https:\/\/jornalfatosenoticias.com.br\/index.php\/2025\/05\/27\/logistica-reversa-de-entrega-de-cestas-para-indigenas-yanomami-custara-mais-de-r-15-milhoes\/#breadcrumb\"},\"inLanguage\":\"pt-BR\",\"potentialAction\":[{\"@type\":\"ReadAction\",\"target\":[\"https:\/\/jornalfatosenoticias.com.br\/index.php\/2025\/05\/27\/logistica-reversa-de-entrega-de-cestas-para-indigenas-yanomami-custara-mais-de-r-15-milhoes\/\"]}]},{\"@type\":\"ImageObject\",\"inLanguage\":\"pt-BR\",\"@id\":\"https:\/\/jornalfatosenoticias.com.br\/index.php\/2025\/05\/27\/logistica-reversa-de-entrega-de-cestas-para-indigenas-yanomami-custara-mais-de-r-15-milhoes\/#primaryimage\",\"url\":\"https:\/\/jornalfatosenoticias.com.br\/wp-content\/uploads\/2025\/05\/indigenas-lixo.jpg\",\"contentUrl\":\"https:\/\/jornalfatosenoticias.com.br\/wp-content\/uploads\/2025\/05\/indigenas-lixo.jpg\",\"width\":1000,\"height\":666},{\"@type\":\"BreadcrumbList\",\"@id\":\"https:\/\/jornalfatosenoticias.com.br\/index.php\/2025\/05\/27\/logistica-reversa-de-entrega-de-cestas-para-indigenas-yanomami-custara-mais-de-r-15-milhoes\/#breadcrumb\",\"itemListElement\":[{\"@type\":\"ListItem\",\"position\":1,\"name\":\"In\u00edcio\",\"item\":\"https:\/\/jornalfatosenoticias.com.br\/\"},{\"@type\":\"ListItem\",\"position\":2,\"name\":\"Log\u00edstica reversa de entrega de cestas para ind\u00edgenas yanomami custar\u00e1 mais de R$ 15 milh\u00f5es\"}]},{\"@type\":\"WebSite\",\"@id\":\"https:\/\/jornalfatosenoticias.com.br\/#website\",\"url\":\"https:\/\/jornalfatosenoticias.com.br\/\",\"name\":\"Jornal Fatos e Not\u00edcias\",\"description\":\"Not\u00edcias em geral\",\"publisher\":{\"@id\":\"https:\/\/jornalfatosenoticias.com.br\/#organization\"},\"potentialAction\":[{\"@type\":\"SearchAction\",\"target\":{\"@type\":\"EntryPoint\",\"urlTemplate\":\"https:\/\/jornalfatosenoticias.com.br\/?s={search_term_string}\"},\"query-input\":{\"@type\":\"PropertyValueSpecification\",\"valueRequired\":true,\"valueName\":\"search_term_string\"}}],\"inLanguage\":\"pt-BR\"},{\"@type\":\"Organization\",\"@id\":\"https:\/\/jornalfatosenoticias.com.br\/#organization\",\"name\":\"Jornal Fatos e Not\u00edcias\",\"url\":\"https:\/\/jornalfatosenoticias.com.br\/\",\"logo\":{\"@type\":\"ImageObject\",\"inLanguage\":\"pt-BR\",\"@id\":\"https:\/\/jornalfatosenoticias.com.br\/#\/schema\/logo\/image\/\",\"url\":\"https:\/\/jornalfatosenoticias.com.br\/wp-content\/uploads\/2020\/02\/logo120.png\",\"contentUrl\":\"https:\/\/jornalfatosenoticias.com.br\/wp-content\/uploads\/2020\/02\/logo120.png\",\"width\":1227,\"height\":120,\"caption\":\"Jornal Fatos e Not\u00edcias\"},\"image\":{\"@id\":\"https:\/\/jornalfatosenoticias.com.br\/#\/schema\/logo\/image\/\"}},{\"@type\":\"Person\",\"@id\":\"https:\/\/jornalfatosenoticias.com.br\/#\/schema\/person\/d63837fa13ac8666eb9e74e0985d6f81\",\"name\":\"Luzimara Fernandes\",\"image\":{\"@type\":\"ImageObject\",\"inLanguage\":\"pt-BR\",\"@id\":\"https:\/\/jornalfatosenoticias.com.br\/#\/schema\/person\/image\/\",\"url\":\"https:\/\/jornalfatosenoticias.com.br\/wp-content\/uploads\/2025\/05\/EU_portal.jpg\",\"contentUrl\":\"https:\/\/jornalfatosenoticias.com.br\/wp-content\/uploads\/2025\/05\/EU_portal.jpg\",\"caption\":\"Luzimara Fernandes\"},\"description\":\"Jornalista MTB 2358-ES\",\"sameAs\":[\"https:\/\/jornalfatosenoticias.com.br\"],\"url\":\"https:\/\/jornalfatosenoticias.com.br\/index.php\/author\/luzimara\/\"}]}<\/script>\n<!-- \/ Yoast SEO plugin. -->","yoast_head_json":{"title":"Log\u00edstica reversa de entrega de cestas para ind\u00edgenas yanomami custar\u00e1 mais de R$ 15 milh\u00f5es - Jornal Fatos e Not\u00edcias","robots":{"index":"index","follow":"follow","max-snippet":"max-snippet:-1","max-image-preview":"max-image-preview:large","max-video-preview":"max-video-preview:-1"},"canonical":"https:\/\/jornalfatosenoticias.com.br\/index.php\/2025\/05\/27\/logistica-reversa-de-entrega-de-cestas-para-indigenas-yanomami-custara-mais-de-r-15-milhoes\/","og_locale":"pt_BR","og_type":"article","og_title":"Log\u00edstica reversa de entrega de cestas para ind\u00edgenas yanomami custar\u00e1 mais de R$ 15 milh\u00f5es - Jornal Fatos e Not\u00edcias","og_description":"Lixo em territ\u00f3rio ind\u00edgena foi gerado por entrega de cestas b\u00e1sicas Por Aline Rechmann A entrega de cestas b\u00e1sicas para ind\u00edgenas yanomami gerou ac\u00famulo de lixo nas aldeias. Para resolver o problema, o governo de Luiz In\u00e1cio Lula da Silva (PT), por meio do Minist\u00e9rio do Trabalho, desembolsou R$ 15,8 milh\u00f5es em um\u00a0contrato com uma [&hellip;]","og_url":"https:\/\/jornalfatosenoticias.com.br\/index.php\/2025\/05\/27\/logistica-reversa-de-entrega-de-cestas-para-indigenas-yanomami-custara-mais-de-r-15-milhoes\/","og_site_name":"Jornal Fatos e Not\u00edcias","article_published_time":"2025-05-27T17:44:19+00:00","article_modified_time":"2025-05-27T17:44:20+00:00","og_image":[{"width":1000,"height":666,"url":"https:\/\/jornalfatosenoticias.com.br\/wp-content\/uploads\/2025\/05\/indigenas-lixo.jpg","type":"image\/jpeg"}],"author":"Luzimara Fernandes","twitter_card":"summary_large_image","twitter_misc":{"Escrito por":"Luzimara Fernandes","Est. tempo de leitura":"3 minutos"},"schema":{"@context":"https:\/\/schema.org","@graph":[{"@type":"Article","@id":"https:\/\/jornalfatosenoticias.com.br\/index.php\/2025\/05\/27\/logistica-reversa-de-entrega-de-cestas-para-indigenas-yanomami-custara-mais-de-r-15-milhoes\/#article","isPartOf":{"@id":"https:\/\/jornalfatosenoticias.com.br\/index.php\/2025\/05\/27\/logistica-reversa-de-entrega-de-cestas-para-indigenas-yanomami-custara-mais-de-r-15-milhoes\/"},"author":{"name":"Luzimara Fernandes","@id":"https:\/\/jornalfatosenoticias.com.br\/#\/schema\/person\/d63837fa13ac8666eb9e74e0985d6f81"},"headline":"Log\u00edstica reversa de entrega de cestas para ind\u00edgenas yanomami custar\u00e1 mais de R$ 15 milh\u00f5es","datePublished":"2025-05-27T17:44:19+00:00","dateModified":"2025-05-27T17:44:20+00:00","mainEntityOfPage":{"@id":"https:\/\/jornalfatosenoticias.com.br\/index.php\/2025\/05\/27\/logistica-reversa-de-entrega-de-cestas-para-indigenas-yanomami-custara-mais-de-r-15-milhoes\/"},"wordCount":552,"commentCount":0,"publisher":{"@id":"https:\/\/jornalfatosenoticias.com.br\/#organization"},"image":{"@id":"https:\/\/jornalfatosenoticias.com.br\/index.php\/2025\/05\/27\/logistica-reversa-de-entrega-de-cestas-para-indigenas-yanomami-custara-mais-de-r-15-milhoes\/#primaryimage"},"thumbnailUrl":"https:\/\/jornalfatosenoticias.com.br\/wp-content\/uploads\/2025\/05\/indigenas-lixo.jpg","keywords":["cestas b\u00e1sicas","governo federal","ind\u00edgenas","lixo nas aldeias","Lula","PT","quest\u00f5es ind\u00edgenas"],"articleSection":["Pol\u00edtica"],"inLanguage":"pt-BR","potentialAction":[{"@type":"CommentAction","name":"Comment","target":["https:\/\/jornalfatosenoticias.com.br\/index.php\/2025\/05\/27\/logistica-reversa-de-entrega-de-cestas-para-indigenas-yanomami-custara-mais-de-r-15-milhoes\/#respond"]}]},{"@type":"WebPage","@id":"https:\/\/jornalfatosenoticias.com.br\/index.php\/2025\/05\/27\/logistica-reversa-de-entrega-de-cestas-para-indigenas-yanomami-custara-mais-de-r-15-milhoes\/","url":"https:\/\/jornalfatosenoticias.com.br\/index.php\/2025\/05\/27\/logistica-reversa-de-entrega-de-cestas-para-indigenas-yanomami-custara-mais-de-r-15-milhoes\/","name":"Log\u00edstica reversa de entrega de cestas para ind\u00edgenas yanomami custar\u00e1 mais de R$ 15 milh\u00f5es - Jornal Fatos e Not\u00edcias","isPartOf":{"@id":"https:\/\/jornalfatosenoticias.com.br\/#website"},"primaryImageOfPage":{"@id":"https:\/\/jornalfatosenoticias.com.br\/index.php\/2025\/05\/27\/logistica-reversa-de-entrega-de-cestas-para-indigenas-yanomami-custara-mais-de-r-15-milhoes\/#primaryimage"},"image":{"@id":"https:\/\/jornalfatosenoticias.com.br\/index.php\/2025\/05\/27\/logistica-reversa-de-entrega-de-cestas-para-indigenas-yanomami-custara-mais-de-r-15-milhoes\/#primaryimage"},"thumbnailUrl":"https:\/\/jornalfatosenoticias.com.br\/wp-content\/uploads\/2025\/05\/indigenas-lixo.jpg","datePublished":"2025-05-27T17:44:19+00:00","dateModified":"2025-05-27T17:44:20+00:00","breadcrumb":{"@id":"https:\/\/jornalfatosenoticias.com.br\/index.php\/2025\/05\/27\/logistica-reversa-de-entrega-de-cestas-para-indigenas-yanomami-custara-mais-de-r-15-milhoes\/#breadcrumb"},"inLanguage":"pt-BR","potentialAction":[{"@type":"ReadAction","target":["https:\/\/jornalfatosenoticias.com.br\/index.php\/2025\/05\/27\/logistica-reversa-de-entrega-de-cestas-para-indigenas-yanomami-custara-mais-de-r-15-milhoes\/"]}]},{"@type":"ImageObject","inLanguage":"pt-BR","@id":"https:\/\/jornalfatosenoticias.com.br\/index.php\/2025\/05\/27\/logistica-reversa-de-entrega-de-cestas-para-indigenas-yanomami-custara-mais-de-r-15-milhoes\/#primaryimage","url":"https:\/\/jornalfatosenoticias.com.br\/wp-content\/uploads\/2025\/05\/indigenas-lixo.jpg","contentUrl":"https:\/\/jornalfatosenoticias.com.br\/wp-content\/uploads\/2025\/05\/indigenas-lixo.jpg","width":1000,"height":666},{"@type":"BreadcrumbList","@id":"https:\/\/jornalfatosenoticias.com.br\/index.php\/2025\/05\/27\/logistica-reversa-de-entrega-de-cestas-para-indigenas-yanomami-custara-mais-de-r-15-milhoes\/#breadcrumb","itemListElement":[{"@type":"ListItem","position":1,"name":"In\u00edcio","item":"https:\/\/jornalfatosenoticias.com.br\/"},{"@type":"ListItem","position":2,"name":"Log\u00edstica reversa de entrega de cestas para ind\u00edgenas yanomami custar\u00e1 mais de R$ 15 milh\u00f5es"}]},{"@type":"WebSite","@id":"https:\/\/jornalfatosenoticias.com.br\/#website","url":"https:\/\/jornalfatosenoticias.com.br\/","name":"Jornal Fatos e Not\u00edcias","description":"Not\u00edcias em geral","publisher":{"@id":"https:\/\/jornalfatosenoticias.com.br\/#organization"},"potentialAction":[{"@type":"SearchAction","target":{"@type":"EntryPoint","urlTemplate":"https:\/\/jornalfatosenoticias.com.br\/?s={search_term_string}"},"query-input":{"@type":"PropertyValueSpecification","valueRequired":true,"valueName":"search_term_string"}}],"inLanguage":"pt-BR"},{"@type":"Organization","@id":"https:\/\/jornalfatosenoticias.com.br\/#organization","name":"Jornal Fatos e Not\u00edcias","url":"https:\/\/jornalfatosenoticias.com.br\/","logo":{"@type":"ImageObject","inLanguage":"pt-BR","@id":"https:\/\/jornalfatosenoticias.com.br\/#\/schema\/logo\/image\/","url":"https:\/\/jornalfatosenoticias.com.br\/wp-content\/uploads\/2020\/02\/logo120.png","contentUrl":"https:\/\/jornalfatosenoticias.com.br\/wp-content\/uploads\/2020\/02\/logo120.png","width":1227,"height":120,"caption":"Jornal Fatos e Not\u00edcias"},"image":{"@id":"https:\/\/jornalfatosenoticias.com.br\/#\/schema\/logo\/image\/"}},{"@type":"Person","@id":"https:\/\/jornalfatosenoticias.com.br\/#\/schema\/person\/d63837fa13ac8666eb9e74e0985d6f81","name":"Luzimara Fernandes","image":{"@type":"ImageObject","inLanguage":"pt-BR","@id":"https:\/\/jornalfatosenoticias.com.br\/#\/schema\/person\/image\/","url":"https:\/\/jornalfatosenoticias.com.br\/wp-content\/uploads\/2025\/05\/EU_portal.jpg","contentUrl":"https:\/\/jornalfatosenoticias.com.br\/wp-content\/uploads\/2025\/05\/EU_portal.jpg","caption":"Luzimara Fernandes"},"description":"Jornalista MTB 2358-ES","sameAs":["https:\/\/jornalfatosenoticias.com.br"],"url":"https:\/\/jornalfatosenoticias.com.br\/index.php\/author\/luzimara\/"}]}},"cc_featured_image_caption":{"caption_text":"(Foto: Fernando Fraz\u00e3o\/Ag\u00eancia Brasil)","source_text":"","source_url":""},"jetpack_featured_media_url":"https:\/\/jornalfatosenoticias.com.br\/wp-content\/uploads\/2025\/05\/indigenas-lixo.jpg","_links":{"self":[{"href":"https:\/\/jornalfatosenoticias.com.br\/index.php\/wp-json\/wp\/v2\/posts\/59531","targetHints":{"allow":["GET"]}}],"collection":[{"href":"https:\/\/jornalfatosenoticias.com.br\/index.php\/wp-json\/wp\/v2\/posts"}],"about":[{"href":"https:\/\/jornalfatosenoticias.com.br\/index.php\/wp-json\/wp\/v2\/types\/post"}],"author":[{"embeddable":true,"href":"https:\/\/jornalfatosenoticias.com.br\/index.php\/wp-json\/wp\/v2\/users\/2"}],"replies":[{"embeddable":true,"href":"https:\/\/jornalfatosenoticias.com.br\/index.php\/wp-json\/wp\/v2\/comments?post=59531"}],"version-history":[{"count":0,"href":"https:\/\/jornalfatosenoticias.com.br\/index.php\/wp-json\/wp\/v2\/posts\/59531\/revisions"}],"wp:featuredmedia":[{"embeddable":true,"href":"https:\/\/jornalfatosenoticias.com.br\/index.php\/wp-json\/wp\/v2\/media\/59532"}],"wp:attachment":[{"href":"https:\/\/jornalfatosenoticias.com.br\/index.php\/wp-json\/wp\/v2\/media?parent=59531"}],"wp:term":[{"taxonomy":"category","embeddable":true,"href":"https:\/\/jornalfatosenoticias.com.br\/index.php\/wp-json\/wp\/v2\/categories?post=59531"},{"taxonomy":"post_tag","embeddable":true,"href":"https:\/\/jornalfatosenoticias.com.br\/index.php\/wp-json\/wp\/v2\/tags?post=59531"}],"curies":[{"name":"wp","href":"https:\/\/api.w.org\/{rel}","templated":true}]}}