{"id":59534,"date":"2025-05-28T09:57:44","date_gmt":"2025-05-28T12:57:44","guid":{"rendered":"https:\/\/jornalfatosenoticias.com.br\/?p=59534"},"modified":"2025-05-28T09:57:45","modified_gmt":"2025-05-28T12:57:45","slug":"lideres-educacionais-debatem-a-alfabetizacao-durante-seminario-em-vitoria","status":"publish","type":"post","link":"https:\/\/jornalfatosenoticias.com.br\/index.php\/2025\/05\/28\/lideres-educacionais-debatem-a-alfabetizacao-durante-seminario-em-vitoria\/","title":{"rendered":"L\u00edderes educacionais debatem a alfabetiza\u00e7\u00e3o durante semin\u00e1rio em Vit\u00f3ria"},"content":{"rendered":"\n<p><span class=\"has-inline-color has-black-color\">Por <strong>Jos\u00e9 Carlos Schaeffer<\/strong><\/span><\/p>\n\n\n\n<div class=\"wp-block-image\"><figure class=\"aligncenter size-large\"><a href=\"https:\/\/panper.com.br\/\"><img loading=\"lazy\" decoding=\"async\" width=\"1024\" height=\"111\" src=\"https:\/\/jornalfatosenoticias.com.br\/wp-content\/uploads\/2020\/02\/WhatsApp-Image-2022-09-23-at-12.09.18-1024x111.jpeg\" alt=\"\" class=\"wp-image-34527\" srcset=\"https:\/\/jornalfatosenoticias.com.br\/wp-content\/uploads\/2020\/02\/WhatsApp-Image-2022-09-23-at-12.09.18-1024x111.jpeg 1024w, https:\/\/jornalfatosenoticias.com.br\/wp-content\/uploads\/2020\/02\/WhatsApp-Image-2022-09-23-at-12.09.18-300x32.jpeg 300w, https:\/\/jornalfatosenoticias.com.br\/wp-content\/uploads\/2020\/02\/WhatsApp-Image-2022-09-23-at-12.09.18-768x83.jpeg 768w, https:\/\/jornalfatosenoticias.com.br\/wp-content\/uploads\/2020\/02\/WhatsApp-Image-2022-09-23-at-12.09.18.jpeg 1121w\" sizes=\"auto, (max-width: 1024px) 100vw, 1024px\" \/><\/a><\/figure><\/div>\n\n\n\n<p>Um momento de troca de experi\u00eancias, an\u00e1lise de dados, din\u00e2micas e do fortalecimento da educa\u00e7\u00e3o. Esse foi o Semin\u00e1rio Regional Educar Pra Valer 2025, realizado em Vit\u00f3ria, na \u00faltima semana. O encontro reuniu secret\u00e1rios e gestores da \u00e1rea da educa\u00e7\u00e3o para um debate sobre o tema &#8220;Construindo caminhos para a alfabetiza\u00e7\u00e3o e o sucesso escolar&#8221;. A secret\u00e1ria Juliana Rohsner participou do evento representando a Educa\u00e7\u00e3o de Vit\u00f3ria.<br>Organizado pela Associa\u00e7\u00e3o Bem Comum, com o apoio da Secretaria de Educa\u00e7\u00e3o de Vit\u00f3ria, o semin\u00e1rio contou com a presen\u00e7a de secret\u00e1rios municipais de educa\u00e7\u00e3o, diretores de ensino, articuladores locais e coordenadores das equipes de acompanhamento escolar.<\/p>\n\n\n\n<div class=\"wp-block-image\"><figure class=\"aligncenter size-large\"><img loading=\"lazy\" decoding=\"async\" width=\"700\" height=\"525\" src=\"https:\/\/jornalfatosenoticias.com.br\/wp-content\/uploads\/2025\/05\/seminario-alfabetizacao-Vitoria.jpg\" alt=\"\" class=\"wp-image-59536\" srcset=\"https:\/\/jornalfatosenoticias.com.br\/wp-content\/uploads\/2025\/05\/seminario-alfabetizacao-Vitoria.jpg 700w, https:\/\/jornalfatosenoticias.com.br\/wp-content\/uploads\/2025\/05\/seminario-alfabetizacao-Vitoria-300x225.jpg 300w\" sizes=\"auto, (max-width: 700px) 100vw, 700px\" \/><figcaption><em><span class=\"has-inline-color has-black-color\">L\u00edderes educacionais debatem a alfabetiza\u00e7\u00e3o durante semin\u00e1rio em Vit\u00f3ria (Foto: Jos\u00e9 Carlos Schaeffer\/PMV)<\/span><\/em><\/figcaption><\/figure><\/div>\n\n\n\n<p>O evento teve como objetivo fortalecer o papel das redes p\u00fablicas na alfabetiza\u00e7\u00e3o, com foco na aprendizagem dos estudantes at\u00e9 o 5.\u00ba ano, al\u00e9m de promover o engajamento para o Sistema de Avalia\u00e7\u00e3o da Educa\u00e7\u00e3o B\u00e1sica (Saeb) 2025 e incentivar a colabora\u00e7\u00e3o entre munic\u00edpios e estados. Foram realizadas oficinas pr\u00e1ticas, rodas de conversa, an\u00e1lise de indicadores educacionais, e momentos de troca e socializa\u00e7\u00e3o entre os representantes da educa\u00e7\u00e3o de diversos munic\u00edpios capixabas e de outros estados.<\/p>\n\n\n\n<div class=\"wp-block-image\"><figure class=\"aligncenter size-large is-resized\"><a href=\"https:\/\/www.facebook.com\/profile.php?id=100069289606145\"><img loading=\"lazy\" decoding=\"async\" src=\"https:\/\/jornalfatosenoticias.com.br\/wp-content\/uploads\/2024\/11\/Guaitolini-Contabilidade-1024x714.jpeg\" alt=\"\" class=\"wp-image-55808\" width=\"310\" height=\"216\" srcset=\"https:\/\/jornalfatosenoticias.com.br\/wp-content\/uploads\/2024\/11\/Guaitolini-Contabilidade-1024x714.jpeg 1024w, https:\/\/jornalfatosenoticias.com.br\/wp-content\/uploads\/2024\/11\/Guaitolini-Contabilidade-300x209.jpeg 300w, https:\/\/jornalfatosenoticias.com.br\/wp-content\/uploads\/2024\/11\/Guaitolini-Contabilidade-768x535.jpeg 768w, https:\/\/jornalfatosenoticias.com.br\/wp-content\/uploads\/2024\/11\/Guaitolini-Contabilidade.jpeg 1280w\" sizes=\"auto, (max-width: 310px) 100vw, 310px\" \/><\/a><\/figure><\/div>\n\n\n\n<p>Durante o encontro foi realizada a entrega do Guia de Gest\u00e3o Municipal da Bem Comum, com a discuss\u00e3o sobre resultados de avalia\u00e7\u00f5es nacionais e estaduais, como o \u00cdndice Crian\u00e7a Alfabetizada (ICA), Avalia\u00e7\u00e3o Estadual e Avalia\u00e7\u00e3o de Flu\u00eancia 2025.<\/p>\n\n\n\n<p><strong>Fonte: <a href=\"https:\/\/www.vitoria.es.gov.br\/noticia\/lideres-educacionais-debatem-a-alfabetizacao-durante-seminario-em-vitoria-53454\">PMV<\/a><\/strong><\/p>\n","protected":false},"excerpt":{"rendered":"<p>Por Jos\u00e9 Carlos Schaeffer Um momento de troca de experi\u00eancias, an\u00e1lise de dados, din\u00e2micas e do fortalecimento da educa\u00e7\u00e3o. Esse foi o Semin\u00e1rio Regional Educar Pra Valer 2025, realizado em Vit\u00f3ria, na \u00faltima semana. O encontro reuniu secret\u00e1rios e gestores da \u00e1rea da educa\u00e7\u00e3o para um debate sobre o tema &#8220;Construindo caminhos para a alfabetiza\u00e7\u00e3o [&hellip;]<\/p>\n","protected":false},"author":2,"featured_media":59535,"comment_status":"open","ping_status":"open","sticky":false,"template":"","format":"standard","meta":{"footnotes":""},"categories":[7],"tags":[27188,3821,19145,27191,27187,27189,27190],"class_list":["post-59534","post","type-post","status-publish","format-standard","has-post-thumbnail","hentry","category-educacao","tag-construindo-caminhos-para-a-alfabetizacao-e-o-sucesso-escolar","tag-alfabetizacao","tag-educacao-de-vitoria","tag-indice-crianca-alfabetizada","tag-juliana-rohsner","tag-lideres-educacionais","tag-seminario-regional-educar-pra-valer-2025"],"yoast_head":"<!-- This site is optimized with the Yoast SEO plugin v26.5 - https:\/\/yoast.com\/wordpress\/plugins\/seo\/ -->\n<title>L\u00edderes educacionais debatem a alfabetiza\u00e7\u00e3o durante semin\u00e1rio em Vit\u00f3ria - Jornal Fatos e Not\u00edcias<\/title>\n<meta name=\"robots\" content=\"index, follow, max-snippet:-1, max-image-preview:large, max-video-preview:-1\" \/>\n<link rel=\"canonical\" href=\"https:\/\/jornalfatosenoticias.com.br\/index.php\/2025\/05\/28\/lideres-educacionais-debatem-a-alfabetizacao-durante-seminario-em-vitoria\/\" \/>\n<meta property=\"og:locale\" content=\"pt_BR\" \/>\n<meta property=\"og:type\" content=\"article\" \/>\n<meta property=\"og:title\" content=\"L\u00edderes educacionais debatem a alfabetiza\u00e7\u00e3o durante semin\u00e1rio em Vit\u00f3ria - Jornal Fatos e Not\u00edcias\" \/>\n<meta property=\"og:description\" content=\"Por Jos\u00e9 Carlos Schaeffer Um momento de troca de experi\u00eancias, an\u00e1lise de dados, din\u00e2micas e do fortalecimento da educa\u00e7\u00e3o. Esse foi o Semin\u00e1rio Regional Educar Pra Valer 2025, realizado em Vit\u00f3ria, na \u00faltima semana. O encontro reuniu secret\u00e1rios e gestores da \u00e1rea da educa\u00e7\u00e3o para um debate sobre o tema &#8220;Construindo caminhos para a alfabetiza\u00e7\u00e3o [&hellip;]\" \/>\n<meta property=\"og:url\" content=\"https:\/\/jornalfatosenoticias.com.br\/index.php\/2025\/05\/28\/lideres-educacionais-debatem-a-alfabetizacao-durante-seminario-em-vitoria\/\" \/>\n<meta property=\"og:site_name\" content=\"Jornal Fatos e Not\u00edcias\" \/>\n<meta property=\"article:published_time\" content=\"2025-05-28T12:57:44+00:00\" \/>\n<meta property=\"article:modified_time\" content=\"2025-05-28T12:57:45+00:00\" \/>\n<meta property=\"og:image\" content=\"https:\/\/jornalfatosenoticias.com.br\/wp-content\/uploads\/2025\/05\/seminario-alfabetizacao-Vitoria2.jpg\" \/>\n\t<meta property=\"og:image:width\" content=\"700\" \/>\n\t<meta property=\"og:image:height\" content=\"407\" \/>\n\t<meta property=\"og:image:type\" content=\"image\/jpeg\" \/>\n<meta name=\"author\" content=\"Luzimara Fernandes\" \/>\n<meta name=\"twitter:card\" content=\"summary_large_image\" \/>\n<meta name=\"twitter:label1\" content=\"Escrito por\" \/>\n\t<meta name=\"twitter:data1\" content=\"Luzimara Fernandes\" \/>\n\t<meta name=\"twitter:label2\" content=\"Est. tempo de leitura\" \/>\n\t<meta name=\"twitter:data2\" content=\"1 minuto\" \/>\n<script type=\"application\/ld+json\" class=\"yoast-schema-graph\">{\"@context\":\"https:\/\/schema.org\",\"@graph\":[{\"@type\":\"Article\",\"@id\":\"https:\/\/jornalfatosenoticias.com.br\/index.php\/2025\/05\/28\/lideres-educacionais-debatem-a-alfabetizacao-durante-seminario-em-vitoria\/#article\",\"isPartOf\":{\"@id\":\"https:\/\/jornalfatosenoticias.com.br\/index.php\/2025\/05\/28\/lideres-educacionais-debatem-a-alfabetizacao-durante-seminario-em-vitoria\/\"},\"author\":{\"name\":\"Luzimara Fernandes\",\"@id\":\"https:\/\/jornalfatosenoticias.com.br\/#\/schema\/person\/d63837fa13ac8666eb9e74e0985d6f81\"},\"headline\":\"L\u00edderes educacionais debatem a alfabetiza\u00e7\u00e3o durante semin\u00e1rio em Vit\u00f3ria\",\"datePublished\":\"2025-05-28T12:57:44+00:00\",\"dateModified\":\"2025-05-28T12:57:45+00:00\",\"mainEntityOfPage\":{\"@id\":\"https:\/\/jornalfatosenoticias.com.br\/index.php\/2025\/05\/28\/lideres-educacionais-debatem-a-alfabetizacao-durante-seminario-em-vitoria\/\"},\"wordCount\":290,\"commentCount\":0,\"publisher\":{\"@id\":\"https:\/\/jornalfatosenoticias.com.br\/#organization\"},\"image\":{\"@id\":\"https:\/\/jornalfatosenoticias.com.br\/index.php\/2025\/05\/28\/lideres-educacionais-debatem-a-alfabetizacao-durante-seminario-em-vitoria\/#primaryimage\"},\"thumbnailUrl\":\"https:\/\/jornalfatosenoticias.com.br\/wp-content\/uploads\/2025\/05\/seminario-alfabetizacao-Vitoria2.jpg\",\"keywords\":[\"&quot;Construindo caminhos para a alfabetiza\u00e7\u00e3o e o sucesso escolar&quot;\",\"alfabetiza\u00e7\u00e3o\",\"educa\u00e7\u00e3o de Vit\u00f3ria\",\"\u00cdndice Crian\u00e7a Alfabetizada\",\"Juliana Rohsner\",\"l\u00edderes educacionais\",\"Semin\u00e1rio Regional Educar Pra Valer 2025\"],\"articleSection\":[\"Educa\u00e7\u00e3o\"],\"inLanguage\":\"pt-BR\",\"potentialAction\":[{\"@type\":\"CommentAction\",\"name\":\"Comment\",\"target\":[\"https:\/\/jornalfatosenoticias.com.br\/index.php\/2025\/05\/28\/lideres-educacionais-debatem-a-alfabetizacao-durante-seminario-em-vitoria\/#respond\"]}]},{\"@type\":\"WebPage\",\"@id\":\"https:\/\/jornalfatosenoticias.com.br\/index.php\/2025\/05\/28\/lideres-educacionais-debatem-a-alfabetizacao-durante-seminario-em-vitoria\/\",\"url\":\"https:\/\/jornalfatosenoticias.com.br\/index.php\/2025\/05\/28\/lideres-educacionais-debatem-a-alfabetizacao-durante-seminario-em-vitoria\/\",\"name\":\"L\u00edderes educacionais debatem a alfabetiza\u00e7\u00e3o durante semin\u00e1rio em Vit\u00f3ria - Jornal Fatos e Not\u00edcias\",\"isPartOf\":{\"@id\":\"https:\/\/jornalfatosenoticias.com.br\/#website\"},\"primaryImageOfPage\":{\"@id\":\"https:\/\/jornalfatosenoticias.com.br\/index.php\/2025\/05\/28\/lideres-educacionais-debatem-a-alfabetizacao-durante-seminario-em-vitoria\/#primaryimage\"},\"image\":{\"@id\":\"https:\/\/jornalfatosenoticias.com.br\/index.php\/2025\/05\/28\/lideres-educacionais-debatem-a-alfabetizacao-durante-seminario-em-vitoria\/#primaryimage\"},\"thumbnailUrl\":\"https:\/\/jornalfatosenoticias.com.br\/wp-content\/uploads\/2025\/05\/seminario-alfabetizacao-Vitoria2.jpg\",\"datePublished\":\"2025-05-28T12:57:44+00:00\",\"dateModified\":\"2025-05-28T12:57:45+00:00\",\"breadcrumb\":{\"@id\":\"https:\/\/jornalfatosenoticias.com.br\/index.php\/2025\/05\/28\/lideres-educacionais-debatem-a-alfabetizacao-durante-seminario-em-vitoria\/#breadcrumb\"},\"inLanguage\":\"pt-BR\",\"potentialAction\":[{\"@type\":\"ReadAction\",\"target\":[\"https:\/\/jornalfatosenoticias.com.br\/index.php\/2025\/05\/28\/lideres-educacionais-debatem-a-alfabetizacao-durante-seminario-em-vitoria\/\"]}]},{\"@type\":\"ImageObject\",\"inLanguage\":\"pt-BR\",\"@id\":\"https:\/\/jornalfatosenoticias.com.br\/index.php\/2025\/05\/28\/lideres-educacionais-debatem-a-alfabetizacao-durante-seminario-em-vitoria\/#primaryimage\",\"url\":\"https:\/\/jornalfatosenoticias.com.br\/wp-content\/uploads\/2025\/05\/seminario-alfabetizacao-Vitoria2.jpg\",\"contentUrl\":\"https:\/\/jornalfatosenoticias.com.br\/wp-content\/uploads\/2025\/05\/seminario-alfabetizacao-Vitoria2.jpg\",\"width\":700,\"height\":407,\"caption\":\"L\u00edderes educacionais debatem a alfabetiza\u00e7\u00e3o durante semin\u00e1rio em Vit\u00f3ria\"},{\"@type\":\"BreadcrumbList\",\"@id\":\"https:\/\/jornalfatosenoticias.com.br\/index.php\/2025\/05\/28\/lideres-educacionais-debatem-a-alfabetizacao-durante-seminario-em-vitoria\/#breadcrumb\",\"itemListElement\":[{\"@type\":\"ListItem\",\"position\":1,\"name\":\"In\u00edcio\",\"item\":\"https:\/\/jornalfatosenoticias.com.br\/\"},{\"@type\":\"ListItem\",\"position\":2,\"name\":\"L\u00edderes educacionais debatem a alfabetiza\u00e7\u00e3o durante semin\u00e1rio em Vit\u00f3ria\"}]},{\"@type\":\"WebSite\",\"@id\":\"https:\/\/jornalfatosenoticias.com.br\/#website\",\"url\":\"https:\/\/jornalfatosenoticias.com.br\/\",\"name\":\"Jornal Fatos e Not\u00edcias\",\"description\":\"Not\u00edcias em geral\",\"publisher\":{\"@id\":\"https:\/\/jornalfatosenoticias.com.br\/#organization\"},\"potentialAction\":[{\"@type\":\"SearchAction\",\"target\":{\"@type\":\"EntryPoint\",\"urlTemplate\":\"https:\/\/jornalfatosenoticias.com.br\/?s={search_term_string}\"},\"query-input\":{\"@type\":\"PropertyValueSpecification\",\"valueRequired\":true,\"valueName\":\"search_term_string\"}}],\"inLanguage\":\"pt-BR\"},{\"@type\":\"Organization\",\"@id\":\"https:\/\/jornalfatosenoticias.com.br\/#organization\",\"name\":\"Jornal Fatos e Not\u00edcias\",\"url\":\"https:\/\/jornalfatosenoticias.com.br\/\",\"logo\":{\"@type\":\"ImageObject\",\"inLanguage\":\"pt-BR\",\"@id\":\"https:\/\/jornalfatosenoticias.com.br\/#\/schema\/logo\/image\/\",\"url\":\"https:\/\/jornalfatosenoticias.com.br\/wp-content\/uploads\/2020\/02\/logo120.png\",\"contentUrl\":\"https:\/\/jornalfatosenoticias.com.br\/wp-content\/uploads\/2020\/02\/logo120.png\",\"width\":1227,\"height\":120,\"caption\":\"Jornal Fatos e Not\u00edcias\"},\"image\":{\"@id\":\"https:\/\/jornalfatosenoticias.com.br\/#\/schema\/logo\/image\/\"}},{\"@type\":\"Person\",\"@id\":\"https:\/\/jornalfatosenoticias.com.br\/#\/schema\/person\/d63837fa13ac8666eb9e74e0985d6f81\",\"name\":\"Luzimara Fernandes\",\"image\":{\"@type\":\"ImageObject\",\"inLanguage\":\"pt-BR\",\"@id\":\"https:\/\/jornalfatosenoticias.com.br\/#\/schema\/person\/image\/\",\"url\":\"https:\/\/jornalfatosenoticias.com.br\/wp-content\/uploads\/2025\/05\/EU_portal.jpg\",\"contentUrl\":\"https:\/\/jornalfatosenoticias.com.br\/wp-content\/uploads\/2025\/05\/EU_portal.jpg\",\"caption\":\"Luzimara Fernandes\"},\"description\":\"Jornalista MTB 2358-ES\",\"sameAs\":[\"https:\/\/jornalfatosenoticias.com.br\"],\"url\":\"https:\/\/jornalfatosenoticias.com.br\/index.php\/author\/luzimara\/\"}]}<\/script>\n<!-- \/ Yoast SEO plugin. -->","yoast_head_json":{"title":"L\u00edderes educacionais debatem a alfabetiza\u00e7\u00e3o durante semin\u00e1rio em Vit\u00f3ria - Jornal Fatos e Not\u00edcias","robots":{"index":"index","follow":"follow","max-snippet":"max-snippet:-1","max-image-preview":"max-image-preview:large","max-video-preview":"max-video-preview:-1"},"canonical":"https:\/\/jornalfatosenoticias.com.br\/index.php\/2025\/05\/28\/lideres-educacionais-debatem-a-alfabetizacao-durante-seminario-em-vitoria\/","og_locale":"pt_BR","og_type":"article","og_title":"L\u00edderes educacionais debatem a alfabetiza\u00e7\u00e3o durante semin\u00e1rio em Vit\u00f3ria - Jornal Fatos e Not\u00edcias","og_description":"Por Jos\u00e9 Carlos Schaeffer Um momento de troca de experi\u00eancias, an\u00e1lise de dados, din\u00e2micas e do fortalecimento da educa\u00e7\u00e3o. Esse foi o Semin\u00e1rio Regional Educar Pra Valer 2025, realizado em Vit\u00f3ria, na \u00faltima semana. O encontro reuniu secret\u00e1rios e gestores da \u00e1rea da educa\u00e7\u00e3o para um debate sobre o tema &#8220;Construindo caminhos para a alfabetiza\u00e7\u00e3o [&hellip;]","og_url":"https:\/\/jornalfatosenoticias.com.br\/index.php\/2025\/05\/28\/lideres-educacionais-debatem-a-alfabetizacao-durante-seminario-em-vitoria\/","og_site_name":"Jornal Fatos e Not\u00edcias","article_published_time":"2025-05-28T12:57:44+00:00","article_modified_time":"2025-05-28T12:57:45+00:00","og_image":[{"width":700,"height":407,"url":"https:\/\/jornalfatosenoticias.com.br\/wp-content\/uploads\/2025\/05\/seminario-alfabetizacao-Vitoria2.jpg","type":"image\/jpeg"}],"author":"Luzimara Fernandes","twitter_card":"summary_large_image","twitter_misc":{"Escrito por":"Luzimara Fernandes","Est. tempo de leitura":"1 minuto"},"schema":{"@context":"https:\/\/schema.org","@graph":[{"@type":"Article","@id":"https:\/\/jornalfatosenoticias.com.br\/index.php\/2025\/05\/28\/lideres-educacionais-debatem-a-alfabetizacao-durante-seminario-em-vitoria\/#article","isPartOf":{"@id":"https:\/\/jornalfatosenoticias.com.br\/index.php\/2025\/05\/28\/lideres-educacionais-debatem-a-alfabetizacao-durante-seminario-em-vitoria\/"},"author":{"name":"Luzimara Fernandes","@id":"https:\/\/jornalfatosenoticias.com.br\/#\/schema\/person\/d63837fa13ac8666eb9e74e0985d6f81"},"headline":"L\u00edderes educacionais debatem a alfabetiza\u00e7\u00e3o durante semin\u00e1rio em Vit\u00f3ria","datePublished":"2025-05-28T12:57:44+00:00","dateModified":"2025-05-28T12:57:45+00:00","mainEntityOfPage":{"@id":"https:\/\/jornalfatosenoticias.com.br\/index.php\/2025\/05\/28\/lideres-educacionais-debatem-a-alfabetizacao-durante-seminario-em-vitoria\/"},"wordCount":290,"commentCount":0,"publisher":{"@id":"https:\/\/jornalfatosenoticias.com.br\/#organization"},"image":{"@id":"https:\/\/jornalfatosenoticias.com.br\/index.php\/2025\/05\/28\/lideres-educacionais-debatem-a-alfabetizacao-durante-seminario-em-vitoria\/#primaryimage"},"thumbnailUrl":"https:\/\/jornalfatosenoticias.com.br\/wp-content\/uploads\/2025\/05\/seminario-alfabetizacao-Vitoria2.jpg","keywords":["&quot;Construindo caminhos para a alfabetiza\u00e7\u00e3o e o sucesso escolar&quot;","alfabetiza\u00e7\u00e3o","educa\u00e7\u00e3o de Vit\u00f3ria","\u00cdndice Crian\u00e7a Alfabetizada","Juliana Rohsner","l\u00edderes educacionais","Semin\u00e1rio Regional Educar Pra Valer 2025"],"articleSection":["Educa\u00e7\u00e3o"],"inLanguage":"pt-BR","potentialAction":[{"@type":"CommentAction","name":"Comment","target":["https:\/\/jornalfatosenoticias.com.br\/index.php\/2025\/05\/28\/lideres-educacionais-debatem-a-alfabetizacao-durante-seminario-em-vitoria\/#respond"]}]},{"@type":"WebPage","@id":"https:\/\/jornalfatosenoticias.com.br\/index.php\/2025\/05\/28\/lideres-educacionais-debatem-a-alfabetizacao-durante-seminario-em-vitoria\/","url":"https:\/\/jornalfatosenoticias.com.br\/index.php\/2025\/05\/28\/lideres-educacionais-debatem-a-alfabetizacao-durante-seminario-em-vitoria\/","name":"L\u00edderes educacionais debatem a alfabetiza\u00e7\u00e3o durante semin\u00e1rio em Vit\u00f3ria - Jornal Fatos e Not\u00edcias","isPartOf":{"@id":"https:\/\/jornalfatosenoticias.com.br\/#website"},"primaryImageOfPage":{"@id":"https:\/\/jornalfatosenoticias.com.br\/index.php\/2025\/05\/28\/lideres-educacionais-debatem-a-alfabetizacao-durante-seminario-em-vitoria\/#primaryimage"},"image":{"@id":"https:\/\/jornalfatosenoticias.com.br\/index.php\/2025\/05\/28\/lideres-educacionais-debatem-a-alfabetizacao-durante-seminario-em-vitoria\/#primaryimage"},"thumbnailUrl":"https:\/\/jornalfatosenoticias.com.br\/wp-content\/uploads\/2025\/05\/seminario-alfabetizacao-Vitoria2.jpg","datePublished":"2025-05-28T12:57:44+00:00","dateModified":"2025-05-28T12:57:45+00:00","breadcrumb":{"@id":"https:\/\/jornalfatosenoticias.com.br\/index.php\/2025\/05\/28\/lideres-educacionais-debatem-a-alfabetizacao-durante-seminario-em-vitoria\/#breadcrumb"},"inLanguage":"pt-BR","potentialAction":[{"@type":"ReadAction","target":["https:\/\/jornalfatosenoticias.com.br\/index.php\/2025\/05\/28\/lideres-educacionais-debatem-a-alfabetizacao-durante-seminario-em-vitoria\/"]}]},{"@type":"ImageObject","inLanguage":"pt-BR","@id":"https:\/\/jornalfatosenoticias.com.br\/index.php\/2025\/05\/28\/lideres-educacionais-debatem-a-alfabetizacao-durante-seminario-em-vitoria\/#primaryimage","url":"https:\/\/jornalfatosenoticias.com.br\/wp-content\/uploads\/2025\/05\/seminario-alfabetizacao-Vitoria2.jpg","contentUrl":"https:\/\/jornalfatosenoticias.com.br\/wp-content\/uploads\/2025\/05\/seminario-alfabetizacao-Vitoria2.jpg","width":700,"height":407,"caption":"L\u00edderes educacionais debatem a alfabetiza\u00e7\u00e3o durante semin\u00e1rio em Vit\u00f3ria"},{"@type":"BreadcrumbList","@id":"https:\/\/jornalfatosenoticias.com.br\/index.php\/2025\/05\/28\/lideres-educacionais-debatem-a-alfabetizacao-durante-seminario-em-vitoria\/#breadcrumb","itemListElement":[{"@type":"ListItem","position":1,"name":"In\u00edcio","item":"https:\/\/jornalfatosenoticias.com.br\/"},{"@type":"ListItem","position":2,"name":"L\u00edderes educacionais debatem a alfabetiza\u00e7\u00e3o durante semin\u00e1rio em Vit\u00f3ria"}]},{"@type":"WebSite","@id":"https:\/\/jornalfatosenoticias.com.br\/#website","url":"https:\/\/jornalfatosenoticias.com.br\/","name":"Jornal Fatos e Not\u00edcias","description":"Not\u00edcias em geral","publisher":{"@id":"https:\/\/jornalfatosenoticias.com.br\/#organization"},"potentialAction":[{"@type":"SearchAction","target":{"@type":"EntryPoint","urlTemplate":"https:\/\/jornalfatosenoticias.com.br\/?s={search_term_string}"},"query-input":{"@type":"PropertyValueSpecification","valueRequired":true,"valueName":"search_term_string"}}],"inLanguage":"pt-BR"},{"@type":"Organization","@id":"https:\/\/jornalfatosenoticias.com.br\/#organization","name":"Jornal Fatos e Not\u00edcias","url":"https:\/\/jornalfatosenoticias.com.br\/","logo":{"@type":"ImageObject","inLanguage":"pt-BR","@id":"https:\/\/jornalfatosenoticias.com.br\/#\/schema\/logo\/image\/","url":"https:\/\/jornalfatosenoticias.com.br\/wp-content\/uploads\/2020\/02\/logo120.png","contentUrl":"https:\/\/jornalfatosenoticias.com.br\/wp-content\/uploads\/2020\/02\/logo120.png","width":1227,"height":120,"caption":"Jornal Fatos e Not\u00edcias"},"image":{"@id":"https:\/\/jornalfatosenoticias.com.br\/#\/schema\/logo\/image\/"}},{"@type":"Person","@id":"https:\/\/jornalfatosenoticias.com.br\/#\/schema\/person\/d63837fa13ac8666eb9e74e0985d6f81","name":"Luzimara Fernandes","image":{"@type":"ImageObject","inLanguage":"pt-BR","@id":"https:\/\/jornalfatosenoticias.com.br\/#\/schema\/person\/image\/","url":"https:\/\/jornalfatosenoticias.com.br\/wp-content\/uploads\/2025\/05\/EU_portal.jpg","contentUrl":"https:\/\/jornalfatosenoticias.com.br\/wp-content\/uploads\/2025\/05\/EU_portal.jpg","caption":"Luzimara Fernandes"},"description":"Jornalista MTB 2358-ES","sameAs":["https:\/\/jornalfatosenoticias.com.br"],"url":"https:\/\/jornalfatosenoticias.com.br\/index.php\/author\/luzimara\/"}]}},"cc_featured_image_caption":{"caption_text":"(Foto: Jos\u00e9 Carlos Schaeffer\/PMV)","source_text":"","source_url":""},"jetpack_featured_media_url":"https:\/\/jornalfatosenoticias.com.br\/wp-content\/uploads\/2025\/05\/seminario-alfabetizacao-Vitoria2.jpg","_links":{"self":[{"href":"https:\/\/jornalfatosenoticias.com.br\/index.php\/wp-json\/wp\/v2\/posts\/59534","targetHints":{"allow":["GET"]}}],"collection":[{"href":"https:\/\/jornalfatosenoticias.com.br\/index.php\/wp-json\/wp\/v2\/posts"}],"about":[{"href":"https:\/\/jornalfatosenoticias.com.br\/index.php\/wp-json\/wp\/v2\/types\/post"}],"author":[{"embeddable":true,"href":"https:\/\/jornalfatosenoticias.com.br\/index.php\/wp-json\/wp\/v2\/users\/2"}],"replies":[{"embeddable":true,"href":"https:\/\/jornalfatosenoticias.com.br\/index.php\/wp-json\/wp\/v2\/comments?post=59534"}],"version-history":[{"count":0,"href":"https:\/\/jornalfatosenoticias.com.br\/index.php\/wp-json\/wp\/v2\/posts\/59534\/revisions"}],"wp:featuredmedia":[{"embeddable":true,"href":"https:\/\/jornalfatosenoticias.com.br\/index.php\/wp-json\/wp\/v2\/media\/59535"}],"wp:attachment":[{"href":"https:\/\/jornalfatosenoticias.com.br\/index.php\/wp-json\/wp\/v2\/media?parent=59534"}],"wp:term":[{"taxonomy":"category","embeddable":true,"href":"https:\/\/jornalfatosenoticias.com.br\/index.php\/wp-json\/wp\/v2\/categories?post=59534"},{"taxonomy":"post_tag","embeddable":true,"href":"https:\/\/jornalfatosenoticias.com.br\/index.php\/wp-json\/wp\/v2\/tags?post=59534"}],"curies":[{"name":"wp","href":"https:\/\/api.w.org\/{rel}","templated":true}]}}