{"id":59541,"date":"2025-05-28T10:12:25","date_gmt":"2025-05-28T13:12:25","guid":{"rendered":"https:\/\/jornalfatosenoticias.com.br\/?p=59541"},"modified":"2025-05-28T10:12:27","modified_gmt":"2025-05-28T13:12:27","slug":"maior-torre-impressa-em-3d-do-mundo-e-inaugurada-nos-alpes-suicos","status":"publish","type":"post","link":"https:\/\/jornalfatosenoticias.com.br\/index.php\/2025\/05\/28\/maior-torre-impressa-em-3d-do-mundo-e-inaugurada-nos-alpes-suicos\/","title":{"rendered":"Maior torre impressa em 3D do mundo \u00e9 inaugurada nos Alpes Su\u00ed\u00e7os"},"content":{"rendered":"\n<p><em><span class=\"has-inline-color has-black-color\">Ao ostentar 30m de altura, a estrutura de concreto constru\u00edda por rob\u00f4s \u00e9 um novo marco da engenharia contempor\u00e2nea<\/span><\/em><\/p>\n\n\n\n<div class=\"wp-block-image\"><figure class=\"aligncenter size-large\"><a href=\"https:\/\/mizu.com.br\/\"><img loading=\"lazy\" decoding=\"async\" width=\"729\" height=\"90\" src=\"https:\/\/jornalfatosenoticias.com.br\/wp-content\/uploads\/2020\/02\/Logo_Mizu.png\" alt=\"\" class=\"wp-image-1441\" srcset=\"https:\/\/jornalfatosenoticias.com.br\/wp-content\/uploads\/2020\/02\/Logo_Mizu.png 729w, https:\/\/jornalfatosenoticias.com.br\/wp-content\/uploads\/2020\/02\/Logo_Mizu-300x37.png 300w\" sizes=\"auto, (max-width: 729px) 100vw, 729px\" \/><\/a><\/figure><\/div>\n\n\n\n<p>Foi inaugurada em Mulegns, uma pequena vila nos Alpes Su\u00ed\u00e7os, a Tor Alva \u2014 a mais alta torre impressa em 3D do <a class=\"\" href=\"https:\/\/revistacasaejardim.globo.com\/noticias\/mundo\/\"><strong>mundo<\/strong><\/a>\u00a0e um novo \u00edcone da engenharia contempor\u00e2nea. Projetada pelos arquitetos\u00a0<strong>Benjamin Dillenburger<\/strong>\u00a0e\u00a0<strong>Michael Hansmeyer<\/strong>, a obra foi liderada pela funda\u00e7\u00e3o\u00a0<a class=\"\" href=\"https:\/\/revistacasaejardim.globo.com\/cultura\/\"><strong>cultural<\/strong><\/a>\u00a0<strong>Origen<\/strong>\u00a0em colabora\u00e7\u00e3o com a\u00a0<strong>ETH Zurique<\/strong>.<br>Desde 23 de maio, a torre est\u00e1 aberta diariamente para visitas guiadas e, em julho de 2025, o espa\u00e7o tamb\u00e9m passar\u00e1 a funcionar como um local dedicado a instala\u00e7\u00f5es <strong><a class=\"\" href=\"https:\/\/revistacasaejardim.globo.com\/arte\/\">art\u00edsticas<\/a>,<\/strong> apresenta\u00e7\u00f5es musicais e teatrais. A expectativa \u00e9 que a Tor Alva permane\u00e7a na vila por cerca de cinco anos. Depois disso, ela poder\u00e1 ser desmontada e remontada em outro local, embora ainda n\u00e3o haja informa\u00e7\u00f5es definidas sobre seu destino.<\/p>\n\n\n\n<div class=\"wp-block-image\"><figure class=\"aligncenter size-large\"><a href=\"http:\/\/www.ferrarimaquinas.com.br\/\"><img loading=\"lazy\" decoding=\"async\" width=\"300\" height=\"250\" src=\"https:\/\/jornalfatosenoticias.com.br\/wp-content\/uploads\/2022\/02\/FERRARI_MAQUINAS-E-FERRAMENTAS2.jpg\" alt=\"\" class=\"wp-image-27860\"\/><\/a><\/figure><\/div>\n\n\n\n<p>A constru\u00e7\u00e3o da Tor Alva come\u00e7ou em 1.\u00ba de fevereiro de 2024, com a impress\u00e3o das primeiras oito colunas que comp\u00f5em sua <strong><a class=\"\" href=\"https:\/\/revistacasaejardim.globo.com\/arquitetura\/\">arquitetura<\/a>.<\/strong> Formadas por camadas de concreto macio, elas s\u00e3o ocas, retorcidas e articuladas. Dessa forma, a arquitetura impressa em 3D n\u00e3o necessita de moldes tradicionais, e a inser\u00e7\u00e3o das arma\u00e7\u00f5es de a\u00e7o foi integrada diretamente ao processo rob\u00f3tico.<\/p>\n\n\n\n<div class=\"wp-block-image\"><figure class=\"aligncenter size-large\"><img loading=\"lazy\" decoding=\"async\" width=\"1000\" height=\"625\" src=\"https:\/\/jornalfatosenoticias.com.br\/wp-content\/uploads\/2025\/05\/maior-torre-impressa-em-3d-do-mundo-e-inaugurada-nos-alpes-suicos.jpeg\" alt=\"\" class=\"wp-image-59542\" srcset=\"https:\/\/jornalfatosenoticias.com.br\/wp-content\/uploads\/2025\/05\/maior-torre-impressa-em-3d-do-mundo-e-inaugurada-nos-alpes-suicos.jpeg 1000w, https:\/\/jornalfatosenoticias.com.br\/wp-content\/uploads\/2025\/05\/maior-torre-impressa-em-3d-do-mundo-e-inaugurada-nos-alpes-suicos-300x188.jpeg 300w, https:\/\/jornalfatosenoticias.com.br\/wp-content\/uploads\/2025\/05\/maior-torre-impressa-em-3d-do-mundo-e-inaugurada-nos-alpes-suicos-768x480.jpeg 768w, https:\/\/jornalfatosenoticias.com.br\/wp-content\/uploads\/2025\/05\/maior-torre-impressa-em-3d-do-mundo-e-inaugurada-nos-alpes-suicos-350x220.jpeg 350w\" sizes=\"auto, (max-width: 1000px) 100vw, 1000px\" \/><figcaption><em><span class=\"has-inline-color has-black-color\">No inverno, a torre se mimetiza \u00e0 paisagem nevada (Foto: Divulga\u00e7\u00e3o)<\/span><\/em><\/figcaption><\/figure><\/div>\n\n\n\n<p>O concreto usado, por ser suficientemente male\u00e1vel, permitia que as camadas se unissem de forma homog\u00eanea, endurecendo rapidamente para suportar a adi\u00e7\u00e3o cont\u00ednua de novas camadas. Segundo a equipe de design, al\u00e9m de economizar material e cimento, o processo tamb\u00e9m contribui para a redu\u00e7\u00e3o das emiss\u00f5es de carbono associadas \u00e0 produ\u00e7\u00e3o.<\/p>\n\n\n\n<div class=\"wp-block-image\"><figure class=\"aligncenter size-large is-resized\"><a href=\"https:\/\/www.controlsystems.com.br\/\"><img loading=\"lazy\" decoding=\"async\" src=\"https:\/\/jornalfatosenoticias.com.br\/wp-content\/uploads\/2020\/02\/CONTROL-CS.jpg\" alt=\"\" class=\"wp-image-44991\" width=\"258\" height=\"309\" srcset=\"https:\/\/jornalfatosenoticias.com.br\/wp-content\/uploads\/2020\/02\/CONTROL-CS.jpg 834w, https:\/\/jornalfatosenoticias.com.br\/wp-content\/uploads\/2020\/02\/CONTROL-CS-250x300.jpg 250w, https:\/\/jornalfatosenoticias.com.br\/wp-content\/uploads\/2020\/02\/CONTROL-CS-768x921.jpg 768w\" sizes=\"auto, (max-width: 258px) 100vw, 258px\" \/><\/a><\/figure><\/div>\n\n\n\n<p>Com seus 30m de altura, incluindo a base, a torre branca pode reivindicar o t\u00edtulo de edif\u00edcio impresso em 3D mais alto do mundo. Outro aspecto destacado pela equipe de design \u00e9 a aus\u00eancia de formas: o concreto n\u00e3o \u00e9 moldado, mas, sim, aplicado em camadas extrudadas por um rob\u00f4, o que confere flexibilidade ao processo.<\/p>\n\n\n\n<div class=\"wp-block-image\"><figure class=\"aligncenter size-large is-resized\"><a href=\"https:\/\/www.facebook.com\/vetor.vix\/\"><img loading=\"lazy\" decoding=\"async\" src=\"https:\/\/jornalfatosenoticias.com.br\/wp-content\/uploads\/2023\/09\/vetorvix1024_1.jpg\" alt=\"\" class=\"wp-image-44868\" width=\"535\" height=\"142\" srcset=\"https:\/\/jornalfatosenoticias.com.br\/wp-content\/uploads\/2023\/09\/vetorvix1024_1.jpg 1024w, https:\/\/jornalfatosenoticias.com.br\/wp-content\/uploads\/2023\/09\/vetorvix1024_1-300x80.jpg 300w, https:\/\/jornalfatosenoticias.com.br\/wp-content\/uploads\/2023\/09\/vetorvix1024_1-768x205.jpg 768w\" sizes=\"auto, (max-width: 535px) 100vw, 535px\" \/><\/a><\/figure><\/div>\n\n\n\n<p>Al\u00e9m disso, a desmontagem da estrutura pode ser realizada com relativa facilidade. Isso se deve ao seu design modular, permitindo que os componentes sejam montados e desmontados com facilidade, conectados por parafusos remov\u00edveis em vez de adesivos.<\/p>\n\n\n\n<p><strong>Fonte: <a href=\"https:\/\/revistacasaejardim.globo.com\/arquitetura\/noticia\/2025\/05\/maior-torre-impressa-em-3d-do-mundo-e-inaugurada-nos-alpes-suicos.ghtml\">Casa e Jardim<\/a><\/strong><\/p>\n","protected":false},"excerpt":{"rendered":"<p>Ao ostentar 30m de altura, a estrutura de concreto constru\u00edda por rob\u00f4s \u00e9 um novo marco da engenharia contempor\u00e2nea Foi inaugurada em Mulegns, uma pequena vila nos Alpes Su\u00ed\u00e7os, a Tor Alva \u2014 a mais alta torre impressa em 3D do mundo\u00a0e um novo \u00edcone da engenharia contempor\u00e2nea. Projetada pelos arquitetos\u00a0Benjamin Dillenburger\u00a0e\u00a0Michael Hansmeyer, a obra [&hellip;]<\/p>\n","protected":false},"author":2,"featured_media":59543,"comment_status":"open","ping_status":"open","sticky":false,"template":"","format":"standard","meta":{"footnotes":""},"categories":[744],"tags":[20107,2185,27192,27193,5522,12526],"class_list":["post-59541","post","type-post","status-publish","format-standard","has-post-thumbnail","hentry","category-arq-urbanismo","tag-alpes-suicos","tag-arquitetura","tag-engenharia-contemporanea","tag-impressa-em-3d","tag-robos","tag-torre"],"yoast_head":"<!-- This site is optimized with the Yoast SEO plugin v26.5 - https:\/\/yoast.com\/wordpress\/plugins\/seo\/ -->\n<title>Maior torre impressa em 3D do mundo \u00e9 inaugurada nos Alpes Su\u00ed\u00e7os - Jornal Fatos e Not\u00edcias<\/title>\n<meta name=\"robots\" content=\"index, follow, max-snippet:-1, max-image-preview:large, max-video-preview:-1\" \/>\n<link rel=\"canonical\" href=\"https:\/\/jornalfatosenoticias.com.br\/index.php\/2025\/05\/28\/maior-torre-impressa-em-3d-do-mundo-e-inaugurada-nos-alpes-suicos\/\" \/>\n<meta property=\"og:locale\" content=\"pt_BR\" \/>\n<meta property=\"og:type\" content=\"article\" \/>\n<meta property=\"og:title\" content=\"Maior torre impressa em 3D do mundo \u00e9 inaugurada nos Alpes Su\u00ed\u00e7os - Jornal Fatos e Not\u00edcias\" \/>\n<meta property=\"og:description\" content=\"Ao ostentar 30m de altura, a estrutura de concreto constru\u00edda por rob\u00f4s \u00e9 um novo marco da engenharia contempor\u00e2nea Foi inaugurada em Mulegns, uma pequena vila nos Alpes Su\u00ed\u00e7os, a Tor Alva \u2014 a mais alta torre impressa em 3D do mundo\u00a0e um novo \u00edcone da engenharia contempor\u00e2nea. Projetada pelos arquitetos\u00a0Benjamin Dillenburger\u00a0e\u00a0Michael Hansmeyer, a obra [&hellip;]\" \/>\n<meta property=\"og:url\" content=\"https:\/\/jornalfatosenoticias.com.br\/index.php\/2025\/05\/28\/maior-torre-impressa-em-3d-do-mundo-e-inaugurada-nos-alpes-suicos\/\" \/>\n<meta property=\"og:site_name\" content=\"Jornal Fatos e Not\u00edcias\" \/>\n<meta property=\"article:published_time\" content=\"2025-05-28T13:12:25+00:00\" \/>\n<meta property=\"article:modified_time\" content=\"2025-05-28T13:12:27+00:00\" \/>\n<meta property=\"og:image\" content=\"https:\/\/jornalfatosenoticias.com.br\/wp-content\/uploads\/2025\/05\/maior-torre-impressa-em-3d-do-mundo-e-inaugurada-nos-alpes-suicos2.jpeg\" \/>\n\t<meta property=\"og:image:width\" content=\"888\" \/>\n\t<meta property=\"og:image:height\" content=\"665\" \/>\n\t<meta property=\"og:image:type\" content=\"image\/jpeg\" \/>\n<meta name=\"author\" content=\"Luzimara Fernandes\" \/>\n<meta name=\"twitter:card\" content=\"summary_large_image\" \/>\n<meta name=\"twitter:label1\" content=\"Escrito por\" \/>\n\t<meta name=\"twitter:data1\" content=\"Luzimara Fernandes\" \/>\n\t<meta name=\"twitter:label2\" content=\"Est. tempo de leitura\" \/>\n\t<meta name=\"twitter:data2\" content=\"2 minutos\" \/>\n<script type=\"application\/ld+json\" class=\"yoast-schema-graph\">{\"@context\":\"https:\/\/schema.org\",\"@graph\":[{\"@type\":\"Article\",\"@id\":\"https:\/\/jornalfatosenoticias.com.br\/index.php\/2025\/05\/28\/maior-torre-impressa-em-3d-do-mundo-e-inaugurada-nos-alpes-suicos\/#article\",\"isPartOf\":{\"@id\":\"https:\/\/jornalfatosenoticias.com.br\/index.php\/2025\/05\/28\/maior-torre-impressa-em-3d-do-mundo-e-inaugurada-nos-alpes-suicos\/\"},\"author\":{\"name\":\"Luzimara Fernandes\",\"@id\":\"https:\/\/jornalfatosenoticias.com.br\/#\/schema\/person\/d63837fa13ac8666eb9e74e0985d6f81\"},\"headline\":\"Maior torre impressa em 3D do mundo \u00e9 inaugurada nos Alpes Su\u00ed\u00e7os\",\"datePublished\":\"2025-05-28T13:12:25+00:00\",\"dateModified\":\"2025-05-28T13:12:27+00:00\",\"mainEntityOfPage\":{\"@id\":\"https:\/\/jornalfatosenoticias.com.br\/index.php\/2025\/05\/28\/maior-torre-impressa-em-3d-do-mundo-e-inaugurada-nos-alpes-suicos\/\"},\"wordCount\":401,\"commentCount\":0,\"publisher\":{\"@id\":\"https:\/\/jornalfatosenoticias.com.br\/#organization\"},\"image\":{\"@id\":\"https:\/\/jornalfatosenoticias.com.br\/index.php\/2025\/05\/28\/maior-torre-impressa-em-3d-do-mundo-e-inaugurada-nos-alpes-suicos\/#primaryimage\"},\"thumbnailUrl\":\"https:\/\/jornalfatosenoticias.com.br\/wp-content\/uploads\/2025\/05\/maior-torre-impressa-em-3d-do-mundo-e-inaugurada-nos-alpes-suicos2.jpeg\",\"keywords\":[\"Alpes Su\u00ed\u00e7os\",\"arquitetura\",\"engenharia contempor\u00e2nea\",\"impressa em 3D\",\"rob\u00f4s\",\"torre\"],\"articleSection\":[\"Arq &amp; Urb\"],\"inLanguage\":\"pt-BR\",\"potentialAction\":[{\"@type\":\"CommentAction\",\"name\":\"Comment\",\"target\":[\"https:\/\/jornalfatosenoticias.com.br\/index.php\/2025\/05\/28\/maior-torre-impressa-em-3d-do-mundo-e-inaugurada-nos-alpes-suicos\/#respond\"]}]},{\"@type\":\"WebPage\",\"@id\":\"https:\/\/jornalfatosenoticias.com.br\/index.php\/2025\/05\/28\/maior-torre-impressa-em-3d-do-mundo-e-inaugurada-nos-alpes-suicos\/\",\"url\":\"https:\/\/jornalfatosenoticias.com.br\/index.php\/2025\/05\/28\/maior-torre-impressa-em-3d-do-mundo-e-inaugurada-nos-alpes-suicos\/\",\"name\":\"Maior torre impressa em 3D do mundo \u00e9 inaugurada nos Alpes Su\u00ed\u00e7os - Jornal Fatos e Not\u00edcias\",\"isPartOf\":{\"@id\":\"https:\/\/jornalfatosenoticias.com.br\/#website\"},\"primaryImageOfPage\":{\"@id\":\"https:\/\/jornalfatosenoticias.com.br\/index.php\/2025\/05\/28\/maior-torre-impressa-em-3d-do-mundo-e-inaugurada-nos-alpes-suicos\/#primaryimage\"},\"image\":{\"@id\":\"https:\/\/jornalfatosenoticias.com.br\/index.php\/2025\/05\/28\/maior-torre-impressa-em-3d-do-mundo-e-inaugurada-nos-alpes-suicos\/#primaryimage\"},\"thumbnailUrl\":\"https:\/\/jornalfatosenoticias.com.br\/wp-content\/uploads\/2025\/05\/maior-torre-impressa-em-3d-do-mundo-e-inaugurada-nos-alpes-suicos2.jpeg\",\"datePublished\":\"2025-05-28T13:12:25+00:00\",\"dateModified\":\"2025-05-28T13:12:27+00:00\",\"breadcrumb\":{\"@id\":\"https:\/\/jornalfatosenoticias.com.br\/index.php\/2025\/05\/28\/maior-torre-impressa-em-3d-do-mundo-e-inaugurada-nos-alpes-suicos\/#breadcrumb\"},\"inLanguage\":\"pt-BR\",\"potentialAction\":[{\"@type\":\"ReadAction\",\"target\":[\"https:\/\/jornalfatosenoticias.com.br\/index.php\/2025\/05\/28\/maior-torre-impressa-em-3d-do-mundo-e-inaugurada-nos-alpes-suicos\/\"]}]},{\"@type\":\"ImageObject\",\"inLanguage\":\"pt-BR\",\"@id\":\"https:\/\/jornalfatosenoticias.com.br\/index.php\/2025\/05\/28\/maior-torre-impressa-em-3d-do-mundo-e-inaugurada-nos-alpes-suicos\/#primaryimage\",\"url\":\"https:\/\/jornalfatosenoticias.com.br\/wp-content\/uploads\/2025\/05\/maior-torre-impressa-em-3d-do-mundo-e-inaugurada-nos-alpes-suicos2.jpeg\",\"contentUrl\":\"https:\/\/jornalfatosenoticias.com.br\/wp-content\/uploads\/2025\/05\/maior-torre-impressa-em-3d-do-mundo-e-inaugurada-nos-alpes-suicos2.jpeg\",\"width\":888,\"height\":665},{\"@type\":\"BreadcrumbList\",\"@id\":\"https:\/\/jornalfatosenoticias.com.br\/index.php\/2025\/05\/28\/maior-torre-impressa-em-3d-do-mundo-e-inaugurada-nos-alpes-suicos\/#breadcrumb\",\"itemListElement\":[{\"@type\":\"ListItem\",\"position\":1,\"name\":\"In\u00edcio\",\"item\":\"https:\/\/jornalfatosenoticias.com.br\/\"},{\"@type\":\"ListItem\",\"position\":2,\"name\":\"Maior torre impressa em 3D do mundo \u00e9 inaugurada nos Alpes Su\u00ed\u00e7os\"}]},{\"@type\":\"WebSite\",\"@id\":\"https:\/\/jornalfatosenoticias.com.br\/#website\",\"url\":\"https:\/\/jornalfatosenoticias.com.br\/\",\"name\":\"Jornal Fatos e Not\u00edcias\",\"description\":\"Not\u00edcias em geral\",\"publisher\":{\"@id\":\"https:\/\/jornalfatosenoticias.com.br\/#organization\"},\"potentialAction\":[{\"@type\":\"SearchAction\",\"target\":{\"@type\":\"EntryPoint\",\"urlTemplate\":\"https:\/\/jornalfatosenoticias.com.br\/?s={search_term_string}\"},\"query-input\":{\"@type\":\"PropertyValueSpecification\",\"valueRequired\":true,\"valueName\":\"search_term_string\"}}],\"inLanguage\":\"pt-BR\"},{\"@type\":\"Organization\",\"@id\":\"https:\/\/jornalfatosenoticias.com.br\/#organization\",\"name\":\"Jornal Fatos e Not\u00edcias\",\"url\":\"https:\/\/jornalfatosenoticias.com.br\/\",\"logo\":{\"@type\":\"ImageObject\",\"inLanguage\":\"pt-BR\",\"@id\":\"https:\/\/jornalfatosenoticias.com.br\/#\/schema\/logo\/image\/\",\"url\":\"https:\/\/jornalfatosenoticias.com.br\/wp-content\/uploads\/2020\/02\/logo120.png\",\"contentUrl\":\"https:\/\/jornalfatosenoticias.com.br\/wp-content\/uploads\/2020\/02\/logo120.png\",\"width\":1227,\"height\":120,\"caption\":\"Jornal Fatos e Not\u00edcias\"},\"image\":{\"@id\":\"https:\/\/jornalfatosenoticias.com.br\/#\/schema\/logo\/image\/\"}},{\"@type\":\"Person\",\"@id\":\"https:\/\/jornalfatosenoticias.com.br\/#\/schema\/person\/d63837fa13ac8666eb9e74e0985d6f81\",\"name\":\"Luzimara Fernandes\",\"image\":{\"@type\":\"ImageObject\",\"inLanguage\":\"pt-BR\",\"@id\":\"https:\/\/jornalfatosenoticias.com.br\/#\/schema\/person\/image\/\",\"url\":\"https:\/\/jornalfatosenoticias.com.br\/wp-content\/uploads\/2025\/05\/EU_portal.jpg\",\"contentUrl\":\"https:\/\/jornalfatosenoticias.com.br\/wp-content\/uploads\/2025\/05\/EU_portal.jpg\",\"caption\":\"Luzimara Fernandes\"},\"description\":\"Jornalista MTB 2358-ES\",\"sameAs\":[\"https:\/\/jornalfatosenoticias.com.br\"],\"url\":\"https:\/\/jornalfatosenoticias.com.br\/index.php\/author\/luzimara\/\"}]}<\/script>\n<!-- \/ Yoast SEO plugin. -->","yoast_head_json":{"title":"Maior torre impressa em 3D do mundo \u00e9 inaugurada nos Alpes Su\u00ed\u00e7os - Jornal Fatos e Not\u00edcias","robots":{"index":"index","follow":"follow","max-snippet":"max-snippet:-1","max-image-preview":"max-image-preview:large","max-video-preview":"max-video-preview:-1"},"canonical":"https:\/\/jornalfatosenoticias.com.br\/index.php\/2025\/05\/28\/maior-torre-impressa-em-3d-do-mundo-e-inaugurada-nos-alpes-suicos\/","og_locale":"pt_BR","og_type":"article","og_title":"Maior torre impressa em 3D do mundo \u00e9 inaugurada nos Alpes Su\u00ed\u00e7os - Jornal Fatos e Not\u00edcias","og_description":"Ao ostentar 30m de altura, a estrutura de concreto constru\u00edda por rob\u00f4s \u00e9 um novo marco da engenharia contempor\u00e2nea Foi inaugurada em Mulegns, uma pequena vila nos Alpes Su\u00ed\u00e7os, a Tor Alva \u2014 a mais alta torre impressa em 3D do mundo\u00a0e um novo \u00edcone da engenharia contempor\u00e2nea. Projetada pelos arquitetos\u00a0Benjamin Dillenburger\u00a0e\u00a0Michael Hansmeyer, a obra [&hellip;]","og_url":"https:\/\/jornalfatosenoticias.com.br\/index.php\/2025\/05\/28\/maior-torre-impressa-em-3d-do-mundo-e-inaugurada-nos-alpes-suicos\/","og_site_name":"Jornal Fatos e Not\u00edcias","article_published_time":"2025-05-28T13:12:25+00:00","article_modified_time":"2025-05-28T13:12:27+00:00","og_image":[{"width":888,"height":665,"url":"https:\/\/jornalfatosenoticias.com.br\/wp-content\/uploads\/2025\/05\/maior-torre-impressa-em-3d-do-mundo-e-inaugurada-nos-alpes-suicos2.jpeg","type":"image\/jpeg"}],"author":"Luzimara Fernandes","twitter_card":"summary_large_image","twitter_misc":{"Escrito por":"Luzimara Fernandes","Est. tempo de leitura":"2 minutos"},"schema":{"@context":"https:\/\/schema.org","@graph":[{"@type":"Article","@id":"https:\/\/jornalfatosenoticias.com.br\/index.php\/2025\/05\/28\/maior-torre-impressa-em-3d-do-mundo-e-inaugurada-nos-alpes-suicos\/#article","isPartOf":{"@id":"https:\/\/jornalfatosenoticias.com.br\/index.php\/2025\/05\/28\/maior-torre-impressa-em-3d-do-mundo-e-inaugurada-nos-alpes-suicos\/"},"author":{"name":"Luzimara Fernandes","@id":"https:\/\/jornalfatosenoticias.com.br\/#\/schema\/person\/d63837fa13ac8666eb9e74e0985d6f81"},"headline":"Maior torre impressa em 3D do mundo \u00e9 inaugurada nos Alpes Su\u00ed\u00e7os","datePublished":"2025-05-28T13:12:25+00:00","dateModified":"2025-05-28T13:12:27+00:00","mainEntityOfPage":{"@id":"https:\/\/jornalfatosenoticias.com.br\/index.php\/2025\/05\/28\/maior-torre-impressa-em-3d-do-mundo-e-inaugurada-nos-alpes-suicos\/"},"wordCount":401,"commentCount":0,"publisher":{"@id":"https:\/\/jornalfatosenoticias.com.br\/#organization"},"image":{"@id":"https:\/\/jornalfatosenoticias.com.br\/index.php\/2025\/05\/28\/maior-torre-impressa-em-3d-do-mundo-e-inaugurada-nos-alpes-suicos\/#primaryimage"},"thumbnailUrl":"https:\/\/jornalfatosenoticias.com.br\/wp-content\/uploads\/2025\/05\/maior-torre-impressa-em-3d-do-mundo-e-inaugurada-nos-alpes-suicos2.jpeg","keywords":["Alpes Su\u00ed\u00e7os","arquitetura","engenharia contempor\u00e2nea","impressa em 3D","rob\u00f4s","torre"],"articleSection":["Arq &amp; Urb"],"inLanguage":"pt-BR","potentialAction":[{"@type":"CommentAction","name":"Comment","target":["https:\/\/jornalfatosenoticias.com.br\/index.php\/2025\/05\/28\/maior-torre-impressa-em-3d-do-mundo-e-inaugurada-nos-alpes-suicos\/#respond"]}]},{"@type":"WebPage","@id":"https:\/\/jornalfatosenoticias.com.br\/index.php\/2025\/05\/28\/maior-torre-impressa-em-3d-do-mundo-e-inaugurada-nos-alpes-suicos\/","url":"https:\/\/jornalfatosenoticias.com.br\/index.php\/2025\/05\/28\/maior-torre-impressa-em-3d-do-mundo-e-inaugurada-nos-alpes-suicos\/","name":"Maior torre impressa em 3D do mundo \u00e9 inaugurada nos Alpes Su\u00ed\u00e7os - Jornal Fatos e Not\u00edcias","isPartOf":{"@id":"https:\/\/jornalfatosenoticias.com.br\/#website"},"primaryImageOfPage":{"@id":"https:\/\/jornalfatosenoticias.com.br\/index.php\/2025\/05\/28\/maior-torre-impressa-em-3d-do-mundo-e-inaugurada-nos-alpes-suicos\/#primaryimage"},"image":{"@id":"https:\/\/jornalfatosenoticias.com.br\/index.php\/2025\/05\/28\/maior-torre-impressa-em-3d-do-mundo-e-inaugurada-nos-alpes-suicos\/#primaryimage"},"thumbnailUrl":"https:\/\/jornalfatosenoticias.com.br\/wp-content\/uploads\/2025\/05\/maior-torre-impressa-em-3d-do-mundo-e-inaugurada-nos-alpes-suicos2.jpeg","datePublished":"2025-05-28T13:12:25+00:00","dateModified":"2025-05-28T13:12:27+00:00","breadcrumb":{"@id":"https:\/\/jornalfatosenoticias.com.br\/index.php\/2025\/05\/28\/maior-torre-impressa-em-3d-do-mundo-e-inaugurada-nos-alpes-suicos\/#breadcrumb"},"inLanguage":"pt-BR","potentialAction":[{"@type":"ReadAction","target":["https:\/\/jornalfatosenoticias.com.br\/index.php\/2025\/05\/28\/maior-torre-impressa-em-3d-do-mundo-e-inaugurada-nos-alpes-suicos\/"]}]},{"@type":"ImageObject","inLanguage":"pt-BR","@id":"https:\/\/jornalfatosenoticias.com.br\/index.php\/2025\/05\/28\/maior-torre-impressa-em-3d-do-mundo-e-inaugurada-nos-alpes-suicos\/#primaryimage","url":"https:\/\/jornalfatosenoticias.com.br\/wp-content\/uploads\/2025\/05\/maior-torre-impressa-em-3d-do-mundo-e-inaugurada-nos-alpes-suicos2.jpeg","contentUrl":"https:\/\/jornalfatosenoticias.com.br\/wp-content\/uploads\/2025\/05\/maior-torre-impressa-em-3d-do-mundo-e-inaugurada-nos-alpes-suicos2.jpeg","width":888,"height":665},{"@type":"BreadcrumbList","@id":"https:\/\/jornalfatosenoticias.com.br\/index.php\/2025\/05\/28\/maior-torre-impressa-em-3d-do-mundo-e-inaugurada-nos-alpes-suicos\/#breadcrumb","itemListElement":[{"@type":"ListItem","position":1,"name":"In\u00edcio","item":"https:\/\/jornalfatosenoticias.com.br\/"},{"@type":"ListItem","position":2,"name":"Maior torre impressa em 3D do mundo \u00e9 inaugurada nos Alpes Su\u00ed\u00e7os"}]},{"@type":"WebSite","@id":"https:\/\/jornalfatosenoticias.com.br\/#website","url":"https:\/\/jornalfatosenoticias.com.br\/","name":"Jornal Fatos e Not\u00edcias","description":"Not\u00edcias em geral","publisher":{"@id":"https:\/\/jornalfatosenoticias.com.br\/#organization"},"potentialAction":[{"@type":"SearchAction","target":{"@type":"EntryPoint","urlTemplate":"https:\/\/jornalfatosenoticias.com.br\/?s={search_term_string}"},"query-input":{"@type":"PropertyValueSpecification","valueRequired":true,"valueName":"search_term_string"}}],"inLanguage":"pt-BR"},{"@type":"Organization","@id":"https:\/\/jornalfatosenoticias.com.br\/#organization","name":"Jornal Fatos e Not\u00edcias","url":"https:\/\/jornalfatosenoticias.com.br\/","logo":{"@type":"ImageObject","inLanguage":"pt-BR","@id":"https:\/\/jornalfatosenoticias.com.br\/#\/schema\/logo\/image\/","url":"https:\/\/jornalfatosenoticias.com.br\/wp-content\/uploads\/2020\/02\/logo120.png","contentUrl":"https:\/\/jornalfatosenoticias.com.br\/wp-content\/uploads\/2020\/02\/logo120.png","width":1227,"height":120,"caption":"Jornal Fatos e Not\u00edcias"},"image":{"@id":"https:\/\/jornalfatosenoticias.com.br\/#\/schema\/logo\/image\/"}},{"@type":"Person","@id":"https:\/\/jornalfatosenoticias.com.br\/#\/schema\/person\/d63837fa13ac8666eb9e74e0985d6f81","name":"Luzimara Fernandes","image":{"@type":"ImageObject","inLanguage":"pt-BR","@id":"https:\/\/jornalfatosenoticias.com.br\/#\/schema\/person\/image\/","url":"https:\/\/jornalfatosenoticias.com.br\/wp-content\/uploads\/2025\/05\/EU_portal.jpg","contentUrl":"https:\/\/jornalfatosenoticias.com.br\/wp-content\/uploads\/2025\/05\/EU_portal.jpg","caption":"Luzimara Fernandes"},"description":"Jornalista MTB 2358-ES","sameAs":["https:\/\/jornalfatosenoticias.com.br"],"url":"https:\/\/jornalfatosenoticias.com.br\/index.php\/author\/luzimara\/"}]}},"cc_featured_image_caption":{"caption_text":"(Foto: Divulga\u00e7\u00e3o)","source_text":"","source_url":""},"jetpack_featured_media_url":"https:\/\/jornalfatosenoticias.com.br\/wp-content\/uploads\/2025\/05\/maior-torre-impressa-em-3d-do-mundo-e-inaugurada-nos-alpes-suicos2.jpeg","_links":{"self":[{"href":"https:\/\/jornalfatosenoticias.com.br\/index.php\/wp-json\/wp\/v2\/posts\/59541","targetHints":{"allow":["GET"]}}],"collection":[{"href":"https:\/\/jornalfatosenoticias.com.br\/index.php\/wp-json\/wp\/v2\/posts"}],"about":[{"href":"https:\/\/jornalfatosenoticias.com.br\/index.php\/wp-json\/wp\/v2\/types\/post"}],"author":[{"embeddable":true,"href":"https:\/\/jornalfatosenoticias.com.br\/index.php\/wp-json\/wp\/v2\/users\/2"}],"replies":[{"embeddable":true,"href":"https:\/\/jornalfatosenoticias.com.br\/index.php\/wp-json\/wp\/v2\/comments?post=59541"}],"version-history":[{"count":0,"href":"https:\/\/jornalfatosenoticias.com.br\/index.php\/wp-json\/wp\/v2\/posts\/59541\/revisions"}],"wp:featuredmedia":[{"embeddable":true,"href":"https:\/\/jornalfatosenoticias.com.br\/index.php\/wp-json\/wp\/v2\/media\/59543"}],"wp:attachment":[{"href":"https:\/\/jornalfatosenoticias.com.br\/index.php\/wp-json\/wp\/v2\/media?parent=59541"}],"wp:term":[{"taxonomy":"category","embeddable":true,"href":"https:\/\/jornalfatosenoticias.com.br\/index.php\/wp-json\/wp\/v2\/categories?post=59541"},{"taxonomy":"post_tag","embeddable":true,"href":"https:\/\/jornalfatosenoticias.com.br\/index.php\/wp-json\/wp\/v2\/tags?post=59541"}],"curies":[{"name":"wp","href":"https:\/\/api.w.org\/{rel}","templated":true}]}}