{"id":59553,"date":"2025-05-28T10:38:49","date_gmt":"2025-05-28T13:38:49","guid":{"rendered":"https:\/\/jornalfatosenoticias.com.br\/?p=59553"},"modified":"2025-05-28T10:39:21","modified_gmt":"2025-05-28T13:39:21","slug":"anel-de-ouro-de-2-300-anos-e-descoberto-em-jerusalem-revelando-sua-riqueza-antiga","status":"publish","type":"post","link":"https:\/\/jornalfatosenoticias.com.br\/index.php\/2025\/05\/28\/anel-de-ouro-de-2-300-anos-e-descoberto-em-jerusalem-revelando-sua-riqueza-antiga\/","title":{"rendered":"Anel de ouro de 2.300 anos \u00e9 descoberto em Jerusal\u00e9m"},"content":{"rendered":"\n<p><span class=\"has-inline-color has-black-color\"><em>O anel de ouro descoberto durante as escava\u00e7\u00f5es da Autoridade de Antiguidades de Israel na Cidade de Davi em Israel<\/em><\/span><\/p>\n\n\n\n<div class=\"wp-block-image\"><figure class=\"aligncenter size-large\"><a href=\"https:\/\/www.controlsystems.com.br\/\"><img loading=\"lazy\" decoding=\"async\" width=\"1024\" height=\"109\" src=\"https:\/\/jornalfatosenoticias.com.br\/wp-content\/uploads\/2020\/02\/CONTROL-CS2-1024x109.jpg\" alt=\"\" class=\"wp-image-44989\" srcset=\"https:\/\/jornalfatosenoticias.com.br\/wp-content\/uploads\/2020\/02\/CONTROL-CS2-1024x109.jpg 1024w, https:\/\/jornalfatosenoticias.com.br\/wp-content\/uploads\/2020\/02\/CONTROL-CS2-300x32.jpg 300w, https:\/\/jornalfatosenoticias.com.br\/wp-content\/uploads\/2020\/02\/CONTROL-CS2-768x82.jpg 768w, https:\/\/jornalfatosenoticias.com.br\/wp-content\/uploads\/2020\/02\/CONTROL-CS2.jpg 1120w\" sizes=\"auto, (max-width: 1024px) 100vw, 1024px\" \/><\/a><\/figure><\/div>\n\n\n\n<p>Os arque\u00f3logos revelaram um anel de ouro de 2.300 anos com uma pedra de granada vermelha polida na Cidade de Davi, em Jerusal\u00e9m, marcando o segundo do g\u00eanero a ser encontrado no local em 2025, relata a revista <em>Archaeology News. <\/em>A revista <a href=\"https:\/\/archaeologymag.com\/2025\/05\/ancient-gold-ring-unearthed-in-city-of-david\/\" target=\"_blank\" rel=\"noreferrer noopener\">destaca<\/a> que o novo achado foi descoberto nas funda\u00e7\u00f5es de um grande edif\u00edcio antigo que se acredita ter sido constru\u00eddo no final do s\u00e9culo III ou in\u00edcio do s\u00e9culo II a.C.<br>Segundo o artigo, tamb\u00e9m foram revelados uma impressionante <a href=\"https:\/\/noticiabrasil.net.br\/20250429\/caminhantes-descobrem-acidentalmente-moedas-no-valor-de-r-16-milhao-perto-da-polonia-fotos-39332318.html\" target=\"_blank\" rel=\"noreferrer noopener\">cole\u00e7\u00e3o de joias<\/a>, incluindo brincos de bronze, uma conta de ouro decorada e um brinco de ouro com uma imagem de um animal com chifres, todos encontrados na mesma camada estratigr\u00e1fica, o que sugere uma deposi\u00e7\u00e3o deliberada e culturalmente significativa.<\/p>\n\n\n\n<div class=\"wp-block-image\"><figure class=\"aligncenter size-large\"><a href=\"http:\/\/www.ferrarimaquinas.com.br\/\"><img loading=\"lazy\" decoding=\"async\" width=\"300\" height=\"250\" src=\"https:\/\/jornalfatosenoticias.com.br\/wp-content\/uploads\/2022\/02\/FERRARI_MAQUINAS-E-FERRAMENTAS2-1.jpg\" alt=\"\" class=\"wp-image-27955\"\/><\/a><\/figure><\/div>\n\n\n\n<blockquote class=\"wp-block-quote is-layout-flow wp-block-quote-is-layout-flow\"><p><span class=\"has-inline-color has-luminous-vivid-orange-color\">Essa \u00e9 a primeira vez que encontramos em Jerusal\u00e9m um conjunto t\u00e3o grande de joias de ouro desse per\u00edodo. Essa riqueza exibida \u00e9 muito rara em qualquer camada arqueol\u00f3gica e atesta a riqueza de Jerusal\u00e9m e o alto padr\u00e3o de vida dos moradores da cidade durante esse per\u00edodo&#8221;, ressalta Efrat Bocher, um dos gerentes da escava\u00e7\u00e3o.<\/span><\/p><\/blockquote>\n\n\n\n<div class=\"wp-block-image\"><figure class=\"aligncenter size-large is-resized\"><a href=\"https:\/\/www.instagram.com\/gruposei\/\"><img loading=\"lazy\" decoding=\"async\" src=\"https:\/\/jornalfatosenoticias.com.br\/wp-content\/uploads\/2022\/07\/Logo-Grupo-SEI.jpg\" alt=\"\" class=\"wp-image-31973\" width=\"364\" height=\"191\" srcset=\"https:\/\/jornalfatosenoticias.com.br\/wp-content\/uploads\/2022\/07\/Logo-Grupo-SEI.jpg 713w, https:\/\/jornalfatosenoticias.com.br\/wp-content\/uploads\/2022\/07\/Logo-Grupo-SEI-300x158.jpg 300w\" sizes=\"auto, (max-width: 364px) 100vw, 364px\" \/><\/a><\/figure><\/div>\n\n\n\n<p>Portanto, continua a revista, uma teoria que est\u00e1 ganhando for\u00e7a entre os pesquisadores \u00e9 de que as joias podem ter sido colocadas sob os pisos do edif\u00edcio como parte de uma tradi\u00e7\u00e3o simb\u00f3lica. Uma hip\u00f3tese atual \u00e9 de que as joias foram enterradas intencionalmente como parte de um conhecido costume do per\u00edodo helen\u00edstico, no qual as mulheres prometidas colocavam joias e outros objetos de inf\u00e2ncia nas funda\u00e7\u00f5es das casas para simbolizar a transi\u00e7\u00e3o da inf\u00e2ncia para a vida adulta.<\/p>\n\n\n\n<div class=\"wp-block-image\"><figure class=\"aligncenter size-large is-resized\"><a href=\"https:\/\/www.instagram.com\/gruposei\/\"><img loading=\"lazy\" decoding=\"async\" src=\"https:\/\/jornalfatosenoticias.com.br\/wp-content\/uploads\/2023\/03\/logo-Panper_portal.jpg\" alt=\"\" class=\"wp-image-40208\" width=\"315\" height=\"218\" srcset=\"https:\/\/jornalfatosenoticias.com.br\/wp-content\/uploads\/2023\/03\/logo-Panper_portal.jpg 400w, https:\/\/jornalfatosenoticias.com.br\/wp-content\/uploads\/2023\/03\/logo-Panper_portal-300x208.jpg 300w\" sizes=\"auto, (max-width: 315px) 100vw, 315px\" \/><\/a><\/figure><\/div>\n\n\n\n<p>Al\u00e9m disso, \u00e9 destacado que o uso de ouro e pedras preciosas ricamente coloridas em joias reflete a influ\u00eancia das tend\u00eancias da moda oriental, possibilitada pela expans\u00e3o das redes de com\u00e9rcio ap\u00f3s as conquistas de <a href=\"https:\/\/noticiabrasil.net.br\/20250410\/um-posto-militar-antigo-na-macedonia-do-norte-na-verdade-era-uma-cidade-prospera-pre-romana-fotos-39138872.html\" target=\"_blank\" rel=\"noreferrer noopener\">Alexandre, o Grande<\/a>. <\/p>\n\n\n\n<blockquote class=\"wp-block-quote is-layout-flow wp-block-quote-is-layout-flow\"><p><span class=\"has-inline-color has-luminous-vivid-orange-color\">A descoberta dos an\u00e9is de ouro da \u00e9poca do Segundo Templo na Cidade de Davi \u00e9 uma evid\u00eancia tang\u00edvel da riqueza, beleza e import\u00e2ncia de Jerusal\u00e9m, mesmo h\u00e1 milhares de anos&#8221;, finaliza Eli Escusido, diretor da Autoridade de Antiguidades de Israel.<\/span><\/p><\/blockquote>\n\n\n\n<div class=\"wp-block-image\"><figure class=\"aligncenter size-large is-resized\"><a href=\"https:\/\/www.instagram.com\/serra4x4cambioautomatico\/\"><img loading=\"lazy\" decoding=\"async\" src=\"https:\/\/jornalfatosenoticias.com.br\/wp-content\/uploads\/2024\/08\/Serra-4x4-1-886x1024.jpg\" alt=\"\" class=\"wp-image-53632\" width=\"272\" height=\"315\" srcset=\"https:\/\/jornalfatosenoticias.com.br\/wp-content\/uploads\/2024\/08\/Serra-4x4-1-886x1024.jpg 886w, https:\/\/jornalfatosenoticias.com.br\/wp-content\/uploads\/2024\/08\/Serra-4x4-1-260x300.jpg 260w, https:\/\/jornalfatosenoticias.com.br\/wp-content\/uploads\/2024\/08\/Serra-4x4-1-768x888.jpg 768w, https:\/\/jornalfatosenoticias.com.br\/wp-content\/uploads\/2024\/08\/Serra-4x4-1.jpg 1181w\" sizes=\"auto, (max-width: 272px) 100vw, 272px\" \/><\/a><\/figure><\/div>\n\n\n\n<p><strong>Fonte: <a href=\"https:\/\/noticiabrasil.net.br\/20250523\/anel-de-ouro-de-2300-anos-e-descoberto-em-jerusalem-revelando-sua-riqueza-antiga-fotos-39665256.html\">Sputnik Brasil<\/a><\/strong><\/p>\n","protected":false},"excerpt":{"rendered":"<p>O anel de ouro descoberto durante as escava\u00e7\u00f5es da Autoridade de Antiguidades de Israel na Cidade de Davi em Israel Os arque\u00f3logos revelaram um anel de ouro de 2.300 anos com uma pedra de granada vermelha polida na Cidade de Davi, em Jerusal\u00e9m, marcando o segundo do g\u00eanero a ser encontrado no local em 2025, [&hellip;]<\/p>\n","protected":false},"author":2,"featured_media":59554,"comment_status":"open","ping_status":"open","sticky":false,"template":"","format":"standard","meta":{"footnotes":""},"categories":[9808],"tags":[27200,27201,1478,761,12009,162,722,22763,1340],"class_list":["post-59553","post","type-post","status-publish","format-standard","has-post-thumbnail","hentry","category-paleo-arqueologia","tag-alexandre","tag-anel","tag-arqueologia","tag-arqueologos","tag-ciencia-e-tecnologia","tag-israel","tag-jerusalem","tag-o-grande","tag-sociedade"],"yoast_head":"<!-- This site is optimized with the Yoast SEO plugin v26.5 - https:\/\/yoast.com\/wordpress\/plugins\/seo\/ -->\n<title>Anel de ouro de 2.300 anos \u00e9 descoberto em Jerusal\u00e9m - Jornal Fatos e Not\u00edcias<\/title>\n<meta name=\"robots\" content=\"index, follow, max-snippet:-1, max-image-preview:large, max-video-preview:-1\" \/>\n<link rel=\"canonical\" href=\"https:\/\/jornalfatosenoticias.com.br\/index.php\/2025\/05\/28\/anel-de-ouro-de-2-300-anos-e-descoberto-em-jerusalem-revelando-sua-riqueza-antiga\/\" \/>\n<meta property=\"og:locale\" content=\"pt_BR\" \/>\n<meta property=\"og:type\" content=\"article\" \/>\n<meta property=\"og:title\" content=\"Anel de ouro de 2.300 anos \u00e9 descoberto em Jerusal\u00e9m - Jornal Fatos e Not\u00edcias\" \/>\n<meta property=\"og:description\" content=\"O anel de ouro descoberto durante as escava\u00e7\u00f5es da Autoridade de Antiguidades de Israel na Cidade de Davi em Israel Os arque\u00f3logos revelaram um anel de ouro de 2.300 anos com uma pedra de granada vermelha polida na Cidade de Davi, em Jerusal\u00e9m, marcando o segundo do g\u00eanero a ser encontrado no local em 2025, [&hellip;]\" \/>\n<meta property=\"og:url\" content=\"https:\/\/jornalfatosenoticias.com.br\/index.php\/2025\/05\/28\/anel-de-ouro-de-2-300-anos-e-descoberto-em-jerusalem-revelando-sua-riqueza-antiga\/\" \/>\n<meta property=\"og:site_name\" content=\"Jornal Fatos e Not\u00edcias\" \/>\n<meta property=\"article:published_time\" content=\"2025-05-28T13:38:49+00:00\" \/>\n<meta property=\"article:modified_time\" content=\"2025-05-28T13:39:21+00:00\" \/>\n<meta property=\"og:image\" content=\"https:\/\/jornalfatosenoticias.com.br\/wp-content\/uploads\/2025\/05\/anel-de-ouro-cidade-de-davi.jpg\" \/>\n\t<meta property=\"og:image:width\" content=\"871\" \/>\n\t<meta property=\"og:image:height\" content=\"636\" \/>\n\t<meta property=\"og:image:type\" content=\"image\/jpeg\" \/>\n<meta name=\"author\" content=\"Luzimara Fernandes\" \/>\n<meta name=\"twitter:card\" content=\"summary_large_image\" \/>\n<meta name=\"twitter:label1\" content=\"Escrito por\" \/>\n\t<meta name=\"twitter:data1\" content=\"Luzimara Fernandes\" \/>\n\t<meta name=\"twitter:label2\" content=\"Est. tempo de leitura\" \/>\n\t<meta name=\"twitter:data2\" content=\"2 minutos\" \/>\n<script type=\"application\/ld+json\" class=\"yoast-schema-graph\">{\"@context\":\"https:\/\/schema.org\",\"@graph\":[{\"@type\":\"Article\",\"@id\":\"https:\/\/jornalfatosenoticias.com.br\/index.php\/2025\/05\/28\/anel-de-ouro-de-2-300-anos-e-descoberto-em-jerusalem-revelando-sua-riqueza-antiga\/#article\",\"isPartOf\":{\"@id\":\"https:\/\/jornalfatosenoticias.com.br\/index.php\/2025\/05\/28\/anel-de-ouro-de-2-300-anos-e-descoberto-em-jerusalem-revelando-sua-riqueza-antiga\/\"},\"author\":{\"name\":\"Luzimara Fernandes\",\"@id\":\"https:\/\/jornalfatosenoticias.com.br\/#\/schema\/person\/d63837fa13ac8666eb9e74e0985d6f81\"},\"headline\":\"Anel de ouro de 2.300 anos \u00e9 descoberto em Jerusal\u00e9m\",\"datePublished\":\"2025-05-28T13:38:49+00:00\",\"dateModified\":\"2025-05-28T13:39:21+00:00\",\"mainEntityOfPage\":{\"@id\":\"https:\/\/jornalfatosenoticias.com.br\/index.php\/2025\/05\/28\/anel-de-ouro-de-2-300-anos-e-descoberto-em-jerusalem-revelando-sua-riqueza-antiga\/\"},\"wordCount\":404,\"commentCount\":0,\"publisher\":{\"@id\":\"https:\/\/jornalfatosenoticias.com.br\/#organization\"},\"image\":{\"@id\":\"https:\/\/jornalfatosenoticias.com.br\/index.php\/2025\/05\/28\/anel-de-ouro-de-2-300-anos-e-descoberto-em-jerusalem-revelando-sua-riqueza-antiga\/#primaryimage\"},\"thumbnailUrl\":\"https:\/\/jornalfatosenoticias.com.br\/wp-content\/uploads\/2025\/05\/anel-de-ouro-cidade-de-davi.jpg\",\"keywords\":[\"Alexandre\",\"anel\",\"arqueologia\",\"arque\u00f3logos\",\"Ci\u00eancia e tecnologia\",\"Israel\",\"Jerusal\u00e9m\",\"o Grande\",\"sociedade\"],\"articleSection\":[\"Paleo &amp; Arqueologia\"],\"inLanguage\":\"pt-BR\",\"potentialAction\":[{\"@type\":\"CommentAction\",\"name\":\"Comment\",\"target\":[\"https:\/\/jornalfatosenoticias.com.br\/index.php\/2025\/05\/28\/anel-de-ouro-de-2-300-anos-e-descoberto-em-jerusalem-revelando-sua-riqueza-antiga\/#respond\"]}]},{\"@type\":\"WebPage\",\"@id\":\"https:\/\/jornalfatosenoticias.com.br\/index.php\/2025\/05\/28\/anel-de-ouro-de-2-300-anos-e-descoberto-em-jerusalem-revelando-sua-riqueza-antiga\/\",\"url\":\"https:\/\/jornalfatosenoticias.com.br\/index.php\/2025\/05\/28\/anel-de-ouro-de-2-300-anos-e-descoberto-em-jerusalem-revelando-sua-riqueza-antiga\/\",\"name\":\"Anel de ouro de 2.300 anos \u00e9 descoberto em Jerusal\u00e9m - Jornal Fatos e Not\u00edcias\",\"isPartOf\":{\"@id\":\"https:\/\/jornalfatosenoticias.com.br\/#website\"},\"primaryImageOfPage\":{\"@id\":\"https:\/\/jornalfatosenoticias.com.br\/index.php\/2025\/05\/28\/anel-de-ouro-de-2-300-anos-e-descoberto-em-jerusalem-revelando-sua-riqueza-antiga\/#primaryimage\"},\"image\":{\"@id\":\"https:\/\/jornalfatosenoticias.com.br\/index.php\/2025\/05\/28\/anel-de-ouro-de-2-300-anos-e-descoberto-em-jerusalem-revelando-sua-riqueza-antiga\/#primaryimage\"},\"thumbnailUrl\":\"https:\/\/jornalfatosenoticias.com.br\/wp-content\/uploads\/2025\/05\/anel-de-ouro-cidade-de-davi.jpg\",\"datePublished\":\"2025-05-28T13:38:49+00:00\",\"dateModified\":\"2025-05-28T13:39:21+00:00\",\"breadcrumb\":{\"@id\":\"https:\/\/jornalfatosenoticias.com.br\/index.php\/2025\/05\/28\/anel-de-ouro-de-2-300-anos-e-descoberto-em-jerusalem-revelando-sua-riqueza-antiga\/#breadcrumb\"},\"inLanguage\":\"pt-BR\",\"potentialAction\":[{\"@type\":\"ReadAction\",\"target\":[\"https:\/\/jornalfatosenoticias.com.br\/index.php\/2025\/05\/28\/anel-de-ouro-de-2-300-anos-e-descoberto-em-jerusalem-revelando-sua-riqueza-antiga\/\"]}]},{\"@type\":\"ImageObject\",\"inLanguage\":\"pt-BR\",\"@id\":\"https:\/\/jornalfatosenoticias.com.br\/index.php\/2025\/05\/28\/anel-de-ouro-de-2-300-anos-e-descoberto-em-jerusalem-revelando-sua-riqueza-antiga\/#primaryimage\",\"url\":\"https:\/\/jornalfatosenoticias.com.br\/wp-content\/uploads\/2025\/05\/anel-de-ouro-cidade-de-davi.jpg\",\"contentUrl\":\"https:\/\/jornalfatosenoticias.com.br\/wp-content\/uploads\/2025\/05\/anel-de-ouro-cidade-de-davi.jpg\",\"width\":871,\"height\":636},{\"@type\":\"BreadcrumbList\",\"@id\":\"https:\/\/jornalfatosenoticias.com.br\/index.php\/2025\/05\/28\/anel-de-ouro-de-2-300-anos-e-descoberto-em-jerusalem-revelando-sua-riqueza-antiga\/#breadcrumb\",\"itemListElement\":[{\"@type\":\"ListItem\",\"position\":1,\"name\":\"In\u00edcio\",\"item\":\"https:\/\/jornalfatosenoticias.com.br\/\"},{\"@type\":\"ListItem\",\"position\":2,\"name\":\"Anel de ouro de 2.300 anos \u00e9 descoberto em Jerusal\u00e9m\"}]},{\"@type\":\"WebSite\",\"@id\":\"https:\/\/jornalfatosenoticias.com.br\/#website\",\"url\":\"https:\/\/jornalfatosenoticias.com.br\/\",\"name\":\"Jornal Fatos e Not\u00edcias\",\"description\":\"Not\u00edcias em geral\",\"publisher\":{\"@id\":\"https:\/\/jornalfatosenoticias.com.br\/#organization\"},\"potentialAction\":[{\"@type\":\"SearchAction\",\"target\":{\"@type\":\"EntryPoint\",\"urlTemplate\":\"https:\/\/jornalfatosenoticias.com.br\/?s={search_term_string}\"},\"query-input\":{\"@type\":\"PropertyValueSpecification\",\"valueRequired\":true,\"valueName\":\"search_term_string\"}}],\"inLanguage\":\"pt-BR\"},{\"@type\":\"Organization\",\"@id\":\"https:\/\/jornalfatosenoticias.com.br\/#organization\",\"name\":\"Jornal Fatos e Not\u00edcias\",\"url\":\"https:\/\/jornalfatosenoticias.com.br\/\",\"logo\":{\"@type\":\"ImageObject\",\"inLanguage\":\"pt-BR\",\"@id\":\"https:\/\/jornalfatosenoticias.com.br\/#\/schema\/logo\/image\/\",\"url\":\"https:\/\/jornalfatosenoticias.com.br\/wp-content\/uploads\/2020\/02\/logo120.png\",\"contentUrl\":\"https:\/\/jornalfatosenoticias.com.br\/wp-content\/uploads\/2020\/02\/logo120.png\",\"width\":1227,\"height\":120,\"caption\":\"Jornal Fatos e Not\u00edcias\"},\"image\":{\"@id\":\"https:\/\/jornalfatosenoticias.com.br\/#\/schema\/logo\/image\/\"}},{\"@type\":\"Person\",\"@id\":\"https:\/\/jornalfatosenoticias.com.br\/#\/schema\/person\/d63837fa13ac8666eb9e74e0985d6f81\",\"name\":\"Luzimara Fernandes\",\"image\":{\"@type\":\"ImageObject\",\"inLanguage\":\"pt-BR\",\"@id\":\"https:\/\/jornalfatosenoticias.com.br\/#\/schema\/person\/image\/\",\"url\":\"https:\/\/jornalfatosenoticias.com.br\/wp-content\/uploads\/2025\/05\/EU_portal.jpg\",\"contentUrl\":\"https:\/\/jornalfatosenoticias.com.br\/wp-content\/uploads\/2025\/05\/EU_portal.jpg\",\"caption\":\"Luzimara Fernandes\"},\"description\":\"Jornalista MTB 2358-ES\",\"sameAs\":[\"https:\/\/jornalfatosenoticias.com.br\"],\"url\":\"https:\/\/jornalfatosenoticias.com.br\/index.php\/author\/luzimara\/\"}]}<\/script>\n<!-- \/ Yoast SEO plugin. -->","yoast_head_json":{"title":"Anel de ouro de 2.300 anos \u00e9 descoberto em Jerusal\u00e9m - Jornal Fatos e Not\u00edcias","robots":{"index":"index","follow":"follow","max-snippet":"max-snippet:-1","max-image-preview":"max-image-preview:large","max-video-preview":"max-video-preview:-1"},"canonical":"https:\/\/jornalfatosenoticias.com.br\/index.php\/2025\/05\/28\/anel-de-ouro-de-2-300-anos-e-descoberto-em-jerusalem-revelando-sua-riqueza-antiga\/","og_locale":"pt_BR","og_type":"article","og_title":"Anel de ouro de 2.300 anos \u00e9 descoberto em Jerusal\u00e9m - Jornal Fatos e Not\u00edcias","og_description":"O anel de ouro descoberto durante as escava\u00e7\u00f5es da Autoridade de Antiguidades de Israel na Cidade de Davi em Israel Os arque\u00f3logos revelaram um anel de ouro de 2.300 anos com uma pedra de granada vermelha polida na Cidade de Davi, em Jerusal\u00e9m, marcando o segundo do g\u00eanero a ser encontrado no local em 2025, [&hellip;]","og_url":"https:\/\/jornalfatosenoticias.com.br\/index.php\/2025\/05\/28\/anel-de-ouro-de-2-300-anos-e-descoberto-em-jerusalem-revelando-sua-riqueza-antiga\/","og_site_name":"Jornal Fatos e Not\u00edcias","article_published_time":"2025-05-28T13:38:49+00:00","article_modified_time":"2025-05-28T13:39:21+00:00","og_image":[{"width":871,"height":636,"url":"https:\/\/jornalfatosenoticias.com.br\/wp-content\/uploads\/2025\/05\/anel-de-ouro-cidade-de-davi.jpg","type":"image\/jpeg"}],"author":"Luzimara Fernandes","twitter_card":"summary_large_image","twitter_misc":{"Escrito por":"Luzimara Fernandes","Est. tempo de leitura":"2 minutos"},"schema":{"@context":"https:\/\/schema.org","@graph":[{"@type":"Article","@id":"https:\/\/jornalfatosenoticias.com.br\/index.php\/2025\/05\/28\/anel-de-ouro-de-2-300-anos-e-descoberto-em-jerusalem-revelando-sua-riqueza-antiga\/#article","isPartOf":{"@id":"https:\/\/jornalfatosenoticias.com.br\/index.php\/2025\/05\/28\/anel-de-ouro-de-2-300-anos-e-descoberto-em-jerusalem-revelando-sua-riqueza-antiga\/"},"author":{"name":"Luzimara Fernandes","@id":"https:\/\/jornalfatosenoticias.com.br\/#\/schema\/person\/d63837fa13ac8666eb9e74e0985d6f81"},"headline":"Anel de ouro de 2.300 anos \u00e9 descoberto em Jerusal\u00e9m","datePublished":"2025-05-28T13:38:49+00:00","dateModified":"2025-05-28T13:39:21+00:00","mainEntityOfPage":{"@id":"https:\/\/jornalfatosenoticias.com.br\/index.php\/2025\/05\/28\/anel-de-ouro-de-2-300-anos-e-descoberto-em-jerusalem-revelando-sua-riqueza-antiga\/"},"wordCount":404,"commentCount":0,"publisher":{"@id":"https:\/\/jornalfatosenoticias.com.br\/#organization"},"image":{"@id":"https:\/\/jornalfatosenoticias.com.br\/index.php\/2025\/05\/28\/anel-de-ouro-de-2-300-anos-e-descoberto-em-jerusalem-revelando-sua-riqueza-antiga\/#primaryimage"},"thumbnailUrl":"https:\/\/jornalfatosenoticias.com.br\/wp-content\/uploads\/2025\/05\/anel-de-ouro-cidade-de-davi.jpg","keywords":["Alexandre","anel","arqueologia","arque\u00f3logos","Ci\u00eancia e tecnologia","Israel","Jerusal\u00e9m","o Grande","sociedade"],"articleSection":["Paleo &amp; Arqueologia"],"inLanguage":"pt-BR","potentialAction":[{"@type":"CommentAction","name":"Comment","target":["https:\/\/jornalfatosenoticias.com.br\/index.php\/2025\/05\/28\/anel-de-ouro-de-2-300-anos-e-descoberto-em-jerusalem-revelando-sua-riqueza-antiga\/#respond"]}]},{"@type":"WebPage","@id":"https:\/\/jornalfatosenoticias.com.br\/index.php\/2025\/05\/28\/anel-de-ouro-de-2-300-anos-e-descoberto-em-jerusalem-revelando-sua-riqueza-antiga\/","url":"https:\/\/jornalfatosenoticias.com.br\/index.php\/2025\/05\/28\/anel-de-ouro-de-2-300-anos-e-descoberto-em-jerusalem-revelando-sua-riqueza-antiga\/","name":"Anel de ouro de 2.300 anos \u00e9 descoberto em Jerusal\u00e9m - Jornal Fatos e Not\u00edcias","isPartOf":{"@id":"https:\/\/jornalfatosenoticias.com.br\/#website"},"primaryImageOfPage":{"@id":"https:\/\/jornalfatosenoticias.com.br\/index.php\/2025\/05\/28\/anel-de-ouro-de-2-300-anos-e-descoberto-em-jerusalem-revelando-sua-riqueza-antiga\/#primaryimage"},"image":{"@id":"https:\/\/jornalfatosenoticias.com.br\/index.php\/2025\/05\/28\/anel-de-ouro-de-2-300-anos-e-descoberto-em-jerusalem-revelando-sua-riqueza-antiga\/#primaryimage"},"thumbnailUrl":"https:\/\/jornalfatosenoticias.com.br\/wp-content\/uploads\/2025\/05\/anel-de-ouro-cidade-de-davi.jpg","datePublished":"2025-05-28T13:38:49+00:00","dateModified":"2025-05-28T13:39:21+00:00","breadcrumb":{"@id":"https:\/\/jornalfatosenoticias.com.br\/index.php\/2025\/05\/28\/anel-de-ouro-de-2-300-anos-e-descoberto-em-jerusalem-revelando-sua-riqueza-antiga\/#breadcrumb"},"inLanguage":"pt-BR","potentialAction":[{"@type":"ReadAction","target":["https:\/\/jornalfatosenoticias.com.br\/index.php\/2025\/05\/28\/anel-de-ouro-de-2-300-anos-e-descoberto-em-jerusalem-revelando-sua-riqueza-antiga\/"]}]},{"@type":"ImageObject","inLanguage":"pt-BR","@id":"https:\/\/jornalfatosenoticias.com.br\/index.php\/2025\/05\/28\/anel-de-ouro-de-2-300-anos-e-descoberto-em-jerusalem-revelando-sua-riqueza-antiga\/#primaryimage","url":"https:\/\/jornalfatosenoticias.com.br\/wp-content\/uploads\/2025\/05\/anel-de-ouro-cidade-de-davi.jpg","contentUrl":"https:\/\/jornalfatosenoticias.com.br\/wp-content\/uploads\/2025\/05\/anel-de-ouro-cidade-de-davi.jpg","width":871,"height":636},{"@type":"BreadcrumbList","@id":"https:\/\/jornalfatosenoticias.com.br\/index.php\/2025\/05\/28\/anel-de-ouro-de-2-300-anos-e-descoberto-em-jerusalem-revelando-sua-riqueza-antiga\/#breadcrumb","itemListElement":[{"@type":"ListItem","position":1,"name":"In\u00edcio","item":"https:\/\/jornalfatosenoticias.com.br\/"},{"@type":"ListItem","position":2,"name":"Anel de ouro de 2.300 anos \u00e9 descoberto em Jerusal\u00e9m"}]},{"@type":"WebSite","@id":"https:\/\/jornalfatosenoticias.com.br\/#website","url":"https:\/\/jornalfatosenoticias.com.br\/","name":"Jornal Fatos e Not\u00edcias","description":"Not\u00edcias em geral","publisher":{"@id":"https:\/\/jornalfatosenoticias.com.br\/#organization"},"potentialAction":[{"@type":"SearchAction","target":{"@type":"EntryPoint","urlTemplate":"https:\/\/jornalfatosenoticias.com.br\/?s={search_term_string}"},"query-input":{"@type":"PropertyValueSpecification","valueRequired":true,"valueName":"search_term_string"}}],"inLanguage":"pt-BR"},{"@type":"Organization","@id":"https:\/\/jornalfatosenoticias.com.br\/#organization","name":"Jornal Fatos e Not\u00edcias","url":"https:\/\/jornalfatosenoticias.com.br\/","logo":{"@type":"ImageObject","inLanguage":"pt-BR","@id":"https:\/\/jornalfatosenoticias.com.br\/#\/schema\/logo\/image\/","url":"https:\/\/jornalfatosenoticias.com.br\/wp-content\/uploads\/2020\/02\/logo120.png","contentUrl":"https:\/\/jornalfatosenoticias.com.br\/wp-content\/uploads\/2020\/02\/logo120.png","width":1227,"height":120,"caption":"Jornal Fatos e Not\u00edcias"},"image":{"@id":"https:\/\/jornalfatosenoticias.com.br\/#\/schema\/logo\/image\/"}},{"@type":"Person","@id":"https:\/\/jornalfatosenoticias.com.br\/#\/schema\/person\/d63837fa13ac8666eb9e74e0985d6f81","name":"Luzimara Fernandes","image":{"@type":"ImageObject","inLanguage":"pt-BR","@id":"https:\/\/jornalfatosenoticias.com.br\/#\/schema\/person\/image\/","url":"https:\/\/jornalfatosenoticias.com.br\/wp-content\/uploads\/2025\/05\/EU_portal.jpg","contentUrl":"https:\/\/jornalfatosenoticias.com.br\/wp-content\/uploads\/2025\/05\/EU_portal.jpg","caption":"Luzimara Fernandes"},"description":"Jornalista MTB 2358-ES","sameAs":["https:\/\/jornalfatosenoticias.com.br"],"url":"https:\/\/jornalfatosenoticias.com.br\/index.php\/author\/luzimara\/"}]}},"cc_featured_image_caption":{"caption_text":"(Foto: Autoridade de Antiguidades de Israel) ","source_text":"","source_url":""},"jetpack_featured_media_url":"https:\/\/jornalfatosenoticias.com.br\/wp-content\/uploads\/2025\/05\/anel-de-ouro-cidade-de-davi.jpg","_links":{"self":[{"href":"https:\/\/jornalfatosenoticias.com.br\/index.php\/wp-json\/wp\/v2\/posts\/59553","targetHints":{"allow":["GET"]}}],"collection":[{"href":"https:\/\/jornalfatosenoticias.com.br\/index.php\/wp-json\/wp\/v2\/posts"}],"about":[{"href":"https:\/\/jornalfatosenoticias.com.br\/index.php\/wp-json\/wp\/v2\/types\/post"}],"author":[{"embeddable":true,"href":"https:\/\/jornalfatosenoticias.com.br\/index.php\/wp-json\/wp\/v2\/users\/2"}],"replies":[{"embeddable":true,"href":"https:\/\/jornalfatosenoticias.com.br\/index.php\/wp-json\/wp\/v2\/comments?post=59553"}],"version-history":[{"count":0,"href":"https:\/\/jornalfatosenoticias.com.br\/index.php\/wp-json\/wp\/v2\/posts\/59553\/revisions"}],"wp:featuredmedia":[{"embeddable":true,"href":"https:\/\/jornalfatosenoticias.com.br\/index.php\/wp-json\/wp\/v2\/media\/59554"}],"wp:attachment":[{"href":"https:\/\/jornalfatosenoticias.com.br\/index.php\/wp-json\/wp\/v2\/media?parent=59553"}],"wp:term":[{"taxonomy":"category","embeddable":true,"href":"https:\/\/jornalfatosenoticias.com.br\/index.php\/wp-json\/wp\/v2\/categories?post=59553"},{"taxonomy":"post_tag","embeddable":true,"href":"https:\/\/jornalfatosenoticias.com.br\/index.php\/wp-json\/wp\/v2\/tags?post=59553"}],"curies":[{"name":"wp","href":"https:\/\/api.w.org\/{rel}","templated":true}]}}