{"id":59573,"date":"2025-05-28T14:37:47","date_gmt":"2025-05-28T17:37:47","guid":{"rendered":"https:\/\/jornalfatosenoticias.com.br\/?p=59573"},"modified":"2025-05-28T14:37:48","modified_gmt":"2025-05-28T17:37:48","slug":"sem-citar-moraes-governo-trump-anuncia-restricao-de-visto-a-cumplices-da-censura","status":"publish","type":"post","link":"https:\/\/jornalfatosenoticias.com.br\/index.php\/2025\/05\/28\/sem-citar-moraes-governo-trump-anuncia-restricao-de-visto-a-cumplices-da-censura\/","title":{"rendered":"Sem citar Moraes, governo Trump anuncia restri\u00e7\u00e3o de visto a \u201cc\u00famplices da censura\u201d&nbsp;"},"content":{"rendered":"\n<p><em><span class=\"has-inline-color has-black-color\">O secret\u00e1rio de Estado do governo Trump, Marco Rubio, j\u00e1 havia informado sobre nova pol\u00edtica para frear viola\u00e7\u00f5es \u00e0 liberdade de express\u00e3o<\/span><\/em><\/p>\n\n\n\n<p><span class=\"has-inline-color has-black-color\">Por <strong><a href=\"https:\/\/www.gazetadopovo.com.br\/autor\/isabella-de-paula\/\" rel=\"nofollow\">Isabella de Paula<\/a><\/strong><\/span><\/p>\n\n\n\n<div class=\"wp-block-image\"><figure class=\"aligncenter size-large\"><a href=\"https:\/\/mizu.com.br\/\"><img loading=\"lazy\" decoding=\"async\" width=\"729\" height=\"90\" src=\"https:\/\/jornalfatosenoticias.com.br\/wp-content\/uploads\/2020\/02\/Logo_Mizu.png\" alt=\"\" class=\"wp-image-1441\" srcset=\"https:\/\/jornalfatosenoticias.com.br\/wp-content\/uploads\/2020\/02\/Logo_Mizu.png 729w, https:\/\/jornalfatosenoticias.com.br\/wp-content\/uploads\/2020\/02\/Logo_Mizu-300x37.png 300w\" sizes=\"auto, (max-width: 729px) 100vw, 729px\" \/><\/a><\/figure><\/div>\n\n\n\n<p>O secret\u00e1rio de Estado americano, Marco Rubio, anunciou nesta quarta-feira (28) uma nova pol\u00edtica dos Estados Unidos para punir autoridades e estrangeiros que aplicam censura contra cidad\u00e3os americanos.<br>&#8220;Por muito tempo, os americanos foram multados, assediados e at\u00e9 mesmo acusados por autoridades estrangeiras por exercerem seus direitos de liberdade de express\u00e3o. Hoje, anuncio uma nova pol\u00edtica de restri\u00e7\u00e3o de vistos que se aplicar\u00e1 a essas pessoas c\u00famplices na censura dos americanos&#8221;, afirmou Rubio, sem mencionar os poss\u00edveis alvos da medida.<\/p>\n\n\n\n<div class=\"wp-block-image\"><figure class=\"aligncenter size-large is-resized\"><a href=\"https:\/\/www.instagram.com\/esteio.churrascaria\/\"><img loading=\"lazy\" decoding=\"async\" src=\"https:\/\/jornalfatosenoticias.com.br\/wp-content\/uploads\/2022\/02\/LOGO-ESTEIO-1024x730.png\" alt=\"\" class=\"wp-image-27942\" width=\"305\" height=\"217\" srcset=\"https:\/\/jornalfatosenoticias.com.br\/wp-content\/uploads\/2022\/02\/LOGO-ESTEIO-1024x730.png 1024w, https:\/\/jornalfatosenoticias.com.br\/wp-content\/uploads\/2022\/02\/LOGO-ESTEIO-300x214.png 300w, https:\/\/jornalfatosenoticias.com.br\/wp-content\/uploads\/2022\/02\/LOGO-ESTEIO-768x548.png 768w, https:\/\/jornalfatosenoticias.com.br\/wp-content\/uploads\/2022\/02\/LOGO-ESTEIO.png 1123w\" sizes=\"auto, (max-width: 305px) 100vw, 305px\" \/><\/a><\/figure><\/div>\n\n\n\n<p>&#8220;A liberdade de express\u00e3o \u00e9 essencial ao estilo de vida americano, um direito inato sobre o qual governos estrangeiros n\u00e3o t\u00eam autoridade&#8221;, continuou o secret\u00e1rio de Estado, que j\u00e1 havia sinalizado no \u00faltimo dia 21 sobre a \u201cgrande possibilidade\u201d de o governo americano impor san\u00e7\u00f5es ao ministro do Supremo Tribunal Federal brasileiro (STF) Alexandre de Moraes.<\/p>\n\n\n\n<div class=\"wp-block-image\"><figure class=\"aligncenter size-large is-resized\"><a href=\"https:\/\/www.facebook.com\/profile.php?id=100069289606145\"><img loading=\"lazy\" decoding=\"async\" src=\"https:\/\/jornalfatosenoticias.com.br\/wp-content\/uploads\/2024\/11\/Guaitolini-Contabilidade-1024x714.jpeg\" alt=\"\" class=\"wp-image-55808\" width=\"324\" height=\"226\" srcset=\"https:\/\/jornalfatosenoticias.com.br\/wp-content\/uploads\/2024\/11\/Guaitolini-Contabilidade-1024x714.jpeg 1024w, https:\/\/jornalfatosenoticias.com.br\/wp-content\/uploads\/2024\/11\/Guaitolini-Contabilidade-300x209.jpeg 300w, https:\/\/jornalfatosenoticias.com.br\/wp-content\/uploads\/2024\/11\/Guaitolini-Contabilidade-768x535.jpeg 768w, https:\/\/jornalfatosenoticias.com.br\/wp-content\/uploads\/2024\/11\/Guaitolini-Contabilidade.jpeg 1280w\" sizes=\"auto, (max-width: 324px) 100vw, 324px\" \/><\/a><\/figure><\/div>\n\n\n\n<p>Rubio justificou a medida argumentando que &#8220;estrangeiros que trabalham para minar os direitos dos americanos n\u00e3o devem ter o privil\u00e9gio de viajar para o nosso pa\u00eds. Seja na Am\u00e9rica Latina, na Europa ou em qualquer outro lugar, os dias de tratamento passivo para aqueles que trabalham para minar os direitos dos americanos acabaram&#8221;.<\/p>\n\n\n\n<div class=\"wp-block-image\"><figure class=\"aligncenter size-large is-resized\"><a href=\"https:\/\/www.legisjuris.com.br\/\"><img loading=\"lazy\" decoding=\"async\" src=\"https:\/\/jornalfatosenoticias.com.br\/wp-content\/uploads\/2024\/09\/Legis-Juris-Consultoria_logo.jpg\" alt=\"\" class=\"wp-image-53915\" width=\"496\" height=\"208\" srcset=\"https:\/\/jornalfatosenoticias.com.br\/wp-content\/uploads\/2024\/09\/Legis-Juris-Consultoria_logo.jpg 969w, https:\/\/jornalfatosenoticias.com.br\/wp-content\/uploads\/2024\/09\/Legis-Juris-Consultoria_logo-300x126.jpg 300w, https:\/\/jornalfatosenoticias.com.br\/wp-content\/uploads\/2024\/09\/Legis-Juris-Consultoria_logo-768x322.jpg 768w\" sizes=\"auto, (max-width: 496px) 100vw, 496px\" \/><\/a><\/figure><\/div>\n\n\n\n<p>Moraes est\u00e1 na mira do governo americano por meio da Lei Magnitsky, que visa punir pessoas que praticam graves viola\u00e7\u00f5es de direitos humanos. A medida tamb\u00e9m se aplica a autoridades ou ex-autoridades governamentais envolvidas em casos de corrup\u00e7\u00e3o.\u00a0Leia a \u00edntegra do comunicado do Departamento de Estado <a href=\"https:\/\/www.state.gov\/announcement-of-a-visa-restriction-policy-targeting-foreign-nationals-who-censor-americans\/\">aqui.<\/a><\/p>\n\n\n\n<div class=\"wp-block-image\"><figure class=\"aligncenter size-large\"><img loading=\"lazy\" decoding=\"async\" width=\"1000\" height=\"643\" src=\"https:\/\/jornalfatosenoticias.com.br\/wp-content\/uploads\/2025\/05\/mensagem-marco-rubio.jpg\" alt=\"\" class=\"wp-image-59574\" srcset=\"https:\/\/jornalfatosenoticias.com.br\/wp-content\/uploads\/2025\/05\/mensagem-marco-rubio.jpg 1000w, https:\/\/jornalfatosenoticias.com.br\/wp-content\/uploads\/2025\/05\/mensagem-marco-rubio-300x193.jpg 300w, https:\/\/jornalfatosenoticias.com.br\/wp-content\/uploads\/2025\/05\/mensagem-marco-rubio-768x494.jpg 768w\" sizes=\"auto, (max-width: 1000px) 100vw, 1000px\" \/><figcaption><em><span class=\"has-inline-color has-black-color\">O secret\u00e1rio de Estado dos EUA, Marco Rubio, anunciou medida de restri\u00e7\u00e3o de visto nesta quarta-feira (28) (Cr\u00e9dito: Reprodu\u00e7\u00e3o\/X\/@SecRubio)<\/span><\/em><\/figcaption><\/figure><\/div>\n\n\n\n<p><strong>Fonte: <a href=\"https:\/\/www.gazetadopovo.com.br\/mundo\/sem-citar-moraes-eua-anunciam-restricao-visto-autoridades-censura\/\">Gazeta do Povo<\/a><\/strong><\/p>\n","protected":false},"excerpt":{"rendered":"<p>O secret\u00e1rio de Estado do governo Trump, Marco Rubio, j\u00e1 havia informado sobre nova pol\u00edtica para frear viola\u00e7\u00f5es \u00e0 liberdade de express\u00e3o Por Isabella de Paula O secret\u00e1rio de Estado americano, Marco Rubio, anunciou nesta quarta-feira (28) uma nova pol\u00edtica dos Estados Unidos para punir autoridades e estrangeiros que aplicam censura contra cidad\u00e3os americanos.&#8220;Por muito [&hellip;]<\/p>\n","protected":false},"author":2,"featured_media":59575,"comment_status":"open","ping_status":"open","sticky":false,"template":"","format":"standard","meta":{"footnotes":""},"categories":[10],"tags":[13889,2149,159,27098,27214,16935,26356],"class_list":["post-59573","post","type-post","status-publish","format-standard","has-post-thumbnail","hentry","category-politica","tag-alexandre-de-moraes","tag-censura","tag-eua","tag-governo-trump","tag-lei-magnitsky","tag-liberdade-de-expressao","tag-marco-rubio"],"yoast_head":"<!-- This site is optimized with the Yoast SEO plugin v26.5 - https:\/\/yoast.com\/wordpress\/plugins\/seo\/ -->\n<title>Sem citar Moraes, governo Trump anuncia restri\u00e7\u00e3o de visto a \u201cc\u00famplices da censura\u201d&nbsp; - Jornal Fatos e Not\u00edcias<\/title>\n<meta name=\"robots\" content=\"index, follow, max-snippet:-1, max-image-preview:large, max-video-preview:-1\" \/>\n<link rel=\"canonical\" href=\"https:\/\/jornalfatosenoticias.com.br\/index.php\/2025\/05\/28\/sem-citar-moraes-governo-trump-anuncia-restricao-de-visto-a-cumplices-da-censura\/\" \/>\n<meta property=\"og:locale\" content=\"pt_BR\" \/>\n<meta property=\"og:type\" content=\"article\" \/>\n<meta property=\"og:title\" content=\"Sem citar Moraes, governo Trump anuncia restri\u00e7\u00e3o de visto a \u201cc\u00famplices da censura\u201d&nbsp; - Jornal Fatos e Not\u00edcias\" \/>\n<meta property=\"og:description\" content=\"O secret\u00e1rio de Estado do governo Trump, Marco Rubio, j\u00e1 havia informado sobre nova pol\u00edtica para frear viola\u00e7\u00f5es \u00e0 liberdade de express\u00e3o Por Isabella de Paula O secret\u00e1rio de Estado americano, Marco Rubio, anunciou nesta quarta-feira (28) uma nova pol\u00edtica dos Estados Unidos para punir autoridades e estrangeiros que aplicam censura contra cidad\u00e3os americanos.&#8220;Por muito [&hellip;]\" \/>\n<meta property=\"og:url\" content=\"https:\/\/jornalfatosenoticias.com.br\/index.php\/2025\/05\/28\/sem-citar-moraes-governo-trump-anuncia-restricao-de-visto-a-cumplices-da-censura\/\" \/>\n<meta property=\"og:site_name\" content=\"Jornal Fatos e Not\u00edcias\" \/>\n<meta property=\"article:published_time\" content=\"2025-05-28T17:37:47+00:00\" \/>\n<meta property=\"article:modified_time\" content=\"2025-05-28T17:37:48+00:00\" \/>\n<meta property=\"og:image\" content=\"https:\/\/jornalfatosenoticias.com.br\/wp-content\/uploads\/2025\/05\/Marco-Rubio_gettyimages.jpg\" \/>\n\t<meta property=\"og:image:width\" content=\"612\" \/>\n\t<meta property=\"og:image:height\" content=\"405\" \/>\n\t<meta property=\"og:image:type\" content=\"image\/jpeg\" \/>\n<meta name=\"author\" content=\"Luzimara Fernandes\" \/>\n<meta name=\"twitter:card\" content=\"summary_large_image\" \/>\n<meta name=\"twitter:label1\" content=\"Escrito por\" \/>\n\t<meta name=\"twitter:data1\" content=\"Luzimara Fernandes\" \/>\n\t<meta name=\"twitter:label2\" content=\"Est. tempo de leitura\" \/>\n\t<meta name=\"twitter:data2\" content=\"2 minutos\" \/>\n<script type=\"application\/ld+json\" class=\"yoast-schema-graph\">{\"@context\":\"https:\/\/schema.org\",\"@graph\":[{\"@type\":\"Article\",\"@id\":\"https:\/\/jornalfatosenoticias.com.br\/index.php\/2025\/05\/28\/sem-citar-moraes-governo-trump-anuncia-restricao-de-visto-a-cumplices-da-censura\/#article\",\"isPartOf\":{\"@id\":\"https:\/\/jornalfatosenoticias.com.br\/index.php\/2025\/05\/28\/sem-citar-moraes-governo-trump-anuncia-restricao-de-visto-a-cumplices-da-censura\/\"},\"author\":{\"name\":\"Luzimara Fernandes\",\"@id\":\"https:\/\/jornalfatosenoticias.com.br\/#\/schema\/person\/d63837fa13ac8666eb9e74e0985d6f81\"},\"headline\":\"Sem citar Moraes, governo Trump anuncia restri\u00e7\u00e3o de visto a \u201cc\u00famplices da censura\u201d&nbsp;\",\"datePublished\":\"2025-05-28T17:37:47+00:00\",\"dateModified\":\"2025-05-28T17:37:48+00:00\",\"mainEntityOfPage\":{\"@id\":\"https:\/\/jornalfatosenoticias.com.br\/index.php\/2025\/05\/28\/sem-citar-moraes-governo-trump-anuncia-restricao-de-visto-a-cumplices-da-censura\/\"},\"wordCount\":327,\"commentCount\":0,\"publisher\":{\"@id\":\"https:\/\/jornalfatosenoticias.com.br\/#organization\"},\"image\":{\"@id\":\"https:\/\/jornalfatosenoticias.com.br\/index.php\/2025\/05\/28\/sem-citar-moraes-governo-trump-anuncia-restricao-de-visto-a-cumplices-da-censura\/#primaryimage\"},\"thumbnailUrl\":\"https:\/\/jornalfatosenoticias.com.br\/wp-content\/uploads\/2025\/05\/Marco-Rubio_gettyimages.jpg\",\"keywords\":[\"Alexandre de Moraes\",\"censura\",\"EUA\",\"governo Trump\",\"Lei Magnitsky\",\"liberdade de express\u00e3o\",\"Marco Rubio\"],\"articleSection\":[\"Pol\u00edtica\"],\"inLanguage\":\"pt-BR\",\"potentialAction\":[{\"@type\":\"CommentAction\",\"name\":\"Comment\",\"target\":[\"https:\/\/jornalfatosenoticias.com.br\/index.php\/2025\/05\/28\/sem-citar-moraes-governo-trump-anuncia-restricao-de-visto-a-cumplices-da-censura\/#respond\"]}]},{\"@type\":\"WebPage\",\"@id\":\"https:\/\/jornalfatosenoticias.com.br\/index.php\/2025\/05\/28\/sem-citar-moraes-governo-trump-anuncia-restricao-de-visto-a-cumplices-da-censura\/\",\"url\":\"https:\/\/jornalfatosenoticias.com.br\/index.php\/2025\/05\/28\/sem-citar-moraes-governo-trump-anuncia-restricao-de-visto-a-cumplices-da-censura\/\",\"name\":\"Sem citar Moraes, governo Trump anuncia restri\u00e7\u00e3o de visto a \u201cc\u00famplices da censura\u201d&nbsp; - Jornal Fatos e Not\u00edcias\",\"isPartOf\":{\"@id\":\"https:\/\/jornalfatosenoticias.com.br\/#website\"},\"primaryImageOfPage\":{\"@id\":\"https:\/\/jornalfatosenoticias.com.br\/index.php\/2025\/05\/28\/sem-citar-moraes-governo-trump-anuncia-restricao-de-visto-a-cumplices-da-censura\/#primaryimage\"},\"image\":{\"@id\":\"https:\/\/jornalfatosenoticias.com.br\/index.php\/2025\/05\/28\/sem-citar-moraes-governo-trump-anuncia-restricao-de-visto-a-cumplices-da-censura\/#primaryimage\"},\"thumbnailUrl\":\"https:\/\/jornalfatosenoticias.com.br\/wp-content\/uploads\/2025\/05\/Marco-Rubio_gettyimages.jpg\",\"datePublished\":\"2025-05-28T17:37:47+00:00\",\"dateModified\":\"2025-05-28T17:37:48+00:00\",\"breadcrumb\":{\"@id\":\"https:\/\/jornalfatosenoticias.com.br\/index.php\/2025\/05\/28\/sem-citar-moraes-governo-trump-anuncia-restricao-de-visto-a-cumplices-da-censura\/#breadcrumb\"},\"inLanguage\":\"pt-BR\",\"potentialAction\":[{\"@type\":\"ReadAction\",\"target\":[\"https:\/\/jornalfatosenoticias.com.br\/index.php\/2025\/05\/28\/sem-citar-moraes-governo-trump-anuncia-restricao-de-visto-a-cumplices-da-censura\/\"]}]},{\"@type\":\"ImageObject\",\"inLanguage\":\"pt-BR\",\"@id\":\"https:\/\/jornalfatosenoticias.com.br\/index.php\/2025\/05\/28\/sem-citar-moraes-governo-trump-anuncia-restricao-de-visto-a-cumplices-da-censura\/#primaryimage\",\"url\":\"https:\/\/jornalfatosenoticias.com.br\/wp-content\/uploads\/2025\/05\/Marco-Rubio_gettyimages.jpg\",\"contentUrl\":\"https:\/\/jornalfatosenoticias.com.br\/wp-content\/uploads\/2025\/05\/Marco-Rubio_gettyimages.jpg\",\"width\":612,\"height\":405,\"caption\":\"WASHINGTON, DC - MAY 20: U.S. Secretary of State Marco Rubio testifies before the Senate Appropriations Committee Subcommittee on State, Foreign Operations, and Related Programs in the Dirksen Senate Office Building on May 20, 2025 in Washington, DC. Rubio testified on the proposed budget estimates for fiscal year 2026 for the Department of State. (Photo by Kevin Dietsch\/Getty Images)\"},{\"@type\":\"BreadcrumbList\",\"@id\":\"https:\/\/jornalfatosenoticias.com.br\/index.php\/2025\/05\/28\/sem-citar-moraes-governo-trump-anuncia-restricao-de-visto-a-cumplices-da-censura\/#breadcrumb\",\"itemListElement\":[{\"@type\":\"ListItem\",\"position\":1,\"name\":\"In\u00edcio\",\"item\":\"https:\/\/jornalfatosenoticias.com.br\/\"},{\"@type\":\"ListItem\",\"position\":2,\"name\":\"Sem citar Moraes, governo Trump anuncia restri\u00e7\u00e3o de visto a \u201cc\u00famplices da censura\u201d&nbsp;\"}]},{\"@type\":\"WebSite\",\"@id\":\"https:\/\/jornalfatosenoticias.com.br\/#website\",\"url\":\"https:\/\/jornalfatosenoticias.com.br\/\",\"name\":\"Jornal Fatos e Not\u00edcias\",\"description\":\"Not\u00edcias em geral\",\"publisher\":{\"@id\":\"https:\/\/jornalfatosenoticias.com.br\/#organization\"},\"potentialAction\":[{\"@type\":\"SearchAction\",\"target\":{\"@type\":\"EntryPoint\",\"urlTemplate\":\"https:\/\/jornalfatosenoticias.com.br\/?s={search_term_string}\"},\"query-input\":{\"@type\":\"PropertyValueSpecification\",\"valueRequired\":true,\"valueName\":\"search_term_string\"}}],\"inLanguage\":\"pt-BR\"},{\"@type\":\"Organization\",\"@id\":\"https:\/\/jornalfatosenoticias.com.br\/#organization\",\"name\":\"Jornal Fatos e Not\u00edcias\",\"url\":\"https:\/\/jornalfatosenoticias.com.br\/\",\"logo\":{\"@type\":\"ImageObject\",\"inLanguage\":\"pt-BR\",\"@id\":\"https:\/\/jornalfatosenoticias.com.br\/#\/schema\/logo\/image\/\",\"url\":\"https:\/\/jornalfatosenoticias.com.br\/wp-content\/uploads\/2020\/02\/logo120.png\",\"contentUrl\":\"https:\/\/jornalfatosenoticias.com.br\/wp-content\/uploads\/2020\/02\/logo120.png\",\"width\":1227,\"height\":120,\"caption\":\"Jornal Fatos e Not\u00edcias\"},\"image\":{\"@id\":\"https:\/\/jornalfatosenoticias.com.br\/#\/schema\/logo\/image\/\"}},{\"@type\":\"Person\",\"@id\":\"https:\/\/jornalfatosenoticias.com.br\/#\/schema\/person\/d63837fa13ac8666eb9e74e0985d6f81\",\"name\":\"Luzimara Fernandes\",\"image\":{\"@type\":\"ImageObject\",\"inLanguage\":\"pt-BR\",\"@id\":\"https:\/\/jornalfatosenoticias.com.br\/#\/schema\/person\/image\/\",\"url\":\"https:\/\/jornalfatosenoticias.com.br\/wp-content\/uploads\/2025\/05\/EU_portal.jpg\",\"contentUrl\":\"https:\/\/jornalfatosenoticias.com.br\/wp-content\/uploads\/2025\/05\/EU_portal.jpg\",\"caption\":\"Luzimara Fernandes\"},\"description\":\"Jornalista MTB 2358-ES\",\"sameAs\":[\"https:\/\/jornalfatosenoticias.com.br\"],\"url\":\"https:\/\/jornalfatosenoticias.com.br\/index.php\/author\/luzimara\/\"}]}<\/script>\n<!-- \/ Yoast SEO plugin. -->","yoast_head_json":{"title":"Sem citar Moraes, governo Trump anuncia restri\u00e7\u00e3o de visto a \u201cc\u00famplices da censura\u201d&nbsp; - Jornal Fatos e Not\u00edcias","robots":{"index":"index","follow":"follow","max-snippet":"max-snippet:-1","max-image-preview":"max-image-preview:large","max-video-preview":"max-video-preview:-1"},"canonical":"https:\/\/jornalfatosenoticias.com.br\/index.php\/2025\/05\/28\/sem-citar-moraes-governo-trump-anuncia-restricao-de-visto-a-cumplices-da-censura\/","og_locale":"pt_BR","og_type":"article","og_title":"Sem citar Moraes, governo Trump anuncia restri\u00e7\u00e3o de visto a \u201cc\u00famplices da censura\u201d&nbsp; - Jornal Fatos e Not\u00edcias","og_description":"O secret\u00e1rio de Estado do governo Trump, Marco Rubio, j\u00e1 havia informado sobre nova pol\u00edtica para frear viola\u00e7\u00f5es \u00e0 liberdade de express\u00e3o Por Isabella de Paula O secret\u00e1rio de Estado americano, Marco Rubio, anunciou nesta quarta-feira (28) uma nova pol\u00edtica dos Estados Unidos para punir autoridades e estrangeiros que aplicam censura contra cidad\u00e3os americanos.&#8220;Por muito [&hellip;]","og_url":"https:\/\/jornalfatosenoticias.com.br\/index.php\/2025\/05\/28\/sem-citar-moraes-governo-trump-anuncia-restricao-de-visto-a-cumplices-da-censura\/","og_site_name":"Jornal Fatos e Not\u00edcias","article_published_time":"2025-05-28T17:37:47+00:00","article_modified_time":"2025-05-28T17:37:48+00:00","og_image":[{"width":612,"height":405,"url":"https:\/\/jornalfatosenoticias.com.br\/wp-content\/uploads\/2025\/05\/Marco-Rubio_gettyimages.jpg","type":"image\/jpeg"}],"author":"Luzimara Fernandes","twitter_card":"summary_large_image","twitter_misc":{"Escrito por":"Luzimara Fernandes","Est. tempo de leitura":"2 minutos"},"schema":{"@context":"https:\/\/schema.org","@graph":[{"@type":"Article","@id":"https:\/\/jornalfatosenoticias.com.br\/index.php\/2025\/05\/28\/sem-citar-moraes-governo-trump-anuncia-restricao-de-visto-a-cumplices-da-censura\/#article","isPartOf":{"@id":"https:\/\/jornalfatosenoticias.com.br\/index.php\/2025\/05\/28\/sem-citar-moraes-governo-trump-anuncia-restricao-de-visto-a-cumplices-da-censura\/"},"author":{"name":"Luzimara Fernandes","@id":"https:\/\/jornalfatosenoticias.com.br\/#\/schema\/person\/d63837fa13ac8666eb9e74e0985d6f81"},"headline":"Sem citar Moraes, governo Trump anuncia restri\u00e7\u00e3o de visto a \u201cc\u00famplices da censura\u201d&nbsp;","datePublished":"2025-05-28T17:37:47+00:00","dateModified":"2025-05-28T17:37:48+00:00","mainEntityOfPage":{"@id":"https:\/\/jornalfatosenoticias.com.br\/index.php\/2025\/05\/28\/sem-citar-moraes-governo-trump-anuncia-restricao-de-visto-a-cumplices-da-censura\/"},"wordCount":327,"commentCount":0,"publisher":{"@id":"https:\/\/jornalfatosenoticias.com.br\/#organization"},"image":{"@id":"https:\/\/jornalfatosenoticias.com.br\/index.php\/2025\/05\/28\/sem-citar-moraes-governo-trump-anuncia-restricao-de-visto-a-cumplices-da-censura\/#primaryimage"},"thumbnailUrl":"https:\/\/jornalfatosenoticias.com.br\/wp-content\/uploads\/2025\/05\/Marco-Rubio_gettyimages.jpg","keywords":["Alexandre de Moraes","censura","EUA","governo Trump","Lei Magnitsky","liberdade de express\u00e3o","Marco Rubio"],"articleSection":["Pol\u00edtica"],"inLanguage":"pt-BR","potentialAction":[{"@type":"CommentAction","name":"Comment","target":["https:\/\/jornalfatosenoticias.com.br\/index.php\/2025\/05\/28\/sem-citar-moraes-governo-trump-anuncia-restricao-de-visto-a-cumplices-da-censura\/#respond"]}]},{"@type":"WebPage","@id":"https:\/\/jornalfatosenoticias.com.br\/index.php\/2025\/05\/28\/sem-citar-moraes-governo-trump-anuncia-restricao-de-visto-a-cumplices-da-censura\/","url":"https:\/\/jornalfatosenoticias.com.br\/index.php\/2025\/05\/28\/sem-citar-moraes-governo-trump-anuncia-restricao-de-visto-a-cumplices-da-censura\/","name":"Sem citar Moraes, governo Trump anuncia restri\u00e7\u00e3o de visto a \u201cc\u00famplices da censura\u201d&nbsp; - Jornal Fatos e Not\u00edcias","isPartOf":{"@id":"https:\/\/jornalfatosenoticias.com.br\/#website"},"primaryImageOfPage":{"@id":"https:\/\/jornalfatosenoticias.com.br\/index.php\/2025\/05\/28\/sem-citar-moraes-governo-trump-anuncia-restricao-de-visto-a-cumplices-da-censura\/#primaryimage"},"image":{"@id":"https:\/\/jornalfatosenoticias.com.br\/index.php\/2025\/05\/28\/sem-citar-moraes-governo-trump-anuncia-restricao-de-visto-a-cumplices-da-censura\/#primaryimage"},"thumbnailUrl":"https:\/\/jornalfatosenoticias.com.br\/wp-content\/uploads\/2025\/05\/Marco-Rubio_gettyimages.jpg","datePublished":"2025-05-28T17:37:47+00:00","dateModified":"2025-05-28T17:37:48+00:00","breadcrumb":{"@id":"https:\/\/jornalfatosenoticias.com.br\/index.php\/2025\/05\/28\/sem-citar-moraes-governo-trump-anuncia-restricao-de-visto-a-cumplices-da-censura\/#breadcrumb"},"inLanguage":"pt-BR","potentialAction":[{"@type":"ReadAction","target":["https:\/\/jornalfatosenoticias.com.br\/index.php\/2025\/05\/28\/sem-citar-moraes-governo-trump-anuncia-restricao-de-visto-a-cumplices-da-censura\/"]}]},{"@type":"ImageObject","inLanguage":"pt-BR","@id":"https:\/\/jornalfatosenoticias.com.br\/index.php\/2025\/05\/28\/sem-citar-moraes-governo-trump-anuncia-restricao-de-visto-a-cumplices-da-censura\/#primaryimage","url":"https:\/\/jornalfatosenoticias.com.br\/wp-content\/uploads\/2025\/05\/Marco-Rubio_gettyimages.jpg","contentUrl":"https:\/\/jornalfatosenoticias.com.br\/wp-content\/uploads\/2025\/05\/Marco-Rubio_gettyimages.jpg","width":612,"height":405,"caption":"WASHINGTON, DC - MAY 20: U.S. Secretary of State Marco Rubio testifies before the Senate Appropriations Committee Subcommittee on State, Foreign Operations, and Related Programs in the Dirksen Senate Office Building on May 20, 2025 in Washington, DC. Rubio testified on the proposed budget estimates for fiscal year 2026 for the Department of State. (Photo by Kevin Dietsch\/Getty Images)"},{"@type":"BreadcrumbList","@id":"https:\/\/jornalfatosenoticias.com.br\/index.php\/2025\/05\/28\/sem-citar-moraes-governo-trump-anuncia-restricao-de-visto-a-cumplices-da-censura\/#breadcrumb","itemListElement":[{"@type":"ListItem","position":1,"name":"In\u00edcio","item":"https:\/\/jornalfatosenoticias.com.br\/"},{"@type":"ListItem","position":2,"name":"Sem citar Moraes, governo Trump anuncia restri\u00e7\u00e3o de visto a \u201cc\u00famplices da censura\u201d&nbsp;"}]},{"@type":"WebSite","@id":"https:\/\/jornalfatosenoticias.com.br\/#website","url":"https:\/\/jornalfatosenoticias.com.br\/","name":"Jornal Fatos e Not\u00edcias","description":"Not\u00edcias em geral","publisher":{"@id":"https:\/\/jornalfatosenoticias.com.br\/#organization"},"potentialAction":[{"@type":"SearchAction","target":{"@type":"EntryPoint","urlTemplate":"https:\/\/jornalfatosenoticias.com.br\/?s={search_term_string}"},"query-input":{"@type":"PropertyValueSpecification","valueRequired":true,"valueName":"search_term_string"}}],"inLanguage":"pt-BR"},{"@type":"Organization","@id":"https:\/\/jornalfatosenoticias.com.br\/#organization","name":"Jornal Fatos e Not\u00edcias","url":"https:\/\/jornalfatosenoticias.com.br\/","logo":{"@type":"ImageObject","inLanguage":"pt-BR","@id":"https:\/\/jornalfatosenoticias.com.br\/#\/schema\/logo\/image\/","url":"https:\/\/jornalfatosenoticias.com.br\/wp-content\/uploads\/2020\/02\/logo120.png","contentUrl":"https:\/\/jornalfatosenoticias.com.br\/wp-content\/uploads\/2020\/02\/logo120.png","width":1227,"height":120,"caption":"Jornal Fatos e Not\u00edcias"},"image":{"@id":"https:\/\/jornalfatosenoticias.com.br\/#\/schema\/logo\/image\/"}},{"@type":"Person","@id":"https:\/\/jornalfatosenoticias.com.br\/#\/schema\/person\/d63837fa13ac8666eb9e74e0985d6f81","name":"Luzimara Fernandes","image":{"@type":"ImageObject","inLanguage":"pt-BR","@id":"https:\/\/jornalfatosenoticias.com.br\/#\/schema\/person\/image\/","url":"https:\/\/jornalfatosenoticias.com.br\/wp-content\/uploads\/2025\/05\/EU_portal.jpg","contentUrl":"https:\/\/jornalfatosenoticias.com.br\/wp-content\/uploads\/2025\/05\/EU_portal.jpg","caption":"Luzimara Fernandes"},"description":"Jornalista MTB 2358-ES","sameAs":["https:\/\/jornalfatosenoticias.com.br"],"url":"https:\/\/jornalfatosenoticias.com.br\/index.php\/author\/luzimara\/"}]}},"cc_featured_image_caption":{"caption_text":"(Foto: Getty Images) ","source_text":"","source_url":""},"jetpack_featured_media_url":"https:\/\/jornalfatosenoticias.com.br\/wp-content\/uploads\/2025\/05\/Marco-Rubio_gettyimages.jpg","_links":{"self":[{"href":"https:\/\/jornalfatosenoticias.com.br\/index.php\/wp-json\/wp\/v2\/posts\/59573","targetHints":{"allow":["GET"]}}],"collection":[{"href":"https:\/\/jornalfatosenoticias.com.br\/index.php\/wp-json\/wp\/v2\/posts"}],"about":[{"href":"https:\/\/jornalfatosenoticias.com.br\/index.php\/wp-json\/wp\/v2\/types\/post"}],"author":[{"embeddable":true,"href":"https:\/\/jornalfatosenoticias.com.br\/index.php\/wp-json\/wp\/v2\/users\/2"}],"replies":[{"embeddable":true,"href":"https:\/\/jornalfatosenoticias.com.br\/index.php\/wp-json\/wp\/v2\/comments?post=59573"}],"version-history":[{"count":0,"href":"https:\/\/jornalfatosenoticias.com.br\/index.php\/wp-json\/wp\/v2\/posts\/59573\/revisions"}],"wp:featuredmedia":[{"embeddable":true,"href":"https:\/\/jornalfatosenoticias.com.br\/index.php\/wp-json\/wp\/v2\/media\/59575"}],"wp:attachment":[{"href":"https:\/\/jornalfatosenoticias.com.br\/index.php\/wp-json\/wp\/v2\/media?parent=59573"}],"wp:term":[{"taxonomy":"category","embeddable":true,"href":"https:\/\/jornalfatosenoticias.com.br\/index.php\/wp-json\/wp\/v2\/categories?post=59573"},{"taxonomy":"post_tag","embeddable":true,"href":"https:\/\/jornalfatosenoticias.com.br\/index.php\/wp-json\/wp\/v2\/tags?post=59573"}],"curies":[{"name":"wp","href":"https:\/\/api.w.org\/{rel}","templated":true}]}}