{"id":59585,"date":"2025-05-30T16:14:59","date_gmt":"2025-05-30T19:14:59","guid":{"rendered":"https:\/\/jornalfatosenoticias.com.br\/?p=59585"},"modified":"2025-05-30T16:15:00","modified_gmt":"2025-05-30T19:15:00","slug":"espancamentos-e-feminicidios-parte-ii","status":"publish","type":"post","link":"https:\/\/jornalfatosenoticias.com.br\/index.php\/2025\/05\/30\/espancamentos-e-feminicidios-parte-ii\/","title":{"rendered":"Espancamentos e Feminic\u00eddios \u2014 Parte II"},"content":{"rendered":"\n<p><span class=\"has-inline-color has-black-color\"><em>O \u00f3dio \u00e0 Mulher vem se tornando um instituto, usado como arma nos Processos da dita \u201cfam\u00edlia\u201d. Seguimos com muita dificuldade de compreender onde se esconde essa perversidade contra mulheres<\/em><\/span><\/p>\n\n\n\n<div class=\"wp-block-image\"><figure class=\"aligncenter size-large\"><a href=\"https:\/\/mizu.com.br\/\"><img loading=\"lazy\" decoding=\"async\" width=\"729\" height=\"90\" src=\"https:\/\/jornalfatosenoticias.com.br\/wp-content\/uploads\/2020\/02\/Logo_Mizu.png\" alt=\"\" class=\"wp-image-1441\" srcset=\"https:\/\/jornalfatosenoticias.com.br\/wp-content\/uploads\/2020\/02\/Logo_Mizu.png 729w, https:\/\/jornalfatosenoticias.com.br\/wp-content\/uploads\/2020\/02\/Logo_Mizu-300x37.png 300w\" sizes=\"auto, (max-width: 729px) 100vw, 729px\" \/><\/a><\/figure><\/div>\n\n\n\n<p>Todos os dias assistimos ao notici\u00e1rio, os notici\u00e1rios dos Feminic\u00eddios das \u00faltimas 24 horas. S\u00e3o quatro a cada dia. Mas houve uma acelera\u00e7\u00e3o nesses n\u00fameros e, no feriado da Semana Santa, enquanto se pensava numa injusti\u00e7a, a condena\u00e7\u00e3o \u00e0 tortura e morte sem crime, ou se relaxava para aproveitar os dias de folga de trabalho, foram assassinadas 10 mulheres num s\u00f3 Estado, o Rio Grande do Sul.<br>E os espancamentos? Os tapas, os socos, os empurr\u00f5es, as cabe\u00e7as contra a parede ou o ch\u00e3o, os pontap\u00e9s, as queimaduras, quantos s\u00e3o? Se acrescentarmos os espancamentos psicol\u00f3gicos e os morais, praticados nos recintos familiares. Fala-se em uma viol\u00eancia f\u00edsica a cada oito minutos. Ser\u00e1? Certamente, sem acrescentar a viol\u00eancia praticada pela arma de via oral. O calibre dos ataques verbais, por vezes, \u00e9 t\u00e3o devastador quanto um fuzil. E d\u00f3i e sangra por dentro.<\/p>\n\n\n\n<div class=\"wp-block-image\"><figure class=\"aligncenter size-large is-resized\"><a href=\"https:\/\/www.instagram.com\/rcradiadores\/\"><img loading=\"lazy\" decoding=\"async\" src=\"https:\/\/jornalfatosenoticias.com.br\/wp-content\/uploads\/2022\/10\/RC_800x750_page-0001.jpg\" alt=\"\" class=\"wp-image-35338\" width=\"297\" height=\"279\" srcset=\"https:\/\/jornalfatosenoticias.com.br\/wp-content\/uploads\/2022\/10\/RC_800x750_page-0001.jpg 400w, https:\/\/jornalfatosenoticias.com.br\/wp-content\/uploads\/2022\/10\/RC_800x750_page-0001-300x281.jpg 300w\" sizes=\"auto, (max-width: 297px) 100vw, 297px\" \/><\/a><\/figure><\/div>\n\n\n\n<p>Se Feminic\u00eddios t\u00eam sido \u201cinterpretados\u2019 como suic\u00eddio por m\u00e3os alheias, no caso m\u00e3os do ex, que sem nenhuma inten\u00e7\u00e3o dispara seis balas contra o rosto da Mulher, isso tudo sob o \u201ccomando\u201d dela, imaginemos qual seria a autoria dos tiros verbais. N\u00e3o importa se n\u00e3o tem nenhuma migalha de realismo, de l\u00f3gica, de razoabilidade. Aquele pobre homem s\u00f3 cumpriu, sem inten\u00e7\u00e3o, a vontade da Mulher, de se matar com seis tiros que sa\u00edram, por acaso, e obedi\u00eancia, da arma dele.<\/p>\n\n\n\n<div class=\"wp-block-image\"><figure class=\"aligncenter size-large\"><img loading=\"lazy\" decoding=\"async\" width=\"662\" height=\"936\" src=\"https:\/\/jornalfatosenoticias.com.br\/wp-content\/uploads\/2025\/05\/volencia-mulheres-brasil-instituto-igarape.png\" alt=\"\" class=\"wp-image-59586\" srcset=\"https:\/\/jornalfatosenoticias.com.br\/wp-content\/uploads\/2025\/05\/volencia-mulheres-brasil-instituto-igarape.png 662w, https:\/\/jornalfatosenoticias.com.br\/wp-content\/uploads\/2025\/05\/volencia-mulheres-brasil-instituto-igarape-212x300.png 212w\" sizes=\"auto, (max-width: 662px) 100vw, 662px\" \/><figcaption><em><span class=\"has-inline-color has-black-color\">(Foto: Instituto Igarap\u00e9)<\/span><\/em><\/figcaption><\/figure><\/div>\n\n\n\n<p>O espantoso \u00e9 que toda uma sociedade, a come\u00e7ar, muitas vezes, pela fam\u00edlia da v\u00edtima, assiste, cala, e s\u00f3 abre a boca para insinuar que a Mulher errou. Ou deixou de queixar, de denunciar, ou fez alguma coisa (?) que ensejou a viol\u00eancia. Apontar a v\u00edtima como a culpada \u00e9 o esporte favorito hoje.<\/p>\n\n\n\n<div class=\"wp-block-image\"><figure class=\"aligncenter size-large is-resized\"><a href=\"https:\/\/www.instagram.com\/restaurantepegoretti\/\"><img loading=\"lazy\" decoding=\"async\" src=\"https:\/\/jornalfatosenoticias.com.br\/wp-content\/uploads\/2023\/12\/pegoretti-logo-pdf-1024x389.jpg\" alt=\"\" class=\"wp-image-47536\" width=\"517\" height=\"196\" srcset=\"https:\/\/jornalfatosenoticias.com.br\/wp-content\/uploads\/2023\/12\/pegoretti-logo-pdf-1024x389.jpg 1024w, https:\/\/jornalfatosenoticias.com.br\/wp-content\/uploads\/2023\/12\/pegoretti-logo-pdf-300x114.jpg 300w, https:\/\/jornalfatosenoticias.com.br\/wp-content\/uploads\/2023\/12\/pegoretti-logo-pdf-768x291.jpg 768w, https:\/\/jornalfatosenoticias.com.br\/wp-content\/uploads\/2023\/12\/pegoretti-logo-pdf.jpg 1120w\" sizes=\"auto, (max-width: 517px) 100vw, 517px\" \/><\/a><\/figure><\/div>\n\n\n\n<p>A sociedade imediata do entorno das viol\u00eancias, muitas vezes, sem que seja explicitada uma amea\u00e7a, mas j\u00e1 sombreada pelo predador, se posiciona ao lado do agressor. Temos muitos e muitos casos em que m\u00e3e, irm\u00e3os, primos, preferem se defender, fazendo a identifica\u00e7\u00e3o com o agressor. Mecanismo de Defesa do Ego que, resumidamente, imp\u00f5e que se voc\u00ea n\u00e3o pode enfrentar um inimigo, ent\u00e3o junte-se a ele. Assim, n\u00e3o raro, constatamos que familiares pr\u00f3ximos se posicionam justificando o comportamento do predador, at\u00e9 se prestando a ser testemunhas a seu favor em audi\u00eancias. Esse fen\u00f4meno de uma omiss\u00e3o proativa \u00e9 a famosa \u201cp\u00e1 de cal\u201d no enterramento da v\u00edtima. M\u00e1goas antigas s\u00e3o ressuscitadas, competitividades ressurgem, e saborzinho da vingan\u00e7a est\u00e1 posto \u00e0 mesa.<\/p>\n\n\n\n<div class=\"wp-block-image\"><figure class=\"aligncenter size-large is-resized\"><a href=\"https:\/\/www.instagram.com\/esteio.churrascaria\/\"><img loading=\"lazy\" decoding=\"async\" src=\"https:\/\/jornalfatosenoticias.com.br\/wp-content\/uploads\/2022\/02\/LOGO-ESTEIO-1024x730.png\" alt=\"\" class=\"wp-image-27942\" width=\"317\" height=\"226\" srcset=\"https:\/\/jornalfatosenoticias.com.br\/wp-content\/uploads\/2022\/02\/LOGO-ESTEIO-1024x730.png 1024w, https:\/\/jornalfatosenoticias.com.br\/wp-content\/uploads\/2022\/02\/LOGO-ESTEIO-300x214.png 300w, https:\/\/jornalfatosenoticias.com.br\/wp-content\/uploads\/2022\/02\/LOGO-ESTEIO-768x548.png 768w, https:\/\/jornalfatosenoticias.com.br\/wp-content\/uploads\/2022\/02\/LOGO-ESTEIO.png 1123w\" sizes=\"auto, (max-width: 317px) 100vw, 317px\" \/><\/a><\/figure><\/div>\n\n\n\n<p>A aniquila\u00e7\u00e3o da Mulher \u00e9 o Projeto. As mulheres ao redor entram no modo \u201cantes ela do que eu\u201d, trazendo, com essa postura de alinhamento com o agressor, a garantia de que est\u00e3o \u201cprotegidas\u201d por essa vez. Precisamos refletir sobre o sobressalto cr\u00f4nico em que vivem as Mulheres. Permanentemente, em risco, amea\u00e7adas expl\u00edcita ou veladamente, o que produz uma tens\u00e3o basal respons\u00e1vel por uma inseguran\u00e7a generalizada de local e de pessoas.<\/p>\n\n\n\n<div class=\"wp-block-image\"><figure class=\"aligncenter size-large\"><a href=\"https:\/\/www.cesconetto.com.br\/\"><img loading=\"lazy\" decoding=\"async\" width=\"300\" height=\"250\" src=\"https:\/\/jornalfatosenoticias.com.br\/wp-content\/uploads\/2022\/02\/Banner-2.png\" alt=\"\" class=\"wp-image-27877\"\/><\/a><\/figure><\/div>\n\n\n\n<p>O est\u00edmulo \u00e0 viol\u00eancia contra a Mulher \u00e9 articulado por grupos, extremamente, dedicados \u00e0 causa da aniquila\u00e7\u00e3o feminina. O \u00f3dio \u00e0 Mulher vem se tornando um instituto, usado como arma nos Processos da dita \u201cFam\u00edlia\u201d. Tamb\u00e9m o est\u00edmulo \u00e0 submiss\u00e3o da Mulher, segue estrutural. H\u00e1 uma programa\u00e7\u00e3o pronta que \u00e9 compartilhada por todos, uns mais outros menos, mas todos executando. As colunas dessa programa\u00e7\u00e3o s\u00f3 ficam mais robustas.<\/p>\n\n\n\n<div class=\"wp-block-image\"><figure class=\"aligncenter size-large\"><img loading=\"lazy\" decoding=\"async\" width=\"1000\" height=\"666\" src=\"https:\/\/jornalfatosenoticias.com.br\/wp-content\/uploads\/2025\/05\/violencia-contra-a-mulher_freepik.jpg\" alt=\"\" class=\"wp-image-59587\" srcset=\"https:\/\/jornalfatosenoticias.com.br\/wp-content\/uploads\/2025\/05\/violencia-contra-a-mulher_freepik.jpg 1000w, https:\/\/jornalfatosenoticias.com.br\/wp-content\/uploads\/2025\/05\/violencia-contra-a-mulher_freepik-300x200.jpg 300w, https:\/\/jornalfatosenoticias.com.br\/wp-content\/uploads\/2025\/05\/violencia-contra-a-mulher_freepik-768x511.jpg 768w\" sizes=\"auto, (max-width: 1000px) 100vw, 1000px\" \/><figcaption><em><span class=\"has-inline-color has-black-color\">(Foto: Freepik)<\/span><\/em><\/figcaption><\/figure><\/div>\n\n\n\n<p>Seguimos com muita dificuldade de compreender onde se esconde essa perversidade contra Mulheres, submeter, desqualificar, torturar, espancar e matar, perversidade que mora ao lado, muitas vezes. \u00c9 dif\u00edcil de ser detectada a priori. S\u00f3 ap\u00f3s muito tempo, quando o predador come\u00e7a a relaxar um pouco sua dissimula\u00e7\u00e3o e come\u00e7a a deixar escapar alguns ind\u00edcios, \u00e9 que se torna poss\u00edvel a suspeita. Da\u00ed a pergunta frequente, por que n\u00e3o denunciou antes, \u00e9 mais uma perversidade cometida contra a v\u00edtima de viol\u00eancia, de qualquer forma. O predador \u00e9 meticuloso. Ele s\u00f3 \u00e9 agressivo com seu alvo. Com todos ele \u00e9 simp\u00e1tico, muitas vezes muito agrad\u00e1vel, de tal maneira que ele se torna algu\u00e9m acima de qualquer suspeita. Assim, ele goza da garantia do descr\u00e9dito que se instala quando a v\u00edtima decide denunciar. Essa performance \u00e9 planejada, e lhe garante a n\u00e3o suspei\u00e7\u00e3o, e consequente desqualifica\u00e7\u00e3o da voz da Mulher. \u00c9 preciso n\u00e3o esquecer que um espancamento mata a dignidade.<\/p>\n\n\n\n<div class=\"wp-block-image\"><figure class=\"aligncenter size-large is-resized\"><a href=\"https:\/\/www.controlsystems.com.br\/\"><img loading=\"lazy\" decoding=\"async\" src=\"https:\/\/jornalfatosenoticias.com.br\/wp-content\/uploads\/2020\/02\/CONTROL-CS.jpg\" alt=\"\" class=\"wp-image-44991\" width=\"277\" height=\"332\" srcset=\"https:\/\/jornalfatosenoticias.com.br\/wp-content\/uploads\/2020\/02\/CONTROL-CS.jpg 834w, https:\/\/jornalfatosenoticias.com.br\/wp-content\/uploads\/2020\/02\/CONTROL-CS-250x300.jpg 250w, https:\/\/jornalfatosenoticias.com.br\/wp-content\/uploads\/2020\/02\/CONTROL-CS-768x921.jpg 768w\" sizes=\"auto, (max-width: 277px) 100vw, 277px\" \/><\/a><\/figure><\/div>\n\n\n\n<p>Al\u00e9m de tudo isso, a Mulher que denuncia viol\u00eancia dom\u00e9stica n\u00e3o tem para onde ir. N\u00e3o h\u00e1 abrigos suficientes, n\u00e3o h\u00e1 rede de apoio, n\u00e3o h\u00e1 compreens\u00e3o jur\u00eddica da dimens\u00e3o da vulnerabilidade, que ainda questiona duvidando da necessidade de Medida Protetiva de Urg\u00eancia. Ali\u00e1s, a MPU n\u00e3o protege, quantas foram assassinadas com ela na m\u00e3o, na bolsa, na gaveta.<br>At\u00e9 quando seremos assassinadas em s\u00e9rie?<\/p>\n","protected":false},"excerpt":{"rendered":"<p>O \u00f3dio \u00e0 Mulher vem se tornando um instituto, usado como arma nos Processos da dita \u201cfam\u00edlia\u201d. Seguimos com muita dificuldade de compreender onde se esconde essa perversidade contra mulheres Todos os dias assistimos ao notici\u00e1rio, os notici\u00e1rios dos Feminic\u00eddios das \u00faltimas 24 horas. S\u00e3o quatro a cada dia. Mas houve uma acelera\u00e7\u00e3o nesses n\u00fameros [&hellip;]<\/p>\n","protected":false},"author":8,"featured_media":59588,"comment_status":"open","ping_status":"open","sticky":false,"template":"","format":"standard","meta":{"footnotes":""},"categories":[2522],"tags":[2000,10871,387,2303,1041,1368],"class_list":["post-59585","post","type-post","status-publish","format-standard","has-post-thumbnail","hentry","category-comportamento","tag-agressao","tag-feminicidios","tag-mulheres","tag-tortura","tag-violencia-domestica","tag-vulnerabilidade"],"yoast_head":"<!-- This site is optimized with the Yoast SEO plugin v26.5 - https:\/\/yoast.com\/wordpress\/plugins\/seo\/ -->\n<title>Espancamentos e Feminic\u00eddios \u2014 Parte II - Jornal Fatos e Not\u00edcias<\/title>\n<meta name=\"robots\" content=\"index, follow, max-snippet:-1, max-image-preview:large, max-video-preview:-1\" \/>\n<link rel=\"canonical\" href=\"https:\/\/jornalfatosenoticias.com.br\/index.php\/2025\/05\/30\/espancamentos-e-feminicidios-parte-ii\/\" \/>\n<meta property=\"og:locale\" content=\"pt_BR\" \/>\n<meta property=\"og:type\" content=\"article\" \/>\n<meta property=\"og:title\" content=\"Espancamentos e Feminic\u00eddios \u2014 Parte II - Jornal Fatos e Not\u00edcias\" \/>\n<meta property=\"og:description\" content=\"O \u00f3dio \u00e0 Mulher vem se tornando um instituto, usado como arma nos Processos da dita \u201cfam\u00edlia\u201d. Seguimos com muita dificuldade de compreender onde se esconde essa perversidade contra mulheres Todos os dias assistimos ao notici\u00e1rio, os notici\u00e1rios dos Feminic\u00eddios das \u00faltimas 24 horas. S\u00e3o quatro a cada dia. Mas houve uma acelera\u00e7\u00e3o nesses n\u00fameros [&hellip;]\" \/>\n<meta property=\"og:url\" content=\"https:\/\/jornalfatosenoticias.com.br\/index.php\/2025\/05\/30\/espancamentos-e-feminicidios-parte-ii\/\" \/>\n<meta property=\"og:site_name\" content=\"Jornal Fatos e Not\u00edcias\" \/>\n<meta property=\"article:published_time\" content=\"2025-05-30T19:14:59+00:00\" \/>\n<meta property=\"article:modified_time\" content=\"2025-05-30T19:15:00+00:00\" \/>\n<meta property=\"og:image\" content=\"https:\/\/jornalfatosenoticias.com.br\/wp-content\/uploads\/2025\/05\/mulher-tem-medo-de-violencia-domestica_freepik.jpeg\" \/>\n\t<meta property=\"og:image:width\" content=\"740\" \/>\n\t<meta property=\"og:image:height\" content=\"494\" \/>\n\t<meta property=\"og:image:type\" content=\"image\/jpeg\" \/>\n<meta name=\"author\" content=\"Ana Maria Iencarelli\" \/>\n<meta name=\"twitter:card\" content=\"summary_large_image\" \/>\n<meta name=\"twitter:label1\" content=\"Escrito por\" \/>\n\t<meta name=\"twitter:data1\" content=\"Ana Maria Iencarelli\" \/>\n\t<meta name=\"twitter:label2\" content=\"Est. tempo de leitura\" \/>\n\t<meta name=\"twitter:data2\" content=\"4 minutos\" \/>\n<script type=\"application\/ld+json\" class=\"yoast-schema-graph\">{\"@context\":\"https:\/\/schema.org\",\"@graph\":[{\"@type\":\"Article\",\"@id\":\"https:\/\/jornalfatosenoticias.com.br\/index.php\/2025\/05\/30\/espancamentos-e-feminicidios-parte-ii\/#article\",\"isPartOf\":{\"@id\":\"https:\/\/jornalfatosenoticias.com.br\/index.php\/2025\/05\/30\/espancamentos-e-feminicidios-parte-ii\/\"},\"author\":{\"name\":\"Ana Maria Iencarelli\",\"@id\":\"https:\/\/jornalfatosenoticias.com.br\/#\/schema\/person\/c33fcf5fb02d729d3fec92c6737a22d1\"},\"headline\":\"Espancamentos e Feminic\u00eddios \u2014 Parte II\",\"datePublished\":\"2025-05-30T19:14:59+00:00\",\"dateModified\":\"2025-05-30T19:15:00+00:00\",\"mainEntityOfPage\":{\"@id\":\"https:\/\/jornalfatosenoticias.com.br\/index.php\/2025\/05\/30\/espancamentos-e-feminicidios-parte-ii\/\"},\"wordCount\":878,\"commentCount\":0,\"publisher\":{\"@id\":\"https:\/\/jornalfatosenoticias.com.br\/#organization\"},\"image\":{\"@id\":\"https:\/\/jornalfatosenoticias.com.br\/index.php\/2025\/05\/30\/espancamentos-e-feminicidios-parte-ii\/#primaryimage\"},\"thumbnailUrl\":\"https:\/\/jornalfatosenoticias.com.br\/wp-content\/uploads\/2025\/05\/mulher-tem-medo-de-violencia-domestica_freepik.jpeg\",\"keywords\":[\"agress\u00e3o\",\"feminic\u00eddios\",\"mulheres\",\"tortura\",\"viol\u00eancia dom\u00e9stica\",\"vulnerabilidade\"],\"articleSection\":[\"Comportamento &amp; Equil\u00edbrio\"],\"inLanguage\":\"pt-BR\",\"potentialAction\":[{\"@type\":\"CommentAction\",\"name\":\"Comment\",\"target\":[\"https:\/\/jornalfatosenoticias.com.br\/index.php\/2025\/05\/30\/espancamentos-e-feminicidios-parte-ii\/#respond\"]}]},{\"@type\":\"WebPage\",\"@id\":\"https:\/\/jornalfatosenoticias.com.br\/index.php\/2025\/05\/30\/espancamentos-e-feminicidios-parte-ii\/\",\"url\":\"https:\/\/jornalfatosenoticias.com.br\/index.php\/2025\/05\/30\/espancamentos-e-feminicidios-parte-ii\/\",\"name\":\"Espancamentos e Feminic\u00eddios \u2014 Parte II - Jornal Fatos e Not\u00edcias\",\"isPartOf\":{\"@id\":\"https:\/\/jornalfatosenoticias.com.br\/#website\"},\"primaryImageOfPage\":{\"@id\":\"https:\/\/jornalfatosenoticias.com.br\/index.php\/2025\/05\/30\/espancamentos-e-feminicidios-parte-ii\/#primaryimage\"},\"image\":{\"@id\":\"https:\/\/jornalfatosenoticias.com.br\/index.php\/2025\/05\/30\/espancamentos-e-feminicidios-parte-ii\/#primaryimage\"},\"thumbnailUrl\":\"https:\/\/jornalfatosenoticias.com.br\/wp-content\/uploads\/2025\/05\/mulher-tem-medo-de-violencia-domestica_freepik.jpeg\",\"datePublished\":\"2025-05-30T19:14:59+00:00\",\"dateModified\":\"2025-05-30T19:15:00+00:00\",\"breadcrumb\":{\"@id\":\"https:\/\/jornalfatosenoticias.com.br\/index.php\/2025\/05\/30\/espancamentos-e-feminicidios-parte-ii\/#breadcrumb\"},\"inLanguage\":\"pt-BR\",\"potentialAction\":[{\"@type\":\"ReadAction\",\"target\":[\"https:\/\/jornalfatosenoticias.com.br\/index.php\/2025\/05\/30\/espancamentos-e-feminicidios-parte-ii\/\"]}]},{\"@type\":\"ImageObject\",\"inLanguage\":\"pt-BR\",\"@id\":\"https:\/\/jornalfatosenoticias.com.br\/index.php\/2025\/05\/30\/espancamentos-e-feminicidios-parte-ii\/#primaryimage\",\"url\":\"https:\/\/jornalfatosenoticias.com.br\/wp-content\/uploads\/2025\/05\/mulher-tem-medo-de-violencia-domestica_freepik.jpeg\",\"contentUrl\":\"https:\/\/jornalfatosenoticias.com.br\/wp-content\/uploads\/2025\/05\/mulher-tem-medo-de-violencia-domestica_freepik.jpeg\",\"width\":740,\"height\":494},{\"@type\":\"BreadcrumbList\",\"@id\":\"https:\/\/jornalfatosenoticias.com.br\/index.php\/2025\/05\/30\/espancamentos-e-feminicidios-parte-ii\/#breadcrumb\",\"itemListElement\":[{\"@type\":\"ListItem\",\"position\":1,\"name\":\"In\u00edcio\",\"item\":\"https:\/\/jornalfatosenoticias.com.br\/\"},{\"@type\":\"ListItem\",\"position\":2,\"name\":\"Espancamentos e Feminic\u00eddios \u2014 Parte II\"}]},{\"@type\":\"WebSite\",\"@id\":\"https:\/\/jornalfatosenoticias.com.br\/#website\",\"url\":\"https:\/\/jornalfatosenoticias.com.br\/\",\"name\":\"Jornal Fatos e Not\u00edcias\",\"description\":\"Not\u00edcias em geral\",\"publisher\":{\"@id\":\"https:\/\/jornalfatosenoticias.com.br\/#organization\"},\"potentialAction\":[{\"@type\":\"SearchAction\",\"target\":{\"@type\":\"EntryPoint\",\"urlTemplate\":\"https:\/\/jornalfatosenoticias.com.br\/?s={search_term_string}\"},\"query-input\":{\"@type\":\"PropertyValueSpecification\",\"valueRequired\":true,\"valueName\":\"search_term_string\"}}],\"inLanguage\":\"pt-BR\"},{\"@type\":\"Organization\",\"@id\":\"https:\/\/jornalfatosenoticias.com.br\/#organization\",\"name\":\"Jornal Fatos e Not\u00edcias\",\"url\":\"https:\/\/jornalfatosenoticias.com.br\/\",\"logo\":{\"@type\":\"ImageObject\",\"inLanguage\":\"pt-BR\",\"@id\":\"https:\/\/jornalfatosenoticias.com.br\/#\/schema\/logo\/image\/\",\"url\":\"https:\/\/jornalfatosenoticias.com.br\/wp-content\/uploads\/2020\/02\/logo120.png\",\"contentUrl\":\"https:\/\/jornalfatosenoticias.com.br\/wp-content\/uploads\/2020\/02\/logo120.png\",\"width\":1227,\"height\":120,\"caption\":\"Jornal Fatos e Not\u00edcias\"},\"image\":{\"@id\":\"https:\/\/jornalfatosenoticias.com.br\/#\/schema\/logo\/image\/\"}},{\"@type\":\"Person\",\"@id\":\"https:\/\/jornalfatosenoticias.com.br\/#\/schema\/person\/c33fcf5fb02d729d3fec92c6737a22d1\",\"name\":\"Ana Maria Iencarelli\",\"image\":{\"@type\":\"ImageObject\",\"inLanguage\":\"pt-BR\",\"@id\":\"https:\/\/jornalfatosenoticias.com.br\/#\/schema\/person\/image\/\",\"url\":\"https:\/\/jornalfatosenoticias.com.br\/wp-content\/uploads\/2020\/02\/Ana-Maria-Iencarelli-1-150x150.jpg\",\"contentUrl\":\"https:\/\/jornalfatosenoticias.com.br\/wp-content\/uploads\/2020\/02\/Ana-Maria-Iencarelli-1-150x150.jpg\",\"caption\":\"Ana Maria Iencarelli\"},\"description\":\"Psicanalista Cl\u00ednica, especializada no atendimento a Crian\u00e7as e Adolescentes. Presidente da ONG Vozes de Anjos.\",\"url\":\"https:\/\/jornalfatosenoticias.com.br\/index.php\/author\/anamaria\/\"}]}<\/script>\n<!-- \/ Yoast SEO plugin. -->","yoast_head_json":{"title":"Espancamentos e Feminic\u00eddios \u2014 Parte II - Jornal Fatos e Not\u00edcias","robots":{"index":"index","follow":"follow","max-snippet":"max-snippet:-1","max-image-preview":"max-image-preview:large","max-video-preview":"max-video-preview:-1"},"canonical":"https:\/\/jornalfatosenoticias.com.br\/index.php\/2025\/05\/30\/espancamentos-e-feminicidios-parte-ii\/","og_locale":"pt_BR","og_type":"article","og_title":"Espancamentos e Feminic\u00eddios \u2014 Parte II - Jornal Fatos e Not\u00edcias","og_description":"O \u00f3dio \u00e0 Mulher vem se tornando um instituto, usado como arma nos Processos da dita \u201cfam\u00edlia\u201d. Seguimos com muita dificuldade de compreender onde se esconde essa perversidade contra mulheres Todos os dias assistimos ao notici\u00e1rio, os notici\u00e1rios dos Feminic\u00eddios das \u00faltimas 24 horas. S\u00e3o quatro a cada dia. Mas houve uma acelera\u00e7\u00e3o nesses n\u00fameros [&hellip;]","og_url":"https:\/\/jornalfatosenoticias.com.br\/index.php\/2025\/05\/30\/espancamentos-e-feminicidios-parte-ii\/","og_site_name":"Jornal Fatos e Not\u00edcias","article_published_time":"2025-05-30T19:14:59+00:00","article_modified_time":"2025-05-30T19:15:00+00:00","og_image":[{"width":740,"height":494,"url":"https:\/\/jornalfatosenoticias.com.br\/wp-content\/uploads\/2025\/05\/mulher-tem-medo-de-violencia-domestica_freepik.jpeg","type":"image\/jpeg"}],"author":"Ana Maria Iencarelli","twitter_card":"summary_large_image","twitter_misc":{"Escrito por":"Ana Maria Iencarelli","Est. tempo de leitura":"4 minutos"},"schema":{"@context":"https:\/\/schema.org","@graph":[{"@type":"Article","@id":"https:\/\/jornalfatosenoticias.com.br\/index.php\/2025\/05\/30\/espancamentos-e-feminicidios-parte-ii\/#article","isPartOf":{"@id":"https:\/\/jornalfatosenoticias.com.br\/index.php\/2025\/05\/30\/espancamentos-e-feminicidios-parte-ii\/"},"author":{"name":"Ana Maria Iencarelli","@id":"https:\/\/jornalfatosenoticias.com.br\/#\/schema\/person\/c33fcf5fb02d729d3fec92c6737a22d1"},"headline":"Espancamentos e Feminic\u00eddios \u2014 Parte II","datePublished":"2025-05-30T19:14:59+00:00","dateModified":"2025-05-30T19:15:00+00:00","mainEntityOfPage":{"@id":"https:\/\/jornalfatosenoticias.com.br\/index.php\/2025\/05\/30\/espancamentos-e-feminicidios-parte-ii\/"},"wordCount":878,"commentCount":0,"publisher":{"@id":"https:\/\/jornalfatosenoticias.com.br\/#organization"},"image":{"@id":"https:\/\/jornalfatosenoticias.com.br\/index.php\/2025\/05\/30\/espancamentos-e-feminicidios-parte-ii\/#primaryimage"},"thumbnailUrl":"https:\/\/jornalfatosenoticias.com.br\/wp-content\/uploads\/2025\/05\/mulher-tem-medo-de-violencia-domestica_freepik.jpeg","keywords":["agress\u00e3o","feminic\u00eddios","mulheres","tortura","viol\u00eancia dom\u00e9stica","vulnerabilidade"],"articleSection":["Comportamento &amp; Equil\u00edbrio"],"inLanguage":"pt-BR","potentialAction":[{"@type":"CommentAction","name":"Comment","target":["https:\/\/jornalfatosenoticias.com.br\/index.php\/2025\/05\/30\/espancamentos-e-feminicidios-parte-ii\/#respond"]}]},{"@type":"WebPage","@id":"https:\/\/jornalfatosenoticias.com.br\/index.php\/2025\/05\/30\/espancamentos-e-feminicidios-parte-ii\/","url":"https:\/\/jornalfatosenoticias.com.br\/index.php\/2025\/05\/30\/espancamentos-e-feminicidios-parte-ii\/","name":"Espancamentos e Feminic\u00eddios \u2014 Parte II - Jornal Fatos e Not\u00edcias","isPartOf":{"@id":"https:\/\/jornalfatosenoticias.com.br\/#website"},"primaryImageOfPage":{"@id":"https:\/\/jornalfatosenoticias.com.br\/index.php\/2025\/05\/30\/espancamentos-e-feminicidios-parte-ii\/#primaryimage"},"image":{"@id":"https:\/\/jornalfatosenoticias.com.br\/index.php\/2025\/05\/30\/espancamentos-e-feminicidios-parte-ii\/#primaryimage"},"thumbnailUrl":"https:\/\/jornalfatosenoticias.com.br\/wp-content\/uploads\/2025\/05\/mulher-tem-medo-de-violencia-domestica_freepik.jpeg","datePublished":"2025-05-30T19:14:59+00:00","dateModified":"2025-05-30T19:15:00+00:00","breadcrumb":{"@id":"https:\/\/jornalfatosenoticias.com.br\/index.php\/2025\/05\/30\/espancamentos-e-feminicidios-parte-ii\/#breadcrumb"},"inLanguage":"pt-BR","potentialAction":[{"@type":"ReadAction","target":["https:\/\/jornalfatosenoticias.com.br\/index.php\/2025\/05\/30\/espancamentos-e-feminicidios-parte-ii\/"]}]},{"@type":"ImageObject","inLanguage":"pt-BR","@id":"https:\/\/jornalfatosenoticias.com.br\/index.php\/2025\/05\/30\/espancamentos-e-feminicidios-parte-ii\/#primaryimage","url":"https:\/\/jornalfatosenoticias.com.br\/wp-content\/uploads\/2025\/05\/mulher-tem-medo-de-violencia-domestica_freepik.jpeg","contentUrl":"https:\/\/jornalfatosenoticias.com.br\/wp-content\/uploads\/2025\/05\/mulher-tem-medo-de-violencia-domestica_freepik.jpeg","width":740,"height":494},{"@type":"BreadcrumbList","@id":"https:\/\/jornalfatosenoticias.com.br\/index.php\/2025\/05\/30\/espancamentos-e-feminicidios-parte-ii\/#breadcrumb","itemListElement":[{"@type":"ListItem","position":1,"name":"In\u00edcio","item":"https:\/\/jornalfatosenoticias.com.br\/"},{"@type":"ListItem","position":2,"name":"Espancamentos e Feminic\u00eddios \u2014 Parte II"}]},{"@type":"WebSite","@id":"https:\/\/jornalfatosenoticias.com.br\/#website","url":"https:\/\/jornalfatosenoticias.com.br\/","name":"Jornal Fatos e Not\u00edcias","description":"Not\u00edcias em geral","publisher":{"@id":"https:\/\/jornalfatosenoticias.com.br\/#organization"},"potentialAction":[{"@type":"SearchAction","target":{"@type":"EntryPoint","urlTemplate":"https:\/\/jornalfatosenoticias.com.br\/?s={search_term_string}"},"query-input":{"@type":"PropertyValueSpecification","valueRequired":true,"valueName":"search_term_string"}}],"inLanguage":"pt-BR"},{"@type":"Organization","@id":"https:\/\/jornalfatosenoticias.com.br\/#organization","name":"Jornal Fatos e Not\u00edcias","url":"https:\/\/jornalfatosenoticias.com.br\/","logo":{"@type":"ImageObject","inLanguage":"pt-BR","@id":"https:\/\/jornalfatosenoticias.com.br\/#\/schema\/logo\/image\/","url":"https:\/\/jornalfatosenoticias.com.br\/wp-content\/uploads\/2020\/02\/logo120.png","contentUrl":"https:\/\/jornalfatosenoticias.com.br\/wp-content\/uploads\/2020\/02\/logo120.png","width":1227,"height":120,"caption":"Jornal Fatos e Not\u00edcias"},"image":{"@id":"https:\/\/jornalfatosenoticias.com.br\/#\/schema\/logo\/image\/"}},{"@type":"Person","@id":"https:\/\/jornalfatosenoticias.com.br\/#\/schema\/person\/c33fcf5fb02d729d3fec92c6737a22d1","name":"Ana Maria Iencarelli","image":{"@type":"ImageObject","inLanguage":"pt-BR","@id":"https:\/\/jornalfatosenoticias.com.br\/#\/schema\/person\/image\/","url":"https:\/\/jornalfatosenoticias.com.br\/wp-content\/uploads\/2020\/02\/Ana-Maria-Iencarelli-1-150x150.jpg","contentUrl":"https:\/\/jornalfatosenoticias.com.br\/wp-content\/uploads\/2020\/02\/Ana-Maria-Iencarelli-1-150x150.jpg","caption":"Ana Maria Iencarelli"},"description":"Psicanalista Cl\u00ednica, especializada no atendimento a Crian\u00e7as e Adolescentes. Presidente da ONG Vozes de Anjos.","url":"https:\/\/jornalfatosenoticias.com.br\/index.php\/author\/anamaria\/"}]}},"cc_featured_image_caption":{"caption_text":"(Foto: Freepik) ","source_text":"","source_url":""},"jetpack_featured_media_url":"https:\/\/jornalfatosenoticias.com.br\/wp-content\/uploads\/2025\/05\/mulher-tem-medo-de-violencia-domestica_freepik.jpeg","_links":{"self":[{"href":"https:\/\/jornalfatosenoticias.com.br\/index.php\/wp-json\/wp\/v2\/posts\/59585","targetHints":{"allow":["GET"]}}],"collection":[{"href":"https:\/\/jornalfatosenoticias.com.br\/index.php\/wp-json\/wp\/v2\/posts"}],"about":[{"href":"https:\/\/jornalfatosenoticias.com.br\/index.php\/wp-json\/wp\/v2\/types\/post"}],"author":[{"embeddable":true,"href":"https:\/\/jornalfatosenoticias.com.br\/index.php\/wp-json\/wp\/v2\/users\/8"}],"replies":[{"embeddable":true,"href":"https:\/\/jornalfatosenoticias.com.br\/index.php\/wp-json\/wp\/v2\/comments?post=59585"}],"version-history":[{"count":0,"href":"https:\/\/jornalfatosenoticias.com.br\/index.php\/wp-json\/wp\/v2\/posts\/59585\/revisions"}],"wp:featuredmedia":[{"embeddable":true,"href":"https:\/\/jornalfatosenoticias.com.br\/index.php\/wp-json\/wp\/v2\/media\/59588"}],"wp:attachment":[{"href":"https:\/\/jornalfatosenoticias.com.br\/index.php\/wp-json\/wp\/v2\/media?parent=59585"}],"wp:term":[{"taxonomy":"category","embeddable":true,"href":"https:\/\/jornalfatosenoticias.com.br\/index.php\/wp-json\/wp\/v2\/categories?post=59585"},{"taxonomy":"post_tag","embeddable":true,"href":"https:\/\/jornalfatosenoticias.com.br\/index.php\/wp-json\/wp\/v2\/tags?post=59585"}],"curies":[{"name":"wp","href":"https:\/\/api.w.org\/{rel}","templated":true}]}}