{"id":59613,"date":"2025-05-30T17:32:22","date_gmt":"2025-05-30T20:32:22","guid":{"rendered":"https:\/\/jornalfatosenoticias.com.br\/?p=59613"},"modified":"2025-05-30T17:32:23","modified_gmt":"2025-05-30T20:32:23","slug":"pais-nunca-teve-tantas-empresas-e-consumidores-com-dividas-em-atraso","status":"publish","type":"post","link":"https:\/\/jornalfatosenoticias.com.br\/index.php\/2025\/05\/30\/pais-nunca-teve-tantas-empresas-e-consumidores-com-dividas-em-atraso\/","title":{"rendered":"Pa\u00eds nunca teve tantas empresas e consumidores com d\u00edvidas em atraso"},"content":{"rendered":"\n<p><em><span class=\"has-inline-color has-black-color\">Quase 77 milh\u00f5es de consumidores e mais de sete milh\u00f5es de empresas brasileiras t\u00eam d\u00edvidas em atraso, segundo a Serasa Experian<\/span><\/em><\/p>\n\n\n\n<p><span class=\"has-inline-color has-black-color\">Por <strong><a href=\"https:\/\/www.gazetadopovo.com.br\/autor\/vandre-kramer\/\">Vandr\u00e9 Kramer<\/a><\/strong><\/span><\/p>\n\n\n\n<div class=\"wp-block-image\"><figure class=\"aligncenter size-large\"><a href=\"https:\/\/mizu.com.br\/\"><img loading=\"lazy\" decoding=\"async\" width=\"729\" height=\"90\" src=\"https:\/\/jornalfatosenoticias.com.br\/wp-content\/uploads\/2020\/02\/Logo_Mizu.png\" alt=\"\" class=\"wp-image-1441\" srcset=\"https:\/\/jornalfatosenoticias.com.br\/wp-content\/uploads\/2020\/02\/Logo_Mizu.png 729w, https:\/\/jornalfatosenoticias.com.br\/wp-content\/uploads\/2020\/02\/Logo_Mizu-300x37.png 300w\" sizes=\"auto, (max-width: 729px) 100vw, 729px\" \/><\/a><\/figure><\/div>\n\n\n\n<p>A inadimpl\u00eancia alcan\u00e7ou n\u00edveis hist\u00f3ricos no Brasil: nunca houve tantas empresas e consumidores com contas em atraso. A situa\u00e7\u00e3o acentua os desafios econ\u00f4micos que o pa\u00eds enfrenta em 2025: juros elevados, press\u00f5es inflacion\u00e1rias persistentes e incertezas no ambiente econ\u00f4mico.<br>Dados da Serasa mostram que, em abril, 76,6 milh\u00f5es de brasileiros estavam inadimplentes, com atrasos de 90 dias ou mais. O n\u00famero, que corresponde a 47,1% da popula\u00e7\u00e3o em idade ativa, \u00e9 o maior desde o in\u00edcio da s\u00e9rie hist\u00f3rica, em 2016. As d\u00edvidas somam R$ 457,4 bilh\u00f5es.<\/p>\n\n\n\n<div class=\"wp-block-image\"><figure class=\"aligncenter size-large is-resized\"><a href=\"https:\/\/www.facebook.com\/profile.php?id=100069289606145\"><img loading=\"lazy\" decoding=\"async\" src=\"https:\/\/jornalfatosenoticias.com.br\/wp-content\/uploads\/2024\/11\/Guaitolini-Contabilidade-1024x714.jpeg\" alt=\"\" class=\"wp-image-55808\" width=\"332\" height=\"231\" srcset=\"https:\/\/jornalfatosenoticias.com.br\/wp-content\/uploads\/2024\/11\/Guaitolini-Contabilidade-1024x714.jpeg 1024w, https:\/\/jornalfatosenoticias.com.br\/wp-content\/uploads\/2024\/11\/Guaitolini-Contabilidade-300x209.jpeg 300w, https:\/\/jornalfatosenoticias.com.br\/wp-content\/uploads\/2024\/11\/Guaitolini-Contabilidade-768x535.jpeg 768w, https:\/\/jornalfatosenoticias.com.br\/wp-content\/uploads\/2024\/11\/Guaitolini-Contabilidade.jpeg 1280w\" sizes=\"auto, (max-width: 332px) 100vw, 332px\" \/><\/a><\/figure><\/div>\n\n\n\n<p>As unidades da federa\u00e7\u00e3o com maior propor\u00e7\u00e3o de inadimplentes s\u00e3o Amap\u00e1 (62,2% da popula\u00e7\u00e3o em idade ativa), Distrito Federal (60,5%) e Rio de Janeiro (56,3%). As principais d\u00edvidas se concentram em bancos e administradoras de cart\u00e3o de cr\u00e9dito (28,1%), seguidas por contas b\u00e1sicas como \u00e1gua, luz e g\u00e1s (20,1%) e financeiras (19,3%).<\/p>\n\n\n\n<div class=\"wp-block-image\"><figure class=\"aligncenter size-large\"><a href=\"http:\/\/www.ferrarimaquinas.com.br\/\"><img loading=\"lazy\" decoding=\"async\" width=\"300\" height=\"250\" src=\"https:\/\/jornalfatosenoticias.com.br\/wp-content\/uploads\/2022\/02\/FERRARI_MAQUINAS-E-FERRAMENTAS2.jpg\" alt=\"\" class=\"wp-image-27860\"\/><\/a><\/figure><\/div>\n\n\n\n<p>A situa\u00e7\u00e3o n\u00e3o se limita apenas ao n\u00famero de inadimplentes. Pesquisa da Confedera\u00e7\u00e3o Nacional do Com\u00e9rcio de Bens, Servi\u00e7os e Turismo (CNC) revela que o percentual de fam\u00edlias com d\u00edvidas a vencer avan\u00e7ou pelo terceiro m\u00eas consecutivo em abril, atingindo 77,6% \u2014 o maior \u00edndice desde agosto. Um dado que preocupa economistas \u00e9 que as fam\u00edlias n\u00e3o apenas est\u00e3o com d\u00edvidas em atraso, mas permanecem inadimplentes por mais tempo. O percentual de fam\u00edlias que dizem n\u00e3o ter condi\u00e7\u00f5es de pagar as d\u00edvidas atrasadas interrompeu uma tend\u00eancia de queda de tr\u00eas meses em abril, subindo para 12,4%, acima do resultado do mesmo m\u00eas de 2024.<\/p>\n\n\n\n<div class=\"wp-block-image\"><figure class=\"aligncenter size-large is-resized\"><a href=\"https:\/\/www.controlsystems.com.br\/\"><img loading=\"lazy\" decoding=\"async\" src=\"https:\/\/jornalfatosenoticias.com.br\/wp-content\/uploads\/2020\/02\/CONTROL-CS.jpg\" alt=\"\" class=\"wp-image-44991\" width=\"286\" height=\"343\" srcset=\"https:\/\/jornalfatosenoticias.com.br\/wp-content\/uploads\/2020\/02\/CONTROL-CS.jpg 834w, https:\/\/jornalfatosenoticias.com.br\/wp-content\/uploads\/2020\/02\/CONTROL-CS-250x300.jpg 250w, https:\/\/jornalfatosenoticias.com.br\/wp-content\/uploads\/2020\/02\/CONTROL-CS-768x921.jpg 768w\" sizes=\"auto, (max-width: 286px) 100vw, 286px\" \/><\/a><\/figure><\/div>\n\n\n\n<p>As fam\u00edlias de menor renda apresentaram o maior avan\u00e7o do endividamento e da inadimpl\u00eancia em rela\u00e7\u00e3o ao ano anterior. O cart\u00e3o continua sendo a principal modalidade de cr\u00e9dito em que as fam\u00edlias est\u00e3o endividadas, seguido pelo crescente uso do empr\u00e9stimo pessoal.<\/p>\n\n\n\n<div class=\"wp-block-image\"><figure class=\"aligncenter size-large is-resized\"><a href=\"https:\/\/www.instagram.com\/gruposei\/\"><img loading=\"lazy\" decoding=\"async\" src=\"https:\/\/jornalfatosenoticias.com.br\/wp-content\/uploads\/2022\/07\/Logo-Grupo-SEI.jpg\" alt=\"\" class=\"wp-image-31973\" width=\"337\" height=\"177\" srcset=\"https:\/\/jornalfatosenoticias.com.br\/wp-content\/uploads\/2022\/07\/Logo-Grupo-SEI.jpg 713w, https:\/\/jornalfatosenoticias.com.br\/wp-content\/uploads\/2022\/07\/Logo-Grupo-SEI-300x158.jpg 300w\" sizes=\"auto, (max-width: 337px) 100vw, 337px\" \/><\/a><\/figure><\/div>\n\n\n\n<p>A m\u00e9dia das taxas de juros cobradas das pessoas f\u00edsicas alcan\u00e7ou 2,56% ao m\u00eas em mar\u00e7o, o maior n\u00edvel desde o segundo semestre de 2023, segundo dados do Banco Central. Excluindo o rotativo do cart\u00e3o de cr\u00e9dito, a taxa m\u00e9dia chegou a 2,18% ao m\u00eas, o maior n\u00edvel da s\u00e9rie hist\u00f3rica iniciada em mar\u00e7o de 2011.<\/p>\n\n\n\n<div class=\"wp-block-image\"><figure class=\"aligncenter size-large is-resized\"><a href=\"https:\/\/www.instagram.com\/restaurantepegoretti\/\"><img loading=\"lazy\" decoding=\"async\" src=\"https:\/\/jornalfatosenoticias.com.br\/wp-content\/uploads\/2022\/02\/LOGO-ESTEIO-1024x730.png\" alt=\"\" class=\"wp-image-27942\" width=\"337\" height=\"240\" srcset=\"https:\/\/jornalfatosenoticias.com.br\/wp-content\/uploads\/2022\/02\/LOGO-ESTEIO-1024x730.png 1024w, https:\/\/jornalfatosenoticias.com.br\/wp-content\/uploads\/2022\/02\/LOGO-ESTEIO-300x214.png 300w, https:\/\/jornalfatosenoticias.com.br\/wp-content\/uploads\/2022\/02\/LOGO-ESTEIO-768x548.png 768w, https:\/\/jornalfatosenoticias.com.br\/wp-content\/uploads\/2022\/02\/LOGO-ESTEIO.png 1123w\" sizes=\"auto, (max-width: 337px) 100vw, 337px\" \/><\/a><\/figure><\/div>\n\n\n\n<p>Apesar da disposi\u00e7\u00e3o de algumas fam\u00edlias em assumir novas d\u00edvidas, o avan\u00e7o da inadimpl\u00eancia come\u00e7a a frear essa tend\u00eancia e pode contribuir para a desacelera\u00e7\u00e3o da atividade econ\u00f4mica no segundo semestre. A inten\u00e7\u00e3o de consumo das fam\u00edlias est\u00e1 em queda h\u00e1 quatro meses, motivada pelos juros altos e pela infla\u00e7\u00e3o persistente, aponta outra pesquisa da CNC.<\/p>\n\n\n\n<div class=\"wp-block-image\"><figure class=\"aligncenter size-large is-resized\"><a href=\"https:\/\/www.instagram.com\/rcradiadores\/\"><img loading=\"lazy\" decoding=\"async\" src=\"https:\/\/jornalfatosenoticias.com.br\/wp-content\/uploads\/2022\/10\/RC_800x750_page-0001.jpg\" alt=\"\" class=\"wp-image-35338\" width=\"308\" height=\"289\" srcset=\"https:\/\/jornalfatosenoticias.com.br\/wp-content\/uploads\/2022\/10\/RC_800x750_page-0001.jpg 400w, https:\/\/jornalfatosenoticias.com.br\/wp-content\/uploads\/2022\/10\/RC_800x750_page-0001-300x281.jpg 300w\" sizes=\"auto, (max-width: 308px) 100vw, 308px\" \/><\/a><\/figure><\/div>\n\n\n\n<p><strong><span class=\"has-inline-color has-black-color\">Pequenas empresas s\u00e3o as mais vulner\u00e1veis com a alta na inadimpl\u00eancia<br><\/span><\/strong>No ambiente corporativo, a situa\u00e7\u00e3o tamb\u00e9m \u00e9 cr\u00edtica. S\u00e3o 7,3 milh\u00f5es de empresas negativadas, representando 31,9% das registradas no pa\u00eds \u2014 o maior n\u00famero desde o in\u00edcio da s\u00e9rie hist\u00f3rica, em janeiro de 2016. O total das d\u00edvidas chegou a R$ 180 bilh\u00f5es em mar\u00e7o, aponta a Serasa Experian. Os pequenos neg\u00f3cios s\u00e3o os mais afetados: 6,9 milh\u00f5es das empresas inadimplentes em mar\u00e7o eram de micro, pequeno e m\u00e9dio porte, acumulando aproximadamente 48 milh\u00f5es de d\u00edvidas, totalizando cerca de R$ 146,2 bilh\u00f5es.<\/p>\n\n\n\n<div class=\"wp-block-image\"><figure class=\"aligncenter size-large is-resized\"><a href=\"https:\/\/www.facebook.com\/postobkr\/?locale=pt_BR\"><img loading=\"lazy\" decoding=\"async\" src=\"https:\/\/jornalfatosenoticias.com.br\/wp-content\/uploads\/2023\/08\/BKR-1024x1021.jpg\" alt=\"\" class=\"wp-image-44494\" width=\"323\" height=\"322\" srcset=\"https:\/\/jornalfatosenoticias.com.br\/wp-content\/uploads\/2023\/08\/BKR-1024x1021.jpg 1024w, https:\/\/jornalfatosenoticias.com.br\/wp-content\/uploads\/2023\/08\/BKR-300x300.jpg 300w, https:\/\/jornalfatosenoticias.com.br\/wp-content\/uploads\/2023\/08\/BKR-150x150.jpg 150w, https:\/\/jornalfatosenoticias.com.br\/wp-content\/uploads\/2023\/08\/BKR-768x766.jpg 768w, https:\/\/jornalfatosenoticias.com.br\/wp-content\/uploads\/2023\/08\/BKR.jpg 1080w\" sizes=\"auto, (max-width: 323px) 100vw, 323px\" \/><\/a><\/figure><\/div>\n\n\n\n<blockquote class=\"wp-block-quote is-layout-flow wp-block-quote-is-layout-flow\"><p><span class=\"has-inline-color has-luminous-vivid-orange-color\">Eles s\u00e3o os mais afetados porque, em geral, t\u00eam menor capital de giro, maior depend\u00eancia do cr\u00e9dito banc\u00e1rio e menos margem para absorver oscila\u00e7\u00f5es do mercado&#8221;, destaca Camila Abdelmalack, economista da Serasa Experian.<\/span><\/p><\/blockquote>\n\n\n\n<div class=\"wp-block-image\"><figure class=\"aligncenter size-large is-resized\"><a href=\"https:\/\/www.instagram.com\/serra4x4cambioautomatico\/\"><img loading=\"lazy\" decoding=\"async\" src=\"https:\/\/jornalfatosenoticias.com.br\/wp-content\/uploads\/2024\/08\/Serra-4x4-1-886x1024.jpg\" alt=\"\" class=\"wp-image-53632\" width=\"287\" height=\"331\" srcset=\"https:\/\/jornalfatosenoticias.com.br\/wp-content\/uploads\/2024\/08\/Serra-4x4-1-886x1024.jpg 886w, https:\/\/jornalfatosenoticias.com.br\/wp-content\/uploads\/2024\/08\/Serra-4x4-1-260x300.jpg 260w, https:\/\/jornalfatosenoticias.com.br\/wp-content\/uploads\/2024\/08\/Serra-4x4-1-768x888.jpg 768w, https:\/\/jornalfatosenoticias.com.br\/wp-content\/uploads\/2024\/08\/Serra-4x4-1.jpg 1181w\" sizes=\"auto, (max-width: 287px) 100vw, 287px\" \/><\/a><\/figure><\/div>\n\n\n\n<p>O in\u00edcio de 2025 n\u00e3o foi favor\u00e1vel para as pequenas e m\u00e9dias empresas. O faturamento caiu 1,2% no primeiro trimestre, comparado ao mesmo per\u00edodo de 2024, segundo levantamento da Omie, plataforma de gest\u00e3o empresarial. <\/p>\n\n\n\n<blockquote class=\"wp-block-quote is-layout-flow wp-block-quote-is-layout-flow\"><p><span class=\"has-inline-color has-luminous-vivid-orange-color\">H\u00e1 uma deteriora\u00e7\u00e3o na confian\u00e7a dos empres\u00e1rios&#8221;, destaca o gerente de indicadores e estudos econ\u00f4micos, Felipe Beraldi.<\/span><\/p><\/blockquote>\n\n\n\n<div class=\"wp-block-image\"><figure class=\"aligncenter size-large is-resized\"><a href=\"https:\/\/www.facebook.com\/vetor.vix\/\"><img loading=\"lazy\" decoding=\"async\" src=\"https:\/\/jornalfatosenoticias.com.br\/wp-content\/uploads\/2023\/09\/vetorvix1024_1.jpg\" alt=\"\" class=\"wp-image-44868\" width=\"550\" height=\"146\" srcset=\"https:\/\/jornalfatosenoticias.com.br\/wp-content\/uploads\/2023\/09\/vetorvix1024_1.jpg 1024w, https:\/\/jornalfatosenoticias.com.br\/wp-content\/uploads\/2023\/09\/vetorvix1024_1-300x80.jpg 300w, https:\/\/jornalfatosenoticias.com.br\/wp-content\/uploads\/2023\/09\/vetorvix1024_1-768x205.jpg 768w\" sizes=\"auto, (max-width: 550px) 100vw, 550px\" \/><\/a><\/figure><\/div>\n\n\n\n<p>O executivo diz que as press\u00f5es inflacion\u00e1rias e a alta Selic devem continuar restringindo o consumo e os investimentos no pa\u00eds, com reflexos sobre as pequenas e m\u00e9dias empresas, especialmente em segmentos mais dependentes do cr\u00e9dito, como ind\u00fastrias, com\u00e9rcio e constru\u00e7\u00e3o civil. Um sinal adicional de preocupa\u00e7\u00e3o para as empresas vem com a alta acumulada em 12 meses nos pre\u00e7os do atacado. Segundo o Instituto Brasileiro de Economia da Funda\u00e7\u00e3o Get\u00falio Vargas (FGV Ibre), em abril ela foi de 9,7%, enquanto os pre\u00e7os ao consumidor subiram 4,64%. &#8220;A press\u00e3o nos custos da produ\u00e7\u00e3o tende a se repassar aos pre\u00e7os ao consumidor com defasagem&#8221;, explica Sidney Lima, da Ouro Preto Investimentos.<\/p>\n\n\n\n<div class=\"wp-block-image\"><figure class=\"aligncenter size-large\"><a href=\"https:\/\/www.cesconetto.com.br\/\"><img loading=\"lazy\" decoding=\"async\" width=\"300\" height=\"250\" src=\"https:\/\/jornalfatosenoticias.com.br\/wp-content\/uploads\/2022\/02\/Banner-2.png\" alt=\"\" class=\"wp-image-27877\"\/><\/a><\/figure><\/div>\n\n\n\n<p>Analistas apontam para um cen\u00e1rio de infla\u00e7\u00e3o represada que cobra um pre\u00e7o elevado a longo prazo. &#8220;Para quem empresta capital produtivo [como bancos], esse cen\u00e1rio eleva o risco de inadimpl\u00eancia e exige maior rigor na an\u00e1lise de cr\u00e9dito&#8221;, afirma Jorge Kotz, CEO do Grupo X.<\/p>\n\n\n\n<div class=\"wp-block-image\"><figure class=\"aligncenter size-large is-resized\"><a href=\"https:\/\/www.legisjuris.com.br\/\"><img loading=\"lazy\" decoding=\"async\" src=\"https:\/\/jornalfatosenoticias.com.br\/wp-content\/uploads\/2024\/09\/Legis-Juris-Consultoria_logo.jpg\" alt=\"\" class=\"wp-image-53915\" width=\"554\" height=\"232\" srcset=\"https:\/\/jornalfatosenoticias.com.br\/wp-content\/uploads\/2024\/09\/Legis-Juris-Consultoria_logo.jpg 969w, https:\/\/jornalfatosenoticias.com.br\/wp-content\/uploads\/2024\/09\/Legis-Juris-Consultoria_logo-300x126.jpg 300w, https:\/\/jornalfatosenoticias.com.br\/wp-content\/uploads\/2024\/09\/Legis-Juris-Consultoria_logo-768x322.jpg 768w\" sizes=\"auto, (max-width: 554px) 100vw, 554px\" \/><\/a><\/figure><\/div>\n\n\n\n<p><strong><span class=\"has-inline-color has-black-color\">Estudo indica tend\u00eancia de alta na inadimpl\u00eancia<br><\/span><\/strong>Um estudo realizado pelo Instituto Brasileiro de Executivos do Varejo (Ibevar) e pela FIA Business School indica uma tend\u00eancia de alta cont\u00ednua na inadimpl\u00eancia. A proje\u00e7\u00e3o m\u00e9dia para a taxa de inadimpl\u00eancia para pessoas f\u00edsicas com recursos livres para maio \u00e9 de 5,8%, podendo alcan\u00e7ar at\u00e9 6,4% em julho. Segundo a FIA, essa tend\u00eancia representa um alerta para o setor varejista brasileiro, pois afeta diretamente o consumo e a capacidade de pagamento das fam\u00edlias.<\/p>\n\n\n\n<div class=\"wp-block-image\"><figure class=\"aligncenter size-large is-resized\"><a href=\"https:\/\/hotelmarquetti.com.br\/\"><img loading=\"lazy\" decoding=\"async\" src=\"https:\/\/jornalfatosenoticias.com.br\/wp-content\/uploads\/2020\/02\/LOGO-MQ-1024x680.jpg\" alt=\"\" class=\"wp-image-58299\" width=\"360\" height=\"239\" srcset=\"https:\/\/jornalfatosenoticias.com.br\/wp-content\/uploads\/2020\/02\/LOGO-MQ-1024x680.jpg 1024w, https:\/\/jornalfatosenoticias.com.br\/wp-content\/uploads\/2020\/02\/LOGO-MQ-300x199.jpg 300w, https:\/\/jornalfatosenoticias.com.br\/wp-content\/uploads\/2020\/02\/LOGO-MQ-768x510.jpg 768w, https:\/\/jornalfatosenoticias.com.br\/wp-content\/uploads\/2020\/02\/LOGO-MQ-1536x1020.jpg 1536w, https:\/\/jornalfatosenoticias.com.br\/wp-content\/uploads\/2020\/02\/LOGO-MQ-2048x1360.jpg 2048w\" sizes=\"auto, (max-width: 360px) 100vw, 360px\" \/><\/a><\/figure><\/div>\n\n\n\n<p><span class=\"has-inline-color has-black-color\"><strong>Perspectivas econ\u00f4micas: para quando esperar juros menores<br><\/strong><\/span>A taxa Selic, refer\u00eancia para os juros cobrados pelas institui\u00e7\u00f5es financeiras, est\u00e1 em 14,75% ao ano, o maior n\u00edvel em 19 anos. A expectativa do mercado \u00e9 de que as quedas s\u00f3 comecem a ocorrer no fim de 2025 ou no come\u00e7o de 2026, o que deve manter at\u00e9 l\u00e1 a press\u00e3o sobre consumidores e empresas.<\/p>\n\n\n\n<div class=\"wp-block-image\"><figure class=\"aligncenter size-large is-resized\"><a href=\"https:\/\/panper.com.br\/\"><img loading=\"lazy\" decoding=\"async\" src=\"https:\/\/jornalfatosenoticias.com.br\/wp-content\/uploads\/2023\/03\/logo-Panper_portal.jpg\" alt=\"\" class=\"wp-image-40208\" width=\"345\" height=\"239\" srcset=\"https:\/\/jornalfatosenoticias.com.br\/wp-content\/uploads\/2023\/03\/logo-Panper_portal.jpg 400w, https:\/\/jornalfatosenoticias.com.br\/wp-content\/uploads\/2023\/03\/logo-Panper_portal-300x208.jpg 300w\" sizes=\"auto, (max-width: 345px) 100vw, 345px\" \/><\/a><\/figure><\/div>\n\n\n\n<p>Especialistas avaliam que, com esse cen\u00e1rio, o endividamento deve continuar aumentando ao longo de 2025. A CNC projeta que o ano deve encerrar com as fam\u00edlias significativamente com mais compromissos financeiros \u2014 passando de 76,7%, no final de 2024, para 79%) e com mais d\u00edvidas em atraso \u2014 de 29,3% para 29,8%.<\/p>\n\n\n\n<p><strong>Fonte: <a href=\"https:\/\/www.gazetadopovo.com.br\/economia\/inadimplencia-recorde-consumidores-empresas\/\">Gazeta do Povo<\/a><\/strong><\/p>\n","protected":false},"excerpt":{"rendered":"<p>Quase 77 milh\u00f5es de consumidores e mais de sete milh\u00f5es de empresas brasileiras t\u00eam d\u00edvidas em atraso, segundo a Serasa Experian Por Vandr\u00e9 Kramer A inadimpl\u00eancia alcan\u00e7ou n\u00edveis hist\u00f3ricos no Brasil: nunca houve tantas empresas e consumidores com contas em atraso. A situa\u00e7\u00e3o acentua os desafios econ\u00f4micos que o pa\u00eds enfrenta em 2025: juros elevados, [&hellip;]<\/p>\n","protected":false},"author":3,"featured_media":59614,"comment_status":"open","ping_status":"open","sticky":false,"template":"","format":"standard","meta":{"footnotes":""},"categories":[10],"tags":[489,1412,27228,1013,27229,1904,4182,27230,9776,19463],"class_list":["post-59613","post","type-post","status-publish","format-standard","has-post-thumbnail","hentry","category-politica","tag-banco-central","tag-comercio","tag-consumidores-com-dividas","tag-consumo","tag-empresas-com-dividas","tag-inadimplencia","tag-inflacao","tag-serasa-experian","tag-taxa-selic","tag-varejo"],"yoast_head":"<!-- This site is optimized with the Yoast SEO plugin v26.5 - https:\/\/yoast.com\/wordpress\/plugins\/seo\/ -->\n<title>Pa\u00eds nunca teve tantas empresas e consumidores com d\u00edvidas em atraso - Jornal Fatos e Not\u00edcias<\/title>\n<meta name=\"robots\" content=\"index, follow, max-snippet:-1, max-image-preview:large, max-video-preview:-1\" \/>\n<link rel=\"canonical\" href=\"https:\/\/jornalfatosenoticias.com.br\/index.php\/2025\/05\/30\/pais-nunca-teve-tantas-empresas-e-consumidores-com-dividas-em-atraso\/\" \/>\n<meta property=\"og:locale\" content=\"pt_BR\" \/>\n<meta property=\"og:type\" content=\"article\" \/>\n<meta property=\"og:title\" content=\"Pa\u00eds nunca teve tantas empresas e consumidores com d\u00edvidas em atraso - Jornal Fatos e Not\u00edcias\" \/>\n<meta property=\"og:description\" content=\"Quase 77 milh\u00f5es de consumidores e mais de sete milh\u00f5es de empresas brasileiras t\u00eam d\u00edvidas em atraso, segundo a Serasa Experian Por Vandr\u00e9 Kramer A inadimpl\u00eancia alcan\u00e7ou n\u00edveis hist\u00f3ricos no Brasil: nunca houve tantas empresas e consumidores com contas em atraso. A situa\u00e7\u00e3o acentua os desafios econ\u00f4micos que o pa\u00eds enfrenta em 2025: juros elevados, [&hellip;]\" \/>\n<meta property=\"og:url\" content=\"https:\/\/jornalfatosenoticias.com.br\/index.php\/2025\/05\/30\/pais-nunca-teve-tantas-empresas-e-consumidores-com-dividas-em-atraso\/\" \/>\n<meta property=\"og:site_name\" content=\"Jornal Fatos e Not\u00edcias\" \/>\n<meta property=\"article:published_time\" content=\"2025-05-30T20:32:22+00:00\" \/>\n<meta property=\"article:modified_time\" content=\"2025-05-30T20:32:23+00:00\" \/>\n<meta property=\"og:image\" content=\"https:\/\/jornalfatosenoticias.com.br\/wp-content\/uploads\/2025\/05\/inadimplencia-brasil-consumidores-empresas.jpg\" \/>\n\t<meta property=\"og:image:width\" content=\"1000\" \/>\n\t<meta property=\"og:image:height\" content=\"560\" \/>\n\t<meta property=\"og:image:type\" content=\"image\/jpeg\" \/>\n<meta name=\"author\" content=\"Haroldo Filho\" \/>\n<meta name=\"twitter:card\" content=\"summary_large_image\" \/>\n<meta name=\"twitter:label1\" content=\"Escrito por\" \/>\n\t<meta name=\"twitter:data1\" content=\"Haroldo Filho\" \/>\n\t<meta name=\"twitter:label2\" content=\"Est. tempo de leitura\" \/>\n\t<meta name=\"twitter:data2\" content=\"5 minutos\" \/>\n<script type=\"application\/ld+json\" class=\"yoast-schema-graph\">{\"@context\":\"https:\/\/schema.org\",\"@graph\":[{\"@type\":\"Article\",\"@id\":\"https:\/\/jornalfatosenoticias.com.br\/index.php\/2025\/05\/30\/pais-nunca-teve-tantas-empresas-e-consumidores-com-dividas-em-atraso\/#article\",\"isPartOf\":{\"@id\":\"https:\/\/jornalfatosenoticias.com.br\/index.php\/2025\/05\/30\/pais-nunca-teve-tantas-empresas-e-consumidores-com-dividas-em-atraso\/\"},\"author\":{\"name\":\"Haroldo Filho\",\"@id\":\"https:\/\/jornalfatosenoticias.com.br\/#\/schema\/person\/05c46cc25b42a5c27e004fb0fa6b4965\"},\"headline\":\"Pa\u00eds nunca teve tantas empresas e consumidores com d\u00edvidas em atraso\",\"datePublished\":\"2025-05-30T20:32:22+00:00\",\"dateModified\":\"2025-05-30T20:32:23+00:00\",\"mainEntityOfPage\":{\"@id\":\"https:\/\/jornalfatosenoticias.com.br\/index.php\/2025\/05\/30\/pais-nunca-teve-tantas-empresas-e-consumidores-com-dividas-em-atraso\/\"},\"wordCount\":1082,\"commentCount\":0,\"publisher\":{\"@id\":\"https:\/\/jornalfatosenoticias.com.br\/#organization\"},\"image\":{\"@id\":\"https:\/\/jornalfatosenoticias.com.br\/index.php\/2025\/05\/30\/pais-nunca-teve-tantas-empresas-e-consumidores-com-dividas-em-atraso\/#primaryimage\"},\"thumbnailUrl\":\"https:\/\/jornalfatosenoticias.com.br\/wp-content\/uploads\/2025\/05\/inadimplencia-brasil-consumidores-empresas.jpg\",\"keywords\":[\"Banco Central\",\"com\u00e9rcio\",\"consumidores com d\u00edvidas\",\"consumo\",\"empresas com d\u00edvidas\",\"inadimpl\u00eancia\",\"infla\u00e7\u00e3o\",\"Serasa Experian\",\"Taxa Selic\",\"varejo\"],\"articleSection\":[\"Pol\u00edtica\"],\"inLanguage\":\"pt-BR\",\"potentialAction\":[{\"@type\":\"CommentAction\",\"name\":\"Comment\",\"target\":[\"https:\/\/jornalfatosenoticias.com.br\/index.php\/2025\/05\/30\/pais-nunca-teve-tantas-empresas-e-consumidores-com-dividas-em-atraso\/#respond\"]}]},{\"@type\":\"WebPage\",\"@id\":\"https:\/\/jornalfatosenoticias.com.br\/index.php\/2025\/05\/30\/pais-nunca-teve-tantas-empresas-e-consumidores-com-dividas-em-atraso\/\",\"url\":\"https:\/\/jornalfatosenoticias.com.br\/index.php\/2025\/05\/30\/pais-nunca-teve-tantas-empresas-e-consumidores-com-dividas-em-atraso\/\",\"name\":\"Pa\u00eds nunca teve tantas empresas e consumidores com d\u00edvidas em atraso - Jornal Fatos e Not\u00edcias\",\"isPartOf\":{\"@id\":\"https:\/\/jornalfatosenoticias.com.br\/#website\"},\"primaryImageOfPage\":{\"@id\":\"https:\/\/jornalfatosenoticias.com.br\/index.php\/2025\/05\/30\/pais-nunca-teve-tantas-empresas-e-consumidores-com-dividas-em-atraso\/#primaryimage\"},\"image\":{\"@id\":\"https:\/\/jornalfatosenoticias.com.br\/index.php\/2025\/05\/30\/pais-nunca-teve-tantas-empresas-e-consumidores-com-dividas-em-atraso\/#primaryimage\"},\"thumbnailUrl\":\"https:\/\/jornalfatosenoticias.com.br\/wp-content\/uploads\/2025\/05\/inadimplencia-brasil-consumidores-empresas.jpg\",\"datePublished\":\"2025-05-30T20:32:22+00:00\",\"dateModified\":\"2025-05-30T20:32:23+00:00\",\"breadcrumb\":{\"@id\":\"https:\/\/jornalfatosenoticias.com.br\/index.php\/2025\/05\/30\/pais-nunca-teve-tantas-empresas-e-consumidores-com-dividas-em-atraso\/#breadcrumb\"},\"inLanguage\":\"pt-BR\",\"potentialAction\":[{\"@type\":\"ReadAction\",\"target\":[\"https:\/\/jornalfatosenoticias.com.br\/index.php\/2025\/05\/30\/pais-nunca-teve-tantas-empresas-e-consumidores-com-dividas-em-atraso\/\"]}]},{\"@type\":\"ImageObject\",\"inLanguage\":\"pt-BR\",\"@id\":\"https:\/\/jornalfatosenoticias.com.br\/index.php\/2025\/05\/30\/pais-nunca-teve-tantas-empresas-e-consumidores-com-dividas-em-atraso\/#primaryimage\",\"url\":\"https:\/\/jornalfatosenoticias.com.br\/wp-content\/uploads\/2025\/05\/inadimplencia-brasil-consumidores-empresas.jpg\",\"contentUrl\":\"https:\/\/jornalfatosenoticias.com.br\/wp-content\/uploads\/2025\/05\/inadimplencia-brasil-consumidores-empresas.jpg\",\"width\":1000,\"height\":560},{\"@type\":\"BreadcrumbList\",\"@id\":\"https:\/\/jornalfatosenoticias.com.br\/index.php\/2025\/05\/30\/pais-nunca-teve-tantas-empresas-e-consumidores-com-dividas-em-atraso\/#breadcrumb\",\"itemListElement\":[{\"@type\":\"ListItem\",\"position\":1,\"name\":\"In\u00edcio\",\"item\":\"https:\/\/jornalfatosenoticias.com.br\/\"},{\"@type\":\"ListItem\",\"position\":2,\"name\":\"Pa\u00eds nunca teve tantas empresas e consumidores com d\u00edvidas em atraso\"}]},{\"@type\":\"WebSite\",\"@id\":\"https:\/\/jornalfatosenoticias.com.br\/#website\",\"url\":\"https:\/\/jornalfatosenoticias.com.br\/\",\"name\":\"Jornal Fatos e Not\u00edcias\",\"description\":\"Not\u00edcias em geral\",\"publisher\":{\"@id\":\"https:\/\/jornalfatosenoticias.com.br\/#organization\"},\"potentialAction\":[{\"@type\":\"SearchAction\",\"target\":{\"@type\":\"EntryPoint\",\"urlTemplate\":\"https:\/\/jornalfatosenoticias.com.br\/?s={search_term_string}\"},\"query-input\":{\"@type\":\"PropertyValueSpecification\",\"valueRequired\":true,\"valueName\":\"search_term_string\"}}],\"inLanguage\":\"pt-BR\"},{\"@type\":\"Organization\",\"@id\":\"https:\/\/jornalfatosenoticias.com.br\/#organization\",\"name\":\"Jornal Fatos e Not\u00edcias\",\"url\":\"https:\/\/jornalfatosenoticias.com.br\/\",\"logo\":{\"@type\":\"ImageObject\",\"inLanguage\":\"pt-BR\",\"@id\":\"https:\/\/jornalfatosenoticias.com.br\/#\/schema\/logo\/image\/\",\"url\":\"https:\/\/jornalfatosenoticias.com.br\/wp-content\/uploads\/2020\/02\/logo120.png\",\"contentUrl\":\"https:\/\/jornalfatosenoticias.com.br\/wp-content\/uploads\/2020\/02\/logo120.png\",\"width\":1227,\"height\":120,\"caption\":\"Jornal Fatos e Not\u00edcias\"},\"image\":{\"@id\":\"https:\/\/jornalfatosenoticias.com.br\/#\/schema\/logo\/image\/\"}},{\"@type\":\"Person\",\"@id\":\"https:\/\/jornalfatosenoticias.com.br\/#\/schema\/person\/05c46cc25b42a5c27e004fb0fa6b4965\",\"name\":\"Haroldo Filho\",\"image\":{\"@type\":\"ImageObject\",\"inLanguage\":\"pt-BR\",\"@id\":\"https:\/\/jornalfatosenoticias.com.br\/#\/schema\/person\/image\/\",\"url\":\"https:\/\/jornalfatosenoticias.com.br\/wp-content\/uploads\/2025\/08\/WhatsApp-Image-2025-08-18-at-15.30.28-150x150.jpeg\",\"contentUrl\":\"https:\/\/jornalfatosenoticias.com.br\/wp-content\/uploads\/2025\/08\/WhatsApp-Image-2025-08-18-at-15.30.28-150x150.jpeg\",\"caption\":\"Haroldo Filho\"},\"description\":\"Jornalista \u2013 DRT: 0003818\/ES Coordenador-geral da ONG Educar para Crescer\",\"url\":\"https:\/\/jornalfatosenoticias.com.br\/index.php\/author\/haroldo\/\"}]}<\/script>\n<!-- \/ Yoast SEO plugin. -->","yoast_head_json":{"title":"Pa\u00eds nunca teve tantas empresas e consumidores com d\u00edvidas em atraso - Jornal Fatos e Not\u00edcias","robots":{"index":"index","follow":"follow","max-snippet":"max-snippet:-1","max-image-preview":"max-image-preview:large","max-video-preview":"max-video-preview:-1"},"canonical":"https:\/\/jornalfatosenoticias.com.br\/index.php\/2025\/05\/30\/pais-nunca-teve-tantas-empresas-e-consumidores-com-dividas-em-atraso\/","og_locale":"pt_BR","og_type":"article","og_title":"Pa\u00eds nunca teve tantas empresas e consumidores com d\u00edvidas em atraso - Jornal Fatos e Not\u00edcias","og_description":"Quase 77 milh\u00f5es de consumidores e mais de sete milh\u00f5es de empresas brasileiras t\u00eam d\u00edvidas em atraso, segundo a Serasa Experian Por Vandr\u00e9 Kramer A inadimpl\u00eancia alcan\u00e7ou n\u00edveis hist\u00f3ricos no Brasil: nunca houve tantas empresas e consumidores com contas em atraso. A situa\u00e7\u00e3o acentua os desafios econ\u00f4micos que o pa\u00eds enfrenta em 2025: juros elevados, [&hellip;]","og_url":"https:\/\/jornalfatosenoticias.com.br\/index.php\/2025\/05\/30\/pais-nunca-teve-tantas-empresas-e-consumidores-com-dividas-em-atraso\/","og_site_name":"Jornal Fatos e Not\u00edcias","article_published_time":"2025-05-30T20:32:22+00:00","article_modified_time":"2025-05-30T20:32:23+00:00","og_image":[{"width":1000,"height":560,"url":"https:\/\/jornalfatosenoticias.com.br\/wp-content\/uploads\/2025\/05\/inadimplencia-brasil-consumidores-empresas.jpg","type":"image\/jpeg"}],"author":"Haroldo Filho","twitter_card":"summary_large_image","twitter_misc":{"Escrito por":"Haroldo Filho","Est. tempo de leitura":"5 minutos"},"schema":{"@context":"https:\/\/schema.org","@graph":[{"@type":"Article","@id":"https:\/\/jornalfatosenoticias.com.br\/index.php\/2025\/05\/30\/pais-nunca-teve-tantas-empresas-e-consumidores-com-dividas-em-atraso\/#article","isPartOf":{"@id":"https:\/\/jornalfatosenoticias.com.br\/index.php\/2025\/05\/30\/pais-nunca-teve-tantas-empresas-e-consumidores-com-dividas-em-atraso\/"},"author":{"name":"Haroldo Filho","@id":"https:\/\/jornalfatosenoticias.com.br\/#\/schema\/person\/05c46cc25b42a5c27e004fb0fa6b4965"},"headline":"Pa\u00eds nunca teve tantas empresas e consumidores com d\u00edvidas em atraso","datePublished":"2025-05-30T20:32:22+00:00","dateModified":"2025-05-30T20:32:23+00:00","mainEntityOfPage":{"@id":"https:\/\/jornalfatosenoticias.com.br\/index.php\/2025\/05\/30\/pais-nunca-teve-tantas-empresas-e-consumidores-com-dividas-em-atraso\/"},"wordCount":1082,"commentCount":0,"publisher":{"@id":"https:\/\/jornalfatosenoticias.com.br\/#organization"},"image":{"@id":"https:\/\/jornalfatosenoticias.com.br\/index.php\/2025\/05\/30\/pais-nunca-teve-tantas-empresas-e-consumidores-com-dividas-em-atraso\/#primaryimage"},"thumbnailUrl":"https:\/\/jornalfatosenoticias.com.br\/wp-content\/uploads\/2025\/05\/inadimplencia-brasil-consumidores-empresas.jpg","keywords":["Banco Central","com\u00e9rcio","consumidores com d\u00edvidas","consumo","empresas com d\u00edvidas","inadimpl\u00eancia","infla\u00e7\u00e3o","Serasa Experian","Taxa Selic","varejo"],"articleSection":["Pol\u00edtica"],"inLanguage":"pt-BR","potentialAction":[{"@type":"CommentAction","name":"Comment","target":["https:\/\/jornalfatosenoticias.com.br\/index.php\/2025\/05\/30\/pais-nunca-teve-tantas-empresas-e-consumidores-com-dividas-em-atraso\/#respond"]}]},{"@type":"WebPage","@id":"https:\/\/jornalfatosenoticias.com.br\/index.php\/2025\/05\/30\/pais-nunca-teve-tantas-empresas-e-consumidores-com-dividas-em-atraso\/","url":"https:\/\/jornalfatosenoticias.com.br\/index.php\/2025\/05\/30\/pais-nunca-teve-tantas-empresas-e-consumidores-com-dividas-em-atraso\/","name":"Pa\u00eds nunca teve tantas empresas e consumidores com d\u00edvidas em atraso - Jornal Fatos e Not\u00edcias","isPartOf":{"@id":"https:\/\/jornalfatosenoticias.com.br\/#website"},"primaryImageOfPage":{"@id":"https:\/\/jornalfatosenoticias.com.br\/index.php\/2025\/05\/30\/pais-nunca-teve-tantas-empresas-e-consumidores-com-dividas-em-atraso\/#primaryimage"},"image":{"@id":"https:\/\/jornalfatosenoticias.com.br\/index.php\/2025\/05\/30\/pais-nunca-teve-tantas-empresas-e-consumidores-com-dividas-em-atraso\/#primaryimage"},"thumbnailUrl":"https:\/\/jornalfatosenoticias.com.br\/wp-content\/uploads\/2025\/05\/inadimplencia-brasil-consumidores-empresas.jpg","datePublished":"2025-05-30T20:32:22+00:00","dateModified":"2025-05-30T20:32:23+00:00","breadcrumb":{"@id":"https:\/\/jornalfatosenoticias.com.br\/index.php\/2025\/05\/30\/pais-nunca-teve-tantas-empresas-e-consumidores-com-dividas-em-atraso\/#breadcrumb"},"inLanguage":"pt-BR","potentialAction":[{"@type":"ReadAction","target":["https:\/\/jornalfatosenoticias.com.br\/index.php\/2025\/05\/30\/pais-nunca-teve-tantas-empresas-e-consumidores-com-dividas-em-atraso\/"]}]},{"@type":"ImageObject","inLanguage":"pt-BR","@id":"https:\/\/jornalfatosenoticias.com.br\/index.php\/2025\/05\/30\/pais-nunca-teve-tantas-empresas-e-consumidores-com-dividas-em-atraso\/#primaryimage","url":"https:\/\/jornalfatosenoticias.com.br\/wp-content\/uploads\/2025\/05\/inadimplencia-brasil-consumidores-empresas.jpg","contentUrl":"https:\/\/jornalfatosenoticias.com.br\/wp-content\/uploads\/2025\/05\/inadimplencia-brasil-consumidores-empresas.jpg","width":1000,"height":560},{"@type":"BreadcrumbList","@id":"https:\/\/jornalfatosenoticias.com.br\/index.php\/2025\/05\/30\/pais-nunca-teve-tantas-empresas-e-consumidores-com-dividas-em-atraso\/#breadcrumb","itemListElement":[{"@type":"ListItem","position":1,"name":"In\u00edcio","item":"https:\/\/jornalfatosenoticias.com.br\/"},{"@type":"ListItem","position":2,"name":"Pa\u00eds nunca teve tantas empresas e consumidores com d\u00edvidas em atraso"}]},{"@type":"WebSite","@id":"https:\/\/jornalfatosenoticias.com.br\/#website","url":"https:\/\/jornalfatosenoticias.com.br\/","name":"Jornal Fatos e Not\u00edcias","description":"Not\u00edcias em geral","publisher":{"@id":"https:\/\/jornalfatosenoticias.com.br\/#organization"},"potentialAction":[{"@type":"SearchAction","target":{"@type":"EntryPoint","urlTemplate":"https:\/\/jornalfatosenoticias.com.br\/?s={search_term_string}"},"query-input":{"@type":"PropertyValueSpecification","valueRequired":true,"valueName":"search_term_string"}}],"inLanguage":"pt-BR"},{"@type":"Organization","@id":"https:\/\/jornalfatosenoticias.com.br\/#organization","name":"Jornal Fatos e Not\u00edcias","url":"https:\/\/jornalfatosenoticias.com.br\/","logo":{"@type":"ImageObject","inLanguage":"pt-BR","@id":"https:\/\/jornalfatosenoticias.com.br\/#\/schema\/logo\/image\/","url":"https:\/\/jornalfatosenoticias.com.br\/wp-content\/uploads\/2020\/02\/logo120.png","contentUrl":"https:\/\/jornalfatosenoticias.com.br\/wp-content\/uploads\/2020\/02\/logo120.png","width":1227,"height":120,"caption":"Jornal Fatos e Not\u00edcias"},"image":{"@id":"https:\/\/jornalfatosenoticias.com.br\/#\/schema\/logo\/image\/"}},{"@type":"Person","@id":"https:\/\/jornalfatosenoticias.com.br\/#\/schema\/person\/05c46cc25b42a5c27e004fb0fa6b4965","name":"Haroldo Filho","image":{"@type":"ImageObject","inLanguage":"pt-BR","@id":"https:\/\/jornalfatosenoticias.com.br\/#\/schema\/person\/image\/","url":"https:\/\/jornalfatosenoticias.com.br\/wp-content\/uploads\/2025\/08\/WhatsApp-Image-2025-08-18-at-15.30.28-150x150.jpeg","contentUrl":"https:\/\/jornalfatosenoticias.com.br\/wp-content\/uploads\/2025\/08\/WhatsApp-Image-2025-08-18-at-15.30.28-150x150.jpeg","caption":"Haroldo Filho"},"description":"Jornalista \u2013 DRT: 0003818\/ES Coordenador-geral da ONG Educar para Crescer","url":"https:\/\/jornalfatosenoticias.com.br\/index.php\/author\/haroldo\/"}]}},"cc_featured_image_caption":{"caption_text":"(Ilustra\u00e7\u00e3o: Vandr\u00e9 Kramer\/Gazeta do Povo com Dall-E) ","source_text":"","source_url":""},"jetpack_featured_media_url":"https:\/\/jornalfatosenoticias.com.br\/wp-content\/uploads\/2025\/05\/inadimplencia-brasil-consumidores-empresas.jpg","_links":{"self":[{"href":"https:\/\/jornalfatosenoticias.com.br\/index.php\/wp-json\/wp\/v2\/posts\/59613","targetHints":{"allow":["GET"]}}],"collection":[{"href":"https:\/\/jornalfatosenoticias.com.br\/index.php\/wp-json\/wp\/v2\/posts"}],"about":[{"href":"https:\/\/jornalfatosenoticias.com.br\/index.php\/wp-json\/wp\/v2\/types\/post"}],"author":[{"embeddable":true,"href":"https:\/\/jornalfatosenoticias.com.br\/index.php\/wp-json\/wp\/v2\/users\/3"}],"replies":[{"embeddable":true,"href":"https:\/\/jornalfatosenoticias.com.br\/index.php\/wp-json\/wp\/v2\/comments?post=59613"}],"version-history":[{"count":0,"href":"https:\/\/jornalfatosenoticias.com.br\/index.php\/wp-json\/wp\/v2\/posts\/59613\/revisions"}],"wp:featuredmedia":[{"embeddable":true,"href":"https:\/\/jornalfatosenoticias.com.br\/index.php\/wp-json\/wp\/v2\/media\/59614"}],"wp:attachment":[{"href":"https:\/\/jornalfatosenoticias.com.br\/index.php\/wp-json\/wp\/v2\/media?parent=59613"}],"wp:term":[{"taxonomy":"category","embeddable":true,"href":"https:\/\/jornalfatosenoticias.com.br\/index.php\/wp-json\/wp\/v2\/categories?post=59613"},{"taxonomy":"post_tag","embeddable":true,"href":"https:\/\/jornalfatosenoticias.com.br\/index.php\/wp-json\/wp\/v2\/tags?post=59613"}],"curies":[{"name":"wp","href":"https:\/\/api.w.org\/{rel}","templated":true}]}}