{"id":59616,"date":"2025-06-02T14:29:37","date_gmt":"2025-06-02T17:29:37","guid":{"rendered":"https:\/\/jornalfatosenoticias.com.br\/?p=59616"},"modified":"2025-06-02T14:29:38","modified_gmt":"2025-06-02T17:29:38","slug":"pressao-alta-novos-parametros-sao-definidos-por-especialistas","status":"publish","type":"post","link":"https:\/\/jornalfatosenoticias.com.br\/index.php\/2025\/06\/02\/pressao-alta-novos-parametros-sao-definidos-por-especialistas\/","title":{"rendered":"Press\u00e3o alta: novos par\u00e2metros s\u00e3o definidos por especialistas"},"content":{"rendered":"\n<p><span class=\"has-inline-color has-black-color\"><em>Anteriormente, considerava-se que uma press\u00e3o arterial de at\u00e9 140\/90 mmHg era aceit\u00e1vel para pessoas com hipertens\u00e3o. No entanto, novas pesquisas indicam que este n\u00edvel pode n\u00e3o ser seguro<\/em><\/span><\/p>\n\n\n\n<p><span class=\"has-inline-color has-black-color\">Por <strong><a href=\"https:\/\/www.bonsfluidos.com.br\/author\/lilian-coelho\">Lilian Coelho Maffei<\/a>\u00a0<\/strong><\/span><\/p>\n\n\n\n<div class=\"wp-block-image\"><figure class=\"aligncenter size-large\"><a href=\"https:\/\/mizu.com.br\/\"><img loading=\"lazy\" decoding=\"async\" width=\"729\" height=\"90\" src=\"https:\/\/jornalfatosenoticias.com.br\/wp-content\/uploads\/2020\/02\/Logo_Mizu.png\" alt=\"\" class=\"wp-image-1441\" srcset=\"https:\/\/jornalfatosenoticias.com.br\/wp-content\/uploads\/2020\/02\/Logo_Mizu.png 729w, https:\/\/jornalfatosenoticias.com.br\/wp-content\/uploads\/2020\/02\/Logo_Mizu-300x37.png 300w\" sizes=\"auto, (max-width: 729px) 100vw, 729px\" \/><\/a><\/figure><\/div>\n\n\n\n<p>Recentemente, houve uma atualiza\u00e7\u00e3o nos crit\u00e9rios para definir a hipertens\u00e3o arterial, uma condi\u00e7\u00e3o amplamente conhecida como press\u00e3o alta. Esta mudan\u00e7a foi promovida por entidades cardiol\u00f3gicas na Argentina, com o intuito de melhorar a preven\u00e7\u00e3o de doen\u00e7as cardiovasculares, como infartos e acidentes vasculares cerebrais (AVC), que s\u00e3o causas frequentes de mortes prematuras.<br>Anteriormente, considerava-se que uma press\u00e3o arterial de at\u00e9 140\/90 mmHg era aceit\u00e1vel para pessoas com hipertens\u00e3o. No entanto, novas pesquisas indicam que este n\u00edvel pode n\u00e3o ser seguro. Agora, o limite recomendado foi ajustado para 130\/80 mmHg, refletindo uma abordagem mais cautelosa na <a href=\"https:\/\/www.bonsfluidos.com.br\/no-prato\/cinco-alimentos-que-devem-passar-longe-do-cardapio-dos-idosos.phtml\">gest\u00e3o da sa\u00fade<\/a> cardiovascular.<\/p>\n\n\n\n<div class=\"wp-block-image\"><figure class=\"aligncenter size-large is-resized\"><a href=\"https:\/\/www.instagram.com\/restaurantepegoretti\/\"><img loading=\"lazy\" decoding=\"async\" src=\"https:\/\/jornalfatosenoticias.com.br\/wp-content\/uploads\/2023\/12\/pegoretti-logo-pdf-1024x389.jpg\" alt=\"\" class=\"wp-image-47536\" width=\"467\" height=\"177\" srcset=\"https:\/\/jornalfatosenoticias.com.br\/wp-content\/uploads\/2023\/12\/pegoretti-logo-pdf-1024x389.jpg 1024w, https:\/\/jornalfatosenoticias.com.br\/wp-content\/uploads\/2023\/12\/pegoretti-logo-pdf-300x114.jpg 300w, https:\/\/jornalfatosenoticias.com.br\/wp-content\/uploads\/2023\/12\/pegoretti-logo-pdf-768x291.jpg 768w, https:\/\/jornalfatosenoticias.com.br\/wp-content\/uploads\/2023\/12\/pegoretti-logo-pdf.jpg 1120w\" sizes=\"auto, (max-width: 467px) 100vw, 467px\" \/><\/a><\/figure><\/div>\n\n\n\n<p>Essa altera\u00e7\u00e3o nos valores de refer\u00eancia, embora pare\u00e7a sutil, tem um impacto significativo na redu\u00e7\u00e3o de riscos cardiovasculares. Estudos recentes mostram que a diminui\u00e7\u00e3o dos n\u00edveis de press\u00e3o arterial pode reduzir consideravelmente a incid\u00eancia de infartos e AVCs. A hipertens\u00e3o \u00e9 frequentemente assintom\u00e1tica, o que dificulta seu diagn\u00f3stico e tratamento adequados.<\/p>\n\n\n\n<div class=\"wp-block-image\"><figure class=\"aligncenter size-large is-resized\"><a href=\"https:\/\/www.controlsystems.com.br\/\"><img loading=\"lazy\" decoding=\"async\" src=\"https:\/\/jornalfatosenoticias.com.br\/wp-content\/uploads\/2020\/02\/CONTROL-CS.jpg\" alt=\"\" class=\"wp-image-44991\" width=\"289\" height=\"346\" srcset=\"https:\/\/jornalfatosenoticias.com.br\/wp-content\/uploads\/2020\/02\/CONTROL-CS.jpg 834w, https:\/\/jornalfatosenoticias.com.br\/wp-content\/uploads\/2020\/02\/CONTROL-CS-250x300.jpg 250w, https:\/\/jornalfatosenoticias.com.br\/wp-content\/uploads\/2020\/02\/CONTROL-CS-768x921.jpg 768w\" sizes=\"auto, (max-width: 289px) 100vw, 289px\" \/><\/a><\/figure><\/div>\n\n\n\n<p>Estima-se que uma parte significativa dos indiv\u00edduos com hipertens\u00e3o desconhece sua condi\u00e7\u00e3o. Entre aqueles que s\u00e3o diagnosticados, muitos n\u00e3o recebem o tratamento necess\u00e1rio para controlar efetivamente a press\u00e3o arterial, resultando em complica\u00e7\u00f5es evit\u00e1veis, como problemas renais e eventos card\u00edacos.<\/p>\n\n\n\n<div class=\"wp-block-image\"><figure class=\"aligncenter size-large\"><a href=\"http:\/\/www.ferrarimaquinas.com.br\/\"><img loading=\"lazy\" decoding=\"async\" width=\"300\" height=\"250\" src=\"https:\/\/jornalfatosenoticias.com.br\/wp-content\/uploads\/2022\/02\/FERRARI_MAQUINAS-E-FERRAMENTAS2.jpg\" alt=\"\" class=\"wp-image-27860\"\/><\/a><\/figure><\/div>\n\n\n\n<p>A preven\u00e7\u00e3o da hipertens\u00e3o arterial come\u00e7a com a detec\u00e7\u00e3o precoce. \u00c9 fundamental que a medi\u00e7\u00e3o da press\u00e3o arterial seja uma pr\u00e1tica comum em consultas m\u00e9dicas de rotina. Al\u00e9m disso, a ado\u00e7\u00e3o de h\u00e1bitos de vida saud\u00e1veis desempenha um papel crucial na preven\u00e7\u00e3o.<\/p>\n\n\n\n<div class=\"wp-block-image\"><figure class=\"aligncenter size-large is-resized\"><a href=\"https:\/\/www.instagram.com\/esteio.churrascaria\/\"><img loading=\"lazy\" decoding=\"async\" src=\"https:\/\/jornalfatosenoticias.com.br\/wp-content\/uploads\/2022\/02\/LOGO-ESTEIO-1024x730.png\" alt=\"\" class=\"wp-image-27942\" width=\"289\" height=\"206\" srcset=\"https:\/\/jornalfatosenoticias.com.br\/wp-content\/uploads\/2022\/02\/LOGO-ESTEIO-1024x730.png 1024w, https:\/\/jornalfatosenoticias.com.br\/wp-content\/uploads\/2022\/02\/LOGO-ESTEIO-300x214.png 300w, https:\/\/jornalfatosenoticias.com.br\/wp-content\/uploads\/2022\/02\/LOGO-ESTEIO-768x548.png 768w, https:\/\/jornalfatosenoticias.com.br\/wp-content\/uploads\/2022\/02\/LOGO-ESTEIO.png 1123w\" sizes=\"auto, (max-width: 289px) 100vw, 289px\" \/><\/a><\/figure><\/div>\n\n\n\n<p>\u2705 Manter uma dieta equilibrada e <a href=\"https:\/\/www.bonsfluidos.com.br\/bem-estar\/descubra-tres-temperos-para-substituir-o-sal-de-cozinha.phtml\">reduzir o consumo de sal<\/a><br>\u2705 Praticar atividades f\u00edsicas regularmente<br>\u2705 Evitar o uso de tabaco<\/p>\n\n\n\n<div class=\"wp-block-image\"><figure class=\"aligncenter size-large is-resized\"><a href=\"https:\/\/www.instagram.com\/serra4x4cambioautomatico\/\"><img loading=\"lazy\" decoding=\"async\" src=\"https:\/\/jornalfatosenoticias.com.br\/wp-content\/uploads\/2024\/08\/Serra-4x4-1-886x1024.jpg\" alt=\"\" class=\"wp-image-53632\" width=\"261\" height=\"302\" srcset=\"https:\/\/jornalfatosenoticias.com.br\/wp-content\/uploads\/2024\/08\/Serra-4x4-1-886x1024.jpg 886w, https:\/\/jornalfatosenoticias.com.br\/wp-content\/uploads\/2024\/08\/Serra-4x4-1-260x300.jpg 260w, https:\/\/jornalfatosenoticias.com.br\/wp-content\/uploads\/2024\/08\/Serra-4x4-1-768x888.jpg 768w, https:\/\/jornalfatosenoticias.com.br\/wp-content\/uploads\/2024\/08\/Serra-4x4-1.jpg 1181w\" sizes=\"auto, (max-width: 261px) 100vw, 261px\" \/><\/a><\/figure><\/div>\n\n\n\n<p>As novas diretrizes apresentam desafios tanto para m\u00e9dicos quanto para pacientes, pois exigem um controle mais rigoroso da press\u00e3o arterial. No entanto, elas tamb\u00e9m oferecem uma oportunidade de reduzir a incid\u00eancia de doen\u00e7as cardiovasculares na popula\u00e7\u00e3o. Ao estabelecer limites mais baixos para a press\u00e3o arterial, busca-se uma popula\u00e7\u00e3o mais saud\u00e1vel e com menor risco de complica\u00e7\u00f5es graves.<\/p>\n\n\n\n<div class=\"wp-block-image\"><figure class=\"aligncenter size-large is-resized\"><a href=\"https:\/\/www.instagram.com\/gruposei\/\"><img loading=\"lazy\" decoding=\"async\" src=\"https:\/\/jornalfatosenoticias.com.br\/wp-content\/uploads\/2022\/07\/Logo-Grupo-SEI.jpg\" alt=\"\" class=\"wp-image-31973\" width=\"343\" height=\"180\" srcset=\"https:\/\/jornalfatosenoticias.com.br\/wp-content\/uploads\/2022\/07\/Logo-Grupo-SEI.jpg 713w, https:\/\/jornalfatosenoticias.com.br\/wp-content\/uploads\/2022\/07\/Logo-Grupo-SEI-300x158.jpg 300w\" sizes=\"auto, (max-width: 343px) 100vw, 343px\" \/><\/a><\/figure><\/div>\n\n\n\n<p><strong>Fonte: <a href=\"https:\/\/www.bonsfluidos.com.br\/saude\/pressao-alta-novos-parametros-sao-definidos-por-especialistas.phtml\">Bons Fluidos<\/a><\/strong><\/p>\n","protected":false},"excerpt":{"rendered":"<p>Anteriormente, considerava-se que uma press\u00e3o arterial de at\u00e9 140\/90 mmHg era aceit\u00e1vel para pessoas com hipertens\u00e3o. No entanto, novas pesquisas indicam que este n\u00edvel pode n\u00e3o ser seguro Por Lilian Coelho Maffei\u00a0 Recentemente, houve uma atualiza\u00e7\u00e3o nos crit\u00e9rios para definir a hipertens\u00e3o arterial, uma condi\u00e7\u00e3o amplamente conhecida como press\u00e3o alta. Esta mudan\u00e7a foi promovida por [&hellip;]<\/p>\n","protected":false},"author":2,"featured_media":59617,"comment_status":"open","ping_status":"open","sticky":false,"template":"","format":"standard","meta":{"footnotes":""},"categories":[11],"tags":[6586,6492,27231,4474,3647,74],"class_list":["post-59616","post","type-post","status-publish","format-standard","has-post-thumbnail","hentry","category-saude","tag-avc","tag-hipertensao-arterial","tag-mortes-prematuras","tag-pressao-alta","tag-pressao-arterial","tag-saude"],"yoast_head":"<!-- This site is optimized with the Yoast SEO plugin v26.5 - https:\/\/yoast.com\/wordpress\/plugins\/seo\/ -->\n<title>Press\u00e3o alta: novos par\u00e2metros s\u00e3o definidos por especialistas - Jornal Fatos e Not\u00edcias<\/title>\n<meta name=\"robots\" content=\"index, follow, max-snippet:-1, max-image-preview:large, max-video-preview:-1\" \/>\n<link rel=\"canonical\" href=\"https:\/\/jornalfatosenoticias.com.br\/index.php\/2025\/06\/02\/pressao-alta-novos-parametros-sao-definidos-por-especialistas\/\" \/>\n<meta property=\"og:locale\" content=\"pt_BR\" \/>\n<meta property=\"og:type\" content=\"article\" \/>\n<meta property=\"og:title\" content=\"Press\u00e3o alta: novos par\u00e2metros s\u00e3o definidos por especialistas - Jornal Fatos e Not\u00edcias\" \/>\n<meta property=\"og:description\" content=\"Anteriormente, considerava-se que uma press\u00e3o arterial de at\u00e9 140\/90 mmHg era aceit\u00e1vel para pessoas com hipertens\u00e3o. No entanto, novas pesquisas indicam que este n\u00edvel pode n\u00e3o ser seguro Por Lilian Coelho Maffei\u00a0 Recentemente, houve uma atualiza\u00e7\u00e3o nos crit\u00e9rios para definir a hipertens\u00e3o arterial, uma condi\u00e7\u00e3o amplamente conhecida como press\u00e3o alta. Esta mudan\u00e7a foi promovida por [&hellip;]\" \/>\n<meta property=\"og:url\" content=\"https:\/\/jornalfatosenoticias.com.br\/index.php\/2025\/06\/02\/pressao-alta-novos-parametros-sao-definidos-por-especialistas\/\" \/>\n<meta property=\"og:site_name\" content=\"Jornal Fatos e Not\u00edcias\" \/>\n<meta property=\"article:published_time\" content=\"2025-06-02T17:29:37+00:00\" \/>\n<meta property=\"article:modified_time\" content=\"2025-06-02T17:29:38+00:00\" \/>\n<meta property=\"og:image\" content=\"https:\/\/jornalfatosenoticias.com.br\/wp-content\/uploads\/2025\/06\/pressao-arterial_freepik.jpg\" \/>\n\t<meta property=\"og:image:width\" content=\"1000\" \/>\n\t<meta property=\"og:image:height\" content=\"666\" \/>\n\t<meta property=\"og:image:type\" content=\"image\/jpeg\" \/>\n<meta name=\"author\" content=\"Luzimara Fernandes\" \/>\n<meta name=\"twitter:card\" content=\"summary_large_image\" \/>\n<meta name=\"twitter:label1\" content=\"Escrito por\" \/>\n\t<meta name=\"twitter:data1\" content=\"Luzimara Fernandes\" \/>\n\t<meta name=\"twitter:label2\" content=\"Est. tempo de leitura\" \/>\n\t<meta name=\"twitter:data2\" content=\"2 minutos\" \/>\n<script type=\"application\/ld+json\" class=\"yoast-schema-graph\">{\"@context\":\"https:\/\/schema.org\",\"@graph\":[{\"@type\":\"Article\",\"@id\":\"https:\/\/jornalfatosenoticias.com.br\/index.php\/2025\/06\/02\/pressao-alta-novos-parametros-sao-definidos-por-especialistas\/#article\",\"isPartOf\":{\"@id\":\"https:\/\/jornalfatosenoticias.com.br\/index.php\/2025\/06\/02\/pressao-alta-novos-parametros-sao-definidos-por-especialistas\/\"},\"author\":{\"name\":\"Luzimara Fernandes\",\"@id\":\"https:\/\/jornalfatosenoticias.com.br\/#\/schema\/person\/d63837fa13ac8666eb9e74e0985d6f81\"},\"headline\":\"Press\u00e3o alta: novos par\u00e2metros s\u00e3o definidos por especialistas\",\"datePublished\":\"2025-06-02T17:29:37+00:00\",\"dateModified\":\"2025-06-02T17:29:38+00:00\",\"mainEntityOfPage\":{\"@id\":\"https:\/\/jornalfatosenoticias.com.br\/index.php\/2025\/06\/02\/pressao-alta-novos-parametros-sao-definidos-por-especialistas\/\"},\"wordCount\":414,\"commentCount\":0,\"publisher\":{\"@id\":\"https:\/\/jornalfatosenoticias.com.br\/#organization\"},\"image\":{\"@id\":\"https:\/\/jornalfatosenoticias.com.br\/index.php\/2025\/06\/02\/pressao-alta-novos-parametros-sao-definidos-por-especialistas\/#primaryimage\"},\"thumbnailUrl\":\"https:\/\/jornalfatosenoticias.com.br\/wp-content\/uploads\/2025\/06\/pressao-arterial_freepik.jpg\",\"keywords\":[\"AVC\",\"hipertens\u00e3o arterial\",\"mortes prematuras\",\"press\u00e3o alta\",\"press\u00e3o arterial\",\"sa\u00fade\"],\"articleSection\":[\"Sa\u00fade\"],\"inLanguage\":\"pt-BR\",\"potentialAction\":[{\"@type\":\"CommentAction\",\"name\":\"Comment\",\"target\":[\"https:\/\/jornalfatosenoticias.com.br\/index.php\/2025\/06\/02\/pressao-alta-novos-parametros-sao-definidos-por-especialistas\/#respond\"]}]},{\"@type\":\"WebPage\",\"@id\":\"https:\/\/jornalfatosenoticias.com.br\/index.php\/2025\/06\/02\/pressao-alta-novos-parametros-sao-definidos-por-especialistas\/\",\"url\":\"https:\/\/jornalfatosenoticias.com.br\/index.php\/2025\/06\/02\/pressao-alta-novos-parametros-sao-definidos-por-especialistas\/\",\"name\":\"Press\u00e3o alta: novos par\u00e2metros s\u00e3o definidos por especialistas - Jornal Fatos e Not\u00edcias\",\"isPartOf\":{\"@id\":\"https:\/\/jornalfatosenoticias.com.br\/#website\"},\"primaryImageOfPage\":{\"@id\":\"https:\/\/jornalfatosenoticias.com.br\/index.php\/2025\/06\/02\/pressao-alta-novos-parametros-sao-definidos-por-especialistas\/#primaryimage\"},\"image\":{\"@id\":\"https:\/\/jornalfatosenoticias.com.br\/index.php\/2025\/06\/02\/pressao-alta-novos-parametros-sao-definidos-por-especialistas\/#primaryimage\"},\"thumbnailUrl\":\"https:\/\/jornalfatosenoticias.com.br\/wp-content\/uploads\/2025\/06\/pressao-arterial_freepik.jpg\",\"datePublished\":\"2025-06-02T17:29:37+00:00\",\"dateModified\":\"2025-06-02T17:29:38+00:00\",\"breadcrumb\":{\"@id\":\"https:\/\/jornalfatosenoticias.com.br\/index.php\/2025\/06\/02\/pressao-alta-novos-parametros-sao-definidos-por-especialistas\/#breadcrumb\"},\"inLanguage\":\"pt-BR\",\"potentialAction\":[{\"@type\":\"ReadAction\",\"target\":[\"https:\/\/jornalfatosenoticias.com.br\/index.php\/2025\/06\/02\/pressao-alta-novos-parametros-sao-definidos-por-especialistas\/\"]}]},{\"@type\":\"ImageObject\",\"inLanguage\":\"pt-BR\",\"@id\":\"https:\/\/jornalfatosenoticias.com.br\/index.php\/2025\/06\/02\/pressao-alta-novos-parametros-sao-definidos-por-especialistas\/#primaryimage\",\"url\":\"https:\/\/jornalfatosenoticias.com.br\/wp-content\/uploads\/2025\/06\/pressao-arterial_freepik.jpg\",\"contentUrl\":\"https:\/\/jornalfatosenoticias.com.br\/wp-content\/uploads\/2025\/06\/pressao-arterial_freepik.jpg\",\"width\":1000,\"height\":666},{\"@type\":\"BreadcrumbList\",\"@id\":\"https:\/\/jornalfatosenoticias.com.br\/index.php\/2025\/06\/02\/pressao-alta-novos-parametros-sao-definidos-por-especialistas\/#breadcrumb\",\"itemListElement\":[{\"@type\":\"ListItem\",\"position\":1,\"name\":\"In\u00edcio\",\"item\":\"https:\/\/jornalfatosenoticias.com.br\/\"},{\"@type\":\"ListItem\",\"position\":2,\"name\":\"Press\u00e3o alta: novos par\u00e2metros s\u00e3o definidos por especialistas\"}]},{\"@type\":\"WebSite\",\"@id\":\"https:\/\/jornalfatosenoticias.com.br\/#website\",\"url\":\"https:\/\/jornalfatosenoticias.com.br\/\",\"name\":\"Jornal Fatos e Not\u00edcias\",\"description\":\"Not\u00edcias em geral\",\"publisher\":{\"@id\":\"https:\/\/jornalfatosenoticias.com.br\/#organization\"},\"potentialAction\":[{\"@type\":\"SearchAction\",\"target\":{\"@type\":\"EntryPoint\",\"urlTemplate\":\"https:\/\/jornalfatosenoticias.com.br\/?s={search_term_string}\"},\"query-input\":{\"@type\":\"PropertyValueSpecification\",\"valueRequired\":true,\"valueName\":\"search_term_string\"}}],\"inLanguage\":\"pt-BR\"},{\"@type\":\"Organization\",\"@id\":\"https:\/\/jornalfatosenoticias.com.br\/#organization\",\"name\":\"Jornal Fatos e Not\u00edcias\",\"url\":\"https:\/\/jornalfatosenoticias.com.br\/\",\"logo\":{\"@type\":\"ImageObject\",\"inLanguage\":\"pt-BR\",\"@id\":\"https:\/\/jornalfatosenoticias.com.br\/#\/schema\/logo\/image\/\",\"url\":\"https:\/\/jornalfatosenoticias.com.br\/wp-content\/uploads\/2020\/02\/logo120.png\",\"contentUrl\":\"https:\/\/jornalfatosenoticias.com.br\/wp-content\/uploads\/2020\/02\/logo120.png\",\"width\":1227,\"height\":120,\"caption\":\"Jornal Fatos e Not\u00edcias\"},\"image\":{\"@id\":\"https:\/\/jornalfatosenoticias.com.br\/#\/schema\/logo\/image\/\"}},{\"@type\":\"Person\",\"@id\":\"https:\/\/jornalfatosenoticias.com.br\/#\/schema\/person\/d63837fa13ac8666eb9e74e0985d6f81\",\"name\":\"Luzimara Fernandes\",\"image\":{\"@type\":\"ImageObject\",\"inLanguage\":\"pt-BR\",\"@id\":\"https:\/\/jornalfatosenoticias.com.br\/#\/schema\/person\/image\/\",\"url\":\"https:\/\/jornalfatosenoticias.com.br\/wp-content\/uploads\/2025\/05\/EU_portal.jpg\",\"contentUrl\":\"https:\/\/jornalfatosenoticias.com.br\/wp-content\/uploads\/2025\/05\/EU_portal.jpg\",\"caption\":\"Luzimara Fernandes\"},\"description\":\"Jornalista MTB 2358-ES\",\"sameAs\":[\"https:\/\/jornalfatosenoticias.com.br\"],\"url\":\"https:\/\/jornalfatosenoticias.com.br\/index.php\/author\/luzimara\/\"}]}<\/script>\n<!-- \/ Yoast SEO plugin. -->","yoast_head_json":{"title":"Press\u00e3o alta: novos par\u00e2metros s\u00e3o definidos por especialistas - Jornal Fatos e Not\u00edcias","robots":{"index":"index","follow":"follow","max-snippet":"max-snippet:-1","max-image-preview":"max-image-preview:large","max-video-preview":"max-video-preview:-1"},"canonical":"https:\/\/jornalfatosenoticias.com.br\/index.php\/2025\/06\/02\/pressao-alta-novos-parametros-sao-definidos-por-especialistas\/","og_locale":"pt_BR","og_type":"article","og_title":"Press\u00e3o alta: novos par\u00e2metros s\u00e3o definidos por especialistas - Jornal Fatos e Not\u00edcias","og_description":"Anteriormente, considerava-se que uma press\u00e3o arterial de at\u00e9 140\/90 mmHg era aceit\u00e1vel para pessoas com hipertens\u00e3o. No entanto, novas pesquisas indicam que este n\u00edvel pode n\u00e3o ser seguro Por Lilian Coelho Maffei\u00a0 Recentemente, houve uma atualiza\u00e7\u00e3o nos crit\u00e9rios para definir a hipertens\u00e3o arterial, uma condi\u00e7\u00e3o amplamente conhecida como press\u00e3o alta. Esta mudan\u00e7a foi promovida por [&hellip;]","og_url":"https:\/\/jornalfatosenoticias.com.br\/index.php\/2025\/06\/02\/pressao-alta-novos-parametros-sao-definidos-por-especialistas\/","og_site_name":"Jornal Fatos e Not\u00edcias","article_published_time":"2025-06-02T17:29:37+00:00","article_modified_time":"2025-06-02T17:29:38+00:00","og_image":[{"width":1000,"height":666,"url":"https:\/\/jornalfatosenoticias.com.br\/wp-content\/uploads\/2025\/06\/pressao-arterial_freepik.jpg","type":"image\/jpeg"}],"author":"Luzimara Fernandes","twitter_card":"summary_large_image","twitter_misc":{"Escrito por":"Luzimara Fernandes","Est. tempo de leitura":"2 minutos"},"schema":{"@context":"https:\/\/schema.org","@graph":[{"@type":"Article","@id":"https:\/\/jornalfatosenoticias.com.br\/index.php\/2025\/06\/02\/pressao-alta-novos-parametros-sao-definidos-por-especialistas\/#article","isPartOf":{"@id":"https:\/\/jornalfatosenoticias.com.br\/index.php\/2025\/06\/02\/pressao-alta-novos-parametros-sao-definidos-por-especialistas\/"},"author":{"name":"Luzimara Fernandes","@id":"https:\/\/jornalfatosenoticias.com.br\/#\/schema\/person\/d63837fa13ac8666eb9e74e0985d6f81"},"headline":"Press\u00e3o alta: novos par\u00e2metros s\u00e3o definidos por especialistas","datePublished":"2025-06-02T17:29:37+00:00","dateModified":"2025-06-02T17:29:38+00:00","mainEntityOfPage":{"@id":"https:\/\/jornalfatosenoticias.com.br\/index.php\/2025\/06\/02\/pressao-alta-novos-parametros-sao-definidos-por-especialistas\/"},"wordCount":414,"commentCount":0,"publisher":{"@id":"https:\/\/jornalfatosenoticias.com.br\/#organization"},"image":{"@id":"https:\/\/jornalfatosenoticias.com.br\/index.php\/2025\/06\/02\/pressao-alta-novos-parametros-sao-definidos-por-especialistas\/#primaryimage"},"thumbnailUrl":"https:\/\/jornalfatosenoticias.com.br\/wp-content\/uploads\/2025\/06\/pressao-arterial_freepik.jpg","keywords":["AVC","hipertens\u00e3o arterial","mortes prematuras","press\u00e3o alta","press\u00e3o arterial","sa\u00fade"],"articleSection":["Sa\u00fade"],"inLanguage":"pt-BR","potentialAction":[{"@type":"CommentAction","name":"Comment","target":["https:\/\/jornalfatosenoticias.com.br\/index.php\/2025\/06\/02\/pressao-alta-novos-parametros-sao-definidos-por-especialistas\/#respond"]}]},{"@type":"WebPage","@id":"https:\/\/jornalfatosenoticias.com.br\/index.php\/2025\/06\/02\/pressao-alta-novos-parametros-sao-definidos-por-especialistas\/","url":"https:\/\/jornalfatosenoticias.com.br\/index.php\/2025\/06\/02\/pressao-alta-novos-parametros-sao-definidos-por-especialistas\/","name":"Press\u00e3o alta: novos par\u00e2metros s\u00e3o definidos por especialistas - Jornal Fatos e Not\u00edcias","isPartOf":{"@id":"https:\/\/jornalfatosenoticias.com.br\/#website"},"primaryImageOfPage":{"@id":"https:\/\/jornalfatosenoticias.com.br\/index.php\/2025\/06\/02\/pressao-alta-novos-parametros-sao-definidos-por-especialistas\/#primaryimage"},"image":{"@id":"https:\/\/jornalfatosenoticias.com.br\/index.php\/2025\/06\/02\/pressao-alta-novos-parametros-sao-definidos-por-especialistas\/#primaryimage"},"thumbnailUrl":"https:\/\/jornalfatosenoticias.com.br\/wp-content\/uploads\/2025\/06\/pressao-arterial_freepik.jpg","datePublished":"2025-06-02T17:29:37+00:00","dateModified":"2025-06-02T17:29:38+00:00","breadcrumb":{"@id":"https:\/\/jornalfatosenoticias.com.br\/index.php\/2025\/06\/02\/pressao-alta-novos-parametros-sao-definidos-por-especialistas\/#breadcrumb"},"inLanguage":"pt-BR","potentialAction":[{"@type":"ReadAction","target":["https:\/\/jornalfatosenoticias.com.br\/index.php\/2025\/06\/02\/pressao-alta-novos-parametros-sao-definidos-por-especialistas\/"]}]},{"@type":"ImageObject","inLanguage":"pt-BR","@id":"https:\/\/jornalfatosenoticias.com.br\/index.php\/2025\/06\/02\/pressao-alta-novos-parametros-sao-definidos-por-especialistas\/#primaryimage","url":"https:\/\/jornalfatosenoticias.com.br\/wp-content\/uploads\/2025\/06\/pressao-arterial_freepik.jpg","contentUrl":"https:\/\/jornalfatosenoticias.com.br\/wp-content\/uploads\/2025\/06\/pressao-arterial_freepik.jpg","width":1000,"height":666},{"@type":"BreadcrumbList","@id":"https:\/\/jornalfatosenoticias.com.br\/index.php\/2025\/06\/02\/pressao-alta-novos-parametros-sao-definidos-por-especialistas\/#breadcrumb","itemListElement":[{"@type":"ListItem","position":1,"name":"In\u00edcio","item":"https:\/\/jornalfatosenoticias.com.br\/"},{"@type":"ListItem","position":2,"name":"Press\u00e3o alta: novos par\u00e2metros s\u00e3o definidos por especialistas"}]},{"@type":"WebSite","@id":"https:\/\/jornalfatosenoticias.com.br\/#website","url":"https:\/\/jornalfatosenoticias.com.br\/","name":"Jornal Fatos e Not\u00edcias","description":"Not\u00edcias em geral","publisher":{"@id":"https:\/\/jornalfatosenoticias.com.br\/#organization"},"potentialAction":[{"@type":"SearchAction","target":{"@type":"EntryPoint","urlTemplate":"https:\/\/jornalfatosenoticias.com.br\/?s={search_term_string}"},"query-input":{"@type":"PropertyValueSpecification","valueRequired":true,"valueName":"search_term_string"}}],"inLanguage":"pt-BR"},{"@type":"Organization","@id":"https:\/\/jornalfatosenoticias.com.br\/#organization","name":"Jornal Fatos e Not\u00edcias","url":"https:\/\/jornalfatosenoticias.com.br\/","logo":{"@type":"ImageObject","inLanguage":"pt-BR","@id":"https:\/\/jornalfatosenoticias.com.br\/#\/schema\/logo\/image\/","url":"https:\/\/jornalfatosenoticias.com.br\/wp-content\/uploads\/2020\/02\/logo120.png","contentUrl":"https:\/\/jornalfatosenoticias.com.br\/wp-content\/uploads\/2020\/02\/logo120.png","width":1227,"height":120,"caption":"Jornal Fatos e Not\u00edcias"},"image":{"@id":"https:\/\/jornalfatosenoticias.com.br\/#\/schema\/logo\/image\/"}},{"@type":"Person","@id":"https:\/\/jornalfatosenoticias.com.br\/#\/schema\/person\/d63837fa13ac8666eb9e74e0985d6f81","name":"Luzimara Fernandes","image":{"@type":"ImageObject","inLanguage":"pt-BR","@id":"https:\/\/jornalfatosenoticias.com.br\/#\/schema\/person\/image\/","url":"https:\/\/jornalfatosenoticias.com.br\/wp-content\/uploads\/2025\/05\/EU_portal.jpg","contentUrl":"https:\/\/jornalfatosenoticias.com.br\/wp-content\/uploads\/2025\/05\/EU_portal.jpg","caption":"Luzimara Fernandes"},"description":"Jornalista MTB 2358-ES","sameAs":["https:\/\/jornalfatosenoticias.com.br"],"url":"https:\/\/jornalfatosenoticias.com.br\/index.php\/author\/luzimara\/"}]}},"cc_featured_image_caption":{"caption_text":"(Foto: Freepik) ","source_text":"","source_url":""},"jetpack_featured_media_url":"https:\/\/jornalfatosenoticias.com.br\/wp-content\/uploads\/2025\/06\/pressao-arterial_freepik.jpg","_links":{"self":[{"href":"https:\/\/jornalfatosenoticias.com.br\/index.php\/wp-json\/wp\/v2\/posts\/59616","targetHints":{"allow":["GET"]}}],"collection":[{"href":"https:\/\/jornalfatosenoticias.com.br\/index.php\/wp-json\/wp\/v2\/posts"}],"about":[{"href":"https:\/\/jornalfatosenoticias.com.br\/index.php\/wp-json\/wp\/v2\/types\/post"}],"author":[{"embeddable":true,"href":"https:\/\/jornalfatosenoticias.com.br\/index.php\/wp-json\/wp\/v2\/users\/2"}],"replies":[{"embeddable":true,"href":"https:\/\/jornalfatosenoticias.com.br\/index.php\/wp-json\/wp\/v2\/comments?post=59616"}],"version-history":[{"count":0,"href":"https:\/\/jornalfatosenoticias.com.br\/index.php\/wp-json\/wp\/v2\/posts\/59616\/revisions"}],"wp:featuredmedia":[{"embeddable":true,"href":"https:\/\/jornalfatosenoticias.com.br\/index.php\/wp-json\/wp\/v2\/media\/59617"}],"wp:attachment":[{"href":"https:\/\/jornalfatosenoticias.com.br\/index.php\/wp-json\/wp\/v2\/media?parent=59616"}],"wp:term":[{"taxonomy":"category","embeddable":true,"href":"https:\/\/jornalfatosenoticias.com.br\/index.php\/wp-json\/wp\/v2\/categories?post=59616"},{"taxonomy":"post_tag","embeddable":true,"href":"https:\/\/jornalfatosenoticias.com.br\/index.php\/wp-json\/wp\/v2\/tags?post=59616"}],"curies":[{"name":"wp","href":"https:\/\/api.w.org\/{rel}","templated":true}]}}