{"id":59623,"date":"2025-06-02T15:12:55","date_gmt":"2025-06-02T18:12:55","guid":{"rendered":"https:\/\/jornalfatosenoticias.com.br\/?p=59623"},"modified":"2025-06-02T15:12:56","modified_gmt":"2025-06-02T18:12:56","slug":"adolescentes-nao-tem-apoio-para-lidar-com-as-redes-sociais-diz-estudo","status":"publish","type":"post","link":"https:\/\/jornalfatosenoticias.com.br\/index.php\/2025\/06\/02\/adolescentes-nao-tem-apoio-para-lidar-com-as-redes-sociais-diz-estudo\/","title":{"rendered":"Adolescentes n\u00e3o t\u00eam apoio para lidar com as redes sociais, diz estudo"},"content":{"rendered":"\n<p><span class=\"has-inline-color has-black-color\"><em>Pesquisa mostra que o bullying est\u00e1 entre os maiores desafios de sa\u00fade mental<\/em><\/span><\/p>\n\n\n\n<div class=\"wp-block-image\"><figure class=\"aligncenter size-large\"><a href=\"https:\/\/mizu.com.br\/\"><img loading=\"lazy\" decoding=\"async\" width=\"729\" height=\"90\" src=\"https:\/\/jornalfatosenoticias.com.br\/wp-content\/uploads\/2020\/02\/Logo_Mizu.png\" alt=\"\" class=\"wp-image-1441\" srcset=\"https:\/\/jornalfatosenoticias.com.br\/wp-content\/uploads\/2020\/02\/Logo_Mizu.png 729w, https:\/\/jornalfatosenoticias.com.br\/wp-content\/uploads\/2020\/02\/Logo_Mizu-300x37.png 300w\" sizes=\"auto, (max-width: 729px) 100vw, 729px\" \/><\/a><\/figure><\/div>\n\n\n\n<p>Crian\u00e7as e adolescentes passam cada vez mais tempo conectados \u00e0s telas, mas n\u00e3o t\u00eam preparo emocional para lidar com os perigos do mundo virtual. \u00c9 o que mostra um estudo realizado em abril, com mil participantes maiores de 18 anos que t\u00eam acesso \u00e0 internet: para 90% dos entrevistados, os adolescentes n\u00e3o recebem o suporte emocional e social necess\u00e1rio para lidar com o ambiente digital, especialmente nas redes sociais.<br>O levantamento foi feito pelo Porto Digital em parceria com a Offerwise, empresa especializada em estudos de mercado na Am\u00e9rica Latina e no universo hisp\u00e2nico, a partir da repercuss\u00e3o da s\u00e9rie Adolesc\u00eancia, dispon\u00edvel na Netflix, que abordou o lado sombrio da juventude imersa no mundo digital e o abismo entre pais e filhos.<\/p>\n\n\n\n<div class=\"wp-block-image\"><figure class=\"aligncenter size-large\"><a href=\"https:\/\/www.cesconetto.com.br\/\"><img loading=\"lazy\" decoding=\"async\" width=\"300\" height=\"250\" src=\"https:\/\/jornalfatosenoticias.com.br\/wp-content\/uploads\/2022\/02\/Banner-2.png\" alt=\"\" class=\"wp-image-27877\"\/><\/a><\/figure><\/div>\n\n\n\n<p>Para 57% dos entrevistados, o bullying (agress\u00e3o intencional e repetitiva, que pode ser verbal, f\u00edsica, psicol\u00f3gica ou social, para intimidar uma pessoa) e a viol\u00eancia escolar est\u00e3o entre os principais desafios de sa\u00fade mental, bem como a depress\u00e3o e a ansiedade (48%) e a press\u00e3o est\u00e9tica (32%). A margem de erro da pesquisa \u00e9 de tr\u00eas pontos percentuais para o total da amostra, considerando um intervalo de confian\u00e7a de 95%.<\/p>\n\n\n\n<div class=\"wp-block-image\"><figure class=\"aligncenter size-large is-resized\"><a href=\"https:\/\/www.facebook.com\/profile.php?id=100069289606145\"><img loading=\"lazy\" decoding=\"async\" src=\"https:\/\/jornalfatosenoticias.com.br\/wp-content\/uploads\/2024\/11\/Guaitolini-Contabilidade-1024x714.jpeg\" alt=\"\" class=\"wp-image-55808\" width=\"341\" height=\"238\" srcset=\"https:\/\/jornalfatosenoticias.com.br\/wp-content\/uploads\/2024\/11\/Guaitolini-Contabilidade-1024x714.jpeg 1024w, https:\/\/jornalfatosenoticias.com.br\/wp-content\/uploads\/2024\/11\/Guaitolini-Contabilidade-300x209.jpeg 300w, https:\/\/jornalfatosenoticias.com.br\/wp-content\/uploads\/2024\/11\/Guaitolini-Contabilidade-768x535.jpeg 768w, https:\/\/jornalfatosenoticias.com.br\/wp-content\/uploads\/2024\/11\/Guaitolini-Contabilidade.jpeg 1280w\" sizes=\"auto, (max-width: 341px) 100vw, 341px\" \/><\/a><\/figure><\/div>\n\n\n\n<p>Na avalia\u00e7\u00e3o do presidente do Porto Digital, Pierre Lucena, a s\u00e9rie colocou em evid\u00eancia a necessidade de se debater essas quest\u00f5es. \u201cO cuidado com a juventude deve ser um compromisso compartilhado, que envolve escolas, fam\u00edlias, empresas e governos. Essa pesquisa evidencia que n\u00e3o basta discutir inova\u00e7\u00e3o tecnol\u00f3gica \u2014 \u00e9 preciso humaniz\u00e1-la e coloc\u00e1-la a servi\u00e7o da sociedade\u201d, disse Pierre. Ele acrescentou que o futuro da inova\u00e7\u00e3o est\u00e1 diretamente ligado \u00e0 forma como cuidamos dos nossos jovens. <\/p>\n\n\n\n<div class=\"wp-block-image\"><figure class=\"aligncenter size-large is-resized\"><a href=\"https:\/\/panper.com.br\/\"><img loading=\"lazy\" decoding=\"async\" src=\"https:\/\/jornalfatosenoticias.com.br\/wp-content\/uploads\/2023\/03\/logo-Panper_portal.jpg\" alt=\"\" class=\"wp-image-40208\" width=\"325\" height=\"225\" srcset=\"https:\/\/jornalfatosenoticias.com.br\/wp-content\/uploads\/2023\/03\/logo-Panper_portal.jpg 400w, https:\/\/jornalfatosenoticias.com.br\/wp-content\/uploads\/2023\/03\/logo-Panper_portal-300x208.jpg 300w\" sizes=\"auto, (max-width: 325px) 100vw, 325px\" \/><\/a><\/figure><\/div>\n\n\n\n<blockquote class=\"wp-block-quote is-layout-flow wp-block-quote-is-layout-flow\"><p><span class=\"has-inline-color has-luminous-vivid-orange-color\">N\u00e3o basta impulsionar avan\u00e7os tecnol\u00f3gicos \u2014 \u00e9 fundamental criar pontes entre a tecnologia e a transforma\u00e7\u00e3o social real\u201d, afirmou.<\/span><\/p><\/blockquote>\n\n\n\n<div class=\"wp-block-image\"><figure class=\"aligncenter size-large is-resized\"><a href=\"https:\/\/www.instagram.com\/gruposei\/\"><img loading=\"lazy\" decoding=\"async\" src=\"https:\/\/jornalfatosenoticias.com.br\/wp-content\/uploads\/2022\/07\/Logo-Grupo-SEI.jpg\" alt=\"\" class=\"wp-image-31973\" width=\"383\" height=\"201\" srcset=\"https:\/\/jornalfatosenoticias.com.br\/wp-content\/uploads\/2022\/07\/Logo-Grupo-SEI.jpg 713w, https:\/\/jornalfatosenoticias.com.br\/wp-content\/uploads\/2022\/07\/Logo-Grupo-SEI-300x158.jpg 300w\" sizes=\"auto, (max-width: 383px) 100vw, 383px\" \/><\/a><\/figure><\/div>\n\n\n\n<p>A pesquisa mostra que uma das ferramentas usadas pelos pais \u00e9 o controle do tempo de navega\u00e7\u00e3o na internet. Segundo o estudo, entre crian\u00e7as de at\u00e9 12 anos, o controle tende a ser mais r\u00edgido e constante, inclusive com o uso de mecanismos de monitoramento. No entanto, apenas 20% dos pais responderam que pretendem usar futuramente alguma ferramenta de controle. J\u00e1 entre os adolescentes de 13 a 17 anos, a supervis\u00e3o tende a diminuir. Os pais ainda acompanham, mas de forma mais flex\u00edvel, permitindo maior autonomia.<\/p>\n\n\n\n<div class=\"wp-block-image\"><figure class=\"aligncenter size-large is-resized\"><a href=\"https:\/\/www.instagram.com\/serra4x4cambioautomatico\/\"><img loading=\"lazy\" decoding=\"async\" src=\"https:\/\/jornalfatosenoticias.com.br\/wp-content\/uploads\/2024\/08\/Serra-4x4-1-886x1024.jpg\" alt=\"\" class=\"wp-image-53632\" width=\"271\" height=\"313\" srcset=\"https:\/\/jornalfatosenoticias.com.br\/wp-content\/uploads\/2024\/08\/Serra-4x4-1-886x1024.jpg 886w, https:\/\/jornalfatosenoticias.com.br\/wp-content\/uploads\/2024\/08\/Serra-4x4-1-260x300.jpg 260w, https:\/\/jornalfatosenoticias.com.br\/wp-content\/uploads\/2024\/08\/Serra-4x4-1-768x888.jpg 768w, https:\/\/jornalfatosenoticias.com.br\/wp-content\/uploads\/2024\/08\/Serra-4x4-1.jpg 1181w\" sizes=\"auto, (max-width: 271px) 100vw, 271px\" \/><\/a><\/figure><\/div>\n\n\n\n<p>Para o diretor-geral da Offerwise, J\u00falio Calil, o cen\u00e1rio mostra a necessidade de desenvolvimento de espa\u00e7os de acolhimento e orienta\u00e7\u00e3o, tanto para os pais quanto para os filhos, como alternativas para prote\u00e7\u00e3o no ambiente digital. <\/p>\n\n\n\n<blockquote class=\"wp-block-quote is-layout-flow wp-block-quote-is-layout-flow\"><p><span class=\"has-inline-color has-luminous-vivid-orange-color\">Os resultados da pesquisa nos mostram que a popula\u00e7\u00e3o enxerga a necessidade de um esfor\u00e7o conjunto para criar espa\u00e7os mais seguros e de apoio nas escolas, especialmente diante do uso precoce e intenso das redes sociais\u201d, apontou.<\/span><\/p><\/blockquote>\n\n\n\n<div class=\"wp-block-image\"><figure class=\"aligncenter size-large is-resized\"><a href=\"https:\/\/www.instagram.com\/rcradiadores\/\"><img loading=\"lazy\" decoding=\"async\" src=\"https:\/\/jornalfatosenoticias.com.br\/wp-content\/uploads\/2022\/10\/RC_800x750_page-0001.jpg\" alt=\"\" class=\"wp-image-35338\" width=\"281\" height=\"263\" srcset=\"https:\/\/jornalfatosenoticias.com.br\/wp-content\/uploads\/2022\/10\/RC_800x750_page-0001.jpg 400w, https:\/\/jornalfatosenoticias.com.br\/wp-content\/uploads\/2022\/10\/RC_800x750_page-0001-300x281.jpg 300w\" sizes=\"auto, (max-width: 281px) 100vw, 281px\" \/><\/a><\/figure><\/div>\n\n\n\n<p><strong><span class=\"has-inline-color has-vivid-purple-color\">Plataformas<br><\/span><\/strong>Recentemente, as principais plataformas digitais modificaram suas regras para restringir ou excluir a modera\u00e7\u00e3o de conte\u00fados publicados na internet, dificultando a identifica\u00e7\u00e3o de contas ou publica\u00e7\u00f5es com conte\u00fados considerados criminosos. Para o professor adjunto de psicologia da Universidade Federal de Pernambuco (UFPE), Luciano Meira, tal decis\u00e3o parece priorizar interesses comerciais e pol\u00edticos dos propriet\u00e1rios das redes.<\/p>\n\n\n\n<div class=\"wp-block-image\"><figure class=\"aligncenter size-large is-resized\"><a href=\"https:\/\/www.instagram.com\/esteio.churrascaria\/\"><img loading=\"lazy\" decoding=\"async\" src=\"https:\/\/jornalfatosenoticias.com.br\/wp-content\/uploads\/2022\/02\/LOGO-ESTEIO-1024x730.png\" alt=\"\" class=\"wp-image-27942\" width=\"315\" height=\"224\" srcset=\"https:\/\/jornalfatosenoticias.com.br\/wp-content\/uploads\/2022\/02\/LOGO-ESTEIO-1024x730.png 1024w, https:\/\/jornalfatosenoticias.com.br\/wp-content\/uploads\/2022\/02\/LOGO-ESTEIO-300x214.png 300w, https:\/\/jornalfatosenoticias.com.br\/wp-content\/uploads\/2022\/02\/LOGO-ESTEIO-768x548.png 768w, https:\/\/jornalfatosenoticias.com.br\/wp-content\/uploads\/2022\/02\/LOGO-ESTEIO.png 1123w\" sizes=\"auto, (max-width: 315px) 100vw, 315px\" \/><\/a><\/figure><\/div>\n\n\n\n<blockquote class=\"wp-block-quote is-layout-flow wp-block-quote-is-layout-flow\"><p><span class=\"has-inline-color has-luminous-vivid-orange-color\">\u201cEssa decis\u00e3o diminui a responsabilidade social das big techs, das corpora\u00e7\u00f5es, das organiza\u00e7\u00f5es controladoras das plataformas. Isso tem um impacto direto na prolifera\u00e7\u00e3o de \u00f3dio, desinforma\u00e7\u00e3o, conte\u00fados prejudiciais em diversas camadas, especialmente, entre popula\u00e7\u00f5es vulner\u00e1veis. Muitos jovens ficam mais expostos a conte\u00fados inadequados sem essa modera\u00e7\u00e3o, e quando se trata de desinforma\u00e7\u00e3o, isso ataca institui\u00e7\u00f5es e a pr\u00f3pria democracia\u201d, avaliou.<\/span><\/p><\/blockquote>\n\n\n\n<div class=\"wp-block-image\"><figure class=\"aligncenter size-large is-resized\"><a href=\"https:\/\/www.instagram.com\/restaurantepegoretti\/\"><img loading=\"lazy\" decoding=\"async\" src=\"https:\/\/jornalfatosenoticias.com.br\/wp-content\/uploads\/2023\/12\/pegoretti-logo-pdf-1024x389.jpg\" alt=\"\" class=\"wp-image-47536\" width=\"519\" height=\"197\" srcset=\"https:\/\/jornalfatosenoticias.com.br\/wp-content\/uploads\/2023\/12\/pegoretti-logo-pdf-1024x389.jpg 1024w, https:\/\/jornalfatosenoticias.com.br\/wp-content\/uploads\/2023\/12\/pegoretti-logo-pdf-300x114.jpg 300w, https:\/\/jornalfatosenoticias.com.br\/wp-content\/uploads\/2023\/12\/pegoretti-logo-pdf-768x291.jpg 768w, https:\/\/jornalfatosenoticias.com.br\/wp-content\/uploads\/2023\/12\/pegoretti-logo-pdf.jpg 1120w\" sizes=\"auto, (max-width: 519px) 100vw, 519px\" \/><\/a><\/figure><\/div>\n\n\n\n<p>Na outra ponta, o Supremo Tribunal Federal (STF) est\u00e1 julgando a constitucionalidade do Artigo 19 do Marco Civil da Internet (Lei 12.965\/2014), segundo o qual, provedores, websites e redes sociais s\u00f3 podem ser responsabilizados por conte\u00fado ofensivo ou danoso postado por usu\u00e1rios caso descumpram uma ordem judicial de remo\u00e7\u00e3o.<\/p>\n\n\n\n<div class=\"wp-block-image\"><figure class=\"aligncenter size-large is-resized\"><a href=\"https:\/\/hotelmarquetti.com.br\/\"><img loading=\"lazy\" decoding=\"async\" src=\"https:\/\/jornalfatosenoticias.com.br\/wp-content\/uploads\/2020\/02\/LOGO-MQ-1024x680.jpg\" alt=\"\" class=\"wp-image-58299\" width=\"352\" height=\"234\" srcset=\"https:\/\/jornalfatosenoticias.com.br\/wp-content\/uploads\/2020\/02\/LOGO-MQ-1024x680.jpg 1024w, https:\/\/jornalfatosenoticias.com.br\/wp-content\/uploads\/2020\/02\/LOGO-MQ-300x199.jpg 300w, https:\/\/jornalfatosenoticias.com.br\/wp-content\/uploads\/2020\/02\/LOGO-MQ-768x510.jpg 768w, https:\/\/jornalfatosenoticias.com.br\/wp-content\/uploads\/2020\/02\/LOGO-MQ-1536x1020.jpg 1536w, https:\/\/jornalfatosenoticias.com.br\/wp-content\/uploads\/2020\/02\/LOGO-MQ-2048x1360.jpg 2048w\" sizes=\"auto, (max-width: 352px) 100vw, 352px\" \/><\/a><\/figure><\/div>\n\n\n\n<p>Ph.D. em educa\u00e7\u00e3o matem\u00e1tica pela Universidade da Calif\u00f3rnia e mestre em psicologia cognitiva, Meira pontua que a aus\u00eancia de uma decis\u00e3o sobre o tema pode levar a uma potencial sobrecarga judicial. \u201cPode haver um aumento consider\u00e1vel de casos judiciais justamente pela falta dessas a\u00e7\u00f5es preventivas. Ent\u00e3o, \u00e9 poss\u00edvel preservar a liberdade de express\u00e3o com modera\u00e7\u00e3o respons\u00e1vel. A meu ver, o posicionamento \u00e9 uma rediscuss\u00e3o do Artigo 19 do Marco Civil da Internet para fortalecer o que seria a prote\u00e7\u00e3o social, n\u00e3o s\u00f3 de crian\u00e7as e jovens, mas de avaliar o que se faz com o grupo de idosos hoje, vulnerabilizados por todo um conjunto de ataques, de coopta\u00e7\u00e3o a determinados tipos de ideologia\u201d, acrescentou.<\/p>\n\n\n\n<div class=\"wp-block-image\"><figure class=\"aligncenter size-large is-resized\"><a href=\"https:\/\/www.ithbrasil.com.br\/\"><img loading=\"lazy\" decoding=\"async\" src=\"https:\/\/jornalfatosenoticias.com.br\/wp-content\/uploads\/2023\/08\/ITH.jpeg\" alt=\"\" class=\"wp-image-44638\" width=\"292\" height=\"237\" srcset=\"https:\/\/jornalfatosenoticias.com.br\/wp-content\/uploads\/2023\/08\/ITH.jpeg 800w, https:\/\/jornalfatosenoticias.com.br\/wp-content\/uploads\/2023\/08\/ITH-300x244.jpeg 300w, https:\/\/jornalfatosenoticias.com.br\/wp-content\/uploads\/2023\/08\/ITH-768x624.jpeg 768w\" sizes=\"auto, (max-width: 292px) 100vw, 292px\" \/><\/a><\/figure><\/div>\n\n\n\n<p>Al\u00e9m disso, tramita no Congresso Nacional o Projeto de Lei 2.630 de 2020, conhecido como PL das Fake News, principal proposta de regula\u00e7\u00e3o das plataformas digitais. O texto j\u00e1 foi aprovado pelo Senado e est\u00e1 travado na C\u00e2mara dos Deputados. A proposta trata da responsabilidade civil das plataformas e tamb\u00e9m tem elementos de preven\u00e7\u00e3o \u00e0 dissemina\u00e7\u00e3o de conte\u00fados ilegais e danosos a indiv\u00edduos ou a coletividades.<\/p>\n\n\n\n<div class=\"wp-block-image\"><figure class=\"aligncenter size-large is-resized\"><a href=\"https:\/\/www.controlsystems.com.br\/\"><img loading=\"lazy\" decoding=\"async\" src=\"https:\/\/jornalfatosenoticias.com.br\/wp-content\/uploads\/2020\/02\/CONTROL-CS.jpg\" alt=\"\" class=\"wp-image-44991\" width=\"254\" height=\"305\" srcset=\"https:\/\/jornalfatosenoticias.com.br\/wp-content\/uploads\/2020\/02\/CONTROL-CS.jpg 834w, https:\/\/jornalfatosenoticias.com.br\/wp-content\/uploads\/2020\/02\/CONTROL-CS-250x300.jpg 250w, https:\/\/jornalfatosenoticias.com.br\/wp-content\/uploads\/2020\/02\/CONTROL-CS-768x921.jpg 768w\" sizes=\"auto, (max-width: 254px) 100vw, 254px\" \/><\/a><\/figure><\/div>\n\n\n\n<p>\u201cRegular essas plataformas \u00e9 vital para que tenhamos a manuten\u00e7\u00e3o de um espa\u00e7o social on-line, produtivo e saud\u00e1vel para todas as pessoas \u2014 principalmente jovens e crian\u00e7as que t\u00eam menos mecanismos individuais de prote\u00e7\u00e3o\u201d, afirmou. \u201cAqueles que defendem a desregulamenta\u00e7\u00e3o total das redes certamente t\u00eam uma ideia fr\u00e1gil e inconsistente do que \u00e9 liberdade. Uma liberdade restrita sem controle social destr\u00f3i, degenera as bases da nossa capacidade de construir e de fazer evoluir uma civiliza\u00e7\u00e3o. Ent\u00e3o, claramente, a autorregula\u00e7\u00e3o \u00e9 insuficiente, especialmente em se tratando de empresas que buscam lucro atrav\u00e9s, por exemplo, da publicidade, do com\u00e9rcio, enfim, as grandes plataformas, as big techs\u201d, alertou.<\/p>\n\n\n\n<div class=\"wp-block-image\"><figure class=\"aligncenter size-large is-resized\"><a href=\"https:\/\/www.legisjuris.com.br\/\"><img loading=\"lazy\" decoding=\"async\" src=\"https:\/\/jornalfatosenoticias.com.br\/wp-content\/uploads\/2024\/09\/Legis-Juris-Consultoria_logo.jpg\" alt=\"\" class=\"wp-image-53915\" width=\"518\" height=\"217\" srcset=\"https:\/\/jornalfatosenoticias.com.br\/wp-content\/uploads\/2024\/09\/Legis-Juris-Consultoria_logo.jpg 969w, https:\/\/jornalfatosenoticias.com.br\/wp-content\/uploads\/2024\/09\/Legis-Juris-Consultoria_logo-300x126.jpg 300w, https:\/\/jornalfatosenoticias.com.br\/wp-content\/uploads\/2024\/09\/Legis-Juris-Consultoria_logo-768x322.jpg 768w\" sizes=\"auto, (max-width: 518px) 100vw, 518px\" \/><\/a><\/figure><\/div>\n\n\n\n<p>Enquanto n\u00e3o h\u00e1 uma decis\u00e3o sobre o tema, o professor considera necess\u00e1rio construir um ambiente de confian\u00e7a, na escola, na fam\u00edlia e nos demais espa\u00e7os onde crian\u00e7as e jovens s\u00e3o acolhidos para evitar que crian\u00e7as e adolescentes acabem sendo submetidos a situa\u00e7\u00f5es de dissemina\u00e7\u00e3o de \u00f3dio e bullying, entre outras.<\/p>\n\n\n\n<div class=\"wp-block-image\"><figure class=\"aligncenter size-large\"><a href=\"http:\/\/www.ferrarimaquinas.com.br\/\"><img loading=\"lazy\" decoding=\"async\" width=\"300\" height=\"250\" src=\"https:\/\/jornalfatosenoticias.com.br\/wp-content\/uploads\/2022\/02\/FERRARI_MAQUINAS-E-FERRAMENTAS2.jpg\" alt=\"\" class=\"wp-image-27860\"\/><\/a><\/figure><\/div>\n\n\n\n<p>O principal \u00e9 a constru\u00e7\u00e3o da confian\u00e7a entre as pessoas. Sem a constru\u00e7\u00e3o desses la\u00e7os, desse relacionamento baseado na confian\u00e7a, qualquer dessas estrat\u00e9gias n\u00e3o ter\u00e1 os efeitos desejados. A primeira orienta\u00e7\u00e3o \u00e9 estabelecer um di\u00e1logo aberto. Ent\u00e3o, pais, m\u00e3es, filhos e filhas, eles t\u00eam que, de alguma forma, estabelecer, manter, ou evoluir essa interlocu\u00e7\u00e3o confiante.<\/p>\n\n\n\n<div class=\"wp-block-image\"><figure class=\"aligncenter size-large is-resized\"><a href=\"https:\/\/www.facebook.com\/vetor.vix\/\"><img loading=\"lazy\" decoding=\"async\" src=\"https:\/\/jornalfatosenoticias.com.br\/wp-content\/uploads\/2023\/09\/vetorvix1024_1.jpg\" alt=\"\" class=\"wp-image-44868\" width=\"543\" height=\"144\" srcset=\"https:\/\/jornalfatosenoticias.com.br\/wp-content\/uploads\/2023\/09\/vetorvix1024_1.jpg 1024w, https:\/\/jornalfatosenoticias.com.br\/wp-content\/uploads\/2023\/09\/vetorvix1024_1-300x80.jpg 300w, https:\/\/jornalfatosenoticias.com.br\/wp-content\/uploads\/2023\/09\/vetorvix1024_1-768x205.jpg 768w\" sizes=\"auto, (max-width: 543px) 100vw, 543px\" \/><\/a><\/figure><\/div>\n\n\n\n<p>De acordo com Meira, esse ambiente propicia a realiza\u00e7\u00e3o de conversas sobre os riscos on-line e tamb\u00e9m sobre a forma como se d\u00e3o os relacionamentos com e nas redes sociais. \u201cEu entendo que essas s\u00e3o conversas \u00edntimas que, baseadas na confian\u00e7a, podem progredir de forma saud\u00e1vel\u201d, afirmou.<\/p>\n\n\n\n<div class=\"wp-block-image\"><figure class=\"aligncenter size-large is-resized\"><a href=\"https:\/\/www.facebook.com\/postobkr\/?locale=pt_BR\"><img loading=\"lazy\" decoding=\"async\" src=\"https:\/\/jornalfatosenoticias.com.br\/wp-content\/uploads\/2023\/08\/BKR-1024x1021.jpg\" alt=\"\" class=\"wp-image-44494\" width=\"295\" height=\"294\" srcset=\"https:\/\/jornalfatosenoticias.com.br\/wp-content\/uploads\/2023\/08\/BKR-1024x1021.jpg 1024w, https:\/\/jornalfatosenoticias.com.br\/wp-content\/uploads\/2023\/08\/BKR-300x300.jpg 300w, https:\/\/jornalfatosenoticias.com.br\/wp-content\/uploads\/2023\/08\/BKR-150x150.jpg 150w, https:\/\/jornalfatosenoticias.com.br\/wp-content\/uploads\/2023\/08\/BKR-768x766.jpg 768w, https:\/\/jornalfatosenoticias.com.br\/wp-content\/uploads\/2023\/08\/BKR.jpg 1080w\" sizes=\"auto, (max-width: 295px) 100vw, 295px\" \/><\/a><\/figure><\/div>\n\n\n\n<p>Outro ponto defendido pelo professor \u00e9 o estabelecimento de limites claros sobre o uso da internet e de redes sociais como, por exemplo, de tempo e de tipos de relacionamento. <\/p>\n\n\n\n<blockquote class=\"wp-block-quote is-layout-flow wp-block-quote-is-layout-flow\"><p><span class=\"has-inline-color has-luminous-vivid-orange-color\">Isso n\u00e3o vai ser realizado, n\u00e3o vai ser cumprido se n\u00e3o existir um di\u00e1logo aberto em que crian\u00e7as e adolescentes entendam que existem conte\u00fados inadequados e que precisam ter senso cr\u00edtico, ter seu pensamento e formas de racioc\u00ednio. No entanto, nessa faixa et\u00e1ria, eles simplesmente ainda n\u00e3o conseguem capturar os riscos. Por isso, precisam de um adulto que tenha pelo menos uma intui\u00e7\u00e3o mais apurada para identificar formas de cyberbullying, de exposi\u00e7\u00e3o excessiva, de conte\u00fados inadequados, de contato com estranhos entre outros tipos de relacionamentos\u201d, disse.<\/span><\/p><\/blockquote>\n\n\n\n<div class=\"wp-block-image\"><figure class=\"aligncenter size-large is-resized\"><a href=\"https:\/\/www.instagram.com\/serra4x4cambioautomatico\/\"><img loading=\"lazy\" decoding=\"async\" src=\"https:\/\/jornalfatosenoticias.com.br\/wp-content\/uploads\/2024\/08\/Serra-4x4-1-886x1024.jpg\" alt=\"\" class=\"wp-image-53632\" width=\"281\" height=\"324\" srcset=\"https:\/\/jornalfatosenoticias.com.br\/wp-content\/uploads\/2024\/08\/Serra-4x4-1-886x1024.jpg 886w, https:\/\/jornalfatosenoticias.com.br\/wp-content\/uploads\/2024\/08\/Serra-4x4-1-260x300.jpg 260w, https:\/\/jornalfatosenoticias.com.br\/wp-content\/uploads\/2024\/08\/Serra-4x4-1-768x888.jpg 768w, https:\/\/jornalfatosenoticias.com.br\/wp-content\/uploads\/2024\/08\/Serra-4x4-1.jpg 1181w\" sizes=\"auto, (max-width: 281px) 100vw, 281px\" \/><\/a><\/figure><\/div>\n\n\n\n<p>Luciano Meira ressalta que pais e respons\u00e1veis tendem a simplesmente restringir ou proibir o uso de redes sociais, sem um di\u00e1logo consistente sobre o porqu\u00ea da decis\u00e3o. <strong><em>\u201cSinto dizer que os respons\u00e1veis o pro\u00edbem de uma forma muito autocr\u00e1tica e que talvez n\u00e3o surta efeito, porque n\u00e3o se tem controle absoluto sobre o que acontece na vida de absolutamente ningu\u00e9m. Voc\u00ea pode estabelecer uma forma de monitoramento participativo, em que busca conhecer, e esse monitoramento pode ser apoiado, do ponto de vista t\u00e9cnico, inclusive por softwares, com aplica\u00e7\u00f5es computacionais que voc\u00ea instala no notebook, no computador de mesa ou no dispositivo m\u00f3vel dessa crian\u00e7a ou jovem para ter acesso ao que est\u00e1 acontecendo nesses dispositivos\u201d, sugeriu.<\/em><\/strong><\/p>\n\n\n\n<div class=\"wp-block-image\"><figure class=\"aligncenter size-large is-resized\"><a href=\"https:\/\/www.facebook.com\/profile.php?id=100069289606145\"><img loading=\"lazy\" decoding=\"async\" src=\"https:\/\/jornalfatosenoticias.com.br\/wp-content\/uploads\/2024\/11\/Guaitolini-Contabilidade-1024x714.jpeg\" alt=\"\" class=\"wp-image-55808\" width=\"315\" height=\"219\" srcset=\"https:\/\/jornalfatosenoticias.com.br\/wp-content\/uploads\/2024\/11\/Guaitolini-Contabilidade-1024x714.jpeg 1024w, https:\/\/jornalfatosenoticias.com.br\/wp-content\/uploads\/2024\/11\/Guaitolini-Contabilidade-300x209.jpeg 300w, https:\/\/jornalfatosenoticias.com.br\/wp-content\/uploads\/2024\/11\/Guaitolini-Contabilidade-768x535.jpeg 768w, https:\/\/jornalfatosenoticias.com.br\/wp-content\/uploads\/2024\/11\/Guaitolini-Contabilidade.jpeg 1280w\" sizes=\"auto, (max-width: 315px) 100vw, 315px\" \/><\/a><\/figure><\/div>\n\n\n\n<p>Por fim, o professor defende que n\u00e3o se deve deixar de lado o mundo real e exemplifica com a legisla\u00e7\u00e3o que pro\u00edbe o uso de celulares nas escolas. \u201cMais recentemente, as escolas t\u00eam visto alguma movimenta\u00e7\u00e3o em torno das crian\u00e7as voltarem a construir rela\u00e7\u00f5es no mundo f\u00edsico. Por exemplo, ao proibir o uso de dispositivos nas escolas, convidam as crian\u00e7as para uma exist\u00eancia que \u00e9 tamb\u00e9m off-line. No final das contas, um equil\u00edbrio \u00e9 necess\u00e1rio entre esses mundos para que no final a gente tenha a constru\u00e7\u00e3o de relacionamentos sociais mais duradouros e que ganhe sustenta\u00e7\u00e3o na confian\u00e7a entre as pessoas e n\u00e3o apenas em algoritmos\u201d, concluiu.<\/p>\n\n\n\n<div class=\"wp-block-image\"><figure class=\"aligncenter size-large is-resized\"><a href=\"https:\/\/www.instagram.com\/rcradiadores\/\"><img loading=\"lazy\" decoding=\"async\" src=\"https:\/\/jornalfatosenoticias.com.br\/wp-content\/uploads\/2022\/10\/RC_800x750_page-0001.jpg\" alt=\"\" class=\"wp-image-35338\" width=\"324\" height=\"304\" srcset=\"https:\/\/jornalfatosenoticias.com.br\/wp-content\/uploads\/2022\/10\/RC_800x750_page-0001.jpg 400w, https:\/\/jornalfatosenoticias.com.br\/wp-content\/uploads\/2022\/10\/RC_800x750_page-0001-300x281.jpg 300w\" sizes=\"auto, (max-width: 324px) 100vw, 324px\" \/><\/a><\/figure><\/div>\n\n\n\n<p><strong>Fonte: <a href=\"https:\/\/www.google.com\/search?q=Fonte%3A+Canguru+News+https%3A%2F%2Fcangurunews.com.br%2Fadolescentes-nao-tem-apoio-para-lidar-com-as-redes-sociais-diz-estudo%2F&amp;rlz=1C1GCEU_pt-BRBR1161BR1161&amp;oq=Fonte%3A+Canguru+News+https%3A%2F%2Fcangurunews.com.br%2Fadolescentes-nao-tem-apoio-para-lidar-com-as-redes-sociais-diz-estudo%2F&amp;gs_lcrp=EgZjaHJvbWUyBggAEEUYOTIGCAEQRRg60gEIMzQ4NmowajSoAgCwAgE&amp;sourceid=chrome&amp;ie=UTF-8\">Canguru News<\/a><\/strong><\/p>\n","protected":false},"excerpt":{"rendered":"<p>Pesquisa mostra que o bullying est\u00e1 entre os maiores desafios de sa\u00fade mental Crian\u00e7as e adolescentes passam cada vez mais tempo conectados \u00e0s telas, mas n\u00e3o t\u00eam preparo emocional para lidar com os perigos do mundo virtual. \u00c9 o que mostra um estudo realizado em abril, com mil participantes maiores de 18 anos que t\u00eam [&hellip;]<\/p>\n","protected":false},"author":2,"featured_media":59624,"comment_status":"open","ping_status":"open","sticky":false,"template":"","format":"standard","meta":{"footnotes":""},"categories":[2522],"tags":[5576,9000,21818,1563,688],"class_list":["post-59623","post","type-post","status-publish","format-standard","has-post-thumbnail","hentry","category-comportamento","tag-bullying","tag-criancas-e-adolescentes","tag-cyberbullying","tag-redes-sociais","tag-saude-mental"],"yoast_head":"<!-- This site is optimized with the Yoast SEO plugin v26.5 - https:\/\/yoast.com\/wordpress\/plugins\/seo\/ -->\n<title>Adolescentes n\u00e3o t\u00eam apoio para lidar com as redes sociais, diz estudo - Jornal Fatos e Not\u00edcias<\/title>\n<meta name=\"robots\" content=\"index, follow, max-snippet:-1, max-image-preview:large, max-video-preview:-1\" \/>\n<link rel=\"canonical\" href=\"https:\/\/jornalfatosenoticias.com.br\/index.php\/2025\/06\/02\/adolescentes-nao-tem-apoio-para-lidar-com-as-redes-sociais-diz-estudo\/\" \/>\n<meta property=\"og:locale\" content=\"pt_BR\" \/>\n<meta property=\"og:type\" content=\"article\" \/>\n<meta property=\"og:title\" content=\"Adolescentes n\u00e3o t\u00eam apoio para lidar com as redes sociais, diz estudo - Jornal Fatos e Not\u00edcias\" \/>\n<meta property=\"og:description\" content=\"Pesquisa mostra que o bullying est\u00e1 entre os maiores desafios de sa\u00fade mental Crian\u00e7as e adolescentes passam cada vez mais tempo conectados \u00e0s telas, mas n\u00e3o t\u00eam preparo emocional para lidar com os perigos do mundo virtual. \u00c9 o que mostra um estudo realizado em abril, com mil participantes maiores de 18 anos que t\u00eam [&hellip;]\" \/>\n<meta property=\"og:url\" content=\"https:\/\/jornalfatosenoticias.com.br\/index.php\/2025\/06\/02\/adolescentes-nao-tem-apoio-para-lidar-com-as-redes-sociais-diz-estudo\/\" \/>\n<meta property=\"og:site_name\" content=\"Jornal Fatos e Not\u00edcias\" \/>\n<meta property=\"article:published_time\" content=\"2025-06-02T18:12:55+00:00\" \/>\n<meta property=\"article:modified_time\" content=\"2025-06-02T18:12:56+00:00\" \/>\n<meta property=\"og:image\" content=\"https:\/\/jornalfatosenoticias.com.br\/wp-content\/uploads\/2025\/06\/adolescentes-redes-sociais_freepik.jpg\" \/>\n\t<meta property=\"og:image:width\" content=\"1000\" \/>\n\t<meta property=\"og:image:height\" content=\"666\" \/>\n\t<meta property=\"og:image:type\" content=\"image\/jpeg\" \/>\n<meta name=\"author\" content=\"Luzimara Fernandes\" \/>\n<meta name=\"twitter:card\" content=\"summary_large_image\" \/>\n<meta name=\"twitter:label1\" content=\"Escrito por\" \/>\n\t<meta name=\"twitter:data1\" content=\"Luzimara Fernandes\" \/>\n\t<meta name=\"twitter:label2\" content=\"Est. tempo de leitura\" \/>\n\t<meta name=\"twitter:data2\" content=\"8 minutos\" \/>\n<script type=\"application\/ld+json\" class=\"yoast-schema-graph\">{\"@context\":\"https:\/\/schema.org\",\"@graph\":[{\"@type\":\"Article\",\"@id\":\"https:\/\/jornalfatosenoticias.com.br\/index.php\/2025\/06\/02\/adolescentes-nao-tem-apoio-para-lidar-com-as-redes-sociais-diz-estudo\/#article\",\"isPartOf\":{\"@id\":\"https:\/\/jornalfatosenoticias.com.br\/index.php\/2025\/06\/02\/adolescentes-nao-tem-apoio-para-lidar-com-as-redes-sociais-diz-estudo\/\"},\"author\":{\"name\":\"Luzimara Fernandes\",\"@id\":\"https:\/\/jornalfatosenoticias.com.br\/#\/schema\/person\/d63837fa13ac8666eb9e74e0985d6f81\"},\"headline\":\"Adolescentes n\u00e3o t\u00eam apoio para lidar com as redes sociais, diz estudo\",\"datePublished\":\"2025-06-02T18:12:55+00:00\",\"dateModified\":\"2025-06-02T18:12:56+00:00\",\"mainEntityOfPage\":{\"@id\":\"https:\/\/jornalfatosenoticias.com.br\/index.php\/2025\/06\/02\/adolescentes-nao-tem-apoio-para-lidar-com-as-redes-sociais-diz-estudo\/\"},\"wordCount\":1572,\"commentCount\":0,\"publisher\":{\"@id\":\"https:\/\/jornalfatosenoticias.com.br\/#organization\"},\"image\":{\"@id\":\"https:\/\/jornalfatosenoticias.com.br\/index.php\/2025\/06\/02\/adolescentes-nao-tem-apoio-para-lidar-com-as-redes-sociais-diz-estudo\/#primaryimage\"},\"thumbnailUrl\":\"https:\/\/jornalfatosenoticias.com.br\/wp-content\/uploads\/2025\/06\/adolescentes-redes-sociais_freepik.jpg\",\"keywords\":[\"bullying\",\"crian\u00e7as e adolescentes\",\"cyberbullying\",\"redes sociais\",\"sa\u00fade mental\"],\"articleSection\":[\"Comportamento &amp; Equil\u00edbrio\"],\"inLanguage\":\"pt-BR\",\"potentialAction\":[{\"@type\":\"CommentAction\",\"name\":\"Comment\",\"target\":[\"https:\/\/jornalfatosenoticias.com.br\/index.php\/2025\/06\/02\/adolescentes-nao-tem-apoio-para-lidar-com-as-redes-sociais-diz-estudo\/#respond\"]}]},{\"@type\":\"WebPage\",\"@id\":\"https:\/\/jornalfatosenoticias.com.br\/index.php\/2025\/06\/02\/adolescentes-nao-tem-apoio-para-lidar-com-as-redes-sociais-diz-estudo\/\",\"url\":\"https:\/\/jornalfatosenoticias.com.br\/index.php\/2025\/06\/02\/adolescentes-nao-tem-apoio-para-lidar-com-as-redes-sociais-diz-estudo\/\",\"name\":\"Adolescentes n\u00e3o t\u00eam apoio para lidar com as redes sociais, diz estudo - Jornal Fatos e Not\u00edcias\",\"isPartOf\":{\"@id\":\"https:\/\/jornalfatosenoticias.com.br\/#website\"},\"primaryImageOfPage\":{\"@id\":\"https:\/\/jornalfatosenoticias.com.br\/index.php\/2025\/06\/02\/adolescentes-nao-tem-apoio-para-lidar-com-as-redes-sociais-diz-estudo\/#primaryimage\"},\"image\":{\"@id\":\"https:\/\/jornalfatosenoticias.com.br\/index.php\/2025\/06\/02\/adolescentes-nao-tem-apoio-para-lidar-com-as-redes-sociais-diz-estudo\/#primaryimage\"},\"thumbnailUrl\":\"https:\/\/jornalfatosenoticias.com.br\/wp-content\/uploads\/2025\/06\/adolescentes-redes-sociais_freepik.jpg\",\"datePublished\":\"2025-06-02T18:12:55+00:00\",\"dateModified\":\"2025-06-02T18:12:56+00:00\",\"breadcrumb\":{\"@id\":\"https:\/\/jornalfatosenoticias.com.br\/index.php\/2025\/06\/02\/adolescentes-nao-tem-apoio-para-lidar-com-as-redes-sociais-diz-estudo\/#breadcrumb\"},\"inLanguage\":\"pt-BR\",\"potentialAction\":[{\"@type\":\"ReadAction\",\"target\":[\"https:\/\/jornalfatosenoticias.com.br\/index.php\/2025\/06\/02\/adolescentes-nao-tem-apoio-para-lidar-com-as-redes-sociais-diz-estudo\/\"]}]},{\"@type\":\"ImageObject\",\"inLanguage\":\"pt-BR\",\"@id\":\"https:\/\/jornalfatosenoticias.com.br\/index.php\/2025\/06\/02\/adolescentes-nao-tem-apoio-para-lidar-com-as-redes-sociais-diz-estudo\/#primaryimage\",\"url\":\"https:\/\/jornalfatosenoticias.com.br\/wp-content\/uploads\/2025\/06\/adolescentes-redes-sociais_freepik.jpg\",\"contentUrl\":\"https:\/\/jornalfatosenoticias.com.br\/wp-content\/uploads\/2025\/06\/adolescentes-redes-sociais_freepik.jpg\",\"width\":1000,\"height\":666},{\"@type\":\"BreadcrumbList\",\"@id\":\"https:\/\/jornalfatosenoticias.com.br\/index.php\/2025\/06\/02\/adolescentes-nao-tem-apoio-para-lidar-com-as-redes-sociais-diz-estudo\/#breadcrumb\",\"itemListElement\":[{\"@type\":\"ListItem\",\"position\":1,\"name\":\"In\u00edcio\",\"item\":\"https:\/\/jornalfatosenoticias.com.br\/\"},{\"@type\":\"ListItem\",\"position\":2,\"name\":\"Adolescentes n\u00e3o t\u00eam apoio para lidar com as redes sociais, diz estudo\"}]},{\"@type\":\"WebSite\",\"@id\":\"https:\/\/jornalfatosenoticias.com.br\/#website\",\"url\":\"https:\/\/jornalfatosenoticias.com.br\/\",\"name\":\"Jornal Fatos e Not\u00edcias\",\"description\":\"Not\u00edcias em geral\",\"publisher\":{\"@id\":\"https:\/\/jornalfatosenoticias.com.br\/#organization\"},\"potentialAction\":[{\"@type\":\"SearchAction\",\"target\":{\"@type\":\"EntryPoint\",\"urlTemplate\":\"https:\/\/jornalfatosenoticias.com.br\/?s={search_term_string}\"},\"query-input\":{\"@type\":\"PropertyValueSpecification\",\"valueRequired\":true,\"valueName\":\"search_term_string\"}}],\"inLanguage\":\"pt-BR\"},{\"@type\":\"Organization\",\"@id\":\"https:\/\/jornalfatosenoticias.com.br\/#organization\",\"name\":\"Jornal Fatos e Not\u00edcias\",\"url\":\"https:\/\/jornalfatosenoticias.com.br\/\",\"logo\":{\"@type\":\"ImageObject\",\"inLanguage\":\"pt-BR\",\"@id\":\"https:\/\/jornalfatosenoticias.com.br\/#\/schema\/logo\/image\/\",\"url\":\"https:\/\/jornalfatosenoticias.com.br\/wp-content\/uploads\/2020\/02\/logo120.png\",\"contentUrl\":\"https:\/\/jornalfatosenoticias.com.br\/wp-content\/uploads\/2020\/02\/logo120.png\",\"width\":1227,\"height\":120,\"caption\":\"Jornal Fatos e Not\u00edcias\"},\"image\":{\"@id\":\"https:\/\/jornalfatosenoticias.com.br\/#\/schema\/logo\/image\/\"}},{\"@type\":\"Person\",\"@id\":\"https:\/\/jornalfatosenoticias.com.br\/#\/schema\/person\/d63837fa13ac8666eb9e74e0985d6f81\",\"name\":\"Luzimara Fernandes\",\"image\":{\"@type\":\"ImageObject\",\"inLanguage\":\"pt-BR\",\"@id\":\"https:\/\/jornalfatosenoticias.com.br\/#\/schema\/person\/image\/\",\"url\":\"https:\/\/jornalfatosenoticias.com.br\/wp-content\/uploads\/2025\/05\/EU_portal.jpg\",\"contentUrl\":\"https:\/\/jornalfatosenoticias.com.br\/wp-content\/uploads\/2025\/05\/EU_portal.jpg\",\"caption\":\"Luzimara Fernandes\"},\"description\":\"Jornalista MTB 2358-ES\",\"sameAs\":[\"https:\/\/jornalfatosenoticias.com.br\"],\"url\":\"https:\/\/jornalfatosenoticias.com.br\/index.php\/author\/luzimara\/\"}]}<\/script>\n<!-- \/ Yoast SEO plugin. -->","yoast_head_json":{"title":"Adolescentes n\u00e3o t\u00eam apoio para lidar com as redes sociais, diz estudo - Jornal Fatos e Not\u00edcias","robots":{"index":"index","follow":"follow","max-snippet":"max-snippet:-1","max-image-preview":"max-image-preview:large","max-video-preview":"max-video-preview:-1"},"canonical":"https:\/\/jornalfatosenoticias.com.br\/index.php\/2025\/06\/02\/adolescentes-nao-tem-apoio-para-lidar-com-as-redes-sociais-diz-estudo\/","og_locale":"pt_BR","og_type":"article","og_title":"Adolescentes n\u00e3o t\u00eam apoio para lidar com as redes sociais, diz estudo - Jornal Fatos e Not\u00edcias","og_description":"Pesquisa mostra que o bullying est\u00e1 entre os maiores desafios de sa\u00fade mental Crian\u00e7as e adolescentes passam cada vez mais tempo conectados \u00e0s telas, mas n\u00e3o t\u00eam preparo emocional para lidar com os perigos do mundo virtual. \u00c9 o que mostra um estudo realizado em abril, com mil participantes maiores de 18 anos que t\u00eam [&hellip;]","og_url":"https:\/\/jornalfatosenoticias.com.br\/index.php\/2025\/06\/02\/adolescentes-nao-tem-apoio-para-lidar-com-as-redes-sociais-diz-estudo\/","og_site_name":"Jornal Fatos e Not\u00edcias","article_published_time":"2025-06-02T18:12:55+00:00","article_modified_time":"2025-06-02T18:12:56+00:00","og_image":[{"width":1000,"height":666,"url":"https:\/\/jornalfatosenoticias.com.br\/wp-content\/uploads\/2025\/06\/adolescentes-redes-sociais_freepik.jpg","type":"image\/jpeg"}],"author":"Luzimara Fernandes","twitter_card":"summary_large_image","twitter_misc":{"Escrito por":"Luzimara Fernandes","Est. tempo de leitura":"8 minutos"},"schema":{"@context":"https:\/\/schema.org","@graph":[{"@type":"Article","@id":"https:\/\/jornalfatosenoticias.com.br\/index.php\/2025\/06\/02\/adolescentes-nao-tem-apoio-para-lidar-com-as-redes-sociais-diz-estudo\/#article","isPartOf":{"@id":"https:\/\/jornalfatosenoticias.com.br\/index.php\/2025\/06\/02\/adolescentes-nao-tem-apoio-para-lidar-com-as-redes-sociais-diz-estudo\/"},"author":{"name":"Luzimara Fernandes","@id":"https:\/\/jornalfatosenoticias.com.br\/#\/schema\/person\/d63837fa13ac8666eb9e74e0985d6f81"},"headline":"Adolescentes n\u00e3o t\u00eam apoio para lidar com as redes sociais, diz estudo","datePublished":"2025-06-02T18:12:55+00:00","dateModified":"2025-06-02T18:12:56+00:00","mainEntityOfPage":{"@id":"https:\/\/jornalfatosenoticias.com.br\/index.php\/2025\/06\/02\/adolescentes-nao-tem-apoio-para-lidar-com-as-redes-sociais-diz-estudo\/"},"wordCount":1572,"commentCount":0,"publisher":{"@id":"https:\/\/jornalfatosenoticias.com.br\/#organization"},"image":{"@id":"https:\/\/jornalfatosenoticias.com.br\/index.php\/2025\/06\/02\/adolescentes-nao-tem-apoio-para-lidar-com-as-redes-sociais-diz-estudo\/#primaryimage"},"thumbnailUrl":"https:\/\/jornalfatosenoticias.com.br\/wp-content\/uploads\/2025\/06\/adolescentes-redes-sociais_freepik.jpg","keywords":["bullying","crian\u00e7as e adolescentes","cyberbullying","redes sociais","sa\u00fade mental"],"articleSection":["Comportamento &amp; Equil\u00edbrio"],"inLanguage":"pt-BR","potentialAction":[{"@type":"CommentAction","name":"Comment","target":["https:\/\/jornalfatosenoticias.com.br\/index.php\/2025\/06\/02\/adolescentes-nao-tem-apoio-para-lidar-com-as-redes-sociais-diz-estudo\/#respond"]}]},{"@type":"WebPage","@id":"https:\/\/jornalfatosenoticias.com.br\/index.php\/2025\/06\/02\/adolescentes-nao-tem-apoio-para-lidar-com-as-redes-sociais-diz-estudo\/","url":"https:\/\/jornalfatosenoticias.com.br\/index.php\/2025\/06\/02\/adolescentes-nao-tem-apoio-para-lidar-com-as-redes-sociais-diz-estudo\/","name":"Adolescentes n\u00e3o t\u00eam apoio para lidar com as redes sociais, diz estudo - Jornal Fatos e Not\u00edcias","isPartOf":{"@id":"https:\/\/jornalfatosenoticias.com.br\/#website"},"primaryImageOfPage":{"@id":"https:\/\/jornalfatosenoticias.com.br\/index.php\/2025\/06\/02\/adolescentes-nao-tem-apoio-para-lidar-com-as-redes-sociais-diz-estudo\/#primaryimage"},"image":{"@id":"https:\/\/jornalfatosenoticias.com.br\/index.php\/2025\/06\/02\/adolescentes-nao-tem-apoio-para-lidar-com-as-redes-sociais-diz-estudo\/#primaryimage"},"thumbnailUrl":"https:\/\/jornalfatosenoticias.com.br\/wp-content\/uploads\/2025\/06\/adolescentes-redes-sociais_freepik.jpg","datePublished":"2025-06-02T18:12:55+00:00","dateModified":"2025-06-02T18:12:56+00:00","breadcrumb":{"@id":"https:\/\/jornalfatosenoticias.com.br\/index.php\/2025\/06\/02\/adolescentes-nao-tem-apoio-para-lidar-com-as-redes-sociais-diz-estudo\/#breadcrumb"},"inLanguage":"pt-BR","potentialAction":[{"@type":"ReadAction","target":["https:\/\/jornalfatosenoticias.com.br\/index.php\/2025\/06\/02\/adolescentes-nao-tem-apoio-para-lidar-com-as-redes-sociais-diz-estudo\/"]}]},{"@type":"ImageObject","inLanguage":"pt-BR","@id":"https:\/\/jornalfatosenoticias.com.br\/index.php\/2025\/06\/02\/adolescentes-nao-tem-apoio-para-lidar-com-as-redes-sociais-diz-estudo\/#primaryimage","url":"https:\/\/jornalfatosenoticias.com.br\/wp-content\/uploads\/2025\/06\/adolescentes-redes-sociais_freepik.jpg","contentUrl":"https:\/\/jornalfatosenoticias.com.br\/wp-content\/uploads\/2025\/06\/adolescentes-redes-sociais_freepik.jpg","width":1000,"height":666},{"@type":"BreadcrumbList","@id":"https:\/\/jornalfatosenoticias.com.br\/index.php\/2025\/06\/02\/adolescentes-nao-tem-apoio-para-lidar-com-as-redes-sociais-diz-estudo\/#breadcrumb","itemListElement":[{"@type":"ListItem","position":1,"name":"In\u00edcio","item":"https:\/\/jornalfatosenoticias.com.br\/"},{"@type":"ListItem","position":2,"name":"Adolescentes n\u00e3o t\u00eam apoio para lidar com as redes sociais, diz estudo"}]},{"@type":"WebSite","@id":"https:\/\/jornalfatosenoticias.com.br\/#website","url":"https:\/\/jornalfatosenoticias.com.br\/","name":"Jornal Fatos e Not\u00edcias","description":"Not\u00edcias em geral","publisher":{"@id":"https:\/\/jornalfatosenoticias.com.br\/#organization"},"potentialAction":[{"@type":"SearchAction","target":{"@type":"EntryPoint","urlTemplate":"https:\/\/jornalfatosenoticias.com.br\/?s={search_term_string}"},"query-input":{"@type":"PropertyValueSpecification","valueRequired":true,"valueName":"search_term_string"}}],"inLanguage":"pt-BR"},{"@type":"Organization","@id":"https:\/\/jornalfatosenoticias.com.br\/#organization","name":"Jornal Fatos e Not\u00edcias","url":"https:\/\/jornalfatosenoticias.com.br\/","logo":{"@type":"ImageObject","inLanguage":"pt-BR","@id":"https:\/\/jornalfatosenoticias.com.br\/#\/schema\/logo\/image\/","url":"https:\/\/jornalfatosenoticias.com.br\/wp-content\/uploads\/2020\/02\/logo120.png","contentUrl":"https:\/\/jornalfatosenoticias.com.br\/wp-content\/uploads\/2020\/02\/logo120.png","width":1227,"height":120,"caption":"Jornal Fatos e Not\u00edcias"},"image":{"@id":"https:\/\/jornalfatosenoticias.com.br\/#\/schema\/logo\/image\/"}},{"@type":"Person","@id":"https:\/\/jornalfatosenoticias.com.br\/#\/schema\/person\/d63837fa13ac8666eb9e74e0985d6f81","name":"Luzimara Fernandes","image":{"@type":"ImageObject","inLanguage":"pt-BR","@id":"https:\/\/jornalfatosenoticias.com.br\/#\/schema\/person\/image\/","url":"https:\/\/jornalfatosenoticias.com.br\/wp-content\/uploads\/2025\/05\/EU_portal.jpg","contentUrl":"https:\/\/jornalfatosenoticias.com.br\/wp-content\/uploads\/2025\/05\/EU_portal.jpg","caption":"Luzimara Fernandes"},"description":"Jornalista MTB 2358-ES","sameAs":["https:\/\/jornalfatosenoticias.com.br"],"url":"https:\/\/jornalfatosenoticias.com.br\/index.php\/author\/luzimara\/"}]}},"cc_featured_image_caption":{"caption_text":"(Foto: Freepik) ","source_text":"","source_url":""},"jetpack_featured_media_url":"https:\/\/jornalfatosenoticias.com.br\/wp-content\/uploads\/2025\/06\/adolescentes-redes-sociais_freepik.jpg","_links":{"self":[{"href":"https:\/\/jornalfatosenoticias.com.br\/index.php\/wp-json\/wp\/v2\/posts\/59623","targetHints":{"allow":["GET"]}}],"collection":[{"href":"https:\/\/jornalfatosenoticias.com.br\/index.php\/wp-json\/wp\/v2\/posts"}],"about":[{"href":"https:\/\/jornalfatosenoticias.com.br\/index.php\/wp-json\/wp\/v2\/types\/post"}],"author":[{"embeddable":true,"href":"https:\/\/jornalfatosenoticias.com.br\/index.php\/wp-json\/wp\/v2\/users\/2"}],"replies":[{"embeddable":true,"href":"https:\/\/jornalfatosenoticias.com.br\/index.php\/wp-json\/wp\/v2\/comments?post=59623"}],"version-history":[{"count":0,"href":"https:\/\/jornalfatosenoticias.com.br\/index.php\/wp-json\/wp\/v2\/posts\/59623\/revisions"}],"wp:featuredmedia":[{"embeddable":true,"href":"https:\/\/jornalfatosenoticias.com.br\/index.php\/wp-json\/wp\/v2\/media\/59624"}],"wp:attachment":[{"href":"https:\/\/jornalfatosenoticias.com.br\/index.php\/wp-json\/wp\/v2\/media?parent=59623"}],"wp:term":[{"taxonomy":"category","embeddable":true,"href":"https:\/\/jornalfatosenoticias.com.br\/index.php\/wp-json\/wp\/v2\/categories?post=59623"},{"taxonomy":"post_tag","embeddable":true,"href":"https:\/\/jornalfatosenoticias.com.br\/index.php\/wp-json\/wp\/v2\/tags?post=59623"}],"curies":[{"name":"wp","href":"https:\/\/api.w.org\/{rel}","templated":true}]}}