{"id":59638,"date":"2025-06-02T16:41:23","date_gmt":"2025-06-02T19:41:23","guid":{"rendered":"https:\/\/jornalfatosenoticias.com.br\/?p=59638"},"modified":"2025-06-02T16:44:55","modified_gmt":"2025-06-02T19:44:55","slug":"a-retomada-da-samarco","status":"publish","type":"post","link":"https:\/\/jornalfatosenoticias.com.br\/index.php\/2025\/06\/02\/a-retomada-da-samarco\/","title":{"rendered":"A retomada da Samarco"},"content":{"rendered":"\n<p><em><span class=\"has-inline-color has-black-color\">Entrevista com S\u00e9rgio Mileipe, diretor de Planeamento e Opera\u00e7\u00f5es da Samarco Minera\u00e7\u00e3o<\/span><\/em><\/p>\n\n\n\n<div class=\"wp-block-image\"><figure class=\"aligncenter size-large\"><a href=\"https:\/\/mizu.com.br\/\"><img loading=\"lazy\" decoding=\"async\" width=\"729\" height=\"90\" src=\"https:\/\/jornalfatosenoticias.com.br\/wp-content\/uploads\/2020\/02\/Logo_Mizu.png\" alt=\"\" class=\"wp-image-1441\" srcset=\"https:\/\/jornalfatosenoticias.com.br\/wp-content\/uploads\/2020\/02\/Logo_Mizu.png 729w, https:\/\/jornalfatosenoticias.com.br\/wp-content\/uploads\/2020\/02\/Logo_Mizu-300x37.png 300w\" sizes=\"auto, (max-width: 729px) 100vw, 729px\" \/><\/a><\/figure><\/div>\n\n\n\n<p>A revista <strong>A\u00e7o 5.0 Brasil<\/strong> e o jornal <strong>Fatos &amp; Not\u00edcias<\/strong> trazem, com exclusividade, entrevista com o diretor de Planejamento e Opera\u00e7\u00f5es da Samarco Minera\u00e7\u00e3o, S\u00e9rgio Mileipe, para falar um pouco da sua trajet\u00f3ria profissional e das mudan\u00e7as operacionais da mineradora depois do rompimento da barragem de rejeitos de Fund\u00e3o, em Mariana (MG), e da import\u00e2ncia econ\u00f4mica da Samarco para o Esp\u00edrito Santo.<br>Ap\u00f3s a trag\u00e9dia de Mariana, em 2015, a Samarco ficou paralisada durante cinco anos voltando a operar em 2020, com 30% de sua capacidade e com 60% em 2024. Segundo Mileipe, a meta da Samarco agora \u00e9 atingir 100% da sua capacidade produtiva em 2028. <strong>Confira abaixo a entrevista exclusiva de Mileipe \u00e0 Revista A\u00e7o 5.0 Brasil (Fatos &amp; Not\u00edcias).<\/strong><\/p>\n\n\n\n<div class=\"wp-block-image\"><figure class=\"aligncenter size-large is-resized\"><a href=\"https:\/\/www.instagram.com\/rcradiadores\/\"><img loading=\"lazy\" decoding=\"async\" src=\"https:\/\/jornalfatosenoticias.com.br\/wp-content\/uploads\/2022\/10\/RC_800x750_page-0001.jpg\" alt=\"\" class=\"wp-image-35338\" width=\"306\" height=\"287\" srcset=\"https:\/\/jornalfatosenoticias.com.br\/wp-content\/uploads\/2022\/10\/RC_800x750_page-0001.jpg 400w, https:\/\/jornalfatosenoticias.com.br\/wp-content\/uploads\/2022\/10\/RC_800x750_page-0001-300x281.jpg 300w\" sizes=\"auto, (max-width: 306px) 100vw, 306px\" \/><\/a><\/figure><\/div>\n\n\n\n<p><strong><span class=\"has-inline-color has-black-color\">Como o senhor v\u00ea a minera\u00e7\u00e3o atual e no futuro com as perspectivas de transi\u00e7\u00e3o energ\u00e9tica, ou seja, como a minera\u00e7\u00e3o se encontra nesse contexto?<br><\/span><\/strong>\u00c9 importante que as empresas estejam preparadas para o futuro, redesenhando seus processos visando conhecer e adotar as melhores tecnologias dispon\u00edveis no mercado e que estejam compat\u00edveis com o neg\u00f3cio e com a sustentabilidade.<br>A Samarco est\u00e1 com metas alinhadas ao Instituto Brasileiro de Minera\u00e7\u00e3o (Ibram) e ao Conselho Internacional de Minera\u00e7\u00e3o e Metais (ICMM), e est\u00e1 acompanhando as tend\u00eancias de legisla\u00e7\u00e3o e mercado nesta \u00e1rea. Um exemplo, \u00e9 a nossa participa\u00e7\u00e3o na elabora\u00e7\u00e3o de um plano setorial de descarboniza\u00e7\u00e3o para a minera\u00e7\u00e3o brasileira, em conjunto com outras empresas do setor, buscando alternativas para redu\u00e7\u00e3o de emiss\u00f5es e a promo\u00e7\u00e3o da economia de baixo carbono.<\/p>\n\n\n\n<div class=\"wp-block-image\"><figure class=\"aligncenter size-large is-resized\"><a href=\"https:\/\/www.instagram.com\/gruposei\/\"><img loading=\"lazy\" decoding=\"async\" src=\"https:\/\/jornalfatosenoticias.com.br\/wp-content\/uploads\/2022\/07\/Logo-Grupo-SEI.jpg\" alt=\"\" class=\"wp-image-31973\" width=\"354\" height=\"185\"\/><\/a><\/figure><\/div>\n\n\n\n<p>Estudamos meios para reduzir a nossa emiss\u00e3o de gases. Com a demanda crescente pela descarboniza\u00e7\u00e3o, recentemente a empresa firmou, por exemplo, uma parceria com a Eneva para uso de um combust\u00edvel proveniente de uma fonte renov\u00e1vel.<\/p>\n\n\n\n<div class=\"wp-block-image\"><figure class=\"aligncenter size-large\"><img loading=\"lazy\" decoding=\"async\" width=\"1024\" height=\"682\" src=\"https:\/\/jornalfatosenoticias.com.br\/wp-content\/uploads\/2025\/06\/24.08.22-Porto-de-Ubu-Jeferson-Roccio-1024x682.jpeg\" alt=\"\" class=\"wp-image-59641\" srcset=\"https:\/\/jornalfatosenoticias.com.br\/wp-content\/uploads\/2025\/06\/24.08.22-Porto-de-Ubu-Jeferson-Roccio-1024x682.jpeg 1024w, https:\/\/jornalfatosenoticias.com.br\/wp-content\/uploads\/2025\/06\/24.08.22-Porto-de-Ubu-Jeferson-Roccio-300x200.jpeg 300w, https:\/\/jornalfatosenoticias.com.br\/wp-content\/uploads\/2025\/06\/24.08.22-Porto-de-Ubu-Jeferson-Roccio-768x512.jpeg 768w, https:\/\/jornalfatosenoticias.com.br\/wp-content\/uploads\/2025\/06\/24.08.22-Porto-de-Ubu-Jeferson-Roccio.jpeg 1280w\" sizes=\"auto, (max-width: 1024px) 100vw, 1024px\" \/><figcaption><em><span class=\"has-inline-color has-black-color\">Porto de Ubu (Foto: Jefferson Rocio)<\/span><\/em><\/figcaption><\/figure><\/div>\n\n\n\n<p>A nossa meta \u00e9 zerar as emiss\u00f5es l\u00edquidas de GEE (saldo das emiss\u00f5es de gases de efeito estufa) at\u00e9 2050. A transi\u00e7\u00e3o energ\u00e9tica e a descarboniza\u00e7\u00e3o, com a substitui\u00e7\u00e3o gradual da matriz energ\u00e9tica nos processos de produ\u00e7\u00e3o, est\u00e3o alinhadas ao nosso compromisso com a economia circular.<\/p>\n\n\n\n<div class=\"wp-block-image\"><figure class=\"aligncenter size-large is-resized\"><a href=\"https:\/\/panper.com.br\/\"><img loading=\"lazy\" decoding=\"async\" src=\"https:\/\/jornalfatosenoticias.com.br\/wp-content\/uploads\/2023\/03\/logo-Panper_portal.jpg\" alt=\"\" class=\"wp-image-40208\" width=\"336\" height=\"233\" srcset=\"https:\/\/jornalfatosenoticias.com.br\/wp-content\/uploads\/2023\/03\/logo-Panper_portal.jpg 400w, https:\/\/jornalfatosenoticias.com.br\/wp-content\/uploads\/2023\/03\/logo-Panper_portal-300x208.jpg 300w\" sizes=\"auto, (max-width: 336px) 100vw, 336px\" \/><\/a><\/figure><\/div>\n\n\n\n<p>Falando em economia circular destaco que adotamos recentemente o uso de res\u00edduos de lavra de m\u00e1rmore na produ\u00e7\u00e3o de pelotas de min\u00e9rio de ferro, como alternativa complementar ao calc\u00e1rio. A pr\u00e1tica tornou a Samarco pioneira em uma a\u00e7\u00e3o inovadora em prol do desenvolvimento sustent\u00e1vel. Desde 2023 iniciamos a produ\u00e7\u00e3o de pelotas com esse insumo sustent\u00e1vel. Atualmente 45% das nossas pelotas possuem coproduto de m\u00e1rmore. Desde a homologa\u00e7\u00e3o do coproduto de m\u00e1rmore em mar\u00e7o de 2024, foram adquiridas mais de 175 mil toneladas do material. O que para a ind\u00fastria de pedras ornamentais era considerado um res\u00edduo para a Samarco se tornou um insumo.<\/p>\n\n\n\n<div class=\"wp-block-image\"><figure class=\"aligncenter size-large is-resized\"><a href=\"https:\/\/www.instagram.com\/serra4x4cambioautomatico\/\"><img loading=\"lazy\" decoding=\"async\" src=\"https:\/\/jornalfatosenoticias.com.br\/wp-content\/uploads\/2024\/08\/Serra-4x4-1-886x1024.jpg\" alt=\"\" class=\"wp-image-53632\" width=\"266\" height=\"307\" srcset=\"https:\/\/jornalfatosenoticias.com.br\/wp-content\/uploads\/2024\/08\/Serra-4x4-1-886x1024.jpg 886w, https:\/\/jornalfatosenoticias.com.br\/wp-content\/uploads\/2024\/08\/Serra-4x4-1-260x300.jpg 260w, https:\/\/jornalfatosenoticias.com.br\/wp-content\/uploads\/2024\/08\/Serra-4x4-1-768x888.jpg 768w, https:\/\/jornalfatosenoticias.com.br\/wp-content\/uploads\/2024\/08\/Serra-4x4-1.jpg 1181w\" sizes=\"auto, (max-width: 266px) 100vw, 266px\" \/><\/a><\/figure><\/div>\n\n\n\n<p>Outra inova\u00e7\u00e3o em prol da descarboniza\u00e7\u00e3o foi a ado\u00e7\u00e3o do uso do bio-\u00f3leo nas nossas usinas de pelotiza\u00e7\u00e3o, em 2024, projeto pioneiro que est\u00e1 sendo desenvolvido para substitui\u00e7\u00e3o gradual do g\u00e1s natural na matriz energ\u00e9tica da Samarco. V\u00e1rios testes industriais realizados com o insumo, desde o \u00faltimo trimestre do ano passado, mostraram resultados positivos.<\/p>\n\n\n\n<div class=\"wp-block-image\"><figure class=\"aligncenter size-large\"><img loading=\"lazy\" decoding=\"async\" width=\"1024\" height=\"682\" src=\"https:\/\/jornalfatosenoticias.com.br\/wp-content\/uploads\/2025\/06\/07.06.23-pelotas-Jefferson-Rocio-4-1024x682.jpg\" alt=\"\" class=\"wp-image-59642\" srcset=\"https:\/\/jornalfatosenoticias.com.br\/wp-content\/uploads\/2025\/06\/07.06.23-pelotas-Jefferson-Rocio-4-1024x682.jpg 1024w, https:\/\/jornalfatosenoticias.com.br\/wp-content\/uploads\/2025\/06\/07.06.23-pelotas-Jefferson-Rocio-4-300x200.jpg 300w, https:\/\/jornalfatosenoticias.com.br\/wp-content\/uploads\/2025\/06\/07.06.23-pelotas-Jefferson-Rocio-4-768x512.jpg 768w, https:\/\/jornalfatosenoticias.com.br\/wp-content\/uploads\/2025\/06\/07.06.23-pelotas-Jefferson-Rocio-4.jpg 1280w\" sizes=\"auto, (max-width: 1024px) 100vw, 1024px\" \/><figcaption><em><span class=\"has-inline-color has-black-color\">Usina de pelotiza\u00e7\u00e3o (Foto: Jefferson Rocio)<\/span><\/em><\/figcaption><\/figure><\/div>\n\n\n\n<p><strong><span class=\"has-inline-color has-black-color\">Fala um pouco da hist\u00f3ria da institui\u00e7\u00e3o, de sua evolu\u00e7\u00e3o tecnol\u00f3gica e de como est\u00e1 a retomada das opera\u00e7\u00f5es e de sua import\u00e2ncia para os capixabas?<br><\/span><\/strong>A Samarco \u00e9 uma empresa brasileira e, em agosto deste ano, completa 48 anos. Nasceu de um projeto inovador visando ao aproveitamento econ\u00f4mico de itabiritos, min\u00e9rios de ferro de m\u00e9dio a baixos teores, existentes na mina de Germano, em Mariana, Minas Gerais.<\/p>\n\n\n\n<div class=\"wp-block-image\"><figure class=\"aligncenter size-large\"><a href=\"http:\/\/www.ferrarimaquinas.com.br\/\"><img loading=\"lazy\" decoding=\"async\" width=\"300\" height=\"250\" src=\"https:\/\/jornalfatosenoticias.com.br\/wp-content\/uploads\/2022\/02\/FERRARI_MAQUINAS-E-FERRAMENTAS2.jpg\" alt=\"\" class=\"wp-image-27860\"\/><\/a><\/figure><\/div>\n\n\n\n<p>A empresa foi concebida a partir de um projeto integrado, composto por mina, beneficiamento, mineroduto, pelotiza\u00e7\u00e3o e porto. Nossas opera\u00e7\u00f5es sempre foram realizadas em duas unidades operacionais, nas cidades de Mariana (MG) e Anchieta, aqui no Esp\u00edrito Santo. As nossas unidades s\u00e3o conectadas por minerodutos, de aproximadamente 400 km de extens\u00e3o, que passam por 25 munic\u00edpios nos dois estados.<\/p>\n\n\n\n<div class=\"wp-block-image\"><figure class=\"aligncenter size-large is-resized\"><a href=\"https:\/\/www.controlsystems.com.br\/\"><img loading=\"lazy\" decoding=\"async\" src=\"https:\/\/jornalfatosenoticias.com.br\/wp-content\/uploads\/2020\/02\/CONTROL-CS.jpg\" alt=\"\" class=\"wp-image-44991\" width=\"292\" height=\"350\" srcset=\"https:\/\/jornalfatosenoticias.com.br\/wp-content\/uploads\/2020\/02\/CONTROL-CS.jpg 834w, https:\/\/jornalfatosenoticias.com.br\/wp-content\/uploads\/2020\/02\/CONTROL-CS-250x300.jpg 250w, https:\/\/jornalfatosenoticias.com.br\/wp-content\/uploads\/2020\/02\/CONTROL-CS-768x921.jpg 768w\" sizes=\"auto, (max-width: 292px) 100vw, 292px\" \/><\/a><\/figure><\/div>\n\n\n\n<p>A Samarco foi a primeira empresa do pa\u00eds a utilizar a log\u00edstica de transporte por mineroduto, gerando uma opera\u00e7\u00e3o mais segura e com baixo impacto para o meio ambiente. Em 2000, a Samarco passou por reestrutura\u00e7\u00e3o acion\u00e1ria, constituindo a composi\u00e7\u00e3o atual, tendo Vale e BHP Brasil como acionistas, com 50% do capital da empresa cada uma.<\/p>\n\n\n\n<div class=\"wp-block-image\"><figure class=\"aligncenter size-large\"><a href=\"https:\/\/www.cesconetto.com.br\/\"><img loading=\"lazy\" decoding=\"async\" width=\"300\" height=\"250\" src=\"https:\/\/jornalfatosenoticias.com.br\/wp-content\/uploads\/2022\/02\/Banner-2.png\" alt=\"\" class=\"wp-image-27877\"\/><\/a><\/figure><\/div>\n\n\n\n<p>Em 2015 o rompimento da barragem de Fund\u00e3o marcou a nossa hist\u00f3ria e jamais ser\u00e1 esquecido por n\u00f3s e pela sociedade. Nossas opera\u00e7\u00f5es ficaram paralisadas durante cinco anos. Ap\u00f3s novo licenciamento, as nossas opera\u00e7\u00f5es foram retomadas no final de 2020, com 26% da capacidade total de produ\u00e7\u00e3o, sem disposi\u00e7\u00e3o de rejeitos em barragens, com um processo de filtragem e empilhamento a seco.<\/p>\n\n\n\n<div class=\"wp-block-image\"><figure class=\"aligncenter size-large is-resized\"><a href=\"https:\/\/www.legisjuris.com.br\/\"><img loading=\"lazy\" decoding=\"async\" src=\"https:\/\/jornalfatosenoticias.com.br\/wp-content\/uploads\/2024\/09\/Legis-Juris-Consultoria_logo.jpg\" alt=\"\" class=\"wp-image-53915\" width=\"520\" height=\"218\" srcset=\"https:\/\/jornalfatosenoticias.com.br\/wp-content\/uploads\/2024\/09\/Legis-Juris-Consultoria_logo.jpg 969w, https:\/\/jornalfatosenoticias.com.br\/wp-content\/uploads\/2024\/09\/Legis-Juris-Consultoria_logo-300x126.jpg 300w, https:\/\/jornalfatosenoticias.com.br\/wp-content\/uploads\/2024\/09\/Legis-Juris-Consultoria_logo-768x322.jpg 768w\" sizes=\"auto, (max-width: 520px) 100vw, 520px\" \/><\/a><\/figure><\/div>\n\n\n\n<p>Avan\u00e7amos em inova\u00e7\u00e3o e sustentabilidade, buscando o aumento da efici\u00eancia das plantas de beneficiamento do min\u00e9rio para reduzir a gera\u00e7\u00e3o de rejeitos. Isso inclui, ainda, projetos para amplia\u00e7\u00e3o da utiliza\u00e7\u00e3o do rejeito arenoso, que hoje j\u00e1 \u00e9 aplicado na fabrica\u00e7\u00e3o de concreto, al\u00e9m do aproveitamento do ultrafino em pavimenta\u00e7\u00f5es ecol\u00f3gicas.<\/p>\n\n\n\n<div class=\"wp-block-image\"><figure class=\"aligncenter size-large\"><img loading=\"lazy\" decoding=\"async\" width=\"834\" height=\"556\" src=\"https:\/\/jornalfatosenoticias.com.br\/wp-content\/uploads\/2025\/06\/23.08.22-complexo-de-Ubu-Porto-creditos-Jeferson-Roccio.jpg\" alt=\"\" class=\"wp-image-59640\" srcset=\"https:\/\/jornalfatosenoticias.com.br\/wp-content\/uploads\/2025\/06\/23.08.22-complexo-de-Ubu-Porto-creditos-Jeferson-Roccio.jpg 834w, https:\/\/jornalfatosenoticias.com.br\/wp-content\/uploads\/2025\/06\/23.08.22-complexo-de-Ubu-Porto-creditos-Jeferson-Roccio-300x200.jpg 300w, https:\/\/jornalfatosenoticias.com.br\/wp-content\/uploads\/2025\/06\/23.08.22-complexo-de-Ubu-Porto-creditos-Jeferson-Roccio-768x512.jpg 768w\" sizes=\"auto, (max-width: 834px) 100vw, 834px\" \/><figcaption><em><span class=\"has-inline-color has-black-color\">Complexo do Porto de Ubu (Foto: Jefferson Rocio)<\/span><\/em><\/figcaption><\/figure><\/div>\n\n\n\n<p>No final de 2024, com a reativa\u00e7\u00e3o do Concentrador 2 e a expans\u00e3o da planta de filtragem de rejeitos no Complexo de Germano, conclu\u00edmos mais uma etapa importante no plano de retomada operacional gradual, alcan\u00e7ando 60% da nossa capacidade produtiva. Para essa nova etapa, tamb\u00e9m reativamos mais uma usina de pelotiza\u00e7\u00e3o, no Complexo de Ubu (ES), em agosto do ano passado.<br>Temos o compromisso com as comunidades e territ\u00f3rios onde atuamos e priorizamos a contrata\u00e7\u00e3o de for\u00e7a de trabalho local e promo\u00e7\u00e3o de cursos de capacita\u00e7\u00e3o de acordo com as demandas de nossos projetos.<\/p>\n\n\n\n<div class=\"wp-block-image\"><figure class=\"aligncenter size-large is-resized\"><a href=\"https:\/\/www.facebook.com\/profile.php?id=100069289606145\"><img loading=\"lazy\" decoding=\"async\" src=\"https:\/\/jornalfatosenoticias.com.br\/wp-content\/uploads\/2024\/11\/Guaitolini-Contabilidade-1024x714.jpeg\" alt=\"\" class=\"wp-image-55808\" width=\"369\" height=\"257\" srcset=\"https:\/\/jornalfatosenoticias.com.br\/wp-content\/uploads\/2024\/11\/Guaitolini-Contabilidade-1024x714.jpeg 1024w, https:\/\/jornalfatosenoticias.com.br\/wp-content\/uploads\/2024\/11\/Guaitolini-Contabilidade-300x209.jpeg 300w, https:\/\/jornalfatosenoticias.com.br\/wp-content\/uploads\/2024\/11\/Guaitolini-Contabilidade-768x535.jpeg 768w, https:\/\/jornalfatosenoticias.com.br\/wp-content\/uploads\/2024\/11\/Guaitolini-Contabilidade.jpeg 1280w\" sizes=\"auto, (max-width: 369px) 100vw, 369px\" \/><\/a><\/figure><\/div>\n\n\n\n<p>Hoje, somos mais de 15 mil pessoas que constroem a Samarco diariamente. Deste total, quatro mil pessoas atuam na nossa unidade no Esp\u00edrito Santo.<br>Tanto nos cursos, quanto nos programas de porta de entrada e contrata\u00e7\u00f5es, estamos atentos \u00e0s quest\u00f5es de diversidade, equidade e inclus\u00e3o. Para al\u00e9m de oferecer oportunidades aos grupos historicamente minorizados, atuamos fortemente em a\u00e7\u00f5es para letramento e amplia\u00e7\u00e3o da consci\u00eancia, engajamento e comunica\u00e7\u00e3o, constru\u00e7\u00e3o de infraestrutura adequada para receber pessoas diversas e promover um ambiente acolhedor e saud\u00e1vel. Por fim, contamos com uma robusta pol\u00edtica de investimento institucional e social, que apoia projetos que contribuam para o desenvolvimento das comunidades anfitri\u00e3s, seja no Esp\u00edrito Santo ou em Minas Gerais.<\/p>\n\n\n\n<div class=\"wp-block-image\"><figure class=\"aligncenter size-large is-resized\"><a href=\"https:\/\/www.facebook.com\/postobkr\/?locale=pt_BR\"><img loading=\"lazy\" decoding=\"async\" src=\"https:\/\/jornalfatosenoticias.com.br\/wp-content\/uploads\/2023\/08\/BKR-1024x1021.jpg\" alt=\"\" class=\"wp-image-44494\" width=\"297\" height=\"296\" srcset=\"https:\/\/jornalfatosenoticias.com.br\/wp-content\/uploads\/2023\/08\/BKR-1024x1021.jpg 1024w, https:\/\/jornalfatosenoticias.com.br\/wp-content\/uploads\/2023\/08\/BKR-300x300.jpg 300w, https:\/\/jornalfatosenoticias.com.br\/wp-content\/uploads\/2023\/08\/BKR-150x150.jpg 150w, https:\/\/jornalfatosenoticias.com.br\/wp-content\/uploads\/2023\/08\/BKR-768x766.jpg 768w, https:\/\/jornalfatosenoticias.com.br\/wp-content\/uploads\/2023\/08\/BKR.jpg 1080w\" sizes=\"auto, (max-width: 297px) 100vw, 297px\" \/><\/a><\/figure><\/div>\n\n\n\n<p>Seguimos o planejamento de retomada gradual das nossas opera\u00e7\u00f5es. Neste ano, estimamos alcan\u00e7ar a produ\u00e7\u00e3o de 15 milh\u00f5es de toneladas de pelotas e finos de min\u00e9rio. O pr\u00f3ximo passo ser\u00e1 alcan\u00e7ar 100% da capacidade produtiva instalada at\u00e9 2028. O projeto para essa fase contempla o retorno da opera\u00e7\u00e3o do pr\u00f3ximo Concentrador, em Germano, e das Usinas de Pelotiza\u00e7\u00e3o, aqui em Ubu, al\u00e9m da constru\u00e7\u00e3o de mais uma expans\u00e3o da planta de filtragem em Minas Gerais. \u00c9 importante destacar que a Samarco busca gerar valor compartilhado com as comunidades vizinhas \u00e0s nossas opera\u00e7\u00f5es e fomentar o desenvolvimento regional.<\/p>\n\n\n\n<div class=\"wp-block-image\"><figure class=\"aligncenter size-large\"><img loading=\"lazy\" decoding=\"async\" width=\"1024\" height=\"575\" src=\"https:\/\/jornalfatosenoticias.com.br\/wp-content\/uploads\/2025\/06\/Complexo-de-Ubu-1024x575.jpg\" alt=\"\" class=\"wp-image-59643\" srcset=\"https:\/\/jornalfatosenoticias.com.br\/wp-content\/uploads\/2025\/06\/Complexo-de-Ubu-1024x575.jpg 1024w, https:\/\/jornalfatosenoticias.com.br\/wp-content\/uploads\/2025\/06\/Complexo-de-Ubu-300x169.jpg 300w, https:\/\/jornalfatosenoticias.com.br\/wp-content\/uploads\/2025\/06\/Complexo-de-Ubu-768x431.jpg 768w, https:\/\/jornalfatosenoticias.com.br\/wp-content\/uploads\/2025\/06\/Complexo-de-Ubu-1536x863.jpg 1536w, https:\/\/jornalfatosenoticias.com.br\/wp-content\/uploads\/2025\/06\/Complexo-de-Ubu-2048x1151.jpg 2048w\" sizes=\"auto, (max-width: 1024px) 100vw, 1024px\" \/><figcaption><em><span class=\"has-inline-color has-black-color\">Complexo de Ubu (Foto: Jefferson Rocio)<\/span><\/em><\/figcaption><\/figure><\/div>\n\n\n\n<p><strong><span class=\"has-inline-color has-black-color\">Como se sente, como capixaba, alcan\u00e7ar o sucesso que est\u00e1 alcan\u00e7ando e o que recomenda a quem est\u00e1 pensando em trilhar um caminho como o seu?<br><\/span><\/strong>Ser reconhecido pelos capixabas como um bom exemplo \u00e9 motivo de muito orgulho e satisfa\u00e7\u00e3o. Ao mesmo tempo, traz mais responsabilidade em fazer as escolhas certas, conciliando os interesses da empresa e a gera\u00e7\u00e3o de valor para todas as partes interessadas, em especial para os colaboradores e para as comunidades vizinhas.<\/p>\n\n\n\n<div class=\"wp-block-image\"><figure class=\"aligncenter size-large is-resized\"><a href=\"https:\/\/hotelmarquetti.com.br\/\"><img loading=\"lazy\" decoding=\"async\" src=\"https:\/\/jornalfatosenoticias.com.br\/wp-content\/uploads\/2020\/02\/LOGO-MQ-1024x680.jpg\" alt=\"\" class=\"wp-image-58299\" width=\"336\" height=\"223\" srcset=\"https:\/\/jornalfatosenoticias.com.br\/wp-content\/uploads\/2020\/02\/LOGO-MQ-1024x680.jpg 1024w, https:\/\/jornalfatosenoticias.com.br\/wp-content\/uploads\/2020\/02\/LOGO-MQ-300x199.jpg 300w, https:\/\/jornalfatosenoticias.com.br\/wp-content\/uploads\/2020\/02\/LOGO-MQ-768x510.jpg 768w, https:\/\/jornalfatosenoticias.com.br\/wp-content\/uploads\/2020\/02\/LOGO-MQ-1536x1020.jpg 1536w, https:\/\/jornalfatosenoticias.com.br\/wp-content\/uploads\/2020\/02\/LOGO-MQ-2048x1360.jpg 2048w\" sizes=\"auto, (max-width: 336px) 100vw, 336px\" \/><\/a><\/figure><\/div>\n\n\n\n<p>Formei-me em Engenharia Mec\u00e2nica pela Universidade Federal do Esp\u00edrito Santo e ingressei na Samarco em 1997 como trainee para trabalhar na segunda usina de pelotiza\u00e7\u00e3o. De l\u00e1 para c\u00e1 foram muitos momentos vividos, sendo a maior parte deles na opera\u00e7\u00e3o. Hoje estou diretor de Opera\u00e7\u00f5es.<\/p>\n\n\n\n<div class=\"wp-block-image\"><figure class=\"aligncenter size-large is-resized\"><a href=\"https:\/\/www.instagram.com\/esteio.churrascaria\/\"><img loading=\"lazy\" decoding=\"async\" src=\"https:\/\/jornalfatosenoticias.com.br\/wp-content\/uploads\/2022\/02\/LOGO-ESTEIO-1024x730.png\" alt=\"\" class=\"wp-image-27942\" width=\"347\" height=\"247\" srcset=\"https:\/\/jornalfatosenoticias.com.br\/wp-content\/uploads\/2022\/02\/LOGO-ESTEIO-1024x730.png 1024w, https:\/\/jornalfatosenoticias.com.br\/wp-content\/uploads\/2022\/02\/LOGO-ESTEIO-300x214.png 300w, https:\/\/jornalfatosenoticias.com.br\/wp-content\/uploads\/2022\/02\/LOGO-ESTEIO-768x548.png 768w, https:\/\/jornalfatosenoticias.com.br\/wp-content\/uploads\/2022\/02\/LOGO-ESTEIO.png 1123w\" sizes=\"auto, (max-width: 347px) 100vw, 347px\" \/><\/a><\/figure><\/div>\n\n\n\n<p>Como l\u00edder sempre digo que a nossa miss\u00e3o \u00e9 engajar e inspirar as pessoas a caminharem, juntas, rumo ao mesmo ideal. Para isso, \u00e9 preciso estabelecer rela\u00e7\u00f5es de confian\u00e7a e ambientes seguros para que todos possam se manifestar, colocar suas ideias, inovar, aprender, reaprender e evoluir. A lideran\u00e7a precisa construir pontes e cuidar das pessoas, o maior ativo de uma empresa.<\/p>\n\n\n\n<div class=\"wp-block-image\"><figure class=\"aligncenter size-large is-resized\"><a href=\"https:\/\/www.facebook.com\/vetor.vix\/\"><img loading=\"lazy\" decoding=\"async\" src=\"https:\/\/jornalfatosenoticias.com.br\/wp-content\/uploads\/2023\/09\/vetorvix1024_1.jpg\" alt=\"\" class=\"wp-image-44868\" width=\"550\" height=\"146\" srcset=\"https:\/\/jornalfatosenoticias.com.br\/wp-content\/uploads\/2023\/09\/vetorvix1024_1.jpg 1024w, https:\/\/jornalfatosenoticias.com.br\/wp-content\/uploads\/2023\/09\/vetorvix1024_1-300x80.jpg 300w, https:\/\/jornalfatosenoticias.com.br\/wp-content\/uploads\/2023\/09\/vetorvix1024_1-768x205.jpg 768w\" sizes=\"auto, (max-width: 550px) 100vw, 550px\" \/><\/a><\/figure><\/div>\n\n\n\n<p>Para quem est\u00e1 come\u00e7ando a carreira e quer trilhar um caminho na ind\u00fastria, sugiro que nunca deixe de estudar para aperfei\u00e7oar e atualizar seus conhecimentos. Adotar uma postura \u00edntegra e demonstrar sempre comprometimento com os valores e objetivos da organiza\u00e7\u00e3o em que atua tamb\u00e9m s\u00e3o atitudes primordiais. Pode at\u00e9 parecer clich\u00ea, mas, no meu caso, tive a oportunidade de conciliar um trabalho muito desafiador com algo que sou apaixonado em fazer, e isso fez toda a diferen\u00e7a no meu desempenho profissional.<\/p>\n\n\n\n<div class=\"wp-block-image\"><figure class=\"aligncenter size-large\"><img loading=\"lazy\" decoding=\"async\" width=\"1024\" height=\"500\" src=\"https:\/\/jornalfatosenoticias.com.br\/wp-content\/uploads\/2025\/06\/21.03-processo-de-filtragem-Ubu-1024x500.jpeg\" alt=\"\" class=\"wp-image-59644\" srcset=\"https:\/\/jornalfatosenoticias.com.br\/wp-content\/uploads\/2025\/06\/21.03-processo-de-filtragem-Ubu-1024x500.jpeg 1024w, https:\/\/jornalfatosenoticias.com.br\/wp-content\/uploads\/2025\/06\/21.03-processo-de-filtragem-Ubu-300x146.jpeg 300w, https:\/\/jornalfatosenoticias.com.br\/wp-content\/uploads\/2025\/06\/21.03-processo-de-filtragem-Ubu-768x375.jpeg 768w, https:\/\/jornalfatosenoticias.com.br\/wp-content\/uploads\/2025\/06\/21.03-processo-de-filtragem-Ubu.jpeg 1280w\" sizes=\"auto, (max-width: 1024px) 100vw, 1024px\" \/><figcaption><em><span class=\"has-inline-color has-black-color\">Processo de filtragem, Ubu (Foto: Jefferson Rocio)<\/span><\/em><\/figcaption><\/figure><\/div>\n","protected":false},"excerpt":{"rendered":"<p>Entrevista com S\u00e9rgio Mileipe, diretor de Planeamento e Opera\u00e7\u00f5es da Samarco Minera\u00e7\u00e3o A revista A\u00e7o 5.0 Brasil e o jornal Fatos &amp; Not\u00edcias trazem, com exclusividade, entrevista com o diretor de Planejamento e Opera\u00e7\u00f5es da Samarco Minera\u00e7\u00e3o, S\u00e9rgio Mileipe, para falar um pouco da sua trajet\u00f3ria profissional e das mudan\u00e7as operacionais da mineradora depois do [&hellip;]<\/p>\n","protected":false},"author":3,"featured_media":59647,"comment_status":"open","ping_status":"open","sticky":false,"template":"","format":"standard","meta":{"footnotes":""},"categories":[9],"tags":[100,1924,10600,262,2214,27242,27243],"class_list":["post-59638","post","type-post","status-publish","format-standard","has-post-thumbnail","hentry","category-economia","tag-espirito-santo","tag-minas-gerais","tag-mineracao","tag-mineradora","tag-retomada","tag-samarco-mineracao","tag-sergio-mileipe"],"yoast_head":"<!-- This site is optimized with the Yoast SEO plugin v26.5 - https:\/\/yoast.com\/wordpress\/plugins\/seo\/ -->\n<title>A retomada da Samarco - Jornal Fatos e Not\u00edcias<\/title>\n<meta name=\"robots\" content=\"index, follow, max-snippet:-1, max-image-preview:large, max-video-preview:-1\" \/>\n<link rel=\"canonical\" href=\"https:\/\/jornalfatosenoticias.com.br\/index.php\/2025\/06\/02\/a-retomada-da-samarco\/\" \/>\n<meta property=\"og:locale\" content=\"pt_BR\" \/>\n<meta property=\"og:type\" content=\"article\" \/>\n<meta property=\"og:title\" content=\"A retomada da Samarco - Jornal Fatos e Not\u00edcias\" \/>\n<meta property=\"og:description\" content=\"Entrevista com S\u00e9rgio Mileipe, diretor de Planeamento e Opera\u00e7\u00f5es da Samarco Minera\u00e7\u00e3o A revista A\u00e7o 5.0 Brasil e o jornal Fatos &amp; Not\u00edcias trazem, com exclusividade, entrevista com o diretor de Planejamento e Opera\u00e7\u00f5es da Samarco Minera\u00e7\u00e3o, S\u00e9rgio Mileipe, para falar um pouco da sua trajet\u00f3ria profissional e das mudan\u00e7as operacionais da mineradora depois do [&hellip;]\" \/>\n<meta property=\"og:url\" content=\"https:\/\/jornalfatosenoticias.com.br\/index.php\/2025\/06\/02\/a-retomada-da-samarco\/\" \/>\n<meta property=\"og:site_name\" content=\"Jornal Fatos e Not\u00edcias\" \/>\n<meta property=\"article:published_time\" content=\"2025-06-02T19:41:23+00:00\" \/>\n<meta property=\"article:modified_time\" content=\"2025-06-02T19:44:55+00:00\" \/>\n<meta property=\"og:image\" content=\"https:\/\/jornalfatosenoticias.com.br\/wp-content\/uploads\/2025\/06\/Sergio-Mileipe_credito_Jefferson-Rocio_capa-portal.jpg\" \/>\n\t<meta property=\"og:image:width\" content=\"848\" \/>\n\t<meta property=\"og:image:height\" content=\"667\" \/>\n\t<meta property=\"og:image:type\" content=\"image\/jpeg\" \/>\n<meta name=\"author\" content=\"Haroldo Filho\" \/>\n<meta name=\"twitter:card\" content=\"summary_large_image\" \/>\n<meta name=\"twitter:label1\" content=\"Escrito por\" \/>\n\t<meta name=\"twitter:data1\" content=\"Haroldo Filho\" \/>\n\t<meta name=\"twitter:label2\" content=\"Est. tempo de leitura\" \/>\n\t<meta name=\"twitter:data2\" content=\"8 minutos\" \/>\n<script type=\"application\/ld+json\" class=\"yoast-schema-graph\">{\"@context\":\"https:\/\/schema.org\",\"@graph\":[{\"@type\":\"Article\",\"@id\":\"https:\/\/jornalfatosenoticias.com.br\/index.php\/2025\/06\/02\/a-retomada-da-samarco\/#article\",\"isPartOf\":{\"@id\":\"https:\/\/jornalfatosenoticias.com.br\/index.php\/2025\/06\/02\/a-retomada-da-samarco\/\"},\"author\":{\"name\":\"Haroldo Filho\",\"@id\":\"https:\/\/jornalfatosenoticias.com.br\/#\/schema\/person\/05c46cc25b42a5c27e004fb0fa6b4965\"},\"headline\":\"A retomada da Samarco\",\"datePublished\":\"2025-06-02T19:41:23+00:00\",\"dateModified\":\"2025-06-02T19:44:55+00:00\",\"mainEntityOfPage\":{\"@id\":\"https:\/\/jornalfatosenoticias.com.br\/index.php\/2025\/06\/02\/a-retomada-da-samarco\/\"},\"wordCount\":1538,\"commentCount\":0,\"publisher\":{\"@id\":\"https:\/\/jornalfatosenoticias.com.br\/#organization\"},\"image\":{\"@id\":\"https:\/\/jornalfatosenoticias.com.br\/index.php\/2025\/06\/02\/a-retomada-da-samarco\/#primaryimage\"},\"thumbnailUrl\":\"https:\/\/jornalfatosenoticias.com.br\/wp-content\/uploads\/2025\/06\/Sergio-Mileipe_credito_Jefferson-Rocio_capa-portal.jpg\",\"keywords\":[\"Esp\u00edrito Santo\",\"Minas Gerais\",\"minera\u00e7\u00e3o\",\"mineradora\",\"retomada\",\"Samarco Minera\u00e7\u00e3o\",\"S\u00e9rgio Mileipe\"],\"articleSection\":[\"Economia\"],\"inLanguage\":\"pt-BR\",\"potentialAction\":[{\"@type\":\"CommentAction\",\"name\":\"Comment\",\"target\":[\"https:\/\/jornalfatosenoticias.com.br\/index.php\/2025\/06\/02\/a-retomada-da-samarco\/#respond\"]}]},{\"@type\":\"WebPage\",\"@id\":\"https:\/\/jornalfatosenoticias.com.br\/index.php\/2025\/06\/02\/a-retomada-da-samarco\/\",\"url\":\"https:\/\/jornalfatosenoticias.com.br\/index.php\/2025\/06\/02\/a-retomada-da-samarco\/\",\"name\":\"A retomada da Samarco - Jornal Fatos e Not\u00edcias\",\"isPartOf\":{\"@id\":\"https:\/\/jornalfatosenoticias.com.br\/#website\"},\"primaryImageOfPage\":{\"@id\":\"https:\/\/jornalfatosenoticias.com.br\/index.php\/2025\/06\/02\/a-retomada-da-samarco\/#primaryimage\"},\"image\":{\"@id\":\"https:\/\/jornalfatosenoticias.com.br\/index.php\/2025\/06\/02\/a-retomada-da-samarco\/#primaryimage\"},\"thumbnailUrl\":\"https:\/\/jornalfatosenoticias.com.br\/wp-content\/uploads\/2025\/06\/Sergio-Mileipe_credito_Jefferson-Rocio_capa-portal.jpg\",\"datePublished\":\"2025-06-02T19:41:23+00:00\",\"dateModified\":\"2025-06-02T19:44:55+00:00\",\"breadcrumb\":{\"@id\":\"https:\/\/jornalfatosenoticias.com.br\/index.php\/2025\/06\/02\/a-retomada-da-samarco\/#breadcrumb\"},\"inLanguage\":\"pt-BR\",\"potentialAction\":[{\"@type\":\"ReadAction\",\"target\":[\"https:\/\/jornalfatosenoticias.com.br\/index.php\/2025\/06\/02\/a-retomada-da-samarco\/\"]}]},{\"@type\":\"ImageObject\",\"inLanguage\":\"pt-BR\",\"@id\":\"https:\/\/jornalfatosenoticias.com.br\/index.php\/2025\/06\/02\/a-retomada-da-samarco\/#primaryimage\",\"url\":\"https:\/\/jornalfatosenoticias.com.br\/wp-content\/uploads\/2025\/06\/Sergio-Mileipe_credito_Jefferson-Rocio_capa-portal.jpg\",\"contentUrl\":\"https:\/\/jornalfatosenoticias.com.br\/wp-content\/uploads\/2025\/06\/Sergio-Mileipe_credito_Jefferson-Rocio_capa-portal.jpg\",\"width\":848,\"height\":667},{\"@type\":\"BreadcrumbList\",\"@id\":\"https:\/\/jornalfatosenoticias.com.br\/index.php\/2025\/06\/02\/a-retomada-da-samarco\/#breadcrumb\",\"itemListElement\":[{\"@type\":\"ListItem\",\"position\":1,\"name\":\"In\u00edcio\",\"item\":\"https:\/\/jornalfatosenoticias.com.br\/\"},{\"@type\":\"ListItem\",\"position\":2,\"name\":\"A retomada da Samarco\"}]},{\"@type\":\"WebSite\",\"@id\":\"https:\/\/jornalfatosenoticias.com.br\/#website\",\"url\":\"https:\/\/jornalfatosenoticias.com.br\/\",\"name\":\"Jornal Fatos e Not\u00edcias\",\"description\":\"Not\u00edcias em geral\",\"publisher\":{\"@id\":\"https:\/\/jornalfatosenoticias.com.br\/#organization\"},\"potentialAction\":[{\"@type\":\"SearchAction\",\"target\":{\"@type\":\"EntryPoint\",\"urlTemplate\":\"https:\/\/jornalfatosenoticias.com.br\/?s={search_term_string}\"},\"query-input\":{\"@type\":\"PropertyValueSpecification\",\"valueRequired\":true,\"valueName\":\"search_term_string\"}}],\"inLanguage\":\"pt-BR\"},{\"@type\":\"Organization\",\"@id\":\"https:\/\/jornalfatosenoticias.com.br\/#organization\",\"name\":\"Jornal Fatos e Not\u00edcias\",\"url\":\"https:\/\/jornalfatosenoticias.com.br\/\",\"logo\":{\"@type\":\"ImageObject\",\"inLanguage\":\"pt-BR\",\"@id\":\"https:\/\/jornalfatosenoticias.com.br\/#\/schema\/logo\/image\/\",\"url\":\"https:\/\/jornalfatosenoticias.com.br\/wp-content\/uploads\/2020\/02\/logo120.png\",\"contentUrl\":\"https:\/\/jornalfatosenoticias.com.br\/wp-content\/uploads\/2020\/02\/logo120.png\",\"width\":1227,\"height\":120,\"caption\":\"Jornal Fatos e Not\u00edcias\"},\"image\":{\"@id\":\"https:\/\/jornalfatosenoticias.com.br\/#\/schema\/logo\/image\/\"}},{\"@type\":\"Person\",\"@id\":\"https:\/\/jornalfatosenoticias.com.br\/#\/schema\/person\/05c46cc25b42a5c27e004fb0fa6b4965\",\"name\":\"Haroldo Filho\",\"image\":{\"@type\":\"ImageObject\",\"inLanguage\":\"pt-BR\",\"@id\":\"https:\/\/jornalfatosenoticias.com.br\/#\/schema\/person\/image\/\",\"url\":\"https:\/\/jornalfatosenoticias.com.br\/wp-content\/uploads\/2025\/08\/WhatsApp-Image-2025-08-18-at-15.30.28-150x150.jpeg\",\"contentUrl\":\"https:\/\/jornalfatosenoticias.com.br\/wp-content\/uploads\/2025\/08\/WhatsApp-Image-2025-08-18-at-15.30.28-150x150.jpeg\",\"caption\":\"Haroldo Filho\"},\"description\":\"Jornalista \u2013 DRT: 0003818\/ES Coordenador-geral da ONG Educar para Crescer\",\"url\":\"https:\/\/jornalfatosenoticias.com.br\/index.php\/author\/haroldo\/\"}]}<\/script>\n<!-- \/ Yoast SEO plugin. -->","yoast_head_json":{"title":"A retomada da Samarco - Jornal Fatos e Not\u00edcias","robots":{"index":"index","follow":"follow","max-snippet":"max-snippet:-1","max-image-preview":"max-image-preview:large","max-video-preview":"max-video-preview:-1"},"canonical":"https:\/\/jornalfatosenoticias.com.br\/index.php\/2025\/06\/02\/a-retomada-da-samarco\/","og_locale":"pt_BR","og_type":"article","og_title":"A retomada da Samarco - Jornal Fatos e Not\u00edcias","og_description":"Entrevista com S\u00e9rgio Mileipe, diretor de Planeamento e Opera\u00e7\u00f5es da Samarco Minera\u00e7\u00e3o A revista A\u00e7o 5.0 Brasil e o jornal Fatos &amp; Not\u00edcias trazem, com exclusividade, entrevista com o diretor de Planejamento e Opera\u00e7\u00f5es da Samarco Minera\u00e7\u00e3o, S\u00e9rgio Mileipe, para falar um pouco da sua trajet\u00f3ria profissional e das mudan\u00e7as operacionais da mineradora depois do [&hellip;]","og_url":"https:\/\/jornalfatosenoticias.com.br\/index.php\/2025\/06\/02\/a-retomada-da-samarco\/","og_site_name":"Jornal Fatos e Not\u00edcias","article_published_time":"2025-06-02T19:41:23+00:00","article_modified_time":"2025-06-02T19:44:55+00:00","og_image":[{"width":848,"height":667,"url":"https:\/\/jornalfatosenoticias.com.br\/wp-content\/uploads\/2025\/06\/Sergio-Mileipe_credito_Jefferson-Rocio_capa-portal.jpg","type":"image\/jpeg"}],"author":"Haroldo Filho","twitter_card":"summary_large_image","twitter_misc":{"Escrito por":"Haroldo Filho","Est. tempo de leitura":"8 minutos"},"schema":{"@context":"https:\/\/schema.org","@graph":[{"@type":"Article","@id":"https:\/\/jornalfatosenoticias.com.br\/index.php\/2025\/06\/02\/a-retomada-da-samarco\/#article","isPartOf":{"@id":"https:\/\/jornalfatosenoticias.com.br\/index.php\/2025\/06\/02\/a-retomada-da-samarco\/"},"author":{"name":"Haroldo Filho","@id":"https:\/\/jornalfatosenoticias.com.br\/#\/schema\/person\/05c46cc25b42a5c27e004fb0fa6b4965"},"headline":"A retomada da Samarco","datePublished":"2025-06-02T19:41:23+00:00","dateModified":"2025-06-02T19:44:55+00:00","mainEntityOfPage":{"@id":"https:\/\/jornalfatosenoticias.com.br\/index.php\/2025\/06\/02\/a-retomada-da-samarco\/"},"wordCount":1538,"commentCount":0,"publisher":{"@id":"https:\/\/jornalfatosenoticias.com.br\/#organization"},"image":{"@id":"https:\/\/jornalfatosenoticias.com.br\/index.php\/2025\/06\/02\/a-retomada-da-samarco\/#primaryimage"},"thumbnailUrl":"https:\/\/jornalfatosenoticias.com.br\/wp-content\/uploads\/2025\/06\/Sergio-Mileipe_credito_Jefferson-Rocio_capa-portal.jpg","keywords":["Esp\u00edrito Santo","Minas Gerais","minera\u00e7\u00e3o","mineradora","retomada","Samarco Minera\u00e7\u00e3o","S\u00e9rgio Mileipe"],"articleSection":["Economia"],"inLanguage":"pt-BR","potentialAction":[{"@type":"CommentAction","name":"Comment","target":["https:\/\/jornalfatosenoticias.com.br\/index.php\/2025\/06\/02\/a-retomada-da-samarco\/#respond"]}]},{"@type":"WebPage","@id":"https:\/\/jornalfatosenoticias.com.br\/index.php\/2025\/06\/02\/a-retomada-da-samarco\/","url":"https:\/\/jornalfatosenoticias.com.br\/index.php\/2025\/06\/02\/a-retomada-da-samarco\/","name":"A retomada da Samarco - Jornal Fatos e Not\u00edcias","isPartOf":{"@id":"https:\/\/jornalfatosenoticias.com.br\/#website"},"primaryImageOfPage":{"@id":"https:\/\/jornalfatosenoticias.com.br\/index.php\/2025\/06\/02\/a-retomada-da-samarco\/#primaryimage"},"image":{"@id":"https:\/\/jornalfatosenoticias.com.br\/index.php\/2025\/06\/02\/a-retomada-da-samarco\/#primaryimage"},"thumbnailUrl":"https:\/\/jornalfatosenoticias.com.br\/wp-content\/uploads\/2025\/06\/Sergio-Mileipe_credito_Jefferson-Rocio_capa-portal.jpg","datePublished":"2025-06-02T19:41:23+00:00","dateModified":"2025-06-02T19:44:55+00:00","breadcrumb":{"@id":"https:\/\/jornalfatosenoticias.com.br\/index.php\/2025\/06\/02\/a-retomada-da-samarco\/#breadcrumb"},"inLanguage":"pt-BR","potentialAction":[{"@type":"ReadAction","target":["https:\/\/jornalfatosenoticias.com.br\/index.php\/2025\/06\/02\/a-retomada-da-samarco\/"]}]},{"@type":"ImageObject","inLanguage":"pt-BR","@id":"https:\/\/jornalfatosenoticias.com.br\/index.php\/2025\/06\/02\/a-retomada-da-samarco\/#primaryimage","url":"https:\/\/jornalfatosenoticias.com.br\/wp-content\/uploads\/2025\/06\/Sergio-Mileipe_credito_Jefferson-Rocio_capa-portal.jpg","contentUrl":"https:\/\/jornalfatosenoticias.com.br\/wp-content\/uploads\/2025\/06\/Sergio-Mileipe_credito_Jefferson-Rocio_capa-portal.jpg","width":848,"height":667},{"@type":"BreadcrumbList","@id":"https:\/\/jornalfatosenoticias.com.br\/index.php\/2025\/06\/02\/a-retomada-da-samarco\/#breadcrumb","itemListElement":[{"@type":"ListItem","position":1,"name":"In\u00edcio","item":"https:\/\/jornalfatosenoticias.com.br\/"},{"@type":"ListItem","position":2,"name":"A retomada da Samarco"}]},{"@type":"WebSite","@id":"https:\/\/jornalfatosenoticias.com.br\/#website","url":"https:\/\/jornalfatosenoticias.com.br\/","name":"Jornal Fatos e Not\u00edcias","description":"Not\u00edcias em geral","publisher":{"@id":"https:\/\/jornalfatosenoticias.com.br\/#organization"},"potentialAction":[{"@type":"SearchAction","target":{"@type":"EntryPoint","urlTemplate":"https:\/\/jornalfatosenoticias.com.br\/?s={search_term_string}"},"query-input":{"@type":"PropertyValueSpecification","valueRequired":true,"valueName":"search_term_string"}}],"inLanguage":"pt-BR"},{"@type":"Organization","@id":"https:\/\/jornalfatosenoticias.com.br\/#organization","name":"Jornal Fatos e Not\u00edcias","url":"https:\/\/jornalfatosenoticias.com.br\/","logo":{"@type":"ImageObject","inLanguage":"pt-BR","@id":"https:\/\/jornalfatosenoticias.com.br\/#\/schema\/logo\/image\/","url":"https:\/\/jornalfatosenoticias.com.br\/wp-content\/uploads\/2020\/02\/logo120.png","contentUrl":"https:\/\/jornalfatosenoticias.com.br\/wp-content\/uploads\/2020\/02\/logo120.png","width":1227,"height":120,"caption":"Jornal Fatos e Not\u00edcias"},"image":{"@id":"https:\/\/jornalfatosenoticias.com.br\/#\/schema\/logo\/image\/"}},{"@type":"Person","@id":"https:\/\/jornalfatosenoticias.com.br\/#\/schema\/person\/05c46cc25b42a5c27e004fb0fa6b4965","name":"Haroldo Filho","image":{"@type":"ImageObject","inLanguage":"pt-BR","@id":"https:\/\/jornalfatosenoticias.com.br\/#\/schema\/person\/image\/","url":"https:\/\/jornalfatosenoticias.com.br\/wp-content\/uploads\/2025\/08\/WhatsApp-Image-2025-08-18-at-15.30.28-150x150.jpeg","contentUrl":"https:\/\/jornalfatosenoticias.com.br\/wp-content\/uploads\/2025\/08\/WhatsApp-Image-2025-08-18-at-15.30.28-150x150.jpeg","caption":"Haroldo Filho"},"description":"Jornalista \u2013 DRT: 0003818\/ES Coordenador-geral da ONG Educar para Crescer","url":"https:\/\/jornalfatosenoticias.com.br\/index.php\/author\/haroldo\/"}]}},"cc_featured_image_caption":{"caption_text":"(Foto: Jefferson Rocio)","source_text":"","source_url":""},"jetpack_featured_media_url":"https:\/\/jornalfatosenoticias.com.br\/wp-content\/uploads\/2025\/06\/Sergio-Mileipe_credito_Jefferson-Rocio_capa-portal.jpg","_links":{"self":[{"href":"https:\/\/jornalfatosenoticias.com.br\/index.php\/wp-json\/wp\/v2\/posts\/59638","targetHints":{"allow":["GET"]}}],"collection":[{"href":"https:\/\/jornalfatosenoticias.com.br\/index.php\/wp-json\/wp\/v2\/posts"}],"about":[{"href":"https:\/\/jornalfatosenoticias.com.br\/index.php\/wp-json\/wp\/v2\/types\/post"}],"author":[{"embeddable":true,"href":"https:\/\/jornalfatosenoticias.com.br\/index.php\/wp-json\/wp\/v2\/users\/3"}],"replies":[{"embeddable":true,"href":"https:\/\/jornalfatosenoticias.com.br\/index.php\/wp-json\/wp\/v2\/comments?post=59638"}],"version-history":[{"count":0,"href":"https:\/\/jornalfatosenoticias.com.br\/index.php\/wp-json\/wp\/v2\/posts\/59638\/revisions"}],"wp:featuredmedia":[{"embeddable":true,"href":"https:\/\/jornalfatosenoticias.com.br\/index.php\/wp-json\/wp\/v2\/media\/59647"}],"wp:attachment":[{"href":"https:\/\/jornalfatosenoticias.com.br\/index.php\/wp-json\/wp\/v2\/media?parent=59638"}],"wp:term":[{"taxonomy":"category","embeddable":true,"href":"https:\/\/jornalfatosenoticias.com.br\/index.php\/wp-json\/wp\/v2\/categories?post=59638"},{"taxonomy":"post_tag","embeddable":true,"href":"https:\/\/jornalfatosenoticias.com.br\/index.php\/wp-json\/wp\/v2\/tags?post=59638"}],"curies":[{"name":"wp","href":"https:\/\/api.w.org\/{rel}","templated":true}]}}