{"id":59648,"date":"2025-06-02T16:57:59","date_gmt":"2025-06-02T19:57:59","guid":{"rendered":"https:\/\/jornalfatosenoticias.com.br\/?p=59648"},"modified":"2025-06-02T16:58:01","modified_gmt":"2025-06-02T19:58:01","slug":"nova-era-de-defesa-reino-unido-se-prepara-para-possivel-guerra-com-a-russia","status":"publish","type":"post","link":"https:\/\/jornalfatosenoticias.com.br\/index.php\/2025\/06\/02\/nova-era-de-defesa-reino-unido-se-prepara-para-possivel-guerra-com-a-russia\/","title":{"rendered":"\u201cNova era de defesa\u201d: Reino Unido se prepara para poss\u00edvel guerra com a R\u00fassia"},"content":{"rendered":"\n<p><em><span class=\"has-inline-color has-black-color\">O primeiro-ministro brit\u00e2nico, Keir Starmer: Reino Unido alerta sobre crescente amea\u00e7a da R\u00fassia na Europa<\/span><\/em><\/p>\n\n\n\n<p><span class=\"has-inline-color has-black-color\">Por <strong>Ag\u00eancia EFE<\/strong><\/span><\/p>\n\n\n\n<div class=\"wp-block-image\"><figure class=\"aligncenter size-large\"><a href=\"https:\/\/panper.com.br\/\"><img loading=\"lazy\" decoding=\"async\" width=\"1024\" height=\"111\" src=\"https:\/\/jornalfatosenoticias.com.br\/wp-content\/uploads\/2020\/02\/WhatsApp-Image-2022-09-23-at-12.09.18-1024x111.jpeg\" alt=\"\" class=\"wp-image-34527\" srcset=\"https:\/\/jornalfatosenoticias.com.br\/wp-content\/uploads\/2020\/02\/WhatsApp-Image-2022-09-23-at-12.09.18-1024x111.jpeg 1024w, https:\/\/jornalfatosenoticias.com.br\/wp-content\/uploads\/2020\/02\/WhatsApp-Image-2022-09-23-at-12.09.18-300x32.jpeg 300w, https:\/\/jornalfatosenoticias.com.br\/wp-content\/uploads\/2020\/02\/WhatsApp-Image-2022-09-23-at-12.09.18-768x83.jpeg 768w, https:\/\/jornalfatosenoticias.com.br\/wp-content\/uploads\/2020\/02\/WhatsApp-Image-2022-09-23-at-12.09.18.jpeg 1121w\" sizes=\"auto, (max-width: 1024px) 100vw, 1024px\" \/><\/a><\/figure><\/div>\n\n\n\n<p>O primeiro-ministro brit\u00e2nico, Keir Starmer, afirmou nesta segunda-feira (2) que o Reino Unido enfrenta uma amea\u00e7a &#8220;mais grave, mais imediata e mais imprevis\u00edvel do que em qualquer outro momento desde a Guerra Fria&#8221;, e antecipou que as For\u00e7as Armadas de seu pa\u00eds est\u00e3o se preparando para um eventual conflito armado.<br>O l\u00edder trabalhista fez esse alerta em um discurso em Glasgow, na Esc\u00f3cia, por ocasi\u00e3o da apresenta\u00e7\u00e3o da Revis\u00e3o Estrat\u00e9gica de Defesa, encomendada a especialistas do governo para saber como lidar com amea\u00e7as crescentes, como ataques nucleares e cibern\u00e9ticos.<\/p>\n\n\n\n<div class=\"wp-block-image\"><figure class=\"aligncenter size-large is-resized\"><a href=\"https:\/\/www.instagram.com\/gruposei\/\"><img loading=\"lazy\" decoding=\"async\" src=\"https:\/\/jornalfatosenoticias.com.br\/wp-content\/uploads\/2022\/07\/Logo-Grupo-SEI.jpg\" alt=\"\" class=\"wp-image-31973\" width=\"416\" height=\"218\" srcset=\"https:\/\/jornalfatosenoticias.com.br\/wp-content\/uploads\/2022\/07\/Logo-Grupo-SEI.jpg 713w, https:\/\/jornalfatosenoticias.com.br\/wp-content\/uploads\/2022\/07\/Logo-Grupo-SEI-300x158.jpg 300w\" sizes=\"auto, (max-width: 416px) 100vw, 416px\" \/><\/a><\/figure><\/div>\n\n\n\n<p>H\u00e1 uma &#8220;crescente agress\u00e3o russa&#8221;, cujas &#8220;a\u00e7\u00f5es imprudentes est\u00e3o aumentando o custo de vida em nosso pa\u00eds&#8221;, disse Starmer, enfatizando que o Reino Unido est\u00e1 avan\u00e7ando em dire\u00e7\u00e3o \u00e0 &#8220;prepara\u00e7\u00e3o para a guerra como o objetivo central de nossas For\u00e7as Armadas&#8221;. Nesse sentido, ressaltou que essas amea\u00e7as exigem &#8220;uma nova era para a defesa e a seguran\u00e7a&#8221; e ressaltou que seu governo &#8220;jamais comprometer\u00e1&#8221; a seguran\u00e7a nacional do Reino Unido.<\/p>\n\n\n\n<div class=\"wp-block-image\"><figure class=\"aligncenter size-large is-resized\"><a href=\"https:\/\/www.instagram.com\/serra4x4cambioautomatico\/\"><img loading=\"lazy\" decoding=\"async\" src=\"https:\/\/jornalfatosenoticias.com.br\/wp-content\/uploads\/2024\/08\/Serra-4x4-1-886x1024.jpg\" alt=\"\" class=\"wp-image-53632\" width=\"268\" height=\"309\" srcset=\"https:\/\/jornalfatosenoticias.com.br\/wp-content\/uploads\/2024\/08\/Serra-4x4-1-886x1024.jpg 886w, https:\/\/jornalfatosenoticias.com.br\/wp-content\/uploads\/2024\/08\/Serra-4x4-1-260x300.jpg 260w, https:\/\/jornalfatosenoticias.com.br\/wp-content\/uploads\/2024\/08\/Serra-4x4-1-768x888.jpg 768w, https:\/\/jornalfatosenoticias.com.br\/wp-content\/uploads\/2024\/08\/Serra-4x4-1.jpg 1181w\" sizes=\"auto, (max-width: 268px) 100vw, 268px\" \/><\/a><\/figure><\/div>\n\n\n\n<blockquote class=\"wp-block-quote is-layout-flow wp-block-quote-is-layout-flow\"><p><span class=\"has-inline-color has-luminous-vivid-orange-color\">Quando somos diretamente amea\u00e7ados por Estados com for\u00e7as militares avan\u00e7adas, a maneira mais eficaz de dissuadi-los \u00e9 estarmos preparados. E, francamente, mostrar a eles que estamos prontos para alcan\u00e7ar a paz pela for\u00e7a&#8221;, acrescentou.<\/span><\/p><\/blockquote>\n\n\n\n<div class=\"wp-block-image\"><figure class=\"aligncenter size-large is-resized\"><a href=\"https:\/\/www.instagram.com\/rcradiadores\/\"><img loading=\"lazy\" decoding=\"async\" src=\"https:\/\/jornalfatosenoticias.com.br\/wp-content\/uploads\/2022\/10\/RC_800x750_page-0001.jpg\" alt=\"\" class=\"wp-image-35338\" width=\"315\" height=\"295\" srcset=\"https:\/\/jornalfatosenoticias.com.br\/wp-content\/uploads\/2022\/10\/RC_800x750_page-0001.jpg 400w, https:\/\/jornalfatosenoticias.com.br\/wp-content\/uploads\/2022\/10\/RC_800x750_page-0001-300x281.jpg 300w\" sizes=\"auto, (max-width: 315px) 100vw, 315px\" \/><\/a><\/figure><\/div>\n\n\n\n<p>Starmer explicou que o Reino Unido construir\u00e1 uma for\u00e7a de combate mais integrada, mais preparada e mais letal do que nunca. Segundo destacou, tudo o que o Reino Unido fizer em termos de defesa contribuir\u00e1 para o fortalecimento da Otan, uma alian\u00e7a militar coletiva que significa que &#8220;nunca lutaremos sozinhos&#8221;. <em>&#8220;\u00c9 uma fonte fundamental da nossa for\u00e7a estrat\u00e9gica. \u00c9 por isso que a nossa pol\u00edtica de defesa sempre priorizar\u00e1 a Otan&#8221;, completou.<\/em><\/p>\n\n\n\n<div class=\"wp-block-image\"><figure class=\"aligncenter size-large\"><a href=\"http:\/\/www.ferrarimaquinas.com.br\/\"><img loading=\"lazy\" decoding=\"async\" width=\"300\" height=\"250\" src=\"https:\/\/jornalfatosenoticias.com.br\/wp-content\/uploads\/2022\/02\/FERRARI_MAQUINAS-E-FERRAMENTAS2.jpg\" alt=\"\" class=\"wp-image-27860\"\/><\/a><\/figure><\/div>\n\n\n\n<p>Outro objetivo do governo \u00e9 focar na inova\u00e7\u00e3o, frisou Starmer, citando drones, contratorpedeiros e aeronaves com Intelig\u00eancia Artificial (IA) como equipamentos de combate, a fim de criar For\u00e7as Armadas dez vezes mais letais at\u00e9 2035.<\/p>\n\n\n\n<blockquote class=\"wp-block-quote is-layout-flow wp-block-quote-is-layout-flow\"><p><span class=\"has-inline-color has-luminous-vivid-orange-color\">Cada cidad\u00e3o deste pa\u00eds tem um papel a desempenhar, porque devemos reconhecer que as coisas mudaram no mundo de hoje&#8221;, declarou.<\/span><\/p><\/blockquote>\n\n\n\n<div class=\"wp-block-image\"><figure class=\"aligncenter size-large is-resized\"><a href=\"https:\/\/www.legisjuris.com.br\/\"><img loading=\"lazy\" decoding=\"async\" src=\"https:\/\/jornalfatosenoticias.com.br\/wp-content\/uploads\/2024\/09\/Legis-Juris-Consultoria_logo.jpg\" alt=\"\" class=\"wp-image-53915\" width=\"544\" height=\"228\" srcset=\"https:\/\/jornalfatosenoticias.com.br\/wp-content\/uploads\/2024\/09\/Legis-Juris-Consultoria_logo.jpg 969w, https:\/\/jornalfatosenoticias.com.br\/wp-content\/uploads\/2024\/09\/Legis-Juris-Consultoria_logo-300x126.jpg 300w, https:\/\/jornalfatosenoticias.com.br\/wp-content\/uploads\/2024\/09\/Legis-Juris-Consultoria_logo-768x322.jpg 768w\" sizes=\"auto, (max-width: 544px) 100vw, 544px\" \/><\/a><\/figure><\/div>\n\n\n\n<p>Como parte do seu investimento em defesa, o governo anunciou na noite passada que o pa\u00eds construir\u00e1 at\u00e9 12 novos submarinos de ataque com propuls\u00e3o nuclear e investir\u00e1 15 bilh\u00f5es de libras (cerca de R$ 116,9 bilh\u00f5es) em seu programa de ogivas nucleares. No s\u00e1bado, anunciou que investir\u00e1 1,5 bilh\u00e3o de libras (cerca de R$ 11,6 bilh\u00f5es) na constru\u00e7\u00e3o de pelo menos seis f\u00e1bricas de muni\u00e7\u00f5es e componentes explosivos, al\u00e9m de adquirir at\u00e9 7.000 armas de longo alcance de fabrica\u00e7\u00e3o brit\u00e2nica.<\/p>\n\n\n\n<div class=\"wp-block-image\"><figure class=\"aligncenter size-large\"><a href=\"https:\/\/www.cesconetto.com.br\/\"><img loading=\"lazy\" decoding=\"async\" width=\"300\" height=\"250\" src=\"https:\/\/jornalfatosenoticias.com.br\/wp-content\/uploads\/2022\/02\/Banner-2.png\" alt=\"\" class=\"wp-image-27877\"\/><\/a><\/figure><\/div>\n\n\n\n<p><strong>Fonte: <a href=\"https:\/\/www.gazetadopovo.com.br\/mundo\/nova-era-defesa-reino-unido-prepara-possivel-guerra-russia\/\">Gazeta do Povo<\/a><\/strong><\/p>\n","protected":false},"excerpt":{"rendered":"<p>O primeiro-ministro brit\u00e2nico, Keir Starmer: Reino Unido alerta sobre crescente amea\u00e7a da R\u00fassia na Europa Por Ag\u00eancia EFE O primeiro-ministro brit\u00e2nico, Keir Starmer, afirmou nesta segunda-feira (2) que o Reino Unido enfrenta uma amea\u00e7a &#8220;mais grave, mais imediata e mais imprevis\u00edvel do que em qualquer outro momento desde a Guerra Fria&#8221;, e antecipou que as [&hellip;]<\/p>\n","protected":false},"author":2,"featured_media":59649,"comment_status":"open","ping_status":"open","sticky":false,"template":"","format":"standard","meta":{"footnotes":""},"categories":[41],"tags":[27245,27247,125,4491,27086,27246,2834,27244,991],"class_list":["post-59648","post","type-post","status-publish","format-standard","has-post-thumbnail","hentry","category-internacional","tag-ataques-ciberneticos","tag-ataques-nucleares","tag-europa","tag-guerra","tag-keir-starmer","tag-primeiro-ministro-britanico","tag-reino-unido","tag-revisao-estrategica","tag-russia"],"yoast_head":"<!-- This site is optimized with the Yoast SEO plugin v26.5 - https:\/\/yoast.com\/wordpress\/plugins\/seo\/ -->\n<title>\u201cNova era de defesa\u201d: Reino Unido se prepara para poss\u00edvel guerra com a R\u00fassia - Jornal Fatos e Not\u00edcias<\/title>\n<meta name=\"robots\" content=\"index, follow, max-snippet:-1, max-image-preview:large, max-video-preview:-1\" \/>\n<link rel=\"canonical\" href=\"https:\/\/jornalfatosenoticias.com.br\/index.php\/2025\/06\/02\/nova-era-de-defesa-reino-unido-se-prepara-para-possivel-guerra-com-a-russia\/\" \/>\n<meta property=\"og:locale\" content=\"pt_BR\" \/>\n<meta property=\"og:type\" content=\"article\" \/>\n<meta property=\"og:title\" content=\"\u201cNova era de defesa\u201d: Reino Unido se prepara para poss\u00edvel guerra com a R\u00fassia - Jornal Fatos e Not\u00edcias\" \/>\n<meta property=\"og:description\" content=\"O primeiro-ministro brit\u00e2nico, Keir Starmer: Reino Unido alerta sobre crescente amea\u00e7a da R\u00fassia na Europa Por Ag\u00eancia EFE O primeiro-ministro brit\u00e2nico, Keir Starmer, afirmou nesta segunda-feira (2) que o Reino Unido enfrenta uma amea\u00e7a &#8220;mais grave, mais imediata e mais imprevis\u00edvel do que em qualquer outro momento desde a Guerra Fria&#8221;, e antecipou que as [&hellip;]\" \/>\n<meta property=\"og:url\" content=\"https:\/\/jornalfatosenoticias.com.br\/index.php\/2025\/06\/02\/nova-era-de-defesa-reino-unido-se-prepara-para-possivel-guerra-com-a-russia\/\" \/>\n<meta property=\"og:site_name\" content=\"Jornal Fatos e Not\u00edcias\" \/>\n<meta property=\"article:published_time\" content=\"2025-06-02T19:57:59+00:00\" \/>\n<meta property=\"article:modified_time\" content=\"2025-06-02T19:58:01+00:00\" \/>\n<meta property=\"og:image\" content=\"https:\/\/jornalfatosenoticias.com.br\/wp-content\/uploads\/2025\/06\/keir-starmer_gettyimages.jpg\" \/>\n\t<meta property=\"og:image:width\" content=\"612\" \/>\n\t<meta property=\"og:image:height\" content=\"408\" \/>\n\t<meta property=\"og:image:type\" content=\"image\/jpeg\" \/>\n<meta name=\"author\" content=\"Luzimara Fernandes\" \/>\n<meta name=\"twitter:card\" content=\"summary_large_image\" \/>\n<meta name=\"twitter:label1\" content=\"Escrito por\" \/>\n\t<meta name=\"twitter:data1\" content=\"Luzimara Fernandes\" \/>\n\t<meta name=\"twitter:label2\" content=\"Est. tempo de leitura\" \/>\n\t<meta name=\"twitter:data2\" content=\"2 minutos\" \/>\n<script type=\"application\/ld+json\" class=\"yoast-schema-graph\">{\"@context\":\"https:\/\/schema.org\",\"@graph\":[{\"@type\":\"Article\",\"@id\":\"https:\/\/jornalfatosenoticias.com.br\/index.php\/2025\/06\/02\/nova-era-de-defesa-reino-unido-se-prepara-para-possivel-guerra-com-a-russia\/#article\",\"isPartOf\":{\"@id\":\"https:\/\/jornalfatosenoticias.com.br\/index.php\/2025\/06\/02\/nova-era-de-defesa-reino-unido-se-prepara-para-possivel-guerra-com-a-russia\/\"},\"author\":{\"name\":\"Luzimara Fernandes\",\"@id\":\"https:\/\/jornalfatosenoticias.com.br\/#\/schema\/person\/d63837fa13ac8666eb9e74e0985d6f81\"},\"headline\":\"\u201cNova era de defesa\u201d: Reino Unido se prepara para poss\u00edvel guerra com a R\u00fassia\",\"datePublished\":\"2025-06-02T19:57:59+00:00\",\"dateModified\":\"2025-06-02T19:58:01+00:00\",\"mainEntityOfPage\":{\"@id\":\"https:\/\/jornalfatosenoticias.com.br\/index.php\/2025\/06\/02\/nova-era-de-defesa-reino-unido-se-prepara-para-possivel-guerra-com-a-russia\/\"},\"wordCount\":484,\"commentCount\":0,\"publisher\":{\"@id\":\"https:\/\/jornalfatosenoticias.com.br\/#organization\"},\"image\":{\"@id\":\"https:\/\/jornalfatosenoticias.com.br\/index.php\/2025\/06\/02\/nova-era-de-defesa-reino-unido-se-prepara-para-possivel-guerra-com-a-russia\/#primaryimage\"},\"thumbnailUrl\":\"https:\/\/jornalfatosenoticias.com.br\/wp-content\/uploads\/2025\/06\/keir-starmer_gettyimages.jpg\",\"keywords\":[\"ataques cibern\u00e9ticos\",\"ataques nucleares\",\"Europa\",\"guerra\",\"Keir Starmer\",\"primeiro-ministro brit\u00e2nico\",\"Reino Unido\",\"revis\u00e3o estrat\u00e9gica\",\"R\u00fassia\"],\"articleSection\":[\"Internacional\"],\"inLanguage\":\"pt-BR\",\"potentialAction\":[{\"@type\":\"CommentAction\",\"name\":\"Comment\",\"target\":[\"https:\/\/jornalfatosenoticias.com.br\/index.php\/2025\/06\/02\/nova-era-de-defesa-reino-unido-se-prepara-para-possivel-guerra-com-a-russia\/#respond\"]}]},{\"@type\":\"WebPage\",\"@id\":\"https:\/\/jornalfatosenoticias.com.br\/index.php\/2025\/06\/02\/nova-era-de-defesa-reino-unido-se-prepara-para-possivel-guerra-com-a-russia\/\",\"url\":\"https:\/\/jornalfatosenoticias.com.br\/index.php\/2025\/06\/02\/nova-era-de-defesa-reino-unido-se-prepara-para-possivel-guerra-com-a-russia\/\",\"name\":\"\u201cNova era de defesa\u201d: Reino Unido se prepara para poss\u00edvel guerra com a R\u00fassia - Jornal Fatos e Not\u00edcias\",\"isPartOf\":{\"@id\":\"https:\/\/jornalfatosenoticias.com.br\/#website\"},\"primaryImageOfPage\":{\"@id\":\"https:\/\/jornalfatosenoticias.com.br\/index.php\/2025\/06\/02\/nova-era-de-defesa-reino-unido-se-prepara-para-possivel-guerra-com-a-russia\/#primaryimage\"},\"image\":{\"@id\":\"https:\/\/jornalfatosenoticias.com.br\/index.php\/2025\/06\/02\/nova-era-de-defesa-reino-unido-se-prepara-para-possivel-guerra-com-a-russia\/#primaryimage\"},\"thumbnailUrl\":\"https:\/\/jornalfatosenoticias.com.br\/wp-content\/uploads\/2025\/06\/keir-starmer_gettyimages.jpg\",\"datePublished\":\"2025-06-02T19:57:59+00:00\",\"dateModified\":\"2025-06-02T19:58:01+00:00\",\"breadcrumb\":{\"@id\":\"https:\/\/jornalfatosenoticias.com.br\/index.php\/2025\/06\/02\/nova-era-de-defesa-reino-unido-se-prepara-para-possivel-guerra-com-a-russia\/#breadcrumb\"},\"inLanguage\":\"pt-BR\",\"potentialAction\":[{\"@type\":\"ReadAction\",\"target\":[\"https:\/\/jornalfatosenoticias.com.br\/index.php\/2025\/06\/02\/nova-era-de-defesa-reino-unido-se-prepara-para-possivel-guerra-com-a-russia\/\"]}]},{\"@type\":\"ImageObject\",\"inLanguage\":\"pt-BR\",\"@id\":\"https:\/\/jornalfatosenoticias.com.br\/index.php\/2025\/06\/02\/nova-era-de-defesa-reino-unido-se-prepara-para-possivel-guerra-com-a-russia\/#primaryimage\",\"url\":\"https:\/\/jornalfatosenoticias.com.br\/wp-content\/uploads\/2025\/06\/keir-starmer_gettyimages.jpg\",\"contentUrl\":\"https:\/\/jornalfatosenoticias.com.br\/wp-content\/uploads\/2025\/06\/keir-starmer_gettyimages.jpg\",\"width\":612,\"height\":408,\"caption\":\"LONDON, ENGLAND - MAY 22: Britain's Prime Minister Keir Starmer speaks during a press conference following a deal on the Chagos Islands at Northwood Military Headquarters on May 22, 2025, in London, England. (Photo by Thomas Krych - WPA Pool\/Getty Images)\"},{\"@type\":\"BreadcrumbList\",\"@id\":\"https:\/\/jornalfatosenoticias.com.br\/index.php\/2025\/06\/02\/nova-era-de-defesa-reino-unido-se-prepara-para-possivel-guerra-com-a-russia\/#breadcrumb\",\"itemListElement\":[{\"@type\":\"ListItem\",\"position\":1,\"name\":\"In\u00edcio\",\"item\":\"https:\/\/jornalfatosenoticias.com.br\/\"},{\"@type\":\"ListItem\",\"position\":2,\"name\":\"\u201cNova era de defesa\u201d: Reino Unido se prepara para poss\u00edvel guerra com a R\u00fassia\"}]},{\"@type\":\"WebSite\",\"@id\":\"https:\/\/jornalfatosenoticias.com.br\/#website\",\"url\":\"https:\/\/jornalfatosenoticias.com.br\/\",\"name\":\"Jornal Fatos e Not\u00edcias\",\"description\":\"Not\u00edcias em geral\",\"publisher\":{\"@id\":\"https:\/\/jornalfatosenoticias.com.br\/#organization\"},\"potentialAction\":[{\"@type\":\"SearchAction\",\"target\":{\"@type\":\"EntryPoint\",\"urlTemplate\":\"https:\/\/jornalfatosenoticias.com.br\/?s={search_term_string}\"},\"query-input\":{\"@type\":\"PropertyValueSpecification\",\"valueRequired\":true,\"valueName\":\"search_term_string\"}}],\"inLanguage\":\"pt-BR\"},{\"@type\":\"Organization\",\"@id\":\"https:\/\/jornalfatosenoticias.com.br\/#organization\",\"name\":\"Jornal Fatos e Not\u00edcias\",\"url\":\"https:\/\/jornalfatosenoticias.com.br\/\",\"logo\":{\"@type\":\"ImageObject\",\"inLanguage\":\"pt-BR\",\"@id\":\"https:\/\/jornalfatosenoticias.com.br\/#\/schema\/logo\/image\/\",\"url\":\"https:\/\/jornalfatosenoticias.com.br\/wp-content\/uploads\/2020\/02\/logo120.png\",\"contentUrl\":\"https:\/\/jornalfatosenoticias.com.br\/wp-content\/uploads\/2020\/02\/logo120.png\",\"width\":1227,\"height\":120,\"caption\":\"Jornal Fatos e Not\u00edcias\"},\"image\":{\"@id\":\"https:\/\/jornalfatosenoticias.com.br\/#\/schema\/logo\/image\/\"}},{\"@type\":\"Person\",\"@id\":\"https:\/\/jornalfatosenoticias.com.br\/#\/schema\/person\/d63837fa13ac8666eb9e74e0985d6f81\",\"name\":\"Luzimara Fernandes\",\"image\":{\"@type\":\"ImageObject\",\"inLanguage\":\"pt-BR\",\"@id\":\"https:\/\/jornalfatosenoticias.com.br\/#\/schema\/person\/image\/\",\"url\":\"https:\/\/jornalfatosenoticias.com.br\/wp-content\/uploads\/2025\/05\/EU_portal.jpg\",\"contentUrl\":\"https:\/\/jornalfatosenoticias.com.br\/wp-content\/uploads\/2025\/05\/EU_portal.jpg\",\"caption\":\"Luzimara Fernandes\"},\"description\":\"Jornalista MTB 2358-ES\",\"sameAs\":[\"https:\/\/jornalfatosenoticias.com.br\"],\"url\":\"https:\/\/jornalfatosenoticias.com.br\/index.php\/author\/luzimara\/\"}]}<\/script>\n<!-- \/ Yoast SEO plugin. -->","yoast_head_json":{"title":"\u201cNova era de defesa\u201d: Reino Unido se prepara para poss\u00edvel guerra com a R\u00fassia - Jornal Fatos e Not\u00edcias","robots":{"index":"index","follow":"follow","max-snippet":"max-snippet:-1","max-image-preview":"max-image-preview:large","max-video-preview":"max-video-preview:-1"},"canonical":"https:\/\/jornalfatosenoticias.com.br\/index.php\/2025\/06\/02\/nova-era-de-defesa-reino-unido-se-prepara-para-possivel-guerra-com-a-russia\/","og_locale":"pt_BR","og_type":"article","og_title":"\u201cNova era de defesa\u201d: Reino Unido se prepara para poss\u00edvel guerra com a R\u00fassia - Jornal Fatos e Not\u00edcias","og_description":"O primeiro-ministro brit\u00e2nico, Keir Starmer: Reino Unido alerta sobre crescente amea\u00e7a da R\u00fassia na Europa Por Ag\u00eancia EFE O primeiro-ministro brit\u00e2nico, Keir Starmer, afirmou nesta segunda-feira (2) que o Reino Unido enfrenta uma amea\u00e7a &#8220;mais grave, mais imediata e mais imprevis\u00edvel do que em qualquer outro momento desde a Guerra Fria&#8221;, e antecipou que as [&hellip;]","og_url":"https:\/\/jornalfatosenoticias.com.br\/index.php\/2025\/06\/02\/nova-era-de-defesa-reino-unido-se-prepara-para-possivel-guerra-com-a-russia\/","og_site_name":"Jornal Fatos e Not\u00edcias","article_published_time":"2025-06-02T19:57:59+00:00","article_modified_time":"2025-06-02T19:58:01+00:00","og_image":[{"width":612,"height":408,"url":"https:\/\/jornalfatosenoticias.com.br\/wp-content\/uploads\/2025\/06\/keir-starmer_gettyimages.jpg","type":"image\/jpeg"}],"author":"Luzimara Fernandes","twitter_card":"summary_large_image","twitter_misc":{"Escrito por":"Luzimara Fernandes","Est. tempo de leitura":"2 minutos"},"schema":{"@context":"https:\/\/schema.org","@graph":[{"@type":"Article","@id":"https:\/\/jornalfatosenoticias.com.br\/index.php\/2025\/06\/02\/nova-era-de-defesa-reino-unido-se-prepara-para-possivel-guerra-com-a-russia\/#article","isPartOf":{"@id":"https:\/\/jornalfatosenoticias.com.br\/index.php\/2025\/06\/02\/nova-era-de-defesa-reino-unido-se-prepara-para-possivel-guerra-com-a-russia\/"},"author":{"name":"Luzimara Fernandes","@id":"https:\/\/jornalfatosenoticias.com.br\/#\/schema\/person\/d63837fa13ac8666eb9e74e0985d6f81"},"headline":"\u201cNova era de defesa\u201d: Reino Unido se prepara para poss\u00edvel guerra com a R\u00fassia","datePublished":"2025-06-02T19:57:59+00:00","dateModified":"2025-06-02T19:58:01+00:00","mainEntityOfPage":{"@id":"https:\/\/jornalfatosenoticias.com.br\/index.php\/2025\/06\/02\/nova-era-de-defesa-reino-unido-se-prepara-para-possivel-guerra-com-a-russia\/"},"wordCount":484,"commentCount":0,"publisher":{"@id":"https:\/\/jornalfatosenoticias.com.br\/#organization"},"image":{"@id":"https:\/\/jornalfatosenoticias.com.br\/index.php\/2025\/06\/02\/nova-era-de-defesa-reino-unido-se-prepara-para-possivel-guerra-com-a-russia\/#primaryimage"},"thumbnailUrl":"https:\/\/jornalfatosenoticias.com.br\/wp-content\/uploads\/2025\/06\/keir-starmer_gettyimages.jpg","keywords":["ataques cibern\u00e9ticos","ataques nucleares","Europa","guerra","Keir Starmer","primeiro-ministro brit\u00e2nico","Reino Unido","revis\u00e3o estrat\u00e9gica","R\u00fassia"],"articleSection":["Internacional"],"inLanguage":"pt-BR","potentialAction":[{"@type":"CommentAction","name":"Comment","target":["https:\/\/jornalfatosenoticias.com.br\/index.php\/2025\/06\/02\/nova-era-de-defesa-reino-unido-se-prepara-para-possivel-guerra-com-a-russia\/#respond"]}]},{"@type":"WebPage","@id":"https:\/\/jornalfatosenoticias.com.br\/index.php\/2025\/06\/02\/nova-era-de-defesa-reino-unido-se-prepara-para-possivel-guerra-com-a-russia\/","url":"https:\/\/jornalfatosenoticias.com.br\/index.php\/2025\/06\/02\/nova-era-de-defesa-reino-unido-se-prepara-para-possivel-guerra-com-a-russia\/","name":"\u201cNova era de defesa\u201d: Reino Unido se prepara para poss\u00edvel guerra com a R\u00fassia - Jornal Fatos e Not\u00edcias","isPartOf":{"@id":"https:\/\/jornalfatosenoticias.com.br\/#website"},"primaryImageOfPage":{"@id":"https:\/\/jornalfatosenoticias.com.br\/index.php\/2025\/06\/02\/nova-era-de-defesa-reino-unido-se-prepara-para-possivel-guerra-com-a-russia\/#primaryimage"},"image":{"@id":"https:\/\/jornalfatosenoticias.com.br\/index.php\/2025\/06\/02\/nova-era-de-defesa-reino-unido-se-prepara-para-possivel-guerra-com-a-russia\/#primaryimage"},"thumbnailUrl":"https:\/\/jornalfatosenoticias.com.br\/wp-content\/uploads\/2025\/06\/keir-starmer_gettyimages.jpg","datePublished":"2025-06-02T19:57:59+00:00","dateModified":"2025-06-02T19:58:01+00:00","breadcrumb":{"@id":"https:\/\/jornalfatosenoticias.com.br\/index.php\/2025\/06\/02\/nova-era-de-defesa-reino-unido-se-prepara-para-possivel-guerra-com-a-russia\/#breadcrumb"},"inLanguage":"pt-BR","potentialAction":[{"@type":"ReadAction","target":["https:\/\/jornalfatosenoticias.com.br\/index.php\/2025\/06\/02\/nova-era-de-defesa-reino-unido-se-prepara-para-possivel-guerra-com-a-russia\/"]}]},{"@type":"ImageObject","inLanguage":"pt-BR","@id":"https:\/\/jornalfatosenoticias.com.br\/index.php\/2025\/06\/02\/nova-era-de-defesa-reino-unido-se-prepara-para-possivel-guerra-com-a-russia\/#primaryimage","url":"https:\/\/jornalfatosenoticias.com.br\/wp-content\/uploads\/2025\/06\/keir-starmer_gettyimages.jpg","contentUrl":"https:\/\/jornalfatosenoticias.com.br\/wp-content\/uploads\/2025\/06\/keir-starmer_gettyimages.jpg","width":612,"height":408,"caption":"LONDON, ENGLAND - MAY 22: Britain's Prime Minister Keir Starmer speaks during a press conference following a deal on the Chagos Islands at Northwood Military Headquarters on May 22, 2025, in London, England. (Photo by Thomas Krych - WPA Pool\/Getty Images)"},{"@type":"BreadcrumbList","@id":"https:\/\/jornalfatosenoticias.com.br\/index.php\/2025\/06\/02\/nova-era-de-defesa-reino-unido-se-prepara-para-possivel-guerra-com-a-russia\/#breadcrumb","itemListElement":[{"@type":"ListItem","position":1,"name":"In\u00edcio","item":"https:\/\/jornalfatosenoticias.com.br\/"},{"@type":"ListItem","position":2,"name":"\u201cNova era de defesa\u201d: Reino Unido se prepara para poss\u00edvel guerra com a R\u00fassia"}]},{"@type":"WebSite","@id":"https:\/\/jornalfatosenoticias.com.br\/#website","url":"https:\/\/jornalfatosenoticias.com.br\/","name":"Jornal Fatos e Not\u00edcias","description":"Not\u00edcias em geral","publisher":{"@id":"https:\/\/jornalfatosenoticias.com.br\/#organization"},"potentialAction":[{"@type":"SearchAction","target":{"@type":"EntryPoint","urlTemplate":"https:\/\/jornalfatosenoticias.com.br\/?s={search_term_string}"},"query-input":{"@type":"PropertyValueSpecification","valueRequired":true,"valueName":"search_term_string"}}],"inLanguage":"pt-BR"},{"@type":"Organization","@id":"https:\/\/jornalfatosenoticias.com.br\/#organization","name":"Jornal Fatos e Not\u00edcias","url":"https:\/\/jornalfatosenoticias.com.br\/","logo":{"@type":"ImageObject","inLanguage":"pt-BR","@id":"https:\/\/jornalfatosenoticias.com.br\/#\/schema\/logo\/image\/","url":"https:\/\/jornalfatosenoticias.com.br\/wp-content\/uploads\/2020\/02\/logo120.png","contentUrl":"https:\/\/jornalfatosenoticias.com.br\/wp-content\/uploads\/2020\/02\/logo120.png","width":1227,"height":120,"caption":"Jornal Fatos e Not\u00edcias"},"image":{"@id":"https:\/\/jornalfatosenoticias.com.br\/#\/schema\/logo\/image\/"}},{"@type":"Person","@id":"https:\/\/jornalfatosenoticias.com.br\/#\/schema\/person\/d63837fa13ac8666eb9e74e0985d6f81","name":"Luzimara Fernandes","image":{"@type":"ImageObject","inLanguage":"pt-BR","@id":"https:\/\/jornalfatosenoticias.com.br\/#\/schema\/person\/image\/","url":"https:\/\/jornalfatosenoticias.com.br\/wp-content\/uploads\/2025\/05\/EU_portal.jpg","contentUrl":"https:\/\/jornalfatosenoticias.com.br\/wp-content\/uploads\/2025\/05\/EU_portal.jpg","caption":"Luzimara Fernandes"},"description":"Jornalista MTB 2358-ES","sameAs":["https:\/\/jornalfatosenoticias.com.br"],"url":"https:\/\/jornalfatosenoticias.com.br\/index.php\/author\/luzimara\/"}]}},"cc_featured_image_caption":{"caption_text":"(Foto: Getty Images)","source_text":"","source_url":""},"jetpack_featured_media_url":"https:\/\/jornalfatosenoticias.com.br\/wp-content\/uploads\/2025\/06\/keir-starmer_gettyimages.jpg","_links":{"self":[{"href":"https:\/\/jornalfatosenoticias.com.br\/index.php\/wp-json\/wp\/v2\/posts\/59648","targetHints":{"allow":["GET"]}}],"collection":[{"href":"https:\/\/jornalfatosenoticias.com.br\/index.php\/wp-json\/wp\/v2\/posts"}],"about":[{"href":"https:\/\/jornalfatosenoticias.com.br\/index.php\/wp-json\/wp\/v2\/types\/post"}],"author":[{"embeddable":true,"href":"https:\/\/jornalfatosenoticias.com.br\/index.php\/wp-json\/wp\/v2\/users\/2"}],"replies":[{"embeddable":true,"href":"https:\/\/jornalfatosenoticias.com.br\/index.php\/wp-json\/wp\/v2\/comments?post=59648"}],"version-history":[{"count":0,"href":"https:\/\/jornalfatosenoticias.com.br\/index.php\/wp-json\/wp\/v2\/posts\/59648\/revisions"}],"wp:featuredmedia":[{"embeddable":true,"href":"https:\/\/jornalfatosenoticias.com.br\/index.php\/wp-json\/wp\/v2\/media\/59649"}],"wp:attachment":[{"href":"https:\/\/jornalfatosenoticias.com.br\/index.php\/wp-json\/wp\/v2\/media?parent=59648"}],"wp:term":[{"taxonomy":"category","embeddable":true,"href":"https:\/\/jornalfatosenoticias.com.br\/index.php\/wp-json\/wp\/v2\/categories?post=59648"},{"taxonomy":"post_tag","embeddable":true,"href":"https:\/\/jornalfatosenoticias.com.br\/index.php\/wp-json\/wp\/v2\/tags?post=59648"}],"curies":[{"name":"wp","href":"https:\/\/api.w.org\/{rel}","templated":true}]}}