{"id":59651,"date":"2025-06-02T17:10:44","date_gmt":"2025-06-02T20:10:44","guid":{"rendered":"https:\/\/jornalfatosenoticias.com.br\/?p=59651"},"modified":"2025-06-02T17:10:45","modified_gmt":"2025-06-02T20:10:45","slug":"maior-vulcao-ativo-da-europa-etna-entra-em-erupcao","status":"publish","type":"post","link":"https:\/\/jornalfatosenoticias.com.br\/index.php\/2025\/06\/02\/maior-vulcao-ativo-da-europa-etna-entra-em-erupcao\/","title":{"rendered":"Maior vulc\u00e3o ativo da Europa, Etna entra em erup\u00e7\u00e3o"},"content":{"rendered":"\n<p><em><span class=\"has-inline-color has-black-color\">Localizado na Sic\u00edlia, Etna entrou em erup\u00e7\u00e3o, mas autoridades afirmaram que por ora n\u00e3o h\u00e1 riscos para a popula\u00e7\u00e3o local e turistas<\/span><\/em><\/p>\n\n\n\n<p><span class=\"has-inline-color has-black-color\">Por <strong>Ag\u00eancia EFE<\/strong><\/span><\/p>\n\n\n\n<div class=\"wp-block-image\"><figure class=\"aligncenter size-large\"><a href=\"https:\/\/mizu.com.br\/\"><img loading=\"lazy\" decoding=\"async\" width=\"729\" height=\"90\" src=\"https:\/\/jornalfatosenoticias.com.br\/wp-content\/uploads\/2020\/02\/Logo_Mizu.png\" alt=\"\" class=\"wp-image-1441\" srcset=\"https:\/\/jornalfatosenoticias.com.br\/wp-content\/uploads\/2020\/02\/Logo_Mizu.png 729w, https:\/\/jornalfatosenoticias.com.br\/wp-content\/uploads\/2020\/02\/Logo_Mizu-300x37.png 300w\" sizes=\"auto, (max-width: 729px) 100vw, 729px\" \/><\/a><\/figure><\/div>\n\n\n\n<p>O Monte Etna, o maior vulc\u00e3o ativo da placa europeia e localizado na ilha da Sic\u00edlia, no sul da It\u00e1lia, entrou em erup\u00e7\u00e3o novamente com explos\u00f5es poderosas, uma alta coluna de fuma\u00e7a e um fluxo pirocl\u00e1stico em sua encosta sudeste. As autoridades asseguram que a erup\u00e7\u00e3o n\u00e3o representa perigo para a popula\u00e7\u00e3o, j\u00e1 que n\u00e3o ultrapassou um vale a 2,8 mil metros de altitude.<br>O Instituto Nacional de Geof\u00edsica e Vulcanologia (INGV) est\u00e1 monitorando a situa\u00e7\u00e3o e, em seu \u00faltimo boletim, confirmou a presen\u00e7a de fluxos pirocl\u00e1sticos, fluxos de lava e gases em movimento ao n\u00edvel do solo, utilizando suas c\u00e2meras t\u00e9rmicas. O fluxo, explica o observat\u00f3rio, foi provavelmente causado pelo colapso de parte da cratera sudeste, mas \u201co material quente\u201d \u201cn\u00e3o parece ter ultrapassado\u201d o Vale do Le\u00e3o, que os excursionistas costumam atravessar em sua subida ao Etna.<\/p>\n\n\n\n<div class=\"wp-block-image\"><figure class=\"aligncenter size-large is-resized\"><a href=\"https:\/\/www.facebook.com\/postobkr\/?locale=pt_BR\"><img loading=\"lazy\" decoding=\"async\" src=\"https:\/\/jornalfatosenoticias.com.br\/wp-content\/uploads\/2023\/08\/BKR-1024x1021.jpg\" alt=\"\" class=\"wp-image-44494\" width=\"314\" height=\"313\" srcset=\"https:\/\/jornalfatosenoticias.com.br\/wp-content\/uploads\/2023\/08\/BKR-1024x1021.jpg 1024w, https:\/\/jornalfatosenoticias.com.br\/wp-content\/uploads\/2023\/08\/BKR-300x300.jpg 300w, https:\/\/jornalfatosenoticias.com.br\/wp-content\/uploads\/2023\/08\/BKR-150x150.jpg 150w, https:\/\/jornalfatosenoticias.com.br\/wp-content\/uploads\/2023\/08\/BKR-768x766.jpg 768w, https:\/\/jornalfatosenoticias.com.br\/wp-content\/uploads\/2023\/08\/BKR.jpg 1080w\" sizes=\"auto, (max-width: 314px) 100vw, 314px\" \/><\/a><\/figure><\/div>\n\n\n\n<p>A primeira notifica\u00e7\u00e3o do INGV chegou \u00e0s 2h39 (hora local, 21h39 de domingo no hor\u00e1rio de Bras\u00edlia), quando avisou para \u201cuma repentina mudan\u00e7a de par\u00e2metros\u201d a uma altitude de 2,8 mil metros neste enorme e muito ativo vulc\u00e3o siciliano. Em seguida, observou-se atividade do tipo \u201cestromboliano\u201d \u2014 explosiva, mas liberando energia \u201cmodesta\u201d \u2014 na cratera sudeste, bem como \u201cum aumento gradual\u201d dos tremores.<\/p>\n\n\n\n<div class=\"wp-block-image\"><figure class=\"aligncenter size-large is-resized\"><a href=\"https:\/\/www.instagram.com\/gruposei\/\"><img loading=\"lazy\" decoding=\"async\" src=\"https:\/\/jornalfatosenoticias.com.br\/wp-content\/uploads\/2022\/07\/Logo-Grupo-SEI.jpg\" alt=\"\" class=\"wp-image-31973\" width=\"413\" height=\"217\" srcset=\"https:\/\/jornalfatosenoticias.com.br\/wp-content\/uploads\/2022\/07\/Logo-Grupo-SEI.jpg 713w, https:\/\/jornalfatosenoticias.com.br\/wp-content\/uploads\/2022\/07\/Logo-Grupo-SEI-300x158.jpg 300w\" sizes=\"auto, (max-width: 413px) 100vw, 413px\" \/><\/a><\/figure><\/div>\n\n\n\n<p>Em seu \u00faltimo relat\u00f3rio, o INGV relata que a atividade explosiva na cratera sudeste levou a erup\u00e7\u00f5es de lava e que os tremores vulc\u00e2nicos atingiram \u201cn\u00edveis muito altos\u201d. Esta erup\u00e7\u00e3o do imponente Etna p\u00f4de ser claramente observada da cidade vizinha de Cat\u00e2nia, que, no entanto, mant\u00e9m seu aeroporto em opera\u00e7\u00e3o. O presidente da Sic\u00edlia, Renato Schifani, descartou por enquanto qualquer perigo para a popula\u00e7\u00e3o, de acordo com informa\u00e7\u00f5es recebidas da Defesa Civil.<\/p>\n\n\n\n<div class=\"wp-block-image\"><figure class=\"aligncenter size-large is-resized\"><a href=\"https:\/\/www.instagram.com\/esteio.churrascaria\/\"><img loading=\"lazy\" decoding=\"async\" src=\"https:\/\/jornalfatosenoticias.com.br\/wp-content\/uploads\/2022\/02\/LOGO-ESTEIO-1024x730.png\" alt=\"\" class=\"wp-image-27942\" width=\"338\" height=\"241\" srcset=\"https:\/\/jornalfatosenoticias.com.br\/wp-content\/uploads\/2022\/02\/LOGO-ESTEIO-1024x730.png 1024w, https:\/\/jornalfatosenoticias.com.br\/wp-content\/uploads\/2022\/02\/LOGO-ESTEIO-300x214.png 300w, https:\/\/jornalfatosenoticias.com.br\/wp-content\/uploads\/2022\/02\/LOGO-ESTEIO-768x548.png 768w, https:\/\/jornalfatosenoticias.com.br\/wp-content\/uploads\/2022\/02\/LOGO-ESTEIO.png 1123w\" sizes=\"auto, (max-width: 338px) 100vw, 338px\" \/><\/a><\/figure><\/div>\n\n\n\n<blockquote class=\"wp-block-quote is-layout-flow wp-block-quote-is-layout-flow\"><p><span class=\"has-inline-color has-luminous-vivid-orange-color\">De acordo com os dados iniciais, o material n\u00e3o atingiu a borda do Vale do Le\u00e3o e, como me garantiram, n\u00e3o h\u00e1 perigo para a popula\u00e7\u00e3o\u201d, afirmou.<\/span><\/p><\/blockquote>\n\n\n\n<div class=\"wp-block-image\"><figure class=\"aligncenter size-large is-resized\"><a href=\"https:\/\/www.facebook.com\/vetor.vix\/\"><img loading=\"lazy\" decoding=\"async\" src=\"https:\/\/jornalfatosenoticias.com.br\/wp-content\/uploads\/2023\/09\/vetorvix1024_1.jpg\" alt=\"\" class=\"wp-image-44868\" width=\"531\" height=\"141\" srcset=\"https:\/\/jornalfatosenoticias.com.br\/wp-content\/uploads\/2023\/09\/vetorvix1024_1.jpg 1024w, https:\/\/jornalfatosenoticias.com.br\/wp-content\/uploads\/2023\/09\/vetorvix1024_1-300x80.jpg 300w, https:\/\/jornalfatosenoticias.com.br\/wp-content\/uploads\/2023\/09\/vetorvix1024_1-768x205.jpg 768w\" sizes=\"auto, (max-width: 531px) 100vw, 531px\" \/><\/a><\/figure><\/div>\n\n\n\n<p>No entanto, o chefe da Defesa Civil da Sic\u00edlia, Salvo Cocina, reiterou \u201ca m\u00e1xima preocupa\u00e7\u00e3o\u201d com os excursionistas e pediu que \u201cevitem a \u00e1rea no topo do vulc\u00e3o\u201d ao menos at\u00e9 novo aviso, devido \u00e0 \u201cpotencial evolu\u00e7\u00e3o do fen\u00f4meno\u201d, afirmou.<\/p>\n\n\n\n<p><strong>Fonte: <a href=\"https:\/\/www.gazetadopovo.com.br\/mundo\/maior-vulcao-ativo-da-europa-etna-entra-em-erupcao\/\">Gazeta do Povo<\/a><\/strong><\/p>\n","protected":false},"excerpt":{"rendered":"<p>Localizado na Sic\u00edlia, Etna entrou em erup\u00e7\u00e3o, mas autoridades afirmaram que por ora n\u00e3o h\u00e1 riscos para a popula\u00e7\u00e3o local e turistas Por Ag\u00eancia EFE O Monte Etna, o maior vulc\u00e3o ativo da placa europeia e localizado na ilha da Sic\u00edlia, no sul da It\u00e1lia, entrou em erup\u00e7\u00e3o novamente com explos\u00f5es poderosas, uma alta coluna [&hellip;]<\/p>\n","protected":false},"author":2,"featured_media":59652,"comment_status":"open","ping_status":"open","sticky":false,"template":"","format":"standard","meta":{"footnotes":""},"categories":[41],"tags":[228,27248,125,124,6847,93],"class_list":["post-59651","post","type-post","status-publish","format-standard","has-post-thumbnail","hentry","category-internacional","tag-erupcao","tag-etna","tag-europa","tag-italia","tag-sicilia","tag-vulcao"],"yoast_head":"<!-- This site is optimized with the Yoast SEO plugin v26.5 - https:\/\/yoast.com\/wordpress\/plugins\/seo\/ -->\n<title>Maior vulc\u00e3o ativo da Europa, Etna entra em erup\u00e7\u00e3o - Jornal Fatos e Not\u00edcias<\/title>\n<meta name=\"robots\" content=\"index, follow, max-snippet:-1, max-image-preview:large, max-video-preview:-1\" \/>\n<link rel=\"canonical\" href=\"https:\/\/jornalfatosenoticias.com.br\/index.php\/2025\/06\/02\/maior-vulcao-ativo-da-europa-etna-entra-em-erupcao\/\" \/>\n<meta property=\"og:locale\" content=\"pt_BR\" \/>\n<meta property=\"og:type\" content=\"article\" \/>\n<meta property=\"og:title\" content=\"Maior vulc\u00e3o ativo da Europa, Etna entra em erup\u00e7\u00e3o - Jornal Fatos e Not\u00edcias\" \/>\n<meta property=\"og:description\" content=\"Localizado na Sic\u00edlia, Etna entrou em erup\u00e7\u00e3o, mas autoridades afirmaram que por ora n\u00e3o h\u00e1 riscos para a popula\u00e7\u00e3o local e turistas Por Ag\u00eancia EFE O Monte Etna, o maior vulc\u00e3o ativo da placa europeia e localizado na ilha da Sic\u00edlia, no sul da It\u00e1lia, entrou em erup\u00e7\u00e3o novamente com explos\u00f5es poderosas, uma alta coluna [&hellip;]\" \/>\n<meta property=\"og:url\" content=\"https:\/\/jornalfatosenoticias.com.br\/index.php\/2025\/06\/02\/maior-vulcao-ativo-da-europa-etna-entra-em-erupcao\/\" \/>\n<meta property=\"og:site_name\" content=\"Jornal Fatos e Not\u00edcias\" \/>\n<meta property=\"article:published_time\" content=\"2025-06-02T20:10:44+00:00\" \/>\n<meta property=\"article:modified_time\" content=\"2025-06-02T20:10:45+00:00\" \/>\n<meta property=\"og:image\" content=\"https:\/\/jornalfatosenoticias.com.br\/wp-content\/uploads\/2025\/06\/etna-vulcao_gettyimages.jpg\" \/>\n\t<meta property=\"og:image:width\" content=\"612\" \/>\n\t<meta property=\"og:image:height\" content=\"409\" \/>\n\t<meta property=\"og:image:type\" content=\"image\/jpeg\" \/>\n<meta name=\"author\" content=\"Luzimara Fernandes\" \/>\n<meta name=\"twitter:card\" content=\"summary_large_image\" \/>\n<meta name=\"twitter:label1\" content=\"Escrito por\" \/>\n\t<meta name=\"twitter:data1\" content=\"Luzimara Fernandes\" \/>\n\t<meta name=\"twitter:label2\" content=\"Est. tempo de leitura\" \/>\n\t<meta name=\"twitter:data2\" content=\"2 minutos\" \/>\n<script type=\"application\/ld+json\" class=\"yoast-schema-graph\">{\"@context\":\"https:\/\/schema.org\",\"@graph\":[{\"@type\":\"Article\",\"@id\":\"https:\/\/jornalfatosenoticias.com.br\/index.php\/2025\/06\/02\/maior-vulcao-ativo-da-europa-etna-entra-em-erupcao\/#article\",\"isPartOf\":{\"@id\":\"https:\/\/jornalfatosenoticias.com.br\/index.php\/2025\/06\/02\/maior-vulcao-ativo-da-europa-etna-entra-em-erupcao\/\"},\"author\":{\"name\":\"Luzimara Fernandes\",\"@id\":\"https:\/\/jornalfatosenoticias.com.br\/#\/schema\/person\/d63837fa13ac8666eb9e74e0985d6f81\"},\"headline\":\"Maior vulc\u00e3o ativo da Europa, Etna entra em erup\u00e7\u00e3o\",\"datePublished\":\"2025-06-02T20:10:44+00:00\",\"dateModified\":\"2025-06-02T20:10:45+00:00\",\"mainEntityOfPage\":{\"@id\":\"https:\/\/jornalfatosenoticias.com.br\/index.php\/2025\/06\/02\/maior-vulcao-ativo-da-europa-etna-entra-em-erupcao\/\"},\"wordCount\":430,\"commentCount\":0,\"publisher\":{\"@id\":\"https:\/\/jornalfatosenoticias.com.br\/#organization\"},\"image\":{\"@id\":\"https:\/\/jornalfatosenoticias.com.br\/index.php\/2025\/06\/02\/maior-vulcao-ativo-da-europa-etna-entra-em-erupcao\/#primaryimage\"},\"thumbnailUrl\":\"https:\/\/jornalfatosenoticias.com.br\/wp-content\/uploads\/2025\/06\/etna-vulcao_gettyimages.jpg\",\"keywords\":[\"erup\u00e7\u00e3o\",\"Etna\",\"Europa\",\"It\u00e1lia\",\"Sic\u00edlia\",\"vulc\u00e3o\"],\"articleSection\":[\"Internacional\"],\"inLanguage\":\"pt-BR\",\"potentialAction\":[{\"@type\":\"CommentAction\",\"name\":\"Comment\",\"target\":[\"https:\/\/jornalfatosenoticias.com.br\/index.php\/2025\/06\/02\/maior-vulcao-ativo-da-europa-etna-entra-em-erupcao\/#respond\"]}]},{\"@type\":\"WebPage\",\"@id\":\"https:\/\/jornalfatosenoticias.com.br\/index.php\/2025\/06\/02\/maior-vulcao-ativo-da-europa-etna-entra-em-erupcao\/\",\"url\":\"https:\/\/jornalfatosenoticias.com.br\/index.php\/2025\/06\/02\/maior-vulcao-ativo-da-europa-etna-entra-em-erupcao\/\",\"name\":\"Maior vulc\u00e3o ativo da Europa, Etna entra em erup\u00e7\u00e3o - Jornal Fatos e Not\u00edcias\",\"isPartOf\":{\"@id\":\"https:\/\/jornalfatosenoticias.com.br\/#website\"},\"primaryImageOfPage\":{\"@id\":\"https:\/\/jornalfatosenoticias.com.br\/index.php\/2025\/06\/02\/maior-vulcao-ativo-da-europa-etna-entra-em-erupcao\/#primaryimage\"},\"image\":{\"@id\":\"https:\/\/jornalfatosenoticias.com.br\/index.php\/2025\/06\/02\/maior-vulcao-ativo-da-europa-etna-entra-em-erupcao\/#primaryimage\"},\"thumbnailUrl\":\"https:\/\/jornalfatosenoticias.com.br\/wp-content\/uploads\/2025\/06\/etna-vulcao_gettyimages.jpg\",\"datePublished\":\"2025-06-02T20:10:44+00:00\",\"dateModified\":\"2025-06-02T20:10:45+00:00\",\"breadcrumb\":{\"@id\":\"https:\/\/jornalfatosenoticias.com.br\/index.php\/2025\/06\/02\/maior-vulcao-ativo-da-europa-etna-entra-em-erupcao\/#breadcrumb\"},\"inLanguage\":\"pt-BR\",\"potentialAction\":[{\"@type\":\"ReadAction\",\"target\":[\"https:\/\/jornalfatosenoticias.com.br\/index.php\/2025\/06\/02\/maior-vulcao-ativo-da-europa-etna-entra-em-erupcao\/\"]}]},{\"@type\":\"ImageObject\",\"inLanguage\":\"pt-BR\",\"@id\":\"https:\/\/jornalfatosenoticias.com.br\/index.php\/2025\/06\/02\/maior-vulcao-ativo-da-europa-etna-entra-em-erupcao\/#primaryimage\",\"url\":\"https:\/\/jornalfatosenoticias.com.br\/wp-content\/uploads\/2025\/06\/etna-vulcao_gettyimages.jpg\",\"contentUrl\":\"https:\/\/jornalfatosenoticias.com.br\/wp-content\/uploads\/2025\/06\/etna-vulcao_gettyimages.jpg\",\"width\":612,\"height\":409,\"caption\":\"CATANIA, SICILY, ITALY - JUNE 2: Mount Etna erupts a strong and intense flow of ash and lava following a collapse at the southeast crater of Mount Etna in southern Italy early this morning, on June 2, 2025, in Catania, Sicily, Italy. According to the information provided by the Catania Branch of the National Institute of Geophysics and Volcanology (INGV) and the Etna Observatory, a volcanic eruption occurred after a collapse at a section of the southeast crater of Mount Etna, located at an altitude of 2,900 meters. (Photo by Salvatore Allegra\/Anadolu via Getty Images)\"},{\"@type\":\"BreadcrumbList\",\"@id\":\"https:\/\/jornalfatosenoticias.com.br\/index.php\/2025\/06\/02\/maior-vulcao-ativo-da-europa-etna-entra-em-erupcao\/#breadcrumb\",\"itemListElement\":[{\"@type\":\"ListItem\",\"position\":1,\"name\":\"In\u00edcio\",\"item\":\"https:\/\/jornalfatosenoticias.com.br\/\"},{\"@type\":\"ListItem\",\"position\":2,\"name\":\"Maior vulc\u00e3o ativo da Europa, Etna entra em erup\u00e7\u00e3o\"}]},{\"@type\":\"WebSite\",\"@id\":\"https:\/\/jornalfatosenoticias.com.br\/#website\",\"url\":\"https:\/\/jornalfatosenoticias.com.br\/\",\"name\":\"Jornal Fatos e Not\u00edcias\",\"description\":\"Not\u00edcias em geral\",\"publisher\":{\"@id\":\"https:\/\/jornalfatosenoticias.com.br\/#organization\"},\"potentialAction\":[{\"@type\":\"SearchAction\",\"target\":{\"@type\":\"EntryPoint\",\"urlTemplate\":\"https:\/\/jornalfatosenoticias.com.br\/?s={search_term_string}\"},\"query-input\":{\"@type\":\"PropertyValueSpecification\",\"valueRequired\":true,\"valueName\":\"search_term_string\"}}],\"inLanguage\":\"pt-BR\"},{\"@type\":\"Organization\",\"@id\":\"https:\/\/jornalfatosenoticias.com.br\/#organization\",\"name\":\"Jornal Fatos e Not\u00edcias\",\"url\":\"https:\/\/jornalfatosenoticias.com.br\/\",\"logo\":{\"@type\":\"ImageObject\",\"inLanguage\":\"pt-BR\",\"@id\":\"https:\/\/jornalfatosenoticias.com.br\/#\/schema\/logo\/image\/\",\"url\":\"https:\/\/jornalfatosenoticias.com.br\/wp-content\/uploads\/2020\/02\/logo120.png\",\"contentUrl\":\"https:\/\/jornalfatosenoticias.com.br\/wp-content\/uploads\/2020\/02\/logo120.png\",\"width\":1227,\"height\":120,\"caption\":\"Jornal Fatos e Not\u00edcias\"},\"image\":{\"@id\":\"https:\/\/jornalfatosenoticias.com.br\/#\/schema\/logo\/image\/\"}},{\"@type\":\"Person\",\"@id\":\"https:\/\/jornalfatosenoticias.com.br\/#\/schema\/person\/d63837fa13ac8666eb9e74e0985d6f81\",\"name\":\"Luzimara Fernandes\",\"image\":{\"@type\":\"ImageObject\",\"inLanguage\":\"pt-BR\",\"@id\":\"https:\/\/jornalfatosenoticias.com.br\/#\/schema\/person\/image\/\",\"url\":\"https:\/\/jornalfatosenoticias.com.br\/wp-content\/uploads\/2025\/05\/EU_portal.jpg\",\"contentUrl\":\"https:\/\/jornalfatosenoticias.com.br\/wp-content\/uploads\/2025\/05\/EU_portal.jpg\",\"caption\":\"Luzimara Fernandes\"},\"description\":\"Jornalista MTB 2358-ES\",\"sameAs\":[\"https:\/\/jornalfatosenoticias.com.br\"],\"url\":\"https:\/\/jornalfatosenoticias.com.br\/index.php\/author\/luzimara\/\"}]}<\/script>\n<!-- \/ Yoast SEO plugin. -->","yoast_head_json":{"title":"Maior vulc\u00e3o ativo da Europa, Etna entra em erup\u00e7\u00e3o - Jornal Fatos e Not\u00edcias","robots":{"index":"index","follow":"follow","max-snippet":"max-snippet:-1","max-image-preview":"max-image-preview:large","max-video-preview":"max-video-preview:-1"},"canonical":"https:\/\/jornalfatosenoticias.com.br\/index.php\/2025\/06\/02\/maior-vulcao-ativo-da-europa-etna-entra-em-erupcao\/","og_locale":"pt_BR","og_type":"article","og_title":"Maior vulc\u00e3o ativo da Europa, Etna entra em erup\u00e7\u00e3o - Jornal Fatos e Not\u00edcias","og_description":"Localizado na Sic\u00edlia, Etna entrou em erup\u00e7\u00e3o, mas autoridades afirmaram que por ora n\u00e3o h\u00e1 riscos para a popula\u00e7\u00e3o local e turistas Por Ag\u00eancia EFE O Monte Etna, o maior vulc\u00e3o ativo da placa europeia e localizado na ilha da Sic\u00edlia, no sul da It\u00e1lia, entrou em erup\u00e7\u00e3o novamente com explos\u00f5es poderosas, uma alta coluna [&hellip;]","og_url":"https:\/\/jornalfatosenoticias.com.br\/index.php\/2025\/06\/02\/maior-vulcao-ativo-da-europa-etna-entra-em-erupcao\/","og_site_name":"Jornal Fatos e Not\u00edcias","article_published_time":"2025-06-02T20:10:44+00:00","article_modified_time":"2025-06-02T20:10:45+00:00","og_image":[{"width":612,"height":409,"url":"https:\/\/jornalfatosenoticias.com.br\/wp-content\/uploads\/2025\/06\/etna-vulcao_gettyimages.jpg","type":"image\/jpeg"}],"author":"Luzimara Fernandes","twitter_card":"summary_large_image","twitter_misc":{"Escrito por":"Luzimara Fernandes","Est. tempo de leitura":"2 minutos"},"schema":{"@context":"https:\/\/schema.org","@graph":[{"@type":"Article","@id":"https:\/\/jornalfatosenoticias.com.br\/index.php\/2025\/06\/02\/maior-vulcao-ativo-da-europa-etna-entra-em-erupcao\/#article","isPartOf":{"@id":"https:\/\/jornalfatosenoticias.com.br\/index.php\/2025\/06\/02\/maior-vulcao-ativo-da-europa-etna-entra-em-erupcao\/"},"author":{"name":"Luzimara Fernandes","@id":"https:\/\/jornalfatosenoticias.com.br\/#\/schema\/person\/d63837fa13ac8666eb9e74e0985d6f81"},"headline":"Maior vulc\u00e3o ativo da Europa, Etna entra em erup\u00e7\u00e3o","datePublished":"2025-06-02T20:10:44+00:00","dateModified":"2025-06-02T20:10:45+00:00","mainEntityOfPage":{"@id":"https:\/\/jornalfatosenoticias.com.br\/index.php\/2025\/06\/02\/maior-vulcao-ativo-da-europa-etna-entra-em-erupcao\/"},"wordCount":430,"commentCount":0,"publisher":{"@id":"https:\/\/jornalfatosenoticias.com.br\/#organization"},"image":{"@id":"https:\/\/jornalfatosenoticias.com.br\/index.php\/2025\/06\/02\/maior-vulcao-ativo-da-europa-etna-entra-em-erupcao\/#primaryimage"},"thumbnailUrl":"https:\/\/jornalfatosenoticias.com.br\/wp-content\/uploads\/2025\/06\/etna-vulcao_gettyimages.jpg","keywords":["erup\u00e7\u00e3o","Etna","Europa","It\u00e1lia","Sic\u00edlia","vulc\u00e3o"],"articleSection":["Internacional"],"inLanguage":"pt-BR","potentialAction":[{"@type":"CommentAction","name":"Comment","target":["https:\/\/jornalfatosenoticias.com.br\/index.php\/2025\/06\/02\/maior-vulcao-ativo-da-europa-etna-entra-em-erupcao\/#respond"]}]},{"@type":"WebPage","@id":"https:\/\/jornalfatosenoticias.com.br\/index.php\/2025\/06\/02\/maior-vulcao-ativo-da-europa-etna-entra-em-erupcao\/","url":"https:\/\/jornalfatosenoticias.com.br\/index.php\/2025\/06\/02\/maior-vulcao-ativo-da-europa-etna-entra-em-erupcao\/","name":"Maior vulc\u00e3o ativo da Europa, Etna entra em erup\u00e7\u00e3o - Jornal Fatos e Not\u00edcias","isPartOf":{"@id":"https:\/\/jornalfatosenoticias.com.br\/#website"},"primaryImageOfPage":{"@id":"https:\/\/jornalfatosenoticias.com.br\/index.php\/2025\/06\/02\/maior-vulcao-ativo-da-europa-etna-entra-em-erupcao\/#primaryimage"},"image":{"@id":"https:\/\/jornalfatosenoticias.com.br\/index.php\/2025\/06\/02\/maior-vulcao-ativo-da-europa-etna-entra-em-erupcao\/#primaryimage"},"thumbnailUrl":"https:\/\/jornalfatosenoticias.com.br\/wp-content\/uploads\/2025\/06\/etna-vulcao_gettyimages.jpg","datePublished":"2025-06-02T20:10:44+00:00","dateModified":"2025-06-02T20:10:45+00:00","breadcrumb":{"@id":"https:\/\/jornalfatosenoticias.com.br\/index.php\/2025\/06\/02\/maior-vulcao-ativo-da-europa-etna-entra-em-erupcao\/#breadcrumb"},"inLanguage":"pt-BR","potentialAction":[{"@type":"ReadAction","target":["https:\/\/jornalfatosenoticias.com.br\/index.php\/2025\/06\/02\/maior-vulcao-ativo-da-europa-etna-entra-em-erupcao\/"]}]},{"@type":"ImageObject","inLanguage":"pt-BR","@id":"https:\/\/jornalfatosenoticias.com.br\/index.php\/2025\/06\/02\/maior-vulcao-ativo-da-europa-etna-entra-em-erupcao\/#primaryimage","url":"https:\/\/jornalfatosenoticias.com.br\/wp-content\/uploads\/2025\/06\/etna-vulcao_gettyimages.jpg","contentUrl":"https:\/\/jornalfatosenoticias.com.br\/wp-content\/uploads\/2025\/06\/etna-vulcao_gettyimages.jpg","width":612,"height":409,"caption":"CATANIA, SICILY, ITALY - JUNE 2: Mount Etna erupts a strong and intense flow of ash and lava following a collapse at the southeast crater of Mount Etna in southern Italy early this morning, on June 2, 2025, in Catania, Sicily, Italy. According to the information provided by the Catania Branch of the National Institute of Geophysics and Volcanology (INGV) and the Etna Observatory, a volcanic eruption occurred after a collapse at a section of the southeast crater of Mount Etna, located at an altitude of 2,900 meters. (Photo by Salvatore Allegra\/Anadolu via Getty Images)"},{"@type":"BreadcrumbList","@id":"https:\/\/jornalfatosenoticias.com.br\/index.php\/2025\/06\/02\/maior-vulcao-ativo-da-europa-etna-entra-em-erupcao\/#breadcrumb","itemListElement":[{"@type":"ListItem","position":1,"name":"In\u00edcio","item":"https:\/\/jornalfatosenoticias.com.br\/"},{"@type":"ListItem","position":2,"name":"Maior vulc\u00e3o ativo da Europa, Etna entra em erup\u00e7\u00e3o"}]},{"@type":"WebSite","@id":"https:\/\/jornalfatosenoticias.com.br\/#website","url":"https:\/\/jornalfatosenoticias.com.br\/","name":"Jornal Fatos e Not\u00edcias","description":"Not\u00edcias em geral","publisher":{"@id":"https:\/\/jornalfatosenoticias.com.br\/#organization"},"potentialAction":[{"@type":"SearchAction","target":{"@type":"EntryPoint","urlTemplate":"https:\/\/jornalfatosenoticias.com.br\/?s={search_term_string}"},"query-input":{"@type":"PropertyValueSpecification","valueRequired":true,"valueName":"search_term_string"}}],"inLanguage":"pt-BR"},{"@type":"Organization","@id":"https:\/\/jornalfatosenoticias.com.br\/#organization","name":"Jornal Fatos e Not\u00edcias","url":"https:\/\/jornalfatosenoticias.com.br\/","logo":{"@type":"ImageObject","inLanguage":"pt-BR","@id":"https:\/\/jornalfatosenoticias.com.br\/#\/schema\/logo\/image\/","url":"https:\/\/jornalfatosenoticias.com.br\/wp-content\/uploads\/2020\/02\/logo120.png","contentUrl":"https:\/\/jornalfatosenoticias.com.br\/wp-content\/uploads\/2020\/02\/logo120.png","width":1227,"height":120,"caption":"Jornal Fatos e Not\u00edcias"},"image":{"@id":"https:\/\/jornalfatosenoticias.com.br\/#\/schema\/logo\/image\/"}},{"@type":"Person","@id":"https:\/\/jornalfatosenoticias.com.br\/#\/schema\/person\/d63837fa13ac8666eb9e74e0985d6f81","name":"Luzimara Fernandes","image":{"@type":"ImageObject","inLanguage":"pt-BR","@id":"https:\/\/jornalfatosenoticias.com.br\/#\/schema\/person\/image\/","url":"https:\/\/jornalfatosenoticias.com.br\/wp-content\/uploads\/2025\/05\/EU_portal.jpg","contentUrl":"https:\/\/jornalfatosenoticias.com.br\/wp-content\/uploads\/2025\/05\/EU_portal.jpg","caption":"Luzimara Fernandes"},"description":"Jornalista MTB 2358-ES","sameAs":["https:\/\/jornalfatosenoticias.com.br"],"url":"https:\/\/jornalfatosenoticias.com.br\/index.php\/author\/luzimara\/"}]}},"cc_featured_image_caption":{"caption_text":"(Foto: Getty Images)","source_text":"","source_url":""},"jetpack_featured_media_url":"https:\/\/jornalfatosenoticias.com.br\/wp-content\/uploads\/2025\/06\/etna-vulcao_gettyimages.jpg","_links":{"self":[{"href":"https:\/\/jornalfatosenoticias.com.br\/index.php\/wp-json\/wp\/v2\/posts\/59651","targetHints":{"allow":["GET"]}}],"collection":[{"href":"https:\/\/jornalfatosenoticias.com.br\/index.php\/wp-json\/wp\/v2\/posts"}],"about":[{"href":"https:\/\/jornalfatosenoticias.com.br\/index.php\/wp-json\/wp\/v2\/types\/post"}],"author":[{"embeddable":true,"href":"https:\/\/jornalfatosenoticias.com.br\/index.php\/wp-json\/wp\/v2\/users\/2"}],"replies":[{"embeddable":true,"href":"https:\/\/jornalfatosenoticias.com.br\/index.php\/wp-json\/wp\/v2\/comments?post=59651"}],"version-history":[{"count":0,"href":"https:\/\/jornalfatosenoticias.com.br\/index.php\/wp-json\/wp\/v2\/posts\/59651\/revisions"}],"wp:featuredmedia":[{"embeddable":true,"href":"https:\/\/jornalfatosenoticias.com.br\/index.php\/wp-json\/wp\/v2\/media\/59652"}],"wp:attachment":[{"href":"https:\/\/jornalfatosenoticias.com.br\/index.php\/wp-json\/wp\/v2\/media?parent=59651"}],"wp:term":[{"taxonomy":"category","embeddable":true,"href":"https:\/\/jornalfatosenoticias.com.br\/index.php\/wp-json\/wp\/v2\/categories?post=59651"},{"taxonomy":"post_tag","embeddable":true,"href":"https:\/\/jornalfatosenoticias.com.br\/index.php\/wp-json\/wp\/v2\/tags?post=59651"}],"curies":[{"name":"wp","href":"https:\/\/api.w.org\/{rel}","templated":true}]}}