{"id":59654,"date":"2025-06-02T17:21:19","date_gmt":"2025-06-02T20:21:19","guid":{"rendered":"https:\/\/jornalfatosenoticias.com.br\/?p=59654"},"modified":"2025-06-02T17:21:20","modified_gmt":"2025-06-02T20:21:20","slug":"lula-quer-maioria-no-senado-em-2026-para-a-direita-nao-avacalhar-o-supremo","status":"publish","type":"post","link":"https:\/\/jornalfatosenoticias.com.br\/index.php\/2025\/06\/02\/lula-quer-maioria-no-senado-em-2026-para-a-direita-nao-avacalhar-o-supremo\/","title":{"rendered":"Lula quer maioria no Senado em 2026 para a direita n\u00e3o \u201cavacalhar\u201d o Supremo"},"content":{"rendered":"\n<p><em><span class=\"has-inline-color has-black-color\">Lula quer maioria no Senado em 2026 para manter STF<\/span><\/em><\/p>\n\n\n\n<p><span class=\"has-inline-color has-black-color\">Por <strong><a href=\"https:\/\/www.gazetadopovo.com.br\/autor\/roberta-ribeiro\/\" rel=\"nofollow\">Roberta Ribeiro<\/a><\/strong><\/span><\/p>\n\n\n\n<div class=\"wp-block-image\"><figure class=\"aligncenter size-large\"><a href=\"https:\/\/www.controlsystems.com.br\/\"><img loading=\"lazy\" decoding=\"async\" width=\"1024\" height=\"109\" src=\"https:\/\/jornalfatosenoticias.com.br\/wp-content\/uploads\/2020\/02\/CONTROL-CS2-1024x109.jpg\" alt=\"\" class=\"wp-image-44989\" srcset=\"https:\/\/jornalfatosenoticias.com.br\/wp-content\/uploads\/2020\/02\/CONTROL-CS2-1024x109.jpg 1024w, https:\/\/jornalfatosenoticias.com.br\/wp-content\/uploads\/2020\/02\/CONTROL-CS2-300x32.jpg 300w, https:\/\/jornalfatosenoticias.com.br\/wp-content\/uploads\/2020\/02\/CONTROL-CS2-768x82.jpg 768w, https:\/\/jornalfatosenoticias.com.br\/wp-content\/uploads\/2020\/02\/CONTROL-CS2.jpg 1120w\" sizes=\"auto, (max-width: 1024px) 100vw, 1024px\" \/><\/a><\/figure><\/div>\n\n\n\n<p>Luiz In\u00e1cio Lula da Silva (PT) afirmou que, nas elei\u00e7\u00f5es de 2026, ser\u00e1 preciso eleger maioria no Senado a fim de evitar que a direita \u201cavacalhe\u201d o Supremo Tribunal Federal (STF). A declara\u00e7\u00e3o de Lula foi dada neste domingo (1.\u00ba), em discurso durante o encerramento do congresso nacional do PSB, em Bras\u00edlia. As informa\u00e7\u00f5es s\u00e3o do site Poder360.<br>\u201cMuitas vezes, a gente tem que pegar os melhores quadros, eleger senador da Rep\u00fablica, eleger deputado federal, eleger senadora, porque n\u00f3s precisamos ganhar a maioria do Senado, porque, sen\u00e3o, esses caras [da direita] v\u00e3o avacalhar com a Suprema Corte\u201d, disse.<\/p>\n\n\n\n<div class=\"wp-block-image\"><figure class=\"aligncenter size-large\"><a href=\"http:\/\/www.ferrarimaquinas.com.br\/\"><img loading=\"lazy\" decoding=\"async\" width=\"300\" height=\"250\" src=\"https:\/\/jornalfatosenoticias.com.br\/wp-content\/uploads\/2022\/02\/FERRARI_MAQUINAS-E-FERRAMENTAS2.jpg\" alt=\"\" class=\"wp-image-27860\"\/><\/a><\/figure><\/div>\n\n\n\n<p>Lula ainda afirmou que a Suprema Corte n\u00e3o \u00e9 uma \u201cma\u00e7\u00e3 doce\u201d, mas que \u00e9 preciso \u201cpreservar as institui\u00e7\u00f5es que garantem o exerc\u00edcio da democracia nesse pa\u00eds\u201d. Em 2026, haver\u00e1 elei\u00e7\u00e3o para \u2154 das cadeiras no Senado \u2014 54 das 81. A pr\u00f3pria direita j\u00e1 declarou que busca maioria na Casa Alta do Congresso Nacional, j\u00e1 que \u00e9 a inst\u00e2ncia que pode abrir pedidos de impeachment contra ministros do STF.<\/p>\n\n\n\n<div class=\"wp-block-image\"><figure class=\"aligncenter size-large is-resized\"><a href=\"https:\/\/panper.com.br\/\"><img loading=\"lazy\" decoding=\"async\" src=\"https:\/\/jornalfatosenoticias.com.br\/wp-content\/uploads\/2023\/03\/logo-Panper_portal.jpg\" alt=\"\" class=\"wp-image-40208\" width=\"335\" height=\"232\" srcset=\"https:\/\/jornalfatosenoticias.com.br\/wp-content\/uploads\/2023\/03\/logo-Panper_portal.jpg 400w, https:\/\/jornalfatosenoticias.com.br\/wp-content\/uploads\/2023\/03\/logo-Panper_portal-300x208.jpg 300w\" sizes=\"auto, (max-width: 335px) 100vw, 335px\" \/><\/a><\/figure><\/div>\n\n\n\n<p>A direita vislumbra essa possibilidade. Em fevereiro deste ano, por exemplo, o senador Fl\u00e1vio Bolsonaro (PL-RJ) disse que &#8220;j\u00e1 chegamos a quase 40 senadores declaradamente a favor do impeachment do ministro Alexandre de Moraes&#8221;. Ainda em fevereiro, o presidente da Casa Alta, senador Davi Alcolumbre (Uni\u00e3o Brasil-AP), afirmou que n\u00e3o pautaria impeachment de ministros do STF e que o Senado \u201cn\u00e3o \u00e9 \u00f3rg\u00e3o de corre\u00e7\u00e3o do STF\u201d.<\/p>\n\n\n\n<div class=\"wp-block-image\"><figure class=\"aligncenter size-large is-resized\"><a href=\"https:\/\/www.instagram.com\/serra4x4cambioautomatico\/\"><img loading=\"lazy\" decoding=\"async\" src=\"https:\/\/jornalfatosenoticias.com.br\/wp-content\/uploads\/2024\/08\/Serra-4x4-1-886x1024.jpg\" alt=\"\" class=\"wp-image-53632\" width=\"253\" height=\"293\" srcset=\"https:\/\/jornalfatosenoticias.com.br\/wp-content\/uploads\/2024\/08\/Serra-4x4-1-886x1024.jpg 886w, https:\/\/jornalfatosenoticias.com.br\/wp-content\/uploads\/2024\/08\/Serra-4x4-1-260x300.jpg 260w, https:\/\/jornalfatosenoticias.com.br\/wp-content\/uploads\/2024\/08\/Serra-4x4-1-768x888.jpg 768w, https:\/\/jornalfatosenoticias.com.br\/wp-content\/uploads\/2024\/08\/Serra-4x4-1.jpg 1181w\" sizes=\"auto, (max-width: 253px) 100vw, 253px\" \/><\/a><\/figure><\/div>\n\n\n\n<p><strong>Fonte: <a href=\"https:\/\/www.gazetadopovo.com.br\/republica\/lula-quer-maioria-no-senado-em-2026-para-a-direita-nao-avacalhar-o-supremo\/\">Gazeta do Povo<\/a><\/strong><\/p>\n","protected":false},"excerpt":{"rendered":"<p>Lula quer maioria no Senado em 2026 para manter STF Por Roberta Ribeiro Luiz In\u00e1cio Lula da Silva (PT) afirmou que, nas elei\u00e7\u00f5es de 2026, ser\u00e1 preciso eleger maioria no Senado a fim de evitar que a direita \u201cavacalhe\u201d o Supremo Tribunal Federal (STF). A declara\u00e7\u00e3o de Lula foi dada neste domingo (1.\u00ba), em discurso [&hellip;]<\/p>\n","protected":false},"author":2,"featured_media":59655,"comment_status":"open","ping_status":"open","sticky":false,"template":"","format":"standard","meta":{"footnotes":""},"categories":[10],"tags":[26148,7580,20784,27249,294],"class_list":["post-59654","post","type-post","status-publish","format-standard","has-post-thumbnail","hentry","category-politica","tag-impeachment-de-alexandre-de-moraes","tag-lula","tag-ministros-do-stf","tag-psb","tag-stf"],"yoast_head":"<!-- This site is optimized with the Yoast SEO plugin v26.5 - https:\/\/yoast.com\/wordpress\/plugins\/seo\/ -->\n<title>Lula quer maioria no Senado em 2026 para a direita n\u00e3o \u201cavacalhar\u201d o Supremo - Jornal Fatos e Not\u00edcias<\/title>\n<meta name=\"robots\" content=\"index, follow, max-snippet:-1, max-image-preview:large, max-video-preview:-1\" \/>\n<link rel=\"canonical\" href=\"https:\/\/jornalfatosenoticias.com.br\/index.php\/2025\/06\/02\/lula-quer-maioria-no-senado-em-2026-para-a-direita-nao-avacalhar-o-supremo\/\" \/>\n<meta property=\"og:locale\" content=\"pt_BR\" \/>\n<meta property=\"og:type\" content=\"article\" \/>\n<meta property=\"og:title\" content=\"Lula quer maioria no Senado em 2026 para a direita n\u00e3o \u201cavacalhar\u201d o Supremo - Jornal Fatos e Not\u00edcias\" \/>\n<meta property=\"og:description\" content=\"Lula quer maioria no Senado em 2026 para manter STF Por Roberta Ribeiro Luiz In\u00e1cio Lula da Silva (PT) afirmou que, nas elei\u00e7\u00f5es de 2026, ser\u00e1 preciso eleger maioria no Senado a fim de evitar que a direita \u201cavacalhe\u201d o Supremo Tribunal Federal (STF). A declara\u00e7\u00e3o de Lula foi dada neste domingo (1.\u00ba), em discurso [&hellip;]\" \/>\n<meta property=\"og:url\" content=\"https:\/\/jornalfatosenoticias.com.br\/index.php\/2025\/06\/02\/lula-quer-maioria-no-senado-em-2026-para-a-direita-nao-avacalhar-o-supremo\/\" \/>\n<meta property=\"og:site_name\" content=\"Jornal Fatos e Not\u00edcias\" \/>\n<meta property=\"article:published_time\" content=\"2025-06-02T20:21:19+00:00\" \/>\n<meta property=\"article:modified_time\" content=\"2025-06-02T20:21:20+00:00\" \/>\n<meta property=\"og:image\" content=\"https:\/\/jornalfatosenoticias.com.br\/wp-content\/uploads\/2025\/06\/molusco_gettyimages.jpg\" \/>\n\t<meta property=\"og:image:width\" content=\"612\" \/>\n\t<meta property=\"og:image:height\" content=\"408\" \/>\n\t<meta property=\"og:image:type\" content=\"image\/jpeg\" \/>\n<meta name=\"author\" content=\"Luzimara Fernandes\" \/>\n<meta name=\"twitter:card\" content=\"summary_large_image\" \/>\n<meta name=\"twitter:label1\" content=\"Escrito por\" \/>\n\t<meta name=\"twitter:data1\" content=\"Luzimara Fernandes\" \/>\n\t<meta name=\"twitter:label2\" content=\"Est. tempo de leitura\" \/>\n\t<meta name=\"twitter:data2\" content=\"1 minuto\" \/>\n<script type=\"application\/ld+json\" class=\"yoast-schema-graph\">{\"@context\":\"https:\/\/schema.org\",\"@graph\":[{\"@type\":\"Article\",\"@id\":\"https:\/\/jornalfatosenoticias.com.br\/index.php\/2025\/06\/02\/lula-quer-maioria-no-senado-em-2026-para-a-direita-nao-avacalhar-o-supremo\/#article\",\"isPartOf\":{\"@id\":\"https:\/\/jornalfatosenoticias.com.br\/index.php\/2025\/06\/02\/lula-quer-maioria-no-senado-em-2026-para-a-direita-nao-avacalhar-o-supremo\/\"},\"author\":{\"name\":\"Luzimara Fernandes\",\"@id\":\"https:\/\/jornalfatosenoticias.com.br\/#\/schema\/person\/d63837fa13ac8666eb9e74e0985d6f81\"},\"headline\":\"Lula quer maioria no Senado em 2026 para a direita n\u00e3o \u201cavacalhar\u201d o Supremo\",\"datePublished\":\"2025-06-02T20:21:19+00:00\",\"dateModified\":\"2025-06-02T20:21:20+00:00\",\"mainEntityOfPage\":{\"@id\":\"https:\/\/jornalfatosenoticias.com.br\/index.php\/2025\/06\/02\/lula-quer-maioria-no-senado-em-2026-para-a-direita-nao-avacalhar-o-supremo\/\"},\"wordCount\":276,\"commentCount\":0,\"publisher\":{\"@id\":\"https:\/\/jornalfatosenoticias.com.br\/#organization\"},\"image\":{\"@id\":\"https:\/\/jornalfatosenoticias.com.br\/index.php\/2025\/06\/02\/lula-quer-maioria-no-senado-em-2026-para-a-direita-nao-avacalhar-o-supremo\/#primaryimage\"},\"thumbnailUrl\":\"https:\/\/jornalfatosenoticias.com.br\/wp-content\/uploads\/2025\/06\/molusco_gettyimages.jpg\",\"keywords\":[\"impeachment de Alexandre de Moraes\",\"Lula\",\"ministros do STF\",\"PSB\",\"STF\"],\"articleSection\":[\"Pol\u00edtica\"],\"inLanguage\":\"pt-BR\",\"potentialAction\":[{\"@type\":\"CommentAction\",\"name\":\"Comment\",\"target\":[\"https:\/\/jornalfatosenoticias.com.br\/index.php\/2025\/06\/02\/lula-quer-maioria-no-senado-em-2026-para-a-direita-nao-avacalhar-o-supremo\/#respond\"]}]},{\"@type\":\"WebPage\",\"@id\":\"https:\/\/jornalfatosenoticias.com.br\/index.php\/2025\/06\/02\/lula-quer-maioria-no-senado-em-2026-para-a-direita-nao-avacalhar-o-supremo\/\",\"url\":\"https:\/\/jornalfatosenoticias.com.br\/index.php\/2025\/06\/02\/lula-quer-maioria-no-senado-em-2026-para-a-direita-nao-avacalhar-o-supremo\/\",\"name\":\"Lula quer maioria no Senado em 2026 para a direita n\u00e3o \u201cavacalhar\u201d o Supremo - Jornal Fatos e Not\u00edcias\",\"isPartOf\":{\"@id\":\"https:\/\/jornalfatosenoticias.com.br\/#website\"},\"primaryImageOfPage\":{\"@id\":\"https:\/\/jornalfatosenoticias.com.br\/index.php\/2025\/06\/02\/lula-quer-maioria-no-senado-em-2026-para-a-direita-nao-avacalhar-o-supremo\/#primaryimage\"},\"image\":{\"@id\":\"https:\/\/jornalfatosenoticias.com.br\/index.php\/2025\/06\/02\/lula-quer-maioria-no-senado-em-2026-para-a-direita-nao-avacalhar-o-supremo\/#primaryimage\"},\"thumbnailUrl\":\"https:\/\/jornalfatosenoticias.com.br\/wp-content\/uploads\/2025\/06\/molusco_gettyimages.jpg\",\"datePublished\":\"2025-06-02T20:21:19+00:00\",\"dateModified\":\"2025-06-02T20:21:20+00:00\",\"breadcrumb\":{\"@id\":\"https:\/\/jornalfatosenoticias.com.br\/index.php\/2025\/06\/02\/lula-quer-maioria-no-senado-em-2026-para-a-direita-nao-avacalhar-o-supremo\/#breadcrumb\"},\"inLanguage\":\"pt-BR\",\"potentialAction\":[{\"@type\":\"ReadAction\",\"target\":[\"https:\/\/jornalfatosenoticias.com.br\/index.php\/2025\/06\/02\/lula-quer-maioria-no-senado-em-2026-para-a-direita-nao-avacalhar-o-supremo\/\"]}]},{\"@type\":\"ImageObject\",\"inLanguage\":\"pt-BR\",\"@id\":\"https:\/\/jornalfatosenoticias.com.br\/index.php\/2025\/06\/02\/lula-quer-maioria-no-senado-em-2026-para-a-direita-nao-avacalhar-o-supremo\/#primaryimage\",\"url\":\"https:\/\/jornalfatosenoticias.com.br\/wp-content\/uploads\/2025\/06\/molusco_gettyimages.jpg\",\"contentUrl\":\"https:\/\/jornalfatosenoticias.com.br\/wp-content\/uploads\/2025\/06\/molusco_gettyimages.jpg\",\"width\":612,\"height\":408,\"caption\":\"BEIJING, CHINA - MAY 13: Brazil's President Luiz Inacio Lula da Silva attends a joint press conference with Chinese President Xi Jinping (not pictured) at the Great Hall of the People on May 13, 2025 in Beijing, China. The summit includes China's key Latin American trade partners, and comes as Beijing and Washington work on defusing a trade war. (Photo by Tingshu Wang - Pool\/Getty Images)\"},{\"@type\":\"BreadcrumbList\",\"@id\":\"https:\/\/jornalfatosenoticias.com.br\/index.php\/2025\/06\/02\/lula-quer-maioria-no-senado-em-2026-para-a-direita-nao-avacalhar-o-supremo\/#breadcrumb\",\"itemListElement\":[{\"@type\":\"ListItem\",\"position\":1,\"name\":\"In\u00edcio\",\"item\":\"https:\/\/jornalfatosenoticias.com.br\/\"},{\"@type\":\"ListItem\",\"position\":2,\"name\":\"Lula quer maioria no Senado em 2026 para a direita n\u00e3o \u201cavacalhar\u201d o Supremo\"}]},{\"@type\":\"WebSite\",\"@id\":\"https:\/\/jornalfatosenoticias.com.br\/#website\",\"url\":\"https:\/\/jornalfatosenoticias.com.br\/\",\"name\":\"Jornal Fatos e Not\u00edcias\",\"description\":\"Not\u00edcias em geral\",\"publisher\":{\"@id\":\"https:\/\/jornalfatosenoticias.com.br\/#organization\"},\"potentialAction\":[{\"@type\":\"SearchAction\",\"target\":{\"@type\":\"EntryPoint\",\"urlTemplate\":\"https:\/\/jornalfatosenoticias.com.br\/?s={search_term_string}\"},\"query-input\":{\"@type\":\"PropertyValueSpecification\",\"valueRequired\":true,\"valueName\":\"search_term_string\"}}],\"inLanguage\":\"pt-BR\"},{\"@type\":\"Organization\",\"@id\":\"https:\/\/jornalfatosenoticias.com.br\/#organization\",\"name\":\"Jornal Fatos e Not\u00edcias\",\"url\":\"https:\/\/jornalfatosenoticias.com.br\/\",\"logo\":{\"@type\":\"ImageObject\",\"inLanguage\":\"pt-BR\",\"@id\":\"https:\/\/jornalfatosenoticias.com.br\/#\/schema\/logo\/image\/\",\"url\":\"https:\/\/jornalfatosenoticias.com.br\/wp-content\/uploads\/2020\/02\/logo120.png\",\"contentUrl\":\"https:\/\/jornalfatosenoticias.com.br\/wp-content\/uploads\/2020\/02\/logo120.png\",\"width\":1227,\"height\":120,\"caption\":\"Jornal Fatos e Not\u00edcias\"},\"image\":{\"@id\":\"https:\/\/jornalfatosenoticias.com.br\/#\/schema\/logo\/image\/\"}},{\"@type\":\"Person\",\"@id\":\"https:\/\/jornalfatosenoticias.com.br\/#\/schema\/person\/d63837fa13ac8666eb9e74e0985d6f81\",\"name\":\"Luzimara Fernandes\",\"image\":{\"@type\":\"ImageObject\",\"inLanguage\":\"pt-BR\",\"@id\":\"https:\/\/jornalfatosenoticias.com.br\/#\/schema\/person\/image\/\",\"url\":\"https:\/\/jornalfatosenoticias.com.br\/wp-content\/uploads\/2025\/05\/EU_portal.jpg\",\"contentUrl\":\"https:\/\/jornalfatosenoticias.com.br\/wp-content\/uploads\/2025\/05\/EU_portal.jpg\",\"caption\":\"Luzimara Fernandes\"},\"description\":\"Jornalista MTB 2358-ES\",\"sameAs\":[\"https:\/\/jornalfatosenoticias.com.br\"],\"url\":\"https:\/\/jornalfatosenoticias.com.br\/index.php\/author\/luzimara\/\"}]}<\/script>\n<!-- \/ Yoast SEO plugin. -->","yoast_head_json":{"title":"Lula quer maioria no Senado em 2026 para a direita n\u00e3o \u201cavacalhar\u201d o Supremo - Jornal Fatos e Not\u00edcias","robots":{"index":"index","follow":"follow","max-snippet":"max-snippet:-1","max-image-preview":"max-image-preview:large","max-video-preview":"max-video-preview:-1"},"canonical":"https:\/\/jornalfatosenoticias.com.br\/index.php\/2025\/06\/02\/lula-quer-maioria-no-senado-em-2026-para-a-direita-nao-avacalhar-o-supremo\/","og_locale":"pt_BR","og_type":"article","og_title":"Lula quer maioria no Senado em 2026 para a direita n\u00e3o \u201cavacalhar\u201d o Supremo - Jornal Fatos e Not\u00edcias","og_description":"Lula quer maioria no Senado em 2026 para manter STF Por Roberta Ribeiro Luiz In\u00e1cio Lula da Silva (PT) afirmou que, nas elei\u00e7\u00f5es de 2026, ser\u00e1 preciso eleger maioria no Senado a fim de evitar que a direita \u201cavacalhe\u201d o Supremo Tribunal Federal (STF). A declara\u00e7\u00e3o de Lula foi dada neste domingo (1.\u00ba), em discurso [&hellip;]","og_url":"https:\/\/jornalfatosenoticias.com.br\/index.php\/2025\/06\/02\/lula-quer-maioria-no-senado-em-2026-para-a-direita-nao-avacalhar-o-supremo\/","og_site_name":"Jornal Fatos e Not\u00edcias","article_published_time":"2025-06-02T20:21:19+00:00","article_modified_time":"2025-06-02T20:21:20+00:00","og_image":[{"width":612,"height":408,"url":"https:\/\/jornalfatosenoticias.com.br\/wp-content\/uploads\/2025\/06\/molusco_gettyimages.jpg","type":"image\/jpeg"}],"author":"Luzimara Fernandes","twitter_card":"summary_large_image","twitter_misc":{"Escrito por":"Luzimara Fernandes","Est. tempo de leitura":"1 minuto"},"schema":{"@context":"https:\/\/schema.org","@graph":[{"@type":"Article","@id":"https:\/\/jornalfatosenoticias.com.br\/index.php\/2025\/06\/02\/lula-quer-maioria-no-senado-em-2026-para-a-direita-nao-avacalhar-o-supremo\/#article","isPartOf":{"@id":"https:\/\/jornalfatosenoticias.com.br\/index.php\/2025\/06\/02\/lula-quer-maioria-no-senado-em-2026-para-a-direita-nao-avacalhar-o-supremo\/"},"author":{"name":"Luzimara Fernandes","@id":"https:\/\/jornalfatosenoticias.com.br\/#\/schema\/person\/d63837fa13ac8666eb9e74e0985d6f81"},"headline":"Lula quer maioria no Senado em 2026 para a direita n\u00e3o \u201cavacalhar\u201d o Supremo","datePublished":"2025-06-02T20:21:19+00:00","dateModified":"2025-06-02T20:21:20+00:00","mainEntityOfPage":{"@id":"https:\/\/jornalfatosenoticias.com.br\/index.php\/2025\/06\/02\/lula-quer-maioria-no-senado-em-2026-para-a-direita-nao-avacalhar-o-supremo\/"},"wordCount":276,"commentCount":0,"publisher":{"@id":"https:\/\/jornalfatosenoticias.com.br\/#organization"},"image":{"@id":"https:\/\/jornalfatosenoticias.com.br\/index.php\/2025\/06\/02\/lula-quer-maioria-no-senado-em-2026-para-a-direita-nao-avacalhar-o-supremo\/#primaryimage"},"thumbnailUrl":"https:\/\/jornalfatosenoticias.com.br\/wp-content\/uploads\/2025\/06\/molusco_gettyimages.jpg","keywords":["impeachment de Alexandre de Moraes","Lula","ministros do STF","PSB","STF"],"articleSection":["Pol\u00edtica"],"inLanguage":"pt-BR","potentialAction":[{"@type":"CommentAction","name":"Comment","target":["https:\/\/jornalfatosenoticias.com.br\/index.php\/2025\/06\/02\/lula-quer-maioria-no-senado-em-2026-para-a-direita-nao-avacalhar-o-supremo\/#respond"]}]},{"@type":"WebPage","@id":"https:\/\/jornalfatosenoticias.com.br\/index.php\/2025\/06\/02\/lula-quer-maioria-no-senado-em-2026-para-a-direita-nao-avacalhar-o-supremo\/","url":"https:\/\/jornalfatosenoticias.com.br\/index.php\/2025\/06\/02\/lula-quer-maioria-no-senado-em-2026-para-a-direita-nao-avacalhar-o-supremo\/","name":"Lula quer maioria no Senado em 2026 para a direita n\u00e3o \u201cavacalhar\u201d o Supremo - Jornal Fatos e Not\u00edcias","isPartOf":{"@id":"https:\/\/jornalfatosenoticias.com.br\/#website"},"primaryImageOfPage":{"@id":"https:\/\/jornalfatosenoticias.com.br\/index.php\/2025\/06\/02\/lula-quer-maioria-no-senado-em-2026-para-a-direita-nao-avacalhar-o-supremo\/#primaryimage"},"image":{"@id":"https:\/\/jornalfatosenoticias.com.br\/index.php\/2025\/06\/02\/lula-quer-maioria-no-senado-em-2026-para-a-direita-nao-avacalhar-o-supremo\/#primaryimage"},"thumbnailUrl":"https:\/\/jornalfatosenoticias.com.br\/wp-content\/uploads\/2025\/06\/molusco_gettyimages.jpg","datePublished":"2025-06-02T20:21:19+00:00","dateModified":"2025-06-02T20:21:20+00:00","breadcrumb":{"@id":"https:\/\/jornalfatosenoticias.com.br\/index.php\/2025\/06\/02\/lula-quer-maioria-no-senado-em-2026-para-a-direita-nao-avacalhar-o-supremo\/#breadcrumb"},"inLanguage":"pt-BR","potentialAction":[{"@type":"ReadAction","target":["https:\/\/jornalfatosenoticias.com.br\/index.php\/2025\/06\/02\/lula-quer-maioria-no-senado-em-2026-para-a-direita-nao-avacalhar-o-supremo\/"]}]},{"@type":"ImageObject","inLanguage":"pt-BR","@id":"https:\/\/jornalfatosenoticias.com.br\/index.php\/2025\/06\/02\/lula-quer-maioria-no-senado-em-2026-para-a-direita-nao-avacalhar-o-supremo\/#primaryimage","url":"https:\/\/jornalfatosenoticias.com.br\/wp-content\/uploads\/2025\/06\/molusco_gettyimages.jpg","contentUrl":"https:\/\/jornalfatosenoticias.com.br\/wp-content\/uploads\/2025\/06\/molusco_gettyimages.jpg","width":612,"height":408,"caption":"BEIJING, CHINA - MAY 13: Brazil's President Luiz Inacio Lula da Silva attends a joint press conference with Chinese President Xi Jinping (not pictured) at the Great Hall of the People on May 13, 2025 in Beijing, China. The summit includes China's key Latin American trade partners, and comes as Beijing and Washington work on defusing a trade war. (Photo by Tingshu Wang - Pool\/Getty Images)"},{"@type":"BreadcrumbList","@id":"https:\/\/jornalfatosenoticias.com.br\/index.php\/2025\/06\/02\/lula-quer-maioria-no-senado-em-2026-para-a-direita-nao-avacalhar-o-supremo\/#breadcrumb","itemListElement":[{"@type":"ListItem","position":1,"name":"In\u00edcio","item":"https:\/\/jornalfatosenoticias.com.br\/"},{"@type":"ListItem","position":2,"name":"Lula quer maioria no Senado em 2026 para a direita n\u00e3o \u201cavacalhar\u201d o Supremo"}]},{"@type":"WebSite","@id":"https:\/\/jornalfatosenoticias.com.br\/#website","url":"https:\/\/jornalfatosenoticias.com.br\/","name":"Jornal Fatos e Not\u00edcias","description":"Not\u00edcias em geral","publisher":{"@id":"https:\/\/jornalfatosenoticias.com.br\/#organization"},"potentialAction":[{"@type":"SearchAction","target":{"@type":"EntryPoint","urlTemplate":"https:\/\/jornalfatosenoticias.com.br\/?s={search_term_string}"},"query-input":{"@type":"PropertyValueSpecification","valueRequired":true,"valueName":"search_term_string"}}],"inLanguage":"pt-BR"},{"@type":"Organization","@id":"https:\/\/jornalfatosenoticias.com.br\/#organization","name":"Jornal Fatos e Not\u00edcias","url":"https:\/\/jornalfatosenoticias.com.br\/","logo":{"@type":"ImageObject","inLanguage":"pt-BR","@id":"https:\/\/jornalfatosenoticias.com.br\/#\/schema\/logo\/image\/","url":"https:\/\/jornalfatosenoticias.com.br\/wp-content\/uploads\/2020\/02\/logo120.png","contentUrl":"https:\/\/jornalfatosenoticias.com.br\/wp-content\/uploads\/2020\/02\/logo120.png","width":1227,"height":120,"caption":"Jornal Fatos e Not\u00edcias"},"image":{"@id":"https:\/\/jornalfatosenoticias.com.br\/#\/schema\/logo\/image\/"}},{"@type":"Person","@id":"https:\/\/jornalfatosenoticias.com.br\/#\/schema\/person\/d63837fa13ac8666eb9e74e0985d6f81","name":"Luzimara Fernandes","image":{"@type":"ImageObject","inLanguage":"pt-BR","@id":"https:\/\/jornalfatosenoticias.com.br\/#\/schema\/person\/image\/","url":"https:\/\/jornalfatosenoticias.com.br\/wp-content\/uploads\/2025\/05\/EU_portal.jpg","contentUrl":"https:\/\/jornalfatosenoticias.com.br\/wp-content\/uploads\/2025\/05\/EU_portal.jpg","caption":"Luzimara Fernandes"},"description":"Jornalista MTB 2358-ES","sameAs":["https:\/\/jornalfatosenoticias.com.br"],"url":"https:\/\/jornalfatosenoticias.com.br\/index.php\/author\/luzimara\/"}]}},"cc_featured_image_caption":{"caption_text":"(Foto: Getty Images)","source_text":"","source_url":""},"jetpack_featured_media_url":"https:\/\/jornalfatosenoticias.com.br\/wp-content\/uploads\/2025\/06\/molusco_gettyimages.jpg","_links":{"self":[{"href":"https:\/\/jornalfatosenoticias.com.br\/index.php\/wp-json\/wp\/v2\/posts\/59654","targetHints":{"allow":["GET"]}}],"collection":[{"href":"https:\/\/jornalfatosenoticias.com.br\/index.php\/wp-json\/wp\/v2\/posts"}],"about":[{"href":"https:\/\/jornalfatosenoticias.com.br\/index.php\/wp-json\/wp\/v2\/types\/post"}],"author":[{"embeddable":true,"href":"https:\/\/jornalfatosenoticias.com.br\/index.php\/wp-json\/wp\/v2\/users\/2"}],"replies":[{"embeddable":true,"href":"https:\/\/jornalfatosenoticias.com.br\/index.php\/wp-json\/wp\/v2\/comments?post=59654"}],"version-history":[{"count":0,"href":"https:\/\/jornalfatosenoticias.com.br\/index.php\/wp-json\/wp\/v2\/posts\/59654\/revisions"}],"wp:featuredmedia":[{"embeddable":true,"href":"https:\/\/jornalfatosenoticias.com.br\/index.php\/wp-json\/wp\/v2\/media\/59655"}],"wp:attachment":[{"href":"https:\/\/jornalfatosenoticias.com.br\/index.php\/wp-json\/wp\/v2\/media?parent=59654"}],"wp:term":[{"taxonomy":"category","embeddable":true,"href":"https:\/\/jornalfatosenoticias.com.br\/index.php\/wp-json\/wp\/v2\/categories?post=59654"},{"taxonomy":"post_tag","embeddable":true,"href":"https:\/\/jornalfatosenoticias.com.br\/index.php\/wp-json\/wp\/v2\/tags?post=59654"}],"curies":[{"name":"wp","href":"https:\/\/api.w.org\/{rel}","templated":true}]}}