{"id":59659,"date":"2025-06-04T09:57:25","date_gmt":"2025-06-04T12:57:25","guid":{"rendered":"https:\/\/jornalfatosenoticias.com.br\/?p=59659"},"modified":"2025-06-04T09:57:26","modified_gmt":"2025-06-04T12:57:26","slug":"cientistas-encontram-minigalaxia-que-nao-deveria-existir","status":"publish","type":"post","link":"https:\/\/jornalfatosenoticias.com.br\/index.php\/2025\/06\/04\/cientistas-encontram-minigalaxia-que-nao-deveria-existir\/","title":{"rendered":"Cientistas encontram \u201cminigal\u00e1xia\u201d que n\u00e3o deveria existir"},"content":{"rendered":"\n<p><em><span class=\"has-inline-color has-black-color\">Descubra como um aglomerado com apenas 60 estrelas pode ser a menor gal\u00e1xia j\u00e1 encontrada ou algo completamente novo<\/span><\/em><\/p>\n\n\n\n<p><span class=\"has-inline-color has-black-color\">Por <strong><a href=\"https:\/\/olhardigital.com.br\/author\/rafael-magalhaes\/\">Rafael Magalh\u00e3es dos Santos<\/a><\/strong><\/span><\/p>\n\n\n\n<div class=\"wp-block-image\"><figure class=\"aligncenter size-large\"><a href=\"https:\/\/www.instagram.com\/rcradiadores\/\"><img loading=\"lazy\" decoding=\"async\" width=\"560\" height=\"60\" src=\"https:\/\/jornalfatosenoticias.com.br\/wp-content\/uploads\/2022\/10\/Propaganda-RC-Radiadores-Jornal_page-0001.jpg\" alt=\"\" class=\"wp-image-35270\" srcset=\"https:\/\/jornalfatosenoticias.com.br\/wp-content\/uploads\/2022\/10\/Propaganda-RC-Radiadores-Jornal_page-0001.jpg 560w, https:\/\/jornalfatosenoticias.com.br\/wp-content\/uploads\/2022\/10\/Propaganda-RC-Radiadores-Jornal_page-0001-300x32.jpg 300w\" sizes=\"auto, (max-width: 560px) 100vw, 560px\" \/><\/a><\/figure><\/div>\n\n\n\n<p>Escondido na <a href=\"https:\/\/olhardigital.com.br\/tag\/constelacao\/\" target=\"_blank\" rel=\"noreferrer noopener\"><strong>constela\u00e7\u00e3o<\/strong><\/a>\u00a0da Ursa Maior, um punhado de\u00a0<a href=\"https:\/\/olhardigital.com.br\/tag\/estrelas\/\" target=\"_blank\" rel=\"noreferrer noopener\"><strong>estrelas<\/strong><\/a>\u00a0quase invis\u00edvel pode estar\u00a0<strong>prestes a reescrever os\u00a0<a href=\"https:\/\/olhardigital.com.br\/tag\/mapa\/\" target=\"_blank\" rel=\"noreferrer noopener\">mapas<\/a>\u00a0do\u00a0<a href=\"https:\/\/olhardigital.com.br\/tag\/cosmos\/\" target=\"_blank\" rel=\"noreferrer noopener\">cosmos<\/a><\/strong>.\u00a0<strong>UMa3\/U1<\/strong>, localizado a \u201capenas\u201d\u00a0<strong>30 mil anos-luz da\u00a0<a href=\"https:\/\/olhardigital.com.br\/tag\/terra\/\" target=\"_blank\" rel=\"noreferrer noopener\">Terra<\/a><\/strong>, \u00e9 t\u00e3o fraco que passou despercebido at\u00e9 agora. Mas o que ele \u00e9, exatamente, ainda intriga os astr\u00f4nomos. Ser\u00e1 a menor gal\u00e1xia j\u00e1 encontrada, sustentada por mat\u00e9ria escura? Ou um aglomerado estelar \u00e0 beira do colapso que tivemos a sorte de flagrar no momento exato antes de sua extin\u00e7\u00e3o?<br>Com apenas cerca de 60 estrelas e praticamente nenhuma luz para gui\u00e1-lo, UMa3\/U1 desafia as defini\u00e7\u00f5es cl\u00e1ssicas do que \u00e9 uma gal\u00e1xia. Sua estrutura fr\u00e1gil, do tamanho de um bairro interestelar, parece contrariar as for\u00e7as brutais da Via L\u00e1ctea, que deveriam ter despeda\u00e7ado o grupo h\u00e1 bilh\u00f5es de anos.<\/p>\n\n\n\n<div class=\"wp-block-image\"><figure class=\"aligncenter size-large is-resized\"><a href=\"https:\/\/www.facebook.com\/profile.php?id=100069289606145\"><img loading=\"lazy\" decoding=\"async\" src=\"https:\/\/jornalfatosenoticias.com.br\/wp-content\/uploads\/2024\/11\/Guaitolini-Contabilidade-1024x714.jpeg\" alt=\"\" class=\"wp-image-55808\" width=\"326\" height=\"227\" srcset=\"https:\/\/jornalfatosenoticias.com.br\/wp-content\/uploads\/2024\/11\/Guaitolini-Contabilidade-1024x714.jpeg 1024w, https:\/\/jornalfatosenoticias.com.br\/wp-content\/uploads\/2024\/11\/Guaitolini-Contabilidade-300x209.jpeg 300w, https:\/\/jornalfatosenoticias.com.br\/wp-content\/uploads\/2024\/11\/Guaitolini-Contabilidade-768x535.jpeg 768w, https:\/\/jornalfatosenoticias.com.br\/wp-content\/uploads\/2024\/11\/Guaitolini-Contabilidade.jpeg 1280w\" sizes=\"auto, (max-width: 326px) 100vw, 326px\" \/><\/a><\/figure><\/div>\n\n\n\n<p>As estrelas de UMa3\/U1 s\u00e3o muito antigas, com mais de dez bilh\u00f5es de anos, e se movem juntas em velocidades semelhantes, indicando que fazem parte de um sistema est\u00e1vel. Simula\u00e7\u00f5es recentes sugerem que, se for mesmo um aglomerado estelar, ele pode sobreviver por mais dois a tr\u00eas bilh\u00f5es de anos antes de ser destru\u00eddo pela gravidade da Via L\u00e1ctea. As informa\u00e7\u00f5es s\u00e3o do site <strong><a href=\"https:\/\/www.iflscience.com\/uma3u1-is-this-the-smallest-galaxy-ever-discovered-or-something-else-79188\" target=\"_blank\" rel=\"noreferrer noopener\"><em>IFLScience<\/em><\/a>.<\/strong><\/p>\n\n\n\n<div class=\"wp-block-image\"><figure class=\"aligncenter size-large is-resized\"><a href=\"https:\/\/www.instagram.com\/restaurantepegoretti\/\"><img loading=\"lazy\" decoding=\"async\" src=\"https:\/\/jornalfatosenoticias.com.br\/wp-content\/uploads\/2023\/12\/pegoretti-logo-pdf-1024x389.jpg\" alt=\"\" class=\"wp-image-47536\" width=\"498\" height=\"189\" srcset=\"https:\/\/jornalfatosenoticias.com.br\/wp-content\/uploads\/2023\/12\/pegoretti-logo-pdf-1024x389.jpg 1024w, https:\/\/jornalfatosenoticias.com.br\/wp-content\/uploads\/2023\/12\/pegoretti-logo-pdf-300x114.jpg 300w, https:\/\/jornalfatosenoticias.com.br\/wp-content\/uploads\/2023\/12\/pegoretti-logo-pdf-768x291.jpg 768w, https:\/\/jornalfatosenoticias.com.br\/wp-content\/uploads\/2023\/12\/pegoretti-logo-pdf.jpg 1120w\" sizes=\"auto, (max-width: 498px) 100vw, 498px\" \/><\/a><\/figure><\/div>\n\n\n\n<p><strong><span class=\"has-inline-color has-black-color\">E se for uma gal\u00e1xia?<br><\/span><\/strong>\ud83d\udd39 Se UMa3\/U1 for realmente uma gal\u00e1xia, ela seria a menor j\u00e1 descoberta at\u00e9 hoje;<br>\ud83d\udd39 Para se manter est\u00e1vel com t\u00e3o poucas estrelas, provavelmente dependeria de uma grande quantidade de mat\u00e9ria escura, que funcionaria como uma \u201ccola\u201d gravitacional;<br>\ud83d\udd39 Nesse caso, a massa estaria concentrada no centro do sistema, diferente de um aglomerado estelar, onde a massa fica distribu\u00edda de forma mais uniforme;<br>\ud83d\udd39 Essa concentra\u00e7\u00e3o central \u00e9 um dos sinais que os cientistas procuram para diferenciar gal\u00e1xias de aglomerados.<\/p>\n\n\n\n<div class=\"wp-block-image\"><figure class=\"aligncenter size-large is-resized\"><a href=\"https:\/\/hotelmarquetti.com.br\/\"><img loading=\"lazy\" decoding=\"async\" src=\"https:\/\/jornalfatosenoticias.com.br\/wp-content\/uploads\/2020\/02\/LOGO-MQ-1024x680.jpg\" alt=\"\" class=\"wp-image-58299\" width=\"304\" height=\"202\" srcset=\"https:\/\/jornalfatosenoticias.com.br\/wp-content\/uploads\/2020\/02\/LOGO-MQ-1024x680.jpg 1024w, https:\/\/jornalfatosenoticias.com.br\/wp-content\/uploads\/2020\/02\/LOGO-MQ-300x199.jpg 300w, https:\/\/jornalfatosenoticias.com.br\/wp-content\/uploads\/2020\/02\/LOGO-MQ-768x510.jpg 768w, https:\/\/jornalfatosenoticias.com.br\/wp-content\/uploads\/2020\/02\/LOGO-MQ-1536x1020.jpg 1536w, https:\/\/jornalfatosenoticias.com.br\/wp-content\/uploads\/2020\/02\/LOGO-MQ-2048x1360.jpg 2048w\" sizes=\"auto, (max-width: 304px) 100vw, 304px\" \/><\/a><\/figure><\/div>\n\n\n\n<p>Estudos recentes usaram a chamada \u201cfun\u00e7\u00e3o de massa\u201d para analisar a distribui\u00e7\u00e3o do sistema. Os resultados indicam que UMa3\/U1 se encaixa melhor como um aglomerado de estrelas, mas a d\u00favida ainda n\u00e3o foi totalmente descartada.<\/p>\n\n\n\n<div class=\"wp-block-image\"><figure class=\"aligncenter size-large is-resized\"><a href=\"https:\/\/www.legisjuris.com.br\/\"><img loading=\"lazy\" decoding=\"async\" src=\"https:\/\/jornalfatosenoticias.com.br\/wp-content\/uploads\/2024\/09\/Legis-Juris-Consultoria_logo.jpg\" alt=\"\" class=\"wp-image-53915\" width=\"513\" height=\"215\" srcset=\"https:\/\/jornalfatosenoticias.com.br\/wp-content\/uploads\/2024\/09\/Legis-Juris-Consultoria_logo.jpg 969w, https:\/\/jornalfatosenoticias.com.br\/wp-content\/uploads\/2024\/09\/Legis-Juris-Consultoria_logo-300x126.jpg 300w, https:\/\/jornalfatosenoticias.com.br\/wp-content\/uploads\/2024\/09\/Legis-Juris-Consultoria_logo-768x322.jpg 768w\" sizes=\"auto, (max-width: 513px) 100vw, 513px\" \/><\/a><\/figure><\/div>\n\n\n\n<p><strong><span class=\"has-inline-color has-black-color\">O que vem a seguir?<br><\/span><\/strong>Embora ainda n\u00e3o haja uma resposta definitiva, a equipe liderada por Simon Smith, estudante da Universidade de Victoria (Austr\u00e1lia), e Marla Geha, professora da Universidade Yale (EUA), acredita que UMa3\/U1 \u00e9 mais, provavelmente, um aglomerado estelar do que a menor gal\u00e1xia j\u00e1 encontrada.<br>Para confirmar isso, eles recomendam que futuras observa\u00e7\u00f5es coletem dados fotom\u00e9tricos mais detalhados, chegando at\u00e9 a magnitude aparente 25. <\/p>\n\n\n\n<div class=\"wp-block-image\"><figure class=\"aligncenter size-large\"><a href=\"http:\/\/www.ferrarimaquinas.com.br\/\"><img loading=\"lazy\" decoding=\"async\" width=\"300\" height=\"250\" src=\"https:\/\/jornalfatosenoticias.com.br\/wp-content\/uploads\/2022\/02\/FERRARI_MAQUINAS-E-FERRAMENTAS2.jpg\" alt=\"\" class=\"wp-image-27860\"\/><\/a><\/figure><\/div>\n\n\n\n<p>Com grandes levantamentos astron\u00f4micos a caminho, como os realizados pelo Observat\u00f3rio Vera C. Rubin e outros projetos internacionais, espera-se descobrir muitos outros sat\u00e9lites fracos da Via L\u00e1ctea na pr\u00f3xima d\u00e9cada. Essas novas descobertas poder\u00e3o usar testes de fun\u00e7\u00e3o de massa para, finalmente, revelar a verdadeira natureza de objetos como UMa3\/U1.<\/p>\n\n\n\n<div class=\"wp-block-image\"><figure class=\"aligncenter size-large is-resized\"><a href=\"https:\/\/www.facebook.com\/vetor.vix\/\"><img loading=\"lazy\" decoding=\"async\" src=\"https:\/\/jornalfatosenoticias.com.br\/wp-content\/uploads\/2023\/09\/vetorvix1024_1.jpg\" alt=\"\" class=\"wp-image-44868\" width=\"539\" height=\"143\" srcset=\"https:\/\/jornalfatosenoticias.com.br\/wp-content\/uploads\/2023\/09\/vetorvix1024_1.jpg 1024w, https:\/\/jornalfatosenoticias.com.br\/wp-content\/uploads\/2023\/09\/vetorvix1024_1-300x80.jpg 300w, https:\/\/jornalfatosenoticias.com.br\/wp-content\/uploads\/2023\/09\/vetorvix1024_1-768x205.jpg 768w\" sizes=\"auto, (max-width: 539px) 100vw, 539px\" \/><\/a><\/figure><\/div>\n\n\n\n<p>O estudo que traz essas conclus\u00f5es foi publicado na revista <strong><em><a href=\"https:\/\/academic.oup.com\/mnras\/article\/539\/3\/2485\/8109626\" target=\"_blank\" rel=\"noreferrer noopener\">Monthly Notices of the Royal Astronomical<\/a>\u00a0<\/em><\/strong>e promete ajudar a avan\u00e7ar nossos modelos cosmol\u00f3gicos, trazendo mais clareza sobre os menores e mais misteriosos habitantes do nosso Universo.<\/p>\n\n\n\n<p><strong>Fonte: <a href=\"https:\/\/olhardigital.com.br\/2025\/06\/01\/ciencia-e-espaco\/cientistas-encontram-mini-galaxia-que-nao-deveria-existir\/\">Olhar Digital<\/a><\/strong><\/p>\n","protected":false},"excerpt":{"rendered":"<p>Descubra como um aglomerado com apenas 60 estrelas pode ser a menor gal\u00e1xia j\u00e1 encontrada ou algo completamente novo Por Rafael Magalh\u00e3es dos Santos Escondido na constela\u00e7\u00e3o\u00a0da Ursa Maior, um punhado de\u00a0estrelas\u00a0quase invis\u00edvel pode estar\u00a0prestes a reescrever os\u00a0mapas\u00a0do\u00a0cosmos.\u00a0UMa3\/U1, localizado a \u201capenas\u201d\u00a030 mil anos-luz da\u00a0Terra, \u00e9 t\u00e3o fraco que passou despercebido at\u00e9 agora. Mas o que [&hellip;]<\/p>\n","protected":false},"author":2,"featured_media":59660,"comment_status":"open","ping_status":"open","sticky":false,"template":"","format":"standard","meta":{"footnotes":""},"categories":[2],"tags":[472,27250,86,1135,27251,1384,470],"class_list":["post-59659","post","type-post","status-publish","format-standard","has-post-thumbnail","hentry","category-ciencia","tag-astronomia","tag-ciencia-e-espaco","tag-espaco","tag-galaxia","tag-minigalaxia","tag-universo","tag-via-lactea"],"yoast_head":"<!-- This site is optimized with the Yoast SEO plugin v26.5 - https:\/\/yoast.com\/wordpress\/plugins\/seo\/ -->\n<title>Cientistas encontram \u201cminigal\u00e1xia\u201d que n\u00e3o deveria existir - Jornal Fatos e Not\u00edcias<\/title>\n<meta name=\"robots\" content=\"index, follow, max-snippet:-1, max-image-preview:large, max-video-preview:-1\" \/>\n<link rel=\"canonical\" href=\"https:\/\/jornalfatosenoticias.com.br\/index.php\/2025\/06\/04\/cientistas-encontram-minigalaxia-que-nao-deveria-existir\/\" \/>\n<meta property=\"og:locale\" content=\"pt_BR\" \/>\n<meta property=\"og:type\" content=\"article\" \/>\n<meta property=\"og:title\" content=\"Cientistas encontram \u201cminigal\u00e1xia\u201d que n\u00e3o deveria existir - Jornal Fatos e Not\u00edcias\" \/>\n<meta property=\"og:description\" content=\"Descubra como um aglomerado com apenas 60 estrelas pode ser a menor gal\u00e1xia j\u00e1 encontrada ou algo completamente novo Por Rafael Magalh\u00e3es dos Santos Escondido na constela\u00e7\u00e3o\u00a0da Ursa Maior, um punhado de\u00a0estrelas\u00a0quase invis\u00edvel pode estar\u00a0prestes a reescrever os\u00a0mapas\u00a0do\u00a0cosmos.\u00a0UMa3\/U1, localizado a \u201capenas\u201d\u00a030 mil anos-luz da\u00a0Terra, \u00e9 t\u00e3o fraco que passou despercebido at\u00e9 agora. Mas o que [&hellip;]\" \/>\n<meta property=\"og:url\" content=\"https:\/\/jornalfatosenoticias.com.br\/index.php\/2025\/06\/04\/cientistas-encontram-minigalaxia-que-nao-deveria-existir\/\" \/>\n<meta property=\"og:site_name\" content=\"Jornal Fatos e Not\u00edcias\" \/>\n<meta property=\"article:published_time\" content=\"2025-06-04T12:57:25+00:00\" \/>\n<meta property=\"article:modified_time\" content=\"2025-06-04T12:57:26+00:00\" \/>\n<meta property=\"og:image\" content=\"https:\/\/jornalfatosenoticias.com.br\/wp-content\/uploads\/2025\/06\/minigalaxia_istock.jpg\" \/>\n\t<meta property=\"og:image:width\" content=\"612\" \/>\n\t<meta property=\"og:image:height\" content=\"306\" \/>\n\t<meta property=\"og:image:type\" content=\"image\/jpeg\" \/>\n<meta name=\"author\" content=\"Luzimara Fernandes\" \/>\n<meta name=\"twitter:card\" content=\"summary_large_image\" \/>\n<meta name=\"twitter:label1\" content=\"Escrito por\" \/>\n\t<meta name=\"twitter:data1\" content=\"Luzimara Fernandes\" \/>\n\t<meta name=\"twitter:label2\" content=\"Est. tempo de leitura\" \/>\n\t<meta name=\"twitter:data2\" content=\"3 minutos\" \/>\n<script type=\"application\/ld+json\" class=\"yoast-schema-graph\">{\"@context\":\"https:\/\/schema.org\",\"@graph\":[{\"@type\":\"Article\",\"@id\":\"https:\/\/jornalfatosenoticias.com.br\/index.php\/2025\/06\/04\/cientistas-encontram-minigalaxia-que-nao-deveria-existir\/#article\",\"isPartOf\":{\"@id\":\"https:\/\/jornalfatosenoticias.com.br\/index.php\/2025\/06\/04\/cientistas-encontram-minigalaxia-que-nao-deveria-existir\/\"},\"author\":{\"name\":\"Luzimara Fernandes\",\"@id\":\"https:\/\/jornalfatosenoticias.com.br\/#\/schema\/person\/d63837fa13ac8666eb9e74e0985d6f81\"},\"headline\":\"Cientistas encontram \u201cminigal\u00e1xia\u201d que n\u00e3o deveria existir\",\"datePublished\":\"2025-06-04T12:57:25+00:00\",\"dateModified\":\"2025-06-04T12:57:26+00:00\",\"mainEntityOfPage\":{\"@id\":\"https:\/\/jornalfatosenoticias.com.br\/index.php\/2025\/06\/04\/cientistas-encontram-minigalaxia-que-nao-deveria-existir\/\"},\"wordCount\":553,\"commentCount\":0,\"publisher\":{\"@id\":\"https:\/\/jornalfatosenoticias.com.br\/#organization\"},\"image\":{\"@id\":\"https:\/\/jornalfatosenoticias.com.br\/index.php\/2025\/06\/04\/cientistas-encontram-minigalaxia-que-nao-deveria-existir\/#primaryimage\"},\"thumbnailUrl\":\"https:\/\/jornalfatosenoticias.com.br\/wp-content\/uploads\/2025\/06\/minigalaxia_istock.jpg\",\"keywords\":[\"Astronomia\",\"ci\u00eancia e espa\u00e7o\",\"espa\u00e7o\",\"gal\u00e1xia\",\"minigal\u00e1xia\",\"Universo\",\"Via L\u00e1ctea\"],\"articleSection\":[\"Ci\u00eancia\"],\"inLanguage\":\"pt-BR\",\"potentialAction\":[{\"@type\":\"CommentAction\",\"name\":\"Comment\",\"target\":[\"https:\/\/jornalfatosenoticias.com.br\/index.php\/2025\/06\/04\/cientistas-encontram-minigalaxia-que-nao-deveria-existir\/#respond\"]}]},{\"@type\":\"WebPage\",\"@id\":\"https:\/\/jornalfatosenoticias.com.br\/index.php\/2025\/06\/04\/cientistas-encontram-minigalaxia-que-nao-deveria-existir\/\",\"url\":\"https:\/\/jornalfatosenoticias.com.br\/index.php\/2025\/06\/04\/cientistas-encontram-minigalaxia-que-nao-deveria-existir\/\",\"name\":\"Cientistas encontram \u201cminigal\u00e1xia\u201d que n\u00e3o deveria existir - Jornal Fatos e Not\u00edcias\",\"isPartOf\":{\"@id\":\"https:\/\/jornalfatosenoticias.com.br\/#website\"},\"primaryImageOfPage\":{\"@id\":\"https:\/\/jornalfatosenoticias.com.br\/index.php\/2025\/06\/04\/cientistas-encontram-minigalaxia-que-nao-deveria-existir\/#primaryimage\"},\"image\":{\"@id\":\"https:\/\/jornalfatosenoticias.com.br\/index.php\/2025\/06\/04\/cientistas-encontram-minigalaxia-que-nao-deveria-existir\/#primaryimage\"},\"thumbnailUrl\":\"https:\/\/jornalfatosenoticias.com.br\/wp-content\/uploads\/2025\/06\/minigalaxia_istock.jpg\",\"datePublished\":\"2025-06-04T12:57:25+00:00\",\"dateModified\":\"2025-06-04T12:57:26+00:00\",\"breadcrumb\":{\"@id\":\"https:\/\/jornalfatosenoticias.com.br\/index.php\/2025\/06\/04\/cientistas-encontram-minigalaxia-que-nao-deveria-existir\/#breadcrumb\"},\"inLanguage\":\"pt-BR\",\"potentialAction\":[{\"@type\":\"ReadAction\",\"target\":[\"https:\/\/jornalfatosenoticias.com.br\/index.php\/2025\/06\/04\/cientistas-encontram-minigalaxia-que-nao-deveria-existir\/\"]}]},{\"@type\":\"ImageObject\",\"inLanguage\":\"pt-BR\",\"@id\":\"https:\/\/jornalfatosenoticias.com.br\/index.php\/2025\/06\/04\/cientistas-encontram-minigalaxia-que-nao-deveria-existir\/#primaryimage\",\"url\":\"https:\/\/jornalfatosenoticias.com.br\/wp-content\/uploads\/2025\/06\/minigalaxia_istock.jpg\",\"contentUrl\":\"https:\/\/jornalfatosenoticias.com.br\/wp-content\/uploads\/2025\/06\/minigalaxia_istock.jpg\",\"width\":612,\"height\":306,\"caption\":\"Research satellite in the outer space with te Milky Way in background. 3D illustration\"},{\"@type\":\"BreadcrumbList\",\"@id\":\"https:\/\/jornalfatosenoticias.com.br\/index.php\/2025\/06\/04\/cientistas-encontram-minigalaxia-que-nao-deveria-existir\/#breadcrumb\",\"itemListElement\":[{\"@type\":\"ListItem\",\"position\":1,\"name\":\"In\u00edcio\",\"item\":\"https:\/\/jornalfatosenoticias.com.br\/\"},{\"@type\":\"ListItem\",\"position\":2,\"name\":\"Cientistas encontram \u201cminigal\u00e1xia\u201d que n\u00e3o deveria existir\"}]},{\"@type\":\"WebSite\",\"@id\":\"https:\/\/jornalfatosenoticias.com.br\/#website\",\"url\":\"https:\/\/jornalfatosenoticias.com.br\/\",\"name\":\"Jornal Fatos e Not\u00edcias\",\"description\":\"Not\u00edcias em geral\",\"publisher\":{\"@id\":\"https:\/\/jornalfatosenoticias.com.br\/#organization\"},\"potentialAction\":[{\"@type\":\"SearchAction\",\"target\":{\"@type\":\"EntryPoint\",\"urlTemplate\":\"https:\/\/jornalfatosenoticias.com.br\/?s={search_term_string}\"},\"query-input\":{\"@type\":\"PropertyValueSpecification\",\"valueRequired\":true,\"valueName\":\"search_term_string\"}}],\"inLanguage\":\"pt-BR\"},{\"@type\":\"Organization\",\"@id\":\"https:\/\/jornalfatosenoticias.com.br\/#organization\",\"name\":\"Jornal Fatos e Not\u00edcias\",\"url\":\"https:\/\/jornalfatosenoticias.com.br\/\",\"logo\":{\"@type\":\"ImageObject\",\"inLanguage\":\"pt-BR\",\"@id\":\"https:\/\/jornalfatosenoticias.com.br\/#\/schema\/logo\/image\/\",\"url\":\"https:\/\/jornalfatosenoticias.com.br\/wp-content\/uploads\/2020\/02\/logo120.png\",\"contentUrl\":\"https:\/\/jornalfatosenoticias.com.br\/wp-content\/uploads\/2020\/02\/logo120.png\",\"width\":1227,\"height\":120,\"caption\":\"Jornal Fatos e Not\u00edcias\"},\"image\":{\"@id\":\"https:\/\/jornalfatosenoticias.com.br\/#\/schema\/logo\/image\/\"}},{\"@type\":\"Person\",\"@id\":\"https:\/\/jornalfatosenoticias.com.br\/#\/schema\/person\/d63837fa13ac8666eb9e74e0985d6f81\",\"name\":\"Luzimara Fernandes\",\"image\":{\"@type\":\"ImageObject\",\"inLanguage\":\"pt-BR\",\"@id\":\"https:\/\/jornalfatosenoticias.com.br\/#\/schema\/person\/image\/\",\"url\":\"https:\/\/jornalfatosenoticias.com.br\/wp-content\/uploads\/2025\/05\/EU_portal.jpg\",\"contentUrl\":\"https:\/\/jornalfatosenoticias.com.br\/wp-content\/uploads\/2025\/05\/EU_portal.jpg\",\"caption\":\"Luzimara Fernandes\"},\"description\":\"Jornalista MTB 2358-ES\",\"sameAs\":[\"https:\/\/jornalfatosenoticias.com.br\"],\"url\":\"https:\/\/jornalfatosenoticias.com.br\/index.php\/author\/luzimara\/\"}]}<\/script>\n<!-- \/ Yoast SEO plugin. -->","yoast_head_json":{"title":"Cientistas encontram \u201cminigal\u00e1xia\u201d que n\u00e3o deveria existir - Jornal Fatos e Not\u00edcias","robots":{"index":"index","follow":"follow","max-snippet":"max-snippet:-1","max-image-preview":"max-image-preview:large","max-video-preview":"max-video-preview:-1"},"canonical":"https:\/\/jornalfatosenoticias.com.br\/index.php\/2025\/06\/04\/cientistas-encontram-minigalaxia-que-nao-deveria-existir\/","og_locale":"pt_BR","og_type":"article","og_title":"Cientistas encontram \u201cminigal\u00e1xia\u201d que n\u00e3o deveria existir - Jornal Fatos e Not\u00edcias","og_description":"Descubra como um aglomerado com apenas 60 estrelas pode ser a menor gal\u00e1xia j\u00e1 encontrada ou algo completamente novo Por Rafael Magalh\u00e3es dos Santos Escondido na constela\u00e7\u00e3o\u00a0da Ursa Maior, um punhado de\u00a0estrelas\u00a0quase invis\u00edvel pode estar\u00a0prestes a reescrever os\u00a0mapas\u00a0do\u00a0cosmos.\u00a0UMa3\/U1, localizado a \u201capenas\u201d\u00a030 mil anos-luz da\u00a0Terra, \u00e9 t\u00e3o fraco que passou despercebido at\u00e9 agora. Mas o que [&hellip;]","og_url":"https:\/\/jornalfatosenoticias.com.br\/index.php\/2025\/06\/04\/cientistas-encontram-minigalaxia-que-nao-deveria-existir\/","og_site_name":"Jornal Fatos e Not\u00edcias","article_published_time":"2025-06-04T12:57:25+00:00","article_modified_time":"2025-06-04T12:57:26+00:00","og_image":[{"width":612,"height":306,"url":"https:\/\/jornalfatosenoticias.com.br\/wp-content\/uploads\/2025\/06\/minigalaxia_istock.jpg","type":"image\/jpeg"}],"author":"Luzimara Fernandes","twitter_card":"summary_large_image","twitter_misc":{"Escrito por":"Luzimara Fernandes","Est. tempo de leitura":"3 minutos"},"schema":{"@context":"https:\/\/schema.org","@graph":[{"@type":"Article","@id":"https:\/\/jornalfatosenoticias.com.br\/index.php\/2025\/06\/04\/cientistas-encontram-minigalaxia-que-nao-deveria-existir\/#article","isPartOf":{"@id":"https:\/\/jornalfatosenoticias.com.br\/index.php\/2025\/06\/04\/cientistas-encontram-minigalaxia-que-nao-deveria-existir\/"},"author":{"name":"Luzimara Fernandes","@id":"https:\/\/jornalfatosenoticias.com.br\/#\/schema\/person\/d63837fa13ac8666eb9e74e0985d6f81"},"headline":"Cientistas encontram \u201cminigal\u00e1xia\u201d que n\u00e3o deveria existir","datePublished":"2025-06-04T12:57:25+00:00","dateModified":"2025-06-04T12:57:26+00:00","mainEntityOfPage":{"@id":"https:\/\/jornalfatosenoticias.com.br\/index.php\/2025\/06\/04\/cientistas-encontram-minigalaxia-que-nao-deveria-existir\/"},"wordCount":553,"commentCount":0,"publisher":{"@id":"https:\/\/jornalfatosenoticias.com.br\/#organization"},"image":{"@id":"https:\/\/jornalfatosenoticias.com.br\/index.php\/2025\/06\/04\/cientistas-encontram-minigalaxia-que-nao-deveria-existir\/#primaryimage"},"thumbnailUrl":"https:\/\/jornalfatosenoticias.com.br\/wp-content\/uploads\/2025\/06\/minigalaxia_istock.jpg","keywords":["Astronomia","ci\u00eancia e espa\u00e7o","espa\u00e7o","gal\u00e1xia","minigal\u00e1xia","Universo","Via L\u00e1ctea"],"articleSection":["Ci\u00eancia"],"inLanguage":"pt-BR","potentialAction":[{"@type":"CommentAction","name":"Comment","target":["https:\/\/jornalfatosenoticias.com.br\/index.php\/2025\/06\/04\/cientistas-encontram-minigalaxia-que-nao-deveria-existir\/#respond"]}]},{"@type":"WebPage","@id":"https:\/\/jornalfatosenoticias.com.br\/index.php\/2025\/06\/04\/cientistas-encontram-minigalaxia-que-nao-deveria-existir\/","url":"https:\/\/jornalfatosenoticias.com.br\/index.php\/2025\/06\/04\/cientistas-encontram-minigalaxia-que-nao-deveria-existir\/","name":"Cientistas encontram \u201cminigal\u00e1xia\u201d que n\u00e3o deveria existir - Jornal Fatos e Not\u00edcias","isPartOf":{"@id":"https:\/\/jornalfatosenoticias.com.br\/#website"},"primaryImageOfPage":{"@id":"https:\/\/jornalfatosenoticias.com.br\/index.php\/2025\/06\/04\/cientistas-encontram-minigalaxia-que-nao-deveria-existir\/#primaryimage"},"image":{"@id":"https:\/\/jornalfatosenoticias.com.br\/index.php\/2025\/06\/04\/cientistas-encontram-minigalaxia-que-nao-deveria-existir\/#primaryimage"},"thumbnailUrl":"https:\/\/jornalfatosenoticias.com.br\/wp-content\/uploads\/2025\/06\/minigalaxia_istock.jpg","datePublished":"2025-06-04T12:57:25+00:00","dateModified":"2025-06-04T12:57:26+00:00","breadcrumb":{"@id":"https:\/\/jornalfatosenoticias.com.br\/index.php\/2025\/06\/04\/cientistas-encontram-minigalaxia-que-nao-deveria-existir\/#breadcrumb"},"inLanguage":"pt-BR","potentialAction":[{"@type":"ReadAction","target":["https:\/\/jornalfatosenoticias.com.br\/index.php\/2025\/06\/04\/cientistas-encontram-minigalaxia-que-nao-deveria-existir\/"]}]},{"@type":"ImageObject","inLanguage":"pt-BR","@id":"https:\/\/jornalfatosenoticias.com.br\/index.php\/2025\/06\/04\/cientistas-encontram-minigalaxia-que-nao-deveria-existir\/#primaryimage","url":"https:\/\/jornalfatosenoticias.com.br\/wp-content\/uploads\/2025\/06\/minigalaxia_istock.jpg","contentUrl":"https:\/\/jornalfatosenoticias.com.br\/wp-content\/uploads\/2025\/06\/minigalaxia_istock.jpg","width":612,"height":306,"caption":"Research satellite in the outer space with te Milky Way in background. 3D illustration"},{"@type":"BreadcrumbList","@id":"https:\/\/jornalfatosenoticias.com.br\/index.php\/2025\/06\/04\/cientistas-encontram-minigalaxia-que-nao-deveria-existir\/#breadcrumb","itemListElement":[{"@type":"ListItem","position":1,"name":"In\u00edcio","item":"https:\/\/jornalfatosenoticias.com.br\/"},{"@type":"ListItem","position":2,"name":"Cientistas encontram \u201cminigal\u00e1xia\u201d que n\u00e3o deveria existir"}]},{"@type":"WebSite","@id":"https:\/\/jornalfatosenoticias.com.br\/#website","url":"https:\/\/jornalfatosenoticias.com.br\/","name":"Jornal Fatos e Not\u00edcias","description":"Not\u00edcias em geral","publisher":{"@id":"https:\/\/jornalfatosenoticias.com.br\/#organization"},"potentialAction":[{"@type":"SearchAction","target":{"@type":"EntryPoint","urlTemplate":"https:\/\/jornalfatosenoticias.com.br\/?s={search_term_string}"},"query-input":{"@type":"PropertyValueSpecification","valueRequired":true,"valueName":"search_term_string"}}],"inLanguage":"pt-BR"},{"@type":"Organization","@id":"https:\/\/jornalfatosenoticias.com.br\/#organization","name":"Jornal Fatos e Not\u00edcias","url":"https:\/\/jornalfatosenoticias.com.br\/","logo":{"@type":"ImageObject","inLanguage":"pt-BR","@id":"https:\/\/jornalfatosenoticias.com.br\/#\/schema\/logo\/image\/","url":"https:\/\/jornalfatosenoticias.com.br\/wp-content\/uploads\/2020\/02\/logo120.png","contentUrl":"https:\/\/jornalfatosenoticias.com.br\/wp-content\/uploads\/2020\/02\/logo120.png","width":1227,"height":120,"caption":"Jornal Fatos e Not\u00edcias"},"image":{"@id":"https:\/\/jornalfatosenoticias.com.br\/#\/schema\/logo\/image\/"}},{"@type":"Person","@id":"https:\/\/jornalfatosenoticias.com.br\/#\/schema\/person\/d63837fa13ac8666eb9e74e0985d6f81","name":"Luzimara Fernandes","image":{"@type":"ImageObject","inLanguage":"pt-BR","@id":"https:\/\/jornalfatosenoticias.com.br\/#\/schema\/person\/image\/","url":"https:\/\/jornalfatosenoticias.com.br\/wp-content\/uploads\/2025\/05\/EU_portal.jpg","contentUrl":"https:\/\/jornalfatosenoticias.com.br\/wp-content\/uploads\/2025\/05\/EU_portal.jpg","caption":"Luzimara Fernandes"},"description":"Jornalista MTB 2358-ES","sameAs":["https:\/\/jornalfatosenoticias.com.br"],"url":"https:\/\/jornalfatosenoticias.com.br\/index.php\/author\/luzimara\/"}]}},"cc_featured_image_caption":{"caption_text":"(Foto: iStock) ","source_text":"","source_url":""},"jetpack_featured_media_url":"https:\/\/jornalfatosenoticias.com.br\/wp-content\/uploads\/2025\/06\/minigalaxia_istock.jpg","_links":{"self":[{"href":"https:\/\/jornalfatosenoticias.com.br\/index.php\/wp-json\/wp\/v2\/posts\/59659","targetHints":{"allow":["GET"]}}],"collection":[{"href":"https:\/\/jornalfatosenoticias.com.br\/index.php\/wp-json\/wp\/v2\/posts"}],"about":[{"href":"https:\/\/jornalfatosenoticias.com.br\/index.php\/wp-json\/wp\/v2\/types\/post"}],"author":[{"embeddable":true,"href":"https:\/\/jornalfatosenoticias.com.br\/index.php\/wp-json\/wp\/v2\/users\/2"}],"replies":[{"embeddable":true,"href":"https:\/\/jornalfatosenoticias.com.br\/index.php\/wp-json\/wp\/v2\/comments?post=59659"}],"version-history":[{"count":0,"href":"https:\/\/jornalfatosenoticias.com.br\/index.php\/wp-json\/wp\/v2\/posts\/59659\/revisions"}],"wp:featuredmedia":[{"embeddable":true,"href":"https:\/\/jornalfatosenoticias.com.br\/index.php\/wp-json\/wp\/v2\/media\/59660"}],"wp:attachment":[{"href":"https:\/\/jornalfatosenoticias.com.br\/index.php\/wp-json\/wp\/v2\/media?parent=59659"}],"wp:term":[{"taxonomy":"category","embeddable":true,"href":"https:\/\/jornalfatosenoticias.com.br\/index.php\/wp-json\/wp\/v2\/categories?post=59659"},{"taxonomy":"post_tag","embeddable":true,"href":"https:\/\/jornalfatosenoticias.com.br\/index.php\/wp-json\/wp\/v2\/tags?post=59659"}],"curies":[{"name":"wp","href":"https:\/\/api.w.org\/{rel}","templated":true}]}}