{"id":59695,"date":"2025-06-04T15:12:41","date_gmt":"2025-06-04T18:12:41","guid":{"rendered":"https:\/\/jornalfatosenoticias.com.br\/?p=59695"},"modified":"2025-06-04T15:12:42","modified_gmt":"2025-06-04T18:12:42","slug":"desaprovacao-de-lula-dispara-apos-escandalo-no-inss","status":"publish","type":"post","link":"https:\/\/jornalfatosenoticias.com.br\/index.php\/2025\/06\/04\/desaprovacao-de-lula-dispara-apos-escandalo-no-inss\/","title":{"rendered":"Desaprova\u00e7\u00e3o de Lula dispara ap\u00f3s esc\u00e2ndalo no INSS"},"content":{"rendered":"\n<p><em><span class=\"has-inline-color has-black-color\">Novas pesquisas de opini\u00e3o apontam um aumento da desaprova\u00e7\u00e3o a Lula ap\u00f3s a descoberta da fraude no INSS<\/span><\/em><\/p>\n\n\n\n<p><span class=\"has-inline-color has-black-color\">Por <strong><a href=\"https:\/\/www.gazetadopovo.com.br\/autor\/guilherme-grandi\/\">Guilherme Grandi<\/a><\/strong><\/span><\/p>\n\n\n\n<div class=\"wp-block-image\"><figure class=\"aligncenter size-large\"><a href=\"https:\/\/www.facebook.com\/vetor.vix\/\"><img loading=\"lazy\" decoding=\"async\" width=\"1024\" height=\"273\" src=\"https:\/\/jornalfatosenoticias.com.br\/wp-content\/uploads\/2023\/09\/vetorvix1024_1.jpg\" alt=\"\" class=\"wp-image-44868\" srcset=\"https:\/\/jornalfatosenoticias.com.br\/wp-content\/uploads\/2023\/09\/vetorvix1024_1.jpg 1024w, https:\/\/jornalfatosenoticias.com.br\/wp-content\/uploads\/2023\/09\/vetorvix1024_1-300x80.jpg 300w, https:\/\/jornalfatosenoticias.com.br\/wp-content\/uploads\/2023\/09\/vetorvix1024_1-768x205.jpg 768w\" sizes=\"auto, (max-width: 1024px) 100vw, 1024px\" \/><\/a><\/figure><\/div>\n\n\n\n<p>A desaprova\u00e7\u00e3o ao governo de Luiz In\u00e1cio Lula da Silva (PT) disparou ap\u00f3s a revela\u00e7\u00e3o do esc\u00e2ndalo da fraude dos descontos associativos irregulares de aposentados e pensionistas do INSS. Duas pesquisas divulgadas nesta ter\u00e7a (3) e quarta (4) mostram que a avalia\u00e7\u00e3o negativa do petista segue aumentando acima da aprova\u00e7\u00e3o. Os levantamentos realizados pelo Poder360 e pela Quaest mostram uma desaprova\u00e7\u00e3o de 56% e 57%, respectivamente, enquanto que Lula \u00e9 aprovado por apenas 39% e 40% dos entrevistados.<br>A pesquisa do Poder360 foi realizada entre os dias 31 de maio e 2 de junho com 2,5 mil pessoas em 218 munic\u00edpios brasileiros. A margem de erro \u00e9 de 2 pontos percentuais com grau de confian\u00e7a de 95%. J\u00e1 a da Quaest foi realizada entre os dias 29 de maio e 1.\u00ba de junho com 2.004 pessoas em 120 cidades. A margem de erro tamb\u00e9m \u00e9 de 2 pontos percentuais com grau de confian\u00e7a de 95%.<\/p>\n\n\n\n<div class=\"wp-block-image\"><figure class=\"aligncenter size-large is-resized\"><a href=\"https:\/\/www.instagram.com\/rcradiadores\/\"><img loading=\"lazy\" decoding=\"async\" src=\"https:\/\/jornalfatosenoticias.com.br\/wp-content\/uploads\/2022\/10\/RC_800x750_page-0001.jpg\" alt=\"\" class=\"wp-image-35338\" width=\"326\" height=\"306\" srcset=\"https:\/\/jornalfatosenoticias.com.br\/wp-content\/uploads\/2022\/10\/RC_800x750_page-0001.jpg 400w, https:\/\/jornalfatosenoticias.com.br\/wp-content\/uploads\/2022\/10\/RC_800x750_page-0001-300x281.jpg 300w\" sizes=\"auto, (max-width: 326px) 100vw, 326px\" \/><\/a><\/figure><\/div>\n\n\n\n<p>Em ambas as pesquisas, a tend\u00eancia de alta na desaprova\u00e7\u00e3o vem pelo menos desde julho do ano passado, quando ainda era menor que a aprova\u00e7\u00e3o. No entanto, come\u00e7ou a se elevar at\u00e9 ultrapassar a avalia\u00e7\u00e3o positiva nos \u00faltimos meses de 2024 at\u00e9 culminar em janeiro, m\u00eas em que Lula demitiu o ent\u00e3o ministro Paulo Pimenta, da Secretaria de Comunica\u00e7\u00e3o Social (Secom), para contratar o publicit\u00e1rio Sid\u00f4nio Palmeira e tentar reverter a queda da popularidade.<\/p>\n\n\n\n<div class=\"wp-block-image\"><figure class=\"aligncenter size-large is-resized\"><a href=\"https:\/\/hotelmarquetti.com.br\/\"><img loading=\"lazy\" decoding=\"async\" src=\"https:\/\/jornalfatosenoticias.com.br\/wp-content\/uploads\/2020\/02\/LOGO-MQ-1024x680.jpg\" alt=\"\" class=\"wp-image-58299\" width=\"380\" height=\"252\" srcset=\"https:\/\/jornalfatosenoticias.com.br\/wp-content\/uploads\/2020\/02\/LOGO-MQ-1024x680.jpg 1024w, https:\/\/jornalfatosenoticias.com.br\/wp-content\/uploads\/2020\/02\/LOGO-MQ-300x199.jpg 300w, https:\/\/jornalfatosenoticias.com.br\/wp-content\/uploads\/2020\/02\/LOGO-MQ-768x510.jpg 768w, https:\/\/jornalfatosenoticias.com.br\/wp-content\/uploads\/2020\/02\/LOGO-MQ-1536x1020.jpg 1536w, https:\/\/jornalfatosenoticias.com.br\/wp-content\/uploads\/2020\/02\/LOGO-MQ-2048x1360.jpg 2048w\" sizes=\"auto, (max-width: 380px) 100vw, 380px\" \/><\/a><\/figure><\/div>\n\n\n\n<p>Entre os principais temas recentes que atingiram em cheio a popularidade do de Lula est\u00e3o o monitoramento do PIX, no come\u00e7o deste ano, e a fraude de descontos irregulares nos pagamentos a aposentados e pensionistas do INSS, que pode ter lesado nove milh\u00f5es de pessoas a um custo estimado de R$ 2 bilh\u00f5es a R$ 5 bilh\u00f5es. Este \u00e9 o tema mais citado (10%) pelos ouvidos pela Quaest, seguido pela corrup\u00e7\u00e3o (9%) e pelo aumento dos pre\u00e7os e infla\u00e7\u00e3o (9%).<\/p>\n\n\n\n<div class=\"wp-block-image\"><figure class=\"aligncenter size-large is-resized\"><a href=\"https:\/\/www.instagram.com\/restaurantepegoretti\/\"><img loading=\"lazy\" decoding=\"async\" src=\"https:\/\/jornalfatosenoticias.com.br\/wp-content\/uploads\/2023\/12\/pegoretti-logo-pdf-1024x389.jpg\" alt=\"\" class=\"wp-image-47536\" width=\"559\" height=\"212\" srcset=\"https:\/\/jornalfatosenoticias.com.br\/wp-content\/uploads\/2023\/12\/pegoretti-logo-pdf-1024x389.jpg 1024w, https:\/\/jornalfatosenoticias.com.br\/wp-content\/uploads\/2023\/12\/pegoretti-logo-pdf-300x114.jpg 300w, https:\/\/jornalfatosenoticias.com.br\/wp-content\/uploads\/2023\/12\/pegoretti-logo-pdf-768x291.jpg 768w, https:\/\/jornalfatosenoticias.com.br\/wp-content\/uploads\/2023\/12\/pegoretti-logo-pdf.jpg 1120w\" sizes=\"auto, (max-width: 559px) 100vw, 559px\" \/><\/a><\/figure><\/div>\n\n\n\n<p>O governo Lula \u00e9 apontado pelos entrevistados como o principal respons\u00e1vel pela fraude (31%), seguindo pelo pr\u00f3prio INSS (14%) e as entidades que fraudaram as assinaturas dos aposentados (8%). Outros 8% culpam o ex-presidente Jair Bolsonaro (PL), apontado pelo governo como o respons\u00e1vel pela disparada da quantidade de entidades irregulares, e 1% os pr\u00f3prios aposentados que n\u00e3o conferiram os descontos antes. Para 52% dos entrevistados, o dinheiro a ser devolvido \u00e0s v\u00edtimas da fraude deveria ser apenas dos bens bloqueados das entidades investigadas, enquanto que 41% acreditam que os recursos devem vir tamb\u00e9m dos cofres p\u00fablicos.<\/p>\n\n\n\n<div class=\"wp-block-image\"><figure class=\"aligncenter size-large is-resized\"><a href=\"https:\/\/www.controlsystems.com.br\/\"><img loading=\"lazy\" decoding=\"async\" src=\"https:\/\/jornalfatosenoticias.com.br\/wp-content\/uploads\/2020\/02\/CONTROL-CS.jpg\" alt=\"\" class=\"wp-image-44991\" width=\"310\" height=\"371\" srcset=\"https:\/\/jornalfatosenoticias.com.br\/wp-content\/uploads\/2020\/02\/CONTROL-CS.jpg 834w, https:\/\/jornalfatosenoticias.com.br\/wp-content\/uploads\/2020\/02\/CONTROL-CS-250x300.jpg 250w, https:\/\/jornalfatosenoticias.com.br\/wp-content\/uploads\/2020\/02\/CONTROL-CS-768x921.jpg 768w\" sizes=\"auto, (max-width: 310px) 100vw, 310px\" \/><\/a><\/figure><\/div>\n\n\n\n<p><strong><span class=\"has-inline-color has-black-color\">Quem desaprova Lula no pa\u00eds<br><\/span><\/strong>Segundo o levantamento da Quaest, publicado nesta quarta (4), a desaprova\u00e7\u00e3o a Lula \u00e9 disparada nas regi\u00f5es Sudeste (64%), Sul (62%) e Centro-Oeste\/Norte (55%), enquanto que no Nordeste \u00e9 menor (44%) que a aprova\u00e7\u00e3o (54%).<br>Nas demais regi\u00f5es, a aprova\u00e7\u00e3o de Lula segue em tend\u00eancia de queda no Sudeste (32%) e no Centro-Oeste\/Norte (42%), enquanto que no Sul ensaia uma recupera\u00e7\u00e3o (37%).<\/p>\n\n\n\n<div class=\"wp-block-image\"><figure class=\"aligncenter size-large\"><img loading=\"lazy\" decoding=\"async\" width=\"1000\" height=\"550\" src=\"https:\/\/jornalfatosenoticias.com.br\/wp-content\/uploads\/2025\/06\/pesquisa-quaest-1.jpg\" alt=\"\" class=\"wp-image-59696\" srcset=\"https:\/\/jornalfatosenoticias.com.br\/wp-content\/uploads\/2025\/06\/pesquisa-quaest-1.jpg 1000w, https:\/\/jornalfatosenoticias.com.br\/wp-content\/uploads\/2025\/06\/pesquisa-quaest-1-300x165.jpg 300w, https:\/\/jornalfatosenoticias.com.br\/wp-content\/uploads\/2025\/06\/pesquisa-quaest-1-768x422.jpg 768w\" sizes=\"auto, (max-width: 1000px) 100vw, 1000px\" \/><\/figure><\/div>\n\n\n\n<p>Ainda segundo a Quaest, a desaprova\u00e7\u00e3o a Lula \u00e9 maior entre os homens (59%), dos 16 aos 34 anos (60%), com ensino superior completo (64%), com ganhos de mais de cinco sal\u00e1rios m\u00ednimos (61%), evang\u00e9licos (66%) e n\u00e3o benefici\u00e1rios do Bolsa Fam\u00edlia (61%). No apanhado geral da pesquisa, a Quaest aponta um aumento do distanciamento entre as avalia\u00e7\u00f5es negativa e positiva de Lula:<\/p>\n\n\n\n<div class=\"wp-block-image\"><figure class=\"aligncenter size-large\"><img loading=\"lazy\" decoding=\"async\" width=\"1000\" height=\"543\" src=\"https:\/\/jornalfatosenoticias.com.br\/wp-content\/uploads\/2025\/06\/pesquisa-quaest-2.jpg\" alt=\"\" class=\"wp-image-59697\" srcset=\"https:\/\/jornalfatosenoticias.com.br\/wp-content\/uploads\/2025\/06\/pesquisa-quaest-2.jpg 1000w, https:\/\/jornalfatosenoticias.com.br\/wp-content\/uploads\/2025\/06\/pesquisa-quaest-2-300x163.jpg 300w, https:\/\/jornalfatosenoticias.com.br\/wp-content\/uploads\/2025\/06\/pesquisa-quaest-2-768x417.jpg 768w\" sizes=\"auto, (max-width: 1000px) 100vw, 1000px\" \/><\/figure><\/div>\n\n\n\n<p>Para 56% dos entrevistados, este terceiro mandato de Lula est\u00e1 pior que os anteriores, e apenas 20% veem um desempenho melhor. Na compara\u00e7\u00e3o com a gest\u00e3o de Bolsonaro, 44% acreditam que est\u00e1 pior, 40% melhor e 13% igual. J\u00e1 45% dos ouvidos pela Quaest demonstraram uma frustra\u00e7\u00e3o do que esperavam desta terceira gest\u00e3o, contra 36% sem expectativa e 16% melhor.<\/p>\n\n\n\n<div class=\"wp-block-image\"><figure class=\"aligncenter size-large\"><a href=\"http:\/\/www.ferrarimaquinas.com.br\/\"><img loading=\"lazy\" decoding=\"async\" width=\"300\" height=\"250\" src=\"https:\/\/jornalfatosenoticias.com.br\/wp-content\/uploads\/2022\/02\/FERRARI_MAQUINAS-E-FERRAMENTAS2.jpg\" alt=\"\" class=\"wp-image-27860\"\/><\/a><\/figure><\/div>\n\n\n\n<p><strong><span class=\"has-inline-color has-black-color\">Brasil no caminho errado<br><\/span><\/strong>A desaprova\u00e7\u00e3o a Lula tamb\u00e9m reflete no senso de condu\u00e7\u00e3o do pa\u00eds, em que a maioria v\u00ea estar na dire\u00e7\u00e3o errada (61%), contra apenas 32% de certa. Segundo a Quaest, 48% acreditam que Lula n\u00e3o \u00e9 bem intencionado no governo, e 46% acreditam que sim:<br>\ud83d\udd3970% veem que Lula n\u00e3o tem conseguido cumprir as promessas de campanha;<br>\ud83d\udd3925% veem que sim.<\/p>\n\n\n\n<div class=\"wp-block-image\"><figure class=\"aligncenter size-large is-resized\"><a href=\"https:\/\/www.instagram.com\/gruposei\/\"><img loading=\"lazy\" decoding=\"async\" src=\"https:\/\/jornalfatosenoticias.com.br\/wp-content\/uploads\/2022\/07\/Logo-Grupo-SEI.jpg\" alt=\"\" class=\"wp-image-31973\" width=\"361\" height=\"189\" srcset=\"https:\/\/jornalfatosenoticias.com.br\/wp-content\/uploads\/2022\/07\/Logo-Grupo-SEI.jpg 713w, https:\/\/jornalfatosenoticias.com.br\/wp-content\/uploads\/2022\/07\/Logo-Grupo-SEI-300x158.jpg 300w\" sizes=\"auto, (max-width: 361px) 100vw, 361px\" \/><\/a><\/figure><\/div>\n\n\n\n<p>Metade dos entrevistados pelo instituto (50%) afirmam ter visto mais not\u00edcias negativas do que positivas (19%) do governo, com destaque principalmente para a fraude no INSS:<\/p>\n\n\n\n<div class=\"wp-block-image\"><figure class=\"aligncenter size-large\"><img loading=\"lazy\" decoding=\"async\" width=\"1000\" height=\"560\" src=\"https:\/\/jornalfatosenoticias.com.br\/wp-content\/uploads\/2025\/06\/pesquisa-quaest-3.jpg\" alt=\"\" class=\"wp-image-59698\" srcset=\"https:\/\/jornalfatosenoticias.com.br\/wp-content\/uploads\/2025\/06\/pesquisa-quaest-3.jpg 1000w, https:\/\/jornalfatosenoticias.com.br\/wp-content\/uploads\/2025\/06\/pesquisa-quaest-3-300x168.jpg 300w, https:\/\/jornalfatosenoticias.com.br\/wp-content\/uploads\/2025\/06\/pesquisa-quaest-3-768x430.jpg 768w\" sizes=\"auto, (max-width: 1000px) 100vw, 1000px\" \/><\/figure><\/div>\n\n\n\n<p>Al\u00e9m destas not\u00edcias, os entrevistados afirmam que a viol\u00eancia (30%) \u00e9 a maior preocupa\u00e7\u00e3o atualmente, em uma escalada que vem desde dezembro e hoje lidera a lista de problemas. Isso escancara a necessidade de pol\u00edticas p\u00fablicas mais r\u00edgidas contra a criminalidade:<br>\u26a0\ufe0fViol\u00eancia: 30%;<br>\u26a0\ufe0fQuest\u00f5es sociais: 22%;<br>\u26a0\ufe0fEconomia: 19%;<br>\u26a0\ufe0fCorrup\u00e7\u00e3o: 13%;<br>\u26a0\ufe0fSa\u00fade: 10%;<br>\u26a0\ufe0fEduca\u00e7\u00e3o: 6%.<\/p>\n\n\n\n<div class=\"wp-block-image\"><figure class=\"aligncenter size-large\"><a href=\"https:\/\/www.cesconetto.com.br\/\"><img loading=\"lazy\" decoding=\"async\" width=\"300\" height=\"250\" src=\"https:\/\/jornalfatosenoticias.com.br\/wp-content\/uploads\/2022\/02\/Banner-2.png\" alt=\"\" class=\"wp-image-27877\"\/><\/a><\/figure><\/div>\n\n\n\n<p>Por outro lado, os brasileiros demonstraram um in\u00edcio de otimismo com as quest\u00f5es econ\u00f4micas, com queda nos n\u00fameros de percep\u00e7\u00e3o do andamento das finan\u00e7as do pa\u00eds nos \u00faltimos meses e otimismo para os pr\u00f3ximos:<br>\ud83d\udd3948% acreditam que a economia piorou nos \u00faltimos 12 meses (eram 56%);<br>\ud83d\udd3979% acreditam que o pre\u00e7o dos alimentos subiu no \u00faltimo m\u00eas (eram 88%);<br>\ud83d\udd3954% acreditam que o pre\u00e7o da gasolina subiu no \u00faltimo m\u00eas (eram 70%);<br>\ud83d\udd3960% acreditam que a conta de luz subiu no \u00faltimo m\u00eas (eram 65%);<br>\ud83d\udd3979% acreditam que o poder de compra \u00e9 menor hoje (eram 81%);<br>\ud83d\udd3935% acreditam que a qualidade de vida da fam\u00edlia piorou nos \u00faltimos dois anos (eram 39%);<br>\ud83d\udd3930% acreditam que a economia vai piorar nos pr\u00f3ximos 12 meses (eram 34%);<br>\ud83d\udd3945% acreditam que vai melhorar (eram 44%).<\/p>\n\n\n\n<div class=\"wp-block-image\"><figure class=\"aligncenter size-large is-resized\"><a href=\"https:\/\/panper.com.br\/\"><img loading=\"lazy\" decoding=\"async\" src=\"https:\/\/jornalfatosenoticias.com.br\/wp-content\/uploads\/2023\/03\/logo-Panper_portal.jpg\" alt=\"\" class=\"wp-image-40208\" width=\"344\" height=\"238\" srcset=\"https:\/\/jornalfatosenoticias.com.br\/wp-content\/uploads\/2023\/03\/logo-Panper_portal.jpg 400w, https:\/\/jornalfatosenoticias.com.br\/wp-content\/uploads\/2023\/03\/logo-Panper_portal-300x208.jpg 300w\" sizes=\"auto, (max-width: 344px) 100vw, 344px\" \/><\/a><\/figure><\/div>\n\n\n\n<p><strong>Fonte: <a href=\"https:\/\/www.gazetadopovo.com.br\/republica\/desaprovacao-lula-dispara-apos-escandalo-inss\/\">Gazeta do Povo<\/a><\/strong><\/p>\n","protected":false},"excerpt":{"rendered":"<p>Novas pesquisas de opini\u00e3o apontam um aumento da desaprova\u00e7\u00e3o a Lula ap\u00f3s a descoberta da fraude no INSS Por Guilherme Grandi A desaprova\u00e7\u00e3o ao governo de Luiz In\u00e1cio Lula da Silva (PT) disparou ap\u00f3s a revela\u00e7\u00e3o do esc\u00e2ndalo da fraude dos descontos associativos irregulares de aposentados e pensionistas do INSS. Duas pesquisas divulgadas nesta ter\u00e7a [&hellip;]<\/p>\n","protected":false},"author":2,"featured_media":53527,"comment_status":"open","ping_status":"open","sticky":false,"template":"","format":"standard","meta":{"footnotes":""},"categories":[10],"tags":[25613,27267,7580,876,24906],"class_list":["post-59695","post","type-post","status-publish","format-standard","has-post-thumbnail","hentry","category-politica","tag-avaliacao-do-governo","tag-fraude-no-inss","tag-lula","tag-pesquisas","tag-quaest"],"yoast_head":"<!-- This site is optimized with the Yoast SEO plugin v26.5 - https:\/\/yoast.com\/wordpress\/plugins\/seo\/ -->\n<title>Desaprova\u00e7\u00e3o de Lula dispara ap\u00f3s esc\u00e2ndalo no INSS - Jornal Fatos e Not\u00edcias<\/title>\n<meta name=\"robots\" content=\"index, follow, max-snippet:-1, max-image-preview:large, max-video-preview:-1\" \/>\n<link rel=\"canonical\" href=\"https:\/\/jornalfatosenoticias.com.br\/index.php\/2025\/06\/04\/desaprovacao-de-lula-dispara-apos-escandalo-no-inss\/\" \/>\n<meta property=\"og:locale\" content=\"pt_BR\" \/>\n<meta property=\"og:type\" content=\"article\" \/>\n<meta property=\"og:title\" content=\"Desaprova\u00e7\u00e3o de Lula dispara ap\u00f3s esc\u00e2ndalo no INSS - Jornal Fatos e Not\u00edcias\" \/>\n<meta property=\"og:description\" content=\"Novas pesquisas de opini\u00e3o apontam um aumento da desaprova\u00e7\u00e3o a Lula ap\u00f3s a descoberta da fraude no INSS Por Guilherme Grandi A desaprova\u00e7\u00e3o ao governo de Luiz In\u00e1cio Lula da Silva (PT) disparou ap\u00f3s a revela\u00e7\u00e3o do esc\u00e2ndalo da fraude dos descontos associativos irregulares de aposentados e pensionistas do INSS. Duas pesquisas divulgadas nesta ter\u00e7a [&hellip;]\" \/>\n<meta property=\"og:url\" content=\"https:\/\/jornalfatosenoticias.com.br\/index.php\/2025\/06\/04\/desaprovacao-de-lula-dispara-apos-escandalo-no-inss\/\" \/>\n<meta property=\"og:site_name\" content=\"Jornal Fatos e Not\u00edcias\" \/>\n<meta property=\"article:published_time\" content=\"2025-06-04T18:12:41+00:00\" \/>\n<meta property=\"article:modified_time\" content=\"2025-06-04T18:12:42+00:00\" \/>\n<meta property=\"og:image\" content=\"https:\/\/jornalfatosenoticias.com.br\/wp-content\/uploads\/2024\/08\/nine-fechamento-de-leitos_gettyimages.jpg\" \/>\n\t<meta property=\"og:image:width\" content=\"612\" \/>\n\t<meta property=\"og:image:height\" content=\"408\" \/>\n\t<meta property=\"og:image:type\" content=\"image\/jpeg\" \/>\n<meta name=\"author\" content=\"Luzimara Fernandes\" \/>\n<meta name=\"twitter:card\" content=\"summary_large_image\" \/>\n<meta name=\"twitter:label1\" content=\"Escrito por\" \/>\n\t<meta name=\"twitter:data1\" content=\"Luzimara Fernandes\" \/>\n\t<meta name=\"twitter:label2\" content=\"Est. tempo de leitura\" \/>\n\t<meta name=\"twitter:data2\" content=\"4 minutos\" \/>\n<script type=\"application\/ld+json\" class=\"yoast-schema-graph\">{\"@context\":\"https:\/\/schema.org\",\"@graph\":[{\"@type\":\"Article\",\"@id\":\"https:\/\/jornalfatosenoticias.com.br\/index.php\/2025\/06\/04\/desaprovacao-de-lula-dispara-apos-escandalo-no-inss\/#article\",\"isPartOf\":{\"@id\":\"https:\/\/jornalfatosenoticias.com.br\/index.php\/2025\/06\/04\/desaprovacao-de-lula-dispara-apos-escandalo-no-inss\/\"},\"author\":{\"name\":\"Luzimara Fernandes\",\"@id\":\"https:\/\/jornalfatosenoticias.com.br\/#\/schema\/person\/d63837fa13ac8666eb9e74e0985d6f81\"},\"headline\":\"Desaprova\u00e7\u00e3o de Lula dispara ap\u00f3s esc\u00e2ndalo no INSS\",\"datePublished\":\"2025-06-04T18:12:41+00:00\",\"dateModified\":\"2025-06-04T18:12:42+00:00\",\"mainEntityOfPage\":{\"@id\":\"https:\/\/jornalfatosenoticias.com.br\/index.php\/2025\/06\/04\/desaprovacao-de-lula-dispara-apos-escandalo-no-inss\/\"},\"wordCount\":908,\"commentCount\":0,\"publisher\":{\"@id\":\"https:\/\/jornalfatosenoticias.com.br\/#organization\"},\"image\":{\"@id\":\"https:\/\/jornalfatosenoticias.com.br\/index.php\/2025\/06\/04\/desaprovacao-de-lula-dispara-apos-escandalo-no-inss\/#primaryimage\"},\"thumbnailUrl\":\"https:\/\/jornalfatosenoticias.com.br\/wp-content\/uploads\/2024\/08\/nine-fechamento-de-leitos_gettyimages.jpg\",\"keywords\":[\"avalia\u00e7\u00e3o do governo\",\"fraude no INSS\",\"Lula\",\"pesquisas\",\"Quaest\"],\"articleSection\":[\"Pol\u00edtica\"],\"inLanguage\":\"pt-BR\",\"potentialAction\":[{\"@type\":\"CommentAction\",\"name\":\"Comment\",\"target\":[\"https:\/\/jornalfatosenoticias.com.br\/index.php\/2025\/06\/04\/desaprovacao-de-lula-dispara-apos-escandalo-no-inss\/#respond\"]}]},{\"@type\":\"WebPage\",\"@id\":\"https:\/\/jornalfatosenoticias.com.br\/index.php\/2025\/06\/04\/desaprovacao-de-lula-dispara-apos-escandalo-no-inss\/\",\"url\":\"https:\/\/jornalfatosenoticias.com.br\/index.php\/2025\/06\/04\/desaprovacao-de-lula-dispara-apos-escandalo-no-inss\/\",\"name\":\"Desaprova\u00e7\u00e3o de Lula dispara ap\u00f3s esc\u00e2ndalo no INSS - Jornal Fatos e Not\u00edcias\",\"isPartOf\":{\"@id\":\"https:\/\/jornalfatosenoticias.com.br\/#website\"},\"primaryImageOfPage\":{\"@id\":\"https:\/\/jornalfatosenoticias.com.br\/index.php\/2025\/06\/04\/desaprovacao-de-lula-dispara-apos-escandalo-no-inss\/#primaryimage\"},\"image\":{\"@id\":\"https:\/\/jornalfatosenoticias.com.br\/index.php\/2025\/06\/04\/desaprovacao-de-lula-dispara-apos-escandalo-no-inss\/#primaryimage\"},\"thumbnailUrl\":\"https:\/\/jornalfatosenoticias.com.br\/wp-content\/uploads\/2024\/08\/nine-fechamento-de-leitos_gettyimages.jpg\",\"datePublished\":\"2025-06-04T18:12:41+00:00\",\"dateModified\":\"2025-06-04T18:12:42+00:00\",\"breadcrumb\":{\"@id\":\"https:\/\/jornalfatosenoticias.com.br\/index.php\/2025\/06\/04\/desaprovacao-de-lula-dispara-apos-escandalo-no-inss\/#breadcrumb\"},\"inLanguage\":\"pt-BR\",\"potentialAction\":[{\"@type\":\"ReadAction\",\"target\":[\"https:\/\/jornalfatosenoticias.com.br\/index.php\/2025\/06\/04\/desaprovacao-de-lula-dispara-apos-escandalo-no-inss\/\"]}]},{\"@type\":\"ImageObject\",\"inLanguage\":\"pt-BR\",\"@id\":\"https:\/\/jornalfatosenoticias.com.br\/index.php\/2025\/06\/04\/desaprovacao-de-lula-dispara-apos-escandalo-no-inss\/#primaryimage\",\"url\":\"https:\/\/jornalfatosenoticias.com.br\/wp-content\/uploads\/2024\/08\/nine-fechamento-de-leitos_gettyimages.jpg\",\"contentUrl\":\"https:\/\/jornalfatosenoticias.com.br\/wp-content\/uploads\/2024\/08\/nine-fechamento-de-leitos_gettyimages.jpg\",\"width\":612,\"height\":408,\"caption\":\"Brazilian President Luiz Inacio Lula da Silva gestures as he delivers a speech during the launch of the 'Mais M\u00e9dicos' program, which aims to increase the supply of medical care in deprived and isolated regions, at the Planalto Palace in Brasilia, March 20, 2023. (Photo by EVARISTO SA \/ AFP) (Photo by EVARISTO SA\/AFP via Getty Images)\"},{\"@type\":\"BreadcrumbList\",\"@id\":\"https:\/\/jornalfatosenoticias.com.br\/index.php\/2025\/06\/04\/desaprovacao-de-lula-dispara-apos-escandalo-no-inss\/#breadcrumb\",\"itemListElement\":[{\"@type\":\"ListItem\",\"position\":1,\"name\":\"In\u00edcio\",\"item\":\"https:\/\/jornalfatosenoticias.com.br\/\"},{\"@type\":\"ListItem\",\"position\":2,\"name\":\"Desaprova\u00e7\u00e3o de Lula dispara ap\u00f3s esc\u00e2ndalo no INSS\"}]},{\"@type\":\"WebSite\",\"@id\":\"https:\/\/jornalfatosenoticias.com.br\/#website\",\"url\":\"https:\/\/jornalfatosenoticias.com.br\/\",\"name\":\"Jornal Fatos e Not\u00edcias\",\"description\":\"Not\u00edcias em geral\",\"publisher\":{\"@id\":\"https:\/\/jornalfatosenoticias.com.br\/#organization\"},\"potentialAction\":[{\"@type\":\"SearchAction\",\"target\":{\"@type\":\"EntryPoint\",\"urlTemplate\":\"https:\/\/jornalfatosenoticias.com.br\/?s={search_term_string}\"},\"query-input\":{\"@type\":\"PropertyValueSpecification\",\"valueRequired\":true,\"valueName\":\"search_term_string\"}}],\"inLanguage\":\"pt-BR\"},{\"@type\":\"Organization\",\"@id\":\"https:\/\/jornalfatosenoticias.com.br\/#organization\",\"name\":\"Jornal Fatos e Not\u00edcias\",\"url\":\"https:\/\/jornalfatosenoticias.com.br\/\",\"logo\":{\"@type\":\"ImageObject\",\"inLanguage\":\"pt-BR\",\"@id\":\"https:\/\/jornalfatosenoticias.com.br\/#\/schema\/logo\/image\/\",\"url\":\"https:\/\/jornalfatosenoticias.com.br\/wp-content\/uploads\/2020\/02\/logo120.png\",\"contentUrl\":\"https:\/\/jornalfatosenoticias.com.br\/wp-content\/uploads\/2020\/02\/logo120.png\",\"width\":1227,\"height\":120,\"caption\":\"Jornal Fatos e Not\u00edcias\"},\"image\":{\"@id\":\"https:\/\/jornalfatosenoticias.com.br\/#\/schema\/logo\/image\/\"}},{\"@type\":\"Person\",\"@id\":\"https:\/\/jornalfatosenoticias.com.br\/#\/schema\/person\/d63837fa13ac8666eb9e74e0985d6f81\",\"name\":\"Luzimara Fernandes\",\"image\":{\"@type\":\"ImageObject\",\"inLanguage\":\"pt-BR\",\"@id\":\"https:\/\/jornalfatosenoticias.com.br\/#\/schema\/person\/image\/\",\"url\":\"https:\/\/jornalfatosenoticias.com.br\/wp-content\/uploads\/2025\/05\/EU_portal.jpg\",\"contentUrl\":\"https:\/\/jornalfatosenoticias.com.br\/wp-content\/uploads\/2025\/05\/EU_portal.jpg\",\"caption\":\"Luzimara Fernandes\"},\"description\":\"Jornalista MTB 2358-ES\",\"sameAs\":[\"https:\/\/jornalfatosenoticias.com.br\"],\"url\":\"https:\/\/jornalfatosenoticias.com.br\/index.php\/author\/luzimara\/\"}]}<\/script>\n<!-- \/ Yoast SEO plugin. -->","yoast_head_json":{"title":"Desaprova\u00e7\u00e3o de Lula dispara ap\u00f3s esc\u00e2ndalo no INSS - Jornal Fatos e Not\u00edcias","robots":{"index":"index","follow":"follow","max-snippet":"max-snippet:-1","max-image-preview":"max-image-preview:large","max-video-preview":"max-video-preview:-1"},"canonical":"https:\/\/jornalfatosenoticias.com.br\/index.php\/2025\/06\/04\/desaprovacao-de-lula-dispara-apos-escandalo-no-inss\/","og_locale":"pt_BR","og_type":"article","og_title":"Desaprova\u00e7\u00e3o de Lula dispara ap\u00f3s esc\u00e2ndalo no INSS - Jornal Fatos e Not\u00edcias","og_description":"Novas pesquisas de opini\u00e3o apontam um aumento da desaprova\u00e7\u00e3o a Lula ap\u00f3s a descoberta da fraude no INSS Por Guilherme Grandi A desaprova\u00e7\u00e3o ao governo de Luiz In\u00e1cio Lula da Silva (PT) disparou ap\u00f3s a revela\u00e7\u00e3o do esc\u00e2ndalo da fraude dos descontos associativos irregulares de aposentados e pensionistas do INSS. Duas pesquisas divulgadas nesta ter\u00e7a [&hellip;]","og_url":"https:\/\/jornalfatosenoticias.com.br\/index.php\/2025\/06\/04\/desaprovacao-de-lula-dispara-apos-escandalo-no-inss\/","og_site_name":"Jornal Fatos e Not\u00edcias","article_published_time":"2025-06-04T18:12:41+00:00","article_modified_time":"2025-06-04T18:12:42+00:00","og_image":[{"width":612,"height":408,"url":"https:\/\/jornalfatosenoticias.com.br\/wp-content\/uploads\/2024\/08\/nine-fechamento-de-leitos_gettyimages.jpg","type":"image\/jpeg"}],"author":"Luzimara Fernandes","twitter_card":"summary_large_image","twitter_misc":{"Escrito por":"Luzimara Fernandes","Est. tempo de leitura":"4 minutos"},"schema":{"@context":"https:\/\/schema.org","@graph":[{"@type":"Article","@id":"https:\/\/jornalfatosenoticias.com.br\/index.php\/2025\/06\/04\/desaprovacao-de-lula-dispara-apos-escandalo-no-inss\/#article","isPartOf":{"@id":"https:\/\/jornalfatosenoticias.com.br\/index.php\/2025\/06\/04\/desaprovacao-de-lula-dispara-apos-escandalo-no-inss\/"},"author":{"name":"Luzimara Fernandes","@id":"https:\/\/jornalfatosenoticias.com.br\/#\/schema\/person\/d63837fa13ac8666eb9e74e0985d6f81"},"headline":"Desaprova\u00e7\u00e3o de Lula dispara ap\u00f3s esc\u00e2ndalo no INSS","datePublished":"2025-06-04T18:12:41+00:00","dateModified":"2025-06-04T18:12:42+00:00","mainEntityOfPage":{"@id":"https:\/\/jornalfatosenoticias.com.br\/index.php\/2025\/06\/04\/desaprovacao-de-lula-dispara-apos-escandalo-no-inss\/"},"wordCount":908,"commentCount":0,"publisher":{"@id":"https:\/\/jornalfatosenoticias.com.br\/#organization"},"image":{"@id":"https:\/\/jornalfatosenoticias.com.br\/index.php\/2025\/06\/04\/desaprovacao-de-lula-dispara-apos-escandalo-no-inss\/#primaryimage"},"thumbnailUrl":"https:\/\/jornalfatosenoticias.com.br\/wp-content\/uploads\/2024\/08\/nine-fechamento-de-leitos_gettyimages.jpg","keywords":["avalia\u00e7\u00e3o do governo","fraude no INSS","Lula","pesquisas","Quaest"],"articleSection":["Pol\u00edtica"],"inLanguage":"pt-BR","potentialAction":[{"@type":"CommentAction","name":"Comment","target":["https:\/\/jornalfatosenoticias.com.br\/index.php\/2025\/06\/04\/desaprovacao-de-lula-dispara-apos-escandalo-no-inss\/#respond"]}]},{"@type":"WebPage","@id":"https:\/\/jornalfatosenoticias.com.br\/index.php\/2025\/06\/04\/desaprovacao-de-lula-dispara-apos-escandalo-no-inss\/","url":"https:\/\/jornalfatosenoticias.com.br\/index.php\/2025\/06\/04\/desaprovacao-de-lula-dispara-apos-escandalo-no-inss\/","name":"Desaprova\u00e7\u00e3o de Lula dispara ap\u00f3s esc\u00e2ndalo no INSS - Jornal Fatos e Not\u00edcias","isPartOf":{"@id":"https:\/\/jornalfatosenoticias.com.br\/#website"},"primaryImageOfPage":{"@id":"https:\/\/jornalfatosenoticias.com.br\/index.php\/2025\/06\/04\/desaprovacao-de-lula-dispara-apos-escandalo-no-inss\/#primaryimage"},"image":{"@id":"https:\/\/jornalfatosenoticias.com.br\/index.php\/2025\/06\/04\/desaprovacao-de-lula-dispara-apos-escandalo-no-inss\/#primaryimage"},"thumbnailUrl":"https:\/\/jornalfatosenoticias.com.br\/wp-content\/uploads\/2024\/08\/nine-fechamento-de-leitos_gettyimages.jpg","datePublished":"2025-06-04T18:12:41+00:00","dateModified":"2025-06-04T18:12:42+00:00","breadcrumb":{"@id":"https:\/\/jornalfatosenoticias.com.br\/index.php\/2025\/06\/04\/desaprovacao-de-lula-dispara-apos-escandalo-no-inss\/#breadcrumb"},"inLanguage":"pt-BR","potentialAction":[{"@type":"ReadAction","target":["https:\/\/jornalfatosenoticias.com.br\/index.php\/2025\/06\/04\/desaprovacao-de-lula-dispara-apos-escandalo-no-inss\/"]}]},{"@type":"ImageObject","inLanguage":"pt-BR","@id":"https:\/\/jornalfatosenoticias.com.br\/index.php\/2025\/06\/04\/desaprovacao-de-lula-dispara-apos-escandalo-no-inss\/#primaryimage","url":"https:\/\/jornalfatosenoticias.com.br\/wp-content\/uploads\/2024\/08\/nine-fechamento-de-leitos_gettyimages.jpg","contentUrl":"https:\/\/jornalfatosenoticias.com.br\/wp-content\/uploads\/2024\/08\/nine-fechamento-de-leitos_gettyimages.jpg","width":612,"height":408,"caption":"Brazilian President Luiz Inacio Lula da Silva gestures as he delivers a speech during the launch of the 'Mais M\u00e9dicos' program, which aims to increase the supply of medical care in deprived and isolated regions, at the Planalto Palace in Brasilia, March 20, 2023. (Photo by EVARISTO SA \/ AFP) (Photo by EVARISTO SA\/AFP via Getty Images)"},{"@type":"BreadcrumbList","@id":"https:\/\/jornalfatosenoticias.com.br\/index.php\/2025\/06\/04\/desaprovacao-de-lula-dispara-apos-escandalo-no-inss\/#breadcrumb","itemListElement":[{"@type":"ListItem","position":1,"name":"In\u00edcio","item":"https:\/\/jornalfatosenoticias.com.br\/"},{"@type":"ListItem","position":2,"name":"Desaprova\u00e7\u00e3o de Lula dispara ap\u00f3s esc\u00e2ndalo no INSS"}]},{"@type":"WebSite","@id":"https:\/\/jornalfatosenoticias.com.br\/#website","url":"https:\/\/jornalfatosenoticias.com.br\/","name":"Jornal Fatos e Not\u00edcias","description":"Not\u00edcias em geral","publisher":{"@id":"https:\/\/jornalfatosenoticias.com.br\/#organization"},"potentialAction":[{"@type":"SearchAction","target":{"@type":"EntryPoint","urlTemplate":"https:\/\/jornalfatosenoticias.com.br\/?s={search_term_string}"},"query-input":{"@type":"PropertyValueSpecification","valueRequired":true,"valueName":"search_term_string"}}],"inLanguage":"pt-BR"},{"@type":"Organization","@id":"https:\/\/jornalfatosenoticias.com.br\/#organization","name":"Jornal Fatos e Not\u00edcias","url":"https:\/\/jornalfatosenoticias.com.br\/","logo":{"@type":"ImageObject","inLanguage":"pt-BR","@id":"https:\/\/jornalfatosenoticias.com.br\/#\/schema\/logo\/image\/","url":"https:\/\/jornalfatosenoticias.com.br\/wp-content\/uploads\/2020\/02\/logo120.png","contentUrl":"https:\/\/jornalfatosenoticias.com.br\/wp-content\/uploads\/2020\/02\/logo120.png","width":1227,"height":120,"caption":"Jornal Fatos e Not\u00edcias"},"image":{"@id":"https:\/\/jornalfatosenoticias.com.br\/#\/schema\/logo\/image\/"}},{"@type":"Person","@id":"https:\/\/jornalfatosenoticias.com.br\/#\/schema\/person\/d63837fa13ac8666eb9e74e0985d6f81","name":"Luzimara Fernandes","image":{"@type":"ImageObject","inLanguage":"pt-BR","@id":"https:\/\/jornalfatosenoticias.com.br\/#\/schema\/person\/image\/","url":"https:\/\/jornalfatosenoticias.com.br\/wp-content\/uploads\/2025\/05\/EU_portal.jpg","contentUrl":"https:\/\/jornalfatosenoticias.com.br\/wp-content\/uploads\/2025\/05\/EU_portal.jpg","caption":"Luzimara Fernandes"},"description":"Jornalista MTB 2358-ES","sameAs":["https:\/\/jornalfatosenoticias.com.br"],"url":"https:\/\/jornalfatosenoticias.com.br\/index.php\/author\/luzimara\/"}]}},"cc_featured_image_caption":{"caption_text":"(Foto: Getty Images)","source_text":"","source_url":""},"jetpack_featured_media_url":"https:\/\/jornalfatosenoticias.com.br\/wp-content\/uploads\/2024\/08\/nine-fechamento-de-leitos_gettyimages.jpg","_links":{"self":[{"href":"https:\/\/jornalfatosenoticias.com.br\/index.php\/wp-json\/wp\/v2\/posts\/59695","targetHints":{"allow":["GET"]}}],"collection":[{"href":"https:\/\/jornalfatosenoticias.com.br\/index.php\/wp-json\/wp\/v2\/posts"}],"about":[{"href":"https:\/\/jornalfatosenoticias.com.br\/index.php\/wp-json\/wp\/v2\/types\/post"}],"author":[{"embeddable":true,"href":"https:\/\/jornalfatosenoticias.com.br\/index.php\/wp-json\/wp\/v2\/users\/2"}],"replies":[{"embeddable":true,"href":"https:\/\/jornalfatosenoticias.com.br\/index.php\/wp-json\/wp\/v2\/comments?post=59695"}],"version-history":[{"count":0,"href":"https:\/\/jornalfatosenoticias.com.br\/index.php\/wp-json\/wp\/v2\/posts\/59695\/revisions"}],"wp:featuredmedia":[{"embeddable":true,"href":"https:\/\/jornalfatosenoticias.com.br\/index.php\/wp-json\/wp\/v2\/media\/53527"}],"wp:attachment":[{"href":"https:\/\/jornalfatosenoticias.com.br\/index.php\/wp-json\/wp\/v2\/media?parent=59695"}],"wp:term":[{"taxonomy":"category","embeddable":true,"href":"https:\/\/jornalfatosenoticias.com.br\/index.php\/wp-json\/wp\/v2\/categories?post=59695"},{"taxonomy":"post_tag","embeddable":true,"href":"https:\/\/jornalfatosenoticias.com.br\/index.php\/wp-json\/wp\/v2\/tags?post=59695"}],"curies":[{"name":"wp","href":"https:\/\/api.w.org\/{rel}","templated":true}]}}