{"id":59700,"date":"2025-06-05T15:46:52","date_gmt":"2025-06-05T18:46:52","guid":{"rendered":"https:\/\/jornalfatosenoticias.com.br\/?p=59700"},"modified":"2025-06-05T15:46:54","modified_gmt":"2025-06-05T18:46:54","slug":"a-semana-no-brasil-e-no-mundo-fraude-bilionaria-no-inss-pf-aponta-envolvimento-de-parlamentares-diz-o-globo","status":"publish","type":"post","link":"https:\/\/jornalfatosenoticias.com.br\/index.php\/2025\/06\/05\/a-semana-no-brasil-e-no-mundo-fraude-bilionaria-no-inss-pf-aponta-envolvimento-de-parlamentares-diz-o-globo\/","title":{"rendered":"A Semana no Brasil e no Mundo \u2014 Fraude bilion\u00e1ria no INSS: PF aponta envolvimento de parlamentares, diz O Globo"},"content":{"rendered":"\n<div class=\"wp-block-image\"><figure class=\"aligncenter size-large\"><a href=\"https:\/\/mizu.com.br\/\"><img loading=\"lazy\" decoding=\"async\" width=\"729\" height=\"90\" src=\"https:\/\/jornalfatosenoticias.com.br\/wp-content\/uploads\/2020\/02\/Logo_Mizu.png\" alt=\"\" class=\"wp-image-1441\" srcset=\"https:\/\/jornalfatosenoticias.com.br\/wp-content\/uploads\/2020\/02\/Logo_Mizu.png 729w, https:\/\/jornalfatosenoticias.com.br\/wp-content\/uploads\/2020\/02\/Logo_Mizu-300x37.png 300w\" sizes=\"auto, (max-width: 729px) 100vw, 729px\" \/><\/a><\/figure><\/div>\n\n\n\n<p>As investiga\u00e7\u00f5es da Pol\u00edcia Federal sobre o esquema de descontos indevidos em aposentadorias e pens\u00f5es do INSS chegaram ao Supremo Tribunal Federal (STF) ap\u00f3s surgirem ind\u00edcios da participa\u00e7\u00e3o de deputados federais e senadores no caso. Trata-se de um desdobramento da Opera\u00e7\u00e3o Sem Desconto, que apura uma fraude estimada em R$ 6,5 bilh\u00f5es e j\u00e1 identificou 7,6 milh\u00f5es de benefici\u00e1rios lesados.<br>Com o envolvimento de integrantes do Congresso Nacional, a apura\u00e7\u00e3o foi encaminhada ao STF, foro competente para julgar parlamentares federais. Conforme revelou o jornalista Lauro Jardim, do jornal O Globo, o n\u00famero de congressistas citados nos documentos \u00e9 grande\u2014 o que sugere um elo direto entre o esquema e setores do Legislativo.<\/p>\n\n\n\n<div class=\"wp-block-image\"><figure class=\"aligncenter size-large is-resized\"><a href=\"https:\/\/www.facebook.com\/postobkr\/?locale=pt_BR\"><img loading=\"lazy\" decoding=\"async\" src=\"https:\/\/jornalfatosenoticias.com.br\/wp-content\/uploads\/2023\/08\/BKR-1024x1021.jpg\" alt=\"\" class=\"wp-image-44494\" width=\"295\" height=\"294\" srcset=\"https:\/\/jornalfatosenoticias.com.br\/wp-content\/uploads\/2023\/08\/BKR-1024x1021.jpg 1024w, https:\/\/jornalfatosenoticias.com.br\/wp-content\/uploads\/2023\/08\/BKR-300x300.jpg 300w, https:\/\/jornalfatosenoticias.com.br\/wp-content\/uploads\/2023\/08\/BKR-150x150.jpg 150w, https:\/\/jornalfatosenoticias.com.br\/wp-content\/uploads\/2023\/08\/BKR-768x766.jpg 768w, https:\/\/jornalfatosenoticias.com.br\/wp-content\/uploads\/2023\/08\/BKR.jpg 1080w\" sizes=\"auto, (max-width: 295px) 100vw, 295px\" \/><\/a><\/figure><\/div>\n\n\n\n<p>Segundo fontes pr\u00f3ximas \u00e0s investiga\u00e7\u00f5es, os nomes de deputados e senadores surgiram a partir da an\u00e1lise de contratos, movimenta\u00e7\u00f5es financeiras e rela\u00e7\u00f5es institucionais entre entidades de fachada e a estrutura p\u00fablica federal. Essas associa\u00e7\u00f5es \u2014 11 j\u00e1 identificadas \u2014 operavam como intermedi\u00e1rias dos descontos mensais que, segundo a Controladoria-Geral da Uni\u00e3o (CGU), ocorriam muitas vezes sem autoriza\u00e7\u00e3o dos aposentados.<\/p>\n\n\n\n<div class=\"wp-block-image\"><figure class=\"aligncenter size-large is-resized\"><a href=\"https:\/\/www.legisjuris.com.br\/\"><img loading=\"lazy\" decoding=\"async\" src=\"https:\/\/jornalfatosenoticias.com.br\/wp-content\/uploads\/2024\/09\/Legis-Juris-Consultoria_logo.jpg\" alt=\"\" class=\"wp-image-53915\" width=\"551\" height=\"231\" srcset=\"https:\/\/jornalfatosenoticias.com.br\/wp-content\/uploads\/2024\/09\/Legis-Juris-Consultoria_logo.jpg 969w, https:\/\/jornalfatosenoticias.com.br\/wp-content\/uploads\/2024\/09\/Legis-Juris-Consultoria_logo-300x126.jpg 300w, https:\/\/jornalfatosenoticias.com.br\/wp-content\/uploads\/2024\/09\/Legis-Juris-Consultoria_logo-768x322.jpg 768w\" sizes=\"auto, (max-width: 551px) 100vw, 551px\" \/><\/a><\/figure><\/div>\n\n\n\n<p>O uso de sindicatos e associa\u00e7\u00f5es para viabilizar os repasses mensais irregularmente configura um modelo de capta\u00e7\u00e3o cont\u00ednua de recursos \u00e0 margem da legalidade, com ind\u00edcios de que parte desses valores teria sido canalizada para alimentar redes de apoio pol\u00edtico. Os investigadores agora buscam entender se os parlamentares teriam atuado para facilitar contratos, blindar entidades suspeitas ou participar diretamente do repasse de verbas.<\/p>\n\n\n\n<div class=\"wp-block-image\"><figure class=\"aligncenter size-large is-resized\"><a href=\"https:\/\/www.instagram.com\/rcradiadores\/\"><img loading=\"lazy\" decoding=\"async\" src=\"https:\/\/jornalfatosenoticias.com.br\/wp-content\/uploads\/2022\/10\/RC_800x750_page-0001.jpg\" alt=\"\" class=\"wp-image-35338\" width=\"301\" height=\"282\" srcset=\"https:\/\/jornalfatosenoticias.com.br\/wp-content\/uploads\/2022\/10\/RC_800x750_page-0001.jpg 400w, https:\/\/jornalfatosenoticias.com.br\/wp-content\/uploads\/2022\/10\/RC_800x750_page-0001-300x281.jpg 300w\" sizes=\"auto, (max-width: 301px) 100vw, 301px\" \/><\/a><\/figure><\/div>\n\n\n\n<p>A dimens\u00e3o da fraude impressiona: cerca de 98% dos aposentados e pensionistas do INSS teriam sido v\u00edtimas de descontos indevidos em algum momento, segundo levantamento da CGU. Foram mais de 1,2 milh\u00e3o de reclama\u00e7\u00f5es formais de benefici\u00e1rios entre 2019 e 2024, com estimativas de preju\u00edzo que ultrapassam os R$ 6 bilh\u00f5es.<\/p>\n\n\n\n<div class=\"wp-block-image\"><figure class=\"aligncenter size-large is-resized\"><a href=\"https:\/\/www.instagram.com\/restaurantepegoretti\/\"><img loading=\"lazy\" decoding=\"async\" src=\"https:\/\/jornalfatosenoticias.com.br\/wp-content\/uploads\/2023\/12\/pegoretti-logo-pdf-1024x389.jpg\" alt=\"\" class=\"wp-image-47536\" width=\"554\" height=\"210\" srcset=\"https:\/\/jornalfatosenoticias.com.br\/wp-content\/uploads\/2023\/12\/pegoretti-logo-pdf-1024x389.jpg 1024w, https:\/\/jornalfatosenoticias.com.br\/wp-content\/uploads\/2023\/12\/pegoretti-logo-pdf-300x114.jpg 300w, https:\/\/jornalfatosenoticias.com.br\/wp-content\/uploads\/2023\/12\/pegoretti-logo-pdf-768x291.jpg 768w, https:\/\/jornalfatosenoticias.com.br\/wp-content\/uploads\/2023\/12\/pegoretti-logo-pdf.jpg 1120w\" sizes=\"auto, (max-width: 554px) 100vw, 554px\" \/><\/a><\/figure><\/div>\n\n\n\n<p>A ida do caso ao STF adiciona um novo grau de complexidade \u00e0 investiga\u00e7\u00e3o. A Suprema Corte dever\u00e1 avaliar, a partir dos documentos da Pol\u00edcia Federal, se h\u00e1 elementos suficientes para instaurar inqu\u00e9ritos contra congressistas. Os nomes dos parlamentares citados ainda n\u00e3o foram oficialmente divulgados, mas a expectativa \u00e9 de que novos detalhes venham \u00e0 tona nas pr\u00f3ximas semanas.<\/p>\n\n\n\n<div class=\"wp-block-image\"><figure class=\"aligncenter size-large is-resized\"><a href=\"https:\/\/www.facebook.com\/profile.php?id=100069289606145\"><img loading=\"lazy\" decoding=\"async\" src=\"https:\/\/jornalfatosenoticias.com.br\/wp-content\/uploads\/2024\/11\/Guaitolini-Contabilidade-1024x714.jpeg\" alt=\"\" class=\"wp-image-55808\" width=\"336\" height=\"234\" srcset=\"https:\/\/jornalfatosenoticias.com.br\/wp-content\/uploads\/2024\/11\/Guaitolini-Contabilidade-1024x714.jpeg 1024w, https:\/\/jornalfatosenoticias.com.br\/wp-content\/uploads\/2024\/11\/Guaitolini-Contabilidade-300x209.jpeg 300w, https:\/\/jornalfatosenoticias.com.br\/wp-content\/uploads\/2024\/11\/Guaitolini-Contabilidade-768x535.jpeg 768w, https:\/\/jornalfatosenoticias.com.br\/wp-content\/uploads\/2024\/11\/Guaitolini-Contabilidade.jpeg 1280w\" sizes=\"auto, (max-width: 336px) 100vw, 336px\" \/><\/a><\/figure><\/div>\n\n\n\n<p>Enquanto isso, o governo Lula corre para conter o desgaste pol\u00edtico. O presidente do INSS, Gilberto Waller J\u00fanior, afirmou que os valores ser\u00e3o devolvidos aos segurados lesados e que o \u00f3rg\u00e3o trabalha com a CGU para definir crit\u00e9rios de ressarcimento. A opera\u00e7\u00e3o de reembolso, no entanto, ainda enfrenta desafios t\u00e9cnicos e or\u00e7ament\u00e1rios. <strong>(Fonte: Hora Bras\u00edlia)<\/strong><\/p>\n\n\n\n<div class=\"wp-block-image\"><figure class=\"aligncenter size-large is-resized\"><a href=\"https:\/\/www.instagram.com\/esteio.churrascaria\/\"><img loading=\"lazy\" decoding=\"async\" src=\"https:\/\/jornalfatosenoticias.com.br\/wp-content\/uploads\/2022\/02\/LOGO-ESTEIO-1024x730.png\" alt=\"\" class=\"wp-image-27942\" width=\"334\" height=\"238\" srcset=\"https:\/\/jornalfatosenoticias.com.br\/wp-content\/uploads\/2022\/02\/LOGO-ESTEIO-1024x730.png 1024w, https:\/\/jornalfatosenoticias.com.br\/wp-content\/uploads\/2022\/02\/LOGO-ESTEIO-300x214.png 300w, https:\/\/jornalfatosenoticias.com.br\/wp-content\/uploads\/2022\/02\/LOGO-ESTEIO-768x548.png 768w, https:\/\/jornalfatosenoticias.com.br\/wp-content\/uploads\/2022\/02\/LOGO-ESTEIO.png 1123w\" sizes=\"auto, (max-width: 334px) 100vw, 334px\" \/><\/a><\/figure><\/div>\n\n\n\n<hr class=\"wp-block-separator\"\/>\n\n\n\n<h3 class=\"wp-block-heading\"><span class=\"has-inline-color has-black-color\">Deputada dos EUA ataca Alexandre de Moraes e apoia veto de vistos a autoridades<\/span><\/h3>\n\n\n\n<div class=\"wp-block-image\"><figure class=\"aligncenter size-large\"><img loading=\"lazy\" decoding=\"async\" width=\"612\" height=\"469\" src=\"https:\/\/jornalfatosenoticias.com.br\/wp-content\/uploads\/2025\/06\/MARIA-ELVIRA-SALAZAR_gettyimages.jpg\" alt=\"\" class=\"wp-image-59705\" srcset=\"https:\/\/jornalfatosenoticias.com.br\/wp-content\/uploads\/2025\/06\/MARIA-ELVIRA-SALAZAR_gettyimages.jpg 612w, https:\/\/jornalfatosenoticias.com.br\/wp-content\/uploads\/2025\/06\/MARIA-ELVIRA-SALAZAR_gettyimages-300x230.jpg 300w\" sizes=\"auto, (max-width: 612px) 100vw, 612px\" \/><figcaption><em><span class=\"has-inline-color has-black-color\">Maria Elvira Salazar (Foto: Getty Images)<\/span><\/em><\/figcaption><\/figure><\/div>\n\n\n\n<p>A deputada republicana Maria Elvira Salazar, representante da Fl\u00f3rida na C\u00e2mara dos Estados Unidos, publicou uma s\u00e9rie de declara\u00e7\u00f5es nas redes sociais em apoio a uma proposta do secret\u00e1rio de Estado norte-americano, Marco Rubio, que prev\u00ea restri\u00e7\u00f5es de visto a autoridades estrangeiras envolvidas em a\u00e7\u00f5es que, segundo o governo dos EUA, \u201ccensuram americanos no exterior\u201d.<\/p>\n\n\n\n<div class=\"wp-block-image\"><figure class=\"aligncenter size-large is-resized\"><a href=\"https:\/\/www.instagram.com\/serra4x4cambioautomatico\/\"><img loading=\"lazy\" decoding=\"async\" src=\"https:\/\/jornalfatosenoticias.com.br\/wp-content\/uploads\/2024\/08\/Serra-4x4-1-886x1024.jpg\" alt=\"\" class=\"wp-image-53632\" width=\"306\" height=\"353\" srcset=\"https:\/\/jornalfatosenoticias.com.br\/wp-content\/uploads\/2024\/08\/Serra-4x4-1-886x1024.jpg 886w, https:\/\/jornalfatosenoticias.com.br\/wp-content\/uploads\/2024\/08\/Serra-4x4-1-260x300.jpg 260w, https:\/\/jornalfatosenoticias.com.br\/wp-content\/uploads\/2024\/08\/Serra-4x4-1-768x888.jpg 768w, https:\/\/jornalfatosenoticias.com.br\/wp-content\/uploads\/2024\/08\/Serra-4x4-1.jpg 1181w\" sizes=\"auto, (max-width: 306px) 100vw, 306px\" \/><\/a><\/figure><\/div>\n\n\n\n<p>A parlamentar citou nominalmente o ministro do Supremo Tribunal Federal (STF), Alexandre de Moraes, apontando-o como um exemplo de \u201csimpatizante autorit\u00e1rio\u201d e sugerindo que o magistrado estaria tentando cercear a liberdade de express\u00e3o de cidad\u00e3os norte-americanos al\u00e9m das fronteiras do Brasil. \u201cQue isso sirva de alerta para tiranos ao redor do mundo e simpatizantes autorit\u00e1rios como Alexandre de Moraes, do Brasil: \u2018se voc\u00ea tentar censurar cidad\u00e3os americanos, mesmo al\u00e9m de nossas fronteiras, n\u00e3o ser\u00e1 bem-vindo nos Estados Unidos\u2019\u201d, escreveu Salazar. A declara\u00e7\u00e3o, recheada de termos provocativos, se soma a uma campanha crescente nos EUA que visa confrontar governos e institui\u00e7\u00f5es estrangeiras que adotam pol\u00edticas de regula\u00e7\u00e3o de conte\u00fado digital. O epis\u00f3dio exp\u00f5e mais uma vez como o ministro do STF se tornou uma figura central \u2014 e polarizadora \u2014 n\u00e3o apenas na pol\u00edtica brasileira, mas tamb\u00e9m no tabuleiro ideol\u00f3gico internacional.<strong> (Fonte: Hora Bras\u00edlia)<\/strong><\/p>\n\n\n\n<div class=\"wp-block-image\"><figure class=\"aligncenter size-large is-resized\"><a href=\"https:\/\/www.facebook.com\/vetor.vix\/\"><img loading=\"lazy\" decoding=\"async\" src=\"https:\/\/jornalfatosenoticias.com.br\/wp-content\/uploads\/2023\/09\/vetorvix1024_1.jpg\" alt=\"\" class=\"wp-image-44868\" width=\"531\" height=\"141\" srcset=\"https:\/\/jornalfatosenoticias.com.br\/wp-content\/uploads\/2023\/09\/vetorvix1024_1.jpg 1024w, https:\/\/jornalfatosenoticias.com.br\/wp-content\/uploads\/2023\/09\/vetorvix1024_1-300x80.jpg 300w, https:\/\/jornalfatosenoticias.com.br\/wp-content\/uploads\/2023\/09\/vetorvix1024_1-768x205.jpg 768w\" sizes=\"auto, (max-width: 531px) 100vw, 531px\" \/><\/a><\/figure><\/div>\n\n\n\n<hr class=\"wp-block-separator\"\/>\n\n\n\n<h3 class=\"wp-block-heading\"><span class=\"has-inline-color has-black-color\">Flagrado com dinheiro na cueca \u00e9 convidado por Lula para viagem<br><\/span><\/h3>\n\n\n\n<div class=\"wp-block-image\"><figure class=\"aligncenter size-large\"><img loading=\"lazy\" decoding=\"async\" width=\"768\" height=\"512\" src=\"https:\/\/jornalfatosenoticias.com.br\/wp-content\/uploads\/2025\/06\/senador-dinheiro-na-cueca.jpg\" alt=\"\" class=\"wp-image-59704\" srcset=\"https:\/\/jornalfatosenoticias.com.br\/wp-content\/uploads\/2025\/06\/senador-dinheiro-na-cueca.jpg 768w, https:\/\/jornalfatosenoticias.com.br\/wp-content\/uploads\/2025\/06\/senador-dinheiro-na-cueca-300x200.jpg 300w\" sizes=\"auto, (max-width: 768px) 100vw, 768px\" \/><figcaption><em><span class=\"has-inline-color has-black-color\">(Foto: Geraldo Magela\/Ag\u00eancia Senado)<\/span><\/em><\/figcaption><\/figure><\/div>\n\n\n\n<p>O senador Chico Rodrigues (PSB-RR), flagrado em opera\u00e7\u00e3o da Pol\u00edcia Federal, em 2020, com dinheiro na cueca, integra a comitiva de Lula (PT) \u00e0 Fran\u00e7a. Ele e outros seis parlamentares foram convidados pelo governo petista para acompanhar o chefe do Executivo na viagem \u00e0 Europa. O grupo partiu em viagem nesta quarta-feira (4).<\/p>\n\n\n\n<div class=\"wp-block-image\"><figure class=\"aligncenter size-large is-resized\"><a href=\"https:\/\/hotelmarquetti.com.br\/\"><img loading=\"lazy\" decoding=\"async\" src=\"https:\/\/jornalfatosenoticias.com.br\/wp-content\/uploads\/2020\/02\/LOGO-MQ-1024x680.jpg\" alt=\"\" class=\"wp-image-58299\" width=\"336\" height=\"223\" srcset=\"https:\/\/jornalfatosenoticias.com.br\/wp-content\/uploads\/2020\/02\/LOGO-MQ-1024x680.jpg 1024w, https:\/\/jornalfatosenoticias.com.br\/wp-content\/uploads\/2020\/02\/LOGO-MQ-300x199.jpg 300w, https:\/\/jornalfatosenoticias.com.br\/wp-content\/uploads\/2020\/02\/LOGO-MQ-768x510.jpg 768w, https:\/\/jornalfatosenoticias.com.br\/wp-content\/uploads\/2020\/02\/LOGO-MQ-1536x1020.jpg 1536w, https:\/\/jornalfatosenoticias.com.br\/wp-content\/uploads\/2020\/02\/LOGO-MQ-2048x1360.jpg 2048w\" sizes=\"auto, (max-width: 336px) 100vw, 336px\" \/><\/a><\/figure><\/div>\n\n\n\n<p>O parlamentar usou suas redes sociais para explicar que o convite foi feito pelo Pal\u00e1cio do Planalto e pelo Minist\u00e9rio da Agricultura, para que ele participe da cerim\u00f4nia de certifica\u00e7\u00e3o do Brasil como pa\u00eds livre da febre aftosa, da Organiza\u00e7\u00e3o Mundial da Sa\u00fade Animal (OIE), que tem sede em Paris. Na seleta comitiva de Lula est\u00e3o, al\u00e9m do senador com dinheiro na cueca, os l\u00edderes Lindbergh Farias (PT-RJ), Randolfe Rodrigues (PT-AP) e T\u00falio Gad\u00ealha (Rede-PE). Tamb\u00e9m integram o grupo os deputados Clodoaldo Magalh\u00e3es (PV-PE) e Pedro Campos (PSB-PE), e o senador Giordano (MDB-SP).<\/p>\n\n\n\n<div class=\"wp-block-image\"><figure class=\"aligncenter size-large\"><a href=\"http:\/\/www.ferrarimaquinas.com.br\/\"><img loading=\"lazy\" decoding=\"async\" width=\"300\" height=\"250\" src=\"https:\/\/jornalfatosenoticias.com.br\/wp-content\/uploads\/2022\/02\/FERRARI_MAQUINAS-E-FERRAMENTAS2.jpg\" alt=\"\" class=\"wp-image-27860\"\/><\/a><\/figure><\/div>\n\n\n\n<p>Tamb\u00e9m foram convidados oito ministros de Estado, o comandante da Aeron\u00e1utica, o diretor-geral da PF e o presidente da Fiocruz e da Apex. O ex-presidente do Senado, Rodrigo Pacheco (PSD-MG), n\u00e3o aceitou o convite de Lula. <strong>(Fonte: Pleno.News)<\/strong><\/p>\n\n\n\n<div class=\"wp-block-image\"><figure class=\"aligncenter size-large is-resized\"><a href=\"https:\/\/panper.com.br\/\"><img loading=\"lazy\" decoding=\"async\" src=\"https:\/\/jornalfatosenoticias.com.br\/wp-content\/uploads\/2023\/03\/logo-Panper_portal.jpg\" alt=\"\" class=\"wp-image-40208\" width=\"313\" height=\"217\" srcset=\"https:\/\/jornalfatosenoticias.com.br\/wp-content\/uploads\/2023\/03\/logo-Panper_portal.jpg 400w, https:\/\/jornalfatosenoticias.com.br\/wp-content\/uploads\/2023\/03\/logo-Panper_portal-300x208.jpg 300w\" sizes=\"auto, (max-width: 313px) 100vw, 313px\" \/><\/a><\/figure><\/div>\n\n\n\n<hr class=\"wp-block-separator\"\/>\n\n\n\n<h3 class=\"wp-block-heading\"><span class=\"has-inline-color has-black-color\">Washington Post se retrata por acusar Israel, \u201cmas e a m\u00eddia brasileira?\u201d<\/span><\/h3>\n\n\n\n<div class=\"wp-block-image\"><figure class=\"aligncenter size-large\"><img loading=\"lazy\" decoding=\"async\" width=\"612\" height=\"408\" src=\"https:\/\/jornalfatosenoticias.com.br\/wp-content\/uploads\/2025\/06\/Washington-Post-Hamas_gettyimages.jpg\" alt=\"\" class=\"wp-image-59703\" srcset=\"https:\/\/jornalfatosenoticias.com.br\/wp-content\/uploads\/2025\/06\/Washington-Post-Hamas_gettyimages.jpg 612w, https:\/\/jornalfatosenoticias.com.br\/wp-content\/uploads\/2025\/06\/Washington-Post-Hamas_gettyimages-300x200.jpg 300w\" sizes=\"auto, (max-width: 612px) 100vw, 612px\" \/><figcaption><em><span class=\"has-inline-color has-black-color\">(Foto: Getty Images)<\/span><\/em><\/figcaption><\/figure><\/div>\n\n\n\n<p>No \u00faltimo domingo (1.\u00ba), diversos ve\u00edculos da imprensa internacional publicaram que tropas israelenses haviam matado mais de 30 palestinos pr\u00f3ximos a um ponto de distribui\u00e7\u00e3o de ajuda humanit\u00e1ria em Gaza. A informa\u00e7\u00e3o, atribu\u00edda ao Minist\u00e9rio da Sa\u00fade local \u2014 controlado pelo grupo terrorista Hamas \u2014 foi divulgada com destaque e gerou grande repercuss\u00e3o. Investiga\u00e7\u00f5es preliminares, por\u00e9m, afirmam que os soldados israelenses n\u00e3o dispararam contra civis naquele local e que o tiroteio foi provocado por fac\u00e7\u00f5es palestinas.<\/p>\n\n\n\n<div class=\"wp-block-image\"><figure class=\"aligncenter size-large is-resized\"><a href=\"https:\/\/www.ithbrasil.com.br\/\"><img loading=\"lazy\" decoding=\"async\" src=\"https:\/\/jornalfatosenoticias.com.br\/wp-content\/uploads\/2023\/08\/ITH.jpeg\" alt=\"\" class=\"wp-image-44638\" width=\"324\" height=\"263\" srcset=\"https:\/\/jornalfatosenoticias.com.br\/wp-content\/uploads\/2023\/08\/ITH.jpeg 800w, https:\/\/jornalfatosenoticias.com.br\/wp-content\/uploads\/2023\/08\/ITH-300x244.jpeg 300w, https:\/\/jornalfatosenoticias.com.br\/wp-content\/uploads\/2023\/08\/ITH-768x624.jpeg 768w\" sizes=\"auto, (max-width: 324px) 100vw, 324px\" \/><\/a><\/figure><\/div>\n\n\n\n<p>O Washington Post reconheceu que tratou com \u201cexcesso de certeza\u201d o suposto envolvimento de Israel e publicou uma retrata\u00e7\u00e3o. J\u00e1 ve\u00edculos brasileiros que replicaram a vers\u00e3o inicial \u2014 como CNN Brasil, g1, BBC News Brasil e UOL \u2014 n\u00e3o fizeram qualquer corre\u00e7\u00e3o at\u00e9 o in\u00edcio da tarde desta quarta-feira (4). <strong>(Fonte: O Antagonista)<\/strong><\/p>\n\n\n\n<div class=\"wp-block-image\"><figure class=\"aligncenter size-large\"><a href=\"https:\/\/mizu.com.br\/\"><img loading=\"lazy\" decoding=\"async\" width=\"729\" height=\"90\" src=\"https:\/\/jornalfatosenoticias.com.br\/wp-content\/uploads\/2020\/02\/Logo_Mizu.png\" alt=\"\" class=\"wp-image-1441\" srcset=\"https:\/\/jornalfatosenoticias.com.br\/wp-content\/uploads\/2020\/02\/Logo_Mizu.png 729w, https:\/\/jornalfatosenoticias.com.br\/wp-content\/uploads\/2020\/02\/Logo_Mizu-300x37.png 300w\" sizes=\"auto, (max-width: 729px) 100vw, 729px\" \/><\/a><\/figure><\/div>\n\n\n\n<hr class=\"wp-block-separator\"\/>\n\n\n\n<h3 class=\"wp-block-heading\"><span class=\"has-inline-color has-black-color\">Mendon\u00e7a defende liberdade de express\u00e3o em voto sobre redes<\/span><\/h3>\n\n\n\n<div class=\"wp-block-image\"><figure class=\"aligncenter size-large\"><img loading=\"lazy\" decoding=\"async\" width=\"768\" height=\"469\" src=\"https:\/\/jornalfatosenoticias.com.br\/wp-content\/uploads\/2025\/06\/andre-mendonca_liberdade-de-expressao.jpg\" alt=\"\" class=\"wp-image-59702\" srcset=\"https:\/\/jornalfatosenoticias.com.br\/wp-content\/uploads\/2025\/06\/andre-mendonca_liberdade-de-expressao.jpg 768w, https:\/\/jornalfatosenoticias.com.br\/wp-content\/uploads\/2025\/06\/andre-mendonca_liberdade-de-expressao-300x183.jpg 300w\" sizes=\"auto, (max-width: 768px) 100vw, 768px\" \/><figcaption><em><span class=\"has-inline-color has-black-color\">(Foto: Nelson Jr.\/SCO\/STF)<\/span><\/em><\/figcaption><\/figure><\/div>\n\n\n\n<p>Nesta quarta-feira (4), o Supremo Tribunal Federal (STF) retomou o julgamento que define como deve ser a responsabiliza\u00e7\u00e3o das plataformas digitais e empresas de tecnologia por conte\u00fados publicados por usu\u00e1rios. Em seu voto, o ministro Andr\u00e9 Mendon\u00e7a falou sobre os fundamentos e a import\u00e2ncia da liberdade de express\u00e3o. <em>\u201cMais do que um direito individual a liberdade de express\u00e3o \u00e9 um bem coletivo\u201d. <\/em>O ministro deixou ainda um alerta, conforme informa\u00e7\u00f5es da Brasil Paralelo.<em> \u201cA partir do momento em que um povo \u00e9 proibido de at\u00e9 mesmo desconfiar ou \u00e9 obrigado a acreditar, instaurasse o ambiente perfeito para subjug\u00e1-lo pela sua impot\u00eancia\u201d.<\/em> <strong>(Fonte: Pleno.News)<\/strong><\/p>\n\n\n\n<div class=\"wp-block-image\"><figure class=\"aligncenter size-large is-resized\"><a href=\"https:\/\/www.controlsystems.com.br\/\"><img loading=\"lazy\" decoding=\"async\" src=\"https:\/\/jornalfatosenoticias.com.br\/wp-content\/uploads\/2020\/02\/CONTROL-CS.jpg\" alt=\"\" class=\"wp-image-44991\" width=\"275\" height=\"329\" srcset=\"https:\/\/jornalfatosenoticias.com.br\/wp-content\/uploads\/2020\/02\/CONTROL-CS.jpg 834w, https:\/\/jornalfatosenoticias.com.br\/wp-content\/uploads\/2020\/02\/CONTROL-CS-250x300.jpg 250w, https:\/\/jornalfatosenoticias.com.br\/wp-content\/uploads\/2020\/02\/CONTROL-CS-768x921.jpg 768w\" sizes=\"auto, (max-width: 275px) 100vw, 275px\" \/><\/a><\/figure><\/div>\n\n\n\n<hr class=\"wp-block-separator\"\/>\n\n\n\n<h3 class=\"wp-block-heading\"><span class=\"has-inline-color has-black-color\">Justi\u00e7a do Peru abre brechas para anula\u00e7\u00e3o de provas da Lava Jato<\/span><\/h3>\n\n\n\n<div class=\"wp-block-image\"><figure class=\"aligncenter size-large\"><img loading=\"lazy\" decoding=\"async\" width=\"799\" height=\"533\" src=\"https:\/\/jornalfatosenoticias.com.br\/wp-content\/uploads\/2025\/06\/Lula-Nadine-Ollanta_lava-jato-Peru.jpg\" alt=\"\" class=\"wp-image-59701\" srcset=\"https:\/\/jornalfatosenoticias.com.br\/wp-content\/uploads\/2025\/06\/Lula-Nadine-Ollanta_lava-jato-Peru.jpg 799w, https:\/\/jornalfatosenoticias.com.br\/wp-content\/uploads\/2025\/06\/Lula-Nadine-Ollanta_lava-jato-Peru-300x200.jpg 300w, https:\/\/jornalfatosenoticias.com.br\/wp-content\/uploads\/2025\/06\/Lula-Nadine-Ollanta_lava-jato-Peru-768x512.jpg 768w\" sizes=\"auto, (max-width: 799px) 100vw, 799px\" \/><figcaption><em><span class=\"has-inline-color has-black-color\">Lula, Nadine Heredia e Ollanta Humala (Foto: Ricardo Stuckert\/PR)<\/span><\/em><\/figcaption><\/figure><\/div>\n\n\n\n<p>Decis\u00e3o da Corte Suprema do Peru abriu uma brecha que pode levar \u00e0 anula\u00e7\u00e3o de provas da Opera\u00e7\u00e3o Lava Jato no pa\u00eds. O tribunal autorizou que r\u00e9us no pa\u00eds usem decis\u00f5es judiciais estrangeiras \u2014 como as do Brasil \u2014 para contestar provas obtidas por meio de coopera\u00e7\u00e3o internacional, sem precisar passar pelo procedimento formal de reconhecimento da senten\u00e7a estrangeira, chamado \u201cexequatur\u201d, diz o Estad\u00e3o.<\/p>\n\n\n\n<div class=\"wp-block-image\"><figure class=\"aligncenter size-large\"><a href=\"https:\/\/www.cesconetto.com.br\/\"><img loading=\"lazy\" decoding=\"async\" width=\"300\" height=\"250\" src=\"https:\/\/jornalfatosenoticias.com.br\/wp-content\/uploads\/2022\/02\/Banner-2.png\" alt=\"\" class=\"wp-image-27877\"\/><\/a><\/figure><\/div>\n\n\n\n<p>O entendimento partiu de um pedido da construtora Camargo Corr\u00eaa e do executivo Marcos de Moura Wanderley. A Corte Suprema peruana determinou que esse procedimento \u201cexequatur\u201d n\u00e3o \u00e9 necess\u00e1rio se a senten\u00e7a estrangeira for usada apenas como prova documental, por exemplo, para demonstrar que determinada prova usada na investiga\u00e7\u00e3o foi considerada ilegal em seu pa\u00eds de origem, como no Brasil, no caso da Lava Jato.<\/p>\n\n\n\n<div class=\"wp-block-image\"><figure class=\"aligncenter size-large is-resized\"><a href=\"https:\/\/www.instagram.com\/gruposei\/\"><img loading=\"lazy\" decoding=\"async\" src=\"https:\/\/jornalfatosenoticias.com.br\/wp-content\/uploads\/2022\/07\/Logo-Grupo-SEI.jpg\" alt=\"\" class=\"wp-image-31973\" width=\"372\" height=\"195\" srcset=\"https:\/\/jornalfatosenoticias.com.br\/wp-content\/uploads\/2022\/07\/Logo-Grupo-SEI.jpg 713w, https:\/\/jornalfatosenoticias.com.br\/wp-content\/uploads\/2022\/07\/Logo-Grupo-SEI-300x158.jpg 300w\" sizes=\"auto, (max-width: 372px) 100vw, 372px\" \/><\/a><\/figure><\/div>\n\n\n\n<p>A decis\u00e3o pode beneficiar o ex-presidente peruano Ollanta Humala e a ex-primeira-dama Nadine Heredia, condenada a 15 anos de pris\u00e3o e atualmente asilada no Brasil. Ambos foram condenados com base em provas oriundas de acordos de coopera\u00e7\u00e3o internacional. A a\u00e7\u00e3o julgada pela Suprema Corte do Peru trata de provas da Opera\u00e7\u00e3o Castelo de Areia \u2014 declaradas il\u00edcitas no Brasil \u2014 que teriam sido usadas em investiga\u00e7\u00f5es no Peru entre 2015 e 2017. A partir da decis\u00e3o, a anula\u00e7\u00e3o dessas provas no Brasil poder\u00e1 repercutir diretamente nos processos penais peruanos.<\/p>\n\n\n\n<div class=\"wp-block-image\"><figure class=\"aligncenter size-large is-resized\"><a href=\"https:\/\/www.facebook.com\/postobkr\/?locale=pt_BR\"><img loading=\"lazy\" decoding=\"async\" src=\"https:\/\/jornalfatosenoticias.com.br\/wp-content\/uploads\/2023\/08\/BKR-1024x1021.jpg\" alt=\"\" class=\"wp-image-44494\" width=\"305\" height=\"304\" srcset=\"https:\/\/jornalfatosenoticias.com.br\/wp-content\/uploads\/2023\/08\/BKR-1024x1021.jpg 1024w, https:\/\/jornalfatosenoticias.com.br\/wp-content\/uploads\/2023\/08\/BKR-300x300.jpg 300w, https:\/\/jornalfatosenoticias.com.br\/wp-content\/uploads\/2023\/08\/BKR-150x150.jpg 150w, https:\/\/jornalfatosenoticias.com.br\/wp-content\/uploads\/2023\/08\/BKR-768x766.jpg 768w, https:\/\/jornalfatosenoticias.com.br\/wp-content\/uploads\/2023\/08\/BKR.jpg 1080w\" sizes=\"auto, (max-width: 305px) 100vw, 305px\" \/><\/a><\/figure><\/div>\n\n\n\n<p>Em maio, a Procuradoria-Geral da Rep\u00fablica (PGR) suspendeu a coopera\u00e7\u00e3o com o Minist\u00e9rio P\u00fablico do Peru em um processo ligado \u00e0 empreiteira OAS (hoje Grupo Metha), por suspeita de viola\u00e7\u00e3o dos termos de colabora\u00e7\u00e3o premiada firmados por delatores brasileiros. A PGR j\u00e1 havia tomado medida semelhante em rela\u00e7\u00e3o \u00e0 Odebrecht (atualmente Novonor), e interrompeu a coopera\u00e7\u00e3o em casos peruanos ap\u00f3s den\u00fancias de descumprimento dos acordos de colabora\u00e7\u00e3o firmados com o Brasil.<\/p>\n\n\n\n<div class=\"wp-block-image\"><figure class=\"aligncenter size-large is-resized\"><a href=\"https:\/\/www.legisjuris.com.br\/\"><img loading=\"lazy\" decoding=\"async\" src=\"https:\/\/jornalfatosenoticias.com.br\/wp-content\/uploads\/2024\/09\/Legis-Juris-Consultoria_logo.jpg\" alt=\"\" class=\"wp-image-53915\" width=\"549\" height=\"230\" srcset=\"https:\/\/jornalfatosenoticias.com.br\/wp-content\/uploads\/2024\/09\/Legis-Juris-Consultoria_logo.jpg 969w, https:\/\/jornalfatosenoticias.com.br\/wp-content\/uploads\/2024\/09\/Legis-Juris-Consultoria_logo-300x126.jpg 300w, https:\/\/jornalfatosenoticias.com.br\/wp-content\/uploads\/2024\/09\/Legis-Juris-Consultoria_logo-768x322.jpg 768w\" sizes=\"auto, (max-width: 549px) 100vw, 549px\" \/><\/a><\/figure><\/div>\n\n\n\n<p>O Peru \u00e9 hoje o pa\u00eds com mais pol\u00edticos investigados, processados ou condenados por desdobramentos da Lava Jato fora do Brasil. Est\u00e3o presos os ex-presidentes Alejandro Toledo, Ollanta Humala e Pedro Pablo Kuczynski, todos acusados de envolvimento em esquemas de corrup\u00e7\u00e3o e financiamento il\u00edcito de campanhas. Eles negam as acusa\u00e7\u00f5es.<\/p>\n\n\n\n<div class=\"wp-block-image\"><figure class=\"aligncenter size-large is-resized\"><a href=\"https:\/\/hotelmarquetti.com.br\/\"><img loading=\"lazy\" decoding=\"async\" src=\"https:\/\/jornalfatosenoticias.com.br\/wp-content\/uploads\/2020\/02\/LOGO-MQ-1024x680.jpg\" alt=\"\" class=\"wp-image-58299\" width=\"375\" height=\"249\" srcset=\"https:\/\/jornalfatosenoticias.com.br\/wp-content\/uploads\/2020\/02\/LOGO-MQ-1024x680.jpg 1024w, https:\/\/jornalfatosenoticias.com.br\/wp-content\/uploads\/2020\/02\/LOGO-MQ-300x199.jpg 300w, https:\/\/jornalfatosenoticias.com.br\/wp-content\/uploads\/2020\/02\/LOGO-MQ-768x510.jpg 768w, https:\/\/jornalfatosenoticias.com.br\/wp-content\/uploads\/2020\/02\/LOGO-MQ-1536x1020.jpg 1536w, https:\/\/jornalfatosenoticias.com.br\/wp-content\/uploads\/2020\/02\/LOGO-MQ-2048x1360.jpg 2048w\" sizes=\"auto, (max-width: 375px) 100vw, 375px\" \/><\/a><\/figure><\/div>\n\n\n\n<p>Em setembro de 2023, o ministro Dias Toffoli, do STF, atendeu a um pedido da defesa de Lula e decidiu que todas as provas obtidas a partir do acordo de leni\u00eancia da Odebrecht e dos seus sistemas Drousys e My Web Day B n\u00e3o poderiam ser usados em quaisquer processos criminais, eleitorais, c\u00edveis ou de improbidade administrativa no Brasil.<\/p>\n\n\n\n<div class=\"wp-block-image\"><figure class=\"aligncenter size-large is-resized\"><a href=\"https:\/\/www.instagram.com\/rcradiadores\/\"><img loading=\"lazy\" decoding=\"async\" src=\"https:\/\/jornalfatosenoticias.com.br\/wp-content\/uploads\/2022\/10\/RC_800x750_page-0001.jpg\" alt=\"\" class=\"wp-image-35338\" width=\"307\" height=\"288\" srcset=\"https:\/\/jornalfatosenoticias.com.br\/wp-content\/uploads\/2022\/10\/RC_800x750_page-0001.jpg 400w, https:\/\/jornalfatosenoticias.com.br\/wp-content\/uploads\/2022\/10\/RC_800x750_page-0001-300x281.jpg 300w\" sizes=\"auto, (max-width: 307px) 100vw, 307px\" \/><\/a><\/figure><\/div>\n\n\n\n<p>A decis\u00e3o de Toffoli est\u00e1 h\u00e1 20 meses em vigor, gerando anula\u00e7\u00f5es em s\u00e9rie, sem que tr\u00eas recursos apresentados contra ela tenham sido apreciados pelo STF: os da Associa\u00e7\u00e3o Nacional dos Procuradores da Rep\u00fablica (ANPR), do Minist\u00e9rio P\u00fablico de S\u00e3o Paulo (MP-SP) e da Procuradoria-Geral da Rep\u00fablica (PGR).<\/p>\n\n\n\n<div class=\"wp-block-image\"><figure class=\"aligncenter size-large is-resized\"><a href=\"https:\/\/www.instagram.com\/serra4x4cambioautomatico\/\"><img loading=\"lazy\" decoding=\"async\" src=\"https:\/\/jornalfatosenoticias.com.br\/wp-content\/uploads\/2024\/08\/Serra-4x4-1-886x1024.jpg\" alt=\"\" class=\"wp-image-53632\" width=\"294\" height=\"339\" srcset=\"https:\/\/jornalfatosenoticias.com.br\/wp-content\/uploads\/2024\/08\/Serra-4x4-1-886x1024.jpg 886w, https:\/\/jornalfatosenoticias.com.br\/wp-content\/uploads\/2024\/08\/Serra-4x4-1-260x300.jpg 260w, https:\/\/jornalfatosenoticias.com.br\/wp-content\/uploads\/2024\/08\/Serra-4x4-1-768x888.jpg 768w, https:\/\/jornalfatosenoticias.com.br\/wp-content\/uploads\/2024\/08\/Serra-4x4-1.jpg 1181w\" sizes=\"auto, (max-width: 294px) 100vw, 294px\" \/><\/a><\/figure><\/div>\n\n\n\n<p><strong><span class=\"has-inline-color has-black-color\">Asilo a Nadine Heredia<br><\/span><\/strong>Em abril, o Minist\u00e9rio das Rela\u00e7\u00f5es Exteriores confirmou a concess\u00e3o de asilo diplom\u00e1tico \u00e0 ex-primeira-dama do Peru Nadine Heredia. Nadine e Ollanta foram condenados por receberem aportes da empreiteira Odebrecht e do ditador venezuelano Hugo Ch\u00e1vez nas campanhas de 2011 e 2006, respectivamente. A investiga\u00e7\u00e3o foi conduzida pela Opera\u00e7\u00e3o Lava Jato peruana. Na \u00e9poca dessas duas elei\u00e7\u00f5es, Lula e Dilma Rousseff governavam o Brasil. <strong>(Fonte: O Antagonista)<\/strong><\/p>\n\n\n\n<div class=\"wp-block-image\"><figure class=\"aligncenter size-large is-resized\"><a href=\"https:\/\/www.facebook.com\/vetor.vix\/\"><img loading=\"lazy\" decoding=\"async\" src=\"https:\/\/jornalfatosenoticias.com.br\/wp-content\/uploads\/2023\/09\/vetorvix1024_1.jpg\" alt=\"\" class=\"wp-image-44868\" width=\"580\" height=\"154\" srcset=\"https:\/\/jornalfatosenoticias.com.br\/wp-content\/uploads\/2023\/09\/vetorvix1024_1.jpg 1024w, https:\/\/jornalfatosenoticias.com.br\/wp-content\/uploads\/2023\/09\/vetorvix1024_1-300x80.jpg 300w, https:\/\/jornalfatosenoticias.com.br\/wp-content\/uploads\/2023\/09\/vetorvix1024_1-768x205.jpg 768w\" sizes=\"auto, (max-width: 580px) 100vw, 580px\" \/><\/a><\/figure><\/div>\n\n\n\n<hr class=\"wp-block-separator\"\/>\n","protected":false},"excerpt":{"rendered":"<p>As investiga\u00e7\u00f5es da Pol\u00edcia Federal sobre o esquema de descontos indevidos em aposentadorias e pens\u00f5es do INSS chegaram ao Supremo Tribunal Federal (STF) ap\u00f3s surgirem ind\u00edcios da participa\u00e7\u00e3o de deputados federais e senadores no caso. Trata-se de um desdobramento da Opera\u00e7\u00e3o Sem Desconto, que apura uma fraude estimada em R$ 6,5 bilh\u00f5es e j\u00e1 identificou [&hellip;]<\/p>\n","protected":false},"author":3,"featured_media":59706,"comment_status":"open","ping_status":"open","sticky":false,"template":"","format":"standard","meta":{"footnotes":""},"categories":[10],"tags":[13889,2144,27273,27268,21697,18343,21582,162,4847,16935,26356,27269,1001,27270,27272,294,27271],"class_list":["post-59700","post","type-post","status-publish","format-standard","has-post-thumbnail","hentry","category-politica","tag-alexandre-de-moraes","tag-andre-mendonca-2","tag-chico-rodrigues","tag-fraude-bilionaria-no-inss","tag-gaza","tag-governo-lula","tag-hamas","tag-israel","tag-lava-jato","tag-liberdade-de-expressao","tag-marco-rubio","tag-maria-elvira-salazar","tag-peru","tag-regulamentacao-das-redes","tag-senador-dinheiro-na-cueca","tag-stf","tag-washington-post"],"yoast_head":"<!-- This site is optimized with the Yoast SEO plugin v26.5 - https:\/\/yoast.com\/wordpress\/plugins\/seo\/ -->\n<title>A Semana no Brasil e no Mundo \u2014 Fraude bilion\u00e1ria no INSS: PF aponta envolvimento de parlamentares, diz O Globo - Jornal Fatos e Not\u00edcias<\/title>\n<meta name=\"robots\" content=\"index, follow, max-snippet:-1, max-image-preview:large, max-video-preview:-1\" \/>\n<link rel=\"canonical\" href=\"https:\/\/jornalfatosenoticias.com.br\/index.php\/2025\/06\/05\/a-semana-no-brasil-e-no-mundo-fraude-bilionaria-no-inss-pf-aponta-envolvimento-de-parlamentares-diz-o-globo\/\" \/>\n<meta property=\"og:locale\" content=\"pt_BR\" \/>\n<meta property=\"og:type\" content=\"article\" \/>\n<meta property=\"og:title\" content=\"A Semana no Brasil e no Mundo \u2014 Fraude bilion\u00e1ria no INSS: PF aponta envolvimento de parlamentares, diz O Globo - Jornal Fatos e Not\u00edcias\" \/>\n<meta property=\"og:description\" content=\"As investiga\u00e7\u00f5es da Pol\u00edcia Federal sobre o esquema de descontos indevidos em aposentadorias e pens\u00f5es do INSS chegaram ao Supremo Tribunal Federal (STF) ap\u00f3s surgirem ind\u00edcios da participa\u00e7\u00e3o de deputados federais e senadores no caso. Trata-se de um desdobramento da Opera\u00e7\u00e3o Sem Desconto, que apura uma fraude estimada em R$ 6,5 bilh\u00f5es e j\u00e1 identificou [&hellip;]\" \/>\n<meta property=\"og:url\" content=\"https:\/\/jornalfatosenoticias.com.br\/index.php\/2025\/06\/05\/a-semana-no-brasil-e-no-mundo-fraude-bilionaria-no-inss-pf-aponta-envolvimento-de-parlamentares-diz-o-globo\/\" \/>\n<meta property=\"og:site_name\" content=\"Jornal Fatos e Not\u00edcias\" \/>\n<meta property=\"article:published_time\" content=\"2025-06-05T18:46:52+00:00\" \/>\n<meta property=\"article:modified_time\" content=\"2025-06-05T18:46:54+00:00\" \/>\n<meta property=\"og:image\" content=\"https:\/\/jornalfatosenoticias.com.br\/wp-content\/uploads\/2025\/06\/fraude-INSS_flickr.jpg\" \/>\n\t<meta property=\"og:image:width\" content=\"780\" \/>\n\t<meta property=\"og:image:height\" content=\"470\" \/>\n\t<meta property=\"og:image:type\" content=\"image\/jpeg\" \/>\n<meta name=\"author\" content=\"Haroldo Filho\" \/>\n<meta name=\"twitter:card\" content=\"summary_large_image\" \/>\n<meta name=\"twitter:label1\" content=\"Escrito por\" \/>\n\t<meta name=\"twitter:data1\" content=\"Haroldo Filho\" \/>\n\t<meta name=\"twitter:label2\" content=\"Est. tempo de leitura\" \/>\n\t<meta name=\"twitter:data2\" content=\"9 minutos\" \/>\n<script type=\"application\/ld+json\" class=\"yoast-schema-graph\">{\"@context\":\"https:\/\/schema.org\",\"@graph\":[{\"@type\":\"Article\",\"@id\":\"https:\/\/jornalfatosenoticias.com.br\/index.php\/2025\/06\/05\/a-semana-no-brasil-e-no-mundo-fraude-bilionaria-no-inss-pf-aponta-envolvimento-de-parlamentares-diz-o-globo\/#article\",\"isPartOf\":{\"@id\":\"https:\/\/jornalfatosenoticias.com.br\/index.php\/2025\/06\/05\/a-semana-no-brasil-e-no-mundo-fraude-bilionaria-no-inss-pf-aponta-envolvimento-de-parlamentares-diz-o-globo\/\"},\"author\":{\"name\":\"Haroldo Filho\",\"@id\":\"https:\/\/jornalfatosenoticias.com.br\/#\/schema\/person\/05c46cc25b42a5c27e004fb0fa6b4965\"},\"headline\":\"A Semana no Brasil e no Mundo \u2014 Fraude bilion\u00e1ria no INSS: PF aponta envolvimento de parlamentares, diz O Globo\",\"datePublished\":\"2025-06-05T18:46:52+00:00\",\"dateModified\":\"2025-06-05T18:46:54+00:00\",\"mainEntityOfPage\":{\"@id\":\"https:\/\/jornalfatosenoticias.com.br\/index.php\/2025\/06\/05\/a-semana-no-brasil-e-no-mundo-fraude-bilionaria-no-inss-pf-aponta-envolvimento-de-parlamentares-diz-o-globo\/\"},\"wordCount\":1783,\"commentCount\":0,\"publisher\":{\"@id\":\"https:\/\/jornalfatosenoticias.com.br\/#organization\"},\"image\":{\"@id\":\"https:\/\/jornalfatosenoticias.com.br\/index.php\/2025\/06\/05\/a-semana-no-brasil-e-no-mundo-fraude-bilionaria-no-inss-pf-aponta-envolvimento-de-parlamentares-diz-o-globo\/#primaryimage\"},\"thumbnailUrl\":\"https:\/\/jornalfatosenoticias.com.br\/wp-content\/uploads\/2025\/06\/fraude-INSS_flickr.jpg\",\"keywords\":[\"Alexandre de Moraes\",\"Andr\u00e9 Mendon\u00e7a\",\"Chico Rodrigues\",\"fraude bilion\u00e1ria no INSS\",\"Gaza\",\"governo Lula\",\"Hamas\",\"Israel\",\"Lava Jato\",\"liberdade de express\u00e3o\",\"Marco Rubio\",\"Maria Elvira Salazar\",\"Peru\",\"regulamenta\u00e7\u00e3o das redes\",\"senador dinheiro na cueca\",\"STF\",\"Washington Post\"],\"articleSection\":[\"Pol\u00edtica\"],\"inLanguage\":\"pt-BR\",\"potentialAction\":[{\"@type\":\"CommentAction\",\"name\":\"Comment\",\"target\":[\"https:\/\/jornalfatosenoticias.com.br\/index.php\/2025\/06\/05\/a-semana-no-brasil-e-no-mundo-fraude-bilionaria-no-inss-pf-aponta-envolvimento-de-parlamentares-diz-o-globo\/#respond\"]}]},{\"@type\":\"WebPage\",\"@id\":\"https:\/\/jornalfatosenoticias.com.br\/index.php\/2025\/06\/05\/a-semana-no-brasil-e-no-mundo-fraude-bilionaria-no-inss-pf-aponta-envolvimento-de-parlamentares-diz-o-globo\/\",\"url\":\"https:\/\/jornalfatosenoticias.com.br\/index.php\/2025\/06\/05\/a-semana-no-brasil-e-no-mundo-fraude-bilionaria-no-inss-pf-aponta-envolvimento-de-parlamentares-diz-o-globo\/\",\"name\":\"A Semana no Brasil e no Mundo \u2014 Fraude bilion\u00e1ria no INSS: PF aponta envolvimento de parlamentares, diz O Globo - Jornal Fatos e Not\u00edcias\",\"isPartOf\":{\"@id\":\"https:\/\/jornalfatosenoticias.com.br\/#website\"},\"primaryImageOfPage\":{\"@id\":\"https:\/\/jornalfatosenoticias.com.br\/index.php\/2025\/06\/05\/a-semana-no-brasil-e-no-mundo-fraude-bilionaria-no-inss-pf-aponta-envolvimento-de-parlamentares-diz-o-globo\/#primaryimage\"},\"image\":{\"@id\":\"https:\/\/jornalfatosenoticias.com.br\/index.php\/2025\/06\/05\/a-semana-no-brasil-e-no-mundo-fraude-bilionaria-no-inss-pf-aponta-envolvimento-de-parlamentares-diz-o-globo\/#primaryimage\"},\"thumbnailUrl\":\"https:\/\/jornalfatosenoticias.com.br\/wp-content\/uploads\/2025\/06\/fraude-INSS_flickr.jpg\",\"datePublished\":\"2025-06-05T18:46:52+00:00\",\"dateModified\":\"2025-06-05T18:46:54+00:00\",\"breadcrumb\":{\"@id\":\"https:\/\/jornalfatosenoticias.com.br\/index.php\/2025\/06\/05\/a-semana-no-brasil-e-no-mundo-fraude-bilionaria-no-inss-pf-aponta-envolvimento-de-parlamentares-diz-o-globo\/#breadcrumb\"},\"inLanguage\":\"pt-BR\",\"potentialAction\":[{\"@type\":\"ReadAction\",\"target\":[\"https:\/\/jornalfatosenoticias.com.br\/index.php\/2025\/06\/05\/a-semana-no-brasil-e-no-mundo-fraude-bilionaria-no-inss-pf-aponta-envolvimento-de-parlamentares-diz-o-globo\/\"]}]},{\"@type\":\"ImageObject\",\"inLanguage\":\"pt-BR\",\"@id\":\"https:\/\/jornalfatosenoticias.com.br\/index.php\/2025\/06\/05\/a-semana-no-brasil-e-no-mundo-fraude-bilionaria-no-inss-pf-aponta-envolvimento-de-parlamentares-diz-o-globo\/#primaryimage\",\"url\":\"https:\/\/jornalfatosenoticias.com.br\/wp-content\/uploads\/2025\/06\/fraude-INSS_flickr.jpg\",\"contentUrl\":\"https:\/\/jornalfatosenoticias.com.br\/wp-content\/uploads\/2025\/06\/fraude-INSS_flickr.jpg\",\"width\":780,\"height\":470},{\"@type\":\"BreadcrumbList\",\"@id\":\"https:\/\/jornalfatosenoticias.com.br\/index.php\/2025\/06\/05\/a-semana-no-brasil-e-no-mundo-fraude-bilionaria-no-inss-pf-aponta-envolvimento-de-parlamentares-diz-o-globo\/#breadcrumb\",\"itemListElement\":[{\"@type\":\"ListItem\",\"position\":1,\"name\":\"In\u00edcio\",\"item\":\"https:\/\/jornalfatosenoticias.com.br\/\"},{\"@type\":\"ListItem\",\"position\":2,\"name\":\"A Semana no Brasil e no Mundo \u2014 Fraude bilion\u00e1ria no INSS: PF aponta envolvimento de parlamentares, diz O Globo\"}]},{\"@type\":\"WebSite\",\"@id\":\"https:\/\/jornalfatosenoticias.com.br\/#website\",\"url\":\"https:\/\/jornalfatosenoticias.com.br\/\",\"name\":\"Jornal Fatos e Not\u00edcias\",\"description\":\"Not\u00edcias em geral\",\"publisher\":{\"@id\":\"https:\/\/jornalfatosenoticias.com.br\/#organization\"},\"potentialAction\":[{\"@type\":\"SearchAction\",\"target\":{\"@type\":\"EntryPoint\",\"urlTemplate\":\"https:\/\/jornalfatosenoticias.com.br\/?s={search_term_string}\"},\"query-input\":{\"@type\":\"PropertyValueSpecification\",\"valueRequired\":true,\"valueName\":\"search_term_string\"}}],\"inLanguage\":\"pt-BR\"},{\"@type\":\"Organization\",\"@id\":\"https:\/\/jornalfatosenoticias.com.br\/#organization\",\"name\":\"Jornal Fatos e Not\u00edcias\",\"url\":\"https:\/\/jornalfatosenoticias.com.br\/\",\"logo\":{\"@type\":\"ImageObject\",\"inLanguage\":\"pt-BR\",\"@id\":\"https:\/\/jornalfatosenoticias.com.br\/#\/schema\/logo\/image\/\",\"url\":\"https:\/\/jornalfatosenoticias.com.br\/wp-content\/uploads\/2020\/02\/logo120.png\",\"contentUrl\":\"https:\/\/jornalfatosenoticias.com.br\/wp-content\/uploads\/2020\/02\/logo120.png\",\"width\":1227,\"height\":120,\"caption\":\"Jornal Fatos e Not\u00edcias\"},\"image\":{\"@id\":\"https:\/\/jornalfatosenoticias.com.br\/#\/schema\/logo\/image\/\"}},{\"@type\":\"Person\",\"@id\":\"https:\/\/jornalfatosenoticias.com.br\/#\/schema\/person\/05c46cc25b42a5c27e004fb0fa6b4965\",\"name\":\"Haroldo Filho\",\"image\":{\"@type\":\"ImageObject\",\"inLanguage\":\"pt-BR\",\"@id\":\"https:\/\/jornalfatosenoticias.com.br\/#\/schema\/person\/image\/\",\"url\":\"https:\/\/jornalfatosenoticias.com.br\/wp-content\/uploads\/2025\/08\/WhatsApp-Image-2025-08-18-at-15.30.28-150x150.jpeg\",\"contentUrl\":\"https:\/\/jornalfatosenoticias.com.br\/wp-content\/uploads\/2025\/08\/WhatsApp-Image-2025-08-18-at-15.30.28-150x150.jpeg\",\"caption\":\"Haroldo Filho\"},\"description\":\"Jornalista \u2013 DRT: 0003818\/ES Coordenador-geral da ONG Educar para Crescer\",\"url\":\"https:\/\/jornalfatosenoticias.com.br\/index.php\/author\/haroldo\/\"}]}<\/script>\n<!-- \/ Yoast SEO plugin. -->","yoast_head_json":{"title":"A Semana no Brasil e no Mundo \u2014 Fraude bilion\u00e1ria no INSS: PF aponta envolvimento de parlamentares, diz O Globo - Jornal Fatos e Not\u00edcias","robots":{"index":"index","follow":"follow","max-snippet":"max-snippet:-1","max-image-preview":"max-image-preview:large","max-video-preview":"max-video-preview:-1"},"canonical":"https:\/\/jornalfatosenoticias.com.br\/index.php\/2025\/06\/05\/a-semana-no-brasil-e-no-mundo-fraude-bilionaria-no-inss-pf-aponta-envolvimento-de-parlamentares-diz-o-globo\/","og_locale":"pt_BR","og_type":"article","og_title":"A Semana no Brasil e no Mundo \u2014 Fraude bilion\u00e1ria no INSS: PF aponta envolvimento de parlamentares, diz O Globo - Jornal Fatos e Not\u00edcias","og_description":"As investiga\u00e7\u00f5es da Pol\u00edcia Federal sobre o esquema de descontos indevidos em aposentadorias e pens\u00f5es do INSS chegaram ao Supremo Tribunal Federal (STF) ap\u00f3s surgirem ind\u00edcios da participa\u00e7\u00e3o de deputados federais e senadores no caso. Trata-se de um desdobramento da Opera\u00e7\u00e3o Sem Desconto, que apura uma fraude estimada em R$ 6,5 bilh\u00f5es e j\u00e1 identificou [&hellip;]","og_url":"https:\/\/jornalfatosenoticias.com.br\/index.php\/2025\/06\/05\/a-semana-no-brasil-e-no-mundo-fraude-bilionaria-no-inss-pf-aponta-envolvimento-de-parlamentares-diz-o-globo\/","og_site_name":"Jornal Fatos e Not\u00edcias","article_published_time":"2025-06-05T18:46:52+00:00","article_modified_time":"2025-06-05T18:46:54+00:00","og_image":[{"width":780,"height":470,"url":"https:\/\/jornalfatosenoticias.com.br\/wp-content\/uploads\/2025\/06\/fraude-INSS_flickr.jpg","type":"image\/jpeg"}],"author":"Haroldo Filho","twitter_card":"summary_large_image","twitter_misc":{"Escrito por":"Haroldo Filho","Est. tempo de leitura":"9 minutos"},"schema":{"@context":"https:\/\/schema.org","@graph":[{"@type":"Article","@id":"https:\/\/jornalfatosenoticias.com.br\/index.php\/2025\/06\/05\/a-semana-no-brasil-e-no-mundo-fraude-bilionaria-no-inss-pf-aponta-envolvimento-de-parlamentares-diz-o-globo\/#article","isPartOf":{"@id":"https:\/\/jornalfatosenoticias.com.br\/index.php\/2025\/06\/05\/a-semana-no-brasil-e-no-mundo-fraude-bilionaria-no-inss-pf-aponta-envolvimento-de-parlamentares-diz-o-globo\/"},"author":{"name":"Haroldo Filho","@id":"https:\/\/jornalfatosenoticias.com.br\/#\/schema\/person\/05c46cc25b42a5c27e004fb0fa6b4965"},"headline":"A Semana no Brasil e no Mundo \u2014 Fraude bilion\u00e1ria no INSS: PF aponta envolvimento de parlamentares, diz O Globo","datePublished":"2025-06-05T18:46:52+00:00","dateModified":"2025-06-05T18:46:54+00:00","mainEntityOfPage":{"@id":"https:\/\/jornalfatosenoticias.com.br\/index.php\/2025\/06\/05\/a-semana-no-brasil-e-no-mundo-fraude-bilionaria-no-inss-pf-aponta-envolvimento-de-parlamentares-diz-o-globo\/"},"wordCount":1783,"commentCount":0,"publisher":{"@id":"https:\/\/jornalfatosenoticias.com.br\/#organization"},"image":{"@id":"https:\/\/jornalfatosenoticias.com.br\/index.php\/2025\/06\/05\/a-semana-no-brasil-e-no-mundo-fraude-bilionaria-no-inss-pf-aponta-envolvimento-de-parlamentares-diz-o-globo\/#primaryimage"},"thumbnailUrl":"https:\/\/jornalfatosenoticias.com.br\/wp-content\/uploads\/2025\/06\/fraude-INSS_flickr.jpg","keywords":["Alexandre de Moraes","Andr\u00e9 Mendon\u00e7a","Chico Rodrigues","fraude bilion\u00e1ria no INSS","Gaza","governo Lula","Hamas","Israel","Lava Jato","liberdade de express\u00e3o","Marco Rubio","Maria Elvira Salazar","Peru","regulamenta\u00e7\u00e3o das redes","senador dinheiro na cueca","STF","Washington Post"],"articleSection":["Pol\u00edtica"],"inLanguage":"pt-BR","potentialAction":[{"@type":"CommentAction","name":"Comment","target":["https:\/\/jornalfatosenoticias.com.br\/index.php\/2025\/06\/05\/a-semana-no-brasil-e-no-mundo-fraude-bilionaria-no-inss-pf-aponta-envolvimento-de-parlamentares-diz-o-globo\/#respond"]}]},{"@type":"WebPage","@id":"https:\/\/jornalfatosenoticias.com.br\/index.php\/2025\/06\/05\/a-semana-no-brasil-e-no-mundo-fraude-bilionaria-no-inss-pf-aponta-envolvimento-de-parlamentares-diz-o-globo\/","url":"https:\/\/jornalfatosenoticias.com.br\/index.php\/2025\/06\/05\/a-semana-no-brasil-e-no-mundo-fraude-bilionaria-no-inss-pf-aponta-envolvimento-de-parlamentares-diz-o-globo\/","name":"A Semana no Brasil e no Mundo \u2014 Fraude bilion\u00e1ria no INSS: PF aponta envolvimento de parlamentares, diz O Globo - Jornal Fatos e Not\u00edcias","isPartOf":{"@id":"https:\/\/jornalfatosenoticias.com.br\/#website"},"primaryImageOfPage":{"@id":"https:\/\/jornalfatosenoticias.com.br\/index.php\/2025\/06\/05\/a-semana-no-brasil-e-no-mundo-fraude-bilionaria-no-inss-pf-aponta-envolvimento-de-parlamentares-diz-o-globo\/#primaryimage"},"image":{"@id":"https:\/\/jornalfatosenoticias.com.br\/index.php\/2025\/06\/05\/a-semana-no-brasil-e-no-mundo-fraude-bilionaria-no-inss-pf-aponta-envolvimento-de-parlamentares-diz-o-globo\/#primaryimage"},"thumbnailUrl":"https:\/\/jornalfatosenoticias.com.br\/wp-content\/uploads\/2025\/06\/fraude-INSS_flickr.jpg","datePublished":"2025-06-05T18:46:52+00:00","dateModified":"2025-06-05T18:46:54+00:00","breadcrumb":{"@id":"https:\/\/jornalfatosenoticias.com.br\/index.php\/2025\/06\/05\/a-semana-no-brasil-e-no-mundo-fraude-bilionaria-no-inss-pf-aponta-envolvimento-de-parlamentares-diz-o-globo\/#breadcrumb"},"inLanguage":"pt-BR","potentialAction":[{"@type":"ReadAction","target":["https:\/\/jornalfatosenoticias.com.br\/index.php\/2025\/06\/05\/a-semana-no-brasil-e-no-mundo-fraude-bilionaria-no-inss-pf-aponta-envolvimento-de-parlamentares-diz-o-globo\/"]}]},{"@type":"ImageObject","inLanguage":"pt-BR","@id":"https:\/\/jornalfatosenoticias.com.br\/index.php\/2025\/06\/05\/a-semana-no-brasil-e-no-mundo-fraude-bilionaria-no-inss-pf-aponta-envolvimento-de-parlamentares-diz-o-globo\/#primaryimage","url":"https:\/\/jornalfatosenoticias.com.br\/wp-content\/uploads\/2025\/06\/fraude-INSS_flickr.jpg","contentUrl":"https:\/\/jornalfatosenoticias.com.br\/wp-content\/uploads\/2025\/06\/fraude-INSS_flickr.jpg","width":780,"height":470},{"@type":"BreadcrumbList","@id":"https:\/\/jornalfatosenoticias.com.br\/index.php\/2025\/06\/05\/a-semana-no-brasil-e-no-mundo-fraude-bilionaria-no-inss-pf-aponta-envolvimento-de-parlamentares-diz-o-globo\/#breadcrumb","itemListElement":[{"@type":"ListItem","position":1,"name":"In\u00edcio","item":"https:\/\/jornalfatosenoticias.com.br\/"},{"@type":"ListItem","position":2,"name":"A Semana no Brasil e no Mundo \u2014 Fraude bilion\u00e1ria no INSS: PF aponta envolvimento de parlamentares, diz O Globo"}]},{"@type":"WebSite","@id":"https:\/\/jornalfatosenoticias.com.br\/#website","url":"https:\/\/jornalfatosenoticias.com.br\/","name":"Jornal Fatos e Not\u00edcias","description":"Not\u00edcias em geral","publisher":{"@id":"https:\/\/jornalfatosenoticias.com.br\/#organization"},"potentialAction":[{"@type":"SearchAction","target":{"@type":"EntryPoint","urlTemplate":"https:\/\/jornalfatosenoticias.com.br\/?s={search_term_string}"},"query-input":{"@type":"PropertyValueSpecification","valueRequired":true,"valueName":"search_term_string"}}],"inLanguage":"pt-BR"},{"@type":"Organization","@id":"https:\/\/jornalfatosenoticias.com.br\/#organization","name":"Jornal Fatos e Not\u00edcias","url":"https:\/\/jornalfatosenoticias.com.br\/","logo":{"@type":"ImageObject","inLanguage":"pt-BR","@id":"https:\/\/jornalfatosenoticias.com.br\/#\/schema\/logo\/image\/","url":"https:\/\/jornalfatosenoticias.com.br\/wp-content\/uploads\/2020\/02\/logo120.png","contentUrl":"https:\/\/jornalfatosenoticias.com.br\/wp-content\/uploads\/2020\/02\/logo120.png","width":1227,"height":120,"caption":"Jornal Fatos e Not\u00edcias"},"image":{"@id":"https:\/\/jornalfatosenoticias.com.br\/#\/schema\/logo\/image\/"}},{"@type":"Person","@id":"https:\/\/jornalfatosenoticias.com.br\/#\/schema\/person\/05c46cc25b42a5c27e004fb0fa6b4965","name":"Haroldo Filho","image":{"@type":"ImageObject","inLanguage":"pt-BR","@id":"https:\/\/jornalfatosenoticias.com.br\/#\/schema\/person\/image\/","url":"https:\/\/jornalfatosenoticias.com.br\/wp-content\/uploads\/2025\/08\/WhatsApp-Image-2025-08-18-at-15.30.28-150x150.jpeg","contentUrl":"https:\/\/jornalfatosenoticias.com.br\/wp-content\/uploads\/2025\/08\/WhatsApp-Image-2025-08-18-at-15.30.28-150x150.jpeg","caption":"Haroldo Filho"},"description":"Jornalista \u2013 DRT: 0003818\/ES Coordenador-geral da ONG Educar para Crescer","url":"https:\/\/jornalfatosenoticias.com.br\/index.php\/author\/haroldo\/"}]}},"cc_featured_image_caption":{"caption_text":"(Foto: Flickr) ","source_text":"","source_url":""},"jetpack_featured_media_url":"https:\/\/jornalfatosenoticias.com.br\/wp-content\/uploads\/2025\/06\/fraude-INSS_flickr.jpg","_links":{"self":[{"href":"https:\/\/jornalfatosenoticias.com.br\/index.php\/wp-json\/wp\/v2\/posts\/59700","targetHints":{"allow":["GET"]}}],"collection":[{"href":"https:\/\/jornalfatosenoticias.com.br\/index.php\/wp-json\/wp\/v2\/posts"}],"about":[{"href":"https:\/\/jornalfatosenoticias.com.br\/index.php\/wp-json\/wp\/v2\/types\/post"}],"author":[{"embeddable":true,"href":"https:\/\/jornalfatosenoticias.com.br\/index.php\/wp-json\/wp\/v2\/users\/3"}],"replies":[{"embeddable":true,"href":"https:\/\/jornalfatosenoticias.com.br\/index.php\/wp-json\/wp\/v2\/comments?post=59700"}],"version-history":[{"count":0,"href":"https:\/\/jornalfatosenoticias.com.br\/index.php\/wp-json\/wp\/v2\/posts\/59700\/revisions"}],"wp:featuredmedia":[{"embeddable":true,"href":"https:\/\/jornalfatosenoticias.com.br\/index.php\/wp-json\/wp\/v2\/media\/59706"}],"wp:attachment":[{"href":"https:\/\/jornalfatosenoticias.com.br\/index.php\/wp-json\/wp\/v2\/media?parent=59700"}],"wp:term":[{"taxonomy":"category","embeddable":true,"href":"https:\/\/jornalfatosenoticias.com.br\/index.php\/wp-json\/wp\/v2\/categories?post=59700"},{"taxonomy":"post_tag","embeddable":true,"href":"https:\/\/jornalfatosenoticias.com.br\/index.php\/wp-json\/wp\/v2\/tags?post=59700"}],"curies":[{"name":"wp","href":"https:\/\/api.w.org\/{rel}","templated":true}]}}