{"id":59732,"date":"2025-06-05T19:08:45","date_gmt":"2025-06-05T22:08:45","guid":{"rendered":"https:\/\/jornalfatosenoticias.com.br\/?p=59732"},"modified":"2025-07-10T18:02:42","modified_gmt":"2025-07-10T21:02:42","slug":"devocional-do-dia-batismo-no-espirito","status":"publish","type":"post","link":"https:\/\/jornalfatosenoticias.com.br\/index.php\/2025\/06\/05\/devocional-do-dia-batismo-no-espirito\/","title":{"rendered":"Devocional do Dia \u2014 batismo no Esp\u00edrito"},"content":{"rendered":"\n<p><em><span class=\"has-inline-color has-black-color\">\u2018Pois, em um s\u00f3 Esp\u00edrito, todos n\u00f3s fomos batizados em um corpo, quer judeus, quer gregos, quer escravos, quer livres. E a todos n\u00f3s foi dado beber de um s\u00f3 Esp\u00edrito&#8217;, 1 Cor\u00edntios 12:13<\/span><\/em><\/p>\n\n\n\n<p><span class=\"has-inline-color has-black-color\">Por&nbsp;<\/span><strong><a href=\"https:\/\/jornalfatosenoticias.com.br\/index.php\/2024\/10\/18\/devocional-do-dia-o-valor-do-reino-dos-ceus\/\">Pastora Luciene da Silva Cordeiro<\/a><\/strong><\/p>\n\n\n\n<div class=\"wp-block-image is-style-rounded\"><figure class=\"alignleft size-large\"><img loading=\"lazy\" decoding=\"async\" width=\"119\" height=\"169\" src=\"https:\/\/jornalfatosenoticias.com.br\/wp-content\/uploads\/2024\/12\/DSCN0183-removebg-preview-e1733445820576.png\" alt=\"\" class=\"wp-image-56191\"\/><\/figure><\/div>\n\n\n\n<p>Depois de sermos regenerados pelo Esp\u00edrito, somos batizados com o Esp\u00edrito Santo da promessa. Este batismo no Esp\u00edrito n\u00e3o \u00e9 algo que devemos buscar ou receber depois da nossa regenera\u00e7\u00e3o. N\u00e3o \u00e9 algo aparte do nascimento do Esp\u00edrito. Este batismo nada mais \u00e9 do que o Esp\u00edrito nos colocando como um membro do Corpo de Cristo.<br><strong>ORA\u00c7\u00c3O:<\/strong> Obrigado Senhor por ter enviado o Esp\u00edrito Santo, e por ter me colocado como membro do Corpo de Cristo. Ajuda-me a reconhecer qual o dom que o Senhor tem me dado, para que eu possa cumprir meu papel no Corpo de Cristo. Eu oro em nome de Jesus. Am\u00e9m!<br>Baixe voc\u00ea tamb\u00e9m a B\u00edblia Sagrada do Crist\u00e3o&nbsp;<strong><a href=\"https:\/\/play.google.com\/store\/apps\/details?id=com.harpacristagratuitaportuguesbrmasterfiveapps\">https:\/\/goo.gl\/2icbB6<\/a><\/strong>.<\/p>\n\n\n\n<div class=\"wp-block-image\"><figure class=\"aligncenter size-large is-resized\"><a href=\"https:\/\/www.ithbrasil.com.br\/\"><img loading=\"lazy\" decoding=\"async\" src=\"https:\/\/jornalfatosenoticias.com.br\/wp-content\/uploads\/2023\/08\/ITH.jpeg\" alt=\"\" class=\"wp-image-44638\" width=\"273\" height=\"222\" srcset=\"https:\/\/jornalfatosenoticias.com.br\/wp-content\/uploads\/2023\/08\/ITH.jpeg 800w, https:\/\/jornalfatosenoticias.com.br\/wp-content\/uploads\/2023\/08\/ITH-300x244.jpeg 300w, https:\/\/jornalfatosenoticias.com.br\/wp-content\/uploads\/2023\/08\/ITH-768x624.jpeg 768w\" sizes=\"auto, (max-width: 273px) 100vw, 273px\" \/><\/a><\/figure><\/div>\n\n\n\n<p><strong><span class=\"has-inline-color has-black-color\">Pastora Luciene da Silva Cordeiro<br><\/span><\/strong><em><span class=\"has-inline-color has-black-color\">Igreja Minist\u00e9rio Mission\u00e1rio de Intercess\u00e3o a Servi\u00e7o do Reino de Deus<\/span><\/em><\/p>\n","protected":false},"excerpt":{"rendered":"<p>\u2018Pois, em um s\u00f3 Esp\u00edrito, todos n\u00f3s fomos batizados em um corpo, quer judeus, quer gregos, quer escravos, quer livres. E a todos n\u00f3s foi dado beber de um s\u00f3 Esp\u00edrito&#8217;, 1 Cor\u00edntios 12:13 Por&nbsp;Pastora Luciene da Silva Cordeiro Depois de sermos regenerados pelo Esp\u00edrito, somos batizados com o Esp\u00edrito Santo da promessa. Este batismo [&hellip;]<\/p>\n","protected":false},"author":40,"featured_media":59733,"comment_status":"open","ping_status":"open","sticky":false,"template":"","format":"standard","meta":{"footnotes":""},"categories":[21140],"tags":[25271,27283,27284,100],"class_list":["post-59732","post","type-post","status-publish","format-standard","has-post-thumbnail","hentry","category-religiao","tag-batismo","tag-batismo-no-espirito","tag-corpo-de-cristo","tag-espirito-santo"],"yoast_head":"<!-- This site is optimized with the Yoast SEO plugin v26.5 - https:\/\/yoast.com\/wordpress\/plugins\/seo\/ -->\n<title>Devocional do Dia \u2014 batismo no Esp\u00edrito - Jornal Fatos e Not\u00edcias<\/title>\n<meta name=\"robots\" content=\"index, follow, max-snippet:-1, max-image-preview:large, max-video-preview:-1\" \/>\n<link rel=\"canonical\" href=\"https:\/\/jornalfatosenoticias.com.br\/index.php\/2025\/06\/05\/devocional-do-dia-batismo-no-espirito\/\" \/>\n<meta property=\"og:locale\" content=\"pt_BR\" \/>\n<meta property=\"og:type\" content=\"article\" \/>\n<meta property=\"og:title\" content=\"Devocional do Dia \u2014 batismo no Esp\u00edrito - Jornal Fatos e Not\u00edcias\" \/>\n<meta property=\"og:description\" content=\"\u2018Pois, em um s\u00f3 Esp\u00edrito, todos n\u00f3s fomos batizados em um corpo, quer judeus, quer gregos, quer escravos, quer livres. E a todos n\u00f3s foi dado beber de um s\u00f3 Esp\u00edrito&#8217;, 1 Cor\u00edntios 12:13 Por&nbsp;Pastora Luciene da Silva Cordeiro Depois de sermos regenerados pelo Esp\u00edrito, somos batizados com o Esp\u00edrito Santo da promessa. Este batismo [&hellip;]\" \/>\n<meta property=\"og:url\" content=\"https:\/\/jornalfatosenoticias.com.br\/index.php\/2025\/06\/05\/devocional-do-dia-batismo-no-espirito\/\" \/>\n<meta property=\"og:site_name\" content=\"Jornal Fatos e Not\u00edcias\" \/>\n<meta property=\"article:published_time\" content=\"2025-06-05T22:08:45+00:00\" \/>\n<meta property=\"article:modified_time\" content=\"2025-07-10T21:02:42+00:00\" \/>\n<meta property=\"og:image\" content=\"https:\/\/jornalfatosenoticias.com.br\/wp-content\/uploads\/2025\/06\/DEVOCIONAL_PINTEREST.jpg\" \/>\n\t<meta property=\"og:image:width\" content=\"1000\" \/>\n\t<meta property=\"og:image:height\" content=\"562\" \/>\n\t<meta property=\"og:image:type\" content=\"image\/jpeg\" \/>\n<meta name=\"author\" content=\"Luciene Cordeiro\" \/>\n<meta name=\"twitter:card\" content=\"summary_large_image\" \/>\n<meta name=\"twitter:label1\" content=\"Escrito por\" \/>\n\t<meta name=\"twitter:data1\" content=\"Luciene Cordeiro\" \/>\n\t<meta name=\"twitter:label2\" content=\"Est. tempo de leitura\" \/>\n\t<meta name=\"twitter:data2\" content=\"1 minuto\" \/>\n<script type=\"application\/ld+json\" class=\"yoast-schema-graph\">{\"@context\":\"https:\/\/schema.org\",\"@graph\":[{\"@type\":\"Article\",\"@id\":\"https:\/\/jornalfatosenoticias.com.br\/index.php\/2025\/06\/05\/devocional-do-dia-batismo-no-espirito\/#article\",\"isPartOf\":{\"@id\":\"https:\/\/jornalfatosenoticias.com.br\/index.php\/2025\/06\/05\/devocional-do-dia-batismo-no-espirito\/\"},\"author\":{\"name\":\"Luciene Cordeiro\",\"@id\":\"https:\/\/jornalfatosenoticias.com.br\/#\/schema\/person\/8275f6d2f10c1e6d8cba9e6304291ee1\"},\"headline\":\"Devocional do Dia \u2014 batismo no Esp\u00edrito\",\"datePublished\":\"2025-06-05T22:08:45+00:00\",\"dateModified\":\"2025-07-10T21:02:42+00:00\",\"mainEntityOfPage\":{\"@id\":\"https:\/\/jornalfatosenoticias.com.br\/index.php\/2025\/06\/05\/devocional-do-dia-batismo-no-espirito\/\"},\"wordCount\":201,\"commentCount\":0,\"publisher\":{\"@id\":\"https:\/\/jornalfatosenoticias.com.br\/#organization\"},\"image\":{\"@id\":\"https:\/\/jornalfatosenoticias.com.br\/index.php\/2025\/06\/05\/devocional-do-dia-batismo-no-espirito\/#primaryimage\"},\"thumbnailUrl\":\"https:\/\/jornalfatosenoticias.com.br\/wp-content\/uploads\/2025\/06\/DEVOCIONAL_PINTEREST.jpg\",\"keywords\":[\"batismo\",\"batismo no Esp\u00edrito\",\"Corpo de Cristo\",\"Esp\u00edrito Santo\"],\"articleSection\":[\"Religi\u00e3o\"],\"inLanguage\":\"pt-BR\",\"potentialAction\":[{\"@type\":\"CommentAction\",\"name\":\"Comment\",\"target\":[\"https:\/\/jornalfatosenoticias.com.br\/index.php\/2025\/06\/05\/devocional-do-dia-batismo-no-espirito\/#respond\"]}]},{\"@type\":\"WebPage\",\"@id\":\"https:\/\/jornalfatosenoticias.com.br\/index.php\/2025\/06\/05\/devocional-do-dia-batismo-no-espirito\/\",\"url\":\"https:\/\/jornalfatosenoticias.com.br\/index.php\/2025\/06\/05\/devocional-do-dia-batismo-no-espirito\/\",\"name\":\"Devocional do Dia \u2014 batismo no Esp\u00edrito - Jornal Fatos e Not\u00edcias\",\"isPartOf\":{\"@id\":\"https:\/\/jornalfatosenoticias.com.br\/#website\"},\"primaryImageOfPage\":{\"@id\":\"https:\/\/jornalfatosenoticias.com.br\/index.php\/2025\/06\/05\/devocional-do-dia-batismo-no-espirito\/#primaryimage\"},\"image\":{\"@id\":\"https:\/\/jornalfatosenoticias.com.br\/index.php\/2025\/06\/05\/devocional-do-dia-batismo-no-espirito\/#primaryimage\"},\"thumbnailUrl\":\"https:\/\/jornalfatosenoticias.com.br\/wp-content\/uploads\/2025\/06\/DEVOCIONAL_PINTEREST.jpg\",\"datePublished\":\"2025-06-05T22:08:45+00:00\",\"dateModified\":\"2025-07-10T21:02:42+00:00\",\"breadcrumb\":{\"@id\":\"https:\/\/jornalfatosenoticias.com.br\/index.php\/2025\/06\/05\/devocional-do-dia-batismo-no-espirito\/#breadcrumb\"},\"inLanguage\":\"pt-BR\",\"potentialAction\":[{\"@type\":\"ReadAction\",\"target\":[\"https:\/\/jornalfatosenoticias.com.br\/index.php\/2025\/06\/05\/devocional-do-dia-batismo-no-espirito\/\"]}]},{\"@type\":\"ImageObject\",\"inLanguage\":\"pt-BR\",\"@id\":\"https:\/\/jornalfatosenoticias.com.br\/index.php\/2025\/06\/05\/devocional-do-dia-batismo-no-espirito\/#primaryimage\",\"url\":\"https:\/\/jornalfatosenoticias.com.br\/wp-content\/uploads\/2025\/06\/DEVOCIONAL_PINTEREST.jpg\",\"contentUrl\":\"https:\/\/jornalfatosenoticias.com.br\/wp-content\/uploads\/2025\/06\/DEVOCIONAL_PINTEREST.jpg\",\"width\":1000,\"height\":562},{\"@type\":\"BreadcrumbList\",\"@id\":\"https:\/\/jornalfatosenoticias.com.br\/index.php\/2025\/06\/05\/devocional-do-dia-batismo-no-espirito\/#breadcrumb\",\"itemListElement\":[{\"@type\":\"ListItem\",\"position\":1,\"name\":\"In\u00edcio\",\"item\":\"https:\/\/jornalfatosenoticias.com.br\/\"},{\"@type\":\"ListItem\",\"position\":2,\"name\":\"Devocional do Dia \u2014 batismo no Esp\u00edrito\"}]},{\"@type\":\"WebSite\",\"@id\":\"https:\/\/jornalfatosenoticias.com.br\/#website\",\"url\":\"https:\/\/jornalfatosenoticias.com.br\/\",\"name\":\"Jornal Fatos e Not\u00edcias\",\"description\":\"Not\u00edcias em geral\",\"publisher\":{\"@id\":\"https:\/\/jornalfatosenoticias.com.br\/#organization\"},\"potentialAction\":[{\"@type\":\"SearchAction\",\"target\":{\"@type\":\"EntryPoint\",\"urlTemplate\":\"https:\/\/jornalfatosenoticias.com.br\/?s={search_term_string}\"},\"query-input\":{\"@type\":\"PropertyValueSpecification\",\"valueRequired\":true,\"valueName\":\"search_term_string\"}}],\"inLanguage\":\"pt-BR\"},{\"@type\":\"Organization\",\"@id\":\"https:\/\/jornalfatosenoticias.com.br\/#organization\",\"name\":\"Jornal Fatos e Not\u00edcias\",\"url\":\"https:\/\/jornalfatosenoticias.com.br\/\",\"logo\":{\"@type\":\"ImageObject\",\"inLanguage\":\"pt-BR\",\"@id\":\"https:\/\/jornalfatosenoticias.com.br\/#\/schema\/logo\/image\/\",\"url\":\"https:\/\/jornalfatosenoticias.com.br\/wp-content\/uploads\/2020\/02\/logo120.png\",\"contentUrl\":\"https:\/\/jornalfatosenoticias.com.br\/wp-content\/uploads\/2020\/02\/logo120.png\",\"width\":1227,\"height\":120,\"caption\":\"Jornal Fatos e Not\u00edcias\"},\"image\":{\"@id\":\"https:\/\/jornalfatosenoticias.com.br\/#\/schema\/logo\/image\/\"}},{\"@type\":\"Person\",\"@id\":\"https:\/\/jornalfatosenoticias.com.br\/#\/schema\/person\/8275f6d2f10c1e6d8cba9e6304291ee1\",\"name\":\"Luciene Cordeiro\",\"image\":{\"@type\":\"ImageObject\",\"inLanguage\":\"pt-BR\",\"@id\":\"https:\/\/jornalfatosenoticias.com.br\/#\/schema\/person\/image\/\",\"url\":\"https:\/\/jornalfatosenoticias.com.br\/wp-content\/uploads\/2025\/06\/Pra.-Luciene_portal-120x150.jpg\",\"contentUrl\":\"https:\/\/jornalfatosenoticias.com.br\/wp-content\/uploads\/2025\/06\/Pra.-Luciene_portal-120x150.jpg\",\"caption\":\"Luciene Cordeiro\"},\"description\":\"Pastora Luciene da Silva Cordeiro Igreja Minist\u00e9rio Mission\u00e1rio de Intercess\u00e3o a Servi\u00e7o do Reino de Deus\",\"url\":\"https:\/\/jornalfatosenoticias.com.br\/index.php\/author\/luciene\/\"}]}<\/script>\n<!-- \/ Yoast SEO plugin. -->","yoast_head_json":{"title":"Devocional do Dia \u2014 batismo no Esp\u00edrito - Jornal Fatos e Not\u00edcias","robots":{"index":"index","follow":"follow","max-snippet":"max-snippet:-1","max-image-preview":"max-image-preview:large","max-video-preview":"max-video-preview:-1"},"canonical":"https:\/\/jornalfatosenoticias.com.br\/index.php\/2025\/06\/05\/devocional-do-dia-batismo-no-espirito\/","og_locale":"pt_BR","og_type":"article","og_title":"Devocional do Dia \u2014 batismo no Esp\u00edrito - Jornal Fatos e Not\u00edcias","og_description":"\u2018Pois, em um s\u00f3 Esp\u00edrito, todos n\u00f3s fomos batizados em um corpo, quer judeus, quer gregos, quer escravos, quer livres. E a todos n\u00f3s foi dado beber de um s\u00f3 Esp\u00edrito&#8217;, 1 Cor\u00edntios 12:13 Por&nbsp;Pastora Luciene da Silva Cordeiro Depois de sermos regenerados pelo Esp\u00edrito, somos batizados com o Esp\u00edrito Santo da promessa. Este batismo [&hellip;]","og_url":"https:\/\/jornalfatosenoticias.com.br\/index.php\/2025\/06\/05\/devocional-do-dia-batismo-no-espirito\/","og_site_name":"Jornal Fatos e Not\u00edcias","article_published_time":"2025-06-05T22:08:45+00:00","article_modified_time":"2025-07-10T21:02:42+00:00","og_image":[{"width":1000,"height":562,"url":"https:\/\/jornalfatosenoticias.com.br\/wp-content\/uploads\/2025\/06\/DEVOCIONAL_PINTEREST.jpg","type":"image\/jpeg"}],"author":"Luciene Cordeiro","twitter_card":"summary_large_image","twitter_misc":{"Escrito por":"Luciene Cordeiro","Est. tempo de leitura":"1 minuto"},"schema":{"@context":"https:\/\/schema.org","@graph":[{"@type":"Article","@id":"https:\/\/jornalfatosenoticias.com.br\/index.php\/2025\/06\/05\/devocional-do-dia-batismo-no-espirito\/#article","isPartOf":{"@id":"https:\/\/jornalfatosenoticias.com.br\/index.php\/2025\/06\/05\/devocional-do-dia-batismo-no-espirito\/"},"author":{"name":"Luciene Cordeiro","@id":"https:\/\/jornalfatosenoticias.com.br\/#\/schema\/person\/8275f6d2f10c1e6d8cba9e6304291ee1"},"headline":"Devocional do Dia \u2014 batismo no Esp\u00edrito","datePublished":"2025-06-05T22:08:45+00:00","dateModified":"2025-07-10T21:02:42+00:00","mainEntityOfPage":{"@id":"https:\/\/jornalfatosenoticias.com.br\/index.php\/2025\/06\/05\/devocional-do-dia-batismo-no-espirito\/"},"wordCount":201,"commentCount":0,"publisher":{"@id":"https:\/\/jornalfatosenoticias.com.br\/#organization"},"image":{"@id":"https:\/\/jornalfatosenoticias.com.br\/index.php\/2025\/06\/05\/devocional-do-dia-batismo-no-espirito\/#primaryimage"},"thumbnailUrl":"https:\/\/jornalfatosenoticias.com.br\/wp-content\/uploads\/2025\/06\/DEVOCIONAL_PINTEREST.jpg","keywords":["batismo","batismo no Esp\u00edrito","Corpo de Cristo","Esp\u00edrito Santo"],"articleSection":["Religi\u00e3o"],"inLanguage":"pt-BR","potentialAction":[{"@type":"CommentAction","name":"Comment","target":["https:\/\/jornalfatosenoticias.com.br\/index.php\/2025\/06\/05\/devocional-do-dia-batismo-no-espirito\/#respond"]}]},{"@type":"WebPage","@id":"https:\/\/jornalfatosenoticias.com.br\/index.php\/2025\/06\/05\/devocional-do-dia-batismo-no-espirito\/","url":"https:\/\/jornalfatosenoticias.com.br\/index.php\/2025\/06\/05\/devocional-do-dia-batismo-no-espirito\/","name":"Devocional do Dia \u2014 batismo no Esp\u00edrito - Jornal Fatos e Not\u00edcias","isPartOf":{"@id":"https:\/\/jornalfatosenoticias.com.br\/#website"},"primaryImageOfPage":{"@id":"https:\/\/jornalfatosenoticias.com.br\/index.php\/2025\/06\/05\/devocional-do-dia-batismo-no-espirito\/#primaryimage"},"image":{"@id":"https:\/\/jornalfatosenoticias.com.br\/index.php\/2025\/06\/05\/devocional-do-dia-batismo-no-espirito\/#primaryimage"},"thumbnailUrl":"https:\/\/jornalfatosenoticias.com.br\/wp-content\/uploads\/2025\/06\/DEVOCIONAL_PINTEREST.jpg","datePublished":"2025-06-05T22:08:45+00:00","dateModified":"2025-07-10T21:02:42+00:00","breadcrumb":{"@id":"https:\/\/jornalfatosenoticias.com.br\/index.php\/2025\/06\/05\/devocional-do-dia-batismo-no-espirito\/#breadcrumb"},"inLanguage":"pt-BR","potentialAction":[{"@type":"ReadAction","target":["https:\/\/jornalfatosenoticias.com.br\/index.php\/2025\/06\/05\/devocional-do-dia-batismo-no-espirito\/"]}]},{"@type":"ImageObject","inLanguage":"pt-BR","@id":"https:\/\/jornalfatosenoticias.com.br\/index.php\/2025\/06\/05\/devocional-do-dia-batismo-no-espirito\/#primaryimage","url":"https:\/\/jornalfatosenoticias.com.br\/wp-content\/uploads\/2025\/06\/DEVOCIONAL_PINTEREST.jpg","contentUrl":"https:\/\/jornalfatosenoticias.com.br\/wp-content\/uploads\/2025\/06\/DEVOCIONAL_PINTEREST.jpg","width":1000,"height":562},{"@type":"BreadcrumbList","@id":"https:\/\/jornalfatosenoticias.com.br\/index.php\/2025\/06\/05\/devocional-do-dia-batismo-no-espirito\/#breadcrumb","itemListElement":[{"@type":"ListItem","position":1,"name":"In\u00edcio","item":"https:\/\/jornalfatosenoticias.com.br\/"},{"@type":"ListItem","position":2,"name":"Devocional do Dia \u2014 batismo no Esp\u00edrito"}]},{"@type":"WebSite","@id":"https:\/\/jornalfatosenoticias.com.br\/#website","url":"https:\/\/jornalfatosenoticias.com.br\/","name":"Jornal Fatos e Not\u00edcias","description":"Not\u00edcias em geral","publisher":{"@id":"https:\/\/jornalfatosenoticias.com.br\/#organization"},"potentialAction":[{"@type":"SearchAction","target":{"@type":"EntryPoint","urlTemplate":"https:\/\/jornalfatosenoticias.com.br\/?s={search_term_string}"},"query-input":{"@type":"PropertyValueSpecification","valueRequired":true,"valueName":"search_term_string"}}],"inLanguage":"pt-BR"},{"@type":"Organization","@id":"https:\/\/jornalfatosenoticias.com.br\/#organization","name":"Jornal Fatos e Not\u00edcias","url":"https:\/\/jornalfatosenoticias.com.br\/","logo":{"@type":"ImageObject","inLanguage":"pt-BR","@id":"https:\/\/jornalfatosenoticias.com.br\/#\/schema\/logo\/image\/","url":"https:\/\/jornalfatosenoticias.com.br\/wp-content\/uploads\/2020\/02\/logo120.png","contentUrl":"https:\/\/jornalfatosenoticias.com.br\/wp-content\/uploads\/2020\/02\/logo120.png","width":1227,"height":120,"caption":"Jornal Fatos e Not\u00edcias"},"image":{"@id":"https:\/\/jornalfatosenoticias.com.br\/#\/schema\/logo\/image\/"}},{"@type":"Person","@id":"https:\/\/jornalfatosenoticias.com.br\/#\/schema\/person\/8275f6d2f10c1e6d8cba9e6304291ee1","name":"Luciene Cordeiro","image":{"@type":"ImageObject","inLanguage":"pt-BR","@id":"https:\/\/jornalfatosenoticias.com.br\/#\/schema\/person\/image\/","url":"https:\/\/jornalfatosenoticias.com.br\/wp-content\/uploads\/2025\/06\/Pra.-Luciene_portal-120x150.jpg","contentUrl":"https:\/\/jornalfatosenoticias.com.br\/wp-content\/uploads\/2025\/06\/Pra.-Luciene_portal-120x150.jpg","caption":"Luciene Cordeiro"},"description":"Pastora Luciene da Silva Cordeiro Igreja Minist\u00e9rio Mission\u00e1rio de Intercess\u00e3o a Servi\u00e7o do Reino de Deus","url":"https:\/\/jornalfatosenoticias.com.br\/index.php\/author\/luciene\/"}]}},"cc_featured_image_caption":{"caption_text":"(Foto: Pinterest) ","source_text":"","source_url":""},"jetpack_featured_media_url":"https:\/\/jornalfatosenoticias.com.br\/wp-content\/uploads\/2025\/06\/DEVOCIONAL_PINTEREST.jpg","_links":{"self":[{"href":"https:\/\/jornalfatosenoticias.com.br\/index.php\/wp-json\/wp\/v2\/posts\/59732","targetHints":{"allow":["GET"]}}],"collection":[{"href":"https:\/\/jornalfatosenoticias.com.br\/index.php\/wp-json\/wp\/v2\/posts"}],"about":[{"href":"https:\/\/jornalfatosenoticias.com.br\/index.php\/wp-json\/wp\/v2\/types\/post"}],"author":[{"embeddable":true,"href":"https:\/\/jornalfatosenoticias.com.br\/index.php\/wp-json\/wp\/v2\/users\/40"}],"replies":[{"embeddable":true,"href":"https:\/\/jornalfatosenoticias.com.br\/index.php\/wp-json\/wp\/v2\/comments?post=59732"}],"version-history":[{"count":0,"href":"https:\/\/jornalfatosenoticias.com.br\/index.php\/wp-json\/wp\/v2\/posts\/59732\/revisions"}],"wp:featuredmedia":[{"embeddable":true,"href":"https:\/\/jornalfatosenoticias.com.br\/index.php\/wp-json\/wp\/v2\/media\/59733"}],"wp:attachment":[{"href":"https:\/\/jornalfatosenoticias.com.br\/index.php\/wp-json\/wp\/v2\/media?parent=59732"}],"wp:term":[{"taxonomy":"category","embeddable":true,"href":"https:\/\/jornalfatosenoticias.com.br\/index.php\/wp-json\/wp\/v2\/categories?post=59732"},{"taxonomy":"post_tag","embeddable":true,"href":"https:\/\/jornalfatosenoticias.com.br\/index.php\/wp-json\/wp\/v2\/tags?post=59732"}],"curies":[{"name":"wp","href":"https:\/\/api.w.org\/{rel}","templated":true}]}}