{"id":59735,"date":"2025-06-05T19:26:04","date_gmt":"2025-06-05T22:26:04","guid":{"rendered":"https:\/\/jornalfatosenoticias.com.br\/?p=59735"},"modified":"2025-06-05T19:26:15","modified_gmt":"2025-06-05T22:26:15","slug":"93-anos-em-obras-os-investimentos-bilionarios-na-interminavel-br-156","status":"publish","type":"post","link":"https:\/\/jornalfatosenoticias.com.br\/index.php\/2025\/06\/05\/93-anos-em-obras-os-investimentos-bilionarios-na-interminavel-br-156\/","title":{"rendered":"93 anos em obras, os investimentos bilion\u00e1rios na intermin\u00e1vel BR-156"},"content":{"rendered":"\n<p><em><span class=\"has-inline-color has-black-color\">A obra mais antiga do Brasil ainda em andamento: 93 anos de investimentos bilion\u00e1rios, enrola\u00e7\u00e3o e preju\u00edzo<\/span><\/em><\/p>\n\n\n\n<p><span class=\"has-inline-color has-black-color\">Por <strong><a href=\"https:\/\/clickpetroleoegas.com.br\/author\/flaviamarinho\/\">Flavia Marinho<\/a><\/strong><\/span><\/p>\n\n\n\n<div class=\"wp-block-image\"><figure class=\"aligncenter size-large\"><a href=\"https:\/\/mizu.com.br\/\"><img loading=\"lazy\" decoding=\"async\" width=\"729\" height=\"90\" src=\"https:\/\/jornalfatosenoticias.com.br\/wp-content\/uploads\/2020\/02\/Logo_Mizu.png\" alt=\"\" class=\"wp-image-1441\" srcset=\"https:\/\/jornalfatosenoticias.com.br\/wp-content\/uploads\/2020\/02\/Logo_Mizu.png 729w, https:\/\/jornalfatosenoticias.com.br\/wp-content\/uploads\/2020\/02\/Logo_Mizu-300x37.png 300w\" sizes=\"auto, (max-width: 729px) 100vw, 729px\" \/><\/a><\/figure><\/div>\n\n\n\n<p>Imagine viver em um estado onde a principal rodovia que liga a capital \u00e0 fronteira internacional est\u00e1 em obras h\u00e1 mais de 90 anos e ainda n\u00e3o foi conclu\u00edda. Essa \u00e9 a realidade da BR-156, no Amap\u00e1, uma estrada federal com cerca de 823 quil\u00f4metros de extens\u00e3o, que liga Laranjal do Jari, no extremo sul do estado, at\u00e9 Oiapoque, na fronteira com a Guiana Francesa. A rodovia corta o estado de norte a sul e deveria ser um dos pilares da <strong><a href=\"https:\/\/clickpetroleoegas.com.br\/por-que-94-da-populacao-da-china-vive-a-direita-desta-linha-gigante-asiatico-abriga-mais-de-14-bilhao-de-pessoas-e-mais-da-metade-do-seu-territorio-permanece-desabitado-fcmo87\/\">integra\u00e7\u00e3o regional<\/a><\/strong>, mas acabou se tornando um s\u00edmbolo do atraso e da neglig\u00eancia.<br>Iniciada em 1932, a BR-156 \u00e9 considerada a obra mais antiga do Brasil ainda em andamento. Em nove d\u00e9cadas, o que se viu foram promessas n\u00e3o cumpridas, trechos abandonados e bilh\u00f5es de reais em investimentos que n\u00e3o se traduziram em uma constru\u00e7\u00e3o digna. A BR-156 deveria ser o principal eixo de liga\u00e7\u00e3o entre Macap\u00e1 e Oiapoque, ponto extremo ao norte do Brasil, colado na Guiana Francesa. Mas quem se aventura por l\u00e1 enfrenta verdadeiras armadilhas: trechos de terra, atoleiros e um vai e volta de obras que logo se desfazem com a pr\u00f3xima chuva.<\/p>\n\n\n\n<div class=\"wp-block-image\"><figure class=\"aligncenter size-large is-resized\"><a href=\"https:\/\/panper.com.br\/\"><img loading=\"lazy\" decoding=\"async\" src=\"https:\/\/jornalfatosenoticias.com.br\/wp-content\/uploads\/2023\/03\/logo-Panper_portal.jpg\" alt=\"\" class=\"wp-image-40208\" width=\"319\" height=\"221\" srcset=\"https:\/\/jornalfatosenoticias.com.br\/wp-content\/uploads\/2023\/03\/logo-Panper_portal.jpg 400w, https:\/\/jornalfatosenoticias.com.br\/wp-content\/uploads\/2023\/03\/logo-Panper_portal-300x208.jpg 300w\" sizes=\"auto, (max-width: 319px) 100vw, 319px\" \/><\/a><\/figure><\/div>\n\n\n\n<p>Com apenas o trecho entre Macap\u00e1 e Cal\u00e7oene pavimentado, essa rodovia j\u00e1 se tornou s\u00edmbolo do abandono e da lentid\u00e3o com que o Estado brasileiro encara os investimentos em infraestrutura na regi\u00e3o Norte. Segundo a Coluna Cl\u00e1udio Humberto, do site Di\u00e1rio do Poder, trata-se da obra mais antiga do Brasil ainda em andamento \u2014 um marco negativo dif\u00edcil de engolir.<\/p>\n\n\n\n<div class=\"wp-block-image\"><figure class=\"aligncenter size-large is-resized\"><a href=\"https:\/\/www.facebook.com\/vetor.vix\/\"><img loading=\"lazy\" decoding=\"async\" src=\"https:\/\/jornalfatosenoticias.com.br\/wp-content\/uploads\/2023\/09\/vetorvix1024_1.jpg\" alt=\"\" class=\"wp-image-44868\" width=\"543\" height=\"144\" srcset=\"https:\/\/jornalfatosenoticias.com.br\/wp-content\/uploads\/2023\/09\/vetorvix1024_1.jpg 1024w, https:\/\/jornalfatosenoticias.com.br\/wp-content\/uploads\/2023\/09\/vetorvix1024_1-300x80.jpg 300w, https:\/\/jornalfatosenoticias.com.br\/wp-content\/uploads\/2023\/09\/vetorvix1024_1-768x205.jpg 768w\" sizes=\"auto, (max-width: 543px) 100vw, 543px\" \/><\/a><\/figure><\/div>\n\n\n\n<p><strong><span class=\"has-inline-color has-black-color\">Trabalhos na BR-156 seguem empacados, sempre acompanhados de promessas de retomada e discursos de campanha<br><\/span><\/strong>Diante de tamanha demora, muitos amapaenses se perguntam: para que serve a bancada federal do Amap\u00e1 em Bras\u00edlia? Afinal, s\u00e3o d\u00e9cadas de mandatos, trocas de cadeiras e alian\u00e7as pol\u00edticas, mas nada de concreto na estrada que mais importa para o estado. Enquanto isso, os trabalhos na BR-156 seguem empacados, sempre acompanhados de promessas de retomada e discursos de campanha. E quando algum trecho finalmente \u00e9 entregue, n\u00e3o demora para virar lama outra vez.<\/p>\n\n\n\n<div class=\"wp-block-image\"><figure class=\"aligncenter size-large\"><a href=\"http:\/\/www.ferrarimaquinas.com.br\/\"><img loading=\"lazy\" decoding=\"async\" width=\"300\" height=\"250\" src=\"https:\/\/jornalfatosenoticias.com.br\/wp-content\/uploads\/2022\/02\/FERRARI_MAQUINAS-E-FERRAMENTAS2.jpg\" alt=\"\" class=\"wp-image-27860\"\/><\/a><\/figure><\/div>\n\n\n\n<p>A hist\u00f3ria dessa rodovia \u00e9 quase inacredit\u00e1vel. Come\u00e7ou como um ambicioso projeto de integra\u00e7\u00e3o nacional, mas acabou se tornando um exemplo escancarado da inefici\u00eancia p\u00fablica e da falta de continuidade nas obras federais. J\u00e1 foram investidos bilh\u00f5es ao longo dos anos, mas o impacto real na regi\u00e3o continua p\u00edfio.<\/p>\n\n\n\n<div class=\"wp-block-image\"><figure class=\"aligncenter size-large is-resized\"><a href=\"https:\/\/www.instagram.com\/esteio.churrascaria\/\"><img loading=\"lazy\" decoding=\"async\" src=\"https:\/\/jornalfatosenoticias.com.br\/wp-content\/uploads\/2022\/02\/LOGO-ESTEIO-1024x730.png\" alt=\"\" class=\"wp-image-27942\" width=\"349\" height=\"248\" srcset=\"https:\/\/jornalfatosenoticias.com.br\/wp-content\/uploads\/2022\/02\/LOGO-ESTEIO-1024x730.png 1024w, https:\/\/jornalfatosenoticias.com.br\/wp-content\/uploads\/2022\/02\/LOGO-ESTEIO-300x214.png 300w, https:\/\/jornalfatosenoticias.com.br\/wp-content\/uploads\/2022\/02\/LOGO-ESTEIO-768x548.png 768w, https:\/\/jornalfatosenoticias.com.br\/wp-content\/uploads\/2022\/02\/LOGO-ESTEIO.png 1123w\" sizes=\"auto, (max-width: 349px) 100vw, 349px\" \/><\/a><\/figure><\/div>\n\n\n\n<p>De acordo com informa\u00e7\u00f5es do Departamento Nacional de Infraestrutura de Transportes (Dnit), existem projetos para melhorar parte da estrada, especialmente com a pavimenta\u00e7\u00e3o de novos trechos. No entanto, como mostrou o G1, muitos contratos foram paralisados ou cancelados por falta de verbas ou por problemas com as empreiteiras. Em 2023, houve nova tentativa de retomada das obras, mas os avan\u00e7os s\u00e3o lentos e enfrentam obst\u00e1culos t\u00e9cnicos e log\u00edsticos.<\/p>\n\n\n\n<div class=\"wp-block-image\"><figure class=\"aligncenter size-large is-resized\"><a href=\"https:\/\/www.instagram.com\/gruposei\/\"><img loading=\"lazy\" decoding=\"async\" src=\"https:\/\/jornalfatosenoticias.com.br\/wp-content\/uploads\/2022\/07\/Logo-Grupo-SEI.jpg\" alt=\"\" class=\"wp-image-31973\" width=\"368\" height=\"193\" srcset=\"https:\/\/jornalfatosenoticias.com.br\/wp-content\/uploads\/2022\/07\/Logo-Grupo-SEI.jpg 713w, https:\/\/jornalfatosenoticias.com.br\/wp-content\/uploads\/2022\/07\/Logo-Grupo-SEI-300x158.jpg 300w\" sizes=\"auto, (max-width: 368px) 100vw, 368px\" \/><\/a><\/figure><\/div>\n\n\n\n<p>A BR-156 representa o principal elo do Amap\u00e1 com o restante do Brasil e com a Am\u00e9rica do Sul. Com sua situa\u00e7\u00e3o prec\u00e1ria, o escoamento de produtos agr\u00edcolas, minerais e industriais se torna invi\u00e1vel em muitos per\u00edodos do ano. Para produtores e comerciantes, o resultado \u00e9 claro: perda de competitividade, encarecimento do transporte e desest\u00edmulo a novos investimentos na regi\u00e3o. J\u00e1 para a popula\u00e7\u00e3o, a situa\u00e7\u00e3o prejudica o acesso a servi\u00e7os p\u00fablicos, sa\u00fade, educa\u00e7\u00e3o e at\u00e9 o turismo, que poderia crescer com a abertura segura da fronteira.<\/p>\n\n\n\n<div class=\"wp-block-image\"><figure class=\"aligncenter size-large is-resized\"><a href=\"https:\/\/www.instagram.com\/serra4x4cambioautomatico\/\"><img loading=\"lazy\" decoding=\"async\" src=\"https:\/\/jornalfatosenoticias.com.br\/wp-content\/uploads\/2024\/08\/Serra-4x4-1-886x1024.jpg\" alt=\"\" class=\"wp-image-53632\" width=\"272\" height=\"314\" srcset=\"https:\/\/jornalfatosenoticias.com.br\/wp-content\/uploads\/2024\/08\/Serra-4x4-1-886x1024.jpg 886w, https:\/\/jornalfatosenoticias.com.br\/wp-content\/uploads\/2024\/08\/Serra-4x4-1-260x300.jpg 260w, https:\/\/jornalfatosenoticias.com.br\/wp-content\/uploads\/2024\/08\/Serra-4x4-1-768x888.jpg 768w, https:\/\/jornalfatosenoticias.com.br\/wp-content\/uploads\/2024\/08\/Serra-4x4-1.jpg 1181w\" sizes=\"auto, (max-width: 272px) 100vw, 272px\" \/><\/a><\/figure><\/div>\n\n\n\n<p><strong><span class=\"has-inline-color has-black-color\">BR-156: a ferida aberta no mapa rodovi\u00e1rio do Brasil<br><\/span><\/strong>N\u00e3o \u00e9 exagero dizer que a BR-156 \u00e9 uma ferida aberta no mapa rodovi\u00e1rio do Brasil. O pa\u00eds que sonha com hidrovias modernas, trens de alta velocidade e transi\u00e7\u00f5es energ\u00e9ticas sustent\u00e1veis n\u00e3o consegue entregar uma rodovia iniciada h\u00e1 quase um s\u00e9culo. Falta comprometimento das autoridades locais e federais. <\/p>\n\n\n\n<div class=\"wp-block-image\"><figure class=\"aligncenter size-large is-resized\"><a href=\"https:\/\/www.facebook.com\/postobkr\/?locale=pt_BR\"><img loading=\"lazy\" decoding=\"async\" src=\"https:\/\/jornalfatosenoticias.com.br\/wp-content\/uploads\/2023\/08\/BKR-1024x1021.jpg\" alt=\"\" class=\"wp-image-44494\" width=\"267\" height=\"266\" srcset=\"https:\/\/jornalfatosenoticias.com.br\/wp-content\/uploads\/2023\/08\/BKR-1024x1021.jpg 1024w, https:\/\/jornalfatosenoticias.com.br\/wp-content\/uploads\/2023\/08\/BKR-300x300.jpg 300w, https:\/\/jornalfatosenoticias.com.br\/wp-content\/uploads\/2023\/08\/BKR-150x150.jpg 150w, https:\/\/jornalfatosenoticias.com.br\/wp-content\/uploads\/2023\/08\/BKR-768x766.jpg 768w, https:\/\/jornalfatosenoticias.com.br\/wp-content\/uploads\/2023\/08\/BKR.jpg 1080w\" sizes=\"auto, (max-width: 267px) 100vw, 267px\" \/><\/a><\/figure><\/div>\n\n\n\n<p>Enquanto isso, milhares de amapaenses continuam ilhados dentro do pr\u00f3prio estado, dependendo de balsas, voos caros ou enfrentando trechos intransit\u00e1veis para simplesmente circular. O Amap\u00e1 n\u00e3o pode mais esperar por investimentos concretos, nem continuar sendo ignorado nas prioridades de infraestrutura do pa\u00eds. A BR-156 precisa deixar de ser uma piada nacional e se tornar, enfim, um exemplo de reconstru\u00e7\u00e3o e dignidade.<\/p>\n\n\n\n<div class=\"wp-block-image\"><figure class=\"aligncenter size-large is-resized\"><a href=\"https:\/\/www.controlsystems.com.br\/\"><img loading=\"lazy\" decoding=\"async\" src=\"https:\/\/jornalfatosenoticias.com.br\/wp-content\/uploads\/2020\/02\/CONTROL-CS.jpg\" alt=\"\" class=\"wp-image-44991\" width=\"270\" height=\"324\" srcset=\"https:\/\/jornalfatosenoticias.com.br\/wp-content\/uploads\/2020\/02\/CONTROL-CS.jpg 834w, https:\/\/jornalfatosenoticias.com.br\/wp-content\/uploads\/2020\/02\/CONTROL-CS-250x300.jpg 250w, https:\/\/jornalfatosenoticias.com.br\/wp-content\/uploads\/2020\/02\/CONTROL-CS-768x921.jpg 768w\" sizes=\"auto, (max-width: 270px) 100vw, 270px\" \/><\/a><\/figure><\/div>\n\n\n\n<p><span style=\"text-decoration: underline;\"><strong><span class=\"has-inline-color has-black-color\">Nota do Fatos &amp; Not\u00edcias:<\/span><\/strong> <\/span><em>s\u00f3 pra lembrar os eternos senadores Randolfe Rodrigues e Davi Alcolumbre (novamente presidente do Senado), s\u00e3o representantes do estado do Amap\u00e1, mas pelo visto s\u00f3 se preocupam com o tema em anos eleitorais. Prioridades seletivas.<\/em><\/p>\n\n\n\n<p><strong>Fonte: <a href=\"https:\/\/clickpetroleoegas.com.br\/a-obra-mais-antiga-do-brasil-br-156-a-rodovia-brasileira-que-esta-ha-93-anos-em-construcao-fcmo87\/\">Click Petr\u00f3leo e G\u00e1s<\/a><\/strong><\/p>\n","protected":false},"excerpt":{"rendered":"<p>A obra mais antiga do Brasil ainda em andamento: 93 anos de investimentos bilion\u00e1rios, enrola\u00e7\u00e3o e preju\u00edzo Por Flavia Marinho Imagine viver em um estado onde a principal rodovia que liga a capital \u00e0 fronteira internacional est\u00e1 em obras h\u00e1 mais de 90 anos e ainda n\u00e3o foi conclu\u00edda. Essa \u00e9 a realidade da BR-156, [&hellip;]<\/p>\n","protected":false},"author":3,"featured_media":59736,"comment_status":"open","ping_status":"open","sticky":false,"template":"","format":"standard","meta":{"footnotes":""},"categories":[9],"tags":[2933,27285,3283,2129,27286,1310,25668,11469],"class_list":["post-59735","post","type-post","status-publish","format-standard","has-post-thumbnail","hentry","category-economia","tag-amapa","tag-br-156","tag-construcao","tag-corrupcao","tag-investimentos-bilionarios","tag-obras","tag-prejuizo","tag-rodovia"],"yoast_head":"<!-- This site is optimized with the Yoast SEO plugin v26.5 - https:\/\/yoast.com\/wordpress\/plugins\/seo\/ -->\n<title>93 anos em obras, os investimentos bilion\u00e1rios na intermin\u00e1vel BR-156 - Jornal Fatos e Not\u00edcias<\/title>\n<meta name=\"robots\" content=\"index, follow, max-snippet:-1, max-image-preview:large, max-video-preview:-1\" \/>\n<link rel=\"canonical\" href=\"https:\/\/jornalfatosenoticias.com.br\/index.php\/2025\/06\/05\/93-anos-em-obras-os-investimentos-bilionarios-na-interminavel-br-156\/\" \/>\n<meta property=\"og:locale\" content=\"pt_BR\" \/>\n<meta property=\"og:type\" content=\"article\" \/>\n<meta property=\"og:title\" content=\"93 anos em obras, os investimentos bilion\u00e1rios na intermin\u00e1vel BR-156 - Jornal Fatos e Not\u00edcias\" \/>\n<meta property=\"og:description\" content=\"A obra mais antiga do Brasil ainda em andamento: 93 anos de investimentos bilion\u00e1rios, enrola\u00e7\u00e3o e preju\u00edzo Por Flavia Marinho Imagine viver em um estado onde a principal rodovia que liga a capital \u00e0 fronteira internacional est\u00e1 em obras h\u00e1 mais de 90 anos e ainda n\u00e3o foi conclu\u00edda. Essa \u00e9 a realidade da BR-156, [&hellip;]\" \/>\n<meta property=\"og:url\" content=\"https:\/\/jornalfatosenoticias.com.br\/index.php\/2025\/06\/05\/93-anos-em-obras-os-investimentos-bilionarios-na-interminavel-br-156\/\" \/>\n<meta property=\"og:site_name\" content=\"Jornal Fatos e Not\u00edcias\" \/>\n<meta property=\"article:published_time\" content=\"2025-06-05T22:26:04+00:00\" \/>\n<meta property=\"article:modified_time\" content=\"2025-06-05T22:26:15+00:00\" \/>\n<meta property=\"og:image\" content=\"https:\/\/jornalfatosenoticias.com.br\/wp-content\/uploads\/2025\/06\/obras-BR-59_foto-ChatGPT_petroleo-e-gas.png\" \/>\n\t<meta property=\"og:image:width\" content=\"1095\" \/>\n\t<meta property=\"og:image:height\" content=\"730\" \/>\n\t<meta property=\"og:image:type\" content=\"image\/png\" \/>\n<meta name=\"author\" content=\"Haroldo Filho\" \/>\n<meta name=\"twitter:card\" content=\"summary_large_image\" \/>\n<meta name=\"twitter:label1\" content=\"Escrito por\" \/>\n\t<meta name=\"twitter:data1\" content=\"Haroldo Filho\" \/>\n\t<meta name=\"twitter:label2\" content=\"Est. tempo de leitura\" \/>\n\t<meta name=\"twitter:data2\" content=\"4 minutos\" \/>\n<script type=\"application\/ld+json\" class=\"yoast-schema-graph\">{\"@context\":\"https:\/\/schema.org\",\"@graph\":[{\"@type\":\"Article\",\"@id\":\"https:\/\/jornalfatosenoticias.com.br\/index.php\/2025\/06\/05\/93-anos-em-obras-os-investimentos-bilionarios-na-interminavel-br-156\/#article\",\"isPartOf\":{\"@id\":\"https:\/\/jornalfatosenoticias.com.br\/index.php\/2025\/06\/05\/93-anos-em-obras-os-investimentos-bilionarios-na-interminavel-br-156\/\"},\"author\":{\"name\":\"Haroldo Filho\",\"@id\":\"https:\/\/jornalfatosenoticias.com.br\/#\/schema\/person\/05c46cc25b42a5c27e004fb0fa6b4965\"},\"headline\":\"93 anos em obras, os investimentos bilion\u00e1rios na intermin\u00e1vel BR-156\",\"datePublished\":\"2025-06-05T22:26:04+00:00\",\"dateModified\":\"2025-06-05T22:26:15+00:00\",\"mainEntityOfPage\":{\"@id\":\"https:\/\/jornalfatosenoticias.com.br\/index.php\/2025\/06\/05\/93-anos-em-obras-os-investimentos-bilionarios-na-interminavel-br-156\/\"},\"wordCount\":798,\"commentCount\":0,\"publisher\":{\"@id\":\"https:\/\/jornalfatosenoticias.com.br\/#organization\"},\"image\":{\"@id\":\"https:\/\/jornalfatosenoticias.com.br\/index.php\/2025\/06\/05\/93-anos-em-obras-os-investimentos-bilionarios-na-interminavel-br-156\/#primaryimage\"},\"thumbnailUrl\":\"https:\/\/jornalfatosenoticias.com.br\/wp-content\/uploads\/2025\/06\/obras-BR-59_foto-ChatGPT_petroleo-e-gas.png\",\"keywords\":[\"Amap\u00e1\",\"BR-156\",\"constru\u00e7\u00e3o\",\"corrup\u00e7\u00e3o\",\"investimentos bilion\u00e1rios\",\"obras\",\"preju\u00edzo\",\"rodovia\"],\"articleSection\":[\"Economia\"],\"inLanguage\":\"pt-BR\",\"potentialAction\":[{\"@type\":\"CommentAction\",\"name\":\"Comment\",\"target\":[\"https:\/\/jornalfatosenoticias.com.br\/index.php\/2025\/06\/05\/93-anos-em-obras-os-investimentos-bilionarios-na-interminavel-br-156\/#respond\"]}]},{\"@type\":\"WebPage\",\"@id\":\"https:\/\/jornalfatosenoticias.com.br\/index.php\/2025\/06\/05\/93-anos-em-obras-os-investimentos-bilionarios-na-interminavel-br-156\/\",\"url\":\"https:\/\/jornalfatosenoticias.com.br\/index.php\/2025\/06\/05\/93-anos-em-obras-os-investimentos-bilionarios-na-interminavel-br-156\/\",\"name\":\"93 anos em obras, os investimentos bilion\u00e1rios na intermin\u00e1vel BR-156 - Jornal Fatos e Not\u00edcias\",\"isPartOf\":{\"@id\":\"https:\/\/jornalfatosenoticias.com.br\/#website\"},\"primaryImageOfPage\":{\"@id\":\"https:\/\/jornalfatosenoticias.com.br\/index.php\/2025\/06\/05\/93-anos-em-obras-os-investimentos-bilionarios-na-interminavel-br-156\/#primaryimage\"},\"image\":{\"@id\":\"https:\/\/jornalfatosenoticias.com.br\/index.php\/2025\/06\/05\/93-anos-em-obras-os-investimentos-bilionarios-na-interminavel-br-156\/#primaryimage\"},\"thumbnailUrl\":\"https:\/\/jornalfatosenoticias.com.br\/wp-content\/uploads\/2025\/06\/obras-BR-59_foto-ChatGPT_petroleo-e-gas.png\",\"datePublished\":\"2025-06-05T22:26:04+00:00\",\"dateModified\":\"2025-06-05T22:26:15+00:00\",\"breadcrumb\":{\"@id\":\"https:\/\/jornalfatosenoticias.com.br\/index.php\/2025\/06\/05\/93-anos-em-obras-os-investimentos-bilionarios-na-interminavel-br-156\/#breadcrumb\"},\"inLanguage\":\"pt-BR\",\"potentialAction\":[{\"@type\":\"ReadAction\",\"target\":[\"https:\/\/jornalfatosenoticias.com.br\/index.php\/2025\/06\/05\/93-anos-em-obras-os-investimentos-bilionarios-na-interminavel-br-156\/\"]}]},{\"@type\":\"ImageObject\",\"inLanguage\":\"pt-BR\",\"@id\":\"https:\/\/jornalfatosenoticias.com.br\/index.php\/2025\/06\/05\/93-anos-em-obras-os-investimentos-bilionarios-na-interminavel-br-156\/#primaryimage\",\"url\":\"https:\/\/jornalfatosenoticias.com.br\/wp-content\/uploads\/2025\/06\/obras-BR-59_foto-ChatGPT_petroleo-e-gas.png\",\"contentUrl\":\"https:\/\/jornalfatosenoticias.com.br\/wp-content\/uploads\/2025\/06\/obras-BR-59_foto-ChatGPT_petroleo-e-gas.png\",\"width\":1095,\"height\":730},{\"@type\":\"BreadcrumbList\",\"@id\":\"https:\/\/jornalfatosenoticias.com.br\/index.php\/2025\/06\/05\/93-anos-em-obras-os-investimentos-bilionarios-na-interminavel-br-156\/#breadcrumb\",\"itemListElement\":[{\"@type\":\"ListItem\",\"position\":1,\"name\":\"In\u00edcio\",\"item\":\"https:\/\/jornalfatosenoticias.com.br\/\"},{\"@type\":\"ListItem\",\"position\":2,\"name\":\"93 anos em obras, os investimentos bilion\u00e1rios na intermin\u00e1vel BR-156\"}]},{\"@type\":\"WebSite\",\"@id\":\"https:\/\/jornalfatosenoticias.com.br\/#website\",\"url\":\"https:\/\/jornalfatosenoticias.com.br\/\",\"name\":\"Jornal Fatos e Not\u00edcias\",\"description\":\"Not\u00edcias em geral\",\"publisher\":{\"@id\":\"https:\/\/jornalfatosenoticias.com.br\/#organization\"},\"potentialAction\":[{\"@type\":\"SearchAction\",\"target\":{\"@type\":\"EntryPoint\",\"urlTemplate\":\"https:\/\/jornalfatosenoticias.com.br\/?s={search_term_string}\"},\"query-input\":{\"@type\":\"PropertyValueSpecification\",\"valueRequired\":true,\"valueName\":\"search_term_string\"}}],\"inLanguage\":\"pt-BR\"},{\"@type\":\"Organization\",\"@id\":\"https:\/\/jornalfatosenoticias.com.br\/#organization\",\"name\":\"Jornal Fatos e Not\u00edcias\",\"url\":\"https:\/\/jornalfatosenoticias.com.br\/\",\"logo\":{\"@type\":\"ImageObject\",\"inLanguage\":\"pt-BR\",\"@id\":\"https:\/\/jornalfatosenoticias.com.br\/#\/schema\/logo\/image\/\",\"url\":\"https:\/\/jornalfatosenoticias.com.br\/wp-content\/uploads\/2020\/02\/logo120.png\",\"contentUrl\":\"https:\/\/jornalfatosenoticias.com.br\/wp-content\/uploads\/2020\/02\/logo120.png\",\"width\":1227,\"height\":120,\"caption\":\"Jornal Fatos e Not\u00edcias\"},\"image\":{\"@id\":\"https:\/\/jornalfatosenoticias.com.br\/#\/schema\/logo\/image\/\"}},{\"@type\":\"Person\",\"@id\":\"https:\/\/jornalfatosenoticias.com.br\/#\/schema\/person\/05c46cc25b42a5c27e004fb0fa6b4965\",\"name\":\"Haroldo Filho\",\"image\":{\"@type\":\"ImageObject\",\"inLanguage\":\"pt-BR\",\"@id\":\"https:\/\/jornalfatosenoticias.com.br\/#\/schema\/person\/image\/\",\"url\":\"https:\/\/jornalfatosenoticias.com.br\/wp-content\/uploads\/2025\/08\/WhatsApp-Image-2025-08-18-at-15.30.28-150x150.jpeg\",\"contentUrl\":\"https:\/\/jornalfatosenoticias.com.br\/wp-content\/uploads\/2025\/08\/WhatsApp-Image-2025-08-18-at-15.30.28-150x150.jpeg\",\"caption\":\"Haroldo Filho\"},\"description\":\"Jornalista \u2013 DRT: 0003818\/ES Coordenador-geral da ONG Educar para Crescer\",\"url\":\"https:\/\/jornalfatosenoticias.com.br\/index.php\/author\/haroldo\/\"}]}<\/script>\n<!-- \/ Yoast SEO plugin. -->","yoast_head_json":{"title":"93 anos em obras, os investimentos bilion\u00e1rios na intermin\u00e1vel BR-156 - Jornal Fatos e Not\u00edcias","robots":{"index":"index","follow":"follow","max-snippet":"max-snippet:-1","max-image-preview":"max-image-preview:large","max-video-preview":"max-video-preview:-1"},"canonical":"https:\/\/jornalfatosenoticias.com.br\/index.php\/2025\/06\/05\/93-anos-em-obras-os-investimentos-bilionarios-na-interminavel-br-156\/","og_locale":"pt_BR","og_type":"article","og_title":"93 anos em obras, os investimentos bilion\u00e1rios na intermin\u00e1vel BR-156 - Jornal Fatos e Not\u00edcias","og_description":"A obra mais antiga do Brasil ainda em andamento: 93 anos de investimentos bilion\u00e1rios, enrola\u00e7\u00e3o e preju\u00edzo Por Flavia Marinho Imagine viver em um estado onde a principal rodovia que liga a capital \u00e0 fronteira internacional est\u00e1 em obras h\u00e1 mais de 90 anos e ainda n\u00e3o foi conclu\u00edda. Essa \u00e9 a realidade da BR-156, [&hellip;]","og_url":"https:\/\/jornalfatosenoticias.com.br\/index.php\/2025\/06\/05\/93-anos-em-obras-os-investimentos-bilionarios-na-interminavel-br-156\/","og_site_name":"Jornal Fatos e Not\u00edcias","article_published_time":"2025-06-05T22:26:04+00:00","article_modified_time":"2025-06-05T22:26:15+00:00","og_image":[{"width":1095,"height":730,"url":"https:\/\/jornalfatosenoticias.com.br\/wp-content\/uploads\/2025\/06\/obras-BR-59_foto-ChatGPT_petroleo-e-gas.png","type":"image\/png"}],"author":"Haroldo Filho","twitter_card":"summary_large_image","twitter_misc":{"Escrito por":"Haroldo Filho","Est. tempo de leitura":"4 minutos"},"schema":{"@context":"https:\/\/schema.org","@graph":[{"@type":"Article","@id":"https:\/\/jornalfatosenoticias.com.br\/index.php\/2025\/06\/05\/93-anos-em-obras-os-investimentos-bilionarios-na-interminavel-br-156\/#article","isPartOf":{"@id":"https:\/\/jornalfatosenoticias.com.br\/index.php\/2025\/06\/05\/93-anos-em-obras-os-investimentos-bilionarios-na-interminavel-br-156\/"},"author":{"name":"Haroldo Filho","@id":"https:\/\/jornalfatosenoticias.com.br\/#\/schema\/person\/05c46cc25b42a5c27e004fb0fa6b4965"},"headline":"93 anos em obras, os investimentos bilion\u00e1rios na intermin\u00e1vel BR-156","datePublished":"2025-06-05T22:26:04+00:00","dateModified":"2025-06-05T22:26:15+00:00","mainEntityOfPage":{"@id":"https:\/\/jornalfatosenoticias.com.br\/index.php\/2025\/06\/05\/93-anos-em-obras-os-investimentos-bilionarios-na-interminavel-br-156\/"},"wordCount":798,"commentCount":0,"publisher":{"@id":"https:\/\/jornalfatosenoticias.com.br\/#organization"},"image":{"@id":"https:\/\/jornalfatosenoticias.com.br\/index.php\/2025\/06\/05\/93-anos-em-obras-os-investimentos-bilionarios-na-interminavel-br-156\/#primaryimage"},"thumbnailUrl":"https:\/\/jornalfatosenoticias.com.br\/wp-content\/uploads\/2025\/06\/obras-BR-59_foto-ChatGPT_petroleo-e-gas.png","keywords":["Amap\u00e1","BR-156","constru\u00e7\u00e3o","corrup\u00e7\u00e3o","investimentos bilion\u00e1rios","obras","preju\u00edzo","rodovia"],"articleSection":["Economia"],"inLanguage":"pt-BR","potentialAction":[{"@type":"CommentAction","name":"Comment","target":["https:\/\/jornalfatosenoticias.com.br\/index.php\/2025\/06\/05\/93-anos-em-obras-os-investimentos-bilionarios-na-interminavel-br-156\/#respond"]}]},{"@type":"WebPage","@id":"https:\/\/jornalfatosenoticias.com.br\/index.php\/2025\/06\/05\/93-anos-em-obras-os-investimentos-bilionarios-na-interminavel-br-156\/","url":"https:\/\/jornalfatosenoticias.com.br\/index.php\/2025\/06\/05\/93-anos-em-obras-os-investimentos-bilionarios-na-interminavel-br-156\/","name":"93 anos em obras, os investimentos bilion\u00e1rios na intermin\u00e1vel BR-156 - Jornal Fatos e Not\u00edcias","isPartOf":{"@id":"https:\/\/jornalfatosenoticias.com.br\/#website"},"primaryImageOfPage":{"@id":"https:\/\/jornalfatosenoticias.com.br\/index.php\/2025\/06\/05\/93-anos-em-obras-os-investimentos-bilionarios-na-interminavel-br-156\/#primaryimage"},"image":{"@id":"https:\/\/jornalfatosenoticias.com.br\/index.php\/2025\/06\/05\/93-anos-em-obras-os-investimentos-bilionarios-na-interminavel-br-156\/#primaryimage"},"thumbnailUrl":"https:\/\/jornalfatosenoticias.com.br\/wp-content\/uploads\/2025\/06\/obras-BR-59_foto-ChatGPT_petroleo-e-gas.png","datePublished":"2025-06-05T22:26:04+00:00","dateModified":"2025-06-05T22:26:15+00:00","breadcrumb":{"@id":"https:\/\/jornalfatosenoticias.com.br\/index.php\/2025\/06\/05\/93-anos-em-obras-os-investimentos-bilionarios-na-interminavel-br-156\/#breadcrumb"},"inLanguage":"pt-BR","potentialAction":[{"@type":"ReadAction","target":["https:\/\/jornalfatosenoticias.com.br\/index.php\/2025\/06\/05\/93-anos-em-obras-os-investimentos-bilionarios-na-interminavel-br-156\/"]}]},{"@type":"ImageObject","inLanguage":"pt-BR","@id":"https:\/\/jornalfatosenoticias.com.br\/index.php\/2025\/06\/05\/93-anos-em-obras-os-investimentos-bilionarios-na-interminavel-br-156\/#primaryimage","url":"https:\/\/jornalfatosenoticias.com.br\/wp-content\/uploads\/2025\/06\/obras-BR-59_foto-ChatGPT_petroleo-e-gas.png","contentUrl":"https:\/\/jornalfatosenoticias.com.br\/wp-content\/uploads\/2025\/06\/obras-BR-59_foto-ChatGPT_petroleo-e-gas.png","width":1095,"height":730},{"@type":"BreadcrumbList","@id":"https:\/\/jornalfatosenoticias.com.br\/index.php\/2025\/06\/05\/93-anos-em-obras-os-investimentos-bilionarios-na-interminavel-br-156\/#breadcrumb","itemListElement":[{"@type":"ListItem","position":1,"name":"In\u00edcio","item":"https:\/\/jornalfatosenoticias.com.br\/"},{"@type":"ListItem","position":2,"name":"93 anos em obras, os investimentos bilion\u00e1rios na intermin\u00e1vel BR-156"}]},{"@type":"WebSite","@id":"https:\/\/jornalfatosenoticias.com.br\/#website","url":"https:\/\/jornalfatosenoticias.com.br\/","name":"Jornal Fatos e Not\u00edcias","description":"Not\u00edcias em geral","publisher":{"@id":"https:\/\/jornalfatosenoticias.com.br\/#organization"},"potentialAction":[{"@type":"SearchAction","target":{"@type":"EntryPoint","urlTemplate":"https:\/\/jornalfatosenoticias.com.br\/?s={search_term_string}"},"query-input":{"@type":"PropertyValueSpecification","valueRequired":true,"valueName":"search_term_string"}}],"inLanguage":"pt-BR"},{"@type":"Organization","@id":"https:\/\/jornalfatosenoticias.com.br\/#organization","name":"Jornal Fatos e Not\u00edcias","url":"https:\/\/jornalfatosenoticias.com.br\/","logo":{"@type":"ImageObject","inLanguage":"pt-BR","@id":"https:\/\/jornalfatosenoticias.com.br\/#\/schema\/logo\/image\/","url":"https:\/\/jornalfatosenoticias.com.br\/wp-content\/uploads\/2020\/02\/logo120.png","contentUrl":"https:\/\/jornalfatosenoticias.com.br\/wp-content\/uploads\/2020\/02\/logo120.png","width":1227,"height":120,"caption":"Jornal Fatos e Not\u00edcias"},"image":{"@id":"https:\/\/jornalfatosenoticias.com.br\/#\/schema\/logo\/image\/"}},{"@type":"Person","@id":"https:\/\/jornalfatosenoticias.com.br\/#\/schema\/person\/05c46cc25b42a5c27e004fb0fa6b4965","name":"Haroldo Filho","image":{"@type":"ImageObject","inLanguage":"pt-BR","@id":"https:\/\/jornalfatosenoticias.com.br\/#\/schema\/person\/image\/","url":"https:\/\/jornalfatosenoticias.com.br\/wp-content\/uploads\/2025\/08\/WhatsApp-Image-2025-08-18-at-15.30.28-150x150.jpeg","contentUrl":"https:\/\/jornalfatosenoticias.com.br\/wp-content\/uploads\/2025\/08\/WhatsApp-Image-2025-08-18-at-15.30.28-150x150.jpeg","caption":"Haroldo Filho"},"description":"Jornalista \u2013 DRT: 0003818\/ES Coordenador-geral da ONG Educar para Crescer","url":"https:\/\/jornalfatosenoticias.com.br\/index.php\/author\/haroldo\/"}]}},"cc_featured_image_caption":{"caption_text":"(Foto: ChatGPT\/Click Petr\u00f3leo e G\u00e1s)","source_text":"","source_url":""},"jetpack_featured_media_url":"https:\/\/jornalfatosenoticias.com.br\/wp-content\/uploads\/2025\/06\/obras-BR-59_foto-ChatGPT_petroleo-e-gas.png","_links":{"self":[{"href":"https:\/\/jornalfatosenoticias.com.br\/index.php\/wp-json\/wp\/v2\/posts\/59735","targetHints":{"allow":["GET"]}}],"collection":[{"href":"https:\/\/jornalfatosenoticias.com.br\/index.php\/wp-json\/wp\/v2\/posts"}],"about":[{"href":"https:\/\/jornalfatosenoticias.com.br\/index.php\/wp-json\/wp\/v2\/types\/post"}],"author":[{"embeddable":true,"href":"https:\/\/jornalfatosenoticias.com.br\/index.php\/wp-json\/wp\/v2\/users\/3"}],"replies":[{"embeddable":true,"href":"https:\/\/jornalfatosenoticias.com.br\/index.php\/wp-json\/wp\/v2\/comments?post=59735"}],"version-history":[{"count":0,"href":"https:\/\/jornalfatosenoticias.com.br\/index.php\/wp-json\/wp\/v2\/posts\/59735\/revisions"}],"wp:featuredmedia":[{"embeddable":true,"href":"https:\/\/jornalfatosenoticias.com.br\/index.php\/wp-json\/wp\/v2\/media\/59736"}],"wp:attachment":[{"href":"https:\/\/jornalfatosenoticias.com.br\/index.php\/wp-json\/wp\/v2\/media?parent=59735"}],"wp:term":[{"taxonomy":"category","embeddable":true,"href":"https:\/\/jornalfatosenoticias.com.br\/index.php\/wp-json\/wp\/v2\/categories?post=59735"},{"taxonomy":"post_tag","embeddable":true,"href":"https:\/\/jornalfatosenoticias.com.br\/index.php\/wp-json\/wp\/v2\/tags?post=59735"}],"curies":[{"name":"wp","href":"https:\/\/api.w.org\/{rel}","templated":true}]}}