{"id":59738,"date":"2025-06-05T19:50:33","date_gmt":"2025-06-05T22:50:33","guid":{"rendered":"https:\/\/jornalfatosenoticias.com.br\/?p=59738"},"modified":"2025-06-05T19:50:35","modified_gmt":"2025-06-05T22:50:35","slug":"gas-entregadores-caminhoneiros-as-novas-propostas-populistas-na-mesa-de-lula","status":"publish","type":"post","link":"https:\/\/jornalfatosenoticias.com.br\/index.php\/2025\/06\/05\/gas-entregadores-caminhoneiros-as-novas-propostas-populistas-na-mesa-de-lula\/","title":{"rendered":"G\u00e1s, entregadores, caminhoneiros, as novas propostas populistas na mesa de Lula"},"content":{"rendered":"\n<p><em><span class=\"has-inline-color has-black-color\">Lula em entrevista coletiva na ter\u00e7a-feira (3), no Pal\u00e1cio do Planalto, disse que novas medidas populistas est\u00e3o a caminho<\/span><\/em><\/p>\n\n\n\n<p><span class=\"has-inline-color has-black-color\">Por <strong><a href=\"https:\/\/www.gazetadopovo.com.br\/autor\/vandre-kramer\/\">Vandr\u00e9 Kramer<\/a><\/strong><\/span><\/p>\n\n\n\n<div class=\"wp-block-image\"><figure class=\"aligncenter size-large\"><a href=\"https:\/\/mizu.com.br\/\"><img loading=\"lazy\" decoding=\"async\" width=\"729\" height=\"90\" src=\"https:\/\/jornalfatosenoticias.com.br\/wp-content\/uploads\/2020\/02\/Logo_Mizu.png\" alt=\"\" class=\"wp-image-1441\" srcset=\"https:\/\/jornalfatosenoticias.com.br\/wp-content\/uploads\/2020\/02\/Logo_Mizu.png 729w, https:\/\/jornalfatosenoticias.com.br\/wp-content\/uploads\/2020\/02\/Logo_Mizu-300x37.png 300w\" sizes=\"auto, (max-width: 729px) 100vw, 729px\" \/><\/a><\/figure><\/div>\n\n\n\n<p>Com a aprova\u00e7\u00e3o derretendo nas pesquisas e a elei\u00e7\u00e3o de 2026 no horizonte, Luiz In\u00e1cio Lula da Silva (PT) ensaia mais uma rodada de medidas econ\u00f4micas com apelo direto \u00e0s bases eleitorais. Entre subs\u00eddios, promessas e libera\u00e7\u00f5es de cr\u00e9dito, o governo retoma uma velha f\u00f3rmula de est\u00edmulos imediatistas que preocupam o mercado e aprofundam os riscos fiscais.<br>A movimenta\u00e7\u00e3o ocorre ap\u00f3s uma s\u00e9rie de desgastes, como os esc\u00e2ndalos envolvendo desvios no <a href=\"https:\/\/www.gazetadopovo.com.br\/tudo-sobre\/inss\/\">Instituto Nacional do Seguro Social (INSS)<\/a> e o impacto negativo do aumento do IOF sobre v\u00e1rias opera\u00e7\u00f5es. O governo tenta responder com medidas de efeito r\u00e1pido \u2014 e impacto fiscal duradouro.<\/p>\n\n\n\n<div class=\"wp-block-image\"><figure class=\"aligncenter size-large is-resized\"><a href=\"https:\/\/www.controlsystems.com.br\/\"><img loading=\"lazy\" decoding=\"async\" src=\"https:\/\/jornalfatosenoticias.com.br\/wp-content\/uploads\/2020\/02\/CONTROL-CS.jpg\" alt=\"\" class=\"wp-image-44991\" width=\"254\" height=\"304\" srcset=\"https:\/\/jornalfatosenoticias.com.br\/wp-content\/uploads\/2020\/02\/CONTROL-CS.jpg 834w, https:\/\/jornalfatosenoticias.com.br\/wp-content\/uploads\/2020\/02\/CONTROL-CS-250x300.jpg 250w, https:\/\/jornalfatosenoticias.com.br\/wp-content\/uploads\/2020\/02\/CONTROL-CS-768x921.jpg 768w\" sizes=\"auto, (max-width: 254px) 100vw, 254px\" \/><\/a><\/figure><\/div>\n\n\n\n<p>As \u00faltimas pesquisas Genial\/Quaest e PoderData apontam que a desaprova\u00e7\u00e3o \u00e0 gest\u00e3o Lula alcan\u00e7ou 57% e 56%, respectivamente. Entre os entrevistados que tomaram conhecimento do aumento do Imposto sobre Opera\u00e7\u00f5es Financeiras (IOF), a maioria criticou a decis\u00e3o. Eles afirmaram que Lula errou ao manter o aumento do imposto para a compra de d\u00f3lar por pessoas f\u00edsicas e para remessas de dinheiro ao exterior.<\/p>\n\n\n\n<div class=\"wp-block-image\"><figure class=\"aligncenter size-large is-resized\"><a href=\"https:\/\/www.legisjuris.com.br\/\"><img loading=\"lazy\" decoding=\"async\" src=\"https:\/\/jornalfatosenoticias.com.br\/wp-content\/uploads\/2024\/09\/Legis-Juris-Consultoria_logo.jpg\" alt=\"\" class=\"wp-image-53915\" width=\"530\" height=\"222\" srcset=\"https:\/\/jornalfatosenoticias.com.br\/wp-content\/uploads\/2024\/09\/Legis-Juris-Consultoria_logo.jpg 969w, https:\/\/jornalfatosenoticias.com.br\/wp-content\/uploads\/2024\/09\/Legis-Juris-Consultoria_logo-300x126.jpg 300w, https:\/\/jornalfatosenoticias.com.br\/wp-content\/uploads\/2024\/09\/Legis-Juris-Consultoria_logo-768x322.jpg 768w\" sizes=\"auto, (max-width: 530px) 100vw, 530px\" \/><\/a><\/figure><\/div>\n\n\n\n<p><strong><span class=\"has-inline-color has-black-color\">Do botij\u00e3o \u00e0 motocicleta: Lula mira classes populares com pacote de bondades<br><\/span><\/strong>Na tentativa de estancar a sangria pol\u00edtica, o Planalto prepara um novo \u201ckit reelei\u00e7\u00e3o\u201d. Durante entrevista na ter\u00e7a-feira (3), Lula anunciou que est\u00e3o em estudo iniciativas como a amplia\u00e7\u00e3o do programa que subsidia g\u00e1s de cozinha a fam\u00edlias de baixa renda, uma linha de cr\u00e9dito para reforma de resid\u00eancias populares, incentivos \u00e0 compra de motocicletas por entregadores e a instala\u00e7\u00e3o de pontos de apoio com atendimento m\u00e9dico para caminhoneiros. Os alvos s\u00e3o claros: trabalhadores informais, aut\u00f4nomos e fam\u00edlias que sofrem com o custo de vida.<\/p>\n\n\n\n<div class=\"wp-block-image\"><figure class=\"aligncenter size-large is-resized\"><a href=\"https:\/\/www.instagram.com\/esteio.churrascaria\/\"><img loading=\"lazy\" decoding=\"async\" src=\"https:\/\/jornalfatosenoticias.com.br\/wp-content\/uploads\/2022\/02\/LOGO-ESTEIO-1024x730.png\" alt=\"\" class=\"wp-image-27942\" width=\"337\" height=\"240\" srcset=\"https:\/\/jornalfatosenoticias.com.br\/wp-content\/uploads\/2022\/02\/LOGO-ESTEIO-1024x730.png 1024w, https:\/\/jornalfatosenoticias.com.br\/wp-content\/uploads\/2022\/02\/LOGO-ESTEIO-300x214.png 300w, https:\/\/jornalfatosenoticias.com.br\/wp-content\/uploads\/2022\/02\/LOGO-ESTEIO-768x548.png 768w, https:\/\/jornalfatosenoticias.com.br\/wp-content\/uploads\/2022\/02\/LOGO-ESTEIO.png 1123w\" sizes=\"auto, (max-width: 337px) 100vw, 337px\" \/><\/a><\/figure><\/div>\n\n\n\n<p>&#8220;N\u00e3o \u00e9 justo a Petrobras vender um botij\u00e3o por R$ 37 e ele chegar a R$ 140&#8221;, disse o petista. O problema, segundo analistas, \u00e9 que esse tipo de interven\u00e7\u00e3o refor\u00e7a distor\u00e7\u00f5es, pressiona o Or\u00e7amento e empurra a infla\u00e7\u00e3o para cima. Levantamento da Ag\u00eancia Nacional do Petr\u00f3leo (ANP) mostra que, em maio, o pre\u00e7o m\u00e9dio do botij\u00e3o de 13 kg foi de R$ 108,97, com extremos que variam de R$ 75,99 (Piau\u00ed) a R$ 155 (Roraima). O IBGE aponta alta acumulada de 6,82% no ano. A maior foi de 11,95%, em Salvador, e a menor, de 2,84%, em Curitiba.<\/p>\n\n\n\n<div class=\"wp-block-image\"><figure class=\"aligncenter size-large is-resized\"><a href=\"https:\/\/www.instagram.com\/restaurantepegoretti\/\"><img loading=\"lazy\" decoding=\"async\" src=\"https:\/\/jornalfatosenoticias.com.br\/wp-content\/uploads\/2023\/12\/pegoretti-logo-pdf-1024x389.jpg\" alt=\"\" class=\"wp-image-47536\" width=\"522\" height=\"198\" srcset=\"https:\/\/jornalfatosenoticias.com.br\/wp-content\/uploads\/2023\/12\/pegoretti-logo-pdf-1024x389.jpg 1024w, https:\/\/jornalfatosenoticias.com.br\/wp-content\/uploads\/2023\/12\/pegoretti-logo-pdf-300x114.jpg 300w, https:\/\/jornalfatosenoticias.com.br\/wp-content\/uploads\/2023\/12\/pegoretti-logo-pdf-768x291.jpg 768w, https:\/\/jornalfatosenoticias.com.br\/wp-content\/uploads\/2023\/12\/pegoretti-logo-pdf.jpg 1120w\" sizes=\"auto, (max-width: 522px) 100vw, 522px\" \/><\/a><\/figure><\/div>\n\n\n\n<p>Outro foco do pacote \u00e9 a constru\u00e7\u00e3o civil. A proposta \u00e9 liberar cr\u00e9dito para pequenas reformas, numa tentativa de aquecer um setor em desacelera\u00e7\u00e3o, prejudicado pelos juros altos. O programa complementa a recente amplia\u00e7\u00e3o da faixa de renda do Minha Casa, Minha Vida, que agora atende fam\u00edlias que ganhem at\u00e9 R$ 12 mil mensais.<\/p>\n\n\n\n<div class=\"wp-block-image\"><figure class=\"aligncenter size-large is-resized\"><a href=\"https:\/\/www.facebook.com\/profile.php?id=100069289606145\"><img loading=\"lazy\" decoding=\"async\" src=\"https:\/\/jornalfatosenoticias.com.br\/wp-content\/uploads\/2024\/11\/Guaitolini-Contabilidade-1024x714.jpeg\" alt=\"\" class=\"wp-image-55808\" width=\"333\" height=\"232\" srcset=\"https:\/\/jornalfatosenoticias.com.br\/wp-content\/uploads\/2024\/11\/Guaitolini-Contabilidade-1024x714.jpeg 1024w, https:\/\/jornalfatosenoticias.com.br\/wp-content\/uploads\/2024\/11\/Guaitolini-Contabilidade-300x209.jpeg 300w, https:\/\/jornalfatosenoticias.com.br\/wp-content\/uploads\/2024\/11\/Guaitolini-Contabilidade-768x535.jpeg 768w, https:\/\/jornalfatosenoticias.com.br\/wp-content\/uploads\/2024\/11\/Guaitolini-Contabilidade.jpeg 1280w\" sizes=\"auto, (max-width: 333px) 100vw, 333px\" \/><\/a><\/figure><\/div>\n\n\n\n<p>&#8220;Tem gente que quer comprar uma casa, tem gente que j\u00e1 tem a casa, mas tem gente que quer fazer um quarto a mais, quer fazer uma garagem a mais quer fazer uma cozinha a mais, quer fazer um banheiro mais e essa gente n\u00e3o tem cr\u00e9dito. Ent\u00e3o n\u00f3s vamos abrir uma linha de cr\u00e9dito para garantir que essas pessoas tenham acesso, sabe?\u201d, disse Lula na entrevista coletiva.<\/p>\n\n\n\n<div class=\"wp-block-image\"><figure class=\"aligncenter size-large is-resized\"><a href=\"https:\/\/hotelmarquetti.com.br\/\"><img loading=\"lazy\" decoding=\"async\" src=\"https:\/\/jornalfatosenoticias.com.br\/wp-content\/uploads\/2020\/02\/LOGO-MQ-1024x680.jpg\" alt=\"\" class=\"wp-image-58299\" width=\"342\" height=\"227\" srcset=\"https:\/\/jornalfatosenoticias.com.br\/wp-content\/uploads\/2020\/02\/LOGO-MQ-1024x680.jpg 1024w, https:\/\/jornalfatosenoticias.com.br\/wp-content\/uploads\/2020\/02\/LOGO-MQ-300x199.jpg 300w, https:\/\/jornalfatosenoticias.com.br\/wp-content\/uploads\/2020\/02\/LOGO-MQ-768x510.jpg 768w, https:\/\/jornalfatosenoticias.com.br\/wp-content\/uploads\/2020\/02\/LOGO-MQ-1536x1020.jpg 1536w, https:\/\/jornalfatosenoticias.com.br\/wp-content\/uploads\/2020\/02\/LOGO-MQ-2048x1360.jpg 2048w\" sizes=\"auto, (max-width: 342px) 100vw, 342px\" \/><\/a><\/figure><\/div>\n\n\n\n<p>A proposta voltada aos motociclistas prev\u00ea a cria\u00e7\u00e3o de um programa de cr\u00e9dito facilitado para que entregadores de aplicativos consigam financiar suas motos. A inten\u00e7\u00e3o do governo \u00e9 ampliar o acesso ao financiamento com juros menores e menos burocracia, promovendo um al\u00edvio imediato para uma categoria numerosa, informal e, cada vez mais, politicamente sens\u00edvel.<\/p>\n\n\n\n<div class=\"wp-block-image\"><figure class=\"aligncenter size-large\"><a href=\"http:\/\/www.ferrarimaquinas.com.br\/\"><img loading=\"lazy\" decoding=\"async\" width=\"300\" height=\"250\" src=\"https:\/\/jornalfatosenoticias.com.br\/wp-content\/uploads\/2022\/02\/FERRARI_MAQUINAS-E-FERRAMENTAS2.jpg\" alt=\"\" class=\"wp-image-27860\"\/><\/a><\/figure><\/div>\n\n\n\n<p>Outra frente de a\u00e7\u00e3o contempla os caminhoneiros. Lula prometeu instalar estruturas de apoio nas concess\u00f5es de rodovias federais. Os pontos contariam com locais seguros para descanso e pernoite, al\u00e9m de atendimento m\u00e9dico por meio do programa &#8220;Agora Tem Especialista&#8221;, que, segundo o governo, j\u00e1 est\u00e1 em fase de implementa\u00e7\u00e3o. \u00c9 mais um gesto simb\u00f3lico e pr\u00e1tico para um setor que tem hist\u00f3rico de influ\u00eancia pol\u00edtica e impacto direto na economia e na log\u00edstica nacional.<\/p>\n\n\n\n<div class=\"wp-block-image\"><figure class=\"aligncenter size-large is-resized\"><a href=\"https:\/\/www.facebook.com\/vetor.vix\/\"><img loading=\"lazy\" decoding=\"async\" src=\"https:\/\/jornalfatosenoticias.com.br\/wp-content\/uploads\/2023\/09\/vetorvix1024_1.jpg\" alt=\"\" class=\"wp-image-44868\" width=\"558\" height=\"148\" srcset=\"https:\/\/jornalfatosenoticias.com.br\/wp-content\/uploads\/2023\/09\/vetorvix1024_1.jpg 1024w, https:\/\/jornalfatosenoticias.com.br\/wp-content\/uploads\/2023\/09\/vetorvix1024_1-300x80.jpg 300w, https:\/\/jornalfatosenoticias.com.br\/wp-content\/uploads\/2023\/09\/vetorvix1024_1-768x205.jpg 768w\" sizes=\"auto, (max-width: 558px) 100vw, 558px\" \/><\/a><\/figure><\/div>\n\n\n\n<p><strong><span class=\"has-inline-color has-black-color\">Mais consumo, mais infla\u00e7\u00e3o: medidas acentuam o &#8220;cabo de guerra&#8221; com o Banco Central<br><\/span><\/strong>As a\u00e7\u00f5es fazem parte de uma sequ\u00eancia de medidas econ\u00f4micas lan\u00e7adas desde fevereiro, que incluem a libera\u00e7\u00e3o do saque do FGTS, altera\u00e7\u00f5es no cr\u00e9dito consignado para os trabalhadores do setor privado e a proposta de amplia\u00e7\u00e3o da faixa de isen\u00e7\u00e3o do Imposto de Renda para R$ 5 mil \u2014 essa \u00faltima ainda em tramita\u00e7\u00e3o no Congresso.<\/p>\n\n\n\n<div class=\"wp-block-image\"><figure class=\"aligncenter size-large is-resized\"><img loading=\"lazy\" decoding=\"async\" src=\"https:\/\/jornalfatosenoticias.com.br\/wp-content\/uploads\/2024\/08\/Serra-4x4-1-886x1024.jpg\" alt=\"\" class=\"wp-image-53632\" width=\"273\" height=\"316\" srcset=\"https:\/\/jornalfatosenoticias.com.br\/wp-content\/uploads\/2024\/08\/Serra-4x4-1-886x1024.jpg 886w, https:\/\/jornalfatosenoticias.com.br\/wp-content\/uploads\/2024\/08\/Serra-4x4-1-260x300.jpg 260w, https:\/\/jornalfatosenoticias.com.br\/wp-content\/uploads\/2024\/08\/Serra-4x4-1-768x888.jpg 768w, https:\/\/jornalfatosenoticias.com.br\/wp-content\/uploads\/2024\/08\/Serra-4x4-1.jpg 1181w\" sizes=\"auto, (max-width: 273px) 100vw, 273px\" \/><\/figure><\/div>\n\n\n\n<p>O denominador comum dessas iniciativas \u00e9 o est\u00edmulo ao consumo, com recursos injetados diretamente na economia. S\u00f3 o FGTS deve liberar R$ 12 bilh\u00f5es. O novo modelo de cr\u00e9dito consignado pode movimentar R$ 70 bilh\u00f5es at\u00e9 2026. E a amplia\u00e7\u00e3o da faixa de isen\u00e7\u00e3o do IR, se aprovada, pode reduzir a arrecada\u00e7\u00e3o em at\u00e9 R$ 66 bilh\u00f5es.<\/p>\n\n\n\n<div class=\"wp-block-image\"><figure class=\"aligncenter size-large\"><a href=\"https:\/\/www.cesconetto.com.br\/\"><img loading=\"lazy\" decoding=\"async\" width=\"300\" height=\"250\" src=\"https:\/\/jornalfatosenoticias.com.br\/wp-content\/uploads\/2022\/02\/Banner-2.png\" alt=\"\" class=\"wp-image-27877\"\/><\/a><\/figure><\/div>\n\n\n\n<p>O problema, alertam economistas, \u00e9 que a pol\u00edtica de est\u00edmulo \u00e0 demanda se choca com a estrat\u00e9gia do Banco Central para controlar a infla\u00e7\u00e3o. Ao aquecer artificialmente o consumo em um momento de fragilidade fiscal, o governo contribui para a manuten\u00e7\u00e3o de juros elevados \u2014 e prolonga o ciclo de aperto monet\u00e1rio. A taxa Selic est\u00e1 em 14,75% ao ano, a maior desde 2006. A combina\u00e7\u00e3o de est\u00edmulos que aumentam a demanda e juros altos necess\u00e1rios para combat\u00ea-la cria um &#8220;cabo de guerra&#8221;, onde de um lado, o governo empurra o consumo; de outro, o BC precisa puxar o freio.<\/p>\n\n\n\n<div class=\"wp-block-image\"><figure class=\"aligncenter size-large is-resized\"><a href=\"https:\/\/www.instagram.com\/gruposei\/\"><img loading=\"lazy\" decoding=\"async\" src=\"https:\/\/jornalfatosenoticias.com.br\/wp-content\/uploads\/2022\/07\/Logo-Grupo-SEI.jpg\" alt=\"\" class=\"wp-image-31973\" width=\"390\" height=\"205\" srcset=\"https:\/\/jornalfatosenoticias.com.br\/wp-content\/uploads\/2022\/07\/Logo-Grupo-SEI.jpg 713w, https:\/\/jornalfatosenoticias.com.br\/wp-content\/uploads\/2022\/07\/Logo-Grupo-SEI-300x158.jpg 300w\" sizes=\"auto, (max-width: 390px) 100vw, 390px\" \/><\/a><\/figure><\/div>\n\n\n\n<p><strong><span class=\"has-inline-color has-black-color\">D\u00e9ficit em alta e juros nas alturas: quem paga a conta da reelei\u00e7\u00e3o?<br><\/span><\/strong>Em abril, o Brasil completou 23 meses consecutivos de d\u00e9ficit prim\u00e1rio no acumulado em 12 meses. As despesas superam as receitas, mesmo sem contar o pagamento de juros da d\u00edvida. A cada nova promessa, a preocupa\u00e7\u00e3o com o risco fiscal aumenta. E com ele, a necessidade de manter a Selic elevada para conter a press\u00e3o inflacion\u00e1ria.<\/p>\n\n\n\n<div class=\"wp-block-image\"><figure class=\"aligncenter size-large is-resized\"><a href=\"https:\/\/www.instagram.com\/rcradiadores\/\"><img loading=\"lazy\" decoding=\"async\" src=\"https:\/\/jornalfatosenoticias.com.br\/wp-content\/uploads\/2022\/10\/RC_800x750_page-0001.jpg\" alt=\"\" class=\"wp-image-35338\" width=\"291\" height=\"273\" srcset=\"https:\/\/jornalfatosenoticias.com.br\/wp-content\/uploads\/2022\/10\/RC_800x750_page-0001.jpg 400w, https:\/\/jornalfatosenoticias.com.br\/wp-content\/uploads\/2022\/10\/RC_800x750_page-0001-300x281.jpg 300w\" sizes=\"auto, (max-width: 291px) 100vw, 291px\" \/><\/a><\/figure><\/div>\n\n\n\n<p>A percep\u00e7\u00e3o entre agentes financeiros \u00e9 que Lula est\u00e1 menos preocupado com equil\u00edbrio macroecon\u00f4mico e mais focado na constru\u00e7\u00e3o de um discurso eleitoral para 2026. Os programas anunciados n\u00e3o v\u00eam acompanhados de reformas estruturais, cortes de gastos ou compensa\u00e7\u00f5es fiscais. O resultado \u00e9 um quadro de desequil\u00edbrio crescente.<\/p>\n\n\n\n<p><strong>Fonte: <a href=\"https:\/\/www.gazetadopovo.com.br\/economia\/lula-pacote-eleitoral-risco-fiscal-economia\/\">Gazeta do Povo<\/a><\/strong><\/p>\n","protected":false},"excerpt":{"rendered":"<p>Lula em entrevista coletiva na ter\u00e7a-feira (3), no Pal\u00e1cio do Planalto, disse que novas medidas populistas est\u00e3o a caminho Por Vandr\u00e9 Kramer Com a aprova\u00e7\u00e3o derretendo nas pesquisas e a elei\u00e7\u00e3o de 2026 no horizonte, Luiz In\u00e1cio Lula da Silva (PT) ensaia mais uma rodada de medidas econ\u00f4micas com apelo direto \u00e0s bases eleitorais. Entre [&hellip;]<\/p>\n","protected":false},"author":2,"featured_media":59739,"comment_status":"open","ping_status":"open","sticky":false,"template":"","format":"standard","meta":{"footnotes":""},"categories":[9,10],"tags":[8163,860,4182,7580,27287],"class_list":["post-59738","post","type-post","status-publish","format-standard","has-post-thumbnail","hentry","category-economia","category-politica","tag-contas-publicas","tag-governo-federal","tag-inflacao","tag-lula","tag-populismo-economico-de-lula"],"yoast_head":"<!-- This site is optimized with the Yoast SEO plugin v26.5 - https:\/\/yoast.com\/wordpress\/plugins\/seo\/ -->\n<title>G\u00e1s, entregadores, caminhoneiros, as novas propostas populistas na mesa de Lula - Jornal Fatos e Not\u00edcias<\/title>\n<meta name=\"robots\" content=\"index, follow, max-snippet:-1, max-image-preview:large, max-video-preview:-1\" \/>\n<link rel=\"canonical\" href=\"https:\/\/jornalfatosenoticias.com.br\/index.php\/2025\/06\/05\/gas-entregadores-caminhoneiros-as-novas-propostas-populistas-na-mesa-de-lula\/\" \/>\n<meta property=\"og:locale\" content=\"pt_BR\" \/>\n<meta property=\"og:type\" content=\"article\" \/>\n<meta property=\"og:title\" content=\"G\u00e1s, entregadores, caminhoneiros, as novas propostas populistas na mesa de Lula - Jornal Fatos e Not\u00edcias\" \/>\n<meta property=\"og:description\" content=\"Lula em entrevista coletiva na ter\u00e7a-feira (3), no Pal\u00e1cio do Planalto, disse que novas medidas populistas est\u00e3o a caminho Por Vandr\u00e9 Kramer Com a aprova\u00e7\u00e3o derretendo nas pesquisas e a elei\u00e7\u00e3o de 2026 no horizonte, Luiz In\u00e1cio Lula da Silva (PT) ensaia mais uma rodada de medidas econ\u00f4micas com apelo direto \u00e0s bases eleitorais. Entre [&hellip;]\" \/>\n<meta property=\"og:url\" content=\"https:\/\/jornalfatosenoticias.com.br\/index.php\/2025\/06\/05\/gas-entregadores-caminhoneiros-as-novas-propostas-populistas-na-mesa-de-lula\/\" \/>\n<meta property=\"og:site_name\" content=\"Jornal Fatos e Not\u00edcias\" \/>\n<meta property=\"article:published_time\" content=\"2025-06-05T22:50:33+00:00\" \/>\n<meta property=\"article:modified_time\" content=\"2025-06-05T22:50:35+00:00\" \/>\n<meta property=\"og:image\" content=\"https:\/\/jornalfatosenoticias.com.br\/wp-content\/uploads\/2025\/06\/pacote-eleitoral-populista-do-molusco.jpg\" \/>\n\t<meta property=\"og:image:width\" content=\"1000\" \/>\n\t<meta property=\"og:image:height\" content=\"562\" \/>\n\t<meta property=\"og:image:type\" content=\"image\/jpeg\" \/>\n<meta name=\"author\" content=\"Luzimara Fernandes\" \/>\n<meta name=\"twitter:card\" content=\"summary_large_image\" \/>\n<meta name=\"twitter:label1\" content=\"Escrito por\" \/>\n\t<meta name=\"twitter:data1\" content=\"Luzimara Fernandes\" \/>\n\t<meta name=\"twitter:label2\" content=\"Est. tempo de leitura\" \/>\n\t<meta name=\"twitter:data2\" content=\"5 minutos\" \/>\n<script type=\"application\/ld+json\" class=\"yoast-schema-graph\">{\"@context\":\"https:\/\/schema.org\",\"@graph\":[{\"@type\":\"Article\",\"@id\":\"https:\/\/jornalfatosenoticias.com.br\/index.php\/2025\/06\/05\/gas-entregadores-caminhoneiros-as-novas-propostas-populistas-na-mesa-de-lula\/#article\",\"isPartOf\":{\"@id\":\"https:\/\/jornalfatosenoticias.com.br\/index.php\/2025\/06\/05\/gas-entregadores-caminhoneiros-as-novas-propostas-populistas-na-mesa-de-lula\/\"},\"author\":{\"name\":\"Luzimara Fernandes\",\"@id\":\"https:\/\/jornalfatosenoticias.com.br\/#\/schema\/person\/d63837fa13ac8666eb9e74e0985d6f81\"},\"headline\":\"G\u00e1s, entregadores, caminhoneiros, as novas propostas populistas na mesa de Lula\",\"datePublished\":\"2025-06-05T22:50:33+00:00\",\"dateModified\":\"2025-06-05T22:50:35+00:00\",\"mainEntityOfPage\":{\"@id\":\"https:\/\/jornalfatosenoticias.com.br\/index.php\/2025\/06\/05\/gas-entregadores-caminhoneiros-as-novas-propostas-populistas-na-mesa-de-lula\/\"},\"wordCount\":1076,\"commentCount\":0,\"publisher\":{\"@id\":\"https:\/\/jornalfatosenoticias.com.br\/#organization\"},\"image\":{\"@id\":\"https:\/\/jornalfatosenoticias.com.br\/index.php\/2025\/06\/05\/gas-entregadores-caminhoneiros-as-novas-propostas-populistas-na-mesa-de-lula\/#primaryimage\"},\"thumbnailUrl\":\"https:\/\/jornalfatosenoticias.com.br\/wp-content\/uploads\/2025\/06\/pacote-eleitoral-populista-do-molusco.jpg\",\"keywords\":[\"contas p\u00fablicas\",\"governo federal\",\"infla\u00e7\u00e3o\",\"Lula\",\"populismo econ\u00f4mico de Lula\"],\"articleSection\":[\"Economia\",\"Pol\u00edtica\"],\"inLanguage\":\"pt-BR\",\"potentialAction\":[{\"@type\":\"CommentAction\",\"name\":\"Comment\",\"target\":[\"https:\/\/jornalfatosenoticias.com.br\/index.php\/2025\/06\/05\/gas-entregadores-caminhoneiros-as-novas-propostas-populistas-na-mesa-de-lula\/#respond\"]}]},{\"@type\":\"WebPage\",\"@id\":\"https:\/\/jornalfatosenoticias.com.br\/index.php\/2025\/06\/05\/gas-entregadores-caminhoneiros-as-novas-propostas-populistas-na-mesa-de-lula\/\",\"url\":\"https:\/\/jornalfatosenoticias.com.br\/index.php\/2025\/06\/05\/gas-entregadores-caminhoneiros-as-novas-propostas-populistas-na-mesa-de-lula\/\",\"name\":\"G\u00e1s, entregadores, caminhoneiros, as novas propostas populistas na mesa de Lula - Jornal Fatos e Not\u00edcias\",\"isPartOf\":{\"@id\":\"https:\/\/jornalfatosenoticias.com.br\/#website\"},\"primaryImageOfPage\":{\"@id\":\"https:\/\/jornalfatosenoticias.com.br\/index.php\/2025\/06\/05\/gas-entregadores-caminhoneiros-as-novas-propostas-populistas-na-mesa-de-lula\/#primaryimage\"},\"image\":{\"@id\":\"https:\/\/jornalfatosenoticias.com.br\/index.php\/2025\/06\/05\/gas-entregadores-caminhoneiros-as-novas-propostas-populistas-na-mesa-de-lula\/#primaryimage\"},\"thumbnailUrl\":\"https:\/\/jornalfatosenoticias.com.br\/wp-content\/uploads\/2025\/06\/pacote-eleitoral-populista-do-molusco.jpg\",\"datePublished\":\"2025-06-05T22:50:33+00:00\",\"dateModified\":\"2025-06-05T22:50:35+00:00\",\"breadcrumb\":{\"@id\":\"https:\/\/jornalfatosenoticias.com.br\/index.php\/2025\/06\/05\/gas-entregadores-caminhoneiros-as-novas-propostas-populistas-na-mesa-de-lula\/#breadcrumb\"},\"inLanguage\":\"pt-BR\",\"potentialAction\":[{\"@type\":\"ReadAction\",\"target\":[\"https:\/\/jornalfatosenoticias.com.br\/index.php\/2025\/06\/05\/gas-entregadores-caminhoneiros-as-novas-propostas-populistas-na-mesa-de-lula\/\"]}]},{\"@type\":\"ImageObject\",\"inLanguage\":\"pt-BR\",\"@id\":\"https:\/\/jornalfatosenoticias.com.br\/index.php\/2025\/06\/05\/gas-entregadores-caminhoneiros-as-novas-propostas-populistas-na-mesa-de-lula\/#primaryimage\",\"url\":\"https:\/\/jornalfatosenoticias.com.br\/wp-content\/uploads\/2025\/06\/pacote-eleitoral-populista-do-molusco.jpg\",\"contentUrl\":\"https:\/\/jornalfatosenoticias.com.br\/wp-content\/uploads\/2025\/06\/pacote-eleitoral-populista-do-molusco.jpg\",\"width\":1000,\"height\":562},{\"@type\":\"BreadcrumbList\",\"@id\":\"https:\/\/jornalfatosenoticias.com.br\/index.php\/2025\/06\/05\/gas-entregadores-caminhoneiros-as-novas-propostas-populistas-na-mesa-de-lula\/#breadcrumb\",\"itemListElement\":[{\"@type\":\"ListItem\",\"position\":1,\"name\":\"In\u00edcio\",\"item\":\"https:\/\/jornalfatosenoticias.com.br\/\"},{\"@type\":\"ListItem\",\"position\":2,\"name\":\"G\u00e1s, entregadores, caminhoneiros, as novas propostas populistas na mesa de Lula\"}]},{\"@type\":\"WebSite\",\"@id\":\"https:\/\/jornalfatosenoticias.com.br\/#website\",\"url\":\"https:\/\/jornalfatosenoticias.com.br\/\",\"name\":\"Jornal Fatos e Not\u00edcias\",\"description\":\"Not\u00edcias em geral\",\"publisher\":{\"@id\":\"https:\/\/jornalfatosenoticias.com.br\/#organization\"},\"potentialAction\":[{\"@type\":\"SearchAction\",\"target\":{\"@type\":\"EntryPoint\",\"urlTemplate\":\"https:\/\/jornalfatosenoticias.com.br\/?s={search_term_string}\"},\"query-input\":{\"@type\":\"PropertyValueSpecification\",\"valueRequired\":true,\"valueName\":\"search_term_string\"}}],\"inLanguage\":\"pt-BR\"},{\"@type\":\"Organization\",\"@id\":\"https:\/\/jornalfatosenoticias.com.br\/#organization\",\"name\":\"Jornal Fatos e Not\u00edcias\",\"url\":\"https:\/\/jornalfatosenoticias.com.br\/\",\"logo\":{\"@type\":\"ImageObject\",\"inLanguage\":\"pt-BR\",\"@id\":\"https:\/\/jornalfatosenoticias.com.br\/#\/schema\/logo\/image\/\",\"url\":\"https:\/\/jornalfatosenoticias.com.br\/wp-content\/uploads\/2020\/02\/logo120.png\",\"contentUrl\":\"https:\/\/jornalfatosenoticias.com.br\/wp-content\/uploads\/2020\/02\/logo120.png\",\"width\":1227,\"height\":120,\"caption\":\"Jornal Fatos e Not\u00edcias\"},\"image\":{\"@id\":\"https:\/\/jornalfatosenoticias.com.br\/#\/schema\/logo\/image\/\"}},{\"@type\":\"Person\",\"@id\":\"https:\/\/jornalfatosenoticias.com.br\/#\/schema\/person\/d63837fa13ac8666eb9e74e0985d6f81\",\"name\":\"Luzimara Fernandes\",\"image\":{\"@type\":\"ImageObject\",\"inLanguage\":\"pt-BR\",\"@id\":\"https:\/\/jornalfatosenoticias.com.br\/#\/schema\/person\/image\/\",\"url\":\"https:\/\/jornalfatosenoticias.com.br\/wp-content\/uploads\/2025\/05\/EU_portal.jpg\",\"contentUrl\":\"https:\/\/jornalfatosenoticias.com.br\/wp-content\/uploads\/2025\/05\/EU_portal.jpg\",\"caption\":\"Luzimara Fernandes\"},\"description\":\"Jornalista MTB 2358-ES\",\"sameAs\":[\"https:\/\/jornalfatosenoticias.com.br\"],\"url\":\"https:\/\/jornalfatosenoticias.com.br\/index.php\/author\/luzimara\/\"}]}<\/script>\n<!-- \/ Yoast SEO plugin. -->","yoast_head_json":{"title":"G\u00e1s, entregadores, caminhoneiros, as novas propostas populistas na mesa de Lula - Jornal Fatos e Not\u00edcias","robots":{"index":"index","follow":"follow","max-snippet":"max-snippet:-1","max-image-preview":"max-image-preview:large","max-video-preview":"max-video-preview:-1"},"canonical":"https:\/\/jornalfatosenoticias.com.br\/index.php\/2025\/06\/05\/gas-entregadores-caminhoneiros-as-novas-propostas-populistas-na-mesa-de-lula\/","og_locale":"pt_BR","og_type":"article","og_title":"G\u00e1s, entregadores, caminhoneiros, as novas propostas populistas na mesa de Lula - Jornal Fatos e Not\u00edcias","og_description":"Lula em entrevista coletiva na ter\u00e7a-feira (3), no Pal\u00e1cio do Planalto, disse que novas medidas populistas est\u00e3o a caminho Por Vandr\u00e9 Kramer Com a aprova\u00e7\u00e3o derretendo nas pesquisas e a elei\u00e7\u00e3o de 2026 no horizonte, Luiz In\u00e1cio Lula da Silva (PT) ensaia mais uma rodada de medidas econ\u00f4micas com apelo direto \u00e0s bases eleitorais. Entre [&hellip;]","og_url":"https:\/\/jornalfatosenoticias.com.br\/index.php\/2025\/06\/05\/gas-entregadores-caminhoneiros-as-novas-propostas-populistas-na-mesa-de-lula\/","og_site_name":"Jornal Fatos e Not\u00edcias","article_published_time":"2025-06-05T22:50:33+00:00","article_modified_time":"2025-06-05T22:50:35+00:00","og_image":[{"width":1000,"height":562,"url":"https:\/\/jornalfatosenoticias.com.br\/wp-content\/uploads\/2025\/06\/pacote-eleitoral-populista-do-molusco.jpg","type":"image\/jpeg"}],"author":"Luzimara Fernandes","twitter_card":"summary_large_image","twitter_misc":{"Escrito por":"Luzimara Fernandes","Est. tempo de leitura":"5 minutos"},"schema":{"@context":"https:\/\/schema.org","@graph":[{"@type":"Article","@id":"https:\/\/jornalfatosenoticias.com.br\/index.php\/2025\/06\/05\/gas-entregadores-caminhoneiros-as-novas-propostas-populistas-na-mesa-de-lula\/#article","isPartOf":{"@id":"https:\/\/jornalfatosenoticias.com.br\/index.php\/2025\/06\/05\/gas-entregadores-caminhoneiros-as-novas-propostas-populistas-na-mesa-de-lula\/"},"author":{"name":"Luzimara Fernandes","@id":"https:\/\/jornalfatosenoticias.com.br\/#\/schema\/person\/d63837fa13ac8666eb9e74e0985d6f81"},"headline":"G\u00e1s, entregadores, caminhoneiros, as novas propostas populistas na mesa de Lula","datePublished":"2025-06-05T22:50:33+00:00","dateModified":"2025-06-05T22:50:35+00:00","mainEntityOfPage":{"@id":"https:\/\/jornalfatosenoticias.com.br\/index.php\/2025\/06\/05\/gas-entregadores-caminhoneiros-as-novas-propostas-populistas-na-mesa-de-lula\/"},"wordCount":1076,"commentCount":0,"publisher":{"@id":"https:\/\/jornalfatosenoticias.com.br\/#organization"},"image":{"@id":"https:\/\/jornalfatosenoticias.com.br\/index.php\/2025\/06\/05\/gas-entregadores-caminhoneiros-as-novas-propostas-populistas-na-mesa-de-lula\/#primaryimage"},"thumbnailUrl":"https:\/\/jornalfatosenoticias.com.br\/wp-content\/uploads\/2025\/06\/pacote-eleitoral-populista-do-molusco.jpg","keywords":["contas p\u00fablicas","governo federal","infla\u00e7\u00e3o","Lula","populismo econ\u00f4mico de Lula"],"articleSection":["Economia","Pol\u00edtica"],"inLanguage":"pt-BR","potentialAction":[{"@type":"CommentAction","name":"Comment","target":["https:\/\/jornalfatosenoticias.com.br\/index.php\/2025\/06\/05\/gas-entregadores-caminhoneiros-as-novas-propostas-populistas-na-mesa-de-lula\/#respond"]}]},{"@type":"WebPage","@id":"https:\/\/jornalfatosenoticias.com.br\/index.php\/2025\/06\/05\/gas-entregadores-caminhoneiros-as-novas-propostas-populistas-na-mesa-de-lula\/","url":"https:\/\/jornalfatosenoticias.com.br\/index.php\/2025\/06\/05\/gas-entregadores-caminhoneiros-as-novas-propostas-populistas-na-mesa-de-lula\/","name":"G\u00e1s, entregadores, caminhoneiros, as novas propostas populistas na mesa de Lula - Jornal Fatos e Not\u00edcias","isPartOf":{"@id":"https:\/\/jornalfatosenoticias.com.br\/#website"},"primaryImageOfPage":{"@id":"https:\/\/jornalfatosenoticias.com.br\/index.php\/2025\/06\/05\/gas-entregadores-caminhoneiros-as-novas-propostas-populistas-na-mesa-de-lula\/#primaryimage"},"image":{"@id":"https:\/\/jornalfatosenoticias.com.br\/index.php\/2025\/06\/05\/gas-entregadores-caminhoneiros-as-novas-propostas-populistas-na-mesa-de-lula\/#primaryimage"},"thumbnailUrl":"https:\/\/jornalfatosenoticias.com.br\/wp-content\/uploads\/2025\/06\/pacote-eleitoral-populista-do-molusco.jpg","datePublished":"2025-06-05T22:50:33+00:00","dateModified":"2025-06-05T22:50:35+00:00","breadcrumb":{"@id":"https:\/\/jornalfatosenoticias.com.br\/index.php\/2025\/06\/05\/gas-entregadores-caminhoneiros-as-novas-propostas-populistas-na-mesa-de-lula\/#breadcrumb"},"inLanguage":"pt-BR","potentialAction":[{"@type":"ReadAction","target":["https:\/\/jornalfatosenoticias.com.br\/index.php\/2025\/06\/05\/gas-entregadores-caminhoneiros-as-novas-propostas-populistas-na-mesa-de-lula\/"]}]},{"@type":"ImageObject","inLanguage":"pt-BR","@id":"https:\/\/jornalfatosenoticias.com.br\/index.php\/2025\/06\/05\/gas-entregadores-caminhoneiros-as-novas-propostas-populistas-na-mesa-de-lula\/#primaryimage","url":"https:\/\/jornalfatosenoticias.com.br\/wp-content\/uploads\/2025\/06\/pacote-eleitoral-populista-do-molusco.jpg","contentUrl":"https:\/\/jornalfatosenoticias.com.br\/wp-content\/uploads\/2025\/06\/pacote-eleitoral-populista-do-molusco.jpg","width":1000,"height":562},{"@type":"BreadcrumbList","@id":"https:\/\/jornalfatosenoticias.com.br\/index.php\/2025\/06\/05\/gas-entregadores-caminhoneiros-as-novas-propostas-populistas-na-mesa-de-lula\/#breadcrumb","itemListElement":[{"@type":"ListItem","position":1,"name":"In\u00edcio","item":"https:\/\/jornalfatosenoticias.com.br\/"},{"@type":"ListItem","position":2,"name":"G\u00e1s, entregadores, caminhoneiros, as novas propostas populistas na mesa de Lula"}]},{"@type":"WebSite","@id":"https:\/\/jornalfatosenoticias.com.br\/#website","url":"https:\/\/jornalfatosenoticias.com.br\/","name":"Jornal Fatos e Not\u00edcias","description":"Not\u00edcias em geral","publisher":{"@id":"https:\/\/jornalfatosenoticias.com.br\/#organization"},"potentialAction":[{"@type":"SearchAction","target":{"@type":"EntryPoint","urlTemplate":"https:\/\/jornalfatosenoticias.com.br\/?s={search_term_string}"},"query-input":{"@type":"PropertyValueSpecification","valueRequired":true,"valueName":"search_term_string"}}],"inLanguage":"pt-BR"},{"@type":"Organization","@id":"https:\/\/jornalfatosenoticias.com.br\/#organization","name":"Jornal Fatos e Not\u00edcias","url":"https:\/\/jornalfatosenoticias.com.br\/","logo":{"@type":"ImageObject","inLanguage":"pt-BR","@id":"https:\/\/jornalfatosenoticias.com.br\/#\/schema\/logo\/image\/","url":"https:\/\/jornalfatosenoticias.com.br\/wp-content\/uploads\/2020\/02\/logo120.png","contentUrl":"https:\/\/jornalfatosenoticias.com.br\/wp-content\/uploads\/2020\/02\/logo120.png","width":1227,"height":120,"caption":"Jornal Fatos e Not\u00edcias"},"image":{"@id":"https:\/\/jornalfatosenoticias.com.br\/#\/schema\/logo\/image\/"}},{"@type":"Person","@id":"https:\/\/jornalfatosenoticias.com.br\/#\/schema\/person\/d63837fa13ac8666eb9e74e0985d6f81","name":"Luzimara Fernandes","image":{"@type":"ImageObject","inLanguage":"pt-BR","@id":"https:\/\/jornalfatosenoticias.com.br\/#\/schema\/person\/image\/","url":"https:\/\/jornalfatosenoticias.com.br\/wp-content\/uploads\/2025\/05\/EU_portal.jpg","contentUrl":"https:\/\/jornalfatosenoticias.com.br\/wp-content\/uploads\/2025\/05\/EU_portal.jpg","caption":"Luzimara Fernandes"},"description":"Jornalista MTB 2358-ES","sameAs":["https:\/\/jornalfatosenoticias.com.br"],"url":"https:\/\/jornalfatosenoticias.com.br\/index.php\/author\/luzimara\/"}]}},"cc_featured_image_caption":{"caption_text":"(Foto: Ricardo Stuckert\/PR) ","source_text":"","source_url":""},"jetpack_featured_media_url":"https:\/\/jornalfatosenoticias.com.br\/wp-content\/uploads\/2025\/06\/pacote-eleitoral-populista-do-molusco.jpg","_links":{"self":[{"href":"https:\/\/jornalfatosenoticias.com.br\/index.php\/wp-json\/wp\/v2\/posts\/59738","targetHints":{"allow":["GET"]}}],"collection":[{"href":"https:\/\/jornalfatosenoticias.com.br\/index.php\/wp-json\/wp\/v2\/posts"}],"about":[{"href":"https:\/\/jornalfatosenoticias.com.br\/index.php\/wp-json\/wp\/v2\/types\/post"}],"author":[{"embeddable":true,"href":"https:\/\/jornalfatosenoticias.com.br\/index.php\/wp-json\/wp\/v2\/users\/2"}],"replies":[{"embeddable":true,"href":"https:\/\/jornalfatosenoticias.com.br\/index.php\/wp-json\/wp\/v2\/comments?post=59738"}],"version-history":[{"count":0,"href":"https:\/\/jornalfatosenoticias.com.br\/index.php\/wp-json\/wp\/v2\/posts\/59738\/revisions"}],"wp:featuredmedia":[{"embeddable":true,"href":"https:\/\/jornalfatosenoticias.com.br\/index.php\/wp-json\/wp\/v2\/media\/59739"}],"wp:attachment":[{"href":"https:\/\/jornalfatosenoticias.com.br\/index.php\/wp-json\/wp\/v2\/media?parent=59738"}],"wp:term":[{"taxonomy":"category","embeddable":true,"href":"https:\/\/jornalfatosenoticias.com.br\/index.php\/wp-json\/wp\/v2\/categories?post=59738"},{"taxonomy":"post_tag","embeddable":true,"href":"https:\/\/jornalfatosenoticias.com.br\/index.php\/wp-json\/wp\/v2\/tags?post=59738"}],"curies":[{"name":"wp","href":"https:\/\/api.w.org\/{rel}","templated":true}]}}