{"id":5981,"date":"2020-06-30T10:55:48","date_gmt":"2020-06-30T13:55:48","guid":{"rendered":"https:\/\/jornalfatosenoticias.com.br\/?p=5981"},"modified":"2020-06-30T10:55:53","modified_gmt":"2020-06-30T13:55:53","slug":"estudo-identifica-racas-de-cachorro-que-mais-sofrem-com-calor-excessivo","status":"publish","type":"post","link":"https:\/\/jornalfatosenoticias.com.br\/index.php\/2020\/06\/30\/estudo-identifica-racas-de-cachorro-que-mais-sofrem-com-calor-excessivo\/","title":{"rendered":"Estudo identifica ra\u00e7as de cachorro que mais sofrem com calor excessivo"},"content":{"rendered":"\n<h6 class=\"wp-block-heading\"><em>Caracter\u00edsticas f\u00edsicas de alguns c\u00e3es fazem com que seu organismo gere mais calor do que o necess\u00e1rio. Entenda esse problema e saiba quais ra\u00e7as s\u00e3o mais propensas<\/em><\/h6>\n\n\n\n<p>Ap\u00f3s analisar os registros cl\u00ednicos de mais de 900 mil c\u00e3es em todo o Reino Unido, pesquisadores da Universidade Trent de Nottingham e da Royal Veterinary College, ambas na Inglaterra, notaram que mais de 1.200 cachorros receberam tratamento de hipertermia (o superaquecimento do corpo) durante o estudo, com quase 400 afetados em um \u00fanico ano.<br>A pesquisa, publicada no \u00faltimo dia 18 de junho na revista Scientific Reports, mostra que o calor excessivo pode ter efeitos muito graves em c\u00e3es, em especial \u00e0queles que t\u00eam o focinho &#8220;achatado&#8221;. Ra\u00e7as como pug, buldogue e chow chow possuem o chamado cr\u00e2nio braquicef\u00e1lico, caracterizado por cabe\u00e7a encurtada, face plana e nariz curto.<br>Neste estudo, o labrador retriever, c\u00e3o mais popular do Reino Unido, foi usado como &#8220;base&#8221; para comparar e identificar ra\u00e7as com maior risco de sofrer com calor intenso. O buldogue ingl\u00eas, por exemplo, demonstrou um risco 14 vezes maior de ter um quadro de hipertermia do que um labrador.<br>De acordo com a pesquisa, as ra\u00e7as com maior risco para o problema s\u00e3o: chow chow (x17), buldogue (x14); buldogue franc\u00eas (x6); dogue de Bordeaux (x5); galgo (x4); cavalier king charles spaniel (x3); pug (x3); golden retriever (x3) e springer spaniel (x3).<br>&#8220;\u00c9 prov\u00e1vel que os c\u00e3es braquicef\u00e1licos superaque\u00e7am devido a seus mecanismos de resfriamento intrinsecamente ineficazes&#8221;, disse Emily Hall, pesquisadora principal e cirurgi\u00e3 veterin\u00e1ria da Escola de Ci\u00eancias Animais, Rurais e Ambientais da Universidade Trent de Nottingham, em nota.<br>Segundo os pesquisadores, a crescente popularidade dessas ra\u00e7as \u00e9 preocupante, principalmente porque as mudan\u00e7as clim\u00e1ticas aumentam a gravidade e a frequ\u00eancia das ondas de calor.<br>O estudo tamb\u00e9m identificou outros fatores que contribuem para a hipertermia em c\u00e3es, como excesso de peso e ter mais de dois anos de idade. Cachorros grandes para sua ra\u00e7a \u2014 seja porque est\u00e3o obesos, seja porque t\u00eam porte maior \u2014 apresentam probabilidade 1,5 vez maior de ter o problema do que aqueles que est\u00e3o dentro do padr\u00e3o.<br>\u201cA boa not\u00edcia \u00e9 que h\u00e1 muitas coisas que podemos fazer para garantir que nossos c\u00e3es fiquem felizes e saud\u00e1veis \u200b\u200bcom o calor. Certifique-se de que eles tenham muita sombra e \u00e1gua\u201d, recomenda Paula Boyden, diretora veterin\u00e1ria da Dogs Trust, que apoiou a pesquisa. O estudo tamb\u00e9m sugere aos futuros donos de cachorros que pesquisem sobre ra\u00e7as antes de adquiri-las.<\/p>\n\n\n\n<p><strong><em>Fonte: <a href=\"https:\/\/revistagalileu.globo.com\/Ciencia\/Biologia\/noticia\/2020\/06\/estudo-identifica-racas-de-cachorro-que-mais-sofrem-com-calor-excessivo.html\">Revista Galileu<\/a><\/em><\/strong><\/p>\n","protected":false},"excerpt":{"rendered":"<p>Caracter\u00edsticas f\u00edsicas de alguns c\u00e3es fazem com que seu organismo gere mais calor do que o necess\u00e1rio. Entenda esse problema e saiba quais ra\u00e7as s\u00e3o mais propensas Ap\u00f3s analisar os registros cl\u00ednicos de mais de 900 mil c\u00e3es em todo o Reino Unido, pesquisadores da Universidade Trent de Nottingham e da Royal Veterinary College, ambas [&hellip;]<\/p>\n","protected":false},"author":2,"featured_media":5982,"comment_status":"open","ping_status":"open","sticky":false,"template":"","format":"standard","meta":{"footnotes":""},"categories":[2522],"tags":[3569,3571,115,3568],"class_list":["post-5981","post","type-post","status-publish","format-standard","has-post-thumbnail","hentry","category-comportamento","tag-calor-excessivo","tag-organismo","tag-pesquisa","tag-racas-de-caes"],"yoast_head":"<!-- This site is optimized with the Yoast SEO plugin v26.5 - https:\/\/yoast.com\/wordpress\/plugins\/seo\/ -->\n<title>Estudo identifica ra\u00e7as de cachorro que mais sofrem com calor excessivo - Jornal Fatos e Not\u00edcias<\/title>\n<meta name=\"robots\" content=\"index, follow, max-snippet:-1, max-image-preview:large, max-video-preview:-1\" \/>\n<link rel=\"canonical\" href=\"https:\/\/jornalfatosenoticias.com.br\/index.php\/2020\/06\/30\/estudo-identifica-racas-de-cachorro-que-mais-sofrem-com-calor-excessivo\/\" \/>\n<meta property=\"og:locale\" content=\"pt_BR\" \/>\n<meta property=\"og:type\" content=\"article\" \/>\n<meta property=\"og:title\" content=\"Estudo identifica ra\u00e7as de cachorro que mais sofrem com calor excessivo - Jornal Fatos e Not\u00edcias\" \/>\n<meta property=\"og:description\" content=\"Caracter\u00edsticas f\u00edsicas de alguns c\u00e3es fazem com que seu organismo gere mais calor do que o necess\u00e1rio. Entenda esse problema e saiba quais ra\u00e7as s\u00e3o mais propensas Ap\u00f3s analisar os registros cl\u00ednicos de mais de 900 mil c\u00e3es em todo o Reino Unido, pesquisadores da Universidade Trent de Nottingham e da Royal Veterinary College, ambas [&hellip;]\" \/>\n<meta property=\"og:url\" content=\"https:\/\/jornalfatosenoticias.com.br\/index.php\/2020\/06\/30\/estudo-identifica-racas-de-cachorro-que-mais-sofrem-com-calor-excessivo\/\" \/>\n<meta property=\"og:site_name\" content=\"Jornal Fatos e Not\u00edcias\" \/>\n<meta property=\"article:published_time\" content=\"2020-06-30T13:55:48+00:00\" \/>\n<meta property=\"article:modified_time\" content=\"2020-06-30T13:55:53+00:00\" \/>\n<meta property=\"og:image\" content=\"https:\/\/jornalfatosenoticias.com.br\/wp-content\/uploads\/2020\/06\/cao-calor.jpg\" \/>\n\t<meta property=\"og:image:width\" content=\"1000\" \/>\n\t<meta property=\"og:image:height\" content=\"666\" \/>\n\t<meta property=\"og:image:type\" content=\"image\/jpeg\" \/>\n<meta name=\"author\" content=\"Luzimara Fernandes\" \/>\n<meta name=\"twitter:card\" content=\"summary_large_image\" \/>\n<meta name=\"twitter:label1\" content=\"Escrito por\" \/>\n\t<meta name=\"twitter:data1\" content=\"Luzimara Fernandes\" \/>\n\t<meta name=\"twitter:label2\" content=\"Est. tempo de leitura\" \/>\n\t<meta name=\"twitter:data2\" content=\"2 minutos\" \/>\n<script type=\"application\/ld+json\" class=\"yoast-schema-graph\">{\"@context\":\"https:\/\/schema.org\",\"@graph\":[{\"@type\":\"Article\",\"@id\":\"https:\/\/jornalfatosenoticias.com.br\/index.php\/2020\/06\/30\/estudo-identifica-racas-de-cachorro-que-mais-sofrem-com-calor-excessivo\/#article\",\"isPartOf\":{\"@id\":\"https:\/\/jornalfatosenoticias.com.br\/index.php\/2020\/06\/30\/estudo-identifica-racas-de-cachorro-que-mais-sofrem-com-calor-excessivo\/\"},\"author\":{\"name\":\"Luzimara Fernandes\",\"@id\":\"https:\/\/jornalfatosenoticias.com.br\/#\/schema\/person\/d63837fa13ac8666eb9e74e0985d6f81\"},\"headline\":\"Estudo identifica ra\u00e7as de cachorro que mais sofrem com calor excessivo\",\"datePublished\":\"2020-06-30T13:55:48+00:00\",\"dateModified\":\"2020-06-30T13:55:53+00:00\",\"mainEntityOfPage\":{\"@id\":\"https:\/\/jornalfatosenoticias.com.br\/index.php\/2020\/06\/30\/estudo-identifica-racas-de-cachorro-que-mais-sofrem-com-calor-excessivo\/\"},\"wordCount\":456,\"commentCount\":0,\"publisher\":{\"@id\":\"https:\/\/jornalfatosenoticias.com.br\/#organization\"},\"image\":{\"@id\":\"https:\/\/jornalfatosenoticias.com.br\/index.php\/2020\/06\/30\/estudo-identifica-racas-de-cachorro-que-mais-sofrem-com-calor-excessivo\/#primaryimage\"},\"thumbnailUrl\":\"https:\/\/jornalfatosenoticias.com.br\/wp-content\/uploads\/2020\/06\/cao-calor.jpg\",\"keywords\":[\"calor excessivo\",\"organismo\",\"pesquisa\",\"ra\u00e7as de c\u00e3es\"],\"articleSection\":[\"Comportamento &amp; Equil\u00edbrio\"],\"inLanguage\":\"pt-BR\",\"potentialAction\":[{\"@type\":\"CommentAction\",\"name\":\"Comment\",\"target\":[\"https:\/\/jornalfatosenoticias.com.br\/index.php\/2020\/06\/30\/estudo-identifica-racas-de-cachorro-que-mais-sofrem-com-calor-excessivo\/#respond\"]}]},{\"@type\":\"WebPage\",\"@id\":\"https:\/\/jornalfatosenoticias.com.br\/index.php\/2020\/06\/30\/estudo-identifica-racas-de-cachorro-que-mais-sofrem-com-calor-excessivo\/\",\"url\":\"https:\/\/jornalfatosenoticias.com.br\/index.php\/2020\/06\/30\/estudo-identifica-racas-de-cachorro-que-mais-sofrem-com-calor-excessivo\/\",\"name\":\"Estudo identifica ra\u00e7as de cachorro que mais sofrem com calor excessivo - Jornal Fatos e Not\u00edcias\",\"isPartOf\":{\"@id\":\"https:\/\/jornalfatosenoticias.com.br\/#website\"},\"primaryImageOfPage\":{\"@id\":\"https:\/\/jornalfatosenoticias.com.br\/index.php\/2020\/06\/30\/estudo-identifica-racas-de-cachorro-que-mais-sofrem-com-calor-excessivo\/#primaryimage\"},\"image\":{\"@id\":\"https:\/\/jornalfatosenoticias.com.br\/index.php\/2020\/06\/30\/estudo-identifica-racas-de-cachorro-que-mais-sofrem-com-calor-excessivo\/#primaryimage\"},\"thumbnailUrl\":\"https:\/\/jornalfatosenoticias.com.br\/wp-content\/uploads\/2020\/06\/cao-calor.jpg\",\"datePublished\":\"2020-06-30T13:55:48+00:00\",\"dateModified\":\"2020-06-30T13:55:53+00:00\",\"breadcrumb\":{\"@id\":\"https:\/\/jornalfatosenoticias.com.br\/index.php\/2020\/06\/30\/estudo-identifica-racas-de-cachorro-que-mais-sofrem-com-calor-excessivo\/#breadcrumb\"},\"inLanguage\":\"pt-BR\",\"potentialAction\":[{\"@type\":\"ReadAction\",\"target\":[\"https:\/\/jornalfatosenoticias.com.br\/index.php\/2020\/06\/30\/estudo-identifica-racas-de-cachorro-que-mais-sofrem-com-calor-excessivo\/\"]}]},{\"@type\":\"ImageObject\",\"inLanguage\":\"pt-BR\",\"@id\":\"https:\/\/jornalfatosenoticias.com.br\/index.php\/2020\/06\/30\/estudo-identifica-racas-de-cachorro-que-mais-sofrem-com-calor-excessivo\/#primaryimage\",\"url\":\"https:\/\/jornalfatosenoticias.com.br\/wp-content\/uploads\/2020\/06\/cao-calor.jpg\",\"contentUrl\":\"https:\/\/jornalfatosenoticias.com.br\/wp-content\/uploads\/2020\/06\/cao-calor.jpg\",\"width\":1000,\"height\":666},{\"@type\":\"BreadcrumbList\",\"@id\":\"https:\/\/jornalfatosenoticias.com.br\/index.php\/2020\/06\/30\/estudo-identifica-racas-de-cachorro-que-mais-sofrem-com-calor-excessivo\/#breadcrumb\",\"itemListElement\":[{\"@type\":\"ListItem\",\"position\":1,\"name\":\"In\u00edcio\",\"item\":\"https:\/\/jornalfatosenoticias.com.br\/\"},{\"@type\":\"ListItem\",\"position\":2,\"name\":\"Estudo identifica ra\u00e7as de cachorro que mais sofrem com calor excessivo\"}]},{\"@type\":\"WebSite\",\"@id\":\"https:\/\/jornalfatosenoticias.com.br\/#website\",\"url\":\"https:\/\/jornalfatosenoticias.com.br\/\",\"name\":\"Jornal Fatos e Not\u00edcias\",\"description\":\"Not\u00edcias em geral\",\"publisher\":{\"@id\":\"https:\/\/jornalfatosenoticias.com.br\/#organization\"},\"potentialAction\":[{\"@type\":\"SearchAction\",\"target\":{\"@type\":\"EntryPoint\",\"urlTemplate\":\"https:\/\/jornalfatosenoticias.com.br\/?s={search_term_string}\"},\"query-input\":{\"@type\":\"PropertyValueSpecification\",\"valueRequired\":true,\"valueName\":\"search_term_string\"}}],\"inLanguage\":\"pt-BR\"},{\"@type\":\"Organization\",\"@id\":\"https:\/\/jornalfatosenoticias.com.br\/#organization\",\"name\":\"Jornal Fatos e Not\u00edcias\",\"url\":\"https:\/\/jornalfatosenoticias.com.br\/\",\"logo\":{\"@type\":\"ImageObject\",\"inLanguage\":\"pt-BR\",\"@id\":\"https:\/\/jornalfatosenoticias.com.br\/#\/schema\/logo\/image\/\",\"url\":\"https:\/\/jornalfatosenoticias.com.br\/wp-content\/uploads\/2020\/02\/logo120.png\",\"contentUrl\":\"https:\/\/jornalfatosenoticias.com.br\/wp-content\/uploads\/2020\/02\/logo120.png\",\"width\":1227,\"height\":120,\"caption\":\"Jornal Fatos e Not\u00edcias\"},\"image\":{\"@id\":\"https:\/\/jornalfatosenoticias.com.br\/#\/schema\/logo\/image\/\"}},{\"@type\":\"Person\",\"@id\":\"https:\/\/jornalfatosenoticias.com.br\/#\/schema\/person\/d63837fa13ac8666eb9e74e0985d6f81\",\"name\":\"Luzimara Fernandes\",\"image\":{\"@type\":\"ImageObject\",\"inLanguage\":\"pt-BR\",\"@id\":\"https:\/\/jornalfatosenoticias.com.br\/#\/schema\/person\/image\/\",\"url\":\"https:\/\/jornalfatosenoticias.com.br\/wp-content\/uploads\/2025\/05\/EU_portal.jpg\",\"contentUrl\":\"https:\/\/jornalfatosenoticias.com.br\/wp-content\/uploads\/2025\/05\/EU_portal.jpg\",\"caption\":\"Luzimara Fernandes\"},\"description\":\"Jornalista MTB 2358-ES\",\"sameAs\":[\"https:\/\/jornalfatosenoticias.com.br\"],\"url\":\"https:\/\/jornalfatosenoticias.com.br\/index.php\/author\/luzimara\/\"}]}<\/script>\n<!-- \/ Yoast SEO plugin. -->","yoast_head_json":{"title":"Estudo identifica ra\u00e7as de cachorro que mais sofrem com calor excessivo - Jornal Fatos e Not\u00edcias","robots":{"index":"index","follow":"follow","max-snippet":"max-snippet:-1","max-image-preview":"max-image-preview:large","max-video-preview":"max-video-preview:-1"},"canonical":"https:\/\/jornalfatosenoticias.com.br\/index.php\/2020\/06\/30\/estudo-identifica-racas-de-cachorro-que-mais-sofrem-com-calor-excessivo\/","og_locale":"pt_BR","og_type":"article","og_title":"Estudo identifica ra\u00e7as de cachorro que mais sofrem com calor excessivo - Jornal Fatos e Not\u00edcias","og_description":"Caracter\u00edsticas f\u00edsicas de alguns c\u00e3es fazem com que seu organismo gere mais calor do que o necess\u00e1rio. Entenda esse problema e saiba quais ra\u00e7as s\u00e3o mais propensas Ap\u00f3s analisar os registros cl\u00ednicos de mais de 900 mil c\u00e3es em todo o Reino Unido, pesquisadores da Universidade Trent de Nottingham e da Royal Veterinary College, ambas [&hellip;]","og_url":"https:\/\/jornalfatosenoticias.com.br\/index.php\/2020\/06\/30\/estudo-identifica-racas-de-cachorro-que-mais-sofrem-com-calor-excessivo\/","og_site_name":"Jornal Fatos e Not\u00edcias","article_published_time":"2020-06-30T13:55:48+00:00","article_modified_time":"2020-06-30T13:55:53+00:00","og_image":[{"width":1000,"height":666,"url":"https:\/\/jornalfatosenoticias.com.br\/wp-content\/uploads\/2020\/06\/cao-calor.jpg","type":"image\/jpeg"}],"author":"Luzimara Fernandes","twitter_card":"summary_large_image","twitter_misc":{"Escrito por":"Luzimara Fernandes","Est. tempo de leitura":"2 minutos"},"schema":{"@context":"https:\/\/schema.org","@graph":[{"@type":"Article","@id":"https:\/\/jornalfatosenoticias.com.br\/index.php\/2020\/06\/30\/estudo-identifica-racas-de-cachorro-que-mais-sofrem-com-calor-excessivo\/#article","isPartOf":{"@id":"https:\/\/jornalfatosenoticias.com.br\/index.php\/2020\/06\/30\/estudo-identifica-racas-de-cachorro-que-mais-sofrem-com-calor-excessivo\/"},"author":{"name":"Luzimara Fernandes","@id":"https:\/\/jornalfatosenoticias.com.br\/#\/schema\/person\/d63837fa13ac8666eb9e74e0985d6f81"},"headline":"Estudo identifica ra\u00e7as de cachorro que mais sofrem com calor excessivo","datePublished":"2020-06-30T13:55:48+00:00","dateModified":"2020-06-30T13:55:53+00:00","mainEntityOfPage":{"@id":"https:\/\/jornalfatosenoticias.com.br\/index.php\/2020\/06\/30\/estudo-identifica-racas-de-cachorro-que-mais-sofrem-com-calor-excessivo\/"},"wordCount":456,"commentCount":0,"publisher":{"@id":"https:\/\/jornalfatosenoticias.com.br\/#organization"},"image":{"@id":"https:\/\/jornalfatosenoticias.com.br\/index.php\/2020\/06\/30\/estudo-identifica-racas-de-cachorro-que-mais-sofrem-com-calor-excessivo\/#primaryimage"},"thumbnailUrl":"https:\/\/jornalfatosenoticias.com.br\/wp-content\/uploads\/2020\/06\/cao-calor.jpg","keywords":["calor excessivo","organismo","pesquisa","ra\u00e7as de c\u00e3es"],"articleSection":["Comportamento &amp; Equil\u00edbrio"],"inLanguage":"pt-BR","potentialAction":[{"@type":"CommentAction","name":"Comment","target":["https:\/\/jornalfatosenoticias.com.br\/index.php\/2020\/06\/30\/estudo-identifica-racas-de-cachorro-que-mais-sofrem-com-calor-excessivo\/#respond"]}]},{"@type":"WebPage","@id":"https:\/\/jornalfatosenoticias.com.br\/index.php\/2020\/06\/30\/estudo-identifica-racas-de-cachorro-que-mais-sofrem-com-calor-excessivo\/","url":"https:\/\/jornalfatosenoticias.com.br\/index.php\/2020\/06\/30\/estudo-identifica-racas-de-cachorro-que-mais-sofrem-com-calor-excessivo\/","name":"Estudo identifica ra\u00e7as de cachorro que mais sofrem com calor excessivo - Jornal Fatos e Not\u00edcias","isPartOf":{"@id":"https:\/\/jornalfatosenoticias.com.br\/#website"},"primaryImageOfPage":{"@id":"https:\/\/jornalfatosenoticias.com.br\/index.php\/2020\/06\/30\/estudo-identifica-racas-de-cachorro-que-mais-sofrem-com-calor-excessivo\/#primaryimage"},"image":{"@id":"https:\/\/jornalfatosenoticias.com.br\/index.php\/2020\/06\/30\/estudo-identifica-racas-de-cachorro-que-mais-sofrem-com-calor-excessivo\/#primaryimage"},"thumbnailUrl":"https:\/\/jornalfatosenoticias.com.br\/wp-content\/uploads\/2020\/06\/cao-calor.jpg","datePublished":"2020-06-30T13:55:48+00:00","dateModified":"2020-06-30T13:55:53+00:00","breadcrumb":{"@id":"https:\/\/jornalfatosenoticias.com.br\/index.php\/2020\/06\/30\/estudo-identifica-racas-de-cachorro-que-mais-sofrem-com-calor-excessivo\/#breadcrumb"},"inLanguage":"pt-BR","potentialAction":[{"@type":"ReadAction","target":["https:\/\/jornalfatosenoticias.com.br\/index.php\/2020\/06\/30\/estudo-identifica-racas-de-cachorro-que-mais-sofrem-com-calor-excessivo\/"]}]},{"@type":"ImageObject","inLanguage":"pt-BR","@id":"https:\/\/jornalfatosenoticias.com.br\/index.php\/2020\/06\/30\/estudo-identifica-racas-de-cachorro-que-mais-sofrem-com-calor-excessivo\/#primaryimage","url":"https:\/\/jornalfatosenoticias.com.br\/wp-content\/uploads\/2020\/06\/cao-calor.jpg","contentUrl":"https:\/\/jornalfatosenoticias.com.br\/wp-content\/uploads\/2020\/06\/cao-calor.jpg","width":1000,"height":666},{"@type":"BreadcrumbList","@id":"https:\/\/jornalfatosenoticias.com.br\/index.php\/2020\/06\/30\/estudo-identifica-racas-de-cachorro-que-mais-sofrem-com-calor-excessivo\/#breadcrumb","itemListElement":[{"@type":"ListItem","position":1,"name":"In\u00edcio","item":"https:\/\/jornalfatosenoticias.com.br\/"},{"@type":"ListItem","position":2,"name":"Estudo identifica ra\u00e7as de cachorro que mais sofrem com calor excessivo"}]},{"@type":"WebSite","@id":"https:\/\/jornalfatosenoticias.com.br\/#website","url":"https:\/\/jornalfatosenoticias.com.br\/","name":"Jornal Fatos e Not\u00edcias","description":"Not\u00edcias em geral","publisher":{"@id":"https:\/\/jornalfatosenoticias.com.br\/#organization"},"potentialAction":[{"@type":"SearchAction","target":{"@type":"EntryPoint","urlTemplate":"https:\/\/jornalfatosenoticias.com.br\/?s={search_term_string}"},"query-input":{"@type":"PropertyValueSpecification","valueRequired":true,"valueName":"search_term_string"}}],"inLanguage":"pt-BR"},{"@type":"Organization","@id":"https:\/\/jornalfatosenoticias.com.br\/#organization","name":"Jornal Fatos e Not\u00edcias","url":"https:\/\/jornalfatosenoticias.com.br\/","logo":{"@type":"ImageObject","inLanguage":"pt-BR","@id":"https:\/\/jornalfatosenoticias.com.br\/#\/schema\/logo\/image\/","url":"https:\/\/jornalfatosenoticias.com.br\/wp-content\/uploads\/2020\/02\/logo120.png","contentUrl":"https:\/\/jornalfatosenoticias.com.br\/wp-content\/uploads\/2020\/02\/logo120.png","width":1227,"height":120,"caption":"Jornal Fatos e Not\u00edcias"},"image":{"@id":"https:\/\/jornalfatosenoticias.com.br\/#\/schema\/logo\/image\/"}},{"@type":"Person","@id":"https:\/\/jornalfatosenoticias.com.br\/#\/schema\/person\/d63837fa13ac8666eb9e74e0985d6f81","name":"Luzimara Fernandes","image":{"@type":"ImageObject","inLanguage":"pt-BR","@id":"https:\/\/jornalfatosenoticias.com.br\/#\/schema\/person\/image\/","url":"https:\/\/jornalfatosenoticias.com.br\/wp-content\/uploads\/2025\/05\/EU_portal.jpg","contentUrl":"https:\/\/jornalfatosenoticias.com.br\/wp-content\/uploads\/2025\/05\/EU_portal.jpg","caption":"Luzimara Fernandes"},"description":"Jornalista MTB 2358-ES","sameAs":["https:\/\/jornalfatosenoticias.com.br"],"url":"https:\/\/jornalfatosenoticias.com.br\/index.php\/author\/luzimara\/"}]}},"cc_featured_image_caption":{"caption_text":"(Foto: Creative Commons)","source_text":"","source_url":""},"jetpack_featured_media_url":"https:\/\/jornalfatosenoticias.com.br\/wp-content\/uploads\/2020\/06\/cao-calor.jpg","_links":{"self":[{"href":"https:\/\/jornalfatosenoticias.com.br\/index.php\/wp-json\/wp\/v2\/posts\/5981","targetHints":{"allow":["GET"]}}],"collection":[{"href":"https:\/\/jornalfatosenoticias.com.br\/index.php\/wp-json\/wp\/v2\/posts"}],"about":[{"href":"https:\/\/jornalfatosenoticias.com.br\/index.php\/wp-json\/wp\/v2\/types\/post"}],"author":[{"embeddable":true,"href":"https:\/\/jornalfatosenoticias.com.br\/index.php\/wp-json\/wp\/v2\/users\/2"}],"replies":[{"embeddable":true,"href":"https:\/\/jornalfatosenoticias.com.br\/index.php\/wp-json\/wp\/v2\/comments?post=5981"}],"version-history":[{"count":0,"href":"https:\/\/jornalfatosenoticias.com.br\/index.php\/wp-json\/wp\/v2\/posts\/5981\/revisions"}],"wp:featuredmedia":[{"embeddable":true,"href":"https:\/\/jornalfatosenoticias.com.br\/index.php\/wp-json\/wp\/v2\/media\/5982"}],"wp:attachment":[{"href":"https:\/\/jornalfatosenoticias.com.br\/index.php\/wp-json\/wp\/v2\/media?parent=5981"}],"wp:term":[{"taxonomy":"category","embeddable":true,"href":"https:\/\/jornalfatosenoticias.com.br\/index.php\/wp-json\/wp\/v2\/categories?post=5981"},{"taxonomy":"post_tag","embeddable":true,"href":"https:\/\/jornalfatosenoticias.com.br\/index.php\/wp-json\/wp\/v2\/tags?post=5981"}],"curies":[{"name":"wp","href":"https:\/\/api.w.org\/{rel}","templated":true}]}}