{"id":59811,"date":"2025-06-12T14:31:11","date_gmt":"2025-06-12T17:31:11","guid":{"rendered":"https:\/\/jornalfatosenoticias.com.br\/?p=59811"},"modified":"2025-06-12T14:31:13","modified_gmt":"2025-06-12T17:31:13","slug":"espancamentos-e-feminicidios-parte-iv","status":"publish","type":"post","link":"https:\/\/jornalfatosenoticias.com.br\/index.php\/2025\/06\/12\/espancamentos-e-feminicidios-parte-iv\/","title":{"rendered":"Espancamentos e Feminic\u00eddios \u2014 Parte IV"},"content":{"rendered":"\n<p><em><span class=\"has-inline-color has-black-color\">Um tapa come\u00e7ou a ser montado muito antes, com uma palavra r\u00edspida, seguida de um xingamento, um primeiro empurr\u00e3o, um tapa meio de rasp\u00e3o, e ent\u00e3o a surra. E, ent\u00e3o, segue o assassinato<\/span><\/em><\/p>\n\n\n\n<div class=\"wp-block-image\"><figure class=\"aligncenter size-large\"><a href=\"https:\/\/mizu.com.br\/\"><img loading=\"lazy\" decoding=\"async\" width=\"729\" height=\"90\" src=\"https:\/\/jornalfatosenoticias.com.br\/wp-content\/uploads\/2020\/02\/Logo_Mizu.png\" alt=\"\" class=\"wp-image-1441\" srcset=\"https:\/\/jornalfatosenoticias.com.br\/wp-content\/uploads\/2020\/02\/Logo_Mizu.png 729w, https:\/\/jornalfatosenoticias.com.br\/wp-content\/uploads\/2020\/02\/Logo_Mizu-300x37.png 300w\" sizes=\"auto, (max-width: 729px) 100vw, 729px\" \/><\/a><\/figure><\/div>\n\n\n\n<p>Quando assistimos \u00e0 desembargadora em franco Ato Falho que explicita o desejo\/articula\u00e7\u00e3o da revoga\u00e7\u00e3o da lei Maria da Penha em conjunto coordenado com a manuten\u00e7\u00e3o da lei de aliena\u00e7\u00e3o parental, fica mais do que evidente a raiva pelos mil\u00edmetros conquistados pela mulher nesses \u00faltimos anos. A Misoginia acomete n\u00e3o s\u00f3 os homens. Tamb\u00e9m, certas mulheres. Poderemos nos arriscar a tecer alguns pontos que ajudam a compreender essa complexidade, odiar mulheres sendo mulher. Oportunamente.<br>Os Espancamentos e os Feminic\u00eddios n\u00e3o s\u00e3o pontos iniciais. Eles fazem parte de um processo que os antecede, e que os acompanha, compondo uma esp\u00e9cie de cen\u00e1rio. A brutalidade das viol\u00eancias f\u00edsicas tem uma curva ascendente. Um tapa come\u00e7ou a ser montado muito antes, com uma palavra r\u00edspida, seguida de um xingamento, um primeiro empurr\u00e3o, um tapa meio de rasp\u00e3o, e ent\u00e3o a surra. E, ent\u00e3o, segue o assassinato.<\/p>\n\n\n\n<div class=\"wp-block-image\"><figure class=\"aligncenter size-large\"><a href=\"https:\/\/www.cesconetto.com.br\/\"><img loading=\"lazy\" decoding=\"async\" width=\"300\" height=\"250\" src=\"https:\/\/jornalfatosenoticias.com.br\/wp-content\/uploads\/2022\/02\/Banner-2.png\" alt=\"\" class=\"wp-image-27877\"\/><\/a><\/figure><\/div>\n\n\n\n<p>Mas existem outros tipos de viol\u00eancia contra a Mulher. S\u00e3o formas que prescindem das marcas na pele. A forma sexual, apesar de conter a concretude do s\u00eamen, pode acontecer no \u201cabrigo\u201d de um casamento. Lembro de uma senhora vi\u00fava, na terceira idade, que procurou a an\u00e1lise para contar pela primeira vez que o marido desde a lua de mel, pegava sua arma no arm\u00e1rio e colocava na mesinha de cabeceira, para depois do estupro, guard\u00e1-la de novo por causa das crian\u00e7as. Um estupro silencioso, dissimulado. Semelhante aos estupros, incluindo qualquer ato de lasc\u00edvia com crian\u00e7as. Silenciosos e dissimulados. Dom\u00e9sticos. Incestuosos em sua grande maioria.<\/p>\n\n\n\n<div class=\"wp-block-image\"><figure class=\"aligncenter size-large\"><img loading=\"lazy\" decoding=\"async\" width=\"612\" height=\"408\" src=\"https:\/\/jornalfatosenoticias.com.br\/wp-content\/uploads\/2025\/06\/violencia-mulher3_istock.jpg\" alt=\"\" class=\"wp-image-59814\" srcset=\"https:\/\/jornalfatosenoticias.com.br\/wp-content\/uploads\/2025\/06\/violencia-mulher3_istock.jpg 612w, https:\/\/jornalfatosenoticias.com.br\/wp-content\/uploads\/2025\/06\/violencia-mulher3_istock-300x200.jpg 300w\" sizes=\"auto, (max-width: 612px) 100vw, 612px\" \/><figcaption><em><span class=\"has-inline-color has-black-color\">(Foto: iStock)<\/span><\/em><\/figcaption><\/figure><\/div>\n\n\n\n<p>A viol\u00eancia psicol\u00f3gica tem uma infinidade de modalidades. Talvez a mais cruel seja aquela que \u00e9 reservada, quase secreta, a dois somente. E por ser t\u00e3o reservada, a Mulher n\u00e3o consegue se queixar com ningu\u00e9m, ela \u00e9 privada da poss\u00edvel rede de apoio, estrat\u00e9gia do agressor, que goza de fama de boa pessoa, de ser at\u00e9 um marido que elogia a mulher, porque ele cuida, meticulosamente, de parecer que tem uma admira\u00e7\u00e3o pela sua mulher. Isso lhe garante a maldosa e intencional desqualifica\u00e7\u00e3o e descr\u00e9dito da voz da mulher. Tamb\u00e9m \u00e9 viol\u00eancia psicol\u00f3gica a estrat\u00e9gia de patologizar a mentalmente, com vistas \u00e0 interna\u00e7\u00e3o psiqui\u00e1trica para aniquilar por completo. No momento deve acontecer o seguimento de processo judicial movido por uma Mulher que foi internada numa esp\u00e9cie de sequestro promovido pelo ex-marido em conluio com uma psiquiatra e dois enfermeiros psiqui\u00e1tricos que colocaram a mulher em camisa de for\u00e7a, apesar da nenhuma resist\u00eancia dela, ambul\u00e2ncia e Cl\u00ednica, sem deixar rastro. Foi salva porque conseguiu mandar um bilhete para o namorado, bilhete que saiu no sapato da m\u00e3e de outro paciente.<\/p>\n\n\n\n<div class=\"wp-block-image\"><figure class=\"aligncenter size-large is-resized\"><a href=\"https:\/\/www.instagram.com\/serra4x4cambioautomatico\/\"><img loading=\"lazy\" decoding=\"async\" src=\"https:\/\/jornalfatosenoticias.com.br\/wp-content\/uploads\/2024\/08\/Serra-4x4-1-886x1024.jpg\" alt=\"\" class=\"wp-image-53632\" width=\"260\" height=\"300\" srcset=\"https:\/\/jornalfatosenoticias.com.br\/wp-content\/uploads\/2024\/08\/Serra-4x4-1-886x1024.jpg 886w, https:\/\/jornalfatosenoticias.com.br\/wp-content\/uploads\/2024\/08\/Serra-4x4-1-260x300.jpg 260w, https:\/\/jornalfatosenoticias.com.br\/wp-content\/uploads\/2024\/08\/Serra-4x4-1-768x888.jpg 768w, https:\/\/jornalfatosenoticias.com.br\/wp-content\/uploads\/2024\/08\/Serra-4x4-1.jpg 1181w\" sizes=\"auto, (max-width: 260px) 100vw, 260px\" \/><\/a><\/figure><\/div>\n\n\n\n<p>Outras vezes a viol\u00eancia psicol\u00f3gica \u00e9 escancarada e paralisa as pessoas ao redor, tamanha a naturalidade com que \u00e9 usada. Tamb\u00e9m acontece com a forma Moral, que, por vezes, se inicie ainda durante a vig\u00eancia da rela\u00e7\u00e3o conjugal, e passa pela separa\u00e7\u00e3o quando se torna a \u201cjustificativa\u2019 da deprecia\u00e7\u00e3o no lugar da frustra\u00e7\u00e3o que deveria ser vivida.<\/p>\n\n\n\n<div class=\"wp-block-image\"><figure class=\"aligncenter size-large is-resized\"><a href=\"https:\/\/www.facebook.com\/postobkr\/?locale=pt_BR\"><img loading=\"lazy\" decoding=\"async\" src=\"https:\/\/jornalfatosenoticias.com.br\/wp-content\/uploads\/2023\/08\/BKR-1024x1021.jpg\" alt=\"\" class=\"wp-image-44494\" width=\"276\" height=\"275\" srcset=\"https:\/\/jornalfatosenoticias.com.br\/wp-content\/uploads\/2023\/08\/BKR-1024x1021.jpg 1024w, https:\/\/jornalfatosenoticias.com.br\/wp-content\/uploads\/2023\/08\/BKR-300x300.jpg 300w, https:\/\/jornalfatosenoticias.com.br\/wp-content\/uploads\/2023\/08\/BKR-150x150.jpg 150w, https:\/\/jornalfatosenoticias.com.br\/wp-content\/uploads\/2023\/08\/BKR-768x766.jpg 768w, https:\/\/jornalfatosenoticias.com.br\/wp-content\/uploads\/2023\/08\/BKR.jpg 1080w\" sizes=\"auto, (max-width: 276px) 100vw, 276px\" \/><\/a><\/figure><\/div>\n\n\n\n<p>A viol\u00eancia patrimonial tem por objetivo empobrecer a mulher de maneira que ela perca bens, profiss\u00e3o, tudo o que pode manter sua autonomia. Parece haver um desejo de que a Mulher, liquidada financeiramente, venha a passar por constrangimento, e fomes diversas, possivelmente, venha a depender de terceiros ou do ex-marido. Obstruir a carreira profissional, de diversas maneiras, muitas por tr\u00e1fico de influ\u00eancia, \u00e9 uma estrat\u00e9gia muito frequenta.<\/p>\n\n\n\n<div class=\"wp-block-image\"><figure class=\"aligncenter size-large\"><img loading=\"lazy\" decoding=\"async\" width=\"612\" height=\"408\" src=\"https:\/\/jornalfatosenoticias.com.br\/wp-content\/uploads\/2025\/06\/violencia-mulher4_istock.jpg\" alt=\"\" class=\"wp-image-59813\" srcset=\"https:\/\/jornalfatosenoticias.com.br\/wp-content\/uploads\/2025\/06\/violencia-mulher4_istock.jpg 612w, https:\/\/jornalfatosenoticias.com.br\/wp-content\/uploads\/2025\/06\/violencia-mulher4_istock-300x200.jpg 300w\" sizes=\"auto, (max-width: 612px) 100vw, 612px\" \/><figcaption><em><span class=\"has-inline-color has-black-color\">(Foto: iStock)<\/span><\/em><\/figcaption><\/figure><\/div>\n\n\n\n<p>Recentemente foi inclu\u00edda mais uma forma de viol\u00eancia: a Vic\u00e1ria. Ainda pouco conhecida, mas muito difundida, \u00e9 a \u201cviol\u00eancia por procura\u00e7\u00e3o\u201d. Ou seja, o agressor faz com que outra pessoa pratique a viol\u00eancia em seu lugar. As crian\u00e7as servem muito a este prop\u00f3sito. H\u00e1 aquela frase conhecida: se voc\u00ea quer atingir uma mulher, atinja seu filho. A lei de aliena\u00e7\u00e3o parental se encaixa plenamente nesse tipo de viol\u00eancia. O uso da crian\u00e7a como arma contra a m\u00e3e atrav\u00e9s da invers\u00e3o de guarda, da guarda compartilhada de beb\u00eas, que n\u00e3o passa da divis\u00e3o de um rel\u00f3gio, totalmente inadequada e mal\u00e9fica para o rec\u00e9m-nascido. <\/p>\n\n\n\n<div class=\"wp-block-image\"><figure class=\"aligncenter size-large is-resized\"><a href=\"https:\/\/hotelmarquetti.com.br\/\"><img loading=\"lazy\" decoding=\"async\" src=\"https:\/\/jornalfatosenoticias.com.br\/wp-content\/uploads\/2020\/02\/LOGO-MQ-1024x680.jpg\" alt=\"\" class=\"wp-image-58299\" width=\"386\" height=\"256\" srcset=\"https:\/\/jornalfatosenoticias.com.br\/wp-content\/uploads\/2020\/02\/LOGO-MQ-1024x680.jpg 1024w, https:\/\/jornalfatosenoticias.com.br\/wp-content\/uploads\/2020\/02\/LOGO-MQ-300x199.jpg 300w, https:\/\/jornalfatosenoticias.com.br\/wp-content\/uploads\/2020\/02\/LOGO-MQ-768x510.jpg 768w, https:\/\/jornalfatosenoticias.com.br\/wp-content\/uploads\/2020\/02\/LOGO-MQ-1536x1020.jpg 1536w, https:\/\/jornalfatosenoticias.com.br\/wp-content\/uploads\/2020\/02\/LOGO-MQ-2048x1360.jpg 2048w\" sizes=\"auto, (max-width: 386px) 100vw, 386px\" \/><\/a><\/figure><\/div>\n\n\n\n<p>Acontecem senten\u00e7as que estabelecem que o beb\u00ea de uma semana fica pela manh\u00e3 com o pai e \u00e0 tarde com a m\u00e3e. Possivelmente, o juiz nunca viu que seus filhos, logo que nasciam, precisavam mamar de tr\u00eas em tr\u00eas horas, e precisavam do colo da m\u00e3e sempre que chorassem por algum motivo. A Psic\u00f3loga e Perita Internacional Sonia Vaccaro escreveu, brilhantemente, \u201cViol\u00eancia Vic\u00e1ria: golpear donde m\u00e1s duele\u201d, deixando \u00e0 mostra a const\u00e2ncia da viol\u00eancia de g\u00eanero.<\/p>\n\n\n\n<div class=\"wp-block-image\"><figure class=\"aligncenter size-large is-resized\"><a href=\"https:\/\/www.facebook.com\/profile.php?id=100069289606145\"><img loading=\"lazy\" decoding=\"async\" src=\"https:\/\/jornalfatosenoticias.com.br\/wp-content\/uploads\/2024\/11\/Guaitolini-Contabilidade-1024x714.jpeg\" alt=\"\" class=\"wp-image-55808\" width=\"347\" height=\"242\" srcset=\"https:\/\/jornalfatosenoticias.com.br\/wp-content\/uploads\/2024\/11\/Guaitolini-Contabilidade-1024x714.jpeg 1024w, https:\/\/jornalfatosenoticias.com.br\/wp-content\/uploads\/2024\/11\/Guaitolini-Contabilidade-300x209.jpeg 300w, https:\/\/jornalfatosenoticias.com.br\/wp-content\/uploads\/2024\/11\/Guaitolini-Contabilidade-768x535.jpeg 768w, https:\/\/jornalfatosenoticias.com.br\/wp-content\/uploads\/2024\/11\/Guaitolini-Contabilidade.jpeg 1280w\" sizes=\"auto, (max-width: 347px) 100vw, 347px\" \/><\/a><\/figure><\/div>\n\n\n\n<p>Aliena\u00e7\u00e3o parental, uma nova forma de viol\u00eancia de g\u00eanero contra mulheres e crian\u00e7as na Am\u00e9rica Latina e Caribe\u201d, livro organizado pelo CLADEM, Comit\u00ea Latino Americano e do Caribe, aborda no conjunto de autores, a viol\u00eancia de g\u00eanero, tamb\u00e9m aponta para esse sentimento de \u00f3dio contra as mulheres e suas crian\u00e7as.<\/p>\n\n\n\n<div class=\"wp-block-image\"><figure class=\"aligncenter size-large is-resized\"><a href=\"https:\/\/www.instagram.com\/esteio.churrascaria\/\"><img loading=\"lazy\" decoding=\"async\" src=\"https:\/\/jornalfatosenoticias.com.br\/wp-content\/uploads\/2022\/02\/LOGO-ESTEIO-1024x730.png\" alt=\"\" class=\"wp-image-27942\" width=\"322\" height=\"229\" srcset=\"https:\/\/jornalfatosenoticias.com.br\/wp-content\/uploads\/2022\/02\/LOGO-ESTEIO-1024x730.png 1024w, https:\/\/jornalfatosenoticias.com.br\/wp-content\/uploads\/2022\/02\/LOGO-ESTEIO-300x214.png 300w, https:\/\/jornalfatosenoticias.com.br\/wp-content\/uploads\/2022\/02\/LOGO-ESTEIO-768x548.png 768w, https:\/\/jornalfatosenoticias.com.br\/wp-content\/uploads\/2022\/02\/LOGO-ESTEIO.png 1123w\" sizes=\"auto, (max-width: 322px) 100vw, 322px\" \/><\/a><\/figure><\/div>\n\n\n\n<p>Essas s\u00e3o as seis formas de viol\u00eancia contra a Mulher inscritas na Lei Maria da Penha, lei n.\u00ba 11.340\/2006. A Lei do Estupro \u00e9 de 2009, n.\u00ba 12.015. a Lei do Feminic\u00eddio \u00e9 de 2015, n.\u00ba 13.104. S\u00e3o \u00f3timas leis! Mas\u2026 Os Espancamentos e os Feminic\u00eddios s\u00e3o o alicerce estrutural da cultura masculinista. N\u00f3s todos, Sociedade, n\u00f3s todos, Estado, seguimos espancando e matando Mulheres e Crian\u00e7as.<\/p>\n","protected":false},"excerpt":{"rendered":"<p>Um tapa come\u00e7ou a ser montado muito antes, com uma palavra r\u00edspida, seguida de um xingamento, um primeiro empurr\u00e3o, um tapa meio de rasp\u00e3o, e ent\u00e3o a surra. E, ent\u00e3o, segue o assassinato Quando assistimos \u00e0 desembargadora em franco Ato Falho que explicita o desejo\/articula\u00e7\u00e3o da revoga\u00e7\u00e3o da lei Maria da Penha em conjunto coordenado [&hellip;]<\/p>\n","protected":false},"author":8,"featured_media":59812,"comment_status":"open","ping_status":"open","sticky":false,"template":"","format":"standard","meta":{"footnotes":""},"categories":[2522],"tags":[9981,27327,27135,10871,27328,27325,27326,2479,14701],"class_list":["post-59811","post","type-post","status-publish","format-standard","has-post-thumbnail","hentry","category-comportamento","tag-assassinato","tag-empurrao","tag-espancamentos","tag-feminicidios","tag-palavra-rispida","tag-surra","tag-tapa","tag-violencia","tag-xingamento"],"yoast_head":"<!-- This site is optimized with the Yoast SEO plugin v26.5 - https:\/\/yoast.com\/wordpress\/plugins\/seo\/ -->\n<title>Espancamentos e Feminic\u00eddios \u2014 Parte IV - Jornal Fatos e Not\u00edcias<\/title>\n<meta name=\"robots\" content=\"index, follow, max-snippet:-1, max-image-preview:large, max-video-preview:-1\" \/>\n<link rel=\"canonical\" href=\"https:\/\/jornalfatosenoticias.com.br\/index.php\/2025\/06\/12\/espancamentos-e-feminicidios-parte-iv\/\" \/>\n<meta property=\"og:locale\" content=\"pt_BR\" \/>\n<meta property=\"og:type\" content=\"article\" \/>\n<meta property=\"og:title\" content=\"Espancamentos e Feminic\u00eddios \u2014 Parte IV - Jornal Fatos e Not\u00edcias\" \/>\n<meta property=\"og:description\" content=\"Um tapa come\u00e7ou a ser montado muito antes, com uma palavra r\u00edspida, seguida de um xingamento, um primeiro empurr\u00e3o, um tapa meio de rasp\u00e3o, e ent\u00e3o a surra. E, ent\u00e3o, segue o assassinato Quando assistimos \u00e0 desembargadora em franco Ato Falho que explicita o desejo\/articula\u00e7\u00e3o da revoga\u00e7\u00e3o da lei Maria da Penha em conjunto coordenado [&hellip;]\" \/>\n<meta property=\"og:url\" content=\"https:\/\/jornalfatosenoticias.com.br\/index.php\/2025\/06\/12\/espancamentos-e-feminicidios-parte-iv\/\" \/>\n<meta property=\"og:site_name\" content=\"Jornal Fatos e Not\u00edcias\" \/>\n<meta property=\"article:published_time\" content=\"2025-06-12T17:31:11+00:00\" \/>\n<meta property=\"article:modified_time\" content=\"2025-06-12T17:31:13+00:00\" \/>\n<meta property=\"og:image\" content=\"https:\/\/jornalfatosenoticias.com.br\/wp-content\/uploads\/2025\/06\/violencia-mulher2_istock.jpg\" \/>\n\t<meta property=\"og:image:width\" content=\"612\" \/>\n\t<meta property=\"og:image:height\" content=\"408\" \/>\n\t<meta property=\"og:image:type\" content=\"image\/jpeg\" \/>\n<meta name=\"author\" content=\"Ana Maria Iencarelli\" \/>\n<meta name=\"twitter:card\" content=\"summary_large_image\" \/>\n<meta name=\"twitter:label1\" content=\"Escrito por\" \/>\n\t<meta name=\"twitter:data1\" content=\"Ana Maria Iencarelli\" \/>\n\t<meta name=\"twitter:label2\" content=\"Est. tempo de leitura\" \/>\n\t<meta name=\"twitter:data2\" content=\"5 minutos\" \/>\n<script type=\"application\/ld+json\" class=\"yoast-schema-graph\">{\"@context\":\"https:\/\/schema.org\",\"@graph\":[{\"@type\":\"Article\",\"@id\":\"https:\/\/jornalfatosenoticias.com.br\/index.php\/2025\/06\/12\/espancamentos-e-feminicidios-parte-iv\/#article\",\"isPartOf\":{\"@id\":\"https:\/\/jornalfatosenoticias.com.br\/index.php\/2025\/06\/12\/espancamentos-e-feminicidios-parte-iv\/\"},\"author\":{\"name\":\"Ana Maria Iencarelli\",\"@id\":\"https:\/\/jornalfatosenoticias.com.br\/#\/schema\/person\/c33fcf5fb02d729d3fec92c6737a22d1\"},\"headline\":\"Espancamentos e Feminic\u00eddios \u2014 Parte IV\",\"datePublished\":\"2025-06-12T17:31:11+00:00\",\"dateModified\":\"2025-06-12T17:31:13+00:00\",\"mainEntityOfPage\":{\"@id\":\"https:\/\/jornalfatosenoticias.com.br\/index.php\/2025\/06\/12\/espancamentos-e-feminicidios-parte-iv\/\"},\"wordCount\":992,\"commentCount\":0,\"publisher\":{\"@id\":\"https:\/\/jornalfatosenoticias.com.br\/#organization\"},\"image\":{\"@id\":\"https:\/\/jornalfatosenoticias.com.br\/index.php\/2025\/06\/12\/espancamentos-e-feminicidios-parte-iv\/#primaryimage\"},\"thumbnailUrl\":\"https:\/\/jornalfatosenoticias.com.br\/wp-content\/uploads\/2025\/06\/violencia-mulher2_istock.jpg\",\"keywords\":[\"assassinato\",\"empurr\u00e3o\",\"espancamentos\",\"feminic\u00eddios\",\"palavra r\u00edspida\",\"surra\",\"tapa\",\"viol\u00eancia\",\"xingamento\"],\"articleSection\":[\"Comportamento &amp; Equil\u00edbrio\"],\"inLanguage\":\"pt-BR\",\"potentialAction\":[{\"@type\":\"CommentAction\",\"name\":\"Comment\",\"target\":[\"https:\/\/jornalfatosenoticias.com.br\/index.php\/2025\/06\/12\/espancamentos-e-feminicidios-parte-iv\/#respond\"]}]},{\"@type\":\"WebPage\",\"@id\":\"https:\/\/jornalfatosenoticias.com.br\/index.php\/2025\/06\/12\/espancamentos-e-feminicidios-parte-iv\/\",\"url\":\"https:\/\/jornalfatosenoticias.com.br\/index.php\/2025\/06\/12\/espancamentos-e-feminicidios-parte-iv\/\",\"name\":\"Espancamentos e Feminic\u00eddios \u2014 Parte IV - Jornal Fatos e Not\u00edcias\",\"isPartOf\":{\"@id\":\"https:\/\/jornalfatosenoticias.com.br\/#website\"},\"primaryImageOfPage\":{\"@id\":\"https:\/\/jornalfatosenoticias.com.br\/index.php\/2025\/06\/12\/espancamentos-e-feminicidios-parte-iv\/#primaryimage\"},\"image\":{\"@id\":\"https:\/\/jornalfatosenoticias.com.br\/index.php\/2025\/06\/12\/espancamentos-e-feminicidios-parte-iv\/#primaryimage\"},\"thumbnailUrl\":\"https:\/\/jornalfatosenoticias.com.br\/wp-content\/uploads\/2025\/06\/violencia-mulher2_istock.jpg\",\"datePublished\":\"2025-06-12T17:31:11+00:00\",\"dateModified\":\"2025-06-12T17:31:13+00:00\",\"breadcrumb\":{\"@id\":\"https:\/\/jornalfatosenoticias.com.br\/index.php\/2025\/06\/12\/espancamentos-e-feminicidios-parte-iv\/#breadcrumb\"},\"inLanguage\":\"pt-BR\",\"potentialAction\":[{\"@type\":\"ReadAction\",\"target\":[\"https:\/\/jornalfatosenoticias.com.br\/index.php\/2025\/06\/12\/espancamentos-e-feminicidios-parte-iv\/\"]}]},{\"@type\":\"ImageObject\",\"inLanguage\":\"pt-BR\",\"@id\":\"https:\/\/jornalfatosenoticias.com.br\/index.php\/2025\/06\/12\/espancamentos-e-feminicidios-parte-iv\/#primaryimage\",\"url\":\"https:\/\/jornalfatosenoticias.com.br\/wp-content\/uploads\/2025\/06\/violencia-mulher2_istock.jpg\",\"contentUrl\":\"https:\/\/jornalfatosenoticias.com.br\/wp-content\/uploads\/2025\/06\/violencia-mulher2_istock.jpg\",\"width\":612,\"height\":408,\"caption\":\"Domestic violence victim, a young woman being hurt\"},{\"@type\":\"BreadcrumbList\",\"@id\":\"https:\/\/jornalfatosenoticias.com.br\/index.php\/2025\/06\/12\/espancamentos-e-feminicidios-parte-iv\/#breadcrumb\",\"itemListElement\":[{\"@type\":\"ListItem\",\"position\":1,\"name\":\"In\u00edcio\",\"item\":\"https:\/\/jornalfatosenoticias.com.br\/\"},{\"@type\":\"ListItem\",\"position\":2,\"name\":\"Espancamentos e Feminic\u00eddios \u2014 Parte IV\"}]},{\"@type\":\"WebSite\",\"@id\":\"https:\/\/jornalfatosenoticias.com.br\/#website\",\"url\":\"https:\/\/jornalfatosenoticias.com.br\/\",\"name\":\"Jornal Fatos e Not\u00edcias\",\"description\":\"Not\u00edcias em geral\",\"publisher\":{\"@id\":\"https:\/\/jornalfatosenoticias.com.br\/#organization\"},\"potentialAction\":[{\"@type\":\"SearchAction\",\"target\":{\"@type\":\"EntryPoint\",\"urlTemplate\":\"https:\/\/jornalfatosenoticias.com.br\/?s={search_term_string}\"},\"query-input\":{\"@type\":\"PropertyValueSpecification\",\"valueRequired\":true,\"valueName\":\"search_term_string\"}}],\"inLanguage\":\"pt-BR\"},{\"@type\":\"Organization\",\"@id\":\"https:\/\/jornalfatosenoticias.com.br\/#organization\",\"name\":\"Jornal Fatos e Not\u00edcias\",\"url\":\"https:\/\/jornalfatosenoticias.com.br\/\",\"logo\":{\"@type\":\"ImageObject\",\"inLanguage\":\"pt-BR\",\"@id\":\"https:\/\/jornalfatosenoticias.com.br\/#\/schema\/logo\/image\/\",\"url\":\"https:\/\/jornalfatosenoticias.com.br\/wp-content\/uploads\/2020\/02\/logo120.png\",\"contentUrl\":\"https:\/\/jornalfatosenoticias.com.br\/wp-content\/uploads\/2020\/02\/logo120.png\",\"width\":1227,\"height\":120,\"caption\":\"Jornal Fatos e Not\u00edcias\"},\"image\":{\"@id\":\"https:\/\/jornalfatosenoticias.com.br\/#\/schema\/logo\/image\/\"}},{\"@type\":\"Person\",\"@id\":\"https:\/\/jornalfatosenoticias.com.br\/#\/schema\/person\/c33fcf5fb02d729d3fec92c6737a22d1\",\"name\":\"Ana Maria Iencarelli\",\"image\":{\"@type\":\"ImageObject\",\"inLanguage\":\"pt-BR\",\"@id\":\"https:\/\/jornalfatosenoticias.com.br\/#\/schema\/person\/image\/\",\"url\":\"https:\/\/jornalfatosenoticias.com.br\/wp-content\/uploads\/2020\/02\/Ana-Maria-Iencarelli-1-150x150.jpg\",\"contentUrl\":\"https:\/\/jornalfatosenoticias.com.br\/wp-content\/uploads\/2020\/02\/Ana-Maria-Iencarelli-1-150x150.jpg\",\"caption\":\"Ana Maria Iencarelli\"},\"description\":\"Psicanalista Cl\u00ednica, especializada no atendimento a Crian\u00e7as e Adolescentes. Presidente da ONG Vozes de Anjos.\",\"url\":\"https:\/\/jornalfatosenoticias.com.br\/index.php\/author\/anamaria\/\"}]}<\/script>\n<!-- \/ Yoast SEO plugin. -->","yoast_head_json":{"title":"Espancamentos e Feminic\u00eddios \u2014 Parte IV - Jornal Fatos e Not\u00edcias","robots":{"index":"index","follow":"follow","max-snippet":"max-snippet:-1","max-image-preview":"max-image-preview:large","max-video-preview":"max-video-preview:-1"},"canonical":"https:\/\/jornalfatosenoticias.com.br\/index.php\/2025\/06\/12\/espancamentos-e-feminicidios-parte-iv\/","og_locale":"pt_BR","og_type":"article","og_title":"Espancamentos e Feminic\u00eddios \u2014 Parte IV - Jornal Fatos e Not\u00edcias","og_description":"Um tapa come\u00e7ou a ser montado muito antes, com uma palavra r\u00edspida, seguida de um xingamento, um primeiro empurr\u00e3o, um tapa meio de rasp\u00e3o, e ent\u00e3o a surra. E, ent\u00e3o, segue o assassinato Quando assistimos \u00e0 desembargadora em franco Ato Falho que explicita o desejo\/articula\u00e7\u00e3o da revoga\u00e7\u00e3o da lei Maria da Penha em conjunto coordenado [&hellip;]","og_url":"https:\/\/jornalfatosenoticias.com.br\/index.php\/2025\/06\/12\/espancamentos-e-feminicidios-parte-iv\/","og_site_name":"Jornal Fatos e Not\u00edcias","article_published_time":"2025-06-12T17:31:11+00:00","article_modified_time":"2025-06-12T17:31:13+00:00","og_image":[{"width":612,"height":408,"url":"https:\/\/jornalfatosenoticias.com.br\/wp-content\/uploads\/2025\/06\/violencia-mulher2_istock.jpg","type":"image\/jpeg"}],"author":"Ana Maria Iencarelli","twitter_card":"summary_large_image","twitter_misc":{"Escrito por":"Ana Maria Iencarelli","Est. tempo de leitura":"5 minutos"},"schema":{"@context":"https:\/\/schema.org","@graph":[{"@type":"Article","@id":"https:\/\/jornalfatosenoticias.com.br\/index.php\/2025\/06\/12\/espancamentos-e-feminicidios-parte-iv\/#article","isPartOf":{"@id":"https:\/\/jornalfatosenoticias.com.br\/index.php\/2025\/06\/12\/espancamentos-e-feminicidios-parte-iv\/"},"author":{"name":"Ana Maria Iencarelli","@id":"https:\/\/jornalfatosenoticias.com.br\/#\/schema\/person\/c33fcf5fb02d729d3fec92c6737a22d1"},"headline":"Espancamentos e Feminic\u00eddios \u2014 Parte IV","datePublished":"2025-06-12T17:31:11+00:00","dateModified":"2025-06-12T17:31:13+00:00","mainEntityOfPage":{"@id":"https:\/\/jornalfatosenoticias.com.br\/index.php\/2025\/06\/12\/espancamentos-e-feminicidios-parte-iv\/"},"wordCount":992,"commentCount":0,"publisher":{"@id":"https:\/\/jornalfatosenoticias.com.br\/#organization"},"image":{"@id":"https:\/\/jornalfatosenoticias.com.br\/index.php\/2025\/06\/12\/espancamentos-e-feminicidios-parte-iv\/#primaryimage"},"thumbnailUrl":"https:\/\/jornalfatosenoticias.com.br\/wp-content\/uploads\/2025\/06\/violencia-mulher2_istock.jpg","keywords":["assassinato","empurr\u00e3o","espancamentos","feminic\u00eddios","palavra r\u00edspida","surra","tapa","viol\u00eancia","xingamento"],"articleSection":["Comportamento &amp; Equil\u00edbrio"],"inLanguage":"pt-BR","potentialAction":[{"@type":"CommentAction","name":"Comment","target":["https:\/\/jornalfatosenoticias.com.br\/index.php\/2025\/06\/12\/espancamentos-e-feminicidios-parte-iv\/#respond"]}]},{"@type":"WebPage","@id":"https:\/\/jornalfatosenoticias.com.br\/index.php\/2025\/06\/12\/espancamentos-e-feminicidios-parte-iv\/","url":"https:\/\/jornalfatosenoticias.com.br\/index.php\/2025\/06\/12\/espancamentos-e-feminicidios-parte-iv\/","name":"Espancamentos e Feminic\u00eddios \u2014 Parte IV - Jornal Fatos e Not\u00edcias","isPartOf":{"@id":"https:\/\/jornalfatosenoticias.com.br\/#website"},"primaryImageOfPage":{"@id":"https:\/\/jornalfatosenoticias.com.br\/index.php\/2025\/06\/12\/espancamentos-e-feminicidios-parte-iv\/#primaryimage"},"image":{"@id":"https:\/\/jornalfatosenoticias.com.br\/index.php\/2025\/06\/12\/espancamentos-e-feminicidios-parte-iv\/#primaryimage"},"thumbnailUrl":"https:\/\/jornalfatosenoticias.com.br\/wp-content\/uploads\/2025\/06\/violencia-mulher2_istock.jpg","datePublished":"2025-06-12T17:31:11+00:00","dateModified":"2025-06-12T17:31:13+00:00","breadcrumb":{"@id":"https:\/\/jornalfatosenoticias.com.br\/index.php\/2025\/06\/12\/espancamentos-e-feminicidios-parte-iv\/#breadcrumb"},"inLanguage":"pt-BR","potentialAction":[{"@type":"ReadAction","target":["https:\/\/jornalfatosenoticias.com.br\/index.php\/2025\/06\/12\/espancamentos-e-feminicidios-parte-iv\/"]}]},{"@type":"ImageObject","inLanguage":"pt-BR","@id":"https:\/\/jornalfatosenoticias.com.br\/index.php\/2025\/06\/12\/espancamentos-e-feminicidios-parte-iv\/#primaryimage","url":"https:\/\/jornalfatosenoticias.com.br\/wp-content\/uploads\/2025\/06\/violencia-mulher2_istock.jpg","contentUrl":"https:\/\/jornalfatosenoticias.com.br\/wp-content\/uploads\/2025\/06\/violencia-mulher2_istock.jpg","width":612,"height":408,"caption":"Domestic violence victim, a young woman being hurt"},{"@type":"BreadcrumbList","@id":"https:\/\/jornalfatosenoticias.com.br\/index.php\/2025\/06\/12\/espancamentos-e-feminicidios-parte-iv\/#breadcrumb","itemListElement":[{"@type":"ListItem","position":1,"name":"In\u00edcio","item":"https:\/\/jornalfatosenoticias.com.br\/"},{"@type":"ListItem","position":2,"name":"Espancamentos e Feminic\u00eddios \u2014 Parte IV"}]},{"@type":"WebSite","@id":"https:\/\/jornalfatosenoticias.com.br\/#website","url":"https:\/\/jornalfatosenoticias.com.br\/","name":"Jornal Fatos e Not\u00edcias","description":"Not\u00edcias em geral","publisher":{"@id":"https:\/\/jornalfatosenoticias.com.br\/#organization"},"potentialAction":[{"@type":"SearchAction","target":{"@type":"EntryPoint","urlTemplate":"https:\/\/jornalfatosenoticias.com.br\/?s={search_term_string}"},"query-input":{"@type":"PropertyValueSpecification","valueRequired":true,"valueName":"search_term_string"}}],"inLanguage":"pt-BR"},{"@type":"Organization","@id":"https:\/\/jornalfatosenoticias.com.br\/#organization","name":"Jornal Fatos e Not\u00edcias","url":"https:\/\/jornalfatosenoticias.com.br\/","logo":{"@type":"ImageObject","inLanguage":"pt-BR","@id":"https:\/\/jornalfatosenoticias.com.br\/#\/schema\/logo\/image\/","url":"https:\/\/jornalfatosenoticias.com.br\/wp-content\/uploads\/2020\/02\/logo120.png","contentUrl":"https:\/\/jornalfatosenoticias.com.br\/wp-content\/uploads\/2020\/02\/logo120.png","width":1227,"height":120,"caption":"Jornal Fatos e Not\u00edcias"},"image":{"@id":"https:\/\/jornalfatosenoticias.com.br\/#\/schema\/logo\/image\/"}},{"@type":"Person","@id":"https:\/\/jornalfatosenoticias.com.br\/#\/schema\/person\/c33fcf5fb02d729d3fec92c6737a22d1","name":"Ana Maria Iencarelli","image":{"@type":"ImageObject","inLanguage":"pt-BR","@id":"https:\/\/jornalfatosenoticias.com.br\/#\/schema\/person\/image\/","url":"https:\/\/jornalfatosenoticias.com.br\/wp-content\/uploads\/2020\/02\/Ana-Maria-Iencarelli-1-150x150.jpg","contentUrl":"https:\/\/jornalfatosenoticias.com.br\/wp-content\/uploads\/2020\/02\/Ana-Maria-Iencarelli-1-150x150.jpg","caption":"Ana Maria Iencarelli"},"description":"Psicanalista Cl\u00ednica, especializada no atendimento a Crian\u00e7as e Adolescentes. Presidente da ONG Vozes de Anjos.","url":"https:\/\/jornalfatosenoticias.com.br\/index.php\/author\/anamaria\/"}]}},"cc_featured_image_caption":{"caption_text":"(Foto: iStock) ","source_text":"","source_url":""},"jetpack_featured_media_url":"https:\/\/jornalfatosenoticias.com.br\/wp-content\/uploads\/2025\/06\/violencia-mulher2_istock.jpg","_links":{"self":[{"href":"https:\/\/jornalfatosenoticias.com.br\/index.php\/wp-json\/wp\/v2\/posts\/59811","targetHints":{"allow":["GET"]}}],"collection":[{"href":"https:\/\/jornalfatosenoticias.com.br\/index.php\/wp-json\/wp\/v2\/posts"}],"about":[{"href":"https:\/\/jornalfatosenoticias.com.br\/index.php\/wp-json\/wp\/v2\/types\/post"}],"author":[{"embeddable":true,"href":"https:\/\/jornalfatosenoticias.com.br\/index.php\/wp-json\/wp\/v2\/users\/8"}],"replies":[{"embeddable":true,"href":"https:\/\/jornalfatosenoticias.com.br\/index.php\/wp-json\/wp\/v2\/comments?post=59811"}],"version-history":[{"count":0,"href":"https:\/\/jornalfatosenoticias.com.br\/index.php\/wp-json\/wp\/v2\/posts\/59811\/revisions"}],"wp:featuredmedia":[{"embeddable":true,"href":"https:\/\/jornalfatosenoticias.com.br\/index.php\/wp-json\/wp\/v2\/media\/59812"}],"wp:attachment":[{"href":"https:\/\/jornalfatosenoticias.com.br\/index.php\/wp-json\/wp\/v2\/media?parent=59811"}],"wp:term":[{"taxonomy":"category","embeddable":true,"href":"https:\/\/jornalfatosenoticias.com.br\/index.php\/wp-json\/wp\/v2\/categories?post=59811"},{"taxonomy":"post_tag","embeddable":true,"href":"https:\/\/jornalfatosenoticias.com.br\/index.php\/wp-json\/wp\/v2\/tags?post=59811"}],"curies":[{"name":"wp","href":"https:\/\/api.w.org\/{rel}","templated":true}]}}