{"id":59816,"date":"2025-06-12T14:54:10","date_gmt":"2025-06-12T17:54:10","guid":{"rendered":"https:\/\/jornalfatosenoticias.com.br\/?p=59816"},"modified":"2025-06-12T14:54:11","modified_gmt":"2025-06-12T17:54:11","slug":"dados-desaparecidos-da-china-nao-conseguem-esconder-a-desaceleracao-economica-do-pais","status":"publish","type":"post","link":"https:\/\/jornalfatosenoticias.com.br\/index.php\/2025\/06\/12\/dados-desaparecidos-da-china-nao-conseguem-esconder-a-desaceleracao-economica-do-pais\/","title":{"rendered":"Dados \u201cdesaparecidos\u201d da China n\u00e3o conseguem esconder a desacelera\u00e7\u00e3o econ\u00f4mica do pa\u00eds"},"content":{"rendered":"\n<p><span class=\"has-inline-color has-black-color\">Por <strong>Ethan Yang\/Ryan Yonk<\/strong><\/span><\/p>\n\n\n\n<div class=\"wp-block-image\"><figure class=\"aligncenter size-large\"><a href=\"https:\/\/mizu.com.br\/\"><img loading=\"lazy\" decoding=\"async\" width=\"729\" height=\"90\" src=\"https:\/\/jornalfatosenoticias.com.br\/wp-content\/uploads\/2020\/02\/Logo_Mizu.png\" alt=\"\" class=\"wp-image-1441\" srcset=\"https:\/\/jornalfatosenoticias.com.br\/wp-content\/uploads\/2020\/02\/Logo_Mizu.png 729w, https:\/\/jornalfatosenoticias.com.br\/wp-content\/uploads\/2020\/02\/Logo_Mizu-300x37.png 300w\" sizes=\"auto, (max-width: 729px) 100vw, 729px\" \/><\/a><\/figure><\/div>\n\n\n\n<p>\u00c9 cada vez mais dif\u00edcil encontrar informa\u00e7\u00f5es sobre a sa\u00fade econ\u00f4mica da <a href=\"https:\/\/www.epochtimes.com.br\/focus\/china\" target=\"_blank\" rel=\"noreferrer noopener\">China<\/a>. Embora Pequim seja sempre opaca sobre qualquer coisa que possa indicar instabilidade ou fraqueza, esse comportamento est\u00e1 chegando a um ponto em que suas tentativas de obscuridade est\u00e3o transmitindo uma mensagem inequ\u00edvoca: a <a href=\"https:\/\/www.epochtimes.com.br\/focus\/economia\" target=\"_blank\" rel=\"noreferrer noopener\">economia<\/a> chinesa est\u00e1 em dificuldades.<br>Em 4 de maio, o <a href=\"https:\/\/www.wsj.com\/world\/china\/china-economy-data-missing-096cac9a?mod=hp_lead_pos7\" target=\"_blank\" rel=\"noreferrer noopener\"><em>Wall Street Journal<\/em><\/a> informou que o Partido Comunista Chin\u00eas (PCCh) est\u00e1 \u201cdesaparecendo\u201d grandes quantidades de <a href=\"https:\/\/www.epochtimes.com.br\/focus\/dados\" target=\"_blank\" rel=\"noreferrer noopener\">dados<\/a> econ\u00f4micos ap\u00f3s relatos de queda nas vendas de terrenos, estagna\u00e7\u00e3o do crescimento do PIB, aumento do desemprego e at\u00e9 mesmo queda na produ\u00e7\u00e3o de molho de soja. <\/p>\n\n\n\n<div class=\"wp-block-image\"><figure class=\"aligncenter size-large\"><a href=\"http:\/\/www.ferrarimaquinas.com.br\/\"><img loading=\"lazy\" decoding=\"async\" width=\"300\" height=\"250\" src=\"https:\/\/jornalfatosenoticias.com.br\/wp-content\/uploads\/2022\/02\/FERRARI_MAQUINAS-E-FERRAMENTAS2.jpg\" alt=\"\" class=\"wp-image-27860\"\/><\/a><\/figure><\/div>\n\n\n\n<blockquote class=\"wp-block-quote is-layout-flow wp-block-quote-is-layout-flow\"><p><span class=\"has-inline-color has-luminous-vivid-orange-color\">Pequim parou de publicar centenas de estat\u00edsticas\u201d, informou o jornal. \u201cO desaparecimento dos dados tornou mais dif\u00edcil para as pessoas saberem o que est\u00e1 acontecendo na China em um momento crucial, com a guerra comercial entre Washington e Pequim prevista para atingir duramente a China e enfraquecer o crescimento global\u201d.<\/span><\/p><\/blockquote>\n\n\n\n<div class=\"wp-block-image\"><figure class=\"aligncenter size-large is-resized\"><a href=\"https:\/\/www.instagram.com\/gruposei\/\"><img loading=\"lazy\" decoding=\"async\" src=\"https:\/\/jornalfatosenoticias.com.br\/wp-content\/uploads\/2022\/07\/Logo-Grupo-SEI.jpg\" alt=\"\" class=\"wp-image-31973\" width=\"383\" height=\"201\" srcset=\"https:\/\/jornalfatosenoticias.com.br\/wp-content\/uploads\/2022\/07\/Logo-Grupo-SEI.jpg 713w, https:\/\/jornalfatosenoticias.com.br\/wp-content\/uploads\/2022\/07\/Logo-Grupo-SEI-300x158.jpg 300w\" sizes=\"auto, (max-width: 383px) 100vw, 383px\" \/><\/a><\/figure><\/div>\n\n\n\n<p>A raz\u00e3o para isso \u00e9 \u00f3bvia: o PCCh, e <a href=\"https:\/\/www.epochtimes.com.br\/focus\/xi\" target=\"_blank\" rel=\"noreferrer noopener\">Xi<\/a> Jinping em especial, est\u00e3o preocupados com o impacto que os n\u00fameros econ\u00f4micos ruins ter\u00e3o sobre sua credibilidade e seu controle do poder. No entanto, n\u00e3o devemos nos precipitar em concluir que estamos agora em 1989, prestes a testemunhar a queda do Muro de Berlim. Tampouco devemos concluir que se trata apenas de uma transi\u00e7\u00e3o estrutural antes que a China se torne uma superpot\u00eancia de alta tecnologia. A realidade provavelmente est\u00e1 em algum ponto intermedi\u00e1rio.<\/p>\n\n\n\n<div class=\"wp-block-image\"><figure class=\"aligncenter size-large is-resized\"><a href=\"https:\/\/www.legisjuris.com.br\/\"><img loading=\"lazy\" decoding=\"async\" src=\"https:\/\/jornalfatosenoticias.com.br\/wp-content\/uploads\/2024\/09\/Legis-Juris-Consultoria_logo.jpg\" alt=\"\" class=\"wp-image-53915\" width=\"504\" height=\"211\" srcset=\"https:\/\/jornalfatosenoticias.com.br\/wp-content\/uploads\/2024\/09\/Legis-Juris-Consultoria_logo.jpg 969w, https:\/\/jornalfatosenoticias.com.br\/wp-content\/uploads\/2024\/09\/Legis-Juris-Consultoria_logo-300x126.jpg 300w, https:\/\/jornalfatosenoticias.com.br\/wp-content\/uploads\/2024\/09\/Legis-Juris-Consultoria_logo-768x322.jpg 768w\" sizes=\"auto, (max-width: 504px) 100vw, 504px\" \/><\/a><\/figure><\/div>\n\n\n\n<p>A China, assim como os EUA, enfrenta uma mir\u00edade de lutas pol\u00edtico-econ\u00f4micas que n\u00e3o necessariamente derrubar\u00e3o o pa\u00eds, mas sinalizam um desempenho med\u00edocre no futuro. A principal diferen\u00e7a \u00e9 que os EUA t\u00eam um sistema para destituir pacificamente os respons\u00e1veis quando suas ideias fracassam.<\/p>\n\n\n\n<div class=\"wp-block-image\"><figure class=\"aligncenter size-large is-resized\"><a href=\"https:\/\/panper.com.br\/\"><img loading=\"lazy\" decoding=\"async\" src=\"https:\/\/jornalfatosenoticias.com.br\/wp-content\/uploads\/2023\/03\/logo-Panper_portal.jpg\" alt=\"\" class=\"wp-image-40208\" width=\"318\" height=\"220\" srcset=\"https:\/\/jornalfatosenoticias.com.br\/wp-content\/uploads\/2023\/03\/logo-Panper_portal.jpg 400w, https:\/\/jornalfatosenoticias.com.br\/wp-content\/uploads\/2023\/03\/logo-Panper_portal-300x208.jpg 300w\" sizes=\"auto, (max-width: 318px) 100vw, 318px\" \/><\/a><\/figure><\/div>\n\n\n\n<p><strong><span class=\"has-inline-color has-black-color\">A hist\u00f3ria do crescimento da China<br><\/span><\/strong>A Rep\u00fablica Popular da China, ap\u00f3s uma s\u00e9rie de reformas de mercado em 1978 e a ades\u00e3o \u00e0 Organiza\u00e7\u00e3o Mundial do Com\u00e9rcio (OMC) em 2001, viveu um milagre econ\u00f4mico, <a href=\"https:\/\/www.aljazeera.com\/economy\/2019\/10\/1\/chinas-economy-70-years-on-a-tale-of-two-women\" target=\"_blank\" rel=\"noreferrer noopener\">passando de<\/a> um dos pa\u00edses mais pobres do mundo para a segunda maior economia. As explica\u00e7\u00f5es para isso s\u00e3o in\u00fameras e bem conhecidas. Entre elas est\u00e3o a \u00eanfase na manufatura e na m\u00e3o de obra barata, mas cada vez mais produtiva, os bons resultados na educa\u00e7\u00e3o, a governan\u00e7a est\u00e1vel e a abertura geral aos neg\u00f3cios, especialmente para um regime comunista. <\/p>\n\n\n\n<div class=\"wp-block-image\"><figure class=\"aligncenter size-large is-resized\"><a href=\"https:\/\/www.controlsystems.com.br\/\"><img loading=\"lazy\" decoding=\"async\" src=\"https:\/\/jornalfatosenoticias.com.br\/wp-content\/uploads\/2020\/02\/CONTROL-CS.jpg\" alt=\"\" class=\"wp-image-44991\" width=\"260\" height=\"311\" srcset=\"https:\/\/jornalfatosenoticias.com.br\/wp-content\/uploads\/2020\/02\/CONTROL-CS.jpg 834w, https:\/\/jornalfatosenoticias.com.br\/wp-content\/uploads\/2020\/02\/CONTROL-CS-250x300.jpg 250w, https:\/\/jornalfatosenoticias.com.br\/wp-content\/uploads\/2020\/02\/CONTROL-CS-768x921.jpg 768w\" sizes=\"auto, (max-width: 260px) 100vw, 260px\" \/><\/a><\/figure><\/div>\n\n\n\n<p>No entanto, a China tamb\u00e9m adota uma pol\u00edtica industrial em grande escala, tem um grau relativamente baixo de liberdade econ\u00f4mica e um sistema pol\u00edtico que reage violentamente a qualquer coisa que possa amea\u00e7ar o poder do PCCh. O \u00faltimo ponto \u00e9 especialmente relevante ap\u00f3s 2012, quando Xi Jinping, o atual presidente, chegou ao poder e decidiu que o pa\u00eds havia <a href=\"https:\/\/www.reuters.com\/article\/world\/chinas-communist-party-demands-private-sectors-loyalty-as-external-risks-rise-idUSKBN26729K\/\" target=\"_blank\" rel=\"noreferrer noopener\">cedido<\/a> demais ao suposto caos do setor privado, provocando uma dr\u00e1stica restri\u00e7\u00e3o das liberdades pol\u00edticas e econ\u00f4micas.<\/p>\n\n\n\n<div class=\"wp-block-image\"><figure class=\"aligncenter size-large is-resized\"><a href=\"https:\/\/www.instagram.com\/restaurantepegoretti\/\"><img loading=\"lazy\" decoding=\"async\" src=\"https:\/\/jornalfatosenoticias.com.br\/wp-content\/uploads\/2023\/12\/pegoretti-logo-pdf-1024x389.jpg\" alt=\"\" class=\"wp-image-47536\" width=\"475\" height=\"180\" srcset=\"https:\/\/jornalfatosenoticias.com.br\/wp-content\/uploads\/2023\/12\/pegoretti-logo-pdf-1024x389.jpg 1024w, https:\/\/jornalfatosenoticias.com.br\/wp-content\/uploads\/2023\/12\/pegoretti-logo-pdf-300x114.jpg 300w, https:\/\/jornalfatosenoticias.com.br\/wp-content\/uploads\/2023\/12\/pegoretti-logo-pdf-768x291.jpg 768w, https:\/\/jornalfatosenoticias.com.br\/wp-content\/uploads\/2023\/12\/pegoretti-logo-pdf.jpg 1120w\" sizes=\"auto, (max-width: 475px) 100vw, 475px\" \/><\/a><\/figure><\/div>\n\n\n\n<p>\u00c0 medida que o crescimento econ\u00f4mico desacelerou, por raz\u00f5es naturais e pol\u00edticas, o <a href=\"https:\/\/www.epochtimes.com.br\/focus\/governo\" target=\"_blank\" rel=\"noreferrer noopener\">governo<\/a> come\u00e7ou a divulgar cada vez menos informa\u00e7\u00f5es. A China, que costumava se gabar de taxas de crescimento anual de dois d\u00edgitos, agora cresce a uma taxa de aproximadamente <a href=\"https:\/\/asiasociety.org\/sites\/default\/files\/inline-files\/ASPI_CCA_EconSlowdown_EcoRdtable_paper%20rev.pdf\" target=\"_blank\" rel=\"noreferrer noopener\">3-4%<\/a>, de acordo com alguns especialistas. Embora isso seja considerado forte para um pa\u00eds desenvolvido como os EUA, o PIB <em>per capita<\/em> da China \u00e9 v\u00e1rias vezes menor, e ainda h\u00e1 espa\u00e7o para um crescimento substancial.<\/p>\n\n\n\n<div class=\"wp-block-image\"><figure class=\"aligncenter size-large is-resized\"><a href=\"https:\/\/www.facebook.com\/vetor.vix\/\"><img loading=\"lazy\" decoding=\"async\" src=\"https:\/\/jornalfatosenoticias.com.br\/wp-content\/uploads\/2023\/09\/vetorvix1024_1.jpg\" alt=\"\" class=\"wp-image-44868\" width=\"546\" height=\"145\" srcset=\"https:\/\/jornalfatosenoticias.com.br\/wp-content\/uploads\/2023\/09\/vetorvix1024_1.jpg 1024w, https:\/\/jornalfatosenoticias.com.br\/wp-content\/uploads\/2023\/09\/vetorvix1024_1-300x80.jpg 300w, https:\/\/jornalfatosenoticias.com.br\/wp-content\/uploads\/2023\/09\/vetorvix1024_1-768x205.jpg 768w\" sizes=\"auto, (max-width: 546px) 100vw, 546px\" \/><\/a><\/figure><\/div>\n\n\n\n<p><strong><span class=\"has-inline-color has-black-color\">Impedimentos ao crescimento<br><\/span><\/strong>Parte da raz\u00e3o para essa <a href=\"https:\/\/www.epochtimes.com.br\/focus\/desaceleracao\" target=\"_blank\" rel=\"noreferrer noopener\">desacelera\u00e7\u00e3o<\/a> do crescimento \u00e9 natural. \u00c0 medida que uma economia progride, certas mudan\u00e7as estruturais devem ocorrer antes que ela alcance o pr\u00f3ximo est\u00e1gio. Isso \u00e9 conhecido como <a href=\"https:\/\/cepr.org\/voxeu\/columns\/trapped-china-and-middle-income-trap\" target=\"_blank\" rel=\"noreferrer noopener\">Armadilha da Renda M\u00e9dia<\/a>, que se refere a um fen\u00f4meno em que pa\u00edses rurais experimentam um r\u00e1pido crescimento econ\u00f4mico \u00e0 medida que se modernizam e avan\u00e7am para uma economia menos baseada na agricultura e mais na manufatura e no investimento. No entanto, o crescimento come\u00e7a a desacelerar porque o pr\u00f3ximo est\u00e1gio al\u00e9m da manufatura, que n\u00e3o requer treinamento especializado, exige certos n\u00edveis de educa\u00e7\u00e3o e infraestrutura. <\/p>\n\n\n\n<div class=\"wp-block-image\"><figure class=\"aligncenter size-large is-resized\"><a href=\"https:\/\/www.facebook.com\/postobkr\/?locale=pt_BR\"><img loading=\"lazy\" decoding=\"async\" src=\"https:\/\/jornalfatosenoticias.com.br\/wp-content\/uploads\/2023\/08\/BKR-1024x1021.jpg\" alt=\"\" class=\"wp-image-44494\" width=\"281\" height=\"280\" srcset=\"https:\/\/jornalfatosenoticias.com.br\/wp-content\/uploads\/2023\/08\/BKR-1024x1021.jpg 1024w, https:\/\/jornalfatosenoticias.com.br\/wp-content\/uploads\/2023\/08\/BKR-300x300.jpg 300w, https:\/\/jornalfatosenoticias.com.br\/wp-content\/uploads\/2023\/08\/BKR-150x150.jpg 150w, https:\/\/jornalfatosenoticias.com.br\/wp-content\/uploads\/2023\/08\/BKR-768x766.jpg 768w, https:\/\/jornalfatosenoticias.com.br\/wp-content\/uploads\/2023\/08\/BKR.jpg 1080w\" sizes=\"auto, (max-width: 281px) 100vw, 281px\" \/><\/a><\/figure><\/div>\n\n\n\n<p>\u00c9 f\u00e1cil construir f\u00e1bricas e ench\u00ea-las de trabalhadores, criando as condi\u00e7\u00f5es para startups de tecnologia, finan\u00e7as corporativas e uma economia impulsionada pela demanda de consumo, que exige mais do que apenas m\u00e3o de obra e estabilidade razo\u00e1vel. A China est\u00e1 lidando com esse problema neste momento, enquanto enfrenta enormes disparidades de desenvolvimento entre suas cidades costeiras ricas e o interior rural.<\/p>\n\n\n\n<div class=\"wp-block-image\"><figure class=\"aligncenter size-large is-resized\"><a href=\"https:\/\/hotelmarquetti.com.br\/\"><img loading=\"lazy\" decoding=\"async\" src=\"https:\/\/jornalfatosenoticias.com.br\/wp-content\/uploads\/2020\/02\/LOGO-MQ-1024x680.jpg\" alt=\"\" class=\"wp-image-58299\" width=\"372\" height=\"247\" srcset=\"https:\/\/jornalfatosenoticias.com.br\/wp-content\/uploads\/2020\/02\/LOGO-MQ-1024x680.jpg 1024w, https:\/\/jornalfatosenoticias.com.br\/wp-content\/uploads\/2020\/02\/LOGO-MQ-300x199.jpg 300w, https:\/\/jornalfatosenoticias.com.br\/wp-content\/uploads\/2020\/02\/LOGO-MQ-768x510.jpg 768w, https:\/\/jornalfatosenoticias.com.br\/wp-content\/uploads\/2020\/02\/LOGO-MQ-1536x1020.jpg 1536w, https:\/\/jornalfatosenoticias.com.br\/wp-content\/uploads\/2020\/02\/LOGO-MQ-2048x1360.jpg 2048w\" sizes=\"auto, (max-width: 372px) 100vw, 372px\" \/><\/a><\/figure><\/div>\n\n\n\n<p>No entanto, outra raz\u00e3o pela qual a China est\u00e1 passando por uma desacelera\u00e7\u00e3o econ\u00f4mica decorre das pol\u00edticas de seu governo central. O crescimento do PIB est\u00e1 desacelerando por uma s\u00e9rie de raz\u00f5es, mas certos setores da economia s\u00e3o particularmente prejudicados pela interven\u00e7\u00e3o do governo. Por exemplo, ap\u00f3s um ataque regulat\u00f3rio repentino e agressivo contra suas pr\u00f3prias empresas em uma campanha conhecida como \u201c<a href=\"https:\/\/www.china-briefing.com\/news\/china-common-prosperity-what-does-it-mean-for-foreign-investors\/\" target=\"_blank\" rel=\"noreferrer noopener\">Prosperidade Comum<\/a>\u201d em 2021, o mercado de a\u00e7\u00f5es chin\u00eas foi substancialmente afetado e continua em dificuldades.<\/p>\n\n\n\n<div class=\"wp-block-image\"><figure class=\"aligncenter size-large\"><a href=\"https:\/\/www.cesconetto.com.br\/\"><img loading=\"lazy\" decoding=\"async\" width=\"300\" height=\"250\" src=\"https:\/\/jornalfatosenoticias.com.br\/wp-content\/uploads\/2022\/02\/Banner-2.png\" alt=\"\" class=\"wp-image-27877\"\/><\/a><\/figure><\/div>\n\n\n\n<p>A Campanha de Prosperidade Comum foi agravada pela <a href=\"https:\/\/www.epochtimes.com.br\/focus\/repressao\" target=\"_blank\" rel=\"noreferrer noopener\">repress\u00e3o<\/a> cont\u00ednua \u00e0 sociedade chinesa durante o surto de covid-19 e pelo uso da Estrat\u00e9gia Zero Covid. O <a href=\"https:\/\/www.marketwatch.com\/investing\/index\/shcomp?countrycode=cn\" target=\"_blank\" rel=\"noreferrer noopener\">\u00cdndice Composto de Xangai<\/a>, que acompanha todas as a\u00e7\u00f5es da Bolsa de Valores de Xangai, permaneceu relativamente est\u00e1vel, enquanto a <a href=\"https:\/\/www.marketwatch.com\/investing\/stock\/baba\" target=\"_blank\" rel=\"noreferrer noopener\">Alibaba<\/a>, equivalente chinesa da Amazon, est\u00e1 sendo negociada a menos da metade de sua alta de outubro de 2020. A China, que havia come\u00e7ado a desenvolver uma reputa\u00e7\u00e3o como o futuro dos neg\u00f3cios, agora \u00e9 vista pelos investidores como hostil e imprevis\u00edvel. A depend\u00eancia da China do com\u00e9rcio exterior para impulsionar sua base manufatureira tamb\u00e9m \u00e9 cada vez mais vista como <a href=\"https:\/\/carnegieendowment.org\/research\/2025\/01\/china-decoupling-beyond-the-united-states-comparing-germany-japan-and-india?lang=en\" target=\"_blank\" rel=\"noreferrer noopener\">um passivo<\/a>, \u00e0 medida que os EUA e outros pa\u00edses reequilibram suas rela\u00e7\u00f5es com a China por raz\u00f5es econ\u00f4micas e geopol\u00edticas.<\/p>\n\n\n\n<div class=\"wp-block-image\"><figure class=\"aligncenter size-large is-resized\"><a href=\"https:\/\/www.instagram.com\/serra4x4cambioautomatico\/\"><img loading=\"lazy\" decoding=\"async\" src=\"https:\/\/jornalfatosenoticias.com.br\/wp-content\/uploads\/2024\/08\/Serra-4x4-1-886x1024.jpg\" alt=\"\" class=\"wp-image-53632\" width=\"280\" height=\"323\" srcset=\"https:\/\/jornalfatosenoticias.com.br\/wp-content\/uploads\/2024\/08\/Serra-4x4-1-886x1024.jpg 886w, https:\/\/jornalfatosenoticias.com.br\/wp-content\/uploads\/2024\/08\/Serra-4x4-1-260x300.jpg 260w, https:\/\/jornalfatosenoticias.com.br\/wp-content\/uploads\/2024\/08\/Serra-4x4-1-768x888.jpg 768w, https:\/\/jornalfatosenoticias.com.br\/wp-content\/uploads\/2024\/08\/Serra-4x4-1.jpg 1181w\" sizes=\"auto, (max-width: 280px) 100vw, 280px\" \/><\/a><\/figure><\/div>\n\n\n\n<p>A realidade \u00e9 que as pol\u00edticas industriais da China est\u00e3o come\u00e7ando a sair pela culatra. Um grande impulsionador do crescimento sempre foi o setor imobili\u00e1rio, que agora est\u00e1 \u00e0 beira do colapso, \u00e0 medida que anos de dinheiro f\u00e1cil e planejamento governamental cobram seu pre\u00e7o, principalmente com a inadimpl\u00eancia da gigante financeira <a href=\"https:\/\/www.bbc.com\/news\/business-58579833\" target=\"_blank\" rel=\"noreferrer noopener\">Evergrande<\/a>. As pol\u00edticas industriais voltadas para sustentar setores espec\u00edficos (que v\u00e3o de semicondutores a ve\u00edculos el\u00e9tricos) alocam mal o capital, causam inefici\u00eancias e perturba\u00e7\u00f5es em massa. <\/p>\n\n\n\n<div class=\"wp-block-image\"><figure class=\"aligncenter size-large is-resized\"><a href=\"https:\/\/www.facebook.com\/profile.php?id=100069289606145\"><img loading=\"lazy\" decoding=\"async\" src=\"https:\/\/jornalfatosenoticias.com.br\/wp-content\/uploads\/2024\/11\/Guaitolini-Contabilidade-1024x714.jpeg\" alt=\"\" class=\"wp-image-55808\" width=\"333\" height=\"232\" srcset=\"https:\/\/jornalfatosenoticias.com.br\/wp-content\/uploads\/2024\/11\/Guaitolini-Contabilidade-1024x714.jpeg 1024w, https:\/\/jornalfatosenoticias.com.br\/wp-content\/uploads\/2024\/11\/Guaitolini-Contabilidade-300x209.jpeg 300w, https:\/\/jornalfatosenoticias.com.br\/wp-content\/uploads\/2024\/11\/Guaitolini-Contabilidade-768x535.jpeg 768w, https:\/\/jornalfatosenoticias.com.br\/wp-content\/uploads\/2024\/11\/Guaitolini-Contabilidade.jpeg 1280w\" sizes=\"auto, (max-width: 333px) 100vw, 333px\" \/><\/a><\/figure><\/div>\n\n\n\n<p>Em 2023, por exemplo, <a href=\"https:\/\/reason.com\/2023\/08\/23\/chinas-e-v-graveyards-are-an-indictment-of-government-policy\/\" target=\"_blank\" rel=\"noreferrer noopener\">as manchetes<\/a> estavam repletas de not\u00edcias sobre cemit\u00e9rios de carros el\u00e9tricos, pois as pessoas achavam mais vantajoso abandonar seus carros do que tentar vend\u00ea-los. O principal fator por tr\u00e1s dessa quest\u00e3o foram os subs\u00eddios imprudentes que apoiaram empresas em dificuldades e incentivaram os consumidores a comprar carros, independentemente de suas cidades terem a infraestrutura adequada para suportar os ve\u00edculos.<\/p>\n\n\n\n<div class=\"wp-block-image\"><figure class=\"aligncenter size-large is-resized\"><a href=\"https:\/\/www.instagram.com\/esteio.churrascaria\/\"><img loading=\"lazy\" decoding=\"async\" src=\"https:\/\/jornalfatosenoticias.com.br\/wp-content\/uploads\/2022\/02\/LOGO-ESTEIO-1024x730.png\" alt=\"\" class=\"wp-image-27942\" width=\"340\" height=\"242\" srcset=\"https:\/\/jornalfatosenoticias.com.br\/wp-content\/uploads\/2022\/02\/LOGO-ESTEIO-1024x730.png 1024w, https:\/\/jornalfatosenoticias.com.br\/wp-content\/uploads\/2022\/02\/LOGO-ESTEIO-300x214.png 300w, https:\/\/jornalfatosenoticias.com.br\/wp-content\/uploads\/2022\/02\/LOGO-ESTEIO-768x548.png 768w, https:\/\/jornalfatosenoticias.com.br\/wp-content\/uploads\/2022\/02\/LOGO-ESTEIO.png 1123w\" sizes=\"auto, (max-width: 340px) 100vw, 340px\" \/><\/a><\/figure><\/div>\n\n\n\n<p><strong><span class=\"has-inline-color has-black-color\">O que isso significa para o futuro?<br><\/span><\/strong>O abrandamento do crescimento econ\u00f4mico da China deve certamente ser visto como uma condena\u00e7\u00e3o das pol\u00edticas de Xi e, de forma mais geral, da pol\u00edtica industrial, bem como da incapacidade do modelo autorit\u00e1rio de Pequim para lidar adequadamente com as dificuldades estruturais do crescimento econ\u00f3mico. Isso n\u00e3o significa necessariamente que a China entrar\u00e1 em colapso amanh\u00e3 ou que deixar\u00e1 de ser um concorrente geopol\u00edtico dos Estados Unidos. <\/p>\n\n\n\n<div class=\"wp-block-image\"><figure class=\"aligncenter size-large is-resized\"><a href=\"https:\/\/www.instagram.com\/rcradiadores\/\"><img loading=\"lazy\" decoding=\"async\" src=\"https:\/\/jornalfatosenoticias.com.br\/wp-content\/uploads\/2022\/10\/RC_800x750_page-0001.jpg\" alt=\"\" class=\"wp-image-35338\" width=\"313\" height=\"294\" srcset=\"https:\/\/jornalfatosenoticias.com.br\/wp-content\/uploads\/2022\/10\/RC_800x750_page-0001.jpg 400w, https:\/\/jornalfatosenoticias.com.br\/wp-content\/uploads\/2022\/10\/RC_800x750_page-0001-300x281.jpg 300w\" sizes=\"auto, (max-width: 313px) 100vw, 313px\" \/><\/a><\/figure><\/div>\n\n\n\n<p>O <a href=\"https:\/\/www.rand.org\/pubs\/commentary\/2025\/02\/focus-on-the-new-economy-not-the-old-why-chinas-economic.html\" target=\"_blank\" rel=\"noreferrer noopener\">setor da alta tecnologia<\/a> da China continua a crescer, impulsionando o crescimento em ind\u00fastrias estrat\u00e9gicas como os drones, os minerais raros e a intelig\u00eancia artificial. Embora ainda n\u00e3o se saiba se as pol\u00edticas industriais de Pequim catapultar\u00e3o o pa\u00eds para a modernidade, ainda h\u00e1 espa\u00e7o para crescimento, mesmo que a um ritmo muito mais moderado do que o desejado. \u00c9 seguro dizer que muitas coisas precisam dar certo para que a China tenha o r\u00e1pido crescimento econ\u00f4mico que os defensores da pol\u00edtica industrial acreditam que est\u00e1 por vir.<\/p>\n\n\n\n<div class=\"wp-block-image\"><figure class=\"aligncenter size-large is-resized\"><a href=\"https:\/\/www.ithbrasil.com.br\/\"><img loading=\"lazy\" decoding=\"async\" src=\"https:\/\/jornalfatosenoticias.com.br\/wp-content\/uploads\/2023\/08\/ITH.jpeg\" alt=\"\" class=\"wp-image-44638\" width=\"316\" height=\"257\" srcset=\"https:\/\/jornalfatosenoticias.com.br\/wp-content\/uploads\/2023\/08\/ITH.jpeg 800w, https:\/\/jornalfatosenoticias.com.br\/wp-content\/uploads\/2023\/08\/ITH-300x244.jpeg 300w, https:\/\/jornalfatosenoticias.com.br\/wp-content\/uploads\/2023\/08\/ITH-768x624.jpeg 768w\" sizes=\"auto, (max-width: 316px) 100vw, 316px\" \/><\/a><\/figure><\/div>\n\n\n\n<p>A China ter\u00e1 um crescimento econ\u00f4mico muito mais lento do que o previsto, mas o futuro provavelmente n\u00e3o trar\u00e1 um colapso, e sim a mediocridade. A quest\u00e3o que se coloca, ent\u00e3o, \u00e9 como uma entidade cada vez mais paranoica e autorit\u00e1ria como o PCCh lidaria com esse dilema? O governo tomar\u00e1 medidas radicais para promover a livre iniciativa e redefinir as rela\u00e7\u00f5es com o Ocidente? Altamente improv\u00e1vel. Como Xi Jinping lidar\u00e1 com sugest\u00f5es bem-intencionadas de que algumas de suas pol\u00edticas devem ser moderadas? Ele adotar\u00e1 silenciosamente as cr\u00edticas ou recorrer\u00e1 a expurgos pol\u00edticos? Ele j\u00e1 fez as duas coisas antes.<\/p>\n\n\n\n<div class=\"wp-block-image\"><figure class=\"aligncenter size-large is-resized\"><a href=\"https:\/\/www.instagram.com\/gruposei\/\"><img loading=\"lazy\" decoding=\"async\" src=\"https:\/\/jornalfatosenoticias.com.br\/wp-content\/uploads\/2022\/07\/Logo-Grupo-SEI.jpg\" alt=\"\" class=\"wp-image-31973\" width=\"347\" height=\"182\" srcset=\"https:\/\/jornalfatosenoticias.com.br\/wp-content\/uploads\/2022\/07\/Logo-Grupo-SEI.jpg 713w, https:\/\/jornalfatosenoticias.com.br\/wp-content\/uploads\/2022\/07\/Logo-Grupo-SEI-300x158.jpg 300w\" sizes=\"auto, (max-width: 347px) 100vw, 347px\" \/><\/a><\/figure><\/div>\n\n\n\n<p>O resultado provavelmente ficar\u00e1 em algum ponto intermedi\u00e1rio. Ou seja, um comportamento cada vez mais err\u00e1tico do governo chin\u00eas, que tenta apaziguar o descontentamento popular, por um lado, e suprimi-lo, por outro. O resultado final s\u00e3o perspectivas de crescimento econ\u00f4mico moderado para o futuro pr\u00f3ximo e um mandato cada vez mais ansioso e conturbado para Xi Jinping. Dados do <a href=\"https:\/\/thedailyeconomy.org\/article\/chinas-vanishing-data-cant-hide-its-economic-slowdown\/\" target=\"_blank\" rel=\"noreferrer noopener\"><em>American Institute for Economic Research<\/em><\/a><em>\u00a0<\/em>(AIER).<\/p>\n\n\n\n<div class=\"wp-block-image\"><figure class=\"aligncenter size-large is-resized\"><a href=\"https:\/\/www.facebook.com\/vetor.vix\/\"><img loading=\"lazy\" decoding=\"async\" src=\"https:\/\/jornalfatosenoticias.com.br\/wp-content\/uploads\/2023\/09\/vetorvix1024_1.jpg\" alt=\"\" class=\"wp-image-44868\" width=\"531\" height=\"141\" srcset=\"https:\/\/jornalfatosenoticias.com.br\/wp-content\/uploads\/2023\/09\/vetorvix1024_1.jpg 1024w, https:\/\/jornalfatosenoticias.com.br\/wp-content\/uploads\/2023\/09\/vetorvix1024_1-300x80.jpg 300w, https:\/\/jornalfatosenoticias.com.br\/wp-content\/uploads\/2023\/09\/vetorvix1024_1-768x205.jpg 768w\" sizes=\"auto, (max-width: 531px) 100vw, 531px\" \/><\/a><\/figure><\/div>\n\n\n\n<p><strong>Fonte: <a href=\"https:\/\/www.epochtimes.com.br\/opiniao\/dados-desaparecidos-da-china-nao-conseguem-esconder-a-desaceleracao-economica-do-pais-214262.html\">Epoch Times Brasil<\/a><\/strong><\/p>\n","protected":false},"excerpt":{"rendered":"<p>Por Ethan Yang\/Ryan Yonk \u00c9 cada vez mais dif\u00edcil encontrar informa\u00e7\u00f5es sobre a sa\u00fade econ\u00f4mica da China. Embora Pequim seja sempre opaca sobre qualquer coisa que possa indicar instabilidade ou fraqueza, esse comportamento est\u00e1 chegando a um ponto em que suas tentativas de obscuridade est\u00e3o transmitindo uma mensagem inequ\u00edvoca: a economia chinesa est\u00e1 em dificuldades.Em [&hellip;]<\/p>\n","protected":false},"author":3,"featured_media":59817,"comment_status":"open","ping_status":"open","sticky":false,"template":"","format":"standard","meta":{"footnotes":""},"categories":[41],"tags":[27332,85,27330,27331,27329,9243],"class_list":["post-59816","post","type-post","status-publish","format-standard","has-post-thumbnail","hentry","category-internacional","tag-alibaba","tag-china","tag-desaceleracao-economica-chinesa","tag-economia-chinesa","tag-evergrande","tag-xi-jinping"],"yoast_head":"<!-- This site is optimized with the Yoast SEO plugin v26.5 - https:\/\/yoast.com\/wordpress\/plugins\/seo\/ -->\n<title>Dados \u201cdesaparecidos\u201d da China n\u00e3o conseguem esconder a desacelera\u00e7\u00e3o econ\u00f4mica do pa\u00eds - Jornal Fatos e Not\u00edcias<\/title>\n<meta name=\"robots\" content=\"index, follow, max-snippet:-1, max-image-preview:large, max-video-preview:-1\" \/>\n<link rel=\"canonical\" href=\"https:\/\/jornalfatosenoticias.com.br\/index.php\/2025\/06\/12\/dados-desaparecidos-da-china-nao-conseguem-esconder-a-desaceleracao-economica-do-pais\/\" \/>\n<meta property=\"og:locale\" content=\"pt_BR\" \/>\n<meta property=\"og:type\" content=\"article\" \/>\n<meta property=\"og:title\" content=\"Dados \u201cdesaparecidos\u201d da China n\u00e3o conseguem esconder a desacelera\u00e7\u00e3o econ\u00f4mica do pa\u00eds - Jornal Fatos e Not\u00edcias\" \/>\n<meta property=\"og:description\" content=\"Por Ethan Yang\/Ryan Yonk \u00c9 cada vez mais dif\u00edcil encontrar informa\u00e7\u00f5es sobre a sa\u00fade econ\u00f4mica da China. Embora Pequim seja sempre opaca sobre qualquer coisa que possa indicar instabilidade ou fraqueza, esse comportamento est\u00e1 chegando a um ponto em que suas tentativas de obscuridade est\u00e3o transmitindo uma mensagem inequ\u00edvoca: a economia chinesa est\u00e1 em dificuldades.Em [&hellip;]\" \/>\n<meta property=\"og:url\" content=\"https:\/\/jornalfatosenoticias.com.br\/index.php\/2025\/06\/12\/dados-desaparecidos-da-china-nao-conseguem-esconder-a-desaceleracao-economica-do-pais\/\" \/>\n<meta property=\"og:site_name\" content=\"Jornal Fatos e Not\u00edcias\" \/>\n<meta property=\"article:published_time\" content=\"2025-06-12T17:54:10+00:00\" \/>\n<meta property=\"article:modified_time\" content=\"2025-06-12T17:54:11+00:00\" \/>\n<meta property=\"og:image\" content=\"https:\/\/jornalfatosenoticias.com.br\/wp-content\/uploads\/2025\/06\/CRISE-ECONOMICA-CHINESA_FREEPIK.jpg\" \/>\n\t<meta property=\"og:image:width\" content=\"1000\" \/>\n\t<meta property=\"og:image:height\" content=\"666\" \/>\n\t<meta property=\"og:image:type\" content=\"image\/jpeg\" \/>\n<meta name=\"author\" content=\"Haroldo Filho\" \/>\n<meta name=\"twitter:card\" content=\"summary_large_image\" \/>\n<meta name=\"twitter:label1\" content=\"Escrito por\" \/>\n\t<meta name=\"twitter:data1\" content=\"Haroldo Filho\" \/>\n\t<meta name=\"twitter:label2\" content=\"Est. tempo de leitura\" \/>\n\t<meta name=\"twitter:data2\" content=\"8 minutos\" \/>\n<script type=\"application\/ld+json\" class=\"yoast-schema-graph\">{\"@context\":\"https:\/\/schema.org\",\"@graph\":[{\"@type\":\"Article\",\"@id\":\"https:\/\/jornalfatosenoticias.com.br\/index.php\/2025\/06\/12\/dados-desaparecidos-da-china-nao-conseguem-esconder-a-desaceleracao-economica-do-pais\/#article\",\"isPartOf\":{\"@id\":\"https:\/\/jornalfatosenoticias.com.br\/index.php\/2025\/06\/12\/dados-desaparecidos-da-china-nao-conseguem-esconder-a-desaceleracao-economica-do-pais\/\"},\"author\":{\"name\":\"Haroldo Filho\",\"@id\":\"https:\/\/jornalfatosenoticias.com.br\/#\/schema\/person\/05c46cc25b42a5c27e004fb0fa6b4965\"},\"headline\":\"Dados \u201cdesaparecidos\u201d da China n\u00e3o conseguem esconder a desacelera\u00e7\u00e3o econ\u00f4mica do pa\u00eds\",\"datePublished\":\"2025-06-12T17:54:10+00:00\",\"dateModified\":\"2025-06-12T17:54:11+00:00\",\"mainEntityOfPage\":{\"@id\":\"https:\/\/jornalfatosenoticias.com.br\/index.php\/2025\/06\/12\/dados-desaparecidos-da-china-nao-conseguem-esconder-a-desaceleracao-economica-do-pais\/\"},\"wordCount\":1543,\"commentCount\":0,\"publisher\":{\"@id\":\"https:\/\/jornalfatosenoticias.com.br\/#organization\"},\"image\":{\"@id\":\"https:\/\/jornalfatosenoticias.com.br\/index.php\/2025\/06\/12\/dados-desaparecidos-da-china-nao-conseguem-esconder-a-desaceleracao-economica-do-pais\/#primaryimage\"},\"thumbnailUrl\":\"https:\/\/jornalfatosenoticias.com.br\/wp-content\/uploads\/2025\/06\/CRISE-ECONOMICA-CHINESA_FREEPIK.jpg\",\"keywords\":[\"Alibaba\",\"china\",\"desacelera\u00e7\u00e3o econ\u00f4mica chinesa\",\"economia chinesa\",\"Evergrande\",\"Xi Jinping\"],\"articleSection\":[\"Internacional\"],\"inLanguage\":\"pt-BR\",\"potentialAction\":[{\"@type\":\"CommentAction\",\"name\":\"Comment\",\"target\":[\"https:\/\/jornalfatosenoticias.com.br\/index.php\/2025\/06\/12\/dados-desaparecidos-da-china-nao-conseguem-esconder-a-desaceleracao-economica-do-pais\/#respond\"]}]},{\"@type\":\"WebPage\",\"@id\":\"https:\/\/jornalfatosenoticias.com.br\/index.php\/2025\/06\/12\/dados-desaparecidos-da-china-nao-conseguem-esconder-a-desaceleracao-economica-do-pais\/\",\"url\":\"https:\/\/jornalfatosenoticias.com.br\/index.php\/2025\/06\/12\/dados-desaparecidos-da-china-nao-conseguem-esconder-a-desaceleracao-economica-do-pais\/\",\"name\":\"Dados \u201cdesaparecidos\u201d da China n\u00e3o conseguem esconder a desacelera\u00e7\u00e3o econ\u00f4mica do pa\u00eds - Jornal Fatos e Not\u00edcias\",\"isPartOf\":{\"@id\":\"https:\/\/jornalfatosenoticias.com.br\/#website\"},\"primaryImageOfPage\":{\"@id\":\"https:\/\/jornalfatosenoticias.com.br\/index.php\/2025\/06\/12\/dados-desaparecidos-da-china-nao-conseguem-esconder-a-desaceleracao-economica-do-pais\/#primaryimage\"},\"image\":{\"@id\":\"https:\/\/jornalfatosenoticias.com.br\/index.php\/2025\/06\/12\/dados-desaparecidos-da-china-nao-conseguem-esconder-a-desaceleracao-economica-do-pais\/#primaryimage\"},\"thumbnailUrl\":\"https:\/\/jornalfatosenoticias.com.br\/wp-content\/uploads\/2025\/06\/CRISE-ECONOMICA-CHINESA_FREEPIK.jpg\",\"datePublished\":\"2025-06-12T17:54:10+00:00\",\"dateModified\":\"2025-06-12T17:54:11+00:00\",\"breadcrumb\":{\"@id\":\"https:\/\/jornalfatosenoticias.com.br\/index.php\/2025\/06\/12\/dados-desaparecidos-da-china-nao-conseguem-esconder-a-desaceleracao-economica-do-pais\/#breadcrumb\"},\"inLanguage\":\"pt-BR\",\"potentialAction\":[{\"@type\":\"ReadAction\",\"target\":[\"https:\/\/jornalfatosenoticias.com.br\/index.php\/2025\/06\/12\/dados-desaparecidos-da-china-nao-conseguem-esconder-a-desaceleracao-economica-do-pais\/\"]}]},{\"@type\":\"ImageObject\",\"inLanguage\":\"pt-BR\",\"@id\":\"https:\/\/jornalfatosenoticias.com.br\/index.php\/2025\/06\/12\/dados-desaparecidos-da-china-nao-conseguem-esconder-a-desaceleracao-economica-do-pais\/#primaryimage\",\"url\":\"https:\/\/jornalfatosenoticias.com.br\/wp-content\/uploads\/2025\/06\/CRISE-ECONOMICA-CHINESA_FREEPIK.jpg\",\"contentUrl\":\"https:\/\/jornalfatosenoticias.com.br\/wp-content\/uploads\/2025\/06\/CRISE-ECONOMICA-CHINESA_FREEPIK.jpg\",\"width\":1000,\"height\":666,\"caption\":\"A closeup shot of 100 Chinese Yuan (CNY) banknotes and Chinese traditional red envelop for Chinese New Year\"},{\"@type\":\"BreadcrumbList\",\"@id\":\"https:\/\/jornalfatosenoticias.com.br\/index.php\/2025\/06\/12\/dados-desaparecidos-da-china-nao-conseguem-esconder-a-desaceleracao-economica-do-pais\/#breadcrumb\",\"itemListElement\":[{\"@type\":\"ListItem\",\"position\":1,\"name\":\"In\u00edcio\",\"item\":\"https:\/\/jornalfatosenoticias.com.br\/\"},{\"@type\":\"ListItem\",\"position\":2,\"name\":\"Dados \u201cdesaparecidos\u201d da China n\u00e3o conseguem esconder a desacelera\u00e7\u00e3o econ\u00f4mica do pa\u00eds\"}]},{\"@type\":\"WebSite\",\"@id\":\"https:\/\/jornalfatosenoticias.com.br\/#website\",\"url\":\"https:\/\/jornalfatosenoticias.com.br\/\",\"name\":\"Jornal Fatos e Not\u00edcias\",\"description\":\"Not\u00edcias em geral\",\"publisher\":{\"@id\":\"https:\/\/jornalfatosenoticias.com.br\/#organization\"},\"potentialAction\":[{\"@type\":\"SearchAction\",\"target\":{\"@type\":\"EntryPoint\",\"urlTemplate\":\"https:\/\/jornalfatosenoticias.com.br\/?s={search_term_string}\"},\"query-input\":{\"@type\":\"PropertyValueSpecification\",\"valueRequired\":true,\"valueName\":\"search_term_string\"}}],\"inLanguage\":\"pt-BR\"},{\"@type\":\"Organization\",\"@id\":\"https:\/\/jornalfatosenoticias.com.br\/#organization\",\"name\":\"Jornal Fatos e Not\u00edcias\",\"url\":\"https:\/\/jornalfatosenoticias.com.br\/\",\"logo\":{\"@type\":\"ImageObject\",\"inLanguage\":\"pt-BR\",\"@id\":\"https:\/\/jornalfatosenoticias.com.br\/#\/schema\/logo\/image\/\",\"url\":\"https:\/\/jornalfatosenoticias.com.br\/wp-content\/uploads\/2020\/02\/logo120.png\",\"contentUrl\":\"https:\/\/jornalfatosenoticias.com.br\/wp-content\/uploads\/2020\/02\/logo120.png\",\"width\":1227,\"height\":120,\"caption\":\"Jornal Fatos e Not\u00edcias\"},\"image\":{\"@id\":\"https:\/\/jornalfatosenoticias.com.br\/#\/schema\/logo\/image\/\"}},{\"@type\":\"Person\",\"@id\":\"https:\/\/jornalfatosenoticias.com.br\/#\/schema\/person\/05c46cc25b42a5c27e004fb0fa6b4965\",\"name\":\"Haroldo Filho\",\"image\":{\"@type\":\"ImageObject\",\"inLanguage\":\"pt-BR\",\"@id\":\"https:\/\/jornalfatosenoticias.com.br\/#\/schema\/person\/image\/\",\"url\":\"https:\/\/jornalfatosenoticias.com.br\/wp-content\/uploads\/2025\/08\/WhatsApp-Image-2025-08-18-at-15.30.28-150x150.jpeg\",\"contentUrl\":\"https:\/\/jornalfatosenoticias.com.br\/wp-content\/uploads\/2025\/08\/WhatsApp-Image-2025-08-18-at-15.30.28-150x150.jpeg\",\"caption\":\"Haroldo Filho\"},\"description\":\"Jornalista \u2013 DRT: 0003818\/ES Coordenador-geral da ONG Educar para Crescer\",\"url\":\"https:\/\/jornalfatosenoticias.com.br\/index.php\/author\/haroldo\/\"}]}<\/script>\n<!-- \/ Yoast SEO plugin. -->","yoast_head_json":{"title":"Dados \u201cdesaparecidos\u201d da China n\u00e3o conseguem esconder a desacelera\u00e7\u00e3o econ\u00f4mica do pa\u00eds - Jornal Fatos e Not\u00edcias","robots":{"index":"index","follow":"follow","max-snippet":"max-snippet:-1","max-image-preview":"max-image-preview:large","max-video-preview":"max-video-preview:-1"},"canonical":"https:\/\/jornalfatosenoticias.com.br\/index.php\/2025\/06\/12\/dados-desaparecidos-da-china-nao-conseguem-esconder-a-desaceleracao-economica-do-pais\/","og_locale":"pt_BR","og_type":"article","og_title":"Dados \u201cdesaparecidos\u201d da China n\u00e3o conseguem esconder a desacelera\u00e7\u00e3o econ\u00f4mica do pa\u00eds - Jornal Fatos e Not\u00edcias","og_description":"Por Ethan Yang\/Ryan Yonk \u00c9 cada vez mais dif\u00edcil encontrar informa\u00e7\u00f5es sobre a sa\u00fade econ\u00f4mica da China. Embora Pequim seja sempre opaca sobre qualquer coisa que possa indicar instabilidade ou fraqueza, esse comportamento est\u00e1 chegando a um ponto em que suas tentativas de obscuridade est\u00e3o transmitindo uma mensagem inequ\u00edvoca: a economia chinesa est\u00e1 em dificuldades.Em [&hellip;]","og_url":"https:\/\/jornalfatosenoticias.com.br\/index.php\/2025\/06\/12\/dados-desaparecidos-da-china-nao-conseguem-esconder-a-desaceleracao-economica-do-pais\/","og_site_name":"Jornal Fatos e Not\u00edcias","article_published_time":"2025-06-12T17:54:10+00:00","article_modified_time":"2025-06-12T17:54:11+00:00","og_image":[{"width":1000,"height":666,"url":"https:\/\/jornalfatosenoticias.com.br\/wp-content\/uploads\/2025\/06\/CRISE-ECONOMICA-CHINESA_FREEPIK.jpg","type":"image\/jpeg"}],"author":"Haroldo Filho","twitter_card":"summary_large_image","twitter_misc":{"Escrito por":"Haroldo Filho","Est. tempo de leitura":"8 minutos"},"schema":{"@context":"https:\/\/schema.org","@graph":[{"@type":"Article","@id":"https:\/\/jornalfatosenoticias.com.br\/index.php\/2025\/06\/12\/dados-desaparecidos-da-china-nao-conseguem-esconder-a-desaceleracao-economica-do-pais\/#article","isPartOf":{"@id":"https:\/\/jornalfatosenoticias.com.br\/index.php\/2025\/06\/12\/dados-desaparecidos-da-china-nao-conseguem-esconder-a-desaceleracao-economica-do-pais\/"},"author":{"name":"Haroldo Filho","@id":"https:\/\/jornalfatosenoticias.com.br\/#\/schema\/person\/05c46cc25b42a5c27e004fb0fa6b4965"},"headline":"Dados \u201cdesaparecidos\u201d da China n\u00e3o conseguem esconder a desacelera\u00e7\u00e3o econ\u00f4mica do pa\u00eds","datePublished":"2025-06-12T17:54:10+00:00","dateModified":"2025-06-12T17:54:11+00:00","mainEntityOfPage":{"@id":"https:\/\/jornalfatosenoticias.com.br\/index.php\/2025\/06\/12\/dados-desaparecidos-da-china-nao-conseguem-esconder-a-desaceleracao-economica-do-pais\/"},"wordCount":1543,"commentCount":0,"publisher":{"@id":"https:\/\/jornalfatosenoticias.com.br\/#organization"},"image":{"@id":"https:\/\/jornalfatosenoticias.com.br\/index.php\/2025\/06\/12\/dados-desaparecidos-da-china-nao-conseguem-esconder-a-desaceleracao-economica-do-pais\/#primaryimage"},"thumbnailUrl":"https:\/\/jornalfatosenoticias.com.br\/wp-content\/uploads\/2025\/06\/CRISE-ECONOMICA-CHINESA_FREEPIK.jpg","keywords":["Alibaba","china","desacelera\u00e7\u00e3o econ\u00f4mica chinesa","economia chinesa","Evergrande","Xi Jinping"],"articleSection":["Internacional"],"inLanguage":"pt-BR","potentialAction":[{"@type":"CommentAction","name":"Comment","target":["https:\/\/jornalfatosenoticias.com.br\/index.php\/2025\/06\/12\/dados-desaparecidos-da-china-nao-conseguem-esconder-a-desaceleracao-economica-do-pais\/#respond"]}]},{"@type":"WebPage","@id":"https:\/\/jornalfatosenoticias.com.br\/index.php\/2025\/06\/12\/dados-desaparecidos-da-china-nao-conseguem-esconder-a-desaceleracao-economica-do-pais\/","url":"https:\/\/jornalfatosenoticias.com.br\/index.php\/2025\/06\/12\/dados-desaparecidos-da-china-nao-conseguem-esconder-a-desaceleracao-economica-do-pais\/","name":"Dados \u201cdesaparecidos\u201d da China n\u00e3o conseguem esconder a desacelera\u00e7\u00e3o econ\u00f4mica do pa\u00eds - Jornal Fatos e Not\u00edcias","isPartOf":{"@id":"https:\/\/jornalfatosenoticias.com.br\/#website"},"primaryImageOfPage":{"@id":"https:\/\/jornalfatosenoticias.com.br\/index.php\/2025\/06\/12\/dados-desaparecidos-da-china-nao-conseguem-esconder-a-desaceleracao-economica-do-pais\/#primaryimage"},"image":{"@id":"https:\/\/jornalfatosenoticias.com.br\/index.php\/2025\/06\/12\/dados-desaparecidos-da-china-nao-conseguem-esconder-a-desaceleracao-economica-do-pais\/#primaryimage"},"thumbnailUrl":"https:\/\/jornalfatosenoticias.com.br\/wp-content\/uploads\/2025\/06\/CRISE-ECONOMICA-CHINESA_FREEPIK.jpg","datePublished":"2025-06-12T17:54:10+00:00","dateModified":"2025-06-12T17:54:11+00:00","breadcrumb":{"@id":"https:\/\/jornalfatosenoticias.com.br\/index.php\/2025\/06\/12\/dados-desaparecidos-da-china-nao-conseguem-esconder-a-desaceleracao-economica-do-pais\/#breadcrumb"},"inLanguage":"pt-BR","potentialAction":[{"@type":"ReadAction","target":["https:\/\/jornalfatosenoticias.com.br\/index.php\/2025\/06\/12\/dados-desaparecidos-da-china-nao-conseguem-esconder-a-desaceleracao-economica-do-pais\/"]}]},{"@type":"ImageObject","inLanguage":"pt-BR","@id":"https:\/\/jornalfatosenoticias.com.br\/index.php\/2025\/06\/12\/dados-desaparecidos-da-china-nao-conseguem-esconder-a-desaceleracao-economica-do-pais\/#primaryimage","url":"https:\/\/jornalfatosenoticias.com.br\/wp-content\/uploads\/2025\/06\/CRISE-ECONOMICA-CHINESA_FREEPIK.jpg","contentUrl":"https:\/\/jornalfatosenoticias.com.br\/wp-content\/uploads\/2025\/06\/CRISE-ECONOMICA-CHINESA_FREEPIK.jpg","width":1000,"height":666,"caption":"A closeup shot of 100 Chinese Yuan (CNY) banknotes and Chinese traditional red envelop for Chinese New Year"},{"@type":"BreadcrumbList","@id":"https:\/\/jornalfatosenoticias.com.br\/index.php\/2025\/06\/12\/dados-desaparecidos-da-china-nao-conseguem-esconder-a-desaceleracao-economica-do-pais\/#breadcrumb","itemListElement":[{"@type":"ListItem","position":1,"name":"In\u00edcio","item":"https:\/\/jornalfatosenoticias.com.br\/"},{"@type":"ListItem","position":2,"name":"Dados \u201cdesaparecidos\u201d da China n\u00e3o conseguem esconder a desacelera\u00e7\u00e3o econ\u00f4mica do pa\u00eds"}]},{"@type":"WebSite","@id":"https:\/\/jornalfatosenoticias.com.br\/#website","url":"https:\/\/jornalfatosenoticias.com.br\/","name":"Jornal Fatos e Not\u00edcias","description":"Not\u00edcias em geral","publisher":{"@id":"https:\/\/jornalfatosenoticias.com.br\/#organization"},"potentialAction":[{"@type":"SearchAction","target":{"@type":"EntryPoint","urlTemplate":"https:\/\/jornalfatosenoticias.com.br\/?s={search_term_string}"},"query-input":{"@type":"PropertyValueSpecification","valueRequired":true,"valueName":"search_term_string"}}],"inLanguage":"pt-BR"},{"@type":"Organization","@id":"https:\/\/jornalfatosenoticias.com.br\/#organization","name":"Jornal Fatos e Not\u00edcias","url":"https:\/\/jornalfatosenoticias.com.br\/","logo":{"@type":"ImageObject","inLanguage":"pt-BR","@id":"https:\/\/jornalfatosenoticias.com.br\/#\/schema\/logo\/image\/","url":"https:\/\/jornalfatosenoticias.com.br\/wp-content\/uploads\/2020\/02\/logo120.png","contentUrl":"https:\/\/jornalfatosenoticias.com.br\/wp-content\/uploads\/2020\/02\/logo120.png","width":1227,"height":120,"caption":"Jornal Fatos e Not\u00edcias"},"image":{"@id":"https:\/\/jornalfatosenoticias.com.br\/#\/schema\/logo\/image\/"}},{"@type":"Person","@id":"https:\/\/jornalfatosenoticias.com.br\/#\/schema\/person\/05c46cc25b42a5c27e004fb0fa6b4965","name":"Haroldo Filho","image":{"@type":"ImageObject","inLanguage":"pt-BR","@id":"https:\/\/jornalfatosenoticias.com.br\/#\/schema\/person\/image\/","url":"https:\/\/jornalfatosenoticias.com.br\/wp-content\/uploads\/2025\/08\/WhatsApp-Image-2025-08-18-at-15.30.28-150x150.jpeg","contentUrl":"https:\/\/jornalfatosenoticias.com.br\/wp-content\/uploads\/2025\/08\/WhatsApp-Image-2025-08-18-at-15.30.28-150x150.jpeg","caption":"Haroldo Filho"},"description":"Jornalista \u2013 DRT: 0003818\/ES Coordenador-geral da ONG Educar para Crescer","url":"https:\/\/jornalfatosenoticias.com.br\/index.php\/author\/haroldo\/"}]}},"cc_featured_image_caption":{"caption_text":"(Foto: Freepik) ","source_text":"","source_url":""},"jetpack_featured_media_url":"https:\/\/jornalfatosenoticias.com.br\/wp-content\/uploads\/2025\/06\/CRISE-ECONOMICA-CHINESA_FREEPIK.jpg","_links":{"self":[{"href":"https:\/\/jornalfatosenoticias.com.br\/index.php\/wp-json\/wp\/v2\/posts\/59816","targetHints":{"allow":["GET"]}}],"collection":[{"href":"https:\/\/jornalfatosenoticias.com.br\/index.php\/wp-json\/wp\/v2\/posts"}],"about":[{"href":"https:\/\/jornalfatosenoticias.com.br\/index.php\/wp-json\/wp\/v2\/types\/post"}],"author":[{"embeddable":true,"href":"https:\/\/jornalfatosenoticias.com.br\/index.php\/wp-json\/wp\/v2\/users\/3"}],"replies":[{"embeddable":true,"href":"https:\/\/jornalfatosenoticias.com.br\/index.php\/wp-json\/wp\/v2\/comments?post=59816"}],"version-history":[{"count":0,"href":"https:\/\/jornalfatosenoticias.com.br\/index.php\/wp-json\/wp\/v2\/posts\/59816\/revisions"}],"wp:featuredmedia":[{"embeddable":true,"href":"https:\/\/jornalfatosenoticias.com.br\/index.php\/wp-json\/wp\/v2\/media\/59817"}],"wp:attachment":[{"href":"https:\/\/jornalfatosenoticias.com.br\/index.php\/wp-json\/wp\/v2\/media?parent=59816"}],"wp:term":[{"taxonomy":"category","embeddable":true,"href":"https:\/\/jornalfatosenoticias.com.br\/index.php\/wp-json\/wp\/v2\/categories?post=59816"},{"taxonomy":"post_tag","embeddable":true,"href":"https:\/\/jornalfatosenoticias.com.br\/index.php\/wp-json\/wp\/v2\/tags?post=59816"}],"curies":[{"name":"wp","href":"https:\/\/api.w.org\/{rel}","templated":true}]}}