{"id":59844,"date":"2025-06-13T16:17:52","date_gmt":"2025-06-13T19:17:52","guid":{"rendered":"https:\/\/jornalfatosenoticias.com.br\/?p=59844"},"modified":"2025-06-13T16:18:24","modified_gmt":"2025-06-13T19:18:24","slug":"menos-credito-e-mais-inflacao-agro-declara-guerra-contra-nova-taxacao-do-governo","status":"publish","type":"post","link":"https:\/\/jornalfatosenoticias.com.br\/index.php\/2025\/06\/13\/menos-credito-e-mais-inflacao-agro-declara-guerra-contra-nova-taxacao-do-governo\/","title":{"rendered":"Menos cr\u00e9dito e mais infla\u00e7\u00e3o: agro declara guerra contra nova taxa\u00e7\u00e3o do governo"},"content":{"rendered":"\n<p><em><span class=\"has-inline-color has-black-color\">O argumento deles \u00e9 que a taxa\u00e7\u00e3o vai reduzir a oferta de cr\u00e9dito e elevar o pre\u00e7o da alimenta\u00e7\u00e3o<\/span><\/em><\/p>\n\n\n\n<p><span class=\"has-inline-color has-black-color\">Por <strong><a href=\"https:\/\/www.gazetadopovo.com.br\/autor\/celio-yano\/\">C\u00e9lio Yano<\/a><\/strong><\/span><\/p>\n\n\n\n<div class=\"wp-block-image\"><figure class=\"aligncenter size-large\"><a href=\"https:\/\/mizu.com.br\/\"><img loading=\"lazy\" decoding=\"async\" width=\"729\" height=\"90\" src=\"https:\/\/jornalfatosenoticias.com.br\/wp-content\/uploads\/2020\/02\/Logo_Mizu.png\" alt=\"\" class=\"wp-image-1441\" srcset=\"https:\/\/jornalfatosenoticias.com.br\/wp-content\/uploads\/2020\/02\/Logo_Mizu.png 729w, https:\/\/jornalfatosenoticias.com.br\/wp-content\/uploads\/2020\/02\/Logo_Mizu-300x37.png 300w\" sizes=\"auto, (max-width: 729px) 100vw, 729px\" \/><\/a><\/figure><\/div>\n\n\n\n<p>Representantes do agroneg\u00f3cio se articulam para barrar a tentativa do governo de tributar aplica\u00e7\u00f5es em Letras de Cr\u00e9dito do Agroneg\u00f3cio (LCA) e Certificados de Receb\u00edveis do Agroneg\u00f3cio (CRA), que financiam o setor. O argumento deles \u00e9 que a taxa\u00e7\u00e3o vai reduzir a oferta de cr\u00e9dito e elevar o pre\u00e7o da alimenta\u00e7\u00e3o.<br>Segundo o ministro da Fazenda, Fernando Haddad, o governo pretende taxar em 5% t\u00edtulos de renda fixa que hoje s\u00e3o isentos. Al\u00e9m de LCA e CRA, est\u00e3o na mira as Letras de Cr\u00e9dito Imobili\u00e1rio (LCI), Certificados de Receb\u00edveis Imobili\u00e1rios (CRI) e deb\u00eantures incentivadas.<br>LCAs e CRAs s\u00e3o t\u00edtulos negociados no mercado de aplica\u00e7\u00f5es financeiras que geram rendimentos para quem os det\u00e9m e s\u00e3o consideradas mais atraentes ao investidor pessoa f\u00edsica, que n\u00e3o paga Imposto de Renda sobre o rendimento deles. Ambas est\u00e3o ligadas ao financiamento do agroneg\u00f3cio.<\/p>\n\n\n\n<div class=\"wp-block-image\"><figure class=\"aligncenter size-large\"><a href=\"https:\/\/www.cesconetto.com.br\/\"><img loading=\"lazy\" decoding=\"async\" width=\"300\" height=\"250\" src=\"https:\/\/jornalfatosenoticias.com.br\/wp-content\/uploads\/2020\/02\/Banner-2.png\" alt=\"\" class=\"wp-image-43787\"\/><\/a><\/figure><\/div>\n\n\n\n<p>As LCAs s\u00e3o emitidas por institui\u00e7\u00f5es financeiras, como bancos, para financiamento direto de produtores rurais ou empresas ligadas ao agroneg\u00f3cio, na forma de cr\u00e9dito. Os CRAs s\u00e3o emitidos por companhias securitizadoras com base em d\u00edvidas a receber originados de neg\u00f3cios do setor, ou seja, financiam atividades agropecu\u00e1rias de forma indireta.<\/p>\n\n\n\n<div class=\"wp-block-image\"><figure class=\"aligncenter size-large is-resized\"><a href=\"https:\/\/www.legisjuris.com.br\/\"><img loading=\"lazy\" decoding=\"async\" src=\"https:\/\/jornalfatosenoticias.com.br\/wp-content\/uploads\/2024\/09\/Legis-Juris-Consultoria_logo.jpg\" alt=\"\" class=\"wp-image-53915\" width=\"530\" height=\"222\" srcset=\"https:\/\/jornalfatosenoticias.com.br\/wp-content\/uploads\/2024\/09\/Legis-Juris-Consultoria_logo.jpg 969w, https:\/\/jornalfatosenoticias.com.br\/wp-content\/uploads\/2024\/09\/Legis-Juris-Consultoria_logo-300x126.jpg 300w, https:\/\/jornalfatosenoticias.com.br\/wp-content\/uploads\/2024\/09\/Legis-Juris-Consultoria_logo-768x322.jpg 768w\" sizes=\"auto, (max-width: 530px) 100vw, 530px\" \/><\/a><\/figure><\/div>\n\n\n\n<p>Para entidades ligadas \u00e0 agricultura e \u00e0 pecu\u00e1ria, a incid\u00eancia de IR sobre os rendimentos desses pap\u00e9is deve reduzir a atratividade dos ativos entre investidores e, com isso, diminuir a oferta de recursos dispon\u00edveis especialmente para pequenos e m\u00e9dios produtores rurais, que dependem de institui\u00e7\u00f5es consolidadas para a emiss\u00e3o dos t\u00edtulos.<\/p>\n\n\n\n<div class=\"wp-block-image\"><figure class=\"aligncenter size-large\"><a href=\"http:\/\/www.ferrarimaquinas.com.br\/\"><img loading=\"lazy\" decoding=\"async\" width=\"300\" height=\"250\" src=\"https:\/\/jornalfatosenoticias.com.br\/wp-content\/uploads\/2022\/02\/FERRARI_MAQUINAS-E-FERRAMENTAS2.jpg\" alt=\"\" class=\"wp-image-27860\"\/><\/a><\/figure><\/div>\n\n\n\n<p>A Associa\u00e7\u00e3o Brasileira do Agroneg\u00f3cio (Abag) considera que a tributa\u00e7\u00e3o, se confirmada, comprometeria uma das principais fontes de financiamento privado a um dos maiores setores da economia brasileira. Segundo a entidade, isso afetaria diretamente \u201ca competitividade, a previsibilidade e a seguran\u00e7a financeira dos produtores rurais e das cadeias produtivas como um todo\u201d.<\/p>\n\n\n\n<div class=\"wp-block-image\"><figure class=\"aligncenter size-large is-resized\"><a href=\"https:\/\/www.instagram.com\/restaurantepegoretti\/\"><img loading=\"lazy\" decoding=\"async\" src=\"https:\/\/jornalfatosenoticias.com.br\/wp-content\/uploads\/2023\/12\/pegoretti-logo-pdf-1024x389.jpg\" alt=\"\" class=\"wp-image-47536\" width=\"511\" height=\"194\" srcset=\"https:\/\/jornalfatosenoticias.com.br\/wp-content\/uploads\/2023\/12\/pegoretti-logo-pdf-1024x389.jpg 1024w, https:\/\/jornalfatosenoticias.com.br\/wp-content\/uploads\/2023\/12\/pegoretti-logo-pdf-300x114.jpg 300w, https:\/\/jornalfatosenoticias.com.br\/wp-content\/uploads\/2023\/12\/pegoretti-logo-pdf-768x291.jpg 768w, https:\/\/jornalfatosenoticias.com.br\/wp-content\/uploads\/2023\/12\/pegoretti-logo-pdf.jpg 1120w\" sizes=\"auto, (max-width: 511px) 100vw, 511px\" \/><\/a><\/figure><\/div>\n\n\n\n<blockquote class=\"wp-block-quote is-layout-flow wp-block-quote-is-layout-flow\"><p><span class=\"has-inline-color has-luminous-vivid-orange-color\">As LCAs t\u00eam sido fundamentais para direcionar recursos de mercado ao agroneg\u00f3cio, com baixo risco e est\u00edmulo ao investimento de longo prazo\u201d, diz a associa\u00e7\u00e3o.<em> \u201cA poss\u00edvel tributa\u00e7\u00e3o pode desestimular as aplica\u00e7\u00f5es, encarecer o cr\u00e9dito para o campo e impactar os custos de produ\u00e7\u00e3o, com reflexos negativos para toda a sociedade, pressionando a infla\u00e7\u00e3o e aumentando o pre\u00e7o dos alimentos\u201d, acrescenta.<\/em><\/span><\/p><\/blockquote>\n\n\n\n<div class=\"wp-block-image\"><figure class=\"aligncenter size-large is-resized\"><a href=\"https:\/\/www.controlsystems.com.br\/\"><img loading=\"lazy\" decoding=\"async\" src=\"https:\/\/jornalfatosenoticias.com.br\/wp-content\/uploads\/2020\/02\/CONTROL-CS.jpg\" alt=\"\" class=\"wp-image-44991\" width=\"310\" height=\"372\" srcset=\"https:\/\/jornalfatosenoticias.com.br\/wp-content\/uploads\/2020\/02\/CONTROL-CS.jpg 834w, https:\/\/jornalfatosenoticias.com.br\/wp-content\/uploads\/2020\/02\/CONTROL-CS-250x300.jpg 250w, https:\/\/jornalfatosenoticias.com.br\/wp-content\/uploads\/2020\/02\/CONTROL-CS-768x921.jpg 768w\" sizes=\"auto, (max-width: 310px) 100vw, 310px\" \/><\/a><\/figure><\/div>\n\n\n\n<p>A Confedera\u00e7\u00e3o da Agricultura e Pecu\u00e1ria do Brasil (CNA) ressalta que as LCAs representam hoje a principal fonte de recursos para o financiamento do cr\u00e9dito rural, servindo como lastro das opera\u00e7\u00f5es do Plano Safra. A entidade destaca ainda que mudan\u00e7as recentes promovidas pelo Conselho Monet\u00e1rio Nacional (CMN) nas regras desse tipo de emiss\u00e3o j\u00e1 vinham prejudicando a atra\u00e7\u00e3o de recursos para o cr\u00e9dito rural. Em fevereiro de 2024, por exemplo, o prazo de rentabilidade do t\u00edtulo foi ampliado de 90 dias para nove meses, o que freou o crescimento do estoque de LCAs.<\/p>\n\n\n\n<div class=\"wp-block-image\"><figure class=\"aligncenter size-large is-resized\"><a href=\"https:\/\/www.facebook.com\/postobkr\/?locale=pt_BR\"><img loading=\"lazy\" decoding=\"async\" src=\"https:\/\/jornalfatosenoticias.com.br\/wp-content\/uploads\/2023\/08\/BKR-1024x1021.jpg\" alt=\"\" class=\"wp-image-44494\" width=\"266\" height=\"265\" srcset=\"https:\/\/jornalfatosenoticias.com.br\/wp-content\/uploads\/2023\/08\/BKR-1024x1021.jpg 1024w, https:\/\/jornalfatosenoticias.com.br\/wp-content\/uploads\/2023\/08\/BKR-300x300.jpg 300w, https:\/\/jornalfatosenoticias.com.br\/wp-content\/uploads\/2023\/08\/BKR-150x150.jpg 150w, https:\/\/jornalfatosenoticias.com.br\/wp-content\/uploads\/2023\/08\/BKR-768x766.jpg 768w, https:\/\/jornalfatosenoticias.com.br\/wp-content\/uploads\/2023\/08\/BKR.jpg 1080w\" sizes=\"auto, (max-width: 266px) 100vw, 266px\" \/><\/a><\/figure><\/div>\n\n\n\n<p><em><strong>\u201cEssa desacelera\u00e7\u00e3o s\u00f3 n\u00e3o foi mais acentuada devido \u00e0 elevada taxa Selic, que continuava atraindo investidores, especialmente por conta da isen\u00e7\u00e3o de Imposto de Renda para pessoas f\u00edsicas\u201d, diz trecho de an\u00e1lise da CNA.<\/strong><\/em><\/p>\n\n\n\n<div class=\"wp-block-image\"><figure class=\"aligncenter size-large is-resized\"><a href=\"https:\/\/www.facebook.com\/vetor.vix\/\"><img loading=\"lazy\" decoding=\"async\" src=\"https:\/\/jornalfatosenoticias.com.br\/wp-content\/uploads\/2023\/09\/vetorvix1024_1.jpg\" alt=\"\" class=\"wp-image-44868\" width=\"539\" height=\"143\" srcset=\"https:\/\/jornalfatosenoticias.com.br\/wp-content\/uploads\/2023\/09\/vetorvix1024_1.jpg 1024w, https:\/\/jornalfatosenoticias.com.br\/wp-content\/uploads\/2023\/09\/vetorvix1024_1-300x80.jpg 300w, https:\/\/jornalfatosenoticias.com.br\/wp-content\/uploads\/2023\/09\/vetorvix1024_1-768x205.jpg 768w\" sizes=\"auto, (max-width: 539px) 100vw, 539px\" \/><\/a><\/figure><\/div>\n\n\n\n<p>Conforme os dados mais recentes disponibilizados pelo Minist\u00e9rio da Agricultura e Pecu\u00e1ria (Mapa), em abril de 2025, o estoque de LCAs somava R$ 559,94 bilh\u00f5es, um aumento de 19% em rela\u00e7\u00e3o ao mesmo m\u00eas de 2024 (R$ 469,01 bilh\u00f5es). O crescimento entre abril de 2021 e abril de 2022, para se ter uma ideia, foi de 98%.<\/p>\n\n\n\n<div class=\"wp-block-image\"><figure class=\"aligncenter size-large is-resized\"><a href=\"https:\/\/www.instagram.com\/rcradiadores\/\"><img loading=\"lazy\" decoding=\"async\" src=\"https:\/\/jornalfatosenoticias.com.br\/wp-content\/uploads\/2022\/10\/RC_800x750_page-0001.jpg\" alt=\"\" class=\"wp-image-35338\" width=\"271\" height=\"254\" srcset=\"https:\/\/jornalfatosenoticias.com.br\/wp-content\/uploads\/2022\/10\/RC_800x750_page-0001.jpg 400w, https:\/\/jornalfatosenoticias.com.br\/wp-content\/uploads\/2022\/10\/RC_800x750_page-0001-300x281.jpg 300w\" sizes=\"auto, (max-width: 271px) 100vw, 271px\" \/><\/a><\/figure><\/div>\n\n\n\n<p>Na apresenta\u00e7\u00e3o da proposta a jornalistas, Haddad afirmou que, apesar do fim da isen\u00e7\u00e3o de IR sobre os t\u00edtulos, as aplica\u00e7\u00f5es \u201ccontinuar\u00e3o bastante incentivadas\u201d, uma vez que a al\u00edquota de 5% representa apenas um ter\u00e7o dos 15% que incidem sobre rendimentos em outras aplica\u00e7\u00f5es em renda fixa, como CDBs.<\/p>\n\n\n\n<div class=\"wp-block-image\"><figure class=\"aligncenter size-large is-resized\"><a href=\"https:\/\/www.instagram.com\/gruposei\/\"><img loading=\"lazy\" decoding=\"async\" src=\"https:\/\/jornalfatosenoticias.com.br\/wp-content\/uploads\/2022\/07\/Logo-Grupo-SEI.jpg\" alt=\"\" class=\"wp-image-31973\" width=\"423\" height=\"222\" srcset=\"https:\/\/jornalfatosenoticias.com.br\/wp-content\/uploads\/2022\/07\/Logo-Grupo-SEI.jpg 713w, https:\/\/jornalfatosenoticias.com.br\/wp-content\/uploads\/2022\/07\/Logo-Grupo-SEI-300x158.jpg 300w\" sizes=\"auto, (max-width: 423px) 100vw, 423px\" \/><\/a><\/figure><\/div>\n\n\n\n<p>A ideia do ministro \u00e9 promover as mudan\u00e7as por meio de medida provis\u00f3ria (MP), que entra em vigor de forma imediata mas precisa de aval do Legislativo para n\u00e3o &#8220;caducar&#8221;. Em raz\u00e3o do princ\u00edpio da anualidade, a cobran\u00e7a da nova al\u00edquota teria efeito apenas a partir de janeiro de 2026, mantendo isento do imposto o atual estoque de LCAs e CRAs.<\/p>\n\n\n\n<div class=\"wp-block-image\"><figure class=\"aligncenter size-large is-resized\"><a href=\"https:\/\/www.facebook.com\/profile.php?id=100069289606145\"><img loading=\"lazy\" decoding=\"async\" src=\"https:\/\/jornalfatosenoticias.com.br\/wp-content\/uploads\/2024\/11\/Guaitolini-Contabilidade-1024x714.jpeg\" alt=\"\" class=\"wp-image-55808\" width=\"328\" height=\"229\" srcset=\"https:\/\/jornalfatosenoticias.com.br\/wp-content\/uploads\/2024\/11\/Guaitolini-Contabilidade-1024x714.jpeg 1024w, https:\/\/jornalfatosenoticias.com.br\/wp-content\/uploads\/2024\/11\/Guaitolini-Contabilidade-300x209.jpeg 300w, https:\/\/jornalfatosenoticias.com.br\/wp-content\/uploads\/2024\/11\/Guaitolini-Contabilidade-768x535.jpeg 768w, https:\/\/jornalfatosenoticias.com.br\/wp-content\/uploads\/2024\/11\/Guaitolini-Contabilidade.jpeg 1280w\" sizes=\"auto, (max-width: 328px) 100vw, 328px\" \/><\/a><\/figure><\/div>\n\n\n\n<p><strong><span class=\"has-inline-color has-black-color\">Bancada do agroneg\u00f3cio promete batalhar contra taxa\u00e7\u00e3o de LCA e CRA<br><\/span><\/strong>No Congresso Nacional, a rea\u00e7\u00e3o negativa de representantes do agroneg\u00f3cio foi imediata. Para o deputado federal Pedro Lupion (PP-PR), presidente da Frente Parlamentar da Agropecu\u00e1ria (FPA), um ajuste fiscal que reduzisse o gasto p\u00fablico dispensaria a necessidade de elevar tributos.<\/p>\n\n\n\n<div class=\"wp-block-image\"><figure class=\"aligncenter size-large is-resized\"><a href=\"https:\/\/www.instagram.com\/esteio.churrascaria\/\"><img loading=\"lazy\" decoding=\"async\" src=\"https:\/\/jornalfatosenoticias.com.br\/wp-content\/uploads\/2022\/02\/LOGO-ESTEIO-1024x730.png\" alt=\"\" class=\"wp-image-27942\" width=\"305\" height=\"217\" srcset=\"https:\/\/jornalfatosenoticias.com.br\/wp-content\/uploads\/2022\/02\/LOGO-ESTEIO-1024x730.png 1024w, https:\/\/jornalfatosenoticias.com.br\/wp-content\/uploads\/2022\/02\/LOGO-ESTEIO-300x214.png 300w, https:\/\/jornalfatosenoticias.com.br\/wp-content\/uploads\/2022\/02\/LOGO-ESTEIO-768x548.png 768w, https:\/\/jornalfatosenoticias.com.br\/wp-content\/uploads\/2022\/02\/LOGO-ESTEIO.png 1123w\" sizes=\"auto, (max-width: 305px) 100vw, 305px\" \/><\/a><\/figure><\/div>\n\n\n\n<blockquote class=\"wp-block-quote is-layout-flow wp-block-quote-is-layout-flow\"><p><span class=\"has-inline-color has-luminous-vivid-orange-color\">Primeiro o governo cria um problema, depois tenta resolver com mais imposto \u2014 e, como sempre, sobra para o agro. Tributar as LCAs \u00e9 encarecer o cr\u00e9dito rural e desestimular quem produz. E o corte de gastos? Nenhuma palavra\u201d, diz o parlamentar.<\/span> <span class=\"has-inline-color has-luminous-vivid-orange-color\">\u201cA resposta apresentada pelo governo \u00e9 a taxa\u00e7\u00e3o, ou seja, aumentar impostos de LCAs, LCIS, deb\u00eantures incentivadas, algo que funciona muito bem no mercado e que significa boa parte do financiamento do setor agropecu\u00e1rio. A gente simplesmente n\u00e3o pode aceitar\u201d, disparou.<\/span><\/p><\/blockquote>\n\n\n\n<div class=\"wp-block-image\"><figure class=\"aligncenter size-large is-resized\"><a href=\"https:\/\/hotelmarquetti.com.br\/\"><img loading=\"lazy\" decoding=\"async\" src=\"https:\/\/jornalfatosenoticias.com.br\/wp-content\/uploads\/2020\/02\/LOGO-MQ-1024x680.jpg\" alt=\"\" class=\"wp-image-58299\" width=\"342\" height=\"227\" srcset=\"https:\/\/jornalfatosenoticias.com.br\/wp-content\/uploads\/2020\/02\/LOGO-MQ-1024x680.jpg 1024w, https:\/\/jornalfatosenoticias.com.br\/wp-content\/uploads\/2020\/02\/LOGO-MQ-300x199.jpg 300w, https:\/\/jornalfatosenoticias.com.br\/wp-content\/uploads\/2020\/02\/LOGO-MQ-768x510.jpg 768w, https:\/\/jornalfatosenoticias.com.br\/wp-content\/uploads\/2020\/02\/LOGO-MQ-1536x1020.jpg 1536w, https:\/\/jornalfatosenoticias.com.br\/wp-content\/uploads\/2020\/02\/LOGO-MQ-2048x1360.jpg 2048w\" sizes=\"auto, (max-width: 342px) 100vw, 342px\" \/><\/a><\/figure><\/div>\n\n\n\n<p>Em v\u00eddeo, o deputado diz que vai \u201centrar em mais uma batalha\u201d para mostrar para o governo que, em vez de aumentar imposto, \u201cprecisa cortar na carte, diminuir a m\u00e1quina e diminuir o gasto p\u00fablico\u201d. \u201cAt\u00e9 gora o ministro da Fazenda, Fernando Haddad, e ningu\u00e9m da equipe econ\u00f4mica falaram em diminuir o tamanho do Estado\u201d, criticou.<\/p>\n\n\n\n<div class=\"wp-block-image\"><figure class=\"aligncenter size-large is-resized\"><a href=\"https:\/\/www.instagram.com\/serra4x4cambioautomatico\/\"><img loading=\"lazy\" decoding=\"async\" src=\"https:\/\/jornalfatosenoticias.com.br\/wp-content\/uploads\/2024\/08\/Serra-4x4-1-886x1024.jpg\" alt=\"\" class=\"wp-image-53632\" width=\"249\" height=\"288\" srcset=\"https:\/\/jornalfatosenoticias.com.br\/wp-content\/uploads\/2024\/08\/Serra-4x4-1-886x1024.jpg 886w, https:\/\/jornalfatosenoticias.com.br\/wp-content\/uploads\/2024\/08\/Serra-4x4-1-260x300.jpg 260w, https:\/\/jornalfatosenoticias.com.br\/wp-content\/uploads\/2024\/08\/Serra-4x4-1-768x888.jpg 768w, https:\/\/jornalfatosenoticias.com.br\/wp-content\/uploads\/2024\/08\/Serra-4x4-1.jpg 1181w\" sizes=\"auto, (max-width: 249px) 100vw, 249px\" \/><\/a><\/figure><\/div>\n\n\n\n<p>A FPA, que re\u00fane 350 parlamentares, divulgou nota em que manifesta \u201cprofunda preocupa\u00e7\u00e3o com a proposta de tributa\u00e7\u00e3o em 5% dos rendimentos de LCAs e LCIs\u201d. Para a bancada, a medida compromete uma fonte essencial de cr\u00e9dito rural, especialmente para m\u00e9dios produtores e cooperativas, e encarece o financiamento do setor em um cen\u00e1rio de juros altos e de queda nos pre\u00e7os de commodities. <em><strong>\u201cA conta ser\u00e1 paga pelo consumidor, que receber\u00e1 o repasse no pre\u00e7o dos alimentos\u201d, afirma a FPA.<\/strong><\/em><\/p>\n\n\n\n<div class=\"wp-block-image\"><figure class=\"aligncenter size-large is-resized\"><a href=\"https:\/\/panper.com.br\/\"><img loading=\"lazy\" decoding=\"async\" src=\"https:\/\/jornalfatosenoticias.com.br\/wp-content\/uploads\/2023\/03\/logo-Panper_portal.jpg\" alt=\"\" class=\"wp-image-40208\" width=\"348\" height=\"241\" srcset=\"https:\/\/jornalfatosenoticias.com.br\/wp-content\/uploads\/2023\/03\/logo-Panper_portal.jpg 400w, https:\/\/jornalfatosenoticias.com.br\/wp-content\/uploads\/2023\/03\/logo-Panper_portal-300x208.jpg 300w\" sizes=\"auto, (max-width: 348px) 100vw, 348px\" \/><\/a><\/figure><\/div>\n\n\n\n<p>A frente parlamentar destaca ainda que a agropecu\u00e1ria \u00e9 respons\u00e1vel por quase metade do super\u00e1vit comercial brasileiro. \u201cPenalizar o setor \u00e9 penalizar o crescimento do pa\u00eds. \u00c9 preciso equil\u00edbrio: ajustar as contas passa pelo controle de gastos e pela revis\u00e3o estrutural do or\u00e7amento, e n\u00e3o pelo aumento do peso sobre quem sustenta a economia\u201d.<\/p>\n\n\n\n<div class=\"wp-block-image\"><figure class=\"aligncenter size-large is-resized\"><a href=\"https:\/\/www.ithbrasil.com.br\/\"><img loading=\"lazy\" decoding=\"async\" src=\"https:\/\/jornalfatosenoticias.com.br\/wp-content\/uploads\/2023\/08\/ITH.jpeg\" alt=\"\" class=\"wp-image-44638\" width=\"312\" height=\"253\" srcset=\"https:\/\/jornalfatosenoticias.com.br\/wp-content\/uploads\/2023\/08\/ITH.jpeg 800w, https:\/\/jornalfatosenoticias.com.br\/wp-content\/uploads\/2023\/08\/ITH-300x244.jpeg 300w, https:\/\/jornalfatosenoticias.com.br\/wp-content\/uploads\/2023\/08\/ITH-768x624.jpeg 768w\" sizes=\"auto, (max-width: 312px) 100vw, 312px\" \/><\/a><\/figure><\/div>\n\n\n\n<p>A FPA recebeu apoio de outras 18 frentes parlamentares na cr\u00edtica \u00e0s medidas propostas pela Fazenda. \u201cO fim da isen\u00e7\u00e3o de LCI e LCA penaliza diretamente o pequeno e m\u00e9dio investidor, que busca alternativas de renda fixa para proteger suas economias, e desincentiva o financiamento de setores vitais como o agroneg\u00f3cio e a constru\u00e7\u00e3o civil, elevando o custo de moradia e dos alimentos\u201d, diz carta assinada pela Coaliz\u00e3o das Frentes Produtivas.<\/p>\n\n\n\n<div class=\"wp-block-image\"><figure class=\"aligncenter size-large is-resized\"><a href=\"https:\/\/www.legisjuris.com.br\/\"><img loading=\"lazy\" decoding=\"async\" src=\"https:\/\/jornalfatosenoticias.com.br\/wp-content\/uploads\/2024\/09\/Legis-Juris-Consultoria_logo.jpg\" alt=\"\" class=\"wp-image-53915\" width=\"530\" height=\"222\" srcset=\"https:\/\/jornalfatosenoticias.com.br\/wp-content\/uploads\/2024\/09\/Legis-Juris-Consultoria_logo.jpg 969w, https:\/\/jornalfatosenoticias.com.br\/wp-content\/uploads\/2024\/09\/Legis-Juris-Consultoria_logo-300x126.jpg 300w, https:\/\/jornalfatosenoticias.com.br\/wp-content\/uploads\/2024\/09\/Legis-Juris-Consultoria_logo-768x322.jpg 768w\" sizes=\"auto, (max-width: 530px) 100vw, 530px\" \/><\/a><\/figure><\/div>\n\n\n\n<p>O documento cita ainda levantamento da Gazeta do Povo, que mostrou que o governo de Luiz In\u00e1cio Lula da Silva (PT) j\u00e1 anunciou 24 medidas de aumento ou cria\u00e7\u00e3o de imposto \u2014 sem contar as tributa\u00e7\u00f5es do novo pacote fiscal. \u201cA estat\u00edstica \u00e9 alarmante e ineg\u00e1vel: desde janeiro de 2023, o atual governo aumentou ou criou impostos por pelo menos 24 vezes. Isso significa uma m\u00e9dia de um novo aumento de impostos a cada 37 dias\u201d.<\/p>\n\n\n\n<div class=\"wp-block-image\"><figure class=\"aligncenter size-large is-resized\"><a href=\"https:\/\/www.instagram.com\/restaurantepegoretti\/\"><img loading=\"lazy\" decoding=\"async\" src=\"https:\/\/jornalfatosenoticias.com.br\/wp-content\/uploads\/2023\/12\/pegoretti-logo-pdf-1024x389.jpg\" alt=\"\" class=\"wp-image-47536\" width=\"527\" height=\"200\" srcset=\"https:\/\/jornalfatosenoticias.com.br\/wp-content\/uploads\/2023\/12\/pegoretti-logo-pdf-1024x389.jpg 1024w, https:\/\/jornalfatosenoticias.com.br\/wp-content\/uploads\/2023\/12\/pegoretti-logo-pdf-300x114.jpg 300w, https:\/\/jornalfatosenoticias.com.br\/wp-content\/uploads\/2023\/12\/pegoretti-logo-pdf-768x291.jpg 768w, https:\/\/jornalfatosenoticias.com.br\/wp-content\/uploads\/2023\/12\/pegoretti-logo-pdf.jpg 1120w\" sizes=\"auto, (max-width: 527px) 100vw, 527px\" \/><\/a><\/figure><\/div>\n\n\n\n<p>Integram a coaliz\u00e3o, al\u00e9m da FPA, as frentes parlamentares de Com\u00e9rcio e Servi\u00e7os, do Livre Mercado, do Empreendedorismo, do Biodiesel, Pelo Brasil Competitivo, de Gest\u00e3o de Res\u00edduos e Economia Circular, em Defesa do Turismo, da Habita\u00e7\u00e3o e do Desenvolvimento Urbano Sustent\u00e1vel, Pela Mulher Empreendedora, em Defesa da Avia\u00e7\u00e3o Civil, em Defesa da Cultura e Entretenimento, de Portos e Aeroportos, em Defesa do Saneamento B\u00e1sico, da Ind\u00fastria de M\u00e1quinas e Equipamentos, do Cooperativismo, da Sa\u00fade, de Log\u00edstica e Infraestrutura e da Minera\u00e7\u00e3o Sustent\u00e1vel.<\/p>\n\n\n\n<div class=\"wp-block-image\"><figure class=\"aligncenter size-large is-resized\"><a href=\"https:\/\/www.facebook.com\/postobkr\/?locale=pt_BR\"><img loading=\"lazy\" decoding=\"async\" src=\"https:\/\/jornalfatosenoticias.com.br\/wp-content\/uploads\/2023\/08\/BKR-1024x1021.jpg\" alt=\"\" class=\"wp-image-44494\" width=\"280\" height=\"279\" srcset=\"https:\/\/jornalfatosenoticias.com.br\/wp-content\/uploads\/2023\/08\/BKR-1024x1021.jpg 1024w, https:\/\/jornalfatosenoticias.com.br\/wp-content\/uploads\/2023\/08\/BKR-300x300.jpg 300w, https:\/\/jornalfatosenoticias.com.br\/wp-content\/uploads\/2023\/08\/BKR-150x150.jpg 150w, https:\/\/jornalfatosenoticias.com.br\/wp-content\/uploads\/2023\/08\/BKR-768x766.jpg 768w, https:\/\/jornalfatosenoticias.com.br\/wp-content\/uploads\/2023\/08\/BKR.jpg 1080w\" sizes=\"auto, (max-width: 280px) 100vw, 280px\" \/><\/a><\/figure><\/div>\n\n\n\n<p><strong>Fonte: <a href=\"https:\/\/www.gazetadopovo.com.br\/agronegocio\/menos-credito-e-mais-inflacao-agro-declara-guerra-contra-nova-taxacao-do-governo\/\">Gazeta do Povo<\/a><\/strong><\/p>\n","protected":false},"excerpt":{"rendered":"<p>O argumento deles \u00e9 que a taxa\u00e7\u00e3o vai reduzir a oferta de cr\u00e9dito e elevar o pre\u00e7o da alimenta\u00e7\u00e3o Por C\u00e9lio Yano Representantes do agroneg\u00f3cio se articulam para barrar a tentativa do governo de tributar aplica\u00e7\u00f5es em Letras de Cr\u00e9dito do Agroneg\u00f3cio (LCA) e Certificados de Receb\u00edveis do Agroneg\u00f3cio (CRA), que financiam o setor. O [&hellip;]<\/p>\n","protected":false},"author":2,"featured_media":59845,"comment_status":"open","ping_status":"open","sticky":false,"template":"","format":"standard","meta":{"footnotes":""},"categories":[9],"tags":[11055,279,70,21524,18155,1402,8257,18891,8611],"class_list":["post-59844","post","type-post","status-publish","format-standard","has-post-thumbnail","hentry","category-economia","tag-agronegocio","tag-agropecuaria","tag-alimentos","tag-aumento-de-impostos","tag-fernando-haddad","tag-imposto-de-renda","tag-impostos","tag-pedro-lupion","tag-tributacao"],"yoast_head":"<!-- This site is optimized with the Yoast SEO plugin v26.5 - https:\/\/yoast.com\/wordpress\/plugins\/seo\/ -->\n<title>Menos cr\u00e9dito e mais infla\u00e7\u00e3o: agro declara guerra contra nova taxa\u00e7\u00e3o do governo - Jornal Fatos e Not\u00edcias<\/title>\n<meta name=\"robots\" content=\"index, follow, max-snippet:-1, max-image-preview:large, max-video-preview:-1\" \/>\n<link rel=\"canonical\" href=\"https:\/\/jornalfatosenoticias.com.br\/index.php\/2025\/06\/13\/menos-credito-e-mais-inflacao-agro-declara-guerra-contra-nova-taxacao-do-governo\/\" \/>\n<meta property=\"og:locale\" content=\"pt_BR\" \/>\n<meta property=\"og:type\" content=\"article\" \/>\n<meta property=\"og:title\" content=\"Menos cr\u00e9dito e mais infla\u00e7\u00e3o: agro declara guerra contra nova taxa\u00e7\u00e3o do governo - Jornal Fatos e Not\u00edcias\" \/>\n<meta property=\"og:description\" content=\"O argumento deles \u00e9 que a taxa\u00e7\u00e3o vai reduzir a oferta de cr\u00e9dito e elevar o pre\u00e7o da alimenta\u00e7\u00e3o Por C\u00e9lio Yano Representantes do agroneg\u00f3cio se articulam para barrar a tentativa do governo de tributar aplica\u00e7\u00f5es em Letras de Cr\u00e9dito do Agroneg\u00f3cio (LCA) e Certificados de Receb\u00edveis do Agroneg\u00f3cio (CRA), que financiam o setor. O [&hellip;]\" \/>\n<meta property=\"og:url\" content=\"https:\/\/jornalfatosenoticias.com.br\/index.php\/2025\/06\/13\/menos-credito-e-mais-inflacao-agro-declara-guerra-contra-nova-taxacao-do-governo\/\" \/>\n<meta property=\"og:site_name\" content=\"Jornal Fatos e Not\u00edcias\" \/>\n<meta property=\"article:published_time\" content=\"2025-06-13T19:17:52+00:00\" \/>\n<meta property=\"article:modified_time\" content=\"2025-06-13T19:18:24+00:00\" \/>\n<meta property=\"og:image\" content=\"https:\/\/jornalfatosenoticias.com.br\/wp-content\/uploads\/2025\/06\/agro-declara-guerra-ao-governo_freepik.jpg\" \/>\n\t<meta property=\"og:image:width\" content=\"1000\" \/>\n\t<meta property=\"og:image:height\" content=\"750\" \/>\n\t<meta property=\"og:image:type\" content=\"image\/jpeg\" \/>\n<meta name=\"author\" content=\"Luzimara Fernandes\" \/>\n<meta name=\"twitter:card\" content=\"summary_large_image\" \/>\n<meta name=\"twitter:label1\" content=\"Escrito por\" \/>\n\t<meta name=\"twitter:data1\" content=\"Luzimara Fernandes\" \/>\n\t<meta name=\"twitter:label2\" content=\"Est. tempo de leitura\" \/>\n\t<meta name=\"twitter:data2\" content=\"7 minutos\" \/>\n<script type=\"application\/ld+json\" class=\"yoast-schema-graph\">{\"@context\":\"https:\/\/schema.org\",\"@graph\":[{\"@type\":\"Article\",\"@id\":\"https:\/\/jornalfatosenoticias.com.br\/index.php\/2025\/06\/13\/menos-credito-e-mais-inflacao-agro-declara-guerra-contra-nova-taxacao-do-governo\/#article\",\"isPartOf\":{\"@id\":\"https:\/\/jornalfatosenoticias.com.br\/index.php\/2025\/06\/13\/menos-credito-e-mais-inflacao-agro-declara-guerra-contra-nova-taxacao-do-governo\/\"},\"author\":{\"name\":\"Luzimara Fernandes\",\"@id\":\"https:\/\/jornalfatosenoticias.com.br\/#\/schema\/person\/d63837fa13ac8666eb9e74e0985d6f81\"},\"headline\":\"Menos cr\u00e9dito e mais infla\u00e7\u00e3o: agro declara guerra contra nova taxa\u00e7\u00e3o do governo\",\"datePublished\":\"2025-06-13T19:17:52+00:00\",\"dateModified\":\"2025-06-13T19:18:24+00:00\",\"mainEntityOfPage\":{\"@id\":\"https:\/\/jornalfatosenoticias.com.br\/index.php\/2025\/06\/13\/menos-credito-e-mais-inflacao-agro-declara-guerra-contra-nova-taxacao-do-governo\/\"},\"wordCount\":1366,\"commentCount\":0,\"publisher\":{\"@id\":\"https:\/\/jornalfatosenoticias.com.br\/#organization\"},\"image\":{\"@id\":\"https:\/\/jornalfatosenoticias.com.br\/index.php\/2025\/06\/13\/menos-credito-e-mais-inflacao-agro-declara-guerra-contra-nova-taxacao-do-governo\/#primaryimage\"},\"thumbnailUrl\":\"https:\/\/jornalfatosenoticias.com.br\/wp-content\/uploads\/2025\/06\/agro-declara-guerra-ao-governo_freepik.jpg\",\"keywords\":[\"agroneg\u00f3cio\",\"agropecu\u00e1ria\",\"alimentos\",\"aumento de impostos\",\"Fernando Haddad\",\"Imposto de Renda\",\"impostos\",\"Pedro Lupion\",\"tributa\u00e7\u00e3o\"],\"articleSection\":[\"Economia\"],\"inLanguage\":\"pt-BR\",\"potentialAction\":[{\"@type\":\"CommentAction\",\"name\":\"Comment\",\"target\":[\"https:\/\/jornalfatosenoticias.com.br\/index.php\/2025\/06\/13\/menos-credito-e-mais-inflacao-agro-declara-guerra-contra-nova-taxacao-do-governo\/#respond\"]}]},{\"@type\":\"WebPage\",\"@id\":\"https:\/\/jornalfatosenoticias.com.br\/index.php\/2025\/06\/13\/menos-credito-e-mais-inflacao-agro-declara-guerra-contra-nova-taxacao-do-governo\/\",\"url\":\"https:\/\/jornalfatosenoticias.com.br\/index.php\/2025\/06\/13\/menos-credito-e-mais-inflacao-agro-declara-guerra-contra-nova-taxacao-do-governo\/\",\"name\":\"Menos cr\u00e9dito e mais infla\u00e7\u00e3o: agro declara guerra contra nova taxa\u00e7\u00e3o do governo - Jornal Fatos e Not\u00edcias\",\"isPartOf\":{\"@id\":\"https:\/\/jornalfatosenoticias.com.br\/#website\"},\"primaryImageOfPage\":{\"@id\":\"https:\/\/jornalfatosenoticias.com.br\/index.php\/2025\/06\/13\/menos-credito-e-mais-inflacao-agro-declara-guerra-contra-nova-taxacao-do-governo\/#primaryimage\"},\"image\":{\"@id\":\"https:\/\/jornalfatosenoticias.com.br\/index.php\/2025\/06\/13\/menos-credito-e-mais-inflacao-agro-declara-guerra-contra-nova-taxacao-do-governo\/#primaryimage\"},\"thumbnailUrl\":\"https:\/\/jornalfatosenoticias.com.br\/wp-content\/uploads\/2025\/06\/agro-declara-guerra-ao-governo_freepik.jpg\",\"datePublished\":\"2025-06-13T19:17:52+00:00\",\"dateModified\":\"2025-06-13T19:18:24+00:00\",\"breadcrumb\":{\"@id\":\"https:\/\/jornalfatosenoticias.com.br\/index.php\/2025\/06\/13\/menos-credito-e-mais-inflacao-agro-declara-guerra-contra-nova-taxacao-do-governo\/#breadcrumb\"},\"inLanguage\":\"pt-BR\",\"potentialAction\":[{\"@type\":\"ReadAction\",\"target\":[\"https:\/\/jornalfatosenoticias.com.br\/index.php\/2025\/06\/13\/menos-credito-e-mais-inflacao-agro-declara-guerra-contra-nova-taxacao-do-governo\/\"]}]},{\"@type\":\"ImageObject\",\"inLanguage\":\"pt-BR\",\"@id\":\"https:\/\/jornalfatosenoticias.com.br\/index.php\/2025\/06\/13\/menos-credito-e-mais-inflacao-agro-declara-guerra-contra-nova-taxacao-do-governo\/#primaryimage\",\"url\":\"https:\/\/jornalfatosenoticias.com.br\/wp-content\/uploads\/2025\/06\/agro-declara-guerra-ao-governo_freepik.jpg\",\"contentUrl\":\"https:\/\/jornalfatosenoticias.com.br\/wp-content\/uploads\/2025\/06\/agro-declara-guerra-ao-governo_freepik.jpg\",\"width\":1000,\"height\":750},{\"@type\":\"BreadcrumbList\",\"@id\":\"https:\/\/jornalfatosenoticias.com.br\/index.php\/2025\/06\/13\/menos-credito-e-mais-inflacao-agro-declara-guerra-contra-nova-taxacao-do-governo\/#breadcrumb\",\"itemListElement\":[{\"@type\":\"ListItem\",\"position\":1,\"name\":\"In\u00edcio\",\"item\":\"https:\/\/jornalfatosenoticias.com.br\/\"},{\"@type\":\"ListItem\",\"position\":2,\"name\":\"Menos cr\u00e9dito e mais infla\u00e7\u00e3o: agro declara guerra contra nova taxa\u00e7\u00e3o do governo\"}]},{\"@type\":\"WebSite\",\"@id\":\"https:\/\/jornalfatosenoticias.com.br\/#website\",\"url\":\"https:\/\/jornalfatosenoticias.com.br\/\",\"name\":\"Jornal Fatos e Not\u00edcias\",\"description\":\"Not\u00edcias em geral\",\"publisher\":{\"@id\":\"https:\/\/jornalfatosenoticias.com.br\/#organization\"},\"potentialAction\":[{\"@type\":\"SearchAction\",\"target\":{\"@type\":\"EntryPoint\",\"urlTemplate\":\"https:\/\/jornalfatosenoticias.com.br\/?s={search_term_string}\"},\"query-input\":{\"@type\":\"PropertyValueSpecification\",\"valueRequired\":true,\"valueName\":\"search_term_string\"}}],\"inLanguage\":\"pt-BR\"},{\"@type\":\"Organization\",\"@id\":\"https:\/\/jornalfatosenoticias.com.br\/#organization\",\"name\":\"Jornal Fatos e Not\u00edcias\",\"url\":\"https:\/\/jornalfatosenoticias.com.br\/\",\"logo\":{\"@type\":\"ImageObject\",\"inLanguage\":\"pt-BR\",\"@id\":\"https:\/\/jornalfatosenoticias.com.br\/#\/schema\/logo\/image\/\",\"url\":\"https:\/\/jornalfatosenoticias.com.br\/wp-content\/uploads\/2020\/02\/logo120.png\",\"contentUrl\":\"https:\/\/jornalfatosenoticias.com.br\/wp-content\/uploads\/2020\/02\/logo120.png\",\"width\":1227,\"height\":120,\"caption\":\"Jornal Fatos e Not\u00edcias\"},\"image\":{\"@id\":\"https:\/\/jornalfatosenoticias.com.br\/#\/schema\/logo\/image\/\"}},{\"@type\":\"Person\",\"@id\":\"https:\/\/jornalfatosenoticias.com.br\/#\/schema\/person\/d63837fa13ac8666eb9e74e0985d6f81\",\"name\":\"Luzimara Fernandes\",\"image\":{\"@type\":\"ImageObject\",\"inLanguage\":\"pt-BR\",\"@id\":\"https:\/\/jornalfatosenoticias.com.br\/#\/schema\/person\/image\/\",\"url\":\"https:\/\/jornalfatosenoticias.com.br\/wp-content\/uploads\/2025\/05\/EU_portal.jpg\",\"contentUrl\":\"https:\/\/jornalfatosenoticias.com.br\/wp-content\/uploads\/2025\/05\/EU_portal.jpg\",\"caption\":\"Luzimara Fernandes\"},\"description\":\"Jornalista MTB 2358-ES\",\"sameAs\":[\"https:\/\/jornalfatosenoticias.com.br\"],\"url\":\"https:\/\/jornalfatosenoticias.com.br\/index.php\/author\/luzimara\/\"}]}<\/script>\n<!-- \/ Yoast SEO plugin. -->","yoast_head_json":{"title":"Menos cr\u00e9dito e mais infla\u00e7\u00e3o: agro declara guerra contra nova taxa\u00e7\u00e3o do governo - Jornal Fatos e Not\u00edcias","robots":{"index":"index","follow":"follow","max-snippet":"max-snippet:-1","max-image-preview":"max-image-preview:large","max-video-preview":"max-video-preview:-1"},"canonical":"https:\/\/jornalfatosenoticias.com.br\/index.php\/2025\/06\/13\/menos-credito-e-mais-inflacao-agro-declara-guerra-contra-nova-taxacao-do-governo\/","og_locale":"pt_BR","og_type":"article","og_title":"Menos cr\u00e9dito e mais infla\u00e7\u00e3o: agro declara guerra contra nova taxa\u00e7\u00e3o do governo - Jornal Fatos e Not\u00edcias","og_description":"O argumento deles \u00e9 que a taxa\u00e7\u00e3o vai reduzir a oferta de cr\u00e9dito e elevar o pre\u00e7o da alimenta\u00e7\u00e3o Por C\u00e9lio Yano Representantes do agroneg\u00f3cio se articulam para barrar a tentativa do governo de tributar aplica\u00e7\u00f5es em Letras de Cr\u00e9dito do Agroneg\u00f3cio (LCA) e Certificados de Receb\u00edveis do Agroneg\u00f3cio (CRA), que financiam o setor. O [&hellip;]","og_url":"https:\/\/jornalfatosenoticias.com.br\/index.php\/2025\/06\/13\/menos-credito-e-mais-inflacao-agro-declara-guerra-contra-nova-taxacao-do-governo\/","og_site_name":"Jornal Fatos e Not\u00edcias","article_published_time":"2025-06-13T19:17:52+00:00","article_modified_time":"2025-06-13T19:18:24+00:00","og_image":[{"width":1000,"height":750,"url":"https:\/\/jornalfatosenoticias.com.br\/wp-content\/uploads\/2025\/06\/agro-declara-guerra-ao-governo_freepik.jpg","type":"image\/jpeg"}],"author":"Luzimara Fernandes","twitter_card":"summary_large_image","twitter_misc":{"Escrito por":"Luzimara Fernandes","Est. tempo de leitura":"7 minutos"},"schema":{"@context":"https:\/\/schema.org","@graph":[{"@type":"Article","@id":"https:\/\/jornalfatosenoticias.com.br\/index.php\/2025\/06\/13\/menos-credito-e-mais-inflacao-agro-declara-guerra-contra-nova-taxacao-do-governo\/#article","isPartOf":{"@id":"https:\/\/jornalfatosenoticias.com.br\/index.php\/2025\/06\/13\/menos-credito-e-mais-inflacao-agro-declara-guerra-contra-nova-taxacao-do-governo\/"},"author":{"name":"Luzimara Fernandes","@id":"https:\/\/jornalfatosenoticias.com.br\/#\/schema\/person\/d63837fa13ac8666eb9e74e0985d6f81"},"headline":"Menos cr\u00e9dito e mais infla\u00e7\u00e3o: agro declara guerra contra nova taxa\u00e7\u00e3o do governo","datePublished":"2025-06-13T19:17:52+00:00","dateModified":"2025-06-13T19:18:24+00:00","mainEntityOfPage":{"@id":"https:\/\/jornalfatosenoticias.com.br\/index.php\/2025\/06\/13\/menos-credito-e-mais-inflacao-agro-declara-guerra-contra-nova-taxacao-do-governo\/"},"wordCount":1366,"commentCount":0,"publisher":{"@id":"https:\/\/jornalfatosenoticias.com.br\/#organization"},"image":{"@id":"https:\/\/jornalfatosenoticias.com.br\/index.php\/2025\/06\/13\/menos-credito-e-mais-inflacao-agro-declara-guerra-contra-nova-taxacao-do-governo\/#primaryimage"},"thumbnailUrl":"https:\/\/jornalfatosenoticias.com.br\/wp-content\/uploads\/2025\/06\/agro-declara-guerra-ao-governo_freepik.jpg","keywords":["agroneg\u00f3cio","agropecu\u00e1ria","alimentos","aumento de impostos","Fernando Haddad","Imposto de Renda","impostos","Pedro Lupion","tributa\u00e7\u00e3o"],"articleSection":["Economia"],"inLanguage":"pt-BR","potentialAction":[{"@type":"CommentAction","name":"Comment","target":["https:\/\/jornalfatosenoticias.com.br\/index.php\/2025\/06\/13\/menos-credito-e-mais-inflacao-agro-declara-guerra-contra-nova-taxacao-do-governo\/#respond"]}]},{"@type":"WebPage","@id":"https:\/\/jornalfatosenoticias.com.br\/index.php\/2025\/06\/13\/menos-credito-e-mais-inflacao-agro-declara-guerra-contra-nova-taxacao-do-governo\/","url":"https:\/\/jornalfatosenoticias.com.br\/index.php\/2025\/06\/13\/menos-credito-e-mais-inflacao-agro-declara-guerra-contra-nova-taxacao-do-governo\/","name":"Menos cr\u00e9dito e mais infla\u00e7\u00e3o: agro declara guerra contra nova taxa\u00e7\u00e3o do governo - Jornal Fatos e Not\u00edcias","isPartOf":{"@id":"https:\/\/jornalfatosenoticias.com.br\/#website"},"primaryImageOfPage":{"@id":"https:\/\/jornalfatosenoticias.com.br\/index.php\/2025\/06\/13\/menos-credito-e-mais-inflacao-agro-declara-guerra-contra-nova-taxacao-do-governo\/#primaryimage"},"image":{"@id":"https:\/\/jornalfatosenoticias.com.br\/index.php\/2025\/06\/13\/menos-credito-e-mais-inflacao-agro-declara-guerra-contra-nova-taxacao-do-governo\/#primaryimage"},"thumbnailUrl":"https:\/\/jornalfatosenoticias.com.br\/wp-content\/uploads\/2025\/06\/agro-declara-guerra-ao-governo_freepik.jpg","datePublished":"2025-06-13T19:17:52+00:00","dateModified":"2025-06-13T19:18:24+00:00","breadcrumb":{"@id":"https:\/\/jornalfatosenoticias.com.br\/index.php\/2025\/06\/13\/menos-credito-e-mais-inflacao-agro-declara-guerra-contra-nova-taxacao-do-governo\/#breadcrumb"},"inLanguage":"pt-BR","potentialAction":[{"@type":"ReadAction","target":["https:\/\/jornalfatosenoticias.com.br\/index.php\/2025\/06\/13\/menos-credito-e-mais-inflacao-agro-declara-guerra-contra-nova-taxacao-do-governo\/"]}]},{"@type":"ImageObject","inLanguage":"pt-BR","@id":"https:\/\/jornalfatosenoticias.com.br\/index.php\/2025\/06\/13\/menos-credito-e-mais-inflacao-agro-declara-guerra-contra-nova-taxacao-do-governo\/#primaryimage","url":"https:\/\/jornalfatosenoticias.com.br\/wp-content\/uploads\/2025\/06\/agro-declara-guerra-ao-governo_freepik.jpg","contentUrl":"https:\/\/jornalfatosenoticias.com.br\/wp-content\/uploads\/2025\/06\/agro-declara-guerra-ao-governo_freepik.jpg","width":1000,"height":750},{"@type":"BreadcrumbList","@id":"https:\/\/jornalfatosenoticias.com.br\/index.php\/2025\/06\/13\/menos-credito-e-mais-inflacao-agro-declara-guerra-contra-nova-taxacao-do-governo\/#breadcrumb","itemListElement":[{"@type":"ListItem","position":1,"name":"In\u00edcio","item":"https:\/\/jornalfatosenoticias.com.br\/"},{"@type":"ListItem","position":2,"name":"Menos cr\u00e9dito e mais infla\u00e7\u00e3o: agro declara guerra contra nova taxa\u00e7\u00e3o do governo"}]},{"@type":"WebSite","@id":"https:\/\/jornalfatosenoticias.com.br\/#website","url":"https:\/\/jornalfatosenoticias.com.br\/","name":"Jornal Fatos e Not\u00edcias","description":"Not\u00edcias em geral","publisher":{"@id":"https:\/\/jornalfatosenoticias.com.br\/#organization"},"potentialAction":[{"@type":"SearchAction","target":{"@type":"EntryPoint","urlTemplate":"https:\/\/jornalfatosenoticias.com.br\/?s={search_term_string}"},"query-input":{"@type":"PropertyValueSpecification","valueRequired":true,"valueName":"search_term_string"}}],"inLanguage":"pt-BR"},{"@type":"Organization","@id":"https:\/\/jornalfatosenoticias.com.br\/#organization","name":"Jornal Fatos e Not\u00edcias","url":"https:\/\/jornalfatosenoticias.com.br\/","logo":{"@type":"ImageObject","inLanguage":"pt-BR","@id":"https:\/\/jornalfatosenoticias.com.br\/#\/schema\/logo\/image\/","url":"https:\/\/jornalfatosenoticias.com.br\/wp-content\/uploads\/2020\/02\/logo120.png","contentUrl":"https:\/\/jornalfatosenoticias.com.br\/wp-content\/uploads\/2020\/02\/logo120.png","width":1227,"height":120,"caption":"Jornal Fatos e Not\u00edcias"},"image":{"@id":"https:\/\/jornalfatosenoticias.com.br\/#\/schema\/logo\/image\/"}},{"@type":"Person","@id":"https:\/\/jornalfatosenoticias.com.br\/#\/schema\/person\/d63837fa13ac8666eb9e74e0985d6f81","name":"Luzimara Fernandes","image":{"@type":"ImageObject","inLanguage":"pt-BR","@id":"https:\/\/jornalfatosenoticias.com.br\/#\/schema\/person\/image\/","url":"https:\/\/jornalfatosenoticias.com.br\/wp-content\/uploads\/2025\/05\/EU_portal.jpg","contentUrl":"https:\/\/jornalfatosenoticias.com.br\/wp-content\/uploads\/2025\/05\/EU_portal.jpg","caption":"Luzimara Fernandes"},"description":"Jornalista MTB 2358-ES","sameAs":["https:\/\/jornalfatosenoticias.com.br"],"url":"https:\/\/jornalfatosenoticias.com.br\/index.php\/author\/luzimara\/"}]}},"cc_featured_image_caption":{"caption_text":"(Foto: Freepik gerada com IA) ","source_text":"","source_url":""},"jetpack_featured_media_url":"https:\/\/jornalfatosenoticias.com.br\/wp-content\/uploads\/2025\/06\/agro-declara-guerra-ao-governo_freepik.jpg","_links":{"self":[{"href":"https:\/\/jornalfatosenoticias.com.br\/index.php\/wp-json\/wp\/v2\/posts\/59844","targetHints":{"allow":["GET"]}}],"collection":[{"href":"https:\/\/jornalfatosenoticias.com.br\/index.php\/wp-json\/wp\/v2\/posts"}],"about":[{"href":"https:\/\/jornalfatosenoticias.com.br\/index.php\/wp-json\/wp\/v2\/types\/post"}],"author":[{"embeddable":true,"href":"https:\/\/jornalfatosenoticias.com.br\/index.php\/wp-json\/wp\/v2\/users\/2"}],"replies":[{"embeddable":true,"href":"https:\/\/jornalfatosenoticias.com.br\/index.php\/wp-json\/wp\/v2\/comments?post=59844"}],"version-history":[{"count":0,"href":"https:\/\/jornalfatosenoticias.com.br\/index.php\/wp-json\/wp\/v2\/posts\/59844\/revisions"}],"wp:featuredmedia":[{"embeddable":true,"href":"https:\/\/jornalfatosenoticias.com.br\/index.php\/wp-json\/wp\/v2\/media\/59845"}],"wp:attachment":[{"href":"https:\/\/jornalfatosenoticias.com.br\/index.php\/wp-json\/wp\/v2\/media?parent=59844"}],"wp:term":[{"taxonomy":"category","embeddable":true,"href":"https:\/\/jornalfatosenoticias.com.br\/index.php\/wp-json\/wp\/v2\/categories?post=59844"},{"taxonomy":"post_tag","embeddable":true,"href":"https:\/\/jornalfatosenoticias.com.br\/index.php\/wp-json\/wp\/v2\/tags?post=59844"}],"curies":[{"name":"wp","href":"https:\/\/api.w.org\/{rel}","templated":true}]}}