{"id":59860,"date":"2025-06-13T19:59:08","date_gmt":"2025-06-13T22:59:08","guid":{"rendered":"https:\/\/jornalfatosenoticias.com.br\/?p=59860"},"modified":"2025-06-13T19:59:09","modified_gmt":"2025-06-13T22:59:09","slug":"o-impacto-real-da-ia-em-nossas-vidas","status":"publish","type":"post","link":"https:\/\/jornalfatosenoticias.com.br\/index.php\/2025\/06\/13\/o-impacto-real-da-ia-em-nossas-vidas\/","title":{"rendered":"O impacto real da IA em nossas vidas"},"content":{"rendered":"\n<p><em><span class=\"has-inline-color has-black-color\">A IA n\u00e3o est\u00e1 s\u00f3 mudando tudo \u2014 est\u00e1 acelerando inova\u00e7\u00f5es como nunca. Voc\u00ea est\u00e1 pronto para acompanhar essa revolu\u00e7\u00e3o?<\/span><\/em><\/p>\n\n\n\n<p><span class=\"has-inline-color has-black-color\">Por <strong><a href=\"https:\/\/olhardigital.com.br\/author\/rafael-magalhaes\/\">Rafael Magalh\u00e3es dos Santos<\/a><\/strong><\/span><\/p>\n\n\n\n<div class=\"wp-block-image\"><figure class=\"aligncenter size-large is-resized\"><a href=\"https:\/\/www.facebook.com\/vetor.vix\/\"><img loading=\"lazy\" decoding=\"async\" src=\"https:\/\/jornalfatosenoticias.com.br\/wp-content\/uploads\/2023\/09\/vetorvix1024_1.jpg\" alt=\"\" class=\"wp-image-44868\" width=\"550\" height=\"146\" srcset=\"https:\/\/jornalfatosenoticias.com.br\/wp-content\/uploads\/2023\/09\/vetorvix1024_1.jpg 1024w, https:\/\/jornalfatosenoticias.com.br\/wp-content\/uploads\/2023\/09\/vetorvix1024_1-300x80.jpg 300w, https:\/\/jornalfatosenoticias.com.br\/wp-content\/uploads\/2023\/09\/vetorvix1024_1-768x205.jpg 768w\" sizes=\"auto, (max-width: 550px) 100vw, 550px\" \/><\/a><\/figure><\/div>\n\n\n\n<p>N\u00e3o \u00e9 s\u00f3 impress\u00e3o sua: o mundo est\u00e1 mesmo acelerando. E a culpada atende por <strong><a href=\"https:\/\/olhardigital.com.br\/tag\/ia\/\" target=\"_blank\" rel=\"noreferrer noopener\">intelig\u00eancia artificial (IA)<\/a>.<\/strong> Em poucos meses, elas dominaram o notici\u00e1rio, invadiram escrit\u00f3rios, escreveram textos, criaram imagens, e at\u00e9\u00a0<strong>compuseram m\u00fasicas<\/strong>. A velocidade dessas mudan\u00e7as \u00e9 t\u00e3o absurda que j\u00e1 tem gente comparando a revolu\u00e7\u00e3o da IA com o\u00a0<strong>surgimento da\u00a0<a href=\"https:\/\/olhardigital.com.br\/tag\/internet\/\" target=\"_blank\" rel=\"noreferrer noopener\">internet<\/a><\/strong>, s\u00f3 que em\u00a0<strong>ritmo de\u00a0<a href=\"https:\/\/olhardigital.com.br\/tag\/formula-1\/\" target=\"_blank\" rel=\"noreferrer noopener\">F\u00f3rmula 1<\/a><\/strong>.<br>Essa transforma\u00e7\u00e3o rel\u00e2mpago n\u00e3o est\u00e1 acontecendo por m\u00e1gica e, sim, por combina\u00e7\u00e3o poderosa de tecnologia e dinheiro. O ChatGPT, da OpenAI, chegou a 800 milh\u00f5es de usu\u00e1rios em apenas 17 meses. Um crescimento mais r\u00e1pido do que o de qualquer rede social na hist\u00f3ria. Al\u00e9m da velocidade tecnol\u00f3gica, h\u00e1 uma press\u00e3o para que tudo se torne \u00fatil e lucrativo o mais r\u00e1pido poss\u00edvel. A IA j\u00e1 est\u00e1 sendo usada para automatizar atendimento ao cliente, escrever c\u00f3digos, criar conte\u00fados e at\u00e9 prever diagn\u00f3sticos m\u00e9dicos. Mas nem tudo s\u00e3o flores. Por tr\u00e1s dos avan\u00e7os, h\u00e1 tamb\u00e9m uma corrida fren\u00e9tica que exige investimentos alt\u00edssimos e coloca at\u00e9 as gigantes de tecnologia no \u201cfio da navalha\u201d entre inova\u00e7\u00e3o e preju\u00edzo.<\/p>\n\n\n\n<div class=\"wp-block-image\"><figure class=\"aligncenter size-large is-resized\"><a href=\"https:\/\/www.instagram.com\/rcradiadores\/\"><img loading=\"lazy\" decoding=\"async\" src=\"https:\/\/jornalfatosenoticias.com.br\/wp-content\/uploads\/2022\/10\/RC_800x750_page-0001.jpg\" alt=\"\" class=\"wp-image-35338\" width=\"284\" height=\"266\" srcset=\"https:\/\/jornalfatosenoticias.com.br\/wp-content\/uploads\/2022\/10\/RC_800x750_page-0001.jpg 400w, https:\/\/jornalfatosenoticias.com.br\/wp-content\/uploads\/2022\/10\/RC_800x750_page-0001-300x281.jpg 300w\" sizes=\"auto, (max-width: 284px) 100vw, 284px\" \/><\/a><\/figure><\/div>\n\n\n\n<p><strong><span class=\"has-inline-color has-vivid-purple-color\">Revolu\u00e7\u00e3o da IA \u00e9 a mais r\u00e1pida da hist\u00f3ria<br><\/span><\/strong>\u00c9 o que destaca o <strong><a href=\"https:\/\/techcrunch.com\/2025\/05\/30\/its-not-your-imagination-ai-is-speeding-up-the-pace-of-change\/\" target=\"_blank\" rel=\"noreferrer noopener\"><em>TechCrunch<\/em><\/a><\/strong> ao comentar o novo relat\u00f3rio da investidora Mary Meeker, nome de peso no Vale do Sil\u00edcio, conhecida como a \u201cRainha da Internet. Agora, depois de um hiato desde 2019, Meeker voltou \u00e0 ativa para cravar: nunca antes uma tecnologia foi adotada t\u00e3o r\u00e1pido quanto a intelig\u00eancia artificial.<br>O relat\u00f3rio, com mais de 300 p\u00e1ginas e batizado de \u201cTrends \u2014 Artificial Intelligence\u201d, traz n\u00fameros que impressionam at\u00e9 os mais c\u00e9ticos.<\/p>\n\n\n\n<div class=\"wp-block-image\"><figure class=\"aligncenter size-large is-resized\"><a href=\"https:\/\/www.instagram.com\/gruposei\/\"><img loading=\"lazy\" decoding=\"async\" src=\"https:\/\/jornalfatosenoticias.com.br\/wp-content\/uploads\/2022\/07\/Logo-Grupo-SEI.jpg\" alt=\"\" class=\"wp-image-31973\" width=\"370\" height=\"194\" srcset=\"https:\/\/jornalfatosenoticias.com.br\/wp-content\/uploads\/2022\/07\/Logo-Grupo-SEI.jpg 713w, https:\/\/jornalfatosenoticias.com.br\/wp-content\/uploads\/2022\/07\/Logo-Grupo-SEI-300x158.jpg 300w\" sizes=\"auto, (max-width: 370px) 100vw, 370px\" \/><\/a><\/figure><\/div>\n\n\n\n<p>A ado\u00e7\u00e3o de IA est\u00e1 superando a de qualquer outra tecnologia j\u00e1 criada, em velocidade e escala. N\u00e3o se trata apenas de hype: s\u00e3o dados concretos sobre usu\u00e1rios, custos, chips, energia e investimentos. Meeker tamb\u00e9m aponta um detalhe curioso: essa acelera\u00e7\u00e3o tem um lado quase po\u00e9tico. A internet, que foi o epicentro da transforma\u00e7\u00e3o digital h\u00e1 25 anos, agora d\u00e1 lugar \u00e0 IA como protagonista da pr\u00f3xima grande virada. E quem esteve l\u00e1 na primeira onda, agora, testemunha a chegada da pr\u00f3xima. Mais veloz. Mais profunda. E, talvez, ainda mais imprevis\u00edvel.<\/p>\n\n\n\n<div class=\"wp-block-image\"><figure class=\"aligncenter size-large is-resized\"><a href=\"https:\/\/www.instagram.com\/serra4x4cambioautomatico\/\"><img loading=\"lazy\" decoding=\"async\" src=\"https:\/\/jornalfatosenoticias.com.br\/wp-content\/uploads\/2024\/08\/Serra-4x4-1-886x1024.jpg\" alt=\"\" class=\"wp-image-53632\" width=\"266\" height=\"307\" srcset=\"https:\/\/jornalfatosenoticias.com.br\/wp-content\/uploads\/2024\/08\/Serra-4x4-1-886x1024.jpg 886w, https:\/\/jornalfatosenoticias.com.br\/wp-content\/uploads\/2024\/08\/Serra-4x4-1-260x300.jpg 260w, https:\/\/jornalfatosenoticias.com.br\/wp-content\/uploads\/2024\/08\/Serra-4x4-1-768x888.jpg 768w, https:\/\/jornalfatosenoticias.com.br\/wp-content\/uploads\/2024\/08\/Serra-4x4-1.jpg 1181w\" sizes=\"auto, (max-width: 266px) 100vw, 266px\" \/><\/a><\/figure><\/div>\n\n\n\n<p>Nunca uma tecnologia alcan\u00e7ou tanta gente t\u00e3o r\u00e1pido. E n\u00e3o para por a\u00ed. O n\u00famero de empresas de IA surgindo e atingindo faturamentos recorrentes milion\u00e1rios tamb\u00e9m est\u00e1 fora da curva. Ao mesmo tempo, os custos para usar essas ferramentas est\u00e3o despencando. O treinamento de um modelo pode chegar a US$ 1 bilh\u00e3o (R$ 5,56 bilh\u00f5es, na convers\u00e3o direta), mas o pre\u00e7o para rod\u00e1-lo caiu 99% em apenas dois anos, segundo dados da Universidade de Stanford (EUA). Ou seja, ficou mais barato colocar a IA para funcionar, e isso abre ainda mais o caminho para a ado\u00e7\u00e3o em larga escala.<\/p>\n\n\n\n<div class=\"wp-block-image\"><figure class=\"aligncenter size-large is-resized\"><a href=\"https:\/\/panper.com.br\/\"><img loading=\"lazy\" decoding=\"async\" src=\"https:\/\/jornalfatosenoticias.com.br\/wp-content\/uploads\/2023\/03\/logo-Panper_portal.jpg\" alt=\"\" class=\"wp-image-40208\" width=\"336\" height=\"233\" srcset=\"https:\/\/jornalfatosenoticias.com.br\/wp-content\/uploads\/2023\/03\/logo-Panper_portal.jpg 400w, https:\/\/jornalfatosenoticias.com.br\/wp-content\/uploads\/2023\/03\/logo-Panper_portal-300x208.jpg 300w\" sizes=\"auto, (max-width: 336px) 100vw, 336px\" \/><\/a><\/figure><\/div>\n\n\n\n<p>Na guerra dos chips, o salto tecnol\u00f3gico \u00e9 t\u00e3o radical quanto o de software. A GPU Blackwell, da Nvidia, consome 105 mil vezes menos energia por token do que a antiga Kepler, de 2014. Enquanto isso, Google e Amazon desenvolvem seus pr\u00f3prios chips, como o TPU e o Trainium, para turbinar suas nuvens com IA. Nada disso \u00e9 experimental: s\u00e3o apostas centrais para dominar a pr\u00f3xima fase da computa\u00e7\u00e3o.<\/p>\n\n\n\n<p><strong>Fonte: <a href=\"https:\/\/olhardigital.com.br\/2025\/06\/08\/ciencia-e-espaco\/nada-sera-como-antes-o-impacto-real-da-ia-em-nossas-vidas\/\">Olhar Digital<\/a><\/strong><\/p>\n","protected":false},"excerpt":{"rendered":"<p>A IA n\u00e3o est\u00e1 s\u00f3 mudando tudo \u2014 est\u00e1 acelerando inova\u00e7\u00f5es como nunca. Voc\u00ea est\u00e1 pronto para acompanhar essa revolu\u00e7\u00e3o? Por Rafael Magalh\u00e3es dos Santos N\u00e3o \u00e9 s\u00f3 impress\u00e3o sua: o mundo est\u00e1 mesmo acelerando. E a culpada atende por intelig\u00eancia artificial (IA). Em poucos meses, elas dominaram o notici\u00e1rio, invadiram escrit\u00f3rios, escreveram textos, criaram [&hellip;]<\/p>\n","protected":false},"author":2,"featured_media":59861,"comment_status":"open","ping_status":"open","sticky":false,"template":"","format":"standard","meta":{"footnotes":""},"categories":[3],"tags":[18962,53,24634],"class_list":["post-59860","post","type-post","status-publish","format-standard","has-post-thumbnail","hentry","category-tecnologia","tag-chatgpt","tag-inteligencia-artificial","tag-openai"],"yoast_head":"<!-- This site is optimized with the Yoast SEO plugin v26.5 - https:\/\/yoast.com\/wordpress\/plugins\/seo\/ -->\n<title>O impacto real da IA em nossas vidas - Jornal Fatos e Not\u00edcias<\/title>\n<meta name=\"robots\" content=\"index, follow, max-snippet:-1, max-image-preview:large, max-video-preview:-1\" \/>\n<link rel=\"canonical\" href=\"https:\/\/jornalfatosenoticias.com.br\/index.php\/2025\/06\/13\/o-impacto-real-da-ia-em-nossas-vidas\/\" \/>\n<meta property=\"og:locale\" content=\"pt_BR\" \/>\n<meta property=\"og:type\" content=\"article\" \/>\n<meta property=\"og:title\" content=\"O impacto real da IA em nossas vidas - Jornal Fatos e Not\u00edcias\" \/>\n<meta property=\"og:description\" content=\"A IA n\u00e3o est\u00e1 s\u00f3 mudando tudo \u2014 est\u00e1 acelerando inova\u00e7\u00f5es como nunca. Voc\u00ea est\u00e1 pronto para acompanhar essa revolu\u00e7\u00e3o? Por Rafael Magalh\u00e3es dos Santos N\u00e3o \u00e9 s\u00f3 impress\u00e3o sua: o mundo est\u00e1 mesmo acelerando. E a culpada atende por intelig\u00eancia artificial (IA). Em poucos meses, elas dominaram o notici\u00e1rio, invadiram escrit\u00f3rios, escreveram textos, criaram [&hellip;]\" \/>\n<meta property=\"og:url\" content=\"https:\/\/jornalfatosenoticias.com.br\/index.php\/2025\/06\/13\/o-impacto-real-da-ia-em-nossas-vidas\/\" \/>\n<meta property=\"og:site_name\" content=\"Jornal Fatos e Not\u00edcias\" \/>\n<meta property=\"article:published_time\" content=\"2025-06-13T22:59:08+00:00\" \/>\n<meta property=\"article:modified_time\" content=\"2025-06-13T22:59:09+00:00\" \/>\n<meta property=\"og:image\" content=\"https:\/\/jornalfatosenoticias.com.br\/wp-content\/uploads\/2025\/06\/impacto-real-da-IA-em-nossas-vidas_freepik-gerada-com-ia.jpg\" \/>\n\t<meta property=\"og:image:width\" content=\"740\" \/>\n\t<meta property=\"og:image:height\" content=\"493\" \/>\n\t<meta property=\"og:image:type\" content=\"image\/jpeg\" \/>\n<meta name=\"author\" content=\"Luzimara Fernandes\" \/>\n<meta name=\"twitter:card\" content=\"summary_large_image\" \/>\n<meta name=\"twitter:label1\" content=\"Escrito por\" \/>\n\t<meta name=\"twitter:data1\" content=\"Luzimara Fernandes\" \/>\n\t<meta name=\"twitter:label2\" content=\"Est. tempo de leitura\" \/>\n\t<meta name=\"twitter:data2\" content=\"3 minutos\" \/>\n<script type=\"application\/ld+json\" class=\"yoast-schema-graph\">{\"@context\":\"https:\/\/schema.org\",\"@graph\":[{\"@type\":\"Article\",\"@id\":\"https:\/\/jornalfatosenoticias.com.br\/index.php\/2025\/06\/13\/o-impacto-real-da-ia-em-nossas-vidas\/#article\",\"isPartOf\":{\"@id\":\"https:\/\/jornalfatosenoticias.com.br\/index.php\/2025\/06\/13\/o-impacto-real-da-ia-em-nossas-vidas\/\"},\"author\":{\"name\":\"Luzimara Fernandes\",\"@id\":\"https:\/\/jornalfatosenoticias.com.br\/#\/schema\/person\/d63837fa13ac8666eb9e74e0985d6f81\"},\"headline\":\"O impacto real da IA em nossas vidas\",\"datePublished\":\"2025-06-13T22:59:08+00:00\",\"dateModified\":\"2025-06-13T22:59:09+00:00\",\"mainEntityOfPage\":{\"@id\":\"https:\/\/jornalfatosenoticias.com.br\/index.php\/2025\/06\/13\/o-impacto-real-da-ia-em-nossas-vidas\/\"},\"wordCount\":620,\"commentCount\":0,\"publisher\":{\"@id\":\"https:\/\/jornalfatosenoticias.com.br\/#organization\"},\"image\":{\"@id\":\"https:\/\/jornalfatosenoticias.com.br\/index.php\/2025\/06\/13\/o-impacto-real-da-ia-em-nossas-vidas\/#primaryimage\"},\"thumbnailUrl\":\"https:\/\/jornalfatosenoticias.com.br\/wp-content\/uploads\/2025\/06\/impacto-real-da-IA-em-nossas-vidas_freepik-gerada-com-ia.jpg\",\"keywords\":[\"ChatGPT\",\"intelig\u00eancia artificial\",\"OpenAI\"],\"articleSection\":[\"Tecnologia &amp; Inova\u00e7\u00e3o\"],\"inLanguage\":\"pt-BR\",\"potentialAction\":[{\"@type\":\"CommentAction\",\"name\":\"Comment\",\"target\":[\"https:\/\/jornalfatosenoticias.com.br\/index.php\/2025\/06\/13\/o-impacto-real-da-ia-em-nossas-vidas\/#respond\"]}]},{\"@type\":\"WebPage\",\"@id\":\"https:\/\/jornalfatosenoticias.com.br\/index.php\/2025\/06\/13\/o-impacto-real-da-ia-em-nossas-vidas\/\",\"url\":\"https:\/\/jornalfatosenoticias.com.br\/index.php\/2025\/06\/13\/o-impacto-real-da-ia-em-nossas-vidas\/\",\"name\":\"O impacto real da IA em nossas vidas - Jornal Fatos e Not\u00edcias\",\"isPartOf\":{\"@id\":\"https:\/\/jornalfatosenoticias.com.br\/#website\"},\"primaryImageOfPage\":{\"@id\":\"https:\/\/jornalfatosenoticias.com.br\/index.php\/2025\/06\/13\/o-impacto-real-da-ia-em-nossas-vidas\/#primaryimage\"},\"image\":{\"@id\":\"https:\/\/jornalfatosenoticias.com.br\/index.php\/2025\/06\/13\/o-impacto-real-da-ia-em-nossas-vidas\/#primaryimage\"},\"thumbnailUrl\":\"https:\/\/jornalfatosenoticias.com.br\/wp-content\/uploads\/2025\/06\/impacto-real-da-IA-em-nossas-vidas_freepik-gerada-com-ia.jpg\",\"datePublished\":\"2025-06-13T22:59:08+00:00\",\"dateModified\":\"2025-06-13T22:59:09+00:00\",\"breadcrumb\":{\"@id\":\"https:\/\/jornalfatosenoticias.com.br\/index.php\/2025\/06\/13\/o-impacto-real-da-ia-em-nossas-vidas\/#breadcrumb\"},\"inLanguage\":\"pt-BR\",\"potentialAction\":[{\"@type\":\"ReadAction\",\"target\":[\"https:\/\/jornalfatosenoticias.com.br\/index.php\/2025\/06\/13\/o-impacto-real-da-ia-em-nossas-vidas\/\"]}]},{\"@type\":\"ImageObject\",\"inLanguage\":\"pt-BR\",\"@id\":\"https:\/\/jornalfatosenoticias.com.br\/index.php\/2025\/06\/13\/o-impacto-real-da-ia-em-nossas-vidas\/#primaryimage\",\"url\":\"https:\/\/jornalfatosenoticias.com.br\/wp-content\/uploads\/2025\/06\/impacto-real-da-IA-em-nossas-vidas_freepik-gerada-com-ia.jpg\",\"contentUrl\":\"https:\/\/jornalfatosenoticias.com.br\/wp-content\/uploads\/2025\/06\/impacto-real-da-IA-em-nossas-vidas_freepik-gerada-com-ia.jpg\",\"width\":740,\"height\":493},{\"@type\":\"BreadcrumbList\",\"@id\":\"https:\/\/jornalfatosenoticias.com.br\/index.php\/2025\/06\/13\/o-impacto-real-da-ia-em-nossas-vidas\/#breadcrumb\",\"itemListElement\":[{\"@type\":\"ListItem\",\"position\":1,\"name\":\"In\u00edcio\",\"item\":\"https:\/\/jornalfatosenoticias.com.br\/\"},{\"@type\":\"ListItem\",\"position\":2,\"name\":\"O impacto real da IA em nossas vidas\"}]},{\"@type\":\"WebSite\",\"@id\":\"https:\/\/jornalfatosenoticias.com.br\/#website\",\"url\":\"https:\/\/jornalfatosenoticias.com.br\/\",\"name\":\"Jornal Fatos e Not\u00edcias\",\"description\":\"Not\u00edcias em geral\",\"publisher\":{\"@id\":\"https:\/\/jornalfatosenoticias.com.br\/#organization\"},\"potentialAction\":[{\"@type\":\"SearchAction\",\"target\":{\"@type\":\"EntryPoint\",\"urlTemplate\":\"https:\/\/jornalfatosenoticias.com.br\/?s={search_term_string}\"},\"query-input\":{\"@type\":\"PropertyValueSpecification\",\"valueRequired\":true,\"valueName\":\"search_term_string\"}}],\"inLanguage\":\"pt-BR\"},{\"@type\":\"Organization\",\"@id\":\"https:\/\/jornalfatosenoticias.com.br\/#organization\",\"name\":\"Jornal Fatos e Not\u00edcias\",\"url\":\"https:\/\/jornalfatosenoticias.com.br\/\",\"logo\":{\"@type\":\"ImageObject\",\"inLanguage\":\"pt-BR\",\"@id\":\"https:\/\/jornalfatosenoticias.com.br\/#\/schema\/logo\/image\/\",\"url\":\"https:\/\/jornalfatosenoticias.com.br\/wp-content\/uploads\/2020\/02\/logo120.png\",\"contentUrl\":\"https:\/\/jornalfatosenoticias.com.br\/wp-content\/uploads\/2020\/02\/logo120.png\",\"width\":1227,\"height\":120,\"caption\":\"Jornal Fatos e Not\u00edcias\"},\"image\":{\"@id\":\"https:\/\/jornalfatosenoticias.com.br\/#\/schema\/logo\/image\/\"}},{\"@type\":\"Person\",\"@id\":\"https:\/\/jornalfatosenoticias.com.br\/#\/schema\/person\/d63837fa13ac8666eb9e74e0985d6f81\",\"name\":\"Luzimara Fernandes\",\"image\":{\"@type\":\"ImageObject\",\"inLanguage\":\"pt-BR\",\"@id\":\"https:\/\/jornalfatosenoticias.com.br\/#\/schema\/person\/image\/\",\"url\":\"https:\/\/jornalfatosenoticias.com.br\/wp-content\/uploads\/2025\/05\/EU_portal.jpg\",\"contentUrl\":\"https:\/\/jornalfatosenoticias.com.br\/wp-content\/uploads\/2025\/05\/EU_portal.jpg\",\"caption\":\"Luzimara Fernandes\"},\"description\":\"Jornalista MTB 2358-ES\",\"sameAs\":[\"https:\/\/jornalfatosenoticias.com.br\"],\"url\":\"https:\/\/jornalfatosenoticias.com.br\/index.php\/author\/luzimara\/\"}]}<\/script>\n<!-- \/ Yoast SEO plugin. -->","yoast_head_json":{"title":"O impacto real da IA em nossas vidas - Jornal Fatos e Not\u00edcias","robots":{"index":"index","follow":"follow","max-snippet":"max-snippet:-1","max-image-preview":"max-image-preview:large","max-video-preview":"max-video-preview:-1"},"canonical":"https:\/\/jornalfatosenoticias.com.br\/index.php\/2025\/06\/13\/o-impacto-real-da-ia-em-nossas-vidas\/","og_locale":"pt_BR","og_type":"article","og_title":"O impacto real da IA em nossas vidas - Jornal Fatos e Not\u00edcias","og_description":"A IA n\u00e3o est\u00e1 s\u00f3 mudando tudo \u2014 est\u00e1 acelerando inova\u00e7\u00f5es como nunca. Voc\u00ea est\u00e1 pronto para acompanhar essa revolu\u00e7\u00e3o? Por Rafael Magalh\u00e3es dos Santos N\u00e3o \u00e9 s\u00f3 impress\u00e3o sua: o mundo est\u00e1 mesmo acelerando. E a culpada atende por intelig\u00eancia artificial (IA). Em poucos meses, elas dominaram o notici\u00e1rio, invadiram escrit\u00f3rios, escreveram textos, criaram [&hellip;]","og_url":"https:\/\/jornalfatosenoticias.com.br\/index.php\/2025\/06\/13\/o-impacto-real-da-ia-em-nossas-vidas\/","og_site_name":"Jornal Fatos e Not\u00edcias","article_published_time":"2025-06-13T22:59:08+00:00","article_modified_time":"2025-06-13T22:59:09+00:00","og_image":[{"width":740,"height":493,"url":"https:\/\/jornalfatosenoticias.com.br\/wp-content\/uploads\/2025\/06\/impacto-real-da-IA-em-nossas-vidas_freepik-gerada-com-ia.jpg","type":"image\/jpeg"}],"author":"Luzimara Fernandes","twitter_card":"summary_large_image","twitter_misc":{"Escrito por":"Luzimara Fernandes","Est. tempo de leitura":"3 minutos"},"schema":{"@context":"https:\/\/schema.org","@graph":[{"@type":"Article","@id":"https:\/\/jornalfatosenoticias.com.br\/index.php\/2025\/06\/13\/o-impacto-real-da-ia-em-nossas-vidas\/#article","isPartOf":{"@id":"https:\/\/jornalfatosenoticias.com.br\/index.php\/2025\/06\/13\/o-impacto-real-da-ia-em-nossas-vidas\/"},"author":{"name":"Luzimara Fernandes","@id":"https:\/\/jornalfatosenoticias.com.br\/#\/schema\/person\/d63837fa13ac8666eb9e74e0985d6f81"},"headline":"O impacto real da IA em nossas vidas","datePublished":"2025-06-13T22:59:08+00:00","dateModified":"2025-06-13T22:59:09+00:00","mainEntityOfPage":{"@id":"https:\/\/jornalfatosenoticias.com.br\/index.php\/2025\/06\/13\/o-impacto-real-da-ia-em-nossas-vidas\/"},"wordCount":620,"commentCount":0,"publisher":{"@id":"https:\/\/jornalfatosenoticias.com.br\/#organization"},"image":{"@id":"https:\/\/jornalfatosenoticias.com.br\/index.php\/2025\/06\/13\/o-impacto-real-da-ia-em-nossas-vidas\/#primaryimage"},"thumbnailUrl":"https:\/\/jornalfatosenoticias.com.br\/wp-content\/uploads\/2025\/06\/impacto-real-da-IA-em-nossas-vidas_freepik-gerada-com-ia.jpg","keywords":["ChatGPT","intelig\u00eancia artificial","OpenAI"],"articleSection":["Tecnologia &amp; Inova\u00e7\u00e3o"],"inLanguage":"pt-BR","potentialAction":[{"@type":"CommentAction","name":"Comment","target":["https:\/\/jornalfatosenoticias.com.br\/index.php\/2025\/06\/13\/o-impacto-real-da-ia-em-nossas-vidas\/#respond"]}]},{"@type":"WebPage","@id":"https:\/\/jornalfatosenoticias.com.br\/index.php\/2025\/06\/13\/o-impacto-real-da-ia-em-nossas-vidas\/","url":"https:\/\/jornalfatosenoticias.com.br\/index.php\/2025\/06\/13\/o-impacto-real-da-ia-em-nossas-vidas\/","name":"O impacto real da IA em nossas vidas - Jornal Fatos e Not\u00edcias","isPartOf":{"@id":"https:\/\/jornalfatosenoticias.com.br\/#website"},"primaryImageOfPage":{"@id":"https:\/\/jornalfatosenoticias.com.br\/index.php\/2025\/06\/13\/o-impacto-real-da-ia-em-nossas-vidas\/#primaryimage"},"image":{"@id":"https:\/\/jornalfatosenoticias.com.br\/index.php\/2025\/06\/13\/o-impacto-real-da-ia-em-nossas-vidas\/#primaryimage"},"thumbnailUrl":"https:\/\/jornalfatosenoticias.com.br\/wp-content\/uploads\/2025\/06\/impacto-real-da-IA-em-nossas-vidas_freepik-gerada-com-ia.jpg","datePublished":"2025-06-13T22:59:08+00:00","dateModified":"2025-06-13T22:59:09+00:00","breadcrumb":{"@id":"https:\/\/jornalfatosenoticias.com.br\/index.php\/2025\/06\/13\/o-impacto-real-da-ia-em-nossas-vidas\/#breadcrumb"},"inLanguage":"pt-BR","potentialAction":[{"@type":"ReadAction","target":["https:\/\/jornalfatosenoticias.com.br\/index.php\/2025\/06\/13\/o-impacto-real-da-ia-em-nossas-vidas\/"]}]},{"@type":"ImageObject","inLanguage":"pt-BR","@id":"https:\/\/jornalfatosenoticias.com.br\/index.php\/2025\/06\/13\/o-impacto-real-da-ia-em-nossas-vidas\/#primaryimage","url":"https:\/\/jornalfatosenoticias.com.br\/wp-content\/uploads\/2025\/06\/impacto-real-da-IA-em-nossas-vidas_freepik-gerada-com-ia.jpg","contentUrl":"https:\/\/jornalfatosenoticias.com.br\/wp-content\/uploads\/2025\/06\/impacto-real-da-IA-em-nossas-vidas_freepik-gerada-com-ia.jpg","width":740,"height":493},{"@type":"BreadcrumbList","@id":"https:\/\/jornalfatosenoticias.com.br\/index.php\/2025\/06\/13\/o-impacto-real-da-ia-em-nossas-vidas\/#breadcrumb","itemListElement":[{"@type":"ListItem","position":1,"name":"In\u00edcio","item":"https:\/\/jornalfatosenoticias.com.br\/"},{"@type":"ListItem","position":2,"name":"O impacto real da IA em nossas vidas"}]},{"@type":"WebSite","@id":"https:\/\/jornalfatosenoticias.com.br\/#website","url":"https:\/\/jornalfatosenoticias.com.br\/","name":"Jornal Fatos e Not\u00edcias","description":"Not\u00edcias em geral","publisher":{"@id":"https:\/\/jornalfatosenoticias.com.br\/#organization"},"potentialAction":[{"@type":"SearchAction","target":{"@type":"EntryPoint","urlTemplate":"https:\/\/jornalfatosenoticias.com.br\/?s={search_term_string}"},"query-input":{"@type":"PropertyValueSpecification","valueRequired":true,"valueName":"search_term_string"}}],"inLanguage":"pt-BR"},{"@type":"Organization","@id":"https:\/\/jornalfatosenoticias.com.br\/#organization","name":"Jornal Fatos e Not\u00edcias","url":"https:\/\/jornalfatosenoticias.com.br\/","logo":{"@type":"ImageObject","inLanguage":"pt-BR","@id":"https:\/\/jornalfatosenoticias.com.br\/#\/schema\/logo\/image\/","url":"https:\/\/jornalfatosenoticias.com.br\/wp-content\/uploads\/2020\/02\/logo120.png","contentUrl":"https:\/\/jornalfatosenoticias.com.br\/wp-content\/uploads\/2020\/02\/logo120.png","width":1227,"height":120,"caption":"Jornal Fatos e Not\u00edcias"},"image":{"@id":"https:\/\/jornalfatosenoticias.com.br\/#\/schema\/logo\/image\/"}},{"@type":"Person","@id":"https:\/\/jornalfatosenoticias.com.br\/#\/schema\/person\/d63837fa13ac8666eb9e74e0985d6f81","name":"Luzimara Fernandes","image":{"@type":"ImageObject","inLanguage":"pt-BR","@id":"https:\/\/jornalfatosenoticias.com.br\/#\/schema\/person\/image\/","url":"https:\/\/jornalfatosenoticias.com.br\/wp-content\/uploads\/2025\/05\/EU_portal.jpg","contentUrl":"https:\/\/jornalfatosenoticias.com.br\/wp-content\/uploads\/2025\/05\/EU_portal.jpg","caption":"Luzimara Fernandes"},"description":"Jornalista MTB 2358-ES","sameAs":["https:\/\/jornalfatosenoticias.com.br"],"url":"https:\/\/jornalfatosenoticias.com.br\/index.php\/author\/luzimara\/"}]}},"cc_featured_image_caption":{"caption_text":"(Foto: Freepik gerada com IA) ","source_text":"","source_url":""},"jetpack_featured_media_url":"https:\/\/jornalfatosenoticias.com.br\/wp-content\/uploads\/2025\/06\/impacto-real-da-IA-em-nossas-vidas_freepik-gerada-com-ia.jpg","_links":{"self":[{"href":"https:\/\/jornalfatosenoticias.com.br\/index.php\/wp-json\/wp\/v2\/posts\/59860","targetHints":{"allow":["GET"]}}],"collection":[{"href":"https:\/\/jornalfatosenoticias.com.br\/index.php\/wp-json\/wp\/v2\/posts"}],"about":[{"href":"https:\/\/jornalfatosenoticias.com.br\/index.php\/wp-json\/wp\/v2\/types\/post"}],"author":[{"embeddable":true,"href":"https:\/\/jornalfatosenoticias.com.br\/index.php\/wp-json\/wp\/v2\/users\/2"}],"replies":[{"embeddable":true,"href":"https:\/\/jornalfatosenoticias.com.br\/index.php\/wp-json\/wp\/v2\/comments?post=59860"}],"version-history":[{"count":0,"href":"https:\/\/jornalfatosenoticias.com.br\/index.php\/wp-json\/wp\/v2\/posts\/59860\/revisions"}],"wp:featuredmedia":[{"embeddable":true,"href":"https:\/\/jornalfatosenoticias.com.br\/index.php\/wp-json\/wp\/v2\/media\/59861"}],"wp:attachment":[{"href":"https:\/\/jornalfatosenoticias.com.br\/index.php\/wp-json\/wp\/v2\/media?parent=59860"}],"wp:term":[{"taxonomy":"category","embeddable":true,"href":"https:\/\/jornalfatosenoticias.com.br\/index.php\/wp-json\/wp\/v2\/categories?post=59860"},{"taxonomy":"post_tag","embeddable":true,"href":"https:\/\/jornalfatosenoticias.com.br\/index.php\/wp-json\/wp\/v2\/tags?post=59860"}],"curies":[{"name":"wp","href":"https:\/\/api.w.org\/{rel}","templated":true}]}}