{"id":59863,"date":"2025-06-13T20:06:42","date_gmt":"2025-06-13T23:06:42","guid":{"rendered":"https:\/\/jornalfatosenoticias.com.br\/?p=59863"},"modified":"2025-06-13T20:06:43","modified_gmt":"2025-06-13T23:06:43","slug":"por-que-seu-cerebro-fica-antissocial-com-o-passar-do-tempo","status":"publish","type":"post","link":"https:\/\/jornalfatosenoticias.com.br\/index.php\/2025\/06\/13\/por-que-seu-cerebro-fica-antissocial-com-o-passar-do-tempo\/","title":{"rendered":"Por que seu c\u00e9rebro fica antissocial com o passar do tempo"},"content":{"rendered":"\n<p><em><span class=\"has-inline-color has-black-color\">Estudo revelou que mudan\u00e7as estruturais ocorridas no c\u00e9rebro ao longo da vida s\u00e3o as respons\u00e1veis pelo menor interesse nas intera\u00e7\u00f5es sociais<\/span><\/em><\/p>\n\n\n\n<p><span class=\"has-inline-color has-black-color\">Por <strong><a href=\"https:\/\/olhardigital.com.br\/author\/alessandro-lorenzo\/\">Alessandro Di Lorenzo<\/a><\/strong><\/span><\/p>\n\n\n\n<div class=\"wp-block-image\"><figure class=\"aligncenter size-large\"><a href=\"https:\/\/mizu.com.br\/\"><img loading=\"lazy\" decoding=\"async\" width=\"729\" height=\"90\" src=\"https:\/\/jornalfatosenoticias.com.br\/wp-content\/uploads\/2020\/02\/Logo_Mizu.png\" alt=\"\" class=\"wp-image-1441\" srcset=\"https:\/\/jornalfatosenoticias.com.br\/wp-content\/uploads\/2020\/02\/Logo_Mizu.png 729w, https:\/\/jornalfatosenoticias.com.br\/wp-content\/uploads\/2020\/02\/Logo_Mizu-300x37.png 300w\" sizes=\"auto, (max-width: 729px) 100vw, 729px\" \/><\/a><\/figure><\/div>\n\n\n\n<p>Um novo estudo realizado pela Universidade Tecnol\u00f3gica de Nanyang, em Cingapura, analisou porque as pessoas tendem a se tornar mais antissociais com o passar do tempo. E a conclus\u00e3o \u00e9 que isso n\u00e3o tem nenhuma rela\u00e7\u00e3o com o comportamento individual de cada um.<br>De acordo com os pesquisadores, a causa s\u00e3o altera\u00e7\u00f5es na conectividade funcional entre \u00e1reas cerebrais. Em outras palavras, mudan\u00e7as estruturais ocorridas no <strong><a href=\"https:\/\/olhardigital.com.br\/tag\/cerebro\/\" target=\"_blank\" rel=\"noreferrer noopener\">c\u00e9rebro<\/a><\/strong> ao longo da vida s\u00e3o as respons\u00e1veis pelo menor interesse nas intera\u00e7\u00f5es sociais.<\/p>\n\n\n\n<div class=\"wp-block-image\"><figure class=\"aligncenter size-large\"><a href=\"https:\/\/www.cesconetto.com.br\/\"><img loading=\"lazy\" decoding=\"async\" width=\"300\" height=\"250\" src=\"https:\/\/jornalfatosenoticias.com.br\/wp-content\/uploads\/2022\/02\/Banner-2.png\" alt=\"\" class=\"wp-image-27877\"\/><\/a><\/figure><\/div>\n\n\n\n<p>Durante o trabalho, os cientistas analisaram 196 participantes com idades entre 20 e 77 anos. Todos passaram por exames e responderam a um question\u00e1rio sobre tra\u00e7os de personalidade, incluindo um indicador de sociabilidade. Estas respostas definiram a capacidade de se comunicar, manter intera\u00e7\u00f5es sociais e lidar com emo\u00e7\u00f5es nesses contextos.<\/p>\n\n\n\n<div class=\"wp-block-image\"><figure class=\"aligncenter size-large is-resized\"><a href=\"https:\/\/www.legisjuris.com.br\/\"><img loading=\"lazy\" decoding=\"async\" src=\"https:\/\/jornalfatosenoticias.com.br\/wp-content\/uploads\/2024\/09\/Legis-Juris-Consultoria_logo.jpg\" alt=\"\" class=\"wp-image-53915\" width=\"532\" height=\"223\" srcset=\"https:\/\/jornalfatosenoticias.com.br\/wp-content\/uploads\/2024\/09\/Legis-Juris-Consultoria_logo.jpg 969w, https:\/\/jornalfatosenoticias.com.br\/wp-content\/uploads\/2024\/09\/Legis-Juris-Consultoria_logo-300x126.jpg 300w, https:\/\/jornalfatosenoticias.com.br\/wp-content\/uploads\/2024\/09\/Legis-Juris-Consultoria_logo-768x322.jpg 768w\" sizes=\"auto, (max-width: 532px) 100vw, 532px\" \/><\/a><\/figure><\/div>\n\n\n\n<p>As conclus\u00f5es foram que as \u00e1reas do c\u00e9rebro envolvidas no processamento de emo\u00e7\u00f5es negativas e da chamada \u201cdor social\u201d, como a exclus\u00e3o ou a rejei\u00e7\u00e3o, apresentaram maior n\u00famero de conex\u00f5es com o passar dos anos. Isso significa que, com a idade, h\u00e1 uma reorganiza\u00e7\u00e3o funcional que pode tornar as pessoas mais sens\u00edveis a intera\u00e7\u00f5es sociais negativas e menos aptas a interpretar ou responder a situa\u00e7\u00f5es sociais de forma espont\u00e2nea.<\/p>\n\n\n\n<div class=\"wp-block-image\"><figure class=\"aligncenter size-large is-resized\"><a href=\"https:\/\/www.facebook.com\/profile.php?id=100069289606145\"><img loading=\"lazy\" decoding=\"async\" src=\"https:\/\/jornalfatosenoticias.com.br\/wp-content\/uploads\/2024\/11\/Guaitolini-Contabilidade-1024x714.jpeg\" alt=\"\" class=\"wp-image-55808\" width=\"314\" height=\"219\" srcset=\"https:\/\/jornalfatosenoticias.com.br\/wp-content\/uploads\/2024\/11\/Guaitolini-Contabilidade-1024x714.jpeg 1024w, https:\/\/jornalfatosenoticias.com.br\/wp-content\/uploads\/2024\/11\/Guaitolini-Contabilidade-300x209.jpeg 300w, https:\/\/jornalfatosenoticias.com.br\/wp-content\/uploads\/2024\/11\/Guaitolini-Contabilidade-768x535.jpeg 768w, https:\/\/jornalfatosenoticias.com.br\/wp-content\/uploads\/2024\/11\/Guaitolini-Contabilidade.jpeg 1280w\" sizes=\"auto, (max-width: 314px) 100vw, 314px\" \/><\/a><\/figure><\/div>\n\n\n\n<p><strong><span class=\"has-inline-color has-black-color\">Resultados do estudo foram contestados por outros cientistas<br><\/span><\/strong>\u2705 Um dos principais pontos de discuss\u00e3o \u00e9 a distribui\u00e7\u00e3o et\u00e1ria dos participantes.<br>\u2705 Isso porque a m\u00e9dia de idade dos participantes era de cerca de 38 anos, e havia faixas et\u00e1rias pouco representadas, como os maiores de 70.<br>\u2705 Outra quest\u00e3o levantada \u00e9 que o trabalho n\u00e3o acompanhou os pacientes ao longo do tempo.<br>\u2705 Para os cr\u00edticos, isso torna imposs\u00edvel afirmar se o c\u00e9rebro est\u00e1 mudando e provocando o isolamento, ou se ele est\u00e1 apenas refletindo os efeitos prolongados do isolamento j\u00e1 vivido.<br>\u2705 Por fim, os respons\u00e1veis pela pesquisa n\u00e3o investigaram as condi\u00e7\u00f5es cl\u00ednicas ou ps\u00edquicas dos participantes.<br>\u2705 Dessa forma, alguns participantes podiam ter depress\u00e3o, transtornos de ansiedade, ou mesmo estar nos est\u00e1gios iniciais de quadros demenciais, como Alzheimer.<\/p>\n\n\n\n<div class=\"wp-block-image\"><figure class=\"aligncenter size-large is-resized\"><a href=\"https:\/\/www.instagram.com\/restaurantepegoretti\/\"><img loading=\"lazy\" decoding=\"async\" src=\"https:\/\/jornalfatosenoticias.com.br\/wp-content\/uploads\/2023\/12\/pegoretti-logo-pdf-1024x389.jpg\" alt=\"\" class=\"wp-image-47536\" width=\"504\" height=\"191\" srcset=\"https:\/\/jornalfatosenoticias.com.br\/wp-content\/uploads\/2023\/12\/pegoretti-logo-pdf-1024x389.jpg 1024w, https:\/\/jornalfatosenoticias.com.br\/wp-content\/uploads\/2023\/12\/pegoretti-logo-pdf-300x114.jpg 300w, https:\/\/jornalfatosenoticias.com.br\/wp-content\/uploads\/2023\/12\/pegoretti-logo-pdf-768x291.jpg 768w, https:\/\/jornalfatosenoticias.com.br\/wp-content\/uploads\/2023\/12\/pegoretti-logo-pdf.jpg 1120w\" sizes=\"auto, (max-width: 504px) 100vw, 504px\" \/><\/a><\/figure><\/div>\n\n\n\n<p><strong>Fonte: <a href=\"https:\/\/olhardigital.com.br\/2025\/06\/05\/medicina-e-saude\/por-que-seu-cerebro-fica-antissocial-com-o-passar-do-tempo\/\">Olhar Digital<\/a><\/strong><\/p>\n","protected":false},"excerpt":{"rendered":"<p>Estudo revelou que mudan\u00e7as estruturais ocorridas no c\u00e9rebro ao longo da vida s\u00e3o as respons\u00e1veis pelo menor interesse nas intera\u00e7\u00f5es sociais Por Alessandro Di Lorenzo Um novo estudo realizado pela Universidade Tecnol\u00f3gica de Nanyang, em Cingapura, analisou porque as pessoas tendem a se tornar mais antissociais com o passar do tempo. E a conclus\u00e3o \u00e9 [&hellip;]<\/p>\n","protected":false},"author":2,"featured_media":59864,"comment_status":"open","ping_status":"open","sticky":false,"template":"","format":"standard","meta":{"footnotes":""},"categories":[2522],"tags":[2336,27350,714,10917],"class_list":["post-59863","post","type-post","status-publish","format-standard","has-post-thumbnail","hentry","category-comportamento","tag-cerebro","tag-comportamento-antissocial","tag-estudo","tag-interacoes-sociais"],"yoast_head":"<!-- This site is optimized with the Yoast SEO plugin v26.5 - https:\/\/yoast.com\/wordpress\/plugins\/seo\/ -->\n<title>Por que seu c\u00e9rebro fica antissocial com o passar do tempo - Jornal Fatos e Not\u00edcias<\/title>\n<meta name=\"robots\" content=\"index, follow, max-snippet:-1, max-image-preview:large, max-video-preview:-1\" \/>\n<link rel=\"canonical\" href=\"https:\/\/jornalfatosenoticias.com.br\/index.php\/2025\/06\/13\/por-que-seu-cerebro-fica-antissocial-com-o-passar-do-tempo\/\" \/>\n<meta property=\"og:locale\" content=\"pt_BR\" \/>\n<meta property=\"og:type\" content=\"article\" \/>\n<meta property=\"og:title\" content=\"Por que seu c\u00e9rebro fica antissocial com o passar do tempo - Jornal Fatos e Not\u00edcias\" \/>\n<meta property=\"og:description\" content=\"Estudo revelou que mudan\u00e7as estruturais ocorridas no c\u00e9rebro ao longo da vida s\u00e3o as respons\u00e1veis pelo menor interesse nas intera\u00e7\u00f5es sociais Por Alessandro Di Lorenzo Um novo estudo realizado pela Universidade Tecnol\u00f3gica de Nanyang, em Cingapura, analisou porque as pessoas tendem a se tornar mais antissociais com o passar do tempo. E a conclus\u00e3o \u00e9 [&hellip;]\" \/>\n<meta property=\"og:url\" content=\"https:\/\/jornalfatosenoticias.com.br\/index.php\/2025\/06\/13\/por-que-seu-cerebro-fica-antissocial-com-o-passar-do-tempo\/\" \/>\n<meta property=\"og:site_name\" content=\"Jornal Fatos e Not\u00edcias\" \/>\n<meta property=\"article:published_time\" content=\"2025-06-13T23:06:42+00:00\" \/>\n<meta property=\"article:modified_time\" content=\"2025-06-13T23:06:43+00:00\" \/>\n<meta property=\"og:image\" content=\"https:\/\/jornalfatosenoticias.com.br\/wp-content\/uploads\/2025\/06\/comportamento-antissocial_freepik.jpg\" \/>\n\t<meta property=\"og:image:width\" content=\"1000\" \/>\n\t<meta property=\"og:image:height\" content=\"666\" \/>\n\t<meta property=\"og:image:type\" content=\"image\/jpeg\" \/>\n<meta name=\"author\" content=\"Luzimara Fernandes\" \/>\n<meta name=\"twitter:card\" content=\"summary_large_image\" \/>\n<meta name=\"twitter:label1\" content=\"Escrito por\" \/>\n\t<meta name=\"twitter:data1\" content=\"Luzimara Fernandes\" \/>\n\t<meta name=\"twitter:label2\" content=\"Est. tempo de leitura\" \/>\n\t<meta name=\"twitter:data2\" content=\"2 minutos\" \/>\n<script type=\"application\/ld+json\" class=\"yoast-schema-graph\">{\"@context\":\"https:\/\/schema.org\",\"@graph\":[{\"@type\":\"Article\",\"@id\":\"https:\/\/jornalfatosenoticias.com.br\/index.php\/2025\/06\/13\/por-que-seu-cerebro-fica-antissocial-com-o-passar-do-tempo\/#article\",\"isPartOf\":{\"@id\":\"https:\/\/jornalfatosenoticias.com.br\/index.php\/2025\/06\/13\/por-que-seu-cerebro-fica-antissocial-com-o-passar-do-tempo\/\"},\"author\":{\"name\":\"Luzimara Fernandes\",\"@id\":\"https:\/\/jornalfatosenoticias.com.br\/#\/schema\/person\/d63837fa13ac8666eb9e74e0985d6f81\"},\"headline\":\"Por que seu c\u00e9rebro fica antissocial com o passar do tempo\",\"datePublished\":\"2025-06-13T23:06:42+00:00\",\"dateModified\":\"2025-06-13T23:06:43+00:00\",\"mainEntityOfPage\":{\"@id\":\"https:\/\/jornalfatosenoticias.com.br\/index.php\/2025\/06\/13\/por-que-seu-cerebro-fica-antissocial-com-o-passar-do-tempo\/\"},\"wordCount\":404,\"commentCount\":0,\"publisher\":{\"@id\":\"https:\/\/jornalfatosenoticias.com.br\/#organization\"},\"image\":{\"@id\":\"https:\/\/jornalfatosenoticias.com.br\/index.php\/2025\/06\/13\/por-que-seu-cerebro-fica-antissocial-com-o-passar-do-tempo\/#primaryimage\"},\"thumbnailUrl\":\"https:\/\/jornalfatosenoticias.com.br\/wp-content\/uploads\/2025\/06\/comportamento-antissocial_freepik.jpg\",\"keywords\":[\"c\u00e9rebro\",\"comportamento antissocial\",\"Estudo\",\"intera\u00e7\u00f5es sociais\"],\"articleSection\":[\"Comportamento &amp; Equil\u00edbrio\"],\"inLanguage\":\"pt-BR\",\"potentialAction\":[{\"@type\":\"CommentAction\",\"name\":\"Comment\",\"target\":[\"https:\/\/jornalfatosenoticias.com.br\/index.php\/2025\/06\/13\/por-que-seu-cerebro-fica-antissocial-com-o-passar-do-tempo\/#respond\"]}]},{\"@type\":\"WebPage\",\"@id\":\"https:\/\/jornalfatosenoticias.com.br\/index.php\/2025\/06\/13\/por-que-seu-cerebro-fica-antissocial-com-o-passar-do-tempo\/\",\"url\":\"https:\/\/jornalfatosenoticias.com.br\/index.php\/2025\/06\/13\/por-que-seu-cerebro-fica-antissocial-com-o-passar-do-tempo\/\",\"name\":\"Por que seu c\u00e9rebro fica antissocial com o passar do tempo - Jornal Fatos e Not\u00edcias\",\"isPartOf\":{\"@id\":\"https:\/\/jornalfatosenoticias.com.br\/#website\"},\"primaryImageOfPage\":{\"@id\":\"https:\/\/jornalfatosenoticias.com.br\/index.php\/2025\/06\/13\/por-que-seu-cerebro-fica-antissocial-com-o-passar-do-tempo\/#primaryimage\"},\"image\":{\"@id\":\"https:\/\/jornalfatosenoticias.com.br\/index.php\/2025\/06\/13\/por-que-seu-cerebro-fica-antissocial-com-o-passar-do-tempo\/#primaryimage\"},\"thumbnailUrl\":\"https:\/\/jornalfatosenoticias.com.br\/wp-content\/uploads\/2025\/06\/comportamento-antissocial_freepik.jpg\",\"datePublished\":\"2025-06-13T23:06:42+00:00\",\"dateModified\":\"2025-06-13T23:06:43+00:00\",\"breadcrumb\":{\"@id\":\"https:\/\/jornalfatosenoticias.com.br\/index.php\/2025\/06\/13\/por-que-seu-cerebro-fica-antissocial-com-o-passar-do-tempo\/#breadcrumb\"},\"inLanguage\":\"pt-BR\",\"potentialAction\":[{\"@type\":\"ReadAction\",\"target\":[\"https:\/\/jornalfatosenoticias.com.br\/index.php\/2025\/06\/13\/por-que-seu-cerebro-fica-antissocial-com-o-passar-do-tempo\/\"]}]},{\"@type\":\"ImageObject\",\"inLanguage\":\"pt-BR\",\"@id\":\"https:\/\/jornalfatosenoticias.com.br\/index.php\/2025\/06\/13\/por-que-seu-cerebro-fica-antissocial-com-o-passar-do-tempo\/#primaryimage\",\"url\":\"https:\/\/jornalfatosenoticias.com.br\/wp-content\/uploads\/2025\/06\/comportamento-antissocial_freepik.jpg\",\"contentUrl\":\"https:\/\/jornalfatosenoticias.com.br\/wp-content\/uploads\/2025\/06\/comportamento-antissocial_freepik.jpg\",\"width\":1000,\"height\":666},{\"@type\":\"BreadcrumbList\",\"@id\":\"https:\/\/jornalfatosenoticias.com.br\/index.php\/2025\/06\/13\/por-que-seu-cerebro-fica-antissocial-com-o-passar-do-tempo\/#breadcrumb\",\"itemListElement\":[{\"@type\":\"ListItem\",\"position\":1,\"name\":\"In\u00edcio\",\"item\":\"https:\/\/jornalfatosenoticias.com.br\/\"},{\"@type\":\"ListItem\",\"position\":2,\"name\":\"Por que seu c\u00e9rebro fica antissocial com o passar do tempo\"}]},{\"@type\":\"WebSite\",\"@id\":\"https:\/\/jornalfatosenoticias.com.br\/#website\",\"url\":\"https:\/\/jornalfatosenoticias.com.br\/\",\"name\":\"Jornal Fatos e Not\u00edcias\",\"description\":\"Not\u00edcias em geral\",\"publisher\":{\"@id\":\"https:\/\/jornalfatosenoticias.com.br\/#organization\"},\"potentialAction\":[{\"@type\":\"SearchAction\",\"target\":{\"@type\":\"EntryPoint\",\"urlTemplate\":\"https:\/\/jornalfatosenoticias.com.br\/?s={search_term_string}\"},\"query-input\":{\"@type\":\"PropertyValueSpecification\",\"valueRequired\":true,\"valueName\":\"search_term_string\"}}],\"inLanguage\":\"pt-BR\"},{\"@type\":\"Organization\",\"@id\":\"https:\/\/jornalfatosenoticias.com.br\/#organization\",\"name\":\"Jornal Fatos e Not\u00edcias\",\"url\":\"https:\/\/jornalfatosenoticias.com.br\/\",\"logo\":{\"@type\":\"ImageObject\",\"inLanguage\":\"pt-BR\",\"@id\":\"https:\/\/jornalfatosenoticias.com.br\/#\/schema\/logo\/image\/\",\"url\":\"https:\/\/jornalfatosenoticias.com.br\/wp-content\/uploads\/2020\/02\/logo120.png\",\"contentUrl\":\"https:\/\/jornalfatosenoticias.com.br\/wp-content\/uploads\/2020\/02\/logo120.png\",\"width\":1227,\"height\":120,\"caption\":\"Jornal Fatos e Not\u00edcias\"},\"image\":{\"@id\":\"https:\/\/jornalfatosenoticias.com.br\/#\/schema\/logo\/image\/\"}},{\"@type\":\"Person\",\"@id\":\"https:\/\/jornalfatosenoticias.com.br\/#\/schema\/person\/d63837fa13ac8666eb9e74e0985d6f81\",\"name\":\"Luzimara Fernandes\",\"image\":{\"@type\":\"ImageObject\",\"inLanguage\":\"pt-BR\",\"@id\":\"https:\/\/jornalfatosenoticias.com.br\/#\/schema\/person\/image\/\",\"url\":\"https:\/\/jornalfatosenoticias.com.br\/wp-content\/uploads\/2025\/05\/EU_portal.jpg\",\"contentUrl\":\"https:\/\/jornalfatosenoticias.com.br\/wp-content\/uploads\/2025\/05\/EU_portal.jpg\",\"caption\":\"Luzimara Fernandes\"},\"description\":\"Jornalista MTB 2358-ES\",\"sameAs\":[\"https:\/\/jornalfatosenoticias.com.br\"],\"url\":\"https:\/\/jornalfatosenoticias.com.br\/index.php\/author\/luzimara\/\"}]}<\/script>\n<!-- \/ Yoast SEO plugin. -->","yoast_head_json":{"title":"Por que seu c\u00e9rebro fica antissocial com o passar do tempo - Jornal Fatos e Not\u00edcias","robots":{"index":"index","follow":"follow","max-snippet":"max-snippet:-1","max-image-preview":"max-image-preview:large","max-video-preview":"max-video-preview:-1"},"canonical":"https:\/\/jornalfatosenoticias.com.br\/index.php\/2025\/06\/13\/por-que-seu-cerebro-fica-antissocial-com-o-passar-do-tempo\/","og_locale":"pt_BR","og_type":"article","og_title":"Por que seu c\u00e9rebro fica antissocial com o passar do tempo - Jornal Fatos e Not\u00edcias","og_description":"Estudo revelou que mudan\u00e7as estruturais ocorridas no c\u00e9rebro ao longo da vida s\u00e3o as respons\u00e1veis pelo menor interesse nas intera\u00e7\u00f5es sociais Por Alessandro Di Lorenzo Um novo estudo realizado pela Universidade Tecnol\u00f3gica de Nanyang, em Cingapura, analisou porque as pessoas tendem a se tornar mais antissociais com o passar do tempo. E a conclus\u00e3o \u00e9 [&hellip;]","og_url":"https:\/\/jornalfatosenoticias.com.br\/index.php\/2025\/06\/13\/por-que-seu-cerebro-fica-antissocial-com-o-passar-do-tempo\/","og_site_name":"Jornal Fatos e Not\u00edcias","article_published_time":"2025-06-13T23:06:42+00:00","article_modified_time":"2025-06-13T23:06:43+00:00","og_image":[{"width":1000,"height":666,"url":"https:\/\/jornalfatosenoticias.com.br\/wp-content\/uploads\/2025\/06\/comportamento-antissocial_freepik.jpg","type":"image\/jpeg"}],"author":"Luzimara Fernandes","twitter_card":"summary_large_image","twitter_misc":{"Escrito por":"Luzimara Fernandes","Est. tempo de leitura":"2 minutos"},"schema":{"@context":"https:\/\/schema.org","@graph":[{"@type":"Article","@id":"https:\/\/jornalfatosenoticias.com.br\/index.php\/2025\/06\/13\/por-que-seu-cerebro-fica-antissocial-com-o-passar-do-tempo\/#article","isPartOf":{"@id":"https:\/\/jornalfatosenoticias.com.br\/index.php\/2025\/06\/13\/por-que-seu-cerebro-fica-antissocial-com-o-passar-do-tempo\/"},"author":{"name":"Luzimara Fernandes","@id":"https:\/\/jornalfatosenoticias.com.br\/#\/schema\/person\/d63837fa13ac8666eb9e74e0985d6f81"},"headline":"Por que seu c\u00e9rebro fica antissocial com o passar do tempo","datePublished":"2025-06-13T23:06:42+00:00","dateModified":"2025-06-13T23:06:43+00:00","mainEntityOfPage":{"@id":"https:\/\/jornalfatosenoticias.com.br\/index.php\/2025\/06\/13\/por-que-seu-cerebro-fica-antissocial-com-o-passar-do-tempo\/"},"wordCount":404,"commentCount":0,"publisher":{"@id":"https:\/\/jornalfatosenoticias.com.br\/#organization"},"image":{"@id":"https:\/\/jornalfatosenoticias.com.br\/index.php\/2025\/06\/13\/por-que-seu-cerebro-fica-antissocial-com-o-passar-do-tempo\/#primaryimage"},"thumbnailUrl":"https:\/\/jornalfatosenoticias.com.br\/wp-content\/uploads\/2025\/06\/comportamento-antissocial_freepik.jpg","keywords":["c\u00e9rebro","comportamento antissocial","Estudo","intera\u00e7\u00f5es sociais"],"articleSection":["Comportamento &amp; Equil\u00edbrio"],"inLanguage":"pt-BR","potentialAction":[{"@type":"CommentAction","name":"Comment","target":["https:\/\/jornalfatosenoticias.com.br\/index.php\/2025\/06\/13\/por-que-seu-cerebro-fica-antissocial-com-o-passar-do-tempo\/#respond"]}]},{"@type":"WebPage","@id":"https:\/\/jornalfatosenoticias.com.br\/index.php\/2025\/06\/13\/por-que-seu-cerebro-fica-antissocial-com-o-passar-do-tempo\/","url":"https:\/\/jornalfatosenoticias.com.br\/index.php\/2025\/06\/13\/por-que-seu-cerebro-fica-antissocial-com-o-passar-do-tempo\/","name":"Por que seu c\u00e9rebro fica antissocial com o passar do tempo - Jornal Fatos e Not\u00edcias","isPartOf":{"@id":"https:\/\/jornalfatosenoticias.com.br\/#website"},"primaryImageOfPage":{"@id":"https:\/\/jornalfatosenoticias.com.br\/index.php\/2025\/06\/13\/por-que-seu-cerebro-fica-antissocial-com-o-passar-do-tempo\/#primaryimage"},"image":{"@id":"https:\/\/jornalfatosenoticias.com.br\/index.php\/2025\/06\/13\/por-que-seu-cerebro-fica-antissocial-com-o-passar-do-tempo\/#primaryimage"},"thumbnailUrl":"https:\/\/jornalfatosenoticias.com.br\/wp-content\/uploads\/2025\/06\/comportamento-antissocial_freepik.jpg","datePublished":"2025-06-13T23:06:42+00:00","dateModified":"2025-06-13T23:06:43+00:00","breadcrumb":{"@id":"https:\/\/jornalfatosenoticias.com.br\/index.php\/2025\/06\/13\/por-que-seu-cerebro-fica-antissocial-com-o-passar-do-tempo\/#breadcrumb"},"inLanguage":"pt-BR","potentialAction":[{"@type":"ReadAction","target":["https:\/\/jornalfatosenoticias.com.br\/index.php\/2025\/06\/13\/por-que-seu-cerebro-fica-antissocial-com-o-passar-do-tempo\/"]}]},{"@type":"ImageObject","inLanguage":"pt-BR","@id":"https:\/\/jornalfatosenoticias.com.br\/index.php\/2025\/06\/13\/por-que-seu-cerebro-fica-antissocial-com-o-passar-do-tempo\/#primaryimage","url":"https:\/\/jornalfatosenoticias.com.br\/wp-content\/uploads\/2025\/06\/comportamento-antissocial_freepik.jpg","contentUrl":"https:\/\/jornalfatosenoticias.com.br\/wp-content\/uploads\/2025\/06\/comportamento-antissocial_freepik.jpg","width":1000,"height":666},{"@type":"BreadcrumbList","@id":"https:\/\/jornalfatosenoticias.com.br\/index.php\/2025\/06\/13\/por-que-seu-cerebro-fica-antissocial-com-o-passar-do-tempo\/#breadcrumb","itemListElement":[{"@type":"ListItem","position":1,"name":"In\u00edcio","item":"https:\/\/jornalfatosenoticias.com.br\/"},{"@type":"ListItem","position":2,"name":"Por que seu c\u00e9rebro fica antissocial com o passar do tempo"}]},{"@type":"WebSite","@id":"https:\/\/jornalfatosenoticias.com.br\/#website","url":"https:\/\/jornalfatosenoticias.com.br\/","name":"Jornal Fatos e Not\u00edcias","description":"Not\u00edcias em geral","publisher":{"@id":"https:\/\/jornalfatosenoticias.com.br\/#organization"},"potentialAction":[{"@type":"SearchAction","target":{"@type":"EntryPoint","urlTemplate":"https:\/\/jornalfatosenoticias.com.br\/?s={search_term_string}"},"query-input":{"@type":"PropertyValueSpecification","valueRequired":true,"valueName":"search_term_string"}}],"inLanguage":"pt-BR"},{"@type":"Organization","@id":"https:\/\/jornalfatosenoticias.com.br\/#organization","name":"Jornal Fatos e Not\u00edcias","url":"https:\/\/jornalfatosenoticias.com.br\/","logo":{"@type":"ImageObject","inLanguage":"pt-BR","@id":"https:\/\/jornalfatosenoticias.com.br\/#\/schema\/logo\/image\/","url":"https:\/\/jornalfatosenoticias.com.br\/wp-content\/uploads\/2020\/02\/logo120.png","contentUrl":"https:\/\/jornalfatosenoticias.com.br\/wp-content\/uploads\/2020\/02\/logo120.png","width":1227,"height":120,"caption":"Jornal Fatos e Not\u00edcias"},"image":{"@id":"https:\/\/jornalfatosenoticias.com.br\/#\/schema\/logo\/image\/"}},{"@type":"Person","@id":"https:\/\/jornalfatosenoticias.com.br\/#\/schema\/person\/d63837fa13ac8666eb9e74e0985d6f81","name":"Luzimara Fernandes","image":{"@type":"ImageObject","inLanguage":"pt-BR","@id":"https:\/\/jornalfatosenoticias.com.br\/#\/schema\/person\/image\/","url":"https:\/\/jornalfatosenoticias.com.br\/wp-content\/uploads\/2025\/05\/EU_portal.jpg","contentUrl":"https:\/\/jornalfatosenoticias.com.br\/wp-content\/uploads\/2025\/05\/EU_portal.jpg","caption":"Luzimara Fernandes"},"description":"Jornalista MTB 2358-ES","sameAs":["https:\/\/jornalfatosenoticias.com.br"],"url":"https:\/\/jornalfatosenoticias.com.br\/index.php\/author\/luzimara\/"}]}},"cc_featured_image_caption":{"caption_text":"(Foto: Freepik) ","source_text":"","source_url":""},"jetpack_featured_media_url":"https:\/\/jornalfatosenoticias.com.br\/wp-content\/uploads\/2025\/06\/comportamento-antissocial_freepik.jpg","_links":{"self":[{"href":"https:\/\/jornalfatosenoticias.com.br\/index.php\/wp-json\/wp\/v2\/posts\/59863","targetHints":{"allow":["GET"]}}],"collection":[{"href":"https:\/\/jornalfatosenoticias.com.br\/index.php\/wp-json\/wp\/v2\/posts"}],"about":[{"href":"https:\/\/jornalfatosenoticias.com.br\/index.php\/wp-json\/wp\/v2\/types\/post"}],"author":[{"embeddable":true,"href":"https:\/\/jornalfatosenoticias.com.br\/index.php\/wp-json\/wp\/v2\/users\/2"}],"replies":[{"embeddable":true,"href":"https:\/\/jornalfatosenoticias.com.br\/index.php\/wp-json\/wp\/v2\/comments?post=59863"}],"version-history":[{"count":0,"href":"https:\/\/jornalfatosenoticias.com.br\/index.php\/wp-json\/wp\/v2\/posts\/59863\/revisions"}],"wp:featuredmedia":[{"embeddable":true,"href":"https:\/\/jornalfatosenoticias.com.br\/index.php\/wp-json\/wp\/v2\/media\/59864"}],"wp:attachment":[{"href":"https:\/\/jornalfatosenoticias.com.br\/index.php\/wp-json\/wp\/v2\/media?parent=59863"}],"wp:term":[{"taxonomy":"category","embeddable":true,"href":"https:\/\/jornalfatosenoticias.com.br\/index.php\/wp-json\/wp\/v2\/categories?post=59863"},{"taxonomy":"post_tag","embeddable":true,"href":"https:\/\/jornalfatosenoticias.com.br\/index.php\/wp-json\/wp\/v2\/tags?post=59863"}],"curies":[{"name":"wp","href":"https:\/\/api.w.org\/{rel}","templated":true}]}}