{"id":59866,"date":"2025-06-13T20:18:29","date_gmt":"2025-06-13T23:18:29","guid":{"rendered":"https:\/\/jornalfatosenoticias.com.br\/?p=59866"},"modified":"2025-06-13T20:18:31","modified_gmt":"2025-06-13T23:18:31","slug":"estudo-em-morros-do-es-encontra-especies-resistentes-ao-calor","status":"publish","type":"post","link":"https:\/\/jornalfatosenoticias.com.br\/index.php\/2025\/06\/13\/estudo-em-morros-do-es-encontra-especies-resistentes-ao-calor\/","title":{"rendered":"Estudo em morros do ES encontra esp\u00e9cies resistentes ao calor"},"content":{"rendered":"\n<p><em><span class=\"has-inline-color has-black-color\">O levantamento, feito por cinco pesquisadores brasileiros, \u00e9 pioneiro para esse tipo de vegeta\u00e7\u00e3o em inselbergs da Mata Atl\u00e2ntica<\/span><\/em><\/p>\n\n\n\n<p><span class=\"has-inline-color has-black-color\">Por <strong><a href=\"https:\/\/gizmodo.uol.com.br\/author\/agencia-brasil\/\">Ag\u00eancia Brasil<\/a><\/strong><\/span><\/p>\n\n\n\n<div class=\"wp-block-image\"><figure class=\"aligncenter size-large\"><a href=\"https:\/\/mizu.com.br\/\"><img loading=\"lazy\" decoding=\"async\" width=\"729\" height=\"90\" src=\"https:\/\/jornalfatosenoticias.com.br\/wp-content\/uploads\/2020\/02\/Logo_Mizu.png\" alt=\"\" class=\"wp-image-1441\" srcset=\"https:\/\/jornalfatosenoticias.com.br\/wp-content\/uploads\/2020\/02\/Logo_Mizu.png 729w, https:\/\/jornalfatosenoticias.com.br\/wp-content\/uploads\/2020\/02\/Logo_Mizu-300x37.png 300w\" sizes=\"auto, (max-width: 729px) 100vw, 729px\" \/><\/a><\/figure><\/div>\n\n\n\n<p>Um estudo realizado em quatro <em>inselbergs<\/em> (afloramentos rochosos) do estado do Esp\u00edrito Santo, na regi\u00e3o Sudeste do Brasil, identificou 26 esp\u00e9cies de plantas lenhosas, com grande capacidade de enfrentar a escassez de \u00e1gua, poucos nutrientes e temperatura elevada. O levantamento \u2014 feito por cinco pesquisadores brasileiros \u2014 \u00e9 pioneiro para esse tipo de vegeta\u00e7\u00e3o em <em>inselbergs<\/em> da Mata Atl\u00e2ntica.<br>A pesquisa foi realizada com 300 elementos dessas 26 esp\u00e9cies, entre \u00e1rvores, arbustos e palmeiras, entre elas duas esp\u00e9cies end\u00eamicas de <em>inselbergs<\/em> deste bioma: <em>Pseudobombax petropolitanum<\/em> (paineira-das-pedras) e a <em>Wunderlichia azulensis<\/em> (\u00e1rvore da fam\u00edlia dos girass\u00f3is), ambas amea\u00e7adas de extin\u00e7\u00e3o.<\/p>\n\n\n\n<div class=\"wp-block-image\"><figure class=\"aligncenter size-large\"><a href=\"https:\/\/www.cesconetto.com.br\/\"><img loading=\"lazy\" decoding=\"async\" width=\"300\" height=\"250\" src=\"https:\/\/jornalfatosenoticias.com.br\/wp-content\/uploads\/2022\/02\/Banner-2.png\" alt=\"\" class=\"wp-image-27877\"\/><\/a><\/figure><\/div>\n\n\n\n<p>Entre as constata\u00e7\u00f5es do estudo est\u00e1 a capacidade de armazenamento de carbono, que se relaciona com a expectativa de vida da planta e sua taxa de crescimento anual, afinal os vegetais absorvem di\u00f3xido de carbono da atmosfera para se alimentar. Com o CO\u2082, as plantas podem produzir energia para elas e, principalmente, ganhar biomassa (ou seja, crescer).<\/p>\n\n\n\n<div class=\"wp-block-image\"><figure class=\"aligncenter size-large is-resized\"><a href=\"https:\/\/hotelmarquetti.com.br\/\"><img loading=\"lazy\" decoding=\"async\" src=\"https:\/\/jornalfatosenoticias.com.br\/wp-content\/uploads\/2020\/02\/LOGO-MQ-1024x680.jpg\" alt=\"\" class=\"wp-image-58299\" width=\"380\" height=\"252\" srcset=\"https:\/\/jornalfatosenoticias.com.br\/wp-content\/uploads\/2020\/02\/LOGO-MQ-1024x680.jpg 1024w, https:\/\/jornalfatosenoticias.com.br\/wp-content\/uploads\/2020\/02\/LOGO-MQ-300x199.jpg 300w, https:\/\/jornalfatosenoticias.com.br\/wp-content\/uploads\/2020\/02\/LOGO-MQ-768x510.jpg 768w, https:\/\/jornalfatosenoticias.com.br\/wp-content\/uploads\/2020\/02\/LOGO-MQ-1536x1020.jpg 1536w, https:\/\/jornalfatosenoticias.com.br\/wp-content\/uploads\/2020\/02\/LOGO-MQ-2048x1360.jpg 2048w\" sizes=\"auto, (max-width: 380px) 100vw, 380px\" \/><\/a><\/figure><\/div>\n\n\n\n<p><strong><span class=\"has-inline-color has-vivid-green-cyan-color\">Longevidade<\/span><\/strong><br>\u201cSabemos que algumas esp\u00e9cies apresentam grande longevidade, como a paineira-das-pedras, que, em alguns casos, atinge 16 metros de altura e 116 cent\u00edmetros de di\u00e2metro \u2014 algo surpreendente, considerando que a esp\u00e9cie cresce diretamente sobre rochas expostas\u201d, afirma o pesquisador do Instituto Nacional da Mata Atl\u00e2ntica (INMA) Dayvid Couto.<\/p>\n\n\n\n<div class=\"wp-block-image\"><figure class=\"aligncenter size-large\"><a href=\"http:\/\/www.ferrarimaquinas.com.br\/\"><img loading=\"lazy\" decoding=\"async\" width=\"300\" height=\"250\" src=\"https:\/\/jornalfatosenoticias.com.br\/wp-content\/uploads\/2022\/02\/FERRARI_MAQUINAS-E-FERRAMENTAS2.jpg\" alt=\"\" class=\"wp-image-27860\"\/><\/a><\/figure><\/div>\n\n\n\n<p>Para ele, esse foi o primeiro estudo no mundo a estimar a biomassa e carbono das plantas lenhosas de <em>inselbergs<\/em>. Mas, para descobrir o potencial real de sequestro de carbono dessas comunidades vegetais, seria preciso aprofundar os estudos, pesquisando, por exemplo, o tempo de vida, sua velocidade de crescimento e a biomassa e carbono estocados na raiz.<\/p>\n\n\n\n<div class=\"wp-block-image\"><figure class=\"aligncenter size-large is-resized\"><a href=\"https:\/\/www.instagram.com\/gruposei\/\"><img loading=\"lazy\" decoding=\"async\" src=\"https:\/\/jornalfatosenoticias.com.br\/wp-content\/uploads\/2022\/07\/Logo-Grupo-SEI.jpg\" alt=\"\" class=\"wp-image-31973\" width=\"360\" height=\"189\" srcset=\"https:\/\/jornalfatosenoticias.com.br\/wp-content\/uploads\/2022\/07\/Logo-Grupo-SEI.jpg 713w, https:\/\/jornalfatosenoticias.com.br\/wp-content\/uploads\/2022\/07\/Logo-Grupo-SEI-300x158.jpg 300w\" sizes=\"auto, (max-width: 360px) 100vw, 360px\" \/><\/a><\/figure><\/div>\n\n\n\n<p>\u201cSem essas respostas, \u00e9 dif\u00edcil fazer estimativas do potencial de sequestro de carbono. Essas quest\u00f5es ser\u00e3o monitoradas e avaliadas em estudos futuros que a equipe pretende desenvolver a depender de financiamento. Isso permitir\u00e1 obter dados robustos sobre o potencial de carbono fixado anualmente por essa vegeta\u00e7\u00e3o, por exemplo\u201d, avalia.<\/p>\n\n\n\n<div class=\"wp-block-image\"><figure class=\"aligncenter size-large\"><img loading=\"lazy\" decoding=\"async\" width=\"754\" height=\"566\" src=\"https:\/\/jornalfatosenoticias.com.br\/wp-content\/uploads\/2025\/06\/Estudo-em-morros-do-ES-encontra-especies-resistentes-ao-calor2.jpg\" alt=\"\" class=\"wp-image-59867\" srcset=\"https:\/\/jornalfatosenoticias.com.br\/wp-content\/uploads\/2025\/06\/Estudo-em-morros-do-ES-encontra-especies-resistentes-ao-calor2.jpg 754w, https:\/\/jornalfatosenoticias.com.br\/wp-content\/uploads\/2025\/06\/Estudo-em-morros-do-ES-encontra-especies-resistentes-ao-calor2-300x225.jpg 300w\" sizes=\"auto, (max-width: 754px) 100vw, 754px\" \/><figcaption><em><span class=\"has-inline-color has-black-color\">Flor de <strong>Wunderlichia azulensis,<\/strong> \u00e1rvore rup\u00edcola amea\u00e7ada e end\u00eamica de inselberg da Mata Atl\u00e2ntica (Foto: Dayvid R. Couto\/Divulga\u00e7\u00e3o)<\/span><\/em><\/figcaption><\/figure><\/div>\n\n\n\n<p><strong><span class=\"has-inline-color has-vivid-green-cyan-color\">Carbono<\/span><\/strong><br>Apesar disso, sabe-se que as plantas lenhosas de <em>inselbergs<\/em> podem armazenar entre 14 e 48 toneladas de carbono por hectare apenas na biomassa a\u00e9rea (sem considerar as ra\u00edzes), valor equivalente ao das florestas estacionais que crescem no entorno dos <em>inselbergs<\/em> do sul do<strong> Esp\u00edrito Santo.<\/strong><\/p>\n\n\n\n<div class=\"wp-block-image\"><figure class=\"aligncenter size-large is-resized\"><a href=\"https:\/\/www.facebook.com\/postobkr\/?locale=pt_BR\"><img loading=\"lazy\" decoding=\"async\" src=\"https:\/\/jornalfatosenoticias.com.br\/wp-content\/uploads\/2023\/08\/BKR-1024x1021.jpg\" alt=\"\" class=\"wp-image-44494\" width=\"308\" height=\"307\" srcset=\"https:\/\/jornalfatosenoticias.com.br\/wp-content\/uploads\/2023\/08\/BKR-1024x1021.jpg 1024w, https:\/\/jornalfatosenoticias.com.br\/wp-content\/uploads\/2023\/08\/BKR-300x300.jpg 300w, https:\/\/jornalfatosenoticias.com.br\/wp-content\/uploads\/2023\/08\/BKR-150x150.jpg 150w, https:\/\/jornalfatosenoticias.com.br\/wp-content\/uploads\/2023\/08\/BKR-768x766.jpg 768w, https:\/\/jornalfatosenoticias.com.br\/wp-content\/uploads\/2023\/08\/BKR.jpg 1080w\" sizes=\"auto, (max-width: 308px) 100vw, 308px\" \/><\/a><\/figure><\/div>\n\n\n\n<p>Mas, em um contexto de mudan\u00e7as clim\u00e1ticas, o potencial de sequestro de carbono n\u00e3o \u00e9 a \u00fanica contribui\u00e7\u00e3o que o conhecimento dessa vegeta\u00e7\u00e3o pode trazer ao ambiente. Por terem serem afloramentos rochosos, os <em>inselbergs<\/em> acumulam pouco solo e, consequentemente, poucos nutrientes e \u00e1gua, al\u00e9m de estarem sujeitos \u00e0 alta exposi\u00e7\u00e3o solar.<\/p>\n\n\n\n<div class=\"wp-block-image\"><figure class=\"aligncenter size-large is-resized\"><a href=\"https:\/\/www.instagram.com\/esteio.churrascaria\/\"><img loading=\"lazy\" decoding=\"async\" src=\"https:\/\/jornalfatosenoticias.com.br\/wp-content\/uploads\/2022\/02\/LOGO-ESTEIO-1024x730.png\" alt=\"\" class=\"wp-image-27942\" width=\"340\" height=\"242\" srcset=\"https:\/\/jornalfatosenoticias.com.br\/wp-content\/uploads\/2022\/02\/LOGO-ESTEIO-1024x730.png 1024w, https:\/\/jornalfatosenoticias.com.br\/wp-content\/uploads\/2022\/02\/LOGO-ESTEIO-300x214.png 300w, https:\/\/jornalfatosenoticias.com.br\/wp-content\/uploads\/2022\/02\/LOGO-ESTEIO-768x548.png 768w, https:\/\/jornalfatosenoticias.com.br\/wp-content\/uploads\/2022\/02\/LOGO-ESTEIO.png 1123w\" sizes=\"auto, (max-width: 340px) 100vw, 340px\" \/><\/a><\/figure><\/div>\n\n\n\n<blockquote class=\"wp-block-quote is-layout-flow wp-block-quote-is-layout-flow\"><p><span class=\"has-inline-color has-luminous-vivid-orange-color\">As esp\u00e9cies que vivem nos inselbergs possuem adapta\u00e7\u00f5es importantes que lhes conferem maior resist\u00eancia a condi\u00e7\u00f5es extremas, como solos rasos, alta exposi\u00e7\u00e3o solar e escassez de \u00e1gua e nutrientes. Algumas dessas adapta\u00e7\u00f5es incluem ra\u00edzes tuberosas, que armazenam \u00e1gua, e folhas caducif\u00f3lias, que caem durante os per\u00edodos mais secos para reduzir a perda h\u00eddrica\u201d, explica o estudioso.<\/span><\/p><\/blockquote>\n\n\n\n<div class=\"wp-block-image\"><figure class=\"aligncenter size-large is-resized\"><a href=\"https:\/\/www.legisjuris.com.br\/\"><img loading=\"lazy\" decoding=\"async\" src=\"https:\/\/jornalfatosenoticias.com.br\/wp-content\/uploads\/2024\/09\/Legis-Juris-Consultoria_logo.jpg\" alt=\"\" class=\"wp-image-53915\" width=\"527\" height=\"221\" srcset=\"https:\/\/jornalfatosenoticias.com.br\/wp-content\/uploads\/2024\/09\/Legis-Juris-Consultoria_logo.jpg 969w, https:\/\/jornalfatosenoticias.com.br\/wp-content\/uploads\/2024\/09\/Legis-Juris-Consultoria_logo-300x126.jpg 300w, https:\/\/jornalfatosenoticias.com.br\/wp-content\/uploads\/2024\/09\/Legis-Juris-Consultoria_logo-768x322.jpg 768w\" sizes=\"auto, (max-width: 527px) 100vw, 527px\" \/><\/a><\/figure><\/div>\n\n\n\n<p><strong><span class=\"has-inline-color has-vivid-green-cyan-color\">Restaura\u00e7\u00e3o florestal<br><\/span><\/strong>Por sua grande resist\u00eancia a adversidades, tais esp\u00e9cies podem tornar projetos de restaura\u00e7\u00e3o florestal mais eficientes, especialmente em \u00e1reas sujeitas \u00e0 minera\u00e7\u00e3o, atividade econ\u00f4mica que \u00e9 uma amea\u00e7a aos pr\u00f3prios <em>inselbergs<\/em> capixabas. <\/p>\n\n\n\n<blockquote class=\"wp-block-quote is-layout-flow wp-block-quote-is-layout-flow\"><p><span class=\"has-inline-color has-luminous-vivid-orange-color\">Muitas das esp\u00e9cies lenhosas inventariadas s\u00e3o bem adaptadas a essas condi\u00e7\u00f5es desafiadoras. Por isso, elas se mostram promissoras para uso em projetos de restaura\u00e7\u00e3o de \u00e1reas degradadas pela minera\u00e7\u00e3o de rochas ornamentais\u201d, explica Dayvid Couto.<\/span><\/p><\/blockquote>\n\n\n\n<div class=\"wp-block-image\"><figure class=\"aligncenter size-large is-resized\"><a href=\"https:\/\/www.controlsystems.com.br\/\"><img loading=\"lazy\" decoding=\"async\" src=\"https:\/\/jornalfatosenoticias.com.br\/wp-content\/uploads\/2020\/02\/CONTROL-CS.jpg\" alt=\"\" class=\"wp-image-44991\" width=\"271\" height=\"324\" srcset=\"https:\/\/jornalfatosenoticias.com.br\/wp-content\/uploads\/2020\/02\/CONTROL-CS.jpg 834w, https:\/\/jornalfatosenoticias.com.br\/wp-content\/uploads\/2020\/02\/CONTROL-CS-250x300.jpg 250w, https:\/\/jornalfatosenoticias.com.br\/wp-content\/uploads\/2020\/02\/CONTROL-CS-768x921.jpg 768w\" sizes=\"auto, (max-width: 271px) 100vw, 271px\" \/><\/a><\/figure><\/div>\n\n\n\n<p>Acrescenta que \u201ca ind\u00fastria de rochas ornamentais \u00e9 uma das atividades econ\u00f4micas mais relevantes no Esp\u00edrito Santo. No entanto, os impactos profundos que essa atividade causa na biodiversidade dos <em>inselbergs<\/em> t\u00eam sido amplamente negligenciados\u201d. Segundo ele, \u201cesses ecossistemas abrigam um n\u00famero expressivo de esp\u00e9cies vegetais, muitas delas end\u00eamicas e amea\u00e7adas de extin\u00e7\u00e3o.<\/p>\n\n\n\n<div class=\"wp-block-image\"><figure class=\"aligncenter size-large is-resized\"><a href=\"https:\/\/panper.com.br\/\"><img loading=\"lazy\" decoding=\"async\" src=\"https:\/\/jornalfatosenoticias.com.br\/wp-content\/uploads\/2023\/03\/logo-Panper_portal.jpg\" alt=\"\" class=\"wp-image-40208\" width=\"326\" height=\"226\" srcset=\"https:\/\/jornalfatosenoticias.com.br\/wp-content\/uploads\/2023\/03\/logo-Panper_portal.jpg 400w, https:\/\/jornalfatosenoticias.com.br\/wp-content\/uploads\/2023\/03\/logo-Panper_portal-300x208.jpg 300w\" sizes=\"auto, (max-width: 326px) 100vw, 326px\" \/><\/a><\/figure><\/div>\n\n\n\n<p><strong><span class=\"has-inline-color has-vivid-green-cyan-color\">Desafio para a ci\u00eancia<br><\/span><\/strong>\u201cRestaurar as fun\u00e7\u00f5es ecol\u00f3gicas e as intera\u00e7\u00f5es bi\u00f3ticas nesses ambientes ap\u00f3s a minera\u00e7\u00e3o \u00e9 um desafio imenso para a ci\u00eancia. Nosso estudo evidencia lacunas importantes de conhecimento e refor\u00e7a a necessidade de investimentos em pesquisas voltadas especificamente para esse tipo de ambiente. A partir desses dados, \u00e9 poss\u00edvel buscar solu\u00e7\u00f5es mais sustent\u00e1veis e inovadoras, capazes de transformar essa ind\u00fastria em um modelo de responsabilidade socioambiental\u201d, explica.<\/p>\n\n\n\n<div class=\"wp-block-image\"><figure class=\"aligncenter size-large is-resized\"><a href=\"https:\/\/www.instagram.com\/serra4x4cambioautomatico\/\"><img loading=\"lazy\" decoding=\"async\" src=\"https:\/\/jornalfatosenoticias.com.br\/wp-content\/uploads\/2024\/08\/Serra-4x4-1-886x1024.jpg\" alt=\"\" class=\"wp-image-53632\" width=\"303\" height=\"350\" srcset=\"https:\/\/jornalfatosenoticias.com.br\/wp-content\/uploads\/2024\/08\/Serra-4x4-1-886x1024.jpg 886w, https:\/\/jornalfatosenoticias.com.br\/wp-content\/uploads\/2024\/08\/Serra-4x4-1-260x300.jpg 260w, https:\/\/jornalfatosenoticias.com.br\/wp-content\/uploads\/2024\/08\/Serra-4x4-1-768x888.jpg 768w, https:\/\/jornalfatosenoticias.com.br\/wp-content\/uploads\/2024\/08\/Serra-4x4-1.jpg 1181w\" sizes=\"auto, (max-width: 303px) 100vw, 303px\" \/><\/a><\/figure><\/div>\n\n\n\n<p>O levantamento identificou que 17 das 26 esp\u00e9cies que n\u00e3o constavam em um invent\u00e1rio da flora de <em>inselbergs<\/em> da Regi\u00e3o Sudeste do Brasil, realizado recentemente, o que mostra que ainda h\u00e1 muito a se conhecer em rela\u00e7\u00e3o \u00e0 diversidade vegetal desses ambientes.<\/p>\n\n\n\n<p><strong>Fonte: <a href=\"https:\/\/gizmodo.uol.com.br\/estudo-em-morros-do-sudeste-encontra-especies-resistentes-ao-calor\/\">Giz Brasil<\/a><\/strong><\/p>\n","protected":false},"excerpt":{"rendered":"<p>O levantamento, feito por cinco pesquisadores brasileiros, \u00e9 pioneiro para esse tipo de vegeta\u00e7\u00e3o em inselbergs da Mata Atl\u00e2ntica Por Ag\u00eancia Brasil Um estudo realizado em quatro inselbergs (afloramentos rochosos) do estado do Esp\u00edrito Santo, na regi\u00e3o Sudeste do Brasil, identificou 26 esp\u00e9cies de plantas lenhosas, com grande capacidade de enfrentar a escassez de \u00e1gua, [&hellip;]<\/p>\n","protected":false},"author":2,"featured_media":59868,"comment_status":"open","ping_status":"open","sticky":false,"template":"","format":"standard","meta":{"footnotes":""},"categories":[8],"tags":[100,27351,258,115],"class_list":["post-59866","post","type-post","status-publish","format-standard","has-post-thumbnail","hentry","category-meio-ambiente","tag-espirito-santo","tag-inselbergs","tag-mata-atlantica","tag-pesquisa"],"yoast_head":"<!-- This site is optimized with the Yoast SEO plugin v26.5 - https:\/\/yoast.com\/wordpress\/plugins\/seo\/ -->\n<title>Estudo em morros do ES encontra esp\u00e9cies resistentes ao calor - Jornal Fatos e Not\u00edcias<\/title>\n<meta name=\"robots\" content=\"index, follow, max-snippet:-1, max-image-preview:large, max-video-preview:-1\" \/>\n<link rel=\"canonical\" href=\"https:\/\/jornalfatosenoticias.com.br\/index.php\/2025\/06\/13\/estudo-em-morros-do-es-encontra-especies-resistentes-ao-calor\/\" \/>\n<meta property=\"og:locale\" content=\"pt_BR\" \/>\n<meta property=\"og:type\" content=\"article\" \/>\n<meta property=\"og:title\" content=\"Estudo em morros do ES encontra esp\u00e9cies resistentes ao calor - Jornal Fatos e Not\u00edcias\" \/>\n<meta property=\"og:description\" content=\"O levantamento, feito por cinco pesquisadores brasileiros, \u00e9 pioneiro para esse tipo de vegeta\u00e7\u00e3o em inselbergs da Mata Atl\u00e2ntica Por Ag\u00eancia Brasil Um estudo realizado em quatro inselbergs (afloramentos rochosos) do estado do Esp\u00edrito Santo, na regi\u00e3o Sudeste do Brasil, identificou 26 esp\u00e9cies de plantas lenhosas, com grande capacidade de enfrentar a escassez de \u00e1gua, [&hellip;]\" \/>\n<meta property=\"og:url\" content=\"https:\/\/jornalfatosenoticias.com.br\/index.php\/2025\/06\/13\/estudo-em-morros-do-es-encontra-especies-resistentes-ao-calor\/\" \/>\n<meta property=\"og:site_name\" content=\"Jornal Fatos e Not\u00edcias\" \/>\n<meta property=\"article:published_time\" content=\"2025-06-13T23:18:29+00:00\" \/>\n<meta property=\"article:modified_time\" content=\"2025-06-13T23:18:31+00:00\" \/>\n<meta property=\"og:image\" content=\"https:\/\/jornalfatosenoticias.com.br\/wp-content\/uploads\/2025\/06\/Estudo-em-morros-do-ES-encontra-especies-resistentes-ao-calor.jpg\" \/>\n\t<meta property=\"og:image:width\" content=\"1000\" \/>\n\t<meta property=\"og:image:height\" content=\"598\" \/>\n\t<meta property=\"og:image:type\" content=\"image\/jpeg\" \/>\n<meta name=\"author\" content=\"Luzimara Fernandes\" \/>\n<meta name=\"twitter:card\" content=\"summary_large_image\" \/>\n<meta name=\"twitter:label1\" content=\"Escrito por\" \/>\n\t<meta name=\"twitter:data1\" content=\"Luzimara Fernandes\" \/>\n\t<meta name=\"twitter:label2\" content=\"Est. tempo de leitura\" \/>\n\t<meta name=\"twitter:data2\" content=\"4 minutos\" \/>\n<script type=\"application\/ld+json\" class=\"yoast-schema-graph\">{\"@context\":\"https:\/\/schema.org\",\"@graph\":[{\"@type\":\"Article\",\"@id\":\"https:\/\/jornalfatosenoticias.com.br\/index.php\/2025\/06\/13\/estudo-em-morros-do-es-encontra-especies-resistentes-ao-calor\/#article\",\"isPartOf\":{\"@id\":\"https:\/\/jornalfatosenoticias.com.br\/index.php\/2025\/06\/13\/estudo-em-morros-do-es-encontra-especies-resistentes-ao-calor\/\"},\"author\":{\"name\":\"Luzimara Fernandes\",\"@id\":\"https:\/\/jornalfatosenoticias.com.br\/#\/schema\/person\/d63837fa13ac8666eb9e74e0985d6f81\"},\"headline\":\"Estudo em morros do ES encontra esp\u00e9cies resistentes ao calor\",\"datePublished\":\"2025-06-13T23:18:29+00:00\",\"dateModified\":\"2025-06-13T23:18:31+00:00\",\"mainEntityOfPage\":{\"@id\":\"https:\/\/jornalfatosenoticias.com.br\/index.php\/2025\/06\/13\/estudo-em-morros-do-es-encontra-especies-resistentes-ao-calor\/\"},\"wordCount\":820,\"commentCount\":0,\"publisher\":{\"@id\":\"https:\/\/jornalfatosenoticias.com.br\/#organization\"},\"image\":{\"@id\":\"https:\/\/jornalfatosenoticias.com.br\/index.php\/2025\/06\/13\/estudo-em-morros-do-es-encontra-especies-resistentes-ao-calor\/#primaryimage\"},\"thumbnailUrl\":\"https:\/\/jornalfatosenoticias.com.br\/wp-content\/uploads\/2025\/06\/Estudo-em-morros-do-ES-encontra-especies-resistentes-ao-calor.jpg\",\"keywords\":[\"Esp\u00edrito Santo\",\"inselbergs\",\"mata atl\u00e2ntica\",\"pesquisa\"],\"articleSection\":[\"Meio ambiente\"],\"inLanguage\":\"pt-BR\",\"potentialAction\":[{\"@type\":\"CommentAction\",\"name\":\"Comment\",\"target\":[\"https:\/\/jornalfatosenoticias.com.br\/index.php\/2025\/06\/13\/estudo-em-morros-do-es-encontra-especies-resistentes-ao-calor\/#respond\"]}]},{\"@type\":\"WebPage\",\"@id\":\"https:\/\/jornalfatosenoticias.com.br\/index.php\/2025\/06\/13\/estudo-em-morros-do-es-encontra-especies-resistentes-ao-calor\/\",\"url\":\"https:\/\/jornalfatosenoticias.com.br\/index.php\/2025\/06\/13\/estudo-em-morros-do-es-encontra-especies-resistentes-ao-calor\/\",\"name\":\"Estudo em morros do ES encontra esp\u00e9cies resistentes ao calor - Jornal Fatos e Not\u00edcias\",\"isPartOf\":{\"@id\":\"https:\/\/jornalfatosenoticias.com.br\/#website\"},\"primaryImageOfPage\":{\"@id\":\"https:\/\/jornalfatosenoticias.com.br\/index.php\/2025\/06\/13\/estudo-em-morros-do-es-encontra-especies-resistentes-ao-calor\/#primaryimage\"},\"image\":{\"@id\":\"https:\/\/jornalfatosenoticias.com.br\/index.php\/2025\/06\/13\/estudo-em-morros-do-es-encontra-especies-resistentes-ao-calor\/#primaryimage\"},\"thumbnailUrl\":\"https:\/\/jornalfatosenoticias.com.br\/wp-content\/uploads\/2025\/06\/Estudo-em-morros-do-ES-encontra-especies-resistentes-ao-calor.jpg\",\"datePublished\":\"2025-06-13T23:18:29+00:00\",\"dateModified\":\"2025-06-13T23:18:31+00:00\",\"breadcrumb\":{\"@id\":\"https:\/\/jornalfatosenoticias.com.br\/index.php\/2025\/06\/13\/estudo-em-morros-do-es-encontra-especies-resistentes-ao-calor\/#breadcrumb\"},\"inLanguage\":\"pt-BR\",\"potentialAction\":[{\"@type\":\"ReadAction\",\"target\":[\"https:\/\/jornalfatosenoticias.com.br\/index.php\/2025\/06\/13\/estudo-em-morros-do-es-encontra-especies-resistentes-ao-calor\/\"]}]},{\"@type\":\"ImageObject\",\"inLanguage\":\"pt-BR\",\"@id\":\"https:\/\/jornalfatosenoticias.com.br\/index.php\/2025\/06\/13\/estudo-em-morros-do-es-encontra-especies-resistentes-ao-calor\/#primaryimage\",\"url\":\"https:\/\/jornalfatosenoticias.com.br\/wp-content\/uploads\/2025\/06\/Estudo-em-morros-do-ES-encontra-especies-resistentes-ao-calor.jpg\",\"contentUrl\":\"https:\/\/jornalfatosenoticias.com.br\/wp-content\/uploads\/2025\/06\/Estudo-em-morros-do-ES-encontra-especies-resistentes-ao-calor.jpg\",\"width\":1000,\"height\":598},{\"@type\":\"BreadcrumbList\",\"@id\":\"https:\/\/jornalfatosenoticias.com.br\/index.php\/2025\/06\/13\/estudo-em-morros-do-es-encontra-especies-resistentes-ao-calor\/#breadcrumb\",\"itemListElement\":[{\"@type\":\"ListItem\",\"position\":1,\"name\":\"In\u00edcio\",\"item\":\"https:\/\/jornalfatosenoticias.com.br\/\"},{\"@type\":\"ListItem\",\"position\":2,\"name\":\"Estudo em morros do ES encontra esp\u00e9cies resistentes ao calor\"}]},{\"@type\":\"WebSite\",\"@id\":\"https:\/\/jornalfatosenoticias.com.br\/#website\",\"url\":\"https:\/\/jornalfatosenoticias.com.br\/\",\"name\":\"Jornal Fatos e Not\u00edcias\",\"description\":\"Not\u00edcias em geral\",\"publisher\":{\"@id\":\"https:\/\/jornalfatosenoticias.com.br\/#organization\"},\"potentialAction\":[{\"@type\":\"SearchAction\",\"target\":{\"@type\":\"EntryPoint\",\"urlTemplate\":\"https:\/\/jornalfatosenoticias.com.br\/?s={search_term_string}\"},\"query-input\":{\"@type\":\"PropertyValueSpecification\",\"valueRequired\":true,\"valueName\":\"search_term_string\"}}],\"inLanguage\":\"pt-BR\"},{\"@type\":\"Organization\",\"@id\":\"https:\/\/jornalfatosenoticias.com.br\/#organization\",\"name\":\"Jornal Fatos e Not\u00edcias\",\"url\":\"https:\/\/jornalfatosenoticias.com.br\/\",\"logo\":{\"@type\":\"ImageObject\",\"inLanguage\":\"pt-BR\",\"@id\":\"https:\/\/jornalfatosenoticias.com.br\/#\/schema\/logo\/image\/\",\"url\":\"https:\/\/jornalfatosenoticias.com.br\/wp-content\/uploads\/2020\/02\/logo120.png\",\"contentUrl\":\"https:\/\/jornalfatosenoticias.com.br\/wp-content\/uploads\/2020\/02\/logo120.png\",\"width\":1227,\"height\":120,\"caption\":\"Jornal Fatos e Not\u00edcias\"},\"image\":{\"@id\":\"https:\/\/jornalfatosenoticias.com.br\/#\/schema\/logo\/image\/\"}},{\"@type\":\"Person\",\"@id\":\"https:\/\/jornalfatosenoticias.com.br\/#\/schema\/person\/d63837fa13ac8666eb9e74e0985d6f81\",\"name\":\"Luzimara Fernandes\",\"image\":{\"@type\":\"ImageObject\",\"inLanguage\":\"pt-BR\",\"@id\":\"https:\/\/jornalfatosenoticias.com.br\/#\/schema\/person\/image\/\",\"url\":\"https:\/\/jornalfatosenoticias.com.br\/wp-content\/uploads\/2025\/05\/EU_portal.jpg\",\"contentUrl\":\"https:\/\/jornalfatosenoticias.com.br\/wp-content\/uploads\/2025\/05\/EU_portal.jpg\",\"caption\":\"Luzimara Fernandes\"},\"description\":\"Jornalista MTB 2358-ES\",\"sameAs\":[\"https:\/\/jornalfatosenoticias.com.br\"],\"url\":\"https:\/\/jornalfatosenoticias.com.br\/index.php\/author\/luzimara\/\"}]}<\/script>\n<!-- \/ Yoast SEO plugin. -->","yoast_head_json":{"title":"Estudo em morros do ES encontra esp\u00e9cies resistentes ao calor - Jornal Fatos e Not\u00edcias","robots":{"index":"index","follow":"follow","max-snippet":"max-snippet:-1","max-image-preview":"max-image-preview:large","max-video-preview":"max-video-preview:-1"},"canonical":"https:\/\/jornalfatosenoticias.com.br\/index.php\/2025\/06\/13\/estudo-em-morros-do-es-encontra-especies-resistentes-ao-calor\/","og_locale":"pt_BR","og_type":"article","og_title":"Estudo em morros do ES encontra esp\u00e9cies resistentes ao calor - Jornal Fatos e Not\u00edcias","og_description":"O levantamento, feito por cinco pesquisadores brasileiros, \u00e9 pioneiro para esse tipo de vegeta\u00e7\u00e3o em inselbergs da Mata Atl\u00e2ntica Por Ag\u00eancia Brasil Um estudo realizado em quatro inselbergs (afloramentos rochosos) do estado do Esp\u00edrito Santo, na regi\u00e3o Sudeste do Brasil, identificou 26 esp\u00e9cies de plantas lenhosas, com grande capacidade de enfrentar a escassez de \u00e1gua, [&hellip;]","og_url":"https:\/\/jornalfatosenoticias.com.br\/index.php\/2025\/06\/13\/estudo-em-morros-do-es-encontra-especies-resistentes-ao-calor\/","og_site_name":"Jornal Fatos e Not\u00edcias","article_published_time":"2025-06-13T23:18:29+00:00","article_modified_time":"2025-06-13T23:18:31+00:00","og_image":[{"width":1000,"height":598,"url":"https:\/\/jornalfatosenoticias.com.br\/wp-content\/uploads\/2025\/06\/Estudo-em-morros-do-ES-encontra-especies-resistentes-ao-calor.jpg","type":"image\/jpeg"}],"author":"Luzimara Fernandes","twitter_card":"summary_large_image","twitter_misc":{"Escrito por":"Luzimara Fernandes","Est. tempo de leitura":"4 minutos"},"schema":{"@context":"https:\/\/schema.org","@graph":[{"@type":"Article","@id":"https:\/\/jornalfatosenoticias.com.br\/index.php\/2025\/06\/13\/estudo-em-morros-do-es-encontra-especies-resistentes-ao-calor\/#article","isPartOf":{"@id":"https:\/\/jornalfatosenoticias.com.br\/index.php\/2025\/06\/13\/estudo-em-morros-do-es-encontra-especies-resistentes-ao-calor\/"},"author":{"name":"Luzimara Fernandes","@id":"https:\/\/jornalfatosenoticias.com.br\/#\/schema\/person\/d63837fa13ac8666eb9e74e0985d6f81"},"headline":"Estudo em morros do ES encontra esp\u00e9cies resistentes ao calor","datePublished":"2025-06-13T23:18:29+00:00","dateModified":"2025-06-13T23:18:31+00:00","mainEntityOfPage":{"@id":"https:\/\/jornalfatosenoticias.com.br\/index.php\/2025\/06\/13\/estudo-em-morros-do-es-encontra-especies-resistentes-ao-calor\/"},"wordCount":820,"commentCount":0,"publisher":{"@id":"https:\/\/jornalfatosenoticias.com.br\/#organization"},"image":{"@id":"https:\/\/jornalfatosenoticias.com.br\/index.php\/2025\/06\/13\/estudo-em-morros-do-es-encontra-especies-resistentes-ao-calor\/#primaryimage"},"thumbnailUrl":"https:\/\/jornalfatosenoticias.com.br\/wp-content\/uploads\/2025\/06\/Estudo-em-morros-do-ES-encontra-especies-resistentes-ao-calor.jpg","keywords":["Esp\u00edrito Santo","inselbergs","mata atl\u00e2ntica","pesquisa"],"articleSection":["Meio ambiente"],"inLanguage":"pt-BR","potentialAction":[{"@type":"CommentAction","name":"Comment","target":["https:\/\/jornalfatosenoticias.com.br\/index.php\/2025\/06\/13\/estudo-em-morros-do-es-encontra-especies-resistentes-ao-calor\/#respond"]}]},{"@type":"WebPage","@id":"https:\/\/jornalfatosenoticias.com.br\/index.php\/2025\/06\/13\/estudo-em-morros-do-es-encontra-especies-resistentes-ao-calor\/","url":"https:\/\/jornalfatosenoticias.com.br\/index.php\/2025\/06\/13\/estudo-em-morros-do-es-encontra-especies-resistentes-ao-calor\/","name":"Estudo em morros do ES encontra esp\u00e9cies resistentes ao calor - Jornal Fatos e Not\u00edcias","isPartOf":{"@id":"https:\/\/jornalfatosenoticias.com.br\/#website"},"primaryImageOfPage":{"@id":"https:\/\/jornalfatosenoticias.com.br\/index.php\/2025\/06\/13\/estudo-em-morros-do-es-encontra-especies-resistentes-ao-calor\/#primaryimage"},"image":{"@id":"https:\/\/jornalfatosenoticias.com.br\/index.php\/2025\/06\/13\/estudo-em-morros-do-es-encontra-especies-resistentes-ao-calor\/#primaryimage"},"thumbnailUrl":"https:\/\/jornalfatosenoticias.com.br\/wp-content\/uploads\/2025\/06\/Estudo-em-morros-do-ES-encontra-especies-resistentes-ao-calor.jpg","datePublished":"2025-06-13T23:18:29+00:00","dateModified":"2025-06-13T23:18:31+00:00","breadcrumb":{"@id":"https:\/\/jornalfatosenoticias.com.br\/index.php\/2025\/06\/13\/estudo-em-morros-do-es-encontra-especies-resistentes-ao-calor\/#breadcrumb"},"inLanguage":"pt-BR","potentialAction":[{"@type":"ReadAction","target":["https:\/\/jornalfatosenoticias.com.br\/index.php\/2025\/06\/13\/estudo-em-morros-do-es-encontra-especies-resistentes-ao-calor\/"]}]},{"@type":"ImageObject","inLanguage":"pt-BR","@id":"https:\/\/jornalfatosenoticias.com.br\/index.php\/2025\/06\/13\/estudo-em-morros-do-es-encontra-especies-resistentes-ao-calor\/#primaryimage","url":"https:\/\/jornalfatosenoticias.com.br\/wp-content\/uploads\/2025\/06\/Estudo-em-morros-do-ES-encontra-especies-resistentes-ao-calor.jpg","contentUrl":"https:\/\/jornalfatosenoticias.com.br\/wp-content\/uploads\/2025\/06\/Estudo-em-morros-do-ES-encontra-especies-resistentes-ao-calor.jpg","width":1000,"height":598},{"@type":"BreadcrumbList","@id":"https:\/\/jornalfatosenoticias.com.br\/index.php\/2025\/06\/13\/estudo-em-morros-do-es-encontra-especies-resistentes-ao-calor\/#breadcrumb","itemListElement":[{"@type":"ListItem","position":1,"name":"In\u00edcio","item":"https:\/\/jornalfatosenoticias.com.br\/"},{"@type":"ListItem","position":2,"name":"Estudo em morros do ES encontra esp\u00e9cies resistentes ao calor"}]},{"@type":"WebSite","@id":"https:\/\/jornalfatosenoticias.com.br\/#website","url":"https:\/\/jornalfatosenoticias.com.br\/","name":"Jornal Fatos e Not\u00edcias","description":"Not\u00edcias em geral","publisher":{"@id":"https:\/\/jornalfatosenoticias.com.br\/#organization"},"potentialAction":[{"@type":"SearchAction","target":{"@type":"EntryPoint","urlTemplate":"https:\/\/jornalfatosenoticias.com.br\/?s={search_term_string}"},"query-input":{"@type":"PropertyValueSpecification","valueRequired":true,"valueName":"search_term_string"}}],"inLanguage":"pt-BR"},{"@type":"Organization","@id":"https:\/\/jornalfatosenoticias.com.br\/#organization","name":"Jornal Fatos e Not\u00edcias","url":"https:\/\/jornalfatosenoticias.com.br\/","logo":{"@type":"ImageObject","inLanguage":"pt-BR","@id":"https:\/\/jornalfatosenoticias.com.br\/#\/schema\/logo\/image\/","url":"https:\/\/jornalfatosenoticias.com.br\/wp-content\/uploads\/2020\/02\/logo120.png","contentUrl":"https:\/\/jornalfatosenoticias.com.br\/wp-content\/uploads\/2020\/02\/logo120.png","width":1227,"height":120,"caption":"Jornal Fatos e Not\u00edcias"},"image":{"@id":"https:\/\/jornalfatosenoticias.com.br\/#\/schema\/logo\/image\/"}},{"@type":"Person","@id":"https:\/\/jornalfatosenoticias.com.br\/#\/schema\/person\/d63837fa13ac8666eb9e74e0985d6f81","name":"Luzimara Fernandes","image":{"@type":"ImageObject","inLanguage":"pt-BR","@id":"https:\/\/jornalfatosenoticias.com.br\/#\/schema\/person\/image\/","url":"https:\/\/jornalfatosenoticias.com.br\/wp-content\/uploads\/2025\/05\/EU_portal.jpg","contentUrl":"https:\/\/jornalfatosenoticias.com.br\/wp-content\/uploads\/2025\/05\/EU_portal.jpg","caption":"Luzimara Fernandes"},"description":"Jornalista MTB 2358-ES","sameAs":["https:\/\/jornalfatosenoticias.com.br"],"url":"https:\/\/jornalfatosenoticias.com.br\/index.php\/author\/luzimara\/"}]}},"cc_featured_image_caption":{"caption_text":"(Foto: Dayvid R. Couto\/Divulga\u00e7\u00e3o)","source_text":"","source_url":""},"jetpack_featured_media_url":"https:\/\/jornalfatosenoticias.com.br\/wp-content\/uploads\/2025\/06\/Estudo-em-morros-do-ES-encontra-especies-resistentes-ao-calor.jpg","_links":{"self":[{"href":"https:\/\/jornalfatosenoticias.com.br\/index.php\/wp-json\/wp\/v2\/posts\/59866","targetHints":{"allow":["GET"]}}],"collection":[{"href":"https:\/\/jornalfatosenoticias.com.br\/index.php\/wp-json\/wp\/v2\/posts"}],"about":[{"href":"https:\/\/jornalfatosenoticias.com.br\/index.php\/wp-json\/wp\/v2\/types\/post"}],"author":[{"embeddable":true,"href":"https:\/\/jornalfatosenoticias.com.br\/index.php\/wp-json\/wp\/v2\/users\/2"}],"replies":[{"embeddable":true,"href":"https:\/\/jornalfatosenoticias.com.br\/index.php\/wp-json\/wp\/v2\/comments?post=59866"}],"version-history":[{"count":0,"href":"https:\/\/jornalfatosenoticias.com.br\/index.php\/wp-json\/wp\/v2\/posts\/59866\/revisions"}],"wp:featuredmedia":[{"embeddable":true,"href":"https:\/\/jornalfatosenoticias.com.br\/index.php\/wp-json\/wp\/v2\/media\/59868"}],"wp:attachment":[{"href":"https:\/\/jornalfatosenoticias.com.br\/index.php\/wp-json\/wp\/v2\/media?parent=59866"}],"wp:term":[{"taxonomy":"category","embeddable":true,"href":"https:\/\/jornalfatosenoticias.com.br\/index.php\/wp-json\/wp\/v2\/categories?post=59866"},{"taxonomy":"post_tag","embeddable":true,"href":"https:\/\/jornalfatosenoticias.com.br\/index.php\/wp-json\/wp\/v2\/tags?post=59866"}],"curies":[{"name":"wp","href":"https:\/\/api.w.org\/{rel}","templated":true}]}}