{"id":5987,"date":"2020-06-30T14:55:37","date_gmt":"2020-06-30T17:55:37","guid":{"rendered":"https:\/\/jornalfatosenoticias.com.br\/?p=5987"},"modified":"2020-06-30T14:55:42","modified_gmt":"2020-06-30T17:55:42","slug":"manchas-estelares-podem-explicar-diminuicao-do-brilho-de-betelgeuse","status":"publish","type":"post","link":"https:\/\/jornalfatosenoticias.com.br\/index.php\/2020\/06\/30\/manchas-estelares-podem-explicar-diminuicao-do-brilho-de-betelgeuse\/","title":{"rendered":"Manchas estelares podem explicar diminui\u00e7\u00e3o do brilho de Betelgeuse"},"content":{"rendered":"\n<h6 class=\"wp-block-heading\"><em>Estudo indica que grandes manchas est\u00e3o cobrindo de 50% a 70% da superf\u00edcie vis\u00edvel da estrela, a uma temperatura m\u00e9dia mais baixa do que a normal<\/em><\/h6>\n\n\n\n<p>Entre outubro de 2019 e abril de 2020, o brilho da supergigante vermelha Betelgeuse, localizada h\u00e1 642 anos-luz da Terra, na gal\u00e1xia de \u00d3rion, chegou a cair em at\u00e9 40% se comparado com sua luminosidade normal. Tamanha oscila\u00e7\u00e3o n\u00e3o passou despercebida pelo olhar dos astr\u00f4nomos, que j\u00e1 criaram v\u00e1rias hip\u00f3teses para explicar essa mudan\u00e7a.<br>A primeira teoria a ganhar for\u00e7a foi a de que a estrela, que \u00e9 uma das mais brilhantes observadas daqui do nosso planeta, havia explodido e se transformado em uma supernova. Mais tarde, cientistas da Universidade de Washington, nos Estados Unidos, desbancaram a ideia, sugerindo que a varia\u00e7\u00e3o se devia \u00e0 exist\u00eancia de uma nuvem de poeira c\u00f3smica ao redor de Betelgeuse. Agora, astr\u00f4nomos conduzidos pelo Instituto Max Plack de Astronomia, na Alemanha, elaboraram uma nova hip\u00f3tese.<br>Segundo a equipe, liderada pela astr\u00f4noma Thavisha Dharmawardena, manchas estelares na superf\u00edcie de Betelgeuse s\u00e3o a causa mais prov\u00e1vel para a diminui\u00e7\u00e3o de seu brilho. Em artigo publicado na The Astrophysical Journal Letters, na segunda-feira (29), os cientistas demonstram como a varia\u00e7\u00e3o na temperatura da fotosfera (a superf\u00edcie vis\u00edvel de um objeto astron\u00f4mico) da estrela causou a queda de seu brilho. A melhor explica\u00e7\u00e3o para essa oscila\u00e7\u00e3o de temperatura \u00e9 a exist\u00eancia de manchas gigantes de esfriamento na supergigante vermelha, que podem chegar a cobrir de 50% a 70% de sua superf\u00edcie.<br>&#8220;No final de suas vidas, as estrelas se tornam gigantes vermelhas&#8221;, explica Dharmawardena, em comunicado. \u201c\u00c0 medida que o suprimento de combust\u00edvel acaba, os processos pelos quais as estrelas liberam energia mudam. Como resultado, elas incham, tornam-se inst\u00e1veis e pulsam com per\u00edodos de centenas ou mesmo milhares de dias, o que n\u00f3s observamos como uma flutua\u00e7\u00e3o em seu brilho\u201d.<\/p>\n\n\n\n<h4 class=\"wp-block-heading\">Term\u00f4metro estelar<\/h4>\n\n\n\n<p>Ao estudar dados do Atacama Pathfinder Experiment e do telesc\u00f3pio James Clerk Maxwell, os pesquisadores notaram que havia algo que n\u00e3o se encaixava na hip\u00f3tese de que o brilho da estrela estava diminuindo por causa do aumento da produ\u00e7\u00e3o de poeira estelar \u2014 como havia sido sugerido em estudos anteriores.<br>De olho nos dados das ondas submilim\u00e9tricas, que servem principalmente para estudar o comportamento da poeira estelar, eles chegaram \u00e0 conclus\u00e3o de que o comportamento da estrela n\u00e3o \u00e9 compat\u00edvel com a presen\u00e7a de poeira. &#8220;O que nos surpreendeu foi que Betelgeuse ficou 20% mais escura at\u00e9 mesmo na faixa de ondas submilim\u00e9tricas&#8221;, afirma Steve Mairs, pesquisador do Observat\u00f3rio da \u00c1sia Oriental, que colaborou no estudo.<br>Para entender, ent\u00e3o, por que a Betelgeuse ficou menos brilhante, eles olharam novamente para as leis da f\u00edsica. Segundo elas, a luminosidade de uma estrela depende de seu di\u00e2metro e, principalmente, da temperatura de sua superf\u00edcie. Se apenas seu tamanho diminui, a luminosidade diminuir\u00e1 igualmente em todos os comprimentos de onda. Mas, se \u00e9 a temperatura que varia, a radia\u00e7\u00e3o emitida pela estrela ser\u00e1 distinta ao longo do espectro eletromagn\u00e9tico.<br>E o que as medidas de escurecimento na luz vis\u00edvel e em ondas submilim\u00e9tricas da Betelgeuse evidenciam \u00e9 a redu\u00e7\u00e3o da temperatura m\u00e9dia da superf\u00edcie do astro. \u201c\u00c9 mais prov\u00e1vel [que haja] uma distribui\u00e7\u00e3o de temperatura assim\u00e9trica\u201d, explica Peter Scicluna, coautor do estudo e pesquisador do Observat\u00f3rio Europeu do Sul (ESO). \u201cImagens de alta resolu\u00e7\u00e3o correspondentes da Betelgeuse de dezembro de 2019 mostram \u00e1reas com brilho vari\u00e1vel. Juntamente com o nosso resultado, essa \u00e9 uma indica\u00e7\u00e3o clara de grandes manchas estelares cobrindo entre 50% e 70% da superf\u00edcie vis\u00edvel e com uma temperatura mais baixa do que a fotosfera mais brilhante\u201d.<\/p>\n\n\n\n<p><strong><em>Fonte: <a href=\"https:\/\/revistagalileu.globo.com\/Ciencia\/Espaco\/noticia\/2020\/06\/manchas-estelares-podem-explicar-diminuicao-do-brilho-de-betelgeuse.html\">Revista Galileu<\/a><\/em><\/strong><\/p>\n","protected":false},"excerpt":{"rendered":"<p>Estudo indica que grandes manchas est\u00e3o cobrindo de 50% a 70% da superf\u00edcie vis\u00edvel da estrela, a uma temperatura m\u00e9dia mais baixa do que a normal Entre outubro de 2019 e abril de 2020, o brilho da supergigante vermelha Betelgeuse, localizada h\u00e1 642 anos-luz da Terra, na gal\u00e1xia de \u00d3rion, chegou a cair em at\u00e9 [&hellip;]<\/p>\n","protected":false},"author":2,"featured_media":5989,"comment_status":"open","ping_status":"open","sticky":false,"template":"","format":"standard","meta":{"footnotes":""},"categories":[2],"tags":[471,225,3574,2194,790,3576,3575],"class_list":["post-5987","post","type-post","status-publish","format-standard","has-post-thumbnail","hentry","category-ciencia","tag-anos-luz","tag-astronomos","tag-betelgeuse","tag-brilho","tag-estrelas","tag-galaxia-de-orion","tag-manchas"],"yoast_head":"<!-- This site is optimized with the Yoast SEO plugin v26.5 - https:\/\/yoast.com\/wordpress\/plugins\/seo\/ -->\n<title>Manchas estelares podem explicar diminui\u00e7\u00e3o do brilho de Betelgeuse - Jornal Fatos e Not\u00edcias<\/title>\n<meta name=\"robots\" content=\"index, follow, max-snippet:-1, max-image-preview:large, max-video-preview:-1\" \/>\n<link rel=\"canonical\" href=\"https:\/\/jornalfatosenoticias.com.br\/index.php\/2020\/06\/30\/manchas-estelares-podem-explicar-diminuicao-do-brilho-de-betelgeuse\/\" \/>\n<meta property=\"og:locale\" content=\"pt_BR\" \/>\n<meta property=\"og:type\" content=\"article\" \/>\n<meta property=\"og:title\" content=\"Manchas estelares podem explicar diminui\u00e7\u00e3o do brilho de Betelgeuse - Jornal Fatos e Not\u00edcias\" \/>\n<meta property=\"og:description\" content=\"Estudo indica que grandes manchas est\u00e3o cobrindo de 50% a 70% da superf\u00edcie vis\u00edvel da estrela, a uma temperatura m\u00e9dia mais baixa do que a normal Entre outubro de 2019 e abril de 2020, o brilho da supergigante vermelha Betelgeuse, localizada h\u00e1 642 anos-luz da Terra, na gal\u00e1xia de \u00d3rion, chegou a cair em at\u00e9 [&hellip;]\" \/>\n<meta property=\"og:url\" content=\"https:\/\/jornalfatosenoticias.com.br\/index.php\/2020\/06\/30\/manchas-estelares-podem-explicar-diminuicao-do-brilho-de-betelgeuse\/\" \/>\n<meta property=\"og:site_name\" content=\"Jornal Fatos e Not\u00edcias\" \/>\n<meta property=\"article:published_time\" content=\"2020-06-30T17:55:37+00:00\" \/>\n<meta property=\"article:modified_time\" content=\"2020-06-30T17:55:42+00:00\" \/>\n<meta property=\"og:image\" content=\"https:\/\/jornalfatosenoticias.com.br\/wp-content\/uploads\/2020\/06\/mancha-estelar-betelgeuse_2.jpg\" \/>\n\t<meta property=\"og:image:width\" content=\"1000\" \/>\n\t<meta property=\"og:image:height\" content=\"666\" \/>\n\t<meta property=\"og:image:type\" content=\"image\/jpeg\" \/>\n<meta name=\"author\" content=\"Luzimara Fernandes\" \/>\n<meta name=\"twitter:card\" content=\"summary_large_image\" \/>\n<meta name=\"twitter:label1\" content=\"Escrito por\" \/>\n\t<meta name=\"twitter:data1\" content=\"Luzimara Fernandes\" \/>\n\t<meta name=\"twitter:label2\" content=\"Est. tempo de leitura\" \/>\n\t<meta name=\"twitter:data2\" content=\"3 minutos\" \/>\n<script type=\"application\/ld+json\" class=\"yoast-schema-graph\">{\"@context\":\"https:\/\/schema.org\",\"@graph\":[{\"@type\":\"Article\",\"@id\":\"https:\/\/jornalfatosenoticias.com.br\/index.php\/2020\/06\/30\/manchas-estelares-podem-explicar-diminuicao-do-brilho-de-betelgeuse\/#article\",\"isPartOf\":{\"@id\":\"https:\/\/jornalfatosenoticias.com.br\/index.php\/2020\/06\/30\/manchas-estelares-podem-explicar-diminuicao-do-brilho-de-betelgeuse\/\"},\"author\":{\"name\":\"Luzimara Fernandes\",\"@id\":\"https:\/\/jornalfatosenoticias.com.br\/#\/schema\/person\/d63837fa13ac8666eb9e74e0985d6f81\"},\"headline\":\"Manchas estelares podem explicar diminui\u00e7\u00e3o do brilho de Betelgeuse\",\"datePublished\":\"2020-06-30T17:55:37+00:00\",\"dateModified\":\"2020-06-30T17:55:42+00:00\",\"mainEntityOfPage\":{\"@id\":\"https:\/\/jornalfatosenoticias.com.br\/index.php\/2020\/06\/30\/manchas-estelares-podem-explicar-diminuicao-do-brilho-de-betelgeuse\/\"},\"wordCount\":653,\"commentCount\":0,\"publisher\":{\"@id\":\"https:\/\/jornalfatosenoticias.com.br\/#organization\"},\"image\":{\"@id\":\"https:\/\/jornalfatosenoticias.com.br\/index.php\/2020\/06\/30\/manchas-estelares-podem-explicar-diminuicao-do-brilho-de-betelgeuse\/#primaryimage\"},\"thumbnailUrl\":\"https:\/\/jornalfatosenoticias.com.br\/wp-content\/uploads\/2020\/06\/mancha-estelar-betelgeuse_2.jpg\",\"keywords\":[\"anos-luz\",\"astr\u00f4nomos\",\"Betelgeuse\",\"brilho\",\"estrelas\",\"gal\u00e1xia de \u00d3rion\",\"manchas\"],\"articleSection\":[\"Ci\u00eancia\"],\"inLanguage\":\"pt-BR\",\"potentialAction\":[{\"@type\":\"CommentAction\",\"name\":\"Comment\",\"target\":[\"https:\/\/jornalfatosenoticias.com.br\/index.php\/2020\/06\/30\/manchas-estelares-podem-explicar-diminuicao-do-brilho-de-betelgeuse\/#respond\"]}]},{\"@type\":\"WebPage\",\"@id\":\"https:\/\/jornalfatosenoticias.com.br\/index.php\/2020\/06\/30\/manchas-estelares-podem-explicar-diminuicao-do-brilho-de-betelgeuse\/\",\"url\":\"https:\/\/jornalfatosenoticias.com.br\/index.php\/2020\/06\/30\/manchas-estelares-podem-explicar-diminuicao-do-brilho-de-betelgeuse\/\",\"name\":\"Manchas estelares podem explicar diminui\u00e7\u00e3o do brilho de Betelgeuse - Jornal Fatos e Not\u00edcias\",\"isPartOf\":{\"@id\":\"https:\/\/jornalfatosenoticias.com.br\/#website\"},\"primaryImageOfPage\":{\"@id\":\"https:\/\/jornalfatosenoticias.com.br\/index.php\/2020\/06\/30\/manchas-estelares-podem-explicar-diminuicao-do-brilho-de-betelgeuse\/#primaryimage\"},\"image\":{\"@id\":\"https:\/\/jornalfatosenoticias.com.br\/index.php\/2020\/06\/30\/manchas-estelares-podem-explicar-diminuicao-do-brilho-de-betelgeuse\/#primaryimage\"},\"thumbnailUrl\":\"https:\/\/jornalfatosenoticias.com.br\/wp-content\/uploads\/2020\/06\/mancha-estelar-betelgeuse_2.jpg\",\"datePublished\":\"2020-06-30T17:55:37+00:00\",\"dateModified\":\"2020-06-30T17:55:42+00:00\",\"breadcrumb\":{\"@id\":\"https:\/\/jornalfatosenoticias.com.br\/index.php\/2020\/06\/30\/manchas-estelares-podem-explicar-diminuicao-do-brilho-de-betelgeuse\/#breadcrumb\"},\"inLanguage\":\"pt-BR\",\"potentialAction\":[{\"@type\":\"ReadAction\",\"target\":[\"https:\/\/jornalfatosenoticias.com.br\/index.php\/2020\/06\/30\/manchas-estelares-podem-explicar-diminuicao-do-brilho-de-betelgeuse\/\"]}]},{\"@type\":\"ImageObject\",\"inLanguage\":\"pt-BR\",\"@id\":\"https:\/\/jornalfatosenoticias.com.br\/index.php\/2020\/06\/30\/manchas-estelares-podem-explicar-diminuicao-do-brilho-de-betelgeuse\/#primaryimage\",\"url\":\"https:\/\/jornalfatosenoticias.com.br\/wp-content\/uploads\/2020\/06\/mancha-estelar-betelgeuse_2.jpg\",\"contentUrl\":\"https:\/\/jornalfatosenoticias.com.br\/wp-content\/uploads\/2020\/06\/mancha-estelar-betelgeuse_2.jpg\",\"width\":1000,\"height\":666},{\"@type\":\"BreadcrumbList\",\"@id\":\"https:\/\/jornalfatosenoticias.com.br\/index.php\/2020\/06\/30\/manchas-estelares-podem-explicar-diminuicao-do-brilho-de-betelgeuse\/#breadcrumb\",\"itemListElement\":[{\"@type\":\"ListItem\",\"position\":1,\"name\":\"In\u00edcio\",\"item\":\"https:\/\/jornalfatosenoticias.com.br\/\"},{\"@type\":\"ListItem\",\"position\":2,\"name\":\"Manchas estelares podem explicar diminui\u00e7\u00e3o do brilho de Betelgeuse\"}]},{\"@type\":\"WebSite\",\"@id\":\"https:\/\/jornalfatosenoticias.com.br\/#website\",\"url\":\"https:\/\/jornalfatosenoticias.com.br\/\",\"name\":\"Jornal Fatos e Not\u00edcias\",\"description\":\"Not\u00edcias em geral\",\"publisher\":{\"@id\":\"https:\/\/jornalfatosenoticias.com.br\/#organization\"},\"potentialAction\":[{\"@type\":\"SearchAction\",\"target\":{\"@type\":\"EntryPoint\",\"urlTemplate\":\"https:\/\/jornalfatosenoticias.com.br\/?s={search_term_string}\"},\"query-input\":{\"@type\":\"PropertyValueSpecification\",\"valueRequired\":true,\"valueName\":\"search_term_string\"}}],\"inLanguage\":\"pt-BR\"},{\"@type\":\"Organization\",\"@id\":\"https:\/\/jornalfatosenoticias.com.br\/#organization\",\"name\":\"Jornal Fatos e Not\u00edcias\",\"url\":\"https:\/\/jornalfatosenoticias.com.br\/\",\"logo\":{\"@type\":\"ImageObject\",\"inLanguage\":\"pt-BR\",\"@id\":\"https:\/\/jornalfatosenoticias.com.br\/#\/schema\/logo\/image\/\",\"url\":\"https:\/\/jornalfatosenoticias.com.br\/wp-content\/uploads\/2020\/02\/logo120.png\",\"contentUrl\":\"https:\/\/jornalfatosenoticias.com.br\/wp-content\/uploads\/2020\/02\/logo120.png\",\"width\":1227,\"height\":120,\"caption\":\"Jornal Fatos e Not\u00edcias\"},\"image\":{\"@id\":\"https:\/\/jornalfatosenoticias.com.br\/#\/schema\/logo\/image\/\"}},{\"@type\":\"Person\",\"@id\":\"https:\/\/jornalfatosenoticias.com.br\/#\/schema\/person\/d63837fa13ac8666eb9e74e0985d6f81\",\"name\":\"Luzimara Fernandes\",\"image\":{\"@type\":\"ImageObject\",\"inLanguage\":\"pt-BR\",\"@id\":\"https:\/\/jornalfatosenoticias.com.br\/#\/schema\/person\/image\/\",\"url\":\"https:\/\/jornalfatosenoticias.com.br\/wp-content\/uploads\/2025\/05\/EU_portal.jpg\",\"contentUrl\":\"https:\/\/jornalfatosenoticias.com.br\/wp-content\/uploads\/2025\/05\/EU_portal.jpg\",\"caption\":\"Luzimara Fernandes\"},\"description\":\"Jornalista MTB 2358-ES\",\"sameAs\":[\"https:\/\/jornalfatosenoticias.com.br\"],\"url\":\"https:\/\/jornalfatosenoticias.com.br\/index.php\/author\/luzimara\/\"}]}<\/script>\n<!-- \/ Yoast SEO plugin. -->","yoast_head_json":{"title":"Manchas estelares podem explicar diminui\u00e7\u00e3o do brilho de Betelgeuse - Jornal Fatos e Not\u00edcias","robots":{"index":"index","follow":"follow","max-snippet":"max-snippet:-1","max-image-preview":"max-image-preview:large","max-video-preview":"max-video-preview:-1"},"canonical":"https:\/\/jornalfatosenoticias.com.br\/index.php\/2020\/06\/30\/manchas-estelares-podem-explicar-diminuicao-do-brilho-de-betelgeuse\/","og_locale":"pt_BR","og_type":"article","og_title":"Manchas estelares podem explicar diminui\u00e7\u00e3o do brilho de Betelgeuse - Jornal Fatos e Not\u00edcias","og_description":"Estudo indica que grandes manchas est\u00e3o cobrindo de 50% a 70% da superf\u00edcie vis\u00edvel da estrela, a uma temperatura m\u00e9dia mais baixa do que a normal Entre outubro de 2019 e abril de 2020, o brilho da supergigante vermelha Betelgeuse, localizada h\u00e1 642 anos-luz da Terra, na gal\u00e1xia de \u00d3rion, chegou a cair em at\u00e9 [&hellip;]","og_url":"https:\/\/jornalfatosenoticias.com.br\/index.php\/2020\/06\/30\/manchas-estelares-podem-explicar-diminuicao-do-brilho-de-betelgeuse\/","og_site_name":"Jornal Fatos e Not\u00edcias","article_published_time":"2020-06-30T17:55:37+00:00","article_modified_time":"2020-06-30T17:55:42+00:00","og_image":[{"width":1000,"height":666,"url":"https:\/\/jornalfatosenoticias.com.br\/wp-content\/uploads\/2020\/06\/mancha-estelar-betelgeuse_2.jpg","type":"image\/jpeg"}],"author":"Luzimara Fernandes","twitter_card":"summary_large_image","twitter_misc":{"Escrito por":"Luzimara Fernandes","Est. tempo de leitura":"3 minutos"},"schema":{"@context":"https:\/\/schema.org","@graph":[{"@type":"Article","@id":"https:\/\/jornalfatosenoticias.com.br\/index.php\/2020\/06\/30\/manchas-estelares-podem-explicar-diminuicao-do-brilho-de-betelgeuse\/#article","isPartOf":{"@id":"https:\/\/jornalfatosenoticias.com.br\/index.php\/2020\/06\/30\/manchas-estelares-podem-explicar-diminuicao-do-brilho-de-betelgeuse\/"},"author":{"name":"Luzimara Fernandes","@id":"https:\/\/jornalfatosenoticias.com.br\/#\/schema\/person\/d63837fa13ac8666eb9e74e0985d6f81"},"headline":"Manchas estelares podem explicar diminui\u00e7\u00e3o do brilho de Betelgeuse","datePublished":"2020-06-30T17:55:37+00:00","dateModified":"2020-06-30T17:55:42+00:00","mainEntityOfPage":{"@id":"https:\/\/jornalfatosenoticias.com.br\/index.php\/2020\/06\/30\/manchas-estelares-podem-explicar-diminuicao-do-brilho-de-betelgeuse\/"},"wordCount":653,"commentCount":0,"publisher":{"@id":"https:\/\/jornalfatosenoticias.com.br\/#organization"},"image":{"@id":"https:\/\/jornalfatosenoticias.com.br\/index.php\/2020\/06\/30\/manchas-estelares-podem-explicar-diminuicao-do-brilho-de-betelgeuse\/#primaryimage"},"thumbnailUrl":"https:\/\/jornalfatosenoticias.com.br\/wp-content\/uploads\/2020\/06\/mancha-estelar-betelgeuse_2.jpg","keywords":["anos-luz","astr\u00f4nomos","Betelgeuse","brilho","estrelas","gal\u00e1xia de \u00d3rion","manchas"],"articleSection":["Ci\u00eancia"],"inLanguage":"pt-BR","potentialAction":[{"@type":"CommentAction","name":"Comment","target":["https:\/\/jornalfatosenoticias.com.br\/index.php\/2020\/06\/30\/manchas-estelares-podem-explicar-diminuicao-do-brilho-de-betelgeuse\/#respond"]}]},{"@type":"WebPage","@id":"https:\/\/jornalfatosenoticias.com.br\/index.php\/2020\/06\/30\/manchas-estelares-podem-explicar-diminuicao-do-brilho-de-betelgeuse\/","url":"https:\/\/jornalfatosenoticias.com.br\/index.php\/2020\/06\/30\/manchas-estelares-podem-explicar-diminuicao-do-brilho-de-betelgeuse\/","name":"Manchas estelares podem explicar diminui\u00e7\u00e3o do brilho de Betelgeuse - Jornal Fatos e Not\u00edcias","isPartOf":{"@id":"https:\/\/jornalfatosenoticias.com.br\/#website"},"primaryImageOfPage":{"@id":"https:\/\/jornalfatosenoticias.com.br\/index.php\/2020\/06\/30\/manchas-estelares-podem-explicar-diminuicao-do-brilho-de-betelgeuse\/#primaryimage"},"image":{"@id":"https:\/\/jornalfatosenoticias.com.br\/index.php\/2020\/06\/30\/manchas-estelares-podem-explicar-diminuicao-do-brilho-de-betelgeuse\/#primaryimage"},"thumbnailUrl":"https:\/\/jornalfatosenoticias.com.br\/wp-content\/uploads\/2020\/06\/mancha-estelar-betelgeuse_2.jpg","datePublished":"2020-06-30T17:55:37+00:00","dateModified":"2020-06-30T17:55:42+00:00","breadcrumb":{"@id":"https:\/\/jornalfatosenoticias.com.br\/index.php\/2020\/06\/30\/manchas-estelares-podem-explicar-diminuicao-do-brilho-de-betelgeuse\/#breadcrumb"},"inLanguage":"pt-BR","potentialAction":[{"@type":"ReadAction","target":["https:\/\/jornalfatosenoticias.com.br\/index.php\/2020\/06\/30\/manchas-estelares-podem-explicar-diminuicao-do-brilho-de-betelgeuse\/"]}]},{"@type":"ImageObject","inLanguage":"pt-BR","@id":"https:\/\/jornalfatosenoticias.com.br\/index.php\/2020\/06\/30\/manchas-estelares-podem-explicar-diminuicao-do-brilho-de-betelgeuse\/#primaryimage","url":"https:\/\/jornalfatosenoticias.com.br\/wp-content\/uploads\/2020\/06\/mancha-estelar-betelgeuse_2.jpg","contentUrl":"https:\/\/jornalfatosenoticias.com.br\/wp-content\/uploads\/2020\/06\/mancha-estelar-betelgeuse_2.jpg","width":1000,"height":666},{"@type":"BreadcrumbList","@id":"https:\/\/jornalfatosenoticias.com.br\/index.php\/2020\/06\/30\/manchas-estelares-podem-explicar-diminuicao-do-brilho-de-betelgeuse\/#breadcrumb","itemListElement":[{"@type":"ListItem","position":1,"name":"In\u00edcio","item":"https:\/\/jornalfatosenoticias.com.br\/"},{"@type":"ListItem","position":2,"name":"Manchas estelares podem explicar diminui\u00e7\u00e3o do brilho de Betelgeuse"}]},{"@type":"WebSite","@id":"https:\/\/jornalfatosenoticias.com.br\/#website","url":"https:\/\/jornalfatosenoticias.com.br\/","name":"Jornal Fatos e Not\u00edcias","description":"Not\u00edcias em geral","publisher":{"@id":"https:\/\/jornalfatosenoticias.com.br\/#organization"},"potentialAction":[{"@type":"SearchAction","target":{"@type":"EntryPoint","urlTemplate":"https:\/\/jornalfatosenoticias.com.br\/?s={search_term_string}"},"query-input":{"@type":"PropertyValueSpecification","valueRequired":true,"valueName":"search_term_string"}}],"inLanguage":"pt-BR"},{"@type":"Organization","@id":"https:\/\/jornalfatosenoticias.com.br\/#organization","name":"Jornal Fatos e Not\u00edcias","url":"https:\/\/jornalfatosenoticias.com.br\/","logo":{"@type":"ImageObject","inLanguage":"pt-BR","@id":"https:\/\/jornalfatosenoticias.com.br\/#\/schema\/logo\/image\/","url":"https:\/\/jornalfatosenoticias.com.br\/wp-content\/uploads\/2020\/02\/logo120.png","contentUrl":"https:\/\/jornalfatosenoticias.com.br\/wp-content\/uploads\/2020\/02\/logo120.png","width":1227,"height":120,"caption":"Jornal Fatos e Not\u00edcias"},"image":{"@id":"https:\/\/jornalfatosenoticias.com.br\/#\/schema\/logo\/image\/"}},{"@type":"Person","@id":"https:\/\/jornalfatosenoticias.com.br\/#\/schema\/person\/d63837fa13ac8666eb9e74e0985d6f81","name":"Luzimara Fernandes","image":{"@type":"ImageObject","inLanguage":"pt-BR","@id":"https:\/\/jornalfatosenoticias.com.br\/#\/schema\/person\/image\/","url":"https:\/\/jornalfatosenoticias.com.br\/wp-content\/uploads\/2025\/05\/EU_portal.jpg","contentUrl":"https:\/\/jornalfatosenoticias.com.br\/wp-content\/uploads\/2025\/05\/EU_portal.jpg","caption":"Luzimara Fernandes"},"description":"Jornalista MTB 2358-ES","sameAs":["https:\/\/jornalfatosenoticias.com.br"],"url":"https:\/\/jornalfatosenoticias.com.br\/index.php\/author\/luzimara\/"}]}},"cc_featured_image_caption":{"caption_text":"Supergigante vermelha Betelgeuse","source_text":"","source_url":""},"jetpack_featured_media_url":"https:\/\/jornalfatosenoticias.com.br\/wp-content\/uploads\/2020\/06\/mancha-estelar-betelgeuse_2.jpg","_links":{"self":[{"href":"https:\/\/jornalfatosenoticias.com.br\/index.php\/wp-json\/wp\/v2\/posts\/5987","targetHints":{"allow":["GET"]}}],"collection":[{"href":"https:\/\/jornalfatosenoticias.com.br\/index.php\/wp-json\/wp\/v2\/posts"}],"about":[{"href":"https:\/\/jornalfatosenoticias.com.br\/index.php\/wp-json\/wp\/v2\/types\/post"}],"author":[{"embeddable":true,"href":"https:\/\/jornalfatosenoticias.com.br\/index.php\/wp-json\/wp\/v2\/users\/2"}],"replies":[{"embeddable":true,"href":"https:\/\/jornalfatosenoticias.com.br\/index.php\/wp-json\/wp\/v2\/comments?post=5987"}],"version-history":[{"count":0,"href":"https:\/\/jornalfatosenoticias.com.br\/index.php\/wp-json\/wp\/v2\/posts\/5987\/revisions"}],"wp:featuredmedia":[{"embeddable":true,"href":"https:\/\/jornalfatosenoticias.com.br\/index.php\/wp-json\/wp\/v2\/media\/5989"}],"wp:attachment":[{"href":"https:\/\/jornalfatosenoticias.com.br\/index.php\/wp-json\/wp\/v2\/media?parent=5987"}],"wp:term":[{"taxonomy":"category","embeddable":true,"href":"https:\/\/jornalfatosenoticias.com.br\/index.php\/wp-json\/wp\/v2\/categories?post=5987"},{"taxonomy":"post_tag","embeddable":true,"href":"https:\/\/jornalfatosenoticias.com.br\/index.php\/wp-json\/wp\/v2\/tags?post=5987"}],"curies":[{"name":"wp","href":"https:\/\/api.w.org\/{rel}","templated":true}]}}