{"id":59876,"date":"2025-06-16T09:23:03","date_gmt":"2025-06-16T12:23:03","guid":{"rendered":"https:\/\/jornalfatosenoticias.com.br\/?p=59876"},"modified":"2025-06-16T09:23:04","modified_gmt":"2025-06-16T12:23:04","slug":"felicidade-no-curriculo-escola-ensina-alunos-a-combaterem-a-depressao","status":"publish","type":"post","link":"https:\/\/jornalfatosenoticias.com.br\/index.php\/2025\/06\/16\/felicidade-no-curriculo-escola-ensina-alunos-a-combaterem-a-depressao\/","title":{"rendered":"Felicidade no curr\u00edculo: escola ensina alunos a combaterem a depress\u00e3o"},"content":{"rendered":"\n<p><em><span class=\"has-inline-color has-black-color\">Disciplina in\u00e9dita na Alemanha ajuda estudantes a lidarem com emo\u00e7\u00f5es e enfrentarem momentos dif\u00edceis<\/span><\/em><\/p>\n\n\n\n<p><span class=\"has-inline-color has-black-color\">Por <strong><a href=\"https:\/\/www.bonsfluidos.com.br\/author\/isabella-bisordi\">Isabella Bisordi<\/a><\/strong><\/span><\/p>\n\n\n\n<div class=\"wp-block-image\"><figure class=\"aligncenter size-large\"><a href=\"https:\/\/panper.com.br\/\"><img loading=\"lazy\" decoding=\"async\" width=\"1024\" height=\"111\" src=\"https:\/\/jornalfatosenoticias.com.br\/wp-content\/uploads\/2020\/02\/WhatsApp-Image-2022-09-23-at-12.09.18-1024x111.jpeg\" alt=\"\" class=\"wp-image-34527\" srcset=\"https:\/\/jornalfatosenoticias.com.br\/wp-content\/uploads\/2020\/02\/WhatsApp-Image-2022-09-23-at-12.09.18-1024x111.jpeg 1024w, https:\/\/jornalfatosenoticias.com.br\/wp-content\/uploads\/2020\/02\/WhatsApp-Image-2022-09-23-at-12.09.18-300x32.jpeg 300w, https:\/\/jornalfatosenoticias.com.br\/wp-content\/uploads\/2020\/02\/WhatsApp-Image-2022-09-23-at-12.09.18-768x83.jpeg 768w, https:\/\/jornalfatosenoticias.com.br\/wp-content\/uploads\/2020\/02\/WhatsApp-Image-2022-09-23-at-12.09.18.jpeg 1121w\" sizes=\"auto, (max-width: 1024px) 100vw, 1024px\" \/><\/a><\/figure><\/div>\n\n\n\n<p>Em meio ao aumento de casos de depress\u00e3o e o <strong><a href=\"https:\/\/www.bonsfluidos.com.br\/diversos\/3-dicas-para-reduzir-o-uso-de-telas-do-seu-filho.phtml\">uso excessivo de telas<\/a><\/strong> entre os jovens, uma escola na Alemanha decidiu inovar. No curr\u00edculo, incluiu uma disciplina voltada ao bem-estar emocional: aula de Felicidade. A proposta \u00e9 ensinar os alunos a reconhecerem suas emo\u00e7\u00f5es e desenvolverem estrat\u00e9gias para lidar com os desafios da vida cotidiana.<br>A nova disciplina n\u00e3o ignora as dificuldades da vida. Pelo contr\u00e1rio! Os professores ensinam que \u00e9 natural enfrentar momentos dif\u00edceis, e que a felicidade n\u00e3o depende da aus\u00eancia de problemas, mas da forma como cada um aprende a lidar com eles. \u201cAprendi muitas coisas novas. Por exemplo, a felicidade pode ser <em><em><a href=\"https:\/\/www.bonsfluidos.com.br\/bem-estar\/saude-mental-e-bem-estar-sao-dois-dos-motivos-da-felicidade-do-brasileiro.phtml\">muito simples<\/a><\/em><\/em>, basta cantar ou dan\u00e7ar. Essas coisas podem nos deixar felizes de novo\u201d, contou um aluno, em entrevista \u00e0 ag\u00eancia alem\u00e3 Deutsche Welle.<\/p>\n\n\n\n<div class=\"wp-block-image\"><figure class=\"aligncenter size-large is-resized\"><a href=\"https:\/\/www.facebook.com\/postobkr\/?locale=pt_BR\"><img loading=\"lazy\" decoding=\"async\" src=\"https:\/\/jornalfatosenoticias.com.br\/wp-content\/uploads\/2023\/08\/BKR-1024x1021.jpg\" alt=\"\" class=\"wp-image-44494\" width=\"284\" height=\"283\" srcset=\"https:\/\/jornalfatosenoticias.com.br\/wp-content\/uploads\/2023\/08\/BKR-1024x1021.jpg 1024w, https:\/\/jornalfatosenoticias.com.br\/wp-content\/uploads\/2023\/08\/BKR-300x300.jpg 300w, https:\/\/jornalfatosenoticias.com.br\/wp-content\/uploads\/2023\/08\/BKR-150x150.jpg 150w, https:\/\/jornalfatosenoticias.com.br\/wp-content\/uploads\/2023\/08\/BKR-768x766.jpg 768w, https:\/\/jornalfatosenoticias.com.br\/wp-content\/uploads\/2023\/08\/BKR.jpg 1080w\" sizes=\"auto, (max-width: 284px) 100vw, 284px\" \/><\/a><\/figure><\/div>\n\n\n\n<p>A ideia partiu da pr\u00f3pria equipe pedag\u00f3gica, que observou o aumento de conflitos entre os alunos, al\u00e9m de sinais de tristeza e desmotiva\u00e7\u00e3o. <\/p>\n\n\n\n<blockquote class=\"wp-block-quote is-layout-flow wp-block-quote-is-layout-flow\"><p><span class=\"has-inline-color has-luminous-vivid-orange-color\">Observamos que, nos \u00faltimos anos, a tend\u00eancia geral \u00e0 viol\u00eancia em nossa sociedade aumentou. Se pudermos abordar este problema na origem \u2014 e se mais escolas fizerem o mesmo \u2014 acredito que poderemos, de fato, ter um impacto na sociedade como um todo\u201d, disse Julia Juhls, diretora da escola.<\/span><\/p><\/blockquote>\n\n\n\n<div class=\"wp-block-image\"><figure class=\"aligncenter size-large is-resized\"><a href=\"https:\/\/www.instagram.com\/restaurantepegoretti\/\"><img loading=\"lazy\" decoding=\"async\" src=\"https:\/\/jornalfatosenoticias.com.br\/wp-content\/uploads\/2023\/12\/pegoretti-logo-pdf-1024x389.jpg\" alt=\"\" class=\"wp-image-47536\" width=\"496\" height=\"188\" srcset=\"https:\/\/jornalfatosenoticias.com.br\/wp-content\/uploads\/2023\/12\/pegoretti-logo-pdf-1024x389.jpg 1024w, https:\/\/jornalfatosenoticias.com.br\/wp-content\/uploads\/2023\/12\/pegoretti-logo-pdf-300x114.jpg 300w, https:\/\/jornalfatosenoticias.com.br\/wp-content\/uploads\/2023\/12\/pegoretti-logo-pdf-768x291.jpg 768w, https:\/\/jornalfatosenoticias.com.br\/wp-content\/uploads\/2023\/12\/pegoretti-logo-pdf.jpg 1120w\" sizes=\"auto, (max-width: 496px) 100vw, 496px\" \/><\/a><\/figure><\/div>\n\n\n\n<p>As aulas combinam atividades simples e significativas, como rodas de conversa, brincadeiras, e at\u00e9 momentos de contato com os <a href=\"https:\/\/www.bonsfluidos.com.br\/mundo-animal\/os-animais-tem-sentimentos-como-os-seres-humanos.phtml\">animais<\/a>. Em um dos exerc\u00edcios, os alunos debatem o que fazer \u201cquando a vida te d\u00e1 um lim\u00e3o\u201d. \u201cAprendi que gritar em um travesseiro pode realmente ajudar. E que \u00e9 muito bom ter um amigo para quem se pode contar tudo\u201d, disse uma aluna.<\/p>\n\n\n\n<div class=\"wp-block-image\"><figure class=\"aligncenter size-large is-resized\"><a href=\"https:\/\/www.facebook.com\/vetor.vix\/\"><img loading=\"lazy\" decoding=\"async\" src=\"https:\/\/jornalfatosenoticias.com.br\/wp-content\/uploads\/2023\/09\/vetorvix1024_1.jpg\" alt=\"\" class=\"wp-image-44868\" width=\"558\" height=\"148\" srcset=\"https:\/\/jornalfatosenoticias.com.br\/wp-content\/uploads\/2023\/09\/vetorvix1024_1.jpg 1024w, https:\/\/jornalfatosenoticias.com.br\/wp-content\/uploads\/2023\/09\/vetorvix1024_1-300x80.jpg 300w, https:\/\/jornalfatosenoticias.com.br\/wp-content\/uploads\/2023\/09\/vetorvix1024_1-768x205.jpg 768w\" sizes=\"auto, (max-width: 558px) 100vw, 558px\" \/><\/a><\/figure><\/div>\n\n\n\n<p>Os educadores refor\u00e7am que o objetivo n\u00e3o \u00e9 for\u00e7ar uma felicidade constante, mas promover o autoconhecimento e a <a href=\"https:\/\/www.bonsfluidos.com.br\/coluna-jamar-tejada\/empatia-ta-passada-a-importancia-deste-sentimento-em-uma-sociedade-individualista.phtml\">empatia<\/a>. A disciplina ensina que emo\u00e7\u00f5es como a tristeza tamb\u00e9m s\u00e3o v\u00e1lidas e que \u00e9 poss\u00edvel buscar ajuda e construir v\u00ednculos de apoio.<\/p>\n\n\n\n<p><strong>Fonte: <a href=\"https:\/\/www.bonsfluidos.com.br\/inspiracao\/felicidade-no-curriculo-escola-ensina-alunos-a-combaterem-a-depressao.phtml\">Bons Fluidos<\/a><\/strong><\/p>\n","protected":false},"excerpt":{"rendered":"<p>Disciplina in\u00e9dita na Alemanha ajuda estudantes a lidarem com emo\u00e7\u00f5es e enfrentarem momentos dif\u00edceis Por Isabella Bisordi Em meio ao aumento de casos de depress\u00e3o e o uso excessivo de telas entre os jovens, uma escola na Alemanha decidiu inovar. No curr\u00edculo, incluiu uma disciplina voltada ao bem-estar emocional: aula de Felicidade. A proposta \u00e9 [&hellip;]<\/p>\n","protected":false},"author":2,"featured_media":59877,"comment_status":"open","ping_status":"open","sticky":false,"template":"","format":"standard","meta":{"footnotes":""},"categories":[7],"tags":[3530,417,2375,5096,342,410,714,1357,7182],"class_list":["post-59876","post","type-post","status-publish","format-standard","has-post-thumbnail","hentry","category-educacao","tag-alegria","tag-alemanha","tag-depressao","tag-emocoes","tag-empatia","tag-escola","tag-estudo","tag-felicidade","tag-inteligencia-emocional"],"yoast_head":"<!-- This site is optimized with the Yoast SEO plugin v26.5 - https:\/\/yoast.com\/wordpress\/plugins\/seo\/ -->\n<title>Felicidade no curr\u00edculo: escola ensina alunos a combaterem a depress\u00e3o - Jornal Fatos e Not\u00edcias<\/title>\n<meta name=\"robots\" content=\"index, follow, max-snippet:-1, max-image-preview:large, max-video-preview:-1\" \/>\n<link rel=\"canonical\" href=\"https:\/\/jornalfatosenoticias.com.br\/index.php\/2025\/06\/16\/felicidade-no-curriculo-escola-ensina-alunos-a-combaterem-a-depressao\/\" \/>\n<meta property=\"og:locale\" content=\"pt_BR\" \/>\n<meta property=\"og:type\" content=\"article\" \/>\n<meta property=\"og:title\" content=\"Felicidade no curr\u00edculo: escola ensina alunos a combaterem a depress\u00e3o - Jornal Fatos e Not\u00edcias\" \/>\n<meta property=\"og:description\" content=\"Disciplina in\u00e9dita na Alemanha ajuda estudantes a lidarem com emo\u00e7\u00f5es e enfrentarem momentos dif\u00edceis Por Isabella Bisordi Em meio ao aumento de casos de depress\u00e3o e o uso excessivo de telas entre os jovens, uma escola na Alemanha decidiu inovar. No curr\u00edculo, incluiu uma disciplina voltada ao bem-estar emocional: aula de Felicidade. A proposta \u00e9 [&hellip;]\" \/>\n<meta property=\"og:url\" content=\"https:\/\/jornalfatosenoticias.com.br\/index.php\/2025\/06\/16\/felicidade-no-curriculo-escola-ensina-alunos-a-combaterem-a-depressao\/\" \/>\n<meta property=\"og:site_name\" content=\"Jornal Fatos e Not\u00edcias\" \/>\n<meta property=\"article:published_time\" content=\"2025-06-16T12:23:03+00:00\" \/>\n<meta property=\"article:modified_time\" content=\"2025-06-16T12:23:04+00:00\" \/>\n<meta property=\"og:image\" content=\"https:\/\/jornalfatosenoticias.com.br\/wp-content\/uploads\/2025\/06\/aula-de-felicidade_freepik.jpeg\" \/>\n\t<meta property=\"og:image:width\" content=\"740\" \/>\n\t<meta property=\"og:image:height\" content=\"416\" \/>\n\t<meta property=\"og:image:type\" content=\"image\/jpeg\" \/>\n<meta name=\"author\" content=\"Luzimara Fernandes\" \/>\n<meta name=\"twitter:card\" content=\"summary_large_image\" \/>\n<meta name=\"twitter:label1\" content=\"Escrito por\" \/>\n\t<meta name=\"twitter:data1\" content=\"Luzimara Fernandes\" \/>\n\t<meta name=\"twitter:label2\" content=\"Est. tempo de leitura\" \/>\n\t<meta name=\"twitter:data2\" content=\"2 minutos\" \/>\n<script type=\"application\/ld+json\" class=\"yoast-schema-graph\">{\"@context\":\"https:\/\/schema.org\",\"@graph\":[{\"@type\":\"Article\",\"@id\":\"https:\/\/jornalfatosenoticias.com.br\/index.php\/2025\/06\/16\/felicidade-no-curriculo-escola-ensina-alunos-a-combaterem-a-depressao\/#article\",\"isPartOf\":{\"@id\":\"https:\/\/jornalfatosenoticias.com.br\/index.php\/2025\/06\/16\/felicidade-no-curriculo-escola-ensina-alunos-a-combaterem-a-depressao\/\"},\"author\":{\"name\":\"Luzimara Fernandes\",\"@id\":\"https:\/\/jornalfatosenoticias.com.br\/#\/schema\/person\/d63837fa13ac8666eb9e74e0985d6f81\"},\"headline\":\"Felicidade no curr\u00edculo: escola ensina alunos a combaterem a depress\u00e3o\",\"datePublished\":\"2025-06-16T12:23:03+00:00\",\"dateModified\":\"2025-06-16T12:23:04+00:00\",\"mainEntityOfPage\":{\"@id\":\"https:\/\/jornalfatosenoticias.com.br\/index.php\/2025\/06\/16\/felicidade-no-curriculo-escola-ensina-alunos-a-combaterem-a-depressao\/\"},\"wordCount\":361,\"commentCount\":0,\"publisher\":{\"@id\":\"https:\/\/jornalfatosenoticias.com.br\/#organization\"},\"image\":{\"@id\":\"https:\/\/jornalfatosenoticias.com.br\/index.php\/2025\/06\/16\/felicidade-no-curriculo-escola-ensina-alunos-a-combaterem-a-depressao\/#primaryimage\"},\"thumbnailUrl\":\"https:\/\/jornalfatosenoticias.com.br\/wp-content\/uploads\/2025\/06\/aula-de-felicidade_freepik.jpeg\",\"keywords\":[\"alegria\",\"Alemanha\",\"depress\u00e3o\",\"emo\u00e7\u00f5es\",\"empatia\",\"escola\",\"Estudo\",\"felicidade\",\"intelig\u00eancia emocional\"],\"articleSection\":[\"Educa\u00e7\u00e3o\"],\"inLanguage\":\"pt-BR\",\"potentialAction\":[{\"@type\":\"CommentAction\",\"name\":\"Comment\",\"target\":[\"https:\/\/jornalfatosenoticias.com.br\/index.php\/2025\/06\/16\/felicidade-no-curriculo-escola-ensina-alunos-a-combaterem-a-depressao\/#respond\"]}]},{\"@type\":\"WebPage\",\"@id\":\"https:\/\/jornalfatosenoticias.com.br\/index.php\/2025\/06\/16\/felicidade-no-curriculo-escola-ensina-alunos-a-combaterem-a-depressao\/\",\"url\":\"https:\/\/jornalfatosenoticias.com.br\/index.php\/2025\/06\/16\/felicidade-no-curriculo-escola-ensina-alunos-a-combaterem-a-depressao\/\",\"name\":\"Felicidade no curr\u00edculo: escola ensina alunos a combaterem a depress\u00e3o - Jornal Fatos e Not\u00edcias\",\"isPartOf\":{\"@id\":\"https:\/\/jornalfatosenoticias.com.br\/#website\"},\"primaryImageOfPage\":{\"@id\":\"https:\/\/jornalfatosenoticias.com.br\/index.php\/2025\/06\/16\/felicidade-no-curriculo-escola-ensina-alunos-a-combaterem-a-depressao\/#primaryimage\"},\"image\":{\"@id\":\"https:\/\/jornalfatosenoticias.com.br\/index.php\/2025\/06\/16\/felicidade-no-curriculo-escola-ensina-alunos-a-combaterem-a-depressao\/#primaryimage\"},\"thumbnailUrl\":\"https:\/\/jornalfatosenoticias.com.br\/wp-content\/uploads\/2025\/06\/aula-de-felicidade_freepik.jpeg\",\"datePublished\":\"2025-06-16T12:23:03+00:00\",\"dateModified\":\"2025-06-16T12:23:04+00:00\",\"breadcrumb\":{\"@id\":\"https:\/\/jornalfatosenoticias.com.br\/index.php\/2025\/06\/16\/felicidade-no-curriculo-escola-ensina-alunos-a-combaterem-a-depressao\/#breadcrumb\"},\"inLanguage\":\"pt-BR\",\"potentialAction\":[{\"@type\":\"ReadAction\",\"target\":[\"https:\/\/jornalfatosenoticias.com.br\/index.php\/2025\/06\/16\/felicidade-no-curriculo-escola-ensina-alunos-a-combaterem-a-depressao\/\"]}]},{\"@type\":\"ImageObject\",\"inLanguage\":\"pt-BR\",\"@id\":\"https:\/\/jornalfatosenoticias.com.br\/index.php\/2025\/06\/16\/felicidade-no-curriculo-escola-ensina-alunos-a-combaterem-a-depressao\/#primaryimage\",\"url\":\"https:\/\/jornalfatosenoticias.com.br\/wp-content\/uploads\/2025\/06\/aula-de-felicidade_freepik.jpeg\",\"contentUrl\":\"https:\/\/jornalfatosenoticias.com.br\/wp-content\/uploads\/2025\/06\/aula-de-felicidade_freepik.jpeg\",\"width\":740,\"height\":416},{\"@type\":\"BreadcrumbList\",\"@id\":\"https:\/\/jornalfatosenoticias.com.br\/index.php\/2025\/06\/16\/felicidade-no-curriculo-escola-ensina-alunos-a-combaterem-a-depressao\/#breadcrumb\",\"itemListElement\":[{\"@type\":\"ListItem\",\"position\":1,\"name\":\"In\u00edcio\",\"item\":\"https:\/\/jornalfatosenoticias.com.br\/\"},{\"@type\":\"ListItem\",\"position\":2,\"name\":\"Felicidade no curr\u00edculo: escola ensina alunos a combaterem a depress\u00e3o\"}]},{\"@type\":\"WebSite\",\"@id\":\"https:\/\/jornalfatosenoticias.com.br\/#website\",\"url\":\"https:\/\/jornalfatosenoticias.com.br\/\",\"name\":\"Jornal Fatos e Not\u00edcias\",\"description\":\"Not\u00edcias em geral\",\"publisher\":{\"@id\":\"https:\/\/jornalfatosenoticias.com.br\/#organization\"},\"potentialAction\":[{\"@type\":\"SearchAction\",\"target\":{\"@type\":\"EntryPoint\",\"urlTemplate\":\"https:\/\/jornalfatosenoticias.com.br\/?s={search_term_string}\"},\"query-input\":{\"@type\":\"PropertyValueSpecification\",\"valueRequired\":true,\"valueName\":\"search_term_string\"}}],\"inLanguage\":\"pt-BR\"},{\"@type\":\"Organization\",\"@id\":\"https:\/\/jornalfatosenoticias.com.br\/#organization\",\"name\":\"Jornal Fatos e Not\u00edcias\",\"url\":\"https:\/\/jornalfatosenoticias.com.br\/\",\"logo\":{\"@type\":\"ImageObject\",\"inLanguage\":\"pt-BR\",\"@id\":\"https:\/\/jornalfatosenoticias.com.br\/#\/schema\/logo\/image\/\",\"url\":\"https:\/\/jornalfatosenoticias.com.br\/wp-content\/uploads\/2020\/02\/logo120.png\",\"contentUrl\":\"https:\/\/jornalfatosenoticias.com.br\/wp-content\/uploads\/2020\/02\/logo120.png\",\"width\":1227,\"height\":120,\"caption\":\"Jornal Fatos e Not\u00edcias\"},\"image\":{\"@id\":\"https:\/\/jornalfatosenoticias.com.br\/#\/schema\/logo\/image\/\"}},{\"@type\":\"Person\",\"@id\":\"https:\/\/jornalfatosenoticias.com.br\/#\/schema\/person\/d63837fa13ac8666eb9e74e0985d6f81\",\"name\":\"Luzimara Fernandes\",\"image\":{\"@type\":\"ImageObject\",\"inLanguage\":\"pt-BR\",\"@id\":\"https:\/\/jornalfatosenoticias.com.br\/#\/schema\/person\/image\/\",\"url\":\"https:\/\/jornalfatosenoticias.com.br\/wp-content\/uploads\/2025\/05\/EU_portal.jpg\",\"contentUrl\":\"https:\/\/jornalfatosenoticias.com.br\/wp-content\/uploads\/2025\/05\/EU_portal.jpg\",\"caption\":\"Luzimara Fernandes\"},\"description\":\"Jornalista MTB 2358-ES\",\"sameAs\":[\"https:\/\/jornalfatosenoticias.com.br\"],\"url\":\"https:\/\/jornalfatosenoticias.com.br\/index.php\/author\/luzimara\/\"}]}<\/script>\n<!-- \/ Yoast SEO plugin. -->","yoast_head_json":{"title":"Felicidade no curr\u00edculo: escola ensina alunos a combaterem a depress\u00e3o - Jornal Fatos e Not\u00edcias","robots":{"index":"index","follow":"follow","max-snippet":"max-snippet:-1","max-image-preview":"max-image-preview:large","max-video-preview":"max-video-preview:-1"},"canonical":"https:\/\/jornalfatosenoticias.com.br\/index.php\/2025\/06\/16\/felicidade-no-curriculo-escola-ensina-alunos-a-combaterem-a-depressao\/","og_locale":"pt_BR","og_type":"article","og_title":"Felicidade no curr\u00edculo: escola ensina alunos a combaterem a depress\u00e3o - Jornal Fatos e Not\u00edcias","og_description":"Disciplina in\u00e9dita na Alemanha ajuda estudantes a lidarem com emo\u00e7\u00f5es e enfrentarem momentos dif\u00edceis Por Isabella Bisordi Em meio ao aumento de casos de depress\u00e3o e o uso excessivo de telas entre os jovens, uma escola na Alemanha decidiu inovar. No curr\u00edculo, incluiu uma disciplina voltada ao bem-estar emocional: aula de Felicidade. A proposta \u00e9 [&hellip;]","og_url":"https:\/\/jornalfatosenoticias.com.br\/index.php\/2025\/06\/16\/felicidade-no-curriculo-escola-ensina-alunos-a-combaterem-a-depressao\/","og_site_name":"Jornal Fatos e Not\u00edcias","article_published_time":"2025-06-16T12:23:03+00:00","article_modified_time":"2025-06-16T12:23:04+00:00","og_image":[{"width":740,"height":416,"url":"https:\/\/jornalfatosenoticias.com.br\/wp-content\/uploads\/2025\/06\/aula-de-felicidade_freepik.jpeg","type":"image\/jpeg"}],"author":"Luzimara Fernandes","twitter_card":"summary_large_image","twitter_misc":{"Escrito por":"Luzimara Fernandes","Est. tempo de leitura":"2 minutos"},"schema":{"@context":"https:\/\/schema.org","@graph":[{"@type":"Article","@id":"https:\/\/jornalfatosenoticias.com.br\/index.php\/2025\/06\/16\/felicidade-no-curriculo-escola-ensina-alunos-a-combaterem-a-depressao\/#article","isPartOf":{"@id":"https:\/\/jornalfatosenoticias.com.br\/index.php\/2025\/06\/16\/felicidade-no-curriculo-escola-ensina-alunos-a-combaterem-a-depressao\/"},"author":{"name":"Luzimara Fernandes","@id":"https:\/\/jornalfatosenoticias.com.br\/#\/schema\/person\/d63837fa13ac8666eb9e74e0985d6f81"},"headline":"Felicidade no curr\u00edculo: escola ensina alunos a combaterem a depress\u00e3o","datePublished":"2025-06-16T12:23:03+00:00","dateModified":"2025-06-16T12:23:04+00:00","mainEntityOfPage":{"@id":"https:\/\/jornalfatosenoticias.com.br\/index.php\/2025\/06\/16\/felicidade-no-curriculo-escola-ensina-alunos-a-combaterem-a-depressao\/"},"wordCount":361,"commentCount":0,"publisher":{"@id":"https:\/\/jornalfatosenoticias.com.br\/#organization"},"image":{"@id":"https:\/\/jornalfatosenoticias.com.br\/index.php\/2025\/06\/16\/felicidade-no-curriculo-escola-ensina-alunos-a-combaterem-a-depressao\/#primaryimage"},"thumbnailUrl":"https:\/\/jornalfatosenoticias.com.br\/wp-content\/uploads\/2025\/06\/aula-de-felicidade_freepik.jpeg","keywords":["alegria","Alemanha","depress\u00e3o","emo\u00e7\u00f5es","empatia","escola","Estudo","felicidade","intelig\u00eancia emocional"],"articleSection":["Educa\u00e7\u00e3o"],"inLanguage":"pt-BR","potentialAction":[{"@type":"CommentAction","name":"Comment","target":["https:\/\/jornalfatosenoticias.com.br\/index.php\/2025\/06\/16\/felicidade-no-curriculo-escola-ensina-alunos-a-combaterem-a-depressao\/#respond"]}]},{"@type":"WebPage","@id":"https:\/\/jornalfatosenoticias.com.br\/index.php\/2025\/06\/16\/felicidade-no-curriculo-escola-ensina-alunos-a-combaterem-a-depressao\/","url":"https:\/\/jornalfatosenoticias.com.br\/index.php\/2025\/06\/16\/felicidade-no-curriculo-escola-ensina-alunos-a-combaterem-a-depressao\/","name":"Felicidade no curr\u00edculo: escola ensina alunos a combaterem a depress\u00e3o - Jornal Fatos e Not\u00edcias","isPartOf":{"@id":"https:\/\/jornalfatosenoticias.com.br\/#website"},"primaryImageOfPage":{"@id":"https:\/\/jornalfatosenoticias.com.br\/index.php\/2025\/06\/16\/felicidade-no-curriculo-escola-ensina-alunos-a-combaterem-a-depressao\/#primaryimage"},"image":{"@id":"https:\/\/jornalfatosenoticias.com.br\/index.php\/2025\/06\/16\/felicidade-no-curriculo-escola-ensina-alunos-a-combaterem-a-depressao\/#primaryimage"},"thumbnailUrl":"https:\/\/jornalfatosenoticias.com.br\/wp-content\/uploads\/2025\/06\/aula-de-felicidade_freepik.jpeg","datePublished":"2025-06-16T12:23:03+00:00","dateModified":"2025-06-16T12:23:04+00:00","breadcrumb":{"@id":"https:\/\/jornalfatosenoticias.com.br\/index.php\/2025\/06\/16\/felicidade-no-curriculo-escola-ensina-alunos-a-combaterem-a-depressao\/#breadcrumb"},"inLanguage":"pt-BR","potentialAction":[{"@type":"ReadAction","target":["https:\/\/jornalfatosenoticias.com.br\/index.php\/2025\/06\/16\/felicidade-no-curriculo-escola-ensina-alunos-a-combaterem-a-depressao\/"]}]},{"@type":"ImageObject","inLanguage":"pt-BR","@id":"https:\/\/jornalfatosenoticias.com.br\/index.php\/2025\/06\/16\/felicidade-no-curriculo-escola-ensina-alunos-a-combaterem-a-depressao\/#primaryimage","url":"https:\/\/jornalfatosenoticias.com.br\/wp-content\/uploads\/2025\/06\/aula-de-felicidade_freepik.jpeg","contentUrl":"https:\/\/jornalfatosenoticias.com.br\/wp-content\/uploads\/2025\/06\/aula-de-felicidade_freepik.jpeg","width":740,"height":416},{"@type":"BreadcrumbList","@id":"https:\/\/jornalfatosenoticias.com.br\/index.php\/2025\/06\/16\/felicidade-no-curriculo-escola-ensina-alunos-a-combaterem-a-depressao\/#breadcrumb","itemListElement":[{"@type":"ListItem","position":1,"name":"In\u00edcio","item":"https:\/\/jornalfatosenoticias.com.br\/"},{"@type":"ListItem","position":2,"name":"Felicidade no curr\u00edculo: escola ensina alunos a combaterem a depress\u00e3o"}]},{"@type":"WebSite","@id":"https:\/\/jornalfatosenoticias.com.br\/#website","url":"https:\/\/jornalfatosenoticias.com.br\/","name":"Jornal Fatos e Not\u00edcias","description":"Not\u00edcias em geral","publisher":{"@id":"https:\/\/jornalfatosenoticias.com.br\/#organization"},"potentialAction":[{"@type":"SearchAction","target":{"@type":"EntryPoint","urlTemplate":"https:\/\/jornalfatosenoticias.com.br\/?s={search_term_string}"},"query-input":{"@type":"PropertyValueSpecification","valueRequired":true,"valueName":"search_term_string"}}],"inLanguage":"pt-BR"},{"@type":"Organization","@id":"https:\/\/jornalfatosenoticias.com.br\/#organization","name":"Jornal Fatos e Not\u00edcias","url":"https:\/\/jornalfatosenoticias.com.br\/","logo":{"@type":"ImageObject","inLanguage":"pt-BR","@id":"https:\/\/jornalfatosenoticias.com.br\/#\/schema\/logo\/image\/","url":"https:\/\/jornalfatosenoticias.com.br\/wp-content\/uploads\/2020\/02\/logo120.png","contentUrl":"https:\/\/jornalfatosenoticias.com.br\/wp-content\/uploads\/2020\/02\/logo120.png","width":1227,"height":120,"caption":"Jornal Fatos e Not\u00edcias"},"image":{"@id":"https:\/\/jornalfatosenoticias.com.br\/#\/schema\/logo\/image\/"}},{"@type":"Person","@id":"https:\/\/jornalfatosenoticias.com.br\/#\/schema\/person\/d63837fa13ac8666eb9e74e0985d6f81","name":"Luzimara Fernandes","image":{"@type":"ImageObject","inLanguage":"pt-BR","@id":"https:\/\/jornalfatosenoticias.com.br\/#\/schema\/person\/image\/","url":"https:\/\/jornalfatosenoticias.com.br\/wp-content\/uploads\/2025\/05\/EU_portal.jpg","contentUrl":"https:\/\/jornalfatosenoticias.com.br\/wp-content\/uploads\/2025\/05\/EU_portal.jpg","caption":"Luzimara Fernandes"},"description":"Jornalista MTB 2358-ES","sameAs":["https:\/\/jornalfatosenoticias.com.br"],"url":"https:\/\/jornalfatosenoticias.com.br\/index.php\/author\/luzimara\/"}]}},"cc_featured_image_caption":{"caption_text":"(Foto: Freepik) ","source_text":"","source_url":""},"jetpack_featured_media_url":"https:\/\/jornalfatosenoticias.com.br\/wp-content\/uploads\/2025\/06\/aula-de-felicidade_freepik.jpeg","_links":{"self":[{"href":"https:\/\/jornalfatosenoticias.com.br\/index.php\/wp-json\/wp\/v2\/posts\/59876","targetHints":{"allow":["GET"]}}],"collection":[{"href":"https:\/\/jornalfatosenoticias.com.br\/index.php\/wp-json\/wp\/v2\/posts"}],"about":[{"href":"https:\/\/jornalfatosenoticias.com.br\/index.php\/wp-json\/wp\/v2\/types\/post"}],"author":[{"embeddable":true,"href":"https:\/\/jornalfatosenoticias.com.br\/index.php\/wp-json\/wp\/v2\/users\/2"}],"replies":[{"embeddable":true,"href":"https:\/\/jornalfatosenoticias.com.br\/index.php\/wp-json\/wp\/v2\/comments?post=59876"}],"version-history":[{"count":0,"href":"https:\/\/jornalfatosenoticias.com.br\/index.php\/wp-json\/wp\/v2\/posts\/59876\/revisions"}],"wp:featuredmedia":[{"embeddable":true,"href":"https:\/\/jornalfatosenoticias.com.br\/index.php\/wp-json\/wp\/v2\/media\/59877"}],"wp:attachment":[{"href":"https:\/\/jornalfatosenoticias.com.br\/index.php\/wp-json\/wp\/v2\/media?parent=59876"}],"wp:term":[{"taxonomy":"category","embeddable":true,"href":"https:\/\/jornalfatosenoticias.com.br\/index.php\/wp-json\/wp\/v2\/categories?post=59876"},{"taxonomy":"post_tag","embeddable":true,"href":"https:\/\/jornalfatosenoticias.com.br\/index.php\/wp-json\/wp\/v2\/tags?post=59876"}],"curies":[{"name":"wp","href":"https:\/\/api.w.org\/{rel}","templated":true}]}}