{"id":59901,"date":"2025-06-16T10:32:09","date_gmt":"2025-06-16T13:32:09","guid":{"rendered":"https:\/\/jornalfatosenoticias.com.br\/?p=59901"},"modified":"2025-06-16T10:32:11","modified_gmt":"2025-06-16T13:32:11","slug":"nova-especie-de-morcego-e-descoberta-por-cientistas-brasileiros-no-pantanal","status":"publish","type":"post","link":"https:\/\/jornalfatosenoticias.com.br\/index.php\/2025\/06\/16\/nova-especie-de-morcego-e-descoberta-por-cientistas-brasileiros-no-pantanal\/","title":{"rendered":"Nova esp\u00e9cie de morcego \u00e9 descoberta por cientistas brasileiros no Pantanal"},"content":{"rendered":"\n<p><em><span class=\"has-inline-color has-black-color\">Chamado Myotis guarani, o pequeno morcego inset\u00edvoro pesa cerca de seis gramas e foi identificado por meio de an\u00e1lises gen\u00e9ticas e morfol\u00f3gicas<\/span><\/em><\/p>\n\n\n\n<p><span class=\"has-inline-color has-black-color\">Por <strong>Gabriel Marin de Oliveira<\/strong><\/span><\/p>\n\n\n\n<div class=\"wp-block-image\"><figure class=\"aligncenter size-large\"><a href=\"https:\/\/www.instagram.com\/rcradiadores\/\"><img loading=\"lazy\" decoding=\"async\" width=\"560\" height=\"60\" src=\"https:\/\/jornalfatosenoticias.com.br\/wp-content\/uploads\/2022\/10\/Propaganda-RC-Radiadores-Jornal_page-0001.jpg\" alt=\"\" class=\"wp-image-35270\" srcset=\"https:\/\/jornalfatosenoticias.com.br\/wp-content\/uploads\/2022\/10\/Propaganda-RC-Radiadores-Jornal_page-0001.jpg 560w, https:\/\/jornalfatosenoticias.com.br\/wp-content\/uploads\/2022\/10\/Propaganda-RC-Radiadores-Jornal_page-0001-300x32.jpg 300w\" sizes=\"auto, (max-width: 560px) 100vw, 560px\" \/><\/a><\/figure><\/div>\n\n\n\n<p>Pesquisadores da Funda\u00e7\u00e3o Oswaldo Cruz (Fiocruz), em parceria com institui\u00e7\u00f5es do <strong><a href=\"https:\/\/aventurasnahistoria.com.br\/noticias\/reportagem\/mundo-da-lua-previsoes-feitas-pela-iconica-serie-tv-cultura.phtml\" rel=\"noreferrer noopener\" target=\"_blank\">Brasil<\/a>,\u00a0<a href=\"https:\/\/aventurasnahistoria.com.br\/noticias\/historia-hoje\/portugal-e-alemanha-iniciam-novas-buscas-por-madeleine-mccann.phtml\" rel=\"noreferrer noopener\" target=\"_blank\">Portugal<\/a>\u00a0<\/strong>e<strong>\u00a0<a href=\"https:\/\/aventurasnahistoria.com.br\/noticias\/historia-hoje\/esconderijo-com-armas-e-objetos-nazistas-e-descoberto-nos-estados-unidos.phtml\" rel=\"noreferrer noopener\" target=\"_blank\">Estados Unidos<\/a><\/strong>, anunciaram a descoberta de\u00a0<mark>uma nova esp\u00e9cie de morcego no Brasil<\/mark>. Chamado <em>Myotis guarani,<\/em> o animal foi encontrado durante uma expedi\u00e7\u00e3o ao <a href=\"https:\/\/aventurasnahistoria.com.br\/noticias\/historia-hoje\/fazenda-no-pantanal-mantinha-15-pessoas-em-condicoes-analogas-escravidao.phtml\" rel=\"noreferrer noopener\" target=\"_blank\"><strong>Pantanal<\/strong><\/a> e pesa cerca de seis gramas. A esp\u00e9cie \u00e9 inset\u00edvora e pode consumir mais de 200 insetos por noite, incluindo mosquitos, mariposas e besouros.<br>A pesquisa, publicada na revista cient\u00edfica <strong><a href=\"https:\/\/www.researchgate.net\/publication\/390280119_Unveiling_the_shelf_life_a_new_cryptic_species_of_Myotis_Chiroptera_Vespertilionidae_from_South_America_revealed_by_an_integrative_taxonomy_approach\" rel=\"noreferrer noopener\" target=\"_blank\">Journal of Mammalogy<\/a>,<\/strong> come\u00e7ou a partir de an\u00e1lises gen\u00e9ticas que apontaram diferen\u00e7as marcantes em rela\u00e7\u00e3o a outras esp\u00e9cies do g\u00eanero <em>Myotis<\/em>. A equipe ent\u00e3o comparou a morfologia de exemplares com cole\u00e7\u00f5es biol\u00f3gicas centen\u00e1rias, confirmando que\u00a0<mark>se tratava de uma esp\u00e9cie ainda n\u00e3o descrita pela ci\u00eancia<\/mark>. Segundo o pesquisador Roberto Novaes, da Fiocruz Mata Atl\u00e2ntica e autor principal do estudo, a descoberta refor\u00e7a a\u00a0<mark>import\u00e2ncia de expedi\u00e7\u00f5es cient\u00edficas em diferentes biomas do pa\u00eds<\/mark>.<\/p>\n\n\n\n<div class=\"wp-block-image\"><figure class=\"aligncenter size-large is-resized\"><a href=\"https:\/\/www.instagram.com\/serra4x4cambioautomatico\/\"><img loading=\"lazy\" decoding=\"async\" src=\"https:\/\/jornalfatosenoticias.com.br\/wp-content\/uploads\/2024\/08\/Serra-4x4-1-886x1024.jpg\" alt=\"\" class=\"wp-image-53632\" width=\"307\" height=\"354\" srcset=\"https:\/\/jornalfatosenoticias.com.br\/wp-content\/uploads\/2024\/08\/Serra-4x4-1-886x1024.jpg 886w, https:\/\/jornalfatosenoticias.com.br\/wp-content\/uploads\/2024\/08\/Serra-4x4-1-260x300.jpg 260w, https:\/\/jornalfatosenoticias.com.br\/wp-content\/uploads\/2024\/08\/Serra-4x4-1-768x888.jpg 768w, https:\/\/jornalfatosenoticias.com.br\/wp-content\/uploads\/2024\/08\/Serra-4x4-1.jpg 1181w\" sizes=\"auto, (max-width: 307px) 100vw, 307px\" \/><\/a><\/figure><\/div>\n\n\n\n<blockquote class=\"wp-block-quote is-layout-flow wp-block-quote-is-layout-flow\"><p><span class=\"has-inline-color has-luminous-vivid-orange-color\">A identifica\u00e7\u00e3o do Myotis guarani foi poss\u00edvel gra\u00e7as \u00e0 an\u00e1lise de DNA e ao estudo detalhado de caracter\u00edsticas morfol\u00f3gicas. Durante a recente expedi\u00e7\u00e3o ao Pantanal, obtivemos dados valiosos para aprofundar nosso conhecimento sobre a esp\u00e9cie&#8221;, afirmou.<\/span><\/p><\/blockquote>\n\n\n\n<div class=\"wp-block-image\"><figure class=\"aligncenter size-large is-resized\"><a href=\"https:\/\/www.facebook.com\/profile.php?id=100069289606145\"><img loading=\"lazy\" decoding=\"async\" src=\"https:\/\/jornalfatosenoticias.com.br\/wp-content\/uploads\/2024\/11\/Guaitolini-Contabilidade-1024x714.jpeg\" alt=\"\" class=\"wp-image-55808\" width=\"340\" height=\"237\" srcset=\"https:\/\/jornalfatosenoticias.com.br\/wp-content\/uploads\/2024\/11\/Guaitolini-Contabilidade-1024x714.jpeg 1024w, https:\/\/jornalfatosenoticias.com.br\/wp-content\/uploads\/2024\/11\/Guaitolini-Contabilidade-300x209.jpeg 300w, https:\/\/jornalfatosenoticias.com.br\/wp-content\/uploads\/2024\/11\/Guaitolini-Contabilidade-768x535.jpeg 768w, https:\/\/jornalfatosenoticias.com.br\/wp-content\/uploads\/2024\/11\/Guaitolini-Contabilidade.jpeg 1280w\" sizes=\"auto, (max-width: 340px) 100vw, 340px\" \/><\/a><\/figure><\/div>\n\n\n\n<p>O <em>Myotis guarani<\/em> vive principalmente no Pantanal, mas tamb\u00e9m pode ser encontrado em \u00e1reas de transi\u00e7\u00e3o com o Cerrado e a Mata Atl\u00e2ntica. A descoberta faz parte do projeto &#8220;Rede de prospec\u00e7\u00e3o e monitoramento de agentes zoon\u00f3ticos associados a morcegos no Brasil&#8221;, financiado pela Faperj e pelo CNPq.<\/p>\n\n\n\n<div class=\"wp-block-image\"><figure class=\"aligncenter size-large\"><a href=\"http:\/\/www.ferrarimaquinas.com.br\/\"><img loading=\"lazy\" decoding=\"async\" width=\"300\" height=\"250\" src=\"https:\/\/jornalfatosenoticias.com.br\/wp-content\/uploads\/2022\/02\/FERRARI_MAQUINAS-E-FERRAMENTAS2.jpg\" alt=\"\" class=\"wp-image-27860\"\/><\/a><\/figure><\/div>\n\n\n\n<p><strong><span class=\"has-inline-color has-vivid-green-cyan-color\">Import\u00e2ncia<br><\/span><\/strong>Ricardo Moratelli, coordenador da Fiocruz Mata Atl\u00e2ntica e l\u00edder do projeto, destaca que\u00a0<mark>a pesquisa tem grande relev\u00e2ncia para a sa\u00fade p\u00fablica<\/mark>. &#8220;Morcegos s\u00e3o importantes reservat\u00f3rios de microrganismos com potencial zoon\u00f3tico, como se viu na pandemia de covid-19. Mas tamb\u00e9m prestam servi\u00e7os essenciais \u00e0 natureza, como o controle de pragas agr\u00edcolas e a poliniza\u00e7\u00e3o. Conhecer e conservar essas esp\u00e9cies \u00e9 fundamental&#8221;, declarou.<\/p>\n\n\n\n<div class=\"wp-block-image\"><figure class=\"aligncenter size-large is-resized\"><a href=\"https:\/\/www.legisjuris.com.br\/\"><img loading=\"lazy\" decoding=\"async\" src=\"https:\/\/jornalfatosenoticias.com.br\/wp-content\/uploads\/2024\/09\/Legis-Juris-Consultoria_logo.jpg\" alt=\"\" class=\"wp-image-53915\" width=\"506\" height=\"212\" srcset=\"https:\/\/jornalfatosenoticias.com.br\/wp-content\/uploads\/2024\/09\/Legis-Juris-Consultoria_logo.jpg 969w, https:\/\/jornalfatosenoticias.com.br\/wp-content\/uploads\/2024\/09\/Legis-Juris-Consultoria_logo-300x126.jpg 300w, https:\/\/jornalfatosenoticias.com.br\/wp-content\/uploads\/2024\/09\/Legis-Juris-Consultoria_logo-768x322.jpg 768w\" sizes=\"auto, (max-width: 506px) 100vw, 506px\" \/><\/a><\/figure><\/div>\n\n\n\n<p>Segundo a CNN, a descoberta refor\u00e7a a necessidade de conserva\u00e7\u00e3o dos habitats naturais e do\u00a0<mark>monitoramento cont\u00ednuo de esp\u00e9cies silvestres<\/mark>, especialmente diante das crescentes amea\u00e7as ambientais e do risco de novas epidemias com origem na fauna.<\/p>\n\n\n\n<p><strong>Fonte: <a href=\"https:\/\/aventurasnahistoria.com.br\/noticias\/historia-hoje\/nova-especie-de-morcego-e-descoberta-por-cientistas-brasileiros-no-pantanal.phtml\">Aventuras na Hist\u00f3ria<\/a><\/strong><\/p>\n","protected":false},"excerpt":{"rendered":"<p>Chamado Myotis guarani, o pequeno morcego inset\u00edvoro pesa cerca de seis gramas e foi identificado por meio de an\u00e1lises gen\u00e9ticas e morfol\u00f3gicas Por Gabriel Marin de Oliveira Pesquisadores da Funda\u00e7\u00e3o Oswaldo Cruz (Fiocruz), em parceria com institui\u00e7\u00f5es do Brasil,\u00a0Portugal\u00a0e\u00a0Estados Unidos, anunciaram a descoberta de\u00a0uma nova esp\u00e9cie de morcego no Brasil. Chamado Myotis guarani, o animal [&hellip;]<\/p>\n","protected":false},"author":2,"featured_media":59902,"comment_status":"open","ping_status":"open","sticky":false,"template":"","format":"standard","meta":{"footnotes":""},"categories":[8],"tags":[5928,1264,597,166,1105,1666,524,3204,2892,778],"class_list":["post-59901","post","type-post","status-publish","format-standard","has-post-thumbnail","hentry","category-meio-ambiente","tag-achado","tag-animais","tag-brasil","tag-ciencia","tag-cientistas","tag-descoberta","tag-especies","tag-genetica","tag-morcego","tag-pantanal"],"yoast_head":"<!-- This site is optimized with the Yoast SEO plugin v26.5 - https:\/\/yoast.com\/wordpress\/plugins\/seo\/ -->\n<title>Nova esp\u00e9cie de morcego \u00e9 descoberta por cientistas brasileiros no Pantanal - Jornal Fatos e Not\u00edcias<\/title>\n<meta name=\"robots\" content=\"index, follow, max-snippet:-1, max-image-preview:large, max-video-preview:-1\" \/>\n<link rel=\"canonical\" href=\"https:\/\/jornalfatosenoticias.com.br\/index.php\/2025\/06\/16\/nova-especie-de-morcego-e-descoberta-por-cientistas-brasileiros-no-pantanal\/\" \/>\n<meta property=\"og:locale\" content=\"pt_BR\" \/>\n<meta property=\"og:type\" content=\"article\" \/>\n<meta property=\"og:title\" content=\"Nova esp\u00e9cie de morcego \u00e9 descoberta por cientistas brasileiros no Pantanal - Jornal Fatos e Not\u00edcias\" \/>\n<meta property=\"og:description\" content=\"Chamado Myotis guarani, o pequeno morcego inset\u00edvoro pesa cerca de seis gramas e foi identificado por meio de an\u00e1lises gen\u00e9ticas e morfol\u00f3gicas Por Gabriel Marin de Oliveira Pesquisadores da Funda\u00e7\u00e3o Oswaldo Cruz (Fiocruz), em parceria com institui\u00e7\u00f5es do Brasil,\u00a0Portugal\u00a0e\u00a0Estados Unidos, anunciaram a descoberta de\u00a0uma nova esp\u00e9cie de morcego no Brasil. Chamado Myotis guarani, o animal [&hellip;]\" \/>\n<meta property=\"og:url\" content=\"https:\/\/jornalfatosenoticias.com.br\/index.php\/2025\/06\/16\/nova-especie-de-morcego-e-descoberta-por-cientistas-brasileiros-no-pantanal\/\" \/>\n<meta property=\"og:site_name\" content=\"Jornal Fatos e Not\u00edcias\" \/>\n<meta property=\"article:published_time\" content=\"2025-06-16T13:32:09+00:00\" \/>\n<meta property=\"article:modified_time\" content=\"2025-06-16T13:32:11+00:00\" \/>\n<meta property=\"og:image\" content=\"https:\/\/jornalfatosenoticias.com.br\/wp-content\/uploads\/2025\/06\/nova-especie-de-morcego.jpg\" \/>\n\t<meta property=\"og:image:width\" content=\"800\" \/>\n\t<meta property=\"og:image:height\" content=\"450\" \/>\n\t<meta property=\"og:image:type\" content=\"image\/jpeg\" \/>\n<meta name=\"author\" content=\"Luzimara Fernandes\" \/>\n<meta name=\"twitter:card\" content=\"summary_large_image\" \/>\n<meta name=\"twitter:label1\" content=\"Escrito por\" \/>\n\t<meta name=\"twitter:data1\" content=\"Luzimara Fernandes\" \/>\n\t<meta name=\"twitter:label2\" content=\"Est. tempo de leitura\" \/>\n\t<meta name=\"twitter:data2\" content=\"2 minutos\" \/>\n<script type=\"application\/ld+json\" class=\"yoast-schema-graph\">{\"@context\":\"https:\/\/schema.org\",\"@graph\":[{\"@type\":\"Article\",\"@id\":\"https:\/\/jornalfatosenoticias.com.br\/index.php\/2025\/06\/16\/nova-especie-de-morcego-e-descoberta-por-cientistas-brasileiros-no-pantanal\/#article\",\"isPartOf\":{\"@id\":\"https:\/\/jornalfatosenoticias.com.br\/index.php\/2025\/06\/16\/nova-especie-de-morcego-e-descoberta-por-cientistas-brasileiros-no-pantanal\/\"},\"author\":{\"name\":\"Luzimara Fernandes\",\"@id\":\"https:\/\/jornalfatosenoticias.com.br\/#\/schema\/person\/d63837fa13ac8666eb9e74e0985d6f81\"},\"headline\":\"Nova esp\u00e9cie de morcego \u00e9 descoberta por cientistas brasileiros no Pantanal\",\"datePublished\":\"2025-06-16T13:32:09+00:00\",\"dateModified\":\"2025-06-16T13:32:11+00:00\",\"mainEntityOfPage\":{\"@id\":\"https:\/\/jornalfatosenoticias.com.br\/index.php\/2025\/06\/16\/nova-especie-de-morcego-e-descoberta-por-cientistas-brasileiros-no-pantanal\/\"},\"wordCount\":425,\"commentCount\":0,\"publisher\":{\"@id\":\"https:\/\/jornalfatosenoticias.com.br\/#organization\"},\"image\":{\"@id\":\"https:\/\/jornalfatosenoticias.com.br\/index.php\/2025\/06\/16\/nova-especie-de-morcego-e-descoberta-por-cientistas-brasileiros-no-pantanal\/#primaryimage\"},\"thumbnailUrl\":\"https:\/\/jornalfatosenoticias.com.br\/wp-content\/uploads\/2025\/06\/nova-especie-de-morcego.jpg\",\"keywords\":[\"achado\",\"animais\",\"Brasil\",\"ci\u00eancia\",\"cientistas\",\"descoberta\",\"esp\u00e9cies\",\"gen\u00e9tica\",\"morcego\",\"Pantanal\"],\"articleSection\":[\"Meio ambiente\"],\"inLanguage\":\"pt-BR\",\"potentialAction\":[{\"@type\":\"CommentAction\",\"name\":\"Comment\",\"target\":[\"https:\/\/jornalfatosenoticias.com.br\/index.php\/2025\/06\/16\/nova-especie-de-morcego-e-descoberta-por-cientistas-brasileiros-no-pantanal\/#respond\"]}]},{\"@type\":\"WebPage\",\"@id\":\"https:\/\/jornalfatosenoticias.com.br\/index.php\/2025\/06\/16\/nova-especie-de-morcego-e-descoberta-por-cientistas-brasileiros-no-pantanal\/\",\"url\":\"https:\/\/jornalfatosenoticias.com.br\/index.php\/2025\/06\/16\/nova-especie-de-morcego-e-descoberta-por-cientistas-brasileiros-no-pantanal\/\",\"name\":\"Nova esp\u00e9cie de morcego \u00e9 descoberta por cientistas brasileiros no Pantanal - Jornal Fatos e Not\u00edcias\",\"isPartOf\":{\"@id\":\"https:\/\/jornalfatosenoticias.com.br\/#website\"},\"primaryImageOfPage\":{\"@id\":\"https:\/\/jornalfatosenoticias.com.br\/index.php\/2025\/06\/16\/nova-especie-de-morcego-e-descoberta-por-cientistas-brasileiros-no-pantanal\/#primaryimage\"},\"image\":{\"@id\":\"https:\/\/jornalfatosenoticias.com.br\/index.php\/2025\/06\/16\/nova-especie-de-morcego-e-descoberta-por-cientistas-brasileiros-no-pantanal\/#primaryimage\"},\"thumbnailUrl\":\"https:\/\/jornalfatosenoticias.com.br\/wp-content\/uploads\/2025\/06\/nova-especie-de-morcego.jpg\",\"datePublished\":\"2025-06-16T13:32:09+00:00\",\"dateModified\":\"2025-06-16T13:32:11+00:00\",\"breadcrumb\":{\"@id\":\"https:\/\/jornalfatosenoticias.com.br\/index.php\/2025\/06\/16\/nova-especie-de-morcego-e-descoberta-por-cientistas-brasileiros-no-pantanal\/#breadcrumb\"},\"inLanguage\":\"pt-BR\",\"potentialAction\":[{\"@type\":\"ReadAction\",\"target\":[\"https:\/\/jornalfatosenoticias.com.br\/index.php\/2025\/06\/16\/nova-especie-de-morcego-e-descoberta-por-cientistas-brasileiros-no-pantanal\/\"]}]},{\"@type\":\"ImageObject\",\"inLanguage\":\"pt-BR\",\"@id\":\"https:\/\/jornalfatosenoticias.com.br\/index.php\/2025\/06\/16\/nova-especie-de-morcego-e-descoberta-por-cientistas-brasileiros-no-pantanal\/#primaryimage\",\"url\":\"https:\/\/jornalfatosenoticias.com.br\/wp-content\/uploads\/2025\/06\/nova-especie-de-morcego.jpg\",\"contentUrl\":\"https:\/\/jornalfatosenoticias.com.br\/wp-content\/uploads\/2025\/06\/nova-especie-de-morcego.jpg\",\"width\":800,\"height\":450},{\"@type\":\"BreadcrumbList\",\"@id\":\"https:\/\/jornalfatosenoticias.com.br\/index.php\/2025\/06\/16\/nova-especie-de-morcego-e-descoberta-por-cientistas-brasileiros-no-pantanal\/#breadcrumb\",\"itemListElement\":[{\"@type\":\"ListItem\",\"position\":1,\"name\":\"In\u00edcio\",\"item\":\"https:\/\/jornalfatosenoticias.com.br\/\"},{\"@type\":\"ListItem\",\"position\":2,\"name\":\"Nova esp\u00e9cie de morcego \u00e9 descoberta por cientistas brasileiros no Pantanal\"}]},{\"@type\":\"WebSite\",\"@id\":\"https:\/\/jornalfatosenoticias.com.br\/#website\",\"url\":\"https:\/\/jornalfatosenoticias.com.br\/\",\"name\":\"Jornal Fatos e Not\u00edcias\",\"description\":\"Not\u00edcias em geral\",\"publisher\":{\"@id\":\"https:\/\/jornalfatosenoticias.com.br\/#organization\"},\"potentialAction\":[{\"@type\":\"SearchAction\",\"target\":{\"@type\":\"EntryPoint\",\"urlTemplate\":\"https:\/\/jornalfatosenoticias.com.br\/?s={search_term_string}\"},\"query-input\":{\"@type\":\"PropertyValueSpecification\",\"valueRequired\":true,\"valueName\":\"search_term_string\"}}],\"inLanguage\":\"pt-BR\"},{\"@type\":\"Organization\",\"@id\":\"https:\/\/jornalfatosenoticias.com.br\/#organization\",\"name\":\"Jornal Fatos e Not\u00edcias\",\"url\":\"https:\/\/jornalfatosenoticias.com.br\/\",\"logo\":{\"@type\":\"ImageObject\",\"inLanguage\":\"pt-BR\",\"@id\":\"https:\/\/jornalfatosenoticias.com.br\/#\/schema\/logo\/image\/\",\"url\":\"https:\/\/jornalfatosenoticias.com.br\/wp-content\/uploads\/2020\/02\/logo120.png\",\"contentUrl\":\"https:\/\/jornalfatosenoticias.com.br\/wp-content\/uploads\/2020\/02\/logo120.png\",\"width\":1227,\"height\":120,\"caption\":\"Jornal Fatos e Not\u00edcias\"},\"image\":{\"@id\":\"https:\/\/jornalfatosenoticias.com.br\/#\/schema\/logo\/image\/\"}},{\"@type\":\"Person\",\"@id\":\"https:\/\/jornalfatosenoticias.com.br\/#\/schema\/person\/d63837fa13ac8666eb9e74e0985d6f81\",\"name\":\"Luzimara Fernandes\",\"image\":{\"@type\":\"ImageObject\",\"inLanguage\":\"pt-BR\",\"@id\":\"https:\/\/jornalfatosenoticias.com.br\/#\/schema\/person\/image\/\",\"url\":\"https:\/\/jornalfatosenoticias.com.br\/wp-content\/uploads\/2025\/05\/EU_portal.jpg\",\"contentUrl\":\"https:\/\/jornalfatosenoticias.com.br\/wp-content\/uploads\/2025\/05\/EU_portal.jpg\",\"caption\":\"Luzimara Fernandes\"},\"description\":\"Jornalista MTB 2358-ES\",\"sameAs\":[\"https:\/\/jornalfatosenoticias.com.br\"],\"url\":\"https:\/\/jornalfatosenoticias.com.br\/index.php\/author\/luzimara\/\"}]}<\/script>\n<!-- \/ Yoast SEO plugin. -->","yoast_head_json":{"title":"Nova esp\u00e9cie de morcego \u00e9 descoberta por cientistas brasileiros no Pantanal - Jornal Fatos e Not\u00edcias","robots":{"index":"index","follow":"follow","max-snippet":"max-snippet:-1","max-image-preview":"max-image-preview:large","max-video-preview":"max-video-preview:-1"},"canonical":"https:\/\/jornalfatosenoticias.com.br\/index.php\/2025\/06\/16\/nova-especie-de-morcego-e-descoberta-por-cientistas-brasileiros-no-pantanal\/","og_locale":"pt_BR","og_type":"article","og_title":"Nova esp\u00e9cie de morcego \u00e9 descoberta por cientistas brasileiros no Pantanal - Jornal Fatos e Not\u00edcias","og_description":"Chamado Myotis guarani, o pequeno morcego inset\u00edvoro pesa cerca de seis gramas e foi identificado por meio de an\u00e1lises gen\u00e9ticas e morfol\u00f3gicas Por Gabriel Marin de Oliveira Pesquisadores da Funda\u00e7\u00e3o Oswaldo Cruz (Fiocruz), em parceria com institui\u00e7\u00f5es do Brasil,\u00a0Portugal\u00a0e\u00a0Estados Unidos, anunciaram a descoberta de\u00a0uma nova esp\u00e9cie de morcego no Brasil. Chamado Myotis guarani, o animal [&hellip;]","og_url":"https:\/\/jornalfatosenoticias.com.br\/index.php\/2025\/06\/16\/nova-especie-de-morcego-e-descoberta-por-cientistas-brasileiros-no-pantanal\/","og_site_name":"Jornal Fatos e Not\u00edcias","article_published_time":"2025-06-16T13:32:09+00:00","article_modified_time":"2025-06-16T13:32:11+00:00","og_image":[{"width":800,"height":450,"url":"https:\/\/jornalfatosenoticias.com.br\/wp-content\/uploads\/2025\/06\/nova-especie-de-morcego.jpg","type":"image\/jpeg"}],"author":"Luzimara Fernandes","twitter_card":"summary_large_image","twitter_misc":{"Escrito por":"Luzimara Fernandes","Est. tempo de leitura":"2 minutos"},"schema":{"@context":"https:\/\/schema.org","@graph":[{"@type":"Article","@id":"https:\/\/jornalfatosenoticias.com.br\/index.php\/2025\/06\/16\/nova-especie-de-morcego-e-descoberta-por-cientistas-brasileiros-no-pantanal\/#article","isPartOf":{"@id":"https:\/\/jornalfatosenoticias.com.br\/index.php\/2025\/06\/16\/nova-especie-de-morcego-e-descoberta-por-cientistas-brasileiros-no-pantanal\/"},"author":{"name":"Luzimara Fernandes","@id":"https:\/\/jornalfatosenoticias.com.br\/#\/schema\/person\/d63837fa13ac8666eb9e74e0985d6f81"},"headline":"Nova esp\u00e9cie de morcego \u00e9 descoberta por cientistas brasileiros no Pantanal","datePublished":"2025-06-16T13:32:09+00:00","dateModified":"2025-06-16T13:32:11+00:00","mainEntityOfPage":{"@id":"https:\/\/jornalfatosenoticias.com.br\/index.php\/2025\/06\/16\/nova-especie-de-morcego-e-descoberta-por-cientistas-brasileiros-no-pantanal\/"},"wordCount":425,"commentCount":0,"publisher":{"@id":"https:\/\/jornalfatosenoticias.com.br\/#organization"},"image":{"@id":"https:\/\/jornalfatosenoticias.com.br\/index.php\/2025\/06\/16\/nova-especie-de-morcego-e-descoberta-por-cientistas-brasileiros-no-pantanal\/#primaryimage"},"thumbnailUrl":"https:\/\/jornalfatosenoticias.com.br\/wp-content\/uploads\/2025\/06\/nova-especie-de-morcego.jpg","keywords":["achado","animais","Brasil","ci\u00eancia","cientistas","descoberta","esp\u00e9cies","gen\u00e9tica","morcego","Pantanal"],"articleSection":["Meio ambiente"],"inLanguage":"pt-BR","potentialAction":[{"@type":"CommentAction","name":"Comment","target":["https:\/\/jornalfatosenoticias.com.br\/index.php\/2025\/06\/16\/nova-especie-de-morcego-e-descoberta-por-cientistas-brasileiros-no-pantanal\/#respond"]}]},{"@type":"WebPage","@id":"https:\/\/jornalfatosenoticias.com.br\/index.php\/2025\/06\/16\/nova-especie-de-morcego-e-descoberta-por-cientistas-brasileiros-no-pantanal\/","url":"https:\/\/jornalfatosenoticias.com.br\/index.php\/2025\/06\/16\/nova-especie-de-morcego-e-descoberta-por-cientistas-brasileiros-no-pantanal\/","name":"Nova esp\u00e9cie de morcego \u00e9 descoberta por cientistas brasileiros no Pantanal - Jornal Fatos e Not\u00edcias","isPartOf":{"@id":"https:\/\/jornalfatosenoticias.com.br\/#website"},"primaryImageOfPage":{"@id":"https:\/\/jornalfatosenoticias.com.br\/index.php\/2025\/06\/16\/nova-especie-de-morcego-e-descoberta-por-cientistas-brasileiros-no-pantanal\/#primaryimage"},"image":{"@id":"https:\/\/jornalfatosenoticias.com.br\/index.php\/2025\/06\/16\/nova-especie-de-morcego-e-descoberta-por-cientistas-brasileiros-no-pantanal\/#primaryimage"},"thumbnailUrl":"https:\/\/jornalfatosenoticias.com.br\/wp-content\/uploads\/2025\/06\/nova-especie-de-morcego.jpg","datePublished":"2025-06-16T13:32:09+00:00","dateModified":"2025-06-16T13:32:11+00:00","breadcrumb":{"@id":"https:\/\/jornalfatosenoticias.com.br\/index.php\/2025\/06\/16\/nova-especie-de-morcego-e-descoberta-por-cientistas-brasileiros-no-pantanal\/#breadcrumb"},"inLanguage":"pt-BR","potentialAction":[{"@type":"ReadAction","target":["https:\/\/jornalfatosenoticias.com.br\/index.php\/2025\/06\/16\/nova-especie-de-morcego-e-descoberta-por-cientistas-brasileiros-no-pantanal\/"]}]},{"@type":"ImageObject","inLanguage":"pt-BR","@id":"https:\/\/jornalfatosenoticias.com.br\/index.php\/2025\/06\/16\/nova-especie-de-morcego-e-descoberta-por-cientistas-brasileiros-no-pantanal\/#primaryimage","url":"https:\/\/jornalfatosenoticias.com.br\/wp-content\/uploads\/2025\/06\/nova-especie-de-morcego.jpg","contentUrl":"https:\/\/jornalfatosenoticias.com.br\/wp-content\/uploads\/2025\/06\/nova-especie-de-morcego.jpg","width":800,"height":450},{"@type":"BreadcrumbList","@id":"https:\/\/jornalfatosenoticias.com.br\/index.php\/2025\/06\/16\/nova-especie-de-morcego-e-descoberta-por-cientistas-brasileiros-no-pantanal\/#breadcrumb","itemListElement":[{"@type":"ListItem","position":1,"name":"In\u00edcio","item":"https:\/\/jornalfatosenoticias.com.br\/"},{"@type":"ListItem","position":2,"name":"Nova esp\u00e9cie de morcego \u00e9 descoberta por cientistas brasileiros no Pantanal"}]},{"@type":"WebSite","@id":"https:\/\/jornalfatosenoticias.com.br\/#website","url":"https:\/\/jornalfatosenoticias.com.br\/","name":"Jornal Fatos e Not\u00edcias","description":"Not\u00edcias em geral","publisher":{"@id":"https:\/\/jornalfatosenoticias.com.br\/#organization"},"potentialAction":[{"@type":"SearchAction","target":{"@type":"EntryPoint","urlTemplate":"https:\/\/jornalfatosenoticias.com.br\/?s={search_term_string}"},"query-input":{"@type":"PropertyValueSpecification","valueRequired":true,"valueName":"search_term_string"}}],"inLanguage":"pt-BR"},{"@type":"Organization","@id":"https:\/\/jornalfatosenoticias.com.br\/#organization","name":"Jornal Fatos e Not\u00edcias","url":"https:\/\/jornalfatosenoticias.com.br\/","logo":{"@type":"ImageObject","inLanguage":"pt-BR","@id":"https:\/\/jornalfatosenoticias.com.br\/#\/schema\/logo\/image\/","url":"https:\/\/jornalfatosenoticias.com.br\/wp-content\/uploads\/2020\/02\/logo120.png","contentUrl":"https:\/\/jornalfatosenoticias.com.br\/wp-content\/uploads\/2020\/02\/logo120.png","width":1227,"height":120,"caption":"Jornal Fatos e Not\u00edcias"},"image":{"@id":"https:\/\/jornalfatosenoticias.com.br\/#\/schema\/logo\/image\/"}},{"@type":"Person","@id":"https:\/\/jornalfatosenoticias.com.br\/#\/schema\/person\/d63837fa13ac8666eb9e74e0985d6f81","name":"Luzimara Fernandes","image":{"@type":"ImageObject","inLanguage":"pt-BR","@id":"https:\/\/jornalfatosenoticias.com.br\/#\/schema\/person\/image\/","url":"https:\/\/jornalfatosenoticias.com.br\/wp-content\/uploads\/2025\/05\/EU_portal.jpg","contentUrl":"https:\/\/jornalfatosenoticias.com.br\/wp-content\/uploads\/2025\/05\/EU_portal.jpg","caption":"Luzimara Fernandes"},"description":"Jornalista MTB 2358-ES","sameAs":["https:\/\/jornalfatosenoticias.com.br"],"url":"https:\/\/jornalfatosenoticias.com.br\/index.php\/author\/luzimara\/"}]}},"cc_featured_image_caption":{"caption_text":"(Foto: Divulga\u00e7\u00e3o\/Fiocruz) ","source_text":"","source_url":""},"jetpack_featured_media_url":"https:\/\/jornalfatosenoticias.com.br\/wp-content\/uploads\/2025\/06\/nova-especie-de-morcego.jpg","_links":{"self":[{"href":"https:\/\/jornalfatosenoticias.com.br\/index.php\/wp-json\/wp\/v2\/posts\/59901","targetHints":{"allow":["GET"]}}],"collection":[{"href":"https:\/\/jornalfatosenoticias.com.br\/index.php\/wp-json\/wp\/v2\/posts"}],"about":[{"href":"https:\/\/jornalfatosenoticias.com.br\/index.php\/wp-json\/wp\/v2\/types\/post"}],"author":[{"embeddable":true,"href":"https:\/\/jornalfatosenoticias.com.br\/index.php\/wp-json\/wp\/v2\/users\/2"}],"replies":[{"embeddable":true,"href":"https:\/\/jornalfatosenoticias.com.br\/index.php\/wp-json\/wp\/v2\/comments?post=59901"}],"version-history":[{"count":0,"href":"https:\/\/jornalfatosenoticias.com.br\/index.php\/wp-json\/wp\/v2\/posts\/59901\/revisions"}],"wp:featuredmedia":[{"embeddable":true,"href":"https:\/\/jornalfatosenoticias.com.br\/index.php\/wp-json\/wp\/v2\/media\/59902"}],"wp:attachment":[{"href":"https:\/\/jornalfatosenoticias.com.br\/index.php\/wp-json\/wp\/v2\/media?parent=59901"}],"wp:term":[{"taxonomy":"category","embeddable":true,"href":"https:\/\/jornalfatosenoticias.com.br\/index.php\/wp-json\/wp\/v2\/categories?post=59901"},{"taxonomy":"post_tag","embeddable":true,"href":"https:\/\/jornalfatosenoticias.com.br\/index.php\/wp-json\/wp\/v2\/tags?post=59901"}],"curies":[{"name":"wp","href":"https:\/\/api.w.org\/{rel}","templated":true}]}}