{"id":59904,"date":"2025-06-16T10:54:31","date_gmt":"2025-06-16T13:54:31","guid":{"rendered":"https:\/\/jornalfatosenoticias.com.br\/?p=59904"},"modified":"2025-06-16T10:54:32","modified_gmt":"2025-06-16T13:54:32","slug":"guerra-israel-ira-ja-tem-238-mortos-e-mais-de-1500-feridos","status":"publish","type":"post","link":"https:\/\/jornalfatosenoticias.com.br\/index.php\/2025\/06\/16\/guerra-israel-ira-ja-tem-238-mortos-e-mais-de-1500-feridos\/","title":{"rendered":"Guerra Israel-Ir\u00e3 j\u00e1 tem 238 mortos e mais de 1500 feridos"},"content":{"rendered":"\n<p><span class=\"has-inline-color has-black-color\"><em>Destrui\u00e7\u00e3o causada por m\u00edssil iraniano em Bat Yam, na regi\u00e3o central de Israel<\/em><\/span><\/p>\n\n\n\n<p><span class=\"has-inline-color has-black-color\">Por <strong>ag\u00eancia EFE<\/strong><\/span><\/p>\n\n\n\n<div class=\"wp-block-image\"><figure class=\"aligncenter size-large\"><a href=\"https:\/\/mizu.com.br\/\"><img loading=\"lazy\" decoding=\"async\" width=\"729\" height=\"90\" src=\"https:\/\/jornalfatosenoticias.com.br\/wp-content\/uploads\/2020\/02\/Logo_Mizu.png\" alt=\"\" class=\"wp-image-1441\" srcset=\"https:\/\/jornalfatosenoticias.com.br\/wp-content\/uploads\/2020\/02\/Logo_Mizu.png 729w, https:\/\/jornalfatosenoticias.com.br\/wp-content\/uploads\/2020\/02\/Logo_Mizu-300x37.png 300w\" sizes=\"auto, (max-width: 729px) 100vw, 729px\" \/><\/a><\/figure><\/div>\n\n\n\n<p>O conflito entre Israel e Ir\u00e3 se intensificou no domingo com novas ondas de ataques a\u00e9reos e lan\u00e7amentos de m\u00edsseis de lado a lado, elevando para quase 240 o n\u00famero de mortos, e pr\u00f3ximo de 1.500 feridos. A maior parte das baixas \u00e9 do lado iraniano. No total, o Minist\u00e9rio da Sa\u00fade do pa\u00eds confirmou 224 mortos e 1.257 feridos. Em Israel, o n\u00famero de mortos chegou a 14, com cerca de 100 feridos.<br>Os ataques israelenses atingiram a sede do Minist\u00e9rio das Rela\u00e7\u00f5es Exteriores, o Comando da Pol\u00edcia da capital e v\u00e1rias \u00e1reas residenciais em Teer\u00e3. Infraestruturas militares, de energia e plantas nucleares foram destru\u00eddas. Cinco carros-bomba explodiram em Teer\u00e3, segundo a ag\u00eancia estatal iraniana IRNA. O temor de desabastecimento provocou longas filas em postos de combust\u00edveis em Teer\u00e3.<\/p>\n\n\n\n<div class=\"wp-block-image\"><figure class=\"aligncenter size-large\"><a href=\"https:\/\/www.cesconetto.com.br\/\"><img loading=\"lazy\" decoding=\"async\" width=\"300\" height=\"250\" src=\"https:\/\/jornalfatosenoticias.com.br\/wp-content\/uploads\/2022\/02\/Banner-2.png\" alt=\"\" class=\"wp-image-27877\"\/><\/a><\/figure><\/div>\n\n\n\n<p><strong><span class=\"has-inline-color has-black-color\">Mais tr\u00eas comandantes iranianos mortos<br><\/span><\/strong>Entre as v\u00edtimas de alto escal\u00e3o, Israel confirmou a morte do chefe da intelig\u00eancia da Guarda Revolucion\u00e1ria do Ir\u00e3, Mohamad Kazemi, e seu vice, Hassan Mohaqeq, em Teer\u00e3. O general Mohsen Baqeri tamb\u00e9m morreu em ataques israelenses neste domingo. Israel afirmou ter atingido mais de 250 alvos no Ir\u00e3 em 24 horas, visando destruir capacidades de fabrica\u00e7\u00e3o de armas, instala\u00e7\u00f5es da Guarda Revolucion\u00e1ria Isl\u00e2mica e da For\u00e7a Quds, e infraestruturas das for\u00e7as armadas iranianas.<\/p>\n\n\n\n<div class=\"wp-block-image\"><figure class=\"aligncenter size-large is-resized\"><a href=\"https:\/\/www.controlsystems.com.br\/\"><img loading=\"lazy\" decoding=\"async\" src=\"https:\/\/jornalfatosenoticias.com.br\/wp-content\/uploads\/2020\/02\/CONTROL-CS.jpg\" alt=\"\" class=\"wp-image-44991\" width=\"296\" height=\"355\" srcset=\"https:\/\/jornalfatosenoticias.com.br\/wp-content\/uploads\/2020\/02\/CONTROL-CS.jpg 834w, https:\/\/jornalfatosenoticias.com.br\/wp-content\/uploads\/2020\/02\/CONTROL-CS-250x300.jpg 250w, https:\/\/jornalfatosenoticias.com.br\/wp-content\/uploads\/2020\/02\/CONTROL-CS-768x921.jpg 768w\" sizes=\"auto, (max-width: 296px) 100vw, 296px\" \/><\/a><\/figure><\/div>\n\n\n\n<p>Em retalia\u00e7\u00e3o, o Ir\u00e3 lan\u00e7ou m\u00faltiplas ondas de m\u00edsseis e drones contra o territ\u00f3rio israelense. A oitava onda de m\u00edsseis iranianos registrada neste domingo atingiu tr\u00eas edif\u00edcios residenciais, dois na costa norte e outro no sul, causando danos diretos, embora a dimens\u00e3o total n\u00e3o fosse imediatamente conhecida. \u00c0 noite, imagens e v\u00eddeos de Haifa mostraram colunas de fuma\u00e7a subindo em dire\u00e7\u00e3o ao c\u00e9u da cidade. Os lan\u00e7amentos de m\u00edsseis iranianos mataram dez pessoas na madrugada de domingo, seis em Bat Yam, ao sul de Tel Aviv, e quatro na cidade de Tamra, ao norte. Autoridades israelenses afirmam que mais de cem pessoas ficaram feridas.<\/p>\n\n\n\n<div class=\"wp-block-image\"><figure class=\"aligncenter size-large\"><img loading=\"lazy\" decoding=\"async\" width=\"612\" height=\"358\" src=\"https:\/\/jornalfatosenoticias.com.br\/wp-content\/uploads\/2025\/06\/Israel2_gettyimages.jpg\" alt=\"\" class=\"wp-image-59905\" srcset=\"https:\/\/jornalfatosenoticias.com.br\/wp-content\/uploads\/2025\/06\/Israel2_gettyimages.jpg 612w, https:\/\/jornalfatosenoticias.com.br\/wp-content\/uploads\/2025\/06\/Israel2_gettyimages-300x175.jpg 300w\" sizes=\"auto, (max-width: 612px) 100vw, 612px\" \/><figcaption><span class=\"has-inline-color has-black-color\"><em>Ir\u00e3 lan\u00e7ou m\u00faltiplas ondas de m\u00edsseis e drones contra o territ\u00f3rio israelense (Foto: Getty Images)<\/em><\/span><\/figcaption><\/figure><\/div>\n\n\n\n<p><strong><span class=\"has-inline-color has-black-color\">Apanhados &#8220;totalmente de surpresa&#8221;, diz Netanyahu<br><\/span><\/strong>O primeiro-ministro israelense, Benjamin Netanyahu, visitou o local do ataque em Bat Yam e prometeu que o Ir\u00e3 pagar\u00e1 um &#8220;pre\u00e7o muito alto&#8221; pelo &#8220;assassinato premeditado de civis, mulheres e crian\u00e7as&#8221;. Ele tamb\u00e9m elogiou o presidente dos EUA, Donald Trump, com quem estaria &#8220;totalmente coordenado&#8221;. Netanyahu sugeriu que os esfor\u00e7os de Israel propiciam a queda do regime no Ir\u00e3, um desejo, segundo ele, de 80% da popula\u00e7\u00e3o. Em entrevista \u00e0 Fox News, Netanyahu disse que Israel conseguiu atrasar &#8220;um bom tanto&#8221; o programa nuclear do Ir\u00e3. <em>&#8220;Acho que eles foram apanhados totalmente de surpresa&#8221;, afirmou.<\/em><\/p>\n\n\n\n<div class=\"wp-block-image\"><figure class=\"aligncenter size-large is-resized\"><a href=\"https:\/\/www.instagram.com\/rcradiadores\/\"><img loading=\"lazy\" decoding=\"async\" src=\"https:\/\/jornalfatosenoticias.com.br\/wp-content\/uploads\/2022\/10\/RC_800x750_page-0001.jpg\" alt=\"\" class=\"wp-image-35338\" width=\"307\" height=\"288\" srcset=\"https:\/\/jornalfatosenoticias.com.br\/wp-content\/uploads\/2022\/10\/RC_800x750_page-0001.jpg 400w, https:\/\/jornalfatosenoticias.com.br\/wp-content\/uploads\/2022\/10\/RC_800x750_page-0001-300x281.jpg 300w\" sizes=\"auto, (max-width: 307px) 100vw, 307px\" \/><\/a><\/figure><\/div>\n\n\n\n<p>O chanceler de Israel, Gideon Saar, reiterou que ainda h\u00e1 &#8220;trabalho a ser feito no Ir\u00e3\u201d. Saar disse que Israel conseguiu &#8220;operar livremente sobre Teer\u00e3&#8221; no s\u00e1bado, ap\u00f3s danificar gravemente o sistema de defesa a\u00e9rea do pa\u00eds, e que os iranianos &#8220;sabem que est\u00e3o expostos&#8221;. De outro lado, o Ir\u00e3 informou a mediadores do Catar e Om\u00e3 que n\u00e3o negociar\u00e1 enquanto estiver sob ataque e s\u00f3 buscar\u00e1 retomar negocia\u00e7\u00f5es ap\u00f3s concluir a resposta aos ataques israelenses.<\/p>\n\n\n\n<div class=\"wp-block-image\"><figure class=\"aligncenter size-large is-resized\"><a href=\"https:\/\/www.facebook.com\/vetor.vix\/\"><img loading=\"lazy\" decoding=\"async\" src=\"https:\/\/jornalfatosenoticias.com.br\/wp-content\/uploads\/2023\/09\/vetorvix1024_1.jpg\" alt=\"\" class=\"wp-image-44868\" width=\"543\" height=\"144\" srcset=\"https:\/\/jornalfatosenoticias.com.br\/wp-content\/uploads\/2023\/09\/vetorvix1024_1.jpg 1024w, https:\/\/jornalfatosenoticias.com.br\/wp-content\/uploads\/2023\/09\/vetorvix1024_1-300x80.jpg 300w, https:\/\/jornalfatosenoticias.com.br\/wp-content\/uploads\/2023\/09\/vetorvix1024_1-768x205.jpg 768w\" sizes=\"auto, (max-width: 543px) 100vw, 543px\" \/><\/a><\/figure><\/div>\n\n\n\n<p><strong><span class=\"has-inline-color has-black-color\">Trump sobre a guerra Israel-Ir\u00e3: &#8220;\u00e0s vezes \u00e9 preciso lutar&#8221;<br><\/span><\/strong>Em Washington, o presidente dos EUA, Donald Trump, expressou esperan\u00e7a de um cessar-fogo na guerra Israel-Ir\u00e3, mas lembrou que &#8220;\u00e0s vezes \u00e9 preciso lutar&#8221;. Trump tamb\u00e9m mencionou estar &#8220;aberto&#8221; \u00e0 possibilidade de Vladimir Putin, presidente da R\u00fassia, mediar o conflito. Sugest\u00e3o que foi imediatamente recha\u00e7ada pelo presidente franc\u00eas Emmanuel Macron, que argumentou que a R\u00fassia carece de credibilidade como mediadora, dada sua conduta na Ucr\u00e2nia. Fontes americanas indicaram que Trump teria rejeitado um plano israelense de assassinar o l\u00edder supremo do Ir\u00e3, Ali Khamenei, que foi evacuado para um bunker subterr\u00e2neo em Teer\u00e3 ap\u00f3s o in\u00edcio dos ataques.<\/p>\n\n\n\n<div class=\"wp-block-image\"><figure class=\"aligncenter size-large is-resized\"><a href=\"https:\/\/www.instagram.com\/serra4x4cambioautomatico\/\"><img loading=\"lazy\" decoding=\"async\" src=\"https:\/\/jornalfatosenoticias.com.br\/wp-content\/uploads\/2024\/08\/Serra-4x4-1-886x1024.jpg\" alt=\"\" class=\"wp-image-53632\" width=\"296\" height=\"341\" srcset=\"https:\/\/jornalfatosenoticias.com.br\/wp-content\/uploads\/2024\/08\/Serra-4x4-1-886x1024.jpg 886w, https:\/\/jornalfatosenoticias.com.br\/wp-content\/uploads\/2024\/08\/Serra-4x4-1-260x300.jpg 260w, https:\/\/jornalfatosenoticias.com.br\/wp-content\/uploads\/2024\/08\/Serra-4x4-1-768x888.jpg 768w, https:\/\/jornalfatosenoticias.com.br\/wp-content\/uploads\/2024\/08\/Serra-4x4-1.jpg 1181w\" sizes=\"auto, (max-width: 296px) 100vw, 296px\" \/><\/a><\/figure><\/div>\n\n\n\n<p><strong>Fonte: <a href=\"https:\/\/www.gazetadopovo.com.br\/mundo\/guerra-israel-ira-tem-mais-de-200-mortos-e-quase-1500-feridos\/\">Gazeta do Povo<\/a><\/strong><\/p>\n","protected":false},"excerpt":{"rendered":"<p>Destrui\u00e7\u00e3o causada por m\u00edssil iraniano em Bat Yam, na regi\u00e3o central de Israel Por ag\u00eancia EFE O conflito entre Israel e Ir\u00e3 se intensificou no domingo com novas ondas de ataques a\u00e9reos e lan\u00e7amentos de m\u00edsseis de lado a lado, elevando para quase 240 o n\u00famero de mortos, e pr\u00f3ximo de 1.500 feridos. A maior [&hellip;]<\/p>\n","protected":false},"author":2,"featured_media":59906,"comment_status":"open","ping_status":"open","sticky":false,"template":"","format":"standard","meta":{"footnotes":""},"categories":[41],"tags":[22480,2147,4491,5107,162,147],"class_list":["post-59904","post","type-post","status-publish","format-standard","has-post-thumbnail","hentry","category-internacional","tag-benjamin-netanyahu","tag-donald-trump","tag-guerra","tag-ira","tag-israel","tag-oriente-medio"],"yoast_head":"<!-- This site is optimized with the Yoast SEO plugin v26.5 - https:\/\/yoast.com\/wordpress\/plugins\/seo\/ -->\n<title>Guerra Israel-Ir\u00e3 j\u00e1 tem 238 mortos e mais de 1500 feridos - Jornal Fatos e Not\u00edcias<\/title>\n<meta name=\"robots\" content=\"index, follow, max-snippet:-1, max-image-preview:large, max-video-preview:-1\" \/>\n<link rel=\"canonical\" href=\"https:\/\/jornalfatosenoticias.com.br\/index.php\/2025\/06\/16\/guerra-israel-ira-ja-tem-238-mortos-e-mais-de-1500-feridos\/\" \/>\n<meta property=\"og:locale\" content=\"pt_BR\" \/>\n<meta property=\"og:type\" content=\"article\" \/>\n<meta property=\"og:title\" content=\"Guerra Israel-Ir\u00e3 j\u00e1 tem 238 mortos e mais de 1500 feridos - Jornal Fatos e Not\u00edcias\" \/>\n<meta property=\"og:description\" content=\"Destrui\u00e7\u00e3o causada por m\u00edssil iraniano em Bat Yam, na regi\u00e3o central de Israel Por ag\u00eancia EFE O conflito entre Israel e Ir\u00e3 se intensificou no domingo com novas ondas de ataques a\u00e9reos e lan\u00e7amentos de m\u00edsseis de lado a lado, elevando para quase 240 o n\u00famero de mortos, e pr\u00f3ximo de 1.500 feridos. A maior [&hellip;]\" \/>\n<meta property=\"og:url\" content=\"https:\/\/jornalfatosenoticias.com.br\/index.php\/2025\/06\/16\/guerra-israel-ira-ja-tem-238-mortos-e-mais-de-1500-feridos\/\" \/>\n<meta property=\"og:site_name\" content=\"Jornal Fatos e Not\u00edcias\" \/>\n<meta property=\"article:published_time\" content=\"2025-06-16T13:54:31+00:00\" \/>\n<meta property=\"article:modified_time\" content=\"2025-06-16T13:54:32+00:00\" \/>\n<meta property=\"og:image\" content=\"https:\/\/jornalfatosenoticias.com.br\/wp-content\/uploads\/2025\/06\/Israel_gettyimages.jpg\" \/>\n\t<meta property=\"og:image:width\" content=\"612\" \/>\n\t<meta property=\"og:image:height\" content=\"408\" \/>\n\t<meta property=\"og:image:type\" content=\"image\/jpeg\" \/>\n<meta name=\"author\" content=\"Luzimara Fernandes\" \/>\n<meta name=\"twitter:card\" content=\"summary_large_image\" \/>\n<meta name=\"twitter:label1\" content=\"Escrito por\" \/>\n\t<meta name=\"twitter:data1\" content=\"Luzimara Fernandes\" \/>\n\t<meta name=\"twitter:label2\" content=\"Est. tempo de leitura\" \/>\n\t<meta name=\"twitter:data2\" content=\"3 minutos\" \/>\n<script type=\"application\/ld+json\" class=\"yoast-schema-graph\">{\"@context\":\"https:\/\/schema.org\",\"@graph\":[{\"@type\":\"Article\",\"@id\":\"https:\/\/jornalfatosenoticias.com.br\/index.php\/2025\/06\/16\/guerra-israel-ira-ja-tem-238-mortos-e-mais-de-1500-feridos\/#article\",\"isPartOf\":{\"@id\":\"https:\/\/jornalfatosenoticias.com.br\/index.php\/2025\/06\/16\/guerra-israel-ira-ja-tem-238-mortos-e-mais-de-1500-feridos\/\"},\"author\":{\"name\":\"Luzimara Fernandes\",\"@id\":\"https:\/\/jornalfatosenoticias.com.br\/#\/schema\/person\/d63837fa13ac8666eb9e74e0985d6f81\"},\"headline\":\"Guerra Israel-Ir\u00e3 j\u00e1 tem 238 mortos e mais de 1500 feridos\",\"datePublished\":\"2025-06-16T13:54:31+00:00\",\"dateModified\":\"2025-06-16T13:54:32+00:00\",\"mainEntityOfPage\":{\"@id\":\"https:\/\/jornalfatosenoticias.com.br\/index.php\/2025\/06\/16\/guerra-israel-ira-ja-tem-238-mortos-e-mais-de-1500-feridos\/\"},\"wordCount\":704,\"commentCount\":0,\"publisher\":{\"@id\":\"https:\/\/jornalfatosenoticias.com.br\/#organization\"},\"image\":{\"@id\":\"https:\/\/jornalfatosenoticias.com.br\/index.php\/2025\/06\/16\/guerra-israel-ira-ja-tem-238-mortos-e-mais-de-1500-feridos\/#primaryimage\"},\"thumbnailUrl\":\"https:\/\/jornalfatosenoticias.com.br\/wp-content\/uploads\/2025\/06\/Israel_gettyimages.jpg\",\"keywords\":[\"Benjamin Netanyahu\",\"Donald Trump\",\"guerra\",\"Ir\u00e3\",\"Israel\",\"Oriente M\u00e9dio\"],\"articleSection\":[\"Internacional\"],\"inLanguage\":\"pt-BR\",\"potentialAction\":[{\"@type\":\"CommentAction\",\"name\":\"Comment\",\"target\":[\"https:\/\/jornalfatosenoticias.com.br\/index.php\/2025\/06\/16\/guerra-israel-ira-ja-tem-238-mortos-e-mais-de-1500-feridos\/#respond\"]}]},{\"@type\":\"WebPage\",\"@id\":\"https:\/\/jornalfatosenoticias.com.br\/index.php\/2025\/06\/16\/guerra-israel-ira-ja-tem-238-mortos-e-mais-de-1500-feridos\/\",\"url\":\"https:\/\/jornalfatosenoticias.com.br\/index.php\/2025\/06\/16\/guerra-israel-ira-ja-tem-238-mortos-e-mais-de-1500-feridos\/\",\"name\":\"Guerra Israel-Ir\u00e3 j\u00e1 tem 238 mortos e mais de 1500 feridos - Jornal Fatos e Not\u00edcias\",\"isPartOf\":{\"@id\":\"https:\/\/jornalfatosenoticias.com.br\/#website\"},\"primaryImageOfPage\":{\"@id\":\"https:\/\/jornalfatosenoticias.com.br\/index.php\/2025\/06\/16\/guerra-israel-ira-ja-tem-238-mortos-e-mais-de-1500-feridos\/#primaryimage\"},\"image\":{\"@id\":\"https:\/\/jornalfatosenoticias.com.br\/index.php\/2025\/06\/16\/guerra-israel-ira-ja-tem-238-mortos-e-mais-de-1500-feridos\/#primaryimage\"},\"thumbnailUrl\":\"https:\/\/jornalfatosenoticias.com.br\/wp-content\/uploads\/2025\/06\/Israel_gettyimages.jpg\",\"datePublished\":\"2025-06-16T13:54:31+00:00\",\"dateModified\":\"2025-06-16T13:54:32+00:00\",\"breadcrumb\":{\"@id\":\"https:\/\/jornalfatosenoticias.com.br\/index.php\/2025\/06\/16\/guerra-israel-ira-ja-tem-238-mortos-e-mais-de-1500-feridos\/#breadcrumb\"},\"inLanguage\":\"pt-BR\",\"potentialAction\":[{\"@type\":\"ReadAction\",\"target\":[\"https:\/\/jornalfatosenoticias.com.br\/index.php\/2025\/06\/16\/guerra-israel-ira-ja-tem-238-mortos-e-mais-de-1500-feridos\/\"]}]},{\"@type\":\"ImageObject\",\"inLanguage\":\"pt-BR\",\"@id\":\"https:\/\/jornalfatosenoticias.com.br\/index.php\/2025\/06\/16\/guerra-israel-ira-ja-tem-238-mortos-e-mais-de-1500-feridos\/#primaryimage\",\"url\":\"https:\/\/jornalfatosenoticias.com.br\/wp-content\/uploads\/2025\/06\/Israel_gettyimages.jpg\",\"contentUrl\":\"https:\/\/jornalfatosenoticias.com.br\/wp-content\/uploads\/2025\/06\/Israel_gettyimages.jpg\",\"width\":612,\"height\":408,\"caption\":\"TEHRAN, IRAN - JUNE 13: An excavator removes debris from a residential building that was destroyed in today's attack by Israel in Tehran, on June 13, 2025 in Tehran, Iran. Early this morning, Iran was hit by a series of Israeli airstrikes targeting military and nuclear sites, as well as top military officials. (Photo by Majid Saeedi\/Getty Images)\"},{\"@type\":\"BreadcrumbList\",\"@id\":\"https:\/\/jornalfatosenoticias.com.br\/index.php\/2025\/06\/16\/guerra-israel-ira-ja-tem-238-mortos-e-mais-de-1500-feridos\/#breadcrumb\",\"itemListElement\":[{\"@type\":\"ListItem\",\"position\":1,\"name\":\"In\u00edcio\",\"item\":\"https:\/\/jornalfatosenoticias.com.br\/\"},{\"@type\":\"ListItem\",\"position\":2,\"name\":\"Guerra Israel-Ir\u00e3 j\u00e1 tem 238 mortos e mais de 1500 feridos\"}]},{\"@type\":\"WebSite\",\"@id\":\"https:\/\/jornalfatosenoticias.com.br\/#website\",\"url\":\"https:\/\/jornalfatosenoticias.com.br\/\",\"name\":\"Jornal Fatos e Not\u00edcias\",\"description\":\"Not\u00edcias em geral\",\"publisher\":{\"@id\":\"https:\/\/jornalfatosenoticias.com.br\/#organization\"},\"potentialAction\":[{\"@type\":\"SearchAction\",\"target\":{\"@type\":\"EntryPoint\",\"urlTemplate\":\"https:\/\/jornalfatosenoticias.com.br\/?s={search_term_string}\"},\"query-input\":{\"@type\":\"PropertyValueSpecification\",\"valueRequired\":true,\"valueName\":\"search_term_string\"}}],\"inLanguage\":\"pt-BR\"},{\"@type\":\"Organization\",\"@id\":\"https:\/\/jornalfatosenoticias.com.br\/#organization\",\"name\":\"Jornal Fatos e Not\u00edcias\",\"url\":\"https:\/\/jornalfatosenoticias.com.br\/\",\"logo\":{\"@type\":\"ImageObject\",\"inLanguage\":\"pt-BR\",\"@id\":\"https:\/\/jornalfatosenoticias.com.br\/#\/schema\/logo\/image\/\",\"url\":\"https:\/\/jornalfatosenoticias.com.br\/wp-content\/uploads\/2020\/02\/logo120.png\",\"contentUrl\":\"https:\/\/jornalfatosenoticias.com.br\/wp-content\/uploads\/2020\/02\/logo120.png\",\"width\":1227,\"height\":120,\"caption\":\"Jornal Fatos e Not\u00edcias\"},\"image\":{\"@id\":\"https:\/\/jornalfatosenoticias.com.br\/#\/schema\/logo\/image\/\"}},{\"@type\":\"Person\",\"@id\":\"https:\/\/jornalfatosenoticias.com.br\/#\/schema\/person\/d63837fa13ac8666eb9e74e0985d6f81\",\"name\":\"Luzimara Fernandes\",\"image\":{\"@type\":\"ImageObject\",\"inLanguage\":\"pt-BR\",\"@id\":\"https:\/\/jornalfatosenoticias.com.br\/#\/schema\/person\/image\/\",\"url\":\"https:\/\/jornalfatosenoticias.com.br\/wp-content\/uploads\/2025\/05\/EU_portal.jpg\",\"contentUrl\":\"https:\/\/jornalfatosenoticias.com.br\/wp-content\/uploads\/2025\/05\/EU_portal.jpg\",\"caption\":\"Luzimara Fernandes\"},\"description\":\"Jornalista MTB 2358-ES\",\"sameAs\":[\"https:\/\/jornalfatosenoticias.com.br\"],\"url\":\"https:\/\/jornalfatosenoticias.com.br\/index.php\/author\/luzimara\/\"}]}<\/script>\n<!-- \/ Yoast SEO plugin. -->","yoast_head_json":{"title":"Guerra Israel-Ir\u00e3 j\u00e1 tem 238 mortos e mais de 1500 feridos - Jornal Fatos e Not\u00edcias","robots":{"index":"index","follow":"follow","max-snippet":"max-snippet:-1","max-image-preview":"max-image-preview:large","max-video-preview":"max-video-preview:-1"},"canonical":"https:\/\/jornalfatosenoticias.com.br\/index.php\/2025\/06\/16\/guerra-israel-ira-ja-tem-238-mortos-e-mais-de-1500-feridos\/","og_locale":"pt_BR","og_type":"article","og_title":"Guerra Israel-Ir\u00e3 j\u00e1 tem 238 mortos e mais de 1500 feridos - Jornal Fatos e Not\u00edcias","og_description":"Destrui\u00e7\u00e3o causada por m\u00edssil iraniano em Bat Yam, na regi\u00e3o central de Israel Por ag\u00eancia EFE O conflito entre Israel e Ir\u00e3 se intensificou no domingo com novas ondas de ataques a\u00e9reos e lan\u00e7amentos de m\u00edsseis de lado a lado, elevando para quase 240 o n\u00famero de mortos, e pr\u00f3ximo de 1.500 feridos. A maior [&hellip;]","og_url":"https:\/\/jornalfatosenoticias.com.br\/index.php\/2025\/06\/16\/guerra-israel-ira-ja-tem-238-mortos-e-mais-de-1500-feridos\/","og_site_name":"Jornal Fatos e Not\u00edcias","article_published_time":"2025-06-16T13:54:31+00:00","article_modified_time":"2025-06-16T13:54:32+00:00","og_image":[{"width":612,"height":408,"url":"https:\/\/jornalfatosenoticias.com.br\/wp-content\/uploads\/2025\/06\/Israel_gettyimages.jpg","type":"image\/jpeg"}],"author":"Luzimara Fernandes","twitter_card":"summary_large_image","twitter_misc":{"Escrito por":"Luzimara Fernandes","Est. tempo de leitura":"3 minutos"},"schema":{"@context":"https:\/\/schema.org","@graph":[{"@type":"Article","@id":"https:\/\/jornalfatosenoticias.com.br\/index.php\/2025\/06\/16\/guerra-israel-ira-ja-tem-238-mortos-e-mais-de-1500-feridos\/#article","isPartOf":{"@id":"https:\/\/jornalfatosenoticias.com.br\/index.php\/2025\/06\/16\/guerra-israel-ira-ja-tem-238-mortos-e-mais-de-1500-feridos\/"},"author":{"name":"Luzimara Fernandes","@id":"https:\/\/jornalfatosenoticias.com.br\/#\/schema\/person\/d63837fa13ac8666eb9e74e0985d6f81"},"headline":"Guerra Israel-Ir\u00e3 j\u00e1 tem 238 mortos e mais de 1500 feridos","datePublished":"2025-06-16T13:54:31+00:00","dateModified":"2025-06-16T13:54:32+00:00","mainEntityOfPage":{"@id":"https:\/\/jornalfatosenoticias.com.br\/index.php\/2025\/06\/16\/guerra-israel-ira-ja-tem-238-mortos-e-mais-de-1500-feridos\/"},"wordCount":704,"commentCount":0,"publisher":{"@id":"https:\/\/jornalfatosenoticias.com.br\/#organization"},"image":{"@id":"https:\/\/jornalfatosenoticias.com.br\/index.php\/2025\/06\/16\/guerra-israel-ira-ja-tem-238-mortos-e-mais-de-1500-feridos\/#primaryimage"},"thumbnailUrl":"https:\/\/jornalfatosenoticias.com.br\/wp-content\/uploads\/2025\/06\/Israel_gettyimages.jpg","keywords":["Benjamin Netanyahu","Donald Trump","guerra","Ir\u00e3","Israel","Oriente M\u00e9dio"],"articleSection":["Internacional"],"inLanguage":"pt-BR","potentialAction":[{"@type":"CommentAction","name":"Comment","target":["https:\/\/jornalfatosenoticias.com.br\/index.php\/2025\/06\/16\/guerra-israel-ira-ja-tem-238-mortos-e-mais-de-1500-feridos\/#respond"]}]},{"@type":"WebPage","@id":"https:\/\/jornalfatosenoticias.com.br\/index.php\/2025\/06\/16\/guerra-israel-ira-ja-tem-238-mortos-e-mais-de-1500-feridos\/","url":"https:\/\/jornalfatosenoticias.com.br\/index.php\/2025\/06\/16\/guerra-israel-ira-ja-tem-238-mortos-e-mais-de-1500-feridos\/","name":"Guerra Israel-Ir\u00e3 j\u00e1 tem 238 mortos e mais de 1500 feridos - Jornal Fatos e Not\u00edcias","isPartOf":{"@id":"https:\/\/jornalfatosenoticias.com.br\/#website"},"primaryImageOfPage":{"@id":"https:\/\/jornalfatosenoticias.com.br\/index.php\/2025\/06\/16\/guerra-israel-ira-ja-tem-238-mortos-e-mais-de-1500-feridos\/#primaryimage"},"image":{"@id":"https:\/\/jornalfatosenoticias.com.br\/index.php\/2025\/06\/16\/guerra-israel-ira-ja-tem-238-mortos-e-mais-de-1500-feridos\/#primaryimage"},"thumbnailUrl":"https:\/\/jornalfatosenoticias.com.br\/wp-content\/uploads\/2025\/06\/Israel_gettyimages.jpg","datePublished":"2025-06-16T13:54:31+00:00","dateModified":"2025-06-16T13:54:32+00:00","breadcrumb":{"@id":"https:\/\/jornalfatosenoticias.com.br\/index.php\/2025\/06\/16\/guerra-israel-ira-ja-tem-238-mortos-e-mais-de-1500-feridos\/#breadcrumb"},"inLanguage":"pt-BR","potentialAction":[{"@type":"ReadAction","target":["https:\/\/jornalfatosenoticias.com.br\/index.php\/2025\/06\/16\/guerra-israel-ira-ja-tem-238-mortos-e-mais-de-1500-feridos\/"]}]},{"@type":"ImageObject","inLanguage":"pt-BR","@id":"https:\/\/jornalfatosenoticias.com.br\/index.php\/2025\/06\/16\/guerra-israel-ira-ja-tem-238-mortos-e-mais-de-1500-feridos\/#primaryimage","url":"https:\/\/jornalfatosenoticias.com.br\/wp-content\/uploads\/2025\/06\/Israel_gettyimages.jpg","contentUrl":"https:\/\/jornalfatosenoticias.com.br\/wp-content\/uploads\/2025\/06\/Israel_gettyimages.jpg","width":612,"height":408,"caption":"TEHRAN, IRAN - JUNE 13: An excavator removes debris from a residential building that was destroyed in today's attack by Israel in Tehran, on June 13, 2025 in Tehran, Iran. Early this morning, Iran was hit by a series of Israeli airstrikes targeting military and nuclear sites, as well as top military officials. (Photo by Majid Saeedi\/Getty Images)"},{"@type":"BreadcrumbList","@id":"https:\/\/jornalfatosenoticias.com.br\/index.php\/2025\/06\/16\/guerra-israel-ira-ja-tem-238-mortos-e-mais-de-1500-feridos\/#breadcrumb","itemListElement":[{"@type":"ListItem","position":1,"name":"In\u00edcio","item":"https:\/\/jornalfatosenoticias.com.br\/"},{"@type":"ListItem","position":2,"name":"Guerra Israel-Ir\u00e3 j\u00e1 tem 238 mortos e mais de 1500 feridos"}]},{"@type":"WebSite","@id":"https:\/\/jornalfatosenoticias.com.br\/#website","url":"https:\/\/jornalfatosenoticias.com.br\/","name":"Jornal Fatos e Not\u00edcias","description":"Not\u00edcias em geral","publisher":{"@id":"https:\/\/jornalfatosenoticias.com.br\/#organization"},"potentialAction":[{"@type":"SearchAction","target":{"@type":"EntryPoint","urlTemplate":"https:\/\/jornalfatosenoticias.com.br\/?s={search_term_string}"},"query-input":{"@type":"PropertyValueSpecification","valueRequired":true,"valueName":"search_term_string"}}],"inLanguage":"pt-BR"},{"@type":"Organization","@id":"https:\/\/jornalfatosenoticias.com.br\/#organization","name":"Jornal Fatos e Not\u00edcias","url":"https:\/\/jornalfatosenoticias.com.br\/","logo":{"@type":"ImageObject","inLanguage":"pt-BR","@id":"https:\/\/jornalfatosenoticias.com.br\/#\/schema\/logo\/image\/","url":"https:\/\/jornalfatosenoticias.com.br\/wp-content\/uploads\/2020\/02\/logo120.png","contentUrl":"https:\/\/jornalfatosenoticias.com.br\/wp-content\/uploads\/2020\/02\/logo120.png","width":1227,"height":120,"caption":"Jornal Fatos e Not\u00edcias"},"image":{"@id":"https:\/\/jornalfatosenoticias.com.br\/#\/schema\/logo\/image\/"}},{"@type":"Person","@id":"https:\/\/jornalfatosenoticias.com.br\/#\/schema\/person\/d63837fa13ac8666eb9e74e0985d6f81","name":"Luzimara Fernandes","image":{"@type":"ImageObject","inLanguage":"pt-BR","@id":"https:\/\/jornalfatosenoticias.com.br\/#\/schema\/person\/image\/","url":"https:\/\/jornalfatosenoticias.com.br\/wp-content\/uploads\/2025\/05\/EU_portal.jpg","contentUrl":"https:\/\/jornalfatosenoticias.com.br\/wp-content\/uploads\/2025\/05\/EU_portal.jpg","caption":"Luzimara Fernandes"},"description":"Jornalista MTB 2358-ES","sameAs":["https:\/\/jornalfatosenoticias.com.br"],"url":"https:\/\/jornalfatosenoticias.com.br\/index.php\/author\/luzimara\/"}]}},"cc_featured_image_caption":{"caption_text":"(Foto: Getty Images) ","source_text":"","source_url":""},"jetpack_featured_media_url":"https:\/\/jornalfatosenoticias.com.br\/wp-content\/uploads\/2025\/06\/Israel_gettyimages.jpg","_links":{"self":[{"href":"https:\/\/jornalfatosenoticias.com.br\/index.php\/wp-json\/wp\/v2\/posts\/59904","targetHints":{"allow":["GET"]}}],"collection":[{"href":"https:\/\/jornalfatosenoticias.com.br\/index.php\/wp-json\/wp\/v2\/posts"}],"about":[{"href":"https:\/\/jornalfatosenoticias.com.br\/index.php\/wp-json\/wp\/v2\/types\/post"}],"author":[{"embeddable":true,"href":"https:\/\/jornalfatosenoticias.com.br\/index.php\/wp-json\/wp\/v2\/users\/2"}],"replies":[{"embeddable":true,"href":"https:\/\/jornalfatosenoticias.com.br\/index.php\/wp-json\/wp\/v2\/comments?post=59904"}],"version-history":[{"count":0,"href":"https:\/\/jornalfatosenoticias.com.br\/index.php\/wp-json\/wp\/v2\/posts\/59904\/revisions"}],"wp:featuredmedia":[{"embeddable":true,"href":"https:\/\/jornalfatosenoticias.com.br\/index.php\/wp-json\/wp\/v2\/media\/59906"}],"wp:attachment":[{"href":"https:\/\/jornalfatosenoticias.com.br\/index.php\/wp-json\/wp\/v2\/media?parent=59904"}],"wp:term":[{"taxonomy":"category","embeddable":true,"href":"https:\/\/jornalfatosenoticias.com.br\/index.php\/wp-json\/wp\/v2\/categories?post=59904"},{"taxonomy":"post_tag","embeddable":true,"href":"https:\/\/jornalfatosenoticias.com.br\/index.php\/wp-json\/wp\/v2\/tags?post=59904"}],"curies":[{"name":"wp","href":"https:\/\/api.w.org\/{rel}","templated":true}]}}