{"id":59908,"date":"2025-06-16T11:05:53","date_gmt":"2025-06-16T14:05:53","guid":{"rendered":"https:\/\/jornalfatosenoticias.com.br\/?p=59908"},"modified":"2025-06-16T11:05:54","modified_gmt":"2025-06-16T14:05:54","slug":"ofensiva-do-congresso-contra-decretos-de-lula-dispara-158-camara-pode-derrubar-iof-nesta-segunda","status":"publish","type":"post","link":"https:\/\/jornalfatosenoticias.com.br\/index.php\/2025\/06\/16\/ofensiva-do-congresso-contra-decretos-de-lula-dispara-158-camara-pode-derrubar-iof-nesta-segunda\/","title":{"rendered":"Ofensiva do Congresso contra decretos de Lula dispara 158%; C\u00e2mara pode derrubar IOF nesta segunda"},"content":{"rendered":"\n<p><em><span class=\"has-inline-color has-black-color\">Terceiro mandato do petista j\u00e1 soma 662 PDLs do Congresso, aumento de 158% na compara\u00e7\u00e3o com as duas primeiras gest\u00f5es<\/span><\/em><\/p>\n\n\n\n<p><span class=\"has-inline-color has-black-color\">Por <strong><a href=\"https:\/\/www.gazetadopovo.com.br\/autor\/guilherme-grandi\/\" rel=\"nofollow\">Guilherme Grandi<\/a><\/strong><\/span><\/p>\n\n\n\n<div class=\"wp-block-image\"><figure class=\"aligncenter size-large\"><a href=\"https:\/\/panper.com.br\/\"><img loading=\"lazy\" decoding=\"async\" width=\"1024\" height=\"111\" src=\"https:\/\/jornalfatosenoticias.com.br\/wp-content\/uploads\/2020\/02\/WhatsApp-Image-2022-09-23-at-12.09.18-1024x111.jpeg\" alt=\"\" class=\"wp-image-34527\" srcset=\"https:\/\/jornalfatosenoticias.com.br\/wp-content\/uploads\/2020\/02\/WhatsApp-Image-2022-09-23-at-12.09.18-1024x111.jpeg 1024w, https:\/\/jornalfatosenoticias.com.br\/wp-content\/uploads\/2020\/02\/WhatsApp-Image-2022-09-23-at-12.09.18-300x32.jpeg 300w, https:\/\/jornalfatosenoticias.com.br\/wp-content\/uploads\/2020\/02\/WhatsApp-Image-2022-09-23-at-12.09.18-768x83.jpeg 768w, https:\/\/jornalfatosenoticias.com.br\/wp-content\/uploads\/2020\/02\/WhatsApp-Image-2022-09-23-at-12.09.18.jpeg 1121w\" sizes=\"auto, (max-width: 1024px) 100vw, 1024px\" \/><\/a><\/figure><\/div>\n\n\n\n<p>A ofensiva do Congresso Nacional contra decretos editados pelo governo de Luiz In\u00e1cio Lula da Silva (PT) disparou neste terceiro mandato com um aumento de 158% na compara\u00e7\u00e3o com os dois primeiros mandatos do petista. Um levantamento divulgado pelo Estad\u00e3o aponta que, apenas nesta gest\u00e3o, j\u00e1 foram protocolados 662 Projetos de Decreto Legislativo (PDLs), contra 140 no segundo mandato e 116 no primeiro. Isso \u00e9 reflexo direto da dificuldade de articula\u00e7\u00e3o pol\u00edtica que Lula vem vivendo desde o in\u00edcio deste mandato, com sucessivas rusgas entre l\u00edderes partid\u00e1rios do Congresso, ministros e o pr\u00f3prio Lula.<br>Essa dificuldade pode ganhar um novo cap\u00edtulo nesta segunda (16), em que a C\u00e2mara dos Deputados pode votar a urg\u00eancia do Projeto de Decreto Legislativo (PDL) que susta os efeitos do recente aumento do IOF e da taxa\u00e7\u00e3o de aplica\u00e7\u00f5es.<\/p>\n\n\n\n<div class=\"wp-block-image\"><figure class=\"aligncenter size-large is-resized\"><a href=\"https:\/\/www.facebook.com\/postobkr\/?locale=pt_BR\"><img loading=\"lazy\" decoding=\"async\" src=\"https:\/\/jornalfatosenoticias.com.br\/wp-content\/uploads\/2023\/08\/BKR-1024x1021.jpg\" alt=\"\" class=\"wp-image-44494\" width=\"299\" height=\"298\" srcset=\"https:\/\/jornalfatosenoticias.com.br\/wp-content\/uploads\/2023\/08\/BKR-1024x1021.jpg 1024w, https:\/\/jornalfatosenoticias.com.br\/wp-content\/uploads\/2023\/08\/BKR-300x300.jpg 300w, https:\/\/jornalfatosenoticias.com.br\/wp-content\/uploads\/2023\/08\/BKR-150x150.jpg 150w, https:\/\/jornalfatosenoticias.com.br\/wp-content\/uploads\/2023\/08\/BKR-768x766.jpg 768w, https:\/\/jornalfatosenoticias.com.br\/wp-content\/uploads\/2023\/08\/BKR.jpg 1080w\" sizes=\"auto, (max-width: 299px) 100vw, 299px\" \/><\/a><\/figure><\/div>\n\n\n\n<p>Segundo o cientista pol\u00edtico Murilo Medeiros, da Universidade de Bras\u00edlia (UnB), que elaborou o levantamento, a apresenta\u00e7\u00e3o de PDLs \u00e9 feita para intimidar o Pal\u00e1cio do Planalto de forma a pressionar o governo a recuar em certos atos. \u201cO Projeto de Decreto Legislativo destinado a sustar normas do Poder Executivo \u00e9 um eficiente instrumento de controle parlamentar, capaz de emparedar o governo. A mera apresenta\u00e7\u00e3o do PDL pode provocar incentivos suficientes para que o governo abra m\u00e3o de levar adiante um ato normativo que o Legislativo manifeste sinais de que vai derrubar, como o caso do decreto do IOF\u201d, disse em entrevista ao Estad\u00e3o publicada neste domingo (15).<\/p>\n\n\n\n<div class=\"wp-block-image\"><figure class=\"aligncenter size-large is-resized\"><a href=\"https:\/\/hotelmarquetti.com.br\/\"><img loading=\"lazy\" decoding=\"async\" src=\"https:\/\/jornalfatosenoticias.com.br\/wp-content\/uploads\/2020\/02\/LOGO-MQ-1024x680.jpg\" alt=\"\" class=\"wp-image-58299\" width=\"345\" height=\"229\" srcset=\"https:\/\/jornalfatosenoticias.com.br\/wp-content\/uploads\/2020\/02\/LOGO-MQ-1024x680.jpg 1024w, https:\/\/jornalfatosenoticias.com.br\/wp-content\/uploads\/2020\/02\/LOGO-MQ-300x199.jpg 300w, https:\/\/jornalfatosenoticias.com.br\/wp-content\/uploads\/2020\/02\/LOGO-MQ-768x510.jpg 768w, https:\/\/jornalfatosenoticias.com.br\/wp-content\/uploads\/2020\/02\/LOGO-MQ-1536x1020.jpg 1536w, https:\/\/jornalfatosenoticias.com.br\/wp-content\/uploads\/2020\/02\/LOGO-MQ-2048x1360.jpg 2048w\" sizes=\"auto, (max-width: 345px) 100vw, 345px\" \/><\/a><\/figure><\/div>\n\n\n\n<p>O levantamento mostra que a ofensiva contra o governo vem tamb\u00e9m da pr\u00f3pria base aliada, com pelo menos sete parlamentares apresentando propostas de PDL, como o PT (1), PSB (1), PDT (3) e Psol (2). Partidos de centro que integram parcialmente a base governista tamb\u00e9m se mostraram descontentes com decretos do Planalto, como o MDB (8), Republicanos (19), PP (15) e Uni\u00e3o Brasil (12).<\/p>\n\n\n\n<div class=\"wp-block-image\"><figure class=\"aligncenter size-large is-resized\"><a href=\"https:\/\/www.instagram.com\/esteio.churrascaria\/\"><img loading=\"lazy\" decoding=\"async\" src=\"https:\/\/jornalfatosenoticias.com.br\/wp-content\/uploads\/2022\/02\/LOGO-ESTEIO-1024x730.png\" alt=\"\" class=\"wp-image-27942\" width=\"358\" height=\"255\" srcset=\"https:\/\/jornalfatosenoticias.com.br\/wp-content\/uploads\/2022\/02\/LOGO-ESTEIO-1024x730.png 1024w, https:\/\/jornalfatosenoticias.com.br\/wp-content\/uploads\/2022\/02\/LOGO-ESTEIO-300x214.png 300w, https:\/\/jornalfatosenoticias.com.br\/wp-content\/uploads\/2022\/02\/LOGO-ESTEIO-768x548.png 768w, https:\/\/jornalfatosenoticias.com.br\/wp-content\/uploads\/2022\/02\/LOGO-ESTEIO.png 1123w\" sizes=\"auto, (max-width: 358px) 100vw, 358px\" \/><\/a><\/figure><\/div>\n\n\n\n<blockquote class=\"wp-block-quote is-layout-flow wp-block-quote-is-layout-flow\"><p><span class=\"has-inline-color has-luminous-vivid-orange-color\">Lula enfrenta um quadro pol\u00edtico distinto de seus governos anteriores. Entre 2003 e 2010 (Lula I e II), deputados e senadores apresentaram 256 projetos de decreto legislativo para sustar atos normativos do presidente da Rep\u00fablica\u201d, completou Medeiros.<\/span><\/p><\/blockquote>\n\n\n\n<div class=\"wp-block-image\"><figure class=\"aligncenter size-large is-resized\"><a href=\"https:\/\/www.instagram.com\/restaurantepegoretti\/\"><img loading=\"lazy\" decoding=\"async\" src=\"https:\/\/jornalfatosenoticias.com.br\/wp-content\/uploads\/2023\/12\/pegoretti-logo-pdf-1024x389.jpg\" alt=\"\" class=\"wp-image-47536\" width=\"533\" height=\"202\" srcset=\"https:\/\/jornalfatosenoticias.com.br\/wp-content\/uploads\/2023\/12\/pegoretti-logo-pdf-1024x389.jpg 1024w, https:\/\/jornalfatosenoticias.com.br\/wp-content\/uploads\/2023\/12\/pegoretti-logo-pdf-300x114.jpg 300w, https:\/\/jornalfatosenoticias.com.br\/wp-content\/uploads\/2023\/12\/pegoretti-logo-pdf-768x291.jpg 768w, https:\/\/jornalfatosenoticias.com.br\/wp-content\/uploads\/2023\/12\/pegoretti-logo-pdf.jpg 1120w\" sizes=\"auto, (max-width: 533px) 100vw, 533px\" \/><\/a><\/figure><\/div>\n\n\n\n<p>No caso do PDL que pode ter a urg\u00eancia votada nesta segunda (16), foram apresentados 28 projetos para sustar o decreto do IOF mesmo ap\u00f3s o governo a recuar e editar um novo menos incisivo. Al\u00e9m do decreto do IOF, Lula passou por apertos com outras medidas que n\u00e3o foram bem recebidas pelo Congresso. Em 2023, a C\u00e2mara aprovou um PDL para derrubar dois decretos que alteravam regras do marco legal do saneamento b\u00e1sico. Para evitar derrota no Senado, o governo revogou os textos e editou novas normas.<\/p>\n\n\n\n<div class=\"wp-block-image\"><figure class=\"aligncenter size-large is-resized\"><a href=\"https:\/\/www.facebook.com\/profile.php?id=100069289606145\"><img loading=\"lazy\" decoding=\"async\" src=\"https:\/\/jornalfatosenoticias.com.br\/wp-content\/uploads\/2024\/11\/Guaitolini-Contabilidade-1024x714.jpeg\" alt=\"\" class=\"wp-image-55808\" width=\"330\" height=\"230\" srcset=\"https:\/\/jornalfatosenoticias.com.br\/wp-content\/uploads\/2024\/11\/Guaitolini-Contabilidade-1024x714.jpeg 1024w, https:\/\/jornalfatosenoticias.com.br\/wp-content\/uploads\/2024\/11\/Guaitolini-Contabilidade-300x209.jpeg 300w, https:\/\/jornalfatosenoticias.com.br\/wp-content\/uploads\/2024\/11\/Guaitolini-Contabilidade-768x535.jpeg 768w, https:\/\/jornalfatosenoticias.com.br\/wp-content\/uploads\/2024\/11\/Guaitolini-Contabilidade.jpeg 1280w\" sizes=\"auto, (max-width: 330px) 100vw, 330px\" \/><\/a><\/figure><\/div>\n\n\n\n<p>A ofensiva contra Lula, no entanto, n\u00e3o \u00e9 isolada e teve um auge durante o governo de Jair Bolsonaro (PL). O levantamento do cientista pol\u00edtico Murilo Medeiros aponta que o ex-presidente foi alvo de 1.506 PDLs, sendo um deles aprovado pelo Senado para derrubar um decreto que flexibilizava a posse e o porte de armas. No entanto, antes que a C\u00e2mara votasse para consolidar a proposta, Bolsonaro os revogou e apresentou novas regulamenta\u00e7\u00f5es, levando ao arquivamento do projeto.<\/p>\n\n\n\n<div class=\"wp-block-image\"><figure class=\"aligncenter size-large is-resized\"><a href=\"https:\/\/www.instagram.com\/gruposei\/\"><img loading=\"lazy\" decoding=\"async\" src=\"https:\/\/jornalfatosenoticias.com.br\/wp-content\/uploads\/2022\/07\/Logo-Grupo-SEI.jpg\" alt=\"\" class=\"wp-image-31973\" width=\"375\" height=\"197\" srcset=\"https:\/\/jornalfatosenoticias.com.br\/wp-content\/uploads\/2022\/07\/Logo-Grupo-SEI.jpg 713w, https:\/\/jornalfatosenoticias.com.br\/wp-content\/uploads\/2022\/07\/Logo-Grupo-SEI-300x158.jpg 300w\" sizes=\"auto, (max-width: 375px) 100vw, 375px\" \/><\/a><\/figure><\/div>\n\n\n\n<p>Ao longo de toda a Nova Rep\u00fablica, aponta o levantamento de Medeiros, apenas dois PDLs foram efetivamente aprovados para barrar decretos presidenciais: um em 1989, no governo Jos\u00e9 Sarney, e outro em 1992, durante a gest\u00e3o de Fernando Collor.<\/p>\n\n\n\n<p><strong>Fonte: <a href=\"https:\/\/www.gazetadopovo.com.br\/republica\/decretos-congresso-contra-lula-3-disparam-158\/\">Gazeta do Povo<\/a><\/strong><\/p>\n","protected":false},"excerpt":{"rendered":"<p>Terceiro mandato do petista j\u00e1 soma 662 PDLs do Congresso, aumento de 158% na compara\u00e7\u00e3o com as duas primeiras gest\u00f5es Por Guilherme Grandi A ofensiva do Congresso Nacional contra decretos editados pelo governo de Luiz In\u00e1cio Lula da Silva (PT) disparou neste terceiro mandato com um aumento de 158% na compara\u00e7\u00e3o com os dois primeiros [&hellip;]<\/p>\n","protected":false},"author":2,"featured_media":57319,"comment_status":"open","ping_status":"open","sticky":false,"template":"","format":"standard","meta":{"footnotes":""},"categories":[10],"tags":[487,18343,1795,7580,27358,486],"class_list":["post-59908","post","type-post","status-publish","format-standard","has-post-thumbnail","hentry","category-politica","tag-congresso","tag-governo-lula","tag-jair-bolsonaro","tag-lula","tag-ofensiva-contra-lula","tag-senado"],"yoast_head":"<!-- This site is optimized with the Yoast SEO plugin v26.5 - https:\/\/yoast.com\/wordpress\/plugins\/seo\/ -->\n<title>Ofensiva do Congresso contra decretos de Lula dispara 158%; C\u00e2mara pode derrubar IOF nesta segunda - Jornal Fatos e Not\u00edcias<\/title>\n<meta name=\"robots\" content=\"index, follow, max-snippet:-1, max-image-preview:large, max-video-preview:-1\" \/>\n<link rel=\"canonical\" href=\"https:\/\/jornalfatosenoticias.com.br\/index.php\/2025\/06\/16\/ofensiva-do-congresso-contra-decretos-de-lula-dispara-158-camara-pode-derrubar-iof-nesta-segunda\/\" \/>\n<meta property=\"og:locale\" content=\"pt_BR\" \/>\n<meta property=\"og:type\" content=\"article\" \/>\n<meta property=\"og:title\" content=\"Ofensiva do Congresso contra decretos de Lula dispara 158%; C\u00e2mara pode derrubar IOF nesta segunda - Jornal Fatos e Not\u00edcias\" \/>\n<meta property=\"og:description\" content=\"Terceiro mandato do petista j\u00e1 soma 662 PDLs do Congresso, aumento de 158% na compara\u00e7\u00e3o com as duas primeiras gest\u00f5es Por Guilherme Grandi A ofensiva do Congresso Nacional contra decretos editados pelo governo de Luiz In\u00e1cio Lula da Silva (PT) disparou neste terceiro mandato com um aumento de 158% na compara\u00e7\u00e3o com os dois primeiros [&hellip;]\" \/>\n<meta property=\"og:url\" content=\"https:\/\/jornalfatosenoticias.com.br\/index.php\/2025\/06\/16\/ofensiva-do-congresso-contra-decretos-de-lula-dispara-158-camara-pode-derrubar-iof-nesta-segunda\/\" \/>\n<meta property=\"og:site_name\" content=\"Jornal Fatos e Not\u00edcias\" \/>\n<meta property=\"article:published_time\" content=\"2025-06-16T14:05:53+00:00\" \/>\n<meta property=\"article:modified_time\" content=\"2025-06-16T14:05:54+00:00\" \/>\n<meta property=\"og:image\" content=\"https:\/\/jornalfatosenoticias.com.br\/wp-content\/uploads\/2025\/02\/molusco-ladeira-a-baixo_gettyimages.jpg\" \/>\n\t<meta property=\"og:image:width\" content=\"612\" \/>\n\t<meta property=\"og:image:height\" content=\"407\" \/>\n\t<meta property=\"og:image:type\" content=\"image\/jpeg\" \/>\n<meta name=\"author\" content=\"Luzimara Fernandes\" \/>\n<meta name=\"twitter:card\" content=\"summary_large_image\" \/>\n<meta name=\"twitter:label1\" content=\"Escrito por\" \/>\n\t<meta name=\"twitter:data1\" content=\"Luzimara Fernandes\" \/>\n\t<meta name=\"twitter:label2\" content=\"Est. tempo de leitura\" \/>\n\t<meta name=\"twitter:data2\" content=\"3 minutos\" \/>\n<script type=\"application\/ld+json\" class=\"yoast-schema-graph\">{\"@context\":\"https:\/\/schema.org\",\"@graph\":[{\"@type\":\"Article\",\"@id\":\"https:\/\/jornalfatosenoticias.com.br\/index.php\/2025\/06\/16\/ofensiva-do-congresso-contra-decretos-de-lula-dispara-158-camara-pode-derrubar-iof-nesta-segunda\/#article\",\"isPartOf\":{\"@id\":\"https:\/\/jornalfatosenoticias.com.br\/index.php\/2025\/06\/16\/ofensiva-do-congresso-contra-decretos-de-lula-dispara-158-camara-pode-derrubar-iof-nesta-segunda\/\"},\"author\":{\"name\":\"Luzimara Fernandes\",\"@id\":\"https:\/\/jornalfatosenoticias.com.br\/#\/schema\/person\/d63837fa13ac8666eb9e74e0985d6f81\"},\"headline\":\"Ofensiva do Congresso contra decretos de Lula dispara 158%; C\u00e2mara pode derrubar IOF nesta segunda\",\"datePublished\":\"2025-06-16T14:05:53+00:00\",\"dateModified\":\"2025-06-16T14:05:54+00:00\",\"mainEntityOfPage\":{\"@id\":\"https:\/\/jornalfatosenoticias.com.br\/index.php\/2025\/06\/16\/ofensiva-do-congresso-contra-decretos-de-lula-dispara-158-camara-pode-derrubar-iof-nesta-segunda\/\"},\"wordCount\":603,\"commentCount\":0,\"publisher\":{\"@id\":\"https:\/\/jornalfatosenoticias.com.br\/#organization\"},\"image\":{\"@id\":\"https:\/\/jornalfatosenoticias.com.br\/index.php\/2025\/06\/16\/ofensiva-do-congresso-contra-decretos-de-lula-dispara-158-camara-pode-derrubar-iof-nesta-segunda\/#primaryimage\"},\"thumbnailUrl\":\"https:\/\/jornalfatosenoticias.com.br\/wp-content\/uploads\/2025\/02\/molusco-ladeira-a-baixo_gettyimages.jpg\",\"keywords\":[\"Congresso\",\"governo Lula\",\"Jair Bolsonaro\",\"Lula\",\"ofensiva contra Lula\",\"Senado\"],\"articleSection\":[\"Pol\u00edtica\"],\"inLanguage\":\"pt-BR\",\"potentialAction\":[{\"@type\":\"CommentAction\",\"name\":\"Comment\",\"target\":[\"https:\/\/jornalfatosenoticias.com.br\/index.php\/2025\/06\/16\/ofensiva-do-congresso-contra-decretos-de-lula-dispara-158-camara-pode-derrubar-iof-nesta-segunda\/#respond\"]}]},{\"@type\":\"WebPage\",\"@id\":\"https:\/\/jornalfatosenoticias.com.br\/index.php\/2025\/06\/16\/ofensiva-do-congresso-contra-decretos-de-lula-dispara-158-camara-pode-derrubar-iof-nesta-segunda\/\",\"url\":\"https:\/\/jornalfatosenoticias.com.br\/index.php\/2025\/06\/16\/ofensiva-do-congresso-contra-decretos-de-lula-dispara-158-camara-pode-derrubar-iof-nesta-segunda\/\",\"name\":\"Ofensiva do Congresso contra decretos de Lula dispara 158%; C\u00e2mara pode derrubar IOF nesta segunda - Jornal Fatos e Not\u00edcias\",\"isPartOf\":{\"@id\":\"https:\/\/jornalfatosenoticias.com.br\/#website\"},\"primaryImageOfPage\":{\"@id\":\"https:\/\/jornalfatosenoticias.com.br\/index.php\/2025\/06\/16\/ofensiva-do-congresso-contra-decretos-de-lula-dispara-158-camara-pode-derrubar-iof-nesta-segunda\/#primaryimage\"},\"image\":{\"@id\":\"https:\/\/jornalfatosenoticias.com.br\/index.php\/2025\/06\/16\/ofensiva-do-congresso-contra-decretos-de-lula-dispara-158-camara-pode-derrubar-iof-nesta-segunda\/#primaryimage\"},\"thumbnailUrl\":\"https:\/\/jornalfatosenoticias.com.br\/wp-content\/uploads\/2025\/02\/molusco-ladeira-a-baixo_gettyimages.jpg\",\"datePublished\":\"2025-06-16T14:05:53+00:00\",\"dateModified\":\"2025-06-16T14:05:54+00:00\",\"breadcrumb\":{\"@id\":\"https:\/\/jornalfatosenoticias.com.br\/index.php\/2025\/06\/16\/ofensiva-do-congresso-contra-decretos-de-lula-dispara-158-camara-pode-derrubar-iof-nesta-segunda\/#breadcrumb\"},\"inLanguage\":\"pt-BR\",\"potentialAction\":[{\"@type\":\"ReadAction\",\"target\":[\"https:\/\/jornalfatosenoticias.com.br\/index.php\/2025\/06\/16\/ofensiva-do-congresso-contra-decretos-de-lula-dispara-158-camara-pode-derrubar-iof-nesta-segunda\/\"]}]},{\"@type\":\"ImageObject\",\"inLanguage\":\"pt-BR\",\"@id\":\"https:\/\/jornalfatosenoticias.com.br\/index.php\/2025\/06\/16\/ofensiva-do-congresso-contra-decretos-de-lula-dispara-158-camara-pode-derrubar-iof-nesta-segunda\/#primaryimage\",\"url\":\"https:\/\/jornalfatosenoticias.com.br\/wp-content\/uploads\/2025\/02\/molusco-ladeira-a-baixo_gettyimages.jpg\",\"contentUrl\":\"https:\/\/jornalfatosenoticias.com.br\/wp-content\/uploads\/2025\/02\/molusco-ladeira-a-baixo_gettyimages.jpg\",\"width\":612,\"height\":407,\"caption\":\"BRASILIA, BRAZIL - JANUARY 29: President of BraZil Luiz In\u00e1cio Lula da Silva gestures during a ceremony to announce financing for the roads in Parana at Planalto Palace on January 29, 2025 in Brasilia, Brazil. (Photo by Andressa Anholete\/Getty Images)\"},{\"@type\":\"BreadcrumbList\",\"@id\":\"https:\/\/jornalfatosenoticias.com.br\/index.php\/2025\/06\/16\/ofensiva-do-congresso-contra-decretos-de-lula-dispara-158-camara-pode-derrubar-iof-nesta-segunda\/#breadcrumb\",\"itemListElement\":[{\"@type\":\"ListItem\",\"position\":1,\"name\":\"In\u00edcio\",\"item\":\"https:\/\/jornalfatosenoticias.com.br\/\"},{\"@type\":\"ListItem\",\"position\":2,\"name\":\"Ofensiva do Congresso contra decretos de Lula dispara 158%; C\u00e2mara pode derrubar IOF nesta segunda\"}]},{\"@type\":\"WebSite\",\"@id\":\"https:\/\/jornalfatosenoticias.com.br\/#website\",\"url\":\"https:\/\/jornalfatosenoticias.com.br\/\",\"name\":\"Jornal Fatos e Not\u00edcias\",\"description\":\"Not\u00edcias em geral\",\"publisher\":{\"@id\":\"https:\/\/jornalfatosenoticias.com.br\/#organization\"},\"potentialAction\":[{\"@type\":\"SearchAction\",\"target\":{\"@type\":\"EntryPoint\",\"urlTemplate\":\"https:\/\/jornalfatosenoticias.com.br\/?s={search_term_string}\"},\"query-input\":{\"@type\":\"PropertyValueSpecification\",\"valueRequired\":true,\"valueName\":\"search_term_string\"}}],\"inLanguage\":\"pt-BR\"},{\"@type\":\"Organization\",\"@id\":\"https:\/\/jornalfatosenoticias.com.br\/#organization\",\"name\":\"Jornal Fatos e Not\u00edcias\",\"url\":\"https:\/\/jornalfatosenoticias.com.br\/\",\"logo\":{\"@type\":\"ImageObject\",\"inLanguage\":\"pt-BR\",\"@id\":\"https:\/\/jornalfatosenoticias.com.br\/#\/schema\/logo\/image\/\",\"url\":\"https:\/\/jornalfatosenoticias.com.br\/wp-content\/uploads\/2020\/02\/logo120.png\",\"contentUrl\":\"https:\/\/jornalfatosenoticias.com.br\/wp-content\/uploads\/2020\/02\/logo120.png\",\"width\":1227,\"height\":120,\"caption\":\"Jornal Fatos e Not\u00edcias\"},\"image\":{\"@id\":\"https:\/\/jornalfatosenoticias.com.br\/#\/schema\/logo\/image\/\"}},{\"@type\":\"Person\",\"@id\":\"https:\/\/jornalfatosenoticias.com.br\/#\/schema\/person\/d63837fa13ac8666eb9e74e0985d6f81\",\"name\":\"Luzimara Fernandes\",\"image\":{\"@type\":\"ImageObject\",\"inLanguage\":\"pt-BR\",\"@id\":\"https:\/\/jornalfatosenoticias.com.br\/#\/schema\/person\/image\/\",\"url\":\"https:\/\/jornalfatosenoticias.com.br\/wp-content\/uploads\/2025\/05\/EU_portal.jpg\",\"contentUrl\":\"https:\/\/jornalfatosenoticias.com.br\/wp-content\/uploads\/2025\/05\/EU_portal.jpg\",\"caption\":\"Luzimara Fernandes\"},\"description\":\"Jornalista MTB 2358-ES\",\"sameAs\":[\"https:\/\/jornalfatosenoticias.com.br\"],\"url\":\"https:\/\/jornalfatosenoticias.com.br\/index.php\/author\/luzimara\/\"}]}<\/script>\n<!-- \/ Yoast SEO plugin. -->","yoast_head_json":{"title":"Ofensiva do Congresso contra decretos de Lula dispara 158%; C\u00e2mara pode derrubar IOF nesta segunda - Jornal Fatos e Not\u00edcias","robots":{"index":"index","follow":"follow","max-snippet":"max-snippet:-1","max-image-preview":"max-image-preview:large","max-video-preview":"max-video-preview:-1"},"canonical":"https:\/\/jornalfatosenoticias.com.br\/index.php\/2025\/06\/16\/ofensiva-do-congresso-contra-decretos-de-lula-dispara-158-camara-pode-derrubar-iof-nesta-segunda\/","og_locale":"pt_BR","og_type":"article","og_title":"Ofensiva do Congresso contra decretos de Lula dispara 158%; C\u00e2mara pode derrubar IOF nesta segunda - Jornal Fatos e Not\u00edcias","og_description":"Terceiro mandato do petista j\u00e1 soma 662 PDLs do Congresso, aumento de 158% na compara\u00e7\u00e3o com as duas primeiras gest\u00f5es Por Guilherme Grandi A ofensiva do Congresso Nacional contra decretos editados pelo governo de Luiz In\u00e1cio Lula da Silva (PT) disparou neste terceiro mandato com um aumento de 158% na compara\u00e7\u00e3o com os dois primeiros [&hellip;]","og_url":"https:\/\/jornalfatosenoticias.com.br\/index.php\/2025\/06\/16\/ofensiva-do-congresso-contra-decretos-de-lula-dispara-158-camara-pode-derrubar-iof-nesta-segunda\/","og_site_name":"Jornal Fatos e Not\u00edcias","article_published_time":"2025-06-16T14:05:53+00:00","article_modified_time":"2025-06-16T14:05:54+00:00","og_image":[{"width":612,"height":407,"url":"https:\/\/jornalfatosenoticias.com.br\/wp-content\/uploads\/2025\/02\/molusco-ladeira-a-baixo_gettyimages.jpg","type":"image\/jpeg"}],"author":"Luzimara Fernandes","twitter_card":"summary_large_image","twitter_misc":{"Escrito por":"Luzimara Fernandes","Est. tempo de leitura":"3 minutos"},"schema":{"@context":"https:\/\/schema.org","@graph":[{"@type":"Article","@id":"https:\/\/jornalfatosenoticias.com.br\/index.php\/2025\/06\/16\/ofensiva-do-congresso-contra-decretos-de-lula-dispara-158-camara-pode-derrubar-iof-nesta-segunda\/#article","isPartOf":{"@id":"https:\/\/jornalfatosenoticias.com.br\/index.php\/2025\/06\/16\/ofensiva-do-congresso-contra-decretos-de-lula-dispara-158-camara-pode-derrubar-iof-nesta-segunda\/"},"author":{"name":"Luzimara Fernandes","@id":"https:\/\/jornalfatosenoticias.com.br\/#\/schema\/person\/d63837fa13ac8666eb9e74e0985d6f81"},"headline":"Ofensiva do Congresso contra decretos de Lula dispara 158%; C\u00e2mara pode derrubar IOF nesta segunda","datePublished":"2025-06-16T14:05:53+00:00","dateModified":"2025-06-16T14:05:54+00:00","mainEntityOfPage":{"@id":"https:\/\/jornalfatosenoticias.com.br\/index.php\/2025\/06\/16\/ofensiva-do-congresso-contra-decretos-de-lula-dispara-158-camara-pode-derrubar-iof-nesta-segunda\/"},"wordCount":603,"commentCount":0,"publisher":{"@id":"https:\/\/jornalfatosenoticias.com.br\/#organization"},"image":{"@id":"https:\/\/jornalfatosenoticias.com.br\/index.php\/2025\/06\/16\/ofensiva-do-congresso-contra-decretos-de-lula-dispara-158-camara-pode-derrubar-iof-nesta-segunda\/#primaryimage"},"thumbnailUrl":"https:\/\/jornalfatosenoticias.com.br\/wp-content\/uploads\/2025\/02\/molusco-ladeira-a-baixo_gettyimages.jpg","keywords":["Congresso","governo Lula","Jair Bolsonaro","Lula","ofensiva contra Lula","Senado"],"articleSection":["Pol\u00edtica"],"inLanguage":"pt-BR","potentialAction":[{"@type":"CommentAction","name":"Comment","target":["https:\/\/jornalfatosenoticias.com.br\/index.php\/2025\/06\/16\/ofensiva-do-congresso-contra-decretos-de-lula-dispara-158-camara-pode-derrubar-iof-nesta-segunda\/#respond"]}]},{"@type":"WebPage","@id":"https:\/\/jornalfatosenoticias.com.br\/index.php\/2025\/06\/16\/ofensiva-do-congresso-contra-decretos-de-lula-dispara-158-camara-pode-derrubar-iof-nesta-segunda\/","url":"https:\/\/jornalfatosenoticias.com.br\/index.php\/2025\/06\/16\/ofensiva-do-congresso-contra-decretos-de-lula-dispara-158-camara-pode-derrubar-iof-nesta-segunda\/","name":"Ofensiva do Congresso contra decretos de Lula dispara 158%; C\u00e2mara pode derrubar IOF nesta segunda - Jornal Fatos e Not\u00edcias","isPartOf":{"@id":"https:\/\/jornalfatosenoticias.com.br\/#website"},"primaryImageOfPage":{"@id":"https:\/\/jornalfatosenoticias.com.br\/index.php\/2025\/06\/16\/ofensiva-do-congresso-contra-decretos-de-lula-dispara-158-camara-pode-derrubar-iof-nesta-segunda\/#primaryimage"},"image":{"@id":"https:\/\/jornalfatosenoticias.com.br\/index.php\/2025\/06\/16\/ofensiva-do-congresso-contra-decretos-de-lula-dispara-158-camara-pode-derrubar-iof-nesta-segunda\/#primaryimage"},"thumbnailUrl":"https:\/\/jornalfatosenoticias.com.br\/wp-content\/uploads\/2025\/02\/molusco-ladeira-a-baixo_gettyimages.jpg","datePublished":"2025-06-16T14:05:53+00:00","dateModified":"2025-06-16T14:05:54+00:00","breadcrumb":{"@id":"https:\/\/jornalfatosenoticias.com.br\/index.php\/2025\/06\/16\/ofensiva-do-congresso-contra-decretos-de-lula-dispara-158-camara-pode-derrubar-iof-nesta-segunda\/#breadcrumb"},"inLanguage":"pt-BR","potentialAction":[{"@type":"ReadAction","target":["https:\/\/jornalfatosenoticias.com.br\/index.php\/2025\/06\/16\/ofensiva-do-congresso-contra-decretos-de-lula-dispara-158-camara-pode-derrubar-iof-nesta-segunda\/"]}]},{"@type":"ImageObject","inLanguage":"pt-BR","@id":"https:\/\/jornalfatosenoticias.com.br\/index.php\/2025\/06\/16\/ofensiva-do-congresso-contra-decretos-de-lula-dispara-158-camara-pode-derrubar-iof-nesta-segunda\/#primaryimage","url":"https:\/\/jornalfatosenoticias.com.br\/wp-content\/uploads\/2025\/02\/molusco-ladeira-a-baixo_gettyimages.jpg","contentUrl":"https:\/\/jornalfatosenoticias.com.br\/wp-content\/uploads\/2025\/02\/molusco-ladeira-a-baixo_gettyimages.jpg","width":612,"height":407,"caption":"BRASILIA, BRAZIL - JANUARY 29: President of BraZil Luiz In\u00e1cio Lula da Silva gestures during a ceremony to announce financing for the roads in Parana at Planalto Palace on January 29, 2025 in Brasilia, Brazil. (Photo by Andressa Anholete\/Getty Images)"},{"@type":"BreadcrumbList","@id":"https:\/\/jornalfatosenoticias.com.br\/index.php\/2025\/06\/16\/ofensiva-do-congresso-contra-decretos-de-lula-dispara-158-camara-pode-derrubar-iof-nesta-segunda\/#breadcrumb","itemListElement":[{"@type":"ListItem","position":1,"name":"In\u00edcio","item":"https:\/\/jornalfatosenoticias.com.br\/"},{"@type":"ListItem","position":2,"name":"Ofensiva do Congresso contra decretos de Lula dispara 158%; C\u00e2mara pode derrubar IOF nesta segunda"}]},{"@type":"WebSite","@id":"https:\/\/jornalfatosenoticias.com.br\/#website","url":"https:\/\/jornalfatosenoticias.com.br\/","name":"Jornal Fatos e Not\u00edcias","description":"Not\u00edcias em geral","publisher":{"@id":"https:\/\/jornalfatosenoticias.com.br\/#organization"},"potentialAction":[{"@type":"SearchAction","target":{"@type":"EntryPoint","urlTemplate":"https:\/\/jornalfatosenoticias.com.br\/?s={search_term_string}"},"query-input":{"@type":"PropertyValueSpecification","valueRequired":true,"valueName":"search_term_string"}}],"inLanguage":"pt-BR"},{"@type":"Organization","@id":"https:\/\/jornalfatosenoticias.com.br\/#organization","name":"Jornal Fatos e Not\u00edcias","url":"https:\/\/jornalfatosenoticias.com.br\/","logo":{"@type":"ImageObject","inLanguage":"pt-BR","@id":"https:\/\/jornalfatosenoticias.com.br\/#\/schema\/logo\/image\/","url":"https:\/\/jornalfatosenoticias.com.br\/wp-content\/uploads\/2020\/02\/logo120.png","contentUrl":"https:\/\/jornalfatosenoticias.com.br\/wp-content\/uploads\/2020\/02\/logo120.png","width":1227,"height":120,"caption":"Jornal Fatos e Not\u00edcias"},"image":{"@id":"https:\/\/jornalfatosenoticias.com.br\/#\/schema\/logo\/image\/"}},{"@type":"Person","@id":"https:\/\/jornalfatosenoticias.com.br\/#\/schema\/person\/d63837fa13ac8666eb9e74e0985d6f81","name":"Luzimara Fernandes","image":{"@type":"ImageObject","inLanguage":"pt-BR","@id":"https:\/\/jornalfatosenoticias.com.br\/#\/schema\/person\/image\/","url":"https:\/\/jornalfatosenoticias.com.br\/wp-content\/uploads\/2025\/05\/EU_portal.jpg","contentUrl":"https:\/\/jornalfatosenoticias.com.br\/wp-content\/uploads\/2025\/05\/EU_portal.jpg","caption":"Luzimara Fernandes"},"description":"Jornalista MTB 2358-ES","sameAs":["https:\/\/jornalfatosenoticias.com.br"],"url":"https:\/\/jornalfatosenoticias.com.br\/index.php\/author\/luzimara\/"}]}},"cc_featured_image_caption":{"caption_text":"(Foto: Getty Images) ","source_text":"","source_url":""},"jetpack_featured_media_url":"https:\/\/jornalfatosenoticias.com.br\/wp-content\/uploads\/2025\/02\/molusco-ladeira-a-baixo_gettyimages.jpg","_links":{"self":[{"href":"https:\/\/jornalfatosenoticias.com.br\/index.php\/wp-json\/wp\/v2\/posts\/59908","targetHints":{"allow":["GET"]}}],"collection":[{"href":"https:\/\/jornalfatosenoticias.com.br\/index.php\/wp-json\/wp\/v2\/posts"}],"about":[{"href":"https:\/\/jornalfatosenoticias.com.br\/index.php\/wp-json\/wp\/v2\/types\/post"}],"author":[{"embeddable":true,"href":"https:\/\/jornalfatosenoticias.com.br\/index.php\/wp-json\/wp\/v2\/users\/2"}],"replies":[{"embeddable":true,"href":"https:\/\/jornalfatosenoticias.com.br\/index.php\/wp-json\/wp\/v2\/comments?post=59908"}],"version-history":[{"count":0,"href":"https:\/\/jornalfatosenoticias.com.br\/index.php\/wp-json\/wp\/v2\/posts\/59908\/revisions"}],"wp:featuredmedia":[{"embeddable":true,"href":"https:\/\/jornalfatosenoticias.com.br\/index.php\/wp-json\/wp\/v2\/media\/57319"}],"wp:attachment":[{"href":"https:\/\/jornalfatosenoticias.com.br\/index.php\/wp-json\/wp\/v2\/media?parent=59908"}],"wp:term":[{"taxonomy":"category","embeddable":true,"href":"https:\/\/jornalfatosenoticias.com.br\/index.php\/wp-json\/wp\/v2\/categories?post=59908"},{"taxonomy":"post_tag","embeddable":true,"href":"https:\/\/jornalfatosenoticias.com.br\/index.php\/wp-json\/wp\/v2\/tags?post=59908"}],"curies":[{"name":"wp","href":"https:\/\/api.w.org\/{rel}","templated":true}]}}