{"id":59931,"date":"2025-06-17T09:53:09","date_gmt":"2025-06-17T12:53:09","guid":{"rendered":"https:\/\/jornalfatosenoticias.com.br\/?p=59931"},"modified":"2025-06-17T09:53:11","modified_gmt":"2025-06-17T12:53:11","slug":"finlandia-cria-bateria-de-areia-de-13-metros-para-aquecer-cidade","status":"publish","type":"post","link":"https:\/\/jornalfatosenoticias.com.br\/index.php\/2025\/06\/17\/finlandia-cria-bateria-de-areia-de-13-metros-para-aquecer-cidade\/","title":{"rendered":"Finl\u00e2ndia cria bateria de areia de 13 metros para aquecer cidade"},"content":{"rendered":"\n<p><em><span class=\"has-inline-color has-black-color\">Sistema de energia t\u00e9rmica de alta temperatura armazena eletricidade limpa e acess\u00edvel na forma de calor em areia<\/span><\/em><\/p>\n\n\n\n<p><span class=\"has-inline-color has-black-color\">Por <strong><a href=\"https:\/\/olhardigital.com.br\/author\/bruna-barone\/\">Bruna Barone<\/a><\/strong><\/span><\/p>\n\n\n\n<div class=\"wp-block-image\"><figure class=\"aligncenter size-large is-resized\"><a href=\"https:\/\/www.facebook.com\/vetor.vix\/\"><img loading=\"lazy\" decoding=\"async\" src=\"https:\/\/jornalfatosenoticias.com.br\/wp-content\/uploads\/2023\/09\/vetorvix1024_1.jpg\" alt=\"\" class=\"wp-image-44868\" width=\"543\" height=\"144\" srcset=\"https:\/\/jornalfatosenoticias.com.br\/wp-content\/uploads\/2023\/09\/vetorvix1024_1.jpg 1024w, https:\/\/jornalfatosenoticias.com.br\/wp-content\/uploads\/2023\/09\/vetorvix1024_1-300x80.jpg 300w, https:\/\/jornalfatosenoticias.com.br\/wp-content\/uploads\/2023\/09\/vetorvix1024_1-768x205.jpg 768w\" sizes=\"auto, (max-width: 543px) 100vw, 543px\" \/><\/a><\/figure><\/div>\n\n\n\n<p>A busca por fontes de <strong><a href=\"https:\/\/olhardigital.com.br\/tag\/energia-renovavel\/\" target=\"_blank\" rel=\"noreferrer noopener\">energia renov\u00e1veis<\/a><\/strong> tem levado empresas a investir pesado no setor de pesquisa e desenvolvimento \u2014 cen\u00e1rio f\u00e9rtil para ideias que desafiam profissionais de diversas \u00e1reas em todo o mundo.<br>Na <a href=\"https:\/\/olhardigital.com.br\/tag\/finlandia\/\" target=\"_blank\" rel=\"noreferrer noopener\"><strong>Finl\u00e2ndia<\/strong><\/a>, a ideia de\u00a0<a href=\"https:\/\/olhardigital.com.br\/tag\/transicao-energetica\/\" target=\"_blank\" rel=\"noreferrer noopener\"><strong>transi\u00e7\u00e3o energ\u00e9tica<\/strong><\/a>\u00a0tomou forma em uma\u00a0<a href=\"https:\/\/olhardigital.com.br\/tag\/bateria\/\" target=\"_blank\" rel=\"noreferrer noopener\"><strong>bateria<\/strong><\/a>\u00a0de\u00a0<a href=\"https:\/\/olhardigital.com.br\/tag\/areia\/\" target=\"_blank\" rel=\"noreferrer noopener\"><strong>areia<\/strong><\/a>. O maior sistema do tipo acaba de ser lan\u00e7ado pela\u00a0<a href=\"https:\/\/polarnightenergy.com\/news\/worlds-largest-sand-battery-now-in-operation\/\" target=\"_blank\" rel=\"noreferrer noopener\"><strong>Polar<\/strong> Night Energy<\/a> para atender a distribuidora de energia Loviisan L\u00e4mp\u00f6, gerando 1 MW de energia t\u00e9rmica e com capacidade de armazenamento de 100 MWh.<\/p>\n\n\n\n<div class=\"wp-block-image\"><figure class=\"aligncenter size-large\"><a href=\"http:\/\/www.ferrarimaquinas.com.br\/\"><img loading=\"lazy\" decoding=\"async\" width=\"300\" height=\"250\" src=\"https:\/\/jornalfatosenoticias.com.br\/wp-content\/uploads\/2022\/02\/FERRARI_MAQUINAS-E-FERRAMENTAS2.jpg\" alt=\"\" class=\"wp-image-27860\"\/><\/a><\/figure><\/div>\n\n\n\n<p>A bateria de areia \u00e9 um sistema de energia t\u00e9rmica de alta temperatura que armazena eletricidade limpa e acess\u00edvel na forma de calor em areia ou materiais s\u00f3lidos semelhantes. Pode ser usado para produzir calor tanto para cidades quanto para uma ampla gama de processos industriais, segundo a empresa.<\/p>\n\n\n\n<div class=\"wp-block-image\"><figure class=\"aligncenter size-large is-resized\"><a href=\"https:\/\/www.controlsystems.com.br\/\"><img loading=\"lazy\" decoding=\"async\" src=\"https:\/\/jornalfatosenoticias.com.br\/wp-content\/uploads\/2020\/02\/CONTROL-CS.jpg\" alt=\"\" class=\"wp-image-44991\" width=\"308\" height=\"369\" srcset=\"https:\/\/jornalfatosenoticias.com.br\/wp-content\/uploads\/2020\/02\/CONTROL-CS.jpg 834w, https:\/\/jornalfatosenoticias.com.br\/wp-content\/uploads\/2020\/02\/CONTROL-CS-250x300.jpg 250w, https:\/\/jornalfatosenoticias.com.br\/wp-content\/uploads\/2020\/02\/CONTROL-CS-768x921.jpg 768w\" sizes=\"auto, (max-width: 308px) 100vw, 308px\" \/><\/a><\/figure><\/div>\n\n\n\n<p>A maior bateria de areia do mundo tem cerca de 13 metros de altura e 15 metros de largura, e utiliza aproximadamente duas mil toneladas de pedra-sab\u00e3o britada como meio de armazenamento t\u00e9rmico. Ela \u00e9 dez vezes maior do que a bateria de areia lan\u00e7ada em Kankaanp\u00e4\u00e4 pela mesma empresa em 2022.<\/p>\n\n\n\n<div class=\"wp-block-image\"><figure class=\"aligncenter size-large\"><img loading=\"lazy\" decoding=\"async\" width=\"1000\" height=\"558\" src=\"https:\/\/jornalfatosenoticias.com.br\/wp-content\/uploads\/2025\/06\/bateria-de-areia-Finlandia2.png\" alt=\"\" class=\"wp-image-59932\" srcset=\"https:\/\/jornalfatosenoticias.com.br\/wp-content\/uploads\/2025\/06\/bateria-de-areia-Finlandia2.png 1000w, https:\/\/jornalfatosenoticias.com.br\/wp-content\/uploads\/2025\/06\/bateria-de-areia-Finlandia2-300x167.png 300w, https:\/\/jornalfatosenoticias.com.br\/wp-content\/uploads\/2025\/06\/bateria-de-areia-Finlandia2-768x429.png 768w\" sizes=\"auto, (max-width: 1000px) 100vw, 1000px\" \/><figcaption><em><span class=\"has-inline-color has-black-color\">Bateria pode ser usada para uma ampla gama de processos industriais (Foto: Polar Night Energy\/Reprodu\u00e7\u00e3o)<\/span><\/em><\/figcaption><\/figure><\/div>\n\n\n\n<p>No ver\u00e3o, o sistema pode suprir a demanda de calor do munic\u00edpio de Pornainen por quase um m\u00eas e, no inverno, quase uma semana. A regi\u00e3o localizada na prov\u00edncia do Sul da Finl\u00e2ndia tem cerca de cinco mil habitantes. Com a nova instala\u00e7\u00e3o, a expectativa \u00e9 por uma redu\u00e7\u00e3o de emiss\u00f5es anuais de CO\u2082 equivalente da rede de aquecimento local em cerca de 160 toneladas, diminuindo as emiss\u00f5es clim\u00e1ticas no aquecimento distrital de Pornainen em quase 70%.<\/p>\n\n\n\n<div class=\"wp-block-image\"><figure class=\"aligncenter size-large is-resized\"><a href=\"https:\/\/www.instagram.com\/rcradiadores\/\"><img loading=\"lazy\" decoding=\"async\" src=\"https:\/\/jornalfatosenoticias.com.br\/wp-content\/uploads\/2022\/10\/RC_800x750_page-0001.jpg\" alt=\"\" class=\"wp-image-35338\" width=\"291\" height=\"273\" srcset=\"https:\/\/jornalfatosenoticias.com.br\/wp-content\/uploads\/2022\/10\/RC_800x750_page-0001.jpg 400w, https:\/\/jornalfatosenoticias.com.br\/wp-content\/uploads\/2022\/10\/RC_800x750_page-0001-300x281.jpg 300w\" sizes=\"auto, (max-width: 291px) 100vw, 291px\" \/><\/a><\/figure><\/div>\n\n\n\n<blockquote class=\"wp-block-quote is-layout-flow wp-block-quote-is-layout-flow\"><p><span class=\"has-inline-color has-luminous-vivid-orange-color\">A combust\u00e3o n\u00e3o \u00e9 uma op\u00e7\u00e3o sustent\u00e1vel para o clima ou o meio ambiente. Este projeto \u00e9 um exemplo poderoso de que existem solu\u00e7\u00f5es eficazes para mitigar as mudan\u00e7as clim\u00e1ticas. A Loviisan L\u00e4mp\u00f6 \u00e9 um \u00f3timo exemplo de uma empresa ousada o suficiente para investir em novas tecnologias\u201d, afirma Liisa Naskali, diretora de Opera\u00e7\u00f5es da Polar Night Energy.<\/span><\/p><\/blockquote>\n\n\n\n<div class=\"wp-block-image\"><figure class=\"aligncenter size-large is-resized\"><a href=\"https:\/\/www.instagram.com\/gruposei\/\"><img loading=\"lazy\" decoding=\"async\" src=\"https:\/\/jornalfatosenoticias.com.br\/wp-content\/uploads\/2022\/07\/Logo-Grupo-SEI.jpg\" alt=\"\" class=\"wp-image-31973\" width=\"362\" height=\"190\" srcset=\"https:\/\/jornalfatosenoticias.com.br\/wp-content\/uploads\/2022\/07\/Logo-Grupo-SEI.jpg 713w, https:\/\/jornalfatosenoticias.com.br\/wp-content\/uploads\/2022\/07\/Logo-Grupo-SEI-300x158.jpg 300w\" sizes=\"auto, (max-width: 362px) 100vw, 362px\" \/><\/a><\/figure><\/div>\n\n\n\n<p>O munic\u00edpio de Pornainen apoiou o projeto desde o in\u00edcio. Grande parte dos pr\u00e9dios da cidade, incluindo a escola municipal, a prefeitura e a biblioteca, est\u00e3o conectados \u00e0 rede de aquecimento urbano que ser\u00e1 beneficiada pelo novo sistema. <\/p>\n\n\n\n<div class=\"wp-block-image\"><figure class=\"aligncenter size-large\"><img loading=\"lazy\" decoding=\"async\" width=\"1000\" height=\"661\" src=\"https:\/\/jornalfatosenoticias.com.br\/wp-content\/uploads\/2025\/06\/bateria-de-areia-Finlandia3.png\" alt=\"\" class=\"wp-image-59933\" srcset=\"https:\/\/jornalfatosenoticias.com.br\/wp-content\/uploads\/2025\/06\/bateria-de-areia-Finlandia3.png 1000w, https:\/\/jornalfatosenoticias.com.br\/wp-content\/uploads\/2025\/06\/bateria-de-areia-Finlandia3-300x198.png 300w, https:\/\/jornalfatosenoticias.com.br\/wp-content\/uploads\/2025\/06\/bateria-de-areia-Finlandia3-768x508.png 768w\" sizes=\"auto, (max-width: 1000px) 100vw, 1000px\" \/><figcaption><em><span class=\"has-inline-color has-black-color\">O meio de armazenamento t\u00e9rmico usado consiste em pedra-sab\u00e3o britada (Foto: Polar Night Energy\/Reprodu\u00e7\u00e3o)<\/span><\/em><\/figcaption><\/figure><\/div>\n\n\n\n<p>O meio de armazenamento t\u00e9rmico usado em baterias de areia pode incluir fluxos laterais de ind\u00fastrias de manufatura ou minera\u00e7\u00e3o, o que significa que muitas vezes n\u00e3o h\u00e1 necessidade de extrair materiais virgens. No caso do sistema de Loviisan L\u00e4mp\u00f6, o material utilizado \u00e9 pedra-sab\u00e3o triturada, um subproduto da produ\u00e7\u00e3o das lareiras retentoras de calor da Tulikivi, l\u00edder mundial no mercado de lareiras que ret\u00eam calor. <\/p>\n\n\n\n<div class=\"wp-block-image\"><figure class=\"aligncenter size-large is-resized\"><a href=\"https:\/\/www.instagram.com\/serra4x4cambioautomatico\/\"><img loading=\"lazy\" decoding=\"async\" src=\"https:\/\/jornalfatosenoticias.com.br\/wp-content\/uploads\/2024\/08\/Serra-4x4-1-886x1024.jpg\" alt=\"\" class=\"wp-image-53632\" width=\"274\" height=\"316\" srcset=\"https:\/\/jornalfatosenoticias.com.br\/wp-content\/uploads\/2024\/08\/Serra-4x4-1-886x1024.jpg 886w, https:\/\/jornalfatosenoticias.com.br\/wp-content\/uploads\/2024\/08\/Serra-4x4-1-260x300.jpg 260w, https:\/\/jornalfatosenoticias.com.br\/wp-content\/uploads\/2024\/08\/Serra-4x4-1-768x888.jpg 768w, https:\/\/jornalfatosenoticias.com.br\/wp-content\/uploads\/2024\/08\/Serra-4x4-1.jpg 1181w\" sizes=\"auto, (max-width: 274px) 100vw, 274px\" \/><\/a><\/figure><\/div>\n\n\n\n<blockquote class=\"wp-block-quote is-layout-flow wp-block-quote-is-layout-flow\"><p><span class=\"has-inline-color has-luminous-vivid-orange-color\">A Finl\u00e2ndia pretende se tornar uma economia circular neutra em carbono at\u00e9 2035. Para atingir isso, precisamos de novas solu\u00e7\u00f5es intersetoriais para usar os recursos de forma mais eficiente e transformar a economia circular em realidade pr\u00e1tica em mais setores\u201d, afirma Heikki Vauhkonen, CEO da Tulikivi.<\/span><\/p><\/blockquote>\n\n\n\n<figure class=\"wp-block-embed-youtube wp-block-embed is-type-video is-provider-youtube wp-embed-aspect-16-9 wp-has-aspect-ratio\"><div class=\"wp-block-embed__wrapper\">\n<iframe loading=\"lazy\" title=\"World&#039;s Largest Sand Battery\" width=\"660\" height=\"371\" src=\"https:\/\/www.youtube.com\/embed\/OOSNm0GURxk?feature=oembed\" frameborder=\"0\" allow=\"accelerometer; autoplay; clipboard-write; encrypted-media; gyroscope; picture-in-picture; web-share\" referrerpolicy=\"strict-origin-when-cross-origin\" allowfullscreen><\/iframe>\n<\/div><\/figure>\n\n\n\n<p><strong>Fonte: <a href=\"https:\/\/olhardigital.com.br\/2025\/06\/16\/ciencia-e-espaco\/finlandia-cria-bateria-de-areia-de-13-metros-para-aquecer-cidade\/\">Olhar Digital<\/a><\/strong><\/p>\n","protected":false},"excerpt":{"rendered":"<p>Sistema de energia t\u00e9rmica de alta temperatura armazena eletricidade limpa e acess\u00edvel na forma de calor em areia Por Bruna Barone A busca por fontes de energia renov\u00e1veis tem levado empresas a investir pesado no setor de pesquisa e desenvolvimento \u2014 cen\u00e1rio f\u00e9rtil para ideias que desafiam profissionais de diversas \u00e1reas em todo o mundo.Na [&hellip;]<\/p>\n","protected":false},"author":2,"featured_media":59934,"comment_status":"open","ping_status":"open","sticky":false,"template":"","format":"standard","meta":{"footnotes":""},"categories":[3],"tags":[7209,2938,2339,4323,9758],"class_list":["post-59931","post","type-post","status-publish","format-standard","has-post-thumbnail","hentry","category-tecnologia","tag-areia","tag-energia-renovavel","tag-finlandia","tag-fonte-de-energia","tag-transicao-energetica"],"yoast_head":"<!-- This site is optimized with the Yoast SEO plugin v26.5 - https:\/\/yoast.com\/wordpress\/plugins\/seo\/ -->\n<title>Finl\u00e2ndia cria bateria de areia de 13 metros para aquecer cidade - Jornal Fatos e Not\u00edcias<\/title>\n<meta name=\"robots\" content=\"index, follow, max-snippet:-1, max-image-preview:large, max-video-preview:-1\" \/>\n<link rel=\"canonical\" href=\"https:\/\/jornalfatosenoticias.com.br\/index.php\/2025\/06\/17\/finlandia-cria-bateria-de-areia-de-13-metros-para-aquecer-cidade\/\" \/>\n<meta property=\"og:locale\" content=\"pt_BR\" \/>\n<meta property=\"og:type\" content=\"article\" \/>\n<meta property=\"og:title\" content=\"Finl\u00e2ndia cria bateria de areia de 13 metros para aquecer cidade - Jornal Fatos e Not\u00edcias\" \/>\n<meta property=\"og:description\" content=\"Sistema de energia t\u00e9rmica de alta temperatura armazena eletricidade limpa e acess\u00edvel na forma de calor em areia Por Bruna Barone A busca por fontes de energia renov\u00e1veis tem levado empresas a investir pesado no setor de pesquisa e desenvolvimento \u2014 cen\u00e1rio f\u00e9rtil para ideias que desafiam profissionais de diversas \u00e1reas em todo o mundo.Na [&hellip;]\" \/>\n<meta property=\"og:url\" content=\"https:\/\/jornalfatosenoticias.com.br\/index.php\/2025\/06\/17\/finlandia-cria-bateria-de-areia-de-13-metros-para-aquecer-cidade\/\" \/>\n<meta property=\"og:site_name\" content=\"Jornal Fatos e Not\u00edcias\" \/>\n<meta property=\"article:published_time\" content=\"2025-06-17T12:53:09+00:00\" \/>\n<meta property=\"article:modified_time\" content=\"2025-06-17T12:53:11+00:00\" \/>\n<meta property=\"og:image\" content=\"https:\/\/jornalfatosenoticias.com.br\/wp-content\/uploads\/2025\/06\/bateria-de-areia-Finlandia1.png\" \/>\n\t<meta property=\"og:image:width\" content=\"1000\" \/>\n\t<meta property=\"og:image:height\" content=\"477\" \/>\n\t<meta property=\"og:image:type\" content=\"image\/png\" \/>\n<meta name=\"author\" content=\"Luzimara Fernandes\" \/>\n<meta name=\"twitter:card\" content=\"summary_large_image\" \/>\n<meta name=\"twitter:label1\" content=\"Escrito por\" \/>\n\t<meta name=\"twitter:data1\" content=\"Luzimara Fernandes\" \/>\n\t<meta name=\"twitter:label2\" content=\"Est. tempo de leitura\" \/>\n\t<meta name=\"twitter:data2\" content=\"3 minutos\" \/>\n<script type=\"application\/ld+json\" class=\"yoast-schema-graph\">{\"@context\":\"https:\/\/schema.org\",\"@graph\":[{\"@type\":\"Article\",\"@id\":\"https:\/\/jornalfatosenoticias.com.br\/index.php\/2025\/06\/17\/finlandia-cria-bateria-de-areia-de-13-metros-para-aquecer-cidade\/#article\",\"isPartOf\":{\"@id\":\"https:\/\/jornalfatosenoticias.com.br\/index.php\/2025\/06\/17\/finlandia-cria-bateria-de-areia-de-13-metros-para-aquecer-cidade\/\"},\"author\":{\"name\":\"Luzimara Fernandes\",\"@id\":\"https:\/\/jornalfatosenoticias.com.br\/#\/schema\/person\/d63837fa13ac8666eb9e74e0985d6f81\"},\"headline\":\"Finl\u00e2ndia cria bateria de areia de 13 metros para aquecer cidade\",\"datePublished\":\"2025-06-17T12:53:09+00:00\",\"dateModified\":\"2025-06-17T12:53:11+00:00\",\"mainEntityOfPage\":{\"@id\":\"https:\/\/jornalfatosenoticias.com.br\/index.php\/2025\/06\/17\/finlandia-cria-bateria-de-areia-de-13-metros-para-aquecer-cidade\/\"},\"wordCount\":600,\"commentCount\":0,\"publisher\":{\"@id\":\"https:\/\/jornalfatosenoticias.com.br\/#organization\"},\"image\":{\"@id\":\"https:\/\/jornalfatosenoticias.com.br\/index.php\/2025\/06\/17\/finlandia-cria-bateria-de-areia-de-13-metros-para-aquecer-cidade\/#primaryimage\"},\"thumbnailUrl\":\"https:\/\/jornalfatosenoticias.com.br\/wp-content\/uploads\/2025\/06\/bateria-de-areia-Finlandia1.png\",\"keywords\":[\"areia\",\"energia renov\u00e1vel\",\"Finl\u00e2ndia\",\"fonte de energia\",\"transi\u00e7\u00e3o energ\u00e9tica\"],\"articleSection\":[\"Tecnologia &amp; Inova\u00e7\u00e3o\"],\"inLanguage\":\"pt-BR\",\"potentialAction\":[{\"@type\":\"CommentAction\",\"name\":\"Comment\",\"target\":[\"https:\/\/jornalfatosenoticias.com.br\/index.php\/2025\/06\/17\/finlandia-cria-bateria-de-areia-de-13-metros-para-aquecer-cidade\/#respond\"]}]},{\"@type\":\"WebPage\",\"@id\":\"https:\/\/jornalfatosenoticias.com.br\/index.php\/2025\/06\/17\/finlandia-cria-bateria-de-areia-de-13-metros-para-aquecer-cidade\/\",\"url\":\"https:\/\/jornalfatosenoticias.com.br\/index.php\/2025\/06\/17\/finlandia-cria-bateria-de-areia-de-13-metros-para-aquecer-cidade\/\",\"name\":\"Finl\u00e2ndia cria bateria de areia de 13 metros para aquecer cidade - Jornal Fatos e Not\u00edcias\",\"isPartOf\":{\"@id\":\"https:\/\/jornalfatosenoticias.com.br\/#website\"},\"primaryImageOfPage\":{\"@id\":\"https:\/\/jornalfatosenoticias.com.br\/index.php\/2025\/06\/17\/finlandia-cria-bateria-de-areia-de-13-metros-para-aquecer-cidade\/#primaryimage\"},\"image\":{\"@id\":\"https:\/\/jornalfatosenoticias.com.br\/index.php\/2025\/06\/17\/finlandia-cria-bateria-de-areia-de-13-metros-para-aquecer-cidade\/#primaryimage\"},\"thumbnailUrl\":\"https:\/\/jornalfatosenoticias.com.br\/wp-content\/uploads\/2025\/06\/bateria-de-areia-Finlandia1.png\",\"datePublished\":\"2025-06-17T12:53:09+00:00\",\"dateModified\":\"2025-06-17T12:53:11+00:00\",\"breadcrumb\":{\"@id\":\"https:\/\/jornalfatosenoticias.com.br\/index.php\/2025\/06\/17\/finlandia-cria-bateria-de-areia-de-13-metros-para-aquecer-cidade\/#breadcrumb\"},\"inLanguage\":\"pt-BR\",\"potentialAction\":[{\"@type\":\"ReadAction\",\"target\":[\"https:\/\/jornalfatosenoticias.com.br\/index.php\/2025\/06\/17\/finlandia-cria-bateria-de-areia-de-13-metros-para-aquecer-cidade\/\"]}]},{\"@type\":\"ImageObject\",\"inLanguage\":\"pt-BR\",\"@id\":\"https:\/\/jornalfatosenoticias.com.br\/index.php\/2025\/06\/17\/finlandia-cria-bateria-de-areia-de-13-metros-para-aquecer-cidade\/#primaryimage\",\"url\":\"https:\/\/jornalfatosenoticias.com.br\/wp-content\/uploads\/2025\/06\/bateria-de-areia-Finlandia1.png\",\"contentUrl\":\"https:\/\/jornalfatosenoticias.com.br\/wp-content\/uploads\/2025\/06\/bateria-de-areia-Finlandia1.png\",\"width\":1000,\"height\":477},{\"@type\":\"BreadcrumbList\",\"@id\":\"https:\/\/jornalfatosenoticias.com.br\/index.php\/2025\/06\/17\/finlandia-cria-bateria-de-areia-de-13-metros-para-aquecer-cidade\/#breadcrumb\",\"itemListElement\":[{\"@type\":\"ListItem\",\"position\":1,\"name\":\"In\u00edcio\",\"item\":\"https:\/\/jornalfatosenoticias.com.br\/\"},{\"@type\":\"ListItem\",\"position\":2,\"name\":\"Finl\u00e2ndia cria bateria de areia de 13 metros para aquecer cidade\"}]},{\"@type\":\"WebSite\",\"@id\":\"https:\/\/jornalfatosenoticias.com.br\/#website\",\"url\":\"https:\/\/jornalfatosenoticias.com.br\/\",\"name\":\"Jornal Fatos e Not\u00edcias\",\"description\":\"Not\u00edcias em geral\",\"publisher\":{\"@id\":\"https:\/\/jornalfatosenoticias.com.br\/#organization\"},\"potentialAction\":[{\"@type\":\"SearchAction\",\"target\":{\"@type\":\"EntryPoint\",\"urlTemplate\":\"https:\/\/jornalfatosenoticias.com.br\/?s={search_term_string}\"},\"query-input\":{\"@type\":\"PropertyValueSpecification\",\"valueRequired\":true,\"valueName\":\"search_term_string\"}}],\"inLanguage\":\"pt-BR\"},{\"@type\":\"Organization\",\"@id\":\"https:\/\/jornalfatosenoticias.com.br\/#organization\",\"name\":\"Jornal Fatos e Not\u00edcias\",\"url\":\"https:\/\/jornalfatosenoticias.com.br\/\",\"logo\":{\"@type\":\"ImageObject\",\"inLanguage\":\"pt-BR\",\"@id\":\"https:\/\/jornalfatosenoticias.com.br\/#\/schema\/logo\/image\/\",\"url\":\"https:\/\/jornalfatosenoticias.com.br\/wp-content\/uploads\/2020\/02\/logo120.png\",\"contentUrl\":\"https:\/\/jornalfatosenoticias.com.br\/wp-content\/uploads\/2020\/02\/logo120.png\",\"width\":1227,\"height\":120,\"caption\":\"Jornal Fatos e Not\u00edcias\"},\"image\":{\"@id\":\"https:\/\/jornalfatosenoticias.com.br\/#\/schema\/logo\/image\/\"}},{\"@type\":\"Person\",\"@id\":\"https:\/\/jornalfatosenoticias.com.br\/#\/schema\/person\/d63837fa13ac8666eb9e74e0985d6f81\",\"name\":\"Luzimara Fernandes\",\"image\":{\"@type\":\"ImageObject\",\"inLanguage\":\"pt-BR\",\"@id\":\"https:\/\/jornalfatosenoticias.com.br\/#\/schema\/person\/image\/\",\"url\":\"https:\/\/jornalfatosenoticias.com.br\/wp-content\/uploads\/2025\/05\/EU_portal.jpg\",\"contentUrl\":\"https:\/\/jornalfatosenoticias.com.br\/wp-content\/uploads\/2025\/05\/EU_portal.jpg\",\"caption\":\"Luzimara Fernandes\"},\"description\":\"Jornalista MTB 2358-ES\",\"sameAs\":[\"https:\/\/jornalfatosenoticias.com.br\"],\"url\":\"https:\/\/jornalfatosenoticias.com.br\/index.php\/author\/luzimara\/\"}]}<\/script>\n<!-- \/ Yoast SEO plugin. -->","yoast_head_json":{"title":"Finl\u00e2ndia cria bateria de areia de 13 metros para aquecer cidade - Jornal Fatos e Not\u00edcias","robots":{"index":"index","follow":"follow","max-snippet":"max-snippet:-1","max-image-preview":"max-image-preview:large","max-video-preview":"max-video-preview:-1"},"canonical":"https:\/\/jornalfatosenoticias.com.br\/index.php\/2025\/06\/17\/finlandia-cria-bateria-de-areia-de-13-metros-para-aquecer-cidade\/","og_locale":"pt_BR","og_type":"article","og_title":"Finl\u00e2ndia cria bateria de areia de 13 metros para aquecer cidade - Jornal Fatos e Not\u00edcias","og_description":"Sistema de energia t\u00e9rmica de alta temperatura armazena eletricidade limpa e acess\u00edvel na forma de calor em areia Por Bruna Barone A busca por fontes de energia renov\u00e1veis tem levado empresas a investir pesado no setor de pesquisa e desenvolvimento \u2014 cen\u00e1rio f\u00e9rtil para ideias que desafiam profissionais de diversas \u00e1reas em todo o mundo.Na [&hellip;]","og_url":"https:\/\/jornalfatosenoticias.com.br\/index.php\/2025\/06\/17\/finlandia-cria-bateria-de-areia-de-13-metros-para-aquecer-cidade\/","og_site_name":"Jornal Fatos e Not\u00edcias","article_published_time":"2025-06-17T12:53:09+00:00","article_modified_time":"2025-06-17T12:53:11+00:00","og_image":[{"width":1000,"height":477,"url":"https:\/\/jornalfatosenoticias.com.br\/wp-content\/uploads\/2025\/06\/bateria-de-areia-Finlandia1.png","type":"image\/png"}],"author":"Luzimara Fernandes","twitter_card":"summary_large_image","twitter_misc":{"Escrito por":"Luzimara Fernandes","Est. tempo de leitura":"3 minutos"},"schema":{"@context":"https:\/\/schema.org","@graph":[{"@type":"Article","@id":"https:\/\/jornalfatosenoticias.com.br\/index.php\/2025\/06\/17\/finlandia-cria-bateria-de-areia-de-13-metros-para-aquecer-cidade\/#article","isPartOf":{"@id":"https:\/\/jornalfatosenoticias.com.br\/index.php\/2025\/06\/17\/finlandia-cria-bateria-de-areia-de-13-metros-para-aquecer-cidade\/"},"author":{"name":"Luzimara Fernandes","@id":"https:\/\/jornalfatosenoticias.com.br\/#\/schema\/person\/d63837fa13ac8666eb9e74e0985d6f81"},"headline":"Finl\u00e2ndia cria bateria de areia de 13 metros para aquecer cidade","datePublished":"2025-06-17T12:53:09+00:00","dateModified":"2025-06-17T12:53:11+00:00","mainEntityOfPage":{"@id":"https:\/\/jornalfatosenoticias.com.br\/index.php\/2025\/06\/17\/finlandia-cria-bateria-de-areia-de-13-metros-para-aquecer-cidade\/"},"wordCount":600,"commentCount":0,"publisher":{"@id":"https:\/\/jornalfatosenoticias.com.br\/#organization"},"image":{"@id":"https:\/\/jornalfatosenoticias.com.br\/index.php\/2025\/06\/17\/finlandia-cria-bateria-de-areia-de-13-metros-para-aquecer-cidade\/#primaryimage"},"thumbnailUrl":"https:\/\/jornalfatosenoticias.com.br\/wp-content\/uploads\/2025\/06\/bateria-de-areia-Finlandia1.png","keywords":["areia","energia renov\u00e1vel","Finl\u00e2ndia","fonte de energia","transi\u00e7\u00e3o energ\u00e9tica"],"articleSection":["Tecnologia &amp; Inova\u00e7\u00e3o"],"inLanguage":"pt-BR","potentialAction":[{"@type":"CommentAction","name":"Comment","target":["https:\/\/jornalfatosenoticias.com.br\/index.php\/2025\/06\/17\/finlandia-cria-bateria-de-areia-de-13-metros-para-aquecer-cidade\/#respond"]}]},{"@type":"WebPage","@id":"https:\/\/jornalfatosenoticias.com.br\/index.php\/2025\/06\/17\/finlandia-cria-bateria-de-areia-de-13-metros-para-aquecer-cidade\/","url":"https:\/\/jornalfatosenoticias.com.br\/index.php\/2025\/06\/17\/finlandia-cria-bateria-de-areia-de-13-metros-para-aquecer-cidade\/","name":"Finl\u00e2ndia cria bateria de areia de 13 metros para aquecer cidade - Jornal Fatos e Not\u00edcias","isPartOf":{"@id":"https:\/\/jornalfatosenoticias.com.br\/#website"},"primaryImageOfPage":{"@id":"https:\/\/jornalfatosenoticias.com.br\/index.php\/2025\/06\/17\/finlandia-cria-bateria-de-areia-de-13-metros-para-aquecer-cidade\/#primaryimage"},"image":{"@id":"https:\/\/jornalfatosenoticias.com.br\/index.php\/2025\/06\/17\/finlandia-cria-bateria-de-areia-de-13-metros-para-aquecer-cidade\/#primaryimage"},"thumbnailUrl":"https:\/\/jornalfatosenoticias.com.br\/wp-content\/uploads\/2025\/06\/bateria-de-areia-Finlandia1.png","datePublished":"2025-06-17T12:53:09+00:00","dateModified":"2025-06-17T12:53:11+00:00","breadcrumb":{"@id":"https:\/\/jornalfatosenoticias.com.br\/index.php\/2025\/06\/17\/finlandia-cria-bateria-de-areia-de-13-metros-para-aquecer-cidade\/#breadcrumb"},"inLanguage":"pt-BR","potentialAction":[{"@type":"ReadAction","target":["https:\/\/jornalfatosenoticias.com.br\/index.php\/2025\/06\/17\/finlandia-cria-bateria-de-areia-de-13-metros-para-aquecer-cidade\/"]}]},{"@type":"ImageObject","inLanguage":"pt-BR","@id":"https:\/\/jornalfatosenoticias.com.br\/index.php\/2025\/06\/17\/finlandia-cria-bateria-de-areia-de-13-metros-para-aquecer-cidade\/#primaryimage","url":"https:\/\/jornalfatosenoticias.com.br\/wp-content\/uploads\/2025\/06\/bateria-de-areia-Finlandia1.png","contentUrl":"https:\/\/jornalfatosenoticias.com.br\/wp-content\/uploads\/2025\/06\/bateria-de-areia-Finlandia1.png","width":1000,"height":477},{"@type":"BreadcrumbList","@id":"https:\/\/jornalfatosenoticias.com.br\/index.php\/2025\/06\/17\/finlandia-cria-bateria-de-areia-de-13-metros-para-aquecer-cidade\/#breadcrumb","itemListElement":[{"@type":"ListItem","position":1,"name":"In\u00edcio","item":"https:\/\/jornalfatosenoticias.com.br\/"},{"@type":"ListItem","position":2,"name":"Finl\u00e2ndia cria bateria de areia de 13 metros para aquecer cidade"}]},{"@type":"WebSite","@id":"https:\/\/jornalfatosenoticias.com.br\/#website","url":"https:\/\/jornalfatosenoticias.com.br\/","name":"Jornal Fatos e Not\u00edcias","description":"Not\u00edcias em geral","publisher":{"@id":"https:\/\/jornalfatosenoticias.com.br\/#organization"},"potentialAction":[{"@type":"SearchAction","target":{"@type":"EntryPoint","urlTemplate":"https:\/\/jornalfatosenoticias.com.br\/?s={search_term_string}"},"query-input":{"@type":"PropertyValueSpecification","valueRequired":true,"valueName":"search_term_string"}}],"inLanguage":"pt-BR"},{"@type":"Organization","@id":"https:\/\/jornalfatosenoticias.com.br\/#organization","name":"Jornal Fatos e Not\u00edcias","url":"https:\/\/jornalfatosenoticias.com.br\/","logo":{"@type":"ImageObject","inLanguage":"pt-BR","@id":"https:\/\/jornalfatosenoticias.com.br\/#\/schema\/logo\/image\/","url":"https:\/\/jornalfatosenoticias.com.br\/wp-content\/uploads\/2020\/02\/logo120.png","contentUrl":"https:\/\/jornalfatosenoticias.com.br\/wp-content\/uploads\/2020\/02\/logo120.png","width":1227,"height":120,"caption":"Jornal Fatos e Not\u00edcias"},"image":{"@id":"https:\/\/jornalfatosenoticias.com.br\/#\/schema\/logo\/image\/"}},{"@type":"Person","@id":"https:\/\/jornalfatosenoticias.com.br\/#\/schema\/person\/d63837fa13ac8666eb9e74e0985d6f81","name":"Luzimara Fernandes","image":{"@type":"ImageObject","inLanguage":"pt-BR","@id":"https:\/\/jornalfatosenoticias.com.br\/#\/schema\/person\/image\/","url":"https:\/\/jornalfatosenoticias.com.br\/wp-content\/uploads\/2025\/05\/EU_portal.jpg","contentUrl":"https:\/\/jornalfatosenoticias.com.br\/wp-content\/uploads\/2025\/05\/EU_portal.jpg","caption":"Luzimara Fernandes"},"description":"Jornalista MTB 2358-ES","sameAs":["https:\/\/jornalfatosenoticias.com.br"],"url":"https:\/\/jornalfatosenoticias.com.br\/index.php\/author\/luzimara\/"}]}},"cc_featured_image_caption":{"caption_text":"(Foto: Polar Night Energy\/Reprodu\u00e7\u00e3o)","source_text":"","source_url":""},"jetpack_featured_media_url":"https:\/\/jornalfatosenoticias.com.br\/wp-content\/uploads\/2025\/06\/bateria-de-areia-Finlandia1.png","_links":{"self":[{"href":"https:\/\/jornalfatosenoticias.com.br\/index.php\/wp-json\/wp\/v2\/posts\/59931","targetHints":{"allow":["GET"]}}],"collection":[{"href":"https:\/\/jornalfatosenoticias.com.br\/index.php\/wp-json\/wp\/v2\/posts"}],"about":[{"href":"https:\/\/jornalfatosenoticias.com.br\/index.php\/wp-json\/wp\/v2\/types\/post"}],"author":[{"embeddable":true,"href":"https:\/\/jornalfatosenoticias.com.br\/index.php\/wp-json\/wp\/v2\/users\/2"}],"replies":[{"embeddable":true,"href":"https:\/\/jornalfatosenoticias.com.br\/index.php\/wp-json\/wp\/v2\/comments?post=59931"}],"version-history":[{"count":0,"href":"https:\/\/jornalfatosenoticias.com.br\/index.php\/wp-json\/wp\/v2\/posts\/59931\/revisions"}],"wp:featuredmedia":[{"embeddable":true,"href":"https:\/\/jornalfatosenoticias.com.br\/index.php\/wp-json\/wp\/v2\/media\/59934"}],"wp:attachment":[{"href":"https:\/\/jornalfatosenoticias.com.br\/index.php\/wp-json\/wp\/v2\/media?parent=59931"}],"wp:term":[{"taxonomy":"category","embeddable":true,"href":"https:\/\/jornalfatosenoticias.com.br\/index.php\/wp-json\/wp\/v2\/categories?post=59931"},{"taxonomy":"post_tag","embeddable":true,"href":"https:\/\/jornalfatosenoticias.com.br\/index.php\/wp-json\/wp\/v2\/tags?post=59931"}],"curies":[{"name":"wp","href":"https:\/\/api.w.org\/{rel}","templated":true}]}}