{"id":59942,"date":"2025-06-17T10:27:49","date_gmt":"2025-06-17T13:27:49","guid":{"rendered":"https:\/\/jornalfatosenoticias.com.br\/?p=59942"},"modified":"2025-06-17T10:27:51","modified_gmt":"2025-06-17T13:27:51","slug":"pesadelo-tropical-romance-une-faroeste-e-barroco-em-critica-a-violencia-do-brasil-colonia","status":"publish","type":"post","link":"https:\/\/jornalfatosenoticias.com.br\/index.php\/2025\/06\/17\/pesadelo-tropical-romance-une-faroeste-e-barroco-em-critica-a-violencia-do-brasil-colonia\/","title":{"rendered":"Pesadelo Tropical: romance une faroeste e barroco em cr\u00edtica \u00e0 viol\u00eancia do Brasil Col\u00f4nia"},"content":{"rendered":"\n<p><em><span class=\"has-inline-color has-black-color\">Em livro, jornalista revisita criticamente a viol\u00eancia que marcou a forma\u00e7\u00e3o colonial do Brasil, mesclando hist\u00f3ria e fic\u00e7\u00e3o<\/span><\/em><\/p>\n\n\n\n<p><span class=\"has-inline-color has-black-color\">Por <strong><a href=\"https:\/\/aventurasnahistoria.com.br\/autor\/giovanna-gomes\/\"><strong>Giovanna Gomes<\/strong><\/a><\/strong><\/span><\/p>\n\n\n\n<div class=\"wp-block-image\"><figure class=\"aligncenter size-large\"><a href=\"https:\/\/mizu.com.br\/\"><img loading=\"lazy\" decoding=\"async\" width=\"729\" height=\"90\" src=\"https:\/\/jornalfatosenoticias.com.br\/wp-content\/uploads\/2020\/02\/Logo_Mizu.png\" alt=\"\" class=\"wp-image-1441\" srcset=\"https:\/\/jornalfatosenoticias.com.br\/wp-content\/uploads\/2020\/02\/Logo_Mizu.png 729w, https:\/\/jornalfatosenoticias.com.br\/wp-content\/uploads\/2020\/02\/Logo_Mizu-300x37.png 300w\" sizes=\"auto, (max-width: 729px) 100vw, 729px\" \/><\/a><\/figure><\/div>\n\n\n\n<p>Em seu livro &#8220;<mark>Pesadelo Tropical<\/mark>&#8220;, o jornalista e escritor\u00a0<strong>Marcos Vin\u00edcius Almeida<\/strong>\u00a0funde\u00a0<strong><a href=\"https:\/\/pt.wikipedia.org\/wiki\/Western\" rel=\"noreferrer noopener\" target=\"_blank\">faroeste<\/a>,<\/strong> barroco e p\u00f3s-apocalipse para revisitar criticamente a viol\u00eancia que marcou a forma\u00e7\u00e3o colonial do Brasil. Inspirado na lenda de Janu\u00e1rio Garcia Leal, o temido\u00a0<mark>Sete Orelhas<\/mark> \u2014 figura bastante conhecida no Sul de Minas e especialmente presente no imagin\u00e1rio da cidade natal do autor, Lumin\u00e1rias, o romance recria o\u00a0<mark>Brasil Col\u00f4nia<\/mark> como um cen\u00e1rio devastado, onde mercen\u00e1rios, ind\u00edgenas e justiceiros disputam territ\u00f3rio em meio ao caos.<br>Almeida destaca que era crian\u00e7a quando ouviu sobre o Sete Orelhas pela primeira vez. &#8220;Eu tinha uns seis ou sete anos quando ouvi a hist\u00f3ria pela primeira vez. Uma professora, talvez dando uma aula sobre cultura local, levou um livro bem velhinho e leu para a gente, ao longo dos dias. Fiquei fascinado com aquela atmosfera, ainda mais porque era uma hist\u00f3ria que tinha acontecido muito pr\u00f3ximo do meu cotidiano&#8221;, contou ao Aventuras.<\/p>\n\n\n\n<div class=\"wp-block-image\"><figure class=\"aligncenter size-large is-resized\"><a href=\"https:\/\/www.facebook.com\/postobkr\/?locale=pt_BR\"><img loading=\"lazy\" decoding=\"async\" src=\"https:\/\/jornalfatosenoticias.com.br\/wp-content\/uploads\/2023\/08\/BKR-1024x1021.jpg\" alt=\"\" class=\"wp-image-44494\" width=\"306\" height=\"305\" srcset=\"https:\/\/jornalfatosenoticias.com.br\/wp-content\/uploads\/2023\/08\/BKR-1024x1021.jpg 1024w, https:\/\/jornalfatosenoticias.com.br\/wp-content\/uploads\/2023\/08\/BKR-300x300.jpg 300w, https:\/\/jornalfatosenoticias.com.br\/wp-content\/uploads\/2023\/08\/BKR-150x150.jpg 150w, https:\/\/jornalfatosenoticias.com.br\/wp-content\/uploads\/2023\/08\/BKR-768x766.jpg 768w, https:\/\/jornalfatosenoticias.com.br\/wp-content\/uploads\/2023\/08\/BKR.jpg 1080w\" sizes=\"auto, (max-width: 306px) 100vw, 306px\" \/><\/a><\/figure><\/div>\n\n\n\n<blockquote class=\"wp-block-quote is-layout-flow wp-block-quote-is-layout-flow\"><p><span class=\"has-inline-color has-luminous-vivid-orange-color\">Quando eu ia com minha m\u00e3e at\u00e9 Tr\u00eas Cora\u00e7\u00f5es, numa estrada que at\u00e9 hoje \u00e9 de terra, sempre passava na fazenda do Tira Couro, em S\u00e3o Bento Abade, lugar no qual o irm\u00e3o do Sete Orelhas tinha sido esfolado vivo. Essa cena do esfolamento me deixou mais impressionado que a vingan\u00e7a do Sete Orelhas. Com o passar dos anos, comecei a pensar em como aquela hist\u00f3ria era uma esp\u00e9cie de microcosmo da violenta hist\u00f3ria colonial&#8221;.<\/span><\/p><\/blockquote>\n\n\n\n<div class=\"wp-block-image\"><figure class=\"aligncenter size-large is-resized\"><a href=\"https:\/\/hotelmarquetti.com.br\/\"><img loading=\"lazy\" decoding=\"async\" src=\"https:\/\/jornalfatosenoticias.com.br\/wp-content\/uploads\/2020\/02\/LOGO-MQ-1024x680.jpg\" alt=\"\" class=\"wp-image-58299\" width=\"331\" height=\"219\" srcset=\"https:\/\/jornalfatosenoticias.com.br\/wp-content\/uploads\/2020\/02\/LOGO-MQ-1024x680.jpg 1024w, https:\/\/jornalfatosenoticias.com.br\/wp-content\/uploads\/2020\/02\/LOGO-MQ-300x199.jpg 300w, https:\/\/jornalfatosenoticias.com.br\/wp-content\/uploads\/2020\/02\/LOGO-MQ-768x510.jpg 768w, https:\/\/jornalfatosenoticias.com.br\/wp-content\/uploads\/2020\/02\/LOGO-MQ-1536x1020.jpg 1536w, https:\/\/jornalfatosenoticias.com.br\/wp-content\/uploads\/2020\/02\/LOGO-MQ-2048x1360.jpg 2048w\" sizes=\"auto, (max-width: 331px) 100vw, 331px\" \/><\/a><\/figure><\/div>\n\n\n\n<p>Publicado pela editora Aboio, o livro de Almeida foi desenvolvido ao longo de sete anos, dois deles com apoio da Fapesp, e mescla hist\u00f3ria e <strong><a href=\"https:\/\/pt.wikipedia.org\/wiki\/Fic%C3%A7%C3%A3o\" rel=\"noreferrer noopener\" target=\"_blank\">fic\u00e7\u00e3o<\/a><\/strong> com influ\u00eancias que v\u00e3o de Cormac McCarthy a Ov\u00eddio.<\/p>\n\n\n\n<div class=\"wp-block-image\"><figure class=\"aligncenter size-large is-resized\"><a href=\"https:\/\/www.legisjuris.com.br\/\"><img loading=\"lazy\" decoding=\"async\" src=\"https:\/\/jornalfatosenoticias.com.br\/wp-content\/uploads\/2024\/09\/Legis-Juris-Consultoria_logo.jpg\" alt=\"\" class=\"wp-image-53915\" width=\"535\" height=\"224\" srcset=\"https:\/\/jornalfatosenoticias.com.br\/wp-content\/uploads\/2024\/09\/Legis-Juris-Consultoria_logo.jpg 969w, https:\/\/jornalfatosenoticias.com.br\/wp-content\/uploads\/2024\/09\/Legis-Juris-Consultoria_logo-300x126.jpg 300w, https:\/\/jornalfatosenoticias.com.br\/wp-content\/uploads\/2024\/09\/Legis-Juris-Consultoria_logo-768x322.jpg 768w\" sizes=\"auto, (max-width: 535px) 100vw, 535px\" \/><\/a><\/figure><\/div>\n\n\n\n<p><strong><span class=\"has-inline-color has-vivid-purple-color\">Faroeste barroco<br><\/span><\/strong>Ambientado em um Brasil Col\u00f4nia devastado, o romance \u00e9 descrito pelo autor como um &#8220;faroeste barroco&#8221;. A escolha desse estilo, explica Marcos Vin\u00edcius, n\u00e3o foi aleat\u00f3ria: afinal, a lenda j\u00e1 carregava em si elementos desse universo. O escritor destaca ainda que a maioria dos elementos do livro foram inspirados em fatos que constam na historiografia, no folclore e na mem\u00f3ria oral.<\/p>\n\n\n\n<div class=\"wp-block-image\"><figure class=\"aligncenter size-large is-resized\"><a href=\"https:\/\/panper.com.br\/\"><img loading=\"lazy\" decoding=\"async\" src=\"https:\/\/jornalfatosenoticias.com.br\/wp-content\/uploads\/2023\/03\/logo-Panper_portal.jpg\" alt=\"\" class=\"wp-image-40208\" width=\"299\" height=\"207\" srcset=\"https:\/\/jornalfatosenoticias.com.br\/wp-content\/uploads\/2023\/03\/logo-Panper_portal.jpg 400w, https:\/\/jornalfatosenoticias.com.br\/wp-content\/uploads\/2023\/03\/logo-Panper_portal-300x208.jpg 300w\" sizes=\"auto, (max-width: 299px) 100vw, 299px\" \/><\/a><\/figure><\/div>\n\n\n\n<p>Na obra &#8220;A geografia do crime: Viol\u00eancia nas Minas Setecentistas&#8221;, de Carla Anastasia, o autor encontrou a descri\u00e7\u00e3o da gangue do Montanha, que \u00e9 apresentando como um cigano. J\u00e1 a ideia de que a serra da Mantiqueira, infestada de bandidos, era uma &#8220;morada do diabo&#8221; aparece no livro &#8220;Brasil: uma biografia&#8221;, de Heloisa Murgel Starling e Lilia Schwarcz.<\/p>\n\n\n\n<div class=\"wp-block-image\"><figure class=\"aligncenter size-large\"><a href=\"http:\/\/www.ferrarimaquinas.com.br\/\"><img loading=\"lazy\" decoding=\"async\" width=\"300\" height=\"250\" src=\"https:\/\/jornalfatosenoticias.com.br\/wp-content\/uploads\/2022\/02\/FERRARI_MAQUINAS-E-FERRAMENTAS2.jpg\" alt=\"\" class=\"wp-image-27860\"\/><\/a><\/figure><\/div>\n\n\n\n<blockquote class=\"wp-block-quote is-layout-flow wp-block-quote-is-layout-flow\"><p><span class=\"has-inline-color has-luminous-vivid-orange-color\">Havia v\u00e1rias gangues de proscritos construindo alguma forma de poder paralelo ao poder oficial. Essa atmosfera toda, e esses personagens expressivos, me pareceram muito semelhantes com o romance Meridiano de sangue, de Cormac McCarthy, que trata de um gangue de mercen\u00e1rios ca\u00e7adores de escalpos nos EUA&#8221;, diz o jornalista.<\/span><\/p><\/blockquote>\n\n\n\n<div class=\"wp-block-image\"><figure class=\"aligncenter size-large is-resized\"><a href=\"https:\/\/www.instagram.com\/gruposei\/\"><img loading=\"lazy\" decoding=\"async\" src=\"https:\/\/jornalfatosenoticias.com.br\/wp-content\/uploads\/2022\/07\/Logo-Grupo-SEI.jpg\" alt=\"\" class=\"wp-image-31973\" width=\"377\" height=\"198\" srcset=\"https:\/\/jornalfatosenoticias.com.br\/wp-content\/uploads\/2022\/07\/Logo-Grupo-SEI.jpg 713w, https:\/\/jornalfatosenoticias.com.br\/wp-content\/uploads\/2022\/07\/Logo-Grupo-SEI-300x158.jpg 300w\" sizes=\"auto, (max-width: 377px) 100vw, 377px\" \/><\/a><\/figure><\/div>\n\n\n\n<p>Almeida destaca que, para ele, a forma\u00e7\u00e3o do Brasil n\u00e3o tem gl\u00f3ria nem hero\u00edsmo: \u00e9 um rastro de morte deixado por bandeirantes, mission\u00e1rios e colonizadores. &#8220;O colono portugu\u00eas \u00e9, na verdade, um dos cavaleiros do <strong><a href=\"https:\/\/pt.wikipedia.org\/wiki\/Apocalipse\" rel=\"noreferrer noopener\" target=\"_blank\">Apocalipse<\/a><\/strong>. O legado das bandeiras, o avan\u00e7o da Coroa e da Igreja pelos territ\u00f3rios dos povos origin\u00e1rios, \u00e9 o avan\u00e7o da morte e da destrui\u00e7\u00e3o. O Brasil nasce com a ru\u00edna do Brasil&#8221;, afirma.<\/p>\n\n\n\n<div class=\"wp-block-image\"><figure class=\"aligncenter size-large is-resized\"><a href=\"https:\/\/www.instagram.com\/rcradiadores\/\"><img loading=\"lazy\" decoding=\"async\" src=\"https:\/\/jornalfatosenoticias.com.br\/wp-content\/uploads\/2022\/10\/RC_800x750_page-0001.jpg\" alt=\"\" class=\"wp-image-35338\" width=\"315\" height=\"295\" srcset=\"https:\/\/jornalfatosenoticias.com.br\/wp-content\/uploads\/2022\/10\/RC_800x750_page-0001.jpg 400w, https:\/\/jornalfatosenoticias.com.br\/wp-content\/uploads\/2022\/10\/RC_800x750_page-0001-300x281.jpg 300w\" sizes=\"auto, (max-width: 315px) 100vw, 315px\" \/><\/a><\/figure><\/div>\n\n\n\n<p><strong><span class=\"has-inline-color has-vivid-purple-color\">O esfolamento e a cr\u00edtica<br><\/span><\/strong>O esfolamento \u2014 tanto como evento hist\u00f3rico quanto como s\u00edmbolo \u2014 aparece como eixo de cr\u00edtica. A imagem da capa do livro, por exemplo, traz S\u00e3o Bartolomeu, m\u00e1rtir esfolado vivo. &#8220;Ele aparece na parede do altar da Capela Sistina, no Ju\u00edzo Final, de Michelangelo. S\u00e3o Bartolomeu, com um punhal numa m\u00e3o e na outra segura a pr\u00f3pria pele, como um len\u00e7ol. Mas essa imagem do esfolamento \u00e9 mais antiga&#8221;, destaca. &#8220;Ele est\u00e1 na mitologia grega, no duelo entre M\u00e1rsias, o s\u00e1tiro e Apolo, o Deus da Raz\u00e3o&#8221;.<\/p>\n\n\n\n<div class=\"wp-block-image\"><figure class=\"aligncenter size-large is-resized\"><a href=\"https:\/\/www.controlsystems.com.br\/\"><img loading=\"lazy\" decoding=\"async\" src=\"https:\/\/jornalfatosenoticias.com.br\/wp-content\/uploads\/2020\/02\/CONTROL-CS.jpg\" alt=\"\" class=\"wp-image-44991\" width=\"289\" height=\"346\" srcset=\"https:\/\/jornalfatosenoticias.com.br\/wp-content\/uploads\/2020\/02\/CONTROL-CS.jpg 834w, https:\/\/jornalfatosenoticias.com.br\/wp-content\/uploads\/2020\/02\/CONTROL-CS-250x300.jpg 250w, https:\/\/jornalfatosenoticias.com.br\/wp-content\/uploads\/2020\/02\/CONTROL-CS-768x921.jpg 768w\" sizes=\"auto, (max-width: 289px) 100vw, 289px\" \/><\/a><\/figure><\/div>\n\n\n\n<p>&#8220;M\u00e1rsias \u00e9 uma esp\u00e9cie de fauno, um ser conectado \u00e0 natureza e que toca flauta, um instrumento regulado pelo sopro corporal. Apolo toca lira, matematicamente afinada pela medida objetiva das cordas. Quem vencer o duelo musical, essa \u00e9 a aposta, pode fazer o que quiser com o outro. Ora, Apolo, o arqu\u00e9tipo da racionalidade, vence o duelo, amarra M\u00e1rsias numa \u00e1rvore e o esfola vivo&#8221;.<\/p>\n\n\n\n<div class=\"wp-block-image\"><figure class=\"aligncenter size-large is-resized\"><a href=\"https:\/\/www.facebook.com\/profile.php?id=100069289606145\"><img loading=\"lazy\" decoding=\"async\" src=\"https:\/\/jornalfatosenoticias.com.br\/wp-content\/uploads\/2024\/11\/Guaitolini-Contabilidade-1024x714.jpeg\" alt=\"\" class=\"wp-image-55808\" width=\"352\" height=\"245\" srcset=\"https:\/\/jornalfatosenoticias.com.br\/wp-content\/uploads\/2024\/11\/Guaitolini-Contabilidade-1024x714.jpeg 1024w, https:\/\/jornalfatosenoticias.com.br\/wp-content\/uploads\/2024\/11\/Guaitolini-Contabilidade-300x209.jpeg 300w, https:\/\/jornalfatosenoticias.com.br\/wp-content\/uploads\/2024\/11\/Guaitolini-Contabilidade-768x535.jpeg 768w, https:\/\/jornalfatosenoticias.com.br\/wp-content\/uploads\/2024\/11\/Guaitolini-Contabilidade.jpeg 1280w\" sizes=\"auto, (max-width: 352px) 100vw, 352px\" \/><\/a><\/figure><\/div>\n\n\n\n<p>A brutalidade do ato, segundo o autor, remete \u00e0 pr\u00f3pria l\u00f3gica colonial: Apolo vence o fauno M\u00e1rsias e o esfola vivo, simplesmente porque pode. Essa l\u00f3gica \u2014 de poder sobre o outro, de destrui\u00e7\u00e3o do corpo e da natureza \u2014 estrutura o avan\u00e7o colonial europeu sobre o territ\u00f3rio americano.<\/p>\n\n\n\n<div class=\"wp-block-image\"><figure class=\"aligncenter size-large is-resized\"><a href=\"https:\/\/www.instagram.com\/serra4x4cambioautomatico\/\"><img loading=\"lazy\" decoding=\"async\" src=\"https:\/\/jornalfatosenoticias.com.br\/wp-content\/uploads\/2024\/08\/Serra-4x4-1-886x1024.jpg\" alt=\"\" class=\"wp-image-53632\" width=\"301\" height=\"347\" srcset=\"https:\/\/jornalfatosenoticias.com.br\/wp-content\/uploads\/2024\/08\/Serra-4x4-1-886x1024.jpg 886w, https:\/\/jornalfatosenoticias.com.br\/wp-content\/uploads\/2024\/08\/Serra-4x4-1-260x300.jpg 260w, https:\/\/jornalfatosenoticias.com.br\/wp-content\/uploads\/2024\/08\/Serra-4x4-1-768x888.jpg 768w, https:\/\/jornalfatosenoticias.com.br\/wp-content\/uploads\/2024\/08\/Serra-4x4-1.jpg 1181w\" sizes=\"auto, (max-width: 301px) 100vw, 301px\" \/><\/a><\/figure><\/div>\n\n\n\n<p><strong><span class=\"has-inline-color has-vivid-purple-color\">Dificuldades<br><\/span><\/strong>A escrita do romance foi atravessada por sete anos de pesquisa e dificuldades pessoais. Para viabilizar o projeto, Almeida desenvolveu um mestrado na PUC-SP unindo teoria liter\u00e1ria e escrita criativa, com apoio da Fapesp. Mesmo assim, enfrentou desafios financeiros e as incertezas da pandemia. A retomada da obra coincidiu com o nascimento da editora Aboio, que publicou o livro em 2023.<\/p>\n\n\n\n<div class=\"wp-block-image\"><figure class=\"aligncenter size-large is-resized\"><a href=\"https:\/\/www.instagram.com\/restaurantepegoretti\/\"><img loading=\"lazy\" decoding=\"async\" src=\"https:\/\/jornalfatosenoticias.com.br\/wp-content\/uploads\/2023\/12\/pegoretti-logo-pdf-1024x389.jpg\" alt=\"\" class=\"wp-image-47536\" width=\"522\" height=\"198\" srcset=\"https:\/\/jornalfatosenoticias.com.br\/wp-content\/uploads\/2023\/12\/pegoretti-logo-pdf-1024x389.jpg 1024w, https:\/\/jornalfatosenoticias.com.br\/wp-content\/uploads\/2023\/12\/pegoretti-logo-pdf-300x114.jpg 300w, https:\/\/jornalfatosenoticias.com.br\/wp-content\/uploads\/2023\/12\/pegoretti-logo-pdf-768x291.jpg 768w, https:\/\/jornalfatosenoticias.com.br\/wp-content\/uploads\/2023\/12\/pegoretti-logo-pdf.jpg 1120w\" sizes=\"auto, (max-width: 522px) 100vw, 522px\" \/><\/a><\/figure><\/div>\n\n\n\n<p>&#8220;Ter tempo para escrever e pesquisar, num pa\u00eds como o nosso, que n\u00e3o tem programas de fomento \u00e0 cria\u00e7\u00e3o liter\u00e1ria, \u00e9 muito complicado. S\u00e3o pouqu\u00edssimas oportunidades, quase nada&#8221;, destacou o escritor. &#8220;Mesmo com a bolsa foi tudo muito desafiador&#8221;, disse ele.<\/p>\n\n\n\n<div class=\"wp-block-image\"><figure class=\"aligncenter size-large\"><img loading=\"lazy\" decoding=\"async\" width=\"1024\" height=\"576\" src=\"https:\/\/jornalfatosenoticias.com.br\/wp-content\/uploads\/2025\/06\/MONUMENTO-SETE-ORELHAS_PESADELO-TROPICAL-1024x576.jpg\" alt=\"\" class=\"wp-image-59944\" srcset=\"https:\/\/jornalfatosenoticias.com.br\/wp-content\/uploads\/2025\/06\/MONUMENTO-SETE-ORELHAS_PESADELO-TROPICAL-1024x576.jpg 1024w, https:\/\/jornalfatosenoticias.com.br\/wp-content\/uploads\/2025\/06\/MONUMENTO-SETE-ORELHAS_PESADELO-TROPICAL-300x169.jpg 300w, https:\/\/jornalfatosenoticias.com.br\/wp-content\/uploads\/2025\/06\/MONUMENTO-SETE-ORELHAS_PESADELO-TROPICAL-768x432.jpg 768w, https:\/\/jornalfatosenoticias.com.br\/wp-content\/uploads\/2025\/06\/MONUMENTO-SETE-ORELHAS_PESADELO-TROPICAL.jpg 1280w\" sizes=\"auto, (max-width: 1024px) 100vw, 1024px\" \/><figcaption><em><span class=\"has-inline-color has-black-color\">Monumento que relembra lenda do &#8220;Sete Orelhas&#8221; (Foto: Marcos Vin\u00edcius Almeida\/Divulga\u00e7\u00e3o)<\/span><\/em><\/figcaption><\/figure><\/div>\n\n\n\n<p><strong><span class=\"has-inline-color has-vivid-purple-color\">Descoberta impactante<br><\/span><\/strong>Questionado acerca de qual teria sido a descoberta mais impactante ao longo da pesquisa, Almeida respondeu: perceber que o personagem Sete Orelhas, celebrado como real por gera\u00e7\u00f5es, talvez tenha nascido da fic\u00e7\u00e3o \u2014 sendo inclusive um dos primeiros personagens de fic\u00e7\u00e3o da literatura brasileira. De acordo com o jornalista, a primeira apari\u00e7\u00e3o do personagem em registro escrito foi num folhetim de 1843, assinado por Joaquim Norberto. &#8220;Isso foi um choque pra mim. At\u00e9 hoje as pessoas em S\u00e3o Bento Abade falam que s\u00e3o parentes do Sete Orelhas. Mas talvez ele n\u00e3o tenha nunca existido fora dos livros&#8221;, destacou.<\/p>\n\n\n\n<div class=\"wp-block-image\"><figure class=\"aligncenter size-large\"><a href=\"https:\/\/www.cesconetto.com.br\/\"><img loading=\"lazy\" decoding=\"async\" width=\"300\" height=\"250\" src=\"https:\/\/jornalfatosenoticias.com.br\/wp-content\/uploads\/2022\/02\/Banner-2.png\" alt=\"\" class=\"wp-image-27877\"\/><\/a><\/figure><\/div>\n\n\n\n<p><strong><span class=\"has-inline-color has-vivid-purple-color\">Uma nova leitura<br><\/span><\/strong>Essa revela\u00e7\u00e3o sobre a origem do Sete Orelhas atravessa o livro como um coment\u00e1rio sobre a fragilidade da mem\u00f3ria e a disputa constante em torno do passado. &#8220;No livro, tento desconstruir algumas idealiza\u00e7\u00f5es e mostrar como um personagem de fic\u00e7\u00e3o se transformou num personagem real. E pior ainda: como uma gangue de proscritos foi canonizada e monumentalizada. N\u00e3o havia nenhum tipo de gl\u00f3ria nos massacres&#8221;, disse o autor de Pesadelo Tropical.<\/p>\n\n\n\n<div class=\"wp-block-image\"><figure class=\"aligncenter size-large is-resized\"><a href=\"https:\/\/www.instagram.com\/gruposei\/\"><img loading=\"lazy\" decoding=\"async\" src=\"https:\/\/jornalfatosenoticias.com.br\/wp-content\/uploads\/2022\/07\/Logo-Grupo-SEI.jpg\" alt=\"\" class=\"wp-image-31973\" width=\"442\" height=\"232\" srcset=\"https:\/\/jornalfatosenoticias.com.br\/wp-content\/uploads\/2022\/07\/Logo-Grupo-SEI.jpg 713w, https:\/\/jornalfatosenoticias.com.br\/wp-content\/uploads\/2022\/07\/Logo-Grupo-SEI-300x158.jpg 300w\" sizes=\"auto, (max-width: 442px) 100vw, 442px\" \/><\/a><\/figure><\/div>\n\n\n\n<p>O escritor convida o leitor a adotar uma postura cr\u00edtica diante da constru\u00e7\u00e3o do passado, questionando a confiabilidade de documentos, arquivos e livros. Para ele, \u00e9 fundamental confrontar diferentes fontes e reconhecer que a hist\u00f3ria \u00e9 feita de disputas, interpreta\u00e7\u00f5es e lacunas. Almeida, no entanto, rejeita o revisionismo hist\u00f3rico que nega consensos sobre eventos como a tortura na Ditadura Militar ou os massacres ind\u00edgenas promovidos pelos <strong><a href=\"https:\/\/aventurasnahistoria.com.br\/noticias\/historia-hoje\/museu-do-ipiranga-trara-reflexao-sobre-controversa-saga-dos-bandeirantes.phtml\" rel=\"noreferrer noopener\" target=\"_blank\">bandeirantes<\/a><\/strong>. Em sua vis\u00e3o, a hist\u00f3ria \u00e9 uma disciplina em constante movimento, e mesmo a verdade precisa ser conquistada.<\/p>\n\n\n\n<div class=\"wp-block-image\"><figure class=\"aligncenter size-large is-resized\"><a href=\"https:\/\/www.facebook.com\/vetor.vix\/\"><img loading=\"lazy\" decoding=\"async\" src=\"https:\/\/jornalfatosenoticias.com.br\/wp-content\/uploads\/2023\/09\/vetorvix1024_1.jpg\" alt=\"\" class=\"wp-image-44868\" width=\"543\" height=\"144\" srcset=\"https:\/\/jornalfatosenoticias.com.br\/wp-content\/uploads\/2023\/09\/vetorvix1024_1.jpg 1024w, https:\/\/jornalfatosenoticias.com.br\/wp-content\/uploads\/2023\/09\/vetorvix1024_1-300x80.jpg 300w, https:\/\/jornalfatosenoticias.com.br\/wp-content\/uploads\/2023\/09\/vetorvix1024_1-768x205.jpg 768w\" sizes=\"auto, (max-width: 543px) 100vw, 543px\" \/><\/a><\/figure><\/div>\n\n\n\n<p>&#8220;Como escreveu Walter Benjamin nas suas teses sobre o conceito de hist\u00f3ria, nem mesmo os mortos estar\u00e3o seguros se o inimigo vencer. Esse inimigo \u00e9 a extrema-direita, ao mesmo tempo violenta e obscurantista, inimiga sistem\u00e1tica de todos aqueles que foram derrotados e explorados ao longo da hist\u00f3ria&#8221;.<\/p>\n\n\n\n<div class=\"wp-block-image\"><figure class=\"aligncenter size-large is-resized\"><a href=\"https:\/\/www.instagram.com\/esteio.churrascaria\/\"><img loading=\"lazy\" decoding=\"async\" src=\"https:\/\/jornalfatosenoticias.com.br\/wp-content\/uploads\/2022\/02\/LOGO-ESTEIO-1024x730.png\" alt=\"\" class=\"wp-image-27942\" width=\"324\" height=\"231\" srcset=\"https:\/\/jornalfatosenoticias.com.br\/wp-content\/uploads\/2022\/02\/LOGO-ESTEIO-1024x730.png 1024w, https:\/\/jornalfatosenoticias.com.br\/wp-content\/uploads\/2022\/02\/LOGO-ESTEIO-300x214.png 300w, https:\/\/jornalfatosenoticias.com.br\/wp-content\/uploads\/2022\/02\/LOGO-ESTEIO-768x548.png 768w, https:\/\/jornalfatosenoticias.com.br\/wp-content\/uploads\/2022\/02\/LOGO-ESTEIO.png 1123w\" sizes=\"auto, (max-width: 324px) 100vw, 324px\" \/><\/a><\/figure><\/div>\n\n\n\n<blockquote class=\"wp-block-quote is-layout-flow wp-block-quote-is-layout-flow\"><p><span class=\"has-inline-color has-luminous-vivid-orange-color\">\u00c9 a hist\u00f3ria desses vencidos que tem que ser contada&#8221;, afirma ele, que destaca: &#8220;se olharmos para os vencedores, colocamos Borba Gato num pedestal, chamamos a maior rodovia do estado de S\u00e3o Paulo de Bandeirantes. Se olharmos pelo ponto de vista dos vencidos e dos explorados, Borba Gato \u00e9 um assassino. E como muitos dos bandeirantes&#8221;.<\/span><\/p><\/blockquote>\n\n\n\n<div class=\"wp-block-image\"><figure class=\"aligncenter size-large is-resized\"><a href=\"https:\/\/www.legisjuris.com.br\/\"><img loading=\"lazy\" decoding=\"async\" src=\"https:\/\/jornalfatosenoticias.com.br\/wp-content\/uploads\/2024\/09\/Legis-Juris-Consultoria_logo.jpg\" alt=\"\" class=\"wp-image-53915\" width=\"537\" height=\"225\" srcset=\"https:\/\/jornalfatosenoticias.com.br\/wp-content\/uploads\/2024\/09\/Legis-Juris-Consultoria_logo.jpg 969w, https:\/\/jornalfatosenoticias.com.br\/wp-content\/uploads\/2024\/09\/Legis-Juris-Consultoria_logo-300x126.jpg 300w, https:\/\/jornalfatosenoticias.com.br\/wp-content\/uploads\/2024\/09\/Legis-Juris-Consultoria_logo-768x322.jpg 768w\" sizes=\"auto, (max-width: 537px) 100vw, 537px\" \/><\/a><\/figure><\/div>\n\n\n\n<p><strong>Fonte: <a href=\"https:\/\/aventurasnahistoria.com.br\/noticias\/reportagem\/pesadelo-tropical-romance-une-faroeste-e-barroco-em-critica-violencia-do-brasil-colonial.phtml\">Aventuras na Hist\u00f3ria<\/a><\/strong><\/p>\n","protected":false},"excerpt":{"rendered":"<p>Em livro, jornalista revisita criticamente a viol\u00eancia que marcou a forma\u00e7\u00e3o colonial do Brasil, mesclando hist\u00f3ria e fic\u00e7\u00e3o Por Giovanna Gomes Em seu livro &#8220;Pesadelo Tropical&#8220;, o jornalista e escritor\u00a0Marcos Vin\u00edcius Almeida\u00a0funde\u00a0faroeste, barroco e p\u00f3s-apocalipse para revisitar criticamente a viol\u00eancia que marcou a forma\u00e7\u00e3o colonial do Brasil. Inspirado na lenda de Janu\u00e1rio Garcia Leal, o [&hellip;]<\/p>\n","protected":false},"author":2,"featured_media":59943,"comment_status":"open","ping_status":"open","sticky":false,"template":"","format":"standard","meta":{"footnotes":""},"categories":[4],"tags":[10855,27369,1816,914,1217,5390,27370,3045,2479],"class_list":["post-59942","post","type-post","status-publish","format-standard","has-post-thumbnail","hentry","category-cultura","tag-brasil-colonia","tag-esfolamento","tag-indigenas","tag-literatura","tag-livro","tag-livros","tag-pesadelo-tropical","tag-romance","tag-violencia"],"yoast_head":"<!-- This site is optimized with the Yoast SEO plugin v26.5 - https:\/\/yoast.com\/wordpress\/plugins\/seo\/ -->\n<title>Pesadelo Tropical: romance une faroeste e barroco em cr\u00edtica \u00e0 viol\u00eancia do Brasil Col\u00f4nia - Jornal Fatos e Not\u00edcias<\/title>\n<meta name=\"robots\" content=\"index, follow, max-snippet:-1, max-image-preview:large, max-video-preview:-1\" \/>\n<link rel=\"canonical\" href=\"https:\/\/jornalfatosenoticias.com.br\/index.php\/2025\/06\/17\/pesadelo-tropical-romance-une-faroeste-e-barroco-em-critica-a-violencia-do-brasil-colonia\/\" \/>\n<meta property=\"og:locale\" content=\"pt_BR\" \/>\n<meta property=\"og:type\" content=\"article\" \/>\n<meta property=\"og:title\" content=\"Pesadelo Tropical: romance une faroeste e barroco em cr\u00edtica \u00e0 viol\u00eancia do Brasil Col\u00f4nia - Jornal Fatos e Not\u00edcias\" \/>\n<meta property=\"og:description\" content=\"Em livro, jornalista revisita criticamente a viol\u00eancia que marcou a forma\u00e7\u00e3o colonial do Brasil, mesclando hist\u00f3ria e fic\u00e7\u00e3o Por Giovanna Gomes Em seu livro &#8220;Pesadelo Tropical&#8220;, o jornalista e escritor\u00a0Marcos Vin\u00edcius Almeida\u00a0funde\u00a0faroeste, barroco e p\u00f3s-apocalipse para revisitar criticamente a viol\u00eancia que marcou a forma\u00e7\u00e3o colonial do Brasil. Inspirado na lenda de Janu\u00e1rio Garcia Leal, o [&hellip;]\" \/>\n<meta property=\"og:url\" content=\"https:\/\/jornalfatosenoticias.com.br\/index.php\/2025\/06\/17\/pesadelo-tropical-romance-une-faroeste-e-barroco-em-critica-a-violencia-do-brasil-colonia\/\" \/>\n<meta property=\"og:site_name\" content=\"Jornal Fatos e Not\u00edcias\" \/>\n<meta property=\"article:published_time\" content=\"2025-06-17T13:27:49+00:00\" \/>\n<meta property=\"article:modified_time\" content=\"2025-06-17T13:27:51+00:00\" \/>\n<meta property=\"og:image\" content=\"https:\/\/jornalfatosenoticias.com.br\/wp-content\/uploads\/2025\/06\/LIVRO-PESADELO-TROPICAL.jpg\" \/>\n\t<meta property=\"og:image:width\" content=\"800\" \/>\n\t<meta property=\"og:image:height\" content=\"450\" \/>\n\t<meta property=\"og:image:type\" content=\"image\/jpeg\" \/>\n<meta name=\"author\" content=\"Luzimara Fernandes\" \/>\n<meta name=\"twitter:card\" content=\"summary_large_image\" \/>\n<meta name=\"twitter:label1\" content=\"Escrito por\" \/>\n\t<meta name=\"twitter:data1\" content=\"Luzimara Fernandes\" \/>\n\t<meta name=\"twitter:label2\" content=\"Est. tempo de leitura\" \/>\n\t<meta name=\"twitter:data2\" content=\"6 minutos\" \/>\n<script type=\"application\/ld+json\" class=\"yoast-schema-graph\">{\"@context\":\"https:\/\/schema.org\",\"@graph\":[{\"@type\":\"Article\",\"@id\":\"https:\/\/jornalfatosenoticias.com.br\/index.php\/2025\/06\/17\/pesadelo-tropical-romance-une-faroeste-e-barroco-em-critica-a-violencia-do-brasil-colonia\/#article\",\"isPartOf\":{\"@id\":\"https:\/\/jornalfatosenoticias.com.br\/index.php\/2025\/06\/17\/pesadelo-tropical-romance-une-faroeste-e-barroco-em-critica-a-violencia-do-brasil-colonia\/\"},\"author\":{\"name\":\"Luzimara Fernandes\",\"@id\":\"https:\/\/jornalfatosenoticias.com.br\/#\/schema\/person\/d63837fa13ac8666eb9e74e0985d6f81\"},\"headline\":\"Pesadelo Tropical: romance une faroeste e barroco em cr\u00edtica \u00e0 viol\u00eancia do Brasil Col\u00f4nia\",\"datePublished\":\"2025-06-17T13:27:49+00:00\",\"dateModified\":\"2025-06-17T13:27:51+00:00\",\"mainEntityOfPage\":{\"@id\":\"https:\/\/jornalfatosenoticias.com.br\/index.php\/2025\/06\/17\/pesadelo-tropical-romance-une-faroeste-e-barroco-em-critica-a-violencia-do-brasil-colonia\/\"},\"wordCount\":1318,\"commentCount\":0,\"publisher\":{\"@id\":\"https:\/\/jornalfatosenoticias.com.br\/#organization\"},\"image\":{\"@id\":\"https:\/\/jornalfatosenoticias.com.br\/index.php\/2025\/06\/17\/pesadelo-tropical-romance-une-faroeste-e-barroco-em-critica-a-violencia-do-brasil-colonia\/#primaryimage\"},\"thumbnailUrl\":\"https:\/\/jornalfatosenoticias.com.br\/wp-content\/uploads\/2025\/06\/LIVRO-PESADELO-TROPICAL.jpg\",\"keywords\":[\"Brasil Col\u00f4nia\",\"esfolamento\",\"ind\u00edgenas\",\"literatura\",\"livro\",\"livros\",\"Pesadelo Tropical\",\"romance\",\"viol\u00eancia\"],\"articleSection\":[\"Cultura\"],\"inLanguage\":\"pt-BR\",\"potentialAction\":[{\"@type\":\"CommentAction\",\"name\":\"Comment\",\"target\":[\"https:\/\/jornalfatosenoticias.com.br\/index.php\/2025\/06\/17\/pesadelo-tropical-romance-une-faroeste-e-barroco-em-critica-a-violencia-do-brasil-colonia\/#respond\"]}]},{\"@type\":\"WebPage\",\"@id\":\"https:\/\/jornalfatosenoticias.com.br\/index.php\/2025\/06\/17\/pesadelo-tropical-romance-une-faroeste-e-barroco-em-critica-a-violencia-do-brasil-colonia\/\",\"url\":\"https:\/\/jornalfatosenoticias.com.br\/index.php\/2025\/06\/17\/pesadelo-tropical-romance-une-faroeste-e-barroco-em-critica-a-violencia-do-brasil-colonia\/\",\"name\":\"Pesadelo Tropical: romance une faroeste e barroco em cr\u00edtica \u00e0 viol\u00eancia do Brasil Col\u00f4nia - Jornal Fatos e Not\u00edcias\",\"isPartOf\":{\"@id\":\"https:\/\/jornalfatosenoticias.com.br\/#website\"},\"primaryImageOfPage\":{\"@id\":\"https:\/\/jornalfatosenoticias.com.br\/index.php\/2025\/06\/17\/pesadelo-tropical-romance-une-faroeste-e-barroco-em-critica-a-violencia-do-brasil-colonia\/#primaryimage\"},\"image\":{\"@id\":\"https:\/\/jornalfatosenoticias.com.br\/index.php\/2025\/06\/17\/pesadelo-tropical-romance-une-faroeste-e-barroco-em-critica-a-violencia-do-brasil-colonia\/#primaryimage\"},\"thumbnailUrl\":\"https:\/\/jornalfatosenoticias.com.br\/wp-content\/uploads\/2025\/06\/LIVRO-PESADELO-TROPICAL.jpg\",\"datePublished\":\"2025-06-17T13:27:49+00:00\",\"dateModified\":\"2025-06-17T13:27:51+00:00\",\"breadcrumb\":{\"@id\":\"https:\/\/jornalfatosenoticias.com.br\/index.php\/2025\/06\/17\/pesadelo-tropical-romance-une-faroeste-e-barroco-em-critica-a-violencia-do-brasil-colonia\/#breadcrumb\"},\"inLanguage\":\"pt-BR\",\"potentialAction\":[{\"@type\":\"ReadAction\",\"target\":[\"https:\/\/jornalfatosenoticias.com.br\/index.php\/2025\/06\/17\/pesadelo-tropical-romance-une-faroeste-e-barroco-em-critica-a-violencia-do-brasil-colonia\/\"]}]},{\"@type\":\"ImageObject\",\"inLanguage\":\"pt-BR\",\"@id\":\"https:\/\/jornalfatosenoticias.com.br\/index.php\/2025\/06\/17\/pesadelo-tropical-romance-une-faroeste-e-barroco-em-critica-a-violencia-do-brasil-colonia\/#primaryimage\",\"url\":\"https:\/\/jornalfatosenoticias.com.br\/wp-content\/uploads\/2025\/06\/LIVRO-PESADELO-TROPICAL.jpg\",\"contentUrl\":\"https:\/\/jornalfatosenoticias.com.br\/wp-content\/uploads\/2025\/06\/LIVRO-PESADELO-TROPICAL.jpg\",\"width\":800,\"height\":450},{\"@type\":\"BreadcrumbList\",\"@id\":\"https:\/\/jornalfatosenoticias.com.br\/index.php\/2025\/06\/17\/pesadelo-tropical-romance-une-faroeste-e-barroco-em-critica-a-violencia-do-brasil-colonia\/#breadcrumb\",\"itemListElement\":[{\"@type\":\"ListItem\",\"position\":1,\"name\":\"In\u00edcio\",\"item\":\"https:\/\/jornalfatosenoticias.com.br\/\"},{\"@type\":\"ListItem\",\"position\":2,\"name\":\"Pesadelo Tropical: romance une faroeste e barroco em cr\u00edtica \u00e0 viol\u00eancia do Brasil Col\u00f4nia\"}]},{\"@type\":\"WebSite\",\"@id\":\"https:\/\/jornalfatosenoticias.com.br\/#website\",\"url\":\"https:\/\/jornalfatosenoticias.com.br\/\",\"name\":\"Jornal Fatos e Not\u00edcias\",\"description\":\"Not\u00edcias em geral\",\"publisher\":{\"@id\":\"https:\/\/jornalfatosenoticias.com.br\/#organization\"},\"potentialAction\":[{\"@type\":\"SearchAction\",\"target\":{\"@type\":\"EntryPoint\",\"urlTemplate\":\"https:\/\/jornalfatosenoticias.com.br\/?s={search_term_string}\"},\"query-input\":{\"@type\":\"PropertyValueSpecification\",\"valueRequired\":true,\"valueName\":\"search_term_string\"}}],\"inLanguage\":\"pt-BR\"},{\"@type\":\"Organization\",\"@id\":\"https:\/\/jornalfatosenoticias.com.br\/#organization\",\"name\":\"Jornal Fatos e Not\u00edcias\",\"url\":\"https:\/\/jornalfatosenoticias.com.br\/\",\"logo\":{\"@type\":\"ImageObject\",\"inLanguage\":\"pt-BR\",\"@id\":\"https:\/\/jornalfatosenoticias.com.br\/#\/schema\/logo\/image\/\",\"url\":\"https:\/\/jornalfatosenoticias.com.br\/wp-content\/uploads\/2020\/02\/logo120.png\",\"contentUrl\":\"https:\/\/jornalfatosenoticias.com.br\/wp-content\/uploads\/2020\/02\/logo120.png\",\"width\":1227,\"height\":120,\"caption\":\"Jornal Fatos e Not\u00edcias\"},\"image\":{\"@id\":\"https:\/\/jornalfatosenoticias.com.br\/#\/schema\/logo\/image\/\"}},{\"@type\":\"Person\",\"@id\":\"https:\/\/jornalfatosenoticias.com.br\/#\/schema\/person\/d63837fa13ac8666eb9e74e0985d6f81\",\"name\":\"Luzimara Fernandes\",\"image\":{\"@type\":\"ImageObject\",\"inLanguage\":\"pt-BR\",\"@id\":\"https:\/\/jornalfatosenoticias.com.br\/#\/schema\/person\/image\/\",\"url\":\"https:\/\/jornalfatosenoticias.com.br\/wp-content\/uploads\/2025\/05\/EU_portal.jpg\",\"contentUrl\":\"https:\/\/jornalfatosenoticias.com.br\/wp-content\/uploads\/2025\/05\/EU_portal.jpg\",\"caption\":\"Luzimara Fernandes\"},\"description\":\"Jornalista MTB 2358-ES\",\"sameAs\":[\"https:\/\/jornalfatosenoticias.com.br\"],\"url\":\"https:\/\/jornalfatosenoticias.com.br\/index.php\/author\/luzimara\/\"}]}<\/script>\n<!-- \/ Yoast SEO plugin. -->","yoast_head_json":{"title":"Pesadelo Tropical: romance une faroeste e barroco em cr\u00edtica \u00e0 viol\u00eancia do Brasil Col\u00f4nia - Jornal Fatos e Not\u00edcias","robots":{"index":"index","follow":"follow","max-snippet":"max-snippet:-1","max-image-preview":"max-image-preview:large","max-video-preview":"max-video-preview:-1"},"canonical":"https:\/\/jornalfatosenoticias.com.br\/index.php\/2025\/06\/17\/pesadelo-tropical-romance-une-faroeste-e-barroco-em-critica-a-violencia-do-brasil-colonia\/","og_locale":"pt_BR","og_type":"article","og_title":"Pesadelo Tropical: romance une faroeste e barroco em cr\u00edtica \u00e0 viol\u00eancia do Brasil Col\u00f4nia - Jornal Fatos e Not\u00edcias","og_description":"Em livro, jornalista revisita criticamente a viol\u00eancia que marcou a forma\u00e7\u00e3o colonial do Brasil, mesclando hist\u00f3ria e fic\u00e7\u00e3o Por Giovanna Gomes Em seu livro &#8220;Pesadelo Tropical&#8220;, o jornalista e escritor\u00a0Marcos Vin\u00edcius Almeida\u00a0funde\u00a0faroeste, barroco e p\u00f3s-apocalipse para revisitar criticamente a viol\u00eancia que marcou a forma\u00e7\u00e3o colonial do Brasil. Inspirado na lenda de Janu\u00e1rio Garcia Leal, o [&hellip;]","og_url":"https:\/\/jornalfatosenoticias.com.br\/index.php\/2025\/06\/17\/pesadelo-tropical-romance-une-faroeste-e-barroco-em-critica-a-violencia-do-brasil-colonia\/","og_site_name":"Jornal Fatos e Not\u00edcias","article_published_time":"2025-06-17T13:27:49+00:00","article_modified_time":"2025-06-17T13:27:51+00:00","og_image":[{"width":800,"height":450,"url":"https:\/\/jornalfatosenoticias.com.br\/wp-content\/uploads\/2025\/06\/LIVRO-PESADELO-TROPICAL.jpg","type":"image\/jpeg"}],"author":"Luzimara Fernandes","twitter_card":"summary_large_image","twitter_misc":{"Escrito por":"Luzimara Fernandes","Est. tempo de leitura":"6 minutos"},"schema":{"@context":"https:\/\/schema.org","@graph":[{"@type":"Article","@id":"https:\/\/jornalfatosenoticias.com.br\/index.php\/2025\/06\/17\/pesadelo-tropical-romance-une-faroeste-e-barroco-em-critica-a-violencia-do-brasil-colonia\/#article","isPartOf":{"@id":"https:\/\/jornalfatosenoticias.com.br\/index.php\/2025\/06\/17\/pesadelo-tropical-romance-une-faroeste-e-barroco-em-critica-a-violencia-do-brasil-colonia\/"},"author":{"name":"Luzimara Fernandes","@id":"https:\/\/jornalfatosenoticias.com.br\/#\/schema\/person\/d63837fa13ac8666eb9e74e0985d6f81"},"headline":"Pesadelo Tropical: romance une faroeste e barroco em cr\u00edtica \u00e0 viol\u00eancia do Brasil Col\u00f4nia","datePublished":"2025-06-17T13:27:49+00:00","dateModified":"2025-06-17T13:27:51+00:00","mainEntityOfPage":{"@id":"https:\/\/jornalfatosenoticias.com.br\/index.php\/2025\/06\/17\/pesadelo-tropical-romance-une-faroeste-e-barroco-em-critica-a-violencia-do-brasil-colonia\/"},"wordCount":1318,"commentCount":0,"publisher":{"@id":"https:\/\/jornalfatosenoticias.com.br\/#organization"},"image":{"@id":"https:\/\/jornalfatosenoticias.com.br\/index.php\/2025\/06\/17\/pesadelo-tropical-romance-une-faroeste-e-barroco-em-critica-a-violencia-do-brasil-colonia\/#primaryimage"},"thumbnailUrl":"https:\/\/jornalfatosenoticias.com.br\/wp-content\/uploads\/2025\/06\/LIVRO-PESADELO-TROPICAL.jpg","keywords":["Brasil Col\u00f4nia","esfolamento","ind\u00edgenas","literatura","livro","livros","Pesadelo Tropical","romance","viol\u00eancia"],"articleSection":["Cultura"],"inLanguage":"pt-BR","potentialAction":[{"@type":"CommentAction","name":"Comment","target":["https:\/\/jornalfatosenoticias.com.br\/index.php\/2025\/06\/17\/pesadelo-tropical-romance-une-faroeste-e-barroco-em-critica-a-violencia-do-brasil-colonia\/#respond"]}]},{"@type":"WebPage","@id":"https:\/\/jornalfatosenoticias.com.br\/index.php\/2025\/06\/17\/pesadelo-tropical-romance-une-faroeste-e-barroco-em-critica-a-violencia-do-brasil-colonia\/","url":"https:\/\/jornalfatosenoticias.com.br\/index.php\/2025\/06\/17\/pesadelo-tropical-romance-une-faroeste-e-barroco-em-critica-a-violencia-do-brasil-colonia\/","name":"Pesadelo Tropical: romance une faroeste e barroco em cr\u00edtica \u00e0 viol\u00eancia do Brasil Col\u00f4nia - Jornal Fatos e Not\u00edcias","isPartOf":{"@id":"https:\/\/jornalfatosenoticias.com.br\/#website"},"primaryImageOfPage":{"@id":"https:\/\/jornalfatosenoticias.com.br\/index.php\/2025\/06\/17\/pesadelo-tropical-romance-une-faroeste-e-barroco-em-critica-a-violencia-do-brasil-colonia\/#primaryimage"},"image":{"@id":"https:\/\/jornalfatosenoticias.com.br\/index.php\/2025\/06\/17\/pesadelo-tropical-romance-une-faroeste-e-barroco-em-critica-a-violencia-do-brasil-colonia\/#primaryimage"},"thumbnailUrl":"https:\/\/jornalfatosenoticias.com.br\/wp-content\/uploads\/2025\/06\/LIVRO-PESADELO-TROPICAL.jpg","datePublished":"2025-06-17T13:27:49+00:00","dateModified":"2025-06-17T13:27:51+00:00","breadcrumb":{"@id":"https:\/\/jornalfatosenoticias.com.br\/index.php\/2025\/06\/17\/pesadelo-tropical-romance-une-faroeste-e-barroco-em-critica-a-violencia-do-brasil-colonia\/#breadcrumb"},"inLanguage":"pt-BR","potentialAction":[{"@type":"ReadAction","target":["https:\/\/jornalfatosenoticias.com.br\/index.php\/2025\/06\/17\/pesadelo-tropical-romance-une-faroeste-e-barroco-em-critica-a-violencia-do-brasil-colonia\/"]}]},{"@type":"ImageObject","inLanguage":"pt-BR","@id":"https:\/\/jornalfatosenoticias.com.br\/index.php\/2025\/06\/17\/pesadelo-tropical-romance-une-faroeste-e-barroco-em-critica-a-violencia-do-brasil-colonia\/#primaryimage","url":"https:\/\/jornalfatosenoticias.com.br\/wp-content\/uploads\/2025\/06\/LIVRO-PESADELO-TROPICAL.jpg","contentUrl":"https:\/\/jornalfatosenoticias.com.br\/wp-content\/uploads\/2025\/06\/LIVRO-PESADELO-TROPICAL.jpg","width":800,"height":450},{"@type":"BreadcrumbList","@id":"https:\/\/jornalfatosenoticias.com.br\/index.php\/2025\/06\/17\/pesadelo-tropical-romance-une-faroeste-e-barroco-em-critica-a-violencia-do-brasil-colonia\/#breadcrumb","itemListElement":[{"@type":"ListItem","position":1,"name":"In\u00edcio","item":"https:\/\/jornalfatosenoticias.com.br\/"},{"@type":"ListItem","position":2,"name":"Pesadelo Tropical: romance une faroeste e barroco em cr\u00edtica \u00e0 viol\u00eancia do Brasil Col\u00f4nia"}]},{"@type":"WebSite","@id":"https:\/\/jornalfatosenoticias.com.br\/#website","url":"https:\/\/jornalfatosenoticias.com.br\/","name":"Jornal Fatos e Not\u00edcias","description":"Not\u00edcias em geral","publisher":{"@id":"https:\/\/jornalfatosenoticias.com.br\/#organization"},"potentialAction":[{"@type":"SearchAction","target":{"@type":"EntryPoint","urlTemplate":"https:\/\/jornalfatosenoticias.com.br\/?s={search_term_string}"},"query-input":{"@type":"PropertyValueSpecification","valueRequired":true,"valueName":"search_term_string"}}],"inLanguage":"pt-BR"},{"@type":"Organization","@id":"https:\/\/jornalfatosenoticias.com.br\/#organization","name":"Jornal Fatos e Not\u00edcias","url":"https:\/\/jornalfatosenoticias.com.br\/","logo":{"@type":"ImageObject","inLanguage":"pt-BR","@id":"https:\/\/jornalfatosenoticias.com.br\/#\/schema\/logo\/image\/","url":"https:\/\/jornalfatosenoticias.com.br\/wp-content\/uploads\/2020\/02\/logo120.png","contentUrl":"https:\/\/jornalfatosenoticias.com.br\/wp-content\/uploads\/2020\/02\/logo120.png","width":1227,"height":120,"caption":"Jornal Fatos e Not\u00edcias"},"image":{"@id":"https:\/\/jornalfatosenoticias.com.br\/#\/schema\/logo\/image\/"}},{"@type":"Person","@id":"https:\/\/jornalfatosenoticias.com.br\/#\/schema\/person\/d63837fa13ac8666eb9e74e0985d6f81","name":"Luzimara Fernandes","image":{"@type":"ImageObject","inLanguage":"pt-BR","@id":"https:\/\/jornalfatosenoticias.com.br\/#\/schema\/person\/image\/","url":"https:\/\/jornalfatosenoticias.com.br\/wp-content\/uploads\/2025\/05\/EU_portal.jpg","contentUrl":"https:\/\/jornalfatosenoticias.com.br\/wp-content\/uploads\/2025\/05\/EU_portal.jpg","caption":"Luzimara Fernandes"},"description":"Jornalista MTB 2358-ES","sameAs":["https:\/\/jornalfatosenoticias.com.br"],"url":"https:\/\/jornalfatosenoticias.com.br\/index.php\/author\/luzimara\/"}]}},"cc_featured_image_caption":{"caption_text":"(Foto: Marcos Vin\u00edcius Almeida\/Divulga\u00e7\u00e3o) ","source_text":"","source_url":""},"jetpack_featured_media_url":"https:\/\/jornalfatosenoticias.com.br\/wp-content\/uploads\/2025\/06\/LIVRO-PESADELO-TROPICAL.jpg","_links":{"self":[{"href":"https:\/\/jornalfatosenoticias.com.br\/index.php\/wp-json\/wp\/v2\/posts\/59942","targetHints":{"allow":["GET"]}}],"collection":[{"href":"https:\/\/jornalfatosenoticias.com.br\/index.php\/wp-json\/wp\/v2\/posts"}],"about":[{"href":"https:\/\/jornalfatosenoticias.com.br\/index.php\/wp-json\/wp\/v2\/types\/post"}],"author":[{"embeddable":true,"href":"https:\/\/jornalfatosenoticias.com.br\/index.php\/wp-json\/wp\/v2\/users\/2"}],"replies":[{"embeddable":true,"href":"https:\/\/jornalfatosenoticias.com.br\/index.php\/wp-json\/wp\/v2\/comments?post=59942"}],"version-history":[{"count":0,"href":"https:\/\/jornalfatosenoticias.com.br\/index.php\/wp-json\/wp\/v2\/posts\/59942\/revisions"}],"wp:featuredmedia":[{"embeddable":true,"href":"https:\/\/jornalfatosenoticias.com.br\/index.php\/wp-json\/wp\/v2\/media\/59943"}],"wp:attachment":[{"href":"https:\/\/jornalfatosenoticias.com.br\/index.php\/wp-json\/wp\/v2\/media?parent=59942"}],"wp:term":[{"taxonomy":"category","embeddable":true,"href":"https:\/\/jornalfatosenoticias.com.br\/index.php\/wp-json\/wp\/v2\/categories?post=59942"},{"taxonomy":"post_tag","embeddable":true,"href":"https:\/\/jornalfatosenoticias.com.br\/index.php\/wp-json\/wp\/v2\/tags?post=59942"}],"curies":[{"name":"wp","href":"https:\/\/api.w.org\/{rel}","templated":true}]}}