{"id":60049,"date":"2025-06-18T10:03:01","date_gmt":"2025-06-18T13:03:01","guid":{"rendered":"https:\/\/jornalfatosenoticias.com.br\/?p=60049"},"modified":"2025-06-18T10:03:04","modified_gmt":"2025-06-18T13:03:04","slug":"os-bebes-se-lembram-de-algo-entenda-a-explicacao-cientifica-para-a-memoria-da-primeira-infancia","status":"publish","type":"post","link":"https:\/\/jornalfatosenoticias.com.br\/index.php\/2025\/06\/18\/os-bebes-se-lembram-de-algo-entenda-a-explicacao-cientifica-para-a-memoria-da-primeira-infancia\/","title":{"rendered":"Os beb\u00eas se lembram de algo? Entenda a explica\u00e7\u00e3o cient\u00edfica para a mem\u00f3ria da primeira inf\u00e2ncia"},"content":{"rendered":"\n<p><em><span class=\"has-inline-color has-black-color\">Mem\u00f3rias da primeira inf\u00e2ncia: inacess\u00edveis ou perdidas? Ci\u00eancia tenta responder \u00e0 quest\u00e3o em novo estudo<\/span><\/em><\/p>\n\n\n\n<p><span class=\"has-inline-color has-black-color\">Por <strong><a href=\"https:\/\/www.bonsfluidos.com.br\/author\/isabella-bisordi\">Isabella Bisordi<\/a><\/strong><\/span><\/p>\n\n\n\n<div class=\"wp-block-image\"><figure class=\"aligncenter size-large\"><a href=\"https:\/\/mizu.com.br\/\"><img loading=\"lazy\" decoding=\"async\" width=\"729\" height=\"90\" src=\"https:\/\/jornalfatosenoticias.com.br\/wp-content\/uploads\/2020\/02\/Logo_Mizu.png\" alt=\"\" class=\"wp-image-1441\" srcset=\"https:\/\/jornalfatosenoticias.com.br\/wp-content\/uploads\/2020\/02\/Logo_Mizu.png 729w, https:\/\/jornalfatosenoticias.com.br\/wp-content\/uploads\/2020\/02\/Logo_Mizu-300x37.png 300w\" sizes=\"auto, (max-width: 729px) 100vw, 729px\" \/><\/a><\/figure><\/div>\n\n\n\n<p>A maioria das pessoas n\u00e3o se lembra dos primeiros anos de vida, n\u00e3o \u00e9 mesmo? Apesar disso, n\u00e3o significa que essas experi\u00eancias simplesmente desaparecem. Um estudo publicado pela revista <em>Science<\/em> mostra que o c\u00e9rebro dos <a href=\"https:\/\/www.bonsfluidos.com.br\/diversos\/em-paises-nordicos-pais-deixam-bebes-dormirem-ao-ar-livre-em-temperaturas-abaixo-de-zero-entenda-o-motivo.phtml\">beb\u00eas<\/a> forma mem\u00f3rias que podem apenas se tornar inacess\u00edveis com o tempo.<br>O fen\u00f4meno, chamado de amn\u00e9sia infantil na pesquisa, ocorre apesar da intensa <a href=\"https:\/\/www.bonsfluidos.com.br\/saude\/o-que-e-o-efeito-placebo-e-como-ele-funciona-no-cerebro.phtml\">atividade cerebral<\/a> dos primeiros anos. \u00c9 nessa fase que os beb\u00eas aprendem a reconhecer rostos, vozes e objetos, formando conex\u00f5es fundamentais pelo hipocampo \u2014 regi\u00e3o do c\u00e9rebro respons\u00e1vel pela organiza\u00e7\u00e3o da mem\u00f3ria, que ainda est\u00e1 em desenvolvimento.<\/p>\n\n\n\n<div class=\"wp-block-image\"><figure class=\"aligncenter size-large\"><a href=\"https:\/\/www.cesconetto.com.br\/\"><img loading=\"lazy\" decoding=\"async\" width=\"300\" height=\"250\" src=\"https:\/\/jornalfatosenoticias.com.br\/wp-content\/uploads\/2020\/02\/Banner-2.png\" alt=\"\" class=\"wp-image-43787\"\/><\/a><\/figure><\/div>\n\n\n\n<p>O estudo em quest\u00e3o acompanhou 26 beb\u00eas, divididos entre menores e maiores de um ano, que observaram imagens variadas. Posteriormente, essas mesmas imagens foram apresentadas, enquanto a atividade <a href=\"https:\/\/www.bonsfluidos.com.br\/saude\/o-que-acontece-no-nosso-cerebro-enquanto-dormimos.phtml\">cerebral<\/a>\u00a0era monitorada por\u00a0<em>resson\u00e2ncia magn\u00e9tica funcional (fMRI)<\/em>.\u00a0<\/p>\n\n\n\n<div class=\"wp-block-image\"><figure class=\"aligncenter size-large is-resized\"><a href=\"https:\/\/www.legisjuris.com.br\/\"><img loading=\"lazy\" decoding=\"async\" src=\"https:\/\/jornalfatosenoticias.com.br\/wp-content\/uploads\/2024\/09\/Legis-Juris-Consultoria_logo.jpg\" alt=\"\" class=\"wp-image-53915\" width=\"532\" height=\"223\" srcset=\"https:\/\/jornalfatosenoticias.com.br\/wp-content\/uploads\/2024\/09\/Legis-Juris-Consultoria_logo.jpg 969w, https:\/\/jornalfatosenoticias.com.br\/wp-content\/uploads\/2024\/09\/Legis-Juris-Consultoria_logo-300x126.jpg 300w, https:\/\/jornalfatosenoticias.com.br\/wp-content\/uploads\/2024\/09\/Legis-Juris-Consultoria_logo-768x322.jpg 768w\" sizes=\"auto, (max-width: 532px) 100vw, 532px\" \/><\/a><\/figure><\/div>\n\n\n\n<p>Como os <a href=\"https:\/\/www.bonsfluidos.com.br\/comportamento\/voce-sabia-que-existem-alguns-nomes-proibidos-para-bebes-descubra-quais-sao-eles.phtml\">beb\u00eas<\/a> ainda n\u00e3o se comunicam verbalmente, os pesquisadores utilizaram a criatividade para conduzir o experimento. Para mant\u00ea-los calmos e atentos, foram usados itens familiares, como chupetas, bichos de pel\u00facia e fundos com padr\u00f5es psicod\u00e9licos.<\/p>\n\n\n\n<div class=\"wp-block-image\"><figure class=\"aligncenter size-large is-resized\"><a href=\"https:\/\/hotelmarquetti.com.br\/\"><img loading=\"lazy\" decoding=\"async\" src=\"https:\/\/jornalfatosenoticias.com.br\/wp-content\/uploads\/2020\/02\/LOGO-MQ-1024x680.jpg\" alt=\"\" class=\"wp-image-58299\" width=\"325\" height=\"216\" srcset=\"https:\/\/jornalfatosenoticias.com.br\/wp-content\/uploads\/2020\/02\/LOGO-MQ-1024x680.jpg 1024w, https:\/\/jornalfatosenoticias.com.br\/wp-content\/uploads\/2020\/02\/LOGO-MQ-300x199.jpg 300w, https:\/\/jornalfatosenoticias.com.br\/wp-content\/uploads\/2020\/02\/LOGO-MQ-768x510.jpg 768w, https:\/\/jornalfatosenoticias.com.br\/wp-content\/uploads\/2020\/02\/LOGO-MQ-1536x1020.jpg 1536w, https:\/\/jornalfatosenoticias.com.br\/wp-content\/uploads\/2020\/02\/LOGO-MQ-2048x1360.jpg 2048w\" sizes=\"auto, (max-width: 325px) 100vw, 325px\" \/><\/a><\/figure><\/div>\n\n\n\n<p>Os resultados mostraram que os beb\u00eas mais velhos (acima de um ano) apresentaram maior atividade no hipocampo durante tarefas de mem\u00f3ria \u2014 especialmente aqueles com melhor desempenho ao reconhecer imagens. Segundo Nick Turk-Browne, professor de Psicologia em <em>Yale<\/em> e um dos autores principais da pesquisa, \u00e9 poss\u00edvel concluir que os beb\u00eas t\u00eam capacidade de codificar <a href=\"https:\/\/www.bonsfluidos.com.br\/bem-estar\/novas-experiencias-na-rotina-ajudam-a-melhorar-a-memoria-aponta-estudo.phtml\">lembran\u00e7as<\/a> epis\u00f3dicas no hipocampo desde, aproximadamente, um ano de idade.<\/p>\n\n\n\n<div class=\"wp-block-image\"><figure class=\"aligncenter size-large\"><a href=\"http:\/\/www.ferrarimaquinas.com.br\/\"><img loading=\"lazy\" decoding=\"async\" width=\"300\" height=\"250\" src=\"https:\/\/jornalfatosenoticias.com.br\/wp-content\/uploads\/2022\/02\/FERRARI_MAQUINAS-E-FERRAMENTAS2.jpg\" alt=\"\" class=\"wp-image-27860\"\/><\/a><\/figure><\/div>\n\n\n\n<p><strong><span class=\"has-inline-color has-vivid-purple-color\">Lembran\u00e7as esquecidas ou inacess\u00edveis?<br><\/span><\/strong>A grande quest\u00e3o que permanece \u00e9: o que acontece com as primeiras lembran\u00e7as ao longo do tempo? O pesquisador acredita que essas mem\u00f3rias podem permanecer no c\u00e9rebro, mas se tornam inacess\u00edveis \u00e0 medida que ele se desenvolve.<\/p>\n\n\n\n<blockquote class=\"wp-block-quote is-layout-flow wp-block-quote-is-layout-flow\"><p><span class=\"has-inline-color has-luminous-vivid-orange-color\">N\u00e3o lembramos de nenhuma dessas experi\u00eancias, pois existe uma esp\u00e9cie de desajuste entre essa incr\u00edvel plasticidade do c\u00e9rebro e nossa capacidade de aprendizado\u201d, explicou.<\/span><\/p><\/blockquote>\n\n\n\n<div class=\"wp-block-image\"><figure class=\"aligncenter size-large is-resized\"><a href=\"https:\/\/www.instagram.com\/gruposei\/\"><img loading=\"lazy\" decoding=\"async\" src=\"https:\/\/jornalfatosenoticias.com.br\/wp-content\/uploads\/2022\/07\/Logo-Grupo-SEI.jpg\" alt=\"\" class=\"wp-image-31973\" width=\"379\" height=\"199\" srcset=\"https:\/\/jornalfatosenoticias.com.br\/wp-content\/uploads\/2022\/07\/Logo-Grupo-SEI.jpg 713w, https:\/\/jornalfatosenoticias.com.br\/wp-content\/uploads\/2022\/07\/Logo-Grupo-SEI-300x158.jpg 300w\" sizes=\"auto, (max-width: 379px) 100vw, 379px\" \/><\/a><\/figure><\/div>\n\n\n\n<p>Essas descobertas refor\u00e7am a import\u00e2ncia dos est\u00edmulos e v\u00ednculos afetivos nos primeiros anos de vida, mesmo que n\u00e3o fiquem acess\u00edveis na mem\u00f3ria <a href=\"https:\/\/www.bonsfluidos.com.br\/bem-estar\/cinco-exercicios-praticos-para-melhorar-a-memoria-no-dia-a-dia.phtml\">consciente<\/a>. Afinal, o c\u00e9rebro infantil est\u00e1 absorvendo muito mais do que somos capazes de lembrar.<\/p>\n\n\n\n<p><strong>Fonte: <a href=\"https:\/\/www.bonsfluidos.com.br\/comportamento\/os-bebes-se-lembram-de-algo-entenda-a-explicacao-cientifica-para-as-memorias-da-primeira-infancia.phtml\">Bons Fluidos<\/a><\/strong><\/p>\n","protected":false},"excerpt":{"rendered":"<p>Mem\u00f3rias da primeira inf\u00e2ncia: inacess\u00edveis ou perdidas? Ci\u00eancia tenta responder \u00e0 quest\u00e3o em novo estudo Por Isabella Bisordi A maioria das pessoas n\u00e3o se lembra dos primeiros anos de vida, n\u00e3o \u00e9 mesmo? Apesar disso, n\u00e3o significa que essas experi\u00eancias simplesmente desaparecem. Um estudo publicado pela revista Science mostra que o c\u00e9rebro dos beb\u00eas forma [&hellip;]<\/p>\n","protected":false},"author":2,"featured_media":60051,"comment_status":"open","ping_status":"open","sticky":false,"template":"","format":"standard","meta":{"footnotes":""},"categories":[2522],"tags":[3214,2336,166,2697,2607,3247,11337,1986],"class_list":["post-60049","post","type-post","status-publish","format-standard","has-post-thumbnail","hentry","category-comportamento","tag-bebes","tag-cerebro","tag-ciencia","tag-hipocampo","tag-infancia","tag-memoria","tag-primeira-infancia","tag-psicologia"],"yoast_head":"<!-- This site is optimized with the Yoast SEO plugin v26.5 - https:\/\/yoast.com\/wordpress\/plugins\/seo\/ -->\n<title>Os beb\u00eas se lembram de algo? Entenda a explica\u00e7\u00e3o cient\u00edfica para a mem\u00f3ria da primeira inf\u00e2ncia - Jornal Fatos e Not\u00edcias<\/title>\n<meta name=\"robots\" content=\"index, follow, max-snippet:-1, max-image-preview:large, max-video-preview:-1\" \/>\n<link rel=\"canonical\" href=\"https:\/\/jornalfatosenoticias.com.br\/index.php\/2025\/06\/18\/os-bebes-se-lembram-de-algo-entenda-a-explicacao-cientifica-para-a-memoria-da-primeira-infancia\/\" \/>\n<meta property=\"og:locale\" content=\"pt_BR\" \/>\n<meta property=\"og:type\" content=\"article\" \/>\n<meta property=\"og:title\" content=\"Os beb\u00eas se lembram de algo? Entenda a explica\u00e7\u00e3o cient\u00edfica para a mem\u00f3ria da primeira inf\u00e2ncia - Jornal Fatos e Not\u00edcias\" \/>\n<meta property=\"og:description\" content=\"Mem\u00f3rias da primeira inf\u00e2ncia: inacess\u00edveis ou perdidas? Ci\u00eancia tenta responder \u00e0 quest\u00e3o em novo estudo Por Isabella Bisordi A maioria das pessoas n\u00e3o se lembra dos primeiros anos de vida, n\u00e3o \u00e9 mesmo? Apesar disso, n\u00e3o significa que essas experi\u00eancias simplesmente desaparecem. Um estudo publicado pela revista Science mostra que o c\u00e9rebro dos beb\u00eas forma [&hellip;]\" \/>\n<meta property=\"og:url\" content=\"https:\/\/jornalfatosenoticias.com.br\/index.php\/2025\/06\/18\/os-bebes-se-lembram-de-algo-entenda-a-explicacao-cientifica-para-a-memoria-da-primeira-infancia\/\" \/>\n<meta property=\"og:site_name\" content=\"Jornal Fatos e Not\u00edcias\" \/>\n<meta property=\"article:published_time\" content=\"2025-06-18T13:03:01+00:00\" \/>\n<meta property=\"article:modified_time\" content=\"2025-06-18T13:03:04+00:00\" \/>\n<meta property=\"og:image\" content=\"https:\/\/jornalfatosenoticias.com.br\/wp-content\/uploads\/2025\/06\/memoria-primeira-infancia_Julia.jpg\" \/>\n\t<meta property=\"og:image:width\" content=\"959\" \/>\n\t<meta property=\"og:image:height\" content=\"719\" \/>\n\t<meta property=\"og:image:type\" content=\"image\/jpeg\" \/>\n<meta name=\"author\" content=\"Luzimara Fernandes\" \/>\n<meta name=\"twitter:card\" content=\"summary_large_image\" \/>\n<meta name=\"twitter:label1\" content=\"Escrito por\" \/>\n\t<meta name=\"twitter:data1\" content=\"Luzimara Fernandes\" \/>\n\t<meta name=\"twitter:label2\" content=\"Est. tempo de leitura\" \/>\n\t<meta name=\"twitter:data2\" content=\"2 minutos\" \/>\n<script type=\"application\/ld+json\" class=\"yoast-schema-graph\">{\"@context\":\"https:\/\/schema.org\",\"@graph\":[{\"@type\":\"Article\",\"@id\":\"https:\/\/jornalfatosenoticias.com.br\/index.php\/2025\/06\/18\/os-bebes-se-lembram-de-algo-entenda-a-explicacao-cientifica-para-a-memoria-da-primeira-infancia\/#article\",\"isPartOf\":{\"@id\":\"https:\/\/jornalfatosenoticias.com.br\/index.php\/2025\/06\/18\/os-bebes-se-lembram-de-algo-entenda-a-explicacao-cientifica-para-a-memoria-da-primeira-infancia\/\"},\"author\":{\"name\":\"Luzimara Fernandes\",\"@id\":\"https:\/\/jornalfatosenoticias.com.br\/#\/schema\/person\/d63837fa13ac8666eb9e74e0985d6f81\"},\"headline\":\"Os beb\u00eas se lembram de algo? Entenda a explica\u00e7\u00e3o cient\u00edfica para a mem\u00f3ria da primeira inf\u00e2ncia\",\"datePublished\":\"2025-06-18T13:03:01+00:00\",\"dateModified\":\"2025-06-18T13:03:04+00:00\",\"mainEntityOfPage\":{\"@id\":\"https:\/\/jornalfatosenoticias.com.br\/index.php\/2025\/06\/18\/os-bebes-se-lembram-de-algo-entenda-a-explicacao-cientifica-para-a-memoria-da-primeira-infancia\/\"},\"wordCount\":427,\"commentCount\":0,\"publisher\":{\"@id\":\"https:\/\/jornalfatosenoticias.com.br\/#organization\"},\"image\":{\"@id\":\"https:\/\/jornalfatosenoticias.com.br\/index.php\/2025\/06\/18\/os-bebes-se-lembram-de-algo-entenda-a-explicacao-cientifica-para-a-memoria-da-primeira-infancia\/#primaryimage\"},\"thumbnailUrl\":\"https:\/\/jornalfatosenoticias.com.br\/wp-content\/uploads\/2025\/06\/memoria-primeira-infancia_Julia.jpg\",\"keywords\":[\"beb\u00eas\",\"c\u00e9rebro\",\"ci\u00eancia\",\"hipocampo\",\"inf\u00e2ncia\",\"mem\u00f3ria\",\"primeira inf\u00e2ncia\",\"psicologia\"],\"articleSection\":[\"Comportamento &amp; Equil\u00edbrio\"],\"inLanguage\":\"pt-BR\",\"potentialAction\":[{\"@type\":\"CommentAction\",\"name\":\"Comment\",\"target\":[\"https:\/\/jornalfatosenoticias.com.br\/index.php\/2025\/06\/18\/os-bebes-se-lembram-de-algo-entenda-a-explicacao-cientifica-para-a-memoria-da-primeira-infancia\/#respond\"]}]},{\"@type\":\"WebPage\",\"@id\":\"https:\/\/jornalfatosenoticias.com.br\/index.php\/2025\/06\/18\/os-bebes-se-lembram-de-algo-entenda-a-explicacao-cientifica-para-a-memoria-da-primeira-infancia\/\",\"url\":\"https:\/\/jornalfatosenoticias.com.br\/index.php\/2025\/06\/18\/os-bebes-se-lembram-de-algo-entenda-a-explicacao-cientifica-para-a-memoria-da-primeira-infancia\/\",\"name\":\"Os beb\u00eas se lembram de algo? Entenda a explica\u00e7\u00e3o cient\u00edfica para a mem\u00f3ria da primeira inf\u00e2ncia - Jornal Fatos e Not\u00edcias\",\"isPartOf\":{\"@id\":\"https:\/\/jornalfatosenoticias.com.br\/#website\"},\"primaryImageOfPage\":{\"@id\":\"https:\/\/jornalfatosenoticias.com.br\/index.php\/2025\/06\/18\/os-bebes-se-lembram-de-algo-entenda-a-explicacao-cientifica-para-a-memoria-da-primeira-infancia\/#primaryimage\"},\"image\":{\"@id\":\"https:\/\/jornalfatosenoticias.com.br\/index.php\/2025\/06\/18\/os-bebes-se-lembram-de-algo-entenda-a-explicacao-cientifica-para-a-memoria-da-primeira-infancia\/#primaryimage\"},\"thumbnailUrl\":\"https:\/\/jornalfatosenoticias.com.br\/wp-content\/uploads\/2025\/06\/memoria-primeira-infancia_Julia.jpg\",\"datePublished\":\"2025-06-18T13:03:01+00:00\",\"dateModified\":\"2025-06-18T13:03:04+00:00\",\"breadcrumb\":{\"@id\":\"https:\/\/jornalfatosenoticias.com.br\/index.php\/2025\/06\/18\/os-bebes-se-lembram-de-algo-entenda-a-explicacao-cientifica-para-a-memoria-da-primeira-infancia\/#breadcrumb\"},\"inLanguage\":\"pt-BR\",\"potentialAction\":[{\"@type\":\"ReadAction\",\"target\":[\"https:\/\/jornalfatosenoticias.com.br\/index.php\/2025\/06\/18\/os-bebes-se-lembram-de-algo-entenda-a-explicacao-cientifica-para-a-memoria-da-primeira-infancia\/\"]}]},{\"@type\":\"ImageObject\",\"inLanguage\":\"pt-BR\",\"@id\":\"https:\/\/jornalfatosenoticias.com.br\/index.php\/2025\/06\/18\/os-bebes-se-lembram-de-algo-entenda-a-explicacao-cientifica-para-a-memoria-da-primeira-infancia\/#primaryimage\",\"url\":\"https:\/\/jornalfatosenoticias.com.br\/wp-content\/uploads\/2025\/06\/memoria-primeira-infancia_Julia.jpg\",\"contentUrl\":\"https:\/\/jornalfatosenoticias.com.br\/wp-content\/uploads\/2025\/06\/memoria-primeira-infancia_Julia.jpg\",\"width\":959,\"height\":719},{\"@type\":\"BreadcrumbList\",\"@id\":\"https:\/\/jornalfatosenoticias.com.br\/index.php\/2025\/06\/18\/os-bebes-se-lembram-de-algo-entenda-a-explicacao-cientifica-para-a-memoria-da-primeira-infancia\/#breadcrumb\",\"itemListElement\":[{\"@type\":\"ListItem\",\"position\":1,\"name\":\"In\u00edcio\",\"item\":\"https:\/\/jornalfatosenoticias.com.br\/\"},{\"@type\":\"ListItem\",\"position\":2,\"name\":\"Os beb\u00eas se lembram de algo? Entenda a explica\u00e7\u00e3o cient\u00edfica para a mem\u00f3ria da primeira inf\u00e2ncia\"}]},{\"@type\":\"WebSite\",\"@id\":\"https:\/\/jornalfatosenoticias.com.br\/#website\",\"url\":\"https:\/\/jornalfatosenoticias.com.br\/\",\"name\":\"Jornal Fatos e Not\u00edcias\",\"description\":\"Not\u00edcias em geral\",\"publisher\":{\"@id\":\"https:\/\/jornalfatosenoticias.com.br\/#organization\"},\"potentialAction\":[{\"@type\":\"SearchAction\",\"target\":{\"@type\":\"EntryPoint\",\"urlTemplate\":\"https:\/\/jornalfatosenoticias.com.br\/?s={search_term_string}\"},\"query-input\":{\"@type\":\"PropertyValueSpecification\",\"valueRequired\":true,\"valueName\":\"search_term_string\"}}],\"inLanguage\":\"pt-BR\"},{\"@type\":\"Organization\",\"@id\":\"https:\/\/jornalfatosenoticias.com.br\/#organization\",\"name\":\"Jornal Fatos e Not\u00edcias\",\"url\":\"https:\/\/jornalfatosenoticias.com.br\/\",\"logo\":{\"@type\":\"ImageObject\",\"inLanguage\":\"pt-BR\",\"@id\":\"https:\/\/jornalfatosenoticias.com.br\/#\/schema\/logo\/image\/\",\"url\":\"https:\/\/jornalfatosenoticias.com.br\/wp-content\/uploads\/2020\/02\/logo120.png\",\"contentUrl\":\"https:\/\/jornalfatosenoticias.com.br\/wp-content\/uploads\/2020\/02\/logo120.png\",\"width\":1227,\"height\":120,\"caption\":\"Jornal Fatos e Not\u00edcias\"},\"image\":{\"@id\":\"https:\/\/jornalfatosenoticias.com.br\/#\/schema\/logo\/image\/\"}},{\"@type\":\"Person\",\"@id\":\"https:\/\/jornalfatosenoticias.com.br\/#\/schema\/person\/d63837fa13ac8666eb9e74e0985d6f81\",\"name\":\"Luzimara Fernandes\",\"image\":{\"@type\":\"ImageObject\",\"inLanguage\":\"pt-BR\",\"@id\":\"https:\/\/jornalfatosenoticias.com.br\/#\/schema\/person\/image\/\",\"url\":\"https:\/\/jornalfatosenoticias.com.br\/wp-content\/uploads\/2025\/05\/EU_portal.jpg\",\"contentUrl\":\"https:\/\/jornalfatosenoticias.com.br\/wp-content\/uploads\/2025\/05\/EU_portal.jpg\",\"caption\":\"Luzimara Fernandes\"},\"description\":\"Jornalista MTB 2358-ES\",\"sameAs\":[\"https:\/\/jornalfatosenoticias.com.br\"],\"url\":\"https:\/\/jornalfatosenoticias.com.br\/index.php\/author\/luzimara\/\"}]}<\/script>\n<!-- \/ Yoast SEO plugin. -->","yoast_head_json":{"title":"Os beb\u00eas se lembram de algo? Entenda a explica\u00e7\u00e3o cient\u00edfica para a mem\u00f3ria da primeira inf\u00e2ncia - Jornal Fatos e Not\u00edcias","robots":{"index":"index","follow":"follow","max-snippet":"max-snippet:-1","max-image-preview":"max-image-preview:large","max-video-preview":"max-video-preview:-1"},"canonical":"https:\/\/jornalfatosenoticias.com.br\/index.php\/2025\/06\/18\/os-bebes-se-lembram-de-algo-entenda-a-explicacao-cientifica-para-a-memoria-da-primeira-infancia\/","og_locale":"pt_BR","og_type":"article","og_title":"Os beb\u00eas se lembram de algo? Entenda a explica\u00e7\u00e3o cient\u00edfica para a mem\u00f3ria da primeira inf\u00e2ncia - Jornal Fatos e Not\u00edcias","og_description":"Mem\u00f3rias da primeira inf\u00e2ncia: inacess\u00edveis ou perdidas? Ci\u00eancia tenta responder \u00e0 quest\u00e3o em novo estudo Por Isabella Bisordi A maioria das pessoas n\u00e3o se lembra dos primeiros anos de vida, n\u00e3o \u00e9 mesmo? Apesar disso, n\u00e3o significa que essas experi\u00eancias simplesmente desaparecem. Um estudo publicado pela revista Science mostra que o c\u00e9rebro dos beb\u00eas forma [&hellip;]","og_url":"https:\/\/jornalfatosenoticias.com.br\/index.php\/2025\/06\/18\/os-bebes-se-lembram-de-algo-entenda-a-explicacao-cientifica-para-a-memoria-da-primeira-infancia\/","og_site_name":"Jornal Fatos e Not\u00edcias","article_published_time":"2025-06-18T13:03:01+00:00","article_modified_time":"2025-06-18T13:03:04+00:00","og_image":[{"width":959,"height":719,"url":"https:\/\/jornalfatosenoticias.com.br\/wp-content\/uploads\/2025\/06\/memoria-primeira-infancia_Julia.jpg","type":"image\/jpeg"}],"author":"Luzimara Fernandes","twitter_card":"summary_large_image","twitter_misc":{"Escrito por":"Luzimara Fernandes","Est. tempo de leitura":"2 minutos"},"schema":{"@context":"https:\/\/schema.org","@graph":[{"@type":"Article","@id":"https:\/\/jornalfatosenoticias.com.br\/index.php\/2025\/06\/18\/os-bebes-se-lembram-de-algo-entenda-a-explicacao-cientifica-para-a-memoria-da-primeira-infancia\/#article","isPartOf":{"@id":"https:\/\/jornalfatosenoticias.com.br\/index.php\/2025\/06\/18\/os-bebes-se-lembram-de-algo-entenda-a-explicacao-cientifica-para-a-memoria-da-primeira-infancia\/"},"author":{"name":"Luzimara Fernandes","@id":"https:\/\/jornalfatosenoticias.com.br\/#\/schema\/person\/d63837fa13ac8666eb9e74e0985d6f81"},"headline":"Os beb\u00eas se lembram de algo? Entenda a explica\u00e7\u00e3o cient\u00edfica para a mem\u00f3ria da primeira inf\u00e2ncia","datePublished":"2025-06-18T13:03:01+00:00","dateModified":"2025-06-18T13:03:04+00:00","mainEntityOfPage":{"@id":"https:\/\/jornalfatosenoticias.com.br\/index.php\/2025\/06\/18\/os-bebes-se-lembram-de-algo-entenda-a-explicacao-cientifica-para-a-memoria-da-primeira-infancia\/"},"wordCount":427,"commentCount":0,"publisher":{"@id":"https:\/\/jornalfatosenoticias.com.br\/#organization"},"image":{"@id":"https:\/\/jornalfatosenoticias.com.br\/index.php\/2025\/06\/18\/os-bebes-se-lembram-de-algo-entenda-a-explicacao-cientifica-para-a-memoria-da-primeira-infancia\/#primaryimage"},"thumbnailUrl":"https:\/\/jornalfatosenoticias.com.br\/wp-content\/uploads\/2025\/06\/memoria-primeira-infancia_Julia.jpg","keywords":["beb\u00eas","c\u00e9rebro","ci\u00eancia","hipocampo","inf\u00e2ncia","mem\u00f3ria","primeira inf\u00e2ncia","psicologia"],"articleSection":["Comportamento &amp; Equil\u00edbrio"],"inLanguage":"pt-BR","potentialAction":[{"@type":"CommentAction","name":"Comment","target":["https:\/\/jornalfatosenoticias.com.br\/index.php\/2025\/06\/18\/os-bebes-se-lembram-de-algo-entenda-a-explicacao-cientifica-para-a-memoria-da-primeira-infancia\/#respond"]}]},{"@type":"WebPage","@id":"https:\/\/jornalfatosenoticias.com.br\/index.php\/2025\/06\/18\/os-bebes-se-lembram-de-algo-entenda-a-explicacao-cientifica-para-a-memoria-da-primeira-infancia\/","url":"https:\/\/jornalfatosenoticias.com.br\/index.php\/2025\/06\/18\/os-bebes-se-lembram-de-algo-entenda-a-explicacao-cientifica-para-a-memoria-da-primeira-infancia\/","name":"Os beb\u00eas se lembram de algo? Entenda a explica\u00e7\u00e3o cient\u00edfica para a mem\u00f3ria da primeira inf\u00e2ncia - Jornal Fatos e Not\u00edcias","isPartOf":{"@id":"https:\/\/jornalfatosenoticias.com.br\/#website"},"primaryImageOfPage":{"@id":"https:\/\/jornalfatosenoticias.com.br\/index.php\/2025\/06\/18\/os-bebes-se-lembram-de-algo-entenda-a-explicacao-cientifica-para-a-memoria-da-primeira-infancia\/#primaryimage"},"image":{"@id":"https:\/\/jornalfatosenoticias.com.br\/index.php\/2025\/06\/18\/os-bebes-se-lembram-de-algo-entenda-a-explicacao-cientifica-para-a-memoria-da-primeira-infancia\/#primaryimage"},"thumbnailUrl":"https:\/\/jornalfatosenoticias.com.br\/wp-content\/uploads\/2025\/06\/memoria-primeira-infancia_Julia.jpg","datePublished":"2025-06-18T13:03:01+00:00","dateModified":"2025-06-18T13:03:04+00:00","breadcrumb":{"@id":"https:\/\/jornalfatosenoticias.com.br\/index.php\/2025\/06\/18\/os-bebes-se-lembram-de-algo-entenda-a-explicacao-cientifica-para-a-memoria-da-primeira-infancia\/#breadcrumb"},"inLanguage":"pt-BR","potentialAction":[{"@type":"ReadAction","target":["https:\/\/jornalfatosenoticias.com.br\/index.php\/2025\/06\/18\/os-bebes-se-lembram-de-algo-entenda-a-explicacao-cientifica-para-a-memoria-da-primeira-infancia\/"]}]},{"@type":"ImageObject","inLanguage":"pt-BR","@id":"https:\/\/jornalfatosenoticias.com.br\/index.php\/2025\/06\/18\/os-bebes-se-lembram-de-algo-entenda-a-explicacao-cientifica-para-a-memoria-da-primeira-infancia\/#primaryimage","url":"https:\/\/jornalfatosenoticias.com.br\/wp-content\/uploads\/2025\/06\/memoria-primeira-infancia_Julia.jpg","contentUrl":"https:\/\/jornalfatosenoticias.com.br\/wp-content\/uploads\/2025\/06\/memoria-primeira-infancia_Julia.jpg","width":959,"height":719},{"@type":"BreadcrumbList","@id":"https:\/\/jornalfatosenoticias.com.br\/index.php\/2025\/06\/18\/os-bebes-se-lembram-de-algo-entenda-a-explicacao-cientifica-para-a-memoria-da-primeira-infancia\/#breadcrumb","itemListElement":[{"@type":"ListItem","position":1,"name":"In\u00edcio","item":"https:\/\/jornalfatosenoticias.com.br\/"},{"@type":"ListItem","position":2,"name":"Os beb\u00eas se lembram de algo? Entenda a explica\u00e7\u00e3o cient\u00edfica para a mem\u00f3ria da primeira inf\u00e2ncia"}]},{"@type":"WebSite","@id":"https:\/\/jornalfatosenoticias.com.br\/#website","url":"https:\/\/jornalfatosenoticias.com.br\/","name":"Jornal Fatos e Not\u00edcias","description":"Not\u00edcias em geral","publisher":{"@id":"https:\/\/jornalfatosenoticias.com.br\/#organization"},"potentialAction":[{"@type":"SearchAction","target":{"@type":"EntryPoint","urlTemplate":"https:\/\/jornalfatosenoticias.com.br\/?s={search_term_string}"},"query-input":{"@type":"PropertyValueSpecification","valueRequired":true,"valueName":"search_term_string"}}],"inLanguage":"pt-BR"},{"@type":"Organization","@id":"https:\/\/jornalfatosenoticias.com.br\/#organization","name":"Jornal Fatos e Not\u00edcias","url":"https:\/\/jornalfatosenoticias.com.br\/","logo":{"@type":"ImageObject","inLanguage":"pt-BR","@id":"https:\/\/jornalfatosenoticias.com.br\/#\/schema\/logo\/image\/","url":"https:\/\/jornalfatosenoticias.com.br\/wp-content\/uploads\/2020\/02\/logo120.png","contentUrl":"https:\/\/jornalfatosenoticias.com.br\/wp-content\/uploads\/2020\/02\/logo120.png","width":1227,"height":120,"caption":"Jornal Fatos e Not\u00edcias"},"image":{"@id":"https:\/\/jornalfatosenoticias.com.br\/#\/schema\/logo\/image\/"}},{"@type":"Person","@id":"https:\/\/jornalfatosenoticias.com.br\/#\/schema\/person\/d63837fa13ac8666eb9e74e0985d6f81","name":"Luzimara Fernandes","image":{"@type":"ImageObject","inLanguage":"pt-BR","@id":"https:\/\/jornalfatosenoticias.com.br\/#\/schema\/person\/image\/","url":"https:\/\/jornalfatosenoticias.com.br\/wp-content\/uploads\/2025\/05\/EU_portal.jpg","contentUrl":"https:\/\/jornalfatosenoticias.com.br\/wp-content\/uploads\/2025\/05\/EU_portal.jpg","caption":"Luzimara Fernandes"},"description":"Jornalista MTB 2358-ES","sameAs":["https:\/\/jornalfatosenoticias.com.br"],"url":"https:\/\/jornalfatosenoticias.com.br\/index.php\/author\/luzimara\/"}]}},"cc_featured_image_caption":{"caption_text":"(Foto: Suellen Geronimo Cordeiro) ","source_text":"","source_url":""},"jetpack_featured_media_url":"https:\/\/jornalfatosenoticias.com.br\/wp-content\/uploads\/2025\/06\/memoria-primeira-infancia_Julia.jpg","_links":{"self":[{"href":"https:\/\/jornalfatosenoticias.com.br\/index.php\/wp-json\/wp\/v2\/posts\/60049","targetHints":{"allow":["GET"]}}],"collection":[{"href":"https:\/\/jornalfatosenoticias.com.br\/index.php\/wp-json\/wp\/v2\/posts"}],"about":[{"href":"https:\/\/jornalfatosenoticias.com.br\/index.php\/wp-json\/wp\/v2\/types\/post"}],"author":[{"embeddable":true,"href":"https:\/\/jornalfatosenoticias.com.br\/index.php\/wp-json\/wp\/v2\/users\/2"}],"replies":[{"embeddable":true,"href":"https:\/\/jornalfatosenoticias.com.br\/index.php\/wp-json\/wp\/v2\/comments?post=60049"}],"version-history":[{"count":0,"href":"https:\/\/jornalfatosenoticias.com.br\/index.php\/wp-json\/wp\/v2\/posts\/60049\/revisions"}],"wp:featuredmedia":[{"embeddable":true,"href":"https:\/\/jornalfatosenoticias.com.br\/index.php\/wp-json\/wp\/v2\/media\/60051"}],"wp:attachment":[{"href":"https:\/\/jornalfatosenoticias.com.br\/index.php\/wp-json\/wp\/v2\/media?parent=60049"}],"wp:term":[{"taxonomy":"category","embeddable":true,"href":"https:\/\/jornalfatosenoticias.com.br\/index.php\/wp-json\/wp\/v2\/categories?post=60049"},{"taxonomy":"post_tag","embeddable":true,"href":"https:\/\/jornalfatosenoticias.com.br\/index.php\/wp-json\/wp\/v2\/tags?post=60049"}],"curies":[{"name":"wp","href":"https:\/\/api.w.org\/{rel}","templated":true}]}}