{"id":60057,"date":"2025-06-18T10:31:22","date_gmt":"2025-06-18T13:31:22","guid":{"rendered":"https:\/\/jornalfatosenoticias.com.br\/?p=60057"},"modified":"2025-06-18T10:31:24","modified_gmt":"2025-06-18T13:31:24","slug":"com-346-votos-camara-aprova-urgencia-para-derrubar-aumento-do-iof-e-expoe-isolamento-do-governo","status":"publish","type":"post","link":"https:\/\/jornalfatosenoticias.com.br\/index.php\/2025\/06\/18\/com-346-votos-camara-aprova-urgencia-para-derrubar-aumento-do-iof-e-expoe-isolamento-do-governo\/","title":{"rendered":"Com 346 votos, C\u00e2mara aprova urg\u00eancia para derrubar aumento do IOF e exp\u00f5e isolamento do governo"},"content":{"rendered":"\n<p><em><span class=\"has-inline-color has-black-color\">Governo Lula n\u00e3o conseguiu nem 100 votos<\/span><\/em><\/p>\n\n\n\n<div class=\"wp-block-image\"><figure class=\"aligncenter size-large\"><a href=\"https:\/\/mizu.com.br\/\"><img loading=\"lazy\" decoding=\"async\" width=\"729\" height=\"90\" src=\"https:\/\/jornalfatosenoticias.com.br\/wp-content\/uploads\/2020\/02\/Logo_Mizu.png\" alt=\"\" class=\"wp-image-1441\" srcset=\"https:\/\/jornalfatosenoticias.com.br\/wp-content\/uploads\/2020\/02\/Logo_Mizu.png 729w, https:\/\/jornalfatosenoticias.com.br\/wp-content\/uploads\/2020\/02\/Logo_Mizu-300x37.png 300w\" sizes=\"auto, (max-width: 729px) 100vw, 729px\" \/><\/a><\/figure><\/div>\n\n\n\n<p>A C\u00e2mara dos Deputados aprovou na noite desta segunda-feira (16) o requerimento de urg\u00eancia para o Projeto de Decreto Legislativo (PDL) que visa sustar o aumento do Imposto sobre Opera\u00e7\u00f5es Financeiras (IOF), decretado pelo governo Lula. A vota\u00e7\u00e3o terminou com 346 votos a favor e apenas 97 contr\u00e1rios, um placar que escancarou a fragilidade da articula\u00e7\u00e3o pol\u00edtica do Pal\u00e1cio do Planalto na Casa.<br>O n\u00famero necess\u00e1rio para aprovar a urg\u00eancia era de 257 votos. O governo n\u00e3o s\u00f3 n\u00e3o conseguiu barrar a vota\u00e7\u00e3o, como n\u00e3o chegou sequer a 100 votos contr\u00e1rios \u2014 um desempenho considerado alarmante mesmo por aliados. A vota\u00e7\u00e3o revelou que a insatisfa\u00e7\u00e3o com o pacote fiscal e a condu\u00e7\u00e3o pol\u00edtica da Esplanada dos Minist\u00e9rios ultrapassa a oposi\u00e7\u00e3o tradicional e atinge tamb\u00e9m setores da base.<\/p>\n\n\n\n<div class=\"wp-block-image\"><figure class=\"aligncenter size-large\"><a href=\"http:\/\/www.ferrarimaquinas.com.br\/\"><img loading=\"lazy\" decoding=\"async\" width=\"300\" height=\"250\" src=\"https:\/\/jornalfatosenoticias.com.br\/wp-content\/uploads\/2022\/02\/FERRARI_MAQUINAS-E-FERRAMENTAS2.jpg\" alt=\"\" class=\"wp-image-27860\"\/><\/a><\/figure><\/div>\n\n\n\n<blockquote class=\"wp-block-quote is-layout-flow wp-block-quote-is-layout-flow\"><p><span class=\"has-inline-color has-luminous-vivid-orange-color\">Foi uma vota\u00e7\u00e3o bastante expressiva, que mostra o descontentamento do Parlamento e o recado que agora foi dado ao governo federal\u201d, afirmou o jornalista Pedro Figueiredo, da GloboNews, ao comentar o resultado.<\/span><\/p><\/blockquote>\n\n\n\n<div class=\"wp-block-image\"><figure class=\"aligncenter size-large is-resized\"><a href=\"https:\/\/www.instagram.com\/gruposei\/\"><img loading=\"lazy\" decoding=\"async\" src=\"https:\/\/jornalfatosenoticias.com.br\/wp-content\/uploads\/2022\/07\/Logo-Grupo-SEI.jpg\" alt=\"\" class=\"wp-image-31973\" width=\"389\" height=\"204\" srcset=\"https:\/\/jornalfatosenoticias.com.br\/wp-content\/uploads\/2022\/07\/Logo-Grupo-SEI.jpg 713w, https:\/\/jornalfatosenoticias.com.br\/wp-content\/uploads\/2022\/07\/Logo-Grupo-SEI-300x158.jpg 300w\" sizes=\"auto, (max-width: 389px) 100vw, 389px\" \/><\/a><\/figure><\/div>\n\n\n\n<p>O requerimento de urg\u00eancia permite que o PDL seja votado diretamente em plen\u00e1rio, sem a necessidade de passar por comiss\u00f5es. Embora o m\u00e9rito n\u00e3o tenha sido analisado nesta segunda-feira, a aprova\u00e7\u00e3o da urg\u00eancia j\u00e1 representa um rev\u00e9s simb\u00f3lico e estrat\u00e9gico para o Executivo.<\/p>\n\n\n\n<div class=\"wp-block-image\"><figure class=\"aligncenter size-large is-resized\"><a href=\"https:\/\/www.instagram.com\/rcradiadores\/\"><img loading=\"lazy\" decoding=\"async\" src=\"https:\/\/jornalfatosenoticias.com.br\/wp-content\/uploads\/2022\/10\/RC_800x750_page-0001.jpg\" alt=\"\" class=\"wp-image-35338\" width=\"340\" height=\"318\" srcset=\"https:\/\/jornalfatosenoticias.com.br\/wp-content\/uploads\/2022\/10\/RC_800x750_page-0001.jpg 400w, https:\/\/jornalfatosenoticias.com.br\/wp-content\/uploads\/2022\/10\/RC_800x750_page-0001-300x281.jpg 300w\" sizes=\"auto, (max-width: 340px) 100vw, 340px\" \/><\/a><\/figure><\/div>\n\n\n\n<p>Mesmo ap\u00f3s ter recuado parcialmente sobre as al\u00edquotas do IOF \u2014 ao editar um novo decreto que reduziu parte das cobran\u00e7as \u2014 o governo manteve em vigor aumentos para transa\u00e7\u00f5es como compra de moeda estrangeira e uso de cart\u00e3o de cr\u00e9dito no exterior, pontos que continuam sendo alvo de cr\u00edticas entre parlamentares.<\/p>\n\n\n\n<p><strong>Fonte: <a href=\"https:\/\/horabrasilia.com.br\/2025\/06\/com-346-votos-camara-aprova-urgencia-para-derrubar-aumento-do-iof-e-expoe-isolamento-do-governo\/\">Hora Bras\u00edlia<\/a><\/strong><\/p>\n","protected":false},"excerpt":{"rendered":"<p>Governo Lula n\u00e3o conseguiu nem 100 votos A C\u00e2mara dos Deputados aprovou na noite desta segunda-feira (16) o requerimento de urg\u00eancia para o Projeto de Decreto Legislativo (PDL) que visa sustar o aumento do Imposto sobre Opera\u00e7\u00f5es Financeiras (IOF), decretado pelo governo Lula. A vota\u00e7\u00e3o terminou com 346 votos a favor e apenas 97 contr\u00e1rios, [&hellip;]<\/p>\n","protected":false},"author":2,"featured_media":58164,"comment_status":"open","ping_status":"open","sticky":false,"template":"","format":"standard","meta":{"footnotes":""},"categories":[10],"tags":[21524,982,18343,27183,1900],"class_list":["post-60057","post","type-post","status-publish","format-standard","has-post-thumbnail","hentry","category-politica","tag-aumento-de-impostos","tag-camara-dos-deputados","tag-governo-lula","tag-iof","tag-palacio-do-planalto"],"yoast_head":"<!-- This site is optimized with the Yoast SEO plugin v26.5 - https:\/\/yoast.com\/wordpress\/plugins\/seo\/ -->\n<title>Com 346 votos, C\u00e2mara aprova urg\u00eancia para derrubar aumento do IOF e exp\u00f5e isolamento do governo - Jornal Fatos e Not\u00edcias<\/title>\n<meta name=\"robots\" content=\"index, follow, max-snippet:-1, max-image-preview:large, max-video-preview:-1\" \/>\n<link rel=\"canonical\" href=\"https:\/\/jornalfatosenoticias.com.br\/index.php\/2025\/06\/18\/com-346-votos-camara-aprova-urgencia-para-derrubar-aumento-do-iof-e-expoe-isolamento-do-governo\/\" \/>\n<meta property=\"og:locale\" content=\"pt_BR\" \/>\n<meta property=\"og:type\" content=\"article\" \/>\n<meta property=\"og:title\" content=\"Com 346 votos, C\u00e2mara aprova urg\u00eancia para derrubar aumento do IOF e exp\u00f5e isolamento do governo - Jornal Fatos e Not\u00edcias\" \/>\n<meta property=\"og:description\" content=\"Governo Lula n\u00e3o conseguiu nem 100 votos A C\u00e2mara dos Deputados aprovou na noite desta segunda-feira (16) o requerimento de urg\u00eancia para o Projeto de Decreto Legislativo (PDL) que visa sustar o aumento do Imposto sobre Opera\u00e7\u00f5es Financeiras (IOF), decretado pelo governo Lula. A vota\u00e7\u00e3o terminou com 346 votos a favor e apenas 97 contr\u00e1rios, [&hellip;]\" \/>\n<meta property=\"og:url\" content=\"https:\/\/jornalfatosenoticias.com.br\/index.php\/2025\/06\/18\/com-346-votos-camara-aprova-urgencia-para-derrubar-aumento-do-iof-e-expoe-isolamento-do-governo\/\" \/>\n<meta property=\"og:site_name\" content=\"Jornal Fatos e Not\u00edcias\" \/>\n<meta property=\"article:published_time\" content=\"2025-06-18T13:31:22+00:00\" \/>\n<meta property=\"article:modified_time\" content=\"2025-06-18T13:31:24+00:00\" \/>\n<meta property=\"og:image\" content=\"https:\/\/jornalfatosenoticias.com.br\/wp-content\/uploads\/2025\/04\/desaprovacao-ao-molusco_gettyimages.jpg\" \/>\n\t<meta property=\"og:image:width\" content=\"612\" \/>\n\t<meta property=\"og:image:height\" content=\"408\" \/>\n\t<meta property=\"og:image:type\" content=\"image\/jpeg\" \/>\n<meta name=\"author\" content=\"Luzimara Fernandes\" \/>\n<meta name=\"twitter:card\" content=\"summary_large_image\" \/>\n<meta name=\"twitter:label1\" content=\"Escrito por\" \/>\n\t<meta name=\"twitter:data1\" content=\"Luzimara Fernandes\" \/>\n\t<meta name=\"twitter:label2\" content=\"Est. tempo de leitura\" \/>\n\t<meta name=\"twitter:data2\" content=\"1 minuto\" \/>\n<script type=\"application\/ld+json\" class=\"yoast-schema-graph\">{\"@context\":\"https:\/\/schema.org\",\"@graph\":[{\"@type\":\"Article\",\"@id\":\"https:\/\/jornalfatosenoticias.com.br\/index.php\/2025\/06\/18\/com-346-votos-camara-aprova-urgencia-para-derrubar-aumento-do-iof-e-expoe-isolamento-do-governo\/#article\",\"isPartOf\":{\"@id\":\"https:\/\/jornalfatosenoticias.com.br\/index.php\/2025\/06\/18\/com-346-votos-camara-aprova-urgencia-para-derrubar-aumento-do-iof-e-expoe-isolamento-do-governo\/\"},\"author\":{\"name\":\"Luzimara Fernandes\",\"@id\":\"https:\/\/jornalfatosenoticias.com.br\/#\/schema\/person\/d63837fa13ac8666eb9e74e0985d6f81\"},\"headline\":\"Com 346 votos, C\u00e2mara aprova urg\u00eancia para derrubar aumento do IOF e exp\u00f5e isolamento do governo\",\"datePublished\":\"2025-06-18T13:31:22+00:00\",\"dateModified\":\"2025-06-18T13:31:24+00:00\",\"mainEntityOfPage\":{\"@id\":\"https:\/\/jornalfatosenoticias.com.br\/index.php\/2025\/06\/18\/com-346-votos-camara-aprova-urgencia-para-derrubar-aumento-do-iof-e-expoe-isolamento-do-governo\/\"},\"wordCount\":316,\"commentCount\":0,\"publisher\":{\"@id\":\"https:\/\/jornalfatosenoticias.com.br\/#organization\"},\"image\":{\"@id\":\"https:\/\/jornalfatosenoticias.com.br\/index.php\/2025\/06\/18\/com-346-votos-camara-aprova-urgencia-para-derrubar-aumento-do-iof-e-expoe-isolamento-do-governo\/#primaryimage\"},\"thumbnailUrl\":\"https:\/\/jornalfatosenoticias.com.br\/wp-content\/uploads\/2025\/04\/desaprovacao-ao-molusco_gettyimages.jpg\",\"keywords\":[\"aumento de impostos\",\"C\u00e2mara dos Deputados\",\"governo Lula\",\"IOF\",\"Pal\u00e1cio do Planalto\"],\"articleSection\":[\"Pol\u00edtica\"],\"inLanguage\":\"pt-BR\",\"potentialAction\":[{\"@type\":\"CommentAction\",\"name\":\"Comment\",\"target\":[\"https:\/\/jornalfatosenoticias.com.br\/index.php\/2025\/06\/18\/com-346-votos-camara-aprova-urgencia-para-derrubar-aumento-do-iof-e-expoe-isolamento-do-governo\/#respond\"]}]},{\"@type\":\"WebPage\",\"@id\":\"https:\/\/jornalfatosenoticias.com.br\/index.php\/2025\/06\/18\/com-346-votos-camara-aprova-urgencia-para-derrubar-aumento-do-iof-e-expoe-isolamento-do-governo\/\",\"url\":\"https:\/\/jornalfatosenoticias.com.br\/index.php\/2025\/06\/18\/com-346-votos-camara-aprova-urgencia-para-derrubar-aumento-do-iof-e-expoe-isolamento-do-governo\/\",\"name\":\"Com 346 votos, C\u00e2mara aprova urg\u00eancia para derrubar aumento do IOF e exp\u00f5e isolamento do governo - Jornal Fatos e Not\u00edcias\",\"isPartOf\":{\"@id\":\"https:\/\/jornalfatosenoticias.com.br\/#website\"},\"primaryImageOfPage\":{\"@id\":\"https:\/\/jornalfatosenoticias.com.br\/index.php\/2025\/06\/18\/com-346-votos-camara-aprova-urgencia-para-derrubar-aumento-do-iof-e-expoe-isolamento-do-governo\/#primaryimage\"},\"image\":{\"@id\":\"https:\/\/jornalfatosenoticias.com.br\/index.php\/2025\/06\/18\/com-346-votos-camara-aprova-urgencia-para-derrubar-aumento-do-iof-e-expoe-isolamento-do-governo\/#primaryimage\"},\"thumbnailUrl\":\"https:\/\/jornalfatosenoticias.com.br\/wp-content\/uploads\/2025\/04\/desaprovacao-ao-molusco_gettyimages.jpg\",\"datePublished\":\"2025-06-18T13:31:22+00:00\",\"dateModified\":\"2025-06-18T13:31:24+00:00\",\"breadcrumb\":{\"@id\":\"https:\/\/jornalfatosenoticias.com.br\/index.php\/2025\/06\/18\/com-346-votos-camara-aprova-urgencia-para-derrubar-aumento-do-iof-e-expoe-isolamento-do-governo\/#breadcrumb\"},\"inLanguage\":\"pt-BR\",\"potentialAction\":[{\"@type\":\"ReadAction\",\"target\":[\"https:\/\/jornalfatosenoticias.com.br\/index.php\/2025\/06\/18\/com-346-votos-camara-aprova-urgencia-para-derrubar-aumento-do-iof-e-expoe-isolamento-do-governo\/\"]}]},{\"@type\":\"ImageObject\",\"inLanguage\":\"pt-BR\",\"@id\":\"https:\/\/jornalfatosenoticias.com.br\/index.php\/2025\/06\/18\/com-346-votos-camara-aprova-urgencia-para-derrubar-aumento-do-iof-e-expoe-isolamento-do-governo\/#primaryimage\",\"url\":\"https:\/\/jornalfatosenoticias.com.br\/wp-content\/uploads\/2025\/04\/desaprovacao-ao-molusco_gettyimages.jpg\",\"contentUrl\":\"https:\/\/jornalfatosenoticias.com.br\/wp-content\/uploads\/2025\/04\/desaprovacao-ao-molusco_gettyimages.jpg\",\"width\":612,\"height\":408,\"caption\":\"TOPSHOT - Brazil's President Luiz Inacio Lula da Silva thinks before going to his press conference in Tokyo on March 27, 2025. (Photo by Kazuhiro NOGI \/ AFP) (Photo by KAZUHIRO NOGI\/AFP via Getty Images)\"},{\"@type\":\"BreadcrumbList\",\"@id\":\"https:\/\/jornalfatosenoticias.com.br\/index.php\/2025\/06\/18\/com-346-votos-camara-aprova-urgencia-para-derrubar-aumento-do-iof-e-expoe-isolamento-do-governo\/#breadcrumb\",\"itemListElement\":[{\"@type\":\"ListItem\",\"position\":1,\"name\":\"In\u00edcio\",\"item\":\"https:\/\/jornalfatosenoticias.com.br\/\"},{\"@type\":\"ListItem\",\"position\":2,\"name\":\"Com 346 votos, C\u00e2mara aprova urg\u00eancia para derrubar aumento do IOF e exp\u00f5e isolamento do governo\"}]},{\"@type\":\"WebSite\",\"@id\":\"https:\/\/jornalfatosenoticias.com.br\/#website\",\"url\":\"https:\/\/jornalfatosenoticias.com.br\/\",\"name\":\"Jornal Fatos e Not\u00edcias\",\"description\":\"Not\u00edcias em geral\",\"publisher\":{\"@id\":\"https:\/\/jornalfatosenoticias.com.br\/#organization\"},\"potentialAction\":[{\"@type\":\"SearchAction\",\"target\":{\"@type\":\"EntryPoint\",\"urlTemplate\":\"https:\/\/jornalfatosenoticias.com.br\/?s={search_term_string}\"},\"query-input\":{\"@type\":\"PropertyValueSpecification\",\"valueRequired\":true,\"valueName\":\"search_term_string\"}}],\"inLanguage\":\"pt-BR\"},{\"@type\":\"Organization\",\"@id\":\"https:\/\/jornalfatosenoticias.com.br\/#organization\",\"name\":\"Jornal Fatos e Not\u00edcias\",\"url\":\"https:\/\/jornalfatosenoticias.com.br\/\",\"logo\":{\"@type\":\"ImageObject\",\"inLanguage\":\"pt-BR\",\"@id\":\"https:\/\/jornalfatosenoticias.com.br\/#\/schema\/logo\/image\/\",\"url\":\"https:\/\/jornalfatosenoticias.com.br\/wp-content\/uploads\/2020\/02\/logo120.png\",\"contentUrl\":\"https:\/\/jornalfatosenoticias.com.br\/wp-content\/uploads\/2020\/02\/logo120.png\",\"width\":1227,\"height\":120,\"caption\":\"Jornal Fatos e Not\u00edcias\"},\"image\":{\"@id\":\"https:\/\/jornalfatosenoticias.com.br\/#\/schema\/logo\/image\/\"}},{\"@type\":\"Person\",\"@id\":\"https:\/\/jornalfatosenoticias.com.br\/#\/schema\/person\/d63837fa13ac8666eb9e74e0985d6f81\",\"name\":\"Luzimara Fernandes\",\"image\":{\"@type\":\"ImageObject\",\"inLanguage\":\"pt-BR\",\"@id\":\"https:\/\/jornalfatosenoticias.com.br\/#\/schema\/person\/image\/\",\"url\":\"https:\/\/jornalfatosenoticias.com.br\/wp-content\/uploads\/2025\/05\/EU_portal.jpg\",\"contentUrl\":\"https:\/\/jornalfatosenoticias.com.br\/wp-content\/uploads\/2025\/05\/EU_portal.jpg\",\"caption\":\"Luzimara Fernandes\"},\"description\":\"Jornalista MTB 2358-ES\",\"sameAs\":[\"https:\/\/jornalfatosenoticias.com.br\"],\"url\":\"https:\/\/jornalfatosenoticias.com.br\/index.php\/author\/luzimara\/\"}]}<\/script>\n<!-- \/ Yoast SEO plugin. -->","yoast_head_json":{"title":"Com 346 votos, C\u00e2mara aprova urg\u00eancia para derrubar aumento do IOF e exp\u00f5e isolamento do governo - Jornal Fatos e Not\u00edcias","robots":{"index":"index","follow":"follow","max-snippet":"max-snippet:-1","max-image-preview":"max-image-preview:large","max-video-preview":"max-video-preview:-1"},"canonical":"https:\/\/jornalfatosenoticias.com.br\/index.php\/2025\/06\/18\/com-346-votos-camara-aprova-urgencia-para-derrubar-aumento-do-iof-e-expoe-isolamento-do-governo\/","og_locale":"pt_BR","og_type":"article","og_title":"Com 346 votos, C\u00e2mara aprova urg\u00eancia para derrubar aumento do IOF e exp\u00f5e isolamento do governo - Jornal Fatos e Not\u00edcias","og_description":"Governo Lula n\u00e3o conseguiu nem 100 votos A C\u00e2mara dos Deputados aprovou na noite desta segunda-feira (16) o requerimento de urg\u00eancia para o Projeto de Decreto Legislativo (PDL) que visa sustar o aumento do Imposto sobre Opera\u00e7\u00f5es Financeiras (IOF), decretado pelo governo Lula. A vota\u00e7\u00e3o terminou com 346 votos a favor e apenas 97 contr\u00e1rios, [&hellip;]","og_url":"https:\/\/jornalfatosenoticias.com.br\/index.php\/2025\/06\/18\/com-346-votos-camara-aprova-urgencia-para-derrubar-aumento-do-iof-e-expoe-isolamento-do-governo\/","og_site_name":"Jornal Fatos e Not\u00edcias","article_published_time":"2025-06-18T13:31:22+00:00","article_modified_time":"2025-06-18T13:31:24+00:00","og_image":[{"width":612,"height":408,"url":"https:\/\/jornalfatosenoticias.com.br\/wp-content\/uploads\/2025\/04\/desaprovacao-ao-molusco_gettyimages.jpg","type":"image\/jpeg"}],"author":"Luzimara Fernandes","twitter_card":"summary_large_image","twitter_misc":{"Escrito por":"Luzimara Fernandes","Est. tempo de leitura":"1 minuto"},"schema":{"@context":"https:\/\/schema.org","@graph":[{"@type":"Article","@id":"https:\/\/jornalfatosenoticias.com.br\/index.php\/2025\/06\/18\/com-346-votos-camara-aprova-urgencia-para-derrubar-aumento-do-iof-e-expoe-isolamento-do-governo\/#article","isPartOf":{"@id":"https:\/\/jornalfatosenoticias.com.br\/index.php\/2025\/06\/18\/com-346-votos-camara-aprova-urgencia-para-derrubar-aumento-do-iof-e-expoe-isolamento-do-governo\/"},"author":{"name":"Luzimara Fernandes","@id":"https:\/\/jornalfatosenoticias.com.br\/#\/schema\/person\/d63837fa13ac8666eb9e74e0985d6f81"},"headline":"Com 346 votos, C\u00e2mara aprova urg\u00eancia para derrubar aumento do IOF e exp\u00f5e isolamento do governo","datePublished":"2025-06-18T13:31:22+00:00","dateModified":"2025-06-18T13:31:24+00:00","mainEntityOfPage":{"@id":"https:\/\/jornalfatosenoticias.com.br\/index.php\/2025\/06\/18\/com-346-votos-camara-aprova-urgencia-para-derrubar-aumento-do-iof-e-expoe-isolamento-do-governo\/"},"wordCount":316,"commentCount":0,"publisher":{"@id":"https:\/\/jornalfatosenoticias.com.br\/#organization"},"image":{"@id":"https:\/\/jornalfatosenoticias.com.br\/index.php\/2025\/06\/18\/com-346-votos-camara-aprova-urgencia-para-derrubar-aumento-do-iof-e-expoe-isolamento-do-governo\/#primaryimage"},"thumbnailUrl":"https:\/\/jornalfatosenoticias.com.br\/wp-content\/uploads\/2025\/04\/desaprovacao-ao-molusco_gettyimages.jpg","keywords":["aumento de impostos","C\u00e2mara dos Deputados","governo Lula","IOF","Pal\u00e1cio do Planalto"],"articleSection":["Pol\u00edtica"],"inLanguage":"pt-BR","potentialAction":[{"@type":"CommentAction","name":"Comment","target":["https:\/\/jornalfatosenoticias.com.br\/index.php\/2025\/06\/18\/com-346-votos-camara-aprova-urgencia-para-derrubar-aumento-do-iof-e-expoe-isolamento-do-governo\/#respond"]}]},{"@type":"WebPage","@id":"https:\/\/jornalfatosenoticias.com.br\/index.php\/2025\/06\/18\/com-346-votos-camara-aprova-urgencia-para-derrubar-aumento-do-iof-e-expoe-isolamento-do-governo\/","url":"https:\/\/jornalfatosenoticias.com.br\/index.php\/2025\/06\/18\/com-346-votos-camara-aprova-urgencia-para-derrubar-aumento-do-iof-e-expoe-isolamento-do-governo\/","name":"Com 346 votos, C\u00e2mara aprova urg\u00eancia para derrubar aumento do IOF e exp\u00f5e isolamento do governo - Jornal Fatos e Not\u00edcias","isPartOf":{"@id":"https:\/\/jornalfatosenoticias.com.br\/#website"},"primaryImageOfPage":{"@id":"https:\/\/jornalfatosenoticias.com.br\/index.php\/2025\/06\/18\/com-346-votos-camara-aprova-urgencia-para-derrubar-aumento-do-iof-e-expoe-isolamento-do-governo\/#primaryimage"},"image":{"@id":"https:\/\/jornalfatosenoticias.com.br\/index.php\/2025\/06\/18\/com-346-votos-camara-aprova-urgencia-para-derrubar-aumento-do-iof-e-expoe-isolamento-do-governo\/#primaryimage"},"thumbnailUrl":"https:\/\/jornalfatosenoticias.com.br\/wp-content\/uploads\/2025\/04\/desaprovacao-ao-molusco_gettyimages.jpg","datePublished":"2025-06-18T13:31:22+00:00","dateModified":"2025-06-18T13:31:24+00:00","breadcrumb":{"@id":"https:\/\/jornalfatosenoticias.com.br\/index.php\/2025\/06\/18\/com-346-votos-camara-aprova-urgencia-para-derrubar-aumento-do-iof-e-expoe-isolamento-do-governo\/#breadcrumb"},"inLanguage":"pt-BR","potentialAction":[{"@type":"ReadAction","target":["https:\/\/jornalfatosenoticias.com.br\/index.php\/2025\/06\/18\/com-346-votos-camara-aprova-urgencia-para-derrubar-aumento-do-iof-e-expoe-isolamento-do-governo\/"]}]},{"@type":"ImageObject","inLanguage":"pt-BR","@id":"https:\/\/jornalfatosenoticias.com.br\/index.php\/2025\/06\/18\/com-346-votos-camara-aprova-urgencia-para-derrubar-aumento-do-iof-e-expoe-isolamento-do-governo\/#primaryimage","url":"https:\/\/jornalfatosenoticias.com.br\/wp-content\/uploads\/2025\/04\/desaprovacao-ao-molusco_gettyimages.jpg","contentUrl":"https:\/\/jornalfatosenoticias.com.br\/wp-content\/uploads\/2025\/04\/desaprovacao-ao-molusco_gettyimages.jpg","width":612,"height":408,"caption":"TOPSHOT - Brazil's President Luiz Inacio Lula da Silva thinks before going to his press conference in Tokyo on March 27, 2025. (Photo by Kazuhiro NOGI \/ AFP) (Photo by KAZUHIRO NOGI\/AFP via Getty Images)"},{"@type":"BreadcrumbList","@id":"https:\/\/jornalfatosenoticias.com.br\/index.php\/2025\/06\/18\/com-346-votos-camara-aprova-urgencia-para-derrubar-aumento-do-iof-e-expoe-isolamento-do-governo\/#breadcrumb","itemListElement":[{"@type":"ListItem","position":1,"name":"In\u00edcio","item":"https:\/\/jornalfatosenoticias.com.br\/"},{"@type":"ListItem","position":2,"name":"Com 346 votos, C\u00e2mara aprova urg\u00eancia para derrubar aumento do IOF e exp\u00f5e isolamento do governo"}]},{"@type":"WebSite","@id":"https:\/\/jornalfatosenoticias.com.br\/#website","url":"https:\/\/jornalfatosenoticias.com.br\/","name":"Jornal Fatos e Not\u00edcias","description":"Not\u00edcias em geral","publisher":{"@id":"https:\/\/jornalfatosenoticias.com.br\/#organization"},"potentialAction":[{"@type":"SearchAction","target":{"@type":"EntryPoint","urlTemplate":"https:\/\/jornalfatosenoticias.com.br\/?s={search_term_string}"},"query-input":{"@type":"PropertyValueSpecification","valueRequired":true,"valueName":"search_term_string"}}],"inLanguage":"pt-BR"},{"@type":"Organization","@id":"https:\/\/jornalfatosenoticias.com.br\/#organization","name":"Jornal Fatos e Not\u00edcias","url":"https:\/\/jornalfatosenoticias.com.br\/","logo":{"@type":"ImageObject","inLanguage":"pt-BR","@id":"https:\/\/jornalfatosenoticias.com.br\/#\/schema\/logo\/image\/","url":"https:\/\/jornalfatosenoticias.com.br\/wp-content\/uploads\/2020\/02\/logo120.png","contentUrl":"https:\/\/jornalfatosenoticias.com.br\/wp-content\/uploads\/2020\/02\/logo120.png","width":1227,"height":120,"caption":"Jornal Fatos e Not\u00edcias"},"image":{"@id":"https:\/\/jornalfatosenoticias.com.br\/#\/schema\/logo\/image\/"}},{"@type":"Person","@id":"https:\/\/jornalfatosenoticias.com.br\/#\/schema\/person\/d63837fa13ac8666eb9e74e0985d6f81","name":"Luzimara Fernandes","image":{"@type":"ImageObject","inLanguage":"pt-BR","@id":"https:\/\/jornalfatosenoticias.com.br\/#\/schema\/person\/image\/","url":"https:\/\/jornalfatosenoticias.com.br\/wp-content\/uploads\/2025\/05\/EU_portal.jpg","contentUrl":"https:\/\/jornalfatosenoticias.com.br\/wp-content\/uploads\/2025\/05\/EU_portal.jpg","caption":"Luzimara Fernandes"},"description":"Jornalista MTB 2358-ES","sameAs":["https:\/\/jornalfatosenoticias.com.br"],"url":"https:\/\/jornalfatosenoticias.com.br\/index.php\/author\/luzimara\/"}]}},"cc_featured_image_caption":{"caption_text":"(Foto: Getty Images)","source_text":"","source_url":""},"jetpack_featured_media_url":"https:\/\/jornalfatosenoticias.com.br\/wp-content\/uploads\/2025\/04\/desaprovacao-ao-molusco_gettyimages.jpg","_links":{"self":[{"href":"https:\/\/jornalfatosenoticias.com.br\/index.php\/wp-json\/wp\/v2\/posts\/60057","targetHints":{"allow":["GET"]}}],"collection":[{"href":"https:\/\/jornalfatosenoticias.com.br\/index.php\/wp-json\/wp\/v2\/posts"}],"about":[{"href":"https:\/\/jornalfatosenoticias.com.br\/index.php\/wp-json\/wp\/v2\/types\/post"}],"author":[{"embeddable":true,"href":"https:\/\/jornalfatosenoticias.com.br\/index.php\/wp-json\/wp\/v2\/users\/2"}],"replies":[{"embeddable":true,"href":"https:\/\/jornalfatosenoticias.com.br\/index.php\/wp-json\/wp\/v2\/comments?post=60057"}],"version-history":[{"count":0,"href":"https:\/\/jornalfatosenoticias.com.br\/index.php\/wp-json\/wp\/v2\/posts\/60057\/revisions"}],"wp:featuredmedia":[{"embeddable":true,"href":"https:\/\/jornalfatosenoticias.com.br\/index.php\/wp-json\/wp\/v2\/media\/58164"}],"wp:attachment":[{"href":"https:\/\/jornalfatosenoticias.com.br\/index.php\/wp-json\/wp\/v2\/media?parent=60057"}],"wp:term":[{"taxonomy":"category","embeddable":true,"href":"https:\/\/jornalfatosenoticias.com.br\/index.php\/wp-json\/wp\/v2\/categories?post=60057"},{"taxonomy":"post_tag","embeddable":true,"href":"https:\/\/jornalfatosenoticias.com.br\/index.php\/wp-json\/wp\/v2\/tags?post=60057"}],"curies":[{"name":"wp","href":"https:\/\/api.w.org\/{rel}","templated":true}]}}