{"id":60081,"date":"2025-06-18T16:37:38","date_gmt":"2025-06-18T19:37:38","guid":{"rendered":"https:\/\/jornalfatosenoticias.com.br\/?p=60081"},"modified":"2025-06-18T16:37:40","modified_gmt":"2025-06-18T19:37:40","slug":"parque-guell-o-desastre-urbanistico-por-tras-da-obra-prima-de-antoni-gaudi","status":"publish","type":"post","link":"https:\/\/jornalfatosenoticias.com.br\/index.php\/2025\/06\/18\/parque-guell-o-desastre-urbanistico-por-tras-da-obra-prima-de-antoni-gaudi\/","title":{"rendered":"Parque G\u00fcell: o desastre urban\u00edstico por tr\u00e1s da obra-prima de Antoni Gaud\u00ed"},"content":{"rendered":"\n<p><em><span class=\"has-inline-color has-black-color\">O espa\u00e7o foi concebido como uma cidade-jardim para 60 pessoas, mas apenas tr\u00eas pessoas chegaram a morar l\u00e1 \u2014 o idealizador, o arquiteto e o advogado de ambos<\/span><\/em><\/p>\n\n\n\n<p><span class=\"has-inline-color has-black-color\">Por <strong><a href=\"https:\/\/revistacasaejardim.globo.com\/autores\/aline-melo\/\">Aline Melo<\/a><\/strong><\/span><\/p>\n\n\n\n<div class=\"wp-block-image\"><figure class=\"aligncenter size-large\"><a href=\"https:\/\/mizu.com.br\/\"><img loading=\"lazy\" decoding=\"async\" width=\"729\" height=\"90\" src=\"https:\/\/jornalfatosenoticias.com.br\/wp-content\/uploads\/2020\/02\/Logo_Mizu.png\" alt=\"\" class=\"wp-image-1441\" srcset=\"https:\/\/jornalfatosenoticias.com.br\/wp-content\/uploads\/2020\/02\/Logo_Mizu.png 729w, https:\/\/jornalfatosenoticias.com.br\/wp-content\/uploads\/2020\/02\/Logo_Mizu-300x37.png 300w\" sizes=\"auto, (max-width: 729px) 100vw, 729px\" \/><\/a><\/figure><\/div>\n\n\n\n<p>Um dos diversos cart\u00f5es-postais de Barcelona, na Espanha, o Parque G\u00fcell nasce como uma cidade-jardim. O conceito, importado da Inglaterra, previa a constru\u00e7\u00e3o de uma comunidade privada e planejada para a elite burguesa, com um n\u00famero limitado de <a class=\"\" href=\"https:\/\/revistacasaejardim.globo.com\/decoracao\/casas\/\"><strong>casas<\/strong><\/a>, \u00e1reas verdes, muros protetores e espa\u00e7os comunit\u00e1rios. A hist\u00f3ria come\u00e7a em 1899, quando o conde Eusebi G\u00fcell compra 17 hectares no alto da Monta\u00f1a Pelada, assim denominada pela aus\u00eancia de cobertura vegetal.<\/p>\n\n\n\n<blockquote class=\"wp-block-quote is-layout-flow wp-block-quote-is-layout-flow\"><p><span class=\"has-inline-color has-luminous-vivid-orange-color\">Nessa \u00e9poca, havia uma obsess\u00e3o com a vida saud\u00e1vel na Europa, com a consci\u00eancia de que a industrializa\u00e7\u00e3o trazia coisas negativas para a sa\u00fade. Portanto, os mais ricos estavam em busca de zonas mais saud\u00e1veis, afastadas do centro industrial\u201d, explica Jofre Pons, guia oficial do Parque G\u00fcell. \u201cAt\u00e9 hoje o bairro \u00e9 conhecido como La Salut\u201d, completa.<\/span><\/p><\/blockquote>\n\n\n\n<div class=\"wp-block-image\"><figure class=\"aligncenter size-large is-resized\"><a href=\"https:\/\/www.legisjuris.com.br\/\"><img loading=\"lazy\" decoding=\"async\" src=\"https:\/\/jornalfatosenoticias.com.br\/wp-content\/uploads\/2024\/09\/Legis-Juris-Consultoria_logo.jpg\" alt=\"\" class=\"wp-image-53915\" width=\"525\" height=\"220\" srcset=\"https:\/\/jornalfatosenoticias.com.br\/wp-content\/uploads\/2024\/09\/Legis-Juris-Consultoria_logo.jpg 969w, https:\/\/jornalfatosenoticias.com.br\/wp-content\/uploads\/2024\/09\/Legis-Juris-Consultoria_logo-300x126.jpg 300w, https:\/\/jornalfatosenoticias.com.br\/wp-content\/uploads\/2024\/09\/Legis-Juris-Consultoria_logo-768x322.jpg 768w\" sizes=\"auto, (max-width: 525px) 100vw, 525px\" \/><\/a><\/figure><\/div>\n\n\n\n<p>O <strong><a class=\"\" href=\"https:\/\/revistacasaejardim.globo.com\/arquitetura\/\">arquiteto<\/a>\u00a0<\/strong>catal\u00e3o\u00a0<strong>Antoni Gaud\u00ed<\/strong> foi encarregado de criar uma infraestrutura integrada, com viadutos, escadas, caminhos e pontes que conectassem os lotes e servi\u00e7os, mantendo a topografia natural do terreno. Tudo isso envolvido por uma densa vegeta\u00e7\u00e3o mediterr\u00e2nea, que despertasse a fantasia naturalista.<\/p>\n\n\n\n<div class=\"wp-block-image\"><figure class=\"aligncenter size-large\"><a href=\"https:\/\/www.cesconetto.com.br\/\"><img loading=\"lazy\" decoding=\"async\" width=\"300\" height=\"250\" src=\"https:\/\/jornalfatosenoticias.com.br\/wp-content\/uploads\/2022\/02\/Banner-2.png\" alt=\"\" class=\"wp-image-27877\"\/><\/a><\/figure><\/div>\n\n\n\n<p>A Sala Hip\u00f3stila, idealizada como mercado, revela solu\u00e7\u00f5es avan\u00e7adas de engenharia, como o sistema de capta\u00e7\u00e3o e filtragem de \u00e1gua da chuva sob suas 86 colunas. Elementos simb\u00f3licos e religiosos est\u00e3o por toda parte, como as diversas cruzes e as bolas de pedra junto \u00e0 estrada, que remetem ao ros\u00e1rio. <\/p>\n\n\n\n<div class=\"wp-block-image\"><figure class=\"aligncenter size-large\"><img loading=\"lazy\" decoding=\"async\" width=\"984\" height=\"639\" src=\"https:\/\/jornalfatosenoticias.com.br\/wp-content\/uploads\/2025\/06\/Parque-Guell2-\u2014-Foto-Pxhere-Creative-Commons.jpeg\" alt=\"\" class=\"wp-image-60082\" srcset=\"https:\/\/jornalfatosenoticias.com.br\/wp-content\/uploads\/2025\/06\/Parque-Guell2-\u2014-Foto-Pxhere-Creative-Commons.jpeg 984w, https:\/\/jornalfatosenoticias.com.br\/wp-content\/uploads\/2025\/06\/Parque-Guell2-\u2014-Foto-Pxhere-Creative-Commons-300x195.jpeg 300w, https:\/\/jornalfatosenoticias.com.br\/wp-content\/uploads\/2025\/06\/Parque-Guell2-\u2014-Foto-Pxhere-Creative-Commons-768x499.jpeg 768w, https:\/\/jornalfatosenoticias.com.br\/wp-content\/uploads\/2025\/06\/Parque-Guell2-\u2014-Foto-Pxhere-Creative-Commons-880x570.jpeg 880w\" sizes=\"auto, (max-width: 984px) 100vw, 984px\" \/><figcaption><em><span class=\"has-inline-color has-black-color\">A casa do guarda no Parque G\u00fcell lembra a casa do conto Jo\u00e3o e Maria, que possivelmente serviu de inspira\u00e7\u00e3o (Foto: Pxhere\/Creative Commons)<\/span><\/em><\/figcaption><\/figure><\/div>\n\n\n\n<blockquote class=\"wp-block-quote is-layout-flow wp-block-quote-is-layout-flow\"><p><span class=\"has-inline-color has-luminous-vivid-orange-color\">O projeto foi um desastre urban\u00edstico sem precedentes. Das 60 casas previstas, foram constru\u00eddas apenas duas e uma antiga foi remodelada para o senhor G\u00fcell\u201d, conta o guia.<\/span><\/p><\/blockquote>\n\n\n\n<div class=\"wp-block-image\"><figure class=\"aligncenter size-large is-resized\"><a href=\"https:\/\/www.instagram.com\/serra4x4cambioautomatico\/\"><img loading=\"lazy\" decoding=\"async\" src=\"https:\/\/jornalfatosenoticias.com.br\/wp-content\/uploads\/2024\/08\/Serra-4x4-1-886x1024.jpg\" alt=\"\" class=\"wp-image-53632\" width=\"274\" height=\"317\" srcset=\"https:\/\/jornalfatosenoticias.com.br\/wp-content\/uploads\/2024\/08\/Serra-4x4-1-886x1024.jpg 886w, https:\/\/jornalfatosenoticias.com.br\/wp-content\/uploads\/2024\/08\/Serra-4x4-1-260x300.jpg 260w, https:\/\/jornalfatosenoticias.com.br\/wp-content\/uploads\/2024\/08\/Serra-4x4-1-768x888.jpg 768w, https:\/\/jornalfatosenoticias.com.br\/wp-content\/uploads\/2024\/08\/Serra-4x4-1.jpg 1181w\" sizes=\"auto, (max-width: 274px) 100vw, 274px\" \/><\/a><\/figure><\/div>\n\n\n\n<p>A dist\u00e2ncia da cidade, a falta de transporte p\u00fablico para os empregados, o alto custo, a metragem enxuta dos lotes e as regras r\u00edgidas de constru\u00e7\u00e3o acabaram por afastar os interessados. Apenas Eusebi G\u00fcell, Antoni Gaud\u00ed e o advogado Mart\u00ed Trias i Dom\u00e8nech, amigo pessoal de ambos, chegaram a experienciar a cidade-jardim, iniciativa abandonada em 1914.<\/p>\n\n\n\n<div class=\"wp-block-image\"><figure class=\"aligncenter size-large is-resized\"><a href=\"https:\/\/panper.com.br\/\"><img loading=\"lazy\" decoding=\"async\" src=\"https:\/\/jornalfatosenoticias.com.br\/wp-content\/uploads\/2023\/03\/logo-Panper_portal.jpg\" alt=\"\" class=\"wp-image-40208\" width=\"355\" height=\"246\" srcset=\"https:\/\/jornalfatosenoticias.com.br\/wp-content\/uploads\/2023\/03\/logo-Panper_portal.jpg 400w, https:\/\/jornalfatosenoticias.com.br\/wp-content\/uploads\/2023\/03\/logo-Panper_portal-300x208.jpg 300w\" sizes=\"auto, (max-width: 355px) 100vw, 355px\" \/><\/a><\/figure><\/div>\n\n\n\n<p>Em 1926, o local foi convertido oficialmente em parque p\u00fablico pela Prefeitura de Barcelona. A casa-piloto concebida pelo arquiteto Francesc Berengueronde, colaborador de Gaud\u00ed, onde ele viveu com o pai e a sobrinha de 1906 a 1925, foi convertida na Casa-Museu Gaud\u00ed em 1963.<\/p>\n\n\n\n<div class=\"wp-block-image\"><figure class=\"aligncenter size-large\"><a href=\"http:\/\/www.ferrarimaquinas.com.br\/\"><img loading=\"lazy\" decoding=\"async\" width=\"300\" height=\"250\" src=\"https:\/\/jornalfatosenoticias.com.br\/wp-content\/uploads\/2022\/02\/FERRARI_MAQUINAS-E-FERRAMENTAS2.jpg\" alt=\"\" class=\"wp-image-27860\"\/><\/a><\/figure><\/div>\n\n\n\n<p>Curiosamente, seu fracasso como empreendimento permitiu que ele fosse acess\u00edvel a todos \u2014 e n\u00e3o um condom\u00ednio exclusivo fechado. Hoje, Patrim\u00f4nio Mundial da Unesco, \u00e9 um dos exemplos mais not\u00e1veis da vis\u00e3o arquitet\u00f4nica de Gaud\u00ed, onde est\u00e9tica, engenharia e espiritualidade caminham juntas.<\/p>\n\n\n\n<p><strong>Fonte: <a href=\"https:\/\/revistacasaejardim.globo.com\/arquitetura\/noticia\/2025\/06\/parque-guell-antoni-gaudi-barcelona-espanha.ghtml\">Casa e Jardim<\/a><\/strong><\/p>\n","protected":false},"excerpt":{"rendered":"<p>O espa\u00e7o foi concebido como uma cidade-jardim para 60 pessoas, mas apenas tr\u00eas pessoas chegaram a morar l\u00e1 \u2014 o idealizador, o arquiteto e o advogado de ambos Por Aline Melo Um dos diversos cart\u00f5es-postais de Barcelona, na Espanha, o Parque G\u00fcell nasce como uma cidade-jardim. O conceito, importado da Inglaterra, previa a constru\u00e7\u00e3o de [&hellip;]<\/p>\n","protected":false},"author":2,"featured_media":60083,"comment_status":"open","ping_status":"open","sticky":false,"template":"","format":"standard","meta":{"footnotes":""},"categories":[744],"tags":[27390,5688,6549,11815,9672,157,27392,27391],"class_list":["post-60081","post","type-post","status-publish","format-standard","has-post-thumbnail","hentry","category-arq-urbanismo","tag-antoni-gaudi","tag-areas-verdes","tag-arquiteto","tag-barcelona","tag-cartoes-postais","tag-espanha","tag-eusebi-guell","tag-parque-guell"],"yoast_head":"<!-- This site is optimized with the Yoast SEO plugin v26.5 - https:\/\/yoast.com\/wordpress\/plugins\/seo\/ -->\n<title>Parque G\u00fcell: o desastre urban\u00edstico por tr\u00e1s da obra-prima de Antoni Gaud\u00ed - Jornal Fatos e Not\u00edcias<\/title>\n<meta name=\"robots\" content=\"index, follow, max-snippet:-1, max-image-preview:large, max-video-preview:-1\" \/>\n<link rel=\"canonical\" href=\"https:\/\/jornalfatosenoticias.com.br\/index.php\/2025\/06\/18\/parque-guell-o-desastre-urbanistico-por-tras-da-obra-prima-de-antoni-gaudi\/\" \/>\n<meta property=\"og:locale\" content=\"pt_BR\" \/>\n<meta property=\"og:type\" content=\"article\" \/>\n<meta property=\"og:title\" content=\"Parque G\u00fcell: o desastre urban\u00edstico por tr\u00e1s da obra-prima de Antoni Gaud\u00ed - Jornal Fatos e Not\u00edcias\" \/>\n<meta property=\"og:description\" content=\"O espa\u00e7o foi concebido como uma cidade-jardim para 60 pessoas, mas apenas tr\u00eas pessoas chegaram a morar l\u00e1 \u2014 o idealizador, o arquiteto e o advogado de ambos Por Aline Melo Um dos diversos cart\u00f5es-postais de Barcelona, na Espanha, o Parque G\u00fcell nasce como uma cidade-jardim. O conceito, importado da Inglaterra, previa a constru\u00e7\u00e3o de [&hellip;]\" \/>\n<meta property=\"og:url\" content=\"https:\/\/jornalfatosenoticias.com.br\/index.php\/2025\/06\/18\/parque-guell-o-desastre-urbanistico-por-tras-da-obra-prima-de-antoni-gaudi\/\" \/>\n<meta property=\"og:site_name\" content=\"Jornal Fatos e Not\u00edcias\" \/>\n<meta property=\"article:published_time\" content=\"2025-06-18T19:37:38+00:00\" \/>\n<meta property=\"article:modified_time\" content=\"2025-06-18T19:37:40+00:00\" \/>\n<meta property=\"og:image\" content=\"https:\/\/jornalfatosenoticias.com.br\/wp-content\/uploads\/2025\/06\/parque-guell_pxhere.com_.jpeg\" \/>\n\t<meta property=\"og:image:width\" content=\"888\" \/>\n\t<meta property=\"og:image:height\" content=\"515\" \/>\n\t<meta property=\"og:image:type\" content=\"image\/jpeg\" \/>\n<meta name=\"author\" content=\"Luzimara Fernandes\" \/>\n<meta name=\"twitter:card\" content=\"summary_large_image\" \/>\n<meta name=\"twitter:label1\" content=\"Escrito por\" \/>\n\t<meta name=\"twitter:data1\" content=\"Luzimara Fernandes\" \/>\n\t<meta name=\"twitter:label2\" content=\"Est. tempo de leitura\" \/>\n\t<meta name=\"twitter:data2\" content=\"2 minutos\" \/>\n<script type=\"application\/ld+json\" class=\"yoast-schema-graph\">{\"@context\":\"https:\/\/schema.org\",\"@graph\":[{\"@type\":\"Article\",\"@id\":\"https:\/\/jornalfatosenoticias.com.br\/index.php\/2025\/06\/18\/parque-guell-o-desastre-urbanistico-por-tras-da-obra-prima-de-antoni-gaudi\/#article\",\"isPartOf\":{\"@id\":\"https:\/\/jornalfatosenoticias.com.br\/index.php\/2025\/06\/18\/parque-guell-o-desastre-urbanistico-por-tras-da-obra-prima-de-antoni-gaudi\/\"},\"author\":{\"name\":\"Luzimara Fernandes\",\"@id\":\"https:\/\/jornalfatosenoticias.com.br\/#\/schema\/person\/d63837fa13ac8666eb9e74e0985d6f81\"},\"headline\":\"Parque G\u00fcell: o desastre urban\u00edstico por tr\u00e1s da obra-prima de Antoni Gaud\u00ed\",\"datePublished\":\"2025-06-18T19:37:38+00:00\",\"dateModified\":\"2025-06-18T19:37:40+00:00\",\"mainEntityOfPage\":{\"@id\":\"https:\/\/jornalfatosenoticias.com.br\/index.php\/2025\/06\/18\/parque-guell-o-desastre-urbanistico-por-tras-da-obra-prima-de-antoni-gaudi\/\"},\"wordCount\":502,\"commentCount\":0,\"publisher\":{\"@id\":\"https:\/\/jornalfatosenoticias.com.br\/#organization\"},\"image\":{\"@id\":\"https:\/\/jornalfatosenoticias.com.br\/index.php\/2025\/06\/18\/parque-guell-o-desastre-urbanistico-por-tras-da-obra-prima-de-antoni-gaudi\/#primaryimage\"},\"thumbnailUrl\":\"https:\/\/jornalfatosenoticias.com.br\/wp-content\/uploads\/2025\/06\/parque-guell_pxhere.com_.jpeg\",\"keywords\":[\"Antoni Gaud\u00ed\",\"\u00e1reas verdes\",\"arquiteto\",\"Barcelona\",\"cart\u00f5es-postais\",\"Espanha\",\"Eusebi G\u00fcell\",\"Parque G\u00fcell\"],\"articleSection\":[\"Arq &amp; Urb\"],\"inLanguage\":\"pt-BR\",\"potentialAction\":[{\"@type\":\"CommentAction\",\"name\":\"Comment\",\"target\":[\"https:\/\/jornalfatosenoticias.com.br\/index.php\/2025\/06\/18\/parque-guell-o-desastre-urbanistico-por-tras-da-obra-prima-de-antoni-gaudi\/#respond\"]}]},{\"@type\":\"WebPage\",\"@id\":\"https:\/\/jornalfatosenoticias.com.br\/index.php\/2025\/06\/18\/parque-guell-o-desastre-urbanistico-por-tras-da-obra-prima-de-antoni-gaudi\/\",\"url\":\"https:\/\/jornalfatosenoticias.com.br\/index.php\/2025\/06\/18\/parque-guell-o-desastre-urbanistico-por-tras-da-obra-prima-de-antoni-gaudi\/\",\"name\":\"Parque G\u00fcell: o desastre urban\u00edstico por tr\u00e1s da obra-prima de Antoni Gaud\u00ed - Jornal Fatos e Not\u00edcias\",\"isPartOf\":{\"@id\":\"https:\/\/jornalfatosenoticias.com.br\/#website\"},\"primaryImageOfPage\":{\"@id\":\"https:\/\/jornalfatosenoticias.com.br\/index.php\/2025\/06\/18\/parque-guell-o-desastre-urbanistico-por-tras-da-obra-prima-de-antoni-gaudi\/#primaryimage\"},\"image\":{\"@id\":\"https:\/\/jornalfatosenoticias.com.br\/index.php\/2025\/06\/18\/parque-guell-o-desastre-urbanistico-por-tras-da-obra-prima-de-antoni-gaudi\/#primaryimage\"},\"thumbnailUrl\":\"https:\/\/jornalfatosenoticias.com.br\/wp-content\/uploads\/2025\/06\/parque-guell_pxhere.com_.jpeg\",\"datePublished\":\"2025-06-18T19:37:38+00:00\",\"dateModified\":\"2025-06-18T19:37:40+00:00\",\"breadcrumb\":{\"@id\":\"https:\/\/jornalfatosenoticias.com.br\/index.php\/2025\/06\/18\/parque-guell-o-desastre-urbanistico-por-tras-da-obra-prima-de-antoni-gaudi\/#breadcrumb\"},\"inLanguage\":\"pt-BR\",\"potentialAction\":[{\"@type\":\"ReadAction\",\"target\":[\"https:\/\/jornalfatosenoticias.com.br\/index.php\/2025\/06\/18\/parque-guell-o-desastre-urbanistico-por-tras-da-obra-prima-de-antoni-gaudi\/\"]}]},{\"@type\":\"ImageObject\",\"inLanguage\":\"pt-BR\",\"@id\":\"https:\/\/jornalfatosenoticias.com.br\/index.php\/2025\/06\/18\/parque-guell-o-desastre-urbanistico-por-tras-da-obra-prima-de-antoni-gaudi\/#primaryimage\",\"url\":\"https:\/\/jornalfatosenoticias.com.br\/wp-content\/uploads\/2025\/06\/parque-guell_pxhere.com_.jpeg\",\"contentUrl\":\"https:\/\/jornalfatosenoticias.com.br\/wp-content\/uploads\/2025\/06\/parque-guell_pxhere.com_.jpeg\",\"width\":888,\"height\":515},{\"@type\":\"BreadcrumbList\",\"@id\":\"https:\/\/jornalfatosenoticias.com.br\/index.php\/2025\/06\/18\/parque-guell-o-desastre-urbanistico-por-tras-da-obra-prima-de-antoni-gaudi\/#breadcrumb\",\"itemListElement\":[{\"@type\":\"ListItem\",\"position\":1,\"name\":\"In\u00edcio\",\"item\":\"https:\/\/jornalfatosenoticias.com.br\/\"},{\"@type\":\"ListItem\",\"position\":2,\"name\":\"Parque G\u00fcell: o desastre urban\u00edstico por tr\u00e1s da obra-prima de Antoni Gaud\u00ed\"}]},{\"@type\":\"WebSite\",\"@id\":\"https:\/\/jornalfatosenoticias.com.br\/#website\",\"url\":\"https:\/\/jornalfatosenoticias.com.br\/\",\"name\":\"Jornal Fatos e Not\u00edcias\",\"description\":\"Not\u00edcias em geral\",\"publisher\":{\"@id\":\"https:\/\/jornalfatosenoticias.com.br\/#organization\"},\"potentialAction\":[{\"@type\":\"SearchAction\",\"target\":{\"@type\":\"EntryPoint\",\"urlTemplate\":\"https:\/\/jornalfatosenoticias.com.br\/?s={search_term_string}\"},\"query-input\":{\"@type\":\"PropertyValueSpecification\",\"valueRequired\":true,\"valueName\":\"search_term_string\"}}],\"inLanguage\":\"pt-BR\"},{\"@type\":\"Organization\",\"@id\":\"https:\/\/jornalfatosenoticias.com.br\/#organization\",\"name\":\"Jornal Fatos e Not\u00edcias\",\"url\":\"https:\/\/jornalfatosenoticias.com.br\/\",\"logo\":{\"@type\":\"ImageObject\",\"inLanguage\":\"pt-BR\",\"@id\":\"https:\/\/jornalfatosenoticias.com.br\/#\/schema\/logo\/image\/\",\"url\":\"https:\/\/jornalfatosenoticias.com.br\/wp-content\/uploads\/2020\/02\/logo120.png\",\"contentUrl\":\"https:\/\/jornalfatosenoticias.com.br\/wp-content\/uploads\/2020\/02\/logo120.png\",\"width\":1227,\"height\":120,\"caption\":\"Jornal Fatos e Not\u00edcias\"},\"image\":{\"@id\":\"https:\/\/jornalfatosenoticias.com.br\/#\/schema\/logo\/image\/\"}},{\"@type\":\"Person\",\"@id\":\"https:\/\/jornalfatosenoticias.com.br\/#\/schema\/person\/d63837fa13ac8666eb9e74e0985d6f81\",\"name\":\"Luzimara Fernandes\",\"image\":{\"@type\":\"ImageObject\",\"inLanguage\":\"pt-BR\",\"@id\":\"https:\/\/jornalfatosenoticias.com.br\/#\/schema\/person\/image\/\",\"url\":\"https:\/\/jornalfatosenoticias.com.br\/wp-content\/uploads\/2025\/05\/EU_portal.jpg\",\"contentUrl\":\"https:\/\/jornalfatosenoticias.com.br\/wp-content\/uploads\/2025\/05\/EU_portal.jpg\",\"caption\":\"Luzimara Fernandes\"},\"description\":\"Jornalista MTB 2358-ES\",\"sameAs\":[\"https:\/\/jornalfatosenoticias.com.br\"],\"url\":\"https:\/\/jornalfatosenoticias.com.br\/index.php\/author\/luzimara\/\"}]}<\/script>\n<!-- \/ Yoast SEO plugin. -->","yoast_head_json":{"title":"Parque G\u00fcell: o desastre urban\u00edstico por tr\u00e1s da obra-prima de Antoni Gaud\u00ed - Jornal Fatos e Not\u00edcias","robots":{"index":"index","follow":"follow","max-snippet":"max-snippet:-1","max-image-preview":"max-image-preview:large","max-video-preview":"max-video-preview:-1"},"canonical":"https:\/\/jornalfatosenoticias.com.br\/index.php\/2025\/06\/18\/parque-guell-o-desastre-urbanistico-por-tras-da-obra-prima-de-antoni-gaudi\/","og_locale":"pt_BR","og_type":"article","og_title":"Parque G\u00fcell: o desastre urban\u00edstico por tr\u00e1s da obra-prima de Antoni Gaud\u00ed - Jornal Fatos e Not\u00edcias","og_description":"O espa\u00e7o foi concebido como uma cidade-jardim para 60 pessoas, mas apenas tr\u00eas pessoas chegaram a morar l\u00e1 \u2014 o idealizador, o arquiteto e o advogado de ambos Por Aline Melo Um dos diversos cart\u00f5es-postais de Barcelona, na Espanha, o Parque G\u00fcell nasce como uma cidade-jardim. O conceito, importado da Inglaterra, previa a constru\u00e7\u00e3o de [&hellip;]","og_url":"https:\/\/jornalfatosenoticias.com.br\/index.php\/2025\/06\/18\/parque-guell-o-desastre-urbanistico-por-tras-da-obra-prima-de-antoni-gaudi\/","og_site_name":"Jornal Fatos e Not\u00edcias","article_published_time":"2025-06-18T19:37:38+00:00","article_modified_time":"2025-06-18T19:37:40+00:00","og_image":[{"width":888,"height":515,"url":"https:\/\/jornalfatosenoticias.com.br\/wp-content\/uploads\/2025\/06\/parque-guell_pxhere.com_.jpeg","type":"image\/jpeg"}],"author":"Luzimara Fernandes","twitter_card":"summary_large_image","twitter_misc":{"Escrito por":"Luzimara Fernandes","Est. tempo de leitura":"2 minutos"},"schema":{"@context":"https:\/\/schema.org","@graph":[{"@type":"Article","@id":"https:\/\/jornalfatosenoticias.com.br\/index.php\/2025\/06\/18\/parque-guell-o-desastre-urbanistico-por-tras-da-obra-prima-de-antoni-gaudi\/#article","isPartOf":{"@id":"https:\/\/jornalfatosenoticias.com.br\/index.php\/2025\/06\/18\/parque-guell-o-desastre-urbanistico-por-tras-da-obra-prima-de-antoni-gaudi\/"},"author":{"name":"Luzimara Fernandes","@id":"https:\/\/jornalfatosenoticias.com.br\/#\/schema\/person\/d63837fa13ac8666eb9e74e0985d6f81"},"headline":"Parque G\u00fcell: o desastre urban\u00edstico por tr\u00e1s da obra-prima de Antoni Gaud\u00ed","datePublished":"2025-06-18T19:37:38+00:00","dateModified":"2025-06-18T19:37:40+00:00","mainEntityOfPage":{"@id":"https:\/\/jornalfatosenoticias.com.br\/index.php\/2025\/06\/18\/parque-guell-o-desastre-urbanistico-por-tras-da-obra-prima-de-antoni-gaudi\/"},"wordCount":502,"commentCount":0,"publisher":{"@id":"https:\/\/jornalfatosenoticias.com.br\/#organization"},"image":{"@id":"https:\/\/jornalfatosenoticias.com.br\/index.php\/2025\/06\/18\/parque-guell-o-desastre-urbanistico-por-tras-da-obra-prima-de-antoni-gaudi\/#primaryimage"},"thumbnailUrl":"https:\/\/jornalfatosenoticias.com.br\/wp-content\/uploads\/2025\/06\/parque-guell_pxhere.com_.jpeg","keywords":["Antoni Gaud\u00ed","\u00e1reas verdes","arquiteto","Barcelona","cart\u00f5es-postais","Espanha","Eusebi G\u00fcell","Parque G\u00fcell"],"articleSection":["Arq &amp; Urb"],"inLanguage":"pt-BR","potentialAction":[{"@type":"CommentAction","name":"Comment","target":["https:\/\/jornalfatosenoticias.com.br\/index.php\/2025\/06\/18\/parque-guell-o-desastre-urbanistico-por-tras-da-obra-prima-de-antoni-gaudi\/#respond"]}]},{"@type":"WebPage","@id":"https:\/\/jornalfatosenoticias.com.br\/index.php\/2025\/06\/18\/parque-guell-o-desastre-urbanistico-por-tras-da-obra-prima-de-antoni-gaudi\/","url":"https:\/\/jornalfatosenoticias.com.br\/index.php\/2025\/06\/18\/parque-guell-o-desastre-urbanistico-por-tras-da-obra-prima-de-antoni-gaudi\/","name":"Parque G\u00fcell: o desastre urban\u00edstico por tr\u00e1s da obra-prima de Antoni Gaud\u00ed - Jornal Fatos e Not\u00edcias","isPartOf":{"@id":"https:\/\/jornalfatosenoticias.com.br\/#website"},"primaryImageOfPage":{"@id":"https:\/\/jornalfatosenoticias.com.br\/index.php\/2025\/06\/18\/parque-guell-o-desastre-urbanistico-por-tras-da-obra-prima-de-antoni-gaudi\/#primaryimage"},"image":{"@id":"https:\/\/jornalfatosenoticias.com.br\/index.php\/2025\/06\/18\/parque-guell-o-desastre-urbanistico-por-tras-da-obra-prima-de-antoni-gaudi\/#primaryimage"},"thumbnailUrl":"https:\/\/jornalfatosenoticias.com.br\/wp-content\/uploads\/2025\/06\/parque-guell_pxhere.com_.jpeg","datePublished":"2025-06-18T19:37:38+00:00","dateModified":"2025-06-18T19:37:40+00:00","breadcrumb":{"@id":"https:\/\/jornalfatosenoticias.com.br\/index.php\/2025\/06\/18\/parque-guell-o-desastre-urbanistico-por-tras-da-obra-prima-de-antoni-gaudi\/#breadcrumb"},"inLanguage":"pt-BR","potentialAction":[{"@type":"ReadAction","target":["https:\/\/jornalfatosenoticias.com.br\/index.php\/2025\/06\/18\/parque-guell-o-desastre-urbanistico-por-tras-da-obra-prima-de-antoni-gaudi\/"]}]},{"@type":"ImageObject","inLanguage":"pt-BR","@id":"https:\/\/jornalfatosenoticias.com.br\/index.php\/2025\/06\/18\/parque-guell-o-desastre-urbanistico-por-tras-da-obra-prima-de-antoni-gaudi\/#primaryimage","url":"https:\/\/jornalfatosenoticias.com.br\/wp-content\/uploads\/2025\/06\/parque-guell_pxhere.com_.jpeg","contentUrl":"https:\/\/jornalfatosenoticias.com.br\/wp-content\/uploads\/2025\/06\/parque-guell_pxhere.com_.jpeg","width":888,"height":515},{"@type":"BreadcrumbList","@id":"https:\/\/jornalfatosenoticias.com.br\/index.php\/2025\/06\/18\/parque-guell-o-desastre-urbanistico-por-tras-da-obra-prima-de-antoni-gaudi\/#breadcrumb","itemListElement":[{"@type":"ListItem","position":1,"name":"In\u00edcio","item":"https:\/\/jornalfatosenoticias.com.br\/"},{"@type":"ListItem","position":2,"name":"Parque G\u00fcell: o desastre urban\u00edstico por tr\u00e1s da obra-prima de Antoni Gaud\u00ed"}]},{"@type":"WebSite","@id":"https:\/\/jornalfatosenoticias.com.br\/#website","url":"https:\/\/jornalfatosenoticias.com.br\/","name":"Jornal Fatos e Not\u00edcias","description":"Not\u00edcias em geral","publisher":{"@id":"https:\/\/jornalfatosenoticias.com.br\/#organization"},"potentialAction":[{"@type":"SearchAction","target":{"@type":"EntryPoint","urlTemplate":"https:\/\/jornalfatosenoticias.com.br\/?s={search_term_string}"},"query-input":{"@type":"PropertyValueSpecification","valueRequired":true,"valueName":"search_term_string"}}],"inLanguage":"pt-BR"},{"@type":"Organization","@id":"https:\/\/jornalfatosenoticias.com.br\/#organization","name":"Jornal Fatos e Not\u00edcias","url":"https:\/\/jornalfatosenoticias.com.br\/","logo":{"@type":"ImageObject","inLanguage":"pt-BR","@id":"https:\/\/jornalfatosenoticias.com.br\/#\/schema\/logo\/image\/","url":"https:\/\/jornalfatosenoticias.com.br\/wp-content\/uploads\/2020\/02\/logo120.png","contentUrl":"https:\/\/jornalfatosenoticias.com.br\/wp-content\/uploads\/2020\/02\/logo120.png","width":1227,"height":120,"caption":"Jornal Fatos e Not\u00edcias"},"image":{"@id":"https:\/\/jornalfatosenoticias.com.br\/#\/schema\/logo\/image\/"}},{"@type":"Person","@id":"https:\/\/jornalfatosenoticias.com.br\/#\/schema\/person\/d63837fa13ac8666eb9e74e0985d6f81","name":"Luzimara Fernandes","image":{"@type":"ImageObject","inLanguage":"pt-BR","@id":"https:\/\/jornalfatosenoticias.com.br\/#\/schema\/person\/image\/","url":"https:\/\/jornalfatosenoticias.com.br\/wp-content\/uploads\/2025\/05\/EU_portal.jpg","contentUrl":"https:\/\/jornalfatosenoticias.com.br\/wp-content\/uploads\/2025\/05\/EU_portal.jpg","caption":"Luzimara Fernandes"},"description":"Jornalista MTB 2358-ES","sameAs":["https:\/\/jornalfatosenoticias.com.br"],"url":"https:\/\/jornalfatosenoticias.com.br\/index.php\/author\/luzimara\/"}]}},"cc_featured_image_caption":{"caption_text":"(Foto: Pxhere\/Creative Commons) ","source_text":"","source_url":""},"jetpack_featured_media_url":"https:\/\/jornalfatosenoticias.com.br\/wp-content\/uploads\/2025\/06\/parque-guell_pxhere.com_.jpeg","_links":{"self":[{"href":"https:\/\/jornalfatosenoticias.com.br\/index.php\/wp-json\/wp\/v2\/posts\/60081","targetHints":{"allow":["GET"]}}],"collection":[{"href":"https:\/\/jornalfatosenoticias.com.br\/index.php\/wp-json\/wp\/v2\/posts"}],"about":[{"href":"https:\/\/jornalfatosenoticias.com.br\/index.php\/wp-json\/wp\/v2\/types\/post"}],"author":[{"embeddable":true,"href":"https:\/\/jornalfatosenoticias.com.br\/index.php\/wp-json\/wp\/v2\/users\/2"}],"replies":[{"embeddable":true,"href":"https:\/\/jornalfatosenoticias.com.br\/index.php\/wp-json\/wp\/v2\/comments?post=60081"}],"version-history":[{"count":0,"href":"https:\/\/jornalfatosenoticias.com.br\/index.php\/wp-json\/wp\/v2\/posts\/60081\/revisions"}],"wp:featuredmedia":[{"embeddable":true,"href":"https:\/\/jornalfatosenoticias.com.br\/index.php\/wp-json\/wp\/v2\/media\/60083"}],"wp:attachment":[{"href":"https:\/\/jornalfatosenoticias.com.br\/index.php\/wp-json\/wp\/v2\/media?parent=60081"}],"wp:term":[{"taxonomy":"category","embeddable":true,"href":"https:\/\/jornalfatosenoticias.com.br\/index.php\/wp-json\/wp\/v2\/categories?post=60081"},{"taxonomy":"post_tag","embeddable":true,"href":"https:\/\/jornalfatosenoticias.com.br\/index.php\/wp-json\/wp\/v2\/tags?post=60081"}],"curies":[{"name":"wp","href":"https:\/\/api.w.org\/{rel}","templated":true}]}}