{"id":60086,"date":"2025-06-19T10:40:43","date_gmt":"2025-06-19T13:40:43","guid":{"rendered":"https:\/\/jornalfatosenoticias.com.br\/?p=60086"},"modified":"2025-06-19T10:40:45","modified_gmt":"2025-06-19T13:40:45","slug":"a-mp-1-303-2025-combate-as-compensacoes-tributarias-abusivas-de-pis-cofins","status":"publish","type":"post","link":"https:\/\/jornalfatosenoticias.com.br\/index.php\/2025\/06\/19\/a-mp-1-303-2025-combate-as-compensacoes-tributarias-abusivas-de-pis-cofins\/","title":{"rendered":"A MP 1.303\/2025 combate as compensa\u00e7\u00f5es tribut\u00e1rias abusivas de PIS\/Cofins"},"content":{"rendered":"\n<div class=\"wp-block-image\"><figure class=\"aligncenter size-large is-resized\"><a href=\"https:\/\/www.legisjuris.com.br\/\"><img loading=\"lazy\" decoding=\"async\" src=\"https:\/\/jornalfatosenoticias.com.br\/wp-content\/uploads\/2024\/09\/Legis-Juris-Consultoria_logo.jpg\" alt=\"\" class=\"wp-image-53915\" width=\"530\" height=\"222\" srcset=\"https:\/\/jornalfatosenoticias.com.br\/wp-content\/uploads\/2024\/09\/Legis-Juris-Consultoria_logo.jpg 969w, https:\/\/jornalfatosenoticias.com.br\/wp-content\/uploads\/2024\/09\/Legis-Juris-Consultoria_logo-300x126.jpg 300w, https:\/\/jornalfatosenoticias.com.br\/wp-content\/uploads\/2024\/09\/Legis-Juris-Consultoria_logo-768x322.jpg 768w\" sizes=\"auto, (max-width: 530px) 100vw, 530px\" \/><\/a><\/figure><\/div>\n\n\n\n<p>Entre os in\u00fameros desafios enfrentados pelas empresas brasileiras no atual cen\u00e1rio tribut\u00e1rio, poucos temas geram tanta inseguran\u00e7a quanto a compensa\u00e7\u00e3o de cr\u00e9ditos de PIS e Cofins. A aus\u00eancia de regras objetivas, somada \u00e0 complexidade da legisla\u00e7\u00e3o, tem alimentado um ambiente de d\u00favidas e lit\u00edgios constantes.<br>Com a edi\u00e7\u00e3o da <strong><a href=\"https:\/\/www.congressonacional.leg.br\/materias\/medidas-provisorias\/-\/mpv\/169059#:~:text=Medida%20Provis%C3%B3ria%20n%C2%B0%201303%2C%20de%202025&amp;text=A%20medida%20trata%20da%20tributa%C3%A7%C3%A3o,o%20Lucro%20L%C3%ADquido%20(CSLL).\">Medida Provis\u00f3ria n.\u00ba 1.303\/2025,<\/a><\/strong> o governo d\u00e1 um passo decisivo no combate \u00e0s chamadas <strong>compensa\u00e7\u00f5es tribut\u00e1rias abusivas,<\/strong> mirando especialmente os cr\u00e9ditos considerados indevidos por estarem desconectados da atividade econ\u00f4mica da empresa.<\/p>\n\n\n\n<div class=\"wp-block-image\"><figure class=\"aligncenter size-large\"><a href=\"http:\/\/www.ferrarimaquinas.com.br\/\"><img loading=\"lazy\" decoding=\"async\" width=\"300\" height=\"250\" src=\"https:\/\/jornalfatosenoticias.com.br\/wp-content\/uploads\/2022\/02\/FERRARI_MAQUINAS-E-FERRAMENTAS2.jpg\" alt=\"\" class=\"wp-image-27860\"\/><\/a><\/figure><\/div>\n\n\n\n<p>Neste artigo, voc\u00ea confere um panorama das mudan\u00e7as trazidas pela MP, os principais pontos de aten\u00e7\u00e3o para o contribuinte e os cuidados necess\u00e1rios para manter a conformidade tribut\u00e1ria em meio ao novo cen\u00e1rio. A recente <strong>Medida Provis\u00f3ria 1.303\/2025,<\/strong> publicada em 11 de junho de 2025, disp\u00f5e sobre diversos ajustes fiscais, mas um dos pontos mais pol\u00eamicos \u00e9 o endurecimento das regras para compensa\u00e7\u00e3o de cr\u00e9ditos tribut\u00e1rios, especialmente envolvendo o regime n\u00e3o cumulativo de PIS e Cofins.<\/p>\n\n\n\n<div class=\"wp-block-image\"><figure class=\"aligncenter size-large is-resized\"><a href=\"https:\/\/www.controlsystems.com.br\/\"><img loading=\"lazy\" decoding=\"async\" src=\"https:\/\/jornalfatosenoticias.com.br\/wp-content\/uploads\/2020\/02\/CONTROL-CS.jpg\" alt=\"\" class=\"wp-image-44991\" width=\"300\" height=\"360\" srcset=\"https:\/\/jornalfatosenoticias.com.br\/wp-content\/uploads\/2020\/02\/CONTROL-CS.jpg 834w, https:\/\/jornalfatosenoticias.com.br\/wp-content\/uploads\/2020\/02\/CONTROL-CS-250x300.jpg 250w, https:\/\/jornalfatosenoticias.com.br\/wp-content\/uploads\/2020\/02\/CONTROL-CS-768x921.jpg 768w\" sizes=\"auto, (max-width: 300px) 100vw, 300px\" \/><\/a><\/figure><\/div>\n\n\n\n<ol class=\"wp-block-list\"><li><strong><span class=\"has-inline-color has-black-color\">O que mudou na compensa\u00e7\u00e3o?<br><\/span>\u2022 Obrigatoriedade de comprova\u00e7\u00e3o documental:<\/strong> a MP apura que qualquer compensa\u00e7\u00e3o s\u00f3 poder\u00e1 ser feita se houver <strong>DARF v\u00e1lido e correspondente ao pagamento efetivo.<\/strong> Pagamentos com documentos inexistentes, inv\u00e1lidos ou inconsistentes ser\u00e3o considerados indevidos.<br><strong>\u2022 Cr\u00e9ditos desvinculados \u00e0 atividade econ\u00f4mica: <\/strong>somente poder\u00e3o ser utilizados cr\u00e9ditos referentes a despesas efetivamente ligadas \u00e0 <strong>atividade principal <\/strong>do contribuinte. Cr\u00e9ditos \u201cdesconectados\u201d \u2014 como aqueles que envolvem ICMS, m\u00e3o de obra paga a PF, ou bens\/isentos sem rela\u00e7\u00e3o com o neg\u00f3cio \u2014 ficam expressamente vedados.<br><strong>\u2022 Risco refor\u00e7ado de autua\u00e7\u00e3o: <\/strong>a Receita Federal passa a ter poder mais amplo para recusar compensa\u00e7\u00f5es, apontar d\u00e9bitos como n\u00e3o extintos e aplicar multas, juros e exig\u00eancias imediatas.<\/li><li><strong><span class=\"has-inline-color has-black-color\">Por que PIS\/Cofins s\u00e3o alvo dessa controv\u00e9rsia?<br><\/span><\/strong>As contribui\u00e7\u00f5es possuem um regime <strong>n\u00e3o cumulativo,<\/strong> regido pelas Leis 10.637\/02 e 10.833\/03, que permitem abater cr\u00e9ditos de determinados insumos. Ao contr\u00e1rio de ICMS e IPI, o PIS\/Cofins adotam duas formas de apura\u00e7\u00e3o (cumulativa vs. n\u00e3o cumulativa), gerando forte contencioso sobre o que de fato \u00e9 \u201cinsumo\u201d.<\/li><\/ol>\n\n\n\n<div class=\"wp-block-image\"><figure class=\"aligncenter size-large is-resized\"><a href=\"https:\/\/www.instagram.com\/gruposei\/\"><img loading=\"lazy\" decoding=\"async\" src=\"https:\/\/jornalfatosenoticias.com.br\/wp-content\/uploads\/2022\/07\/Logo-Grupo-SEI.jpg\" alt=\"\" class=\"wp-image-31973\" width=\"413\" height=\"217\" srcset=\"https:\/\/jornalfatosenoticias.com.br\/wp-content\/uploads\/2022\/07\/Logo-Grupo-SEI.jpg 713w, https:\/\/jornalfatosenoticias.com.br\/wp-content\/uploads\/2022\/07\/Logo-Grupo-SEI-300x158.jpg 300w\" sizes=\"auto, (max-width: 413px) 100vw, 413px\" \/><\/a><\/figure><\/div>\n\n\n\n<p><strong><span class=\"has-inline-color has-black-color\">\ud83d\udccc Cr\u00e9ditos permitidos (legais, mas agora com crit\u00e9rios mais rigorosos):<br><\/span><\/strong>\u2022 Bens para revenda;<br>\u2022 Insumos;<br>\u2022 Energia, frete, armazenagem;<br>\u2022 Leasing, alugu\u00e9is, imobilizados, intang\u00edveis<br><strong><span class=\"has-inline-color has-black-color\">\ud83d\udccc Cr\u00e9ditos vedados:<br><\/span><\/strong>\u2022 Gastos com m\u00e3o de obra PF;<br>\u2022 ICMS sobre aquisi\u00e7\u00e3o;<br>\u2022 Aquisi\u00e7\u00f5es isentas\/zero;<br>\u2022 Insumos que n\u00e3o se relacionem \u00e0 atividade-fim \u2014 esta an\u00e1lise pela Receita Federal poder\u00e1 gerar pol\u00eamica e judicializa\u00e7\u00f5es, face a j\u00e1 existente resist\u00eancia da Receita Federal a aceitar os insumos na forma prevista pelo julgado do STJ Resp. 1.221.170 que definiu o conceito de insumo como <em><strong>\u201co conceito de insumo deve ser aferido \u00e0 luz dos crit\u00e9rios de essencialidade ou relev\u00e2ncia, ou seja, considerando-se a imprescindibilidade ou a import\u00e2ncia de determinado item \u2014 bem ou servi\u00e7o \u2014 para o desenvolvimento da atividade econ\u00f4mica desempenhada pelo contribuinte\u201d.<\/strong><\/em><br>Essa clara distin\u00e7\u00e3o torna a defesa do uso desses cr\u00e9ditos mais complexa.<\/p>\n\n\n\n<div class=\"wp-block-image\"><figure class=\"aligncenter size-large\"><a href=\"https:\/\/www.cesconetto.com.br\/\"><img loading=\"lazy\" decoding=\"async\" width=\"300\" height=\"250\" src=\"https:\/\/jornalfatosenoticias.com.br\/wp-content\/uploads\/2020\/02\/Banner-2.png\" alt=\"\" class=\"wp-image-43787\"\/><\/a><\/figure><\/div>\n\n\n\n<ol class=\"wp-block-list\" start=\"3\"><li><strong><span class=\"has-inline-color has-black-color\">Impactos pr\u00e1ticos para as empresas<br><\/span>\u2022 Revis\u00e3o imediata de controles:<\/strong> ser\u00e1 imprescind\u00edvel refor\u00e7ar compliance fiscal com auditorias pr\u00f3prias, certificados de documenta\u00e7\u00e3o e mapeamento detalhado de insumos.<br><strong>\u2022 Previs\u00e3o de lit\u00edgios fiscais:<\/strong> setores questionados (tecnologia, servi\u00e7os, agroneg\u00f3cio) tendem a contestar o conceito restritivo de \u201crela\u00e7\u00e3o com a atividade econ\u00f4mica principal\u201d. Isso trar\u00e1 mais contencioso administrativo e judicial.<br><strong>\u2022 Planejamento estrat\u00e9gico de cr\u00e9ditos: <\/strong>especialmente durante o per\u00edodo de transi\u00e7\u00e3o para a CBS, decidida pela Emenda 132\/2023, que prev\u00ea a unifica\u00e7\u00e3o do PIS\/Cofins no IVA federal.<\/li><\/ol>\n\n\n\n<div class=\"wp-block-image\"><figure class=\"aligncenter size-large is-resized\"><a href=\"https:\/\/hotelmarquetti.com.br\/\"><img loading=\"lazy\" decoding=\"async\" src=\"https:\/\/jornalfatosenoticias.com.br\/wp-content\/uploads\/2020\/02\/LOGO-MQ-1024x680.jpg\" alt=\"\" class=\"wp-image-58299\" width=\"365\" height=\"242\" srcset=\"https:\/\/jornalfatosenoticias.com.br\/wp-content\/uploads\/2020\/02\/LOGO-MQ-1024x680.jpg 1024w, https:\/\/jornalfatosenoticias.com.br\/wp-content\/uploads\/2020\/02\/LOGO-MQ-300x199.jpg 300w, https:\/\/jornalfatosenoticias.com.br\/wp-content\/uploads\/2020\/02\/LOGO-MQ-768x510.jpg 768w, https:\/\/jornalfatosenoticias.com.br\/wp-content\/uploads\/2020\/02\/LOGO-MQ-1536x1020.jpg 1536w, https:\/\/jornalfatosenoticias.com.br\/wp-content\/uploads\/2020\/02\/LOGO-MQ-2048x1360.jpg 2048w\" sizes=\"auto, (max-width: 365px) 100vw, 365px\" \/><\/a><\/figure><\/div>\n\n\n\n<p><strong>\ud83d\udd0d <span class=\"has-inline-color has-black-color\"><span style=\"text-decoration: underline;\">CONCLUS\u00c3O<\/span><\/span><br><\/strong>A MP 1.303\/2025 marca uma guinada no combate a compensa\u00e7\u00f5es tribut\u00e1rias consideradas pela RFB como abusivas. Se, por um lado, fortalece o rigor do sistema, por outro, imp\u00f5e \u00e0s empresas o desafio imediato de aprimorar controles e validar adequadamente seus cr\u00e9ditos de PIS\/Cofins \u2014 enquanto se acirra o embate sobre o que representa \u201crela\u00e7\u00e3o com a atividade econ\u00f4mica principal\u201d.<\/p>\n\n\n\n<div class=\"wp-block-image\"><figure class=\"aligncenter size-large is-resized\"><a href=\"https:\/\/www.facebook.com\/postobkr\/?locale=pt_BR\"><img loading=\"lazy\" decoding=\"async\" src=\"https:\/\/jornalfatosenoticias.com.br\/wp-content\/uploads\/2023\/08\/BKR-1024x1021.jpg\" alt=\"\" class=\"wp-image-44494\" width=\"284\" height=\"283\" srcset=\"https:\/\/jornalfatosenoticias.com.br\/wp-content\/uploads\/2023\/08\/BKR-1024x1021.jpg 1024w, https:\/\/jornalfatosenoticias.com.br\/wp-content\/uploads\/2023\/08\/BKR-300x300.jpg 300w, https:\/\/jornalfatosenoticias.com.br\/wp-content\/uploads\/2023\/08\/BKR-150x150.jpg 150w, https:\/\/jornalfatosenoticias.com.br\/wp-content\/uploads\/2023\/08\/BKR-768x766.jpg 768w, https:\/\/jornalfatosenoticias.com.br\/wp-content\/uploads\/2023\/08\/BKR.jpg 1080w\" sizes=\"auto, (max-width: 284px) 100vw, 284px\" \/><\/a><\/figure><\/div>\n\n\n\n<blockquote class=\"wp-block-quote is-layout-flow wp-block-quote-is-layout-flow\"><p><span class=\"has-inline-color has-luminous-vivid-orange-color\"><strong>Frase da semana:<\/strong> \u201cem tempos de reformas e restri\u00e7\u00f5es, o maior cr\u00e9dito que a empresa pode ter \u00e9 o de sua conformidade e estar ao lado de consultores confi\u00e1veis faz toda a diferen\u00e7a\u201d<\/span><\/p><\/blockquote>\n\n\n\n<div class=\"wp-block-image\"><figure class=\"aligncenter size-large is-resized\"><a href=\"https:\/\/www.facebook.com\/profile.php?id=100069289606145\"><img loading=\"lazy\" decoding=\"async\" src=\"https:\/\/jornalfatosenoticias.com.br\/wp-content\/uploads\/2024\/11\/Guaitolini-Contabilidade-1024x714.jpeg\" alt=\"\" class=\"wp-image-55808\" width=\"328\" height=\"228\" srcset=\"https:\/\/jornalfatosenoticias.com.br\/wp-content\/uploads\/2024\/11\/Guaitolini-Contabilidade-1024x714.jpeg 1024w, https:\/\/jornalfatosenoticias.com.br\/wp-content\/uploads\/2024\/11\/Guaitolini-Contabilidade-300x209.jpeg 300w, https:\/\/jornalfatosenoticias.com.br\/wp-content\/uploads\/2024\/11\/Guaitolini-Contabilidade-768x535.jpeg 768w, https:\/\/jornalfatosenoticias.com.br\/wp-content\/uploads\/2024\/11\/Guaitolini-Contabilidade.jpeg 1280w\" sizes=\"auto, (max-width: 328px) 100vw, 328px\" \/><\/a><\/figure><\/div>\n","protected":false},"excerpt":{"rendered":"<p>Entre os in\u00fameros desafios enfrentados pelas empresas brasileiras no atual cen\u00e1rio tribut\u00e1rio, poucos temas geram tanta inseguran\u00e7a quanto a compensa\u00e7\u00e3o de cr\u00e9ditos de PIS e Cofins. A aus\u00eancia de regras objetivas, somada \u00e0 complexidade da legisla\u00e7\u00e3o, tem alimentado um ambiente de d\u00favidas e lit\u00edgios constantes.Com a edi\u00e7\u00e3o da Medida Provis\u00f3ria n.\u00ba 1.303\/2025, o governo d\u00e1 [&hellip;]<\/p>\n","protected":false},"author":39,"featured_media":60087,"comment_status":"open","ping_status":"open","sticky":false,"template":"","format":"standard","meta":{"footnotes":""},"categories":[9],"tags":[27394,27396,27393,1171,27395,20131],"class_list":["post-60086","post","type-post","status-publish","format-standard","has-post-thumbnail","hentry","category-economia","tag-compensacoes-tributarias","tag-compensacoes-tributarias-abusivas","tag-darf","tag-icms","tag-mp-1-303-2025","tag-pis-cofins"],"yoast_head":"<!-- This site is optimized with the Yoast SEO plugin v26.5 - https:\/\/yoast.com\/wordpress\/plugins\/seo\/ -->\n<title>A MP 1.303\/2025 combate as compensa\u00e7\u00f5es tribut\u00e1rias abusivas de PIS\/Cofins - Jornal Fatos e Not\u00edcias<\/title>\n<meta name=\"robots\" content=\"index, follow, max-snippet:-1, max-image-preview:large, max-video-preview:-1\" \/>\n<link rel=\"canonical\" href=\"https:\/\/jornalfatosenoticias.com.br\/index.php\/2025\/06\/19\/a-mp-1-303-2025-combate-as-compensacoes-tributarias-abusivas-de-pis-cofins\/\" \/>\n<meta property=\"og:locale\" content=\"pt_BR\" \/>\n<meta property=\"og:type\" content=\"article\" \/>\n<meta property=\"og:title\" content=\"A MP 1.303\/2025 combate as compensa\u00e7\u00f5es tribut\u00e1rias abusivas de PIS\/Cofins - Jornal Fatos e Not\u00edcias\" \/>\n<meta property=\"og:description\" content=\"Entre os in\u00fameros desafios enfrentados pelas empresas brasileiras no atual cen\u00e1rio tribut\u00e1rio, poucos temas geram tanta inseguran\u00e7a quanto a compensa\u00e7\u00e3o de cr\u00e9ditos de PIS e Cofins. A aus\u00eancia de regras objetivas, somada \u00e0 complexidade da legisla\u00e7\u00e3o, tem alimentado um ambiente de d\u00favidas e lit\u00edgios constantes.Com a edi\u00e7\u00e3o da Medida Provis\u00f3ria n.\u00ba 1.303\/2025, o governo d\u00e1 [&hellip;]\" \/>\n<meta property=\"og:url\" content=\"https:\/\/jornalfatosenoticias.com.br\/index.php\/2025\/06\/19\/a-mp-1-303-2025-combate-as-compensacoes-tributarias-abusivas-de-pis-cofins\/\" \/>\n<meta property=\"og:site_name\" content=\"Jornal Fatos e Not\u00edcias\" \/>\n<meta property=\"article:published_time\" content=\"2025-06-19T13:40:43+00:00\" \/>\n<meta property=\"article:modified_time\" content=\"2025-06-19T13:40:45+00:00\" \/>\n<meta property=\"og:image\" content=\"https:\/\/jornalfatosenoticias.com.br\/wp-content\/uploads\/2025\/06\/compensacoes-tributarias-abusivas-de-PISCofins_freepik.jpg\" \/>\n\t<meta property=\"og:image:width\" content=\"1000\" \/>\n\t<meta property=\"og:image:height\" content=\"750\" \/>\n\t<meta property=\"og:image:type\" content=\"image\/jpeg\" \/>\n<meta name=\"author\" content=\"Rogerio Fernandes e Kalyne Calais\" \/>\n<meta name=\"twitter:card\" content=\"summary_large_image\" \/>\n<meta name=\"twitter:label1\" content=\"Escrito por\" \/>\n\t<meta name=\"twitter:data1\" content=\"Rogerio Fernandes e Kalyne Calais\" \/>\n\t<meta name=\"twitter:label2\" content=\"Est. tempo de leitura\" \/>\n\t<meta name=\"twitter:data2\" content=\"4 minutos\" \/>\n<script type=\"application\/ld+json\" class=\"yoast-schema-graph\">{\"@context\":\"https:\/\/schema.org\",\"@graph\":[{\"@type\":\"Article\",\"@id\":\"https:\/\/jornalfatosenoticias.com.br\/index.php\/2025\/06\/19\/a-mp-1-303-2025-combate-as-compensacoes-tributarias-abusivas-de-pis-cofins\/#article\",\"isPartOf\":{\"@id\":\"https:\/\/jornalfatosenoticias.com.br\/index.php\/2025\/06\/19\/a-mp-1-303-2025-combate-as-compensacoes-tributarias-abusivas-de-pis-cofins\/\"},\"author\":{\"name\":\"Rogerio Fernandes e Kalyne Calais\",\"@id\":\"https:\/\/jornalfatosenoticias.com.br\/#\/schema\/person\/dbe3a29c2a0ae01a892d7aef31d6c0b6\"},\"headline\":\"A MP 1.303\/2025 combate as compensa\u00e7\u00f5es tribut\u00e1rias abusivas de PIS\/Cofins\",\"datePublished\":\"2025-06-19T13:40:43+00:00\",\"dateModified\":\"2025-06-19T13:40:45+00:00\",\"mainEntityOfPage\":{\"@id\":\"https:\/\/jornalfatosenoticias.com.br\/index.php\/2025\/06\/19\/a-mp-1-303-2025-combate-as-compensacoes-tributarias-abusivas-de-pis-cofins\/\"},\"wordCount\":724,\"commentCount\":0,\"publisher\":{\"@id\":\"https:\/\/jornalfatosenoticias.com.br\/#organization\"},\"image\":{\"@id\":\"https:\/\/jornalfatosenoticias.com.br\/index.php\/2025\/06\/19\/a-mp-1-303-2025-combate-as-compensacoes-tributarias-abusivas-de-pis-cofins\/#primaryimage\"},\"thumbnailUrl\":\"https:\/\/jornalfatosenoticias.com.br\/wp-content\/uploads\/2025\/06\/compensacoes-tributarias-abusivas-de-PISCofins_freepik.jpg\",\"keywords\":[\"compensa\u00e7\u00f5es tribut\u00e1rias\",\"compensa\u00e7\u00f5es tribut\u00e1rias abusivas\",\"DARF\",\"ICMS\",\"MP 1.303\/2025\",\"PIS\/Cofins\"],\"articleSection\":[\"Economia\"],\"inLanguage\":\"pt-BR\",\"potentialAction\":[{\"@type\":\"CommentAction\",\"name\":\"Comment\",\"target\":[\"https:\/\/jornalfatosenoticias.com.br\/index.php\/2025\/06\/19\/a-mp-1-303-2025-combate-as-compensacoes-tributarias-abusivas-de-pis-cofins\/#respond\"]}]},{\"@type\":\"WebPage\",\"@id\":\"https:\/\/jornalfatosenoticias.com.br\/index.php\/2025\/06\/19\/a-mp-1-303-2025-combate-as-compensacoes-tributarias-abusivas-de-pis-cofins\/\",\"url\":\"https:\/\/jornalfatosenoticias.com.br\/index.php\/2025\/06\/19\/a-mp-1-303-2025-combate-as-compensacoes-tributarias-abusivas-de-pis-cofins\/\",\"name\":\"A MP 1.303\/2025 combate as compensa\u00e7\u00f5es tribut\u00e1rias abusivas de PIS\/Cofins - Jornal Fatos e Not\u00edcias\",\"isPartOf\":{\"@id\":\"https:\/\/jornalfatosenoticias.com.br\/#website\"},\"primaryImageOfPage\":{\"@id\":\"https:\/\/jornalfatosenoticias.com.br\/index.php\/2025\/06\/19\/a-mp-1-303-2025-combate-as-compensacoes-tributarias-abusivas-de-pis-cofins\/#primaryimage\"},\"image\":{\"@id\":\"https:\/\/jornalfatosenoticias.com.br\/index.php\/2025\/06\/19\/a-mp-1-303-2025-combate-as-compensacoes-tributarias-abusivas-de-pis-cofins\/#primaryimage\"},\"thumbnailUrl\":\"https:\/\/jornalfatosenoticias.com.br\/wp-content\/uploads\/2025\/06\/compensacoes-tributarias-abusivas-de-PISCofins_freepik.jpg\",\"datePublished\":\"2025-06-19T13:40:43+00:00\",\"dateModified\":\"2025-06-19T13:40:45+00:00\",\"breadcrumb\":{\"@id\":\"https:\/\/jornalfatosenoticias.com.br\/index.php\/2025\/06\/19\/a-mp-1-303-2025-combate-as-compensacoes-tributarias-abusivas-de-pis-cofins\/#breadcrumb\"},\"inLanguage\":\"pt-BR\",\"potentialAction\":[{\"@type\":\"ReadAction\",\"target\":[\"https:\/\/jornalfatosenoticias.com.br\/index.php\/2025\/06\/19\/a-mp-1-303-2025-combate-as-compensacoes-tributarias-abusivas-de-pis-cofins\/\"]}]},{\"@type\":\"ImageObject\",\"inLanguage\":\"pt-BR\",\"@id\":\"https:\/\/jornalfatosenoticias.com.br\/index.php\/2025\/06\/19\/a-mp-1-303-2025-combate-as-compensacoes-tributarias-abusivas-de-pis-cofins\/#primaryimage\",\"url\":\"https:\/\/jornalfatosenoticias.com.br\/wp-content\/uploads\/2025\/06\/compensacoes-tributarias-abusivas-de-PISCofins_freepik.jpg\",\"contentUrl\":\"https:\/\/jornalfatosenoticias.com.br\/wp-content\/uploads\/2025\/06\/compensacoes-tributarias-abusivas-de-PISCofins_freepik.jpg\",\"width\":1000,\"height\":750,\"caption\":\"Vintage style photo of a lady is using mobile telephone with her business report document\"},{\"@type\":\"BreadcrumbList\",\"@id\":\"https:\/\/jornalfatosenoticias.com.br\/index.php\/2025\/06\/19\/a-mp-1-303-2025-combate-as-compensacoes-tributarias-abusivas-de-pis-cofins\/#breadcrumb\",\"itemListElement\":[{\"@type\":\"ListItem\",\"position\":1,\"name\":\"In\u00edcio\",\"item\":\"https:\/\/jornalfatosenoticias.com.br\/\"},{\"@type\":\"ListItem\",\"position\":2,\"name\":\"A MP 1.303\/2025 combate as compensa\u00e7\u00f5es tribut\u00e1rias abusivas de PIS\/Cofins\"}]},{\"@type\":\"WebSite\",\"@id\":\"https:\/\/jornalfatosenoticias.com.br\/#website\",\"url\":\"https:\/\/jornalfatosenoticias.com.br\/\",\"name\":\"Jornal Fatos e Not\u00edcias\",\"description\":\"Not\u00edcias em geral\",\"publisher\":{\"@id\":\"https:\/\/jornalfatosenoticias.com.br\/#organization\"},\"potentialAction\":[{\"@type\":\"SearchAction\",\"target\":{\"@type\":\"EntryPoint\",\"urlTemplate\":\"https:\/\/jornalfatosenoticias.com.br\/?s={search_term_string}\"},\"query-input\":{\"@type\":\"PropertyValueSpecification\",\"valueRequired\":true,\"valueName\":\"search_term_string\"}}],\"inLanguage\":\"pt-BR\"},{\"@type\":\"Organization\",\"@id\":\"https:\/\/jornalfatosenoticias.com.br\/#organization\",\"name\":\"Jornal Fatos e Not\u00edcias\",\"url\":\"https:\/\/jornalfatosenoticias.com.br\/\",\"logo\":{\"@type\":\"ImageObject\",\"inLanguage\":\"pt-BR\",\"@id\":\"https:\/\/jornalfatosenoticias.com.br\/#\/schema\/logo\/image\/\",\"url\":\"https:\/\/jornalfatosenoticias.com.br\/wp-content\/uploads\/2020\/02\/logo120.png\",\"contentUrl\":\"https:\/\/jornalfatosenoticias.com.br\/wp-content\/uploads\/2020\/02\/logo120.png\",\"width\":1227,\"height\":120,\"caption\":\"Jornal Fatos e Not\u00edcias\"},\"image\":{\"@id\":\"https:\/\/jornalfatosenoticias.com.br\/#\/schema\/logo\/image\/\"}},{\"@type\":\"Person\",\"@id\":\"https:\/\/jornalfatosenoticias.com.br\/#\/schema\/person\/dbe3a29c2a0ae01a892d7aef31d6c0b6\",\"name\":\"Rogerio Fernandes e Kalyne Calais\",\"image\":{\"@type\":\"ImageObject\",\"inLanguage\":\"pt-BR\",\"@id\":\"https:\/\/jornalfatosenoticias.com.br\/#\/schema\/person\/image\/\",\"url\":\"https:\/\/jornalfatosenoticias.com.br\/wp-content\/uploads\/2026\/01\/Rogerio-Kalyne_PORTAL-1-150x150.jpeg\",\"contentUrl\":\"https:\/\/jornalfatosenoticias.com.br\/wp-content\/uploads\/2026\/01\/Rogerio-Kalyne_PORTAL-1-150x150.jpeg\",\"caption\":\"Rogerio Fernandes e Kalyne Calais\"},\"description\":\"Especialistas em Direito Tribut\u00e1rio Legis Juris Consultoria https:\/\/www.instagram.com\/kalynecalais\/ https:\/\/www.linkedin.com\/company\/legis-juris\/\",\"url\":\"https:\/\/jornalfatosenoticias.com.br\/index.php\/author\/rogerio-e-kalyne\/\"}]}<\/script>\n<!-- \/ Yoast SEO plugin. -->","yoast_head_json":{"title":"A MP 1.303\/2025 combate as compensa\u00e7\u00f5es tribut\u00e1rias abusivas de PIS\/Cofins - Jornal Fatos e Not\u00edcias","robots":{"index":"index","follow":"follow","max-snippet":"max-snippet:-1","max-image-preview":"max-image-preview:large","max-video-preview":"max-video-preview:-1"},"canonical":"https:\/\/jornalfatosenoticias.com.br\/index.php\/2025\/06\/19\/a-mp-1-303-2025-combate-as-compensacoes-tributarias-abusivas-de-pis-cofins\/","og_locale":"pt_BR","og_type":"article","og_title":"A MP 1.303\/2025 combate as compensa\u00e7\u00f5es tribut\u00e1rias abusivas de PIS\/Cofins - Jornal Fatos e Not\u00edcias","og_description":"Entre os in\u00fameros desafios enfrentados pelas empresas brasileiras no atual cen\u00e1rio tribut\u00e1rio, poucos temas geram tanta inseguran\u00e7a quanto a compensa\u00e7\u00e3o de cr\u00e9ditos de PIS e Cofins. A aus\u00eancia de regras objetivas, somada \u00e0 complexidade da legisla\u00e7\u00e3o, tem alimentado um ambiente de d\u00favidas e lit\u00edgios constantes.Com a edi\u00e7\u00e3o da Medida Provis\u00f3ria n.\u00ba 1.303\/2025, o governo d\u00e1 [&hellip;]","og_url":"https:\/\/jornalfatosenoticias.com.br\/index.php\/2025\/06\/19\/a-mp-1-303-2025-combate-as-compensacoes-tributarias-abusivas-de-pis-cofins\/","og_site_name":"Jornal Fatos e Not\u00edcias","article_published_time":"2025-06-19T13:40:43+00:00","article_modified_time":"2025-06-19T13:40:45+00:00","og_image":[{"width":1000,"height":750,"url":"https:\/\/jornalfatosenoticias.com.br\/wp-content\/uploads\/2025\/06\/compensacoes-tributarias-abusivas-de-PISCofins_freepik.jpg","type":"image\/jpeg"}],"author":"Rogerio Fernandes e Kalyne Calais","twitter_card":"summary_large_image","twitter_misc":{"Escrito por":"Rogerio Fernandes e Kalyne Calais","Est. tempo de leitura":"4 minutos"},"schema":{"@context":"https:\/\/schema.org","@graph":[{"@type":"Article","@id":"https:\/\/jornalfatosenoticias.com.br\/index.php\/2025\/06\/19\/a-mp-1-303-2025-combate-as-compensacoes-tributarias-abusivas-de-pis-cofins\/#article","isPartOf":{"@id":"https:\/\/jornalfatosenoticias.com.br\/index.php\/2025\/06\/19\/a-mp-1-303-2025-combate-as-compensacoes-tributarias-abusivas-de-pis-cofins\/"},"author":{"name":"Rogerio Fernandes e Kalyne Calais","@id":"https:\/\/jornalfatosenoticias.com.br\/#\/schema\/person\/dbe3a29c2a0ae01a892d7aef31d6c0b6"},"headline":"A MP 1.303\/2025 combate as compensa\u00e7\u00f5es tribut\u00e1rias abusivas de PIS\/Cofins","datePublished":"2025-06-19T13:40:43+00:00","dateModified":"2025-06-19T13:40:45+00:00","mainEntityOfPage":{"@id":"https:\/\/jornalfatosenoticias.com.br\/index.php\/2025\/06\/19\/a-mp-1-303-2025-combate-as-compensacoes-tributarias-abusivas-de-pis-cofins\/"},"wordCount":724,"commentCount":0,"publisher":{"@id":"https:\/\/jornalfatosenoticias.com.br\/#organization"},"image":{"@id":"https:\/\/jornalfatosenoticias.com.br\/index.php\/2025\/06\/19\/a-mp-1-303-2025-combate-as-compensacoes-tributarias-abusivas-de-pis-cofins\/#primaryimage"},"thumbnailUrl":"https:\/\/jornalfatosenoticias.com.br\/wp-content\/uploads\/2025\/06\/compensacoes-tributarias-abusivas-de-PISCofins_freepik.jpg","keywords":["compensa\u00e7\u00f5es tribut\u00e1rias","compensa\u00e7\u00f5es tribut\u00e1rias abusivas","DARF","ICMS","MP 1.303\/2025","PIS\/Cofins"],"articleSection":["Economia"],"inLanguage":"pt-BR","potentialAction":[{"@type":"CommentAction","name":"Comment","target":["https:\/\/jornalfatosenoticias.com.br\/index.php\/2025\/06\/19\/a-mp-1-303-2025-combate-as-compensacoes-tributarias-abusivas-de-pis-cofins\/#respond"]}]},{"@type":"WebPage","@id":"https:\/\/jornalfatosenoticias.com.br\/index.php\/2025\/06\/19\/a-mp-1-303-2025-combate-as-compensacoes-tributarias-abusivas-de-pis-cofins\/","url":"https:\/\/jornalfatosenoticias.com.br\/index.php\/2025\/06\/19\/a-mp-1-303-2025-combate-as-compensacoes-tributarias-abusivas-de-pis-cofins\/","name":"A MP 1.303\/2025 combate as compensa\u00e7\u00f5es tribut\u00e1rias abusivas de PIS\/Cofins - Jornal Fatos e Not\u00edcias","isPartOf":{"@id":"https:\/\/jornalfatosenoticias.com.br\/#website"},"primaryImageOfPage":{"@id":"https:\/\/jornalfatosenoticias.com.br\/index.php\/2025\/06\/19\/a-mp-1-303-2025-combate-as-compensacoes-tributarias-abusivas-de-pis-cofins\/#primaryimage"},"image":{"@id":"https:\/\/jornalfatosenoticias.com.br\/index.php\/2025\/06\/19\/a-mp-1-303-2025-combate-as-compensacoes-tributarias-abusivas-de-pis-cofins\/#primaryimage"},"thumbnailUrl":"https:\/\/jornalfatosenoticias.com.br\/wp-content\/uploads\/2025\/06\/compensacoes-tributarias-abusivas-de-PISCofins_freepik.jpg","datePublished":"2025-06-19T13:40:43+00:00","dateModified":"2025-06-19T13:40:45+00:00","breadcrumb":{"@id":"https:\/\/jornalfatosenoticias.com.br\/index.php\/2025\/06\/19\/a-mp-1-303-2025-combate-as-compensacoes-tributarias-abusivas-de-pis-cofins\/#breadcrumb"},"inLanguage":"pt-BR","potentialAction":[{"@type":"ReadAction","target":["https:\/\/jornalfatosenoticias.com.br\/index.php\/2025\/06\/19\/a-mp-1-303-2025-combate-as-compensacoes-tributarias-abusivas-de-pis-cofins\/"]}]},{"@type":"ImageObject","inLanguage":"pt-BR","@id":"https:\/\/jornalfatosenoticias.com.br\/index.php\/2025\/06\/19\/a-mp-1-303-2025-combate-as-compensacoes-tributarias-abusivas-de-pis-cofins\/#primaryimage","url":"https:\/\/jornalfatosenoticias.com.br\/wp-content\/uploads\/2025\/06\/compensacoes-tributarias-abusivas-de-PISCofins_freepik.jpg","contentUrl":"https:\/\/jornalfatosenoticias.com.br\/wp-content\/uploads\/2025\/06\/compensacoes-tributarias-abusivas-de-PISCofins_freepik.jpg","width":1000,"height":750,"caption":"Vintage style photo of a lady is using mobile telephone with her business report document"},{"@type":"BreadcrumbList","@id":"https:\/\/jornalfatosenoticias.com.br\/index.php\/2025\/06\/19\/a-mp-1-303-2025-combate-as-compensacoes-tributarias-abusivas-de-pis-cofins\/#breadcrumb","itemListElement":[{"@type":"ListItem","position":1,"name":"In\u00edcio","item":"https:\/\/jornalfatosenoticias.com.br\/"},{"@type":"ListItem","position":2,"name":"A MP 1.303\/2025 combate as compensa\u00e7\u00f5es tribut\u00e1rias abusivas de PIS\/Cofins"}]},{"@type":"WebSite","@id":"https:\/\/jornalfatosenoticias.com.br\/#website","url":"https:\/\/jornalfatosenoticias.com.br\/","name":"Jornal Fatos e Not\u00edcias","description":"Not\u00edcias em geral","publisher":{"@id":"https:\/\/jornalfatosenoticias.com.br\/#organization"},"potentialAction":[{"@type":"SearchAction","target":{"@type":"EntryPoint","urlTemplate":"https:\/\/jornalfatosenoticias.com.br\/?s={search_term_string}"},"query-input":{"@type":"PropertyValueSpecification","valueRequired":true,"valueName":"search_term_string"}}],"inLanguage":"pt-BR"},{"@type":"Organization","@id":"https:\/\/jornalfatosenoticias.com.br\/#organization","name":"Jornal Fatos e Not\u00edcias","url":"https:\/\/jornalfatosenoticias.com.br\/","logo":{"@type":"ImageObject","inLanguage":"pt-BR","@id":"https:\/\/jornalfatosenoticias.com.br\/#\/schema\/logo\/image\/","url":"https:\/\/jornalfatosenoticias.com.br\/wp-content\/uploads\/2020\/02\/logo120.png","contentUrl":"https:\/\/jornalfatosenoticias.com.br\/wp-content\/uploads\/2020\/02\/logo120.png","width":1227,"height":120,"caption":"Jornal Fatos e Not\u00edcias"},"image":{"@id":"https:\/\/jornalfatosenoticias.com.br\/#\/schema\/logo\/image\/"}},{"@type":"Person","@id":"https:\/\/jornalfatosenoticias.com.br\/#\/schema\/person\/dbe3a29c2a0ae01a892d7aef31d6c0b6","name":"Rogerio Fernandes e Kalyne Calais","image":{"@type":"ImageObject","inLanguage":"pt-BR","@id":"https:\/\/jornalfatosenoticias.com.br\/#\/schema\/person\/image\/","url":"https:\/\/jornalfatosenoticias.com.br\/wp-content\/uploads\/2026\/01\/Rogerio-Kalyne_PORTAL-1-150x150.jpeg","contentUrl":"https:\/\/jornalfatosenoticias.com.br\/wp-content\/uploads\/2026\/01\/Rogerio-Kalyne_PORTAL-1-150x150.jpeg","caption":"Rogerio Fernandes e Kalyne Calais"},"description":"Especialistas em Direito Tribut\u00e1rio Legis Juris Consultoria https:\/\/www.instagram.com\/kalynecalais\/ https:\/\/www.linkedin.com\/company\/legis-juris\/","url":"https:\/\/jornalfatosenoticias.com.br\/index.php\/author\/rogerio-e-kalyne\/"}]}},"cc_featured_image_caption":{"caption_text":"(Foto: Freepik) ","source_text":"","source_url":""},"jetpack_featured_media_url":"https:\/\/jornalfatosenoticias.com.br\/wp-content\/uploads\/2025\/06\/compensacoes-tributarias-abusivas-de-PISCofins_freepik.jpg","_links":{"self":[{"href":"https:\/\/jornalfatosenoticias.com.br\/index.php\/wp-json\/wp\/v2\/posts\/60086","targetHints":{"allow":["GET"]}}],"collection":[{"href":"https:\/\/jornalfatosenoticias.com.br\/index.php\/wp-json\/wp\/v2\/posts"}],"about":[{"href":"https:\/\/jornalfatosenoticias.com.br\/index.php\/wp-json\/wp\/v2\/types\/post"}],"author":[{"embeddable":true,"href":"https:\/\/jornalfatosenoticias.com.br\/index.php\/wp-json\/wp\/v2\/users\/39"}],"replies":[{"embeddable":true,"href":"https:\/\/jornalfatosenoticias.com.br\/index.php\/wp-json\/wp\/v2\/comments?post=60086"}],"version-history":[{"count":0,"href":"https:\/\/jornalfatosenoticias.com.br\/index.php\/wp-json\/wp\/v2\/posts\/60086\/revisions"}],"wp:featuredmedia":[{"embeddable":true,"href":"https:\/\/jornalfatosenoticias.com.br\/index.php\/wp-json\/wp\/v2\/media\/60087"}],"wp:attachment":[{"href":"https:\/\/jornalfatosenoticias.com.br\/index.php\/wp-json\/wp\/v2\/media?parent=60086"}],"wp:term":[{"taxonomy":"category","embeddable":true,"href":"https:\/\/jornalfatosenoticias.com.br\/index.php\/wp-json\/wp\/v2\/categories?post=60086"},{"taxonomy":"post_tag","embeddable":true,"href":"https:\/\/jornalfatosenoticias.com.br\/index.php\/wp-json\/wp\/v2\/tags?post=60086"}],"curies":[{"name":"wp","href":"https:\/\/api.w.org\/{rel}","templated":true}]}}