{"id":60092,"date":"2025-06-19T11:07:09","date_gmt":"2025-06-19T14:07:09","guid":{"rendered":"https:\/\/jornalfatosenoticias.com.br\/?p=60092"},"modified":"2025-06-19T11:07:12","modified_gmt":"2025-06-19T14:07:12","slug":"as-sete-rotinas-da-prosperidade-rotina-de-autocuidado","status":"publish","type":"post","link":"https:\/\/jornalfatosenoticias.com.br\/index.php\/2025\/06\/19\/as-sete-rotinas-da-prosperidade-rotina-de-autocuidado\/","title":{"rendered":"As sete rotinas da prosperidade \u2014 rotina de autocuidado"},"content":{"rendered":"\n<p><span class=\"has-inline-color has-black-color\">Por\u00a0<\/span><strong><a href=\"https:\/\/jornalfatosenoticias.com.br\/index.php\/2025\/05\/02\/as-sete-rotinas-para-alcancar-a-prosperidade-rotina-espiritual\/\">Kelly Mantovani<\/a><\/strong><\/p>\n\n\n\n<div class=\"wp-block-image\"><figure class=\"aligncenter size-large\"><a href=\"https:\/\/www.instagram.com\/rcradiadores\/\"><img loading=\"lazy\" decoding=\"async\" width=\"560\" height=\"60\" src=\"https:\/\/jornalfatosenoticias.com.br\/wp-content\/uploads\/2022\/10\/Propaganda-RC-Radiadores-Jornal_page-0001.jpg\" alt=\"\" class=\"wp-image-35270\" srcset=\"https:\/\/jornalfatosenoticias.com.br\/wp-content\/uploads\/2022\/10\/Propaganda-RC-Radiadores-Jornal_page-0001.jpg 560w, https:\/\/jornalfatosenoticias.com.br\/wp-content\/uploads\/2022\/10\/Propaganda-RC-Radiadores-Jornal_page-0001-300x32.jpg 300w\" sizes=\"auto, (max-width: 560px) 100vw, 560px\" \/><\/a><\/figure><\/div>\n\n\n\n<div class=\"wp-block-image is-style-rounded\"><figure class=\"alignleft size-large\"><img loading=\"lazy\" decoding=\"async\" width=\"100\" height=\"112\" src=\"https:\/\/jornalfatosenoticias.com.br\/wp-content\/uploads\/2025\/05\/KELLY_MANTOVANI-removebg-preview-1-e1746192995531.png\" alt=\"\" class=\"wp-image-58920\"\/><\/figure><\/div>\n\n\n\n<p>Voc\u00ea j\u00e1 se sentiu sobrecarregado e estressado, sem saber como lidar com as demandas da vida di\u00e1ria? Se sim, voc\u00ea n\u00e3o est\u00e1 sozinho. A rotina de autocuidado \u00e9 fundamental para manter a sa\u00fade mental e f\u00edsica, e \u00e9 algo que pode ser incorporado facilmente \u00e0 sua vida.<\/p>\n\n\n\n<p><strong><span class=\"has-inline-color has-vivid-purple-color\">O que \u00e9 autocuidado?<br><\/span><\/strong>Autocuidado \u00e9 o ato de cuidar de si mesmo, f\u00edsica, emocional e mentalmente. \u00c9 sobre reconhecer suas necessidades e tomar medidas para atend\u00ea-las. Isso pode incluir atividades como exerc\u00edcios f\u00edsicos, medita\u00e7\u00e3o, leitura, passar tempo com amigos e familiares, ou simplesmente descansar e relaxar.<\/p>\n\n\n\n<div class=\"wp-block-image\"><figure class=\"aligncenter size-large is-resized\"><a href=\"https:\/\/www.instagram.com\/esteio.churrascaria\/\"><img loading=\"lazy\" decoding=\"async\" src=\"https:\/\/jornalfatosenoticias.com.br\/wp-content\/uploads\/2022\/02\/LOGO-ESTEIO-1024x730.png\" alt=\"\" class=\"wp-image-27942\" width=\"316\" height=\"225\" srcset=\"https:\/\/jornalfatosenoticias.com.br\/wp-content\/uploads\/2022\/02\/LOGO-ESTEIO-1024x730.png 1024w, https:\/\/jornalfatosenoticias.com.br\/wp-content\/uploads\/2022\/02\/LOGO-ESTEIO-300x214.png 300w, https:\/\/jornalfatosenoticias.com.br\/wp-content\/uploads\/2022\/02\/LOGO-ESTEIO-768x548.png 768w, https:\/\/jornalfatosenoticias.com.br\/wp-content\/uploads\/2022\/02\/LOGO-ESTEIO.png 1123w\" sizes=\"auto, (max-width: 316px) 100vw, 316px\" \/><\/a><\/figure><\/div>\n\n\n\n<p><strong><span class=\"has-inline-color has-vivid-purple-color\">Por que \u00e9 importante?<br><\/span><\/strong>A rotina de autocuidado \u00e9 importante porque ajuda a reduzir o estresse e a ansiedade, melhora a autoestima e a confian\u00e7a, e aumenta a sensa\u00e7\u00e3o de bem-estar. Al\u00e9m disso, quando cuidamos de n\u00f3s mesmos, estamos mais preparados para lidar com os desafios da vida e alcan\u00e7ar nossos objetivos.<\/p>\n\n\n\n<div class=\"wp-block-image\"><figure class=\"aligncenter size-large is-resized\"><a href=\"https:\/\/www.instagram.com\/serra4x4cambioautomatico\/\"><img loading=\"lazy\" decoding=\"async\" src=\"https:\/\/jornalfatosenoticias.com.br\/wp-content\/uploads\/2024\/08\/Serra-4x4-1-886x1024.jpg\" alt=\"\" class=\"wp-image-53632\" width=\"292\" height=\"337\" srcset=\"https:\/\/jornalfatosenoticias.com.br\/wp-content\/uploads\/2024\/08\/Serra-4x4-1-886x1024.jpg 886w, https:\/\/jornalfatosenoticias.com.br\/wp-content\/uploads\/2024\/08\/Serra-4x4-1-260x300.jpg 260w, https:\/\/jornalfatosenoticias.com.br\/wp-content\/uploads\/2024\/08\/Serra-4x4-1-768x888.jpg 768w, https:\/\/jornalfatosenoticias.com.br\/wp-content\/uploads\/2024\/08\/Serra-4x4-1.jpg 1181w\" sizes=\"auto, (max-width: 292px) 100vw, 292px\" \/><\/a><\/figure><\/div>\n\n\n\n<p><strong><span class=\"has-inline-color has-vivid-purple-color\">Como criar uma rotina de autocuidado<br><\/span><\/strong>Criar uma rotina de autocuidado \u00e9 f\u00e1cil e pode ser adaptada \u00e0s suas necessidades e prefer\u00eancias. <strong>Aqui est\u00e3o algumas dicas para voc\u00ea come\u00e7ar:<\/strong><\/p>\n\n\n\n<ol class=\"wp-block-list\"><li><strong>Identifique suas necessidades: <\/strong>reflita sobre o que voc\u00ea precisa para se sentir bem e feliz. Isso pode incluir atividades f\u00edsicas, tempo com amigos, ou simplesmente um momento de sil\u00eancio.<\/li><li><strong>Priorize o autocuidado:<\/strong> fa\u00e7a do autocuidado uma prioridade em sua vida. Isso pode significar dizer &#8220;n\u00e3o&#8221; a compromissos que n\u00e3o s\u00e3o importantes para voc\u00ea, ou encontrar tempo para atividades que voc\u00ea gosta.<\/li><li><strong>Crie um cronograma:<\/strong> planeje seu dia ou semana para incluir atividades de autocuidado. Isso pode ser t\u00e3o simples quanto reservar 10 minutos por dia para meditar ou ler.<\/li><li><strong>Seja consistente:<\/strong> tente manter sua rotina de autocuidado consistente, mesmo nos dias mais ocupados. Isso ajudar\u00e1 a torn\u00e1-la um h\u00e1bito.<\/li><\/ol>\n\n\n\n<div class=\"wp-block-image\"><figure class=\"aligncenter size-large is-resized\"><a href=\"https:\/\/www.ithbrasil.com.br\/\"><img loading=\"lazy\" decoding=\"async\" src=\"https:\/\/jornalfatosenoticias.com.br\/wp-content\/uploads\/2023\/08\/ITH.jpeg\" alt=\"\" class=\"wp-image-44638\" width=\"300\" height=\"243\" srcset=\"https:\/\/jornalfatosenoticias.com.br\/wp-content\/uploads\/2023\/08\/ITH.jpeg 800w, https:\/\/jornalfatosenoticias.com.br\/wp-content\/uploads\/2023\/08\/ITH-300x244.jpeg 300w, https:\/\/jornalfatosenoticias.com.br\/wp-content\/uploads\/2023\/08\/ITH-768x624.jpeg 768w\" sizes=\"auto, (max-width: 300px) 100vw, 300px\" \/><\/a><\/figure><\/div>\n\n\n\n<p><strong><span class=\"has-inline-color has-vivid-purple-color\">Dicas de autocuidado<br><\/span><\/strong>Aqui est\u00e3o algumas dicas de autocuidado que voc\u00ea pode incorporar \u00e0 sua rotina:<br>\u2705 <strong>Exerc\u00edcios f\u00edsicos:<\/strong> fa\u00e7a exerc\u00edcios que voc\u00ea gosta, como caminhar, correr, nadar ou praticar yoga.<br>\u2705 <strong>Medita\u00e7\u00e3o e mindfulness:<\/strong> pratique medita\u00e7\u00e3o ou mindfulness para reduzir o estresse e aumentar a consci\u00eancia.<br>\u2705 <strong>Leitura: <\/strong>leia livros que voc\u00ea gosta, ou explore novos g\u00eaneros e autores.<br>\u2705 Tempo com amigos e familiares: passe tempo com pessoas que voc\u00ea ama e que o fazem se sentir bem.<br>\u2705 <strong>Descanso e relaxamento:<\/strong> reserve tempo para descansar e relaxar, seja lendo um livro, ouvindo m\u00fasica ou tomando um banho relaxante.<\/p>\n\n\n\n<div class=\"wp-block-image\"><figure class=\"aligncenter size-large\"><a href=\"https:\/\/www.cesconetto.com.br\/\"><img loading=\"lazy\" decoding=\"async\" width=\"300\" height=\"250\" src=\"https:\/\/jornalfatosenoticias.com.br\/wp-content\/uploads\/2022\/02\/Banner-2.png\" alt=\"\" class=\"wp-image-27877\"\/><\/a><\/figure><\/div>\n\n\n\n<p>A rotina de autocuidado \u00e9 fundamental para manter a sa\u00fade mental e f\u00edsica. Ao incorporar atividades de autocuidado \u00e0 sua vida, voc\u00ea pode reduzir o estresse e a ansiedade, melhorar a autoestima e a confian\u00e7a, e aumentar a sensa\u00e7\u00e3o de bem-estar. Lembre-se de que o autocuidado \u00e9 pessoal e pode ser adaptado \u00e0s suas necessidades e prefer\u00eancias. Experimente diferentes atividades e encontre o que funciona melhor para voc\u00ea.<\/p>\n\n\n\n<div class=\"wp-block-image\"><figure class=\"aligncenter size-large is-resized\"><a href=\"https:\/\/www.facebook.com\/vetor.vix\/\"><img loading=\"lazy\" decoding=\"async\" src=\"https:\/\/jornalfatosenoticias.com.br\/wp-content\/uploads\/2023\/09\/vetorvix1024_1.jpg\" alt=\"\" class=\"wp-image-44868\" width=\"539\" height=\"143\" srcset=\"https:\/\/jornalfatosenoticias.com.br\/wp-content\/uploads\/2023\/09\/vetorvix1024_1.jpg 1024w, https:\/\/jornalfatosenoticias.com.br\/wp-content\/uploads\/2023\/09\/vetorvix1024_1-300x80.jpg 300w, https:\/\/jornalfatosenoticias.com.br\/wp-content\/uploads\/2023\/09\/vetorvix1024_1-768x205.jpg 768w\" sizes=\"auto, (max-width: 539px) 100vw, 539px\" \/><\/a><\/figure><\/div>\n\n\n\n<p><strong><span class=\"has-inline-color has-vivid-purple-color\">Dicas finais<br><\/span><\/strong>\u2705 <strong>Seja paciente:<\/strong> o autocuidado \u00e9 um processo e pode levar tempo para encontrar o que funciona melhor para voc\u00ea.<br>\u2705 <strong>Seja flex\u00edvel: <\/strong>n\u00e3o tenha medo de ajustar sua rotina de autocuidado \u00e0 medida que suas necessidades mudam.<br>\u2705 <strong>Priorize o autocuidado: <\/strong>fa\u00e7a do autocuidado uma prioridade em sua vida e veja os benef\u00edcios para si mesmo.<br>Espero que essas dicas tenham ajudado! Se voc\u00ea tiver alguma d\u00favida ou precisar de mais orienta\u00e7\u00e3o, n\u00e3o hesite em perguntar.<\/p>\n\n\n\n<div class=\"wp-block-image\"><figure class=\"aligncenter size-large is-resized\"><a href=\"https:\/\/panper.com.br\/\"><img loading=\"lazy\" decoding=\"async\" src=\"https:\/\/jornalfatosenoticias.com.br\/wp-content\/uploads\/2023\/03\/logo-Panper_portal.jpg\" alt=\"\" class=\"wp-image-40208\" width=\"329\" height=\"228\" srcset=\"https:\/\/jornalfatosenoticias.com.br\/wp-content\/uploads\/2023\/03\/logo-Panper_portal.jpg 400w, https:\/\/jornalfatosenoticias.com.br\/wp-content\/uploads\/2023\/03\/logo-Panper_portal-300x208.jpg 300w\" sizes=\"auto, (max-width: 329px) 100vw, 329px\" \/><\/a><\/figure><\/div>\n\n\n\n<p><strong><span class=\"has-inline-color has-black-color\">Kelly Mantovani<br><\/span><\/strong><em><span class=\"has-inline-color has-black-color\">Formada em Educa\u00e7\u00e3o F\u00edsica, p\u00f3s-graduada em Nutri\u00e7\u00e3o Esportiva, com especializa\u00e7\u00e3o em Intelig\u00eancia Emocional, uma profissional apaixonada por sa\u00fade e bem-estar<\/span><\/em><\/p>\n","protected":false},"excerpt":{"rendered":"<p>Por\u00a0Kelly Mantovani Voc\u00ea j\u00e1 se sentiu sobrecarregado e estressado, sem saber como lidar com as demandas da vida di\u00e1ria? Se sim, voc\u00ea n\u00e3o est\u00e1 sozinho. A rotina de autocuidado \u00e9 fundamental para manter a sa\u00fade mental e f\u00edsica, e \u00e9 algo que pode ser incorporado facilmente \u00e0 sua vida. O que \u00e9 autocuidado?Autocuidado \u00e9 o [&hellip;]<\/p>\n","protected":false},"author":2,"featured_media":60093,"comment_status":"open","ping_status":"open","sticky":false,"template":"","format":"standard","meta":{"footnotes":""},"categories":[42,2522],"tags":[14504,1049,385,1056,4860,2281,27399,18875],"class_list":["post-60092","post","type-post","status-publish","format-standard","has-post-thumbnail","hentry","category-bem-estar","category-comportamento","tag-autocuidado","tag-autoestima","tag-bem-estar","tag-exercicios-fisicos","tag-leitura","tag-meditacao","tag-rotina-de-autocuidado","tag-saude-mental-e-fisica"],"yoast_head":"<!-- This site is optimized with the Yoast SEO plugin v26.5 - https:\/\/yoast.com\/wordpress\/plugins\/seo\/ -->\n<title>As sete rotinas da prosperidade \u2014 rotina de autocuidado - Jornal Fatos e Not\u00edcias<\/title>\n<meta name=\"robots\" content=\"index, follow, max-snippet:-1, max-image-preview:large, max-video-preview:-1\" \/>\n<link rel=\"canonical\" href=\"https:\/\/jornalfatosenoticias.com.br\/index.php\/2025\/06\/19\/as-sete-rotinas-da-prosperidade-rotina-de-autocuidado\/\" \/>\n<meta property=\"og:locale\" content=\"pt_BR\" \/>\n<meta property=\"og:type\" content=\"article\" \/>\n<meta property=\"og:title\" content=\"As sete rotinas da prosperidade \u2014 rotina de autocuidado - Jornal Fatos e Not\u00edcias\" \/>\n<meta property=\"og:description\" content=\"Por\u00a0Kelly Mantovani Voc\u00ea j\u00e1 se sentiu sobrecarregado e estressado, sem saber como lidar com as demandas da vida di\u00e1ria? Se sim, voc\u00ea n\u00e3o est\u00e1 sozinho. A rotina de autocuidado \u00e9 fundamental para manter a sa\u00fade mental e f\u00edsica, e \u00e9 algo que pode ser incorporado facilmente \u00e0 sua vida. O que \u00e9 autocuidado?Autocuidado \u00e9 o [&hellip;]\" \/>\n<meta property=\"og:url\" content=\"https:\/\/jornalfatosenoticias.com.br\/index.php\/2025\/06\/19\/as-sete-rotinas-da-prosperidade-rotina-de-autocuidado\/\" \/>\n<meta property=\"og:site_name\" content=\"Jornal Fatos e Not\u00edcias\" \/>\n<meta property=\"article:published_time\" content=\"2025-06-19T14:07:09+00:00\" \/>\n<meta property=\"article:modified_time\" content=\"2025-06-19T14:07:12+00:00\" \/>\n<meta property=\"og:image\" content=\"https:\/\/jornalfatosenoticias.com.br\/wp-content\/uploads\/2025\/06\/rotina-autocuidado_freepik.jpg\" \/>\n\t<meta property=\"og:image:width\" content=\"1000\" \/>\n\t<meta property=\"og:image:height\" content=\"647\" \/>\n\t<meta property=\"og:image:type\" content=\"image\/jpeg\" \/>\n<meta name=\"author\" content=\"Luzimara Fernandes\" \/>\n<meta name=\"twitter:card\" content=\"summary_large_image\" \/>\n<meta name=\"twitter:label1\" content=\"Escrito por\" \/>\n\t<meta name=\"twitter:data1\" content=\"Luzimara Fernandes\" \/>\n\t<meta name=\"twitter:label2\" content=\"Est. tempo de leitura\" \/>\n\t<meta name=\"twitter:data2\" content=\"3 minutos\" \/>\n<script type=\"application\/ld+json\" class=\"yoast-schema-graph\">{\"@context\":\"https:\/\/schema.org\",\"@graph\":[{\"@type\":\"Article\",\"@id\":\"https:\/\/jornalfatosenoticias.com.br\/index.php\/2025\/06\/19\/as-sete-rotinas-da-prosperidade-rotina-de-autocuidado\/#article\",\"isPartOf\":{\"@id\":\"https:\/\/jornalfatosenoticias.com.br\/index.php\/2025\/06\/19\/as-sete-rotinas-da-prosperidade-rotina-de-autocuidado\/\"},\"author\":{\"name\":\"Luzimara Fernandes\",\"@id\":\"https:\/\/jornalfatosenoticias.com.br\/#\/schema\/person\/d63837fa13ac8666eb9e74e0985d6f81\"},\"headline\":\"As sete rotinas da prosperidade \u2014 rotina de autocuidado\",\"datePublished\":\"2025-06-19T14:07:09+00:00\",\"dateModified\":\"2025-06-19T14:07:12+00:00\",\"mainEntityOfPage\":{\"@id\":\"https:\/\/jornalfatosenoticias.com.br\/index.php\/2025\/06\/19\/as-sete-rotinas-da-prosperidade-rotina-de-autocuidado\/\"},\"wordCount\":597,\"commentCount\":0,\"publisher\":{\"@id\":\"https:\/\/jornalfatosenoticias.com.br\/#organization\"},\"image\":{\"@id\":\"https:\/\/jornalfatosenoticias.com.br\/index.php\/2025\/06\/19\/as-sete-rotinas-da-prosperidade-rotina-de-autocuidado\/#primaryimage\"},\"thumbnailUrl\":\"https:\/\/jornalfatosenoticias.com.br\/wp-content\/uploads\/2025\/06\/rotina-autocuidado_freepik.jpg\",\"keywords\":[\"autocuidado\",\"autoestima\",\"bem-estar\",\"exerc\u00edcios f\u00edsicos\",\"leitura\",\"medita\u00e7\u00e3o\",\"rotina de autocuidado\",\"sa\u00fade mental e f\u00edsica\"],\"articleSection\":[\"Bem-estar\",\"Comportamento &amp; Equil\u00edbrio\"],\"inLanguage\":\"pt-BR\",\"potentialAction\":[{\"@type\":\"CommentAction\",\"name\":\"Comment\",\"target\":[\"https:\/\/jornalfatosenoticias.com.br\/index.php\/2025\/06\/19\/as-sete-rotinas-da-prosperidade-rotina-de-autocuidado\/#respond\"]}]},{\"@type\":\"WebPage\",\"@id\":\"https:\/\/jornalfatosenoticias.com.br\/index.php\/2025\/06\/19\/as-sete-rotinas-da-prosperidade-rotina-de-autocuidado\/\",\"url\":\"https:\/\/jornalfatosenoticias.com.br\/index.php\/2025\/06\/19\/as-sete-rotinas-da-prosperidade-rotina-de-autocuidado\/\",\"name\":\"As sete rotinas da prosperidade \u2014 rotina de autocuidado - Jornal Fatos e Not\u00edcias\",\"isPartOf\":{\"@id\":\"https:\/\/jornalfatosenoticias.com.br\/#website\"},\"primaryImageOfPage\":{\"@id\":\"https:\/\/jornalfatosenoticias.com.br\/index.php\/2025\/06\/19\/as-sete-rotinas-da-prosperidade-rotina-de-autocuidado\/#primaryimage\"},\"image\":{\"@id\":\"https:\/\/jornalfatosenoticias.com.br\/index.php\/2025\/06\/19\/as-sete-rotinas-da-prosperidade-rotina-de-autocuidado\/#primaryimage\"},\"thumbnailUrl\":\"https:\/\/jornalfatosenoticias.com.br\/wp-content\/uploads\/2025\/06\/rotina-autocuidado_freepik.jpg\",\"datePublished\":\"2025-06-19T14:07:09+00:00\",\"dateModified\":\"2025-06-19T14:07:12+00:00\",\"breadcrumb\":{\"@id\":\"https:\/\/jornalfatosenoticias.com.br\/index.php\/2025\/06\/19\/as-sete-rotinas-da-prosperidade-rotina-de-autocuidado\/#breadcrumb\"},\"inLanguage\":\"pt-BR\",\"potentialAction\":[{\"@type\":\"ReadAction\",\"target\":[\"https:\/\/jornalfatosenoticias.com.br\/index.php\/2025\/06\/19\/as-sete-rotinas-da-prosperidade-rotina-de-autocuidado\/\"]}]},{\"@type\":\"ImageObject\",\"inLanguage\":\"pt-BR\",\"@id\":\"https:\/\/jornalfatosenoticias.com.br\/index.php\/2025\/06\/19\/as-sete-rotinas-da-prosperidade-rotina-de-autocuidado\/#primaryimage\",\"url\":\"https:\/\/jornalfatosenoticias.com.br\/wp-content\/uploads\/2025\/06\/rotina-autocuidado_freepik.jpg\",\"contentUrl\":\"https:\/\/jornalfatosenoticias.com.br\/wp-content\/uploads\/2025\/06\/rotina-autocuidado_freepik.jpg\",\"width\":1000,\"height\":647},{\"@type\":\"BreadcrumbList\",\"@id\":\"https:\/\/jornalfatosenoticias.com.br\/index.php\/2025\/06\/19\/as-sete-rotinas-da-prosperidade-rotina-de-autocuidado\/#breadcrumb\",\"itemListElement\":[{\"@type\":\"ListItem\",\"position\":1,\"name\":\"In\u00edcio\",\"item\":\"https:\/\/jornalfatosenoticias.com.br\/\"},{\"@type\":\"ListItem\",\"position\":2,\"name\":\"As sete rotinas da prosperidade \u2014 rotina de autocuidado\"}]},{\"@type\":\"WebSite\",\"@id\":\"https:\/\/jornalfatosenoticias.com.br\/#website\",\"url\":\"https:\/\/jornalfatosenoticias.com.br\/\",\"name\":\"Jornal Fatos e Not\u00edcias\",\"description\":\"Not\u00edcias em geral\",\"publisher\":{\"@id\":\"https:\/\/jornalfatosenoticias.com.br\/#organization\"},\"potentialAction\":[{\"@type\":\"SearchAction\",\"target\":{\"@type\":\"EntryPoint\",\"urlTemplate\":\"https:\/\/jornalfatosenoticias.com.br\/?s={search_term_string}\"},\"query-input\":{\"@type\":\"PropertyValueSpecification\",\"valueRequired\":true,\"valueName\":\"search_term_string\"}}],\"inLanguage\":\"pt-BR\"},{\"@type\":\"Organization\",\"@id\":\"https:\/\/jornalfatosenoticias.com.br\/#organization\",\"name\":\"Jornal Fatos e Not\u00edcias\",\"url\":\"https:\/\/jornalfatosenoticias.com.br\/\",\"logo\":{\"@type\":\"ImageObject\",\"inLanguage\":\"pt-BR\",\"@id\":\"https:\/\/jornalfatosenoticias.com.br\/#\/schema\/logo\/image\/\",\"url\":\"https:\/\/jornalfatosenoticias.com.br\/wp-content\/uploads\/2020\/02\/logo120.png\",\"contentUrl\":\"https:\/\/jornalfatosenoticias.com.br\/wp-content\/uploads\/2020\/02\/logo120.png\",\"width\":1227,\"height\":120,\"caption\":\"Jornal Fatos e Not\u00edcias\"},\"image\":{\"@id\":\"https:\/\/jornalfatosenoticias.com.br\/#\/schema\/logo\/image\/\"}},{\"@type\":\"Person\",\"@id\":\"https:\/\/jornalfatosenoticias.com.br\/#\/schema\/person\/d63837fa13ac8666eb9e74e0985d6f81\",\"name\":\"Luzimara Fernandes\",\"image\":{\"@type\":\"ImageObject\",\"inLanguage\":\"pt-BR\",\"@id\":\"https:\/\/jornalfatosenoticias.com.br\/#\/schema\/person\/image\/\",\"url\":\"https:\/\/jornalfatosenoticias.com.br\/wp-content\/uploads\/2025\/05\/EU_portal.jpg\",\"contentUrl\":\"https:\/\/jornalfatosenoticias.com.br\/wp-content\/uploads\/2025\/05\/EU_portal.jpg\",\"caption\":\"Luzimara Fernandes\"},\"description\":\"Jornalista MTB 2358-ES\",\"sameAs\":[\"https:\/\/jornalfatosenoticias.com.br\"],\"url\":\"https:\/\/jornalfatosenoticias.com.br\/index.php\/author\/luzimara\/\"}]}<\/script>\n<!-- \/ Yoast SEO plugin. -->","yoast_head_json":{"title":"As sete rotinas da prosperidade \u2014 rotina de autocuidado - Jornal Fatos e Not\u00edcias","robots":{"index":"index","follow":"follow","max-snippet":"max-snippet:-1","max-image-preview":"max-image-preview:large","max-video-preview":"max-video-preview:-1"},"canonical":"https:\/\/jornalfatosenoticias.com.br\/index.php\/2025\/06\/19\/as-sete-rotinas-da-prosperidade-rotina-de-autocuidado\/","og_locale":"pt_BR","og_type":"article","og_title":"As sete rotinas da prosperidade \u2014 rotina de autocuidado - Jornal Fatos e Not\u00edcias","og_description":"Por\u00a0Kelly Mantovani Voc\u00ea j\u00e1 se sentiu sobrecarregado e estressado, sem saber como lidar com as demandas da vida di\u00e1ria? Se sim, voc\u00ea n\u00e3o est\u00e1 sozinho. A rotina de autocuidado \u00e9 fundamental para manter a sa\u00fade mental e f\u00edsica, e \u00e9 algo que pode ser incorporado facilmente \u00e0 sua vida. O que \u00e9 autocuidado?Autocuidado \u00e9 o [&hellip;]","og_url":"https:\/\/jornalfatosenoticias.com.br\/index.php\/2025\/06\/19\/as-sete-rotinas-da-prosperidade-rotina-de-autocuidado\/","og_site_name":"Jornal Fatos e Not\u00edcias","article_published_time":"2025-06-19T14:07:09+00:00","article_modified_time":"2025-06-19T14:07:12+00:00","og_image":[{"width":1000,"height":647,"url":"https:\/\/jornalfatosenoticias.com.br\/wp-content\/uploads\/2025\/06\/rotina-autocuidado_freepik.jpg","type":"image\/jpeg"}],"author":"Luzimara Fernandes","twitter_card":"summary_large_image","twitter_misc":{"Escrito por":"Luzimara Fernandes","Est. tempo de leitura":"3 minutos"},"schema":{"@context":"https:\/\/schema.org","@graph":[{"@type":"Article","@id":"https:\/\/jornalfatosenoticias.com.br\/index.php\/2025\/06\/19\/as-sete-rotinas-da-prosperidade-rotina-de-autocuidado\/#article","isPartOf":{"@id":"https:\/\/jornalfatosenoticias.com.br\/index.php\/2025\/06\/19\/as-sete-rotinas-da-prosperidade-rotina-de-autocuidado\/"},"author":{"name":"Luzimara Fernandes","@id":"https:\/\/jornalfatosenoticias.com.br\/#\/schema\/person\/d63837fa13ac8666eb9e74e0985d6f81"},"headline":"As sete rotinas da prosperidade \u2014 rotina de autocuidado","datePublished":"2025-06-19T14:07:09+00:00","dateModified":"2025-06-19T14:07:12+00:00","mainEntityOfPage":{"@id":"https:\/\/jornalfatosenoticias.com.br\/index.php\/2025\/06\/19\/as-sete-rotinas-da-prosperidade-rotina-de-autocuidado\/"},"wordCount":597,"commentCount":0,"publisher":{"@id":"https:\/\/jornalfatosenoticias.com.br\/#organization"},"image":{"@id":"https:\/\/jornalfatosenoticias.com.br\/index.php\/2025\/06\/19\/as-sete-rotinas-da-prosperidade-rotina-de-autocuidado\/#primaryimage"},"thumbnailUrl":"https:\/\/jornalfatosenoticias.com.br\/wp-content\/uploads\/2025\/06\/rotina-autocuidado_freepik.jpg","keywords":["autocuidado","autoestima","bem-estar","exerc\u00edcios f\u00edsicos","leitura","medita\u00e7\u00e3o","rotina de autocuidado","sa\u00fade mental e f\u00edsica"],"articleSection":["Bem-estar","Comportamento &amp; Equil\u00edbrio"],"inLanguage":"pt-BR","potentialAction":[{"@type":"CommentAction","name":"Comment","target":["https:\/\/jornalfatosenoticias.com.br\/index.php\/2025\/06\/19\/as-sete-rotinas-da-prosperidade-rotina-de-autocuidado\/#respond"]}]},{"@type":"WebPage","@id":"https:\/\/jornalfatosenoticias.com.br\/index.php\/2025\/06\/19\/as-sete-rotinas-da-prosperidade-rotina-de-autocuidado\/","url":"https:\/\/jornalfatosenoticias.com.br\/index.php\/2025\/06\/19\/as-sete-rotinas-da-prosperidade-rotina-de-autocuidado\/","name":"As sete rotinas da prosperidade \u2014 rotina de autocuidado - Jornal Fatos e Not\u00edcias","isPartOf":{"@id":"https:\/\/jornalfatosenoticias.com.br\/#website"},"primaryImageOfPage":{"@id":"https:\/\/jornalfatosenoticias.com.br\/index.php\/2025\/06\/19\/as-sete-rotinas-da-prosperidade-rotina-de-autocuidado\/#primaryimage"},"image":{"@id":"https:\/\/jornalfatosenoticias.com.br\/index.php\/2025\/06\/19\/as-sete-rotinas-da-prosperidade-rotina-de-autocuidado\/#primaryimage"},"thumbnailUrl":"https:\/\/jornalfatosenoticias.com.br\/wp-content\/uploads\/2025\/06\/rotina-autocuidado_freepik.jpg","datePublished":"2025-06-19T14:07:09+00:00","dateModified":"2025-06-19T14:07:12+00:00","breadcrumb":{"@id":"https:\/\/jornalfatosenoticias.com.br\/index.php\/2025\/06\/19\/as-sete-rotinas-da-prosperidade-rotina-de-autocuidado\/#breadcrumb"},"inLanguage":"pt-BR","potentialAction":[{"@type":"ReadAction","target":["https:\/\/jornalfatosenoticias.com.br\/index.php\/2025\/06\/19\/as-sete-rotinas-da-prosperidade-rotina-de-autocuidado\/"]}]},{"@type":"ImageObject","inLanguage":"pt-BR","@id":"https:\/\/jornalfatosenoticias.com.br\/index.php\/2025\/06\/19\/as-sete-rotinas-da-prosperidade-rotina-de-autocuidado\/#primaryimage","url":"https:\/\/jornalfatosenoticias.com.br\/wp-content\/uploads\/2025\/06\/rotina-autocuidado_freepik.jpg","contentUrl":"https:\/\/jornalfatosenoticias.com.br\/wp-content\/uploads\/2025\/06\/rotina-autocuidado_freepik.jpg","width":1000,"height":647},{"@type":"BreadcrumbList","@id":"https:\/\/jornalfatosenoticias.com.br\/index.php\/2025\/06\/19\/as-sete-rotinas-da-prosperidade-rotina-de-autocuidado\/#breadcrumb","itemListElement":[{"@type":"ListItem","position":1,"name":"In\u00edcio","item":"https:\/\/jornalfatosenoticias.com.br\/"},{"@type":"ListItem","position":2,"name":"As sete rotinas da prosperidade \u2014 rotina de autocuidado"}]},{"@type":"WebSite","@id":"https:\/\/jornalfatosenoticias.com.br\/#website","url":"https:\/\/jornalfatosenoticias.com.br\/","name":"Jornal Fatos e Not\u00edcias","description":"Not\u00edcias em geral","publisher":{"@id":"https:\/\/jornalfatosenoticias.com.br\/#organization"},"potentialAction":[{"@type":"SearchAction","target":{"@type":"EntryPoint","urlTemplate":"https:\/\/jornalfatosenoticias.com.br\/?s={search_term_string}"},"query-input":{"@type":"PropertyValueSpecification","valueRequired":true,"valueName":"search_term_string"}}],"inLanguage":"pt-BR"},{"@type":"Organization","@id":"https:\/\/jornalfatosenoticias.com.br\/#organization","name":"Jornal Fatos e Not\u00edcias","url":"https:\/\/jornalfatosenoticias.com.br\/","logo":{"@type":"ImageObject","inLanguage":"pt-BR","@id":"https:\/\/jornalfatosenoticias.com.br\/#\/schema\/logo\/image\/","url":"https:\/\/jornalfatosenoticias.com.br\/wp-content\/uploads\/2020\/02\/logo120.png","contentUrl":"https:\/\/jornalfatosenoticias.com.br\/wp-content\/uploads\/2020\/02\/logo120.png","width":1227,"height":120,"caption":"Jornal Fatos e Not\u00edcias"},"image":{"@id":"https:\/\/jornalfatosenoticias.com.br\/#\/schema\/logo\/image\/"}},{"@type":"Person","@id":"https:\/\/jornalfatosenoticias.com.br\/#\/schema\/person\/d63837fa13ac8666eb9e74e0985d6f81","name":"Luzimara Fernandes","image":{"@type":"ImageObject","inLanguage":"pt-BR","@id":"https:\/\/jornalfatosenoticias.com.br\/#\/schema\/person\/image\/","url":"https:\/\/jornalfatosenoticias.com.br\/wp-content\/uploads\/2025\/05\/EU_portal.jpg","contentUrl":"https:\/\/jornalfatosenoticias.com.br\/wp-content\/uploads\/2025\/05\/EU_portal.jpg","caption":"Luzimara Fernandes"},"description":"Jornalista MTB 2358-ES","sameAs":["https:\/\/jornalfatosenoticias.com.br"],"url":"https:\/\/jornalfatosenoticias.com.br\/index.php\/author\/luzimara\/"}]}},"cc_featured_image_caption":{"caption_text":"(Foto: Freepik) ","source_text":"","source_url":""},"jetpack_featured_media_url":"https:\/\/jornalfatosenoticias.com.br\/wp-content\/uploads\/2025\/06\/rotina-autocuidado_freepik.jpg","_links":{"self":[{"href":"https:\/\/jornalfatosenoticias.com.br\/index.php\/wp-json\/wp\/v2\/posts\/60092","targetHints":{"allow":["GET"]}}],"collection":[{"href":"https:\/\/jornalfatosenoticias.com.br\/index.php\/wp-json\/wp\/v2\/posts"}],"about":[{"href":"https:\/\/jornalfatosenoticias.com.br\/index.php\/wp-json\/wp\/v2\/types\/post"}],"author":[{"embeddable":true,"href":"https:\/\/jornalfatosenoticias.com.br\/index.php\/wp-json\/wp\/v2\/users\/2"}],"replies":[{"embeddable":true,"href":"https:\/\/jornalfatosenoticias.com.br\/index.php\/wp-json\/wp\/v2\/comments?post=60092"}],"version-history":[{"count":0,"href":"https:\/\/jornalfatosenoticias.com.br\/index.php\/wp-json\/wp\/v2\/posts\/60092\/revisions"}],"wp:featuredmedia":[{"embeddable":true,"href":"https:\/\/jornalfatosenoticias.com.br\/index.php\/wp-json\/wp\/v2\/media\/60093"}],"wp:attachment":[{"href":"https:\/\/jornalfatosenoticias.com.br\/index.php\/wp-json\/wp\/v2\/media?parent=60092"}],"wp:term":[{"taxonomy":"category","embeddable":true,"href":"https:\/\/jornalfatosenoticias.com.br\/index.php\/wp-json\/wp\/v2\/categories?post=60092"},{"taxonomy":"post_tag","embeddable":true,"href":"https:\/\/jornalfatosenoticias.com.br\/index.php\/wp-json\/wp\/v2\/tags?post=60092"}],"curies":[{"name":"wp","href":"https:\/\/api.w.org\/{rel}","templated":true}]}}