{"id":60095,"date":"2025-06-19T11:16:02","date_gmt":"2025-06-19T14:16:02","guid":{"rendered":"https:\/\/jornalfatosenoticias.com.br\/?p=60095"},"modified":"2025-06-19T11:16:03","modified_gmt":"2025-06-19T14:16:03","slug":"estupidez-parte-i","status":"publish","type":"post","link":"https:\/\/jornalfatosenoticias.com.br\/index.php\/2025\/06\/19\/estupidez-parte-i\/","title":{"rendered":"Estupidez \u2014 Parte I"},"content":{"rendered":"\n<p><em><span class=\"has-inline-color has-black-color\">A estupidez vem ampliando em escala geom\u00e9trica a f\u00e1brica de Viol\u00eancia Institucional, e de Viol\u00eancia Vic\u00e1ria em nome dos genitores criminosos dom\u00e9sticos<\/span><\/em><\/p>\n\n\n\n<div class=\"wp-block-image\"><figure class=\"aligncenter size-large\"><a href=\"https:\/\/mizu.com.br\/\"><img loading=\"lazy\" decoding=\"async\" width=\"729\" height=\"90\" src=\"https:\/\/jornalfatosenoticias.com.br\/wp-content\/uploads\/2020\/02\/Logo_Mizu.png\" alt=\"\" class=\"wp-image-1441\" srcset=\"https:\/\/jornalfatosenoticias.com.br\/wp-content\/uploads\/2020\/02\/Logo_Mizu.png 729w, https:\/\/jornalfatosenoticias.com.br\/wp-content\/uploads\/2020\/02\/Logo_Mizu-300x37.png 300w\" sizes=\"auto, (max-width: 729px) 100vw, 729px\" \/><\/a><\/figure><\/div>\n\n\n\n<p>A estupidez po\u00e9tica da m\u00fasica n\u00e3o se encaixa aqui. J\u00e1 foi classificada por famosa desembargadora como sendo \u201ca cegueira da Justi\u00e7a\u201d, em seu livro \u201cIncesto e aliena\u00e7\u00e3o parental \u2014 realidades que a Justi\u00e7a n\u00e3o quer ver\u201d. Nesse cap\u00edtulo a Douta Jurista afirma que por n\u00e3o ter compet\u00eancia nessa \u00e1rea, a Justi\u00e7a faz conluio com os estupradores incestuosos, acobertando criminosos, o que possibilita a continuidade dos abusos contra a crian\u00e7a.<br>A estupidez vem ampliando em escala geom\u00e9trica a f\u00e1brica de Viol\u00eancia Institucional, e de Viol\u00eancia Vic\u00e1ria em nome dos genitores criminosos dom\u00e9sticos. Atrav\u00e9s de manobras jur\u00eddicas, a lei emboscada, de teor sem comprova\u00e7\u00e3o cient\u00edfica, ganha espa\u00e7o, passa a ser campanha custeada pelo Estado, que n\u00e3o se importa com a crian\u00e7a. Aquilo que a douta desembargadora profetizou, foi confirmado com solidez. Hoje, as previs\u00f5es feitas por ela j\u00e1 foram ultrapassadas, assim como sua posi\u00e7\u00e3o se transferiu para o campo contr\u00e1rio. <\/p>\n\n\n\n<div class=\"wp-block-image\"><figure class=\"aligncenter size-large\"><a href=\"http:\/\/www.ferrarimaquinas.com.br\/\"><img loading=\"lazy\" decoding=\"async\" width=\"300\" height=\"250\" src=\"https:\/\/jornalfatosenoticias.com.br\/wp-content\/uploads\/2022\/02\/FERRARI_MAQUINAS-E-FERRAMENTAS2.jpg\" alt=\"\" class=\"wp-image-27860\"\/><\/a><\/figure><\/div>\n\n\n\n<p>Acontece. S\u00e3o muitos os motivos que ensejam uma mudan\u00e7a de lado, e n\u00e3o me proponho a especular aqui. Hoje a lei de aliena\u00e7\u00e3o parental est\u00e1 prestes a ser revogada, mas n\u00e3o vai causar muita mudan\u00e7a porque \u00e9 na reforma do C\u00f3digo Civil, a criminaliza\u00e7\u00e3o com penas de aprisionamento para m\u00e3es denunciantes \u00e9 que \u00e9 a cereja do bolo. J\u00e1 est\u00e1 tudo bem articulado nesse Congresso de Casas que explicitam, ao vivo, Viol\u00eancia contra a Mulher\/Ministra. O que podemos esperar de um grupo que pratica viol\u00eancia expl\u00edcita?<\/p>\n\n\n\n<div class=\"wp-block-image\"><figure class=\"aligncenter size-large is-resized\"><a href=\"https:\/\/hotelmarquetti.com.br\/\"><img loading=\"lazy\" decoding=\"async\" src=\"https:\/\/jornalfatosenoticias.com.br\/wp-content\/uploads\/2020\/02\/LOGO-MQ-1024x680.jpg\" alt=\"\" class=\"wp-image-58299\" width=\"363\" height=\"241\" srcset=\"https:\/\/jornalfatosenoticias.com.br\/wp-content\/uploads\/2020\/02\/LOGO-MQ-1024x680.jpg 1024w, https:\/\/jornalfatosenoticias.com.br\/wp-content\/uploads\/2020\/02\/LOGO-MQ-300x199.jpg 300w, https:\/\/jornalfatosenoticias.com.br\/wp-content\/uploads\/2020\/02\/LOGO-MQ-768x510.jpg 768w, https:\/\/jornalfatosenoticias.com.br\/wp-content\/uploads\/2020\/02\/LOGO-MQ-1536x1020.jpg 1536w, https:\/\/jornalfatosenoticias.com.br\/wp-content\/uploads\/2020\/02\/LOGO-MQ-2048x1360.jpg 2048w\" sizes=\"auto, (max-width: 363px) 100vw, 363px\" \/><\/a><\/figure><\/div>\n\n\n\n<p>De volta para nossas crian\u00e7as, testemunhamos interpreta\u00e7\u00f5es judiciais de dif\u00edcil compreens\u00e3o, com moradia na estupidez. Senten\u00e7a de Guarda Compartilhada para um beb\u00ea que acabou de nascer: as manh\u00e3s ele \u201cconvive\u201d como pai, \u00e0 tarde fica com a m\u00e3e. Ser\u00e1 que o Juiz pensa que o beb\u00ea vai esperar a tarde para se alimentar? O pai, esfuziante porque ganhou da m\u00e3e, combina com o juiz que ir\u00e1 passar todas as manh\u00e3s na casa da m\u00e3e, para ficar melhor para o beb\u00ea, ao que o juiz concorda com entusiasmo. Que bom pai! Mas o \u201cbom pai\u201d n\u00e3o deixa a m\u00e3e pegar o beb\u00ea, nem para amament\u00e1-lo ao seio, afinal, \u00e9 o hor\u00e1rio dele. E como esse beb\u00ea vai ser alimentado? Como essa anomalia jurisdicional ir\u00e1 interferir, ou at\u00e9 obstruir, o desenvolvimento desse beb\u00ea? Quais as altera\u00e7\u00f5es do processo de aleitamento que ir\u00e3o atrapalhar a fundamental rela\u00e7\u00e3o m\u00e3e-beb\u00ea? Estupidez?<\/p>\n\n\n\n<div class=\"wp-block-image\"><figure class=\"aligncenter size-large\"><img loading=\"lazy\" decoding=\"async\" width=\"612\" height=\"344\" src=\"https:\/\/jornalfatosenoticias.com.br\/wp-content\/uploads\/2025\/06\/mae-e-bebe_istock.jpg\" alt=\"\" class=\"wp-image-60097\" srcset=\"https:\/\/jornalfatosenoticias.com.br\/wp-content\/uploads\/2025\/06\/mae-e-bebe_istock.jpg 612w, https:\/\/jornalfatosenoticias.com.br\/wp-content\/uploads\/2025\/06\/mae-e-bebe_istock-300x169.jpg 300w\" sizes=\"auto, (max-width: 612px) 100vw, 612px\" \/><figcaption><em><span class=\"has-inline-color has-black-color\">(Foto: iStock)<\/span><\/em><\/figcaption><\/figure><\/div>\n\n\n\n<p>Uma peti\u00e7\u00e3o de busca e pris\u00e3o para ser executada na sala de parto. A m\u00e3e fazia aliena\u00e7\u00e3o parental na gesta\u00e7\u00e3o. Sim. \u00c9 a afirma\u00e7\u00e3o da ordem judicial. Sim, n\u00e3o errei no t\u00edtulo da figura jur\u00eddica, disse busca e pris\u00e3o, porque \u00e9, efetivamente, isso que acontece. A crian\u00e7a \u00e9 buscada por policiais de armas em punho que a levam no colo, igual a um objeto e, diferente das vezes que se trata de um carro ou uma televis\u00e3o, recolhidos sem armas em punho. Por que a crian\u00e7a \u00e9 violentada com esse aparato armado? Estupidez?<\/p>\n\n\n\n<div class=\"wp-block-image\"><figure class=\"aligncenter size-large is-resized\"><a href=\"https:\/\/www.facebook.com\/profile.php?id=100069289606145\"><img loading=\"lazy\" decoding=\"async\" src=\"https:\/\/jornalfatosenoticias.com.br\/wp-content\/uploads\/2024\/11\/Guaitolini-Contabilidade-1024x714.jpeg\" alt=\"\" class=\"wp-image-55808\" width=\"326\" height=\"227\" srcset=\"https:\/\/jornalfatosenoticias.com.br\/wp-content\/uploads\/2024\/11\/Guaitolini-Contabilidade-1024x714.jpeg 1024w, https:\/\/jornalfatosenoticias.com.br\/wp-content\/uploads\/2024\/11\/Guaitolini-Contabilidade-300x209.jpeg 300w, https:\/\/jornalfatosenoticias.com.br\/wp-content\/uploads\/2024\/11\/Guaitolini-Contabilidade-768x535.jpeg 768w, https:\/\/jornalfatosenoticias.com.br\/wp-content\/uploads\/2024\/11\/Guaitolini-Contabilidade.jpeg 1280w\" sizes=\"auto, (max-width: 326px) 100vw, 326px\" \/><\/a><\/figure><\/div>\n\n\n\n<p>N\u00e3o raro, os policiais que aparecem para a pris\u00e3o da crian\u00e7a espancam a m\u00e3e para levar, sem apresentar a documenta\u00e7\u00e3o necess\u00e1ria, mesmo que seja arbitr\u00e1rio tem que ter uma ordem judicial. Um desses casos, o menino foi, literalmente, arrancado de sua mamada ao peito da m\u00e3e. Estupidez?<\/p>\n\n\n\n<div class=\"wp-block-image\"><figure class=\"aligncenter size-large is-resized\"><a href=\"https:\/\/www.facebook.com\/postobkr\/?locale=pt_BR\"><img loading=\"lazy\" decoding=\"async\" src=\"https:\/\/jornalfatosenoticias.com.br\/wp-content\/uploads\/2023\/08\/BKR-1024x1021.jpg\" alt=\"\" class=\"wp-image-44494\" width=\"285\" height=\"284\" srcset=\"https:\/\/jornalfatosenoticias.com.br\/wp-content\/uploads\/2023\/08\/BKR-1024x1021.jpg 1024w, https:\/\/jornalfatosenoticias.com.br\/wp-content\/uploads\/2023\/08\/BKR-300x300.jpg 300w, https:\/\/jornalfatosenoticias.com.br\/wp-content\/uploads\/2023\/08\/BKR-150x150.jpg 150w, https:\/\/jornalfatosenoticias.com.br\/wp-content\/uploads\/2023\/08\/BKR-768x766.jpg 768w, https:\/\/jornalfatosenoticias.com.br\/wp-content\/uploads\/2023\/08\/BKR.jpg 1080w\" sizes=\"auto, (max-width: 285px) 100vw, 285px\" \/><\/a><\/figure><\/div>\n\n\n\n<p>\u201c\u00c9 aliena\u00e7\u00e3o parental da m\u00e3e\u201d. E ponto final. Um menino sofrendo a olho nu, expondo quadro severo de ansiedade e de depress\u00e3o, chorando o dia inteiro, chorando, convulsivamente, durante todo o per\u00edodo da escola, sem conseguir acompanhar a classe, sem conseguir brincar, sem vontade de fazer qualquer coisa que lhe ofereciam. Repetindo, incessantemente, que n\u00e3o queria ir para a casa do pai, relatando com detalhes os horrores sexuais inimagin\u00e1veis praticados nele pelo genitor, foi at\u00e9 a dire\u00e7\u00e3o da escola para pedir que o deixassem dormir na escola. Dormir na escola. Mas o desembargador s\u00f3 repete: \u201c\u00e9 aliena\u00e7\u00e3o parental, ele vai para a casa do pai\u201d. Estupidez?<\/p>\n\n\n\n<div class=\"wp-block-image\"><figure class=\"aligncenter size-large\"><img loading=\"lazy\" decoding=\"async\" width=\"740\" height=\"555\" src=\"https:\/\/jornalfatosenoticias.com.br\/wp-content\/uploads\/2025\/06\/mae-e-bebe-abusos_freepik.jpg\" alt=\"\" class=\"wp-image-60098\" srcset=\"https:\/\/jornalfatosenoticias.com.br\/wp-content\/uploads\/2025\/06\/mae-e-bebe-abusos_freepik.jpg 740w, https:\/\/jornalfatosenoticias.com.br\/wp-content\/uploads\/2025\/06\/mae-e-bebe-abusos_freepik-300x225.jpg 300w\" sizes=\"auto, (max-width: 740px) 100vw, 740px\" \/><figcaption><em><span class=\"has-inline-color has-black-color\">(Foto: Freepik)<\/span><\/em><\/figcaption><\/figure><\/div>\n\n\n\n<p>Fico imaginando o que leva um profissional com tantos anos de estudo, que chega a uma soma alta para a fam\u00edlia e para o Estado, se encastelar numa decis\u00e3o sem nenhuma possibilidade de realidade. Afinal, como poderia uma m\u00e3e, de sua casa ou do trabalho, programar e executar a dist\u00e2ncia, esse comportamento de sofrimento e desespero do filho. Por intelig\u00eancia artificial? Entendo pouqu\u00edssimo ainda, n\u00e3o sei se seria poss\u00edvel falar por intelig\u00eancia artificial no corpo biol\u00f3gico do filho. Talvez a implanta\u00e7\u00e3o de um chip que fosse comandado, com localiza\u00e7\u00e3o, por controle remoto. Como conceber a log\u00edstica da afirma\u00e7\u00e3o de aliena\u00e7\u00e3o parental nessas circunst\u00e2ncias? Estupidez?<br>Talvez seja estupidez minha imaginar que justi\u00e7as como essas s\u00e3o pass\u00edveis de submiss\u00e3o \u00e0s leis da l\u00f3gica.<\/p>\n\n\n\n<div class=\"wp-block-image\"><figure class=\"aligncenter size-large is-resized\"><a href=\"https:\/\/www.instagram.com\/gruposei\/\"><img loading=\"lazy\" decoding=\"async\" src=\"https:\/\/jornalfatosenoticias.com.br\/wp-content\/uploads\/2022\/07\/Logo-Grupo-SEI.jpg\" alt=\"\" class=\"wp-image-31973\" width=\"406\" height=\"213\" srcset=\"https:\/\/jornalfatosenoticias.com.br\/wp-content\/uploads\/2022\/07\/Logo-Grupo-SEI.jpg 713w, https:\/\/jornalfatosenoticias.com.br\/wp-content\/uploads\/2022\/07\/Logo-Grupo-SEI-300x158.jpg 300w\" sizes=\"auto, (max-width: 406px) 100vw, 406px\" \/><\/a><\/figure><\/div>\n\n\n\n<p>E, para aqueles que ir\u00e3o retrucar dizendo que s\u00e3o exce\u00e7\u00f5es raras, afirmo que o n\u00famero dessas aberra\u00e7\u00f5es \u00e9 consider\u00e1vel. Quanto? N\u00e3o conseguimos saber por que est\u00e3o abrigados e protegidos pelo segredo de justi\u00e7a e pela impunidade de quem as comete. E ainda, se fosse uma s\u00f3 crian\u00e7a, uma \u00fanica, ela seria merecedora da nossa responsabilidade.<\/p>\n","protected":false},"excerpt":{"rendered":"<p>A estupidez vem ampliando em escala geom\u00e9trica a f\u00e1brica de Viol\u00eancia Institucional, e de Viol\u00eancia Vic\u00e1ria em nome dos genitores criminosos dom\u00e9sticos A estupidez po\u00e9tica da m\u00fasica n\u00e3o se encaixa aqui. J\u00e1 foi classificada por famosa desembargadora como sendo \u201ca cegueira da Justi\u00e7a\u201d, em seu livro \u201cIncesto e aliena\u00e7\u00e3o parental \u2014 realidades que a Justi\u00e7a [&hellip;]<\/p>\n","protected":false},"author":8,"featured_media":60096,"comment_status":"open","ping_status":"open","sticky":false,"template":"","format":"standard","meta":{"footnotes":""},"categories":[2522],"tags":[27402,4298,27400,27401,1345,2479,327],"class_list":["post-60095","post","type-post","status-publish","format-standard","has-post-thumbnail","hentry","category-comportamento","tag-abusos-contra-a-crianca","tag-alienacao-parental","tag-estupidez","tag-genitores-criminosos","tag-justica","tag-violencia","tag-violencia-contra-a-mulher"],"yoast_head":"<!-- This site is optimized with the Yoast SEO plugin v26.5 - https:\/\/yoast.com\/wordpress\/plugins\/seo\/ -->\n<title>Estupidez \u2014 Parte I - Jornal Fatos e Not\u00edcias<\/title>\n<meta name=\"robots\" content=\"index, follow, max-snippet:-1, max-image-preview:large, max-video-preview:-1\" \/>\n<link rel=\"canonical\" href=\"https:\/\/jornalfatosenoticias.com.br\/index.php\/2025\/06\/19\/estupidez-parte-i\/\" \/>\n<meta property=\"og:locale\" content=\"pt_BR\" \/>\n<meta property=\"og:type\" content=\"article\" \/>\n<meta property=\"og:title\" content=\"Estupidez \u2014 Parte I - Jornal Fatos e Not\u00edcias\" \/>\n<meta property=\"og:description\" content=\"A estupidez vem ampliando em escala geom\u00e9trica a f\u00e1brica de Viol\u00eancia Institucional, e de Viol\u00eancia Vic\u00e1ria em nome dos genitores criminosos dom\u00e9sticos A estupidez po\u00e9tica da m\u00fasica n\u00e3o se encaixa aqui. J\u00e1 foi classificada por famosa desembargadora como sendo \u201ca cegueira da Justi\u00e7a\u201d, em seu livro \u201cIncesto e aliena\u00e7\u00e3o parental \u2014 realidades que a Justi\u00e7a [&hellip;]\" \/>\n<meta property=\"og:url\" content=\"https:\/\/jornalfatosenoticias.com.br\/index.php\/2025\/06\/19\/estupidez-parte-i\/\" \/>\n<meta property=\"og:site_name\" content=\"Jornal Fatos e Not\u00edcias\" \/>\n<meta property=\"article:published_time\" content=\"2025-06-19T14:16:02+00:00\" \/>\n<meta property=\"article:modified_time\" content=\"2025-06-19T14:16:03+00:00\" \/>\n<meta property=\"og:image\" content=\"https:\/\/jornalfatosenoticias.com.br\/wp-content\/uploads\/2025\/06\/abuso-contra-a-crianca_freepik-com-ia.jpeg\" \/>\n\t<meta property=\"og:image:width\" content=\"740\" \/>\n\t<meta property=\"og:image:height\" content=\"415\" \/>\n\t<meta property=\"og:image:type\" content=\"image\/jpeg\" \/>\n<meta name=\"author\" content=\"Ana Maria Iencarelli\" \/>\n<meta name=\"twitter:card\" content=\"summary_large_image\" \/>\n<meta name=\"twitter:label1\" content=\"Escrito por\" \/>\n\t<meta name=\"twitter:data1\" content=\"Ana Maria Iencarelli\" \/>\n\t<meta name=\"twitter:label2\" content=\"Est. tempo de leitura\" \/>\n\t<meta name=\"twitter:data2\" content=\"5 minutos\" \/>\n<script type=\"application\/ld+json\" class=\"yoast-schema-graph\">{\"@context\":\"https:\/\/schema.org\",\"@graph\":[{\"@type\":\"Article\",\"@id\":\"https:\/\/jornalfatosenoticias.com.br\/index.php\/2025\/06\/19\/estupidez-parte-i\/#article\",\"isPartOf\":{\"@id\":\"https:\/\/jornalfatosenoticias.com.br\/index.php\/2025\/06\/19\/estupidez-parte-i\/\"},\"author\":{\"name\":\"Ana Maria Iencarelli\",\"@id\":\"https:\/\/jornalfatosenoticias.com.br\/#\/schema\/person\/c33fcf5fb02d729d3fec92c6737a22d1\"},\"headline\":\"Estupidez \u2014 Parte I\",\"datePublished\":\"2025-06-19T14:16:02+00:00\",\"dateModified\":\"2025-06-19T14:16:03+00:00\",\"mainEntityOfPage\":{\"@id\":\"https:\/\/jornalfatosenoticias.com.br\/index.php\/2025\/06\/19\/estupidez-parte-i\/\"},\"wordCount\":943,\"commentCount\":0,\"publisher\":{\"@id\":\"https:\/\/jornalfatosenoticias.com.br\/#organization\"},\"image\":{\"@id\":\"https:\/\/jornalfatosenoticias.com.br\/index.php\/2025\/06\/19\/estupidez-parte-i\/#primaryimage\"},\"thumbnailUrl\":\"https:\/\/jornalfatosenoticias.com.br\/wp-content\/uploads\/2025\/06\/abuso-contra-a-crianca_freepik-com-ia.jpeg\",\"keywords\":[\"abusos contra a crian\u00e7a\",\"aliena\u00e7\u00e3o parental\",\"estupidez\",\"genitores criminosos\",\"justi\u00e7a\",\"viol\u00eancia\",\"viol\u00eancia contra a mulher\"],\"articleSection\":[\"Comportamento &amp; Equil\u00edbrio\"],\"inLanguage\":\"pt-BR\",\"potentialAction\":[{\"@type\":\"CommentAction\",\"name\":\"Comment\",\"target\":[\"https:\/\/jornalfatosenoticias.com.br\/index.php\/2025\/06\/19\/estupidez-parte-i\/#respond\"]}]},{\"@type\":\"WebPage\",\"@id\":\"https:\/\/jornalfatosenoticias.com.br\/index.php\/2025\/06\/19\/estupidez-parte-i\/\",\"url\":\"https:\/\/jornalfatosenoticias.com.br\/index.php\/2025\/06\/19\/estupidez-parte-i\/\",\"name\":\"Estupidez \u2014 Parte I - Jornal Fatos e Not\u00edcias\",\"isPartOf\":{\"@id\":\"https:\/\/jornalfatosenoticias.com.br\/#website\"},\"primaryImageOfPage\":{\"@id\":\"https:\/\/jornalfatosenoticias.com.br\/index.php\/2025\/06\/19\/estupidez-parte-i\/#primaryimage\"},\"image\":{\"@id\":\"https:\/\/jornalfatosenoticias.com.br\/index.php\/2025\/06\/19\/estupidez-parte-i\/#primaryimage\"},\"thumbnailUrl\":\"https:\/\/jornalfatosenoticias.com.br\/wp-content\/uploads\/2025\/06\/abuso-contra-a-crianca_freepik-com-ia.jpeg\",\"datePublished\":\"2025-06-19T14:16:02+00:00\",\"dateModified\":\"2025-06-19T14:16:03+00:00\",\"breadcrumb\":{\"@id\":\"https:\/\/jornalfatosenoticias.com.br\/index.php\/2025\/06\/19\/estupidez-parte-i\/#breadcrumb\"},\"inLanguage\":\"pt-BR\",\"potentialAction\":[{\"@type\":\"ReadAction\",\"target\":[\"https:\/\/jornalfatosenoticias.com.br\/index.php\/2025\/06\/19\/estupidez-parte-i\/\"]}]},{\"@type\":\"ImageObject\",\"inLanguage\":\"pt-BR\",\"@id\":\"https:\/\/jornalfatosenoticias.com.br\/index.php\/2025\/06\/19\/estupidez-parte-i\/#primaryimage\",\"url\":\"https:\/\/jornalfatosenoticias.com.br\/wp-content\/uploads\/2025\/06\/abuso-contra-a-crianca_freepik-com-ia.jpeg\",\"contentUrl\":\"https:\/\/jornalfatosenoticias.com.br\/wp-content\/uploads\/2025\/06\/abuso-contra-a-crianca_freepik-com-ia.jpeg\",\"width\":740,\"height\":415},{\"@type\":\"BreadcrumbList\",\"@id\":\"https:\/\/jornalfatosenoticias.com.br\/index.php\/2025\/06\/19\/estupidez-parte-i\/#breadcrumb\",\"itemListElement\":[{\"@type\":\"ListItem\",\"position\":1,\"name\":\"In\u00edcio\",\"item\":\"https:\/\/jornalfatosenoticias.com.br\/\"},{\"@type\":\"ListItem\",\"position\":2,\"name\":\"Estupidez \u2014 Parte I\"}]},{\"@type\":\"WebSite\",\"@id\":\"https:\/\/jornalfatosenoticias.com.br\/#website\",\"url\":\"https:\/\/jornalfatosenoticias.com.br\/\",\"name\":\"Jornal Fatos e Not\u00edcias\",\"description\":\"Not\u00edcias em geral\",\"publisher\":{\"@id\":\"https:\/\/jornalfatosenoticias.com.br\/#organization\"},\"potentialAction\":[{\"@type\":\"SearchAction\",\"target\":{\"@type\":\"EntryPoint\",\"urlTemplate\":\"https:\/\/jornalfatosenoticias.com.br\/?s={search_term_string}\"},\"query-input\":{\"@type\":\"PropertyValueSpecification\",\"valueRequired\":true,\"valueName\":\"search_term_string\"}}],\"inLanguage\":\"pt-BR\"},{\"@type\":\"Organization\",\"@id\":\"https:\/\/jornalfatosenoticias.com.br\/#organization\",\"name\":\"Jornal Fatos e Not\u00edcias\",\"url\":\"https:\/\/jornalfatosenoticias.com.br\/\",\"logo\":{\"@type\":\"ImageObject\",\"inLanguage\":\"pt-BR\",\"@id\":\"https:\/\/jornalfatosenoticias.com.br\/#\/schema\/logo\/image\/\",\"url\":\"https:\/\/jornalfatosenoticias.com.br\/wp-content\/uploads\/2020\/02\/logo120.png\",\"contentUrl\":\"https:\/\/jornalfatosenoticias.com.br\/wp-content\/uploads\/2020\/02\/logo120.png\",\"width\":1227,\"height\":120,\"caption\":\"Jornal Fatos e Not\u00edcias\"},\"image\":{\"@id\":\"https:\/\/jornalfatosenoticias.com.br\/#\/schema\/logo\/image\/\"}},{\"@type\":\"Person\",\"@id\":\"https:\/\/jornalfatosenoticias.com.br\/#\/schema\/person\/c33fcf5fb02d729d3fec92c6737a22d1\",\"name\":\"Ana Maria Iencarelli\",\"image\":{\"@type\":\"ImageObject\",\"inLanguage\":\"pt-BR\",\"@id\":\"https:\/\/jornalfatosenoticias.com.br\/#\/schema\/person\/image\/\",\"url\":\"https:\/\/jornalfatosenoticias.com.br\/wp-content\/uploads\/2020\/02\/Ana-Maria-Iencarelli-1-150x150.jpg\",\"contentUrl\":\"https:\/\/jornalfatosenoticias.com.br\/wp-content\/uploads\/2020\/02\/Ana-Maria-Iencarelli-1-150x150.jpg\",\"caption\":\"Ana Maria Iencarelli\"},\"description\":\"Psicanalista Cl\u00ednica, especializada no atendimento a Crian\u00e7as e Adolescentes. Presidente da ONG Vozes de Anjos.\",\"url\":\"https:\/\/jornalfatosenoticias.com.br\/index.php\/author\/anamaria\/\"}]}<\/script>\n<!-- \/ Yoast SEO plugin. -->","yoast_head_json":{"title":"Estupidez \u2014 Parte I - Jornal Fatos e Not\u00edcias","robots":{"index":"index","follow":"follow","max-snippet":"max-snippet:-1","max-image-preview":"max-image-preview:large","max-video-preview":"max-video-preview:-1"},"canonical":"https:\/\/jornalfatosenoticias.com.br\/index.php\/2025\/06\/19\/estupidez-parte-i\/","og_locale":"pt_BR","og_type":"article","og_title":"Estupidez \u2014 Parte I - Jornal Fatos e Not\u00edcias","og_description":"A estupidez vem ampliando em escala geom\u00e9trica a f\u00e1brica de Viol\u00eancia Institucional, e de Viol\u00eancia Vic\u00e1ria em nome dos genitores criminosos dom\u00e9sticos A estupidez po\u00e9tica da m\u00fasica n\u00e3o se encaixa aqui. J\u00e1 foi classificada por famosa desembargadora como sendo \u201ca cegueira da Justi\u00e7a\u201d, em seu livro \u201cIncesto e aliena\u00e7\u00e3o parental \u2014 realidades que a Justi\u00e7a [&hellip;]","og_url":"https:\/\/jornalfatosenoticias.com.br\/index.php\/2025\/06\/19\/estupidez-parte-i\/","og_site_name":"Jornal Fatos e Not\u00edcias","article_published_time":"2025-06-19T14:16:02+00:00","article_modified_time":"2025-06-19T14:16:03+00:00","og_image":[{"width":740,"height":415,"url":"https:\/\/jornalfatosenoticias.com.br\/wp-content\/uploads\/2025\/06\/abuso-contra-a-crianca_freepik-com-ia.jpeg","type":"image\/jpeg"}],"author":"Ana Maria Iencarelli","twitter_card":"summary_large_image","twitter_misc":{"Escrito por":"Ana Maria Iencarelli","Est. tempo de leitura":"5 minutos"},"schema":{"@context":"https:\/\/schema.org","@graph":[{"@type":"Article","@id":"https:\/\/jornalfatosenoticias.com.br\/index.php\/2025\/06\/19\/estupidez-parte-i\/#article","isPartOf":{"@id":"https:\/\/jornalfatosenoticias.com.br\/index.php\/2025\/06\/19\/estupidez-parte-i\/"},"author":{"name":"Ana Maria Iencarelli","@id":"https:\/\/jornalfatosenoticias.com.br\/#\/schema\/person\/c33fcf5fb02d729d3fec92c6737a22d1"},"headline":"Estupidez \u2014 Parte I","datePublished":"2025-06-19T14:16:02+00:00","dateModified":"2025-06-19T14:16:03+00:00","mainEntityOfPage":{"@id":"https:\/\/jornalfatosenoticias.com.br\/index.php\/2025\/06\/19\/estupidez-parte-i\/"},"wordCount":943,"commentCount":0,"publisher":{"@id":"https:\/\/jornalfatosenoticias.com.br\/#organization"},"image":{"@id":"https:\/\/jornalfatosenoticias.com.br\/index.php\/2025\/06\/19\/estupidez-parte-i\/#primaryimage"},"thumbnailUrl":"https:\/\/jornalfatosenoticias.com.br\/wp-content\/uploads\/2025\/06\/abuso-contra-a-crianca_freepik-com-ia.jpeg","keywords":["abusos contra a crian\u00e7a","aliena\u00e7\u00e3o parental","estupidez","genitores criminosos","justi\u00e7a","viol\u00eancia","viol\u00eancia contra a mulher"],"articleSection":["Comportamento &amp; Equil\u00edbrio"],"inLanguage":"pt-BR","potentialAction":[{"@type":"CommentAction","name":"Comment","target":["https:\/\/jornalfatosenoticias.com.br\/index.php\/2025\/06\/19\/estupidez-parte-i\/#respond"]}]},{"@type":"WebPage","@id":"https:\/\/jornalfatosenoticias.com.br\/index.php\/2025\/06\/19\/estupidez-parte-i\/","url":"https:\/\/jornalfatosenoticias.com.br\/index.php\/2025\/06\/19\/estupidez-parte-i\/","name":"Estupidez \u2014 Parte I - Jornal Fatos e Not\u00edcias","isPartOf":{"@id":"https:\/\/jornalfatosenoticias.com.br\/#website"},"primaryImageOfPage":{"@id":"https:\/\/jornalfatosenoticias.com.br\/index.php\/2025\/06\/19\/estupidez-parte-i\/#primaryimage"},"image":{"@id":"https:\/\/jornalfatosenoticias.com.br\/index.php\/2025\/06\/19\/estupidez-parte-i\/#primaryimage"},"thumbnailUrl":"https:\/\/jornalfatosenoticias.com.br\/wp-content\/uploads\/2025\/06\/abuso-contra-a-crianca_freepik-com-ia.jpeg","datePublished":"2025-06-19T14:16:02+00:00","dateModified":"2025-06-19T14:16:03+00:00","breadcrumb":{"@id":"https:\/\/jornalfatosenoticias.com.br\/index.php\/2025\/06\/19\/estupidez-parte-i\/#breadcrumb"},"inLanguage":"pt-BR","potentialAction":[{"@type":"ReadAction","target":["https:\/\/jornalfatosenoticias.com.br\/index.php\/2025\/06\/19\/estupidez-parte-i\/"]}]},{"@type":"ImageObject","inLanguage":"pt-BR","@id":"https:\/\/jornalfatosenoticias.com.br\/index.php\/2025\/06\/19\/estupidez-parte-i\/#primaryimage","url":"https:\/\/jornalfatosenoticias.com.br\/wp-content\/uploads\/2025\/06\/abuso-contra-a-crianca_freepik-com-ia.jpeg","contentUrl":"https:\/\/jornalfatosenoticias.com.br\/wp-content\/uploads\/2025\/06\/abuso-contra-a-crianca_freepik-com-ia.jpeg","width":740,"height":415},{"@type":"BreadcrumbList","@id":"https:\/\/jornalfatosenoticias.com.br\/index.php\/2025\/06\/19\/estupidez-parte-i\/#breadcrumb","itemListElement":[{"@type":"ListItem","position":1,"name":"In\u00edcio","item":"https:\/\/jornalfatosenoticias.com.br\/"},{"@type":"ListItem","position":2,"name":"Estupidez \u2014 Parte I"}]},{"@type":"WebSite","@id":"https:\/\/jornalfatosenoticias.com.br\/#website","url":"https:\/\/jornalfatosenoticias.com.br\/","name":"Jornal Fatos e Not\u00edcias","description":"Not\u00edcias em geral","publisher":{"@id":"https:\/\/jornalfatosenoticias.com.br\/#organization"},"potentialAction":[{"@type":"SearchAction","target":{"@type":"EntryPoint","urlTemplate":"https:\/\/jornalfatosenoticias.com.br\/?s={search_term_string}"},"query-input":{"@type":"PropertyValueSpecification","valueRequired":true,"valueName":"search_term_string"}}],"inLanguage":"pt-BR"},{"@type":"Organization","@id":"https:\/\/jornalfatosenoticias.com.br\/#organization","name":"Jornal Fatos e Not\u00edcias","url":"https:\/\/jornalfatosenoticias.com.br\/","logo":{"@type":"ImageObject","inLanguage":"pt-BR","@id":"https:\/\/jornalfatosenoticias.com.br\/#\/schema\/logo\/image\/","url":"https:\/\/jornalfatosenoticias.com.br\/wp-content\/uploads\/2020\/02\/logo120.png","contentUrl":"https:\/\/jornalfatosenoticias.com.br\/wp-content\/uploads\/2020\/02\/logo120.png","width":1227,"height":120,"caption":"Jornal Fatos e Not\u00edcias"},"image":{"@id":"https:\/\/jornalfatosenoticias.com.br\/#\/schema\/logo\/image\/"}},{"@type":"Person","@id":"https:\/\/jornalfatosenoticias.com.br\/#\/schema\/person\/c33fcf5fb02d729d3fec92c6737a22d1","name":"Ana Maria Iencarelli","image":{"@type":"ImageObject","inLanguage":"pt-BR","@id":"https:\/\/jornalfatosenoticias.com.br\/#\/schema\/person\/image\/","url":"https:\/\/jornalfatosenoticias.com.br\/wp-content\/uploads\/2020\/02\/Ana-Maria-Iencarelli-1-150x150.jpg","contentUrl":"https:\/\/jornalfatosenoticias.com.br\/wp-content\/uploads\/2020\/02\/Ana-Maria-Iencarelli-1-150x150.jpg","caption":"Ana Maria Iencarelli"},"description":"Psicanalista Cl\u00ednica, especializada no atendimento a Crian\u00e7as e Adolescentes. Presidente da ONG Vozes de Anjos.","url":"https:\/\/jornalfatosenoticias.com.br\/index.php\/author\/anamaria\/"}]}},"cc_featured_image_caption":{"caption_text":"(Foto: Freepik gerada com IA) ","source_text":"","source_url":""},"jetpack_featured_media_url":"https:\/\/jornalfatosenoticias.com.br\/wp-content\/uploads\/2025\/06\/abuso-contra-a-crianca_freepik-com-ia.jpeg","_links":{"self":[{"href":"https:\/\/jornalfatosenoticias.com.br\/index.php\/wp-json\/wp\/v2\/posts\/60095","targetHints":{"allow":["GET"]}}],"collection":[{"href":"https:\/\/jornalfatosenoticias.com.br\/index.php\/wp-json\/wp\/v2\/posts"}],"about":[{"href":"https:\/\/jornalfatosenoticias.com.br\/index.php\/wp-json\/wp\/v2\/types\/post"}],"author":[{"embeddable":true,"href":"https:\/\/jornalfatosenoticias.com.br\/index.php\/wp-json\/wp\/v2\/users\/8"}],"replies":[{"embeddable":true,"href":"https:\/\/jornalfatosenoticias.com.br\/index.php\/wp-json\/wp\/v2\/comments?post=60095"}],"version-history":[{"count":0,"href":"https:\/\/jornalfatosenoticias.com.br\/index.php\/wp-json\/wp\/v2\/posts\/60095\/revisions"}],"wp:featuredmedia":[{"embeddable":true,"href":"https:\/\/jornalfatosenoticias.com.br\/index.php\/wp-json\/wp\/v2\/media\/60096"}],"wp:attachment":[{"href":"https:\/\/jornalfatosenoticias.com.br\/index.php\/wp-json\/wp\/v2\/media?parent=60095"}],"wp:term":[{"taxonomy":"category","embeddable":true,"href":"https:\/\/jornalfatosenoticias.com.br\/index.php\/wp-json\/wp\/v2\/categories?post=60095"},{"taxonomy":"post_tag","embeddable":true,"href":"https:\/\/jornalfatosenoticias.com.br\/index.php\/wp-json\/wp\/v2\/tags?post=60095"}],"curies":[{"name":"wp","href":"https:\/\/api.w.org\/{rel}","templated":true}]}}