{"id":60106,"date":"2025-06-19T12:13:05","date_gmt":"2025-06-19T15:13:05","guid":{"rendered":"https:\/\/jornalfatosenoticias.com.br\/?p=60106"},"modified":"2025-06-19T12:13:06","modified_gmt":"2025-06-19T15:13:06","slug":"lideranca-hibrida-desafios-e-oportunidades-na-era-do-trabalho-flexivel","status":"publish","type":"post","link":"https:\/\/jornalfatosenoticias.com.br\/index.php\/2025\/06\/19\/lideranca-hibrida-desafios-e-oportunidades-na-era-do-trabalho-flexivel\/","title":{"rendered":"Lideran\u00e7a h\u00edbrida: desafios e oportunidades na era do trabalho flex\u00edvel"},"content":{"rendered":"\n<p><em><span class=\"has-inline-color has-black-color\">A paisagem corporativa mudou e, com ela, a forma como lideramos equipes de alta performance precisa se adaptar e evoluir <\/span><\/em><\/p>\n\n\n\n<div class=\"wp-block-image\"><figure class=\"aligncenter size-large is-resized\"><a href=\"https:\/\/www.facebook.com\/vetor.vix\/\"><img loading=\"lazy\" decoding=\"async\" src=\"https:\/\/jornalfatosenoticias.com.br\/wp-content\/uploads\/2023\/09\/vetorvix1024_1.jpg\" alt=\"\" class=\"wp-image-44868\" width=\"543\" height=\"144\" srcset=\"https:\/\/jornalfatosenoticias.com.br\/wp-content\/uploads\/2023\/09\/vetorvix1024_1.jpg 1024w, https:\/\/jornalfatosenoticias.com.br\/wp-content\/uploads\/2023\/09\/vetorvix1024_1-300x80.jpg 300w, https:\/\/jornalfatosenoticias.com.br\/wp-content\/uploads\/2023\/09\/vetorvix1024_1-768x205.jpg 768w\" sizes=\"auto, (max-width: 543px) 100vw, 543px\" \/><\/a><\/figure><\/div>\n\n\n\n<p>A paisagem corporativa mudou. Com a <strong>consolida\u00e7\u00e3o do trabalho h\u00edbrido,<\/strong> que mescla dias no escrit\u00f3rio e em casa, a forma como lideramos equipes de alta performance precisa se adaptar e evoluir. N\u00e3o se trata apenas de onde as pessoas trabalham, mas de como se conectam, colaboram e se mant\u00eam engajadas, mesmo a dist\u00e2ncia. Liderar no modelo h\u00edbrido apresenta desafios \u00fanicos, mas tamb\u00e9m abre portas para oportunidades sem precedentes de inova\u00e7\u00e3o e flexibilidade.<\/p>\n\n\n\n<div class=\"wp-block-image\"><figure class=\"aligncenter size-large is-resized\"><a href=\"https:\/\/www.controlsystems.com.br\/\"><img loading=\"lazy\" decoding=\"async\" src=\"https:\/\/jornalfatosenoticias.com.br\/wp-content\/uploads\/2020\/02\/CONTROL-CS.jpg\" alt=\"\" class=\"wp-image-44991\" width=\"249\" height=\"298\" srcset=\"https:\/\/jornalfatosenoticias.com.br\/wp-content\/uploads\/2020\/02\/CONTROL-CS.jpg 834w, https:\/\/jornalfatosenoticias.com.br\/wp-content\/uploads\/2020\/02\/CONTROL-CS-250x300.jpg 250w, https:\/\/jornalfatosenoticias.com.br\/wp-content\/uploads\/2020\/02\/CONTROL-CS-768x921.jpg 768w\" sizes=\"auto, (max-width: 249px) 100vw, 249px\" \/><\/a><\/figure><\/div>\n\n\n\n<p><strong><span class=\"has-inline-color has-vivid-cyan-blue-color\">Mantendo a cultura e o engajamento em equipes distribu\u00eddas<br><\/span><\/strong>Um dos maiores desafios da lideran\u00e7a h\u00edbrida \u00e9 preservar a <strong>cultura organizacional<\/strong> e o <strong>engajamento da equipe<\/strong> quando nem todos est\u00e3o fisicamente juntos. A cultura n\u00e3o \u00e9 constru\u00edda apenas em reuni\u00f5es formais, mas tamb\u00e9m nos caf\u00e9s, nas conversas de corredor e nos momentos espont\u00e2neos. Para recriar essa din\u00e2mica no ambiente h\u00edbrido, l\u00edderes de alta performance est\u00e3o:<\/p>\n\n\n\n<div class=\"wp-block-image\"><figure class=\"aligncenter size-large is-resized\"><a href=\"https:\/\/www.legisjuris.com.br\/\"><img loading=\"lazy\" decoding=\"async\" src=\"https:\/\/jornalfatosenoticias.com.br\/wp-content\/uploads\/2024\/09\/Legis-Juris-Consultoria_logo.jpg\" alt=\"\" class=\"wp-image-53915\" width=\"535\" height=\"224\" srcset=\"https:\/\/jornalfatosenoticias.com.br\/wp-content\/uploads\/2024\/09\/Legis-Juris-Consultoria_logo.jpg 969w, https:\/\/jornalfatosenoticias.com.br\/wp-content\/uploads\/2024\/09\/Legis-Juris-Consultoria_logo-300x126.jpg 300w, https:\/\/jornalfatosenoticias.com.br\/wp-content\/uploads\/2024\/09\/Legis-Juris-Consultoria_logo-768x322.jpg 768w\" sizes=\"auto, (max-width: 535px) 100vw, 535px\" \/><\/a><\/figure><\/div>\n\n\n\n<p><strong>\u2022 Promovendo rituais de conex\u00e3o: <\/strong>isso pode incluir &#8220;happy hours&#8221; virtuais, caf\u00e9s da manh\u00e3 on-line ou at\u00e9 mesmo sess\u00f5es de brainstorming criativas a dist\u00e2ncia. O objetivo \u00e9 criar espa\u00e7os informais para intera\u00e7\u00e3o e constru\u00e7\u00e3o de la\u00e7os.<br><strong>\u2022 Investindo em mentoria e apadrinhamento:<\/strong> conectar membros da equipe, especialmente os novatos, com colegas mais experientes pode fortalecer o senso de pertencimento e facilitar a absor\u00e7\u00e3o da cultura da empresa.<\/p>\n\n\n\n<div class=\"wp-block-image\"><figure class=\"aligncenter size-large is-resized\"><a href=\"https:\/\/www.instagram.com\/serra4x4cambioautomatico\/\"><img loading=\"lazy\" decoding=\"async\" src=\"https:\/\/jornalfatosenoticias.com.br\/wp-content\/uploads\/2024\/08\/Serra-4x4-1-886x1024.jpg\" alt=\"\" class=\"wp-image-53632\" width=\"283\" height=\"327\" srcset=\"https:\/\/jornalfatosenoticias.com.br\/wp-content\/uploads\/2024\/08\/Serra-4x4-1-886x1024.jpg 886w, https:\/\/jornalfatosenoticias.com.br\/wp-content\/uploads\/2024\/08\/Serra-4x4-1-260x300.jpg 260w, https:\/\/jornalfatosenoticias.com.br\/wp-content\/uploads\/2024\/08\/Serra-4x4-1-768x888.jpg 768w, https:\/\/jornalfatosenoticias.com.br\/wp-content\/uploads\/2024\/08\/Serra-4x4-1.jpg 1181w\" sizes=\"auto, (max-width: 283px) 100vw, 283px\" \/><\/a><\/figure><\/div>\n\n\n\n<p><strong>\u2022 Valorizando o reconhecimento e o feedback cont\u00ednuo:<\/strong> em um ambiente h\u00edbrido, \u00e9 ainda mais crucial reconhecer publicamente as conquistas e oferecer feedback construtivo e regular para manter a motiva\u00e7\u00e3o e o alinhamento.<br><strong>\u2022 Incentivando a autonomia e a confian\u00e7a: <\/strong>ao confiar nas equipes para gerenciar seu pr\u00f3prio tempo e tarefas, os l\u00edderes refor\u00e7am a responsabilidade e o engajamento, mostrando que valorizam a performance, n\u00e3o a presen\u00e7a f\u00edsica.<\/p>\n\n\n\n<div class=\"wp-block-image\"><figure class=\"aligncenter size-large is-resized\"><a href=\"https:\/\/www.instagram.com\/gruposei\/\"><img loading=\"lazy\" decoding=\"async\" src=\"https:\/\/jornalfatosenoticias.com.br\/wp-content\/uploads\/2022\/07\/Logo-Grupo-SEI.jpg\" alt=\"\" class=\"wp-image-31973\" width=\"357\" height=\"187\" srcset=\"https:\/\/jornalfatosenoticias.com.br\/wp-content\/uploads\/2022\/07\/Logo-Grupo-SEI.jpg 713w, https:\/\/jornalfatosenoticias.com.br\/wp-content\/uploads\/2022\/07\/Logo-Grupo-SEI-300x158.jpg 300w\" sizes=\"auto, (max-width: 357px) 100vw, 357px\" \/><\/a><\/figure><\/div>\n\n\n\n<p><strong><span class=\"has-inline-color has-vivid-cyan-blue-color\">Otimizando a comunica\u00e7\u00e3o em modelos h\u00edbridos<br><\/span><\/strong>A comunica\u00e7\u00e3o \u00e9 a espinha dorsal de qualquer equipe de alta performance, e em um modelo h\u00edbrido, ela precisa ser deliberada e estrat\u00e9gica. A ambiguidade pode surgir facilmente quando as intera\u00e7\u00f5es n\u00e3o s\u00e3o presenciais. Para otimizar a comunica\u00e7\u00e3o, l\u00edderes devem:<\/p>\n\n\n\n<div class=\"wp-block-image\"><figure class=\"aligncenter size-large\"><a href=\"http:\/\/www.ferrarimaquinas.com.br\/\"><img loading=\"lazy\" decoding=\"async\" width=\"300\" height=\"250\" src=\"https:\/\/jornalfatosenoticias.com.br\/wp-content\/uploads\/2022\/02\/FERRARI_MAQUINAS-E-FERRAMENTAS2.jpg\" alt=\"\" class=\"wp-image-27860\"\/><\/a><\/figure><\/div>\n\n\n\n<p><strong>\u2022 Definir canais de comunica\u00e7\u00e3o claros: <\/strong>\u00e9 fundamental estabelecer qual ferramenta usar para qual tipo de comunica\u00e7\u00e3o (e-mail para assuntos formais, chat para conversas r\u00e1pidas, videochamadas para discuss\u00f5es complexas).<br><strong>\u2022 Promover a comunica\u00e7\u00e3o ass\u00edncrona: <\/strong>nem todas as conversas precisam ser em tempo real. Documentar decis\u00f5es, compartilhar atualiza\u00e7\u00f5es e usar ferramentas de gest\u00e3o de projetos permite que todos acessem informa\u00e7\u00f5es importantes no seu pr\u00f3prio tempo, reduzindo a fadiga de reuni\u00f5es.<\/p>\n\n\n\n<div class=\"wp-block-image\"><figure class=\"aligncenter size-large is-resized\"><a href=\"https:\/\/panper.com.br\/\"><img loading=\"lazy\" decoding=\"async\" src=\"https:\/\/jornalfatosenoticias.com.br\/wp-content\/uploads\/2023\/03\/logo-Panper_portal.jpg\" alt=\"\" class=\"wp-image-40208\" width=\"345\" height=\"239\" srcset=\"https:\/\/jornalfatosenoticias.com.br\/wp-content\/uploads\/2023\/03\/logo-Panper_portal.jpg 400w, https:\/\/jornalfatosenoticias.com.br\/wp-content\/uploads\/2023\/03\/logo-Panper_portal-300x208.jpg 300w\" sizes=\"auto, (max-width: 345px) 100vw, 345px\" \/><\/a><\/figure><\/div>\n\n\n\n<p><strong>\u2022 Estimular a comunica\u00e7\u00e3o visual:<\/strong> em vez de longos textos, usar gr\u00e1ficos, infogr\u00e1ficos e v\u00eddeos pode tornar a mensagem mais clara e envolvente, especialmente para equipes com fusos hor\u00e1rios diferentes.<br><strong>\u2022 Priorizar a escuta ativa:<\/strong> mais do que falar, o l\u00edder h\u00edbrido precisa saber ouvir e interpretar sinais, mesmo os n\u00e3o verbais, que podem ser mais sutis em chamadas de v\u00eddeo.<\/p>\n\n\n\n<div class=\"wp-block-image\"><figure class=\"aligncenter size-large\"><a href=\"https:\/\/www.cesconetto.com.br\/\"><img loading=\"lazy\" decoding=\"async\" width=\"300\" height=\"250\" src=\"https:\/\/jornalfatosenoticias.com.br\/wp-content\/uploads\/2020\/02\/Banner-2.png\" alt=\"\" class=\"wp-image-43787\"\/><\/a><\/figure><\/div>\n\n\n\n<p><strong><span class=\"has-inline-color has-vivid-cyan-blue-color\">O papel da tecnologia no suporte \u00e0 lideran\u00e7a h\u00edbrida<br><\/span><\/strong>A tecnologia n\u00e3o \u00e9 apenas um facilitador, mas um pilar essencial da lideran\u00e7a h\u00edbrida. Ferramentas digitais adequadas podem empoderar l\u00edderes e equipes, eliminando barreiras geogr\u00e1ficas e otimizando processos. Isso inclui:<br><strong>\u2022 Plataformas de colabora\u00e7\u00e3o:<\/strong> ferramentas como Slack, Microsoft Teams ou Google Workspace s\u00e3o cruciais para comunica\u00e7\u00e3o instant\u00e2nea, compartilhamento de documentos e colabora\u00e7\u00e3o em tempo real.<\/p>\n\n\n\n<div class=\"wp-block-image\"><figure class=\"aligncenter size-large is-resized\"><a href=\"https:\/\/www.facebook.com\/profile.php?id=100069289606145\"><img loading=\"lazy\" decoding=\"async\" src=\"https:\/\/jornalfatosenoticias.com.br\/wp-content\/uploads\/2024\/11\/Guaitolini-Contabilidade-1024x714.jpeg\" alt=\"\" class=\"wp-image-55808\" width=\"325\" height=\"226\" srcset=\"https:\/\/jornalfatosenoticias.com.br\/wp-content\/uploads\/2024\/11\/Guaitolini-Contabilidade-1024x714.jpeg 1024w, https:\/\/jornalfatosenoticias.com.br\/wp-content\/uploads\/2024\/11\/Guaitolini-Contabilidade-300x209.jpeg 300w, https:\/\/jornalfatosenoticias.com.br\/wp-content\/uploads\/2024\/11\/Guaitolini-Contabilidade-768x535.jpeg 768w, https:\/\/jornalfatosenoticias.com.br\/wp-content\/uploads\/2024\/11\/Guaitolini-Contabilidade.jpeg 1280w\" sizes=\"auto, (max-width: 325px) 100vw, 325px\" \/><\/a><\/figure><\/div>\n\n\n\n<p><strong>\u2022 Sistemas de gest\u00e3o de projetos: <\/strong>Asana, Trello, Jira ou Monday.com ajudam a acompanhar o progresso das tarefas, designar responsabilidades e garantir que todos estejam cientes dos prazos e objetivos.<br><strong>\u2022 Ferramentas de videoconfer\u00eancia robustas:<\/strong> al\u00e9m de permitir reuni\u00f5es, plataformas como Zoom ou Google Meet oferecem funcionalidades como quadros brancos virtuais, salas de grupos e grava\u00e7\u00e3o, que facilitam a colabora\u00e7\u00e3o.<\/p>\n\n\n\n<div class=\"wp-block-image\"><figure class=\"aligncenter size-large is-resized\"><a href=\"https:\/\/www.instagram.com\/esteio.churrascaria\/\"><img loading=\"lazy\" decoding=\"async\" src=\"https:\/\/jornalfatosenoticias.com.br\/wp-content\/uploads\/2022\/02\/LOGO-ESTEIO-1024x730.png\" alt=\"\" class=\"wp-image-27942\" width=\"302\" height=\"215\" srcset=\"https:\/\/jornalfatosenoticias.com.br\/wp-content\/uploads\/2022\/02\/LOGO-ESTEIO-1024x730.png 1024w, https:\/\/jornalfatosenoticias.com.br\/wp-content\/uploads\/2022\/02\/LOGO-ESTEIO-300x214.png 300w, https:\/\/jornalfatosenoticias.com.br\/wp-content\/uploads\/2022\/02\/LOGO-ESTEIO-768x548.png 768w, https:\/\/jornalfatosenoticias.com.br\/wp-content\/uploads\/2022\/02\/LOGO-ESTEIO.png 1123w\" sizes=\"auto, (max-width: 302px) 100vw, 302px\" \/><\/a><\/figure><\/div>\n\n\n\n<p><strong>\u2022 Softwares de gest\u00e3o de pessoas e feedback:<\/strong> plataformas que permitem acompanhar o desempenho individual, coletar feedback 360 e gerenciar o desenvolvimento profissional s\u00e3o valiosas para l\u00edderes que precisam ter uma vis\u00e3o clara do seu time.<\/p>\n\n\n\n<div class=\"wp-block-image\"><figure class=\"aligncenter size-large is-resized\"><a href=\"https:\/\/www.facebook.com\/postobkr\/?locale=pt_BR\"><img loading=\"lazy\" decoding=\"async\" src=\"https:\/\/jornalfatosenoticias.com.br\/wp-content\/uploads\/2023\/08\/BKR-1024x1021.jpg\" alt=\"\" class=\"wp-image-44494\" width=\"278\" height=\"277\" srcset=\"https:\/\/jornalfatosenoticias.com.br\/wp-content\/uploads\/2023\/08\/BKR-1024x1021.jpg 1024w, https:\/\/jornalfatosenoticias.com.br\/wp-content\/uploads\/2023\/08\/BKR-300x300.jpg 300w, https:\/\/jornalfatosenoticias.com.br\/wp-content\/uploads\/2023\/08\/BKR-150x150.jpg 150w, https:\/\/jornalfatosenoticias.com.br\/wp-content\/uploads\/2023\/08\/BKR-768x766.jpg 768w, https:\/\/jornalfatosenoticias.com.br\/wp-content\/uploads\/2023\/08\/BKR.jpg 1080w\" sizes=\"auto, (max-width: 278px) 100vw, 278px\" \/><\/a><\/figure><\/div>\n\n\n\n<p><strong><span class=\"has-inline-color has-vivid-cyan-blue-color\">O equil\u00edbrio entre flexibilidade e controle<br><\/span><\/strong>Um dos maiores desafios e, ao mesmo tempo, oportunidades da lideran\u00e7a h\u00edbrida reside em encontrar o equil\u00edbrio ideal entre <strong>flexibilidade e controle.<\/strong> L\u00edderes de alta performance entendem que a flexibilidade \u00e9 uma poderosa ferramenta de engajamento e reten\u00e7\u00e3o de talentos, mas tamb\u00e9m sabem que \u00e9 preciso haver um grau de controle para garantir a produtividade e o alinhamento estrat\u00e9gico.<\/p>\n\n\n\n<div class=\"wp-block-image\"><figure class=\"aligncenter size-large is-resized\"><a href=\"https:\/\/www.instagram.com\/rcradiadores\/\"><img loading=\"lazy\" decoding=\"async\" src=\"https:\/\/jornalfatosenoticias.com.br\/wp-content\/uploads\/2022\/10\/RC_800x750_page-0001.jpg\" alt=\"\" class=\"wp-image-35338\" width=\"291\" height=\"273\" srcset=\"https:\/\/jornalfatosenoticias.com.br\/wp-content\/uploads\/2022\/10\/RC_800x750_page-0001.jpg 400w, https:\/\/jornalfatosenoticias.com.br\/wp-content\/uploads\/2022\/10\/RC_800x750_page-0001-300x281.jpg 300w\" sizes=\"auto, (max-width: 291px) 100vw, 291px\" \/><\/a><\/figure><\/div>\n\n\n\n<p><strong>\u2022 Foco em resultados, n\u00e3o em horas de trabalho: <\/strong>a lideran\u00e7a h\u00edbrida exige uma mentalidade de gest\u00e3o por resultados. Em vez de monitorar as horas trabalhadas, o l\u00edder deve focar na entrega e na qualidade do que \u00e9 produzido.<br><strong>\u2022 Defini\u00e7\u00e3o clara de expectativas: <\/strong>a flexibilidade precisa vir acompanhada de clareza. Definir objetivos, metas e prazos de forma transparente permite que as equipes trabalhem com autonomia, sabendo o que se espera delas.<\/p>\n\n\n\n<div class=\"wp-block-image\"><figure class=\"aligncenter size-large is-resized\"><a href=\"https:\/\/www.instagram.com\/restaurantepegoretti\/\"><img loading=\"lazy\" decoding=\"async\" src=\"https:\/\/jornalfatosenoticias.com.br\/wp-content\/uploads\/2023\/12\/pegoretti-logo-pdf-1024x389.jpg\" alt=\"\" class=\"wp-image-47536\" width=\"469\" height=\"178\" srcset=\"https:\/\/jornalfatosenoticias.com.br\/wp-content\/uploads\/2023\/12\/pegoretti-logo-pdf-1024x389.jpg 1024w, https:\/\/jornalfatosenoticias.com.br\/wp-content\/uploads\/2023\/12\/pegoretti-logo-pdf-300x114.jpg 300w, https:\/\/jornalfatosenoticias.com.br\/wp-content\/uploads\/2023\/12\/pegoretti-logo-pdf-768x291.jpg 768w, https:\/\/jornalfatosenoticias.com.br\/wp-content\/uploads\/2023\/12\/pegoretti-logo-pdf.jpg 1120w\" sizes=\"auto, (max-width: 469px) 100vw, 469px\" \/><\/a><\/figure><\/div>\n\n\n\n<p><strong>\u2022 Cria\u00e7\u00e3o de acordos de equipe:<\/strong> em vez de regras r\u00edgidas, as equipes h\u00edbridas podem se beneficiar da cria\u00e7\u00e3o de &#8220;acordos de equipe&#8221; sobre como e quando se comunicar, quando estar\u00e3o dispon\u00edveis e como lidar com os desafios do modelo h\u00edbrido.<br><strong>\u2022 Confian\u00e7a como pilar:<\/strong> a base de um modelo h\u00edbrido bem-sucedido \u00e9 a confian\u00e7a m\u00fatua. L\u00edderes precisam confiar em suas equipes para realizar o trabalho, e as equipes precisam confiar que seus l\u00edderes as apoiar\u00e3o, independentemente de onde estejam trabalhando.<\/p>\n\n\n\n<div class=\"wp-block-image\"><figure class=\"aligncenter size-large\"><a href=\"https:\/\/mizu.com.br\/\"><img loading=\"lazy\" decoding=\"async\" width=\"729\" height=\"90\" src=\"https:\/\/jornalfatosenoticias.com.br\/wp-content\/uploads\/2020\/02\/Logo_Mizu.png\" alt=\"\" class=\"wp-image-1441\" srcset=\"https:\/\/jornalfatosenoticias.com.br\/wp-content\/uploads\/2020\/02\/Logo_Mizu.png 729w, https:\/\/jornalfatosenoticias.com.br\/wp-content\/uploads\/2020\/02\/Logo_Mizu-300x37.png 300w\" sizes=\"auto, (max-width: 729px) 100vw, 729px\" \/><\/a><\/figure><\/div>\n\n\n\n<p>A lideran\u00e7a h\u00edbrida n\u00e3o \u00e9 uma fase passageira; \u00e9 o novo normal. Os l\u00edderes que souberem navegar por seus desafios, aproveitando as oportunidades que ela oferece, ser\u00e3o os que construir\u00e3o as equipes de alta performance do futuro, mais resilientes, engajadas e inovadoras.<br>Qual aspecto da lideran\u00e7a h\u00edbrida voc\u00ea considera mais desafiador na sua realidade?<\/p>\n","protected":false},"excerpt":{"rendered":"<p>A paisagem corporativa mudou e, com ela, a forma como lideramos equipes de alta performance precisa se adaptar e evoluir A paisagem corporativa mudou. Com a consolida\u00e7\u00e3o do trabalho h\u00edbrido, que mescla dias no escrit\u00f3rio e em casa, a forma como lideramos equipes de alta performance precisa se adaptar e evoluir. N\u00e3o se trata apenas [&hellip;]<\/p>\n","protected":false},"author":37,"featured_media":60107,"comment_status":"open","ping_status":"open","sticky":false,"template":"","format":"standard","meta":{"footnotes":""},"categories":[5],"tags":[27409,25711,1097,27410,27411,25957,831,16259,1776,27412],"class_list":["post-60106","post","type-post","status-publish","format-standard","has-post-thumbnail","hentry","category-geral","tag-ambiente-hibrido","tag-cultura-organizacional","tag-foco","tag-lideranca-hibrida","tag-lideres-de-alta-performance","tag-mentorias","tag-objetivos","tag-oportunidades","tag-resultados","tag-trabalho-flexivel"],"yoast_head":"<!-- This site is optimized with the Yoast SEO plugin v26.5 - https:\/\/yoast.com\/wordpress\/plugins\/seo\/ -->\n<title>Lideran\u00e7a h\u00edbrida: desafios e oportunidades na era do trabalho flex\u00edvel - Jornal Fatos e Not\u00edcias<\/title>\n<meta name=\"robots\" content=\"index, follow, max-snippet:-1, max-image-preview:large, max-video-preview:-1\" \/>\n<link rel=\"canonical\" href=\"https:\/\/jornalfatosenoticias.com.br\/index.php\/2025\/06\/19\/lideranca-hibrida-desafios-e-oportunidades-na-era-do-trabalho-flexivel\/\" \/>\n<meta property=\"og:locale\" content=\"pt_BR\" \/>\n<meta property=\"og:type\" content=\"article\" \/>\n<meta property=\"og:title\" content=\"Lideran\u00e7a h\u00edbrida: desafios e oportunidades na era do trabalho flex\u00edvel - Jornal Fatos e Not\u00edcias\" \/>\n<meta property=\"og:description\" content=\"A paisagem corporativa mudou e, com ela, a forma como lideramos equipes de alta performance precisa se adaptar e evoluir A paisagem corporativa mudou. Com a consolida\u00e7\u00e3o do trabalho h\u00edbrido, que mescla dias no escrit\u00f3rio e em casa, a forma como lideramos equipes de alta performance precisa se adaptar e evoluir. N\u00e3o se trata apenas [&hellip;]\" \/>\n<meta property=\"og:url\" content=\"https:\/\/jornalfatosenoticias.com.br\/index.php\/2025\/06\/19\/lideranca-hibrida-desafios-e-oportunidades-na-era-do-trabalho-flexivel\/\" \/>\n<meta property=\"og:site_name\" content=\"Jornal Fatos e Not\u00edcias\" \/>\n<meta property=\"article:published_time\" content=\"2025-06-19T15:13:05+00:00\" \/>\n<meta property=\"article:modified_time\" content=\"2025-06-19T15:13:06+00:00\" \/>\n<meta property=\"og:image\" content=\"https:\/\/jornalfatosenoticias.com.br\/wp-content\/uploads\/2025\/06\/lideranca-hibrida_freepik.jpg\" \/>\n\t<meta property=\"og:image:width\" content=\"1000\" \/>\n\t<meta property=\"og:image:height\" content=\"666\" \/>\n\t<meta property=\"og:image:type\" content=\"image\/jpeg\" \/>\n<meta name=\"author\" content=\"Milena Rohr\" \/>\n<meta name=\"twitter:card\" content=\"summary_large_image\" \/>\n<meta name=\"twitter:label1\" content=\"Escrito por\" \/>\n\t<meta name=\"twitter:data1\" content=\"Milena Rohr\" \/>\n\t<meta name=\"twitter:label2\" content=\"Est. tempo de leitura\" \/>\n\t<meta name=\"twitter:data2\" content=\"5 minutos\" \/>\n<script type=\"application\/ld+json\" class=\"yoast-schema-graph\">{\"@context\":\"https:\/\/schema.org\",\"@graph\":[{\"@type\":\"Article\",\"@id\":\"https:\/\/jornalfatosenoticias.com.br\/index.php\/2025\/06\/19\/lideranca-hibrida-desafios-e-oportunidades-na-era-do-trabalho-flexivel\/#article\",\"isPartOf\":{\"@id\":\"https:\/\/jornalfatosenoticias.com.br\/index.php\/2025\/06\/19\/lideranca-hibrida-desafios-e-oportunidades-na-era-do-trabalho-flexivel\/\"},\"author\":{\"name\":\"Milena Rohr\",\"@id\":\"https:\/\/jornalfatosenoticias.com.br\/#\/schema\/person\/bd76a40517f387e41cc072b0d3c7d627\"},\"headline\":\"Lideran\u00e7a h\u00edbrida: desafios e oportunidades na era do trabalho flex\u00edvel\",\"datePublished\":\"2025-06-19T15:13:05+00:00\",\"dateModified\":\"2025-06-19T15:13:06+00:00\",\"mainEntityOfPage\":{\"@id\":\"https:\/\/jornalfatosenoticias.com.br\/index.php\/2025\/06\/19\/lideranca-hibrida-desafios-e-oportunidades-na-era-do-trabalho-flexivel\/\"},\"wordCount\":1014,\"commentCount\":0,\"publisher\":{\"@id\":\"https:\/\/jornalfatosenoticias.com.br\/#organization\"},\"image\":{\"@id\":\"https:\/\/jornalfatosenoticias.com.br\/index.php\/2025\/06\/19\/lideranca-hibrida-desafios-e-oportunidades-na-era-do-trabalho-flexivel\/#primaryimage\"},\"thumbnailUrl\":\"https:\/\/jornalfatosenoticias.com.br\/wp-content\/uploads\/2025\/06\/lideranca-hibrida_freepik.jpg\",\"keywords\":[\"ambiente h\u00edbrido\",\"cultura organizacional\",\"foco\",\"lideran\u00e7a h\u00edbrida\",\"l\u00edderes de alta performance\",\"mentorias\",\"objetivos\",\"oportunidades\",\"resultados\",\"trabalho flex\u00edvel\"],\"articleSection\":[\"Geral\"],\"inLanguage\":\"pt-BR\",\"potentialAction\":[{\"@type\":\"CommentAction\",\"name\":\"Comment\",\"target\":[\"https:\/\/jornalfatosenoticias.com.br\/index.php\/2025\/06\/19\/lideranca-hibrida-desafios-e-oportunidades-na-era-do-trabalho-flexivel\/#respond\"]}]},{\"@type\":\"WebPage\",\"@id\":\"https:\/\/jornalfatosenoticias.com.br\/index.php\/2025\/06\/19\/lideranca-hibrida-desafios-e-oportunidades-na-era-do-trabalho-flexivel\/\",\"url\":\"https:\/\/jornalfatosenoticias.com.br\/index.php\/2025\/06\/19\/lideranca-hibrida-desafios-e-oportunidades-na-era-do-trabalho-flexivel\/\",\"name\":\"Lideran\u00e7a h\u00edbrida: desafios e oportunidades na era do trabalho flex\u00edvel - Jornal Fatos e Not\u00edcias\",\"isPartOf\":{\"@id\":\"https:\/\/jornalfatosenoticias.com.br\/#website\"},\"primaryImageOfPage\":{\"@id\":\"https:\/\/jornalfatosenoticias.com.br\/index.php\/2025\/06\/19\/lideranca-hibrida-desafios-e-oportunidades-na-era-do-trabalho-flexivel\/#primaryimage\"},\"image\":{\"@id\":\"https:\/\/jornalfatosenoticias.com.br\/index.php\/2025\/06\/19\/lideranca-hibrida-desafios-e-oportunidades-na-era-do-trabalho-flexivel\/#primaryimage\"},\"thumbnailUrl\":\"https:\/\/jornalfatosenoticias.com.br\/wp-content\/uploads\/2025\/06\/lideranca-hibrida_freepik.jpg\",\"datePublished\":\"2025-06-19T15:13:05+00:00\",\"dateModified\":\"2025-06-19T15:13:06+00:00\",\"breadcrumb\":{\"@id\":\"https:\/\/jornalfatosenoticias.com.br\/index.php\/2025\/06\/19\/lideranca-hibrida-desafios-e-oportunidades-na-era-do-trabalho-flexivel\/#breadcrumb\"},\"inLanguage\":\"pt-BR\",\"potentialAction\":[{\"@type\":\"ReadAction\",\"target\":[\"https:\/\/jornalfatosenoticias.com.br\/index.php\/2025\/06\/19\/lideranca-hibrida-desafios-e-oportunidades-na-era-do-trabalho-flexivel\/\"]}]},{\"@type\":\"ImageObject\",\"inLanguage\":\"pt-BR\",\"@id\":\"https:\/\/jornalfatosenoticias.com.br\/index.php\/2025\/06\/19\/lideranca-hibrida-desafios-e-oportunidades-na-era-do-trabalho-flexivel\/#primaryimage\",\"url\":\"https:\/\/jornalfatosenoticias.com.br\/wp-content\/uploads\/2025\/06\/lideranca-hibrida_freepik.jpg\",\"contentUrl\":\"https:\/\/jornalfatosenoticias.com.br\/wp-content\/uploads\/2025\/06\/lideranca-hibrida_freepik.jpg\",\"width\":1000,\"height\":666},{\"@type\":\"BreadcrumbList\",\"@id\":\"https:\/\/jornalfatosenoticias.com.br\/index.php\/2025\/06\/19\/lideranca-hibrida-desafios-e-oportunidades-na-era-do-trabalho-flexivel\/#breadcrumb\",\"itemListElement\":[{\"@type\":\"ListItem\",\"position\":1,\"name\":\"In\u00edcio\",\"item\":\"https:\/\/jornalfatosenoticias.com.br\/\"},{\"@type\":\"ListItem\",\"position\":2,\"name\":\"Lideran\u00e7a h\u00edbrida: desafios e oportunidades na era do trabalho flex\u00edvel\"}]},{\"@type\":\"WebSite\",\"@id\":\"https:\/\/jornalfatosenoticias.com.br\/#website\",\"url\":\"https:\/\/jornalfatosenoticias.com.br\/\",\"name\":\"Jornal Fatos e Not\u00edcias\",\"description\":\"Not\u00edcias em geral\",\"publisher\":{\"@id\":\"https:\/\/jornalfatosenoticias.com.br\/#organization\"},\"potentialAction\":[{\"@type\":\"SearchAction\",\"target\":{\"@type\":\"EntryPoint\",\"urlTemplate\":\"https:\/\/jornalfatosenoticias.com.br\/?s={search_term_string}\"},\"query-input\":{\"@type\":\"PropertyValueSpecification\",\"valueRequired\":true,\"valueName\":\"search_term_string\"}}],\"inLanguage\":\"pt-BR\"},{\"@type\":\"Organization\",\"@id\":\"https:\/\/jornalfatosenoticias.com.br\/#organization\",\"name\":\"Jornal Fatos e Not\u00edcias\",\"url\":\"https:\/\/jornalfatosenoticias.com.br\/\",\"logo\":{\"@type\":\"ImageObject\",\"inLanguage\":\"pt-BR\",\"@id\":\"https:\/\/jornalfatosenoticias.com.br\/#\/schema\/logo\/image\/\",\"url\":\"https:\/\/jornalfatosenoticias.com.br\/wp-content\/uploads\/2020\/02\/logo120.png\",\"contentUrl\":\"https:\/\/jornalfatosenoticias.com.br\/wp-content\/uploads\/2020\/02\/logo120.png\",\"width\":1227,\"height\":120,\"caption\":\"Jornal Fatos e Not\u00edcias\"},\"image\":{\"@id\":\"https:\/\/jornalfatosenoticias.com.br\/#\/schema\/logo\/image\/\"}},{\"@type\":\"Person\",\"@id\":\"https:\/\/jornalfatosenoticias.com.br\/#\/schema\/person\/bd76a40517f387e41cc072b0d3c7d627\",\"name\":\"Milena Rohr\",\"image\":{\"@type\":\"ImageObject\",\"inLanguage\":\"pt-BR\",\"@id\":\"https:\/\/jornalfatosenoticias.com.br\/#\/schema\/person\/image\/\",\"url\":\"https:\/\/jornalfatosenoticias.com.br\/wp-content\/uploads\/2026\/03\/Milena-Rohr_portal-150x150.jpg\",\"contentUrl\":\"https:\/\/jornalfatosenoticias.com.br\/wp-content\/uploads\/2026\/03\/Milena-Rohr_portal-150x150.jpg\",\"caption\":\"Milena Rohr\"},\"description\":\"Milena Rohr S\u00f3cia e diretora do MasterMind (Funda\u00e7\u00e3o Napoleon Hill), Gestora Empresarial, Embaixadora do BNI, Palestrante, Escritora, Colunista e Mentora FRST do Grupo Falconi\",\"url\":\"https:\/\/jornalfatosenoticias.com.br\/index.php\/author\/milena-rhor\/\"}]}<\/script>\n<!-- \/ Yoast SEO plugin. -->","yoast_head_json":{"title":"Lideran\u00e7a h\u00edbrida: desafios e oportunidades na era do trabalho flex\u00edvel - Jornal Fatos e Not\u00edcias","robots":{"index":"index","follow":"follow","max-snippet":"max-snippet:-1","max-image-preview":"max-image-preview:large","max-video-preview":"max-video-preview:-1"},"canonical":"https:\/\/jornalfatosenoticias.com.br\/index.php\/2025\/06\/19\/lideranca-hibrida-desafios-e-oportunidades-na-era-do-trabalho-flexivel\/","og_locale":"pt_BR","og_type":"article","og_title":"Lideran\u00e7a h\u00edbrida: desafios e oportunidades na era do trabalho flex\u00edvel - Jornal Fatos e Not\u00edcias","og_description":"A paisagem corporativa mudou e, com ela, a forma como lideramos equipes de alta performance precisa se adaptar e evoluir A paisagem corporativa mudou. Com a consolida\u00e7\u00e3o do trabalho h\u00edbrido, que mescla dias no escrit\u00f3rio e em casa, a forma como lideramos equipes de alta performance precisa se adaptar e evoluir. N\u00e3o se trata apenas [&hellip;]","og_url":"https:\/\/jornalfatosenoticias.com.br\/index.php\/2025\/06\/19\/lideranca-hibrida-desafios-e-oportunidades-na-era-do-trabalho-flexivel\/","og_site_name":"Jornal Fatos e Not\u00edcias","article_published_time":"2025-06-19T15:13:05+00:00","article_modified_time":"2025-06-19T15:13:06+00:00","og_image":[{"width":1000,"height":666,"url":"https:\/\/jornalfatosenoticias.com.br\/wp-content\/uploads\/2025\/06\/lideranca-hibrida_freepik.jpg","type":"image\/jpeg"}],"author":"Milena Rohr","twitter_card":"summary_large_image","twitter_misc":{"Escrito por":"Milena Rohr","Est. tempo de leitura":"5 minutos"},"schema":{"@context":"https:\/\/schema.org","@graph":[{"@type":"Article","@id":"https:\/\/jornalfatosenoticias.com.br\/index.php\/2025\/06\/19\/lideranca-hibrida-desafios-e-oportunidades-na-era-do-trabalho-flexivel\/#article","isPartOf":{"@id":"https:\/\/jornalfatosenoticias.com.br\/index.php\/2025\/06\/19\/lideranca-hibrida-desafios-e-oportunidades-na-era-do-trabalho-flexivel\/"},"author":{"name":"Milena Rohr","@id":"https:\/\/jornalfatosenoticias.com.br\/#\/schema\/person\/bd76a40517f387e41cc072b0d3c7d627"},"headline":"Lideran\u00e7a h\u00edbrida: desafios e oportunidades na era do trabalho flex\u00edvel","datePublished":"2025-06-19T15:13:05+00:00","dateModified":"2025-06-19T15:13:06+00:00","mainEntityOfPage":{"@id":"https:\/\/jornalfatosenoticias.com.br\/index.php\/2025\/06\/19\/lideranca-hibrida-desafios-e-oportunidades-na-era-do-trabalho-flexivel\/"},"wordCount":1014,"commentCount":0,"publisher":{"@id":"https:\/\/jornalfatosenoticias.com.br\/#organization"},"image":{"@id":"https:\/\/jornalfatosenoticias.com.br\/index.php\/2025\/06\/19\/lideranca-hibrida-desafios-e-oportunidades-na-era-do-trabalho-flexivel\/#primaryimage"},"thumbnailUrl":"https:\/\/jornalfatosenoticias.com.br\/wp-content\/uploads\/2025\/06\/lideranca-hibrida_freepik.jpg","keywords":["ambiente h\u00edbrido","cultura organizacional","foco","lideran\u00e7a h\u00edbrida","l\u00edderes de alta performance","mentorias","objetivos","oportunidades","resultados","trabalho flex\u00edvel"],"articleSection":["Geral"],"inLanguage":"pt-BR","potentialAction":[{"@type":"CommentAction","name":"Comment","target":["https:\/\/jornalfatosenoticias.com.br\/index.php\/2025\/06\/19\/lideranca-hibrida-desafios-e-oportunidades-na-era-do-trabalho-flexivel\/#respond"]}]},{"@type":"WebPage","@id":"https:\/\/jornalfatosenoticias.com.br\/index.php\/2025\/06\/19\/lideranca-hibrida-desafios-e-oportunidades-na-era-do-trabalho-flexivel\/","url":"https:\/\/jornalfatosenoticias.com.br\/index.php\/2025\/06\/19\/lideranca-hibrida-desafios-e-oportunidades-na-era-do-trabalho-flexivel\/","name":"Lideran\u00e7a h\u00edbrida: desafios e oportunidades na era do trabalho flex\u00edvel - Jornal Fatos e Not\u00edcias","isPartOf":{"@id":"https:\/\/jornalfatosenoticias.com.br\/#website"},"primaryImageOfPage":{"@id":"https:\/\/jornalfatosenoticias.com.br\/index.php\/2025\/06\/19\/lideranca-hibrida-desafios-e-oportunidades-na-era-do-trabalho-flexivel\/#primaryimage"},"image":{"@id":"https:\/\/jornalfatosenoticias.com.br\/index.php\/2025\/06\/19\/lideranca-hibrida-desafios-e-oportunidades-na-era-do-trabalho-flexivel\/#primaryimage"},"thumbnailUrl":"https:\/\/jornalfatosenoticias.com.br\/wp-content\/uploads\/2025\/06\/lideranca-hibrida_freepik.jpg","datePublished":"2025-06-19T15:13:05+00:00","dateModified":"2025-06-19T15:13:06+00:00","breadcrumb":{"@id":"https:\/\/jornalfatosenoticias.com.br\/index.php\/2025\/06\/19\/lideranca-hibrida-desafios-e-oportunidades-na-era-do-trabalho-flexivel\/#breadcrumb"},"inLanguage":"pt-BR","potentialAction":[{"@type":"ReadAction","target":["https:\/\/jornalfatosenoticias.com.br\/index.php\/2025\/06\/19\/lideranca-hibrida-desafios-e-oportunidades-na-era-do-trabalho-flexivel\/"]}]},{"@type":"ImageObject","inLanguage":"pt-BR","@id":"https:\/\/jornalfatosenoticias.com.br\/index.php\/2025\/06\/19\/lideranca-hibrida-desafios-e-oportunidades-na-era-do-trabalho-flexivel\/#primaryimage","url":"https:\/\/jornalfatosenoticias.com.br\/wp-content\/uploads\/2025\/06\/lideranca-hibrida_freepik.jpg","contentUrl":"https:\/\/jornalfatosenoticias.com.br\/wp-content\/uploads\/2025\/06\/lideranca-hibrida_freepik.jpg","width":1000,"height":666},{"@type":"BreadcrumbList","@id":"https:\/\/jornalfatosenoticias.com.br\/index.php\/2025\/06\/19\/lideranca-hibrida-desafios-e-oportunidades-na-era-do-trabalho-flexivel\/#breadcrumb","itemListElement":[{"@type":"ListItem","position":1,"name":"In\u00edcio","item":"https:\/\/jornalfatosenoticias.com.br\/"},{"@type":"ListItem","position":2,"name":"Lideran\u00e7a h\u00edbrida: desafios e oportunidades na era do trabalho flex\u00edvel"}]},{"@type":"WebSite","@id":"https:\/\/jornalfatosenoticias.com.br\/#website","url":"https:\/\/jornalfatosenoticias.com.br\/","name":"Jornal Fatos e Not\u00edcias","description":"Not\u00edcias em geral","publisher":{"@id":"https:\/\/jornalfatosenoticias.com.br\/#organization"},"potentialAction":[{"@type":"SearchAction","target":{"@type":"EntryPoint","urlTemplate":"https:\/\/jornalfatosenoticias.com.br\/?s={search_term_string}"},"query-input":{"@type":"PropertyValueSpecification","valueRequired":true,"valueName":"search_term_string"}}],"inLanguage":"pt-BR"},{"@type":"Organization","@id":"https:\/\/jornalfatosenoticias.com.br\/#organization","name":"Jornal Fatos e Not\u00edcias","url":"https:\/\/jornalfatosenoticias.com.br\/","logo":{"@type":"ImageObject","inLanguage":"pt-BR","@id":"https:\/\/jornalfatosenoticias.com.br\/#\/schema\/logo\/image\/","url":"https:\/\/jornalfatosenoticias.com.br\/wp-content\/uploads\/2020\/02\/logo120.png","contentUrl":"https:\/\/jornalfatosenoticias.com.br\/wp-content\/uploads\/2020\/02\/logo120.png","width":1227,"height":120,"caption":"Jornal Fatos e Not\u00edcias"},"image":{"@id":"https:\/\/jornalfatosenoticias.com.br\/#\/schema\/logo\/image\/"}},{"@type":"Person","@id":"https:\/\/jornalfatosenoticias.com.br\/#\/schema\/person\/bd76a40517f387e41cc072b0d3c7d627","name":"Milena Rohr","image":{"@type":"ImageObject","inLanguage":"pt-BR","@id":"https:\/\/jornalfatosenoticias.com.br\/#\/schema\/person\/image\/","url":"https:\/\/jornalfatosenoticias.com.br\/wp-content\/uploads\/2026\/03\/Milena-Rohr_portal-150x150.jpg","contentUrl":"https:\/\/jornalfatosenoticias.com.br\/wp-content\/uploads\/2026\/03\/Milena-Rohr_portal-150x150.jpg","caption":"Milena Rohr"},"description":"Milena Rohr S\u00f3cia e diretora do MasterMind (Funda\u00e7\u00e3o Napoleon Hill), Gestora Empresarial, Embaixadora do BNI, Palestrante, Escritora, Colunista e Mentora FRST do Grupo Falconi","url":"https:\/\/jornalfatosenoticias.com.br\/index.php\/author\/milena-rhor\/"}]}},"cc_featured_image_caption":{"caption_text":"(Foto: Freepik) ","source_text":"","source_url":""},"jetpack_featured_media_url":"https:\/\/jornalfatosenoticias.com.br\/wp-content\/uploads\/2025\/06\/lideranca-hibrida_freepik.jpg","_links":{"self":[{"href":"https:\/\/jornalfatosenoticias.com.br\/index.php\/wp-json\/wp\/v2\/posts\/60106","targetHints":{"allow":["GET"]}}],"collection":[{"href":"https:\/\/jornalfatosenoticias.com.br\/index.php\/wp-json\/wp\/v2\/posts"}],"about":[{"href":"https:\/\/jornalfatosenoticias.com.br\/index.php\/wp-json\/wp\/v2\/types\/post"}],"author":[{"embeddable":true,"href":"https:\/\/jornalfatosenoticias.com.br\/index.php\/wp-json\/wp\/v2\/users\/37"}],"replies":[{"embeddable":true,"href":"https:\/\/jornalfatosenoticias.com.br\/index.php\/wp-json\/wp\/v2\/comments?post=60106"}],"version-history":[{"count":0,"href":"https:\/\/jornalfatosenoticias.com.br\/index.php\/wp-json\/wp\/v2\/posts\/60106\/revisions"}],"wp:featuredmedia":[{"embeddable":true,"href":"https:\/\/jornalfatosenoticias.com.br\/index.php\/wp-json\/wp\/v2\/media\/60107"}],"wp:attachment":[{"href":"https:\/\/jornalfatosenoticias.com.br\/index.php\/wp-json\/wp\/v2\/media?parent=60106"}],"wp:term":[{"taxonomy":"category","embeddable":true,"href":"https:\/\/jornalfatosenoticias.com.br\/index.php\/wp-json\/wp\/v2\/categories?post=60106"},{"taxonomy":"post_tag","embeddable":true,"href":"https:\/\/jornalfatosenoticias.com.br\/index.php\/wp-json\/wp\/v2\/tags?post=60106"}],"curies":[{"name":"wp","href":"https:\/\/api.w.org\/{rel}","templated":true}]}}