{"id":60112,"date":"2025-06-19T12:47:14","date_gmt":"2025-06-19T15:47:14","guid":{"rendered":"https:\/\/jornalfatosenoticias.com.br\/?p=60112"},"modified":"2025-06-19T12:47:15","modified_gmt":"2025-06-19T15:47:15","slug":"a-semana-no-brasil-e-no-mundo-apos-reuniao-de-ministros-com-motta-governo-lula-libera-r-336-mi-em-emendas","status":"publish","type":"post","link":"https:\/\/jornalfatosenoticias.com.br\/index.php\/2025\/06\/19\/a-semana-no-brasil-e-no-mundo-apos-reuniao-de-ministros-com-motta-governo-lula-libera-r-336-mi-em-emendas\/","title":{"rendered":"A Semana no Brasil e no Mundo \u2014 Ap\u00f3s reuni\u00e3o de ministros com Motta, governo Lula libera R$ 336 mi em emendas"},"content":{"rendered":"\n<div class=\"wp-block-image\"><figure class=\"aligncenter size-large\"><a href=\"https:\/\/mizu.com.br\/\"><img loading=\"lazy\" decoding=\"async\" width=\"729\" height=\"90\" src=\"https:\/\/jornalfatosenoticias.com.br\/wp-content\/uploads\/2020\/02\/Logo_Mizu.png\" alt=\"\" class=\"wp-image-1441\" srcset=\"https:\/\/jornalfatosenoticias.com.br\/wp-content\/uploads\/2020\/02\/Logo_Mizu.png 729w, https:\/\/jornalfatosenoticias.com.br\/wp-content\/uploads\/2020\/02\/Logo_Mizu-300x37.png 300w\" sizes=\"auto, (max-width: 729px) 100vw, 729px\" \/><\/a><\/figure><\/div>\n\n\n\n<p>Ap\u00f3s reuni\u00e3o com l\u00edderes do Congresso, o governo Lula liberou R$ 336 milh\u00f5es em emendas parlamentares na \u00faltima semana, em uma tentativa de amenizar a crise pol\u00edtica com o Legislativo. O valor representa apenas 5,3% do total de R$ 6,3 bilh\u00f5es j\u00e1 autorizados para 2025, segundo levantamento feito pelo portal Metr\u00f3poles.<br>A libera\u00e7\u00e3o ocorreu ap\u00f3s encontro entre os ministros Gleisi Hoffmann (Rela\u00e7\u00f5es Institucionais) e Fernando Haddad (Fazenda) com os presidentes da C\u00e2mara, Hugo Motta (Republicanos-PB), e do Senado, Davi Alcolumbre (Uni\u00e3o-AP), realizado na semana passada. A a\u00e7\u00e3o foi interpretada como um movimento emergencial para conter o desgaste nas rela\u00e7\u00f5es entre o Executivo e o Congresso, agravado pela falta de repasses.<\/p>\n\n\n\n<div class=\"wp-block-image\"><figure class=\"aligncenter size-large is-resized\"><a href=\"https:\/\/www.controlsystems.com.br\/\"><img loading=\"lazy\" decoding=\"async\" src=\"https:\/\/jornalfatosenoticias.com.br\/wp-content\/uploads\/2020\/02\/CONTROL-CS.jpg\" alt=\"\" class=\"wp-image-44991\" width=\"253\" height=\"303\" srcset=\"https:\/\/jornalfatosenoticias.com.br\/wp-content\/uploads\/2020\/02\/CONTROL-CS.jpg 834w, https:\/\/jornalfatosenoticias.com.br\/wp-content\/uploads\/2020\/02\/CONTROL-CS-250x300.jpg 250w, https:\/\/jornalfatosenoticias.com.br\/wp-content\/uploads\/2020\/02\/CONTROL-CS-768x921.jpg 768w\" sizes=\"auto, (max-width: 253px) 100vw, 253px\" \/><\/a><\/figure><\/div>\n\n\n\n<p>Embora o montante liberado represente um avan\u00e7o, o saldo geral ainda \u00e9 considerado baixo. Para 2025, o Or\u00e7amento prev\u00ea R$ 50,38 bilh\u00f5es em emendas parlamentares. At\u00e9 agora, o governo pagou apenas 12,6% desse total, mesmo j\u00e1 tendo iniciado o segundo semestre legislativo. O atraso \u00e9 atribu\u00eddo \u00e0 demora na aprova\u00e7\u00e3o do Or\u00e7amento \u2014 que s\u00f3 foi sancionado no fim de mar\u00e7o \u2014 e \u00e0 s\u00e9rie de embates entre os Tr\u00eas Poderes, incluindo questionamentos do Supremo Tribunal Federal (STF) sobre a transpar\u00eancia desses repasses.<\/p>\n\n\n\n<div class=\"wp-block-image\"><figure class=\"aligncenter size-large is-resized\"><a href=\"https:\/\/www.legisjuris.com.br\/\"><img loading=\"lazy\" decoding=\"async\" src=\"https:\/\/jornalfatosenoticias.com.br\/wp-content\/uploads\/2024\/09\/Legis-Juris-Consultoria_logo.jpg\" alt=\"\" class=\"wp-image-53915\" width=\"539\" height=\"226\" srcset=\"https:\/\/jornalfatosenoticias.com.br\/wp-content\/uploads\/2024\/09\/Legis-Juris-Consultoria_logo.jpg 969w, https:\/\/jornalfatosenoticias.com.br\/wp-content\/uploads\/2024\/09\/Legis-Juris-Consultoria_logo-300x126.jpg 300w, https:\/\/jornalfatosenoticias.com.br\/wp-content\/uploads\/2024\/09\/Legis-Juris-Consultoria_logo-768x322.jpg 768w\" sizes=\"auto, (max-width: 539px) 100vw, 539px\" \/><\/a><\/figure><\/div>\n\n\n\n<p>A escassez de pagamentos tem gerado rea\u00e7\u00f5es at\u00e9 mesmo de lideran\u00e7as da oposi\u00e7\u00e3o. Segundo o Metr\u00f3poles, parlamentares do PL, partido do ex-presidente Jair Bolsonaro, recorreram a dirigentes petistas para solicitar a libera\u00e7\u00e3o de verbas. Na pr\u00e1tica, o bloqueio generalizado de emendas tem afetado a capacidade do governo de avan\u00e7ar em sua pauta legislativa.<\/p>\n\n\n\n<div class=\"wp-block-image\"><figure class=\"aligncenter size-large\"><a href=\"http:\/\/www.ferrarimaquinas.com.br\/\"><img loading=\"lazy\" decoding=\"async\" width=\"300\" height=\"250\" src=\"https:\/\/jornalfatosenoticias.com.br\/wp-content\/uploads\/2022\/02\/FERRARI_MAQUINAS-E-FERRAMENTAS2.jpg\" alt=\"\" class=\"wp-image-27860\"\/><\/a><\/figure><\/div>\n\n\n\n<p>Deputados e senadores apontam a \u201cseca\u201d de emendas como uma das principais raz\u00f5es para o ambiente hostil entre o Congresso e o Planalto. A insatisfa\u00e7\u00e3o levou partidos da base aliada a se alinhar \u00e0 oposi\u00e7\u00e3o na tentativa de derrubar o decreto que aumentou as al\u00edquotas do Imposto sobre Opera\u00e7\u00f5es Financeiras (IOF). Alguns parlamentares j\u00e1 sinalizaram que tamb\u00e9m podem votar contra a medida provis\u00f3ria editada por Lula para compensar a perda de arrecada\u00e7\u00e3o ap\u00f3s o recuo parcial no imposto. <strong>(Fonte: Hora Bras\u00edlia)<\/strong><\/p>\n\n\n\n<div class=\"wp-block-image\"><figure class=\"aligncenter size-large is-resized\"><a href=\"https:\/\/www.instagram.com\/esteio.churrascaria\/\"><img loading=\"lazy\" decoding=\"async\" src=\"https:\/\/jornalfatosenoticias.com.br\/wp-content\/uploads\/2022\/02\/LOGO-ESTEIO-1024x730.png\" alt=\"\" class=\"wp-image-27942\" width=\"348\" height=\"248\" srcset=\"https:\/\/jornalfatosenoticias.com.br\/wp-content\/uploads\/2022\/02\/LOGO-ESTEIO-1024x730.png 1024w, https:\/\/jornalfatosenoticias.com.br\/wp-content\/uploads\/2022\/02\/LOGO-ESTEIO-300x214.png 300w, https:\/\/jornalfatosenoticias.com.br\/wp-content\/uploads\/2022\/02\/LOGO-ESTEIO-768x548.png 768w, https:\/\/jornalfatosenoticias.com.br\/wp-content\/uploads\/2022\/02\/LOGO-ESTEIO.png 1123w\" sizes=\"auto, (max-width: 348px) 100vw, 348px\" \/><\/a><\/figure><\/div>\n\n\n\n<hr class=\"wp-block-separator\"\/>\n\n\n\n<h3 class=\"wp-block-heading\"><span class=\"has-inline-color has-black-color\">Com tens\u00e3o no Oriente M\u00e9dio, Trump deixa G7 antes da chegada de Lula ao Canad\u00e1<\/span><\/h3>\n\n\n\n<div class=\"wp-block-image\"><figure class=\"aligncenter size-large\"><img loading=\"lazy\" decoding=\"async\" width=\"900\" height=\"506\" src=\"https:\/\/jornalfatosenoticias.com.br\/wp-content\/uploads\/2025\/06\/lula-donald-trump-G7.jpg\" alt=\"\" class=\"wp-image-60117\" srcset=\"https:\/\/jornalfatosenoticias.com.br\/wp-content\/uploads\/2025\/06\/lula-donald-trump-G7.jpg 900w, https:\/\/jornalfatosenoticias.com.br\/wp-content\/uploads\/2025\/06\/lula-donald-trump-G7-300x169.jpg 300w, https:\/\/jornalfatosenoticias.com.br\/wp-content\/uploads\/2025\/06\/lula-donald-trump-G7-768x432.jpg 768w\" sizes=\"auto, (max-width: 900px) 100vw, 900px\" \/><figcaption><em><span class=\"has-inline-color has-black-color\">(Foto: Arte UOL)<\/span><\/em><\/figcaption><\/figure><\/div>\n\n\n\n<p>O presidente dos Estados Unidos, Donald Trump, decidiu antecipar sua sa\u00edda da c\u00fapula do G7, realizada no Canad\u00e1, e n\u00e3o estar\u00e1 presente durante a participa\u00e7\u00e3o de Luiz In\u00e1cio Lula da Silva (PT). A decis\u00e3o ocorre em meio ao aumento das tens\u00f5es entre Israel e Ir\u00e3 e foi anunciada pela Casa Branca na noite de segunda-feira (16).<\/p>\n\n\n\n<div class=\"wp-block-image\"><figure class=\"aligncenter size-large is-resized\"><a href=\"https:\/\/www.facebook.com\/postobkr\/?locale=pt_BR\"><img loading=\"lazy\" decoding=\"async\" src=\"https:\/\/jornalfatosenoticias.com.br\/wp-content\/uploads\/2023\/08\/BKR-1024x1021.jpg\" alt=\"\" class=\"wp-image-44494\" width=\"289\" height=\"288\" srcset=\"https:\/\/jornalfatosenoticias.com.br\/wp-content\/uploads\/2023\/08\/BKR-1024x1021.jpg 1024w, https:\/\/jornalfatosenoticias.com.br\/wp-content\/uploads\/2023\/08\/BKR-300x300.jpg 300w, https:\/\/jornalfatosenoticias.com.br\/wp-content\/uploads\/2023\/08\/BKR-150x150.jpg 150w, https:\/\/jornalfatosenoticias.com.br\/wp-content\/uploads\/2023\/08\/BKR-768x766.jpg 768w, https:\/\/jornalfatosenoticias.com.br\/wp-content\/uploads\/2023\/08\/BKR.jpg 1080w\" sizes=\"auto, (max-width: 289px) 100vw, 289px\" \/><\/a><\/figure><\/div>\n\n\n\n<p>Segundo comunicado oficial, Trump partir\u00e1 ap\u00f3s o jantar com os demais chefes de Estado, encerrando sua participa\u00e7\u00e3o um dia antes do fim formal do encontro. A secret\u00e1ria de Imprensa da Casa Branca, Karoline Leavitt, afirmou que o republicano teve um \u201c\u00f3timo dia no G7\u201d e celebrou a assinatura de um acordo comercial com o Reino Unido e o primeiro-ministro brit\u00e2nico, Keir Starmer.<\/p>\n\n\n\n<div class=\"wp-block-image\"><figure class=\"aligncenter size-large is-resized\"><a href=\"https:\/\/www.instagram.com\/gruposei\/\"><img loading=\"lazy\" decoding=\"async\" src=\"https:\/\/jornalfatosenoticias.com.br\/wp-content\/uploads\/2022\/07\/Logo-Grupo-SEI.jpg\" alt=\"\" class=\"wp-image-31973\" width=\"358\" height=\"188\" srcset=\"https:\/\/jornalfatosenoticias.com.br\/wp-content\/uploads\/2022\/07\/Logo-Grupo-SEI.jpg 713w, https:\/\/jornalfatosenoticias.com.br\/wp-content\/uploads\/2022\/07\/Logo-Grupo-SEI-300x158.jpg 300w\" sizes=\"auto, (max-width: 358px) 100vw, 358px\" \/><\/a><\/figure><\/div>\n\n\n\n<p>\u201cMuito foi alcan\u00e7ado, mas, devido ao que est\u00e1 acontecendo no Oriente M\u00e9dio, o presidente Trump partir\u00e1 esta noite\u201d, declarou Leavitt nas redes sociais.<br>Trump chegou ao Canad\u00e1 no domingo (15) e participou de reuni\u00f5es fechadas com os l\u00edderes dos pa\u00edses do grupo em um resort nas montanhas canadenses. Durante a segunda-feira (16), os encontros se concentraram em temas como seguran\u00e7a energ\u00e9tica, com\u00e9rcio e instabilidade internacional.<\/p>\n\n\n\n<div class=\"wp-block-image\"><figure class=\"aligncenter size-large is-resized\"><a href=\"https:\/\/www.instagram.com\/rcradiadores\/\"><img loading=\"lazy\" decoding=\"async\" src=\"https:\/\/jornalfatosenoticias.com.br\/wp-content\/uploads\/2022\/10\/RC_800x750_page-0001.jpg\" alt=\"\" class=\"wp-image-35338\" width=\"289\" height=\"271\" srcset=\"https:\/\/jornalfatosenoticias.com.br\/wp-content\/uploads\/2022\/10\/RC_800x750_page-0001.jpg 400w, https:\/\/jornalfatosenoticias.com.br\/wp-content\/uploads\/2022\/10\/RC_800x750_page-0001-300x281.jpg 300w\" sizes=\"auto, (max-width: 289px) 100vw, 289px\" \/><\/a><\/figure><\/div>\n\n\n\n<p>J\u00e1 Lula desembarcou no Canad\u00e1 na noite de segunda-feira, por volta das 18h10 no hor\u00e1rio local (21h30 em Bras\u00edlia). A participa\u00e7\u00e3o do petista na c\u00fapula ocorreu oficialmente na ter\u00e7a-feira (17), quando estava previsto um discurso e participa\u00e7\u00e3o em reuni\u00f5es bilaterais com outros chefes de governo. <strong>(Fonte: Hora Bras\u00edlia)<\/strong><\/p>\n\n\n\n<div class=\"wp-block-image\"><figure class=\"aligncenter size-large is-resized\"><a href=\"https:\/\/www.instagram.com\/restaurantepegoretti\/\"><img loading=\"lazy\" decoding=\"async\" src=\"https:\/\/jornalfatosenoticias.com.br\/wp-content\/uploads\/2023\/12\/pegoretti-logo-pdf-1024x389.jpg\" alt=\"\" class=\"wp-image-47536\" width=\"527\" height=\"200\" srcset=\"https:\/\/jornalfatosenoticias.com.br\/wp-content\/uploads\/2023\/12\/pegoretti-logo-pdf-1024x389.jpg 1024w, https:\/\/jornalfatosenoticias.com.br\/wp-content\/uploads\/2023\/12\/pegoretti-logo-pdf-300x114.jpg 300w, https:\/\/jornalfatosenoticias.com.br\/wp-content\/uploads\/2023\/12\/pegoretti-logo-pdf-768x291.jpg 768w, https:\/\/jornalfatosenoticias.com.br\/wp-content\/uploads\/2023\/12\/pegoretti-logo-pdf.jpg 1120w\" sizes=\"auto, (max-width: 527px) 100vw, 527px\" \/><\/a><\/figure><\/div>\n\n\n\n<hr class=\"wp-block-separator\"\/>\n\n\n\n<h3 class=\"wp-block-heading\"><span class=\"has-inline-color has-black-color\">Fraude no INSS: 43% responsabilizam governo Lula, e maioria reprova resposta da atual gest\u00e3o, diz Ipsos-Ipec<\/span><\/h3>\n\n\n\n<div class=\"wp-block-image\"><figure class=\"aligncenter size-large\"><img loading=\"lazy\" decoding=\"async\" width=\"612\" height=\"408\" src=\"https:\/\/jornalfatosenoticias.com.br\/wp-content\/uploads\/2025\/06\/NINE-FRAUDE-INSS_gettyimages.jpg\" alt=\"\" class=\"wp-image-60116\" srcset=\"https:\/\/jornalfatosenoticias.com.br\/wp-content\/uploads\/2025\/06\/NINE-FRAUDE-INSS_gettyimages.jpg 612w, https:\/\/jornalfatosenoticias.com.br\/wp-content\/uploads\/2025\/06\/NINE-FRAUDE-INSS_gettyimages-300x200.jpg 300w\" sizes=\"auto, (max-width: 612px) 100vw, 612px\" \/><figcaption><em><span class=\"has-inline-color has-black-color\">(Foto: Getty Images)<\/span><\/em><\/figcaption><\/figure><\/div>\n\n\n\n<p>Em meio ao esc\u00e2ndalo das cobran\u00e7as indevidas a aposentados, uma nova pesquisa do Ipsos-Ipec mostra que a maior parte da popula\u00e7\u00e3o atribui ao governo Lula a responsabilidade pelo agravamento do problema. Segundo o levantamento, 43% dos entrevistados consideram que o atual governo \u00e9 culpado pela escalada da fraude no INSS. Outros 35% avaliam que o esquema come\u00e7ou durante o governo de Jair Bolsonaro (PL) e que a gest\u00e3o petista apenas revelou o caso por meio de investiga\u00e7\u00f5es.<\/p>\n\n\n\n<div class=\"wp-block-image\"><figure class=\"aligncenter size-large is-resized\"><a href=\"https:\/\/www.facebook.com\/profile.php?id=100069289606145\"><img loading=\"lazy\" decoding=\"async\" src=\"https:\/\/jornalfatosenoticias.com.br\/wp-content\/uploads\/2024\/11\/Guaitolini-Contabilidade-1024x714.jpeg\" alt=\"\" class=\"wp-image-55808\" width=\"345\" height=\"240\" srcset=\"https:\/\/jornalfatosenoticias.com.br\/wp-content\/uploads\/2024\/11\/Guaitolini-Contabilidade-1024x714.jpeg 1024w, https:\/\/jornalfatosenoticias.com.br\/wp-content\/uploads\/2024\/11\/Guaitolini-Contabilidade-300x209.jpeg 300w, https:\/\/jornalfatosenoticias.com.br\/wp-content\/uploads\/2024\/11\/Guaitolini-Contabilidade-768x535.jpeg 768w, https:\/\/jornalfatosenoticias.com.br\/wp-content\/uploads\/2024\/11\/Guaitolini-Contabilidade.jpeg 1280w\" sizes=\"auto, (max-width: 345px) 100vw, 345px\" \/><\/a><\/figure><\/div>\n\n\n\n<p>A pesquisa, realizada entre os dias 5 e 9 de junho com duas mil entrevistas em 132 munic\u00edpios, evidencia o desafio de comunica\u00e7\u00e3o e gest\u00e3o enfrentado pelo Pal\u00e1cio do Planalto diante de um tema sens\u00edvel: o preju\u00edzo direto aos benefici\u00e1rios da Previd\u00eancia Social. O levantamento tem margem de erro de 2 pontos percentuais.<\/p>\n\n\n\n<div class=\"wp-block-image\"><figure class=\"aligncenter size-large\"><a href=\"https:\/\/www.cesconetto.com.br\/\"><img loading=\"lazy\" decoding=\"async\" width=\"300\" height=\"250\" src=\"https:\/\/jornalfatosenoticias.com.br\/wp-content\/uploads\/2022\/02\/Banner-2.png\" alt=\"\" class=\"wp-image-27877\"\/><\/a><\/figure><\/div>\n\n\n\n<p>Entre os entrevistados, 6% disseram espontaneamente concordar com as duas vers\u00f5es e 4% rejeitaram ambas. Outros 12% n\u00e3o souberam ou n\u00e3o quiseram responder. A avalia\u00e7\u00e3o da atua\u00e7\u00e3o do governo no caso tamb\u00e9m \u00e9 majoritariamente negativa. Apenas 22% consideram \u00f3tima ou boa a resposta da gest\u00e3o federal diante do esc\u00e2ndalo. J\u00e1 54% classificaram a atua\u00e7\u00e3o como ruim ou p\u00e9ssima.<\/p>\n\n\n\n<div class=\"wp-block-image\"><figure class=\"aligncenter size-large is-resized\"><a href=\"https:\/\/panper.com.br\/\"><img loading=\"lazy\" decoding=\"async\" src=\"https:\/\/jornalfatosenoticias.com.br\/wp-content\/uploads\/2023\/03\/logo-Panper_portal.jpg\" alt=\"\" class=\"wp-image-40208\" width=\"344\" height=\"238\" srcset=\"https:\/\/jornalfatosenoticias.com.br\/wp-content\/uploads\/2023\/03\/logo-Panper_portal.jpg 400w, https:\/\/jornalfatosenoticias.com.br\/wp-content\/uploads\/2023\/03\/logo-Panper_portal-300x208.jpg 300w\" sizes=\"auto, (max-width: 344px) 100vw, 344px\" \/><\/a><\/figure><\/div>\n\n\n\n<p>As fraudes vieram \u00e0 tona em abril, ap\u00f3s opera\u00e7\u00e3o conjunta da Pol\u00edcia Federal e da Controladoria-Geral da Uni\u00e3o (CGU), que identificou a cobran\u00e7a indevida de mensalidades por sindicatos e entidades associativas em benef\u00edcios de aposentados e pensionistas. O desvio estimado gira em torno de R$ 6 bilh\u00f5es, ocorrendo entre 2019 e 2024. <strong>(Fonte: Hora Bras\u00edlia)<\/strong><\/p>\n\n\n\n<div class=\"wp-block-image\"><figure class=\"aligncenter size-large is-resized\"><a href=\"https:\/\/www.instagram.com\/serra4x4cambioautomatico\/\"><img loading=\"lazy\" decoding=\"async\" src=\"https:\/\/jornalfatosenoticias.com.br\/wp-content\/uploads\/2024\/08\/Serra-4x4-1-886x1024.jpg\" alt=\"\" class=\"wp-image-53632\" width=\"255\" height=\"294\" srcset=\"https:\/\/jornalfatosenoticias.com.br\/wp-content\/uploads\/2024\/08\/Serra-4x4-1-886x1024.jpg 886w, https:\/\/jornalfatosenoticias.com.br\/wp-content\/uploads\/2024\/08\/Serra-4x4-1-260x300.jpg 260w, https:\/\/jornalfatosenoticias.com.br\/wp-content\/uploads\/2024\/08\/Serra-4x4-1-768x888.jpg 768w, https:\/\/jornalfatosenoticias.com.br\/wp-content\/uploads\/2024\/08\/Serra-4x4-1.jpg 1181w\" sizes=\"auto, (max-width: 255px) 100vw, 255px\" \/><\/a><\/figure><\/div>\n\n\n\n<hr class=\"wp-block-separator\"\/>\n\n\n\n<h3 class=\"wp-block-heading\"><span class=\"has-inline-color has-black-color\">Chanceler alem\u00e3o elogia Israel: \u201cfaz o trabalho sujo por todos n\u00f3s\u201d ao enfrentar o Ir\u00e3<\/span><\/h3>\n\n\n\n<div class=\"wp-block-image\"><figure class=\"aligncenter size-large\"><img loading=\"lazy\" decoding=\"async\" width=\"612\" height=\"408\" src=\"https:\/\/jornalfatosenoticias.com.br\/wp-content\/uploads\/2025\/06\/Friedrich-Merz_gettyimages.jpg\" alt=\"\" class=\"wp-image-60115\" srcset=\"https:\/\/jornalfatosenoticias.com.br\/wp-content\/uploads\/2025\/06\/Friedrich-Merz_gettyimages.jpg 612w, https:\/\/jornalfatosenoticias.com.br\/wp-content\/uploads\/2025\/06\/Friedrich-Merz_gettyimages-300x200.jpg 300w\" sizes=\"auto, (max-width: 612px) 100vw, 612px\" \/><figcaption><em><span class=\"has-inline-color has-black-color\">(Foto: Getty Images)<\/span><\/em><\/figcaption><\/figure><\/div>\n\n\n\n<p><span class=\"has-inline-color has-black-color\">Por <strong>John Lucas<\/strong><br><\/span>O chanceler da Alemanha, Friedrich Merz, elogiou publicamente, na ter\u00e7a-feira (17), a opera\u00e7\u00e3o de Israel contra o regime iraniano e classificou a ofensiva militar como uma &#8220;defesa dos interesses de todo o Ocidente&#8221;. Em entrevista durante a c\u00fapula do G7 no Canad\u00e1, Merz disse que a opera\u00e7\u00e3o israelense representa uma a\u00e7\u00e3o necess\u00e1ria em defesa do Ocidente diante das amea\u00e7as do regime dos aiatol\u00e1s.<\/p>\n\n\n\n<div class=\"wp-block-image\"><figure class=\"aligncenter size-large is-resized\"><a href=\"https:\/\/www.instagram.com\/esteio.churrascaria\/\"><img loading=\"lazy\" decoding=\"async\" src=\"https:\/\/jornalfatosenoticias.com.br\/wp-content\/uploads\/2022\/02\/LOGO-ESTEIO-1024x730.png\" alt=\"\" class=\"wp-image-27942\" width=\"319\" height=\"227\" srcset=\"https:\/\/jornalfatosenoticias.com.br\/wp-content\/uploads\/2022\/02\/LOGO-ESTEIO-1024x730.png 1024w, https:\/\/jornalfatosenoticias.com.br\/wp-content\/uploads\/2022\/02\/LOGO-ESTEIO-300x214.png 300w, https:\/\/jornalfatosenoticias.com.br\/wp-content\/uploads\/2022\/02\/LOGO-ESTEIO-768x548.png 768w, https:\/\/jornalfatosenoticias.com.br\/wp-content\/uploads\/2022\/02\/LOGO-ESTEIO.png 1123w\" sizes=\"auto, (max-width: 319px) 100vw, 319px\" \/><\/a><\/figure><\/div>\n\n\n\n<blockquote class=\"wp-block-quote is-layout-flow wp-block-quote-is-layout-flow\"><p><span class=\"has-inline-color has-luminous-vivid-orange-color\">Este \u00e9 o trabalho sujo que Israel est\u00e1 fazendo por todos n\u00f3s\u201d, afirmou, classificando os ataques contra o programa nuclear e militares de Teer\u00e3 como uma demonstra\u00e7\u00e3o de coragem por parte da lideran\u00e7a e das For\u00e7as de Defesa de Israel (FDI). O l\u00edder alem\u00e3o refor\u00e7ou que n\u00e3o apenas Israel, mas tamb\u00e9m os pa\u00edses europeus s\u00e3o alvo das a\u00e7\u00f5es do Ir\u00e3. \u201cN\u00f3s tamb\u00e9m somos v\u00edtimas desse regime. Este regime dos mul\u00e1s trouxe morte e destrui\u00e7\u00e3o ao mundo\u201d, declarou.<br>Merz avaliou ainda que os ataques israelenses podem ter enfraquecido significativamente a ditadura isl\u00e2mica e colocado o futuro do pa\u00eds persa em xeque. Ele destacou \u201co maior respeito\u201d pela postura de Israel diante do que chamou de &#8220;amea\u00e7a global&#8221;.<\/span><\/p><\/blockquote>\n\n\n\n<div class=\"wp-block-image\"><figure class=\"aligncenter size-large is-resized\"><a href=\"https:\/\/www.facebook.com\/vetor.vix\/\"><img loading=\"lazy\" decoding=\"async\" src=\"https:\/\/jornalfatosenoticias.com.br\/wp-content\/uploads\/2023\/09\/vetorvix1024_1.jpg\" alt=\"\" class=\"wp-image-44868\" width=\"546\" height=\"145\" srcset=\"https:\/\/jornalfatosenoticias.com.br\/wp-content\/uploads\/2023\/09\/vetorvix1024_1.jpg 1024w, https:\/\/jornalfatosenoticias.com.br\/wp-content\/uploads\/2023\/09\/vetorvix1024_1-300x80.jpg 300w, https:\/\/jornalfatosenoticias.com.br\/wp-content\/uploads\/2023\/09\/vetorvix1024_1-768x205.jpg 768w\" sizes=\"auto, (max-width: 546px) 100vw, 546px\" \/><\/a><\/figure><\/div>\n\n\n\n<p>A Alemanha \u00e9 um dos principais aliados de Israel na Europa e tem refor\u00e7ado consistentemente seu apoio diplom\u00e1tico, pol\u00edtico e militar aos israelenses. Al\u00e9m disso, a Alemanha fornece equipamentos militares de alta tecnologia a Israel e mant\u00e9m coopera\u00e7\u00e3o estrat\u00e9gica em \u00e1reas de seguran\u00e7a, intelig\u00eancia e combate ao terrorismo. <strong>(Fonte: Gazeta do Povo)<\/strong><\/p>\n\n\n\n<div class=\"wp-block-image\"><figure class=\"aligncenter size-large is-resized\"><a href=\"https:\/\/www.ithbrasil.com.br\/\"><img loading=\"lazy\" decoding=\"async\" src=\"https:\/\/jornalfatosenoticias.com.br\/wp-content\/uploads\/2023\/08\/ITH.jpeg\" alt=\"\" class=\"wp-image-44638\" width=\"303\" height=\"246\" srcset=\"https:\/\/jornalfatosenoticias.com.br\/wp-content\/uploads\/2023\/08\/ITH.jpeg 800w, https:\/\/jornalfatosenoticias.com.br\/wp-content\/uploads\/2023\/08\/ITH-300x244.jpeg 300w, https:\/\/jornalfatosenoticias.com.br\/wp-content\/uploads\/2023\/08\/ITH-768x624.jpeg 768w\" sizes=\"auto, (max-width: 303px) 100vw, 303px\" \/><\/a><\/figure><\/div>\n\n\n\n<hr class=\"wp-block-separator\"\/>\n\n\n\n<h3 class=\"wp-block-heading\"><span class=\"has-inline-color has-black-color\">Governo Lula deve somar mais de R$ 300 bilh\u00f5es em gastos fora das regras fiscais at\u00e9 o final de 2025<br><\/span><\/h3>\n\n\n\n<div class=\"wp-block-image\"><figure class=\"aligncenter size-large\"><img loading=\"lazy\" decoding=\"async\" width=\"612\" height=\"408\" src=\"https:\/\/jornalfatosenoticias.com.br\/wp-content\/uploads\/2025\/06\/NINE-E-POSTE_gettyimages.jpg\" alt=\"\" class=\"wp-image-60114\" srcset=\"https:\/\/jornalfatosenoticias.com.br\/wp-content\/uploads\/2025\/06\/NINE-E-POSTE_gettyimages.jpg 612w, https:\/\/jornalfatosenoticias.com.br\/wp-content\/uploads\/2025\/06\/NINE-E-POSTE_gettyimages-300x200.jpg 300w\" sizes=\"auto, (max-width: 612px) 100vw, 612px\" \/><figcaption><em><span class=\"has-inline-color has-black-color\">(Foto: Getty Images)<\/span><\/em><\/figcaption><\/figure><\/div>\n\n\n\n<p>Apesar do discurso oficial de compromisso com a responsabilidade fiscal, o governo de Luiz In\u00e1cio Lula da Silva deve acumular, at\u00e9 o fim de 2025, um total de R$ 324 bilh\u00f5es em gastos extraordin\u00e1rios \u2014 despesas autorizadas por fora das regras fiscais convencionais. O dado, levantado pela Institui\u00e7\u00e3o Fiscal Independente (IFI) e confirmado por ve\u00edculos como CNN e Poder360, exp\u00f5e a dist\u00e2ncia entre a ret\u00f3rica do equil\u00edbrio or\u00e7ament\u00e1rio e a pr\u00e1tica da contabilidade de Lula.<\/p>\n\n\n\n<div class=\"wp-block-image\"><figure class=\"aligncenter size-large is-resized\"><a href=\"https:\/\/hotelmarquetti.com.br\/\"><img loading=\"lazy\" decoding=\"async\" src=\"https:\/\/jornalfatosenoticias.com.br\/wp-content\/uploads\/2020\/02\/LOGO-MQ-1024x680.jpg\" alt=\"\" class=\"wp-image-58299\" width=\"331\" height=\"220\" srcset=\"https:\/\/jornalfatosenoticias.com.br\/wp-content\/uploads\/2020\/02\/LOGO-MQ-1024x680.jpg 1024w, https:\/\/jornalfatosenoticias.com.br\/wp-content\/uploads\/2020\/02\/LOGO-MQ-300x199.jpg 300w, https:\/\/jornalfatosenoticias.com.br\/wp-content\/uploads\/2020\/02\/LOGO-MQ-768x510.jpg 768w, https:\/\/jornalfatosenoticias.com.br\/wp-content\/uploads\/2020\/02\/LOGO-MQ-1536x1020.jpg 1536w, https:\/\/jornalfatosenoticias.com.br\/wp-content\/uploads\/2020\/02\/LOGO-MQ-2048x1360.jpg 2048w\" sizes=\"auto, (max-width: 331px) 100vw, 331px\" \/><\/a><\/figure><\/div>\n\n\n\n<p>Grande parte desse montante (R$ 241,3 bilh\u00f5es) foi consumida em 2023, primeiro ano do terceiro mandato de Lula, com destaque para os efeitos da chamada PEC da Transi\u00e7\u00e3o. A emenda constitucional aprovou um aumento de R$ 145 bilh\u00f5es no teto de gastos para bancar programas como Bolsa Fam\u00edlia, Aux\u00edlio G\u00e1s e Farm\u00e1cia Popular. Al\u00e9m disso, o pagamento de precat\u00f3rios, deixados em aberto no governo Bolsonaro, consumiu R$ 92,4 bilh\u00f5es.<\/p>\n\n\n\n<div class=\"wp-block-image\"><figure class=\"aligncenter size-large is-resized\"><a href=\"https:\/\/www.controlsystems.com.br\/\"><img loading=\"lazy\" decoding=\"async\" src=\"https:\/\/jornalfatosenoticias.com.br\/wp-content\/uploads\/2020\/02\/CONTROL-CS.jpg\" alt=\"\" class=\"wp-image-44991\" width=\"273\" height=\"328\" srcset=\"https:\/\/jornalfatosenoticias.com.br\/wp-content\/uploads\/2020\/02\/CONTROL-CS.jpg 834w, https:\/\/jornalfatosenoticias.com.br\/wp-content\/uploads\/2020\/02\/CONTROL-CS-250x300.jpg 250w, https:\/\/jornalfatosenoticias.com.br\/wp-content\/uploads\/2020\/02\/CONTROL-CS-768x921.jpg 768w\" sizes=\"auto, (max-width: 273px) 100vw, 273px\" \/><\/a><\/figure><\/div>\n\n\n\n<p>Essas despesas fogem das metas fiscais e alimentam um cen\u00e1rio de incerteza. Para 2024, a proje\u00e7\u00e3o \u00e9 de R$ 49,3 bilh\u00f5es em gastos extras. O n\u00famero supera os R$ 33,8 bilh\u00f5es do ano anterior e deve continuar crescendo, principalmente com novas rodadas de precat\u00f3rios, gastos com o PAC via estatais, e poss\u00edveis reembolsos a aposentados v\u00edtimas de fraudes no INSS \u2014 uma fatura que pode chegar a R$ 4 bilh\u00f5es.<\/p>\n\n\n\n<div class=\"wp-block-image\"><figure class=\"aligncenter size-large is-resized\"><a href=\"https:\/\/www.legisjuris.com.br\/\"><img loading=\"lazy\" decoding=\"async\" src=\"https:\/\/jornalfatosenoticias.com.br\/wp-content\/uploads\/2024\/09\/Legis-Juris-Consultoria_logo.jpg\" alt=\"\" class=\"wp-image-53915\" width=\"504\" height=\"211\" srcset=\"https:\/\/jornalfatosenoticias.com.br\/wp-content\/uploads\/2024\/09\/Legis-Juris-Consultoria_logo.jpg 969w, https:\/\/jornalfatosenoticias.com.br\/wp-content\/uploads\/2024\/09\/Legis-Juris-Consultoria_logo-300x126.jpg 300w, https:\/\/jornalfatosenoticias.com.br\/wp-content\/uploads\/2024\/09\/Legis-Juris-Consultoria_logo-768x322.jpg 768w\" sizes=\"auto, (max-width: 504px) 100vw, 504px\" \/><\/a><\/figure><\/div>\n\n\n\n<p>O ministro da Fazenda, Fernando Haddad, insiste que o governo n\u00e3o repetir\u00e1 os \u201ccalotes\u201d da gest\u00e3o anterior e nega qualquer amea\u00e7a ao controle de despesas para 2026. Mas a s\u00e9rie de manobras cont\u00e1beis, ajustes no teto de gastos e recursos liberados sob a justificativa de excepcionalidade mostram exatamente o contr\u00e1rio.<\/p>\n\n\n\n<div class=\"wp-block-image\"><figure class=\"aligncenter size-large\"><a href=\"http:\/\/www.ferrarimaquinas.com.br\/\"><img loading=\"lazy\" decoding=\"async\" width=\"300\" height=\"250\" src=\"https:\/\/jornalfatosenoticias.com.br\/wp-content\/uploads\/2022\/02\/FERRARI_MAQUINAS-E-FERRAMENTAS2.jpg\" alt=\"\" class=\"wp-image-27860\"\/><\/a><\/figure><\/div>\n\n\n\n<p>A implementa\u00e7\u00e3o do novo arcabou\u00e7o fiscal em 2024, com limite de crescimento das despesas atrelado \u00e0 varia\u00e7\u00e3o das receitas, parecia sinalizar mais previsibilidade. No entanto, o uso recorrente de cr\u00e9ditos extraordin\u00e1rios, autoriza\u00e7\u00f5es judiciais e emendas constitucionais para expandir gastos por fora do sistema continua gerando alertas.<\/p>\n\n\n\n<div class=\"wp-block-image\"><figure class=\"aligncenter size-large\"><a href=\"https:\/\/www.cesconetto.com.br\/\"><img loading=\"lazy\" decoding=\"async\" width=\"300\" height=\"250\" src=\"https:\/\/jornalfatosenoticias.com.br\/wp-content\/uploads\/2022\/02\/Banner-2.png\" alt=\"\" class=\"wp-image-27877\"\/><\/a><\/figure><\/div>\n\n\n\n<p>A IFI aponta que, embora parte dessas manobras n\u00e3o configurem tecnicamente \u201cdesvio de regras\u201d, o efeito pr\u00e1tico \u00e9 o mesmo: degrada\u00e7\u00e3o da credibilidade fiscal. \u201cCausam muito temor em rela\u00e7\u00e3o \u00e0 sustentabilidade e \u00e0 confian\u00e7a na regra\u201d, afirmou Pedro Souza, analista da institui\u00e7\u00e3o.<\/p>\n\n\n\n<div class=\"wp-block-image\"><figure class=\"aligncenter size-large is-resized\"><a href=\"https:\/\/www.instagram.com\/rcradiadores\/\"><img loading=\"lazy\" decoding=\"async\" src=\"https:\/\/jornalfatosenoticias.com.br\/wp-content\/uploads\/2022\/10\/RC_800x750_page-0001.jpg\" alt=\"\" class=\"wp-image-35338\" width=\"329\" height=\"308\" srcset=\"https:\/\/jornalfatosenoticias.com.br\/wp-content\/uploads\/2022\/10\/RC_800x750_page-0001.jpg 400w, https:\/\/jornalfatosenoticias.com.br\/wp-content\/uploads\/2022\/10\/RC_800x750_page-0001-300x281.jpg 300w\" sizes=\"auto, (max-width: 329px) 100vw, 329px\" \/><\/a><\/figure><\/div>\n\n\n\n<p>A justificativa da AGU para excluir da meta fiscal o reembolso de aposentados enganados refor\u00e7a a tend\u00eancia. A peti\u00e7\u00e3o ao STF alega \u201cimprevisibilidade\u201d para justificar a cria\u00e7\u00e3o de cr\u00e9dito extraordin\u00e1rio. No entanto, auditorias apontam que a pr\u00e1tica de descontos indevidos no INSS ocorre desde ao menos 2016. No fim das contas, a conta \u00e9 p\u00fablica, mas os mecanismos de controle seguem sendo tratados como obst\u00e1culos administrativos \u2014 n\u00e3o como limites fundamentais. A promessa de \u201cd\u00e9ficit zero\u201d vira uma meta flex\u00edvel, sempre sujeita \u00e0 exce\u00e7\u00e3o do dia.<strong> (Fonte: Hora Bras\u00edlia)<\/strong><\/p>\n\n\n\n<div class=\"wp-block-image\"><figure class=\"aligncenter size-large is-resized\"><a href=\"https:\/\/www.instagram.com\/gruposei\/\"><img loading=\"lazy\" decoding=\"async\" src=\"https:\/\/jornalfatosenoticias.com.br\/wp-content\/uploads\/2022\/07\/Logo-Grupo-SEI.jpg\" alt=\"\" class=\"wp-image-31973\" width=\"468\" height=\"246\" srcset=\"https:\/\/jornalfatosenoticias.com.br\/wp-content\/uploads\/2022\/07\/Logo-Grupo-SEI.jpg 713w, https:\/\/jornalfatosenoticias.com.br\/wp-content\/uploads\/2022\/07\/Logo-Grupo-SEI-300x158.jpg 300w\" sizes=\"auto, (max-width: 468px) 100vw, 468px\" \/><\/a><\/figure><\/div>\n\n\n\n<hr class=\"wp-block-separator\"\/>\n\n\n\n<h3 class=\"wp-block-heading\"><span class=\"has-inline-color has-black-color\">Justi\u00e7a decide por pris\u00e3o domiciliar, e Cristina Kirchner come\u00e7a a cumprir pena por corrup\u00e7\u00e3o<\/span><\/h3>\n\n\n\n<div class=\"wp-block-image\"><figure class=\"aligncenter size-large\"><img loading=\"lazy\" decoding=\"async\" width=\"612\" height=\"408\" src=\"https:\/\/jornalfatosenoticias.com.br\/wp-content\/uploads\/2025\/06\/kirchner_gettyimages.jpg\" alt=\"\" class=\"wp-image-60113\" srcset=\"https:\/\/jornalfatosenoticias.com.br\/wp-content\/uploads\/2025\/06\/kirchner_gettyimages.jpg 612w, https:\/\/jornalfatosenoticias.com.br\/wp-content\/uploads\/2025\/06\/kirchner_gettyimages-300x200.jpg 300w\" sizes=\"auto, (max-width: 612px) 100vw, 612px\" \/><figcaption><em><span class=\"has-inline-color has-black-color\">Militantes peronistas prestam homenagens \u00e0 ex-presidente Cristina Kirchner em frente ao pr\u00e9dio onde ela mora e cumprir\u00e1 pris\u00e3o domiciliar, em Buenos Aires (Foto: Getty Images)<\/span><\/em><\/figcaption><\/figure><\/div>\n\n\n\n<p><span class=\"has-inline-color has-black-color\">Por <strong>F\u00e1bio Gal\u00e3o<\/strong><br><\/span>A condena\u00e7\u00e3o de seis anos de pris\u00e3o imposta a Cristina Kirchner por corrup\u00e7\u00e3o na licita\u00e7\u00e3o de obras rodovi\u00e1rias entrou em vigor nesta ter\u00e7a-feira (17), ap\u00f3s a Justi\u00e7a conceder a pris\u00e3o domiciliar \u00e0 ex-presidente argentina e anular seu comparecimento perante aos tribunais.<\/p>\n\n\n\n<div class=\"wp-block-image\"><figure class=\"aligncenter size-large is-resized\"><a href=\"https:\/\/www.facebook.com\/profile.php?id=100069289606145\"><img loading=\"lazy\" decoding=\"async\" src=\"https:\/\/jornalfatosenoticias.com.br\/wp-content\/uploads\/2024\/11\/Guaitolini-Contabilidade-1024x714.jpeg\" alt=\"\" class=\"wp-image-55808\" width=\"330\" height=\"230\" srcset=\"https:\/\/jornalfatosenoticias.com.br\/wp-content\/uploads\/2024\/11\/Guaitolini-Contabilidade-1024x714.jpeg 1024w, https:\/\/jornalfatosenoticias.com.br\/wp-content\/uploads\/2024\/11\/Guaitolini-Contabilidade-300x209.jpeg 300w, https:\/\/jornalfatosenoticias.com.br\/wp-content\/uploads\/2024\/11\/Guaitolini-Contabilidade-768x535.jpeg 768w, https:\/\/jornalfatosenoticias.com.br\/wp-content\/uploads\/2024\/11\/Guaitolini-Contabilidade.jpeg 1280w\" sizes=\"auto, (max-width: 330px) 100vw, 330px\" \/><\/a><\/figure><\/div>\n\n\n\n<p>\u201cCabe estabelecer que, a partir de hoje, Cristina Elisabet Fern\u00e1ndez de Kirchner se encontra, na qualidade de detida sob a modalidade de pris\u00e3o domiciliar, cumprindo a pena definitiva de seis anos de pris\u00e3o, inelegibilidade especial perp\u00e9tua para exercer cargos p\u00fablicos, obriga\u00e7\u00f5es legais e as custas do processo que lhe foram impostas nesta causa\u201d, indica a resolu\u00e7\u00e3o judicial emitida pelo juiz Jorge Gorini.<\/p>\n\n\n\n<div class=\"wp-block-image\"><figure class=\"aligncenter size-large is-resized\"><a href=\"https:\/\/www.instagram.com\/serra4x4cambioautomatico\/\"><img loading=\"lazy\" decoding=\"async\" src=\"https:\/\/jornalfatosenoticias.com.br\/wp-content\/uploads\/2024\/08\/Serra-4x4-1-886x1024.jpg\" alt=\"\" class=\"wp-image-53632\" width=\"301\" height=\"348\" srcset=\"https:\/\/jornalfatosenoticias.com.br\/wp-content\/uploads\/2024\/08\/Serra-4x4-1-886x1024.jpg 886w, https:\/\/jornalfatosenoticias.com.br\/wp-content\/uploads\/2024\/08\/Serra-4x4-1-260x300.jpg 260w, https:\/\/jornalfatosenoticias.com.br\/wp-content\/uploads\/2024\/08\/Serra-4x4-1-768x888.jpg 768w, https:\/\/jornalfatosenoticias.com.br\/wp-content\/uploads\/2024\/08\/Serra-4x4-1.jpg 1181w\" sizes=\"auto, (max-width: 301px) 100vw, 301px\" \/><\/a><\/figure><\/div>\n\n\n\n<p>Segundo informa\u00e7\u00f5es do jornal Clar\u00edn, o Segundo Tribunal Federal Oral (TOF 2) determinou que Kirchner usar\u00e1 tornozeleira eletr\u00f4nica e poder\u00e1 ser visitada em seu apartamento no bairro portenho de Monserrat apenas por familiares, advogados e m\u00e9dicos, cujos nomes dever\u00e3o ser inclu\u00eddos numa lista a ser entregue \u00e0 Justi\u00e7a. Visitas fora dessa lista, incluindo para entrevistas \u00e0 imprensa, precisar\u00e3o de autoriza\u00e7\u00e3o judicial.<\/p>\n\n\n\n<div class=\"wp-block-image\"><figure class=\"aligncenter size-large is-resized\"><a href=\"https:\/\/panper.com.br\/\"><img loading=\"lazy\" decoding=\"async\" src=\"https:\/\/jornalfatosenoticias.com.br\/wp-content\/uploads\/2023\/03\/logo-Panper_portal.jpg\" alt=\"\" class=\"wp-image-40208\" width=\"335\" height=\"232\" srcset=\"https:\/\/jornalfatosenoticias.com.br\/wp-content\/uploads\/2023\/03\/logo-Panper_portal.jpg 400w, https:\/\/jornalfatosenoticias.com.br\/wp-content\/uploads\/2023\/03\/logo-Panper_portal-300x208.jpg 300w\" sizes=\"auto, (max-width: 335px) 100vw, 335px\" \/><\/a><\/figure><\/div>\n\n\n\n<p>No \u00faltimo dia 10, a Suprema Corte da Argentina ratificou em \u00faltima inst\u00e2ncia a condena\u00e7\u00e3o de Kirchner a seis anos de pris\u00e3o e inabilita\u00e7\u00e3o perp\u00e9tua para ocupar cargos p\u00fablicos. No final de 2022, Kirchner e outros r\u00e9us haviam sido condenados pelo TOF 2 no chamado caso Vialidad, devido a um esquema de desvios de recursos de obras p\u00fablicas na prov\u00edncia de Santa Cruz, ber\u00e7o pol\u00edtico do kirchnerismo.<\/p>\n\n\n\n<div class=\"wp-block-image\"><figure class=\"aligncenter size-large is-resized\"><a href=\"https:\/\/www.facebook.com\/postobkr\/?locale=pt_BR\"><img loading=\"lazy\" decoding=\"async\" src=\"https:\/\/jornalfatosenoticias.com.br\/wp-content\/uploads\/2023\/08\/BKR-1024x1021.jpg\" alt=\"\" class=\"wp-image-44494\" width=\"335\" height=\"334\" srcset=\"https:\/\/jornalfatosenoticias.com.br\/wp-content\/uploads\/2023\/08\/BKR-1024x1021.jpg 1024w, https:\/\/jornalfatosenoticias.com.br\/wp-content\/uploads\/2023\/08\/BKR-300x300.jpg 300w, https:\/\/jornalfatosenoticias.com.br\/wp-content\/uploads\/2023\/08\/BKR-150x150.jpg 150w, https:\/\/jornalfatosenoticias.com.br\/wp-content\/uploads\/2023\/08\/BKR-768x766.jpg 768w, https:\/\/jornalfatosenoticias.com.br\/wp-content\/uploads\/2023\/08\/BKR.jpg 1080w\" sizes=\"auto, (max-width: 335px) 100vw, 335px\" \/><\/a><\/figure><\/div>\n\n\n\n<p>Em novembro do ano passado, a C\u00e2mara Federal de Cassa\u00e7\u00e3o ratificou a senten\u00e7a. Agora, o caso foi analisado em \u00faltima inst\u00e2ncia pela Suprema Corte argentina. Gorini determinou que Kirchner e os outros condenados no caso deveriam comparecer \u00e0 Justi\u00e7a Federal de Buenos Aires dentro de cinco dias \u00fateis para que suas senten\u00e7as come\u00e7assem a ser cumpridas.<\/p>\n\n\n\n<div class=\"wp-block-image\"><figure class=\"aligncenter size-large is-resized\"><a href=\"https:\/\/www.facebook.com\/vetor.vix\/\"><img loading=\"lazy\" decoding=\"async\" src=\"https:\/\/jornalfatosenoticias.com.br\/wp-content\/uploads\/2023\/09\/vetorvix1024_1.jpg\" alt=\"\" class=\"wp-image-44868\" width=\"539\" height=\"143\" srcset=\"https:\/\/jornalfatosenoticias.com.br\/wp-content\/uploads\/2023\/09\/vetorvix1024_1.jpg 1024w, https:\/\/jornalfatosenoticias.com.br\/wp-content\/uploads\/2023\/09\/vetorvix1024_1-300x80.jpg 300w, https:\/\/jornalfatosenoticias.com.br\/wp-content\/uploads\/2023\/09\/vetorvix1024_1-768x205.jpg 768w\" sizes=\"auto, (max-width: 539px) 100vw, 539px\" \/><\/a><\/figure><\/div>\n\n\n\n<p>Como a ex-presidente tem mais de 70 anos (sua idade \u00e9 72 anos), sua defesa solicitou pris\u00e3o domiciliar. Enquanto a an\u00e1lise desse pedido tramitava, Kirchner anunciou que se apresentaria \u00e0 Justi\u00e7a Federal em Buenos Aires na quarta-feira, o que levou militantes peronistas a convocar uma grande manifesta\u00e7\u00e3o na capital argentina.<\/p>\n\n\n\n<div class=\"wp-block-image\"><figure class=\"aligncenter size-large is-resized\"><a href=\"https:\/\/hotelmarquetti.com.br\/\"><img loading=\"lazy\" decoding=\"async\" src=\"https:\/\/jornalfatosenoticias.com.br\/wp-content\/uploads\/2020\/02\/LOGO-MQ-1024x680.jpg\" alt=\"\" class=\"wp-image-58299\" width=\"369\" height=\"245\" srcset=\"https:\/\/jornalfatosenoticias.com.br\/wp-content\/uploads\/2020\/02\/LOGO-MQ-1024x680.jpg 1024w, https:\/\/jornalfatosenoticias.com.br\/wp-content\/uploads\/2020\/02\/LOGO-MQ-300x199.jpg 300w, https:\/\/jornalfatosenoticias.com.br\/wp-content\/uploads\/2020\/02\/LOGO-MQ-768x510.jpg 768w, https:\/\/jornalfatosenoticias.com.br\/wp-content\/uploads\/2020\/02\/LOGO-MQ-1536x1020.jpg 1536w, https:\/\/jornalfatosenoticias.com.br\/wp-content\/uploads\/2020\/02\/LOGO-MQ-2048x1360.jpg 2048w\" sizes=\"auto, (max-width: 369px) 100vw, 369px\" \/><\/a><\/figure><\/div>\n\n\n\n<p>Por fim, com a decis\u00e3o do TOF 2 pela pris\u00e3o domiciliar (\u00e0 qual o Minist\u00e9rio P\u00fablico se op\u00f4s), a ex-presidente n\u00e3o precisar\u00e1 se apresentar na avenida Comodoro Py, onde est\u00e3o localizados os principais tribunais da Justi\u00e7a Federal argentina. <strong>(Fonte: Gazeta do Povo)<\/strong><\/p>\n\n\n\n<hr class=\"wp-block-separator\"\/>\n","protected":false},"excerpt":{"rendered":"<p>Ap\u00f3s reuni\u00e3o com l\u00edderes do Congresso, o governo Lula liberou R$ 336 milh\u00f5es em emendas parlamentares na \u00faltima semana, em uma tentativa de amenizar a crise pol\u00edtica com o Legislativo. O valor representa apenas 5,3% do total de R$ 6,3 bilh\u00f5es j\u00e1 autorizados para 2025, segundo levantamento feito pelo portal Metr\u00f3poles.A libera\u00e7\u00e3o ocorreu ap\u00f3s encontro [&hellip;]<\/p>\n","protected":false},"author":3,"featured_media":60118,"comment_status":"open","ping_status":"open","sticky":false,"template":"","format":"standard","meta":{"footnotes":""},"categories":[10],"tags":[27414,487,2129,15743,19651,19435,2147,11693,18155,27267,27416,13869,18343,25620,27418,1354,27417,27415],"class_list":["post-60112","post","type-post","status-publish","format-standard","has-post-thumbnail","hentry","category-politica","tag-chanceler-alemao","tag-congresso","tag-corrupcao","tag-cristina-kirchner","tag-cupula-do-g7","tag-davi-alcolumbre","tag-donald-trump","tag-emendas-parlamentares","tag-fernando-haddad","tag-fraude-no-inss","tag-friedrich-merz","tag-gleisi-hoffmann","tag-governo-lula","tag-hugo-motta","tag-irresponsabilidade-fiscal-de-lula","tag-prisao","tag-tensao-no-oriente-medio","tag-tensoes-entre-israel-e-ira"],"yoast_head":"<!-- This site is optimized with the Yoast SEO plugin v26.5 - https:\/\/yoast.com\/wordpress\/plugins\/seo\/ -->\n<title>A Semana no Brasil e no Mundo \u2014 Ap\u00f3s reuni\u00e3o de ministros com Motta, governo Lula libera R$ 336 mi em emendas - Jornal Fatos e Not\u00edcias<\/title>\n<meta name=\"robots\" content=\"index, follow, max-snippet:-1, max-image-preview:large, max-video-preview:-1\" \/>\n<link rel=\"canonical\" href=\"https:\/\/jornalfatosenoticias.com.br\/index.php\/2025\/06\/19\/a-semana-no-brasil-e-no-mundo-apos-reuniao-de-ministros-com-motta-governo-lula-libera-r-336-mi-em-emendas\/\" \/>\n<meta property=\"og:locale\" content=\"pt_BR\" \/>\n<meta property=\"og:type\" content=\"article\" \/>\n<meta property=\"og:title\" content=\"A Semana no Brasil e no Mundo \u2014 Ap\u00f3s reuni\u00e3o de ministros com Motta, governo Lula libera R$ 336 mi em emendas - Jornal Fatos e Not\u00edcias\" \/>\n<meta property=\"og:description\" content=\"Ap\u00f3s reuni\u00e3o com l\u00edderes do Congresso, o governo Lula liberou R$ 336 milh\u00f5es em emendas parlamentares na \u00faltima semana, em uma tentativa de amenizar a crise pol\u00edtica com o Legislativo. O valor representa apenas 5,3% do total de R$ 6,3 bilh\u00f5es j\u00e1 autorizados para 2025, segundo levantamento feito pelo portal Metr\u00f3poles.A libera\u00e7\u00e3o ocorreu ap\u00f3s encontro [&hellip;]\" \/>\n<meta property=\"og:url\" content=\"https:\/\/jornalfatosenoticias.com.br\/index.php\/2025\/06\/19\/a-semana-no-brasil-e-no-mundo-apos-reuniao-de-ministros-com-motta-governo-lula-libera-r-336-mi-em-emendas\/\" \/>\n<meta property=\"og:site_name\" content=\"Jornal Fatos e Not\u00edcias\" \/>\n<meta property=\"article:published_time\" content=\"2025-06-19T15:47:14+00:00\" \/>\n<meta property=\"article:modified_time\" content=\"2025-06-19T15:47:15+00:00\" \/>\n<meta property=\"og:image\" content=\"https:\/\/jornalfatosenoticias.com.br\/wp-content\/uploads\/2025\/06\/GLEISI-HOFFMANN-LULA-governo-Lula-libera-R-336-mi-em-emendas.jpg\" \/>\n\t<meta property=\"og:image:width\" content=\"1000\" \/>\n\t<meta property=\"og:image:height\" content=\"562\" \/>\n\t<meta property=\"og:image:type\" content=\"image\/jpeg\" \/>\n<meta name=\"author\" content=\"Haroldo Filho\" \/>\n<meta name=\"twitter:card\" content=\"summary_large_image\" \/>\n<meta name=\"twitter:label1\" content=\"Escrito por\" \/>\n\t<meta name=\"twitter:data1\" content=\"Haroldo Filho\" \/>\n\t<meta name=\"twitter:label2\" content=\"Est. tempo de leitura\" \/>\n\t<meta name=\"twitter:data2\" content=\"11 minutos\" \/>\n<script type=\"application\/ld+json\" class=\"yoast-schema-graph\">{\"@context\":\"https:\/\/schema.org\",\"@graph\":[{\"@type\":\"Article\",\"@id\":\"https:\/\/jornalfatosenoticias.com.br\/index.php\/2025\/06\/19\/a-semana-no-brasil-e-no-mundo-apos-reuniao-de-ministros-com-motta-governo-lula-libera-r-336-mi-em-emendas\/#article\",\"isPartOf\":{\"@id\":\"https:\/\/jornalfatosenoticias.com.br\/index.php\/2025\/06\/19\/a-semana-no-brasil-e-no-mundo-apos-reuniao-de-ministros-com-motta-governo-lula-libera-r-336-mi-em-emendas\/\"},\"author\":{\"name\":\"Haroldo Filho\",\"@id\":\"https:\/\/jornalfatosenoticias.com.br\/#\/schema\/person\/05c46cc25b42a5c27e004fb0fa6b4965\"},\"headline\":\"A Semana no Brasil e no Mundo \u2014 Ap\u00f3s reuni\u00e3o de ministros com Motta, governo Lula libera R$ 336 mi em emendas\",\"datePublished\":\"2025-06-19T15:47:14+00:00\",\"dateModified\":\"2025-06-19T15:47:15+00:00\",\"mainEntityOfPage\":{\"@id\":\"https:\/\/jornalfatosenoticias.com.br\/index.php\/2025\/06\/19\/a-semana-no-brasil-e-no-mundo-apos-reuniao-de-ministros-com-motta-governo-lula-libera-r-336-mi-em-emendas\/\"},\"wordCount\":2186,\"commentCount\":0,\"publisher\":{\"@id\":\"https:\/\/jornalfatosenoticias.com.br\/#organization\"},\"image\":{\"@id\":\"https:\/\/jornalfatosenoticias.com.br\/index.php\/2025\/06\/19\/a-semana-no-brasil-e-no-mundo-apos-reuniao-de-ministros-com-motta-governo-lula-libera-r-336-mi-em-emendas\/#primaryimage\"},\"thumbnailUrl\":\"https:\/\/jornalfatosenoticias.com.br\/wp-content\/uploads\/2025\/06\/GLEISI-HOFFMANN-LULA-governo-Lula-libera-R-336-mi-em-emendas.jpg\",\"keywords\":[\"chanceler alem\u00e3o\",\"Congresso\",\"corrup\u00e7\u00e3o\",\"Cristina Kirchner\",\"c\u00fapula do G7\",\"Davi Alcolumbre\",\"Donald Trump\",\"emendas parlamentares\",\"Fernando Haddad\",\"fraude no INSS\",\"Friedrich Merz\",\"Gleisi Hoffmann\",\"governo Lula\",\"Hugo Motta\",\"irresponsabilidade fiscal de Lula\",\"pris\u00e3o\",\"tens\u00e3o no Oriente M\u00e9dio\",\"tens\u00f5es entre Israel e Ir\u00e3\"],\"articleSection\":[\"Pol\u00edtica\"],\"inLanguage\":\"pt-BR\",\"potentialAction\":[{\"@type\":\"CommentAction\",\"name\":\"Comment\",\"target\":[\"https:\/\/jornalfatosenoticias.com.br\/index.php\/2025\/06\/19\/a-semana-no-brasil-e-no-mundo-apos-reuniao-de-ministros-com-motta-governo-lula-libera-r-336-mi-em-emendas\/#respond\"]}]},{\"@type\":\"WebPage\",\"@id\":\"https:\/\/jornalfatosenoticias.com.br\/index.php\/2025\/06\/19\/a-semana-no-brasil-e-no-mundo-apos-reuniao-de-ministros-com-motta-governo-lula-libera-r-336-mi-em-emendas\/\",\"url\":\"https:\/\/jornalfatosenoticias.com.br\/index.php\/2025\/06\/19\/a-semana-no-brasil-e-no-mundo-apos-reuniao-de-ministros-com-motta-governo-lula-libera-r-336-mi-em-emendas\/\",\"name\":\"A Semana no Brasil e no Mundo \u2014 Ap\u00f3s reuni\u00e3o de ministros com Motta, governo Lula libera R$ 336 mi em emendas - Jornal Fatos e Not\u00edcias\",\"isPartOf\":{\"@id\":\"https:\/\/jornalfatosenoticias.com.br\/#website\"},\"primaryImageOfPage\":{\"@id\":\"https:\/\/jornalfatosenoticias.com.br\/index.php\/2025\/06\/19\/a-semana-no-brasil-e-no-mundo-apos-reuniao-de-ministros-com-motta-governo-lula-libera-r-336-mi-em-emendas\/#primaryimage\"},\"image\":{\"@id\":\"https:\/\/jornalfatosenoticias.com.br\/index.php\/2025\/06\/19\/a-semana-no-brasil-e-no-mundo-apos-reuniao-de-ministros-com-motta-governo-lula-libera-r-336-mi-em-emendas\/#primaryimage\"},\"thumbnailUrl\":\"https:\/\/jornalfatosenoticias.com.br\/wp-content\/uploads\/2025\/06\/GLEISI-HOFFMANN-LULA-governo-Lula-libera-R-336-mi-em-emendas.jpg\",\"datePublished\":\"2025-06-19T15:47:14+00:00\",\"dateModified\":\"2025-06-19T15:47:15+00:00\",\"breadcrumb\":{\"@id\":\"https:\/\/jornalfatosenoticias.com.br\/index.php\/2025\/06\/19\/a-semana-no-brasil-e-no-mundo-apos-reuniao-de-ministros-com-motta-governo-lula-libera-r-336-mi-em-emendas\/#breadcrumb\"},\"inLanguage\":\"pt-BR\",\"potentialAction\":[{\"@type\":\"ReadAction\",\"target\":[\"https:\/\/jornalfatosenoticias.com.br\/index.php\/2025\/06\/19\/a-semana-no-brasil-e-no-mundo-apos-reuniao-de-ministros-com-motta-governo-lula-libera-r-336-mi-em-emendas\/\"]}]},{\"@type\":\"ImageObject\",\"inLanguage\":\"pt-BR\",\"@id\":\"https:\/\/jornalfatosenoticias.com.br\/index.php\/2025\/06\/19\/a-semana-no-brasil-e-no-mundo-apos-reuniao-de-ministros-com-motta-governo-lula-libera-r-336-mi-em-emendas\/#primaryimage\",\"url\":\"https:\/\/jornalfatosenoticias.com.br\/wp-content\/uploads\/2025\/06\/GLEISI-HOFFMANN-LULA-governo-Lula-libera-R-336-mi-em-emendas.jpg\",\"contentUrl\":\"https:\/\/jornalfatosenoticias.com.br\/wp-content\/uploads\/2025\/06\/GLEISI-HOFFMANN-LULA-governo-Lula-libera-R-336-mi-em-emendas.jpg\",\"width\":1000,\"height\":562},{\"@type\":\"BreadcrumbList\",\"@id\":\"https:\/\/jornalfatosenoticias.com.br\/index.php\/2025\/06\/19\/a-semana-no-brasil-e-no-mundo-apos-reuniao-de-ministros-com-motta-governo-lula-libera-r-336-mi-em-emendas\/#breadcrumb\",\"itemListElement\":[{\"@type\":\"ListItem\",\"position\":1,\"name\":\"In\u00edcio\",\"item\":\"https:\/\/jornalfatosenoticias.com.br\/\"},{\"@type\":\"ListItem\",\"position\":2,\"name\":\"A Semana no Brasil e no Mundo \u2014 Ap\u00f3s reuni\u00e3o de ministros com Motta, governo Lula libera R$ 336 mi em emendas\"}]},{\"@type\":\"WebSite\",\"@id\":\"https:\/\/jornalfatosenoticias.com.br\/#website\",\"url\":\"https:\/\/jornalfatosenoticias.com.br\/\",\"name\":\"Jornal Fatos e Not\u00edcias\",\"description\":\"Not\u00edcias em geral\",\"publisher\":{\"@id\":\"https:\/\/jornalfatosenoticias.com.br\/#organization\"},\"potentialAction\":[{\"@type\":\"SearchAction\",\"target\":{\"@type\":\"EntryPoint\",\"urlTemplate\":\"https:\/\/jornalfatosenoticias.com.br\/?s={search_term_string}\"},\"query-input\":{\"@type\":\"PropertyValueSpecification\",\"valueRequired\":true,\"valueName\":\"search_term_string\"}}],\"inLanguage\":\"pt-BR\"},{\"@type\":\"Organization\",\"@id\":\"https:\/\/jornalfatosenoticias.com.br\/#organization\",\"name\":\"Jornal Fatos e Not\u00edcias\",\"url\":\"https:\/\/jornalfatosenoticias.com.br\/\",\"logo\":{\"@type\":\"ImageObject\",\"inLanguage\":\"pt-BR\",\"@id\":\"https:\/\/jornalfatosenoticias.com.br\/#\/schema\/logo\/image\/\",\"url\":\"https:\/\/jornalfatosenoticias.com.br\/wp-content\/uploads\/2020\/02\/logo120.png\",\"contentUrl\":\"https:\/\/jornalfatosenoticias.com.br\/wp-content\/uploads\/2020\/02\/logo120.png\",\"width\":1227,\"height\":120,\"caption\":\"Jornal Fatos e Not\u00edcias\"},\"image\":{\"@id\":\"https:\/\/jornalfatosenoticias.com.br\/#\/schema\/logo\/image\/\"}},{\"@type\":\"Person\",\"@id\":\"https:\/\/jornalfatosenoticias.com.br\/#\/schema\/person\/05c46cc25b42a5c27e004fb0fa6b4965\",\"name\":\"Haroldo Filho\",\"image\":{\"@type\":\"ImageObject\",\"inLanguage\":\"pt-BR\",\"@id\":\"https:\/\/jornalfatosenoticias.com.br\/#\/schema\/person\/image\/\",\"url\":\"https:\/\/jornalfatosenoticias.com.br\/wp-content\/uploads\/2025\/08\/WhatsApp-Image-2025-08-18-at-15.30.28-150x150.jpeg\",\"contentUrl\":\"https:\/\/jornalfatosenoticias.com.br\/wp-content\/uploads\/2025\/08\/WhatsApp-Image-2025-08-18-at-15.30.28-150x150.jpeg\",\"caption\":\"Haroldo Filho\"},\"description\":\"Jornalista \u2013 DRT: 0003818\/ES Coordenador-geral da ONG Educar para Crescer\",\"url\":\"https:\/\/jornalfatosenoticias.com.br\/index.php\/author\/haroldo\/\"}]}<\/script>\n<!-- \/ Yoast SEO plugin. -->","yoast_head_json":{"title":"A Semana no Brasil e no Mundo \u2014 Ap\u00f3s reuni\u00e3o de ministros com Motta, governo Lula libera R$ 336 mi em emendas - Jornal Fatos e Not\u00edcias","robots":{"index":"index","follow":"follow","max-snippet":"max-snippet:-1","max-image-preview":"max-image-preview:large","max-video-preview":"max-video-preview:-1"},"canonical":"https:\/\/jornalfatosenoticias.com.br\/index.php\/2025\/06\/19\/a-semana-no-brasil-e-no-mundo-apos-reuniao-de-ministros-com-motta-governo-lula-libera-r-336-mi-em-emendas\/","og_locale":"pt_BR","og_type":"article","og_title":"A Semana no Brasil e no Mundo \u2014 Ap\u00f3s reuni\u00e3o de ministros com Motta, governo Lula libera R$ 336 mi em emendas - Jornal Fatos e Not\u00edcias","og_description":"Ap\u00f3s reuni\u00e3o com l\u00edderes do Congresso, o governo Lula liberou R$ 336 milh\u00f5es em emendas parlamentares na \u00faltima semana, em uma tentativa de amenizar a crise pol\u00edtica com o Legislativo. O valor representa apenas 5,3% do total de R$ 6,3 bilh\u00f5es j\u00e1 autorizados para 2025, segundo levantamento feito pelo portal Metr\u00f3poles.A libera\u00e7\u00e3o ocorreu ap\u00f3s encontro [&hellip;]","og_url":"https:\/\/jornalfatosenoticias.com.br\/index.php\/2025\/06\/19\/a-semana-no-brasil-e-no-mundo-apos-reuniao-de-ministros-com-motta-governo-lula-libera-r-336-mi-em-emendas\/","og_site_name":"Jornal Fatos e Not\u00edcias","article_published_time":"2025-06-19T15:47:14+00:00","article_modified_time":"2025-06-19T15:47:15+00:00","og_image":[{"width":1000,"height":562,"url":"https:\/\/jornalfatosenoticias.com.br\/wp-content\/uploads\/2025\/06\/GLEISI-HOFFMANN-LULA-governo-Lula-libera-R-336-mi-em-emendas.jpg","type":"image\/jpeg"}],"author":"Haroldo Filho","twitter_card":"summary_large_image","twitter_misc":{"Escrito por":"Haroldo Filho","Est. tempo de leitura":"11 minutos"},"schema":{"@context":"https:\/\/schema.org","@graph":[{"@type":"Article","@id":"https:\/\/jornalfatosenoticias.com.br\/index.php\/2025\/06\/19\/a-semana-no-brasil-e-no-mundo-apos-reuniao-de-ministros-com-motta-governo-lula-libera-r-336-mi-em-emendas\/#article","isPartOf":{"@id":"https:\/\/jornalfatosenoticias.com.br\/index.php\/2025\/06\/19\/a-semana-no-brasil-e-no-mundo-apos-reuniao-de-ministros-com-motta-governo-lula-libera-r-336-mi-em-emendas\/"},"author":{"name":"Haroldo Filho","@id":"https:\/\/jornalfatosenoticias.com.br\/#\/schema\/person\/05c46cc25b42a5c27e004fb0fa6b4965"},"headline":"A Semana no Brasil e no Mundo \u2014 Ap\u00f3s reuni\u00e3o de ministros com Motta, governo Lula libera R$ 336 mi em emendas","datePublished":"2025-06-19T15:47:14+00:00","dateModified":"2025-06-19T15:47:15+00:00","mainEntityOfPage":{"@id":"https:\/\/jornalfatosenoticias.com.br\/index.php\/2025\/06\/19\/a-semana-no-brasil-e-no-mundo-apos-reuniao-de-ministros-com-motta-governo-lula-libera-r-336-mi-em-emendas\/"},"wordCount":2186,"commentCount":0,"publisher":{"@id":"https:\/\/jornalfatosenoticias.com.br\/#organization"},"image":{"@id":"https:\/\/jornalfatosenoticias.com.br\/index.php\/2025\/06\/19\/a-semana-no-brasil-e-no-mundo-apos-reuniao-de-ministros-com-motta-governo-lula-libera-r-336-mi-em-emendas\/#primaryimage"},"thumbnailUrl":"https:\/\/jornalfatosenoticias.com.br\/wp-content\/uploads\/2025\/06\/GLEISI-HOFFMANN-LULA-governo-Lula-libera-R-336-mi-em-emendas.jpg","keywords":["chanceler alem\u00e3o","Congresso","corrup\u00e7\u00e3o","Cristina Kirchner","c\u00fapula do G7","Davi Alcolumbre","Donald Trump","emendas parlamentares","Fernando Haddad","fraude no INSS","Friedrich Merz","Gleisi Hoffmann","governo Lula","Hugo Motta","irresponsabilidade fiscal de Lula","pris\u00e3o","tens\u00e3o no Oriente M\u00e9dio","tens\u00f5es entre Israel e Ir\u00e3"],"articleSection":["Pol\u00edtica"],"inLanguage":"pt-BR","potentialAction":[{"@type":"CommentAction","name":"Comment","target":["https:\/\/jornalfatosenoticias.com.br\/index.php\/2025\/06\/19\/a-semana-no-brasil-e-no-mundo-apos-reuniao-de-ministros-com-motta-governo-lula-libera-r-336-mi-em-emendas\/#respond"]}]},{"@type":"WebPage","@id":"https:\/\/jornalfatosenoticias.com.br\/index.php\/2025\/06\/19\/a-semana-no-brasil-e-no-mundo-apos-reuniao-de-ministros-com-motta-governo-lula-libera-r-336-mi-em-emendas\/","url":"https:\/\/jornalfatosenoticias.com.br\/index.php\/2025\/06\/19\/a-semana-no-brasil-e-no-mundo-apos-reuniao-de-ministros-com-motta-governo-lula-libera-r-336-mi-em-emendas\/","name":"A Semana no Brasil e no Mundo \u2014 Ap\u00f3s reuni\u00e3o de ministros com Motta, governo Lula libera R$ 336 mi em emendas - Jornal Fatos e Not\u00edcias","isPartOf":{"@id":"https:\/\/jornalfatosenoticias.com.br\/#website"},"primaryImageOfPage":{"@id":"https:\/\/jornalfatosenoticias.com.br\/index.php\/2025\/06\/19\/a-semana-no-brasil-e-no-mundo-apos-reuniao-de-ministros-com-motta-governo-lula-libera-r-336-mi-em-emendas\/#primaryimage"},"image":{"@id":"https:\/\/jornalfatosenoticias.com.br\/index.php\/2025\/06\/19\/a-semana-no-brasil-e-no-mundo-apos-reuniao-de-ministros-com-motta-governo-lula-libera-r-336-mi-em-emendas\/#primaryimage"},"thumbnailUrl":"https:\/\/jornalfatosenoticias.com.br\/wp-content\/uploads\/2025\/06\/GLEISI-HOFFMANN-LULA-governo-Lula-libera-R-336-mi-em-emendas.jpg","datePublished":"2025-06-19T15:47:14+00:00","dateModified":"2025-06-19T15:47:15+00:00","breadcrumb":{"@id":"https:\/\/jornalfatosenoticias.com.br\/index.php\/2025\/06\/19\/a-semana-no-brasil-e-no-mundo-apos-reuniao-de-ministros-com-motta-governo-lula-libera-r-336-mi-em-emendas\/#breadcrumb"},"inLanguage":"pt-BR","potentialAction":[{"@type":"ReadAction","target":["https:\/\/jornalfatosenoticias.com.br\/index.php\/2025\/06\/19\/a-semana-no-brasil-e-no-mundo-apos-reuniao-de-ministros-com-motta-governo-lula-libera-r-336-mi-em-emendas\/"]}]},{"@type":"ImageObject","inLanguage":"pt-BR","@id":"https:\/\/jornalfatosenoticias.com.br\/index.php\/2025\/06\/19\/a-semana-no-brasil-e-no-mundo-apos-reuniao-de-ministros-com-motta-governo-lula-libera-r-336-mi-em-emendas\/#primaryimage","url":"https:\/\/jornalfatosenoticias.com.br\/wp-content\/uploads\/2025\/06\/GLEISI-HOFFMANN-LULA-governo-Lula-libera-R-336-mi-em-emendas.jpg","contentUrl":"https:\/\/jornalfatosenoticias.com.br\/wp-content\/uploads\/2025\/06\/GLEISI-HOFFMANN-LULA-governo-Lula-libera-R-336-mi-em-emendas.jpg","width":1000,"height":562},{"@type":"BreadcrumbList","@id":"https:\/\/jornalfatosenoticias.com.br\/index.php\/2025\/06\/19\/a-semana-no-brasil-e-no-mundo-apos-reuniao-de-ministros-com-motta-governo-lula-libera-r-336-mi-em-emendas\/#breadcrumb","itemListElement":[{"@type":"ListItem","position":1,"name":"In\u00edcio","item":"https:\/\/jornalfatosenoticias.com.br\/"},{"@type":"ListItem","position":2,"name":"A Semana no Brasil e no Mundo \u2014 Ap\u00f3s reuni\u00e3o de ministros com Motta, governo Lula libera R$ 336 mi em emendas"}]},{"@type":"WebSite","@id":"https:\/\/jornalfatosenoticias.com.br\/#website","url":"https:\/\/jornalfatosenoticias.com.br\/","name":"Jornal Fatos e Not\u00edcias","description":"Not\u00edcias em geral","publisher":{"@id":"https:\/\/jornalfatosenoticias.com.br\/#organization"},"potentialAction":[{"@type":"SearchAction","target":{"@type":"EntryPoint","urlTemplate":"https:\/\/jornalfatosenoticias.com.br\/?s={search_term_string}"},"query-input":{"@type":"PropertyValueSpecification","valueRequired":true,"valueName":"search_term_string"}}],"inLanguage":"pt-BR"},{"@type":"Organization","@id":"https:\/\/jornalfatosenoticias.com.br\/#organization","name":"Jornal Fatos e Not\u00edcias","url":"https:\/\/jornalfatosenoticias.com.br\/","logo":{"@type":"ImageObject","inLanguage":"pt-BR","@id":"https:\/\/jornalfatosenoticias.com.br\/#\/schema\/logo\/image\/","url":"https:\/\/jornalfatosenoticias.com.br\/wp-content\/uploads\/2020\/02\/logo120.png","contentUrl":"https:\/\/jornalfatosenoticias.com.br\/wp-content\/uploads\/2020\/02\/logo120.png","width":1227,"height":120,"caption":"Jornal Fatos e Not\u00edcias"},"image":{"@id":"https:\/\/jornalfatosenoticias.com.br\/#\/schema\/logo\/image\/"}},{"@type":"Person","@id":"https:\/\/jornalfatosenoticias.com.br\/#\/schema\/person\/05c46cc25b42a5c27e004fb0fa6b4965","name":"Haroldo Filho","image":{"@type":"ImageObject","inLanguage":"pt-BR","@id":"https:\/\/jornalfatosenoticias.com.br\/#\/schema\/person\/image\/","url":"https:\/\/jornalfatosenoticias.com.br\/wp-content\/uploads\/2025\/08\/WhatsApp-Image-2025-08-18-at-15.30.28-150x150.jpeg","contentUrl":"https:\/\/jornalfatosenoticias.com.br\/wp-content\/uploads\/2025\/08\/WhatsApp-Image-2025-08-18-at-15.30.28-150x150.jpeg","caption":"Haroldo Filho"},"description":"Jornalista \u2013 DRT: 0003818\/ES Coordenador-geral da ONG Educar para Crescer","url":"https:\/\/jornalfatosenoticias.com.br\/index.php\/author\/haroldo\/"}]}},"cc_featured_image_caption":{"caption_text":"(Foto: Ricardo Stuckert)","source_text":"","source_url":""},"jetpack_featured_media_url":"https:\/\/jornalfatosenoticias.com.br\/wp-content\/uploads\/2025\/06\/GLEISI-HOFFMANN-LULA-governo-Lula-libera-R-336-mi-em-emendas.jpg","_links":{"self":[{"href":"https:\/\/jornalfatosenoticias.com.br\/index.php\/wp-json\/wp\/v2\/posts\/60112","targetHints":{"allow":["GET"]}}],"collection":[{"href":"https:\/\/jornalfatosenoticias.com.br\/index.php\/wp-json\/wp\/v2\/posts"}],"about":[{"href":"https:\/\/jornalfatosenoticias.com.br\/index.php\/wp-json\/wp\/v2\/types\/post"}],"author":[{"embeddable":true,"href":"https:\/\/jornalfatosenoticias.com.br\/index.php\/wp-json\/wp\/v2\/users\/3"}],"replies":[{"embeddable":true,"href":"https:\/\/jornalfatosenoticias.com.br\/index.php\/wp-json\/wp\/v2\/comments?post=60112"}],"version-history":[{"count":0,"href":"https:\/\/jornalfatosenoticias.com.br\/index.php\/wp-json\/wp\/v2\/posts\/60112\/revisions"}],"wp:featuredmedia":[{"embeddable":true,"href":"https:\/\/jornalfatosenoticias.com.br\/index.php\/wp-json\/wp\/v2\/media\/60118"}],"wp:attachment":[{"href":"https:\/\/jornalfatosenoticias.com.br\/index.php\/wp-json\/wp\/v2\/media?parent=60112"}],"wp:term":[{"taxonomy":"category","embeddable":true,"href":"https:\/\/jornalfatosenoticias.com.br\/index.php\/wp-json\/wp\/v2\/categories?post=60112"},{"taxonomy":"post_tag","embeddable":true,"href":"https:\/\/jornalfatosenoticias.com.br\/index.php\/wp-json\/wp\/v2\/tags?post=60112"}],"curies":[{"name":"wp","href":"https:\/\/api.w.org\/{rel}","templated":true}]}}