{"id":60120,"date":"2025-06-19T12:58:44","date_gmt":"2025-06-19T15:58:44","guid":{"rendered":"https:\/\/jornalfatosenoticias.com.br\/?p=60120"},"modified":"2025-06-19T12:58:45","modified_gmt":"2025-06-19T15:58:45","slug":"congresso-derruba-vetos-de-lula-a-reforma-tributaria-e-eleva-impacto-na-conta-de-luz","status":"publish","type":"post","link":"https:\/\/jornalfatosenoticias.com.br\/index.php\/2025\/06\/19\/congresso-derruba-vetos-de-lula-a-reforma-tributaria-e-eleva-impacto-na-conta-de-luz\/","title":{"rendered":"Congresso derruba vetos de Lula \u00e0 reforma tribut\u00e1ria e eleva impacto na conta de luz"},"content":{"rendered":"\n<p><em><span class=\"has-inline-color has-black-color\">Sess\u00e3o conjunta do Congresso Nacional destinada \u00e0 delibera\u00e7\u00e3o dos Vetos<\/span><\/em><\/p>\n\n\n\n<p><span class=\"has-inline-color has-black-color\">Por <strong><a href=\"https:\/\/www.gazetadopovo.com.br\/autor\/ana-carolina-curvello\/\">Ana Carolina Curvello<\/a><\/strong><\/span><\/p>\n\n\n\n<div class=\"wp-block-image\"><figure class=\"aligncenter size-large\"><a href=\"https:\/\/mizu.com.br\/\"><img loading=\"lazy\" decoding=\"async\" width=\"729\" height=\"90\" src=\"https:\/\/jornalfatosenoticias.com.br\/wp-content\/uploads\/2020\/02\/Logo_Mizu.png\" alt=\"\" class=\"wp-image-1441\" srcset=\"https:\/\/jornalfatosenoticias.com.br\/wp-content\/uploads\/2020\/02\/Logo_Mizu.png 729w, https:\/\/jornalfatosenoticias.com.br\/wp-content\/uploads\/2020\/02\/Logo_Mizu-300x37.png 300w\" sizes=\"auto, (max-width: 729px) 100vw, 729px\" \/><\/a><\/figure><\/div>\n\n\n\n<p>Em uma sess\u00e3o marcada por acordos pol\u00edticos e interesses setoriais, o Congresso Nacional derrubou, na ter\u00e7a-feira (17), uma s\u00e9rie de vetos presidenciais, com impacto direto na tributa\u00e7\u00e3o do consumo, nas regras da LDO de 2024 e no setor el\u00e9trico. O destaque principal foi a decis\u00e3o de retirar fundos de investimentos privados e patrimoniais da lista de contribuintes dos novos tributos criados pela reforma tribut\u00e1ria \u2014 a Contribui\u00e7\u00e3o sobre Bens e Servi\u00e7os (CBS) e o Imposto sobre Bens e Servi\u00e7os (IBS).<br>Ap\u00f3s negocia\u00e7\u00f5es com o governo, os parlamentares rejeitaram os vetos que retiravam a isen\u00e7\u00e3o dos Fundos de Investimento Imobili\u00e1rio (FIIs) e dos Fundos de Investimento nas Cadeias Produtivas do Agroneg\u00f3cio (Fiagro). A medida, que reverte o veto parcial do governo \u00e0 Lei Complementar 214, atende uma demanda do mercado financeiro e de institui\u00e7\u00f5es que gerem recursos para causas p\u00fablicas. Com a mudan\u00e7a, fundos de a\u00e7\u00f5es e fundos patrimoniais \u2014 como os que destinam lucros a universidades \u2014 voltam a ter isen\u00e7\u00e3o dos novos impostos sobre consumo.<\/p>\n\n\n\n<div class=\"wp-block-image\"><figure class=\"aligncenter size-large is-resized\"><a href=\"https:\/\/www.facebook.com\/profile.php?id=100069289606145\"><img loading=\"lazy\" decoding=\"async\" src=\"https:\/\/jornalfatosenoticias.com.br\/wp-content\/uploads\/2024\/11\/Guaitolini-Contabilidade-1024x714.jpeg\" alt=\"\" class=\"wp-image-55808\" width=\"368\" height=\"256\" srcset=\"https:\/\/jornalfatosenoticias.com.br\/wp-content\/uploads\/2024\/11\/Guaitolini-Contabilidade-1024x714.jpeg 1024w, https:\/\/jornalfatosenoticias.com.br\/wp-content\/uploads\/2024\/11\/Guaitolini-Contabilidade-300x209.jpeg 300w, https:\/\/jornalfatosenoticias.com.br\/wp-content\/uploads\/2024\/11\/Guaitolini-Contabilidade-768x535.jpeg 768w, https:\/\/jornalfatosenoticias.com.br\/wp-content\/uploads\/2024\/11\/Guaitolini-Contabilidade.jpeg 1280w\" sizes=\"auto, (max-width: 368px) 100vw, 368px\" \/><\/a><\/figure><\/div>\n\n\n\n<p>A derrubada ocorre ap\u00f3s meses de controv\u00e9rsias. Para entidades como a Anbima, o veto original abriria brecha para a cobran\u00e7a dos tributos, criando desequil\u00edbrio com o investimento direto. O Minist\u00e9rio da Fazenda discordava, mas perdeu. Os trechos retomados agora ser\u00e3o promulgados por Lula.<\/p>\n\n\n\n<div class=\"wp-block-image\"><figure class=\"aligncenter size-large is-resized\"><a href=\"https:\/\/www.instagram.com\/restaurantepegoretti\/\"><img loading=\"lazy\" decoding=\"async\" src=\"https:\/\/jornalfatosenoticias.com.br\/wp-content\/uploads\/2023\/12\/pegoretti-logo-pdf-1024x389.jpg\" alt=\"\" class=\"wp-image-47536\" width=\"490\" height=\"186\" srcset=\"https:\/\/jornalfatosenoticias.com.br\/wp-content\/uploads\/2023\/12\/pegoretti-logo-pdf-1024x389.jpg 1024w, https:\/\/jornalfatosenoticias.com.br\/wp-content\/uploads\/2023\/12\/pegoretti-logo-pdf-300x114.jpg 300w, https:\/\/jornalfatosenoticias.com.br\/wp-content\/uploads\/2023\/12\/pegoretti-logo-pdf-768x291.jpg 768w, https:\/\/jornalfatosenoticias.com.br\/wp-content\/uploads\/2023\/12\/pegoretti-logo-pdf.jpg 1120w\" sizes=\"auto, (max-width: 490px) 100vw, 490px\" \/><\/a><\/figure><\/div>\n\n\n\n<p><strong><span class=\"has-inline-color has-black-color\">Gasto bilion\u00e1rio e impacto na conta de luz<br><\/span><\/strong>Outro ponto sens\u00edvel foi a derrubada de vetos \u00e0 lei que trata de e\u00f3licas offshore. Com isso, parlamentares resgataram benef\u00edcios setoriais que podem custar at\u00e9 R$ 197 bilh\u00f5es at\u00e9 2050, segundo estimativas da Associa\u00e7\u00e3o dos Grandes Consumidores de Energia (Abrace). O resultado: mais subs\u00eddios na conta de luz do consumidor comum.<\/p>\n\n\n\n<div class=\"wp-block-image\"><figure class=\"aligncenter size-large\"><a href=\"http:\/\/www.ferrarimaquinas.com.br\/\"><img loading=\"lazy\" decoding=\"async\" width=\"300\" height=\"250\" src=\"https:\/\/jornalfatosenoticias.com.br\/wp-content\/uploads\/2022\/02\/FERRARI_MAQUINAS-E-FERRAMENTAS2.jpg\" alt=\"\" class=\"wp-image-27860\"\/><\/a><\/figure><\/div>\n\n\n\n<p>Mesmo ap\u00f3s ter cedido em parte das negocia\u00e7\u00f5es, o governo n\u00e3o conseguiu preservar o veto ao trecho mais oneroso \u2014 a contrata\u00e7\u00e3o de usinas a g\u00e1s com 70% de inflexibilidade, que operam de forma cont\u00ednua mesmo quando n\u00e3o h\u00e1 demanda. O desfecho representou uma derrota ao Pal\u00e1cio do Planalto. Ao final da sess\u00e3o, o l\u00edder do governo no Congresso, senador Randolfe Rodrigues (PT-AP), disse que o &#8220;eventual impacto&#8221; na conta de luz ser\u00e1 alvo de uma Medida Provis\u00f3ria (MP) a ser apresentada pelo governo federal.<\/p>\n\n\n\n<div class=\"wp-block-image\"><figure class=\"aligncenter size-large is-resized\"><a href=\"https:\/\/www.legisjuris.com.br\/\"><img loading=\"lazy\" decoding=\"async\" src=\"https:\/\/jornalfatosenoticias.com.br\/wp-content\/uploads\/2024\/09\/Legis-Juris-Consultoria_logo.jpg\" alt=\"\" class=\"wp-image-53915\" width=\"530\" height=\"222\" srcset=\"https:\/\/jornalfatosenoticias.com.br\/wp-content\/uploads\/2024\/09\/Legis-Juris-Consultoria_logo.jpg 969w, https:\/\/jornalfatosenoticias.com.br\/wp-content\/uploads\/2024\/09\/Legis-Juris-Consultoria_logo-300x126.jpg 300w, https:\/\/jornalfatosenoticias.com.br\/wp-content\/uploads\/2024\/09\/Legis-Juris-Consultoria_logo-768x322.jpg 768w\" sizes=\"auto, (max-width: 530px) 100vw, 530px\" \/><\/a><\/figure><\/div>\n\n\n\n<p>&#8220;Eventual impacto nas contas dos brasileiros vai ser objeto de medida provis\u00f3ria que o governo vai editar dentro em pouco e vai encaminhar ao Congresso Nacional para equalizar que n\u00e3o ocorra nenhum tipo de impacto na conta de luz dos brasileiros&#8221;, disse Randolfe.<\/p>\n\n\n\n<div class=\"wp-block-image\"><figure class=\"aligncenter size-large is-resized\"><a href=\"https:\/\/www.controlsystems.com.br\/\"><img loading=\"lazy\" decoding=\"async\" src=\"https:\/\/jornalfatosenoticias.com.br\/wp-content\/uploads\/2020\/02\/CONTROL-CS.jpg\" alt=\"\" class=\"wp-image-44991\" width=\"288\" height=\"345\" srcset=\"https:\/\/jornalfatosenoticias.com.br\/wp-content\/uploads\/2020\/02\/CONTROL-CS.jpg 834w, https:\/\/jornalfatosenoticias.com.br\/wp-content\/uploads\/2020\/02\/CONTROL-CS-250x300.jpg 250w, https:\/\/jornalfatosenoticias.com.br\/wp-content\/uploads\/2020\/02\/CONTROL-CS-768x921.jpg 768w\" sizes=\"auto, (max-width: 288px) 100vw, 288px\" \/><\/a><\/figure><\/div>\n\n\n\n<p><span class=\"has-inline-color has-black-color\"><strong>Seguran\u00e7a fora do desconto e fim da Esaf<br><\/strong><\/span>Nem todos os vetos foram derrubados. Entre os pontos mantidos est\u00e1 a exclus\u00e3o de servi\u00e7os de seguran\u00e7a da lista de atividades que teriam direito a um desconto de 60% na nova tributa\u00e7\u00e3o. Isso atinge, por exemplo, empresas de monitoramento, prote\u00e7\u00e3o contra roubo de dados e ressarcimento banc\u00e1rio. Tamb\u00e9m foi mantido o veto \u00e0 recria\u00e7\u00e3o da Escola de Administra\u00e7\u00e3o Fazend\u00e1ria (Esaf), antiga respons\u00e1vel por treinar servidores da Receita e organizar concursos da \u00e1rea.<\/p>\n\n\n\n<div class=\"wp-block-image\"><figure class=\"aligncenter size-large is-resized\"><a href=\"https:\/\/www.instagram.com\/esteio.churrascaria\/\"><img loading=\"lazy\" decoding=\"async\" src=\"https:\/\/jornalfatosenoticias.com.br\/wp-content\/uploads\/2022\/02\/LOGO-ESTEIO-1024x730.png\" alt=\"\" class=\"wp-image-27942\" width=\"323\" height=\"230\" srcset=\"https:\/\/jornalfatosenoticias.com.br\/wp-content\/uploads\/2022\/02\/LOGO-ESTEIO-1024x730.png 1024w, https:\/\/jornalfatosenoticias.com.br\/wp-content\/uploads\/2022\/02\/LOGO-ESTEIO-300x214.png 300w, https:\/\/jornalfatosenoticias.com.br\/wp-content\/uploads\/2022\/02\/LOGO-ESTEIO-768x548.png 768w, https:\/\/jornalfatosenoticias.com.br\/wp-content\/uploads\/2022\/02\/LOGO-ESTEIO.png 1123w\" sizes=\"auto, (max-width: 323px) 100vw, 323px\" \/><\/a><\/figure><\/div>\n\n\n\n<p><strong><span class=\"has-inline-color has-black-color\">Vetos derrubados<br><\/span><\/strong>Reforma Tribut\u00e1ria (Lei Complementar 214):<br>Fundos de investimentos privados e patrimoniais voltam \u00e0 lista de n\u00e3o contribuintes da CBS\/IBS.<br>Setor el\u00e9trico (e\u00f3licas offshore):<br>Inclus\u00e3o de &#8220;jabutis&#8221; que favorecem empres\u00e1rios do setor e elevam subs\u00eddios na conta de luz.<\/p>\n\n\n\n<div class=\"wp-block-image\"><figure class=\"aligncenter size-large is-resized\"><a href=\"https:\/\/www.instagram.com\/gruposei\/\"><img loading=\"lazy\" decoding=\"async\" src=\"https:\/\/jornalfatosenoticias.com.br\/wp-content\/uploads\/2022\/07\/Logo-Grupo-SEI.jpg\" alt=\"\" class=\"wp-image-31973\" width=\"396\" height=\"208\" srcset=\"https:\/\/jornalfatosenoticias.com.br\/wp-content\/uploads\/2022\/07\/Logo-Grupo-SEI.jpg 713w, https:\/\/jornalfatosenoticias.com.br\/wp-content\/uploads\/2022\/07\/Logo-Grupo-SEI-300x158.jpg 300w\" sizes=\"auto, (max-width: 396px) 100vw, 396px\" \/><\/a><\/figure><\/div>\n\n\n\n<p><strong><span class=\"has-inline-color has-black-color\">Lei de Diretrizes Or\u00e7ament\u00e1rias (LDO 2024):<br><\/span><\/strong>\u2705 Regra para c\u00e1lculo do Fundo Partid\u00e1rio baseada no IPCA desde 2016.<br>\u2705 Libera\u00e7\u00e3o de recursos para obras rodovi\u00e1rias e hidrovi\u00e1rias estaduais e municipais.<br>\u2705 Autoriza\u00e7\u00e3o para compra de purificadores de \u00e1gua em escolas p\u00fablicas.<br>\u2705 Amplia\u00e7\u00e3o para 36 meses do prazo para cumprir exig\u00eancias em conv\u00eanios.<br>\u2705 Dispensa da regularidade fiscal (Cauc) para munic\u00edpios de at\u00e9 65 mil habitantes.<br>\u2705 Permiss\u00e3o para realoca\u00e7\u00e3o de restos a pagar para concluir obras paradas.<br>\u2705 Autoriza\u00e7\u00e3o para licita\u00e7\u00e3o com base em or\u00e7amentos antigos usando restos a pagar.<\/p>\n\n\n\n<div class=\"wp-block-image\"><figure class=\"aligncenter size-large is-resized\"><a href=\"https:\/\/www.instagram.com\/serra4x4cambioautomatico\/\"><img loading=\"lazy\" decoding=\"async\" src=\"https:\/\/jornalfatosenoticias.com.br\/wp-content\/uploads\/2024\/08\/Serra-4x4-1-886x1024.jpg\" alt=\"\" class=\"wp-image-53632\" width=\"289\" height=\"333\" srcset=\"https:\/\/jornalfatosenoticias.com.br\/wp-content\/uploads\/2024\/08\/Serra-4x4-1-886x1024.jpg 886w, https:\/\/jornalfatosenoticias.com.br\/wp-content\/uploads\/2024\/08\/Serra-4x4-1-260x300.jpg 260w, https:\/\/jornalfatosenoticias.com.br\/wp-content\/uploads\/2024\/08\/Serra-4x4-1-768x888.jpg 768w, https:\/\/jornalfatosenoticias.com.br\/wp-content\/uploads\/2024\/08\/Serra-4x4-1.jpg 1181w\" sizes=\"auto, (max-width: 289px) 100vw, 289px\" \/><\/a><\/figure><\/div>\n\n\n\n<p><strong><span class=\"has-inline-color has-black-color\">Vetos mantidos<br><\/span><\/strong><em>Reforma Tribut\u00e1ria:<br><\/em>\u2705 Servi\u00e7os de seguran\u00e7a seguem fora da regra de desconto de 60% na al\u00edquota.<br>\u2705 Rejei\u00e7\u00e3o \u00e0 recria\u00e7\u00e3o da Esaf.<br>\u2705 Confirma\u00e7\u00e3o da retirada de multa para venda de tabaco em folhas.<br>\u2705 Continuidade da comunica\u00e7\u00e3o digital obrigat\u00f3ria com contribuintes.<br>\u2705 Aus\u00eancia de exig\u00eancia de estudos de impacto para atualiza\u00e7\u00f5es de itens m\u00e9dicos e agropecu\u00e1rios com al\u00edquota reduzida.<br>\u2705 Rejei\u00e7\u00e3o ao benef\u00edcio fiscal extra para empresas que importam produtos e n\u00e3o os revendem presencialmente na Zona Franca de Manaus ou \u00c1reas de Livre Com\u00e9rcio.<\/p>\n\n\n\n<div class=\"wp-block-image\"><figure class=\"aligncenter size-large is-resized\"><a href=\"https:\/\/www.instagram.com\/rcradiadores\/\"><img loading=\"lazy\" decoding=\"async\" src=\"https:\/\/jornalfatosenoticias.com.br\/wp-content\/uploads\/2022\/10\/RC_800x750_page-0001.jpg\" alt=\"\" class=\"wp-image-35338\" width=\"324\" height=\"304\" srcset=\"https:\/\/jornalfatosenoticias.com.br\/wp-content\/uploads\/2022\/10\/RC_800x750_page-0001.jpg 400w, https:\/\/jornalfatosenoticias.com.br\/wp-content\/uploads\/2022\/10\/RC_800x750_page-0001-300x281.jpg 300w\" sizes=\"auto, (max-width: 324px) 100vw, 324px\" \/><\/a><\/figure><\/div>\n\n\n\n<p><strong><span class=\"has-inline-color has-black-color\">Adiamento dos vetos<br><\/span><\/strong>Na sess\u00e3o do Congresso, tamb\u00e9m houve um acordo entre oposi\u00e7\u00e3o e governistas para o adiamento da aprecia\u00e7\u00e3o dos seguintes vetos:<br>\u2705 30\/22: despacho gratuito de bagagens;<br>\u2705 9\/23: \u00c1reas de Reserva Legal;<br>\u2705 14\/23: Lei Geral do Esporte;<br>\u2705 18\/23: Programa Minha Casa, Minha Vida;<br>\u2705 46\/23 (dispositivos 1, 2, 3 e 6): licita\u00e7\u00f5es e contratos administrativos;<br>\u2705 10\/24: incentivo fiscal aos jogos eletr\u00f4nicos brasileiros independentes;<br>\u2705 12\/24: prazo de avalia\u00e7\u00e3o, pelo TCU, do incentivo fiscal para troca de m\u00e1quinas;<br>\u2705 14\/24 (dispositivos 4 e 5): acumula\u00e7\u00e3o de cargos e mandato da ANM;<br>\u2705 17\/24: descaracteriza\u00e7\u00e3o da Pol\u00edtica Nacional de Assist\u00eancia Estudantil;<br>\u2705 18\/24: processo seletivo para Ensino Superior;<br>\u2705 22\/24: regime escolar especial para alunos impossibilitados de ir \u00e0 escola;<br>\u2705 23\/24: Isen\u00e7\u00e3o de IPI em m\u00f3veis e eletrodom\u00e9stico para v\u00edtimas de desastres;<br>\u2705 24\/24: Uso do vale-cultura para atividades esportivas;<br>\u2705 25\/24: Prorroga\u00e7\u00e3o de financiamentos rurais em munic\u00edpios em emerg\u00eancia;<br>\u2705 26\/24: Estatuto da Seguran\u00e7a Privada;<br>\u2705 27\/24: Incentivos \u00e0 ind\u00fastria de semicondutores;<br>\u2705 31\/24: Regras aplic\u00e1veis \u00e0 VPNI do Senado Federal;<br>\u2705 32\/24: Regras aplic\u00e1veis \u00e0 VPNI da C\u00e2mara dos Deputados;<br>\u2705 37\/24: Cadastro Nacional de Ped\u00f3filos e Predadores Sexuais;<br>\u2705 39\/24: Revoga\u00e7\u00f5es de dispositivos na Lei Pel\u00e9;<br>\u2705 46\/24: Regras para concess\u00e3o do BPC e do Bolsa Fam\u00edlia;<br>\u2705 47\/24 (dispositivo 2, 5, 7 a 32, 35 a 44, 47 a 164): PLDO 2025;<br>\u2705 48\/24: Autoriza\u00e7\u00e3o para contingenciamento e bloqueio de emendas parlamentares n\u00e3o impositivas;<br>\u2705 50\/24: Cr\u00e9ditos de Descarboniza\u00e7\u00e3o;<br>\u2705 1\/25: Reconhecimento das barracas da Praia do Futuro (CE) como patrim\u00f4nio cultural;<br>\u2705 3\/25 (dispositivos 1 a 3, 7 a 17, 22 e 23): Marco regulat\u00f3rio de energia \u201coffshore\u201d;<br>\u2705 4\/25: Classifica\u00e7\u00e3o de diabetes tipo 1 como defici\u00eancia;<br>\u2705 5\/25: Programa de Pleno Pagamento de D\u00edvida dos Estados (Propag);<br>\u2705 7\/25 (dispositivos 3 a 9, 14, 15 e 23): Regulamenta\u00e7\u00e3o da reforma tribut\u00e1ria;<br>\u2705 10\/25 (dispositivo 1): PLOA 2025;<br>\u2705 12\/25: Atividades de risco permanente e altera\u00e7\u00f5es na prote\u00e7\u00e3o de dados.<\/p>\n\n\n\n<p><em><span class=\"has-inline-color has-black-color\"><strong>*<\/strong>Com informa\u00e7\u00f5es da Ag\u00eancia Senado<\/span><\/em><\/p>\n\n\n\n<div class=\"wp-block-image\"><figure class=\"aligncenter size-large is-resized\"><a href=\"https:\/\/www.facebook.com\/vetor.vix\/\"><img loading=\"lazy\" decoding=\"async\" src=\"https:\/\/jornalfatosenoticias.com.br\/wp-content\/uploads\/2023\/09\/vetorvix1024_1.jpg\" alt=\"\" class=\"wp-image-44868\" width=\"550\" height=\"146\" srcset=\"https:\/\/jornalfatosenoticias.com.br\/wp-content\/uploads\/2023\/09\/vetorvix1024_1.jpg 1024w, https:\/\/jornalfatosenoticias.com.br\/wp-content\/uploads\/2023\/09\/vetorvix1024_1-300x80.jpg 300w, https:\/\/jornalfatosenoticias.com.br\/wp-content\/uploads\/2023\/09\/vetorvix1024_1-768x205.jpg 768w\" sizes=\"auto, (max-width: 550px) 100vw, 550px\" \/><\/a><\/figure><\/div>\n\n\n\n<p><strong>Fonte: <a href=\"https:\/\/www.gazetadopovo.com.br\/economia\/congresso-derruba-vetos-de-lula-a-reforma-tributaria-e-eleva-impacto-na-conta-de-luz\/\">Gazeta do Povo<\/a><\/strong><\/p>\n","protected":false},"excerpt":{"rendered":"<p>Sess\u00e3o conjunta do Congresso Nacional destinada \u00e0 delibera\u00e7\u00e3o dos Vetos Por Ana Carolina Curvello Em uma sess\u00e3o marcada por acordos pol\u00edticos e interesses setoriais, o Congresso Nacional derrubou, na ter\u00e7a-feira (17), uma s\u00e9rie de vetos presidenciais, com impacto direto na tributa\u00e7\u00e3o do consumo, nas regras da LDO de 2024 e no setor el\u00e9trico. O destaque [&hellip;]<\/p>\n","protected":false},"author":3,"featured_media":60121,"comment_status":"open","ping_status":"open","sticky":false,"template":"","format":"standard","meta":{"footnotes":""},"categories":[9,10],"tags":[10224,2528,1168,18916,1900,4046,21945],"class_list":["post-60120","post","type-post","status-publish","format-standard","has-post-thumbnail","hentry","category-economia","category-politica","tag-congresso-nacional","tag-conta-de-luz","tag-mercado-financeiro","tag-ministerio-da-fazenda","tag-palacio-do-planalto","tag-reforma-tributaria","tag-vetos-de-lula"],"yoast_head":"<!-- This site is optimized with the Yoast SEO plugin v26.5 - https:\/\/yoast.com\/wordpress\/plugins\/seo\/ -->\n<title>Congresso derruba vetos de Lula \u00e0 reforma tribut\u00e1ria e eleva impacto na conta de luz - Jornal Fatos e Not\u00edcias<\/title>\n<meta name=\"robots\" content=\"index, follow, max-snippet:-1, max-image-preview:large, max-video-preview:-1\" \/>\n<link rel=\"canonical\" href=\"https:\/\/jornalfatosenoticias.com.br\/index.php\/2025\/06\/19\/congresso-derruba-vetos-de-lula-a-reforma-tributaria-e-eleva-impacto-na-conta-de-luz\/\" \/>\n<meta property=\"og:locale\" content=\"pt_BR\" \/>\n<meta property=\"og:type\" content=\"article\" \/>\n<meta property=\"og:title\" content=\"Congresso derruba vetos de Lula \u00e0 reforma tribut\u00e1ria e eleva impacto na conta de luz - Jornal Fatos e Not\u00edcias\" \/>\n<meta property=\"og:description\" content=\"Sess\u00e3o conjunta do Congresso Nacional destinada \u00e0 delibera\u00e7\u00e3o dos Vetos Por Ana Carolina Curvello Em uma sess\u00e3o marcada por acordos pol\u00edticos e interesses setoriais, o Congresso Nacional derrubou, na ter\u00e7a-feira (17), uma s\u00e9rie de vetos presidenciais, com impacto direto na tributa\u00e7\u00e3o do consumo, nas regras da LDO de 2024 e no setor el\u00e9trico. O destaque [&hellip;]\" \/>\n<meta property=\"og:url\" content=\"https:\/\/jornalfatosenoticias.com.br\/index.php\/2025\/06\/19\/congresso-derruba-vetos-de-lula-a-reforma-tributaria-e-eleva-impacto-na-conta-de-luz\/\" \/>\n<meta property=\"og:site_name\" content=\"Jornal Fatos e Not\u00edcias\" \/>\n<meta property=\"article:published_time\" content=\"2025-06-19T15:58:44+00:00\" \/>\n<meta property=\"article:modified_time\" content=\"2025-06-19T15:58:45+00:00\" \/>\n<meta property=\"og:image\" content=\"https:\/\/jornalfatosenoticias.com.br\/wp-content\/uploads\/2025\/06\/CONGRESSO-DERRUBA-VETOS-DE-LULA.jpg\" \/>\n\t<meta property=\"og:image:width\" content=\"640\" \/>\n\t<meta property=\"og:image:height\" content=\"427\" \/>\n\t<meta property=\"og:image:type\" content=\"image\/jpeg\" \/>\n<meta name=\"author\" content=\"Haroldo Filho\" \/>\n<meta name=\"twitter:card\" content=\"summary_large_image\" \/>\n<meta name=\"twitter:label1\" content=\"Escrito por\" \/>\n\t<meta name=\"twitter:data1\" content=\"Haroldo Filho\" \/>\n\t<meta name=\"twitter:label2\" content=\"Est. tempo de leitura\" \/>\n\t<meta name=\"twitter:data2\" content=\"5 minutos\" \/>\n<script type=\"application\/ld+json\" class=\"yoast-schema-graph\">{\"@context\":\"https:\/\/schema.org\",\"@graph\":[{\"@type\":\"Article\",\"@id\":\"https:\/\/jornalfatosenoticias.com.br\/index.php\/2025\/06\/19\/congresso-derruba-vetos-de-lula-a-reforma-tributaria-e-eleva-impacto-na-conta-de-luz\/#article\",\"isPartOf\":{\"@id\":\"https:\/\/jornalfatosenoticias.com.br\/index.php\/2025\/06\/19\/congresso-derruba-vetos-de-lula-a-reforma-tributaria-e-eleva-impacto-na-conta-de-luz\/\"},\"author\":{\"name\":\"Haroldo Filho\",\"@id\":\"https:\/\/jornalfatosenoticias.com.br\/#\/schema\/person\/05c46cc25b42a5c27e004fb0fa6b4965\"},\"headline\":\"Congresso derruba vetos de Lula \u00e0 reforma tribut\u00e1ria e eleva impacto na conta de luz\",\"datePublished\":\"2025-06-19T15:58:44+00:00\",\"dateModified\":\"2025-06-19T15:58:45+00:00\",\"mainEntityOfPage\":{\"@id\":\"https:\/\/jornalfatosenoticias.com.br\/index.php\/2025\/06\/19\/congresso-derruba-vetos-de-lula-a-reforma-tributaria-e-eleva-impacto-na-conta-de-luz\/\"},\"wordCount\":1081,\"commentCount\":0,\"publisher\":{\"@id\":\"https:\/\/jornalfatosenoticias.com.br\/#organization\"},\"image\":{\"@id\":\"https:\/\/jornalfatosenoticias.com.br\/index.php\/2025\/06\/19\/congresso-derruba-vetos-de-lula-a-reforma-tributaria-e-eleva-impacto-na-conta-de-luz\/#primaryimage\"},\"thumbnailUrl\":\"https:\/\/jornalfatosenoticias.com.br\/wp-content\/uploads\/2025\/06\/CONGRESSO-DERRUBA-VETOS-DE-LULA.jpg\",\"keywords\":[\"Congresso Nacional\",\"conta de luz\",\"mercado financeiro\",\"Minist\u00e9rio da Fazenda\",\"Pal\u00e1cio do Planalto\",\"Reforma Tribut\u00e1ria\",\"vetos de Lula\"],\"articleSection\":[\"Economia\",\"Pol\u00edtica\"],\"inLanguage\":\"pt-BR\",\"potentialAction\":[{\"@type\":\"CommentAction\",\"name\":\"Comment\",\"target\":[\"https:\/\/jornalfatosenoticias.com.br\/index.php\/2025\/06\/19\/congresso-derruba-vetos-de-lula-a-reforma-tributaria-e-eleva-impacto-na-conta-de-luz\/#respond\"]}]},{\"@type\":\"WebPage\",\"@id\":\"https:\/\/jornalfatosenoticias.com.br\/index.php\/2025\/06\/19\/congresso-derruba-vetos-de-lula-a-reforma-tributaria-e-eleva-impacto-na-conta-de-luz\/\",\"url\":\"https:\/\/jornalfatosenoticias.com.br\/index.php\/2025\/06\/19\/congresso-derruba-vetos-de-lula-a-reforma-tributaria-e-eleva-impacto-na-conta-de-luz\/\",\"name\":\"Congresso derruba vetos de Lula \u00e0 reforma tribut\u00e1ria e eleva impacto na conta de luz - Jornal Fatos e Not\u00edcias\",\"isPartOf\":{\"@id\":\"https:\/\/jornalfatosenoticias.com.br\/#website\"},\"primaryImageOfPage\":{\"@id\":\"https:\/\/jornalfatosenoticias.com.br\/index.php\/2025\/06\/19\/congresso-derruba-vetos-de-lula-a-reforma-tributaria-e-eleva-impacto-na-conta-de-luz\/#primaryimage\"},\"image\":{\"@id\":\"https:\/\/jornalfatosenoticias.com.br\/index.php\/2025\/06\/19\/congresso-derruba-vetos-de-lula-a-reforma-tributaria-e-eleva-impacto-na-conta-de-luz\/#primaryimage\"},\"thumbnailUrl\":\"https:\/\/jornalfatosenoticias.com.br\/wp-content\/uploads\/2025\/06\/CONGRESSO-DERRUBA-VETOS-DE-LULA.jpg\",\"datePublished\":\"2025-06-19T15:58:44+00:00\",\"dateModified\":\"2025-06-19T15:58:45+00:00\",\"breadcrumb\":{\"@id\":\"https:\/\/jornalfatosenoticias.com.br\/index.php\/2025\/06\/19\/congresso-derruba-vetos-de-lula-a-reforma-tributaria-e-eleva-impacto-na-conta-de-luz\/#breadcrumb\"},\"inLanguage\":\"pt-BR\",\"potentialAction\":[{\"@type\":\"ReadAction\",\"target\":[\"https:\/\/jornalfatosenoticias.com.br\/index.php\/2025\/06\/19\/congresso-derruba-vetos-de-lula-a-reforma-tributaria-e-eleva-impacto-na-conta-de-luz\/\"]}]},{\"@type\":\"ImageObject\",\"inLanguage\":\"pt-BR\",\"@id\":\"https:\/\/jornalfatosenoticias.com.br\/index.php\/2025\/06\/19\/congresso-derruba-vetos-de-lula-a-reforma-tributaria-e-eleva-impacto-na-conta-de-luz\/#primaryimage\",\"url\":\"https:\/\/jornalfatosenoticias.com.br\/wp-content\/uploads\/2025\/06\/CONGRESSO-DERRUBA-VETOS-DE-LULA.jpg\",\"contentUrl\":\"https:\/\/jornalfatosenoticias.com.br\/wp-content\/uploads\/2025\/06\/CONGRESSO-DERRUBA-VETOS-DE-LULA.jpg\",\"width\":640,\"height\":427},{\"@type\":\"BreadcrumbList\",\"@id\":\"https:\/\/jornalfatosenoticias.com.br\/index.php\/2025\/06\/19\/congresso-derruba-vetos-de-lula-a-reforma-tributaria-e-eleva-impacto-na-conta-de-luz\/#breadcrumb\",\"itemListElement\":[{\"@type\":\"ListItem\",\"position\":1,\"name\":\"In\u00edcio\",\"item\":\"https:\/\/jornalfatosenoticias.com.br\/\"},{\"@type\":\"ListItem\",\"position\":2,\"name\":\"Congresso derruba vetos de Lula \u00e0 reforma tribut\u00e1ria e eleva impacto na conta de luz\"}]},{\"@type\":\"WebSite\",\"@id\":\"https:\/\/jornalfatosenoticias.com.br\/#website\",\"url\":\"https:\/\/jornalfatosenoticias.com.br\/\",\"name\":\"Jornal Fatos e Not\u00edcias\",\"description\":\"Not\u00edcias em geral\",\"publisher\":{\"@id\":\"https:\/\/jornalfatosenoticias.com.br\/#organization\"},\"potentialAction\":[{\"@type\":\"SearchAction\",\"target\":{\"@type\":\"EntryPoint\",\"urlTemplate\":\"https:\/\/jornalfatosenoticias.com.br\/?s={search_term_string}\"},\"query-input\":{\"@type\":\"PropertyValueSpecification\",\"valueRequired\":true,\"valueName\":\"search_term_string\"}}],\"inLanguage\":\"pt-BR\"},{\"@type\":\"Organization\",\"@id\":\"https:\/\/jornalfatosenoticias.com.br\/#organization\",\"name\":\"Jornal Fatos e Not\u00edcias\",\"url\":\"https:\/\/jornalfatosenoticias.com.br\/\",\"logo\":{\"@type\":\"ImageObject\",\"inLanguage\":\"pt-BR\",\"@id\":\"https:\/\/jornalfatosenoticias.com.br\/#\/schema\/logo\/image\/\",\"url\":\"https:\/\/jornalfatosenoticias.com.br\/wp-content\/uploads\/2020\/02\/logo120.png\",\"contentUrl\":\"https:\/\/jornalfatosenoticias.com.br\/wp-content\/uploads\/2020\/02\/logo120.png\",\"width\":1227,\"height\":120,\"caption\":\"Jornal Fatos e Not\u00edcias\"},\"image\":{\"@id\":\"https:\/\/jornalfatosenoticias.com.br\/#\/schema\/logo\/image\/\"}},{\"@type\":\"Person\",\"@id\":\"https:\/\/jornalfatosenoticias.com.br\/#\/schema\/person\/05c46cc25b42a5c27e004fb0fa6b4965\",\"name\":\"Haroldo Filho\",\"image\":{\"@type\":\"ImageObject\",\"inLanguage\":\"pt-BR\",\"@id\":\"https:\/\/jornalfatosenoticias.com.br\/#\/schema\/person\/image\/\",\"url\":\"https:\/\/jornalfatosenoticias.com.br\/wp-content\/uploads\/2025\/08\/WhatsApp-Image-2025-08-18-at-15.30.28-150x150.jpeg\",\"contentUrl\":\"https:\/\/jornalfatosenoticias.com.br\/wp-content\/uploads\/2025\/08\/WhatsApp-Image-2025-08-18-at-15.30.28-150x150.jpeg\",\"caption\":\"Haroldo Filho\"},\"description\":\"Jornalista \u2013 DRT: 0003818\/ES Coordenador-geral da ONG Educar para Crescer\",\"url\":\"https:\/\/jornalfatosenoticias.com.br\/index.php\/author\/haroldo\/\"}]}<\/script>\n<!-- \/ Yoast SEO plugin. -->","yoast_head_json":{"title":"Congresso derruba vetos de Lula \u00e0 reforma tribut\u00e1ria e eleva impacto na conta de luz - Jornal Fatos e Not\u00edcias","robots":{"index":"index","follow":"follow","max-snippet":"max-snippet:-1","max-image-preview":"max-image-preview:large","max-video-preview":"max-video-preview:-1"},"canonical":"https:\/\/jornalfatosenoticias.com.br\/index.php\/2025\/06\/19\/congresso-derruba-vetos-de-lula-a-reforma-tributaria-e-eleva-impacto-na-conta-de-luz\/","og_locale":"pt_BR","og_type":"article","og_title":"Congresso derruba vetos de Lula \u00e0 reforma tribut\u00e1ria e eleva impacto na conta de luz - Jornal Fatos e Not\u00edcias","og_description":"Sess\u00e3o conjunta do Congresso Nacional destinada \u00e0 delibera\u00e7\u00e3o dos Vetos Por Ana Carolina Curvello Em uma sess\u00e3o marcada por acordos pol\u00edticos e interesses setoriais, o Congresso Nacional derrubou, na ter\u00e7a-feira (17), uma s\u00e9rie de vetos presidenciais, com impacto direto na tributa\u00e7\u00e3o do consumo, nas regras da LDO de 2024 e no setor el\u00e9trico. O destaque [&hellip;]","og_url":"https:\/\/jornalfatosenoticias.com.br\/index.php\/2025\/06\/19\/congresso-derruba-vetos-de-lula-a-reforma-tributaria-e-eleva-impacto-na-conta-de-luz\/","og_site_name":"Jornal Fatos e Not\u00edcias","article_published_time":"2025-06-19T15:58:44+00:00","article_modified_time":"2025-06-19T15:58:45+00:00","og_image":[{"width":640,"height":427,"url":"https:\/\/jornalfatosenoticias.com.br\/wp-content\/uploads\/2025\/06\/CONGRESSO-DERRUBA-VETOS-DE-LULA.jpg","type":"image\/jpeg"}],"author":"Haroldo Filho","twitter_card":"summary_large_image","twitter_misc":{"Escrito por":"Haroldo Filho","Est. tempo de leitura":"5 minutos"},"schema":{"@context":"https:\/\/schema.org","@graph":[{"@type":"Article","@id":"https:\/\/jornalfatosenoticias.com.br\/index.php\/2025\/06\/19\/congresso-derruba-vetos-de-lula-a-reforma-tributaria-e-eleva-impacto-na-conta-de-luz\/#article","isPartOf":{"@id":"https:\/\/jornalfatosenoticias.com.br\/index.php\/2025\/06\/19\/congresso-derruba-vetos-de-lula-a-reforma-tributaria-e-eleva-impacto-na-conta-de-luz\/"},"author":{"name":"Haroldo Filho","@id":"https:\/\/jornalfatosenoticias.com.br\/#\/schema\/person\/05c46cc25b42a5c27e004fb0fa6b4965"},"headline":"Congresso derruba vetos de Lula \u00e0 reforma tribut\u00e1ria e eleva impacto na conta de luz","datePublished":"2025-06-19T15:58:44+00:00","dateModified":"2025-06-19T15:58:45+00:00","mainEntityOfPage":{"@id":"https:\/\/jornalfatosenoticias.com.br\/index.php\/2025\/06\/19\/congresso-derruba-vetos-de-lula-a-reforma-tributaria-e-eleva-impacto-na-conta-de-luz\/"},"wordCount":1081,"commentCount":0,"publisher":{"@id":"https:\/\/jornalfatosenoticias.com.br\/#organization"},"image":{"@id":"https:\/\/jornalfatosenoticias.com.br\/index.php\/2025\/06\/19\/congresso-derruba-vetos-de-lula-a-reforma-tributaria-e-eleva-impacto-na-conta-de-luz\/#primaryimage"},"thumbnailUrl":"https:\/\/jornalfatosenoticias.com.br\/wp-content\/uploads\/2025\/06\/CONGRESSO-DERRUBA-VETOS-DE-LULA.jpg","keywords":["Congresso Nacional","conta de luz","mercado financeiro","Minist\u00e9rio da Fazenda","Pal\u00e1cio do Planalto","Reforma Tribut\u00e1ria","vetos de Lula"],"articleSection":["Economia","Pol\u00edtica"],"inLanguage":"pt-BR","potentialAction":[{"@type":"CommentAction","name":"Comment","target":["https:\/\/jornalfatosenoticias.com.br\/index.php\/2025\/06\/19\/congresso-derruba-vetos-de-lula-a-reforma-tributaria-e-eleva-impacto-na-conta-de-luz\/#respond"]}]},{"@type":"WebPage","@id":"https:\/\/jornalfatosenoticias.com.br\/index.php\/2025\/06\/19\/congresso-derruba-vetos-de-lula-a-reforma-tributaria-e-eleva-impacto-na-conta-de-luz\/","url":"https:\/\/jornalfatosenoticias.com.br\/index.php\/2025\/06\/19\/congresso-derruba-vetos-de-lula-a-reforma-tributaria-e-eleva-impacto-na-conta-de-luz\/","name":"Congresso derruba vetos de Lula \u00e0 reforma tribut\u00e1ria e eleva impacto na conta de luz - Jornal Fatos e Not\u00edcias","isPartOf":{"@id":"https:\/\/jornalfatosenoticias.com.br\/#website"},"primaryImageOfPage":{"@id":"https:\/\/jornalfatosenoticias.com.br\/index.php\/2025\/06\/19\/congresso-derruba-vetos-de-lula-a-reforma-tributaria-e-eleva-impacto-na-conta-de-luz\/#primaryimage"},"image":{"@id":"https:\/\/jornalfatosenoticias.com.br\/index.php\/2025\/06\/19\/congresso-derruba-vetos-de-lula-a-reforma-tributaria-e-eleva-impacto-na-conta-de-luz\/#primaryimage"},"thumbnailUrl":"https:\/\/jornalfatosenoticias.com.br\/wp-content\/uploads\/2025\/06\/CONGRESSO-DERRUBA-VETOS-DE-LULA.jpg","datePublished":"2025-06-19T15:58:44+00:00","dateModified":"2025-06-19T15:58:45+00:00","breadcrumb":{"@id":"https:\/\/jornalfatosenoticias.com.br\/index.php\/2025\/06\/19\/congresso-derruba-vetos-de-lula-a-reforma-tributaria-e-eleva-impacto-na-conta-de-luz\/#breadcrumb"},"inLanguage":"pt-BR","potentialAction":[{"@type":"ReadAction","target":["https:\/\/jornalfatosenoticias.com.br\/index.php\/2025\/06\/19\/congresso-derruba-vetos-de-lula-a-reforma-tributaria-e-eleva-impacto-na-conta-de-luz\/"]}]},{"@type":"ImageObject","inLanguage":"pt-BR","@id":"https:\/\/jornalfatosenoticias.com.br\/index.php\/2025\/06\/19\/congresso-derruba-vetos-de-lula-a-reforma-tributaria-e-eleva-impacto-na-conta-de-luz\/#primaryimage","url":"https:\/\/jornalfatosenoticias.com.br\/wp-content\/uploads\/2025\/06\/CONGRESSO-DERRUBA-VETOS-DE-LULA.jpg","contentUrl":"https:\/\/jornalfatosenoticias.com.br\/wp-content\/uploads\/2025\/06\/CONGRESSO-DERRUBA-VETOS-DE-LULA.jpg","width":640,"height":427},{"@type":"BreadcrumbList","@id":"https:\/\/jornalfatosenoticias.com.br\/index.php\/2025\/06\/19\/congresso-derruba-vetos-de-lula-a-reforma-tributaria-e-eleva-impacto-na-conta-de-luz\/#breadcrumb","itemListElement":[{"@type":"ListItem","position":1,"name":"In\u00edcio","item":"https:\/\/jornalfatosenoticias.com.br\/"},{"@type":"ListItem","position":2,"name":"Congresso derruba vetos de Lula \u00e0 reforma tribut\u00e1ria e eleva impacto na conta de luz"}]},{"@type":"WebSite","@id":"https:\/\/jornalfatosenoticias.com.br\/#website","url":"https:\/\/jornalfatosenoticias.com.br\/","name":"Jornal Fatos e Not\u00edcias","description":"Not\u00edcias em geral","publisher":{"@id":"https:\/\/jornalfatosenoticias.com.br\/#organization"},"potentialAction":[{"@type":"SearchAction","target":{"@type":"EntryPoint","urlTemplate":"https:\/\/jornalfatosenoticias.com.br\/?s={search_term_string}"},"query-input":{"@type":"PropertyValueSpecification","valueRequired":true,"valueName":"search_term_string"}}],"inLanguage":"pt-BR"},{"@type":"Organization","@id":"https:\/\/jornalfatosenoticias.com.br\/#organization","name":"Jornal Fatos e Not\u00edcias","url":"https:\/\/jornalfatosenoticias.com.br\/","logo":{"@type":"ImageObject","inLanguage":"pt-BR","@id":"https:\/\/jornalfatosenoticias.com.br\/#\/schema\/logo\/image\/","url":"https:\/\/jornalfatosenoticias.com.br\/wp-content\/uploads\/2020\/02\/logo120.png","contentUrl":"https:\/\/jornalfatosenoticias.com.br\/wp-content\/uploads\/2020\/02\/logo120.png","width":1227,"height":120,"caption":"Jornal Fatos e Not\u00edcias"},"image":{"@id":"https:\/\/jornalfatosenoticias.com.br\/#\/schema\/logo\/image\/"}},{"@type":"Person","@id":"https:\/\/jornalfatosenoticias.com.br\/#\/schema\/person\/05c46cc25b42a5c27e004fb0fa6b4965","name":"Haroldo Filho","image":{"@type":"ImageObject","inLanguage":"pt-BR","@id":"https:\/\/jornalfatosenoticias.com.br\/#\/schema\/person\/image\/","url":"https:\/\/jornalfatosenoticias.com.br\/wp-content\/uploads\/2025\/08\/WhatsApp-Image-2025-08-18-at-15.30.28-150x150.jpeg","contentUrl":"https:\/\/jornalfatosenoticias.com.br\/wp-content\/uploads\/2025\/08\/WhatsApp-Image-2025-08-18-at-15.30.28-150x150.jpeg","caption":"Haroldo Filho"},"description":"Jornalista \u2013 DRT: 0003818\/ES Coordenador-geral da ONG Educar para Crescer","url":"https:\/\/jornalfatosenoticias.com.br\/index.php\/author\/haroldo\/"}]}},"cc_featured_image_caption":{"caption_text":"(Foto: Andressa Anholete\/Ag\u00eancia Senado)","source_text":"","source_url":""},"jetpack_featured_media_url":"https:\/\/jornalfatosenoticias.com.br\/wp-content\/uploads\/2025\/06\/CONGRESSO-DERRUBA-VETOS-DE-LULA.jpg","_links":{"self":[{"href":"https:\/\/jornalfatosenoticias.com.br\/index.php\/wp-json\/wp\/v2\/posts\/60120","targetHints":{"allow":["GET"]}}],"collection":[{"href":"https:\/\/jornalfatosenoticias.com.br\/index.php\/wp-json\/wp\/v2\/posts"}],"about":[{"href":"https:\/\/jornalfatosenoticias.com.br\/index.php\/wp-json\/wp\/v2\/types\/post"}],"author":[{"embeddable":true,"href":"https:\/\/jornalfatosenoticias.com.br\/index.php\/wp-json\/wp\/v2\/users\/3"}],"replies":[{"embeddable":true,"href":"https:\/\/jornalfatosenoticias.com.br\/index.php\/wp-json\/wp\/v2\/comments?post=60120"}],"version-history":[{"count":0,"href":"https:\/\/jornalfatosenoticias.com.br\/index.php\/wp-json\/wp\/v2\/posts\/60120\/revisions"}],"wp:featuredmedia":[{"embeddable":true,"href":"https:\/\/jornalfatosenoticias.com.br\/index.php\/wp-json\/wp\/v2\/media\/60121"}],"wp:attachment":[{"href":"https:\/\/jornalfatosenoticias.com.br\/index.php\/wp-json\/wp\/v2\/media?parent=60120"}],"wp:term":[{"taxonomy":"category","embeddable":true,"href":"https:\/\/jornalfatosenoticias.com.br\/index.php\/wp-json\/wp\/v2\/categories?post=60120"},{"taxonomy":"post_tag","embeddable":true,"href":"https:\/\/jornalfatosenoticias.com.br\/index.php\/wp-json\/wp\/v2\/tags?post=60120"}],"curies":[{"name":"wp","href":"https:\/\/api.w.org\/{rel}","templated":true}]}}