{"id":60143,"date":"2025-06-23T10:06:02","date_gmt":"2025-06-23T13:06:02","guid":{"rendered":"https:\/\/jornalfatosenoticias.com.br\/?p=60143"},"modified":"2025-06-23T10:06:03","modified_gmt":"2025-06-23T13:06:03","slug":"vitamina-d-aumenta-a-chance-de-cancer-de-mama-desaparecer-com-quimioterapia","status":"publish","type":"post","link":"https:\/\/jornalfatosenoticias.com.br\/index.php\/2025\/06\/23\/vitamina-d-aumenta-a-chance-de-cancer-de-mama-desaparecer-com-quimioterapia\/","title":{"rendered":"Vitamina D aumenta a chance de c\u00e2ncer de mama desaparecer com quimioterapia"},"content":{"rendered":"\n<p><em><span class=\"has-inline-color has-black-color\">Em estudo realizado na Unesp de Botucatu com 80 mulheres acima dos 45 anos, suplementa\u00e7\u00e3o com baixas doses da subst\u00e2ncia quase dobrou a resposta ao tratamento<\/span><\/em><\/p>\n\n\n\n<p><span class=\"has-inline-color has-black-color\">Por <strong>Maria Fernanda Ziegler\/<a href=\"https:\/\/gizmodo.uol.com.br\/author\/agencia-fapesp\/\">Ag\u00eancia Fapesp<\/a><\/strong><\/span><\/p>\n\n\n\n<div class=\"wp-block-image\"><figure class=\"aligncenter size-large\"><a href=\"https:\/\/www.instagram.com\/rcradiadores\/\"><img loading=\"lazy\" decoding=\"async\" width=\"560\" height=\"60\" src=\"https:\/\/jornalfatosenoticias.com.br\/wp-content\/uploads\/2022\/10\/Propaganda-RC-Radiadores-Jornal_page-0001.jpg\" alt=\"\" class=\"wp-image-35270\" srcset=\"https:\/\/jornalfatosenoticias.com.br\/wp-content\/uploads\/2022\/10\/Propaganda-RC-Radiadores-Jornal_page-0001.jpg 560w, https:\/\/jornalfatosenoticias.com.br\/wp-content\/uploads\/2022\/10\/Propaganda-RC-Radiadores-Jornal_page-0001-300x32.jpg 300w\" sizes=\"auto, (max-width: 560px) 100vw, 560px\" \/><\/a><\/figure><\/div>\n\n\n\n<p>Estudo conduzido na Faculdade de Medicina de Botucatu da Universidade Estadual Paulista (FMB-Unesp) mostrou que a suplementa\u00e7\u00e3o de vitamina D em baixa dosagem pode aumentar a efic\u00e1cia do tratamento quimioter\u00e1pico em mulheres com c\u00e2ncer de mama. Com os resultados, a subst\u00e2ncia desponta como potencial alternativa para drogas de dif\u00edcil acesso, cujo objetivo tamb\u00e9m \u00e9 aumentar a resposta \u00e0 quimioterapia.<br><strong><a href=\"https:\/\/bv.fapesp.br\/pt\/auxilios\/104260\/papel-da-vitamina-d-sobre-o-risco-cardiovascular-e-prognostico-de-mulheres-na-pos-menopausa-com-canc\/?q=19\/01351-8\" target=\"_blank\" rel=\"noreferrer noopener\"><strong>Apoiada<\/strong><\/a><\/strong> pela Fapesp, a pesquisa envolveu 80 mulheres com mais de 45 anos que iriam iniciar o tratamento no ambulat\u00f3rio de oncologia do Hospital das Cl\u00ednicas da FMB-Unesp. Elas foram separadas em dois grupos: 40 delas tomaram 2.000 UI (unidades internacionais) de vitamina D por dia, enquanto as outras 40 receberam comprimidos placebo.<\/p>\n\n\n\n<div class=\"wp-block-image\"><figure class=\"aligncenter size-large is-resized\"><a href=\"https:\/\/www.facebook.com\/postobkr\/?locale=pt_BR\"><img loading=\"lazy\" decoding=\"async\" src=\"https:\/\/jornalfatosenoticias.com.br\/wp-content\/uploads\/2023\/08\/BKR-1024x1021.jpg\" alt=\"\" class=\"wp-image-44494\" width=\"302\" height=\"301\" srcset=\"https:\/\/jornalfatosenoticias.com.br\/wp-content\/uploads\/2023\/08\/BKR-1024x1021.jpg 1024w, https:\/\/jornalfatosenoticias.com.br\/wp-content\/uploads\/2023\/08\/BKR-300x300.jpg 300w, https:\/\/jornalfatosenoticias.com.br\/wp-content\/uploads\/2023\/08\/BKR-150x150.jpg 150w, https:\/\/jornalfatosenoticias.com.br\/wp-content\/uploads\/2023\/08\/BKR-768x766.jpg 768w, https:\/\/jornalfatosenoticias.com.br\/wp-content\/uploads\/2023\/08\/BKR.jpg 1080w\" sizes=\"auto, (max-width: 302px) 100vw, 302px\" \/><\/a><\/figure><\/div>\n\n\n\n<p>Ap\u00f3s os seis meses de tratamento oncol\u00f3gico e de suplementa\u00e7\u00e3o, 43% das participantes que usaram a vitamina D tiveram o desaparecimento da doen\u00e7a com a quimioterapia, contra 24% do grupo placebo. Todas as participantes do estudo realizaram a chamada quimioterapia neoadjuvante, quando o tratamento \u00e9 utilizado para facilitar a cirurgia de retirada do tumor.<\/p>\n\n\n\n<div class=\"wp-block-image\"><figure class=\"aligncenter size-large is-resized\"><a href=\"https:\/\/www.facebook.com\/profile.php?id=100069289606145\"><img loading=\"lazy\" decoding=\"async\" src=\"https:\/\/jornalfatosenoticias.com.br\/wp-content\/uploads\/2024\/11\/Guaitolini-Contabilidade-1024x714.jpeg\" alt=\"\" class=\"wp-image-55808\" width=\"328\" height=\"228\" srcset=\"https:\/\/jornalfatosenoticias.com.br\/wp-content\/uploads\/2024\/11\/Guaitolini-Contabilidade-1024x714.jpeg 1024w, https:\/\/jornalfatosenoticias.com.br\/wp-content\/uploads\/2024\/11\/Guaitolini-Contabilidade-300x209.jpeg 300w, https:\/\/jornalfatosenoticias.com.br\/wp-content\/uploads\/2024\/11\/Guaitolini-Contabilidade-768x535.jpeg 768w, https:\/\/jornalfatosenoticias.com.br\/wp-content\/uploads\/2024\/11\/Guaitolini-Contabilidade.jpeg 1280w\" sizes=\"auto, (max-width: 328px) 100vw, 328px\" \/><\/a><\/figure><\/div>\n\n\n\n<p>\u201cMesmo com uma amostra pequena de participantes, foi poss\u00edvel observar uma diferen\u00e7a expressiva na resposta \u00e0 quimioterapia. Al\u00e9m disso, a dosagem usada na pesquisa [2.000 UI por dia] est\u00e1 muito abaixo da dose de ataque para a corre\u00e7\u00e3o da defici\u00eancia de vitamina D, que costuma ser 50.000 UI por semana\u201d, afirma <strong><a href=\"https:\/\/bv.fapesp.br\/pt\/pesquisador\/704378\/eduardo-carvalho-pessoa\/\" target=\"_blank\" rel=\"noreferrer noopener\"><strong>Eduardo Carvalho-Pessoa<\/strong><\/a><\/strong>, presidente da Sociedade Brasileira de Mastologia Regional S\u00e3o Paulo e um dos autores do <a href=\"https:\/\/www.tandfonline.com\/doi\/full\/10.1080\/01635581.2025.2480854\" target=\"_blank\" rel=\"noreferrer noopener\"><strong>artigo<\/strong><\/a>\u00a0publicado na revista\u00a0<em>Nutrition and Cancer<\/em>.<\/p>\n\n\n\n<div class=\"wp-block-image\"><figure class=\"aligncenter size-large is-resized\"><a href=\"https:\/\/www.instagram.com\/esteio.churrascaria\/\"><img loading=\"lazy\" decoding=\"async\" src=\"https:\/\/jornalfatosenoticias.com.br\/wp-content\/uploads\/2022\/02\/LOGO-ESTEIO-1024x730.png\" alt=\"\" class=\"wp-image-27942\" width=\"312\" height=\"222\" srcset=\"https:\/\/jornalfatosenoticias.com.br\/wp-content\/uploads\/2022\/02\/LOGO-ESTEIO-1024x730.png 1024w, https:\/\/jornalfatosenoticias.com.br\/wp-content\/uploads\/2022\/02\/LOGO-ESTEIO-300x214.png 300w, https:\/\/jornalfatosenoticias.com.br\/wp-content\/uploads\/2022\/02\/LOGO-ESTEIO-768x548.png 768w, https:\/\/jornalfatosenoticias.com.br\/wp-content\/uploads\/2022\/02\/LOGO-ESTEIO.png 1123w\" sizes=\"auto, (max-width: 312px) 100vw, 312px\" \/><\/a><\/figure><\/div>\n\n\n\n<p><strong><span class=\"has-inline-color has-vivid-cyan-blue-color\">Imunidade<\/span><\/strong><br>A vitamina D \u00e9 um horm\u00f4nio que atua na absor\u00e7\u00e3o de c\u00e1lcio e f\u00f3sforo, sendo fundamental para a sa\u00fade \u00f3ssea. Estudos recentes t\u00eam destacado que ela tamb\u00e9m desempenha um papel importante no sistema imunol\u00f3gico, ajudando a combater infec\u00e7\u00f5es e doen\u00e7as como o c\u00e2ncer. No entanto, a maioria dos estudos que relacionam c\u00e2ncer e suplementa\u00e7\u00e3o de vitamina D utilizou doses elevadas da subst\u00e2ncia.<\/p>\n\n\n\n<div class=\"wp-block-image\"><figure class=\"aligncenter size-large is-resized\"><a href=\"https:\/\/hotelmarquetti.com.br\/\"><img loading=\"lazy\" decoding=\"async\" src=\"https:\/\/jornalfatosenoticias.com.br\/wp-content\/uploads\/2020\/02\/LOGO-MQ-1024x680.jpg\" alt=\"\" class=\"wp-image-58299\" width=\"360\" height=\"239\" srcset=\"https:\/\/jornalfatosenoticias.com.br\/wp-content\/uploads\/2020\/02\/LOGO-MQ-1024x680.jpg 1024w, https:\/\/jornalfatosenoticias.com.br\/wp-content\/uploads\/2020\/02\/LOGO-MQ-300x199.jpg 300w, https:\/\/jornalfatosenoticias.com.br\/wp-content\/uploads\/2020\/02\/LOGO-MQ-768x510.jpg 768w, https:\/\/jornalfatosenoticias.com.br\/wp-content\/uploads\/2020\/02\/LOGO-MQ-1536x1020.jpg 1536w, https:\/\/jornalfatosenoticias.com.br\/wp-content\/uploads\/2020\/02\/LOGO-MQ-2048x1360.jpg 2048w\" sizes=\"auto, (max-width: 360px) 100vw, 360px\" \/><\/a><\/figure><\/div>\n\n\n\n<p>A obten\u00e7\u00e3o desse horm\u00f4nio se d\u00e1, sobretudo, por meio da exposi\u00e7\u00e3o \u00e0 luz solar e da alimenta\u00e7\u00e3o. A ingest\u00e3o di\u00e1ria recomendada para quem n\u00e3o tem car\u00eancia da vitamina \u00e9 de 600 UI, enquanto pessoas idosas devem consumir 800 UI por dia. A Academia Americana de Pediatria recomenda 400 UI de vitamina D por dia para beb\u00eas. Vale lembrar que o excesso pode ser t\u00f3xico e causar v\u00f4mito, fraqueza, al\u00e9m de dores \u00f3sseas e c\u00e1lculo renal.<\/p>\n\n\n\n<div class=\"wp-block-image\"><figure class=\"aligncenter size-large\"><a href=\"http:\/\/www.ferrarimaquinas.com.br\/\"><img loading=\"lazy\" decoding=\"async\" width=\"300\" height=\"250\" src=\"https:\/\/jornalfatosenoticias.com.br\/wp-content\/uploads\/2022\/02\/FERRARI_MAQUINAS-E-FERRAMENTAS2.jpg\" alt=\"\" class=\"wp-image-27860\"\/><\/a><\/figure><\/div>\n\n\n\n<p>A maior parte das participantes do estudo tinha n\u00edveis baixos de vitamina D (menos de 20 nanogramas por mililitro de sangue \u2014 ng\/mL). Segundo a Sociedade Brasileira de Reumatologia, o recomendado \u00e9 entre 40 e 70 ng\/mL. \u201cCom a suplementa\u00e7\u00e3o, os n\u00edveis aumentaram ao longo do tratamento quimioter\u00e1pico, o que refor\u00e7a uma poss\u00edvel contribui\u00e7\u00e3o na recupera\u00e7\u00e3o das pacientes\u201d, conta \u00e0 Ag\u00eancia Fapesp Carvalho-Pessoa. \u201cA vitamina D \u00e9 uma op\u00e7\u00e3o acess\u00edvel e barata em compara\u00e7\u00e3o a outras drogas usadas para melhorar a resposta \u00e0 quimioterapia, algumas delas nem inclu\u00eddas no rol do Sistema \u00danico de Sa\u00fade\u201d, acrescenta.<\/p>\n\n\n\n<div class=\"wp-block-image\"><figure class=\"aligncenter size-large is-resized\"><a href=\"https:\/\/www.instagram.com\/gruposei\/\"><img loading=\"lazy\" decoding=\"async\" src=\"https:\/\/jornalfatosenoticias.com.br\/wp-content\/uploads\/2022\/07\/Logo-Grupo-SEI.jpg\" alt=\"\" class=\"wp-image-31973\" width=\"373\" height=\"196\" srcset=\"https:\/\/jornalfatosenoticias.com.br\/wp-content\/uploads\/2022\/07\/Logo-Grupo-SEI.jpg 713w, https:\/\/jornalfatosenoticias.com.br\/wp-content\/uploads\/2022\/07\/Logo-Grupo-SEI-300x158.jpg 300w\" sizes=\"auto, (max-width: 373px) 100vw, 373px\" \/><\/a><\/figure><\/div>\n\n\n\n<p>Para o pesquisador, os achados abrem caminho para uma investiga\u00e7\u00e3o mais aprofundada sobre o papel auxiliar da subst\u00e2ncia na resposta ao tratamento oncol\u00f3gico. <\/p>\n\n\n\n<blockquote class=\"wp-block-quote is-layout-flow wp-block-quote-is-layout-flow\"><p><span class=\"has-inline-color has-luminous-vivid-orange-color\">S\u00e3o resultados animadores que justificam uma nova rodada de estudos com um n\u00famero maior de participantes. Isso vai permitir um maior entendimento sobre o papel da vitamina D no aumento da resposta ao tratamento quimioter\u00e1pico e, por consequ\u00eancia, na maior chance de remiss\u00e3o do c\u00e2ncer de mama\u201d, conclui.<\/span><\/p><\/blockquote>\n\n\n\n<div class=\"wp-block-image\"><figure class=\"aligncenter size-large is-resized\"><a href=\"https:\/\/www.facebook.com\/vetor.vix\/\"><img loading=\"lazy\" decoding=\"async\" src=\"https:\/\/jornalfatosenoticias.com.br\/wp-content\/uploads\/2023\/09\/vetorvix1024_1.jpg\" alt=\"\" class=\"wp-image-44868\" width=\"554\" height=\"147\" srcset=\"https:\/\/jornalfatosenoticias.com.br\/wp-content\/uploads\/2023\/09\/vetorvix1024_1.jpg 1024w, https:\/\/jornalfatosenoticias.com.br\/wp-content\/uploads\/2023\/09\/vetorvix1024_1-300x80.jpg 300w, https:\/\/jornalfatosenoticias.com.br\/wp-content\/uploads\/2023\/09\/vetorvix1024_1-768x205.jpg 768w\" sizes=\"auto, (max-width: 554px) 100vw, 554px\" \/><\/a><\/figure><\/div>\n\n\n\n<p>O artigo Vitamin D Supplementation Improves Pathological Complete Response in Breast Cancer Patients Undergoing Neoadjuvant Chemotherapy: A Randomized Clinical Trial pode ser lido em:\u00a0<a href=\"https:\/\/www.tandfonline.com\/doi\/full\/10.1080\/01635581.2025.2480854\" target=\"_blank\" rel=\"noreferrer noopener\"><strong>www.tandfonline.com\/doi\/full\/10.1080\/01635581.2025.2480854<\/strong><\/a>.<\/p>\n\n\n\n<p><strong>Fonte: <a href=\"https:\/\/gizmodo.uol.com.br\/vitamina-d-aumenta-a-chance-de-cancer-de-mama-desaparecer-com-quimioterapia\/\">Giz Brasil<\/a><\/strong><\/p>\n","protected":false},"excerpt":{"rendered":"<p>Em estudo realizado na Unesp de Botucatu com 80 mulheres acima dos 45 anos, suplementa\u00e7\u00e3o com baixas doses da subst\u00e2ncia quase dobrou a resposta ao tratamento Por Maria Fernanda Ziegler\/Ag\u00eancia Fapesp Estudo conduzido na Faculdade de Medicina de Botucatu da Universidade Estadual Paulista (FMB-Unesp) mostrou que a suplementa\u00e7\u00e3o de vitamina D em baixa dosagem pode [&hellip;]<\/p>\n","protected":false},"author":2,"featured_media":60144,"comment_status":"open","ping_status":"open","sticky":false,"template":"","format":"standard","meta":{"footnotes":""},"categories":[11],"tags":[642,113,727,3029,1126,27431,7953],"class_list":["post-60143","post","type-post","status-publish","format-standard","has-post-thumbnail","hentry","category-saude","tag-cancer","tag-fapesp","tag-hormonio","tag-luz-solar","tag-quimioterapia","tag-tratamento-oncologico","tag-vitamina-d"],"yoast_head":"<!-- This site is optimized with the Yoast SEO plugin v26.5 - https:\/\/yoast.com\/wordpress\/plugins\/seo\/ -->\n<title>Vitamina D aumenta a chance de c\u00e2ncer de mama desaparecer com quimioterapia - Jornal Fatos e Not\u00edcias<\/title>\n<meta name=\"robots\" content=\"index, follow, max-snippet:-1, max-image-preview:large, max-video-preview:-1\" \/>\n<link rel=\"canonical\" href=\"https:\/\/jornalfatosenoticias.com.br\/index.php\/2025\/06\/23\/vitamina-d-aumenta-a-chance-de-cancer-de-mama-desaparecer-com-quimioterapia\/\" \/>\n<meta property=\"og:locale\" content=\"pt_BR\" \/>\n<meta property=\"og:type\" content=\"article\" \/>\n<meta property=\"og:title\" content=\"Vitamina D aumenta a chance de c\u00e2ncer de mama desaparecer com quimioterapia - Jornal Fatos e Not\u00edcias\" \/>\n<meta property=\"og:description\" content=\"Em estudo realizado na Unesp de Botucatu com 80 mulheres acima dos 45 anos, suplementa\u00e7\u00e3o com baixas doses da subst\u00e2ncia quase dobrou a resposta ao tratamento Por Maria Fernanda Ziegler\/Ag\u00eancia Fapesp Estudo conduzido na Faculdade de Medicina de Botucatu da Universidade Estadual Paulista (FMB-Unesp) mostrou que a suplementa\u00e7\u00e3o de vitamina D em baixa dosagem pode [&hellip;]\" \/>\n<meta property=\"og:url\" content=\"https:\/\/jornalfatosenoticias.com.br\/index.php\/2025\/06\/23\/vitamina-d-aumenta-a-chance-de-cancer-de-mama-desaparecer-com-quimioterapia\/\" \/>\n<meta property=\"og:site_name\" content=\"Jornal Fatos e Not\u00edcias\" \/>\n<meta property=\"article:published_time\" content=\"2025-06-23T13:06:02+00:00\" \/>\n<meta property=\"article:modified_time\" content=\"2025-06-23T13:06:03+00:00\" \/>\n<meta property=\"og:image\" content=\"https:\/\/jornalfatosenoticias.com.br\/wp-content\/uploads\/2025\/06\/cancer_vitaminaD_freepik.jpeg\" \/>\n\t<meta property=\"og:image:width\" content=\"740\" \/>\n\t<meta property=\"og:image:height\" content=\"493\" \/>\n\t<meta property=\"og:image:type\" content=\"image\/jpeg\" \/>\n<meta name=\"author\" content=\"Luzimara Fernandes\" \/>\n<meta name=\"twitter:card\" content=\"summary_large_image\" \/>\n<meta name=\"twitter:label1\" content=\"Escrito por\" \/>\n\t<meta name=\"twitter:data1\" content=\"Luzimara Fernandes\" \/>\n\t<meta name=\"twitter:label2\" content=\"Est. tempo de leitura\" \/>\n\t<meta name=\"twitter:data2\" content=\"3 minutos\" \/>\n<script type=\"application\/ld+json\" class=\"yoast-schema-graph\">{\"@context\":\"https:\/\/schema.org\",\"@graph\":[{\"@type\":\"Article\",\"@id\":\"https:\/\/jornalfatosenoticias.com.br\/index.php\/2025\/06\/23\/vitamina-d-aumenta-a-chance-de-cancer-de-mama-desaparecer-com-quimioterapia\/#article\",\"isPartOf\":{\"@id\":\"https:\/\/jornalfatosenoticias.com.br\/index.php\/2025\/06\/23\/vitamina-d-aumenta-a-chance-de-cancer-de-mama-desaparecer-com-quimioterapia\/\"},\"author\":{\"name\":\"Luzimara Fernandes\",\"@id\":\"https:\/\/jornalfatosenoticias.com.br\/#\/schema\/person\/d63837fa13ac8666eb9e74e0985d6f81\"},\"headline\":\"Vitamina D aumenta a chance de c\u00e2ncer de mama desaparecer com quimioterapia\",\"datePublished\":\"2025-06-23T13:06:02+00:00\",\"dateModified\":\"2025-06-23T13:06:03+00:00\",\"mainEntityOfPage\":{\"@id\":\"https:\/\/jornalfatosenoticias.com.br\/index.php\/2025\/06\/23\/vitamina-d-aumenta-a-chance-de-cancer-de-mama-desaparecer-com-quimioterapia\/\"},\"wordCount\":667,\"commentCount\":0,\"publisher\":{\"@id\":\"https:\/\/jornalfatosenoticias.com.br\/#organization\"},\"image\":{\"@id\":\"https:\/\/jornalfatosenoticias.com.br\/index.php\/2025\/06\/23\/vitamina-d-aumenta-a-chance-de-cancer-de-mama-desaparecer-com-quimioterapia\/#primaryimage\"},\"thumbnailUrl\":\"https:\/\/jornalfatosenoticias.com.br\/wp-content\/uploads\/2025\/06\/cancer_vitaminaD_freepik.jpeg\",\"keywords\":[\"c\u00e2ncer\",\"fapesp\",\"horm\u00f4nio\",\"luz solar\",\"quimioterapia\",\"tratamento oncol\u00f3gico\",\"vitamina D\"],\"articleSection\":[\"Sa\u00fade\"],\"inLanguage\":\"pt-BR\",\"potentialAction\":[{\"@type\":\"CommentAction\",\"name\":\"Comment\",\"target\":[\"https:\/\/jornalfatosenoticias.com.br\/index.php\/2025\/06\/23\/vitamina-d-aumenta-a-chance-de-cancer-de-mama-desaparecer-com-quimioterapia\/#respond\"]}]},{\"@type\":\"WebPage\",\"@id\":\"https:\/\/jornalfatosenoticias.com.br\/index.php\/2025\/06\/23\/vitamina-d-aumenta-a-chance-de-cancer-de-mama-desaparecer-com-quimioterapia\/\",\"url\":\"https:\/\/jornalfatosenoticias.com.br\/index.php\/2025\/06\/23\/vitamina-d-aumenta-a-chance-de-cancer-de-mama-desaparecer-com-quimioterapia\/\",\"name\":\"Vitamina D aumenta a chance de c\u00e2ncer de mama desaparecer com quimioterapia - Jornal Fatos e Not\u00edcias\",\"isPartOf\":{\"@id\":\"https:\/\/jornalfatosenoticias.com.br\/#website\"},\"primaryImageOfPage\":{\"@id\":\"https:\/\/jornalfatosenoticias.com.br\/index.php\/2025\/06\/23\/vitamina-d-aumenta-a-chance-de-cancer-de-mama-desaparecer-com-quimioterapia\/#primaryimage\"},\"image\":{\"@id\":\"https:\/\/jornalfatosenoticias.com.br\/index.php\/2025\/06\/23\/vitamina-d-aumenta-a-chance-de-cancer-de-mama-desaparecer-com-quimioterapia\/#primaryimage\"},\"thumbnailUrl\":\"https:\/\/jornalfatosenoticias.com.br\/wp-content\/uploads\/2025\/06\/cancer_vitaminaD_freepik.jpeg\",\"datePublished\":\"2025-06-23T13:06:02+00:00\",\"dateModified\":\"2025-06-23T13:06:03+00:00\",\"breadcrumb\":{\"@id\":\"https:\/\/jornalfatosenoticias.com.br\/index.php\/2025\/06\/23\/vitamina-d-aumenta-a-chance-de-cancer-de-mama-desaparecer-com-quimioterapia\/#breadcrumb\"},\"inLanguage\":\"pt-BR\",\"potentialAction\":[{\"@type\":\"ReadAction\",\"target\":[\"https:\/\/jornalfatosenoticias.com.br\/index.php\/2025\/06\/23\/vitamina-d-aumenta-a-chance-de-cancer-de-mama-desaparecer-com-quimioterapia\/\"]}]},{\"@type\":\"ImageObject\",\"inLanguage\":\"pt-BR\",\"@id\":\"https:\/\/jornalfatosenoticias.com.br\/index.php\/2025\/06\/23\/vitamina-d-aumenta-a-chance-de-cancer-de-mama-desaparecer-com-quimioterapia\/#primaryimage\",\"url\":\"https:\/\/jornalfatosenoticias.com.br\/wp-content\/uploads\/2025\/06\/cancer_vitaminaD_freepik.jpeg\",\"contentUrl\":\"https:\/\/jornalfatosenoticias.com.br\/wp-content\/uploads\/2025\/06\/cancer_vitaminaD_freepik.jpeg\",\"width\":740,\"height\":493},{\"@type\":\"BreadcrumbList\",\"@id\":\"https:\/\/jornalfatosenoticias.com.br\/index.php\/2025\/06\/23\/vitamina-d-aumenta-a-chance-de-cancer-de-mama-desaparecer-com-quimioterapia\/#breadcrumb\",\"itemListElement\":[{\"@type\":\"ListItem\",\"position\":1,\"name\":\"In\u00edcio\",\"item\":\"https:\/\/jornalfatosenoticias.com.br\/\"},{\"@type\":\"ListItem\",\"position\":2,\"name\":\"Vitamina D aumenta a chance de c\u00e2ncer de mama desaparecer com quimioterapia\"}]},{\"@type\":\"WebSite\",\"@id\":\"https:\/\/jornalfatosenoticias.com.br\/#website\",\"url\":\"https:\/\/jornalfatosenoticias.com.br\/\",\"name\":\"Jornal Fatos e Not\u00edcias\",\"description\":\"Not\u00edcias em geral\",\"publisher\":{\"@id\":\"https:\/\/jornalfatosenoticias.com.br\/#organization\"},\"potentialAction\":[{\"@type\":\"SearchAction\",\"target\":{\"@type\":\"EntryPoint\",\"urlTemplate\":\"https:\/\/jornalfatosenoticias.com.br\/?s={search_term_string}\"},\"query-input\":{\"@type\":\"PropertyValueSpecification\",\"valueRequired\":true,\"valueName\":\"search_term_string\"}}],\"inLanguage\":\"pt-BR\"},{\"@type\":\"Organization\",\"@id\":\"https:\/\/jornalfatosenoticias.com.br\/#organization\",\"name\":\"Jornal Fatos e Not\u00edcias\",\"url\":\"https:\/\/jornalfatosenoticias.com.br\/\",\"logo\":{\"@type\":\"ImageObject\",\"inLanguage\":\"pt-BR\",\"@id\":\"https:\/\/jornalfatosenoticias.com.br\/#\/schema\/logo\/image\/\",\"url\":\"https:\/\/jornalfatosenoticias.com.br\/wp-content\/uploads\/2020\/02\/logo120.png\",\"contentUrl\":\"https:\/\/jornalfatosenoticias.com.br\/wp-content\/uploads\/2020\/02\/logo120.png\",\"width\":1227,\"height\":120,\"caption\":\"Jornal Fatos e Not\u00edcias\"},\"image\":{\"@id\":\"https:\/\/jornalfatosenoticias.com.br\/#\/schema\/logo\/image\/\"}},{\"@type\":\"Person\",\"@id\":\"https:\/\/jornalfatosenoticias.com.br\/#\/schema\/person\/d63837fa13ac8666eb9e74e0985d6f81\",\"name\":\"Luzimara Fernandes\",\"image\":{\"@type\":\"ImageObject\",\"inLanguage\":\"pt-BR\",\"@id\":\"https:\/\/jornalfatosenoticias.com.br\/#\/schema\/person\/image\/\",\"url\":\"https:\/\/jornalfatosenoticias.com.br\/wp-content\/uploads\/2025\/05\/EU_portal.jpg\",\"contentUrl\":\"https:\/\/jornalfatosenoticias.com.br\/wp-content\/uploads\/2025\/05\/EU_portal.jpg\",\"caption\":\"Luzimara Fernandes\"},\"description\":\"Jornalista MTB 2358-ES\",\"sameAs\":[\"https:\/\/jornalfatosenoticias.com.br\"],\"url\":\"https:\/\/jornalfatosenoticias.com.br\/index.php\/author\/luzimara\/\"}]}<\/script>\n<!-- \/ Yoast SEO plugin. -->","yoast_head_json":{"title":"Vitamina D aumenta a chance de c\u00e2ncer de mama desaparecer com quimioterapia - Jornal Fatos e Not\u00edcias","robots":{"index":"index","follow":"follow","max-snippet":"max-snippet:-1","max-image-preview":"max-image-preview:large","max-video-preview":"max-video-preview:-1"},"canonical":"https:\/\/jornalfatosenoticias.com.br\/index.php\/2025\/06\/23\/vitamina-d-aumenta-a-chance-de-cancer-de-mama-desaparecer-com-quimioterapia\/","og_locale":"pt_BR","og_type":"article","og_title":"Vitamina D aumenta a chance de c\u00e2ncer de mama desaparecer com quimioterapia - Jornal Fatos e Not\u00edcias","og_description":"Em estudo realizado na Unesp de Botucatu com 80 mulheres acima dos 45 anos, suplementa\u00e7\u00e3o com baixas doses da subst\u00e2ncia quase dobrou a resposta ao tratamento Por Maria Fernanda Ziegler\/Ag\u00eancia Fapesp Estudo conduzido na Faculdade de Medicina de Botucatu da Universidade Estadual Paulista (FMB-Unesp) mostrou que a suplementa\u00e7\u00e3o de vitamina D em baixa dosagem pode [&hellip;]","og_url":"https:\/\/jornalfatosenoticias.com.br\/index.php\/2025\/06\/23\/vitamina-d-aumenta-a-chance-de-cancer-de-mama-desaparecer-com-quimioterapia\/","og_site_name":"Jornal Fatos e Not\u00edcias","article_published_time":"2025-06-23T13:06:02+00:00","article_modified_time":"2025-06-23T13:06:03+00:00","og_image":[{"width":740,"height":493,"url":"https:\/\/jornalfatosenoticias.com.br\/wp-content\/uploads\/2025\/06\/cancer_vitaminaD_freepik.jpeg","type":"image\/jpeg"}],"author":"Luzimara Fernandes","twitter_card":"summary_large_image","twitter_misc":{"Escrito por":"Luzimara Fernandes","Est. tempo de leitura":"3 minutos"},"schema":{"@context":"https:\/\/schema.org","@graph":[{"@type":"Article","@id":"https:\/\/jornalfatosenoticias.com.br\/index.php\/2025\/06\/23\/vitamina-d-aumenta-a-chance-de-cancer-de-mama-desaparecer-com-quimioterapia\/#article","isPartOf":{"@id":"https:\/\/jornalfatosenoticias.com.br\/index.php\/2025\/06\/23\/vitamina-d-aumenta-a-chance-de-cancer-de-mama-desaparecer-com-quimioterapia\/"},"author":{"name":"Luzimara Fernandes","@id":"https:\/\/jornalfatosenoticias.com.br\/#\/schema\/person\/d63837fa13ac8666eb9e74e0985d6f81"},"headline":"Vitamina D aumenta a chance de c\u00e2ncer de mama desaparecer com quimioterapia","datePublished":"2025-06-23T13:06:02+00:00","dateModified":"2025-06-23T13:06:03+00:00","mainEntityOfPage":{"@id":"https:\/\/jornalfatosenoticias.com.br\/index.php\/2025\/06\/23\/vitamina-d-aumenta-a-chance-de-cancer-de-mama-desaparecer-com-quimioterapia\/"},"wordCount":667,"commentCount":0,"publisher":{"@id":"https:\/\/jornalfatosenoticias.com.br\/#organization"},"image":{"@id":"https:\/\/jornalfatosenoticias.com.br\/index.php\/2025\/06\/23\/vitamina-d-aumenta-a-chance-de-cancer-de-mama-desaparecer-com-quimioterapia\/#primaryimage"},"thumbnailUrl":"https:\/\/jornalfatosenoticias.com.br\/wp-content\/uploads\/2025\/06\/cancer_vitaminaD_freepik.jpeg","keywords":["c\u00e2ncer","fapesp","horm\u00f4nio","luz solar","quimioterapia","tratamento oncol\u00f3gico","vitamina D"],"articleSection":["Sa\u00fade"],"inLanguage":"pt-BR","potentialAction":[{"@type":"CommentAction","name":"Comment","target":["https:\/\/jornalfatosenoticias.com.br\/index.php\/2025\/06\/23\/vitamina-d-aumenta-a-chance-de-cancer-de-mama-desaparecer-com-quimioterapia\/#respond"]}]},{"@type":"WebPage","@id":"https:\/\/jornalfatosenoticias.com.br\/index.php\/2025\/06\/23\/vitamina-d-aumenta-a-chance-de-cancer-de-mama-desaparecer-com-quimioterapia\/","url":"https:\/\/jornalfatosenoticias.com.br\/index.php\/2025\/06\/23\/vitamina-d-aumenta-a-chance-de-cancer-de-mama-desaparecer-com-quimioterapia\/","name":"Vitamina D aumenta a chance de c\u00e2ncer de mama desaparecer com quimioterapia - Jornal Fatos e Not\u00edcias","isPartOf":{"@id":"https:\/\/jornalfatosenoticias.com.br\/#website"},"primaryImageOfPage":{"@id":"https:\/\/jornalfatosenoticias.com.br\/index.php\/2025\/06\/23\/vitamina-d-aumenta-a-chance-de-cancer-de-mama-desaparecer-com-quimioterapia\/#primaryimage"},"image":{"@id":"https:\/\/jornalfatosenoticias.com.br\/index.php\/2025\/06\/23\/vitamina-d-aumenta-a-chance-de-cancer-de-mama-desaparecer-com-quimioterapia\/#primaryimage"},"thumbnailUrl":"https:\/\/jornalfatosenoticias.com.br\/wp-content\/uploads\/2025\/06\/cancer_vitaminaD_freepik.jpeg","datePublished":"2025-06-23T13:06:02+00:00","dateModified":"2025-06-23T13:06:03+00:00","breadcrumb":{"@id":"https:\/\/jornalfatosenoticias.com.br\/index.php\/2025\/06\/23\/vitamina-d-aumenta-a-chance-de-cancer-de-mama-desaparecer-com-quimioterapia\/#breadcrumb"},"inLanguage":"pt-BR","potentialAction":[{"@type":"ReadAction","target":["https:\/\/jornalfatosenoticias.com.br\/index.php\/2025\/06\/23\/vitamina-d-aumenta-a-chance-de-cancer-de-mama-desaparecer-com-quimioterapia\/"]}]},{"@type":"ImageObject","inLanguage":"pt-BR","@id":"https:\/\/jornalfatosenoticias.com.br\/index.php\/2025\/06\/23\/vitamina-d-aumenta-a-chance-de-cancer-de-mama-desaparecer-com-quimioterapia\/#primaryimage","url":"https:\/\/jornalfatosenoticias.com.br\/wp-content\/uploads\/2025\/06\/cancer_vitaminaD_freepik.jpeg","contentUrl":"https:\/\/jornalfatosenoticias.com.br\/wp-content\/uploads\/2025\/06\/cancer_vitaminaD_freepik.jpeg","width":740,"height":493},{"@type":"BreadcrumbList","@id":"https:\/\/jornalfatosenoticias.com.br\/index.php\/2025\/06\/23\/vitamina-d-aumenta-a-chance-de-cancer-de-mama-desaparecer-com-quimioterapia\/#breadcrumb","itemListElement":[{"@type":"ListItem","position":1,"name":"In\u00edcio","item":"https:\/\/jornalfatosenoticias.com.br\/"},{"@type":"ListItem","position":2,"name":"Vitamina D aumenta a chance de c\u00e2ncer de mama desaparecer com quimioterapia"}]},{"@type":"WebSite","@id":"https:\/\/jornalfatosenoticias.com.br\/#website","url":"https:\/\/jornalfatosenoticias.com.br\/","name":"Jornal Fatos e Not\u00edcias","description":"Not\u00edcias em geral","publisher":{"@id":"https:\/\/jornalfatosenoticias.com.br\/#organization"},"potentialAction":[{"@type":"SearchAction","target":{"@type":"EntryPoint","urlTemplate":"https:\/\/jornalfatosenoticias.com.br\/?s={search_term_string}"},"query-input":{"@type":"PropertyValueSpecification","valueRequired":true,"valueName":"search_term_string"}}],"inLanguage":"pt-BR"},{"@type":"Organization","@id":"https:\/\/jornalfatosenoticias.com.br\/#organization","name":"Jornal Fatos e Not\u00edcias","url":"https:\/\/jornalfatosenoticias.com.br\/","logo":{"@type":"ImageObject","inLanguage":"pt-BR","@id":"https:\/\/jornalfatosenoticias.com.br\/#\/schema\/logo\/image\/","url":"https:\/\/jornalfatosenoticias.com.br\/wp-content\/uploads\/2020\/02\/logo120.png","contentUrl":"https:\/\/jornalfatosenoticias.com.br\/wp-content\/uploads\/2020\/02\/logo120.png","width":1227,"height":120,"caption":"Jornal Fatos e Not\u00edcias"},"image":{"@id":"https:\/\/jornalfatosenoticias.com.br\/#\/schema\/logo\/image\/"}},{"@type":"Person","@id":"https:\/\/jornalfatosenoticias.com.br\/#\/schema\/person\/d63837fa13ac8666eb9e74e0985d6f81","name":"Luzimara Fernandes","image":{"@type":"ImageObject","inLanguage":"pt-BR","@id":"https:\/\/jornalfatosenoticias.com.br\/#\/schema\/person\/image\/","url":"https:\/\/jornalfatosenoticias.com.br\/wp-content\/uploads\/2025\/05\/EU_portal.jpg","contentUrl":"https:\/\/jornalfatosenoticias.com.br\/wp-content\/uploads\/2025\/05\/EU_portal.jpg","caption":"Luzimara Fernandes"},"description":"Jornalista MTB 2358-ES","sameAs":["https:\/\/jornalfatosenoticias.com.br"],"url":"https:\/\/jornalfatosenoticias.com.br\/index.php\/author\/luzimara\/"}]}},"cc_featured_image_caption":{"caption_text":"(Foto: Freepik) ","source_text":"","source_url":""},"jetpack_featured_media_url":"https:\/\/jornalfatosenoticias.com.br\/wp-content\/uploads\/2025\/06\/cancer_vitaminaD_freepik.jpeg","_links":{"self":[{"href":"https:\/\/jornalfatosenoticias.com.br\/index.php\/wp-json\/wp\/v2\/posts\/60143","targetHints":{"allow":["GET"]}}],"collection":[{"href":"https:\/\/jornalfatosenoticias.com.br\/index.php\/wp-json\/wp\/v2\/posts"}],"about":[{"href":"https:\/\/jornalfatosenoticias.com.br\/index.php\/wp-json\/wp\/v2\/types\/post"}],"author":[{"embeddable":true,"href":"https:\/\/jornalfatosenoticias.com.br\/index.php\/wp-json\/wp\/v2\/users\/2"}],"replies":[{"embeddable":true,"href":"https:\/\/jornalfatosenoticias.com.br\/index.php\/wp-json\/wp\/v2\/comments?post=60143"}],"version-history":[{"count":0,"href":"https:\/\/jornalfatosenoticias.com.br\/index.php\/wp-json\/wp\/v2\/posts\/60143\/revisions"}],"wp:featuredmedia":[{"embeddable":true,"href":"https:\/\/jornalfatosenoticias.com.br\/index.php\/wp-json\/wp\/v2\/media\/60144"}],"wp:attachment":[{"href":"https:\/\/jornalfatosenoticias.com.br\/index.php\/wp-json\/wp\/v2\/media?parent=60143"}],"wp:term":[{"taxonomy":"category","embeddable":true,"href":"https:\/\/jornalfatosenoticias.com.br\/index.php\/wp-json\/wp\/v2\/categories?post=60143"},{"taxonomy":"post_tag","embeddable":true,"href":"https:\/\/jornalfatosenoticias.com.br\/index.php\/wp-json\/wp\/v2\/tags?post=60143"}],"curies":[{"name":"wp","href":"https:\/\/api.w.org\/{rel}","templated":true}]}}