{"id":60150,"date":"2025-06-23T10:33:05","date_gmt":"2025-06-23T13:33:05","guid":{"rendered":"https:\/\/jornalfatosenoticias.com.br\/?p=60150"},"modified":"2025-06-23T10:33:06","modified_gmt":"2025-06-23T13:33:06","slug":"suzano-busca-ampliar-participacao-de-micro-e-pequenas-empresas-no-transporte-de-madeira-no-espirito-santo","status":"publish","type":"post","link":"https:\/\/jornalfatosenoticias.com.br\/index.php\/2025\/06\/23\/suzano-busca-ampliar-participacao-de-micro-e-pequenas-empresas-no-transporte-de-madeira-no-espirito-santo\/","title":{"rendered":"Suzano busca ampliar participa\u00e7\u00e3o de micro e pequenas empresas no transporte de madeira no Esp\u00edrito Santo"},"content":{"rendered":"\n<p><em><span class=\"has-inline-color has-black-color\">Empresas que se enquadram ao Simples Nacional \u2014 Transporte de Cargas, podem se candidatar a atuar como fornecedoras da companhia<\/span><\/em><\/p>\n\n\n\n<p><span class=\"has-inline-color has-black-color\">Por <strong>Assessoria de Comunica\u00e7\u00e3o<\/strong><\/span><\/p>\n\n\n\n<div class=\"wp-block-image\"><figure class=\"aligncenter size-large is-resized\"><a href=\"https:\/\/www.facebook.com\/vetor.vix\/\"><img loading=\"lazy\" decoding=\"async\" src=\"https:\/\/jornalfatosenoticias.com.br\/wp-content\/uploads\/2023\/09\/vetorvix1024_1.jpg\" alt=\"\" class=\"wp-image-44868\" width=\"543\" height=\"144\" srcset=\"https:\/\/jornalfatosenoticias.com.br\/wp-content\/uploads\/2023\/09\/vetorvix1024_1.jpg 1024w, https:\/\/jornalfatosenoticias.com.br\/wp-content\/uploads\/2023\/09\/vetorvix1024_1-300x80.jpg 300w, https:\/\/jornalfatosenoticias.com.br\/wp-content\/uploads\/2023\/09\/vetorvix1024_1-768x205.jpg 768w\" sizes=\"auto, (max-width: 543px) 100vw, 543px\" \/><\/a><\/figure><\/div>\n\n\n\n<p>A Suzano, maior produtora mundial de celulose e refer\u00eancia global na fabrica\u00e7\u00e3o de bioprodutos desenvolvidos a partir do eucalipto, est\u00e1 em busca de microempresas e empresas de pequeno porte da \u00e1rea de transporte de cargas que desejam integrar o grupo de fornecedores que atuam no transporte de madeira da companhia. A oportunidade \u00e9 destinada exclusivamente a empresas sediadas no Esp\u00edrito Santo.<br>Podem participar os propriet\u00e1rios de caminh\u00f5es enquadrados no regime de tributa\u00e7\u00e3o do Simples Nacional, cujos ve\u00edculos tenham ano de fabrica\u00e7\u00e3o de 2018 em diante, cavalo mec\u00e2nico 6x4T a partir de 440CV. Para se inscrever, os interessados devem entrar em contato pelo telefone (27) 99991-0720 ou pelo e-mail rafaelparisi@suzano.com.br. \u00c9 necess\u00e1rio preencher um formul\u00e1rio de pr\u00e9-cadastro com os dados da empresa e do respons\u00e1vel.<\/p>\n\n\n\n<div class=\"wp-block-image\"><figure class=\"aligncenter size-large is-resized\"><a href=\"https:\/\/www.instagram.com\/rcradiadores\/\"><img loading=\"lazy\" decoding=\"async\" src=\"https:\/\/jornalfatosenoticias.com.br\/wp-content\/uploads\/2022\/10\/RC_800x750_page-0001.jpg\" alt=\"\" class=\"wp-image-35338\" width=\"311\" height=\"292\" srcset=\"https:\/\/jornalfatosenoticias.com.br\/wp-content\/uploads\/2022\/10\/RC_800x750_page-0001.jpg 400w, https:\/\/jornalfatosenoticias.com.br\/wp-content\/uploads\/2022\/10\/RC_800x750_page-0001-300x281.jpg 300w\" sizes=\"auto, (max-width: 311px) 100vw, 311px\" \/><\/a><\/figure><\/div>\n\n\n\n<p>De acordo com Rodrigo Junior Toreta, gerente de Log\u00edstica Florestal da Suzano Unidade Aracruz, em 2024, o transporte de madeira gerou mais de R$ 150 milh\u00f5es em renda nos estados em que a empresa atua com esse tipo de opera\u00e7\u00e3o. Com a participa\u00e7\u00e3o de aproximadamente 50 empresas, atualmente, os transportadores que atendem a Suzano empregam direta e indiretamente mais de 1.200 de pessoas no Esp\u00edrito Santo, Minas Gerais e Bahia.<\/p>\n\n\n\n<div class=\"wp-block-image\"><figure class=\"aligncenter size-large is-resized\"><a href=\"https:\/\/www.facebook.com\/postobkr\/?locale=pt_BR\"><img loading=\"lazy\" decoding=\"async\" src=\"https:\/\/jornalfatosenoticias.com.br\/wp-content\/uploads\/2023\/08\/BKR-1024x1021.jpg\" alt=\"\" class=\"wp-image-44494\" width=\"300\" height=\"299\" srcset=\"https:\/\/jornalfatosenoticias.com.br\/wp-content\/uploads\/2023\/08\/BKR-1024x1021.jpg 1024w, https:\/\/jornalfatosenoticias.com.br\/wp-content\/uploads\/2023\/08\/BKR-300x300.jpg 300w, https:\/\/jornalfatosenoticias.com.br\/wp-content\/uploads\/2023\/08\/BKR-150x150.jpg 150w, https:\/\/jornalfatosenoticias.com.br\/wp-content\/uploads\/2023\/08\/BKR-768x766.jpg 768w, https:\/\/jornalfatosenoticias.com.br\/wp-content\/uploads\/2023\/08\/BKR.jpg 1080w\" sizes=\"auto, (max-width: 300px) 100vw, 300px\" \/><\/a><\/figure><\/div>\n\n\n\n<blockquote class=\"wp-block-quote is-layout-flow wp-block-quote-is-layout-flow\"><p><span class=\"has-inline-color has-luminous-vivid-orange-color\">Estamos buscando ampliar a inclus\u00e3o dos pequenos e m\u00e9dios transportadores na nossa cadeia log\u00edstica, contribuindo para o desenvolvimento de fornecedores locais e para o fortalecimento da economia das regi\u00f5es de atua\u00e7\u00e3o da Suzano&#8221;, enfatiza Toreta, acrescentando que a iniciativa est\u00e1 em linha com um dos direcionadores da empresa: gerar e compartilhar valor.<\/span><\/p><\/blockquote>\n\n\n\n<div class=\"wp-block-image\"><figure class=\"aligncenter size-large is-resized\"><a href=\"https:\/\/www.instagram.com\/gruposei\/\"><img loading=\"lazy\" decoding=\"async\" src=\"https:\/\/jornalfatosenoticias.com.br\/wp-content\/uploads\/2022\/07\/Logo-Grupo-SEI.jpg\" alt=\"\" class=\"wp-image-31973\" width=\"375\" height=\"197\" srcset=\"https:\/\/jornalfatosenoticias.com.br\/wp-content\/uploads\/2022\/07\/Logo-Grupo-SEI.jpg 713w, https:\/\/jornalfatosenoticias.com.br\/wp-content\/uploads\/2022\/07\/Logo-Grupo-SEI-300x158.jpg 300w\" sizes=\"auto, (max-width: 375px) 100vw, 375px\" \/><\/a><\/figure><\/div>\n\n\n\n<p>A estrat\u00e9gia da Suzano \u00e9 que os pequenos transportadores fa\u00e7am um trabalho complementar ao que \u00e9 feito pelas grandes transportadoras parceiras da companhia. Isso \u00e9 o que j\u00e1 realiza a MLC Dourado Transporte Rodovi\u00e1rio, com sede em Aracruz (ES), que firmou o primeiro contrato com a Suzano em 2021 e, desde ent\u00e3o, ampliou a frota e o n\u00famero de funcion\u00e1rios.<\/p>\n\n\n\n<div class=\"wp-block-image\"><figure class=\"aligncenter size-large is-resized\"><a href=\"https:\/\/www.instagram.com\/serra4x4cambioautomatico\/\"><img loading=\"lazy\" decoding=\"async\" src=\"https:\/\/jornalfatosenoticias.com.br\/wp-content\/uploads\/2024\/08\/Serra-4x4-1-886x1024.jpg\" alt=\"\" class=\"wp-image-53632\" width=\"261\" height=\"301\" srcset=\"https:\/\/jornalfatosenoticias.com.br\/wp-content\/uploads\/2024\/08\/Serra-4x4-1-886x1024.jpg 886w, https:\/\/jornalfatosenoticias.com.br\/wp-content\/uploads\/2024\/08\/Serra-4x4-1-260x300.jpg 260w, https:\/\/jornalfatosenoticias.com.br\/wp-content\/uploads\/2024\/08\/Serra-4x4-1-768x888.jpg 768w, https:\/\/jornalfatosenoticias.com.br\/wp-content\/uploads\/2024\/08\/Serra-4x4-1.jpg 1181w\" sizes=\"auto, (max-width: 261px) 100vw, 261px\" \/><\/a><\/figure><\/div>\n\n\n\n<blockquote class=\"wp-block-quote is-layout-flow wp-block-quote-is-layout-flow\"><p><span class=\"has-inline-color has-luminous-vivid-orange-color\">O Gerente de Opera\u00e7\u00f5es da MLC, Gildo Jos\u00e9 Ribeiro, fala da parceria: \u201cquando fui convidado para gerenciar a MLC, eu j\u00e1 tinha atua\u00e7\u00e3o na ind\u00fastria de celulose e a experi\u00eancia na \u00e1rea facilitou o dia a dia da opera\u00e7\u00e3o. Hoje estamos com sete ve\u00edculos em opera\u00e7\u00e3o na rodovia e a inten\u00e7\u00e3o \u00e9 ampliar essa frota no transporte de madeira\u201d, ressalta Gildo.<\/span><\/p><\/blockquote>\n\n\n\n<div class=\"wp-block-image\"><figure class=\"aligncenter size-large is-resized\"><a href=\"https:\/\/www.legisjuris.com.br\/\"><img loading=\"lazy\" decoding=\"async\" src=\"https:\/\/jornalfatosenoticias.com.br\/wp-content\/uploads\/2024\/09\/Legis-Juris-Consultoria_logo.jpg\" alt=\"\" class=\"wp-image-53915\" width=\"523\" height=\"219\" srcset=\"https:\/\/jornalfatosenoticias.com.br\/wp-content\/uploads\/2024\/09\/Legis-Juris-Consultoria_logo.jpg 969w, https:\/\/jornalfatosenoticias.com.br\/wp-content\/uploads\/2024\/09\/Legis-Juris-Consultoria_logo-300x126.jpg 300w, https:\/\/jornalfatosenoticias.com.br\/wp-content\/uploads\/2024\/09\/Legis-Juris-Consultoria_logo-768x322.jpg 768w\" sizes=\"auto, (max-width: 523px) 100vw, 523px\" \/><\/a><\/figure><\/div>\n\n\n\n<p>A expectativa da Suzano \u00e9 de que mais empresas sigam o exemplo da MLC, passando a integrar a cadeia de suprimento de madeira da empresa no Esp\u00edrito Santo, fortalecendo ainda mais a economia local.<\/p>\n\n\n\n<div class=\"wp-block-image\"><figure class=\"aligncenter size-large\"><a href=\"http:\/\/www.ferrarimaquinas.com.br\/\"><img loading=\"lazy\" decoding=\"async\" width=\"300\" height=\"250\" src=\"https:\/\/jornalfatosenoticias.com.br\/wp-content\/uploads\/2022\/02\/FERRARI_MAQUINAS-E-FERRAMENTAS2.jpg\" alt=\"\" class=\"wp-image-27860\"\/><\/a><\/figure><\/div>\n\n\n\n<p><strong><span class=\"has-inline-color has-vivid-purple-color\">Sobre a Suzano<br><\/span><\/strong>A Suzano \u00e9 a maior produtora mundial de celulose, uma das maiores produtoras de pap\u00e9is da Am\u00e9rica Latina, l\u00edder no segmento de papel higi\u00eanico no Brasil e refer\u00eancia no desenvolvimento de solu\u00e7\u00f5es sustent\u00e1veis e inovadoras a partir de mat\u00e9ria-prima de fonte renov\u00e1vel. Nossos produtos e solu\u00e7\u00f5es est\u00e3o presentes na vida de mais de dois bilh\u00f5es de pessoas, abastecem mais de 100 pa\u00edses e incluem celulose; pap\u00e9is para imprimir e escrever; pap\u00e9is para embalagens, copos e canudos; pap\u00e9is sanit\u00e1rios e produtos absorventes; al\u00e9m de novos bioprodutos desenvolvidos para atender \u00e0 demanda global. <\/p>\n\n\n\n<div class=\"wp-block-image\"><figure class=\"aligncenter size-large is-resized\"><a href=\"https:\/\/www.controlsystems.com.br\/\"><img loading=\"lazy\" decoding=\"async\" src=\"https:\/\/jornalfatosenoticias.com.br\/wp-content\/uploads\/2020\/02\/CONTROL-CS.jpg\" alt=\"\" class=\"wp-image-44991\" width=\"245\" height=\"293\" srcset=\"https:\/\/jornalfatosenoticias.com.br\/wp-content\/uploads\/2020\/02\/CONTROL-CS.jpg 834w, https:\/\/jornalfatosenoticias.com.br\/wp-content\/uploads\/2020\/02\/CONTROL-CS-250x300.jpg 250w, https:\/\/jornalfatosenoticias.com.br\/wp-content\/uploads\/2020\/02\/CONTROL-CS-768x921.jpg 768w\" sizes=\"auto, (max-width: 245px) 100vw, 245px\" \/><\/a><\/figure><\/div>\n\n\n\n<p>A inova\u00e7\u00e3o e a sustentabilidade orientam nosso prop\u00f3sito de &#8220;Renovar a vida a partir da \u00e1rvore&#8221; e nosso trabalho no enfrentamento dos desafios da sociedade e do planeta. Com mais de 100 anos de hist\u00f3ria, temos a\u00e7\u00f5es nas bolsas do Brasil (SUZB3) e dos Estados Unidos (SUZ). Saiba mais na p\u00e1gina: <a href=\"https:\/\/www.suzano.com.br\/\"><strong>www.suzano.com.br<\/strong><\/a>.<\/p>\n\n\n\n<div class=\"wp-block-image\"><figure class=\"aligncenter size-large\"><a href=\"https:\/\/www.cesconetto.com.br\/\"><img loading=\"lazy\" decoding=\"async\" width=\"1024\" height=\"100\" src=\"https:\/\/jornalfatosenoticias.com.br\/wp-content\/uploads\/2022\/05\/NOVA-LOGO-CESCONETTO-1024x100.jpg\" alt=\"\" class=\"wp-image-30792\" srcset=\"https:\/\/jornalfatosenoticias.com.br\/wp-content\/uploads\/2022\/05\/NOVA-LOGO-CESCONETTO-1024x100.jpg 1024w, https:\/\/jornalfatosenoticias.com.br\/wp-content\/uploads\/2022\/05\/NOVA-LOGO-CESCONETTO-300x29.jpg 300w, https:\/\/jornalfatosenoticias.com.br\/wp-content\/uploads\/2022\/05\/NOVA-LOGO-CESCONETTO-768x75.jpg 768w, https:\/\/jornalfatosenoticias.com.br\/wp-content\/uploads\/2022\/05\/NOVA-LOGO-CESCONETTO.jpg 1280w\" sizes=\"auto, (max-width: 1024px) 100vw, 1024px\" \/><\/a><\/figure><\/div>\n","protected":false},"excerpt":{"rendered":"<p>Empresas que se enquadram ao Simples Nacional \u2014 Transporte de Cargas, podem se candidatar a atuar como fornecedoras da companhia Por Assessoria de Comunica\u00e7\u00e3o A Suzano, maior produtora mundial de celulose e refer\u00eancia global na fabrica\u00e7\u00e3o de bioprodutos desenvolvidos a partir do eucalipto, est\u00e1 em busca de microempresas e empresas de pequeno porte da \u00e1rea [&hellip;]<\/p>\n","protected":false},"author":2,"featured_media":60151,"comment_status":"open","ping_status":"open","sticky":false,"template":"","format":"standard","meta":{"footnotes":""},"categories":[9],"tags":[1548,100,21555,11389,27432],"class_list":["post-60150","post","type-post","status-publish","format-standard","has-post-thumbnail","hentry","category-economia","tag-aracruz","tag-espirito-santo","tag-simples-nacional","tag-suzano","tag-transporte-de-cargas"],"yoast_head":"<!-- This site is optimized with the Yoast SEO plugin v26.5 - https:\/\/yoast.com\/wordpress\/plugins\/seo\/ -->\n<title>Suzano busca ampliar participa\u00e7\u00e3o de micro e pequenas empresas no transporte de madeira no Esp\u00edrito Santo - Jornal Fatos e Not\u00edcias<\/title>\n<meta name=\"robots\" content=\"index, follow, max-snippet:-1, max-image-preview:large, max-video-preview:-1\" \/>\n<link rel=\"canonical\" href=\"https:\/\/jornalfatosenoticias.com.br\/index.php\/2025\/06\/23\/suzano-busca-ampliar-participacao-de-micro-e-pequenas-empresas-no-transporte-de-madeira-no-espirito-santo\/\" \/>\n<meta property=\"og:locale\" content=\"pt_BR\" \/>\n<meta property=\"og:type\" content=\"article\" \/>\n<meta property=\"og:title\" content=\"Suzano busca ampliar participa\u00e7\u00e3o de micro e pequenas empresas no transporte de madeira no Esp\u00edrito Santo - Jornal Fatos e Not\u00edcias\" \/>\n<meta property=\"og:description\" content=\"Empresas que se enquadram ao Simples Nacional \u2014 Transporte de Cargas, podem se candidatar a atuar como fornecedoras da companhia Por Assessoria de Comunica\u00e7\u00e3o A Suzano, maior produtora mundial de celulose e refer\u00eancia global na fabrica\u00e7\u00e3o de bioprodutos desenvolvidos a partir do eucalipto, est\u00e1 em busca de microempresas e empresas de pequeno porte da \u00e1rea [&hellip;]\" \/>\n<meta property=\"og:url\" content=\"https:\/\/jornalfatosenoticias.com.br\/index.php\/2025\/06\/23\/suzano-busca-ampliar-participacao-de-micro-e-pequenas-empresas-no-transporte-de-madeira-no-espirito-santo\/\" \/>\n<meta property=\"og:site_name\" content=\"Jornal Fatos e Not\u00edcias\" \/>\n<meta property=\"article:published_time\" content=\"2025-06-23T13:33:05+00:00\" \/>\n<meta property=\"article:modified_time\" content=\"2025-06-23T13:33:06+00:00\" \/>\n<meta property=\"og:image\" content=\"https:\/\/jornalfatosenoticias.com.br\/wp-content\/uploads\/2025\/06\/Funcionarios-da-transportadora-MLC-Dourado-empresa-tem-sete-caminhoes-atuando-em-contrato-com-a-Suzano.jpg\" \/>\n\t<meta property=\"og:image:width\" content=\"1000\" \/>\n\t<meta property=\"og:image:height\" content=\"650\" \/>\n\t<meta property=\"og:image:type\" content=\"image\/jpeg\" \/>\n<meta name=\"author\" content=\"Luzimara Fernandes\" \/>\n<meta name=\"twitter:card\" content=\"summary_large_image\" \/>\n<meta name=\"twitter:label1\" content=\"Escrito por\" \/>\n\t<meta name=\"twitter:data1\" content=\"Luzimara Fernandes\" \/>\n\t<meta name=\"twitter:label2\" content=\"Est. tempo de leitura\" \/>\n\t<meta name=\"twitter:data2\" content=\"3 minutos\" \/>\n<script type=\"application\/ld+json\" class=\"yoast-schema-graph\">{\"@context\":\"https:\/\/schema.org\",\"@graph\":[{\"@type\":\"Article\",\"@id\":\"https:\/\/jornalfatosenoticias.com.br\/index.php\/2025\/06\/23\/suzano-busca-ampliar-participacao-de-micro-e-pequenas-empresas-no-transporte-de-madeira-no-espirito-santo\/#article\",\"isPartOf\":{\"@id\":\"https:\/\/jornalfatosenoticias.com.br\/index.php\/2025\/06\/23\/suzano-busca-ampliar-participacao-de-micro-e-pequenas-empresas-no-transporte-de-madeira-no-espirito-santo\/\"},\"author\":{\"name\":\"Luzimara Fernandes\",\"@id\":\"https:\/\/jornalfatosenoticias.com.br\/#\/schema\/person\/d63837fa13ac8666eb9e74e0985d6f81\"},\"headline\":\"Suzano busca ampliar participa\u00e7\u00e3o de micro e pequenas empresas no transporte de madeira no Esp\u00edrito Santo\",\"datePublished\":\"2025-06-23T13:33:05+00:00\",\"dateModified\":\"2025-06-23T13:33:06+00:00\",\"mainEntityOfPage\":{\"@id\":\"https:\/\/jornalfatosenoticias.com.br\/index.php\/2025\/06\/23\/suzano-busca-ampliar-participacao-de-micro-e-pequenas-empresas-no-transporte-de-madeira-no-espirito-santo\/\"},\"wordCount\":639,\"commentCount\":0,\"publisher\":{\"@id\":\"https:\/\/jornalfatosenoticias.com.br\/#organization\"},\"image\":{\"@id\":\"https:\/\/jornalfatosenoticias.com.br\/index.php\/2025\/06\/23\/suzano-busca-ampliar-participacao-de-micro-e-pequenas-empresas-no-transporte-de-madeira-no-espirito-santo\/#primaryimage\"},\"thumbnailUrl\":\"https:\/\/jornalfatosenoticias.com.br\/wp-content\/uploads\/2025\/06\/Funcionarios-da-transportadora-MLC-Dourado-empresa-tem-sete-caminhoes-atuando-em-contrato-com-a-Suzano.jpg\",\"keywords\":[\"Aracruz\",\"Esp\u00edrito Santo\",\"Simples Nacional\",\"Suzano\",\"transporte de cargas\"],\"articleSection\":[\"Economia\"],\"inLanguage\":\"pt-BR\",\"potentialAction\":[{\"@type\":\"CommentAction\",\"name\":\"Comment\",\"target\":[\"https:\/\/jornalfatosenoticias.com.br\/index.php\/2025\/06\/23\/suzano-busca-ampliar-participacao-de-micro-e-pequenas-empresas-no-transporte-de-madeira-no-espirito-santo\/#respond\"]}]},{\"@type\":\"WebPage\",\"@id\":\"https:\/\/jornalfatosenoticias.com.br\/index.php\/2025\/06\/23\/suzano-busca-ampliar-participacao-de-micro-e-pequenas-empresas-no-transporte-de-madeira-no-espirito-santo\/\",\"url\":\"https:\/\/jornalfatosenoticias.com.br\/index.php\/2025\/06\/23\/suzano-busca-ampliar-participacao-de-micro-e-pequenas-empresas-no-transporte-de-madeira-no-espirito-santo\/\",\"name\":\"Suzano busca ampliar participa\u00e7\u00e3o de micro e pequenas empresas no transporte de madeira no Esp\u00edrito Santo - Jornal Fatos e Not\u00edcias\",\"isPartOf\":{\"@id\":\"https:\/\/jornalfatosenoticias.com.br\/#website\"},\"primaryImageOfPage\":{\"@id\":\"https:\/\/jornalfatosenoticias.com.br\/index.php\/2025\/06\/23\/suzano-busca-ampliar-participacao-de-micro-e-pequenas-empresas-no-transporte-de-madeira-no-espirito-santo\/#primaryimage\"},\"image\":{\"@id\":\"https:\/\/jornalfatosenoticias.com.br\/index.php\/2025\/06\/23\/suzano-busca-ampliar-participacao-de-micro-e-pequenas-empresas-no-transporte-de-madeira-no-espirito-santo\/#primaryimage\"},\"thumbnailUrl\":\"https:\/\/jornalfatosenoticias.com.br\/wp-content\/uploads\/2025\/06\/Funcionarios-da-transportadora-MLC-Dourado-empresa-tem-sete-caminhoes-atuando-em-contrato-com-a-Suzano.jpg\",\"datePublished\":\"2025-06-23T13:33:05+00:00\",\"dateModified\":\"2025-06-23T13:33:06+00:00\",\"breadcrumb\":{\"@id\":\"https:\/\/jornalfatosenoticias.com.br\/index.php\/2025\/06\/23\/suzano-busca-ampliar-participacao-de-micro-e-pequenas-empresas-no-transporte-de-madeira-no-espirito-santo\/#breadcrumb\"},\"inLanguage\":\"pt-BR\",\"potentialAction\":[{\"@type\":\"ReadAction\",\"target\":[\"https:\/\/jornalfatosenoticias.com.br\/index.php\/2025\/06\/23\/suzano-busca-ampliar-participacao-de-micro-e-pequenas-empresas-no-transporte-de-madeira-no-espirito-santo\/\"]}]},{\"@type\":\"ImageObject\",\"inLanguage\":\"pt-BR\",\"@id\":\"https:\/\/jornalfatosenoticias.com.br\/index.php\/2025\/06\/23\/suzano-busca-ampliar-participacao-de-micro-e-pequenas-empresas-no-transporte-de-madeira-no-espirito-santo\/#primaryimage\",\"url\":\"https:\/\/jornalfatosenoticias.com.br\/wp-content\/uploads\/2025\/06\/Funcionarios-da-transportadora-MLC-Dourado-empresa-tem-sete-caminhoes-atuando-em-contrato-com-a-Suzano.jpg\",\"contentUrl\":\"https:\/\/jornalfatosenoticias.com.br\/wp-content\/uploads\/2025\/06\/Funcionarios-da-transportadora-MLC-Dourado-empresa-tem-sete-caminhoes-atuando-em-contrato-com-a-Suzano.jpg\",\"width\":1000,\"height\":650},{\"@type\":\"BreadcrumbList\",\"@id\":\"https:\/\/jornalfatosenoticias.com.br\/index.php\/2025\/06\/23\/suzano-busca-ampliar-participacao-de-micro-e-pequenas-empresas-no-transporte-de-madeira-no-espirito-santo\/#breadcrumb\",\"itemListElement\":[{\"@type\":\"ListItem\",\"position\":1,\"name\":\"In\u00edcio\",\"item\":\"https:\/\/jornalfatosenoticias.com.br\/\"},{\"@type\":\"ListItem\",\"position\":2,\"name\":\"Suzano busca ampliar participa\u00e7\u00e3o de micro e pequenas empresas no transporte de madeira no Esp\u00edrito Santo\"}]},{\"@type\":\"WebSite\",\"@id\":\"https:\/\/jornalfatosenoticias.com.br\/#website\",\"url\":\"https:\/\/jornalfatosenoticias.com.br\/\",\"name\":\"Jornal Fatos e Not\u00edcias\",\"description\":\"Not\u00edcias em geral\",\"publisher\":{\"@id\":\"https:\/\/jornalfatosenoticias.com.br\/#organization\"},\"potentialAction\":[{\"@type\":\"SearchAction\",\"target\":{\"@type\":\"EntryPoint\",\"urlTemplate\":\"https:\/\/jornalfatosenoticias.com.br\/?s={search_term_string}\"},\"query-input\":{\"@type\":\"PropertyValueSpecification\",\"valueRequired\":true,\"valueName\":\"search_term_string\"}}],\"inLanguage\":\"pt-BR\"},{\"@type\":\"Organization\",\"@id\":\"https:\/\/jornalfatosenoticias.com.br\/#organization\",\"name\":\"Jornal Fatos e Not\u00edcias\",\"url\":\"https:\/\/jornalfatosenoticias.com.br\/\",\"logo\":{\"@type\":\"ImageObject\",\"inLanguage\":\"pt-BR\",\"@id\":\"https:\/\/jornalfatosenoticias.com.br\/#\/schema\/logo\/image\/\",\"url\":\"https:\/\/jornalfatosenoticias.com.br\/wp-content\/uploads\/2020\/02\/logo120.png\",\"contentUrl\":\"https:\/\/jornalfatosenoticias.com.br\/wp-content\/uploads\/2020\/02\/logo120.png\",\"width\":1227,\"height\":120,\"caption\":\"Jornal Fatos e Not\u00edcias\"},\"image\":{\"@id\":\"https:\/\/jornalfatosenoticias.com.br\/#\/schema\/logo\/image\/\"}},{\"@type\":\"Person\",\"@id\":\"https:\/\/jornalfatosenoticias.com.br\/#\/schema\/person\/d63837fa13ac8666eb9e74e0985d6f81\",\"name\":\"Luzimara Fernandes\",\"image\":{\"@type\":\"ImageObject\",\"inLanguage\":\"pt-BR\",\"@id\":\"https:\/\/jornalfatosenoticias.com.br\/#\/schema\/person\/image\/\",\"url\":\"https:\/\/jornalfatosenoticias.com.br\/wp-content\/uploads\/2025\/05\/EU_portal.jpg\",\"contentUrl\":\"https:\/\/jornalfatosenoticias.com.br\/wp-content\/uploads\/2025\/05\/EU_portal.jpg\",\"caption\":\"Luzimara Fernandes\"},\"description\":\"Jornalista MTB 2358-ES\",\"sameAs\":[\"https:\/\/jornalfatosenoticias.com.br\"],\"url\":\"https:\/\/jornalfatosenoticias.com.br\/index.php\/author\/luzimara\/\"}]}<\/script>\n<!-- \/ Yoast SEO plugin. -->","yoast_head_json":{"title":"Suzano busca ampliar participa\u00e7\u00e3o de micro e pequenas empresas no transporte de madeira no Esp\u00edrito Santo - Jornal Fatos e Not\u00edcias","robots":{"index":"index","follow":"follow","max-snippet":"max-snippet:-1","max-image-preview":"max-image-preview:large","max-video-preview":"max-video-preview:-1"},"canonical":"https:\/\/jornalfatosenoticias.com.br\/index.php\/2025\/06\/23\/suzano-busca-ampliar-participacao-de-micro-e-pequenas-empresas-no-transporte-de-madeira-no-espirito-santo\/","og_locale":"pt_BR","og_type":"article","og_title":"Suzano busca ampliar participa\u00e7\u00e3o de micro e pequenas empresas no transporte de madeira no Esp\u00edrito Santo - Jornal Fatos e Not\u00edcias","og_description":"Empresas que se enquadram ao Simples Nacional \u2014 Transporte de Cargas, podem se candidatar a atuar como fornecedoras da companhia Por Assessoria de Comunica\u00e7\u00e3o A Suzano, maior produtora mundial de celulose e refer\u00eancia global na fabrica\u00e7\u00e3o de bioprodutos desenvolvidos a partir do eucalipto, est\u00e1 em busca de microempresas e empresas de pequeno porte da \u00e1rea [&hellip;]","og_url":"https:\/\/jornalfatosenoticias.com.br\/index.php\/2025\/06\/23\/suzano-busca-ampliar-participacao-de-micro-e-pequenas-empresas-no-transporte-de-madeira-no-espirito-santo\/","og_site_name":"Jornal Fatos e Not\u00edcias","article_published_time":"2025-06-23T13:33:05+00:00","article_modified_time":"2025-06-23T13:33:06+00:00","og_image":[{"width":1000,"height":650,"url":"https:\/\/jornalfatosenoticias.com.br\/wp-content\/uploads\/2025\/06\/Funcionarios-da-transportadora-MLC-Dourado-empresa-tem-sete-caminhoes-atuando-em-contrato-com-a-Suzano.jpg","type":"image\/jpeg"}],"author":"Luzimara Fernandes","twitter_card":"summary_large_image","twitter_misc":{"Escrito por":"Luzimara Fernandes","Est. tempo de leitura":"3 minutos"},"schema":{"@context":"https:\/\/schema.org","@graph":[{"@type":"Article","@id":"https:\/\/jornalfatosenoticias.com.br\/index.php\/2025\/06\/23\/suzano-busca-ampliar-participacao-de-micro-e-pequenas-empresas-no-transporte-de-madeira-no-espirito-santo\/#article","isPartOf":{"@id":"https:\/\/jornalfatosenoticias.com.br\/index.php\/2025\/06\/23\/suzano-busca-ampliar-participacao-de-micro-e-pequenas-empresas-no-transporte-de-madeira-no-espirito-santo\/"},"author":{"name":"Luzimara Fernandes","@id":"https:\/\/jornalfatosenoticias.com.br\/#\/schema\/person\/d63837fa13ac8666eb9e74e0985d6f81"},"headline":"Suzano busca ampliar participa\u00e7\u00e3o de micro e pequenas empresas no transporte de madeira no Esp\u00edrito Santo","datePublished":"2025-06-23T13:33:05+00:00","dateModified":"2025-06-23T13:33:06+00:00","mainEntityOfPage":{"@id":"https:\/\/jornalfatosenoticias.com.br\/index.php\/2025\/06\/23\/suzano-busca-ampliar-participacao-de-micro-e-pequenas-empresas-no-transporte-de-madeira-no-espirito-santo\/"},"wordCount":639,"commentCount":0,"publisher":{"@id":"https:\/\/jornalfatosenoticias.com.br\/#organization"},"image":{"@id":"https:\/\/jornalfatosenoticias.com.br\/index.php\/2025\/06\/23\/suzano-busca-ampliar-participacao-de-micro-e-pequenas-empresas-no-transporte-de-madeira-no-espirito-santo\/#primaryimage"},"thumbnailUrl":"https:\/\/jornalfatosenoticias.com.br\/wp-content\/uploads\/2025\/06\/Funcionarios-da-transportadora-MLC-Dourado-empresa-tem-sete-caminhoes-atuando-em-contrato-com-a-Suzano.jpg","keywords":["Aracruz","Esp\u00edrito Santo","Simples Nacional","Suzano","transporte de cargas"],"articleSection":["Economia"],"inLanguage":"pt-BR","potentialAction":[{"@type":"CommentAction","name":"Comment","target":["https:\/\/jornalfatosenoticias.com.br\/index.php\/2025\/06\/23\/suzano-busca-ampliar-participacao-de-micro-e-pequenas-empresas-no-transporte-de-madeira-no-espirito-santo\/#respond"]}]},{"@type":"WebPage","@id":"https:\/\/jornalfatosenoticias.com.br\/index.php\/2025\/06\/23\/suzano-busca-ampliar-participacao-de-micro-e-pequenas-empresas-no-transporte-de-madeira-no-espirito-santo\/","url":"https:\/\/jornalfatosenoticias.com.br\/index.php\/2025\/06\/23\/suzano-busca-ampliar-participacao-de-micro-e-pequenas-empresas-no-transporte-de-madeira-no-espirito-santo\/","name":"Suzano busca ampliar participa\u00e7\u00e3o de micro e pequenas empresas no transporte de madeira no Esp\u00edrito Santo - Jornal Fatos e Not\u00edcias","isPartOf":{"@id":"https:\/\/jornalfatosenoticias.com.br\/#website"},"primaryImageOfPage":{"@id":"https:\/\/jornalfatosenoticias.com.br\/index.php\/2025\/06\/23\/suzano-busca-ampliar-participacao-de-micro-e-pequenas-empresas-no-transporte-de-madeira-no-espirito-santo\/#primaryimage"},"image":{"@id":"https:\/\/jornalfatosenoticias.com.br\/index.php\/2025\/06\/23\/suzano-busca-ampliar-participacao-de-micro-e-pequenas-empresas-no-transporte-de-madeira-no-espirito-santo\/#primaryimage"},"thumbnailUrl":"https:\/\/jornalfatosenoticias.com.br\/wp-content\/uploads\/2025\/06\/Funcionarios-da-transportadora-MLC-Dourado-empresa-tem-sete-caminhoes-atuando-em-contrato-com-a-Suzano.jpg","datePublished":"2025-06-23T13:33:05+00:00","dateModified":"2025-06-23T13:33:06+00:00","breadcrumb":{"@id":"https:\/\/jornalfatosenoticias.com.br\/index.php\/2025\/06\/23\/suzano-busca-ampliar-participacao-de-micro-e-pequenas-empresas-no-transporte-de-madeira-no-espirito-santo\/#breadcrumb"},"inLanguage":"pt-BR","potentialAction":[{"@type":"ReadAction","target":["https:\/\/jornalfatosenoticias.com.br\/index.php\/2025\/06\/23\/suzano-busca-ampliar-participacao-de-micro-e-pequenas-empresas-no-transporte-de-madeira-no-espirito-santo\/"]}]},{"@type":"ImageObject","inLanguage":"pt-BR","@id":"https:\/\/jornalfatosenoticias.com.br\/index.php\/2025\/06\/23\/suzano-busca-ampliar-participacao-de-micro-e-pequenas-empresas-no-transporte-de-madeira-no-espirito-santo\/#primaryimage","url":"https:\/\/jornalfatosenoticias.com.br\/wp-content\/uploads\/2025\/06\/Funcionarios-da-transportadora-MLC-Dourado-empresa-tem-sete-caminhoes-atuando-em-contrato-com-a-Suzano.jpg","contentUrl":"https:\/\/jornalfatosenoticias.com.br\/wp-content\/uploads\/2025\/06\/Funcionarios-da-transportadora-MLC-Dourado-empresa-tem-sete-caminhoes-atuando-em-contrato-com-a-Suzano.jpg","width":1000,"height":650},{"@type":"BreadcrumbList","@id":"https:\/\/jornalfatosenoticias.com.br\/index.php\/2025\/06\/23\/suzano-busca-ampliar-participacao-de-micro-e-pequenas-empresas-no-transporte-de-madeira-no-espirito-santo\/#breadcrumb","itemListElement":[{"@type":"ListItem","position":1,"name":"In\u00edcio","item":"https:\/\/jornalfatosenoticias.com.br\/"},{"@type":"ListItem","position":2,"name":"Suzano busca ampliar participa\u00e7\u00e3o de micro e pequenas empresas no transporte de madeira no Esp\u00edrito Santo"}]},{"@type":"WebSite","@id":"https:\/\/jornalfatosenoticias.com.br\/#website","url":"https:\/\/jornalfatosenoticias.com.br\/","name":"Jornal Fatos e Not\u00edcias","description":"Not\u00edcias em geral","publisher":{"@id":"https:\/\/jornalfatosenoticias.com.br\/#organization"},"potentialAction":[{"@type":"SearchAction","target":{"@type":"EntryPoint","urlTemplate":"https:\/\/jornalfatosenoticias.com.br\/?s={search_term_string}"},"query-input":{"@type":"PropertyValueSpecification","valueRequired":true,"valueName":"search_term_string"}}],"inLanguage":"pt-BR"},{"@type":"Organization","@id":"https:\/\/jornalfatosenoticias.com.br\/#organization","name":"Jornal Fatos e Not\u00edcias","url":"https:\/\/jornalfatosenoticias.com.br\/","logo":{"@type":"ImageObject","inLanguage":"pt-BR","@id":"https:\/\/jornalfatosenoticias.com.br\/#\/schema\/logo\/image\/","url":"https:\/\/jornalfatosenoticias.com.br\/wp-content\/uploads\/2020\/02\/logo120.png","contentUrl":"https:\/\/jornalfatosenoticias.com.br\/wp-content\/uploads\/2020\/02\/logo120.png","width":1227,"height":120,"caption":"Jornal Fatos e Not\u00edcias"},"image":{"@id":"https:\/\/jornalfatosenoticias.com.br\/#\/schema\/logo\/image\/"}},{"@type":"Person","@id":"https:\/\/jornalfatosenoticias.com.br\/#\/schema\/person\/d63837fa13ac8666eb9e74e0985d6f81","name":"Luzimara Fernandes","image":{"@type":"ImageObject","inLanguage":"pt-BR","@id":"https:\/\/jornalfatosenoticias.com.br\/#\/schema\/person\/image\/","url":"https:\/\/jornalfatosenoticias.com.br\/wp-content\/uploads\/2025\/05\/EU_portal.jpg","contentUrl":"https:\/\/jornalfatosenoticias.com.br\/wp-content\/uploads\/2025\/05\/EU_portal.jpg","caption":"Luzimara Fernandes"},"description":"Jornalista MTB 2358-ES","sameAs":["https:\/\/jornalfatosenoticias.com.br"],"url":"https:\/\/jornalfatosenoticias.com.br\/index.php\/author\/luzimara\/"}]}},"cc_featured_image_caption":{"caption_text":"(Foto: Divulga\u00e7\u00e3o)","source_text":"","source_url":""},"jetpack_featured_media_url":"https:\/\/jornalfatosenoticias.com.br\/wp-content\/uploads\/2025\/06\/Funcionarios-da-transportadora-MLC-Dourado-empresa-tem-sete-caminhoes-atuando-em-contrato-com-a-Suzano.jpg","_links":{"self":[{"href":"https:\/\/jornalfatosenoticias.com.br\/index.php\/wp-json\/wp\/v2\/posts\/60150","targetHints":{"allow":["GET"]}}],"collection":[{"href":"https:\/\/jornalfatosenoticias.com.br\/index.php\/wp-json\/wp\/v2\/posts"}],"about":[{"href":"https:\/\/jornalfatosenoticias.com.br\/index.php\/wp-json\/wp\/v2\/types\/post"}],"author":[{"embeddable":true,"href":"https:\/\/jornalfatosenoticias.com.br\/index.php\/wp-json\/wp\/v2\/users\/2"}],"replies":[{"embeddable":true,"href":"https:\/\/jornalfatosenoticias.com.br\/index.php\/wp-json\/wp\/v2\/comments?post=60150"}],"version-history":[{"count":0,"href":"https:\/\/jornalfatosenoticias.com.br\/index.php\/wp-json\/wp\/v2\/posts\/60150\/revisions"}],"wp:featuredmedia":[{"embeddable":true,"href":"https:\/\/jornalfatosenoticias.com.br\/index.php\/wp-json\/wp\/v2\/media\/60151"}],"wp:attachment":[{"href":"https:\/\/jornalfatosenoticias.com.br\/index.php\/wp-json\/wp\/v2\/media?parent=60150"}],"wp:term":[{"taxonomy":"category","embeddable":true,"href":"https:\/\/jornalfatosenoticias.com.br\/index.php\/wp-json\/wp\/v2\/categories?post=60150"},{"taxonomy":"post_tag","embeddable":true,"href":"https:\/\/jornalfatosenoticias.com.br\/index.php\/wp-json\/wp\/v2\/tags?post=60150"}],"curies":[{"name":"wp","href":"https:\/\/api.w.org\/{rel}","templated":true}]}}