{"id":60156,"date":"2025-06-23T14:17:28","date_gmt":"2025-06-23T17:17:28","guid":{"rendered":"https:\/\/jornalfatosenoticias.com.br\/?p=60156"},"modified":"2025-06-23T14:17:30","modified_gmt":"2025-06-23T17:17:30","slug":"inscricoes-gregas-nos-aproximam-de-odisseia-de-homero","status":"publish","type":"post","link":"https:\/\/jornalfatosenoticias.com.br\/index.php\/2025\/06\/23\/inscricoes-gregas-nos-aproximam-de-odisseia-de-homero\/","title":{"rendered":"Inscri\u00e7\u00f5es gregas nos aproximam de \u201cOdisseia\u201d, de Homero"},"content":{"rendered":"\n<p><em><span class=\"has-inline-color has-black-color\">Arque\u00f3logos encontraram fragmento de azulejo com parte do nome de Odisseu, per\u00edodo helen\u00edstico, em um dos assentamentos usados para supervis\u00e3o dos portos e terras do que seria o centro urbano descrito no poema<\/span><\/em><\/p>\n\n\n\n<p><span class=\"has-inline-color has-black-color\">Por <strong><a href=\"https:\/\/olhardigital.com.br\/author\/bruna-barone\/\">Bruna Barone<\/a><\/strong><\/span><\/p>\n\n\n\n<div class=\"wp-block-image\"><figure class=\"aligncenter size-large\"><a href=\"https:\/\/mizu.com.br\/\"><img loading=\"lazy\" decoding=\"async\" width=\"729\" height=\"90\" src=\"https:\/\/jornalfatosenoticias.com.br\/wp-content\/uploads\/2020\/02\/Logo_Mizu.png\" alt=\"\" class=\"wp-image-1441\" srcset=\"https:\/\/jornalfatosenoticias.com.br\/wp-content\/uploads\/2020\/02\/Logo_Mizu.png 729w, https:\/\/jornalfatosenoticias.com.br\/wp-content\/uploads\/2020\/02\/Logo_Mizu-300x37.png 300w\" sizes=\"auto, (max-width: 729px) 100vw, 729px\" \/><\/a><\/figure><\/div>\n\n\n\n<p>Arque\u00f3logos podem estar perto de chegar a um consenso quanto \u00e0s origens hist\u00f3ricas do cl\u00e1ssico e hist\u00f3rico poema \u201cOdisseia\u201d, escrito por Homero. A descoberta de inscri\u00e7\u00f5es gregas antigas tamb\u00e9m revelam um santu\u00e1rio de venera\u00e7\u00e3o ao homem que pode ter sido inspira\u00e7\u00e3o para Odisseu, protagonista do poema \u00e9pico.<br>Uma <strong><a href=\"https:\/\/olhardigital.com.br\/tag\/escavacoes\/\" target=\"_blank\" rel=\"noreferrer noopener\">escava\u00e7\u00e3o<\/a><\/strong> realizada no s\u00edtio conhecido como Escola de Homero, na parte norte da ilha de \u00cdtaca, encontrou uma rara cisterna subterr\u00e2nea datada dos s\u00e9culos XIV a XIII a.C., durante o per\u00edodo palaciano mic\u00eanico, segundo o Minist\u00e9rio da Cultura da <strong><a href=\"https:\/\/olhardigital.com.br\/tag\/grecia\/\" target=\"_blank\" rel=\"noreferrer noopener\">Gr\u00e9cia<\/a>.<\/strong><\/p>\n\n\n\n<div class=\"wp-block-image\"><figure class=\"aligncenter size-large\"><a href=\"http:\/\/www.ferrarimaquinas.com.br\/\"><img loading=\"lazy\" decoding=\"async\" width=\"300\" height=\"250\" src=\"https:\/\/jornalfatosenoticias.com.br\/wp-content\/uploads\/2022\/02\/FERRARI_MAQUINAS-E-FERRAMENTAS2.jpg\" alt=\"\" class=\"wp-image-27860\"\/><\/a><\/figure><\/div>\n\n\n\n<p>O assentamento \u00e9 um dos oito s\u00edtios que, provavelmente, funcionavam para a supervis\u00e3o dos portos e terras e para prote\u00e7\u00e3o e gest\u00e3o dos recursos h\u00eddricos da regi\u00e3o. E toda essa rede parece definir a \u00e1rea principal do centro urbano descrito em \u201cOdisseia\u201d. O s\u00edtio arqueol\u00f3gico tem, como n\u00facleo, uma grande forma\u00e7\u00e3o rochosa, na encosta oriental de Exogi, em \u00e1rea com nascentes de \u00e1gua. As antiguidades escavadas est\u00e3o localizadas em dois terra\u00e7os, conectados por duas escadarias esculpidas.<\/p>\n\n\n\n<div class=\"wp-block-image\"><figure class=\"aligncenter size-large is-resized\"><a href=\"https:\/\/www.instagram.com\/restaurantepegoretti\/\"><img loading=\"lazy\" decoding=\"async\" src=\"https:\/\/jornalfatosenoticias.com.br\/wp-content\/uploads\/2023\/12\/pegoretti-logo-pdf-1024x389.jpg\" alt=\"\" class=\"wp-image-47536\" width=\"527\" height=\"200\" srcset=\"https:\/\/jornalfatosenoticias.com.br\/wp-content\/uploads\/2023\/12\/pegoretti-logo-pdf-1024x389.jpg 1024w, https:\/\/jornalfatosenoticias.com.br\/wp-content\/uploads\/2023\/12\/pegoretti-logo-pdf-300x114.jpg 300w, https:\/\/jornalfatosenoticias.com.br\/wp-content\/uploads\/2023\/12\/pegoretti-logo-pdf-768x291.jpg 768w, https:\/\/jornalfatosenoticias.com.br\/wp-content\/uploads\/2023\/12\/pegoretti-logo-pdf.jpg 1120w\" sizes=\"auto, (max-width: 527px) 100vw, 527px\" \/><\/a><\/figure><\/div>\n\n\n\n<p><strong><span class=\"has-inline-color has-vivid-purple-color\">Venera\u00e7\u00e3o a Odisseu em \u201cOdisseia\u201d<br><\/span><\/strong>\u2705A exist\u00eancia de Odisseu ainda \u00e9 alvo de debate, mas a descoberta de duas inscri\u00e7\u00f5es helen\u00edsticas apontam para a import\u00e2ncia da figura mitol\u00f3gica e sua venera\u00e7\u00e3o local;<br>\u2705A primeira \u00e9 \u039f\u0394\u03a5CCEOC, o caso genitivo grego de Odisseu, fazendo refer\u00eancia ao local como um pal\u00e1cio ou templo do her\u00f3i. A segunda \u00e9 \u039f\u0394\u03a5CCEI, encontrada em uma dedicat\u00f3ria possivelmente criada por um peregrino visitante;<\/p>\n\n\n\n<div class=\"wp-block-jetpack-slideshow aligncenter\" data-effect=\"slide\"><div class=\"wp-block-jetpack-slideshow_container swiper-container\"><ul class=\"wp-block-jetpack-slideshow_swiper-wrapper swiper-wrapper\"><li class=\"wp-block-jetpack-slideshow_slide swiper-slide\"><figure><img loading=\"lazy\" decoding=\"async\" width=\"733\" height=\"1000\" alt=\"\" class=\"wp-block-jetpack-slideshow_image wp-image-60158\" data-id=\"60158\" src=\"https:\/\/jornalfatosenoticias.com.br\/wp-content\/uploads\/2025\/06\/odisseia2.png\" srcset=\"https:\/\/jornalfatosenoticias.com.br\/wp-content\/uploads\/2025\/06\/odisseia2.png 733w, https:\/\/jornalfatosenoticias.com.br\/wp-content\/uploads\/2025\/06\/odisseia2-220x300.png 220w\" sizes=\"auto, (max-width: 733px) 100vw, 733px\" \/><figcaption class=\"wp-block-jetpack-slideshow_caption gallery-caption\">Entrada para a cisterna subterr\u00e2nea datada dos s\u00e9culos XIV a XIII a.C. (Foto: Minist\u00e9rio da Cultura da Gr\u00e9cia)<\/figcaption><\/figure><\/li><li class=\"wp-block-jetpack-slideshow_slide swiper-slide\"><figure><img loading=\"lazy\" decoding=\"async\" width=\"1000\" height=\"758\" alt=\"\" class=\"wp-block-jetpack-slideshow_image wp-image-60159\" data-id=\"60159\" src=\"https:\/\/jornalfatosenoticias.com.br\/wp-content\/uploads\/2025\/06\/odisseia3.png\" srcset=\"https:\/\/jornalfatosenoticias.com.br\/wp-content\/uploads\/2025\/06\/odisseia3.png 1000w, https:\/\/jornalfatosenoticias.com.br\/wp-content\/uploads\/2025\/06\/odisseia3-300x227.png 300w, https:\/\/jornalfatosenoticias.com.br\/wp-content\/uploads\/2025\/06\/odisseia3-768x582.png 768w\" sizes=\"auto, (max-width: 1000px) 100vw, 1000px\" \/><figcaption class=\"wp-block-jetpack-slideshow_caption gallery-caption\">Escava\u00e7\u00e3o foi realizada no s\u00edtio conhecido como Escola de Homero, na parte norte da ilha de \u00cdtaca (Foto: Minist\u00e9rio da Cultura da Gr\u00e9cia)<\/figcaption><\/figure><\/li><\/ul><a class=\"wp-block-jetpack-slideshow_button-prev swiper-button-prev swiper-button-white\" role=\"button\"><\/a><a class=\"wp-block-jetpack-slideshow_button-next swiper-button-next swiper-button-white\" role=\"button\"><\/a><a aria-label=\"Pause Slideshow\" class=\"wp-block-jetpack-slideshow_button-pause\" role=\"button\"><\/a><div class=\"wp-block-jetpack-slideshow_pagination swiper-pagination swiper-pagination-white\"><\/div><\/div><\/div>\n\n\n\n<p>\u2705A interpreta\u00e7\u00e3o foi feita com base em achados da escava\u00e7\u00e3o de W. Vollgraff, em 1904, que datam do per\u00edodo romano tardio, incluindo um busto de bronze em miniatura com as caracter\u00edsticas de Odisseu, al\u00e9m de moedas de bronze de \u00cdtaca dos s\u00e9culos IV e III a.C.;<br>\u2705Segundo o Minist\u00e9rio da Cultura grego, ambas as inscri\u00e7\u00f5es compartilham semelhan\u00e7as com a gravura descoberta na d\u00e9cada de 1930, na caverna da Ba\u00eda de Polis, que diz \u201c\u0395\u03a5\u03a7\u0397\u039d \u039f\u0394\u03a5CC\u0395\u0399\u201c, ou \u201cObrigado, Odisseu\u201c, o que pode aproxim\u00e1-lo de \u201cOdisseia\u201d.<\/p>\n\n\n\n<div class=\"wp-block-image\"><figure class=\"aligncenter size-large\"><a href=\"https:\/\/www.cesconetto.com.br\/\"><img loading=\"lazy\" decoding=\"async\" width=\"300\" height=\"250\" src=\"https:\/\/jornalfatosenoticias.com.br\/wp-content\/uploads\/2020\/02\/Banner-2.png\" alt=\"\" class=\"wp-image-43787\"\/><\/a><\/figure><\/div>\n\n\n\n<blockquote class=\"wp-block-quote is-layout-flow wp-block-quote-is-layout-flow\"><p><span class=\"has-inline-color has-luminous-vivid-orange-color\">Os dois novos testemunhos epigr\u00e1ficos do mesmo per\u00edodo (\u039f\u03b4\u03a5\u039a\u0395\u039f\u039a e \u039f\u03b4\u03a5\u039a\u0395\u0399) para o culto posterior do her\u00f3i no noroeste de \u00cdtaca, agora v\u00eam, em combina\u00e7\u00e3o com outros dados dispon\u00edveis, documentar o desenvolvimento de um importante complexo p\u00fablico no local, com um papel importante na vida religiosa, social e, possivelmente, pol\u00edtica dos itacianos dos per\u00edodos helen\u00edstico-romano inicial, mas, tamb\u00e9m, com car\u00e1ter de peregrina\u00e7\u00e3o mais amplo\u201d, <strong><a href=\"https:\/\/www.culture.gov.gr\/el\/Information\/SitePages\/view.aspx?nID=5360\" target=\"_blank\" rel=\"noreferrer noopener\">diz o comunicado<\/a>.<\/strong><\/span><\/p><\/blockquote>\n\n\n\n<div class=\"wp-block-image\"><figure class=\"aligncenter size-large is-resized\"><a href=\"https:\/\/www.facebook.com\/vetor.vix\/\"><img loading=\"lazy\" decoding=\"async\" src=\"https:\/\/jornalfatosenoticias.com.br\/wp-content\/uploads\/2023\/09\/vetorvix1024_1.jpg\" alt=\"\" class=\"wp-image-44868\" width=\"539\" height=\"143\" srcset=\"https:\/\/jornalfatosenoticias.com.br\/wp-content\/uploads\/2023\/09\/vetorvix1024_1.jpg 1024w, https:\/\/jornalfatosenoticias.com.br\/wp-content\/uploads\/2023\/09\/vetorvix1024_1-300x80.jpg 300w, https:\/\/jornalfatosenoticias.com.br\/wp-content\/uploads\/2023\/09\/vetorvix1024_1-768x205.jpg 768w\" sizes=\"auto, (max-width: 539px) 100vw, 539px\" \/><\/a><\/figure><\/div>\n\n\n\n<p><strong><span class=\"has-inline-color has-vivid-purple-color\">Outros achados<br><\/span><\/strong>As evid\u00eancias mais antigas de atividade humana no local datam do Neol\u00edtico Final (final do V\/IV mil\u00eanio a.C.). Entre elas, est\u00e3o v\u00e1rias dezenas de artefatos de s\u00edlex, bem como centenas de fragmentos de cer\u00e2mica. Quanto \u00e0s evid\u00eancias da Idade do Bronze, v\u00e1rias dezenas de fragmentos de aproximadamente 30 vasos diferentes do final do s\u00e9culo XIV e XIII a.C. foram identificados at\u00e9 o momento.<\/p>\n\n\n\n<div class=\"wp-block-image\"><figure class=\"aligncenter size-large is-resized\"><a href=\"https:\/\/www.controlsystems.com.br\/\"><img loading=\"lazy\" decoding=\"async\" src=\"https:\/\/jornalfatosenoticias.com.br\/wp-content\/uploads\/2020\/02\/CONTROL-CS.jpg\" alt=\"\" class=\"wp-image-44991\" width=\"269\" height=\"322\" srcset=\"https:\/\/jornalfatosenoticias.com.br\/wp-content\/uploads\/2020\/02\/CONTROL-CS.jpg 834w, https:\/\/jornalfatosenoticias.com.br\/wp-content\/uploads\/2020\/02\/CONTROL-CS-250x300.jpg 250w, https:\/\/jornalfatosenoticias.com.br\/wp-content\/uploads\/2020\/02\/CONTROL-CS-768x921.jpg 768w\" sizes=\"auto, (max-width: 269px) 100vw, 269px\" \/><\/a><\/figure><\/div>\n\n\n\n<p>Em termos de \u00e9pocas hist\u00f3ricas, o maior volume de material cer\u00e2mico remonta aos per\u00edodos helen\u00edstico e romano antigo (at\u00e9 os s\u00e9culos I\/II d.C.). Entre os fragmentos de grandes vasos, foram identificados, at\u00e9 o momento, oito fragmentos de perirantherias, comuns em santu\u00e1rios.<\/p>\n\n\n\n<div class=\"wp-block-image\"><figure class=\"aligncenter size-large is-resized\"><a href=\"https:\/\/panper.com.br\/\"><img loading=\"lazy\" decoding=\"async\" src=\"https:\/\/jornalfatosenoticias.com.br\/wp-content\/uploads\/2023\/03\/logo-Panper_portal.jpg\" alt=\"\" class=\"wp-image-40208\" width=\"380\" height=\"263\" srcset=\"https:\/\/jornalfatosenoticias.com.br\/wp-content\/uploads\/2023\/03\/logo-Panper_portal.jpg 400w, https:\/\/jornalfatosenoticias.com.br\/wp-content\/uploads\/2023\/03\/logo-Panper_portal-300x208.jpg 300w\" sizes=\"auto, (max-width: 380px) 100vw, 380px\" \/><\/a><\/figure><\/div>\n\n\n\n<p>Al\u00e9m de uma infinidade de pequenos objetos, os grupos de achados incluem: um total de 34 fragmentos de oferendas de argila, algumas dezenas de agnithas de argila, um pequeno tesouro de joias de ouro e outros objetos, principalmente de bronze. Mais de 100 moedas de v\u00e1rias cidades (s\u00e9culo III a.C. ao s\u00e9culo II d.C.) revelam fluxo constante de visitantes ao s\u00edtio.<\/p>\n\n\n\n<div class=\"wp-block-image\"><figure class=\"aligncenter size-large is-resized\"><a href=\"https:\/\/www.legisjuris.com.br\/\"><img loading=\"lazy\" decoding=\"async\" src=\"https:\/\/jornalfatosenoticias.com.br\/wp-content\/uploads\/2024\/09\/Legis-Juris-Consultoria_logo.jpg\" alt=\"\" class=\"wp-image-53915\" width=\"506\" height=\"212\" srcset=\"https:\/\/jornalfatosenoticias.com.br\/wp-content\/uploads\/2024\/09\/Legis-Juris-Consultoria_logo.jpg 969w, https:\/\/jornalfatosenoticias.com.br\/wp-content\/uploads\/2024\/09\/Legis-Juris-Consultoria_logo-300x126.jpg 300w, https:\/\/jornalfatosenoticias.com.br\/wp-content\/uploads\/2024\/09\/Legis-Juris-Consultoria_logo-768x322.jpg 768w\" sizes=\"auto, (max-width: 506px) 100vw, 506px\" \/><\/a><\/figure><\/div>\n\n\n\n<p><strong>Fonte: <a href=\"https:\/\/olhardigital.com.br\/2025\/06\/19\/ciencia-e-espaco\/inscricoes-gregas-nos-aproximam-de-odisseia-de-homero-entenda\/\">Olhar Digital<\/a><\/strong><\/p>\n","protected":false},"excerpt":{"rendered":"<p>Arque\u00f3logos encontraram fragmento de azulejo com parte do nome de Odisseu, per\u00edodo helen\u00edstico, em um dos assentamentos usados para supervis\u00e3o dos portos e terras do que seria o centro urbano descrito no poema Por Bruna Barone Arque\u00f3logos podem estar perto de chegar a um consenso quanto \u00e0s origens hist\u00f3ricas do cl\u00e1ssico e hist\u00f3rico poema \u201cOdisseia\u201d, [&hellip;]<\/p>\n","protected":false},"author":2,"featured_media":60160,"comment_status":"open","ping_status":"open","sticky":false,"template":"","format":"standard","meta":{"footnotes":""},"categories":[9808],"tags":[26006,27433,668,6840,27435,27434,476,5111],"class_list":["post-60156","post","type-post","status-publish","format-standard","has-post-thumbnail","hentry","category-paleo-arqueologia","tag-culto","tag-escola-de-homero","tag-grecia","tag-homero","tag-odisseia","tag-odisseu","tag-sitio-arqueologico","tag-templo"],"yoast_head":"<!-- This site is optimized with the Yoast SEO plugin v26.5 - https:\/\/yoast.com\/wordpress\/plugins\/seo\/ -->\n<title>Inscri\u00e7\u00f5es gregas nos aproximam de \u201cOdisseia\u201d, de Homero - Jornal Fatos e Not\u00edcias<\/title>\n<meta name=\"robots\" content=\"index, follow, max-snippet:-1, max-image-preview:large, max-video-preview:-1\" \/>\n<link rel=\"canonical\" href=\"https:\/\/jornalfatosenoticias.com.br\/index.php\/2025\/06\/23\/inscricoes-gregas-nos-aproximam-de-odisseia-de-homero\/\" \/>\n<meta property=\"og:locale\" content=\"pt_BR\" \/>\n<meta property=\"og:type\" content=\"article\" \/>\n<meta property=\"og:title\" content=\"Inscri\u00e7\u00f5es gregas nos aproximam de \u201cOdisseia\u201d, de Homero - Jornal Fatos e Not\u00edcias\" \/>\n<meta property=\"og:description\" content=\"Arque\u00f3logos encontraram fragmento de azulejo com parte do nome de Odisseu, per\u00edodo helen\u00edstico, em um dos assentamentos usados para supervis\u00e3o dos portos e terras do que seria o centro urbano descrito no poema Por Bruna Barone Arque\u00f3logos podem estar perto de chegar a um consenso quanto \u00e0s origens hist\u00f3ricas do cl\u00e1ssico e hist\u00f3rico poema \u201cOdisseia\u201d, [&hellip;]\" \/>\n<meta property=\"og:url\" content=\"https:\/\/jornalfatosenoticias.com.br\/index.php\/2025\/06\/23\/inscricoes-gregas-nos-aproximam-de-odisseia-de-homero\/\" \/>\n<meta property=\"og:site_name\" content=\"Jornal Fatos e Not\u00edcias\" \/>\n<meta property=\"article:published_time\" content=\"2025-06-23T17:17:28+00:00\" \/>\n<meta property=\"article:modified_time\" content=\"2025-06-23T17:17:30+00:00\" \/>\n<meta property=\"og:image\" content=\"https:\/\/jornalfatosenoticias.com.br\/wp-content\/uploads\/2025\/06\/odisseia.png\" \/>\n\t<meta property=\"og:image:width\" content=\"1000\" \/>\n\t<meta property=\"og:image:height\" content=\"562\" \/>\n\t<meta property=\"og:image:type\" content=\"image\/png\" \/>\n<meta name=\"author\" content=\"Luzimara Fernandes\" \/>\n<meta name=\"twitter:card\" content=\"summary_large_image\" \/>\n<meta name=\"twitter:label1\" content=\"Escrito por\" \/>\n\t<meta name=\"twitter:data1\" content=\"Luzimara Fernandes\" \/>\n\t<meta name=\"twitter:label2\" content=\"Est. tempo de leitura\" \/>\n\t<meta name=\"twitter:data2\" content=\"4 minutos\" \/>\n<script type=\"application\/ld+json\" class=\"yoast-schema-graph\">{\"@context\":\"https:\/\/schema.org\",\"@graph\":[{\"@type\":\"Article\",\"@id\":\"https:\/\/jornalfatosenoticias.com.br\/index.php\/2025\/06\/23\/inscricoes-gregas-nos-aproximam-de-odisseia-de-homero\/#article\",\"isPartOf\":{\"@id\":\"https:\/\/jornalfatosenoticias.com.br\/index.php\/2025\/06\/23\/inscricoes-gregas-nos-aproximam-de-odisseia-de-homero\/\"},\"author\":{\"name\":\"Luzimara Fernandes\",\"@id\":\"https:\/\/jornalfatosenoticias.com.br\/#\/schema\/person\/d63837fa13ac8666eb9e74e0985d6f81\"},\"headline\":\"Inscri\u00e7\u00f5es gregas nos aproximam de \u201cOdisseia\u201d, de Homero\",\"datePublished\":\"2025-06-23T17:17:28+00:00\",\"dateModified\":\"2025-06-23T17:17:30+00:00\",\"mainEntityOfPage\":{\"@id\":\"https:\/\/jornalfatosenoticias.com.br\/index.php\/2025\/06\/23\/inscricoes-gregas-nos-aproximam-de-odisseia-de-homero\/\"},\"wordCount\":734,\"commentCount\":0,\"publisher\":{\"@id\":\"https:\/\/jornalfatosenoticias.com.br\/#organization\"},\"image\":{\"@id\":\"https:\/\/jornalfatosenoticias.com.br\/index.php\/2025\/06\/23\/inscricoes-gregas-nos-aproximam-de-odisseia-de-homero\/#primaryimage\"},\"thumbnailUrl\":\"https:\/\/jornalfatosenoticias.com.br\/wp-content\/uploads\/2025\/06\/odisseia.png\",\"keywords\":[\"culto\",\"Escola de Homero\",\"Gr\u00e9cia\",\"Homero\",\"Odisseia\",\"Odisseu\",\"s\u00edtio arqueol\u00f3gico\",\"templo\"],\"articleSection\":[\"Paleo &amp; Arqueologia\"],\"inLanguage\":\"pt-BR\",\"potentialAction\":[{\"@type\":\"CommentAction\",\"name\":\"Comment\",\"target\":[\"https:\/\/jornalfatosenoticias.com.br\/index.php\/2025\/06\/23\/inscricoes-gregas-nos-aproximam-de-odisseia-de-homero\/#respond\"]}]},{\"@type\":\"WebPage\",\"@id\":\"https:\/\/jornalfatosenoticias.com.br\/index.php\/2025\/06\/23\/inscricoes-gregas-nos-aproximam-de-odisseia-de-homero\/\",\"url\":\"https:\/\/jornalfatosenoticias.com.br\/index.php\/2025\/06\/23\/inscricoes-gregas-nos-aproximam-de-odisseia-de-homero\/\",\"name\":\"Inscri\u00e7\u00f5es gregas nos aproximam de \u201cOdisseia\u201d, de Homero - Jornal Fatos e Not\u00edcias\",\"isPartOf\":{\"@id\":\"https:\/\/jornalfatosenoticias.com.br\/#website\"},\"primaryImageOfPage\":{\"@id\":\"https:\/\/jornalfatosenoticias.com.br\/index.php\/2025\/06\/23\/inscricoes-gregas-nos-aproximam-de-odisseia-de-homero\/#primaryimage\"},\"image\":{\"@id\":\"https:\/\/jornalfatosenoticias.com.br\/index.php\/2025\/06\/23\/inscricoes-gregas-nos-aproximam-de-odisseia-de-homero\/#primaryimage\"},\"thumbnailUrl\":\"https:\/\/jornalfatosenoticias.com.br\/wp-content\/uploads\/2025\/06\/odisseia.png\",\"datePublished\":\"2025-06-23T17:17:28+00:00\",\"dateModified\":\"2025-06-23T17:17:30+00:00\",\"breadcrumb\":{\"@id\":\"https:\/\/jornalfatosenoticias.com.br\/index.php\/2025\/06\/23\/inscricoes-gregas-nos-aproximam-de-odisseia-de-homero\/#breadcrumb\"},\"inLanguage\":\"pt-BR\",\"potentialAction\":[{\"@type\":\"ReadAction\",\"target\":[\"https:\/\/jornalfatosenoticias.com.br\/index.php\/2025\/06\/23\/inscricoes-gregas-nos-aproximam-de-odisseia-de-homero\/\"]}]},{\"@type\":\"ImageObject\",\"inLanguage\":\"pt-BR\",\"@id\":\"https:\/\/jornalfatosenoticias.com.br\/index.php\/2025\/06\/23\/inscricoes-gregas-nos-aproximam-de-odisseia-de-homero\/#primaryimage\",\"url\":\"https:\/\/jornalfatosenoticias.com.br\/wp-content\/uploads\/2025\/06\/odisseia.png\",\"contentUrl\":\"https:\/\/jornalfatosenoticias.com.br\/wp-content\/uploads\/2025\/06\/odisseia.png\",\"width\":1000,\"height\":562},{\"@type\":\"BreadcrumbList\",\"@id\":\"https:\/\/jornalfatosenoticias.com.br\/index.php\/2025\/06\/23\/inscricoes-gregas-nos-aproximam-de-odisseia-de-homero\/#breadcrumb\",\"itemListElement\":[{\"@type\":\"ListItem\",\"position\":1,\"name\":\"In\u00edcio\",\"item\":\"https:\/\/jornalfatosenoticias.com.br\/\"},{\"@type\":\"ListItem\",\"position\":2,\"name\":\"Inscri\u00e7\u00f5es gregas nos aproximam de \u201cOdisseia\u201d, de Homero\"}]},{\"@type\":\"WebSite\",\"@id\":\"https:\/\/jornalfatosenoticias.com.br\/#website\",\"url\":\"https:\/\/jornalfatosenoticias.com.br\/\",\"name\":\"Jornal Fatos e Not\u00edcias\",\"description\":\"Not\u00edcias em geral\",\"publisher\":{\"@id\":\"https:\/\/jornalfatosenoticias.com.br\/#organization\"},\"potentialAction\":[{\"@type\":\"SearchAction\",\"target\":{\"@type\":\"EntryPoint\",\"urlTemplate\":\"https:\/\/jornalfatosenoticias.com.br\/?s={search_term_string}\"},\"query-input\":{\"@type\":\"PropertyValueSpecification\",\"valueRequired\":true,\"valueName\":\"search_term_string\"}}],\"inLanguage\":\"pt-BR\"},{\"@type\":\"Organization\",\"@id\":\"https:\/\/jornalfatosenoticias.com.br\/#organization\",\"name\":\"Jornal Fatos e Not\u00edcias\",\"url\":\"https:\/\/jornalfatosenoticias.com.br\/\",\"logo\":{\"@type\":\"ImageObject\",\"inLanguage\":\"pt-BR\",\"@id\":\"https:\/\/jornalfatosenoticias.com.br\/#\/schema\/logo\/image\/\",\"url\":\"https:\/\/jornalfatosenoticias.com.br\/wp-content\/uploads\/2020\/02\/logo120.png\",\"contentUrl\":\"https:\/\/jornalfatosenoticias.com.br\/wp-content\/uploads\/2020\/02\/logo120.png\",\"width\":1227,\"height\":120,\"caption\":\"Jornal Fatos e Not\u00edcias\"},\"image\":{\"@id\":\"https:\/\/jornalfatosenoticias.com.br\/#\/schema\/logo\/image\/\"}},{\"@type\":\"Person\",\"@id\":\"https:\/\/jornalfatosenoticias.com.br\/#\/schema\/person\/d63837fa13ac8666eb9e74e0985d6f81\",\"name\":\"Luzimara Fernandes\",\"image\":{\"@type\":\"ImageObject\",\"inLanguage\":\"pt-BR\",\"@id\":\"https:\/\/jornalfatosenoticias.com.br\/#\/schema\/person\/image\/\",\"url\":\"https:\/\/jornalfatosenoticias.com.br\/wp-content\/uploads\/2025\/05\/EU_portal.jpg\",\"contentUrl\":\"https:\/\/jornalfatosenoticias.com.br\/wp-content\/uploads\/2025\/05\/EU_portal.jpg\",\"caption\":\"Luzimara Fernandes\"},\"description\":\"Jornalista MTB 2358-ES\",\"sameAs\":[\"https:\/\/jornalfatosenoticias.com.br\"],\"url\":\"https:\/\/jornalfatosenoticias.com.br\/index.php\/author\/luzimara\/\"}]}<\/script>\n<!-- \/ Yoast SEO plugin. -->","yoast_head_json":{"title":"Inscri\u00e7\u00f5es gregas nos aproximam de \u201cOdisseia\u201d, de Homero - Jornal Fatos e Not\u00edcias","robots":{"index":"index","follow":"follow","max-snippet":"max-snippet:-1","max-image-preview":"max-image-preview:large","max-video-preview":"max-video-preview:-1"},"canonical":"https:\/\/jornalfatosenoticias.com.br\/index.php\/2025\/06\/23\/inscricoes-gregas-nos-aproximam-de-odisseia-de-homero\/","og_locale":"pt_BR","og_type":"article","og_title":"Inscri\u00e7\u00f5es gregas nos aproximam de \u201cOdisseia\u201d, de Homero - Jornal Fatos e Not\u00edcias","og_description":"Arque\u00f3logos encontraram fragmento de azulejo com parte do nome de Odisseu, per\u00edodo helen\u00edstico, em um dos assentamentos usados para supervis\u00e3o dos portos e terras do que seria o centro urbano descrito no poema Por Bruna Barone Arque\u00f3logos podem estar perto de chegar a um consenso quanto \u00e0s origens hist\u00f3ricas do cl\u00e1ssico e hist\u00f3rico poema \u201cOdisseia\u201d, [&hellip;]","og_url":"https:\/\/jornalfatosenoticias.com.br\/index.php\/2025\/06\/23\/inscricoes-gregas-nos-aproximam-de-odisseia-de-homero\/","og_site_name":"Jornal Fatos e Not\u00edcias","article_published_time":"2025-06-23T17:17:28+00:00","article_modified_time":"2025-06-23T17:17:30+00:00","og_image":[{"width":1000,"height":562,"url":"https:\/\/jornalfatosenoticias.com.br\/wp-content\/uploads\/2025\/06\/odisseia.png","type":"image\/png"}],"author":"Luzimara Fernandes","twitter_card":"summary_large_image","twitter_misc":{"Escrito por":"Luzimara Fernandes","Est. tempo de leitura":"4 minutos"},"schema":{"@context":"https:\/\/schema.org","@graph":[{"@type":"Article","@id":"https:\/\/jornalfatosenoticias.com.br\/index.php\/2025\/06\/23\/inscricoes-gregas-nos-aproximam-de-odisseia-de-homero\/#article","isPartOf":{"@id":"https:\/\/jornalfatosenoticias.com.br\/index.php\/2025\/06\/23\/inscricoes-gregas-nos-aproximam-de-odisseia-de-homero\/"},"author":{"name":"Luzimara Fernandes","@id":"https:\/\/jornalfatosenoticias.com.br\/#\/schema\/person\/d63837fa13ac8666eb9e74e0985d6f81"},"headline":"Inscri\u00e7\u00f5es gregas nos aproximam de \u201cOdisseia\u201d, de Homero","datePublished":"2025-06-23T17:17:28+00:00","dateModified":"2025-06-23T17:17:30+00:00","mainEntityOfPage":{"@id":"https:\/\/jornalfatosenoticias.com.br\/index.php\/2025\/06\/23\/inscricoes-gregas-nos-aproximam-de-odisseia-de-homero\/"},"wordCount":734,"commentCount":0,"publisher":{"@id":"https:\/\/jornalfatosenoticias.com.br\/#organization"},"image":{"@id":"https:\/\/jornalfatosenoticias.com.br\/index.php\/2025\/06\/23\/inscricoes-gregas-nos-aproximam-de-odisseia-de-homero\/#primaryimage"},"thumbnailUrl":"https:\/\/jornalfatosenoticias.com.br\/wp-content\/uploads\/2025\/06\/odisseia.png","keywords":["culto","Escola de Homero","Gr\u00e9cia","Homero","Odisseia","Odisseu","s\u00edtio arqueol\u00f3gico","templo"],"articleSection":["Paleo &amp; Arqueologia"],"inLanguage":"pt-BR","potentialAction":[{"@type":"CommentAction","name":"Comment","target":["https:\/\/jornalfatosenoticias.com.br\/index.php\/2025\/06\/23\/inscricoes-gregas-nos-aproximam-de-odisseia-de-homero\/#respond"]}]},{"@type":"WebPage","@id":"https:\/\/jornalfatosenoticias.com.br\/index.php\/2025\/06\/23\/inscricoes-gregas-nos-aproximam-de-odisseia-de-homero\/","url":"https:\/\/jornalfatosenoticias.com.br\/index.php\/2025\/06\/23\/inscricoes-gregas-nos-aproximam-de-odisseia-de-homero\/","name":"Inscri\u00e7\u00f5es gregas nos aproximam de \u201cOdisseia\u201d, de Homero - Jornal Fatos e Not\u00edcias","isPartOf":{"@id":"https:\/\/jornalfatosenoticias.com.br\/#website"},"primaryImageOfPage":{"@id":"https:\/\/jornalfatosenoticias.com.br\/index.php\/2025\/06\/23\/inscricoes-gregas-nos-aproximam-de-odisseia-de-homero\/#primaryimage"},"image":{"@id":"https:\/\/jornalfatosenoticias.com.br\/index.php\/2025\/06\/23\/inscricoes-gregas-nos-aproximam-de-odisseia-de-homero\/#primaryimage"},"thumbnailUrl":"https:\/\/jornalfatosenoticias.com.br\/wp-content\/uploads\/2025\/06\/odisseia.png","datePublished":"2025-06-23T17:17:28+00:00","dateModified":"2025-06-23T17:17:30+00:00","breadcrumb":{"@id":"https:\/\/jornalfatosenoticias.com.br\/index.php\/2025\/06\/23\/inscricoes-gregas-nos-aproximam-de-odisseia-de-homero\/#breadcrumb"},"inLanguage":"pt-BR","potentialAction":[{"@type":"ReadAction","target":["https:\/\/jornalfatosenoticias.com.br\/index.php\/2025\/06\/23\/inscricoes-gregas-nos-aproximam-de-odisseia-de-homero\/"]}]},{"@type":"ImageObject","inLanguage":"pt-BR","@id":"https:\/\/jornalfatosenoticias.com.br\/index.php\/2025\/06\/23\/inscricoes-gregas-nos-aproximam-de-odisseia-de-homero\/#primaryimage","url":"https:\/\/jornalfatosenoticias.com.br\/wp-content\/uploads\/2025\/06\/odisseia.png","contentUrl":"https:\/\/jornalfatosenoticias.com.br\/wp-content\/uploads\/2025\/06\/odisseia.png","width":1000,"height":562},{"@type":"BreadcrumbList","@id":"https:\/\/jornalfatosenoticias.com.br\/index.php\/2025\/06\/23\/inscricoes-gregas-nos-aproximam-de-odisseia-de-homero\/#breadcrumb","itemListElement":[{"@type":"ListItem","position":1,"name":"In\u00edcio","item":"https:\/\/jornalfatosenoticias.com.br\/"},{"@type":"ListItem","position":2,"name":"Inscri\u00e7\u00f5es gregas nos aproximam de \u201cOdisseia\u201d, de Homero"}]},{"@type":"WebSite","@id":"https:\/\/jornalfatosenoticias.com.br\/#website","url":"https:\/\/jornalfatosenoticias.com.br\/","name":"Jornal Fatos e Not\u00edcias","description":"Not\u00edcias em geral","publisher":{"@id":"https:\/\/jornalfatosenoticias.com.br\/#organization"},"potentialAction":[{"@type":"SearchAction","target":{"@type":"EntryPoint","urlTemplate":"https:\/\/jornalfatosenoticias.com.br\/?s={search_term_string}"},"query-input":{"@type":"PropertyValueSpecification","valueRequired":true,"valueName":"search_term_string"}}],"inLanguage":"pt-BR"},{"@type":"Organization","@id":"https:\/\/jornalfatosenoticias.com.br\/#organization","name":"Jornal Fatos e Not\u00edcias","url":"https:\/\/jornalfatosenoticias.com.br\/","logo":{"@type":"ImageObject","inLanguage":"pt-BR","@id":"https:\/\/jornalfatosenoticias.com.br\/#\/schema\/logo\/image\/","url":"https:\/\/jornalfatosenoticias.com.br\/wp-content\/uploads\/2020\/02\/logo120.png","contentUrl":"https:\/\/jornalfatosenoticias.com.br\/wp-content\/uploads\/2020\/02\/logo120.png","width":1227,"height":120,"caption":"Jornal Fatos e Not\u00edcias"},"image":{"@id":"https:\/\/jornalfatosenoticias.com.br\/#\/schema\/logo\/image\/"}},{"@type":"Person","@id":"https:\/\/jornalfatosenoticias.com.br\/#\/schema\/person\/d63837fa13ac8666eb9e74e0985d6f81","name":"Luzimara Fernandes","image":{"@type":"ImageObject","inLanguage":"pt-BR","@id":"https:\/\/jornalfatosenoticias.com.br\/#\/schema\/person\/image\/","url":"https:\/\/jornalfatosenoticias.com.br\/wp-content\/uploads\/2025\/05\/EU_portal.jpg","contentUrl":"https:\/\/jornalfatosenoticias.com.br\/wp-content\/uploads\/2025\/05\/EU_portal.jpg","caption":"Luzimara Fernandes"},"description":"Jornalista MTB 2358-ES","sameAs":["https:\/\/jornalfatosenoticias.com.br"],"url":"https:\/\/jornalfatosenoticias.com.br\/index.php\/author\/luzimara\/"}]}},"cc_featured_image_caption":{"caption_text":"(Foto: Minist\u00e9rio da Cultura da Gr\u00e9cia)","source_text":"","source_url":""},"jetpack_featured_media_url":"https:\/\/jornalfatosenoticias.com.br\/wp-content\/uploads\/2025\/06\/odisseia.png","_links":{"self":[{"href":"https:\/\/jornalfatosenoticias.com.br\/index.php\/wp-json\/wp\/v2\/posts\/60156","targetHints":{"allow":["GET"]}}],"collection":[{"href":"https:\/\/jornalfatosenoticias.com.br\/index.php\/wp-json\/wp\/v2\/posts"}],"about":[{"href":"https:\/\/jornalfatosenoticias.com.br\/index.php\/wp-json\/wp\/v2\/types\/post"}],"author":[{"embeddable":true,"href":"https:\/\/jornalfatosenoticias.com.br\/index.php\/wp-json\/wp\/v2\/users\/2"}],"replies":[{"embeddable":true,"href":"https:\/\/jornalfatosenoticias.com.br\/index.php\/wp-json\/wp\/v2\/comments?post=60156"}],"version-history":[{"count":0,"href":"https:\/\/jornalfatosenoticias.com.br\/index.php\/wp-json\/wp\/v2\/posts\/60156\/revisions"}],"wp:featuredmedia":[{"embeddable":true,"href":"https:\/\/jornalfatosenoticias.com.br\/index.php\/wp-json\/wp\/v2\/media\/60160"}],"wp:attachment":[{"href":"https:\/\/jornalfatosenoticias.com.br\/index.php\/wp-json\/wp\/v2\/media?parent=60156"}],"wp:term":[{"taxonomy":"category","embeddable":true,"href":"https:\/\/jornalfatosenoticias.com.br\/index.php\/wp-json\/wp\/v2\/categories?post=60156"},{"taxonomy":"post_tag","embeddable":true,"href":"https:\/\/jornalfatosenoticias.com.br\/index.php\/wp-json\/wp\/v2\/tags?post=60156"}],"curies":[{"name":"wp","href":"https:\/\/api.w.org\/{rel}","templated":true}]}}